{"id":154162,"date":"2018-12-03T06:09:57","date_gmt":"2018-12-03T09:09:57","guid":{"rendered":"https:\/\/www.estrategiaconcursos.com.br\/blog\/?p=154162"},"modified":"2018-12-03T14:00:50","modified_gmt":"2018-12-03T17:00:50","slug":"estrategia-realizara-aulao-para-candidatos-que-desejam-reforcar-os-estudos-para-o-concurso-da-prf-nesta-segunda","status":"publish","type":"post","link":"https:\/\/www.estrategiaconcursos.com.br\/blog\/estrategia-realizara-aulao-para-candidatos-que-desejam-reforcar-os-estudos-para-o-concurso-da-prf-nesta-segunda\/","title":{"rendered":"Estrat\u00e9gia realizar\u00e1 aul\u00e3o para candidatos que desejam refor\u00e7ar os estudos para o concurso da PRF, nesta segunda"},"content":{"rendered":"<p><strong>Fala guerreiros, beleza?\u00a0<\/strong><\/p>\n<p>Depois de tanta espera, com a publica\u00e7\u00e3o do edital e a abertura das inscri\u00e7\u00f5es do concurso PRF 2018, a nossa equipe do Estrat\u00e9gia organizou um plano de estudos para ajudar voc\u00ea, nessa etapa t\u00e3o aguardada do certame.<\/p>\n<p>Sim pessoal, chegou a grande hora de arrepiar com o nosso &#8220;<strong>O plano de estudos reta final.<\/strong>&#8221; O que \u00e9 esse aul\u00e3o, professor? \u00c9 um aul\u00e3o com o poss\u00edvel conte\u00fado das provas, com momentos para sanar d\u00favidas e as dicas que v\u00e3o garantir o seu bom desempenho durante os exames.<\/p>\n<p>Vale lembrar que o nosso aul\u00e3o ser\u00e1 <strong>gratuito<\/strong> e ao vivo no dia <strong>03 de dezembro<\/strong>, a partir das <strong>19h<\/strong>, diretamente do nosso canal do Youtube. Fiquem atentos, pois as provas do concurso est\u00e3o marcadas para o dia 03 de fevereiro de 2019, constitu\u00edda por diversas etapas, como: Prova Objetiva e Discursiva, Exame de Capacidade F\u00edsica, Avalia\u00e7\u00e3o Sa\u00fade, Psicol\u00f3gica, T\u00edtulos e Investiga\u00e7\u00e3o Social.<\/p>\n<p>O concurso da Pol\u00edcia Rodovi\u00e1ria Federal sendo um dos mais importantes e esperados nos \u00faltimos tempos, \u00e9 tamb\u00e9m de grande concorr\u00eancia. S\u00e3o 500 vagas com remunera\u00e7\u00e3o de R$ 10 mil, visando isso,\u00a0aumentar a intensidade dos estudos e o esfor\u00e7o para quem quer garantir a t\u00e3o sonhada vaga \u00e9 mais que necess\u00e1rio. Certo?!<\/p>\n<p style=\"text-align: center;\"><strong><em>N\u00e3o deixe de participar!!<\/em><\/strong><\/p>\n<h2 style=\"text-align: center;\"><a href=\"https:\/\/www.estrategiaconcursos.com.br\/gratis\/aula-gratuita-prf\/\" target=\"_blank\" rel=\"noopener\"><span style=\"text-decoration: underline;\"><em>Inscreva-se Gr\u00e1tis<\/em><\/span><\/a><\/h2>\n<p><a href=\"https:\/\/www.estrategiaconcursos.com.br\/gratis\/aula-gratuita-prf\/\" target=\"_blank\" rel=\"noopener\"><img loading=\"lazy\" decoding=\"async\" class=\"size-large wp-image-154163 aligncenter\" src=\"https:\/\/dhg1h5j42swfq.cloudfront.net\/2018\/12\/03130906\/PRF.jpg\" alt=\"PRF\" width=\"1024\" height=\"256\" srcset=\"https:\/\/dhg1h5j42swfq.cloudfront.net\/2018\/12\/03130906\/PRF.jpg 1200w, https:\/\/dhg1h5j42swfq.cloudfront.net\/2018\/12\/03130906\/PRF.jpg 300w, https:\/\/dhg1h5j42swfq.cloudfront.net\/2018\/12\/03130906\/PRF.jpg 768w, https:\/\/dhg1h5j42swfq.cloudfront.net\/2018\/12\/03130906\/PRF.jpg 1024w, https:\/\/dhg1h5j42swfq.cloudfront.net\/2018\/12\/03130906\/PRF.jpg 610w\" sizes=\"auto, (max-width: 1024px) 100vw, 1024px\" \/><\/a><\/p>\n","protected":false},"excerpt":{"rendered":"<p>Fala guerreiros, beleza?\u00a0 Depois de tanta espera, com a publica\u00e7\u00e3o do edital e a abertura das inscri\u00e7\u00f5es do concurso PRF 2018, a nossa equipe do Estrat\u00e9gia organizou um plano de estudos para ajudar voc\u00ea, nessa etapa t\u00e3o aguardada do certame. Sim pessoal, chegou a grande hora de arrepiar com o nosso &#8220;O plano de estudos [&hellip;]<\/p>\n","protected":false},"author":552,"featured_media":0,"comment_status":"open","ping_status":"closed","sticky":false,"template":"","format":"standard","meta":{"post_tipo":"article","footnotes":""},"categories":[1],"tags":[],"tax_estado":[],"class_list":["post-154162","post","type-post","status-publish","format-standard","hentry","category-cursos-e-concursos"],"acf":[],"yoast_head":"<!-- This site is optimized with the Yoast SEO Premium plugin v27.2 (Yoast SEO v27.2) - https:\/\/yoast.com\/product\/yoast-seo-premium-wordpress\/ -->\n<title>Estrat\u00e9gia realizar\u00e1 aul\u00e3o para candidatos que desejam refor\u00e7ar os estudos<\/title>\n<meta name=\"description\" content=\"Estrat\u00e9gia realizar\u00e1 aul\u00e3o para candidatos que desejam refor\u00e7ar os estudos para o concurso da PRF, nesta segunda-feira (3) de dezembro.\" \/>\n<meta name=\"robots\" content=\"index, follow, max-snippet:-1, max-image-preview:large, max-video-preview:-1\" \/>\n<link rel=\"canonical\" href=\"https:\/\/www.estrategiaconcursos.com.br\/blog\/estrategia-realizara-aulao-para-candidatos-que-desejam-reforcar-os-estudos-para-o-concurso-da-prf-nesta-segunda\/\" \/>\n<meta property=\"og:locale\" content=\"pt_BR\" \/>\n<meta property=\"og:type\" content=\"article\" \/>\n<meta property=\"og:title\" content=\"Estrat\u00e9gia realizar\u00e1 aul\u00e3o para candidatos que desejam refor\u00e7ar os estudos para o concurso da PRF, nesta segunda\" \/>\n<meta property=\"og:description\" content=\"Estrat\u00e9gia realizar\u00e1 aul\u00e3o para candidatos que desejam refor\u00e7ar os estudos para o concurso da PRF, nesta segunda-feira (3) de dezembro.\" \/>\n<meta property=\"og:url\" content=\"https:\/\/www.estrategiaconcursos.com.br\/blog\/estrategia-realizara-aulao-para-candidatos-que-desejam-reforcar-os-estudos-para-o-concurso-da-prf-nesta-segunda\/\" \/>\n<meta property=\"og:site_name\" content=\"Estrat\u00e9gia Concursos\" \/>\n<meta property=\"article:published_time\" content=\"2018-12-03T09:09:57+00:00\" \/>\n<meta property=\"article:modified_time\" content=\"2018-12-03T17:00:50+00:00\" \/>\n<meta property=\"og:image\" content=\"https:\/\/www.estrategiaconcursos.com.br\/blog\/wp-content\/uploads\/2018\/12\/PRF-1024x256.jpg\" \/>\n<meta name=\"author\" content=\"Paulo Bilynskyj\" \/>\n<meta name=\"twitter:card\" content=\"summary_large_image\" \/>\n<meta name=\"twitter:creator\" content=\"@EstratConcursos\" \/>\n<meta name=\"twitter:site\" content=\"@EstratConcursos\" \/>\n<meta name=\"twitter:label1\" content=\"Escrito por\" \/>\n\t<meta name=\"twitter:data1\" content=\"Paulo Bilynskyj\" \/>\n\t<meta name=\"twitter:label2\" content=\"Est. tempo de leitura\" \/>\n\t<meta name=\"twitter:data2\" content=\"1 minuto\" \/>\n<script type=\"application\/ld+json\" class=\"yoast-schema-graph\">{\"@context\":\"https:\/\/schema.org\",\"@graph\":[{\"@type\":\"NewsArticle\",\"@id\":\"https:\/\/www.estrategiaconcursos.com.br\/blog\/estrategia-realizara-aulao-para-candidatos-que-desejam-reforcar-os-estudos-para-o-concurso-da-prf-nesta-segunda\/#article\",\"isPartOf\":{\"@id\":\"https:\/\/www.estrategiaconcursos.com.br\/blog\/estrategia-realizara-aulao-para-candidatos-que-desejam-reforcar-os-estudos-para-o-concurso-da-prf-nesta-segunda\/\"},\"author\":{\"name\":\"Paulo Bilynskyj\",\"@id\":\"https:\/\/www.estrategiaconcursos.com.br\/blog\/#\/schema\/person\/a630b15e36f45b4c21fed01219843cb5\"},\"headline\":\"Estrat\u00e9gia realizar\u00e1 aul\u00e3o para candidatos que desejam refor\u00e7ar os estudos para o concurso da PRF, nesta segunda\",\"datePublished\":\"2018-12-03T09:09:57+00:00\",\"dateModified\":\"2018-12-03T17:00:50+00:00\",\"mainEntityOfPage\":{\"@id\":\"https:\/\/www.estrategiaconcursos.com.br\/blog\/estrategia-realizara-aulao-para-candidatos-que-desejam-reforcar-os-estudos-para-o-concurso-da-prf-nesta-segunda\/\"},\"wordCount\":252,\"commentCount\":0,\"publisher\":{\"@id\":\"https:\/\/www.estrategiaconcursos.com.br\/blog\/#organization\"},\"image\":{\"@id\":\"https:\/\/www.estrategiaconcursos.com.br\/blog\/estrategia-realizara-aulao-para-candidatos-que-desejam-reforcar-os-estudos-para-o-concurso-da-prf-nesta-segunda\/#primaryimage\"},\"thumbnailUrl\":\"https:\/\/www.estrategiaconcursos.com.br\/blog\/wp-content\/uploads\/2018\/12\/PRF-1024x256.jpg\",\"articleSection\":[\"Concursos P\u00fablicos\"],\"inLanguage\":\"pt-BR\",\"potentialAction\":[{\"@type\":\"CommentAction\",\"name\":\"Comment\",\"target\":[\"https:\/\/www.estrategiaconcursos.com.br\/blog\/estrategia-realizara-aulao-para-candidatos-que-desejam-reforcar-os-estudos-para-o-concurso-da-prf-nesta-segunda\/#respond\"]}],\"copyrightYear\":\"2018\",\"copyrightHolder\":{\"@id\":\"https:\/\/www.estrategiaconcursos.com.br\/blog\/#organization\"}},{\"@type\":\"WebPage\",\"@id\":\"https:\/\/www.estrategiaconcursos.com.br\/blog\/estrategia-realizara-aulao-para-candidatos-que-desejam-reforcar-os-estudos-para-o-concurso-da-prf-nesta-segunda\/\",\"url\":\"https:\/\/www.estrategiaconcursos.com.br\/blog\/estrategia-realizara-aulao-para-candidatos-que-desejam-reforcar-os-estudos-para-o-concurso-da-prf-nesta-segunda\/\",\"name\":\"Estrat\u00e9gia realizar\u00e1 aul\u00e3o para candidatos que desejam refor\u00e7ar os estudos\",\"isPartOf\":{\"@id\":\"https:\/\/www.estrategiaconcursos.com.br\/blog\/#website\"},\"primaryImageOfPage\":{\"@id\":\"https:\/\/www.estrategiaconcursos.com.br\/blog\/estrategia-realizara-aulao-para-candidatos-que-desejam-reforcar-os-estudos-para-o-concurso-da-prf-nesta-segunda\/#primaryimage\"},\"image\":{\"@id\":\"https:\/\/www.estrategiaconcursos.com.br\/blog\/estrategia-realizara-aulao-para-candidatos-que-desejam-reforcar-os-estudos-para-o-concurso-da-prf-nesta-segunda\/#primaryimage\"},\"thumbnailUrl\":\"https:\/\/www.estrategiaconcursos.com.br\/blog\/wp-content\/uploads\/2018\/12\/PRF-1024x256.jpg\",\"datePublished\":\"2018-12-03T09:09:57+00:00\",\"dateModified\":\"2018-12-03T17:00:50+00:00\",\"description\":\"Estrat\u00e9gia realizar\u00e1 aul\u00e3o para candidatos que desejam refor\u00e7ar os estudos para o concurso da PRF, nesta segunda-feira (3) de dezembro.\",\"breadcrumb\":{\"@id\":\"https:\/\/www.estrategiaconcursos.com.br\/blog\/estrategia-realizara-aulao-para-candidatos-que-desejam-reforcar-os-estudos-para-o-concurso-da-prf-nesta-segunda\/#breadcrumb\"},\"inLanguage\":\"pt-BR\",\"potentialAction\":[{\"@type\":\"ReadAction\",\"target\":[\"https:\/\/www.estrategiaconcursos.com.br\/blog\/estrategia-realizara-aulao-para-candidatos-que-desejam-reforcar-os-estudos-para-o-concurso-da-prf-nesta-segunda\/\"]}]},{\"@type\":\"ImageObject\",\"inLanguage\":\"pt-BR\",\"@id\":\"https:\/\/www.estrategiaconcursos.com.br\/blog\/estrategia-realizara-aulao-para-candidatos-que-desejam-reforcar-os-estudos-para-o-concurso-da-prf-nesta-segunda\/#primaryimage\",\"url\":\"https:\/\/dhg1h5j42swfq.cloudfront.net\/2018\/12\/03130906\/PRF.jpg\",\"contentUrl\":\"https:\/\/dhg1h5j42swfq.cloudfront.net\/2018\/12\/03130906\/PRF.jpg\",\"width\":1200,\"height\":300,\"caption\":\"PRF\"},{\"@type\":\"BreadcrumbList\",\"@id\":\"https:\/\/www.estrategiaconcursos.com.br\/blog\/estrategia-realizara-aulao-para-candidatos-que-desejam-reforcar-os-estudos-para-o-concurso-da-prf-nesta-segunda\/#breadcrumb\",\"itemListElement\":[{\"@type\":\"ListItem\",\"position\":1,\"name\":\"In\u00edcio\",\"item\":\"https:\/\/www.estrategiaconcursos.com.br\/blog\/\"},{\"@type\":\"ListItem\",\"position\":2,\"name\":\"Estrat\u00e9gia realizar\u00e1 aul\u00e3o para candidatos que desejam refor\u00e7ar os estudos para o concurso da PRF, nesta segunda\"}]},{\"@type\":\"WebSite\",\"@id\":\"https:\/\/www.estrategiaconcursos.com.br\/blog\/#website\",\"url\":\"https:\/\/www.estrategiaconcursos.com.br\/blog\/\",\"name\":\"Estrat\u00e9gia Concursos\",\"description\":\"O blog da Estrat\u00e9gia Concursos traz not\u00edcias sobre concursos e artigos de professores oferecendo cursos para concursos (pdf + videaulas) no site.\",\"publisher\":{\"@id\":\"https:\/\/www.estrategiaconcursos.com.br\/blog\/#organization\"},\"potentialAction\":[{\"@type\":\"SearchAction\",\"target\":{\"@type\":\"EntryPoint\",\"urlTemplate\":\"https:\/\/www.estrategiaconcursos.com.br\/blog\/?s={search_term_string}\"},\"query-input\":{\"@type\":\"PropertyValueSpecification\",\"valueRequired\":true,\"valueName\":\"search_term_string\"}}],\"inLanguage\":\"pt-BR\"},{\"@type\":\"Organization\",\"@id\":\"https:\/\/www.estrategiaconcursos.com.br\/blog\/#organization\",\"name\":\"Estrat\u00e9gia Concursos\",\"url\":\"https:\/\/www.estrategiaconcursos.com.br\/blog\/\",\"logo\":{\"@type\":\"ImageObject\",\"inLanguage\":\"pt-BR\",\"@id\":\"https:\/\/www.estrategiaconcursos.com.br\/blog\/#\/schema\/logo\/image\/\",\"url\":\"https:\/\/dhg1h5j42swfq.cloudfront.net\/2025\/06\/03203428\/logo_concursos-1.jpg\",\"contentUrl\":\"https:\/\/dhg1h5j42swfq.cloudfront.net\/2025\/06\/03203428\/logo_concursos-1.jpg\",\"width\":230,\"height\":60,\"caption\":\"Estrat\u00e9gia Concursos\"},\"image\":{\"@id\":\"https:\/\/www.estrategiaconcursos.com.br\/blog\/#\/schema\/logo\/image\/\"},\"sameAs\":[\"https:\/\/x.com\/EstratConcursos\"]},{\"@type\":\"Person\",\"@id\":\"https:\/\/www.estrategiaconcursos.com.br\/blog\/#\/schema\/person\/a630b15e36f45b4c21fed01219843cb5\",\"name\":\"Paulo Bilynskyj\",\"image\":{\"@type\":\"ImageObject\",\"inLanguage\":\"pt-BR\",\"@id\":\"https:\/\/secure.gravatar.com\/avatar\/37e21f70c9042e7456beffdc6d31fe051f3f6dcbf252f69343a791b144852057?s=96&d=mm&r=g\",\"url\":\"https:\/\/secure.gravatar.com\/avatar\/37e21f70c9042e7456beffdc6d31fe051f3f6dcbf252f69343a791b144852057?s=96&d=mm&r=g\",\"contentUrl\":\"https:\/\/secure.gravatar.com\/avatar\/37e21f70c9042e7456beffdc6d31fe051f3f6dcbf252f69343a791b144852057?s=96&d=mm&r=g\",\"caption\":\"Paulo Bilynskyj\"},\"url\":\"https:\/\/www.estrategiaconcursos.com.br\/blog\/author\/pbilynskyjgmail-com\/\"}]}<\/script>\n<!-- \/ Yoast SEO Premium plugin. -->","yoast_head_json":{"title":"Estrat\u00e9gia realizar\u00e1 aul\u00e3o para candidatos que desejam refor\u00e7ar os estudos","description":"Estrat\u00e9gia realizar\u00e1 aul\u00e3o para candidatos que desejam refor\u00e7ar os estudos para o concurso da PRF, nesta segunda-feira (3) de dezembro.","robots":{"index":"index","follow":"follow","max-snippet":"max-snippet:-1","max-image-preview":"max-image-preview:large","max-video-preview":"max-video-preview:-1"},"canonical":"https:\/\/www.estrategiaconcursos.com.br\/blog\/estrategia-realizara-aulao-para-candidatos-que-desejam-reforcar-os-estudos-para-o-concurso-da-prf-nesta-segunda\/","og_locale":"pt_BR","og_type":"article","og_title":"Estrat\u00e9gia realizar\u00e1 aul\u00e3o para candidatos que desejam refor\u00e7ar os estudos para o concurso da PRF, nesta segunda","og_description":"Estrat\u00e9gia realizar\u00e1 aul\u00e3o para candidatos que desejam refor\u00e7ar os estudos para o concurso da PRF, nesta segunda-feira (3) de dezembro.","og_url":"https:\/\/www.estrategiaconcursos.com.br\/blog\/estrategia-realizara-aulao-para-candidatos-que-desejam-reforcar-os-estudos-para-o-concurso-da-prf-nesta-segunda\/","og_site_name":"Estrat\u00e9gia Concursos","article_published_time":"2018-12-03T09:09:57+00:00","article_modified_time":"2018-12-03T17:00:50+00:00","og_image":[{"url":"https:\/\/www.estrategiaconcursos.com.br\/blog\/wp-content\/uploads\/2018\/12\/PRF-1024x256.jpg","type":"","width":"","height":""}],"author":"Paulo Bilynskyj","twitter_card":"summary_large_image","twitter_creator":"@EstratConcursos","twitter_site":"@EstratConcursos","twitter_misc":{"Escrito por":"Paulo Bilynskyj","Est. tempo de leitura":"1 minuto"},"schema":{"@context":"https:\/\/schema.org","@graph":[{"@type":"NewsArticle","@id":"https:\/\/www.estrategiaconcursos.com.br\/blog\/estrategia-realizara-aulao-para-candidatos-que-desejam-reforcar-os-estudos-para-o-concurso-da-prf-nesta-segunda\/#article","isPartOf":{"@id":"https:\/\/www.estrategiaconcursos.com.br\/blog\/estrategia-realizara-aulao-para-candidatos-que-desejam-reforcar-os-estudos-para-o-concurso-da-prf-nesta-segunda\/"},"author":{"name":"Paulo Bilynskyj","@id":"https:\/\/www.estrategiaconcursos.com.br\/blog\/#\/schema\/person\/a630b15e36f45b4c21fed01219843cb5"},"headline":"Estrat\u00e9gia realizar\u00e1 aul\u00e3o para candidatos que desejam refor\u00e7ar os estudos para o concurso da PRF, nesta segunda","datePublished":"2018-12-03T09:09:57+00:00","dateModified":"2018-12-03T17:00:50+00:00","mainEntityOfPage":{"@id":"https:\/\/www.estrategiaconcursos.com.br\/blog\/estrategia-realizara-aulao-para-candidatos-que-desejam-reforcar-os-estudos-para-o-concurso-da-prf-nesta-segunda\/"},"wordCount":252,"commentCount":0,"publisher":{"@id":"https:\/\/www.estrategiaconcursos.com.br\/blog\/#organization"},"image":{"@id":"https:\/\/www.estrategiaconcursos.com.br\/blog\/estrategia-realizara-aulao-para-candidatos-que-desejam-reforcar-os-estudos-para-o-concurso-da-prf-nesta-segunda\/#primaryimage"},"thumbnailUrl":"https:\/\/www.estrategiaconcursos.com.br\/blog\/wp-content\/uploads\/2018\/12\/PRF-1024x256.jpg","articleSection":["Concursos P\u00fablicos"],"inLanguage":"pt-BR","potentialAction":[{"@type":"CommentAction","name":"Comment","target":["https:\/\/www.estrategiaconcursos.com.br\/blog\/estrategia-realizara-aulao-para-candidatos-que-desejam-reforcar-os-estudos-para-o-concurso-da-prf-nesta-segunda\/#respond"]}],"copyrightYear":"2018","copyrightHolder":{"@id":"https:\/\/www.estrategiaconcursos.com.br\/blog\/#organization"}},{"@type":"WebPage","@id":"https:\/\/www.estrategiaconcursos.com.br\/blog\/estrategia-realizara-aulao-para-candidatos-que-desejam-reforcar-os-estudos-para-o-concurso-da-prf-nesta-segunda\/","url":"https:\/\/www.estrategiaconcursos.com.br\/blog\/estrategia-realizara-aulao-para-candidatos-que-desejam-reforcar-os-estudos-para-o-concurso-da-prf-nesta-segunda\/","name":"Estrat\u00e9gia realizar\u00e1 aul\u00e3o para candidatos que desejam refor\u00e7ar os estudos","isPartOf":{"@id":"https:\/\/www.estrategiaconcursos.com.br\/blog\/#website"},"primaryImageOfPage":{"@id":"https:\/\/www.estrategiaconcursos.com.br\/blog\/estrategia-realizara-aulao-para-candidatos-que-desejam-reforcar-os-estudos-para-o-concurso-da-prf-nesta-segunda\/#primaryimage"},"image":{"@id":"https:\/\/www.estrategiaconcursos.com.br\/blog\/estrategia-realizara-aulao-para-candidatos-que-desejam-reforcar-os-estudos-para-o-concurso-da-prf-nesta-segunda\/#primaryimage"},"thumbnailUrl":"https:\/\/www.estrategiaconcursos.com.br\/blog\/wp-content\/uploads\/2018\/12\/PRF-1024x256.jpg","datePublished":"2018-12-03T09:09:57+00:00","dateModified":"2018-12-03T17:00:50+00:00","description":"Estrat\u00e9gia realizar\u00e1 aul\u00e3o para candidatos que desejam refor\u00e7ar os estudos para o concurso da PRF, nesta segunda-feira (3) de dezembro.","breadcrumb":{"@id":"https:\/\/www.estrategiaconcursos.com.br\/blog\/estrategia-realizara-aulao-para-candidatos-que-desejam-reforcar-os-estudos-para-o-concurso-da-prf-nesta-segunda\/#breadcrumb"},"inLanguage":"pt-BR","potentialAction":[{"@type":"ReadAction","target":["https:\/\/www.estrategiaconcursos.com.br\/blog\/estrategia-realizara-aulao-para-candidatos-que-desejam-reforcar-os-estudos-para-o-concurso-da-prf-nesta-segunda\/"]}]},{"@type":"ImageObject","inLanguage":"pt-BR","@id":"https:\/\/www.estrategiaconcursos.com.br\/blog\/estrategia-realizara-aulao-para-candidatos-que-desejam-reforcar-os-estudos-para-o-concurso-da-prf-nesta-segunda\/#primaryimage","url":"https:\/\/dhg1h5j42swfq.cloudfront.net\/2018\/12\/03130906\/PRF.jpg","contentUrl":"https:\/\/dhg1h5j42swfq.cloudfront.net\/2018\/12\/03130906\/PRF.jpg","width":1200,"height":300,"caption":"PRF"},{"@type":"BreadcrumbList","@id":"https:\/\/www.estrategiaconcursos.com.br\/blog\/estrategia-realizara-aulao-para-candidatos-que-desejam-reforcar-os-estudos-para-o-concurso-da-prf-nesta-segunda\/#breadcrumb","itemListElement":[{"@type":"ListItem","position":1,"name":"In\u00edcio","item":"https:\/\/www.estrategiaconcursos.com.br\/blog\/"},{"@type":"ListItem","position":2,"name":"Estrat\u00e9gia realizar\u00e1 aul\u00e3o para candidatos que desejam refor\u00e7ar os estudos para o concurso da PRF, nesta segunda"}]},{"@type":"WebSite","@id":"https:\/\/www.estrategiaconcursos.com.br\/blog\/#website","url":"https:\/\/www.estrategiaconcursos.com.br\/blog\/","name":"Estrat\u00e9gia Concursos","description":"O blog da Estrat\u00e9gia Concursos traz not\u00edcias sobre concursos e artigos de professores oferecendo cursos para concursos (pdf + videaulas) no site.","publisher":{"@id":"https:\/\/www.estrategiaconcursos.com.br\/blog\/#organization"},"potentialAction":[{"@type":"SearchAction","target":{"@type":"EntryPoint","urlTemplate":"https:\/\/www.estrategiaconcursos.com.br\/blog\/?s={search_term_string}"},"query-input":{"@type":"PropertyValueSpecification","valueRequired":true,"valueName":"search_term_string"}}],"inLanguage":"pt-BR"},{"@type":"Organization","@id":"https:\/\/www.estrategiaconcursos.com.br\/blog\/#organization","name":"Estrat\u00e9gia Concursos","url":"https:\/\/www.estrategiaconcursos.com.br\/blog\/","logo":{"@type":"ImageObject","inLanguage":"pt-BR","@id":"https:\/\/www.estrategiaconcursos.com.br\/blog\/#\/schema\/logo\/image\/","url":"https:\/\/dhg1h5j42swfq.cloudfront.net\/2025\/06\/03203428\/logo_concursos-1.jpg","contentUrl":"https:\/\/dhg1h5j42swfq.cloudfront.net\/2025\/06\/03203428\/logo_concursos-1.jpg","width":230,"height":60,"caption":"Estrat\u00e9gia Concursos"},"image":{"@id":"https:\/\/www.estrategiaconcursos.com.br\/blog\/#\/schema\/logo\/image\/"},"sameAs":["https:\/\/x.com\/EstratConcursos"]},{"@type":"Person","@id":"https:\/\/www.estrategiaconcursos.com.br\/blog\/#\/schema\/person\/a630b15e36f45b4c21fed01219843cb5","name":"Paulo Bilynskyj","image":{"@type":"ImageObject","inLanguage":"pt-BR","@id":"https:\/\/secure.gravatar.com\/avatar\/37e21f70c9042e7456beffdc6d31fe051f3f6dcbf252f69343a791b144852057?s=96&d=mm&r=g","url":"https:\/\/secure.gravatar.com\/avatar\/37e21f70c9042e7456beffdc6d31fe051f3f6dcbf252f69343a791b144852057?s=96&d=mm&r=g","contentUrl":"https:\/\/secure.gravatar.com\/avatar\/37e21f70c9042e7456beffdc6d31fe051f3f6dcbf252f69343a791b144852057?s=96&d=mm&r=g","caption":"Paulo Bilynskyj"},"url":"https:\/\/www.estrategiaconcursos.com.br\/blog\/author\/pbilynskyjgmail-com\/"}]}},"_links":{"self":[{"href":"https:\/\/www.estrategiaconcursos.com.br\/blog\/wp-json\/wp\/v2\/posts\/154162","targetHints":{"allow":["GET"]}}],"collection":[{"href":"https:\/\/www.estrategiaconcursos.com.br\/blog\/wp-json\/wp\/v2\/posts"}],"about":[{"href":"https:\/\/www.estrategiaconcursos.com.br\/blog\/wp-json\/wp\/v2\/types\/post"}],"author":[{"embeddable":true,"href":"https:\/\/www.estrategiaconcursos.com.br\/blog\/wp-json\/wp\/v2\/users\/552"}],"replies":[{"embeddable":true,"href":"https:\/\/www.estrategiaconcursos.com.br\/blog\/wp-json\/wp\/v2\/comments?post=154162"}],"version-history":[{"count":9,"href":"https:\/\/www.estrategiaconcursos.com.br\/blog\/wp-json\/wp\/v2\/posts\/154162\/revisions"}],"predecessor-version":[{"id":154182,"href":"https:\/\/www.estrategiaconcursos.com.br\/blog\/wp-json\/wp\/v2\/posts\/154162\/revisions\/154182"}],"wp:attachment":[{"href":"https:\/\/www.estrategiaconcursos.com.br\/blog\/wp-json\/wp\/v2\/media?parent=154162"}],"wp:term":[{"taxonomy":"category","embeddable":true,"href":"https:\/\/www.estrategiaconcursos.com.br\/blog\/wp-json\/wp\/v2\/categories?post=154162"},{"taxonomy":"post_tag","embeddable":true,"href":"https:\/\/www.estrategiaconcursos.com.br\/blog\/wp-json\/wp\/v2\/tags?post=154162"},{"taxonomy":"tax_estado","embeddable":true,"href":"https:\/\/www.estrategiaconcursos.com.br\/blog\/wp-json\/wp\/v2\/tax_estado?post=154162"}],"curies":[{"name":"wp","href":"https:\/\/api.w.org\/{rel}","templated":true}]}}