{"id":154032,"date":"2018-12-02T20:03:51","date_gmt":"2018-12-02T23:03:51","guid":{"rendered":"https:\/\/www.estrategiaconcursos.com.br\/blog\/?p=154032"},"modified":"2019-04-16T09:42:23","modified_gmt":"2019-04-16T12:42:23","slug":"gabarito-extraoficial-direito-constitucional-sefaz-rs-tecnico-tributario","status":"publish","type":"post","link":"https:\/\/www.estrategiaconcursos.com.br\/blog\/gabarito-extraoficial-direito-constitucional-sefaz-rs-tecnico-tributario\/","title":{"rendered":"Gabarito Extraoficial &#8211; Direito Constitucional SEFAZ-RS &#8211; T\u00e9cnico Tribut\u00e1rio"},"content":{"rendered":"<p>Ol\u00e1, pessoal! Tudo bem?<\/p>\n<p>Nesse domingo (02\/12), foi realizada a prova da SEFAZ-RS.<\/p>\n<p>A seguir, irei comentar a prova de Direito Constitucional do cargo de T\u00e9cnico Tribut\u00e1rio.<\/p>\n<p>A prova foi em um n\u00edvel bem tranquilo, com 2 quest\u00f5es um pouco mais dif\u00edceis.<\/p>\n<p>Abra\u00e7os,<\/p>\n<p>Ricardo Vale<\/p>\n<p><em><strong>&#8220;O segredo do sucesso \u00e9 a const\u00e2ncia no objetivo&#8221;<\/strong><\/em><\/p>\n<p><strong>INSTAGRAM:<\/strong> <a href=\"https:\/\/www.instagram.com\/profricardovale\/\">@profricardovale<\/a><\/p>\n<p>&nbsp;<\/p>\n<p style=\"text-align: center;\"><span style=\"color: #0000ff;\"><strong>PROVA &#8211; DIREITO CONSTITUCIONAL &#8211; SEFAZ\/RS &#8211; T\u00e9cnico Tribut\u00e1rio<\/strong><\/span><\/p>\n<p style=\"text-align: justify;\"><strong>41 \u2013 (CESPE \/ SEFAZ-RS \u2013 2018) O aplicador do direito, ao interpretar as normas constitucionais pretendendo otimizar-lhes a efic\u00e1cia, sem alterar o seu conte\u00fado, lan\u00e7a m\u00e3o do princ\u00edpio da<\/strong><\/p>\n<p style=\"text-align: justify;\">a) efic\u00e1cia integradora.<\/p>\n<p style=\"text-align: justify;\">b) corre\u00e7\u00e3o funcional.<\/p>\n<p style=\"text-align: justify;\">c) m\u00e1xima efetividade.<\/p>\n<p style=\"text-align: justify;\">d) interpreta\u00e7\u00e3o conforme a Constitui\u00e7\u00e3o.<\/p>\n<p style=\"text-align: justify;\">e) concord\u00e2ncia pr\u00e1tica.<\/p>\n<p style=\"text-align: justify;\"><strong>Coment\u00e1rios:<\/strong><\/p>\n<p style=\"text-align: justify;\">O <strong><em>princ\u00edpio da efetividade<\/em><\/strong> estabelece que o int\u00e9rprete deve atribuir \u00e0 norma constitucional o sentido que lhe d\u00ea <strong><em>maior efetividade\u00a0 social<\/em><\/strong>. Visa, portanto, a maximizar a norma, a fim de extrair dela todas as suas potencialidades. Sua utiliza\u00e7\u00e3o se d\u00e1 principalmente na aplica\u00e7\u00e3o dos direitos fundamentais, embora possa ser usado na interpreta\u00e7\u00e3o de todas as normas constitucionais.<\/p>\n<p style=\"text-align: justify;\">O gabarito \u00e9 a letra C.<\/p>\n<p style=\"text-align: justify;\"><strong>42 &#8211; (CESPE \/ SEFAZ-RS \u2013 2018) A Constitui\u00e7\u00e3o que dificulte o processo tendente a modifica-la, ainda que permita emenda ou reforma, classifica-se como:<\/strong><\/p>\n<p style=\"text-align: justify;\">a) sint\u00e9tica.<\/p>\n<p style=\"text-align: justify;\">b) formal.<\/p>\n<p style=\"text-align: justify;\">c) ecl\u00e9tica.<\/p>\n<p style=\"text-align: justify;\">d) flex\u00edvel.<\/p>\n<p style=\"text-align: justify;\">e) r\u00edgida.<\/p>\n<p style=\"text-align: justify;\"><strong>Coment\u00e1rio<\/strong>s:<\/p>\n<p style=\"text-align: justify;\">A Constitui\u00e7\u00e3o r\u00edgida \u00e9 aquela que s\u00f3 pode ser modificada por um procedimento legislativo mais dif\u00edcil do que o de elabora\u00e7\u00e3o das leis.<\/p>\n<p style=\"text-align: justify;\">O gabarito \u00e9 a letra E.<\/p>\n<p><strong>43 &#8211; (CESPE \/ SEFAZ-RS \u2013 2018) A Uni\u00e3o e o estado do Rio Grande do Sul poder\u00e3o legislar concorrentemente sobre<\/strong><\/p>\n<p>a) inform\u00e1tica.<\/p>\n<p>b) direito mar\u00edtimo.<\/p>\n<p>c) direito econ\u00f4mico.<\/p>\n<p>d) tr\u00e2nsito<\/p>\n<p>e) sorteios.<\/p>\n<p><strong>Coment\u00e1rios:<\/strong><\/p>\n<p>\u00c9 compet\u00eancia concorrente da Uni\u00e3o, dos Estados e do Distrito Federal legislar sobre direito econ\u00f4mico (art. 24, I, CF\/88).<\/p>\n<p>O gabarito \u00e9 a letra C.<\/p>\n<p><strong>44 &#8211; (CESPE \/ SEFAZ-RS \u2013 2018) \u00c9 fundamento da Rep\u00fablica Federativa do Brasil<\/strong><\/p>\n<p>a) rep\u00fadio ao racismo.<\/p>\n<p>b) a solu\u00e7\u00e3o pac\u00edfica de conflitos.<\/p>\n<p>c) a igualdade entre homens e mulheres.<\/p>\n<p>d) a defesa da paz.<\/p>\n<p>e) o valor social da livre iniciativa.<\/p>\n<p><strong>Coment\u00e1rios:<\/strong><\/p>\n<p>Segundo o art. 1\u00ba, CF\/88, s\u00e3o fundamentos da Rep\u00fablica Federativa do Brasil os seguintes: soberania, cidadania, dignidade da pessoa humana, valores sociais do trabalho e da livre iniciativa e pluralismo pol\u00edtico.<\/p>\n<p>O gabarito \u00e9 a letra E.<\/p>\n<p><strong>45 &#8211; (CESPE \/ SEFAZ-RS \u2013 2018) \u00a0Iniciada a audi\u00eancia de instru\u00e7\u00e3o, o juiz determinou que o r\u00e9u da a\u00e7\u00e3o penal fosse algemado.\u00a0<\/strong><strong>Nesse caso, de acordo com o Supremo Tribunal Federal, o juiz agiu licitamente se comprovado que<\/strong><\/p>\n<p>a) O crime \u00e9 pun\u00edvel com pena de reclus\u00e3o.<\/p>\n<p>b) o r\u00e9u tem transtorno psicol\u00f3gico.<\/p>\n<p>c) a seguran\u00e7a do pr\u00f3prio r\u00e9u estava em risco.<\/p>\n<p>d) o crime tenha sido cometido com viol\u00eancia.<\/p>\n<p>e) a v\u00edtima estava na sala de audi\u00eancia.<\/p>\n<p><strong>Coment\u00e1rios:<\/strong><\/p>\n<p>Para que seja l\u00edcita a ordem judicial de manter o r\u00e9u algemado durante audi\u00eancia de instru\u00e7\u00e3o, \u00e9 necess\u00e1rio que se comprove que a seguran\u00e7a do pr\u00f3prio r\u00e9u estava em risco.<\/p>\n<p>Essa \u00e9 a interpreta\u00e7\u00e3o que se pode fazer a partir da leitura da S\u00famula Vinculante n\u00ba 11:<\/p>\n<p style=\"padding-left: 30px;\"><strong><em>S\u00famula Vinculante n\u00ba 11<\/em><\/strong><em>: S\u00f3 \u00e9 l\u00edcito o uso de algemas\u00a0em casos de resist\u00eancia e de fundado receio de fuga ou de <u>perigo \u00e0 integridade f\u00edsica pr\u00f3pria ou alheia<\/u>, por parte do preso ou de terceiros, justificada a excepcionalidade por escrito, sob pena de responsabilidade disciplinar,\u00a0civil e penal do agente ou da autoridade e de nulidade da pris\u00e3o ou do ato processual a que se refere, sem preju\u00edzo da responsabilidade civil do Estado.<\/em><\/p>\n<p>O gabarito \u00e9 a letra C.<\/p>\n<p><strong>46 &#8211; (CESPE \/ SEFAZ-RS \u2013 2018) \u00a0A respeito do mandado de seguran\u00e7a, julgue os itens a seguir.<\/strong><\/p>\n<p>I) Entidade de classe tem legitima\u00e7\u00e3o para o mandado de seguran\u00e7a, mesmo que a pretens\u00e3o veiculada interesse apenas a uma parte da respectiva categoria<\/p>\n<p>II) Controv\u00e9rsia sobre mat\u00e9ria de direito impede concess\u00e3o de mandado de seguran\u00e7a.<\/p>\n<p>III) Concess\u00e3o de mandado de seguran\u00e7a produz efeitos patrimoniais em rela\u00e7\u00e3o a per\u00edodo pret\u00e9rito.<\/p>\n<p>IV) N\u00e3o cabe mandado de seguran\u00e7a contra ato judicial pass\u00edvel de correi\u00e7\u00e3o.<\/p>\n<p><strong>Est\u00e3o certos apenas os itens:\u00a0<\/strong><\/p>\n<p>a) I e II.<\/p>\n<p>b) I e IV.<\/p>\n<p>c) II e III.<\/p>\n<p>d) II e IV.<\/p>\n<p>e) III e IV.<\/p>\n<p><strong>Coment\u00e1rios:<\/strong><\/p>\n<p>A <strong><em>primeira assertiva<\/em><\/strong> est\u00e1 correta. A S\u00famula STF n\u00ba 630 prev\u00ea que \u201c<em>a entidade de classe tem legitima\u00e7\u00e3o para o mandado de seguran\u00e7a ainda quando a pretens\u00e3o veiculada interesse apenas a uma parte da respectiva categoria<\/em>\u201d.<\/p>\n<p>A <strong><em>segunda assertiva<\/em><\/strong> est\u00e1 errada. A S\u00famula STF n\u00ba 625 estabelece que \u201c<em>controv\u00e9rsia sobre mat\u00e9ria de direito <u>n\u00e3o impede<\/u> concess\u00e3o de mandado de seguran\u00e7a<\/em>\u201d.<\/p>\n<p>A <strong><em>terceira assertiva<\/em><\/strong> est\u00e1 errada. A S\u00famula STF n\u00ba 271 prev\u00ea que a \u201c<em>concess\u00e3o de mandado de seguran\u00e7a <u>n\u00e3o produz efeitos patrimoniais<\/u> em rela\u00e7\u00e3o a per\u00edodo pret\u00e9rito, os quais devem ser reclamados administrativamente ou pela via judicial pr\u00f3pria<\/em>\u201d.<\/p>\n<p>A <strong><em>quarta assertiva<\/em><\/strong> est\u00e1 correta. A S\u00famula STF n\u00ba 267 estabelece que \u201c<em>n\u00e3o cabe mandado de seguran\u00e7a contra ato judicial pass\u00edvel de recurso ou correi\u00e7\u00e3o<\/em>\u201d.<\/p>\n<p>O gabarito \u00e9 a letra B.<\/p>\n<p><strong>47 &#8211; (CESPE \/ SEFAZ-RS \u2013 2018) \u00a0Ato judicial determinou a nomea\u00e7\u00e3o de aprovados em concurso p\u00fablico estadual por ter sido preterida a ordem classificat\u00f3ria.<\/strong><\/p>\n<p><strong>Nesse caso, a promo\u00e7\u00e3o funcional<\/strong><\/p>\n<p>a) retroagir\u00e1 \u00e0 data final de validade do concurso.<\/p>\n<p>b) retroagir\u00e1 \u00e0 data em que o servidor deveria ter sido nomeado.<\/p>\n<p>c) retroagir\u00e1 \u00e0 data do ajuizamento da a\u00e7\u00e3o.<\/p>\n<p>d) ter\u00e1 efeitos \u201cex nunc\u201d.<\/p>\n<p>e) retroagir\u00e1 \u00e0 \u00faltima nomea\u00e7\u00e3o.<\/p>\n<p><strong>Coment\u00e1rios:<\/strong><\/p>\n<p>Segundo o STF, em caso de nomea\u00e7\u00e3o em cargo p\u00fablico determinada por decis\u00e3o judicial, o servidor <strong><em>n\u00e3o faz jus<\/em><\/strong> \u00e0 <u>promo\u00e7\u00e3o ou progress\u00e3o funcional retroativa<\/u> (RE 629.392). Assim, a promo\u00e7\u00e3o funcional ter\u00e1 efeitos prospectivos (\u201c<em>ex nunc<\/em>\u201d).<\/p>\n<p>O gabarito \u00e9 a letra D.<\/p>\n<p><strong>48 &#8211; (CESPE \/ SEFAZ-RS \u2013 2018) \u00a0Os atos administrativos s\u00e3o imput\u00e1veis ao \u00f3rg\u00e3o em nome do qual age o agente p\u00fablico, por for\u00e7a do princ\u00edpio constitucional da<\/strong><\/p>\n<p>a) finalidade.<\/p>\n<p>b) autonomia gerencial.<\/p>\n<p>c) responsabilidade.<\/p>\n<p>d) participa\u00e7\u00e3o.<\/p>\n<p>e) impessoalidade.<\/p>\n<p><strong>Coment\u00e1rios:<\/strong><\/p>\n<p>Pelo princ\u00edpio da impessoalidade, os atos administrativos praticados por servidor p\u00fablico s\u00e3o imput\u00e1veis ao \u00f3rg\u00e3o em nome do qual ele atua.<\/p>\n<p>O gabarito \u00e9 a letra E.<\/p>\n<p><strong>49 &#8211; (CESPE \/ SEFAZ-RS \u2013 2018) \u00a0A Constitui\u00e7\u00e3o Federal de 1988 poder\u00e1 ser emendada para incluir garantia social mediante proposta<\/strong><\/p>\n<p>a) de organiza\u00e7\u00e3o sindical, se a proposta for relativa a direito dos trabalhadores.<\/p>\n<p>b) do presidente da OAB Federal.<\/p>\n<p>c) da maioria simples dos membros da C\u00e2mara dos Deputados.<\/p>\n<p>d) de tr\u00eas quintos dos membros do Senado Federal.<\/p>\n<p>e) do presidente da Rep\u00fablica.<\/p>\n<p><strong>Coment\u00e1rios:<\/strong><\/p>\n<p>S\u00e3o legitimados a apresentar proposta de emenda constitucional: <strong>a)<\/strong> <u>Presidente da Rep\u00fablica<\/u>; <strong>b)<\/strong> 1\/3 dos Deputados Federais ou 1\/3 dos Senadores; e <strong>c)<\/strong> mais da metade das Assembleias Legislativas dos estados, manifestando-se cada uma delas pela maioria relativa dos seus membros.<\/p>\n<p>O gabarito \u00e9 a letra E.<\/p>\n<p><strong>50 &#8211; (CESPE \/ SEFAZ-RS \u2013 2018) \u00a0De acordo com a Constitui\u00e7\u00e3o do Estado do Rio Grande do Sul, deputado estadual que praticar crime doloso contra a vida ser\u00e1 julgado pelo<\/strong><\/p>\n<p>a) Superior Tribunal de Justi\u00e7a<\/p>\n<p>b) Tribunal de Justi\u00e7a do Estado do Rio Grande do Sul.<\/p>\n<p>c) Tribunal do J\u00fari do Estado do Rio Grande do Sul.<\/p>\n<p>d) juiz federal competente.<\/p>\n<p>e) tribunal regional federal competente.<\/p>\n<p><strong>Coment\u00e1rios:<\/strong><\/p>\n<p>Segundo o art. 94, XI, CE\/RS, \u00e9 compet\u00eancia do Tribunal de Justi\u00e7a \u201c<em>processar e julgar, nas infra\u00e7\u00f5es penais comuns, <u>inclusive nas dolosas contra a vida<\/u>, e nos crimes de responsabilidade, <u>os Deputados Estaduais<\/u>, os Ju\u00edzes estaduais, os membros do Minist\u00e9rio P\u00fablico estadual, os Prefeitos Municipais, o Procurador-Geral do Estado e os Secret\u00e1rios de Estado, ressalvado, quanto aos dois \u00faltimos, o disposto nos incisos VI e VII do art. 53<\/em>\u201d.<\/p>\n<p>O gabarito \u00e9 a letra B.<\/p>\n","protected":false},"excerpt":{"rendered":"<p>Ol\u00e1, pessoal! Tudo bem? Nesse domingo (02\/12), foi realizada a prova da SEFAZ-RS. A seguir, irei comentar a prova de Direito Constitucional do cargo de T\u00e9cnico Tribut\u00e1rio. A prova foi em um n\u00edvel bem tranquilo, com 2 quest\u00f5es um pouco mais dif\u00edceis. Abra\u00e7os, Ricardo Vale &#8220;O segredo do sucesso \u00e9 a const\u00e2ncia no objetivo&#8221; INSTAGRAM: [&hellip;]<\/p>\n","protected":false},"author":26,"featured_media":0,"comment_status":"open","ping_status":"closed","sticky":false,"template":"","format":"standard","meta":{"post_tipo":"article","footnotes":""},"categories":[1],"tags":[],"tax_estado":[],"class_list":["post-154032","post","type-post","status-publish","format-standard","hentry","category-cursos-e-concursos"],"acf":[],"yoast_head":"<!-- This site is optimized with the Yoast SEO Premium plugin v27.2 (Yoast SEO v27.2) - https:\/\/yoast.com\/product\/yoast-seo-premium-wordpress\/ -->\n<title>Gabarito Extraoficial - Direito Constitucional SEFAZ-RS - T\u00e9cnico Tribut\u00e1rio<\/title>\n<meta name=\"robots\" content=\"index, follow, max-snippet:-1, max-image-preview:large, max-video-preview:-1\" \/>\n<link rel=\"canonical\" href=\"https:\/\/www.estrategiaconcursos.com.br\/blog\/gabarito-extraoficial-direito-constitucional-sefaz-rs-tecnico-tributario\/\" \/>\n<meta property=\"og:locale\" content=\"pt_BR\" \/>\n<meta property=\"og:type\" content=\"article\" \/>\n<meta property=\"og:title\" content=\"Gabarito Extraoficial - Direito Constitucional SEFAZ-RS - T\u00e9cnico Tribut\u00e1rio\" \/>\n<meta property=\"og:description\" content=\"Ol\u00e1, pessoal! Tudo bem? Nesse domingo (02\/12), foi realizada a prova da SEFAZ-RS. A seguir, irei comentar a prova de Direito Constitucional do cargo de T\u00e9cnico Tribut\u00e1rio. A prova foi em um n\u00edvel bem tranquilo, com 2 quest\u00f5es um pouco mais dif\u00edceis. Abra\u00e7os, Ricardo Vale &#8220;O segredo do sucesso \u00e9 a const\u00e2ncia no objetivo&#8221; INSTAGRAM: [&hellip;]\" \/>\n<meta property=\"og:url\" content=\"https:\/\/www.estrategiaconcursos.com.br\/blog\/gabarito-extraoficial-direito-constitucional-sefaz-rs-tecnico-tributario\/\" \/>\n<meta property=\"og:site_name\" content=\"Estrat\u00e9gia Concursos\" \/>\n<meta property=\"article:author\" content=\"https:\/\/www.facebook.com\/rvale01\" \/>\n<meta property=\"article:published_time\" content=\"2018-12-02T23:03:51+00:00\" \/>\n<meta property=\"article:modified_time\" content=\"2019-04-16T12:42:23+00:00\" \/>\n<meta name=\"author\" content=\"Ricardo Vale\" \/>\n<meta name=\"twitter:card\" content=\"summary_large_image\" \/>\n<meta name=\"twitter:creator\" content=\"@https:\/\/twitter.com\/EstratConcursos\" \/>\n<meta name=\"twitter:site\" content=\"@EstratConcursos\" \/>\n<meta name=\"twitter:label1\" content=\"Escrito por\" \/>\n\t<meta name=\"twitter:data1\" content=\"Ricardo Vale\" \/>\n\t<meta name=\"twitter:label2\" content=\"Est. tempo de leitura\" \/>\n\t<meta name=\"twitter:data2\" content=\"7 minutos\" \/>\n<script type=\"application\/ld+json\" class=\"yoast-schema-graph\">{\"@context\":\"https:\/\/schema.org\",\"@graph\":[{\"@type\":\"NewsArticle\",\"@id\":\"https:\/\/www.estrategiaconcursos.com.br\/blog\/gabarito-extraoficial-direito-constitucional-sefaz-rs-tecnico-tributario\/#article\",\"isPartOf\":{\"@id\":\"https:\/\/www.estrategiaconcursos.com.br\/blog\/gabarito-extraoficial-direito-constitucional-sefaz-rs-tecnico-tributario\/\"},\"author\":{\"name\":\"Ricardo Vale\",\"@id\":\"https:\/\/www.estrategiaconcursos.com.br\/blog\/#\/schema\/person\/c32e47dba2159cafe7796a9569a6ff7e\"},\"headline\":\"Gabarito Extraoficial &#8211; Direito Constitucional SEFAZ-RS &#8211; T\u00e9cnico Tribut\u00e1rio\",\"datePublished\":\"2018-12-02T23:03:51+00:00\",\"dateModified\":\"2019-04-16T12:42:23+00:00\",\"mainEntityOfPage\":{\"@id\":\"https:\/\/www.estrategiaconcursos.com.br\/blog\/gabarito-extraoficial-direito-constitucional-sefaz-rs-tecnico-tributario\/\"},\"wordCount\":1364,\"commentCount\":1,\"publisher\":{\"@id\":\"https:\/\/www.estrategiaconcursos.com.br\/blog\/#organization\"},\"articleSection\":[\"Concursos P\u00fablicos\"],\"inLanguage\":\"pt-BR\",\"potentialAction\":[{\"@type\":\"CommentAction\",\"name\":\"Comment\",\"target\":[\"https:\/\/www.estrategiaconcursos.com.br\/blog\/gabarito-extraoficial-direito-constitucional-sefaz-rs-tecnico-tributario\/#respond\"]}],\"copyrightYear\":\"2018\",\"copyrightHolder\":{\"@id\":\"https:\/\/www.estrategiaconcursos.com.br\/blog\/#organization\"}},{\"@type\":\"WebPage\",\"@id\":\"https:\/\/www.estrategiaconcursos.com.br\/blog\/gabarito-extraoficial-direito-constitucional-sefaz-rs-tecnico-tributario\/\",\"url\":\"https:\/\/www.estrategiaconcursos.com.br\/blog\/gabarito-extraoficial-direito-constitucional-sefaz-rs-tecnico-tributario\/\",\"name\":\"Gabarito Extraoficial - Direito Constitucional SEFAZ-RS - T\u00e9cnico Tribut\u00e1rio\",\"isPartOf\":{\"@id\":\"https:\/\/www.estrategiaconcursos.com.br\/blog\/#website\"},\"datePublished\":\"2018-12-02T23:03:51+00:00\",\"dateModified\":\"2019-04-16T12:42:23+00:00\",\"breadcrumb\":{\"@id\":\"https:\/\/www.estrategiaconcursos.com.br\/blog\/gabarito-extraoficial-direito-constitucional-sefaz-rs-tecnico-tributario\/#breadcrumb\"},\"inLanguage\":\"pt-BR\",\"potentialAction\":[{\"@type\":\"ReadAction\",\"target\":[\"https:\/\/www.estrategiaconcursos.com.br\/blog\/gabarito-extraoficial-direito-constitucional-sefaz-rs-tecnico-tributario\/\"]}]},{\"@type\":\"BreadcrumbList\",\"@id\":\"https:\/\/www.estrategiaconcursos.com.br\/blog\/gabarito-extraoficial-direito-constitucional-sefaz-rs-tecnico-tributario\/#breadcrumb\",\"itemListElement\":[{\"@type\":\"ListItem\",\"position\":1,\"name\":\"In\u00edcio\",\"item\":\"https:\/\/www.estrategiaconcursos.com.br\/blog\/\"},{\"@type\":\"ListItem\",\"position\":2,\"name\":\"Gabarito Extraoficial &#8211; Direito Constitucional SEFAZ-RS &#8211; T\u00e9cnico Tribut\u00e1rio\"}]},{\"@type\":\"WebSite\",\"@id\":\"https:\/\/www.estrategiaconcursos.com.br\/blog\/#website\",\"url\":\"https:\/\/www.estrategiaconcursos.com.br\/blog\/\",\"name\":\"Estrat\u00e9gia Concursos\",\"description\":\"O blog da Estrat\u00e9gia Concursos traz not\u00edcias sobre concursos e artigos de professores oferecendo cursos para concursos (pdf + videaulas) no site.\",\"publisher\":{\"@id\":\"https:\/\/www.estrategiaconcursos.com.br\/blog\/#organization\"},\"potentialAction\":[{\"@type\":\"SearchAction\",\"target\":{\"@type\":\"EntryPoint\",\"urlTemplate\":\"https:\/\/www.estrategiaconcursos.com.br\/blog\/?s={search_term_string}\"},\"query-input\":{\"@type\":\"PropertyValueSpecification\",\"valueRequired\":true,\"valueName\":\"search_term_string\"}}],\"inLanguage\":\"pt-BR\"},{\"@type\":\"Organization\",\"@id\":\"https:\/\/www.estrategiaconcursos.com.br\/blog\/#organization\",\"name\":\"Estrat\u00e9gia Concursos\",\"url\":\"https:\/\/www.estrategiaconcursos.com.br\/blog\/\",\"logo\":{\"@type\":\"ImageObject\",\"inLanguage\":\"pt-BR\",\"@id\":\"https:\/\/www.estrategiaconcursos.com.br\/blog\/#\/schema\/logo\/image\/\",\"url\":\"https:\/\/dhg1h5j42swfq.cloudfront.net\/2025\/06\/03203428\/logo_concursos-1.jpg\",\"contentUrl\":\"https:\/\/dhg1h5j42swfq.cloudfront.net\/2025\/06\/03203428\/logo_concursos-1.jpg\",\"width\":230,\"height\":60,\"caption\":\"Estrat\u00e9gia Concursos\"},\"image\":{\"@id\":\"https:\/\/www.estrategiaconcursos.com.br\/blog\/#\/schema\/logo\/image\/\"},\"sameAs\":[\"https:\/\/x.com\/EstratConcursos\"]},{\"@type\":\"Person\",\"@id\":\"https:\/\/www.estrategiaconcursos.com.br\/blog\/#\/schema\/person\/c32e47dba2159cafe7796a9569a6ff7e\",\"name\":\"Ricardo Vale\",\"image\":{\"@type\":\"ImageObject\",\"inLanguage\":\"pt-BR\",\"@id\":\"https:\/\/secure.gravatar.com\/avatar\/e5a5658c798bb49dd53314263f59f38c192d73370fb65839a372c2ae9027be74?s=96&d=mm&r=g\",\"url\":\"https:\/\/secure.gravatar.com\/avatar\/e5a5658c798bb49dd53314263f59f38c192d73370fb65839a372c2ae9027be74?s=96&d=mm&r=g\",\"contentUrl\":\"https:\/\/secure.gravatar.com\/avatar\/e5a5658c798bb49dd53314263f59f38c192d73370fb65839a372c2ae9027be74?s=96&d=mm&r=g\",\"caption\":\"Ricardo Vale\"},\"sameAs\":[\"https:\/\/www.facebook.com\/rvale01\",\"https:\/\/x.com\/https:\/\/twitter.com\/EstratConcursos\"],\"url\":\"https:\/\/www.estrategiaconcursos.com.br\/blog\/author\/ricardovaleestrategiaconcursos-com-br\/\"}]}<\/script>\n<!-- \/ Yoast SEO Premium plugin. -->","yoast_head_json":{"title":"Gabarito Extraoficial - Direito Constitucional SEFAZ-RS - T\u00e9cnico Tribut\u00e1rio","robots":{"index":"index","follow":"follow","max-snippet":"max-snippet:-1","max-image-preview":"max-image-preview:large","max-video-preview":"max-video-preview:-1"},"canonical":"https:\/\/www.estrategiaconcursos.com.br\/blog\/gabarito-extraoficial-direito-constitucional-sefaz-rs-tecnico-tributario\/","og_locale":"pt_BR","og_type":"article","og_title":"Gabarito Extraoficial - Direito Constitucional SEFAZ-RS - T\u00e9cnico Tribut\u00e1rio","og_description":"Ol\u00e1, pessoal! Tudo bem? Nesse domingo (02\/12), foi realizada a prova da SEFAZ-RS. A seguir, irei comentar a prova de Direito Constitucional do cargo de T\u00e9cnico Tribut\u00e1rio. A prova foi em um n\u00edvel bem tranquilo, com 2 quest\u00f5es um pouco mais dif\u00edceis. Abra\u00e7os, Ricardo Vale &#8220;O segredo do sucesso \u00e9 a const\u00e2ncia no objetivo&#8221; INSTAGRAM: [&hellip;]","og_url":"https:\/\/www.estrategiaconcursos.com.br\/blog\/gabarito-extraoficial-direito-constitucional-sefaz-rs-tecnico-tributario\/","og_site_name":"Estrat\u00e9gia Concursos","article_author":"https:\/\/www.facebook.com\/rvale01","article_published_time":"2018-12-02T23:03:51+00:00","article_modified_time":"2019-04-16T12:42:23+00:00","author":"Ricardo Vale","twitter_card":"summary_large_image","twitter_creator":"@https:\/\/twitter.com\/EstratConcursos","twitter_site":"@EstratConcursos","twitter_misc":{"Escrito por":"Ricardo Vale","Est. tempo de leitura":"7 minutos"},"schema":{"@context":"https:\/\/schema.org","@graph":[{"@type":"NewsArticle","@id":"https:\/\/www.estrategiaconcursos.com.br\/blog\/gabarito-extraoficial-direito-constitucional-sefaz-rs-tecnico-tributario\/#article","isPartOf":{"@id":"https:\/\/www.estrategiaconcursos.com.br\/blog\/gabarito-extraoficial-direito-constitucional-sefaz-rs-tecnico-tributario\/"},"author":{"name":"Ricardo Vale","@id":"https:\/\/www.estrategiaconcursos.com.br\/blog\/#\/schema\/person\/c32e47dba2159cafe7796a9569a6ff7e"},"headline":"Gabarito Extraoficial &#8211; Direito Constitucional SEFAZ-RS &#8211; T\u00e9cnico Tribut\u00e1rio","datePublished":"2018-12-02T23:03:51+00:00","dateModified":"2019-04-16T12:42:23+00:00","mainEntityOfPage":{"@id":"https:\/\/www.estrategiaconcursos.com.br\/blog\/gabarito-extraoficial-direito-constitucional-sefaz-rs-tecnico-tributario\/"},"wordCount":1364,"commentCount":1,"publisher":{"@id":"https:\/\/www.estrategiaconcursos.com.br\/blog\/#organization"},"articleSection":["Concursos P\u00fablicos"],"inLanguage":"pt-BR","potentialAction":[{"@type":"CommentAction","name":"Comment","target":["https:\/\/www.estrategiaconcursos.com.br\/blog\/gabarito-extraoficial-direito-constitucional-sefaz-rs-tecnico-tributario\/#respond"]}],"copyrightYear":"2018","copyrightHolder":{"@id":"https:\/\/www.estrategiaconcursos.com.br\/blog\/#organization"}},{"@type":"WebPage","@id":"https:\/\/www.estrategiaconcursos.com.br\/blog\/gabarito-extraoficial-direito-constitucional-sefaz-rs-tecnico-tributario\/","url":"https:\/\/www.estrategiaconcursos.com.br\/blog\/gabarito-extraoficial-direito-constitucional-sefaz-rs-tecnico-tributario\/","name":"Gabarito Extraoficial - Direito Constitucional SEFAZ-RS - T\u00e9cnico Tribut\u00e1rio","isPartOf":{"@id":"https:\/\/www.estrategiaconcursos.com.br\/blog\/#website"},"datePublished":"2018-12-02T23:03:51+00:00","dateModified":"2019-04-16T12:42:23+00:00","breadcrumb":{"@id":"https:\/\/www.estrategiaconcursos.com.br\/blog\/gabarito-extraoficial-direito-constitucional-sefaz-rs-tecnico-tributario\/#breadcrumb"},"inLanguage":"pt-BR","potentialAction":[{"@type":"ReadAction","target":["https:\/\/www.estrategiaconcursos.com.br\/blog\/gabarito-extraoficial-direito-constitucional-sefaz-rs-tecnico-tributario\/"]}]},{"@type":"BreadcrumbList","@id":"https:\/\/www.estrategiaconcursos.com.br\/blog\/gabarito-extraoficial-direito-constitucional-sefaz-rs-tecnico-tributario\/#breadcrumb","itemListElement":[{"@type":"ListItem","position":1,"name":"In\u00edcio","item":"https:\/\/www.estrategiaconcursos.com.br\/blog\/"},{"@type":"ListItem","position":2,"name":"Gabarito Extraoficial &#8211; Direito Constitucional SEFAZ-RS &#8211; T\u00e9cnico Tribut\u00e1rio"}]},{"@type":"WebSite","@id":"https:\/\/www.estrategiaconcursos.com.br\/blog\/#website","url":"https:\/\/www.estrategiaconcursos.com.br\/blog\/","name":"Estrat\u00e9gia Concursos","description":"O blog da Estrat\u00e9gia Concursos traz not\u00edcias sobre concursos e artigos de professores oferecendo cursos para concursos (pdf + videaulas) no site.","publisher":{"@id":"https:\/\/www.estrategiaconcursos.com.br\/blog\/#organization"},"potentialAction":[{"@type":"SearchAction","target":{"@type":"EntryPoint","urlTemplate":"https:\/\/www.estrategiaconcursos.com.br\/blog\/?s={search_term_string}"},"query-input":{"@type":"PropertyValueSpecification","valueRequired":true,"valueName":"search_term_string"}}],"inLanguage":"pt-BR"},{"@type":"Organization","@id":"https:\/\/www.estrategiaconcursos.com.br\/blog\/#organization","name":"Estrat\u00e9gia Concursos","url":"https:\/\/www.estrategiaconcursos.com.br\/blog\/","logo":{"@type":"ImageObject","inLanguage":"pt-BR","@id":"https:\/\/www.estrategiaconcursos.com.br\/blog\/#\/schema\/logo\/image\/","url":"https:\/\/dhg1h5j42swfq.cloudfront.net\/2025\/06\/03203428\/logo_concursos-1.jpg","contentUrl":"https:\/\/dhg1h5j42swfq.cloudfront.net\/2025\/06\/03203428\/logo_concursos-1.jpg","width":230,"height":60,"caption":"Estrat\u00e9gia Concursos"},"image":{"@id":"https:\/\/www.estrategiaconcursos.com.br\/blog\/#\/schema\/logo\/image\/"},"sameAs":["https:\/\/x.com\/EstratConcursos"]},{"@type":"Person","@id":"https:\/\/www.estrategiaconcursos.com.br\/blog\/#\/schema\/person\/c32e47dba2159cafe7796a9569a6ff7e","name":"Ricardo Vale","image":{"@type":"ImageObject","inLanguage":"pt-BR","@id":"https:\/\/secure.gravatar.com\/avatar\/e5a5658c798bb49dd53314263f59f38c192d73370fb65839a372c2ae9027be74?s=96&d=mm&r=g","url":"https:\/\/secure.gravatar.com\/avatar\/e5a5658c798bb49dd53314263f59f38c192d73370fb65839a372c2ae9027be74?s=96&d=mm&r=g","contentUrl":"https:\/\/secure.gravatar.com\/avatar\/e5a5658c798bb49dd53314263f59f38c192d73370fb65839a372c2ae9027be74?s=96&d=mm&r=g","caption":"Ricardo Vale"},"sameAs":["https:\/\/www.facebook.com\/rvale01","https:\/\/x.com\/https:\/\/twitter.com\/EstratConcursos"],"url":"https:\/\/www.estrategiaconcursos.com.br\/blog\/author\/ricardovaleestrategiaconcursos-com-br\/"}]}},"_links":{"self":[{"href":"https:\/\/www.estrategiaconcursos.com.br\/blog\/wp-json\/wp\/v2\/posts\/154032","targetHints":{"allow":["GET"]}}],"collection":[{"href":"https:\/\/www.estrategiaconcursos.com.br\/blog\/wp-json\/wp\/v2\/posts"}],"about":[{"href":"https:\/\/www.estrategiaconcursos.com.br\/blog\/wp-json\/wp\/v2\/types\/post"}],"author":[{"embeddable":true,"href":"https:\/\/www.estrategiaconcursos.com.br\/blog\/wp-json\/wp\/v2\/users\/26"}],"replies":[{"embeddable":true,"href":"https:\/\/www.estrategiaconcursos.com.br\/blog\/wp-json\/wp\/v2\/comments?post=154032"}],"version-history":[{"count":1,"href":"https:\/\/www.estrategiaconcursos.com.br\/blog\/wp-json\/wp\/v2\/posts\/154032\/revisions"}],"predecessor-version":[{"id":154035,"href":"https:\/\/www.estrategiaconcursos.com.br\/blog\/wp-json\/wp\/v2\/posts\/154032\/revisions\/154035"}],"wp:attachment":[{"href":"https:\/\/www.estrategiaconcursos.com.br\/blog\/wp-json\/wp\/v2\/media?parent=154032"}],"wp:term":[{"taxonomy":"category","embeddable":true,"href":"https:\/\/www.estrategiaconcursos.com.br\/blog\/wp-json\/wp\/v2\/categories?post=154032"},{"taxonomy":"post_tag","embeddable":true,"href":"https:\/\/www.estrategiaconcursos.com.br\/blog\/wp-json\/wp\/v2\/tags?post=154032"},{"taxonomy":"tax_estado","embeddable":true,"href":"https:\/\/www.estrategiaconcursos.com.br\/blog\/wp-json\/wp\/v2\/tax_estado?post=154032"}],"curies":[{"name":"wp","href":"https:\/\/api.w.org\/{rel}","templated":true}]}}