{"id":154019,"date":"2018-12-02T19:46:20","date_gmt":"2018-12-02T22:46:20","guid":{"rendered":"https:\/\/www.estrategiaconcursos.com.br\/blog\/?p=154019"},"modified":"2019-04-16T09:42:24","modified_gmt":"2019-04-16T12:42:24","slug":"gabarito-sefaz-rs-extraoficial-direito-penal","status":"publish","type":"post","link":"https:\/\/www.estrategiaconcursos.com.br\/blog\/gabarito-sefaz-rs-extraoficial-direito-penal\/","title":{"rendered":"GABARITO SEFAZ RS &#8211; Extraoficial &#8211; Direito Penal"},"content":{"rendered":"<p style=\"text-align: center\"><span style=\"color: #0000ff\"><b>GABARITO SEFAZ RS (T\u00c9CNICO)<\/b><\/span><\/p>\n<p style=\"text-align: justify\">Ol\u00e1, pessoal<\/p>\n<p style=\"text-align: justify\">Para quem n\u00e3o me conhece ainda, meu nome \u00e9 <strong>Renan Araujo<\/strong> e sou professor aqui no Estrat\u00e9gia Concursos, lecionando as mat\u00e9rias de Direito Penal e Processual Penal.<\/p>\n<p style=\"text-align: justify\">Antes de prosseguir, <span style=\"color: #ff0000\"><strong>convido voc\u00ea a me seguir no INSTAGRAM<\/strong><\/span>:<strong>\u00a0<a href=\"http:\/\/www.instagram.com\/profrenanaraujo\/?hl=pt-br\">Instagram do Prof. Renan Araujo<\/a><\/strong><\/p>\n<p style=\"text-align: justify\">Neste artigo vamos comentar as quest\u00f5es de Direito Penal cobradas pelo CESPE no concurso da SEFAZ RS, neste domingo, dia 02.12.2018, para o cargo de T\u00e9cnico.<\/p>\n<p style=\"text-align: justify\">Todas as quest\u00f5es foram exaustivamente abordadas em nosso curso, e tenho certeza de que nossos alunos se sa\u00edram bem.<\/p>\n<p style=\"text-align: justify\">Acompanhe tamb\u00e9m a corre\u00e7\u00e3o em v\u00eddeo:<\/p>\n<div class=\"lyte-wrapper\" style=\"width:853px;max-width:100%;margin:5px;\"><div class=\"lyMe\" id=\"WYL_V47T-TNUSm4\"><div id=\"lyte_V47T-TNUSm4\" data-src=\"\/\/i.ytimg.com\/vi\/V47T-TNUSm4\/hqdefault.jpg\" class=\"pL\"><div class=\"tC\"><div class=\"tT\"><\/div><\/div><div class=\"play\"><\/div><div class=\"ctrl\"><div class=\"Lctrl\"><\/div><div class=\"Rctrl\"><\/div><\/div><\/div><noscript><a href=\"https:\/\/youtu.be\/V47T-TNUSm4\" rel=\"nofollow\"><img loading=\"lazy\" decoding=\"async\" src=\"https:\/\/i.ytimg.com\/vi\/V47T-TNUSm4\/0.jpg\" alt=\"YouTube video thumbnail\" width=\"853\" height=\"460\" \/><br \/>Assista a este v\u00eddeo no YouTube<\/a><\/noscript><\/div><\/div><div class=\"lL\" style=\"max-width:100%;width:853px;margin:5px;\"><\/div><\/p>\n<p style=\"text-align: justify\"><span style=\"color: #000000\">Vamos aos coment\u00e1rios:<\/span><\/p>\n<p>&nbsp;<\/p>\n<p><img loading=\"lazy\" decoding=\"async\" class=\"aligncenter size-full wp-image-154023\" src=\"https:\/\/dhg1h5j42swfq.cloudfront.net\/2018\/12\/02194450\/Q51-52.png\" alt=\"\" width=\"381\" height=\"604\" srcset=\"https:\/\/dhg1h5j42swfq.cloudfront.net\/2018\/12\/02194450\/Q51-52.png 381w, https:\/\/dhg1h5j42swfq.cloudfront.net\/2018\/12\/02194450\/Q51-52.png 189w\" sizes=\"auto, (max-width: 381px) 100vw, 381px\" \/><\/p>\n<p style=\"text-align: justify\"><strong>51 (CESPE \u2013 SEFAZ RS \u2013 T\u00c9CNICO \u2013 2018)<\/strong><\/p>\n<p style=\"text-align: justify\"><strong>COMENT\u00c1RIOS<\/strong><\/p>\n<p style=\"text-align: justify\">O agente, neste caso, agiu com culpa consciente. N\u00e3o h\u00e1 que se falar em dolo eventual, pois no dolo eventual o agente prev\u00ea a possibilidade de ocorr\u00eancia do resultado e pouco se importa caso, de fato, ocorra.<\/p>\n<p style=\"text-align: justify\"><strong>GABARITO: Letra E<\/strong><\/p>\n<p style=\"text-align: justify\">\n<p style=\"text-align: justify\"><strong>52 (CESPE \u2013 SEFAZ RS \u2013 T\u00c9CNICO \u2013 2018)<\/strong><\/p>\n<p style=\"text-align: justify\"><strong>COMENT\u00c1RIOS<\/strong><\/p>\n<p style=\"text-align: justify\">Neste caso, Jo\u00e3o praticou o crime de falsa identidade, previsto no art. 307 do CP, e Caio praticou o crime de uso de documento falso, do art. 304 do CP.<\/p>\n<p style=\"text-align: justify\"><strong>GABARITO: Letra B<\/strong><\/p>\n<p style=\"text-align: justify\">\n<p><img loading=\"lazy\" decoding=\"async\" class=\"aligncenter size-full wp-image-154025\" src=\"https:\/\/dhg1h5j42swfq.cloudfront.net\/2018\/12\/02194503\/Q53-54.png\" alt=\"\" width=\"389\" height=\"478\" srcset=\"https:\/\/dhg1h5j42swfq.cloudfront.net\/2018\/12\/02194503\/Q53-54.png 389w, https:\/\/dhg1h5j42swfq.cloudfront.net\/2018\/12\/02194503\/Q53-54.png 244w\" sizes=\"auto, (max-width: 389px) 100vw, 389px\" \/><\/p>\n<p style=\"text-align: justify\"><strong>53 (CESPE \u2013 SEFAZ RS \u2013 T\u00c9CNICO \u2013 2018)<\/strong><\/p>\n<p style=\"text-align: justify\"><strong>COMENT\u00c1RIOS<\/strong><\/p>\n<p style=\"text-align: justify\">A alternativa correta \u00e9 a letra E, pois o peculato de uso, de acordo com a Doutrina majorit\u00e1ria, \u00e9 fato at\u00edpico, n\u00e3o configurando o crime do art. 312 do CP (peculato). Ademais, o peculato \u00e9 crime MATERIAL, admite a participa\u00e7\u00e3o de terceiros, estranhos ao servi\u00e7o p\u00fablico e n\u00e3o admite extin\u00e7\u00e3o da punibilidade pela repara\u00e7\u00e3o do dano (s\u00f3 h\u00e1 tal previs\u00e3o no peculato culposo).<\/p>\n<p style=\"text-align: justify\">N\u00e3o h\u00e1, ainda, possibilidade de participa\u00e7\u00e3o CULPOSA em peculato doloso. Caso o agente, sem querer, contribua para o peculato doloso de algu\u00e9m, responder\u00e1, de fato, por peculato culposo. Todavia, n\u00e3o haver\u00e1 concurso de agentes neste caso.<\/p>\n<p style=\"text-align: justify\"><strong>GABARITO: Letra E<\/strong><\/p>\n<p style=\"text-align: justify\">\n<p style=\"text-align: justify\"><strong>54 (CESPE \u2013 SEFAZ RS \u2013 T\u00c9CNICO \u2013 2018)<\/strong><\/p>\n<p style=\"text-align: justify\"><strong>COMENT\u00c1RIOS<\/strong><\/p>\n<p style=\"text-align: justify\">O conceito de funcion\u00e1rio p\u00fablico \u00e9 bastante abrangente, conforme art. 327 e seu \u00a71\u00ba (este traz o conceito de funcion\u00e1rio p\u00fablico por equipara\u00e7\u00e3o):<\/p>\n<p style=\"text-align: justify\">Funcion\u00e1rio p\u00fablico<\/p>\n<p style=\"text-align: justify\">Art. 327 &#8211; Considera-se funcion\u00e1rio p\u00fablico, para os efeitos penais, quem, embora transitoriamente ou sem remunera\u00e7\u00e3o, exerce cargo, emprego ou fun\u00e7\u00e3o p\u00fablica.<\/p>\n<p style=\"text-align: justify\">1\u00ba &#8211; Equipara-se a funcion\u00e1rio p\u00fablico quem exerce cargo, emprego ou fun\u00e7\u00e3o em entidade paraestatal, e quem trabalha para empresa prestadora de servi\u00e7o contratada ou conveniada para a execu\u00e7\u00e3o de atividade t\u00edpica da Administra\u00e7\u00e3o P\u00fablica. (Inclu\u00eddo pela Lei n\u00ba 9.983, de 2000)<\/p>\n<p style=\"text-align: justify\">Assim, aquele que trabalha para empresa prestadora de servi\u00e7o contratada ou conveniada para a presta\u00e7\u00e3o de servi\u00e7o p\u00fablico (atividade t\u00edpica da Administra\u00e7\u00e3o P\u00fablica) \u00e9 considerado funcion\u00e1rio p\u00fablico para fins penais.<\/p>\n<p style=\"text-align: justify\"><strong>GABARITO: Letra A<\/strong><\/p>\n<p style=\"text-align: justify\">\n<p><img loading=\"lazy\" decoding=\"async\" class=\"aligncenter size-full wp-image-154024\" src=\"https:\/\/dhg1h5j42swfq.cloudfront.net\/2018\/12\/02194456\/Q55-57.png\" alt=\"\" width=\"387\" height=\"524\" srcset=\"https:\/\/dhg1h5j42swfq.cloudfront.net\/2018\/12\/02194456\/Q55-57.png 387w, https:\/\/dhg1h5j42swfq.cloudfront.net\/2018\/12\/02194456\/Q55-57.png 222w\" sizes=\"auto, (max-width: 387px) 100vw, 387px\" \/><\/p>\n<p style=\"text-align: justify\"><strong>55 (CESPE \u2013 SEFAZ RS \u2013 T\u00c9CNICO \u2013 2018)<\/strong><\/p>\n<p style=\"text-align: justify\"><strong>COMENT\u00c1RIOS<\/strong><\/p>\n<p style=\"text-align: justify\">O crime de concuss\u00e3o \u00e9 formal (n\u00e3o exige a obten\u00e7\u00e3o da vantagem indevida), n\u00e3o pun\u00edvel na forma doloso e \u00e9 crime pr\u00f3prio (exige condi\u00e7\u00e3o especial do sujeito ativo).<\/p>\n<p style=\"text-align: justify\">Ademais, o crime de concuss\u00e3o N\u00c3O \u00e9 crime permanente (crime que se prolonga no tempo), e admite tentativa.<\/p>\n<p style=\"text-align: justify\"><strong>GABARITO: Letra D<\/strong><\/p>\n<p style=\"text-align: justify\">\n<p style=\"text-align: justify\"><strong>56 (CESPE \u2013 SEFAZ RS \u2013 T\u00c9CNICO \u2013 2018)<\/strong><\/p>\n<p style=\"text-align: justify\"><strong>COMENT\u00c1RIOS<\/strong><\/p>\n<p style=\"text-align: justify\">A conduta \u00e9 formada por um elemento f\u00edsico (fazer ou n\u00e3o fazer, ou seja, a\u00e7\u00e3o ou omiss\u00e3o) e um elemento subjetivo (dolo ou culpa). Ausente qualquer deles, n\u00e3o haver\u00e1 conduta. Em caso de for\u00e7a maior ou caso fortuito, n\u00e3o haver\u00e1 dolo ou culpa, logo, n\u00e3o haver\u00e1 conduta. A embriaguez n\u00e3o afasta a conduta, a coa\u00e7\u00e3o f\u00edsica RESIST\u00cdVEL n\u00e3o afasta a conduta e a coa\u00e7\u00e3o MORAL irresist\u00edvel n\u00e3o afasta a conduta (afasta a culpabilidade).<\/p>\n<p style=\"text-align: justify\"><strong>GABARITO: Letra E<\/strong><\/p>\n<p style=\"text-align: justify\">\n<p style=\"text-align: justify\"><strong>57 (CESPE \u2013 SEFAZ RS \u2013 T\u00c9CNICO \u2013 2018)<\/strong><\/p>\n<p style=\"text-align: justify\"><strong>COMENT\u00c1RIOS<\/strong><\/p>\n<p style=\"text-align: justify\">Dentre as alternativas trazidas, apenas a letra D traz uma causa de exclus\u00e3o da culpabilidade, que \u00e9 o erro de proibi\u00e7\u00e3o escus\u00e1vel (ou inevit\u00e1vel), na forma do art. 21 do CP.<\/p>\n<p style=\"text-align: justify\"><strong>GABARITO: Letra D<\/strong><\/p>\n<p style=\"text-align: justify\">\n<p><img loading=\"lazy\" decoding=\"async\" class=\"aligncenter size-full wp-image-154027\" src=\"https:\/\/dhg1h5j42swfq.cloudfront.net\/2018\/12\/02194508\/Q58-60.png\" alt=\"\" width=\"437\" height=\"610\" srcset=\"https:\/\/dhg1h5j42swfq.cloudfront.net\/2018\/12\/02194508\/Q58-60.png 437w, https:\/\/dhg1h5j42swfq.cloudfront.net\/2018\/12\/02194508\/Q58-60.png 215w\" sizes=\"auto, (max-width: 437px) 100vw, 437px\" \/><\/p>\n<p style=\"text-align: justify\"><strong>58 (CESPE \u2013 SEFAZ RS \u2013 T\u00c9CNICO \u2013 2018)<\/strong><\/p>\n<p style=\"text-align: justify\"><strong>COMENT\u00c1RIOS<\/strong><\/p>\n<p style=\"text-align: justify\">Apesar de a reda\u00e7\u00e3o ser RUIM, dentre as alternativas apresentadas, sem d\u00favidas, a letra C \u00e9 a \u00fanica alternativa correta, eis que crimes permanentes podem ser praticados na forma tentada. Crimes habituais, culposo, preterdolosos e unissubsistentes n\u00e3o admitem tentativa.<\/p>\n<p style=\"text-align: justify\">H\u00e1 a hip\u00f3tese de culpa impr\u00f3pria, mas \u00e9 exce\u00e7\u00e3o da exce\u00e7\u00e3o da exce\u00e7\u00e3o, e tecnicamente n\u00e3o \u00e9 uma conduta culposa. Trata-se de conduta dolosa pun\u00edvel a t\u00edtulo de culpa por quest\u00e3o de pol\u00edtica criminal. N\u00e3o se deve trazer para a quest\u00e3o a hip\u00f3tese de culpa impr\u00f3pria se a quest\u00e3o n\u00e3o evidenciar que est\u00e1 aprofundando neste n\u00edvel.<\/p>\n<p style=\"text-align: justify\"><strong>GABARITO: Letra C<\/strong><\/p>\n<p style=\"text-align: justify\">\n<p style=\"text-align: justify\"><strong>59 (CESPE \u2013 SEFAZ RS \u2013 T\u00c9CNICO \u2013 2018)<\/strong><\/p>\n<p style=\"text-align: justify\"><strong>COMENT\u00c1RIOS<\/strong><\/p>\n<p style=\"text-align: justify\">A letra B \u00e9 a correta, eis que o estado de necessidade, por ser excludente de ilicitude, se comunica entre so agentes.<\/p>\n<p style=\"text-align: justify\">Ademais, a inevitabilidade da conduta \u00e9 um dos requisitos do estado de necessidade (errada a letra A).<\/p>\n<p style=\"text-align: justify\">Por fim, se o bem jur\u00eddico salvo \u00e9 de valor IGUAL OU SUPERIOR ao bem jur\u00eddico sacrificado, haver\u00e1 estado de necessidade justificante, ou seja, causa de exclus\u00e3o da ilicitude. O estado de necessidade exculpante, causa de exclus\u00e3o da culpabilidade, quando o bem jur\u00eddico sacrificado e o bem jur\u00eddico salvo s\u00e3o de valor igual, n\u00e3o est\u00e1 previsto no CP.<\/p>\n<p style=\"text-align: justify\"><strong>GABARITO: Letra B<\/strong><\/p>\n<p style=\"text-align: justify\">\n<p style=\"text-align: justify\"><strong>60 (CESPE \u2013 SEFAZ RS \u2013 T\u00c9CNICO \u2013 2018)<\/strong><\/p>\n<p style=\"text-align: justify\"><strong>COMENT\u00c1RIOS<\/strong><\/p>\n<p style=\"text-align: justify\">O crime que exige a ocorr\u00eancia do resultado natural\u00edstico para sua consuma\u00e7\u00e3o \u00e9 o crime MATERIAL.<\/p>\n<p style=\"text-align: justify\"><strong>GABARITO: Letra E<\/strong><\/p>\n<p style=\"text-align: justify\">\n<p style=\"text-align: justify\">\u00a0__________________<\/p>\n<p style=\"text-align: justify\">Se voc\u00ea quer conhecer mais do meu trabalho aqui no Estrat\u00e9gia Concursos, <a href=\"https:\/\/www.estrategiaconcursos.com.br\/cursosPorProfessor\/renan-araujo-3209\/\">clique aqui<\/a> e baixe, gratuitamente, as aulas demonstrativas dos meus cursos.<\/p>\n<p style=\"text-align: justify\"><strong>Bons estudos!<\/strong><\/p>\n<p style=\"text-align: justify\"><strong>Prof. Renan Araujo<\/strong><\/p>\n<p style=\"text-align: justify\"><strong>E-mail:\u00a0<\/strong><a href=\"mailto:profrenanaraujo@gmail.com\"><strong>prof<\/strong><\/a><strong>renanaraujo@gmail.com<\/strong><\/p>\n<p style=\"text-align: justify\"><strong>Facebook:\u00a0<\/strong><a href=\"http:\/\/www.facebook.com\/profrenanaraujoestrategia\"><strong>www.facebook.com\/profrenanaraujoestrategia<\/strong><\/a><\/p>\n<p style=\"text-align: justify\"><strong>Instagram:\u00a0<\/strong><a href=\"http:\/\/www.instagram.com\/profrenanaraujo\/?hl=pt-br\"><strong>www.instagram.com\/profrenanaraujo\/?hl=pt-br<\/strong><\/a><\/p>\n<p style=\"text-align: justify\"><strong>Youtube:\u00a0<\/strong><a href=\"http:\/\/www.youtube.com\/channel\/UClIFS2cyREWT35OELN8wcFQ\"><strong>www.youtube.com\/channel\/UClIFS2cyREWT35OELN8wcFQ<\/strong><\/a><\/p>\n","protected":false},"excerpt":{"rendered":"<p>GABARITO SEFAZ RS (T\u00c9CNICO) Ol\u00e1, pessoal Para quem n\u00e3o me conhece ainda, meu nome \u00e9 Renan Araujo e sou professor aqui no Estrat\u00e9gia Concursos, lecionando as mat\u00e9rias de Direito Penal e Processual Penal. Antes de prosseguir, convido voc\u00ea a me seguir no INSTAGRAM:\u00a0Instagram do Prof. Renan Araujo Neste artigo vamos comentar as quest\u00f5es de Direito [&hellip;]<\/p>\n","protected":false},"author":39,"featured_media":0,"comment_status":"open","ping_status":"closed","sticky":false,"template":"","format":"standard","meta":{"post_tipo":"article","footnotes":""},"categories":[1],"tags":[],"tax_estado":[],"class_list":["post-154019","post","type-post","status-publish","format-standard","hentry","category-cursos-e-concursos"],"acf":[],"yoast_head":"<!-- This site is optimized with the Yoast SEO Premium plugin v27.2 (Yoast SEO v27.2) - https:\/\/yoast.com\/product\/yoast-seo-premium-wordpress\/ -->\n<title>GABARITO SEFAZ RS - Extraoficial - Direito Penal<\/title>\n<meta name=\"robots\" content=\"index, follow, max-snippet:-1, max-image-preview:large, max-video-preview:-1\" \/>\n<link rel=\"canonical\" href=\"https:\/\/www.estrategiaconcursos.com.br\/blog\/gabarito-sefaz-rs-extraoficial-direito-penal\/\" \/>\n<meta property=\"og:locale\" content=\"pt_BR\" \/>\n<meta property=\"og:type\" content=\"article\" \/>\n<meta property=\"og:title\" content=\"GABARITO SEFAZ RS - Extraoficial - Direito Penal\" \/>\n<meta property=\"og:description\" content=\"GABARITO SEFAZ RS (T\u00c9CNICO) Ol\u00e1, pessoal Para quem n\u00e3o me conhece ainda, meu nome \u00e9 Renan Araujo e sou professor aqui no Estrat\u00e9gia Concursos, lecionando as mat\u00e9rias de Direito Penal e Processual Penal. Antes de prosseguir, convido voc\u00ea a me seguir no INSTAGRAM:\u00a0Instagram do Prof. Renan Araujo Neste artigo vamos comentar as quest\u00f5es de Direito [&hellip;]\" \/>\n<meta property=\"og:url\" content=\"https:\/\/www.estrategiaconcursos.com.br\/blog\/gabarito-sefaz-rs-extraoficial-direito-penal\/\" \/>\n<meta property=\"og:site_name\" content=\"Estrat\u00e9gia Concursos\" \/>\n<meta property=\"article:published_time\" content=\"2018-12-02T22:46:20+00:00\" \/>\n<meta property=\"article:modified_time\" content=\"2019-04-16T12:42:24+00:00\" \/>\n<meta property=\"og:image\" content=\"https:\/\/www.estrategiaconcursos.com.br\/blog\/wp-content\/uploads\/2018\/12\/Q51-52.png\" \/>\n<meta name=\"author\" content=\"Renan Araujo\" \/>\n<meta name=\"twitter:card\" content=\"summary_large_image\" \/>\n<meta name=\"twitter:creator\" content=\"@EstratConcursos\" \/>\n<meta name=\"twitter:site\" content=\"@EstratConcursos\" \/>\n<meta name=\"twitter:label1\" content=\"Escrito por\" \/>\n\t<meta name=\"twitter:data1\" content=\"Renan Araujo\" \/>\n\t<meta name=\"twitter:label2\" content=\"Est. tempo de leitura\" \/>\n\t<meta name=\"twitter:data2\" content=\"5 minutos\" \/>\n<script type=\"application\/ld+json\" class=\"yoast-schema-graph\">{\"@context\":\"https:\/\/schema.org\",\"@graph\":[{\"@type\":\"NewsArticle\",\"@id\":\"https:\/\/www.estrategiaconcursos.com.br\/blog\/gabarito-sefaz-rs-extraoficial-direito-penal\/#article\",\"isPartOf\":{\"@id\":\"https:\/\/www.estrategiaconcursos.com.br\/blog\/gabarito-sefaz-rs-extraoficial-direito-penal\/\"},\"author\":{\"name\":\"Renan Araujo\",\"@id\":\"https:\/\/www.estrategiaconcursos.com.br\/blog\/#\/schema\/person\/1a7a7af72da82939a6308b2ee292162b\"},\"headline\":\"GABARITO SEFAZ RS &#8211; Extraoficial &#8211; Direito Penal\",\"datePublished\":\"2018-12-02T22:46:20+00:00\",\"dateModified\":\"2019-04-16T12:42:24+00:00\",\"mainEntityOfPage\":{\"@id\":\"https:\/\/www.estrategiaconcursos.com.br\/blog\/gabarito-sefaz-rs-extraoficial-direito-penal\/\"},\"wordCount\":1007,\"commentCount\":0,\"publisher\":{\"@id\":\"https:\/\/www.estrategiaconcursos.com.br\/blog\/#organization\"},\"image\":{\"@id\":\"https:\/\/www.estrategiaconcursos.com.br\/blog\/gabarito-sefaz-rs-extraoficial-direito-penal\/#primaryimage\"},\"thumbnailUrl\":\"https:\/\/www.estrategiaconcursos.com.br\/blog\/wp-content\/uploads\/2018\/12\/Q51-52.png\",\"articleSection\":[\"Concursos P\u00fablicos\"],\"inLanguage\":\"pt-BR\",\"potentialAction\":[{\"@type\":\"CommentAction\",\"name\":\"Comment\",\"target\":[\"https:\/\/www.estrategiaconcursos.com.br\/blog\/gabarito-sefaz-rs-extraoficial-direito-penal\/#respond\"]}],\"copyrightYear\":\"2018\",\"copyrightHolder\":{\"@id\":\"https:\/\/www.estrategiaconcursos.com.br\/blog\/#organization\"}},{\"@type\":\"WebPage\",\"@id\":\"https:\/\/www.estrategiaconcursos.com.br\/blog\/gabarito-sefaz-rs-extraoficial-direito-penal\/\",\"url\":\"https:\/\/www.estrategiaconcursos.com.br\/blog\/gabarito-sefaz-rs-extraoficial-direito-penal\/\",\"name\":\"GABARITO SEFAZ RS - Extraoficial - Direito Penal\",\"isPartOf\":{\"@id\":\"https:\/\/www.estrategiaconcursos.com.br\/blog\/#website\"},\"primaryImageOfPage\":{\"@id\":\"https:\/\/www.estrategiaconcursos.com.br\/blog\/gabarito-sefaz-rs-extraoficial-direito-penal\/#primaryimage\"},\"image\":{\"@id\":\"https:\/\/www.estrategiaconcursos.com.br\/blog\/gabarito-sefaz-rs-extraoficial-direito-penal\/#primaryimage\"},\"thumbnailUrl\":\"https:\/\/www.estrategiaconcursos.com.br\/blog\/wp-content\/uploads\/2018\/12\/Q51-52.png\",\"datePublished\":\"2018-12-02T22:46:20+00:00\",\"dateModified\":\"2019-04-16T12:42:24+00:00\",\"breadcrumb\":{\"@id\":\"https:\/\/www.estrategiaconcursos.com.br\/blog\/gabarito-sefaz-rs-extraoficial-direito-penal\/#breadcrumb\"},\"inLanguage\":\"pt-BR\",\"potentialAction\":[{\"@type\":\"ReadAction\",\"target\":[\"https:\/\/www.estrategiaconcursos.com.br\/blog\/gabarito-sefaz-rs-extraoficial-direito-penal\/\"]}]},{\"@type\":\"ImageObject\",\"inLanguage\":\"pt-BR\",\"@id\":\"https:\/\/www.estrategiaconcursos.com.br\/blog\/gabarito-sefaz-rs-extraoficial-direito-penal\/#primaryimage\",\"url\":\"https:\/\/dhg1h5j42swfq.cloudfront.net\/2018\/12\/02194450\/Q51-52.png\",\"contentUrl\":\"https:\/\/dhg1h5j42swfq.cloudfront.net\/2018\/12\/02194450\/Q51-52.png\",\"width\":381,\"height\":604},{\"@type\":\"BreadcrumbList\",\"@id\":\"https:\/\/www.estrategiaconcursos.com.br\/blog\/gabarito-sefaz-rs-extraoficial-direito-penal\/#breadcrumb\",\"itemListElement\":[{\"@type\":\"ListItem\",\"position\":1,\"name\":\"In\u00edcio\",\"item\":\"https:\/\/www.estrategiaconcursos.com.br\/blog\/\"},{\"@type\":\"ListItem\",\"position\":2,\"name\":\"GABARITO SEFAZ RS &#8211; Extraoficial &#8211; Direito Penal\"}]},{\"@type\":\"WebSite\",\"@id\":\"https:\/\/www.estrategiaconcursos.com.br\/blog\/#website\",\"url\":\"https:\/\/www.estrategiaconcursos.com.br\/blog\/\",\"name\":\"Estrat\u00e9gia Concursos\",\"description\":\"O blog da Estrat\u00e9gia Concursos traz not\u00edcias sobre concursos e artigos de professores oferecendo cursos para concursos (pdf + videaulas) no site.\",\"publisher\":{\"@id\":\"https:\/\/www.estrategiaconcursos.com.br\/blog\/#organization\"},\"potentialAction\":[{\"@type\":\"SearchAction\",\"target\":{\"@type\":\"EntryPoint\",\"urlTemplate\":\"https:\/\/www.estrategiaconcursos.com.br\/blog\/?s={search_term_string}\"},\"query-input\":{\"@type\":\"PropertyValueSpecification\",\"valueRequired\":true,\"valueName\":\"search_term_string\"}}],\"inLanguage\":\"pt-BR\"},{\"@type\":\"Organization\",\"@id\":\"https:\/\/www.estrategiaconcursos.com.br\/blog\/#organization\",\"name\":\"Estrat\u00e9gia Concursos\",\"url\":\"https:\/\/www.estrategiaconcursos.com.br\/blog\/\",\"logo\":{\"@type\":\"ImageObject\",\"inLanguage\":\"pt-BR\",\"@id\":\"https:\/\/www.estrategiaconcursos.com.br\/blog\/#\/schema\/logo\/image\/\",\"url\":\"https:\/\/dhg1h5j42swfq.cloudfront.net\/2025\/06\/03203428\/logo_concursos-1.jpg\",\"contentUrl\":\"https:\/\/dhg1h5j42swfq.cloudfront.net\/2025\/06\/03203428\/logo_concursos-1.jpg\",\"width\":230,\"height\":60,\"caption\":\"Estrat\u00e9gia Concursos\"},\"image\":{\"@id\":\"https:\/\/www.estrategiaconcursos.com.br\/blog\/#\/schema\/logo\/image\/\"},\"sameAs\":[\"https:\/\/x.com\/EstratConcursos\"]},{\"@type\":\"Person\",\"@id\":\"https:\/\/www.estrategiaconcursos.com.br\/blog\/#\/schema\/person\/1a7a7af72da82939a6308b2ee292162b\",\"name\":\"Renan Araujo\",\"image\":{\"@type\":\"ImageObject\",\"inLanguage\":\"pt-BR\",\"@id\":\"https:\/\/secure.gravatar.com\/avatar\/ca6cb9ba5a547fbe93c05c63d6103dff6c2566555a601f1efb8590a69fb9ed76?s=96&d=mm&r=g\",\"url\":\"https:\/\/secure.gravatar.com\/avatar\/ca6cb9ba5a547fbe93c05c63d6103dff6c2566555a601f1efb8590a69fb9ed76?s=96&d=mm&r=g\",\"contentUrl\":\"https:\/\/secure.gravatar.com\/avatar\/ca6cb9ba5a547fbe93c05c63d6103dff6c2566555a601f1efb8590a69fb9ed76?s=96&d=mm&r=g\",\"caption\":\"Renan Araujo\"},\"url\":\"https:\/\/www.estrategiaconcursos.com.br\/blog\/author\/renanaraujoestrategiaconcursos-com-br\/\"}]}<\/script>\n<!-- \/ Yoast SEO Premium plugin. -->","yoast_head_json":{"title":"GABARITO SEFAZ RS - Extraoficial - Direito Penal","robots":{"index":"index","follow":"follow","max-snippet":"max-snippet:-1","max-image-preview":"max-image-preview:large","max-video-preview":"max-video-preview:-1"},"canonical":"https:\/\/www.estrategiaconcursos.com.br\/blog\/gabarito-sefaz-rs-extraoficial-direito-penal\/","og_locale":"pt_BR","og_type":"article","og_title":"GABARITO SEFAZ RS - Extraoficial - Direito Penal","og_description":"GABARITO SEFAZ RS (T\u00c9CNICO) Ol\u00e1, pessoal Para quem n\u00e3o me conhece ainda, meu nome \u00e9 Renan Araujo e sou professor aqui no Estrat\u00e9gia Concursos, lecionando as mat\u00e9rias de Direito Penal e Processual Penal. Antes de prosseguir, convido voc\u00ea a me seguir no INSTAGRAM:\u00a0Instagram do Prof. Renan Araujo Neste artigo vamos comentar as quest\u00f5es de Direito [&hellip;]","og_url":"https:\/\/www.estrategiaconcursos.com.br\/blog\/gabarito-sefaz-rs-extraoficial-direito-penal\/","og_site_name":"Estrat\u00e9gia Concursos","article_published_time":"2018-12-02T22:46:20+00:00","article_modified_time":"2019-04-16T12:42:24+00:00","og_image":[{"url":"https:\/\/www.estrategiaconcursos.com.br\/blog\/wp-content\/uploads\/2018\/12\/Q51-52.png","type":"","width":"","height":""}],"author":"Renan Araujo","twitter_card":"summary_large_image","twitter_creator":"@EstratConcursos","twitter_site":"@EstratConcursos","twitter_misc":{"Escrito por":"Renan Araujo","Est. tempo de leitura":"5 minutos"},"schema":{"@context":"https:\/\/schema.org","@graph":[{"@type":"NewsArticle","@id":"https:\/\/www.estrategiaconcursos.com.br\/blog\/gabarito-sefaz-rs-extraoficial-direito-penal\/#article","isPartOf":{"@id":"https:\/\/www.estrategiaconcursos.com.br\/blog\/gabarito-sefaz-rs-extraoficial-direito-penal\/"},"author":{"name":"Renan Araujo","@id":"https:\/\/www.estrategiaconcursos.com.br\/blog\/#\/schema\/person\/1a7a7af72da82939a6308b2ee292162b"},"headline":"GABARITO SEFAZ RS &#8211; Extraoficial &#8211; Direito Penal","datePublished":"2018-12-02T22:46:20+00:00","dateModified":"2019-04-16T12:42:24+00:00","mainEntityOfPage":{"@id":"https:\/\/www.estrategiaconcursos.com.br\/blog\/gabarito-sefaz-rs-extraoficial-direito-penal\/"},"wordCount":1007,"commentCount":0,"publisher":{"@id":"https:\/\/www.estrategiaconcursos.com.br\/blog\/#organization"},"image":{"@id":"https:\/\/www.estrategiaconcursos.com.br\/blog\/gabarito-sefaz-rs-extraoficial-direito-penal\/#primaryimage"},"thumbnailUrl":"https:\/\/www.estrategiaconcursos.com.br\/blog\/wp-content\/uploads\/2018\/12\/Q51-52.png","articleSection":["Concursos P\u00fablicos"],"inLanguage":"pt-BR","potentialAction":[{"@type":"CommentAction","name":"Comment","target":["https:\/\/www.estrategiaconcursos.com.br\/blog\/gabarito-sefaz-rs-extraoficial-direito-penal\/#respond"]}],"copyrightYear":"2018","copyrightHolder":{"@id":"https:\/\/www.estrategiaconcursos.com.br\/blog\/#organization"}},{"@type":"WebPage","@id":"https:\/\/www.estrategiaconcursos.com.br\/blog\/gabarito-sefaz-rs-extraoficial-direito-penal\/","url":"https:\/\/www.estrategiaconcursos.com.br\/blog\/gabarito-sefaz-rs-extraoficial-direito-penal\/","name":"GABARITO SEFAZ RS - Extraoficial - Direito Penal","isPartOf":{"@id":"https:\/\/www.estrategiaconcursos.com.br\/blog\/#website"},"primaryImageOfPage":{"@id":"https:\/\/www.estrategiaconcursos.com.br\/blog\/gabarito-sefaz-rs-extraoficial-direito-penal\/#primaryimage"},"image":{"@id":"https:\/\/www.estrategiaconcursos.com.br\/blog\/gabarito-sefaz-rs-extraoficial-direito-penal\/#primaryimage"},"thumbnailUrl":"https:\/\/www.estrategiaconcursos.com.br\/blog\/wp-content\/uploads\/2018\/12\/Q51-52.png","datePublished":"2018-12-02T22:46:20+00:00","dateModified":"2019-04-16T12:42:24+00:00","breadcrumb":{"@id":"https:\/\/www.estrategiaconcursos.com.br\/blog\/gabarito-sefaz-rs-extraoficial-direito-penal\/#breadcrumb"},"inLanguage":"pt-BR","potentialAction":[{"@type":"ReadAction","target":["https:\/\/www.estrategiaconcursos.com.br\/blog\/gabarito-sefaz-rs-extraoficial-direito-penal\/"]}]},{"@type":"ImageObject","inLanguage":"pt-BR","@id":"https:\/\/www.estrategiaconcursos.com.br\/blog\/gabarito-sefaz-rs-extraoficial-direito-penal\/#primaryimage","url":"https:\/\/dhg1h5j42swfq.cloudfront.net\/2018\/12\/02194450\/Q51-52.png","contentUrl":"https:\/\/dhg1h5j42swfq.cloudfront.net\/2018\/12\/02194450\/Q51-52.png","width":381,"height":604},{"@type":"BreadcrumbList","@id":"https:\/\/www.estrategiaconcursos.com.br\/blog\/gabarito-sefaz-rs-extraoficial-direito-penal\/#breadcrumb","itemListElement":[{"@type":"ListItem","position":1,"name":"In\u00edcio","item":"https:\/\/www.estrategiaconcursos.com.br\/blog\/"},{"@type":"ListItem","position":2,"name":"GABARITO SEFAZ RS &#8211; Extraoficial &#8211; Direito Penal"}]},{"@type":"WebSite","@id":"https:\/\/www.estrategiaconcursos.com.br\/blog\/#website","url":"https:\/\/www.estrategiaconcursos.com.br\/blog\/","name":"Estrat\u00e9gia Concursos","description":"O blog da Estrat\u00e9gia Concursos traz not\u00edcias sobre concursos e artigos de professores oferecendo cursos para concursos (pdf + videaulas) no site.","publisher":{"@id":"https:\/\/www.estrategiaconcursos.com.br\/blog\/#organization"},"potentialAction":[{"@type":"SearchAction","target":{"@type":"EntryPoint","urlTemplate":"https:\/\/www.estrategiaconcursos.com.br\/blog\/?s={search_term_string}"},"query-input":{"@type":"PropertyValueSpecification","valueRequired":true,"valueName":"search_term_string"}}],"inLanguage":"pt-BR"},{"@type":"Organization","@id":"https:\/\/www.estrategiaconcursos.com.br\/blog\/#organization","name":"Estrat\u00e9gia Concursos","url":"https:\/\/www.estrategiaconcursos.com.br\/blog\/","logo":{"@type":"ImageObject","inLanguage":"pt-BR","@id":"https:\/\/www.estrategiaconcursos.com.br\/blog\/#\/schema\/logo\/image\/","url":"https:\/\/dhg1h5j42swfq.cloudfront.net\/2025\/06\/03203428\/logo_concursos-1.jpg","contentUrl":"https:\/\/dhg1h5j42swfq.cloudfront.net\/2025\/06\/03203428\/logo_concursos-1.jpg","width":230,"height":60,"caption":"Estrat\u00e9gia Concursos"},"image":{"@id":"https:\/\/www.estrategiaconcursos.com.br\/blog\/#\/schema\/logo\/image\/"},"sameAs":["https:\/\/x.com\/EstratConcursos"]},{"@type":"Person","@id":"https:\/\/www.estrategiaconcursos.com.br\/blog\/#\/schema\/person\/1a7a7af72da82939a6308b2ee292162b","name":"Renan Araujo","image":{"@type":"ImageObject","inLanguage":"pt-BR","@id":"https:\/\/secure.gravatar.com\/avatar\/ca6cb9ba5a547fbe93c05c63d6103dff6c2566555a601f1efb8590a69fb9ed76?s=96&d=mm&r=g","url":"https:\/\/secure.gravatar.com\/avatar\/ca6cb9ba5a547fbe93c05c63d6103dff6c2566555a601f1efb8590a69fb9ed76?s=96&d=mm&r=g","contentUrl":"https:\/\/secure.gravatar.com\/avatar\/ca6cb9ba5a547fbe93c05c63d6103dff6c2566555a601f1efb8590a69fb9ed76?s=96&d=mm&r=g","caption":"Renan Araujo"},"url":"https:\/\/www.estrategiaconcursos.com.br\/blog\/author\/renanaraujoestrategiaconcursos-com-br\/"}]}},"_links":{"self":[{"href":"https:\/\/www.estrategiaconcursos.com.br\/blog\/wp-json\/wp\/v2\/posts\/154019","targetHints":{"allow":["GET"]}}],"collection":[{"href":"https:\/\/www.estrategiaconcursos.com.br\/blog\/wp-json\/wp\/v2\/posts"}],"about":[{"href":"https:\/\/www.estrategiaconcursos.com.br\/blog\/wp-json\/wp\/v2\/types\/post"}],"author":[{"embeddable":true,"href":"https:\/\/www.estrategiaconcursos.com.br\/blog\/wp-json\/wp\/v2\/users\/39"}],"replies":[{"embeddable":true,"href":"https:\/\/www.estrategiaconcursos.com.br\/blog\/wp-json\/wp\/v2\/comments?post=154019"}],"version-history":[{"count":1,"href":"https:\/\/www.estrategiaconcursos.com.br\/blog\/wp-json\/wp\/v2\/posts\/154019\/revisions"}],"predecessor-version":[{"id":154029,"href":"https:\/\/www.estrategiaconcursos.com.br\/blog\/wp-json\/wp\/v2\/posts\/154019\/revisions\/154029"}],"wp:attachment":[{"href":"https:\/\/www.estrategiaconcursos.com.br\/blog\/wp-json\/wp\/v2\/media?parent=154019"}],"wp:term":[{"taxonomy":"category","embeddable":true,"href":"https:\/\/www.estrategiaconcursos.com.br\/blog\/wp-json\/wp\/v2\/categories?post=154019"},{"taxonomy":"post_tag","embeddable":true,"href":"https:\/\/www.estrategiaconcursos.com.br\/blog\/wp-json\/wp\/v2\/tags?post=154019"},{"taxonomy":"tax_estado","embeddable":true,"href":"https:\/\/www.estrategiaconcursos.com.br\/blog\/wp-json\/wp\/v2\/tax_estado?post=154019"}],"curies":[{"name":"wp","href":"https:\/\/api.w.org\/{rel}","templated":true}]}}