{"id":153924,"date":"2018-12-02T15:48:26","date_gmt":"2018-12-02T18:48:26","guid":{"rendered":"https:\/\/www.estrategiaconcursos.com.br\/blog\/?p=153924"},"modified":"2023-08-10T13:30:07","modified_gmt":"2023-08-10T16:30:07","slug":"gabarito-mp-pe-direito-penal-direito-processual-penal-legislacao-do-mp","status":"publish","type":"post","link":"https:\/\/www.estrategiaconcursos.com.br\/blog\/gabarito-mp-pe-direito-penal-direito-processual-penal-legislacao-do-mp\/","title":{"rendered":"GABARITO MP PE &#8211; Extraoficial &#8211; Direito Penal, Direito Processual Penal, Legisla\u00e7\u00e3o do MP"},"content":{"rendered":"<p style=\"text-align: center;\"><span style=\"color: #0000ff;\"><b>GABARITO MP PE (T\u00e9cnico)<\/b><\/span><\/p>\n<p style=\"text-align: justify;\">Ol\u00e1, pessoal<\/p>\n<p style=\"text-align: justify;\">Para quem n\u00e3o me conhece ainda, meu nome \u00e9 <strong>Renan Araujo<\/strong> e sou professor aqui no Estrat\u00e9gia Concursos, lecionando as mat\u00e9rias de Direito Penal e Processual Penal.<\/p>\n<p style=\"text-align: justify;\">Antes de prosseguir, <span style=\"color: #ff0000;\"><strong>convido voc\u00ea a me seguir no INSTAGRAM<\/strong><\/span>:<strong>\u00a0<a href=\"http:\/\/www.instagram.com\/profrenanaraujo\/?hl=pt-br\">Instagram do Prof. Renan Araujo<\/a><\/strong><\/p>\n<p style=\"text-align: justify;\">Neste artigo vamos comentar as quest\u00f5es de Direito Penal e Processual Penal que foram cobradas pela FCC neste domingo, 02.12.18, para o cargo de T\u00e9cnico Ministerial.<\/p>\n<p style=\"text-align: justify;\">Em colabora\u00e7\u00e3o com o Prof. Tiago Zanolla, irei comentar tamb\u00e9m duas das tr\u00eas quest\u00f5es de Legisla\u00e7\u00e3o do MP. A quest\u00e3o 19 ficar\u00e1 com o Prof. Ricardo Torques.<\/p>\n<p style=\"text-align: justify;\">Todas as quest\u00f5es foram exaustivamente abordadas em nosso curso, e tenho certeza de que nossos alunos se sa\u00edram bem.<\/p>\n<p style=\"text-align: justify;\"><span style=\"color: #000000;\">Vamos aos coment\u00e1rios:<\/span><\/p>\n<p style=\"text-align: justify;\"><img loading=\"lazy\" decoding=\"async\" class=\"aligncenter size-full wp-image-153932\" src=\"https:\/\/dhg1h5j42swfq.cloudfront.net\/2018\/12\/02154710\/Q18.png\" alt=\"\" width=\"593\" height=\"227\" srcset=\"https:\/\/dhg1h5j42swfq.cloudfront.net\/2018\/12\/02154710\/Q18.png 593w, https:\/\/dhg1h5j42swfq.cloudfront.net\/2018\/12\/02154710\/Q18.png 300w\" sizes=\"auto, (max-width: 593px) 100vw, 593px\" \/><\/p>\n<p style=\"text-align: justify;\"><strong>18 (FCC \u2013 2018 \u2013 GABARITO MP PE \u2013 T\u00c9CNICO)<\/strong><\/p>\n<p style=\"text-align: justify;\"><strong>COMENT\u00c1RIOS<\/strong><\/p>\n<p style=\"text-align: justify;\">O Corregedor ser\u00e1 eleito pelo CSMP-PE, para mandato de dois anos, vedada a recondu\u00e7\u00e3o. Vejamos:<\/p>\n<p style=\"text-align: justify;\">Art. 17. O Conselho Superior do Minist\u00e9rio P\u00fablico escolher\u00e1, em vota\u00e7\u00e3o secreta, o Corregedor Geral, dentre os membros titulares que o integram, em sess\u00e3o a ser realizada na mesma data da posse dos seus integrantes, para mandato de dois anos, vedada a recondu\u00e7\u00e3o. (Reda\u00e7\u00e3o alterada pelo art. 4\u00b0 da Lei Complementar n\u00b0 390, de 10 de setembro de 2018.)<\/p>\n<p style=\"text-align: justify;\">A letra E est\u00e1 correta e a letra A est\u00e1 errada, portanto.<\/p>\n<p style=\"text-align: justify;\">A letra B est\u00e1 errada porque o qu\u00f3rum \u00e9 de 2\/3 para destitui\u00e7\u00e3o, n\u00e3o 1\/3 apenas.<\/p>\n<p style=\"text-align: justify;\">A letra C est\u00e1 errada porque pode ser assessorado por at\u00e9 06 Promotores.<\/p>\n<p style=\"text-align: justify;\">A letra D est\u00e1 errada porque o pr\u00f3prio Corregedor indica o substituto, conforme art. 17, \u00a71\u00ba da LCE 12\/94.<\/p>\n<p style=\"text-align: justify;\"><strong>GABARITO: Letra E<\/strong><\/p>\n<p style=\"text-align: justify;\"><img loading=\"lazy\" decoding=\"async\" class=\"aligncenter size-full wp-image-153931\" src=\"https:\/\/dhg1h5j42swfq.cloudfront.net\/2018\/12\/02154708\/Q20.png\" alt=\"\" width=\"594\" height=\"179\" srcset=\"https:\/\/dhg1h5j42swfq.cloudfront.net\/2018\/12\/02154708\/Q20.png 594w, https:\/\/dhg1h5j42swfq.cloudfront.net\/2018\/12\/02154708\/Q20.png 300w\" sizes=\"auto, (max-width: 594px) 100vw, 594px\" \/><\/p>\n<p style=\"text-align: justify;\"><strong>20 (FCC \u2013 2018 \u2013 GABARITO MP PE \u2013 T\u00c9CNICO)<\/strong><\/p>\n<p style=\"text-align: justify;\"><strong>COMENT\u00c1RIOS<\/strong><\/p>\n<p style=\"text-align: justify;\">Neste caso, temos feminic\u00eddio, pois houve menosprezo ou discrimina\u00e7\u00e3o \u00e0 condi\u00e7\u00e3o de mulher, na forma do art. 121, 2\u00ba, VI c\/c art. 121, \u00a72\u00ba-A do CP. Ademais, a pena ser\u00e1 aumentada de um ter\u00e7o \u00e0 metade, por ter sido praticado nos 03 meses posteriores ao parto, conforme art. 121, \u00a77\u00ba do CP.<\/p>\n<p style=\"text-align: justify;\"><strong>GABARITO: Letra A<\/strong><\/p>\n<p style=\"text-align: justify;\"><img loading=\"lazy\" decoding=\"async\" class=\"aligncenter size-full wp-image-153930\" src=\"https:\/\/dhg1h5j42swfq.cloudfront.net\/2018\/12\/02154706\/QPENAL.png\" alt=\"\" width=\"795\" height=\"570\" srcset=\"https:\/\/dhg1h5j42swfq.cloudfront.net\/2018\/12\/02154706\/QPENAL.png 795w, https:\/\/dhg1h5j42swfq.cloudfront.net\/2018\/12\/02154706\/QPENAL.png 300w, https:\/\/dhg1h5j42swfq.cloudfront.net\/2018\/12\/02154706\/QPENAL.png 768w, https:\/\/dhg1h5j42swfq.cloudfront.net\/2018\/12\/02154706\/QPENAL.png 610w\" sizes=\"auto, (max-width: 795px) 100vw, 795px\" \/><\/p>\n<p style=\"text-align: justify;\"><strong>41 (FCC \u2013 2018 \u2013 GABARITO MP PE \u2013 T\u00c9CNICO)<\/strong><\/p>\n<p style=\"text-align: justify;\"><strong>COMENT\u00c1RIOS<\/strong><\/p>\n<p style=\"text-align: justify;\">O princ\u00edpio da ofensividade estabelece que n\u00e3o basta que o fato seja formalmente t\u00edpico (tenha previs\u00e3o legal como crime) para que possa ser considerado crime. \u00c9 necess\u00e1rio que este fato ofenda (por meio de uma les\u00e3o ou exposi\u00e7\u00e3o a risco de les\u00e3o), de maneira grave, o bem jur\u00eddico pretensamente protegido pela norma penal. Assim, condutas que n\u00e3o s\u00e3o capazes de afetar o bem jur\u00eddico s\u00e3o desprovidas de ofensividade e, portanto, n\u00e3o podem ser consideradas criminosas.<\/p>\n<p style=\"text-align: justify;\"><strong>GABARITO: Letra C<\/strong><\/p>\n<p style=\"text-align: justify;\"><strong>42 (FCC \u2013 2018 \u2013 GABARITO MP PE \u2013 T\u00c9CNICO)<\/strong><\/p>\n<p style=\"text-align: justify;\"><strong>COMENT\u00c1RIOS<\/strong><\/p>\n<p style=\"text-align: justify;\">Somente os itens I, III e IV est\u00e3o corretos, pois s\u00e3o causas de exclus\u00e3o da ilicitude, conforme art. 23, I e III do CP. Os itens II e V est\u00e3o errados, pois n\u00e3o s\u00e3o circunst\u00e2ncias capazes de afastar a responsabilidade penal.<\/p>\n<p style=\"text-align: justify;\"><strong>GABARITO: Letra E<\/strong><\/p>\n<p style=\"text-align: justify;\"><strong>\u00a0<\/strong><\/p>\n<p style=\"text-align: justify;\"><strong>43 (FCC \u2013 2018 \u2013 GABARITO MP PE \u2013 T\u00c9CNICO)<\/strong><\/p>\n<p style=\"text-align: justify;\"><strong>COMENT\u00c1RIOS<\/strong><\/p>\n<p style=\"text-align: justify;\">O funcion\u00e1rio, neste caso, deve responder pelo crime de concuss\u00e3o, em sua forma consumada, pois EXIGIU, para si, vantagem indevida em raz\u00e3o da fun\u00e7\u00e3o, conforme art. 316. O n\u00e3o recebimento da vantagem \u00e9 irrelevante para a consuma\u00e7\u00e3o.<\/p>\n<p style=\"text-align: justify;\"><strong>GABARITO: Letra D<\/strong><\/p>\n<p style=\"text-align: justify;\"><strong>\u00a0<\/strong><\/p>\n<p><img loading=\"lazy\" decoding=\"async\" class=\"aligncenter size-full wp-image-153929\" src=\"https:\/\/dhg1h5j42swfq.cloudfront.net\/2018\/12\/02154702\/QPROCESSOPENAL.png\" alt=\"\" width=\"717\" height=\"507\" srcset=\"https:\/\/dhg1h5j42swfq.cloudfront.net\/2018\/12\/02154702\/QPROCESSOPENAL.png 717w, https:\/\/dhg1h5j42swfq.cloudfront.net\/2018\/12\/02154702\/QPROCESSOPENAL.png 300w, https:\/\/dhg1h5j42swfq.cloudfront.net\/2018\/12\/02154702\/QPROCESSOPENAL.png 610w\" sizes=\"auto, (max-width: 717px) 100vw, 717px\" \/><\/p>\n<p style=\"text-align: justify;\"><strong>44 (FCC \u2013 2018 \u2013 GABARITO MP PE \u2013 T\u00c9CNICO)<\/strong><\/p>\n<p style=\"text-align: justify;\"><strong>COMENT\u00c1RIOS<\/strong><\/p>\n<p style=\"text-align: justify;\">A letra A \u00e9 a afirmativa correta, pois \u00e9 a exata previs\u00e3o do art. 268 do CPP:<\/p>\n<p style=\"text-align: justify;\">Art. 268.\u00a0 Em todos os termos da a\u00e7\u00e3o p\u00fablica, poder\u00e1 intervir, como assistente do Minist\u00e9rio P\u00fablico, o ofendido ou seu representante legal, ou, na falta, qualquer das pessoas mencionadas no Art. 31.<\/p>\n<p style=\"text-align: justify;\">A letra B est\u00e1 errada, pois a incompatibilidade vai apenas at\u00e9 o TERCEIRO grau, art. 253 do CPP.<\/p>\n<p style=\"text-align: justify;\">A letra C est\u00e1 errada, pois \u00e9 exatamente o oposto do que consta no art. 274 do CPP (aplicam-se aos serventu\u00e1rios e funcion\u00e1rios da Justi\u00e7a as disposi\u00e7\u00f5es sobre suspei\u00e7\u00e3o dos Ju\u00edzes).<\/p>\n<p style=\"text-align: justify;\">A letra D est\u00e1 errada, pois o corr\u00e9u N\u00c3O poder\u00e1 ser tamb\u00e9m assistente de acusa\u00e7\u00e3o, no mesmo processo, conforme art. 270 do CPP.<\/p>\n<p style=\"text-align: justify;\">A letra E est\u00e1 errada, pois nenhum acusado, ainda que ausente ou foragido, ser\u00e1 processado ou julgado sem defensor, conforme art. 261 do CPP.<\/p>\n<p style=\"text-align: justify;\"><strong>GABARITO: Letra A<\/strong><\/p>\n<p style=\"text-align: justify;\"><strong>\u00a0<\/strong><\/p>\n<p style=\"text-align: justify;\"><strong>\u00a0<\/strong><\/p>\n<p style=\"text-align: justify;\"><strong>45 (FCC \u2013 2018 \u2013 GABARITO MP PE \u2013 T\u00c9CNICO)<\/strong><\/p>\n<p style=\"text-align: justify;\"><strong>COMENT\u00c1RIOS<\/strong><\/p>\n<p style=\"text-align: justify;\">A Constitui\u00e7\u00e3o estabelece em seu art. 5\u00b0, LIII que:<\/p>\n<p style=\"text-align: justify;\">Art. 5\u00ba (&#8230;) LIII &#8211; ningu\u00e9m ser\u00e1 processado nem sentenciado sen\u00e3o pela autoridade competente;<\/p>\n<p style=\"text-align: justify;\">Assim, desse dispositivo constitucional podemos extrair o princ\u00edpio do Juiz Natural.<\/p>\n<p style=\"text-align: justify;\">O princ\u00edpio do Juiz Natural estabelece que toda pessoa tem direito de ser julgada por um \u00f3rg\u00e3o do Poder Judici\u00e1rio brasileiro, devidamente investido na fun\u00e7\u00e3o jurisdicional, cuja compet\u00eancia fora previamente definida. Assim, est\u00e1 <strong>vedada a forma\u00e7\u00e3o de Tribunal ou Ju\u00edzo de exce\u00e7\u00e3o<\/strong>, que s\u00e3o aqueles criados especificamente para o julgamento de um determinado caso. Este princ\u00edpio viria a ser, posteriormente, mais bem trabalhado pelo <strong>Direito norte-americano<\/strong>, ao exigir-se a fixa\u00e7\u00e3o pr\u00e9via da compet\u00eancia jurisdicional.<\/p>\n<p style=\"text-align: justify;\"><strong>GABARITO: Letra D<\/strong><\/p>\n<p style=\"text-align: justify;\"><strong>\u00a0<\/strong><\/p>\n<p style=\"text-align: justify;\"><strong>46 (FCC \u2013 2018 \u2013 GABARITO MP PE \u2013 T\u00c9CNICO)<\/strong><\/p>\n<p style=\"text-align: justify;\"><strong>COMENT\u00c1RIOS<\/strong><\/p>\n<p style=\"text-align: justify;\">a) ERRADA: Item errado, pois o r\u00e9u preso dever\u00e1 ser citado pessoalmente, conforme art. 360 do CPP.<\/p>\n<p style=\"text-align: justify;\">b) CORRETA: Item correto, pois esta \u00e9 a exata previs\u00e3o do art. 366 do CPP.<\/p>\n<p style=\"text-align: justify;\">c) ERRADA: Item errado, pois a cita\u00e7\u00e3o, neste caso, se dar\u00e1 por carta ROGAT\u00d3RIA, conforme art. 368 do CPP.<\/p>\n<p style=\"text-align: justify;\">d) ERRADA: Item errado, pois as intima\u00e7\u00f5es destes sujeitos ser\u00e3o realizadas por publica\u00e7\u00e3o no \u00f3rg\u00e3o oficial, conforme art. 370, \u00a71\u00ba do CPP.<\/p>\n<p style=\"text-align: justify;\">e) ERRADA: Item errado, pois neste caso a cita\u00e7\u00e3o dever\u00e1 se dar por hora certa, conforme art. 362 do CPP.<\/p>\n<p style=\"text-align: justify;\"><strong>GABARITO: Letra B<\/strong><\/p>\n<p style=\"text-align: justify;\">\u00a0__________________<\/p>\n<p style=\"text-align: justify;\">Se voc\u00ea quer conhecer mais do meu trabalho aqui no Estrat\u00e9gia Concursos, <a href=\"https:\/\/www.estrategiaconcursos.com.br\/cursosPorProfessor\/renan-araujo-3209\/\">clique aqui<\/a> e baixe, gratuitamente, as aulas demonstrativas dos meus cursos.<\/p>\n<p style=\"text-align: justify;\"><strong>Bons estudos!<\/strong><\/p>\n<p style=\"text-align: justify;\"><strong>Prof. Renan Araujo<\/strong><\/p>\n<p style=\"text-align: justify;\"><strong>E-mail:\u00a0<\/strong><a href=\"mailto:profrenanaraujo@gmail.com\"><strong>prof<\/strong><\/a><strong>renanaraujo@gmail.com<\/strong><\/p>\n<p style=\"text-align: justify;\"><strong>Facebook:\u00a0<\/strong><a href=\"http:\/\/www.facebook.com\/profrenanaraujoestrategia\"><strong>www.facebook.com\/profrenanaraujoestrategia<\/strong><\/a><\/p>\n<p style=\"text-align: justify;\"><strong>Instagram:\u00a0<\/strong><a href=\"http:\/\/www.instagram.com\/profrenanaraujo\/?hl=pt-br\"><strong>www.instagram.com\/profrenanaraujo\/?hl=pt-br<\/strong><\/a><\/p>\n<p style=\"text-align: justify;\"><strong>Youtube:\u00a0<\/strong><a href=\"http:\/\/www.youtube.com\/channel\/UClIFS2cyREWT35OELN8wcFQ\"><strong>www.youtube.com\/channel\/UClIFS2cyREWT35OELN8wcFQ<\/strong><\/a><\/p>\n","protected":false},"excerpt":{"rendered":"<p>GABARITO MP PE (T\u00e9cnico) Ol\u00e1, pessoal Para quem n\u00e3o me conhece ainda, meu nome \u00e9 Renan Araujo e sou professor aqui no Estrat\u00e9gia Concursos, lecionando as mat\u00e9rias de Direito Penal e Processual Penal. Antes de prosseguir, convido voc\u00ea a me seguir no INSTAGRAM:\u00a0Instagram do Prof. Renan Araujo Neste artigo vamos comentar as quest\u00f5es de Direito [&hellip;]<\/p>\n","protected":false},"author":39,"featured_media":0,"comment_status":"open","ping_status":"closed","sticky":false,"template":"","format":"standard","meta":{"post_tipo":"article","footnotes":""},"categories":[1],"tags":[],"tax_estado":[],"class_list":["post-153924","post","type-post","status-publish","format-standard","hentry","category-cursos-e-concursos"],"acf":[],"yoast_head":"<!-- This site is optimized with the Yoast SEO Premium plugin v27.2 (Yoast SEO v27.2) - https:\/\/yoast.com\/product\/yoast-seo-premium-wordpress\/ -->\n<title>GABARITO MP PE - Extraoficial - Direito Penal, Direito Processual Penal, Legisla\u00e7\u00e3o do MP<\/title>\n<meta name=\"robots\" content=\"index, follow, max-snippet:-1, max-image-preview:large, max-video-preview:-1\" \/>\n<link rel=\"canonical\" href=\"https:\/\/www.estrategiaconcursos.com.br\/blog\/gabarito-mp-pe-direito-penal-direito-processual-penal-legislacao-do-mp\/\" \/>\n<meta property=\"og:locale\" content=\"pt_BR\" \/>\n<meta property=\"og:type\" content=\"article\" \/>\n<meta property=\"og:title\" content=\"GABARITO MP PE - Extraoficial - Direito Penal, Direito Processual Penal, Legisla\u00e7\u00e3o do MP\" \/>\n<meta property=\"og:description\" content=\"GABARITO MP PE (T\u00e9cnico) Ol\u00e1, pessoal Para quem n\u00e3o me conhece ainda, meu nome \u00e9 Renan Araujo e sou professor aqui no Estrat\u00e9gia Concursos, lecionando as mat\u00e9rias de Direito Penal e Processual Penal. Antes de prosseguir, convido voc\u00ea a me seguir no INSTAGRAM:\u00a0Instagram do Prof. Renan Araujo Neste artigo vamos comentar as quest\u00f5es de Direito [&hellip;]\" \/>\n<meta property=\"og:url\" content=\"https:\/\/www.estrategiaconcursos.com.br\/blog\/gabarito-mp-pe-direito-penal-direito-processual-penal-legislacao-do-mp\/\" \/>\n<meta property=\"og:site_name\" content=\"Estrat\u00e9gia Concursos\" \/>\n<meta property=\"article:published_time\" content=\"2018-12-02T18:48:26+00:00\" \/>\n<meta property=\"article:modified_time\" content=\"2023-08-10T16:30:07+00:00\" \/>\n<meta property=\"og:image\" content=\"https:\/\/www.estrategiaconcursos.com.br\/blog\/wp-content\/uploads\/2018\/12\/Q18.png\" \/>\n<meta name=\"author\" content=\"Renan Araujo\" \/>\n<meta name=\"twitter:card\" content=\"summary_large_image\" \/>\n<meta name=\"twitter:creator\" content=\"@EstratConcursos\" \/>\n<meta name=\"twitter:site\" content=\"@EstratConcursos\" \/>\n<meta name=\"twitter:label1\" content=\"Escrito por\" \/>\n\t<meta name=\"twitter:data1\" content=\"Renan Araujo\" \/>\n\t<meta name=\"twitter:label2\" content=\"Est. tempo de leitura\" \/>\n\t<meta name=\"twitter:data2\" content=\"5 minutos\" \/>\n<script type=\"application\/ld+json\" class=\"yoast-schema-graph\">{\"@context\":\"https:\/\/schema.org\",\"@graph\":[{\"@type\":\"NewsArticle\",\"@id\":\"https:\/\/www.estrategiaconcursos.com.br\/blog\/gabarito-mp-pe-direito-penal-direito-processual-penal-legislacao-do-mp\/#article\",\"isPartOf\":{\"@id\":\"https:\/\/www.estrategiaconcursos.com.br\/blog\/gabarito-mp-pe-direito-penal-direito-processual-penal-legislacao-do-mp\/\"},\"author\":{\"name\":\"Renan Araujo\",\"@id\":\"https:\/\/www.estrategiaconcursos.com.br\/blog\/#\/schema\/person\/1a7a7af72da82939a6308b2ee292162b\"},\"headline\":\"GABARITO MP PE &#8211; Extraoficial &#8211; Direito Penal, Direito Processual Penal, Legisla\u00e7\u00e3o do MP\",\"datePublished\":\"2018-12-02T18:48:26+00:00\",\"dateModified\":\"2023-08-10T16:30:07+00:00\",\"mainEntityOfPage\":{\"@id\":\"https:\/\/www.estrategiaconcursos.com.br\/blog\/gabarito-mp-pe-direito-penal-direito-processual-penal-legislacao-do-mp\/\"},\"wordCount\":1018,\"commentCount\":0,\"publisher\":{\"@id\":\"https:\/\/www.estrategiaconcursos.com.br\/blog\/#organization\"},\"image\":{\"@id\":\"https:\/\/www.estrategiaconcursos.com.br\/blog\/gabarito-mp-pe-direito-penal-direito-processual-penal-legislacao-do-mp\/#primaryimage\"},\"thumbnailUrl\":\"https:\/\/www.estrategiaconcursos.com.br\/blog\/wp-content\/uploads\/2018\/12\/Q18.png\",\"articleSection\":[\"Concursos P\u00fablicos\"],\"inLanguage\":\"pt-BR\",\"potentialAction\":[{\"@type\":\"CommentAction\",\"name\":\"Comment\",\"target\":[\"https:\/\/www.estrategiaconcursos.com.br\/blog\/gabarito-mp-pe-direito-penal-direito-processual-penal-legislacao-do-mp\/#respond\"]}],\"copyrightYear\":\"2018\",\"copyrightHolder\":{\"@id\":\"https:\/\/www.estrategiaconcursos.com.br\/blog\/#organization\"}},{\"@type\":\"WebPage\",\"@id\":\"https:\/\/www.estrategiaconcursos.com.br\/blog\/gabarito-mp-pe-direito-penal-direito-processual-penal-legislacao-do-mp\/\",\"url\":\"https:\/\/www.estrategiaconcursos.com.br\/blog\/gabarito-mp-pe-direito-penal-direito-processual-penal-legislacao-do-mp\/\",\"name\":\"GABARITO MP PE - Extraoficial - Direito Penal, Direito Processual Penal, Legisla\u00e7\u00e3o do MP\",\"isPartOf\":{\"@id\":\"https:\/\/www.estrategiaconcursos.com.br\/blog\/#website\"},\"primaryImageOfPage\":{\"@id\":\"https:\/\/www.estrategiaconcursos.com.br\/blog\/gabarito-mp-pe-direito-penal-direito-processual-penal-legislacao-do-mp\/#primaryimage\"},\"image\":{\"@id\":\"https:\/\/www.estrategiaconcursos.com.br\/blog\/gabarito-mp-pe-direito-penal-direito-processual-penal-legislacao-do-mp\/#primaryimage\"},\"thumbnailUrl\":\"https:\/\/www.estrategiaconcursos.com.br\/blog\/wp-content\/uploads\/2018\/12\/Q18.png\",\"datePublished\":\"2018-12-02T18:48:26+00:00\",\"dateModified\":\"2023-08-10T16:30:07+00:00\",\"breadcrumb\":{\"@id\":\"https:\/\/www.estrategiaconcursos.com.br\/blog\/gabarito-mp-pe-direito-penal-direito-processual-penal-legislacao-do-mp\/#breadcrumb\"},\"inLanguage\":\"pt-BR\",\"potentialAction\":[{\"@type\":\"ReadAction\",\"target\":[\"https:\/\/www.estrategiaconcursos.com.br\/blog\/gabarito-mp-pe-direito-penal-direito-processual-penal-legislacao-do-mp\/\"]}]},{\"@type\":\"ImageObject\",\"inLanguage\":\"pt-BR\",\"@id\":\"https:\/\/www.estrategiaconcursos.com.br\/blog\/gabarito-mp-pe-direito-penal-direito-processual-penal-legislacao-do-mp\/#primaryimage\",\"url\":\"https:\/\/dhg1h5j42swfq.cloudfront.net\/2018\/12\/02154710\/Q18.png\",\"contentUrl\":\"https:\/\/dhg1h5j42swfq.cloudfront.net\/2018\/12\/02154710\/Q18.png\",\"width\":593,\"height\":227},{\"@type\":\"BreadcrumbList\",\"@id\":\"https:\/\/www.estrategiaconcursos.com.br\/blog\/gabarito-mp-pe-direito-penal-direito-processual-penal-legislacao-do-mp\/#breadcrumb\",\"itemListElement\":[{\"@type\":\"ListItem\",\"position\":1,\"name\":\"In\u00edcio\",\"item\":\"https:\/\/www.estrategiaconcursos.com.br\/blog\/\"},{\"@type\":\"ListItem\",\"position\":2,\"name\":\"GABARITO MP PE &#8211; Extraoficial &#8211; Direito Penal, Direito Processual Penal, Legisla\u00e7\u00e3o do MP\"}]},{\"@type\":\"WebSite\",\"@id\":\"https:\/\/www.estrategiaconcursos.com.br\/blog\/#website\",\"url\":\"https:\/\/www.estrategiaconcursos.com.br\/blog\/\",\"name\":\"Estrat\u00e9gia Concursos\",\"description\":\"O blog da Estrat\u00e9gia Concursos traz not\u00edcias sobre concursos e artigos de professores oferecendo cursos para concursos (pdf + videaulas) no site.\",\"publisher\":{\"@id\":\"https:\/\/www.estrategiaconcursos.com.br\/blog\/#organization\"},\"potentialAction\":[{\"@type\":\"SearchAction\",\"target\":{\"@type\":\"EntryPoint\",\"urlTemplate\":\"https:\/\/www.estrategiaconcursos.com.br\/blog\/?s={search_term_string}\"},\"query-input\":{\"@type\":\"PropertyValueSpecification\",\"valueRequired\":true,\"valueName\":\"search_term_string\"}}],\"inLanguage\":\"pt-BR\"},{\"@type\":\"Organization\",\"@id\":\"https:\/\/www.estrategiaconcursos.com.br\/blog\/#organization\",\"name\":\"Estrat\u00e9gia Concursos\",\"url\":\"https:\/\/www.estrategiaconcursos.com.br\/blog\/\",\"logo\":{\"@type\":\"ImageObject\",\"inLanguage\":\"pt-BR\",\"@id\":\"https:\/\/www.estrategiaconcursos.com.br\/blog\/#\/schema\/logo\/image\/\",\"url\":\"https:\/\/dhg1h5j42swfq.cloudfront.net\/2025\/06\/03203428\/logo_concursos-1.jpg\",\"contentUrl\":\"https:\/\/dhg1h5j42swfq.cloudfront.net\/2025\/06\/03203428\/logo_concursos-1.jpg\",\"width\":230,\"height\":60,\"caption\":\"Estrat\u00e9gia Concursos\"},\"image\":{\"@id\":\"https:\/\/www.estrategiaconcursos.com.br\/blog\/#\/schema\/logo\/image\/\"},\"sameAs\":[\"https:\/\/x.com\/EstratConcursos\"]},{\"@type\":\"Person\",\"@id\":\"https:\/\/www.estrategiaconcursos.com.br\/blog\/#\/schema\/person\/1a7a7af72da82939a6308b2ee292162b\",\"name\":\"Renan Araujo\",\"image\":{\"@type\":\"ImageObject\",\"inLanguage\":\"pt-BR\",\"@id\":\"https:\/\/secure.gravatar.com\/avatar\/ca6cb9ba5a547fbe93c05c63d6103dff6c2566555a601f1efb8590a69fb9ed76?s=96&d=mm&r=g\",\"url\":\"https:\/\/secure.gravatar.com\/avatar\/ca6cb9ba5a547fbe93c05c63d6103dff6c2566555a601f1efb8590a69fb9ed76?s=96&d=mm&r=g\",\"contentUrl\":\"https:\/\/secure.gravatar.com\/avatar\/ca6cb9ba5a547fbe93c05c63d6103dff6c2566555a601f1efb8590a69fb9ed76?s=96&d=mm&r=g\",\"caption\":\"Renan Araujo\"},\"url\":\"https:\/\/www.estrategiaconcursos.com.br\/blog\/author\/renanaraujoestrategiaconcursos-com-br\/\"}]}<\/script>\n<!-- \/ Yoast SEO Premium plugin. -->","yoast_head_json":{"title":"GABARITO MP PE - Extraoficial - Direito Penal, Direito Processual Penal, Legisla\u00e7\u00e3o do MP","robots":{"index":"index","follow":"follow","max-snippet":"max-snippet:-1","max-image-preview":"max-image-preview:large","max-video-preview":"max-video-preview:-1"},"canonical":"https:\/\/www.estrategiaconcursos.com.br\/blog\/gabarito-mp-pe-direito-penal-direito-processual-penal-legislacao-do-mp\/","og_locale":"pt_BR","og_type":"article","og_title":"GABARITO MP PE - Extraoficial - Direito Penal, Direito Processual Penal, Legisla\u00e7\u00e3o do MP","og_description":"GABARITO MP PE (T\u00e9cnico) Ol\u00e1, pessoal Para quem n\u00e3o me conhece ainda, meu nome \u00e9 Renan Araujo e sou professor aqui no Estrat\u00e9gia Concursos, lecionando as mat\u00e9rias de Direito Penal e Processual Penal. Antes de prosseguir, convido voc\u00ea a me seguir no INSTAGRAM:\u00a0Instagram do Prof. Renan Araujo Neste artigo vamos comentar as quest\u00f5es de Direito [&hellip;]","og_url":"https:\/\/www.estrategiaconcursos.com.br\/blog\/gabarito-mp-pe-direito-penal-direito-processual-penal-legislacao-do-mp\/","og_site_name":"Estrat\u00e9gia Concursos","article_published_time":"2018-12-02T18:48:26+00:00","article_modified_time":"2023-08-10T16:30:07+00:00","og_image":[{"url":"https:\/\/www.estrategiaconcursos.com.br\/blog\/wp-content\/uploads\/2018\/12\/Q18.png","type":"","width":"","height":""}],"author":"Renan Araujo","twitter_card":"summary_large_image","twitter_creator":"@EstratConcursos","twitter_site":"@EstratConcursos","twitter_misc":{"Escrito por":"Renan Araujo","Est. tempo de leitura":"5 minutos"},"schema":{"@context":"https:\/\/schema.org","@graph":[{"@type":"NewsArticle","@id":"https:\/\/www.estrategiaconcursos.com.br\/blog\/gabarito-mp-pe-direito-penal-direito-processual-penal-legislacao-do-mp\/#article","isPartOf":{"@id":"https:\/\/www.estrategiaconcursos.com.br\/blog\/gabarito-mp-pe-direito-penal-direito-processual-penal-legislacao-do-mp\/"},"author":{"name":"Renan Araujo","@id":"https:\/\/www.estrategiaconcursos.com.br\/blog\/#\/schema\/person\/1a7a7af72da82939a6308b2ee292162b"},"headline":"GABARITO MP PE &#8211; Extraoficial &#8211; Direito Penal, Direito Processual Penal, Legisla\u00e7\u00e3o do MP","datePublished":"2018-12-02T18:48:26+00:00","dateModified":"2023-08-10T16:30:07+00:00","mainEntityOfPage":{"@id":"https:\/\/www.estrategiaconcursos.com.br\/blog\/gabarito-mp-pe-direito-penal-direito-processual-penal-legislacao-do-mp\/"},"wordCount":1018,"commentCount":0,"publisher":{"@id":"https:\/\/www.estrategiaconcursos.com.br\/blog\/#organization"},"image":{"@id":"https:\/\/www.estrategiaconcursos.com.br\/blog\/gabarito-mp-pe-direito-penal-direito-processual-penal-legislacao-do-mp\/#primaryimage"},"thumbnailUrl":"https:\/\/www.estrategiaconcursos.com.br\/blog\/wp-content\/uploads\/2018\/12\/Q18.png","articleSection":["Concursos P\u00fablicos"],"inLanguage":"pt-BR","potentialAction":[{"@type":"CommentAction","name":"Comment","target":["https:\/\/www.estrategiaconcursos.com.br\/blog\/gabarito-mp-pe-direito-penal-direito-processual-penal-legislacao-do-mp\/#respond"]}],"copyrightYear":"2018","copyrightHolder":{"@id":"https:\/\/www.estrategiaconcursos.com.br\/blog\/#organization"}},{"@type":"WebPage","@id":"https:\/\/www.estrategiaconcursos.com.br\/blog\/gabarito-mp-pe-direito-penal-direito-processual-penal-legislacao-do-mp\/","url":"https:\/\/www.estrategiaconcursos.com.br\/blog\/gabarito-mp-pe-direito-penal-direito-processual-penal-legislacao-do-mp\/","name":"GABARITO MP PE - Extraoficial - Direito Penal, Direito Processual Penal, Legisla\u00e7\u00e3o do MP","isPartOf":{"@id":"https:\/\/www.estrategiaconcursos.com.br\/blog\/#website"},"primaryImageOfPage":{"@id":"https:\/\/www.estrategiaconcursos.com.br\/blog\/gabarito-mp-pe-direito-penal-direito-processual-penal-legislacao-do-mp\/#primaryimage"},"image":{"@id":"https:\/\/www.estrategiaconcursos.com.br\/blog\/gabarito-mp-pe-direito-penal-direito-processual-penal-legislacao-do-mp\/#primaryimage"},"thumbnailUrl":"https:\/\/www.estrategiaconcursos.com.br\/blog\/wp-content\/uploads\/2018\/12\/Q18.png","datePublished":"2018-12-02T18:48:26+00:00","dateModified":"2023-08-10T16:30:07+00:00","breadcrumb":{"@id":"https:\/\/www.estrategiaconcursos.com.br\/blog\/gabarito-mp-pe-direito-penal-direito-processual-penal-legislacao-do-mp\/#breadcrumb"},"inLanguage":"pt-BR","potentialAction":[{"@type":"ReadAction","target":["https:\/\/www.estrategiaconcursos.com.br\/blog\/gabarito-mp-pe-direito-penal-direito-processual-penal-legislacao-do-mp\/"]}]},{"@type":"ImageObject","inLanguage":"pt-BR","@id":"https:\/\/www.estrategiaconcursos.com.br\/blog\/gabarito-mp-pe-direito-penal-direito-processual-penal-legislacao-do-mp\/#primaryimage","url":"https:\/\/dhg1h5j42swfq.cloudfront.net\/2018\/12\/02154710\/Q18.png","contentUrl":"https:\/\/dhg1h5j42swfq.cloudfront.net\/2018\/12\/02154710\/Q18.png","width":593,"height":227},{"@type":"BreadcrumbList","@id":"https:\/\/www.estrategiaconcursos.com.br\/blog\/gabarito-mp-pe-direito-penal-direito-processual-penal-legislacao-do-mp\/#breadcrumb","itemListElement":[{"@type":"ListItem","position":1,"name":"In\u00edcio","item":"https:\/\/www.estrategiaconcursos.com.br\/blog\/"},{"@type":"ListItem","position":2,"name":"GABARITO MP PE &#8211; Extraoficial &#8211; Direito Penal, Direito Processual Penal, Legisla\u00e7\u00e3o do MP"}]},{"@type":"WebSite","@id":"https:\/\/www.estrategiaconcursos.com.br\/blog\/#website","url":"https:\/\/www.estrategiaconcursos.com.br\/blog\/","name":"Estrat\u00e9gia Concursos","description":"O blog da Estrat\u00e9gia Concursos traz not\u00edcias sobre concursos e artigos de professores oferecendo cursos para concursos (pdf + videaulas) no site.","publisher":{"@id":"https:\/\/www.estrategiaconcursos.com.br\/blog\/#organization"},"potentialAction":[{"@type":"SearchAction","target":{"@type":"EntryPoint","urlTemplate":"https:\/\/www.estrategiaconcursos.com.br\/blog\/?s={search_term_string}"},"query-input":{"@type":"PropertyValueSpecification","valueRequired":true,"valueName":"search_term_string"}}],"inLanguage":"pt-BR"},{"@type":"Organization","@id":"https:\/\/www.estrategiaconcursos.com.br\/blog\/#organization","name":"Estrat\u00e9gia Concursos","url":"https:\/\/www.estrategiaconcursos.com.br\/blog\/","logo":{"@type":"ImageObject","inLanguage":"pt-BR","@id":"https:\/\/www.estrategiaconcursos.com.br\/blog\/#\/schema\/logo\/image\/","url":"https:\/\/dhg1h5j42swfq.cloudfront.net\/2025\/06\/03203428\/logo_concursos-1.jpg","contentUrl":"https:\/\/dhg1h5j42swfq.cloudfront.net\/2025\/06\/03203428\/logo_concursos-1.jpg","width":230,"height":60,"caption":"Estrat\u00e9gia Concursos"},"image":{"@id":"https:\/\/www.estrategiaconcursos.com.br\/blog\/#\/schema\/logo\/image\/"},"sameAs":["https:\/\/x.com\/EstratConcursos"]},{"@type":"Person","@id":"https:\/\/www.estrategiaconcursos.com.br\/blog\/#\/schema\/person\/1a7a7af72da82939a6308b2ee292162b","name":"Renan Araujo","image":{"@type":"ImageObject","inLanguage":"pt-BR","@id":"https:\/\/secure.gravatar.com\/avatar\/ca6cb9ba5a547fbe93c05c63d6103dff6c2566555a601f1efb8590a69fb9ed76?s=96&d=mm&r=g","url":"https:\/\/secure.gravatar.com\/avatar\/ca6cb9ba5a547fbe93c05c63d6103dff6c2566555a601f1efb8590a69fb9ed76?s=96&d=mm&r=g","contentUrl":"https:\/\/secure.gravatar.com\/avatar\/ca6cb9ba5a547fbe93c05c63d6103dff6c2566555a601f1efb8590a69fb9ed76?s=96&d=mm&r=g","caption":"Renan Araujo"},"url":"https:\/\/www.estrategiaconcursos.com.br\/blog\/author\/renanaraujoestrategiaconcursos-com-br\/"}]}},"_links":{"self":[{"href":"https:\/\/www.estrategiaconcursos.com.br\/blog\/wp-json\/wp\/v2\/posts\/153924","targetHints":{"allow":["GET"]}}],"collection":[{"href":"https:\/\/www.estrategiaconcursos.com.br\/blog\/wp-json\/wp\/v2\/posts"}],"about":[{"href":"https:\/\/www.estrategiaconcursos.com.br\/blog\/wp-json\/wp\/v2\/types\/post"}],"author":[{"embeddable":true,"href":"https:\/\/www.estrategiaconcursos.com.br\/blog\/wp-json\/wp\/v2\/users\/39"}],"replies":[{"embeddable":true,"href":"https:\/\/www.estrategiaconcursos.com.br\/blog\/wp-json\/wp\/v2\/comments?post=153924"}],"version-history":[{"count":3,"href":"https:\/\/www.estrategiaconcursos.com.br\/blog\/wp-json\/wp\/v2\/posts\/153924\/revisions"}],"predecessor-version":[{"id":1262982,"href":"https:\/\/www.estrategiaconcursos.com.br\/blog\/wp-json\/wp\/v2\/posts\/153924\/revisions\/1262982"}],"wp:attachment":[{"href":"https:\/\/www.estrategiaconcursos.com.br\/blog\/wp-json\/wp\/v2\/media?parent=153924"}],"wp:term":[{"taxonomy":"category","embeddable":true,"href":"https:\/\/www.estrategiaconcursos.com.br\/blog\/wp-json\/wp\/v2\/categories?post=153924"},{"taxonomy":"post_tag","embeddable":true,"href":"https:\/\/www.estrategiaconcursos.com.br\/blog\/wp-json\/wp\/v2\/tags?post=153924"},{"taxonomy":"tax_estado","embeddable":true,"href":"https:\/\/www.estrategiaconcursos.com.br\/blog\/wp-json\/wp\/v2\/tax_estado?post=153924"}],"curies":[{"name":"wp","href":"https:\/\/api.w.org\/{rel}","templated":true}]}}