{"id":1534835,"date":"2025-02-19T09:19:00","date_gmt":"2025-02-19T12:19:00","guid":{"rendered":"https:\/\/www.estrategiaconcursos.com.br\/blog\/?p=1534835"},"modified":"2025-02-19T15:08:56","modified_gmt":"2025-02-19T18:08:56","slug":"concurso-stj-prazo-de-recursos-para-analista-suporte-em-ti","status":"publish","type":"post","link":"https:\/\/www.estrategiaconcursos.com.br\/blog\/concurso-stj-prazo-de-recursos-para-analista-suporte-em-ti\/","title":{"rendered":"Concurso STJ: prazo de recursos \u00e0 discursiva aberto para Analista &#8211; Suporte em TI"},"content":{"rendered":"<a id=\"cta-icon\" href=\"https:\/\/www.redirectmais.com\/wpp\/stj-grupo\" target=\"blank\" style=\"background:rgb(41,166,26)\">\n            <img decoding=\"async\" src=\"https:\/\/dhg1h5j42swfq.cloudfront.net\/2024\/01\/03154041\/whatsapp_13851.png\" alt=\"\" alt=\"whatsapp_13851\"><span > Acesse agora o Grupo de Estudos para o Concurso STJ<\/span><\/a>\n\n\n\n<p>Est\u00e1 aberto o prazo para interposi\u00e7\u00e3o de recursos \u00e0 prova discursiva para o cargo de Analista Judici\u00e1rio &#8211; \u00c1rea de Apoio Especializado em Tecnologia da Informa\u00e7\u00e3o do concurso STJ (<a href=\"https:\/\/www.estrategiaconcursos.com.br\/cursosPorConcurso\/stj-superior-tribunal-de-justica\/\" target=\"_blank\" rel=\"noreferrer noopener\"><strong>Superior Tribunal de Justi\u00e7a<\/strong><\/a>).<\/p>\n\n\n\n<p>Confira aqui o resultado final da prova objetiva e preliminar da discursiva para esse cargo:<\/p>\n\n\n\n<p class=\"has-text-align-center\"><a href=\"https:\/\/cdn.cebraspe.org.br\/concursos\/STJ_24\/arquivos\/ED_9_2024_STJ_RETIFICACAO_RES_FINAL_OBJ_PROV_DISC_CARGO_18.PDF\">Cargo 18 &#8211; Analista Judici\u00e1rio &#8211; \u00c1rea de Apoio Especializado em Tecnologia de Informa\u00e7\u00e3o<\/a><\/p>\n\n\n\n<p>Os candidatos ter\u00e3o at\u00e9 \u00e0s 18h do dia 20 de fevereiro para interpor os recursos, no <a href=\"https:\/\/security.cebraspe.org.br\/STJ_24\/Recursos\/Discursiva\/Recurso_165B9867-CF92-434E-A624\/\">site do Cebraspe.<\/a><\/p>\n\n\n\n<p>O link de consulta ao espelho individual de desempenho nas provas objetivas, somente para o cargo estar\u00e1 \u00e0 disposi\u00e7\u00e3o dos candidatos a partir da data prov\u00e1vel de 25 de fevereiro de 2025, no site da banca.<\/p>\n\n\n\n<h2 class=\"wp-block-heading\" id=\"h-o-concurso-stj\">O concurso STJ<\/h2>\n\n\n\n<p>A sele\u00e7\u00e3o oferta<strong> vagas para forma\u00e7\u00e3o de cadastro de reserva<\/strong> distribu\u00eddas entre diversas especialidades de <strong>Analista Judici\u00e1rio<\/strong>.<\/p>\n\n\n\n<p>Importante lembrar que j\u00e1 est\u00e3o em vigor as novas remunera\u00e7\u00f5es da justi\u00e7a federal, contando com a 3\u00aa e \u00faltima&nbsp;parcela do reajuste, implementado pela lei Lei 14.523\/2023.<\/p>\n\n\n\n<p>Assim, as remunera\u00e7\u00f5es iniciais passam a ter os valores abaixo, a partir de&nbsp;<a href=\"https:\/\/dhg1h5j42swfq.cloudfront.net\/2025\/02\/07135931\/tabela-de-remuneracao-fevereiro-2025-1.pdf\">fevereiro de 2025<\/a>:<\/p>\n\n\n\n<ul class=\"wp-block-list\">\n<li><strong>Analista Judici\u00e1rio:&nbsp;<\/strong>R$ 14.852,98<\/li>\n\n\n\n<li><strong>T\u00e9cnico Judici\u00e1rio:<\/strong>&nbsp;R$ 9.052,54<\/li>\n<\/ul>\n\n\n\n<h2 class=\"wp-block-heading\" id=\"cargos-vagas\"><span style=\"color: #000000;\">Concurso STJ<\/span>: cargos, vagas e remunera\u00e7\u00f5es <\/h2>\n\n\n\n<figure class=\"wp-block-table is-style-stripes\"><table class=\"has-fixed-layout\"><thead><tr><th class=\"has-text-align-center\" data-align=\"center\">CARGOS<\/th><th class=\"has-text-align-center\" data-align=\"center\">VAGAS<\/th><th class=\"has-text-align-center\" data-align=\"center\">SAL\u00c1RIO<\/th><\/tr><\/thead><tbody><tr><td class=\"has-text-align-center\" data-align=\"center\">ANALISTA JUDICI\u00c1RIO &#8211; \u00c1REA: ADMINISTRATIVA<\/td><td class=\"has-text-align-center\" data-align=\"center\">CR<\/td><td class=\"has-text-align-center\" data-align=\"center\">R$ 13.994,78<\/td><\/tr><tr><td class=\"has-text-align-center\" data-align=\"center\">NALISTA JUDICI\u00c1RIO &#8211; \u00c1REA: ADMINISTRATIVA &#8211; ESPECIALIDADE: INSPETOR DA POL\u00cdCIA JUDICIAL<\/td><td class=\"has-text-align-center\" data-align=\"center\">CR<\/td><td class=\"has-text-align-center\" data-align=\"center\">R$ 13.994,78<\/td><\/tr><tr><td class=\"has-text-align-center\" data-align=\"center\">ANALISTA JUDICI\u00c1RIO &#8211; \u00c1REA: APOIO ESPECIALIZADO &#8211; ESPECIALIDADE: AN\u00c1LISE DE SISTEMAS DE INFORMA\u00c7\u00c3O<\/td><td class=\"has-text-align-center\" data-align=\"center\">CR<\/td><td class=\"has-text-align-center\" data-align=\"center\">R$ 13.994,78<\/td><\/tr><tr><td class=\"has-text-align-center\" data-align=\"center\">ANALISTA JUDICI\u00c1RIO &#8211; \u00c1REA: APOIO ESPECIALIZADO &#8211; ESPECIALIDADE: ARQUITETURA<\/td><td class=\"has-text-align-center\" data-align=\"center\">CR<\/td><td class=\"has-text-align-center\" data-align=\"center\">R$ 13.994,78<\/td><\/tr><tr><td class=\"has-text-align-center\" data-align=\"center\">ANALISTA JUDICI\u00c1RIO &#8211; \u00c1REA: APOIO ESPECIALIZADO &#8211; ESPECIALIDADE: BIBLIOTECONOMIA<\/td><td class=\"has-text-align-center\" data-align=\"center\">CR<\/td><td class=\"has-text-align-center\" data-align=\"center\">R$ 13.994,78<\/td><\/tr><tr><td class=\"has-text-align-center\" data-align=\"center\">ANALISTA JUDICI\u00c1RIO &#8211; \u00c1REA: APOIO ESPECIALIZADO &#8211; ESPECIALIDADE: COMUNICA\u00c7\u00c3O SOCIAL<\/td><td class=\"has-text-align-center\" data-align=\"center\">CR<\/td><td class=\"has-text-align-center\" data-align=\"center\">R$ 13.994,78<\/td><\/tr><tr><td class=\"has-text-align-center\" data-align=\"center\">ANALISTA JUDICI\u00c1RIO &#8211; \u00c1REA: APOIO ESPECIALIZADO &#8211; ESPECIALIDADE: CONTADORIA<\/td><td class=\"has-text-align-center\" data-align=\"center\">CR<\/td><td class=\"has-text-align-center\" data-align=\"center\">R$ 13.994,78<\/td><\/tr><tr><td class=\"has-text-align-center\" data-align=\"center\">ANALISTA JUDICI\u00c1RIO &#8211; \u00c1REA: APOIO ESPECIALIZADO &#8211; ESPECIALIDADE: ENFERMAGEM<\/td><td class=\"has-text-align-center\" data-align=\"center\">CR<\/td><td class=\"has-text-align-center\" data-align=\"center\">R$ 13.994,78<\/td><\/tr><tr><td class=\"has-text-align-center\" data-align=\"center\">ANALISTA JUDICI\u00c1RIO &#8211; \u00c1REA: APOIO ESPECIALIZADO &#8211; ESPECIALIDADE: ENGENHARIA CIVIL<\/td><td class=\"has-text-align-center\" data-align=\"center\">CR<\/td><td class=\"has-text-align-center\" data-align=\"center\">R$ 13.994,78<\/td><\/tr><tr><td class=\"has-text-align-center\" data-align=\"center\">ANALISTA JUDICI\u00c1RIO &#8211; \u00c1REA: APOIO ESPECIALIZADO &#8211; ESPECIALIDADE: ENGENHARIA EL\u00c9TRICA<\/td><td class=\"has-text-align-center\" data-align=\"center\">CR<\/td><td class=\"has-text-align-center\" data-align=\"center\">R$ 13.994,78<\/td><\/tr><tr><td class=\"has-text-align-center\" data-align=\"center\">ANALISTA JUDICI\u00c1RIO &#8211; \u00c1REA: APOIO ESPECIALIZADO &#8211; ESPECIALIDADE: ENGENHARIA MEC\u00c2NICA<\/td><td class=\"has-text-align-center\" data-align=\"center\">CR<\/td><td class=\"has-text-align-center\" data-align=\"center\">R$ 13.994,78<\/td><\/tr><tr><td class=\"has-text-align-center\" data-align=\"center\">&nbsp;ANALISTA JUDICI\u00c1RIO &#8211; \u00c1REA: APOIO ESPECIALIZADO &#8211; ESPECIALIDADE: MEDICINA (RAMO: CARDIOLOGIA)<\/td><td class=\"has-text-align-center\" data-align=\"center\">CR<\/td><td class=\"has-text-align-center\" data-align=\"center\">R$ 13.994,78<\/td><\/tr><tr><td class=\"has-text-align-center\" data-align=\"center\">ANALISTA JUDICI\u00c1RIO &#8211; \u00c1REA: APOIO ESPECIALIZADO &#8211; ESPECIALIDADE: MEDICINA (RAMO: CL\u00cdNICA M\u00c9DICA)<\/td><td class=\"has-text-align-center\" data-align=\"center\">CR<\/td><td class=\"has-text-align-center\" data-align=\"center\">R$ 13.994,78<\/td><\/tr><tr><td class=\"has-text-align-center\" data-align=\"center\">ANALISTA JUDICI\u00c1RIO &#8211; \u00c1REA: APOIO ESPECIALIZADO &#8211; ESPECIALIDADE: MEDICINA (RAMO: ORTOPEDIA)<\/td><td class=\"has-text-align-center\" data-align=\"center\">CR<\/td><td class=\"has-text-align-center\" data-align=\"center\">R$ 13.994,78<\/td><\/tr><tr><td class=\"has-text-align-center\" data-align=\"center\">ANALISTA JUDICI\u00c1RIO &#8211; \u00c1REA: APOIO ESPECIALIZADO &#8211; ESPECIALIDADE: ODONTOLOGIA &#8211; (RAMO: DENT\u00cdSTICA)<\/td><td class=\"has-text-align-center\" data-align=\"center\">CR<\/td><td class=\"has-text-align-center\" data-align=\"center\">R$ 13.994,78<\/td><\/tr><tr><td class=\"has-text-align-center\" data-align=\"center\">ANALISTA JUDICI\u00c1RIO &#8211; \u00c1REA: APOIO ESPECIALIZADO &#8211; ESPECIALIDADE: PEDAGOGIA<\/td><td class=\"has-text-align-center\" data-align=\"center\">CR<\/td><td class=\"has-text-align-center\" data-align=\"center\">R$ 13.994,78<\/td><\/tr><tr><td class=\"has-text-align-center\" data-align=\"center\">ANALISTA JUDICI\u00c1RIO &#8211; \u00c1REA: APOIO ESPECIALIZADO &#8211; ESPECIALIDADE: PSICOLOGIA<\/td><td class=\"has-text-align-center\" data-align=\"center\">CR<\/td><td class=\"has-text-align-center\" data-align=\"center\">R$ 13.994,78<\/td><\/tr><tr><td class=\"has-text-align-center\" data-align=\"center\">ANALISTA JUDICI\u00c1RIO &#8211; \u00c1REA: APOIO ESPECIALIZADO &#8211; ESPECIALIDADE: SUPORTE EM TECNOLOGIA DA INFORMA\u00c7\u00c3O<\/td><td class=\"has-text-align-center\" data-align=\"center\">CR<\/td><td class=\"has-text-align-center\" data-align=\"center\">R$ 13.994,78<\/td><\/tr><tr><td class=\"has-text-align-center\" data-align=\"center\">ANALISTA JUDICI\u00c1RIO &#8211; \u00c1REA: JUDICI\u00c1RIA<\/td><td class=\"has-text-align-center\" data-align=\"center\">CR<\/td><td class=\"has-text-align-center\" data-align=\"center\">R$ 13.994,78<\/td><\/tr><\/tbody><\/table><figcaption class=\"wp-element-caption\">Cargos, vagas e remunera\u00e7\u00f5es do concurso STJ<\/figcaption><\/figure>\n\n\n\n<h2 class=\"wp-block-heading\" id=\"h-concurso-stj-requisitos\"><span style=\"color: #000000;\">Concurso STJ<\/span>: requisitos <\/h2>\n\n\n\n<p>Para concorrer a uma das vagas \u00e9 necess\u00e1rio:<\/p>\n\n\n\n<ul class=\"wp-block-list\">\n<li><strong>ANALISTA JUDICI\u00c1RIO &#8211; \u00c1REA: ADMINISTRATIVA<\/strong>: diploma, devidamente registrado, de conclus\u00e3o de curso de n\u00edvel superior em qualquer \u00e1rea de forma\u00e7\u00e3o, fornecido por institui\u00e7\u00e3o de ensino superior reconhecida pelo Minist\u00e9rio da Educa\u00e7\u00e3o (MEC).<\/li>\n\n\n\n<li><strong>ANALISTA JUDICI\u00c1RIO &#8211; \u00c1REA: ADMINISTRATIVA &#8211; ESPECIALIDADE: INSPETOR DA POL\u00cdCIA JUDICIAL<\/strong>: diploma, devidamente registrado, de conclus\u00e3o de curso de n\u00edvel superior em qualquer \u00e1rea de forma\u00e7\u00e3o, fornecido por institui\u00e7\u00e3o de ensino superior reconhecida pelo MEC, e Carteira Nacional de Habilita\u00e7\u00e3o &#8211; Categoria &#8220;B&#8221;.<\/li>\n\n\n\n<li><strong>ANALISTA JUDICI\u00c1RIO &#8211; \u00c1REA: APOIO ESPECIALIZADO &#8211; ESPECIALIDADE: AN\u00c1LISE DE SISTEMAS DE INFORMA\u00c7\u00c3O<\/strong>: diploma, devidamente registrado, de conclus\u00e3o de curso de n\u00edvel superior na \u00e1rea de Tecnologia da Informa\u00e7\u00e3o ou de qualquer curso superior acrescido de certificado de P\u00f3s-Gradua\u00e7\u00e3o na \u00e1rea de Tecnologia da Informa\u00e7\u00e3o de no m\u00ednimo 360 horas, todos fornecidos por institui\u00e7\u00e3o de ensino superior reconhecida pelo MEC.<\/li>\n\n\n\n<li><strong>ANALISTA JUDICI\u00c1RIO &#8211; \u00c1REA: APOIO ESPECIALIZADO &#8211; ESPECIALIDADE: ARQUITETURA<\/strong>: diploma, devidamente registrado, de conclus\u00e3o de curso de n\u00edvel superior em Arquitetura fornecido por institui\u00e7\u00e3o de ensino superior reconhecida pelo MEC, e registro no conselho de classe.<\/li>\n\n\n\n<li><strong>ANALISTA JUDICI\u00c1RIO &#8211; \u00c1REA: APOIO ESPECIALIZADO &#8211; ESPECIALIDADE: BIBLIOTECONOMIA<\/strong>: diploma, devidamente registrado, de conclus\u00e3o de curso de n\u00edvel superior em Biblioteconomia, fornecido por institui\u00e7\u00e3o de ensino superior reconhecida pelo MEC, e registro no conselho de classe.<\/li>\n\n\n\n<li><strong>ANALISTA JUDICI\u00c1RIO &#8211; \u00c1REA: APOIO ESPECIALIZADO &#8211; ESPECIALIDADE: COMUNICA\u00c7\u00c3O SOCIAL<\/strong>: diploma, devidamente registrado, de conclus\u00e3o de curso de n\u00edvel superior em Comunica\u00e7\u00e3o Social, fornecido por institui\u00e7\u00e3o de ensino superior reconhecida pelo MEC.<\/li>\n\n\n\n<li><strong>ANALISTA JUDICI\u00c1RIO &#8211; \u00c1REA: APOIO ESPECIALIZADO &#8211; ESPECIALIDADE: CONTADORIA<\/strong>: &nbsp;diploma, devidamente registrado, de conclus\u00e3o de curso de n\u00edvel superior em Ci\u00eancias Cont\u00e1beis, fornecido por institui\u00e7\u00e3o de ensino superior reconhecida pelo MEC, e registro no conselho de classe.<\/li>\n\n\n\n<li><strong>ANALISTA JUDICI\u00c1RIO &#8211; \u00c1REA: APOIO ESPECIALIZADO &#8211; ESPECIALIDADE: ENFERMAGEM<\/strong>: diploma, devidamente registrado, de conclus\u00e3o de curso de n\u00edvel superior em Enfermagem, fornecido por institui\u00e7\u00e3o de ensino superior reconhecida pelo MEC, e registro no conselho de classe.<\/li>\n\n\n\n<li><strong>ANALISTA JUDICI\u00c1RIO &#8211; \u00c1REA: APOIO ESPECIALIZADO &#8211; ESPECIALIDADE: ENGENHARIA CIVIL<\/strong>: diploma, devidamente registrado, de conclus\u00e3o de curso de n\u00edvel superior em Engenharia Civil, fornecido por institui\u00e7\u00e3o de ensino superior reconhecida pelo MEC, e registro no conselho de classe.<\/li>\n\n\n\n<li><strong>ANALISTA JUDICI\u00c1RIO &#8211; \u00c1REA: APOIO ESPECIALIZADO &#8211; ESPECIALIDADE: ENGENHARIA EL\u00c9TRICA<\/strong>: diploma, devidamente registrado, de conclus\u00e3o de curso de n\u00edvel superior em Engenharia El\u00e9trica, fornecido por institui\u00e7\u00e3o de ensino superior reconhecida pelo MEC, e registro no conselho de classe.<\/li>\n\n\n\n<li><strong>ANALISTA JUDICI\u00c1RIO &#8211; \u00c1REA: APOIO ESPECIALIZADO &#8211; ESPECIALIDADE: ENGENHARIA MEC\u00c2NICA<\/strong>: diploma, devidamente registrado, de conclus\u00e3o de curso de n\u00edvel superior em Engenharia Mec\u00e2nica, fornecido por institui\u00e7\u00e3o de ensino superior reconhecida pelo MEC, e registro no conselho de classe.<\/li>\n\n\n\n<li><strong>ANALISTA JUDICI\u00c1RIO &#8211; \u00c1REA: APOIO ESPECIALIZADO &#8211; ESPECIALIDADE: MEDICINA (RAMO: CARDIOLOGIA)<\/strong>: diploma, devidamente registrado, de conclus\u00e3o de curso superior em Medicina, fornecido por institui\u00e7\u00e3o de ensino superior reconhecida pelo MEC, e Registro de Qualifica\u00e7\u00e3o de Especialidade (RQE) em Cardiologia no \u00f3rg\u00e3o de classe.<\/li>\n\n\n\n<li><strong>ANALISTA JUDICI\u00c1RIO &#8211; \u00c1REA: APOIO ESPECIALIZADO &#8211; ESPECIALIDADE: MEDICINA (RAMO: CL\u00cdNICA M\u00c9DICA)<\/strong>: diploma, devidamente registrado, de conclus\u00e3o de curso superior em Medicina, fornecido por institui\u00e7\u00e3o de ensino superior reconhecida pelo MEC, e Registro de Qualifica\u00e7\u00e3o de Especialidade (RQE) em Cl\u00ednica M\u00e9dica no \u00f3rg\u00e3o de classe.<\/li>\n\n\n\n<li><strong>ANALISTA JUDICI\u00c1RIO &#8211; \u00c1REA: APOIO ESPECIALIZADO &#8211; ESPECIALIDADE: MEDICINA (RAMO: ORTOPEDIA)<\/strong>: diploma, devidamente registrado, de conclus\u00e3o de curso superior em Medicina, fornecido por institui\u00e7\u00e3o de ensino superior reconhecida pelo MEC, e Registro de Qualifica\u00e7\u00e3o de Especialidade (RQE) em Ortopedia no \u00f3rg\u00e3o de classe.<\/li>\n\n\n\n<li><strong>ANALISTA JUDICI\u00c1RIO &#8211; \u00c1REA: APOIO ESPECIALIZADO &#8211; ESPECIALIDADE: ODONTOLOGIA &#8211; (RAMO: DENT\u00cdSTICA)<\/strong>: diploma, devidamente registrado, de conclus\u00e3o de curso superior em Odontologia, um ano de conclus\u00e3o de curso de especialista em Dent\u00edstica, ambos fornecidos por institui\u00e7\u00e3o de ensino superior reconhecida pelo MEC; e registro no \u00f3rg\u00e3o de classe.<\/li>\n\n\n\n<li><strong>ANALISTA JUDICI\u00c1RIO &#8211; \u00c1REA: APOIO ESPECIALIZADO &#8211; ESPECIALIDADE: PEDAGOGIA<\/strong>: diploma, devidamente registrado, de conclus\u00e3o de curso de n\u00edvel superior em Pedagogia, fornecido por institui\u00e7\u00e3o de ensino superior reconhecida pelo MEC.<\/li>\n\n\n\n<li><strong>ANALISTA JUDICI\u00c1RIO &#8211; \u00c1REA: APOIO ESPECIALIZADO &#8211; ESPECIALIDADE: PSICOLOGIA<\/strong>: diploma, devidamente registrado, de conclus\u00e3o de curso de n\u00edvel superior em Psicologia, fornecido por institui\u00e7\u00e3o de ensino superior reconhecida pelo MEC, e registro no conselho de classe.<\/li>\n\n\n\n<li><strong>ANALISTA JUDICI\u00c1RIO &#8211; \u00c1REA: APOIO ESPECIALIZADO &#8211; ESPECIALIDADE: SUPORTE EM TECNOLOGIA DA INFORMA\u00c7\u00c3O<\/strong>: diploma, devidamente registrado, de conclus\u00e3o de curso de n\u00edvel superior na \u00e1rea de Tecnologia da Informa\u00e7\u00e3o ou de qualquer curso superior acrescido de certificado de curso de p\u00f3s-gradua\u00e7\u00e3o em \u00e1rea de Tecnologia da Informa\u00e7\u00e3o de, no m\u00ednimo, 360 horas, todos fornecidos por institui\u00e7\u00e3o de ensino superior reconhecida pelo MEC.<\/li>\n\n\n\n<li><strong>ANALISTA JUDICI\u00c1RIO &#8211; \u00c1REA: JUDICI\u00c1RIA<\/strong>: diploma, devidamente registrado, de conclus\u00e3o de curso de n\u00edvel superior em Direito, fornecido por institui\u00e7\u00e3o de ensino superior reconhecida pelo MEC.<\/li>\n<\/ul>\n\n\n\n<p class=\"has-text-align-center has-luminous-vivid-amber-background-color has-background\"><strong>Quer saber mais? <a href=\"https:\/\/www.estrategiaconcursos.com.br\/blog\/concurso-stj\/\u2197\">Acesse: Concurso STJ<\/a><\/strong><\/p>\n\n\n\n<h2 class=\"wp-block-heading has-text-align-center\" id=\"h-quer-saber-tudo-sobre-concursos-previstos-confira-nossos-artigos\">Quer saber tudo sobre concursos previstos?<br \/>Confira nossos artigos!<\/h2>\n\n\n\n<ul class=\"wp-block-list\">\n<li><a href=\"https:\/\/www.estrategiaconcursos.com.br\/blog\/concursos-abertos\/\" target=\"_blank\" rel=\"noreferrer noopener\">Concursos abertos<\/a><\/li>\n\n\n\n<li><a href=\"https:\/\/www.estrategiaconcursos.com.br\/blog\/concursos-tribunais\/\">Concursos tribunais<\/a><\/li>\n\n\n\n<li><a href=\"https:\/\/www.estrategiaconcursos.com.br\/blog\/concursos-2025\/\">Concursos 2025<\/a><\/li>\n<\/ul>\n\n\n\n<div class=\"col-sm\">\n      <div class=\"banner-estrategia\" id=\"box-assinatura\">\n        <h2 class=\"titulo-assinatura\">Cursos para STJ<\/h2>\n        <p class=\"subtitulo-assinatura\">Conhe\u00e7a os cursos<\/p>\n        <div class=\"box-botao\">\n          <a class=\"btn-assinatura\" target=\"_blank\" href=\"https:\/\/www.estrategiaconcursos.com.br\/cursosPorConcurso\/stj-superior-tribunal-de-justica\" role=\"button\" rel=\"noopener noreferrer\">Conhe\u00e7a mais<\/a>\n        <\/div>\n      <\/div>\n      <p class=\"texto-auxiliar\"><\/p>\n    <\/div>\n","protected":false},"excerpt":{"rendered":"<p>Est\u00e1 aberto o prazo para interposi\u00e7\u00e3o de recursos \u00e0 prova discursiva para o cargo de Analista Judici\u00e1rio &#8211; \u00c1rea de Apoio Especializado em Tecnologia da Informa\u00e7\u00e3o do concurso STJ (Superior Tribunal de Justi\u00e7a). Confira aqui o resultado final da prova objetiva e preliminar da discursiva para esse cargo: Cargo 18 &#8211; Analista Judici\u00e1rio &#8211; \u00c1rea [&hellip;]<\/p>\n","protected":false},"author":657,"featured_media":991220,"comment_status":"open","ping_status":"closed","sticky":false,"template":"","format":"standard","meta":{"post_tipo":"news","footnotes":""},"categories":[1,1984],"tags":[],"tax_estado":[],"class_list":["post-1534835","post","type-post","status-publish","format-standard","has-post-thumbnail","hentry","category-cursos-e-concursos","category-tribunais"],"acf":[],"yoast_head":"<!-- This site is optimized with the Yoast SEO Premium plugin v27.2 (Yoast SEO v27.2) - https:\/\/yoast.com\/product\/yoast-seo-premium-wordpress\/ -->\n<title>Concurso STJ: prazo de recursos \u00e0 discursiva aberto para Analista - Suporte em TI<\/title>\n<meta name=\"description\" content=\"Concurso STJ: prazo de recursos \u00e0 discursiva aberto para Analista - Suporte em TI. Confira as datas e n\u00e3o perca a oportunidade!\" \/>\n<meta name=\"robots\" content=\"index, follow, max-snippet:-1, max-image-preview:large, max-video-preview:-1\" \/>\n<link rel=\"canonical\" href=\"https:\/\/www.estrategiaconcursos.com.br\/blog\/concurso-stj-prazo-de-recursos-para-analista-suporte-em-ti\/\" \/>\n<meta property=\"og:locale\" content=\"pt_BR\" \/>\n<meta property=\"og:type\" content=\"article\" \/>\n<meta property=\"og:title\" content=\"Concurso STJ: prazo de recursos \u00e0 discursiva aberto para Analista - Suporte em TI\" \/>\n<meta property=\"og:description\" content=\"Concurso STJ: prazo de recursos \u00e0 discursiva aberto para Analista - Suporte em TI. Confira as datas e n\u00e3o perca a oportunidade!\" \/>\n<meta property=\"og:url\" content=\"https:\/\/www.estrategiaconcursos.com.br\/blog\/concurso-stj-prazo-de-recursos-para-analista-suporte-em-ti\/\" \/>\n<meta property=\"og:site_name\" content=\"Estrat\u00e9gia Concursos\" \/>\n<meta property=\"article:published_time\" content=\"2025-02-19T12:19:00+00:00\" \/>\n<meta property=\"article:modified_time\" content=\"2025-02-19T18:08:56+00:00\" \/>\n<meta property=\"og:image\" content=\"https:\/\/dhg1h5j42swfq.cloudfront.net\/2022\/03\/21121530\/stj-1.jpeg\" \/>\n\t<meta property=\"og:image:width\" content=\"768\" \/>\n\t<meta property=\"og:image:height\" content=\"432\" \/>\n\t<meta property=\"og:image:type\" content=\"image\/jpeg\" \/>\n<meta name=\"author\" content=\"Nat\u00e1lia Scarano\" \/>\n<meta name=\"twitter:card\" content=\"summary_large_image\" \/>\n<meta name=\"twitter:creator\" content=\"@EstratConcursos\" \/>\n<meta name=\"twitter:site\" content=\"@EstratConcursos\" \/>\n<meta name=\"twitter:label1\" content=\"Escrito por\" \/>\n\t<meta name=\"twitter:data1\" content=\"Nat\u00e1lia Scarano\" \/>\n\t<meta name=\"twitter:label2\" content=\"Est. tempo de leitura\" \/>\n\t<meta name=\"twitter:data2\" content=\"7 minutos\" \/>\n<script type=\"application\/ld+json\" class=\"yoast-schema-graph\">{\"@context\":\"https:\/\/schema.org\",\"@graph\":[{\"@type\":\"NewsArticle\",\"@id\":\"https:\/\/www.estrategiaconcursos.com.br\/blog\/concurso-stj-prazo-de-recursos-para-analista-suporte-em-ti\/#article\",\"isPartOf\":{\"@id\":\"https:\/\/www.estrategiaconcursos.com.br\/blog\/concurso-stj-prazo-de-recursos-para-analista-suporte-em-ti\/\"},\"author\":{\"name\":\"Nat\u00e1lia Scarano\",\"@id\":\"https:\/\/www.estrategiaconcursos.com.br\/blog\/#\/schema\/person\/751aedf909a9d10cb23ce6ac527ce0f2\"},\"headline\":\"Concurso STJ: prazo de recursos \u00e0 discursiva aberto para Analista &#8211; Suporte em TI\",\"datePublished\":\"2025-02-19T12:19:00+00:00\",\"dateModified\":\"2025-02-19T18:08:56+00:00\",\"mainEntityOfPage\":{\"@id\":\"https:\/\/www.estrategiaconcursos.com.br\/blog\/concurso-stj-prazo-de-recursos-para-analista-suporte-em-ti\/\"},\"wordCount\":1405,\"commentCount\":0,\"publisher\":{\"@id\":\"https:\/\/www.estrategiaconcursos.com.br\/blog\/#organization\"},\"image\":{\"@id\":\"https:\/\/www.estrategiaconcursos.com.br\/blog\/concurso-stj-prazo-de-recursos-para-analista-suporte-em-ti\/#primaryimage\"},\"thumbnailUrl\":\"https:\/\/dhg1h5j42swfq.cloudfront.net\/2022\/03\/21121530\/stj-1.jpeg\",\"articleSection\":[\"Concursos P\u00fablicos\",\"Tribunais\"],\"inLanguage\":\"pt-BR\",\"potentialAction\":[{\"@type\":\"CommentAction\",\"name\":\"Comment\",\"target\":[\"https:\/\/www.estrategiaconcursos.com.br\/blog\/concurso-stj-prazo-de-recursos-para-analista-suporte-em-ti\/#respond\"]}],\"copyrightYear\":\"2025\",\"copyrightHolder\":{\"@id\":\"https:\/\/www.estrategiaconcursos.com.br\/blog\/#organization\"}},{\"@type\":\"WebPage\",\"@id\":\"https:\/\/www.estrategiaconcursos.com.br\/blog\/concurso-stj-prazo-de-recursos-para-analista-suporte-em-ti\/\",\"url\":\"https:\/\/www.estrategiaconcursos.com.br\/blog\/concurso-stj-prazo-de-recursos-para-analista-suporte-em-ti\/\",\"name\":\"Concurso STJ: prazo de recursos \u00e0 discursiva aberto para Analista - Suporte em TI\",\"isPartOf\":{\"@id\":\"https:\/\/www.estrategiaconcursos.com.br\/blog\/#website\"},\"primaryImageOfPage\":{\"@id\":\"https:\/\/www.estrategiaconcursos.com.br\/blog\/concurso-stj-prazo-de-recursos-para-analista-suporte-em-ti\/#primaryimage\"},\"image\":{\"@id\":\"https:\/\/www.estrategiaconcursos.com.br\/blog\/concurso-stj-prazo-de-recursos-para-analista-suporte-em-ti\/#primaryimage\"},\"thumbnailUrl\":\"https:\/\/dhg1h5j42swfq.cloudfront.net\/2022\/03\/21121530\/stj-1.jpeg\",\"datePublished\":\"2025-02-19T12:19:00+00:00\",\"dateModified\":\"2025-02-19T18:08:56+00:00\",\"description\":\"Concurso STJ: prazo de recursos \u00e0 discursiva aberto para Analista - Suporte em TI. Confira as datas e n\u00e3o perca a oportunidade!\",\"breadcrumb\":{\"@id\":\"https:\/\/www.estrategiaconcursos.com.br\/blog\/concurso-stj-prazo-de-recursos-para-analista-suporte-em-ti\/#breadcrumb\"},\"inLanguage\":\"pt-BR\",\"potentialAction\":[{\"@type\":\"ReadAction\",\"target\":[\"https:\/\/www.estrategiaconcursos.com.br\/blog\/concurso-stj-prazo-de-recursos-para-analista-suporte-em-ti\/\"]}]},{\"@type\":\"ImageObject\",\"inLanguage\":\"pt-BR\",\"@id\":\"https:\/\/www.estrategiaconcursos.com.br\/blog\/concurso-stj-prazo-de-recursos-para-analista-suporte-em-ti\/#primaryimage\",\"url\":\"https:\/\/dhg1h5j42swfq.cloudfront.net\/2022\/03\/21121530\/stj-1.jpeg\",\"contentUrl\":\"https:\/\/dhg1h5j42swfq.cloudfront.net\/2022\/03\/21121530\/stj-1.jpeg\",\"width\":768,\"height\":432,\"caption\":\"APROVADOS STJ\"},{\"@type\":\"BreadcrumbList\",\"@id\":\"https:\/\/www.estrategiaconcursos.com.br\/blog\/concurso-stj-prazo-de-recursos-para-analista-suporte-em-ti\/#breadcrumb\",\"itemListElement\":[{\"@type\":\"ListItem\",\"position\":1,\"name\":\"In\u00edcio\",\"item\":\"https:\/\/www.estrategiaconcursos.com.br\/blog\/\"},{\"@type\":\"ListItem\",\"position\":2,\"name\":\"Concurso STJ: prazo de recursos \u00e0 discursiva aberto para Analista &#8211; Suporte em TI\"}]},{\"@type\":\"WebSite\",\"@id\":\"https:\/\/www.estrategiaconcursos.com.br\/blog\/#website\",\"url\":\"https:\/\/www.estrategiaconcursos.com.br\/blog\/\",\"name\":\"Estrat\u00e9gia Concursos\",\"description\":\"O blog da Estrat\u00e9gia Concursos traz not\u00edcias sobre concursos e artigos de professores oferecendo cursos para concursos (pdf + videaulas) no site.\",\"publisher\":{\"@id\":\"https:\/\/www.estrategiaconcursos.com.br\/blog\/#organization\"},\"potentialAction\":[{\"@type\":\"SearchAction\",\"target\":{\"@type\":\"EntryPoint\",\"urlTemplate\":\"https:\/\/www.estrategiaconcursos.com.br\/blog\/?s={search_term_string}\"},\"query-input\":{\"@type\":\"PropertyValueSpecification\",\"valueRequired\":true,\"valueName\":\"search_term_string\"}}],\"inLanguage\":\"pt-BR\"},{\"@type\":\"Organization\",\"@id\":\"https:\/\/www.estrategiaconcursos.com.br\/blog\/#organization\",\"name\":\"Estrat\u00e9gia Concursos\",\"url\":\"https:\/\/www.estrategiaconcursos.com.br\/blog\/\",\"logo\":{\"@type\":\"ImageObject\",\"inLanguage\":\"pt-BR\",\"@id\":\"https:\/\/www.estrategiaconcursos.com.br\/blog\/#\/schema\/logo\/image\/\",\"url\":\"https:\/\/dhg1h5j42swfq.cloudfront.net\/2025\/06\/03203428\/logo_concursos-1.jpg\",\"contentUrl\":\"https:\/\/dhg1h5j42swfq.cloudfront.net\/2025\/06\/03203428\/logo_concursos-1.jpg\",\"width\":230,\"height\":60,\"caption\":\"Estrat\u00e9gia Concursos\"},\"image\":{\"@id\":\"https:\/\/www.estrategiaconcursos.com.br\/blog\/#\/schema\/logo\/image\/\"},\"sameAs\":[\"https:\/\/x.com\/EstratConcursos\"]},{\"@type\":\"Person\",\"@id\":\"https:\/\/www.estrategiaconcursos.com.br\/blog\/#\/schema\/person\/751aedf909a9d10cb23ce6ac527ce0f2\",\"name\":\"Nat\u00e1lia Scarano\",\"image\":{\"@type\":\"ImageObject\",\"inLanguage\":\"pt-BR\",\"@id\":\"https:\/\/secure.gravatar.com\/avatar\/8a889b8db3dbd227a1a78627357ec8fe64f5e99189d1889a270127828ab372ac?s=96&d=mm&r=g\",\"url\":\"https:\/\/secure.gravatar.com\/avatar\/8a889b8db3dbd227a1a78627357ec8fe64f5e99189d1889a270127828ab372ac?s=96&d=mm&r=g\",\"contentUrl\":\"https:\/\/secure.gravatar.com\/avatar\/8a889b8db3dbd227a1a78627357ec8fe64f5e99189d1889a270127828ab372ac?s=96&d=mm&r=g\",\"caption\":\"Nat\u00e1lia Scarano\"},\"description\":\"Jornalista, formada e p\u00f3s graduada pelo IESB, faz parte do time de jornalistas do Estrat\u00e9gia desde 2017. Possui familiaridade com as \u00e1reas de Tribunais, Defensorias, Procuradorias, Minist\u00e9rios P\u00fablicos, Conselhos, Educa\u00e7\u00e3o, \u00c1rea de Seguran\u00e7a, concursos de Carreiras Jur\u00eddicas e OAB. Experi\u00eancia em marketing digital, assessoria de comunica\u00e7\u00e3o e institucional na \u00e1rea privada e p\u00fablica, com atua\u00e7\u00e3o em \u00f3rg\u00e3os como CGU, Cofen e CNM.\",\"url\":\"https:\/\/www.estrategiaconcursos.com.br\/blog\/author\/natalia-scaranoestrategiaconcursos-com-br\/\"}]}<\/script>\n<!-- \/ Yoast SEO Premium plugin. -->","yoast_head_json":{"title":"Concurso STJ: prazo de recursos \u00e0 discursiva aberto para Analista - Suporte em TI","description":"Concurso STJ: prazo de recursos \u00e0 discursiva aberto para Analista - Suporte em TI. Confira as datas e n\u00e3o perca a oportunidade!","robots":{"index":"index","follow":"follow","max-snippet":"max-snippet:-1","max-image-preview":"max-image-preview:large","max-video-preview":"max-video-preview:-1"},"canonical":"https:\/\/www.estrategiaconcursos.com.br\/blog\/concurso-stj-prazo-de-recursos-para-analista-suporte-em-ti\/","og_locale":"pt_BR","og_type":"article","og_title":"Concurso STJ: prazo de recursos \u00e0 discursiva aberto para Analista - Suporte em TI","og_description":"Concurso STJ: prazo de recursos \u00e0 discursiva aberto para Analista - Suporte em TI. Confira as datas e n\u00e3o perca a oportunidade!","og_url":"https:\/\/www.estrategiaconcursos.com.br\/blog\/concurso-stj-prazo-de-recursos-para-analista-suporte-em-ti\/","og_site_name":"Estrat\u00e9gia Concursos","article_published_time":"2025-02-19T12:19:00+00:00","article_modified_time":"2025-02-19T18:08:56+00:00","og_image":[{"width":768,"height":432,"url":"https:\/\/dhg1h5j42swfq.cloudfront.net\/2022\/03\/21121530\/stj-1.jpeg","type":"image\/jpeg"}],"author":"Nat\u00e1lia Scarano","twitter_card":"summary_large_image","twitter_creator":"@EstratConcursos","twitter_site":"@EstratConcursos","twitter_misc":{"Escrito por":"Nat\u00e1lia Scarano","Est. tempo de leitura":"7 minutos"},"schema":{"@context":"https:\/\/schema.org","@graph":[{"@type":"NewsArticle","@id":"https:\/\/www.estrategiaconcursos.com.br\/blog\/concurso-stj-prazo-de-recursos-para-analista-suporte-em-ti\/#article","isPartOf":{"@id":"https:\/\/www.estrategiaconcursos.com.br\/blog\/concurso-stj-prazo-de-recursos-para-analista-suporte-em-ti\/"},"author":{"name":"Nat\u00e1lia Scarano","@id":"https:\/\/www.estrategiaconcursos.com.br\/blog\/#\/schema\/person\/751aedf909a9d10cb23ce6ac527ce0f2"},"headline":"Concurso STJ: prazo de recursos \u00e0 discursiva aberto para Analista &#8211; Suporte em TI","datePublished":"2025-02-19T12:19:00+00:00","dateModified":"2025-02-19T18:08:56+00:00","mainEntityOfPage":{"@id":"https:\/\/www.estrategiaconcursos.com.br\/blog\/concurso-stj-prazo-de-recursos-para-analista-suporte-em-ti\/"},"wordCount":1405,"commentCount":0,"publisher":{"@id":"https:\/\/www.estrategiaconcursos.com.br\/blog\/#organization"},"image":{"@id":"https:\/\/www.estrategiaconcursos.com.br\/blog\/concurso-stj-prazo-de-recursos-para-analista-suporte-em-ti\/#primaryimage"},"thumbnailUrl":"https:\/\/dhg1h5j42swfq.cloudfront.net\/2022\/03\/21121530\/stj-1.jpeg","articleSection":["Concursos P\u00fablicos","Tribunais"],"inLanguage":"pt-BR","potentialAction":[{"@type":"CommentAction","name":"Comment","target":["https:\/\/www.estrategiaconcursos.com.br\/blog\/concurso-stj-prazo-de-recursos-para-analista-suporte-em-ti\/#respond"]}],"copyrightYear":"2025","copyrightHolder":{"@id":"https:\/\/www.estrategiaconcursos.com.br\/blog\/#organization"}},{"@type":"WebPage","@id":"https:\/\/www.estrategiaconcursos.com.br\/blog\/concurso-stj-prazo-de-recursos-para-analista-suporte-em-ti\/","url":"https:\/\/www.estrategiaconcursos.com.br\/blog\/concurso-stj-prazo-de-recursos-para-analista-suporte-em-ti\/","name":"Concurso STJ: prazo de recursos \u00e0 discursiva aberto para Analista - Suporte em TI","isPartOf":{"@id":"https:\/\/www.estrategiaconcursos.com.br\/blog\/#website"},"primaryImageOfPage":{"@id":"https:\/\/www.estrategiaconcursos.com.br\/blog\/concurso-stj-prazo-de-recursos-para-analista-suporte-em-ti\/#primaryimage"},"image":{"@id":"https:\/\/www.estrategiaconcursos.com.br\/blog\/concurso-stj-prazo-de-recursos-para-analista-suporte-em-ti\/#primaryimage"},"thumbnailUrl":"https:\/\/dhg1h5j42swfq.cloudfront.net\/2022\/03\/21121530\/stj-1.jpeg","datePublished":"2025-02-19T12:19:00+00:00","dateModified":"2025-02-19T18:08:56+00:00","description":"Concurso STJ: prazo de recursos \u00e0 discursiva aberto para Analista - Suporte em TI. Confira as datas e n\u00e3o perca a oportunidade!","breadcrumb":{"@id":"https:\/\/www.estrategiaconcursos.com.br\/blog\/concurso-stj-prazo-de-recursos-para-analista-suporte-em-ti\/#breadcrumb"},"inLanguage":"pt-BR","potentialAction":[{"@type":"ReadAction","target":["https:\/\/www.estrategiaconcursos.com.br\/blog\/concurso-stj-prazo-de-recursos-para-analista-suporte-em-ti\/"]}]},{"@type":"ImageObject","inLanguage":"pt-BR","@id":"https:\/\/www.estrategiaconcursos.com.br\/blog\/concurso-stj-prazo-de-recursos-para-analista-suporte-em-ti\/#primaryimage","url":"https:\/\/dhg1h5j42swfq.cloudfront.net\/2022\/03\/21121530\/stj-1.jpeg","contentUrl":"https:\/\/dhg1h5j42swfq.cloudfront.net\/2022\/03\/21121530\/stj-1.jpeg","width":768,"height":432,"caption":"APROVADOS STJ"},{"@type":"BreadcrumbList","@id":"https:\/\/www.estrategiaconcursos.com.br\/blog\/concurso-stj-prazo-de-recursos-para-analista-suporte-em-ti\/#breadcrumb","itemListElement":[{"@type":"ListItem","position":1,"name":"In\u00edcio","item":"https:\/\/www.estrategiaconcursos.com.br\/blog\/"},{"@type":"ListItem","position":2,"name":"Concurso STJ: prazo de recursos \u00e0 discursiva aberto para Analista &#8211; Suporte em TI"}]},{"@type":"WebSite","@id":"https:\/\/www.estrategiaconcursos.com.br\/blog\/#website","url":"https:\/\/www.estrategiaconcursos.com.br\/blog\/","name":"Estrat\u00e9gia Concursos","description":"O blog da Estrat\u00e9gia Concursos traz not\u00edcias sobre concursos e artigos de professores oferecendo cursos para concursos (pdf + videaulas) no site.","publisher":{"@id":"https:\/\/www.estrategiaconcursos.com.br\/blog\/#organization"},"potentialAction":[{"@type":"SearchAction","target":{"@type":"EntryPoint","urlTemplate":"https:\/\/www.estrategiaconcursos.com.br\/blog\/?s={search_term_string}"},"query-input":{"@type":"PropertyValueSpecification","valueRequired":true,"valueName":"search_term_string"}}],"inLanguage":"pt-BR"},{"@type":"Organization","@id":"https:\/\/www.estrategiaconcursos.com.br\/blog\/#organization","name":"Estrat\u00e9gia Concursos","url":"https:\/\/www.estrategiaconcursos.com.br\/blog\/","logo":{"@type":"ImageObject","inLanguage":"pt-BR","@id":"https:\/\/www.estrategiaconcursos.com.br\/blog\/#\/schema\/logo\/image\/","url":"https:\/\/dhg1h5j42swfq.cloudfront.net\/2025\/06\/03203428\/logo_concursos-1.jpg","contentUrl":"https:\/\/dhg1h5j42swfq.cloudfront.net\/2025\/06\/03203428\/logo_concursos-1.jpg","width":230,"height":60,"caption":"Estrat\u00e9gia Concursos"},"image":{"@id":"https:\/\/www.estrategiaconcursos.com.br\/blog\/#\/schema\/logo\/image\/"},"sameAs":["https:\/\/x.com\/EstratConcursos"]},{"@type":"Person","@id":"https:\/\/www.estrategiaconcursos.com.br\/blog\/#\/schema\/person\/751aedf909a9d10cb23ce6ac527ce0f2","name":"Nat\u00e1lia Scarano","image":{"@type":"ImageObject","inLanguage":"pt-BR","@id":"https:\/\/secure.gravatar.com\/avatar\/8a889b8db3dbd227a1a78627357ec8fe64f5e99189d1889a270127828ab372ac?s=96&d=mm&r=g","url":"https:\/\/secure.gravatar.com\/avatar\/8a889b8db3dbd227a1a78627357ec8fe64f5e99189d1889a270127828ab372ac?s=96&d=mm&r=g","contentUrl":"https:\/\/secure.gravatar.com\/avatar\/8a889b8db3dbd227a1a78627357ec8fe64f5e99189d1889a270127828ab372ac?s=96&d=mm&r=g","caption":"Nat\u00e1lia Scarano"},"description":"Jornalista, formada e p\u00f3s graduada pelo IESB, faz parte do time de jornalistas do Estrat\u00e9gia desde 2017. Possui familiaridade com as \u00e1reas de Tribunais, Defensorias, Procuradorias, Minist\u00e9rios P\u00fablicos, Conselhos, Educa\u00e7\u00e3o, \u00c1rea de Seguran\u00e7a, concursos de Carreiras Jur\u00eddicas e OAB. Experi\u00eancia em marketing digital, assessoria de comunica\u00e7\u00e3o e institucional na \u00e1rea privada e p\u00fablica, com atua\u00e7\u00e3o em \u00f3rg\u00e3os como CGU, Cofen e CNM.","url":"https:\/\/www.estrategiaconcursos.com.br\/blog\/author\/natalia-scaranoestrategiaconcursos-com-br\/"}]}},"_links":{"self":[{"href":"https:\/\/www.estrategiaconcursos.com.br\/blog\/wp-json\/wp\/v2\/posts\/1534835","targetHints":{"allow":["GET"]}}],"collection":[{"href":"https:\/\/www.estrategiaconcursos.com.br\/blog\/wp-json\/wp\/v2\/posts"}],"about":[{"href":"https:\/\/www.estrategiaconcursos.com.br\/blog\/wp-json\/wp\/v2\/types\/post"}],"author":[{"embeddable":true,"href":"https:\/\/www.estrategiaconcursos.com.br\/blog\/wp-json\/wp\/v2\/users\/657"}],"replies":[{"embeddable":true,"href":"https:\/\/www.estrategiaconcursos.com.br\/blog\/wp-json\/wp\/v2\/comments?post=1534835"}],"version-history":[{"count":3,"href":"https:\/\/www.estrategiaconcursos.com.br\/blog\/wp-json\/wp\/v2\/posts\/1534835\/revisions"}],"predecessor-version":[{"id":1534937,"href":"https:\/\/www.estrategiaconcursos.com.br\/blog\/wp-json\/wp\/v2\/posts\/1534835\/revisions\/1534937"}],"wp:featuredmedia":[{"embeddable":true,"href":"https:\/\/www.estrategiaconcursos.com.br\/blog\/wp-json\/wp\/v2\/media\/991220"}],"wp:attachment":[{"href":"https:\/\/www.estrategiaconcursos.com.br\/blog\/wp-json\/wp\/v2\/media?parent=1534835"}],"wp:term":[{"taxonomy":"category","embeddable":true,"href":"https:\/\/www.estrategiaconcursos.com.br\/blog\/wp-json\/wp\/v2\/categories?post=1534835"},{"taxonomy":"post_tag","embeddable":true,"href":"https:\/\/www.estrategiaconcursos.com.br\/blog\/wp-json\/wp\/v2\/tags?post=1534835"},{"taxonomy":"tax_estado","embeddable":true,"href":"https:\/\/www.estrategiaconcursos.com.br\/blog\/wp-json\/wp\/v2\/tax_estado?post=1534835"}],"curies":[{"name":"wp","href":"https:\/\/api.w.org\/{rel}","templated":true}]}}