{"id":153369,"date":"2018-11-28T21:45:31","date_gmt":"2018-11-29T00:45:31","guid":{"rendered":"https:\/\/www.estrategiaconcursos.com.br\/blog\/?p=153369"},"modified":"2018-12-18T11:02:20","modified_gmt":"2018-12-18T14:02:20","slug":"como-as-ciencias-humanas-podem-contribuir-para-voce-mandar-bem-na-redacao","status":"publish","type":"post","link":"https:\/\/www.estrategiaconcursos.com.br\/blog\/como-as-ciencias-humanas-podem-contribuir-para-voce-mandar-bem-na-redacao\/","title":{"rendered":"Como as Ci\u00eancias Humanas podem contribuir para voc\u00ea mandar bem na reda\u00e7\u00e3o?"},"content":{"rendered":"<p style=\"text-align: justify\"><span style=\"font-size: 14pt;font-family: arial, helvetica, sans-serif\">Estrategianos, tudo bem?<\/span><\/p>\n<p style=\"text-align: justify\"><span style=\"font-size: 14pt;font-family: arial, helvetica, sans-serif\">Para aqueles que ainda n\u00e3o me conhecem, eu sou o Professor Raphael Reis. Atuo nas disciplinas de Reda\u00e7\u00e3o, de Hist\u00f3ria do Brasil, de Filosofia e de Sociologia. Sou graduado em Hist\u00f3ria (UFJF), Esp. em Pol\u00edticas P\u00fablicas UFJF), MBA em Organiza\u00e7\u00e3o de Campanha Eleitoral (Uninter) e Mestre em Sociologia da Educa\u00e7\u00e3o (UFJF).<\/span><\/p>\n<p style=\"text-align: justify\"><span style=\"font-size: 14pt;font-family: arial, helvetica, sans-serif\">Como voc\u00ea j\u00e1 sabe, h\u00e1 v\u00e1rios recursos argumentativos poss\u00edveis de serem utilizados, mas, certamente, o mais &#8220;queridinho&#8221; pelas\u00a0 bancas \u00e9 o argumento de autoridade. Saber aplicar conceitos e reflex\u00f5es de pensadores renomados faz toda a diferen\u00e7a em sua reda\u00e7\u00e3o. Nesse sentido, aqueles que n\u00e3o deram import\u00e2ncia para Hist\u00f3ria, Geografia, Filosofia e Sociologia no Ensino M\u00e9dio passam aperto na hora de construir argumentos bem fundamentados, mas nem tudo est\u00e1 perdido&#8230;rsrs<\/span><\/p>\n<p style=\"text-align: justify\"><span style=\"font-size: 14pt;font-family: arial, helvetica, sans-serif\">Pode parecer um mero detalhe, por\u00e9m h\u00e1 muitos candidatos que mandam bem na prova objetiva e descuidam da prova discursiva, e todo aquele tempo de estudo, dedica\u00e7\u00e3o e boa classifica\u00e7\u00e3o na primeira etapa se perdem quando sai o resultado da reda\u00e7\u00e3o. <\/span><\/p>\n<p style=\"text-align: justify\"><span style=\"font-size: 14pt;font-family: arial, helvetica, sans-serif\">Ent\u00e3o, como eu sempre digo aos meus alunos da FCC e do ENEM, \u00e9 bom acostumar com o pensamento filos\u00f3fico e sociol\u00f3gico. Mais do que acostumar, utilizar de forma contextualizada e apropriada. Isso far\u00e1 com que voc\u00ea mostre aos examinadores repert\u00f3rio sociocultural e o colocar\u00e1 mais perto de uma boa nota.<\/span><\/p>\n<p style=\"text-align: justify\"><span style=\"font-size: 14pt;font-family: arial, helvetica, sans-serif\">Veja o recado de nossa aluna Ana Paula Gomes, que tirou 100 na FCC &#8211; a prova discursiva mais dif\u00edcil do Brasil!<\/span><\/p>\n<div class=\"lyte-wrapper\" style=\"width:853px;max-width:100%;margin:5px;\"><div class=\"lyMe qsa_\\&amp;start\\=2\" id=\"WYL_qUxbSM8h1zY\"><div id=\"lyte_qUxbSM8h1zY\" data-src=\"\/\/i.ytimg.com\/vi\/qUxbSM8h1zY\/hqdefault.jpg\" class=\"pL\"><div class=\"tC\"><div class=\"tT\"><\/div><\/div><div class=\"play\"><\/div><div class=\"ctrl\"><div class=\"Lctrl\"><\/div><div class=\"Rctrl\"><\/div><\/div><\/div><noscript><a href=\"https:\/\/youtu.be\/qUxbSM8h1zY\" rel=\"nofollow\"><img loading=\"lazy\" decoding=\"async\" src=\"https:\/\/i.ytimg.com\/vi\/qUxbSM8h1zY\/0.jpg\" alt=\"YouTube video thumbnail\" width=\"853\" height=\"460\" \/><br \/>Assista a este v\u00eddeo no YouTube<\/a><\/noscript><\/div><\/div><div class=\"lL\" style=\"max-width:100%;width:853px;margin:5px;\"><\/div><\/p>\n<p style=\"text-align: justify\"><span style=\"font-size: 14pt;font-family: arial, helvetica, sans-serif\">Visto que uma das grandes dificuldades dos alunos \u00e9 justamente ter ideias e construir argumentos, de forma in\u00e9dita e inovadora, criamos em 2017 o curso de Ci\u00eancias Humanas para Reda\u00e7\u00e3o. Esse curso \u00e9 um sucesso e os alunos t\u00eam adorado, porque tem revolucionado a forma de fazer reda\u00e7\u00e3o para concursos. Assim, vamos lan\u00e7ar a 3\u00aa edi\u00e7\u00e3o no ano de 2019 atualizada e com mais aulas! <\/span><\/p>\n<p style=\"text-align: justify\"><span style=\"font-size: 14pt;font-family: arial, helvetica, sans-serif\">Outra novidade para o ano de 2019 \u00e9 o curso de Reda\u00e7\u00e3o para o ENEM, que consta de uma metodologia inovadora, did\u00e1tica e bem simples para voc\u00ea tirar a t\u00e3o sonhada nota 1.000 no ENEM. Para isso, eu e a Professora Rafaela Freitas estamos somando for\u00e7as. Veja esta aula especial:<\/span><\/p>\n<div class=\"lyte-wrapper\" style=\"width:853px;max-width:100%;margin:5px;\"><div class=\"lyMe\" id=\"WYL_2z8V42WvJa0\"><div id=\"lyte_2z8V42WvJa0\" data-src=\"\/\/i.ytimg.com\/vi\/2z8V42WvJa0\/hqdefault.jpg\" class=\"pL\"><div class=\"tC\"><div class=\"tT\"><\/div><\/div><div class=\"play\"><\/div><div class=\"ctrl\"><div class=\"Lctrl\"><\/div><div class=\"Rctrl\"><\/div><\/div><\/div><noscript><a href=\"https:\/\/youtu.be\/2z8V42WvJa0\" rel=\"nofollow\"><img loading=\"lazy\" decoding=\"async\" src=\"https:\/\/i.ytimg.com\/vi\/2z8V42WvJa0\/0.jpg\" alt=\"YouTube video thumbnail\" width=\"853\" height=\"460\" \/><br \/>Assista a este v\u00eddeo no YouTube<\/a><\/noscript><\/div><\/div><div class=\"lL\" style=\"max-width:100%;width:853px;margin:5px;\"><\/div><\/p>\n<p><strong><span style=\"font-size: 14pt;font-family: arial, helvetica, sans-serif\">&#8211; Prof., ajuda a\u00ed e d\u00e1 algumas dicas de conceitos coringas!\u00a0 &#8211; Claro, pequeno gafanhoto, seguem alguns conceitos!<\/span><\/strong><\/p>\n<p>Ind\u00fastria Cultural, de Adorno e Horkheimeir;<\/p>\n<p>Sociedade L\u00edquida, de Zygmunt Bauman;<\/p>\n<p>Viol\u00eancia Simb\u00f3lica, de Pierre Bourdieu;<\/p>\n<p>Sociedade do Controle, de Deleuze;<\/p>\n<p>Direitos Naturais, de John Locke;<\/p>\n<p>Cidadania em Thomas Marshall;<\/p>\n<p>\u00c9tica discursiva, de Habermas.<\/p>\n<p><span style=\"font-size: 14pt;font-family: arial, helvetica, sans-serif\"><strong>Informa\u00e7\u00f5es sobre o curso de Ci\u00eancias Humanas para Reda\u00e7\u00e3o 2019:<\/strong><\/span><\/p>\n<p style=\"text-align: justify\"><span style=\"font-size: 14pt;font-family: arial, helvetica, sans-serif\">Objetivo: atender as necessidades de candidatos de Concursos P\u00fablicos e dos mais diversos vestibulares, apresentando fundamenta\u00e7\u00e3o te\u00f3rica para a constru\u00e7\u00e3o de argumentos por meio da aplica\u00e7\u00e3o de conceitos e reflex\u00f5es de pensadores das Ci\u00eancias Humanas. Portanto, o presente curso visa contemplar a parte de macroestrutura (conte\u00fado) da reda\u00e7\u00e3o com o objetivo principal de contribuir para a amplia\u00e7\u00e3o do repert\u00f3rio sociocultural do aluno.<\/span><\/p>\n<p style=\"text-align: justify\"><span style=\"font-size: 14pt;font-family: arial, helvetica, sans-serif\"><strong>Metodologia:<\/strong><\/span><\/p>\n<p style=\"text-align: justify\"><span style=\"font-size: 14pt;font-family: arial, helvetica, sans-serif\">&#8211; videoaulas apresentando os principais conceitos e reflex\u00f5es de cada\u00a0<\/span><span style=\"font-size: 14pt;font-family: arial, helvetica, sans-serif\">pensador;<\/span><br \/>\n<span style=\"font-size: 14pt;font-family: arial, helvetica, sans-serif\">&#8211; videoaulas sobre v\u00e1rios temas, com aplica\u00e7\u00e3o de conceitos e sugest\u00f5es de\u00a0<\/span><span style=\"font-size: 14pt;font-family: arial, helvetica, sans-serif\">interven\u00e7\u00f5es sociais; e<\/span><br \/>\n<span style=\"font-size: 14pt;font-family: arial, helvetica, sans-serif\">&#8211; resumo em PDF.<\/span><\/p>\n<p><span style=\"font-size: 14pt;font-family: arial, helvetica, sans-serif\"><strong>Cronograma:<\/strong><\/span><\/p>\n<p><span style=\"font-size: 14pt;font-family: arial, helvetica, sans-serif\">Confira o cronograma das 20 aulas neste link:\u00a0https:\/\/www.estrategiaconcursos.com.br\/curso\/ciencias-humanas-para-redacao-2019\/<\/span><\/p>\n<p><span style=\"font-size: 14pt;font-family: arial, helvetica, sans-serif\">Gostou das novidades? Se sim, divulgue para os amigos :)<\/span><\/p>\n<p><span style=\"font-size: 14pt;font-family: arial, helvetica, sans-serif\"><strong>Redes Sociais:<\/strong><\/span><\/p>\n<p><span style=\"font-size: 14pt;font-family: arial, helvetica, sans-serif\">YouTube: Professor Raphael Reis<\/span><\/p>\n<p><span style=\"font-size: 14pt;font-family: arial, helvetica, sans-serif\">Instagram: @profraphaelreis<\/span><\/p>\n<p><span style=\"font-size: 14pt;font-family: arial, helvetica, sans-serif\"><strong>Nossos cursos:<\/strong><\/span><\/p>\n<p><span style=\"font-size: 14pt;font-family: arial, helvetica, sans-serif\"><a href=\"https:\/\/www.estrategiaconcursos.com.br\/curso\/ciencias-humanas-para-redacao-2019\/\">Ci\u00eancias Humanas para a Reda\u00e7\u00e3o 2019<\/a><\/span><\/p>\n<p><span style=\"font-size: 14pt;font-family: arial, helvetica, sans-serif\"><a href=\"https:\/\/www.estrategiaconcursos.com.br\/curso\/redacao-p-enem-2019\/\">Reda\u00e7\u00e3o ENEM 2019<\/a><\/span><\/p>\n<p><span style=\"font-size: 14pt\"><strong>Quer receber materiais gratuitos e avisos de aul\u00f5es?<\/strong><\/span><\/p>\n<p><span style=\"font-size: 14pt\">Fa\u00e7a o cadastro de seu e-mail <a href=\"https:\/\/goo.gl\/forms\/1b8OkSZVFkvc22Sx1\">AQUI<\/a><\/span><\/p>\n<p>&nbsp;<\/p>\n<p>&nbsp;<\/p>\n<p style=\"text-align: justify\"><span style=\"font-size: 14pt;font-family: arial, helvetica, sans-serif\">\u00a0\u00a0\u00a0\u00a0\u00a0\u00a0\u00a0\u00a0 <\/span><span style=\"font-size: 14pt;font-family: arial, helvetica, sans-serif\">\u00a0\u00a0<\/span><\/p>\n","protected":false},"excerpt":{"rendered":"<p>Estrategianos, tudo bem? Para aqueles que ainda n\u00e3o me conhecem, eu sou o Professor Raphael Reis. Atuo nas disciplinas de Reda\u00e7\u00e3o, de Hist\u00f3ria do Brasil, de Filosofia e de Sociologia. Sou graduado em Hist\u00f3ria (UFJF), Esp. em Pol\u00edticas P\u00fablicas UFJF), MBA em Organiza\u00e7\u00e3o de Campanha Eleitoral (Uninter) e Mestre em Sociologia da Educa\u00e7\u00e3o (UFJF). Como [&hellip;]<\/p>\n","protected":false},"author":384,"featured_media":0,"comment_status":"open","ping_status":"closed","sticky":false,"template":"","format":"standard","meta":{"post_tipo":"article","footnotes":""},"categories":[1],"tags":[],"tax_estado":[],"class_list":["post-153369","post","type-post","status-publish","format-standard","hentry","category-cursos-e-concursos"],"acf":[],"yoast_head":"<!-- This site is optimized with the Yoast SEO Premium plugin v27.2 (Yoast SEO v27.2) - https:\/\/yoast.com\/product\/yoast-seo-premium-wordpress\/ -->\n<title>Como as Ci\u00eancias Humanas podem contribuir para voc\u00ea mandar bem na reda\u00e7\u00e3o?<\/title>\n<meta name=\"robots\" content=\"index, follow, max-snippet:-1, max-image-preview:large, max-video-preview:-1\" \/>\n<link rel=\"canonical\" href=\"https:\/\/www.estrategiaconcursos.com.br\/blog\/como-as-ciencias-humanas-podem-contribuir-para-voce-mandar-bem-na-redacao\/\" \/>\n<meta property=\"og:locale\" content=\"pt_BR\" \/>\n<meta property=\"og:type\" content=\"article\" \/>\n<meta property=\"og:title\" content=\"Como as Ci\u00eancias Humanas podem contribuir para voc\u00ea mandar bem na reda\u00e7\u00e3o?\" \/>\n<meta property=\"og:description\" content=\"Estrategianos, tudo bem? Para aqueles que ainda n\u00e3o me conhecem, eu sou o Professor Raphael Reis. Atuo nas disciplinas de Reda\u00e7\u00e3o, de Hist\u00f3ria do Brasil, de Filosofia e de Sociologia. Sou graduado em Hist\u00f3ria (UFJF), Esp. em Pol\u00edticas P\u00fablicas UFJF), MBA em Organiza\u00e7\u00e3o de Campanha Eleitoral (Uninter) e Mestre em Sociologia da Educa\u00e7\u00e3o (UFJF). Como [&hellip;]\" \/>\n<meta property=\"og:url\" content=\"https:\/\/www.estrategiaconcursos.com.br\/blog\/como-as-ciencias-humanas-podem-contribuir-para-voce-mandar-bem-na-redacao\/\" \/>\n<meta property=\"og:site_name\" content=\"Estrat\u00e9gia Concursos\" \/>\n<meta property=\"article:published_time\" content=\"2018-11-29T00:45:31+00:00\" \/>\n<meta property=\"article:modified_time\" content=\"2018-12-18T14:02:20+00:00\" \/>\n<meta name=\"author\" content=\"Raphael de Oliveira Reis\" \/>\n<meta name=\"twitter:card\" content=\"summary_large_image\" \/>\n<meta name=\"twitter:creator\" content=\"@EstratConcursos\" \/>\n<meta name=\"twitter:site\" content=\"@EstratConcursos\" \/>\n<meta name=\"twitter:label1\" content=\"Escrito por\" \/>\n\t<meta name=\"twitter:data1\" content=\"Raphael de Oliveira Reis\" \/>\n\t<meta name=\"twitter:label2\" content=\"Est. tempo de leitura\" \/>\n\t<meta name=\"twitter:data2\" content=\"3 minutos\" \/>\n<script type=\"application\/ld+json\" class=\"yoast-schema-graph\">{\"@context\":\"https:\/\/schema.org\",\"@graph\":[{\"@type\":\"NewsArticle\",\"@id\":\"https:\/\/www.estrategiaconcursos.com.br\/blog\/como-as-ciencias-humanas-podem-contribuir-para-voce-mandar-bem-na-redacao\/#article\",\"isPartOf\":{\"@id\":\"https:\/\/www.estrategiaconcursos.com.br\/blog\/como-as-ciencias-humanas-podem-contribuir-para-voce-mandar-bem-na-redacao\/\"},\"author\":{\"name\":\"Raphael de Oliveira Reis\",\"@id\":\"https:\/\/www.estrategiaconcursos.com.br\/blog\/#\/schema\/person\/b49a1a49e5ef8a9f8d3268e74404a911\"},\"headline\":\"Como as Ci\u00eancias Humanas podem contribuir para voc\u00ea mandar bem na reda\u00e7\u00e3o?\",\"datePublished\":\"2018-11-29T00:45:31+00:00\",\"dateModified\":\"2018-12-18T14:02:20+00:00\",\"mainEntityOfPage\":{\"@id\":\"https:\/\/www.estrategiaconcursos.com.br\/blog\/como-as-ciencias-humanas-podem-contribuir-para-voce-mandar-bem-na-redacao\/\"},\"wordCount\":654,\"commentCount\":2,\"publisher\":{\"@id\":\"https:\/\/www.estrategiaconcursos.com.br\/blog\/#organization\"},\"articleSection\":[\"Concursos P\u00fablicos\"],\"inLanguage\":\"pt-BR\",\"potentialAction\":[{\"@type\":\"CommentAction\",\"name\":\"Comment\",\"target\":[\"https:\/\/www.estrategiaconcursos.com.br\/blog\/como-as-ciencias-humanas-podem-contribuir-para-voce-mandar-bem-na-redacao\/#respond\"]}],\"copyrightYear\":\"2018\",\"copyrightHolder\":{\"@id\":\"https:\/\/www.estrategiaconcursos.com.br\/blog\/#organization\"}},{\"@type\":\"WebPage\",\"@id\":\"https:\/\/www.estrategiaconcursos.com.br\/blog\/como-as-ciencias-humanas-podem-contribuir-para-voce-mandar-bem-na-redacao\/\",\"url\":\"https:\/\/www.estrategiaconcursos.com.br\/blog\/como-as-ciencias-humanas-podem-contribuir-para-voce-mandar-bem-na-redacao\/\",\"name\":\"Como as Ci\u00eancias Humanas podem contribuir para voc\u00ea mandar bem na reda\u00e7\u00e3o?\",\"isPartOf\":{\"@id\":\"https:\/\/www.estrategiaconcursos.com.br\/blog\/#website\"},\"datePublished\":\"2018-11-29T00:45:31+00:00\",\"dateModified\":\"2018-12-18T14:02:20+00:00\",\"breadcrumb\":{\"@id\":\"https:\/\/www.estrategiaconcursos.com.br\/blog\/como-as-ciencias-humanas-podem-contribuir-para-voce-mandar-bem-na-redacao\/#breadcrumb\"},\"inLanguage\":\"pt-BR\",\"potentialAction\":[{\"@type\":\"ReadAction\",\"target\":[\"https:\/\/www.estrategiaconcursos.com.br\/blog\/como-as-ciencias-humanas-podem-contribuir-para-voce-mandar-bem-na-redacao\/\"]}]},{\"@type\":\"BreadcrumbList\",\"@id\":\"https:\/\/www.estrategiaconcursos.com.br\/blog\/como-as-ciencias-humanas-podem-contribuir-para-voce-mandar-bem-na-redacao\/#breadcrumb\",\"itemListElement\":[{\"@type\":\"ListItem\",\"position\":1,\"name\":\"In\u00edcio\",\"item\":\"https:\/\/www.estrategiaconcursos.com.br\/blog\/\"},{\"@type\":\"ListItem\",\"position\":2,\"name\":\"Como as Ci\u00eancias Humanas podem contribuir para voc\u00ea mandar bem na reda\u00e7\u00e3o?\"}]},{\"@type\":\"WebSite\",\"@id\":\"https:\/\/www.estrategiaconcursos.com.br\/blog\/#website\",\"url\":\"https:\/\/www.estrategiaconcursos.com.br\/blog\/\",\"name\":\"Estrat\u00e9gia Concursos\",\"description\":\"O blog da Estrat\u00e9gia Concursos traz not\u00edcias sobre concursos e artigos de professores oferecendo cursos para concursos (pdf + videaulas) no site.\",\"publisher\":{\"@id\":\"https:\/\/www.estrategiaconcursos.com.br\/blog\/#organization\"},\"potentialAction\":[{\"@type\":\"SearchAction\",\"target\":{\"@type\":\"EntryPoint\",\"urlTemplate\":\"https:\/\/www.estrategiaconcursos.com.br\/blog\/?s={search_term_string}\"},\"query-input\":{\"@type\":\"PropertyValueSpecification\",\"valueRequired\":true,\"valueName\":\"search_term_string\"}}],\"inLanguage\":\"pt-BR\"},{\"@type\":\"Organization\",\"@id\":\"https:\/\/www.estrategiaconcursos.com.br\/blog\/#organization\",\"name\":\"Estrat\u00e9gia Concursos\",\"url\":\"https:\/\/www.estrategiaconcursos.com.br\/blog\/\",\"logo\":{\"@type\":\"ImageObject\",\"inLanguage\":\"pt-BR\",\"@id\":\"https:\/\/www.estrategiaconcursos.com.br\/blog\/#\/schema\/logo\/image\/\",\"url\":\"https:\/\/dhg1h5j42swfq.cloudfront.net\/2025\/06\/03203428\/logo_concursos-1.jpg\",\"contentUrl\":\"https:\/\/dhg1h5j42swfq.cloudfront.net\/2025\/06\/03203428\/logo_concursos-1.jpg\",\"width\":230,\"height\":60,\"caption\":\"Estrat\u00e9gia Concursos\"},\"image\":{\"@id\":\"https:\/\/www.estrategiaconcursos.com.br\/blog\/#\/schema\/logo\/image\/\"},\"sameAs\":[\"https:\/\/x.com\/EstratConcursos\"]},{\"@type\":\"Person\",\"@id\":\"https:\/\/www.estrategiaconcursos.com.br\/blog\/#\/schema\/person\/b49a1a49e5ef8a9f8d3268e74404a911\",\"name\":\"Raphael de Oliveira Reis\",\"image\":{\"@type\":\"ImageObject\",\"inLanguage\":\"pt-BR\",\"@id\":\"https:\/\/secure.gravatar.com\/avatar\/b1c5789180fc7bfb5103ec006c301370c02393e37aa13c55f6d72f05fcc76b3b?s=96&d=mm&r=g\",\"url\":\"https:\/\/secure.gravatar.com\/avatar\/b1c5789180fc7bfb5103ec006c301370c02393e37aa13c55f6d72f05fcc76b3b?s=96&d=mm&r=g\",\"contentUrl\":\"https:\/\/secure.gravatar.com\/avatar\/b1c5789180fc7bfb5103ec006c301370c02393e37aa13c55f6d72f05fcc76b3b?s=96&d=mm&r=g\",\"caption\":\"Raphael de Oliveira Reis\"},\"url\":\"https:\/\/www.estrategiaconcursos.com.br\/blog\/author\/profraphaelreisgmail-com\/\"}]}<\/script>\n<!-- \/ Yoast SEO Premium plugin. -->","yoast_head_json":{"title":"Como as Ci\u00eancias Humanas podem contribuir para voc\u00ea mandar bem na reda\u00e7\u00e3o?","robots":{"index":"index","follow":"follow","max-snippet":"max-snippet:-1","max-image-preview":"max-image-preview:large","max-video-preview":"max-video-preview:-1"},"canonical":"https:\/\/www.estrategiaconcursos.com.br\/blog\/como-as-ciencias-humanas-podem-contribuir-para-voce-mandar-bem-na-redacao\/","og_locale":"pt_BR","og_type":"article","og_title":"Como as Ci\u00eancias Humanas podem contribuir para voc\u00ea mandar bem na reda\u00e7\u00e3o?","og_description":"Estrategianos, tudo bem? Para aqueles que ainda n\u00e3o me conhecem, eu sou o Professor Raphael Reis. Atuo nas disciplinas de Reda\u00e7\u00e3o, de Hist\u00f3ria do Brasil, de Filosofia e de Sociologia. Sou graduado em Hist\u00f3ria (UFJF), Esp. em Pol\u00edticas P\u00fablicas UFJF), MBA em Organiza\u00e7\u00e3o de Campanha Eleitoral (Uninter) e Mestre em Sociologia da Educa\u00e7\u00e3o (UFJF). Como [&hellip;]","og_url":"https:\/\/www.estrategiaconcursos.com.br\/blog\/como-as-ciencias-humanas-podem-contribuir-para-voce-mandar-bem-na-redacao\/","og_site_name":"Estrat\u00e9gia Concursos","article_published_time":"2018-11-29T00:45:31+00:00","article_modified_time":"2018-12-18T14:02:20+00:00","author":"Raphael de Oliveira Reis","twitter_card":"summary_large_image","twitter_creator":"@EstratConcursos","twitter_site":"@EstratConcursos","twitter_misc":{"Escrito por":"Raphael de Oliveira Reis","Est. tempo de leitura":"3 minutos"},"schema":{"@context":"https:\/\/schema.org","@graph":[{"@type":"NewsArticle","@id":"https:\/\/www.estrategiaconcursos.com.br\/blog\/como-as-ciencias-humanas-podem-contribuir-para-voce-mandar-bem-na-redacao\/#article","isPartOf":{"@id":"https:\/\/www.estrategiaconcursos.com.br\/blog\/como-as-ciencias-humanas-podem-contribuir-para-voce-mandar-bem-na-redacao\/"},"author":{"name":"Raphael de Oliveira Reis","@id":"https:\/\/www.estrategiaconcursos.com.br\/blog\/#\/schema\/person\/b49a1a49e5ef8a9f8d3268e74404a911"},"headline":"Como as Ci\u00eancias Humanas podem contribuir para voc\u00ea mandar bem na reda\u00e7\u00e3o?","datePublished":"2018-11-29T00:45:31+00:00","dateModified":"2018-12-18T14:02:20+00:00","mainEntityOfPage":{"@id":"https:\/\/www.estrategiaconcursos.com.br\/blog\/como-as-ciencias-humanas-podem-contribuir-para-voce-mandar-bem-na-redacao\/"},"wordCount":654,"commentCount":2,"publisher":{"@id":"https:\/\/www.estrategiaconcursos.com.br\/blog\/#organization"},"articleSection":["Concursos P\u00fablicos"],"inLanguage":"pt-BR","potentialAction":[{"@type":"CommentAction","name":"Comment","target":["https:\/\/www.estrategiaconcursos.com.br\/blog\/como-as-ciencias-humanas-podem-contribuir-para-voce-mandar-bem-na-redacao\/#respond"]}],"copyrightYear":"2018","copyrightHolder":{"@id":"https:\/\/www.estrategiaconcursos.com.br\/blog\/#organization"}},{"@type":"WebPage","@id":"https:\/\/www.estrategiaconcursos.com.br\/blog\/como-as-ciencias-humanas-podem-contribuir-para-voce-mandar-bem-na-redacao\/","url":"https:\/\/www.estrategiaconcursos.com.br\/blog\/como-as-ciencias-humanas-podem-contribuir-para-voce-mandar-bem-na-redacao\/","name":"Como as Ci\u00eancias Humanas podem contribuir para voc\u00ea mandar bem na reda\u00e7\u00e3o?","isPartOf":{"@id":"https:\/\/www.estrategiaconcursos.com.br\/blog\/#website"},"datePublished":"2018-11-29T00:45:31+00:00","dateModified":"2018-12-18T14:02:20+00:00","breadcrumb":{"@id":"https:\/\/www.estrategiaconcursos.com.br\/blog\/como-as-ciencias-humanas-podem-contribuir-para-voce-mandar-bem-na-redacao\/#breadcrumb"},"inLanguage":"pt-BR","potentialAction":[{"@type":"ReadAction","target":["https:\/\/www.estrategiaconcursos.com.br\/blog\/como-as-ciencias-humanas-podem-contribuir-para-voce-mandar-bem-na-redacao\/"]}]},{"@type":"BreadcrumbList","@id":"https:\/\/www.estrategiaconcursos.com.br\/blog\/como-as-ciencias-humanas-podem-contribuir-para-voce-mandar-bem-na-redacao\/#breadcrumb","itemListElement":[{"@type":"ListItem","position":1,"name":"In\u00edcio","item":"https:\/\/www.estrategiaconcursos.com.br\/blog\/"},{"@type":"ListItem","position":2,"name":"Como as Ci\u00eancias Humanas podem contribuir para voc\u00ea mandar bem na reda\u00e7\u00e3o?"}]},{"@type":"WebSite","@id":"https:\/\/www.estrategiaconcursos.com.br\/blog\/#website","url":"https:\/\/www.estrategiaconcursos.com.br\/blog\/","name":"Estrat\u00e9gia Concursos","description":"O blog da Estrat\u00e9gia Concursos traz not\u00edcias sobre concursos e artigos de professores oferecendo cursos para concursos (pdf + videaulas) no site.","publisher":{"@id":"https:\/\/www.estrategiaconcursos.com.br\/blog\/#organization"},"potentialAction":[{"@type":"SearchAction","target":{"@type":"EntryPoint","urlTemplate":"https:\/\/www.estrategiaconcursos.com.br\/blog\/?s={search_term_string}"},"query-input":{"@type":"PropertyValueSpecification","valueRequired":true,"valueName":"search_term_string"}}],"inLanguage":"pt-BR"},{"@type":"Organization","@id":"https:\/\/www.estrategiaconcursos.com.br\/blog\/#organization","name":"Estrat\u00e9gia Concursos","url":"https:\/\/www.estrategiaconcursos.com.br\/blog\/","logo":{"@type":"ImageObject","inLanguage":"pt-BR","@id":"https:\/\/www.estrategiaconcursos.com.br\/blog\/#\/schema\/logo\/image\/","url":"https:\/\/dhg1h5j42swfq.cloudfront.net\/2025\/06\/03203428\/logo_concursos-1.jpg","contentUrl":"https:\/\/dhg1h5j42swfq.cloudfront.net\/2025\/06\/03203428\/logo_concursos-1.jpg","width":230,"height":60,"caption":"Estrat\u00e9gia Concursos"},"image":{"@id":"https:\/\/www.estrategiaconcursos.com.br\/blog\/#\/schema\/logo\/image\/"},"sameAs":["https:\/\/x.com\/EstratConcursos"]},{"@type":"Person","@id":"https:\/\/www.estrategiaconcursos.com.br\/blog\/#\/schema\/person\/b49a1a49e5ef8a9f8d3268e74404a911","name":"Raphael de Oliveira Reis","image":{"@type":"ImageObject","inLanguage":"pt-BR","@id":"https:\/\/secure.gravatar.com\/avatar\/b1c5789180fc7bfb5103ec006c301370c02393e37aa13c55f6d72f05fcc76b3b?s=96&d=mm&r=g","url":"https:\/\/secure.gravatar.com\/avatar\/b1c5789180fc7bfb5103ec006c301370c02393e37aa13c55f6d72f05fcc76b3b?s=96&d=mm&r=g","contentUrl":"https:\/\/secure.gravatar.com\/avatar\/b1c5789180fc7bfb5103ec006c301370c02393e37aa13c55f6d72f05fcc76b3b?s=96&d=mm&r=g","caption":"Raphael de Oliveira Reis"},"url":"https:\/\/www.estrategiaconcursos.com.br\/blog\/author\/profraphaelreisgmail-com\/"}]}},"_links":{"self":[{"href":"https:\/\/www.estrategiaconcursos.com.br\/blog\/wp-json\/wp\/v2\/posts\/153369","targetHints":{"allow":["GET"]}}],"collection":[{"href":"https:\/\/www.estrategiaconcursos.com.br\/blog\/wp-json\/wp\/v2\/posts"}],"about":[{"href":"https:\/\/www.estrategiaconcursos.com.br\/blog\/wp-json\/wp\/v2\/types\/post"}],"author":[{"embeddable":true,"href":"https:\/\/www.estrategiaconcursos.com.br\/blog\/wp-json\/wp\/v2\/users\/384"}],"replies":[{"embeddable":true,"href":"https:\/\/www.estrategiaconcursos.com.br\/blog\/wp-json\/wp\/v2\/comments?post=153369"}],"version-history":[{"count":2,"href":"https:\/\/www.estrategiaconcursos.com.br\/blog\/wp-json\/wp\/v2\/posts\/153369\/revisions"}],"predecessor-version":[{"id":156144,"href":"https:\/\/www.estrategiaconcursos.com.br\/blog\/wp-json\/wp\/v2\/posts\/153369\/revisions\/156144"}],"wp:attachment":[{"href":"https:\/\/www.estrategiaconcursos.com.br\/blog\/wp-json\/wp\/v2\/media?parent=153369"}],"wp:term":[{"taxonomy":"category","embeddable":true,"href":"https:\/\/www.estrategiaconcursos.com.br\/blog\/wp-json\/wp\/v2\/categories?post=153369"},{"taxonomy":"post_tag","embeddable":true,"href":"https:\/\/www.estrategiaconcursos.com.br\/blog\/wp-json\/wp\/v2\/tags?post=153369"},{"taxonomy":"tax_estado","embeddable":true,"href":"https:\/\/www.estrategiaconcursos.com.br\/blog\/wp-json\/wp\/v2\/tax_estado?post=153369"}],"curies":[{"name":"wp","href":"https:\/\/api.w.org\/{rel}","templated":true}]}}