{"id":1533433,"date":"2025-06-02T17:42:37","date_gmt":"2025-06-02T20:42:37","guid":{"rendered":"https:\/\/www.estrategiaconcursos.com.br\/blog\/?p=1533433"},"modified":"2025-06-02T17:53:02","modified_gmt":"2025-06-02T20:53:02","slug":"concurso-iss-santa-maria-madalena","status":"publish","type":"post","link":"https:\/\/www.estrategiaconcursos.com.br\/blog\/concurso-iss-santa-maria-madalena\/","title":{"rendered":"Concurso ISS Santa Maria Madalena: saiu o gabarito!"},"content":{"rendered":"\n<p>O concurso da <strong>Prefeitura de Santa Maria Madalena<\/strong>, no Rio de Janeiro, que oferta <strong>vaga <\/strong>para <strong>Auditor Fiscal Tribut\u00e1rio<\/strong>, lotado na Secretaria da Fazenda do Munic\u00edpio (ISS), teve suas provas aplicadas.<\/p>\n\n\n\n<p>Abaixo, confira os gabaritos preliminares das duas vers\u00f5es de prova:<\/p>\n\n\n\n<div class=\"wp-block-columns is-layout-flex wp-container-core-columns-is-layout-28f84493 wp-block-columns-is-layout-flex\">\n<div class=\"wp-block-column is-layout-flow wp-block-column-is-layout-flow\">\n<figure class=\"wp-block-image aligncenter size-full\"><img loading=\"lazy\" decoding=\"async\" width=\"607\" height=\"715\" src=\"https:\/\/dhg1h5j42swfq.cloudfront.net\/2025\/06\/02175121\/image-19.png\" alt=\"\" class=\"wp-image-1584689\" srcset=\"https:\/\/dhg1h5j42swfq.cloudfront.net\/2025\/06\/02175121\/image-19.png 607w, https:\/\/dhg1h5j42swfq.cloudfront.net\/2025\/06\/02175121\/image-19-255x300.png 255w, https:\/\/dhg1h5j42swfq.cloudfront.net\/2025\/06\/02175121\/image-19-150x177.png 150w\" sizes=\"auto, (max-width: 607px) 100vw, 607px\" \/><\/figure>\n<\/div>\n\n\n\n<div class=\"wp-block-column is-layout-flow wp-block-column-is-layout-flow\">\n<figure class=\"wp-block-image aligncenter size-full\"><img loading=\"lazy\" decoding=\"async\" width=\"592\" height=\"682\" src=\"https:\/\/dhg1h5j42swfq.cloudfront.net\/2025\/06\/02175144\/image-20.png\" alt=\"\" class=\"wp-image-1584690\" srcset=\"https:\/\/dhg1h5j42swfq.cloudfront.net\/2025\/06\/02175144\/image-20.png 592w, https:\/\/dhg1h5j42swfq.cloudfront.net\/2025\/06\/02175144\/image-20-260x300.png 260w, https:\/\/dhg1h5j42swfq.cloudfront.net\/2025\/06\/02175144\/image-20-150x173.png 150w\" sizes=\"auto, (max-width: 592px) 100vw, 592px\" \/><\/figure>\n<\/div>\n<\/div>\n\n\n\n<p>Os candidatos que realizaram as provas podem, se houver interesse, interpor recursos nos dias <strong>3 e 4 de junho<\/strong>, diretamente no site da banca.<\/p>\n\n\n\n<ul style=\"background-color:#eeefef\" class=\"wp-block-list has-background\">\n<li><strong>Secretaria da Fazenda de Santa Maria Madalena<\/strong><\/li>\n\n\n\n<li><strong style=\"color: initial;\">Situa\u00e7\u00e3o:<\/strong><span style=\"color: initial;\">\u00a0prova<\/span>s aplicadas<\/li>\n\n\n\n<li><strong>Banca:<\/strong> <a href=\"https:\/\/portal.ian.org.br\/edital\/ver\/45\" target=\"_blank\" rel=\"noreferrer noopener\">IAN<\/a><\/li>\n\n\n\n<li><strong>Vagas:<\/strong>&nbsp;01<\/li>\n\n\n\n<li><strong>Sal\u00e1rio inicial:<\/strong>&nbsp;R$ 3.100,51<\/li>\n\n\n\n<li><strong>Edital:<\/strong> <a href=\"https:\/\/dhg1h5j42swfq.cloudfront.net\/2025\/02\/17154236\/baba30fc612b0ef847ef7099d887cb24.pdf\" target=\"_blank\" rel=\"noreferrer noopener nofollow\">ISS Santa Maria Madalena<\/a><\/li>\n<\/ul>\n\n\n\n<p>Confira neste artigo mais informa\u00e7\u00f5es sobre o concurso ISS Santa Maria Madalena e os detalhes de seu edital. Acompanhe pelos t\u00f3picos abaixo:<\/p>\n\n\n\n<ul id=\"indice\" class=\"wp-block-list\">\n<li><a href=\"#vagas\"><strong>Sobre o cargo<\/strong><\/a>\n<ul class=\"wp-block-list\">\n<li><a href=\"#requisitos\">Requisitos<\/a><\/li>\n\n\n\n<li><a href=\"#atribuicoes\">Atribui\u00e7\u00f5es<\/a><\/li>\n<\/ul>\n<\/li>\n\n\n\n<li><a href=\"#etapas\"><strong>Etapas<\/strong><\/a>\n<ul class=\"wp-block-list\">\n<li><a href=\"#objetiva\">Prova objetiva<\/a><\/li>\n\n\n\n<li><a href=\"#titulos\">Prova de t\u00edtulos<\/a><\/li>\n<\/ul>\n<\/li>\n\n\n\n<li><a href=\"#cursos-assinatura\"><strong>Assinatura e cursos<\/strong><\/a><\/li>\n\n\n\n<li><a href=\"#ficha-tecnica\"><strong>Ficha t\u00e9cnica<\/strong><\/a><\/li>\n<\/ul>\n\n\n\n<div class=\"container\" id=\"boxes\">\n  <div class=\"row\">\n\n    <div class=\"col-sm\">\n      <div class=\"banner-iss\" id=\"box-assinatura\">\n        <h2 class=\"titulo-assinatura\" style=\"text-align: left;\">Curso Concursos ISS<\/h2>\n        <p class=\"subtitulo-assinatura\" style=\"text-align: left;\">Prepara\u00e7\u00e3o completa para a carreira!<\/p>\n        <div class=\"box-botao\" style=\"text-align: left;\">\n          <a class=\"btn-assinatura\" target=\"_blank\" href=\"https:\/\/www.estrategiaconcursos.com.br\/pesquisa\/?q=prefeitura+santa+maria+madalena\" role=\"button\" rel=\"noopener noreferrer\">EXPLORAR CURSOS<\/a>\n        <\/div>\n      <\/div><\/div><\/div><\/div>\n\n\n\n<h2 class=\"wp-block-heading\" id=\"retificacoes\">Retifica\u00e7\u00f5es do edital<\/h2>\n\n\n\n<p><strong><a href=\"https:\/\/dhg1h5j42swfq.cloudfront.net\/2025\/03\/05115511\/220c0aef154967533d010a256756b04e.pdf\" target=\"_blank\" rel=\"noreferrer noopener\">Retifica\u00e7\u00e3o 1<\/a><\/strong>&nbsp;(28\/02\/2025): retifica\u00e7\u00f5es relacionadas a outros cargos do edital.<\/p>\n\n\n\n<p><strong><a href=\"https:\/\/dhg1h5j42swfq.cloudfront.net\/2025\/03\/20115446\/537deba23980cdb22f700f859510bbc7.pdf\" target=\"_blank\" rel=\"noreferrer noopener\">Comunicado 1<\/a><\/strong>&nbsp;(19\/03\/2025): inscri\u00e7\u00f5es reabertas e provas adiadas.<\/p>\n\n\n\n<p><strong><a href=\"https:\/\/dhg1h5j42swfq.cloudfront.net\/2025\/04\/15095130\/8b26314aca7949da3d18b3398776f9ff.pdf\" target=\"_blank\" rel=\"noreferrer noopener nofollow\">Comunicado 2<\/a><\/strong>&nbsp;(20\/03\/2025): ser\u00e1 publicado um novo edital retificador com a inclus\u00e3o de reserva de vagas para candidatos pretos e pardos.<\/p>\n\n\n\n<p><strong><a href=\"https:\/\/dhg1h5j42swfq.cloudfront.net\/2025\/04\/15095025\/1-1.pdf\" target=\"_blank\" rel=\"noreferrer noopener nofollow\">Termo aditivo 1<\/a><\/strong>&nbsp;(31\/03\/2025): cronograma alterado e inclus\u00e3o de reserva de vagas para candidatos pretos e pardos.<\/p>\n\n\n\n<p><strong><a href=\"https:\/\/dhg1h5j42swfq.cloudfront.net\/2025\/04\/15095030\/2-4.pdf\" target=\"_blank\" rel=\"noreferrer noopener nofollow\">Termo aditivo 2<\/a><\/strong>&nbsp;(09\/04\/2025): adiciona as regras referentes \u00e0 isen\u00e7\u00e3o total de pagamento de taxa de inscri\u00e7\u00e3o.<\/p>\n\n\n\n<h2 class=\"wp-block-heading\" id=\"vagas\">Concurso ISS Santa Maria Madalena: sobre o cargo<\/h2>\n\n\n\n<p>O certame oferece <strong>1 (uma) vaga<\/strong> imediata para o cargo de <strong>Auditor Fiscal Tribut\u00e1rio<\/strong>, que possui remunera\u00e7\u00e3o inicial de<strong> R$ 3.100,51<\/strong> para 20 horas semanais.<\/p>\n\n\n\n<h3 class=\"wp-block-heading\" id=\"requisitos\">Requisitos<\/h3>\n\n\n\n<p>Para ingressar no cargo \u00e9 necess\u00e1rio possui n\u00edvel superior completo em <strong>Economia<\/strong>, <strong>Direito<\/strong>, <strong>Administra\u00e7\u00e3o <\/strong>ou <strong>Ci\u00eancias Cont\u00e1beis + Registro no respectivo \u00f3rg\u00e3o de classe competente.<\/strong><\/p>\n\n\n\n<h3 class=\"wp-block-heading\" id=\"atribuicoes\">Atribui\u00e7\u00f5es<\/h3>\n\n\n\n<ul class=\"wp-block-list\">\n<li>Fiscalizar tributos; <\/li>\n\n\n\n<li>Realizar levantamentos fiscais e cont\u00e1beis de contribuintes pessoas f\u00edsicas e jur\u00eddicas; <\/li>\n\n\n\n<li>Realizar estudos sobre a pol\u00edtica de arrecada\u00e7\u00e3o, lan\u00e7amento e cobran\u00e7a de tributos municipais;<\/li>\n\n\n\n<li>Lavrar notifica\u00e7\u00f5es, autos de infra\u00e7\u00e3o e outros termos pertinentes;<\/li>\n\n\n\n<li>O auditor fiscal trabalha com a organiza\u00e7\u00e3o e o planejamento da administra\u00e7\u00e3o tribut\u00e1ria e aduaneira, ou seja, tr\u00e2mites de mercadoria na importa\u00e7\u00e3o e exporta\u00e7\u00e3o dos produtos; e<\/li>\n\n\n\n<li>Tamb\u00e9m tem como trabalho a preven\u00e7\u00e3o e combate da sonega\u00e7\u00e3o fiscal. <\/li>\n<\/ul>\n\n\n\n<h2 class=\"wp-block-heading\" id=\"etapas\">Concurso ISS Santa Maria Madalena: etapas<\/h2>\n\n\n\n<ul class=\"wp-block-list\">\n<li><strong>Prova objetiva<\/strong> de car\u00e1ter eliminat\u00f3rio e classificat\u00f3rio; e<\/li>\n\n\n\n<li><strong>Prova de t\u00edtulos<\/strong> de car\u00e1ter classificat\u00f3rio.<\/li>\n<\/ul>\n\n\n\n<h3 class=\"wp-block-heading\" id=\"objetiva\">Prova objetiva<\/h3>\n\n\n\n<p>Com dura\u00e7\u00e3o de <strong>3 horas<\/strong>, a prova objetiva foi composta por <strong>40 quest\u00f5es<\/strong> de m\u00faltipla escolha, sendo que cada quest\u00e3o teve quatro alternativas (A, B, C e D), onde uma \u00fanica alternativa devia ser assinalada como correta.<\/p>\n\n\n\n<figure class=\"wp-block-image aligncenter size-full\"><img loading=\"lazy\" decoding=\"async\" width=\"543\" height=\"257\" src=\"https:\/\/dhg1h5j42swfq.cloudfront.net\/2025\/02\/17155656\/image-238.png\" alt=\"quadro de prova objetiva do concurso ISS Santa Maria Madalena\" class=\"wp-image-1533459\" srcset=\"https:\/\/dhg1h5j42swfq.cloudfront.net\/2025\/02\/17155656\/image-238.png 543w, https:\/\/dhg1h5j42swfq.cloudfront.net\/2025\/02\/17155656\/image-238-300x142.png 300w, https:\/\/dhg1h5j42swfq.cloudfront.net\/2025\/02\/17155656\/image-238-150x71.png 150w\" sizes=\"auto, (max-width: 543px) 100vw, 543px\" \/><\/figure>\n\n\n\n<h3 class=\"wp-block-heading\" id=\"titulos\">Prova de t\u00edtulos<\/h3>\n\n\n\n<p>A pontua\u00e7\u00e3o relativa \u00e0 prova de t\u00edtulos se limitar\u00e1 ao valor m\u00e1ximo de 5 pontos, de acordo com a tabela abaixo:<\/p>\n\n\n\n<figure class=\"wp-block-image aligncenter size-full\"><img loading=\"lazy\" decoding=\"async\" width=\"707\" height=\"389\" src=\"https:\/\/dhg1h5j42swfq.cloudfront.net\/2025\/02\/17155841\/image-239.png\" alt=\"quadro de prova de t\u00edtulos do concurso ISS Santa Maria Madalena\" class=\"wp-image-1533461\" srcset=\"https:\/\/dhg1h5j42swfq.cloudfront.net\/2025\/02\/17155841\/image-239.png 707w, https:\/\/dhg1h5j42swfq.cloudfront.net\/2025\/02\/17155841\/image-239-300x165.png 300w, https:\/\/dhg1h5j42swfq.cloudfront.net\/2025\/02\/17155841\/image-239-150x83.png 150w\" sizes=\"auto, (max-width: 707px) 100vw, 707px\" \/><\/figure>\n\n\n\n<hr class=\"wp-block-separator has-alpha-channel-opacity\"\/>\n\n\n\n<h2 class=\"wp-block-heading has-text-align-center\" id=\"cursos-assinatura\"><em>Quer estudar para o concurso ISS Santa Maria Madalena?<\/em><\/h2>\n\n\n\n<div class=\"container\" id=\"boxes\">\n  <div class=\"row\">\n\n    <div class=\"col-sm\">\n      <div class=\"banner-iss\" id=\"box-assinatura\">\n        <h2 class=\"titulo-assinatura\" style=\"text-align: left;\">Curso Concursos ISS<\/h2>\n        <p class=\"subtitulo-assinatura\" style=\"text-align: left;\">Prepara\u00e7\u00e3o completa para a carreira!<\/p>\n        <div class=\"box-botao\" style=\"text-align: left;\">\n          <a class=\"btn-assinatura\" target=\"_blank\" href=\"https:\/\/www.estrategiaconcursos.com.br\/pesquisa\/?q=prefeitura+santa+maria+madalena\" role=\"button\" rel=\"noopener noreferrer\">EXPLORAR CURSOS<\/a>\n        <\/div>\n      <\/div><\/div><\/div><\/div>\n\n\n\n<div class=\"container\" id=\"boxes\">\r\n  <div class=\"row\">\r\n\r\n    <div class=\"col-sm\">\r\n      <div class=\"estrategia\" id=\"box-assinatura\">\r\n        <h3 class=\"titulo-assinatura\">Assinatura Concursos<\/h3>\r\n        <p class=\"subtitulo-assinatura\">Assinatura de 1 ano ou 2 anos<\/p>\r\n        <div class=\"box-botao\">\r\n          <a class=\"btn-assinatura\" target=\"_blank\" href=\"https:\/\/www.estrategiaconcursos.com.br\/assinaturas\/\" role=\"button\" rel=\"noopener noreferrer\">ASSINE AGORA<\/a>\r\n        <\/div>\r\n      <\/div><\/div><\/div><\/div>\n\n\n\n<h2 class=\"wp-block-heading has-text-align-center\" id=\"h-quer-saber-tudo-sobre-concursos-previstos-confira-os-nossos-artigos\">Quer saber tudo sobre concursos previstos?<br \/>Confira os nossos artigos!<\/h2>\n\n\n\n<ul class=\"wp-block-list\">\n<li><a href=\"https:\/\/www.estrategiaconcursos.com.br\/blog\/concursos-abertos\/\" target=\"_blank\" rel=\"noreferrer noopener\">Concursos Abertos<\/a><\/li>\n\n\n\n<li><a href=\"https:\/\/www.estrategiaconcursos.com.br\/blog\/concursos-fiscais\/\" target=\"_blank\" rel=\"noreferrer noopener\">Concursos Fiscais<\/a><\/li>\n\n\n\n<li><a href=\"https:\/\/www.estrategiaconcursos.com.br\/blog\/concursos-iss\/\" target=\"_blank\" rel=\"noreferrer noopener\">Concursos ISS<\/a><\/li>\n\n\n\n<li><a href=\"https:\/\/www.estrategiaconcursos.com.br\/blog\/concursos-2025\/\" target=\"_blank\" rel=\"noreferrer noopener\">Concursos 2025<\/a><\/li>\n\n\n\n<li><a href=\"https:\/\/www.estrategiaconcursos.com.br\/blog\/concursos-2026\/\" target=\"_blank\" rel=\"noreferrer noopener\">Concursos 2026<\/a><\/li>\n<\/ul>\n\n\n\n<figure class=\"wp-block-image is-resized\"><img loading=\"lazy\" decoding=\"async\" width=\"1024\" height=\"632\" src=\"https:\/\/dhg1h5j42swfq.cloudfront.net\/2021\/04\/01161145\/ficha-tecnica-5-1024x632.png\" alt=\"Informa\u00e7\u00f5es do Concurso ISS Santa Maria Madalena\" class=\"wp-image-706736\" style=\"width:236px;height:145px\" srcset=\"https:\/\/dhg1h5j42swfq.cloudfront.net\/2021\/04\/01161145\/ficha-tecnica-5-1024x632.png 1024w, https:\/\/dhg1h5j42swfq.cloudfront.net\/2021\/04\/01161145\/ficha-tecnica-5-300x185.png 300w, https:\/\/dhg1h5j42swfq.cloudfront.net\/2021\/04\/01161145\/ficha-tecnica-5-768x474.png 768w, https:\/\/dhg1h5j42swfq.cloudfront.net\/2021\/04\/01161145\/ficha-tecnica-5-1536x948.png 1536w, https:\/\/dhg1h5j42swfq.cloudfront.net\/2021\/04\/01161145\/ficha-tecnica-5-610x377.png 610w, https:\/\/dhg1h5j42swfq.cloudfront.net\/2021\/04\/01161145\/ficha-tecnica-5.png 1571w\" sizes=\"auto, (max-width: 1024px) 100vw, 1024px\" \/><\/figure>\n\n\n\n<h3 class=\"wp-block-heading\" id=\"ficha-tecnica\">Informa\u00e7\u00f5es do concurso ISS Santa Maria Madalena &#8211; RJ<\/h3>\n\n\n\n<ul class=\"wp-block-list\">\n<li><strong>Data da prova<\/strong>: <s>01\/06\/2025<\/s><\/li>\n\n\n\n<li><strong>Banca<\/strong>: IAN<\/li>\n\n\n\n<li><strong>Escolaridade<\/strong>: N\u00edvel superior<\/li>\n\n\n\n<li><strong>Vagas:<\/strong> 01<\/li>\n\n\n\n<li><strong>Cargo<\/strong>: Auditor Fiscal Tribut\u00e1rio<\/li>\n\n\n\n<li><strong>Edital:<\/strong> <a href=\"https:\/\/dhg1h5j42swfq.cloudfront.net\/2025\/02\/17154236\/baba30fc612b0ef847ef7099d887cb24.pdf\" target=\"_blank\" rel=\"noreferrer noopener nofollow\">ISS Santa Maria Madalena<\/a><\/li>\n<\/ul>\n","protected":false},"excerpt":{"rendered":"<p>O concurso da Prefeitura de Santa Maria Madalena, no Rio de Janeiro, que oferta vaga para Auditor Fiscal Tribut\u00e1rio, lotado na Secretaria da Fazenda do Munic\u00edpio (ISS), teve suas provas aplicadas. Abaixo, confira os gabaritos preliminares das duas vers\u00f5es de prova: Os candidatos que realizaram as provas podem, se houver interesse, interpor recursos nos dias [&hellip;]<\/p>\n","protected":false},"author":1,"featured_media":1534111,"comment_status":"open","ping_status":"closed","sticky":false,"template":"","format":"standard","meta":{"post_tipo":"news_page","footnotes":""},"categories":[220183],"tags":[],"tax_estado":[219982],"class_list":["post-1533433","post","type-post","status-publish","format-standard","has-post-thumbnail","hentry","category-fiscal-municipal","tax_estado-rj"],"acf":[],"yoast_head":"<!-- This site is optimized with the Yoast SEO Premium plugin v27.2 (Yoast SEO v27.2) - https:\/\/yoast.com\/product\/yoast-seo-premium-wordpress\/ -->\n<title>Concurso ISS Santa Maria Madalena: saiu o gabarito!<\/title>\n<meta name=\"description\" content=\"Concurso ISS Santa Maria Madalena (RJ) aplicou a prova para a vaga para Auditor Fiscal Tribut\u00e1rio. Veja o gabarito aqui!\" \/>\n<meta name=\"robots\" content=\"index, follow, max-snippet:-1, max-image-preview:large, max-video-preview:-1\" \/>\n<link rel=\"canonical\" href=\"https:\/\/www.estrategiaconcursos.com.br\/blog\/concurso-iss-santa-maria-madalena\/\" \/>\n<meta property=\"og:locale\" content=\"pt_BR\" \/>\n<meta property=\"og:type\" content=\"article\" \/>\n<meta property=\"og:title\" content=\"Concurso ISS Santa Maria Madalena: saiu o gabarito!\" \/>\n<meta property=\"og:description\" content=\"Concurso ISS Santa Maria Madalena (RJ) aplicou a prova para a vaga para Auditor Fiscal Tribut\u00e1rio. Veja o gabarito aqui!\" \/>\n<meta property=\"og:url\" content=\"https:\/\/www.estrategiaconcursos.com.br\/blog\/concurso-iss-santa-maria-madalena\/\" \/>\n<meta property=\"og:site_name\" content=\"Estrat\u00e9gia Concursos\" \/>\n<meta property=\"article:author\" content=\"https:\/\/www.facebook.com\/EstrategiaConcursos\" \/>\n<meta property=\"article:published_time\" content=\"2025-06-02T20:42:37+00:00\" \/>\n<meta property=\"article:modified_time\" content=\"2025-06-02T20:53:02+00:00\" \/>\n<meta property=\"og:image\" content=\"https:\/\/dhg1h5j42swfq.cloudfront.net\/2025\/02\/18115214\/iss-santa-maria-madalena.jpg\" \/>\n\t<meta property=\"og:image:width\" content=\"768\" \/>\n\t<meta property=\"og:image:height\" content=\"432\" \/>\n\t<meta property=\"og:image:type\" content=\"image\/jpeg\" \/>\n<meta name=\"author\" content=\"Coordena\u00e7\u00e3o\" \/>\n<meta name=\"twitter:card\" content=\"summary_large_image\" \/>\n<meta name=\"twitter:creator\" content=\"@EstratConcursos\" \/>\n<meta name=\"twitter:site\" content=\"@EstratConcursos\" \/>\n<meta name=\"twitter:label1\" content=\"Escrito por\" \/>\n\t<meta name=\"twitter:data1\" content=\"Coordena\u00e7\u00e3o\" \/>\n\t<meta name=\"twitter:label2\" content=\"Est. tempo de leitura\" \/>\n\t<meta name=\"twitter:data2\" content=\"3 minutos\" \/>\n<script type=\"application\/ld+json\" class=\"yoast-schema-graph\">{\"@context\":\"https:\/\/schema.org\",\"@graph\":[{\"@type\":\"NewsArticle\",\"@id\":\"https:\/\/www.estrategiaconcursos.com.br\/blog\/concurso-iss-santa-maria-madalena\/#article\",\"isPartOf\":{\"@id\":\"https:\/\/www.estrategiaconcursos.com.br\/blog\/concurso-iss-santa-maria-madalena\/\"},\"author\":{\"name\":\"Coordena\u00e7\u00e3o\",\"@id\":\"https:\/\/www.estrategiaconcursos.com.br\/blog\/#\/schema\/person\/b4a388c97673c5f483d72185668afa1f\"},\"headline\":\"Concurso ISS Santa Maria Madalena: saiu o gabarito!\",\"datePublished\":\"2025-06-02T20:42:37+00:00\",\"dateModified\":\"2025-06-02T20:53:02+00:00\",\"mainEntityOfPage\":{\"@id\":\"https:\/\/www.estrategiaconcursos.com.br\/blog\/concurso-iss-santa-maria-madalena\/\"},\"wordCount\":556,\"commentCount\":0,\"publisher\":{\"@id\":\"https:\/\/www.estrategiaconcursos.com.br\/blog\/#organization\"},\"image\":{\"@id\":\"https:\/\/www.estrategiaconcursos.com.br\/blog\/concurso-iss-santa-maria-madalena\/#primaryimage\"},\"thumbnailUrl\":\"https:\/\/dhg1h5j42swfq.cloudfront.net\/2025\/02\/18115214\/iss-santa-maria-madalena.jpg\",\"articleSection\":[\"Fiscal - Municipal (ISS)\"],\"inLanguage\":\"pt-BR\",\"potentialAction\":[{\"@type\":\"CommentAction\",\"name\":\"Comment\",\"target\":[\"https:\/\/www.estrategiaconcursos.com.br\/blog\/concurso-iss-santa-maria-madalena\/#respond\"]}],\"copyrightYear\":\"2025\",\"copyrightHolder\":{\"@id\":\"https:\/\/www.estrategiaconcursos.com.br\/blog\/#organization\"}},{\"@type\":\"WebPage\",\"@id\":\"https:\/\/www.estrategiaconcursos.com.br\/blog\/concurso-iss-santa-maria-madalena\/\",\"url\":\"https:\/\/www.estrategiaconcursos.com.br\/blog\/concurso-iss-santa-maria-madalena\/\",\"name\":\"Concurso ISS Santa Maria Madalena: saiu o gabarito!\",\"isPartOf\":{\"@id\":\"https:\/\/www.estrategiaconcursos.com.br\/blog\/#website\"},\"primaryImageOfPage\":{\"@id\":\"https:\/\/www.estrategiaconcursos.com.br\/blog\/concurso-iss-santa-maria-madalena\/#primaryimage\"},\"image\":{\"@id\":\"https:\/\/www.estrategiaconcursos.com.br\/blog\/concurso-iss-santa-maria-madalena\/#primaryimage\"},\"thumbnailUrl\":\"https:\/\/dhg1h5j42swfq.cloudfront.net\/2025\/02\/18115214\/iss-santa-maria-madalena.jpg\",\"datePublished\":\"2025-06-02T20:42:37+00:00\",\"dateModified\":\"2025-06-02T20:53:02+00:00\",\"description\":\"Concurso ISS Santa Maria Madalena (RJ) aplicou a prova para a vaga para Auditor Fiscal Tribut\u00e1rio. Veja o gabarito aqui!\",\"breadcrumb\":{\"@id\":\"https:\/\/www.estrategiaconcursos.com.br\/blog\/concurso-iss-santa-maria-madalena\/#breadcrumb\"},\"inLanguage\":\"pt-BR\",\"potentialAction\":[{\"@type\":\"ReadAction\",\"target\":[\"https:\/\/www.estrategiaconcursos.com.br\/blog\/concurso-iss-santa-maria-madalena\/\"]}]},{\"@type\":\"ImageObject\",\"inLanguage\":\"pt-BR\",\"@id\":\"https:\/\/www.estrategiaconcursos.com.br\/blog\/concurso-iss-santa-maria-madalena\/#primaryimage\",\"url\":\"https:\/\/dhg1h5j42swfq.cloudfront.net\/2025\/02\/18115214\/iss-santa-maria-madalena.jpg\",\"contentUrl\":\"https:\/\/dhg1h5j42swfq.cloudfront.net\/2025\/02\/18115214\/iss-santa-maria-madalena.jpg\",\"width\":768,\"height\":432},{\"@type\":\"BreadcrumbList\",\"@id\":\"https:\/\/www.estrategiaconcursos.com.br\/blog\/concurso-iss-santa-maria-madalena\/#breadcrumb\",\"itemListElement\":[{\"@type\":\"ListItem\",\"position\":1,\"name\":\"In\u00edcio\",\"item\":\"https:\/\/www.estrategiaconcursos.com.br\/blog\/\"},{\"@type\":\"ListItem\",\"position\":2,\"name\":\"Concurso ISS Santa Maria Madalena: saiu o gabarito!\"}]},{\"@type\":\"WebSite\",\"@id\":\"https:\/\/www.estrategiaconcursos.com.br\/blog\/#website\",\"url\":\"https:\/\/www.estrategiaconcursos.com.br\/blog\/\",\"name\":\"Estrat\u00e9gia Concursos\",\"description\":\"O blog da Estrat\u00e9gia Concursos traz not\u00edcias sobre concursos e artigos de professores oferecendo cursos para concursos (pdf + videaulas) no site.\",\"publisher\":{\"@id\":\"https:\/\/www.estrategiaconcursos.com.br\/blog\/#organization\"},\"potentialAction\":[{\"@type\":\"SearchAction\",\"target\":{\"@type\":\"EntryPoint\",\"urlTemplate\":\"https:\/\/www.estrategiaconcursos.com.br\/blog\/?s={search_term_string}\"},\"query-input\":{\"@type\":\"PropertyValueSpecification\",\"valueRequired\":true,\"valueName\":\"search_term_string\"}}],\"inLanguage\":\"pt-BR\"},{\"@type\":\"Organization\",\"@id\":\"https:\/\/www.estrategiaconcursos.com.br\/blog\/#organization\",\"name\":\"Estrat\u00e9gia Concursos\",\"url\":\"https:\/\/www.estrategiaconcursos.com.br\/blog\/\",\"logo\":{\"@type\":\"ImageObject\",\"inLanguage\":\"pt-BR\",\"@id\":\"https:\/\/www.estrategiaconcursos.com.br\/blog\/#\/schema\/logo\/image\/\",\"url\":\"https:\/\/dhg1h5j42swfq.cloudfront.net\/2025\/06\/03203428\/logo_concursos-1.jpg\",\"contentUrl\":\"https:\/\/dhg1h5j42swfq.cloudfront.net\/2025\/06\/03203428\/logo_concursos-1.jpg\",\"width\":230,\"height\":60,\"caption\":\"Estrat\u00e9gia Concursos\"},\"image\":{\"@id\":\"https:\/\/www.estrategiaconcursos.com.br\/blog\/#\/schema\/logo\/image\/\"},\"sameAs\":[\"https:\/\/x.com\/EstratConcursos\"]},{\"@type\":\"Person\",\"@id\":\"https:\/\/www.estrategiaconcursos.com.br\/blog\/#\/schema\/person\/b4a388c97673c5f483d72185668afa1f\",\"name\":\"Coordena\u00e7\u00e3o\",\"image\":{\"@type\":\"ImageObject\",\"inLanguage\":\"pt-BR\",\"@id\":\"https:\/\/secure.gravatar.com\/avatar\/b720319e4c9a967eb58678d110f4fe35452fc5d5f97b202bac7b8acceb18c6ad?s=96&d=mm&r=g\",\"url\":\"https:\/\/secure.gravatar.com\/avatar\/b720319e4c9a967eb58678d110f4fe35452fc5d5f97b202bac7b8acceb18c6ad?s=96&d=mm&r=g\",\"contentUrl\":\"https:\/\/secure.gravatar.com\/avatar\/b720319e4c9a967eb58678d110f4fe35452fc5d5f97b202bac7b8acceb18c6ad?s=96&d=mm&r=g\",\"caption\":\"Coordena\u00e7\u00e3o\"},\"sameAs\":[\"https:\/\/www.facebook.com\/EstrategiaConcursos\",\"https:\/\/x.com\/EstratConcursos\"],\"url\":\"https:\/\/www.estrategiaconcursos.com.br\/blog\/author\/estrategia2013\/\"}]}<\/script>\n<!-- \/ Yoast SEO Premium plugin. -->","yoast_head_json":{"title":"Concurso ISS Santa Maria Madalena: saiu o gabarito!","description":"Concurso ISS Santa Maria Madalena (RJ) aplicou a prova para a vaga para Auditor Fiscal Tribut\u00e1rio. Veja o gabarito aqui!","robots":{"index":"index","follow":"follow","max-snippet":"max-snippet:-1","max-image-preview":"max-image-preview:large","max-video-preview":"max-video-preview:-1"},"canonical":"https:\/\/www.estrategiaconcursos.com.br\/blog\/concurso-iss-santa-maria-madalena\/","og_locale":"pt_BR","og_type":"article","og_title":"Concurso ISS Santa Maria Madalena: saiu o gabarito!","og_description":"Concurso ISS Santa Maria Madalena (RJ) aplicou a prova para a vaga para Auditor Fiscal Tribut\u00e1rio. Veja o gabarito aqui!","og_url":"https:\/\/www.estrategiaconcursos.com.br\/blog\/concurso-iss-santa-maria-madalena\/","og_site_name":"Estrat\u00e9gia Concursos","article_author":"https:\/\/www.facebook.com\/EstrategiaConcursos","article_published_time":"2025-06-02T20:42:37+00:00","article_modified_time":"2025-06-02T20:53:02+00:00","og_image":[{"width":768,"height":432,"url":"https:\/\/dhg1h5j42swfq.cloudfront.net\/2025\/02\/18115214\/iss-santa-maria-madalena.jpg","type":"image\/jpeg"}],"author":"Coordena\u00e7\u00e3o","twitter_card":"summary_large_image","twitter_creator":"@EstratConcursos","twitter_site":"@EstratConcursos","twitter_misc":{"Escrito por":"Coordena\u00e7\u00e3o","Est. tempo de leitura":"3 minutos"},"schema":{"@context":"https:\/\/schema.org","@graph":[{"@type":"NewsArticle","@id":"https:\/\/www.estrategiaconcursos.com.br\/blog\/concurso-iss-santa-maria-madalena\/#article","isPartOf":{"@id":"https:\/\/www.estrategiaconcursos.com.br\/blog\/concurso-iss-santa-maria-madalena\/"},"author":{"name":"Coordena\u00e7\u00e3o","@id":"https:\/\/www.estrategiaconcursos.com.br\/blog\/#\/schema\/person\/b4a388c97673c5f483d72185668afa1f"},"headline":"Concurso ISS Santa Maria Madalena: saiu o gabarito!","datePublished":"2025-06-02T20:42:37+00:00","dateModified":"2025-06-02T20:53:02+00:00","mainEntityOfPage":{"@id":"https:\/\/www.estrategiaconcursos.com.br\/blog\/concurso-iss-santa-maria-madalena\/"},"wordCount":556,"commentCount":0,"publisher":{"@id":"https:\/\/www.estrategiaconcursos.com.br\/blog\/#organization"},"image":{"@id":"https:\/\/www.estrategiaconcursos.com.br\/blog\/concurso-iss-santa-maria-madalena\/#primaryimage"},"thumbnailUrl":"https:\/\/dhg1h5j42swfq.cloudfront.net\/2025\/02\/18115214\/iss-santa-maria-madalena.jpg","articleSection":["Fiscal - Municipal (ISS)"],"inLanguage":"pt-BR","potentialAction":[{"@type":"CommentAction","name":"Comment","target":["https:\/\/www.estrategiaconcursos.com.br\/blog\/concurso-iss-santa-maria-madalena\/#respond"]}],"copyrightYear":"2025","copyrightHolder":{"@id":"https:\/\/www.estrategiaconcursos.com.br\/blog\/#organization"}},{"@type":"WebPage","@id":"https:\/\/www.estrategiaconcursos.com.br\/blog\/concurso-iss-santa-maria-madalena\/","url":"https:\/\/www.estrategiaconcursos.com.br\/blog\/concurso-iss-santa-maria-madalena\/","name":"Concurso ISS Santa Maria Madalena: saiu o gabarito!","isPartOf":{"@id":"https:\/\/www.estrategiaconcursos.com.br\/blog\/#website"},"primaryImageOfPage":{"@id":"https:\/\/www.estrategiaconcursos.com.br\/blog\/concurso-iss-santa-maria-madalena\/#primaryimage"},"image":{"@id":"https:\/\/www.estrategiaconcursos.com.br\/blog\/concurso-iss-santa-maria-madalena\/#primaryimage"},"thumbnailUrl":"https:\/\/dhg1h5j42swfq.cloudfront.net\/2025\/02\/18115214\/iss-santa-maria-madalena.jpg","datePublished":"2025-06-02T20:42:37+00:00","dateModified":"2025-06-02T20:53:02+00:00","description":"Concurso ISS Santa Maria Madalena (RJ) aplicou a prova para a vaga para Auditor Fiscal Tribut\u00e1rio. Veja o gabarito aqui!","breadcrumb":{"@id":"https:\/\/www.estrategiaconcursos.com.br\/blog\/concurso-iss-santa-maria-madalena\/#breadcrumb"},"inLanguage":"pt-BR","potentialAction":[{"@type":"ReadAction","target":["https:\/\/www.estrategiaconcursos.com.br\/blog\/concurso-iss-santa-maria-madalena\/"]}]},{"@type":"ImageObject","inLanguage":"pt-BR","@id":"https:\/\/www.estrategiaconcursos.com.br\/blog\/concurso-iss-santa-maria-madalena\/#primaryimage","url":"https:\/\/dhg1h5j42swfq.cloudfront.net\/2025\/02\/18115214\/iss-santa-maria-madalena.jpg","contentUrl":"https:\/\/dhg1h5j42swfq.cloudfront.net\/2025\/02\/18115214\/iss-santa-maria-madalena.jpg","width":768,"height":432},{"@type":"BreadcrumbList","@id":"https:\/\/www.estrategiaconcursos.com.br\/blog\/concurso-iss-santa-maria-madalena\/#breadcrumb","itemListElement":[{"@type":"ListItem","position":1,"name":"In\u00edcio","item":"https:\/\/www.estrategiaconcursos.com.br\/blog\/"},{"@type":"ListItem","position":2,"name":"Concurso ISS Santa Maria Madalena: saiu o gabarito!"}]},{"@type":"WebSite","@id":"https:\/\/www.estrategiaconcursos.com.br\/blog\/#website","url":"https:\/\/www.estrategiaconcursos.com.br\/blog\/","name":"Estrat\u00e9gia Concursos","description":"O blog da Estrat\u00e9gia Concursos traz not\u00edcias sobre concursos e artigos de professores oferecendo cursos para concursos (pdf + videaulas) no site.","publisher":{"@id":"https:\/\/www.estrategiaconcursos.com.br\/blog\/#organization"},"potentialAction":[{"@type":"SearchAction","target":{"@type":"EntryPoint","urlTemplate":"https:\/\/www.estrategiaconcursos.com.br\/blog\/?s={search_term_string}"},"query-input":{"@type":"PropertyValueSpecification","valueRequired":true,"valueName":"search_term_string"}}],"inLanguage":"pt-BR"},{"@type":"Organization","@id":"https:\/\/www.estrategiaconcursos.com.br\/blog\/#organization","name":"Estrat\u00e9gia Concursos","url":"https:\/\/www.estrategiaconcursos.com.br\/blog\/","logo":{"@type":"ImageObject","inLanguage":"pt-BR","@id":"https:\/\/www.estrategiaconcursos.com.br\/blog\/#\/schema\/logo\/image\/","url":"https:\/\/dhg1h5j42swfq.cloudfront.net\/2025\/06\/03203428\/logo_concursos-1.jpg","contentUrl":"https:\/\/dhg1h5j42swfq.cloudfront.net\/2025\/06\/03203428\/logo_concursos-1.jpg","width":230,"height":60,"caption":"Estrat\u00e9gia Concursos"},"image":{"@id":"https:\/\/www.estrategiaconcursos.com.br\/blog\/#\/schema\/logo\/image\/"},"sameAs":["https:\/\/x.com\/EstratConcursos"]},{"@type":"Person","@id":"https:\/\/www.estrategiaconcursos.com.br\/blog\/#\/schema\/person\/b4a388c97673c5f483d72185668afa1f","name":"Coordena\u00e7\u00e3o","image":{"@type":"ImageObject","inLanguage":"pt-BR","@id":"https:\/\/secure.gravatar.com\/avatar\/b720319e4c9a967eb58678d110f4fe35452fc5d5f97b202bac7b8acceb18c6ad?s=96&d=mm&r=g","url":"https:\/\/secure.gravatar.com\/avatar\/b720319e4c9a967eb58678d110f4fe35452fc5d5f97b202bac7b8acceb18c6ad?s=96&d=mm&r=g","contentUrl":"https:\/\/secure.gravatar.com\/avatar\/b720319e4c9a967eb58678d110f4fe35452fc5d5f97b202bac7b8acceb18c6ad?s=96&d=mm&r=g","caption":"Coordena\u00e7\u00e3o"},"sameAs":["https:\/\/www.facebook.com\/EstrategiaConcursos","https:\/\/x.com\/EstratConcursos"],"url":"https:\/\/www.estrategiaconcursos.com.br\/blog\/author\/estrategia2013\/"}]}},"_links":{"self":[{"href":"https:\/\/www.estrategiaconcursos.com.br\/blog\/wp-json\/wp\/v2\/posts\/1533433","targetHints":{"allow":["GET"]}}],"collection":[{"href":"https:\/\/www.estrategiaconcursos.com.br\/blog\/wp-json\/wp\/v2\/posts"}],"about":[{"href":"https:\/\/www.estrategiaconcursos.com.br\/blog\/wp-json\/wp\/v2\/types\/post"}],"author":[{"embeddable":true,"href":"https:\/\/www.estrategiaconcursos.com.br\/blog\/wp-json\/wp\/v2\/users\/1"}],"replies":[{"embeddable":true,"href":"https:\/\/www.estrategiaconcursos.com.br\/blog\/wp-json\/wp\/v2\/comments?post=1533433"}],"version-history":[{"count":13,"href":"https:\/\/www.estrategiaconcursos.com.br\/blog\/wp-json\/wp\/v2\/posts\/1533433\/revisions"}],"predecessor-version":[{"id":1584692,"href":"https:\/\/www.estrategiaconcursos.com.br\/blog\/wp-json\/wp\/v2\/posts\/1533433\/revisions\/1584692"}],"wp:featuredmedia":[{"embeddable":true,"href":"https:\/\/www.estrategiaconcursos.com.br\/blog\/wp-json\/wp\/v2\/media\/1534111"}],"wp:attachment":[{"href":"https:\/\/www.estrategiaconcursos.com.br\/blog\/wp-json\/wp\/v2\/media?parent=1533433"}],"wp:term":[{"taxonomy":"category","embeddable":true,"href":"https:\/\/www.estrategiaconcursos.com.br\/blog\/wp-json\/wp\/v2\/categories?post=1533433"},{"taxonomy":"post_tag","embeddable":true,"href":"https:\/\/www.estrategiaconcursos.com.br\/blog\/wp-json\/wp\/v2\/tags?post=1533433"},{"taxonomy":"tax_estado","embeddable":true,"href":"https:\/\/www.estrategiaconcursos.com.br\/blog\/wp-json\/wp\/v2\/tax_estado?post=1533433"}],"curies":[{"name":"wp","href":"https:\/\/api.w.org\/{rel}","templated":true}]}}