{"id":153308,"date":"2018-11-29T08:20:27","date_gmt":"2018-11-29T11:20:27","guid":{"rendered":"https:\/\/www.estrategiaconcursos.com.br\/blog\/?p=153308"},"modified":"2018-11-29T08:25:08","modified_gmt":"2018-11-29T11:25:08","slug":"edital-prf-retificacao-vagas","status":"publish","type":"post","link":"https:\/\/www.estrategiaconcursos.com.br\/blog\/edital-prf-retificacao-vagas\/","title":{"rendered":"Cespe\/Cebraspe divulga edital de retifica\u00e7\u00e3o alterando o n\u00famero de vagas em SETE ESTADOS"},"content":{"rendered":"<p>O Cespe\/Cebraspe, banca organizadora do concurso da Pol\u00edcia Rodovi\u00e1ria Federal, divulgou no fim da tarde desta quarta-feira, 28 de novembro, o edital de retifica\u00e7\u00e3o que altera o n\u00famero de vagas em sete estados. <em><strong>Amazonas, Amap\u00e1, Minas Gerais, Mato Grosso, Rond\u00f4nia, Roraima e Rio Grande do Sul foram os estados que sofreram altera\u00e7\u00e3o.<\/strong><\/em><\/p>\n<p>Ainda na tarde desta quarta, a Pol\u00edcia Rodovi\u00e1ria Federal havia informado que o edital PRF publicado hoje com a oferta de 500 vagas <em><strong>sofreria retifica\u00e7\u00e3o com rela\u00e7\u00e3o ao quantitativo de vagas<\/strong><\/em>. A informa\u00e7\u00e3o foi dada ao jornalismo do Estrat\u00e9gia Concursos na tarde desta quarta, 28, atrav\u00e9s de nota enviada por e-mail.<\/p>\n<p>A altera\u00e7\u00e3o se deve ao fato de que os estados foram mal organizados no quadro disponibilizado no edital em por conta disso, algumas Unidades da Federa\u00e7\u00e3o podem ter o n\u00famero de vagas modificado. Com a reorganiza\u00e7\u00e3o do quadro, alguns estados tiveram vagas alteradas para mais e outros tiveram o n\u00famero reduzido.<\/p>\n<p>O edital PRF oferta 500 vagas para o cargo de Policial Rodovi\u00e1rio Federal, que tem remunera\u00e7\u00e3o inicial de quase R$ 10 mil, mas que pode chegar a R$ 16 mil com benef\u00edcios comuns \u00e0 carreira. Com a publica\u00e7\u00e3o do edital, as inscri\u00e7\u00f5es para o concurso ficam abertas a partir da pr\u00f3xima segunda-feira, 03 de dezembro, e seguem at\u00e9 o dia 18 de dezembro, no site do Cespe\/Cebraspe.<\/p>\n<p>O valor da inscri\u00e7\u00e3o ficou fixado no edital em R$ 150,00, podendo ser pagos at\u00e9 o dia 15 de janeiro. A prova objetiva e a prova discursiva ter\u00e3o a dura\u00e7\u00e3o de 4 horas e 30 minutos e ser\u00e3o aplicadas na data prov\u00e1vel de 3 de fevereiro de 2019, no turno da tarde.<\/p>\n<p><img loading=\"lazy\" decoding=\"async\" class=\"alignnone wp-image-153324\" src=\"https:\/\/dhg1h5j42swfq.cloudfront.net\/2018\/11\/28165205\/edital-prf1.jpg\" alt=\"edital prf\" width=\"629\" height=\"302\" srcset=\"https:\/\/dhg1h5j42swfq.cloudfront.net\/2018\/11\/28165205\/edital-prf1.jpg 962w, https:\/\/dhg1h5j42swfq.cloudfront.net\/2018\/11\/28165205\/edital-prf1.jpg 300w, https:\/\/dhg1h5j42swfq.cloudfront.net\/2018\/11\/28165205\/edital-prf1.jpg 768w, https:\/\/dhg1h5j42swfq.cloudfront.net\/2018\/11\/28165205\/edital-prf1.jpg 610w\" sizes=\"auto, (max-width: 629px) 100vw, 629px\" \/><\/p>\n<p><span style=\"font-size: 18pt;\"><strong><em>Retifica\u00e7\u00e3o altera n\u00famero de vagas<\/em><\/strong><\/span><\/p>\n<p>A Pol\u00edcia Rodovi\u00e1ria Federal informou nesta quarta-feira, 28 de novembro, que o edital PRF publicado hoje com a oferta de 500 vagas\u00a0<em><strong>sofrer\u00e1 retifica\u00e7\u00e3o com rela\u00e7\u00e3o ao quantitativo de vagas<\/strong><\/em>. A informa\u00e7\u00e3o foi dada ao jornalismo do Estrat\u00e9gia Concursos na tarde desta quarta, 28, atrav\u00e9s de nota enviada por e-mail.<\/p>\n<p><em><strong>Destacados em vermelho est\u00e3o os estados que sofreram altera\u00e7\u00e3o no n\u00famero de vagas.<\/strong><\/em><\/p>\n<h2>Distribui\u00e7\u00e3o das vagas<\/h2>\n<p><span style=\"font-size: 18pt;\"><em>Acre &#8211; 17 vagas<\/em><\/span><br \/>\n<span style=\"font-size: 18pt; color: #ff6600;\"><em>Amazonas &#8211; 28 vagas<\/em><\/span><br \/>\n<span style=\"font-size: 18pt; color: #ff6600;\"><em>Amap\u00e1 &#8211; 23 vagas<\/em><\/span><br \/>\n<span style=\"font-size: 18pt;\"><em>Bahia &#8211; 17 vagas<\/em><\/span><br \/>\n<span style=\"font-size: 18pt;\"><em>GO &#8211; 27 vagas<\/em><\/span><br \/>\n<span style=\"font-size: 18pt;\"><em>Maranh\u00e3o &#8211; 18 vagas<\/em><\/span><br \/>\n<span style=\"font-size: 18pt; color: #ff6600;\"><em>Minas Gerais &#8211; 9 vagas<\/em><\/span><br \/>\n<span style=\"font-size: 18pt;\"><em>Mato Grosso do Sul &#8211; 35 vagas<\/em><\/span><br \/>\n<span style=\"font-size: 18pt; color: #ff6600;\"><em>Mato\u00a0 Grosso &#8211; 57 vagas<\/em><\/span><br \/>\n<span style=\"font-size: 18pt;\"><em>Par\u00e1 &#8211; 81 vagas<\/em><\/span><br \/>\n<span style=\"font-size: 18pt;\"><em>Piau\u00ed &#8211; 22 vagas<\/em><\/span><br \/>\n<span style=\"font-size: 18pt;\"><em>Rio de Janeiro &#8211; 10 vagas<\/em><\/span><br \/>\n<span style=\"font-size: 18pt; color: #ff6600;\"><em>Rond\u00f4nia &#8211; 74 vagas<\/em><\/span><br \/>\n<span style=\"font-size: 18pt; color: #ff6600;\"><em>Roraima &#8211; 15 vagas<\/em><\/span><br \/>\n<span style=\"font-size: 18pt; color: #ff6600;\"><em>Rio Grande do Sul &#8211; 23 vagas<\/em><\/span><br \/>\n<span style=\"font-size: 18pt;\"><em>S\u00e3o Paulo &#8211; 19 vagas<\/em><\/span><br \/>\n<span style=\"font-size: 18pt;\"><em>Tocantins &#8211; 25 vagas<\/em><\/span><\/p>\n<h2>O que precisa para ser um PRF?<\/h2>\n<p>Para se candidatar a uma das vagas \u00e9 preciso ter no m\u00ednimo 18 anos e m\u00e1ximo de 65 anos. Al\u00e9m disso, \u00e9 preciso ter forma\u00e7\u00e3o em N\u00edvel Superior em qualquer \u00e1rea de forma\u00e7\u00e3o e ainda ter Carteira Nacional de Habilita\u00e7\u00e3o ou permiss\u00e3o para conduzir ve\u00edculos automotores de, no m\u00ednimo, categoria \u201cB\u201d.<\/p>\n<p style=\"text-align: center;\"><span style=\"font-size: 18pt;\"><a href=\"https:\/\/www.estrategiaconcursos.com.br\/blog\/concurso-prf-2\/\" target=\"_blank\" rel=\"noopener\">MAIS DETALHES SOBRE O EDITAL PRF<\/a><\/span><\/p>\n<p style=\"text-align: center;\"><span style=\"font-size: 18pt;\">\u00a0<strong>PROMO\u00c7\u00c3O:\u00a0<\/strong><a href=\"https:\/\/www.estrategiaconcursos.com.br\/cursosPorConcurso\/promocao-pacotes-completos-para-prf\/\" target=\"_blank\" rel=\"noopener\">CURSOS PARA A PRF<\/a><\/span><\/p>\n<p style=\"text-align: center;\"><span style=\"font-size: 18pt;\"><a href=\"https:\/\/www.estrategiaconcursos.com.br\/blog\/semana-simulado-prf\/\" target=\"_blank\" rel=\"noopener\">SIMULADO PRF (4 provas)<\/a><\/span><\/p>\n<p><img loading=\"lazy\" decoding=\"async\" class=\"alignnone wp-image-68542\" src=\"https:\/\/dhg1h5j42swfq.cloudfront.net\/2017\/03\/28152500\/coruja-ficha-tecnica-300x102.png\" alt=\"Ficha t\u00e9cnica concurso guarda civil SJC\" width=\"326\" height=\"112\" \/><\/p>\n<p><strong>\u2666Pr\u00f3ximo Concurso PRF 2018<\/strong><br \/>\n\u25baData prevista:\u00a0<strong>2018<\/strong><br \/>\n\u25baVagas:<strong>\u00a0500\u00a0<\/strong><br \/>\n\u25baLota\u00e7\u00f5es:\u00a0<strong>v\u00e1rios estados<\/strong><br \/>\n\u25baRemunera\u00e7\u00e3o inicial:\u00a0<strong>R$ 10 mil<\/strong><br \/>\n\u25baBanca: Cespe\/Cebraspe<br \/>\n\u25baEdital:\u00a0<a href=\"https:\/\/www.estrategiaconcursos.com.br\/blog\/wp-content\/uploads\/2018\/11\/ED_1_PRF_2018_ABT.pdf\" target=\"_blank\" rel=\"noopener\">Edital PRF 2018<\/a><br \/>\n\u25baCursos:\u00a0<strong><a href=\"https:\/\/www.estrategiaconcursos.com.br\/cursosPorConcurso\/prf-policial-rodoviario-federal\/\" target=\"_blank\" rel=\"noopener\">CURSOS PARA CONCURSO PRF 2018<\/a><\/strong><\/p>\n<p><em>Fernando Brito<\/em><br \/>\nAscom Estrat\u00e9gia<br \/>\nascomestrategia@gmail.com<\/p>\n","protected":false},"excerpt":{"rendered":"<p>O Cespe\/Cebraspe, banca organizadora do concurso da Pol\u00edcia Rodovi\u00e1ria Federal, divulgou no fim da tarde desta quarta-feira, 28 de novembro, o edital de retifica\u00e7\u00e3o que altera o n\u00famero de vagas em sete estados. Amazonas, Amap\u00e1, Minas Gerais, Mato Grosso, Rond\u00f4nia, Roraima e Rio Grande do Sul foram os estados que sofreram altera\u00e7\u00e3o. Ainda na tarde [&hellip;]<\/p>\n","protected":false},"author":1,"featured_media":127705,"comment_status":"open","ping_status":"closed","sticky":false,"template":"","format":"standard","meta":{"post_tipo":"news","footnotes":""},"categories":[1],"tags":[],"tax_estado":[],"class_list":["post-153308","post","type-post","status-publish","format-standard","has-post-thumbnail","hentry","category-cursos-e-concursos"],"acf":[],"yoast_head":"<!-- This site is optimized with the Yoast SEO Premium plugin v27.2 (Yoast SEO v27.2) - https:\/\/yoast.com\/product\/yoast-seo-premium-wordpress\/ -->\n<title>Edital PRF 2018: SETE ESTADOS t\u00eam n\u00famero de vagas alterado<\/title>\n<meta name=\"description\" content=\"Edital PRF: Cespe\/Cebraspe divulgou o n\u00famero de vagas alterado. O Edital PRF sofreu altera\u00e7\u00e3o e teve quadro de vagas modificado.\" \/>\n<meta name=\"robots\" content=\"index, follow, max-snippet:-1, max-image-preview:large, max-video-preview:-1\" \/>\n<link rel=\"canonical\" href=\"https:\/\/www.estrategiaconcursos.com.br\/blog\/edital-prf-retificacao-vagas\/\" \/>\n<meta property=\"og:locale\" content=\"pt_BR\" \/>\n<meta property=\"og:type\" content=\"article\" \/>\n<meta property=\"og:title\" content=\"Cespe\/Cebraspe divulga edital de retifica\u00e7\u00e3o alterando o n\u00famero de vagas em SETE ESTADOS\" \/>\n<meta property=\"og:description\" content=\"Edital PRF: Cespe\/Cebraspe divulgou o n\u00famero de vagas alterado. O Edital PRF sofreu altera\u00e7\u00e3o e teve quadro de vagas modificado.\" \/>\n<meta property=\"og:url\" content=\"https:\/\/www.estrategiaconcursos.com.br\/blog\/edital-prf-retificacao-vagas\/\" \/>\n<meta property=\"og:site_name\" content=\"Estrat\u00e9gia Concursos\" \/>\n<meta property=\"article:author\" content=\"https:\/\/www.facebook.com\/EstrategiaConcursos\" \/>\n<meta property=\"article:published_time\" content=\"2018-11-29T11:20:27+00:00\" \/>\n<meta property=\"article:modified_time\" content=\"2018-11-29T11:25:08+00:00\" \/>\n<meta property=\"og:image\" content=\"https:\/\/dhg1h5j42swfq.cloudfront.net\/2018\/06\/20192923\/saiu-edital--e1530278784619.jpg\" \/>\n\t<meta property=\"og:image:width\" content=\"400\" \/>\n\t<meta property=\"og:image:height\" content=\"209\" \/>\n\t<meta property=\"og:image:type\" content=\"image\/jpeg\" \/>\n<meta name=\"author\" content=\"Coordena\u00e7\u00e3o\" \/>\n<meta name=\"twitter:card\" content=\"summary_large_image\" \/>\n<meta name=\"twitter:creator\" content=\"@EstratConcursos\" \/>\n<meta name=\"twitter:site\" content=\"@EstratConcursos\" \/>\n<meta name=\"twitter:label1\" content=\"Escrito por\" \/>\n\t<meta name=\"twitter:data1\" content=\"Coordena\u00e7\u00e3o\" \/>\n\t<meta name=\"twitter:label2\" content=\"Est. tempo de leitura\" \/>\n\t<meta name=\"twitter:data2\" content=\"3 minutos\" \/>\n<script type=\"application\/ld+json\" class=\"yoast-schema-graph\">{\"@context\":\"https:\/\/schema.org\",\"@graph\":[{\"@type\":\"NewsArticle\",\"@id\":\"https:\/\/www.estrategiaconcursos.com.br\/blog\/edital-prf-retificacao-vagas\/#article\",\"isPartOf\":{\"@id\":\"https:\/\/www.estrategiaconcursos.com.br\/blog\/edital-prf-retificacao-vagas\/\"},\"author\":{\"name\":\"Coordena\u00e7\u00e3o\",\"@id\":\"https:\/\/www.estrategiaconcursos.com.br\/blog\/#\/schema\/person\/b4a388c97673c5f483d72185668afa1f\"},\"headline\":\"Cespe\/Cebraspe divulga edital de retifica\u00e7\u00e3o alterando o n\u00famero de vagas em SETE ESTADOS\",\"datePublished\":\"2018-11-29T11:20:27+00:00\",\"dateModified\":\"2018-11-29T11:25:08+00:00\",\"mainEntityOfPage\":{\"@id\":\"https:\/\/www.estrategiaconcursos.com.br\/blog\/edital-prf-retificacao-vagas\/\"},\"wordCount\":566,\"commentCount\":19,\"publisher\":{\"@id\":\"https:\/\/www.estrategiaconcursos.com.br\/blog\/#organization\"},\"image\":{\"@id\":\"https:\/\/www.estrategiaconcursos.com.br\/blog\/edital-prf-retificacao-vagas\/#primaryimage\"},\"thumbnailUrl\":\"https:\/\/dhg1h5j42swfq.cloudfront.net\/2018\/06\/20192923\/saiu-edital--e1530278784619.jpg\",\"articleSection\":[\"Concursos P\u00fablicos\"],\"inLanguage\":\"pt-BR\",\"potentialAction\":[{\"@type\":\"CommentAction\",\"name\":\"Comment\",\"target\":[\"https:\/\/www.estrategiaconcursos.com.br\/blog\/edital-prf-retificacao-vagas\/#respond\"]}],\"copyrightYear\":\"2018\",\"copyrightHolder\":{\"@id\":\"https:\/\/www.estrategiaconcursos.com.br\/blog\/#organization\"}},{\"@type\":\"WebPage\",\"@id\":\"https:\/\/www.estrategiaconcursos.com.br\/blog\/edital-prf-retificacao-vagas\/\",\"url\":\"https:\/\/www.estrategiaconcursos.com.br\/blog\/edital-prf-retificacao-vagas\/\",\"name\":\"Edital PRF 2018: SETE ESTADOS t\u00eam n\u00famero de vagas alterado\",\"isPartOf\":{\"@id\":\"https:\/\/www.estrategiaconcursos.com.br\/blog\/#website\"},\"primaryImageOfPage\":{\"@id\":\"https:\/\/www.estrategiaconcursos.com.br\/blog\/edital-prf-retificacao-vagas\/#primaryimage\"},\"image\":{\"@id\":\"https:\/\/www.estrategiaconcursos.com.br\/blog\/edital-prf-retificacao-vagas\/#primaryimage\"},\"thumbnailUrl\":\"https:\/\/dhg1h5j42swfq.cloudfront.net\/2018\/06\/20192923\/saiu-edital--e1530278784619.jpg\",\"datePublished\":\"2018-11-29T11:20:27+00:00\",\"dateModified\":\"2018-11-29T11:25:08+00:00\",\"description\":\"Edital PRF: Cespe\/Cebraspe divulgou o n\u00famero de vagas alterado. O Edital PRF sofreu altera\u00e7\u00e3o e teve quadro de vagas modificado.\",\"breadcrumb\":{\"@id\":\"https:\/\/www.estrategiaconcursos.com.br\/blog\/edital-prf-retificacao-vagas\/#breadcrumb\"},\"inLanguage\":\"pt-BR\",\"potentialAction\":[{\"@type\":\"ReadAction\",\"target\":[\"https:\/\/www.estrategiaconcursos.com.br\/blog\/edital-prf-retificacao-vagas\/\"]}]},{\"@type\":\"ImageObject\",\"inLanguage\":\"pt-BR\",\"@id\":\"https:\/\/www.estrategiaconcursos.com.br\/blog\/edital-prf-retificacao-vagas\/#primaryimage\",\"url\":\"https:\/\/dhg1h5j42swfq.cloudfront.net\/2018\/06\/20192923\/saiu-edital--e1530278784619.jpg\",\"contentUrl\":\"https:\/\/dhg1h5j42swfq.cloudfront.net\/2018\/06\/20192923\/saiu-edital--e1530278784619.jpg\",\"width\":400,\"height\":209,\"caption\":\"concurso procurador bayeux PB\"},{\"@type\":\"BreadcrumbList\",\"@id\":\"https:\/\/www.estrategiaconcursos.com.br\/blog\/edital-prf-retificacao-vagas\/#breadcrumb\",\"itemListElement\":[{\"@type\":\"ListItem\",\"position\":1,\"name\":\"In\u00edcio\",\"item\":\"https:\/\/www.estrategiaconcursos.com.br\/blog\/\"},{\"@type\":\"ListItem\",\"position\":2,\"name\":\"Cespe\/Cebraspe divulga edital de retifica\u00e7\u00e3o alterando o n\u00famero de vagas em SETE ESTADOS\"}]},{\"@type\":\"WebSite\",\"@id\":\"https:\/\/www.estrategiaconcursos.com.br\/blog\/#website\",\"url\":\"https:\/\/www.estrategiaconcursos.com.br\/blog\/\",\"name\":\"Estrat\u00e9gia Concursos\",\"description\":\"O blog da Estrat\u00e9gia Concursos traz not\u00edcias sobre concursos e artigos de professores oferecendo cursos para concursos (pdf + videaulas) no site.\",\"publisher\":{\"@id\":\"https:\/\/www.estrategiaconcursos.com.br\/blog\/#organization\"},\"potentialAction\":[{\"@type\":\"SearchAction\",\"target\":{\"@type\":\"EntryPoint\",\"urlTemplate\":\"https:\/\/www.estrategiaconcursos.com.br\/blog\/?s={search_term_string}\"},\"query-input\":{\"@type\":\"PropertyValueSpecification\",\"valueRequired\":true,\"valueName\":\"search_term_string\"}}],\"inLanguage\":\"pt-BR\"},{\"@type\":\"Organization\",\"@id\":\"https:\/\/www.estrategiaconcursos.com.br\/blog\/#organization\",\"name\":\"Estrat\u00e9gia Concursos\",\"url\":\"https:\/\/www.estrategiaconcursos.com.br\/blog\/\",\"logo\":{\"@type\":\"ImageObject\",\"inLanguage\":\"pt-BR\",\"@id\":\"https:\/\/www.estrategiaconcursos.com.br\/blog\/#\/schema\/logo\/image\/\",\"url\":\"https:\/\/dhg1h5j42swfq.cloudfront.net\/2025\/06\/03203428\/logo_concursos-1.jpg\",\"contentUrl\":\"https:\/\/dhg1h5j42swfq.cloudfront.net\/2025\/06\/03203428\/logo_concursos-1.jpg\",\"width\":230,\"height\":60,\"caption\":\"Estrat\u00e9gia Concursos\"},\"image\":{\"@id\":\"https:\/\/www.estrategiaconcursos.com.br\/blog\/#\/schema\/logo\/image\/\"},\"sameAs\":[\"https:\/\/x.com\/EstratConcursos\"]},{\"@type\":\"Person\",\"@id\":\"https:\/\/www.estrategiaconcursos.com.br\/blog\/#\/schema\/person\/b4a388c97673c5f483d72185668afa1f\",\"name\":\"Coordena\u00e7\u00e3o\",\"image\":{\"@type\":\"ImageObject\",\"inLanguage\":\"pt-BR\",\"@id\":\"https:\/\/secure.gravatar.com\/avatar\/b720319e4c9a967eb58678d110f4fe35452fc5d5f97b202bac7b8acceb18c6ad?s=96&d=mm&r=g\",\"url\":\"https:\/\/secure.gravatar.com\/avatar\/b720319e4c9a967eb58678d110f4fe35452fc5d5f97b202bac7b8acceb18c6ad?s=96&d=mm&r=g\",\"contentUrl\":\"https:\/\/secure.gravatar.com\/avatar\/b720319e4c9a967eb58678d110f4fe35452fc5d5f97b202bac7b8acceb18c6ad?s=96&d=mm&r=g\",\"caption\":\"Coordena\u00e7\u00e3o\"},\"sameAs\":[\"https:\/\/www.facebook.com\/EstrategiaConcursos\",\"https:\/\/x.com\/EstratConcursos\"],\"url\":\"https:\/\/www.estrategiaconcursos.com.br\/blog\/author\/estrategia2013\/\"}]}<\/script>\n<!-- \/ Yoast SEO Premium plugin. -->","yoast_head_json":{"title":"Edital PRF 2018: SETE ESTADOS t\u00eam n\u00famero de vagas alterado","description":"Edital PRF: Cespe\/Cebraspe divulgou o n\u00famero de vagas alterado. O Edital PRF sofreu altera\u00e7\u00e3o e teve quadro de vagas modificado.","robots":{"index":"index","follow":"follow","max-snippet":"max-snippet:-1","max-image-preview":"max-image-preview:large","max-video-preview":"max-video-preview:-1"},"canonical":"https:\/\/www.estrategiaconcursos.com.br\/blog\/edital-prf-retificacao-vagas\/","og_locale":"pt_BR","og_type":"article","og_title":"Cespe\/Cebraspe divulga edital de retifica\u00e7\u00e3o alterando o n\u00famero de vagas em SETE ESTADOS","og_description":"Edital PRF: Cespe\/Cebraspe divulgou o n\u00famero de vagas alterado. O Edital PRF sofreu altera\u00e7\u00e3o e teve quadro de vagas modificado.","og_url":"https:\/\/www.estrategiaconcursos.com.br\/blog\/edital-prf-retificacao-vagas\/","og_site_name":"Estrat\u00e9gia Concursos","article_author":"https:\/\/www.facebook.com\/EstrategiaConcursos","article_published_time":"2018-11-29T11:20:27+00:00","article_modified_time":"2018-11-29T11:25:08+00:00","og_image":[{"width":400,"height":209,"url":"https:\/\/dhg1h5j42swfq.cloudfront.net\/2018\/06\/20192923\/saiu-edital--e1530278784619.jpg","type":"image\/jpeg"}],"author":"Coordena\u00e7\u00e3o","twitter_card":"summary_large_image","twitter_creator":"@EstratConcursos","twitter_site":"@EstratConcursos","twitter_misc":{"Escrito por":"Coordena\u00e7\u00e3o","Est. tempo de leitura":"3 minutos"},"schema":{"@context":"https:\/\/schema.org","@graph":[{"@type":"NewsArticle","@id":"https:\/\/www.estrategiaconcursos.com.br\/blog\/edital-prf-retificacao-vagas\/#article","isPartOf":{"@id":"https:\/\/www.estrategiaconcursos.com.br\/blog\/edital-prf-retificacao-vagas\/"},"author":{"name":"Coordena\u00e7\u00e3o","@id":"https:\/\/www.estrategiaconcursos.com.br\/blog\/#\/schema\/person\/b4a388c97673c5f483d72185668afa1f"},"headline":"Cespe\/Cebraspe divulga edital de retifica\u00e7\u00e3o alterando o n\u00famero de vagas em SETE ESTADOS","datePublished":"2018-11-29T11:20:27+00:00","dateModified":"2018-11-29T11:25:08+00:00","mainEntityOfPage":{"@id":"https:\/\/www.estrategiaconcursos.com.br\/blog\/edital-prf-retificacao-vagas\/"},"wordCount":566,"commentCount":19,"publisher":{"@id":"https:\/\/www.estrategiaconcursos.com.br\/blog\/#organization"},"image":{"@id":"https:\/\/www.estrategiaconcursos.com.br\/blog\/edital-prf-retificacao-vagas\/#primaryimage"},"thumbnailUrl":"https:\/\/dhg1h5j42swfq.cloudfront.net\/2018\/06\/20192923\/saiu-edital--e1530278784619.jpg","articleSection":["Concursos P\u00fablicos"],"inLanguage":"pt-BR","potentialAction":[{"@type":"CommentAction","name":"Comment","target":["https:\/\/www.estrategiaconcursos.com.br\/blog\/edital-prf-retificacao-vagas\/#respond"]}],"copyrightYear":"2018","copyrightHolder":{"@id":"https:\/\/www.estrategiaconcursos.com.br\/blog\/#organization"}},{"@type":"WebPage","@id":"https:\/\/www.estrategiaconcursos.com.br\/blog\/edital-prf-retificacao-vagas\/","url":"https:\/\/www.estrategiaconcursos.com.br\/blog\/edital-prf-retificacao-vagas\/","name":"Edital PRF 2018: SETE ESTADOS t\u00eam n\u00famero de vagas alterado","isPartOf":{"@id":"https:\/\/www.estrategiaconcursos.com.br\/blog\/#website"},"primaryImageOfPage":{"@id":"https:\/\/www.estrategiaconcursos.com.br\/blog\/edital-prf-retificacao-vagas\/#primaryimage"},"image":{"@id":"https:\/\/www.estrategiaconcursos.com.br\/blog\/edital-prf-retificacao-vagas\/#primaryimage"},"thumbnailUrl":"https:\/\/dhg1h5j42swfq.cloudfront.net\/2018\/06\/20192923\/saiu-edital--e1530278784619.jpg","datePublished":"2018-11-29T11:20:27+00:00","dateModified":"2018-11-29T11:25:08+00:00","description":"Edital PRF: Cespe\/Cebraspe divulgou o n\u00famero de vagas alterado. O Edital PRF sofreu altera\u00e7\u00e3o e teve quadro de vagas modificado.","breadcrumb":{"@id":"https:\/\/www.estrategiaconcursos.com.br\/blog\/edital-prf-retificacao-vagas\/#breadcrumb"},"inLanguage":"pt-BR","potentialAction":[{"@type":"ReadAction","target":["https:\/\/www.estrategiaconcursos.com.br\/blog\/edital-prf-retificacao-vagas\/"]}]},{"@type":"ImageObject","inLanguage":"pt-BR","@id":"https:\/\/www.estrategiaconcursos.com.br\/blog\/edital-prf-retificacao-vagas\/#primaryimage","url":"https:\/\/dhg1h5j42swfq.cloudfront.net\/2018\/06\/20192923\/saiu-edital--e1530278784619.jpg","contentUrl":"https:\/\/dhg1h5j42swfq.cloudfront.net\/2018\/06\/20192923\/saiu-edital--e1530278784619.jpg","width":400,"height":209,"caption":"concurso procurador bayeux PB"},{"@type":"BreadcrumbList","@id":"https:\/\/www.estrategiaconcursos.com.br\/blog\/edital-prf-retificacao-vagas\/#breadcrumb","itemListElement":[{"@type":"ListItem","position":1,"name":"In\u00edcio","item":"https:\/\/www.estrategiaconcursos.com.br\/blog\/"},{"@type":"ListItem","position":2,"name":"Cespe\/Cebraspe divulga edital de retifica\u00e7\u00e3o alterando o n\u00famero de vagas em SETE ESTADOS"}]},{"@type":"WebSite","@id":"https:\/\/www.estrategiaconcursos.com.br\/blog\/#website","url":"https:\/\/www.estrategiaconcursos.com.br\/blog\/","name":"Estrat\u00e9gia Concursos","description":"O blog da Estrat\u00e9gia Concursos traz not\u00edcias sobre concursos e artigos de professores oferecendo cursos para concursos (pdf + videaulas) no site.","publisher":{"@id":"https:\/\/www.estrategiaconcursos.com.br\/blog\/#organization"},"potentialAction":[{"@type":"SearchAction","target":{"@type":"EntryPoint","urlTemplate":"https:\/\/www.estrategiaconcursos.com.br\/blog\/?s={search_term_string}"},"query-input":{"@type":"PropertyValueSpecification","valueRequired":true,"valueName":"search_term_string"}}],"inLanguage":"pt-BR"},{"@type":"Organization","@id":"https:\/\/www.estrategiaconcursos.com.br\/blog\/#organization","name":"Estrat\u00e9gia Concursos","url":"https:\/\/www.estrategiaconcursos.com.br\/blog\/","logo":{"@type":"ImageObject","inLanguage":"pt-BR","@id":"https:\/\/www.estrategiaconcursos.com.br\/blog\/#\/schema\/logo\/image\/","url":"https:\/\/dhg1h5j42swfq.cloudfront.net\/2025\/06\/03203428\/logo_concursos-1.jpg","contentUrl":"https:\/\/dhg1h5j42swfq.cloudfront.net\/2025\/06\/03203428\/logo_concursos-1.jpg","width":230,"height":60,"caption":"Estrat\u00e9gia Concursos"},"image":{"@id":"https:\/\/www.estrategiaconcursos.com.br\/blog\/#\/schema\/logo\/image\/"},"sameAs":["https:\/\/x.com\/EstratConcursos"]},{"@type":"Person","@id":"https:\/\/www.estrategiaconcursos.com.br\/blog\/#\/schema\/person\/b4a388c97673c5f483d72185668afa1f","name":"Coordena\u00e7\u00e3o","image":{"@type":"ImageObject","inLanguage":"pt-BR","@id":"https:\/\/secure.gravatar.com\/avatar\/b720319e4c9a967eb58678d110f4fe35452fc5d5f97b202bac7b8acceb18c6ad?s=96&d=mm&r=g","url":"https:\/\/secure.gravatar.com\/avatar\/b720319e4c9a967eb58678d110f4fe35452fc5d5f97b202bac7b8acceb18c6ad?s=96&d=mm&r=g","contentUrl":"https:\/\/secure.gravatar.com\/avatar\/b720319e4c9a967eb58678d110f4fe35452fc5d5f97b202bac7b8acceb18c6ad?s=96&d=mm&r=g","caption":"Coordena\u00e7\u00e3o"},"sameAs":["https:\/\/www.facebook.com\/EstrategiaConcursos","https:\/\/x.com\/EstratConcursos"],"url":"https:\/\/www.estrategiaconcursos.com.br\/blog\/author\/estrategia2013\/"}]}},"_links":{"self":[{"href":"https:\/\/www.estrategiaconcursos.com.br\/blog\/wp-json\/wp\/v2\/posts\/153308","targetHints":{"allow":["GET"]}}],"collection":[{"href":"https:\/\/www.estrategiaconcursos.com.br\/blog\/wp-json\/wp\/v2\/posts"}],"about":[{"href":"https:\/\/www.estrategiaconcursos.com.br\/blog\/wp-json\/wp\/v2\/types\/post"}],"author":[{"embeddable":true,"href":"https:\/\/www.estrategiaconcursos.com.br\/blog\/wp-json\/wp\/v2\/users\/1"}],"replies":[{"embeddable":true,"href":"https:\/\/www.estrategiaconcursos.com.br\/blog\/wp-json\/wp\/v2\/comments?post=153308"}],"version-history":[{"count":21,"href":"https:\/\/www.estrategiaconcursos.com.br\/blog\/wp-json\/wp\/v2\/posts\/153308\/revisions"}],"predecessor-version":[{"id":153359,"href":"https:\/\/www.estrategiaconcursos.com.br\/blog\/wp-json\/wp\/v2\/posts\/153308\/revisions\/153359"}],"wp:featuredmedia":[{"embeddable":true,"href":"https:\/\/www.estrategiaconcursos.com.br\/blog\/wp-json\/wp\/v2\/media\/127705"}],"wp:attachment":[{"href":"https:\/\/www.estrategiaconcursos.com.br\/blog\/wp-json\/wp\/v2\/media?parent=153308"}],"wp:term":[{"taxonomy":"category","embeddable":true,"href":"https:\/\/www.estrategiaconcursos.com.br\/blog\/wp-json\/wp\/v2\/categories?post=153308"},{"taxonomy":"post_tag","embeddable":true,"href":"https:\/\/www.estrategiaconcursos.com.br\/blog\/wp-json\/wp\/v2\/tags?post=153308"},{"taxonomy":"tax_estado","embeddable":true,"href":"https:\/\/www.estrategiaconcursos.com.br\/blog\/wp-json\/wp\/v2\/tax_estado?post=153308"}],"curies":[{"name":"wp","href":"https:\/\/api.w.org\/{rel}","templated":true}]}}