{"id":153019,"date":"2018-12-17T00:25:53","date_gmt":"2018-12-17T03:25:53","guid":{"rendered":"https:\/\/www.estrategiaconcursos.com.br\/blog\/?p=153019"},"modified":"2018-12-18T11:22:40","modified_gmt":"2018-12-18T14:22:40","slug":"edital-prf-banca-cria-pagina","status":"publish","type":"post","link":"https:\/\/www.estrategiaconcursos.com.br\/blog\/edital-prf-banca-cria-pagina\/","title":{"rendered":"Edital PRF 2018: \u00faltimo dia de inscri\u00e7\u00f5es para o certame; s\u00e3o 500 vagas para Policial Rodovi\u00e1rio Federal"},"content":{"rendered":"<p><span style=\"font-size: 18pt;\"><strong><em>Edital PRF 2018\/2019:\u00a0provas acontecem no dia 03 de fevereiro de 2019<\/em><\/strong><\/span><\/p>\n<p>As inscri\u00e7\u00f5es do concurso PRF 2018 terminam nesta ter\u00e7a-feira, 18 de dezembro, no site da banca organizadora, Cespe. Lembrando que todos os candidatos que forem participar precisam\u00a0efetuar o pagamento da taxa de inscri\u00e7\u00e3o que ficou fixada em R$ 150,00.\u00a0As provas objetivas e discursivas devem acontecer no dia <strong>03 de fevereiro de 2019<\/strong>, no per\u00edodo da tarde.<\/p>\n<p>Com as provas se aproximando, \u00e9 bom lembrar que a banca organizadora do concurso PRF, divulgou recentemente em seu site o edital de retifica\u00e7\u00e3o do certame. O documento publicado corrige a ordem alfab\u00e9tica dos estados, alterando o n\u00famero de vagas em alguns deles.<\/p>\n<p>O edital do concurso foi publicado no dia 28 de novembro, no Di\u00e1rio Oficial da Uni\u00e3o ofertando 500 vagas imediatas que est\u00e3o distribu\u00eddas entre v\u00e1rios estados conforme disponibilizado logo abaixo.<\/p>\n<p><em><strong>Destacados em vermelho est\u00e3o os estados que sofreram altera\u00e7\u00e3o no n\u00famero de vagas.<\/strong><\/em><\/p>\n<h2>Distribui\u00e7\u00e3o das vagas<\/h2>\n<p><span style=\"font-size: 18pt;\"><em>Acre &#8211; 17 vagas<\/em><\/span><br \/>\n<span style=\"font-size: 18pt; color: #ff6600;\"><em>Amazonas &#8211; 28 vagas<\/em><\/span><br \/>\n<span style=\"font-size: 18pt; color: #ff6600;\"><em>Amap\u00e1 &#8211; 23 vagas<\/em><\/span><br \/>\n<span style=\"font-size: 18pt;\"><em>Bahia &#8211; 17 vagas<\/em><\/span><br \/>\n<span style=\"font-size: 18pt;\"><em>GO &#8211; 27 vagas<\/em><\/span><br \/>\n<span style=\"font-size: 18pt;\"><em>Maranh\u00e3o &#8211; 18 vagas<\/em><\/span><br \/>\n<span style=\"font-size: 18pt; color: #ff6600;\"><em>Minas Gerais &#8211; 9 vagas<\/em><\/span><br \/>\n<span style=\"font-size: 18pt;\"><em>Mato Grosso do Sul &#8211; 35 vagas<\/em><\/span><br \/>\n<span style=\"font-size: 18pt; color: #ff6600;\"><em>Mato\u00a0 Grosso &#8211; 57 vagas<\/em><\/span><br \/>\n<span style=\"font-size: 18pt;\"><em>Par\u00e1 &#8211; 81 vagas<\/em><\/span><br \/>\n<span style=\"font-size: 18pt;\"><em>Piau\u00ed &#8211; 22 vagas<\/em><\/span><br \/>\n<span style=\"font-size: 18pt;\"><em>Rio de Janeiro &#8211; 10 vagas<\/em><\/span><br \/>\n<span style=\"font-size: 18pt; color: #ff6600;\"><em>Rond\u00f4nia &#8211; 74 vagas<\/em><\/span><br \/>\n<span style=\"font-size: 18pt; color: #ff6600;\"><em>Roraima &#8211; 15 vagas<\/em><\/span><br \/>\n<span style=\"font-size: 18pt; color: #ff6600;\"><em>Rio Grande do Sul &#8211; 23 vagas<\/em><\/span><br \/>\n<span style=\"font-size: 18pt;\"><em>S\u00e3o Paulo &#8211; 19 vagas<\/em><\/span><br \/>\n<span style=\"font-size: 18pt;\"><em>Tocantins &#8211; 25 vagas<\/em><\/span><\/p>\n<h2>Principais datas<\/h2>\n<p><strong>Inscri\u00e7\u00f5es:<\/strong>\u00a0<em>03\/12 a 18\/12<\/em><br \/>\n<strong>Taxa:<\/strong>\u00a0<em>R$ 150,00<\/em><br \/>\n<strong>Data da Prova:<\/strong>\u00a0<em>03 de fevereiro<\/em><br \/>\n<strong>Sal\u00e1rio:<\/strong>\u00a0<em>R$ 9.473,57<\/em><\/p>\n<h2>Requisitos para ser um PRF<\/h2>\n<p>Requisitos necess\u00e1rios para concorrer a uma das vagas PRF:<\/p>\n<p>\u2013 N\u00edvel superior em qualquer \u00e1rea de forma\u00e7\u00e3o<\/p>\n<p>\u2013 Carteira Nacional de Habilita\u00e7\u00e3o ou permiss\u00e3o para conduzir ve\u00edculos automotores de, no m\u00ednimo, categoria \u201cB\u201d.<\/p>\n<p>\u2013 Ter idade m\u00ednima de 18 anos completos na data da posse<\/p>\n<p>\u2013 N\u00e3o h\u00e1 idade m\u00e1xima estabelecida.<\/p>\n<p>\u2013 Ter aptid\u00e3o f\u00edsica e mental para o exerc\u00edcio das atribui\u00e7\u00f5es do cargo<\/p>\n<h2>Remunera\u00e7\u00e3o<\/h2>\n<p><img loading=\"lazy\" decoding=\"async\" class=\"aligncenter wp-image-118595\" src=\"https:\/\/dhg1h5j42swfq.cloudfront.net\/2018\/04\/27165918\/saldo-PRF-2019.jpg\" sizes=\"auto, (max-width: 810px) 100vw, 810px\" srcset=\"https:\/\/dhg1h5j42swfq.cloudfront.net\/2018\/04\/27165918\/saldo-PRF-2019.jpg 910w, https:\/\/www.estrategiaconcursos.com.br\/blog\/wp-content\/uploads\/2018\/04\/saldo-PRF-2019-300x218.jpg 300w, https:\/\/www.estrategiaconcursos.com.br\/blog\/wp-content\/uploads\/2018\/04\/saldo-PRF-2019-768x559.jpg 768w, https:\/\/www.estrategiaconcursos.com.br\/blog\/wp-content\/uploads\/2018\/04\/saldo-PRF-2019-610x444.jpg 610w\" alt=\"sal\u00e1rios PRF 2019\" width=\"810\" height=\"589\" \/><\/p>\n<h2>Diretor da PRF confirma concurso para 2019<\/h2>\n<p>Al\u00e9m do edital com 500 vagas, h\u00e1 a expectativa de um novo concurso em 2019. Diante de mudan\u00e7as na condu\u00e7\u00e3o das pol\u00edticas p\u00fablicas de Seguran\u00e7a P\u00fablica anunciadas pelo novo governo federal eleito, a Pol\u00edcia Rodovi\u00e1ria Federal sair\u00e1 fortalecida,\u00a0 gra\u00e7as ao seu importante papel no combate ao crime organizado nas estradas do pa\u00eds.<\/p>\n<h2>Etapas do concurso PRF<\/h2>\n<p>As provas do concurso da Pol\u00edcia Rodovi\u00e1ria Federal est\u00e3o marcadas para acontecer no dia 3 de fevereiro de 2019. Ser\u00e3o aplicadas provas objetivas e discursivas, ambas no per\u00edodo da tarde.<\/p>\n<p>A prova objetiva ser\u00e1 composta de 120 quest\u00f5es do tipo CERTO ou ERRADO com dura\u00e7\u00e3o m\u00e1xima de 4h30min. J\u00e1 a prova discursiva os candidatos ter\u00e3o que discorrer em texto dissertativo com tema a ser proposto em 30 linhas no m\u00e1ximo.<\/p>\n<ol>\n<li><em>Prova Objetiva e Discursiva (eliminat\u00f3rio e classificat\u00f3rio)<\/em><\/li>\n<li><em>Exame de Capacidade F\u00edsica\u00a0(eliminat\u00f3rio)<\/em><\/li>\n<li><em>Avalia\u00e7\u00e3o de Sa\u00fade\u00a0(eliminat\u00f3rio)<\/em><\/li>\n<li><em>Avalia\u00e7\u00e3o Psicol\u00f3gica\u00a0(eliminat\u00f3rio)<\/em><\/li>\n<li><em>Avalia\u00e7\u00e3o de T\u00edtulos\u00a0(classificat\u00f3rio)<\/em><\/li>\n<li><em>Investiga\u00e7\u00e3o Social\u00a0(eliminat\u00f3rio)<\/em><\/li>\n<li><em>Curso de Forma\u00e7\u00e3o<\/em><\/li>\n<\/ol>\n<h2>O que vai cair na prova?<\/h2>\n<p><span style=\"font-size: 18pt;\"><em>L\u00edngua Portuguesa<\/em><\/span><br \/>\n<span style=\"font-size: 18pt;\"><em>Inform\u00e1tica<\/em><\/span><br \/>\n<span style=\"font-size: 18pt;\"><em>Racioc\u00ednio L\u00f3gico-Matem\u00e1tico<\/em><\/span><br \/>\n<span style=\"font-size: 18pt;\"><em>No\u00e7\u00f5es de F\u00edsica<\/em><\/span><br \/>\n<span style=\"font-size: 18pt;\"><em>\u00c9tica no Servi\u00e7o P\u00fablico<\/em><\/span><br \/>\n<span style=\"font-size: 18pt;\"><em>Geopol\u00edtica Brasileira<\/em><\/span><br \/>\n<span style=\"font-size: 18pt;\"><em>Hist\u00f3ria da PRF<\/em><\/span><br \/>\n<span style=\"font-size: 18pt;\"><em>Legisla\u00e7\u00e3o de tr\u00e2nsito<\/em><\/span><br \/>\n<span style=\"font-size: 18pt;\"><em>No\u00e7\u00f5es de Direito Administrativo<br \/>\n<\/em>No\u00e7\u00f5es de Direito Constitucional<\/span><br \/>\n<span style=\"font-size: 18pt;\"><em>No\u00e7\u00f5es de Direito Penal e Processual Penal<\/em><\/span><br \/>\n<span style=\"font-size: 18pt;\"><em>Legisla\u00e7\u00e3o Especial<\/em><\/span><br \/>\n<span style=\"font-size: 18pt;\"><em>Direitos Humanos e Cidadania<\/em><\/span><\/p>\n<h2>Vade Mecum | Legisla\u00e7\u00e3o Completa PRF (p\u00f3s-edital)<\/h2>\n<p>Pensando em voc\u00ea concurseiro, os professores do Estrat\u00e9gia se reuniram para te auxiliar a poupar o seu tempo e compilar toda a legisla\u00e7\u00e3o prevista no edital. Por isso, estamos disponibilizando a legisla\u00e7\u00e3o completa prevista para o concurso PRF.<\/p>\n<p><em><strong>Acesse o conte\u00fado de forma gratuita clicando no banner abaixo!<\/strong><\/em><\/p>\n<p><a href=\"https:\/\/www.estrategiaconcursos.com.br\/gratis\/vade-mecum-prf\/\" target=\"_blank\" rel=\"noopener\"><img loading=\"lazy\" decoding=\"async\" class=\"aligncenter size-full wp-image-153790\" src=\"https:\/\/dhg1h5j42swfq.cloudfront.net\/2018\/11\/01105909\/BANNER-PRF-VADE-MECUM2.jpg\" sizes=\"auto, (max-width: 1200px) 100vw, 1200px\" srcset=\"https:\/\/dhg1h5j42swfq.cloudfront.net\/2018\/11\/01105909\/BANNER-PRF-VADE-MECUM2.jpg 1200w, https:\/\/www.estrategiaconcursos.com.br\/blog\/wp-content\/uploads\/2018\/11\/BANNER-PRF-VADE-MECUM2-300x75.jpg 300w, https:\/\/www.estrategiaconcursos.com.br\/blog\/wp-content\/uploads\/2018\/11\/BANNER-PRF-VADE-MECUM2-768x192.jpg 768w, https:\/\/www.estrategiaconcursos.com.br\/blog\/wp-content\/uploads\/2018\/11\/BANNER-PRF-VADE-MECUM2-1024x256.jpg 1024w, https:\/\/www.estrategiaconcursos.com.br\/blog\/wp-content\/uploads\/2018\/11\/BANNER-PRF-VADE-MECUM2-610x153.jpg 610w\" alt=\"Vade Mecum PRF P\u00f3s-Edital\" width=\"1200\" height=\"300\" \/><\/a><\/p>\n<p style=\"text-align: center;\"><span style=\"text-decoration: underline;\"><span style=\"font-size: 18pt;\"><a href=\"https:\/\/www.estrategiaconcursos.com.br\/blog\/concurso-prf-2\/\" target=\"_blank\" rel=\"noopener\">MAIS DETALHES SOBRE O EDITAL PRF<\/a><\/span><\/span><\/p>\n<p style=\"text-align: center;\">\u00a0<strong><span style=\"font-size: 18pt;\">PROMO\u00c7\u00c3O: <\/span><\/strong><a href=\"https:\/\/www.estrategiaconcursos.com.br\/cursosPorConcurso\/promocao-pacotes-completos-para-prf\/\" target=\"_blank\" rel=\"noopener\"><span style=\"text-decoration: underline;\"><span style=\"font-size: 18pt;\">CURSOS PARA A PRF<\/span><\/span><\/a><\/p>\n<p style=\"text-align: center;\"><span style=\"text-decoration: underline;\"><span style=\"font-size: 18pt;\"><a href=\"https:\/\/www.estrategiaconcursos.com.br\/blog\/semana-simulado-prf\/\" target=\"_blank\" rel=\"noopener\">SIMULADO PRF (4 provas)<\/a><\/span><\/span><\/p>\n<p><img loading=\"lazy\" decoding=\"async\" class=\"alignnone wp-image-68542\" src=\"https:\/\/dhg1h5j42swfq.cloudfront.net\/2017\/03\/28152500\/coruja-ficha-tecnica-300x102.png\" alt=\"Ficha t\u00e9cnica edital PRF\" width=\"326\" height=\"112\" \/><\/p>\n<p><strong>\u2666Pr\u00f3ximo Concurso PRF 2018<\/strong><br \/>\n\u25baData prevista:\u00a0<strong>2018<\/strong><br \/>\n\u25baVagas:<strong>\u00a0500\u00a0<\/strong><br \/>\n\u25baLota\u00e7\u00f5es:\u00a0<strong>v\u00e1rios estados<\/strong><br \/>\n\u25baRemunera\u00e7\u00e3o inicial:\u00a0<strong>R$ 10 mil<\/strong><br \/>\n\u25baBanca: Cespe\/Cebraspe<br \/>\n\u25baEdital:\u00a0<a href=\"https:\/\/www.estrategiaconcursos.com.br\/blog\/wp-content\/uploads\/2018\/11\/ED_1_PRF_2018_ABT.pdf\" target=\"_blank\" rel=\"noopener\">Edital PRF 2018<\/a><br \/>\n\u25baCursos:\u00a0<strong><a href=\"https:\/\/www.estrategiaconcursos.com.br\/cursosPorConcurso\/prf-policial-rodoviario-federal\/\" target=\"_blank\" rel=\"noopener\">CURSOS PARA CONCURSO PRF 2018<\/a><\/strong><\/p>\n<p><em>Fernando Brito<\/em><br \/>\nAscom Estrat\u00e9gia<br \/>\nascomestrategia@gmail.com<\/p>\n","protected":false},"excerpt":{"rendered":"<p>Edital PRF 2018\/2019:\u00a0provas acontecem no dia 03 de fevereiro de 2019 As inscri\u00e7\u00f5es do concurso PRF 2018 terminam nesta ter\u00e7a-feira, 18 de dezembro, no site da banca organizadora, Cespe. Lembrando que todos os candidatos que forem participar precisam\u00a0efetuar o pagamento da taxa de inscri\u00e7\u00e3o que ficou fixada em R$ 150,00.\u00a0As provas objetivas e discursivas devem [&hellip;]<\/p>\n","protected":false},"author":552,"featured_media":141067,"comment_status":"open","ping_status":"closed","sticky":false,"template":"","format":"standard","meta":{"post_tipo":"article","footnotes":""},"categories":[1],"tags":[],"tax_estado":[],"class_list":["post-153019","post","type-post","status-publish","format-standard","has-post-thumbnail","hentry","category-cursos-e-concursos"],"acf":[],"yoast_head":"<!-- This site is optimized with the Yoast SEO Premium plugin v27.2 (Yoast SEO v27.2) - https:\/\/yoast.com\/product\/yoast-seo-premium-wordpress\/ -->\n<title>Edital PRF 2018: \u00faltimo dia de inscri\u00e7\u00f5es para o certame<\/title>\n<meta name=\"description\" content=\"Edital PRF 2018: terminam nesta ter\u00e7a-feira, 18 de dezembro, as inscri\u00e7\u00f5es para o certame que oferta 500 vagas. Saiba mais!\" \/>\n<meta name=\"robots\" content=\"index, follow, max-snippet:-1, max-image-preview:large, max-video-preview:-1\" \/>\n<link rel=\"canonical\" href=\"https:\/\/www.estrategiaconcursos.com.br\/blog\/edital-prf-banca-cria-pagina\/\" \/>\n<meta property=\"og:locale\" content=\"pt_BR\" \/>\n<meta property=\"og:type\" content=\"article\" \/>\n<meta property=\"og:title\" content=\"Edital PRF 2018: \u00faltimo dia de inscri\u00e7\u00f5es para o certame; s\u00e3o 500 vagas para Policial Rodovi\u00e1rio Federal\" \/>\n<meta property=\"og:description\" content=\"Edital PRF 2018: terminam nesta ter\u00e7a-feira, 18 de dezembro, as inscri\u00e7\u00f5es para o certame que oferta 500 vagas. Saiba mais!\" \/>\n<meta property=\"og:url\" content=\"https:\/\/www.estrategiaconcursos.com.br\/blog\/edital-prf-banca-cria-pagina\/\" \/>\n<meta property=\"og:site_name\" content=\"Estrat\u00e9gia Concursos\" \/>\n<meta property=\"article:published_time\" content=\"2018-12-17T03:25:53+00:00\" \/>\n<meta property=\"article:modified_time\" content=\"2018-12-18T14:22:40+00:00\" \/>\n<meta property=\"og:image\" content=\"https:\/\/dhg1h5j42swfq.cloudfront.net\/2018\/09\/17114351\/concurso-prf-e1544041505976.jpg\" \/>\n\t<meta property=\"og:image:width\" content=\"400\" \/>\n\t<meta property=\"og:image:height\" content=\"209\" \/>\n\t<meta property=\"og:image:type\" content=\"image\/jpeg\" \/>\n<meta name=\"author\" content=\"Paulo Bilynskyj\" \/>\n<meta name=\"twitter:card\" content=\"summary_large_image\" \/>\n<meta name=\"twitter:creator\" content=\"@EstratConcursos\" \/>\n<meta name=\"twitter:site\" content=\"@EstratConcursos\" \/>\n<meta name=\"twitter:label1\" content=\"Escrito por\" \/>\n\t<meta name=\"twitter:data1\" content=\"Paulo Bilynskyj\" \/>\n\t<meta name=\"twitter:label2\" content=\"Est. tempo de leitura\" \/>\n\t<meta name=\"twitter:data2\" content=\"3 minutos\" \/>\n<script type=\"application\/ld+json\" class=\"yoast-schema-graph\">{\"@context\":\"https:\/\/schema.org\",\"@graph\":[{\"@type\":\"NewsArticle\",\"@id\":\"https:\/\/www.estrategiaconcursos.com.br\/blog\/edital-prf-banca-cria-pagina\/#article\",\"isPartOf\":{\"@id\":\"https:\/\/www.estrategiaconcursos.com.br\/blog\/edital-prf-banca-cria-pagina\/\"},\"author\":{\"name\":\"Paulo Bilynskyj\",\"@id\":\"https:\/\/www.estrategiaconcursos.com.br\/blog\/#\/schema\/person\/a630b15e36f45b4c21fed01219843cb5\"},\"headline\":\"Edital PRF 2018: \u00faltimo dia de inscri\u00e7\u00f5es para o certame; s\u00e3o 500 vagas para Policial Rodovi\u00e1rio Federal\",\"datePublished\":\"2018-12-17T03:25:53+00:00\",\"dateModified\":\"2018-12-18T14:22:40+00:00\",\"mainEntityOfPage\":{\"@id\":\"https:\/\/www.estrategiaconcursos.com.br\/blog\/edital-prf-banca-cria-pagina\/\"},\"wordCount\":709,\"commentCount\":85,\"publisher\":{\"@id\":\"https:\/\/www.estrategiaconcursos.com.br\/blog\/#organization\"},\"image\":{\"@id\":\"https:\/\/www.estrategiaconcursos.com.br\/blog\/edital-prf-banca-cria-pagina\/#primaryimage\"},\"thumbnailUrl\":\"https:\/\/dhg1h5j42swfq.cloudfront.net\/2018\/09\/17114351\/concurso-prf-e1544041505976.jpg\",\"articleSection\":[\"Concursos P\u00fablicos\"],\"inLanguage\":\"pt-BR\",\"potentialAction\":[{\"@type\":\"CommentAction\",\"name\":\"Comment\",\"target\":[\"https:\/\/www.estrategiaconcursos.com.br\/blog\/edital-prf-banca-cria-pagina\/#respond\"]}],\"copyrightYear\":\"2018\",\"copyrightHolder\":{\"@id\":\"https:\/\/www.estrategiaconcursos.com.br\/blog\/#organization\"}},{\"@type\":\"WebPage\",\"@id\":\"https:\/\/www.estrategiaconcursos.com.br\/blog\/edital-prf-banca-cria-pagina\/\",\"url\":\"https:\/\/www.estrategiaconcursos.com.br\/blog\/edital-prf-banca-cria-pagina\/\",\"name\":\"Edital PRF 2018: \u00faltimo dia de inscri\u00e7\u00f5es para o certame\",\"isPartOf\":{\"@id\":\"https:\/\/www.estrategiaconcursos.com.br\/blog\/#website\"},\"primaryImageOfPage\":{\"@id\":\"https:\/\/www.estrategiaconcursos.com.br\/blog\/edital-prf-banca-cria-pagina\/#primaryimage\"},\"image\":{\"@id\":\"https:\/\/www.estrategiaconcursos.com.br\/blog\/edital-prf-banca-cria-pagina\/#primaryimage\"},\"thumbnailUrl\":\"https:\/\/dhg1h5j42swfq.cloudfront.net\/2018\/09\/17114351\/concurso-prf-e1544041505976.jpg\",\"datePublished\":\"2018-12-17T03:25:53+00:00\",\"dateModified\":\"2018-12-18T14:22:40+00:00\",\"description\":\"Edital PRF 2018: terminam nesta ter\u00e7a-feira, 18 de dezembro, as inscri\u00e7\u00f5es para o certame que oferta 500 vagas. Saiba mais!\",\"breadcrumb\":{\"@id\":\"https:\/\/www.estrategiaconcursos.com.br\/blog\/edital-prf-banca-cria-pagina\/#breadcrumb\"},\"inLanguage\":\"pt-BR\",\"potentialAction\":[{\"@type\":\"ReadAction\",\"target\":[\"https:\/\/www.estrategiaconcursos.com.br\/blog\/edital-prf-banca-cria-pagina\/\"]}]},{\"@type\":\"ImageObject\",\"inLanguage\":\"pt-BR\",\"@id\":\"https:\/\/www.estrategiaconcursos.com.br\/blog\/edital-prf-banca-cria-pagina\/#primaryimage\",\"url\":\"https:\/\/dhg1h5j42swfq.cloudfront.net\/2018\/09\/17114351\/concurso-prf-e1544041505976.jpg\",\"contentUrl\":\"https:\/\/dhg1h5j42swfq.cloudfront.net\/2018\/09\/17114351\/concurso-prf-e1544041505976.jpg\",\"width\":400,\"height\":209,\"caption\":\"concurso PRF\"},{\"@type\":\"BreadcrumbList\",\"@id\":\"https:\/\/www.estrategiaconcursos.com.br\/blog\/edital-prf-banca-cria-pagina\/#breadcrumb\",\"itemListElement\":[{\"@type\":\"ListItem\",\"position\":1,\"name\":\"In\u00edcio\",\"item\":\"https:\/\/www.estrategiaconcursos.com.br\/blog\/\"},{\"@type\":\"ListItem\",\"position\":2,\"name\":\"Edital PRF 2018: \u00faltimo dia de inscri\u00e7\u00f5es para o certame; s\u00e3o 500 vagas para Policial Rodovi\u00e1rio Federal\"}]},{\"@type\":\"WebSite\",\"@id\":\"https:\/\/www.estrategiaconcursos.com.br\/blog\/#website\",\"url\":\"https:\/\/www.estrategiaconcursos.com.br\/blog\/\",\"name\":\"Estrat\u00e9gia Concursos\",\"description\":\"O blog da Estrat\u00e9gia Concursos traz not\u00edcias sobre concursos e artigos de professores oferecendo cursos para concursos (pdf + videaulas) no site.\",\"publisher\":{\"@id\":\"https:\/\/www.estrategiaconcursos.com.br\/blog\/#organization\"},\"potentialAction\":[{\"@type\":\"SearchAction\",\"target\":{\"@type\":\"EntryPoint\",\"urlTemplate\":\"https:\/\/www.estrategiaconcursos.com.br\/blog\/?s={search_term_string}\"},\"query-input\":{\"@type\":\"PropertyValueSpecification\",\"valueRequired\":true,\"valueName\":\"search_term_string\"}}],\"inLanguage\":\"pt-BR\"},{\"@type\":\"Organization\",\"@id\":\"https:\/\/www.estrategiaconcursos.com.br\/blog\/#organization\",\"name\":\"Estrat\u00e9gia Concursos\",\"url\":\"https:\/\/www.estrategiaconcursos.com.br\/blog\/\",\"logo\":{\"@type\":\"ImageObject\",\"inLanguage\":\"pt-BR\",\"@id\":\"https:\/\/www.estrategiaconcursos.com.br\/blog\/#\/schema\/logo\/image\/\",\"url\":\"https:\/\/dhg1h5j42swfq.cloudfront.net\/2025\/06\/03203428\/logo_concursos-1.jpg\",\"contentUrl\":\"https:\/\/dhg1h5j42swfq.cloudfront.net\/2025\/06\/03203428\/logo_concursos-1.jpg\",\"width\":230,\"height\":60,\"caption\":\"Estrat\u00e9gia Concursos\"},\"image\":{\"@id\":\"https:\/\/www.estrategiaconcursos.com.br\/blog\/#\/schema\/logo\/image\/\"},\"sameAs\":[\"https:\/\/x.com\/EstratConcursos\"]},{\"@type\":\"Person\",\"@id\":\"https:\/\/www.estrategiaconcursos.com.br\/blog\/#\/schema\/person\/a630b15e36f45b4c21fed01219843cb5\",\"name\":\"Paulo Bilynskyj\",\"image\":{\"@type\":\"ImageObject\",\"inLanguage\":\"pt-BR\",\"@id\":\"https:\/\/secure.gravatar.com\/avatar\/37e21f70c9042e7456beffdc6d31fe051f3f6dcbf252f69343a791b144852057?s=96&d=mm&r=g\",\"url\":\"https:\/\/secure.gravatar.com\/avatar\/37e21f70c9042e7456beffdc6d31fe051f3f6dcbf252f69343a791b144852057?s=96&d=mm&r=g\",\"contentUrl\":\"https:\/\/secure.gravatar.com\/avatar\/37e21f70c9042e7456beffdc6d31fe051f3f6dcbf252f69343a791b144852057?s=96&d=mm&r=g\",\"caption\":\"Paulo Bilynskyj\"},\"url\":\"https:\/\/www.estrategiaconcursos.com.br\/blog\/author\/pbilynskyjgmail-com\/\"}]}<\/script>\n<!-- \/ Yoast SEO Premium plugin. -->","yoast_head_json":{"title":"Edital PRF 2018: \u00faltimo dia de inscri\u00e7\u00f5es para o certame","description":"Edital PRF 2018: terminam nesta ter\u00e7a-feira, 18 de dezembro, as inscri\u00e7\u00f5es para o certame que oferta 500 vagas. Saiba mais!","robots":{"index":"index","follow":"follow","max-snippet":"max-snippet:-1","max-image-preview":"max-image-preview:large","max-video-preview":"max-video-preview:-1"},"canonical":"https:\/\/www.estrategiaconcursos.com.br\/blog\/edital-prf-banca-cria-pagina\/","og_locale":"pt_BR","og_type":"article","og_title":"Edital PRF 2018: \u00faltimo dia de inscri\u00e7\u00f5es para o certame; s\u00e3o 500 vagas para Policial Rodovi\u00e1rio Federal","og_description":"Edital PRF 2018: terminam nesta ter\u00e7a-feira, 18 de dezembro, as inscri\u00e7\u00f5es para o certame que oferta 500 vagas. Saiba mais!","og_url":"https:\/\/www.estrategiaconcursos.com.br\/blog\/edital-prf-banca-cria-pagina\/","og_site_name":"Estrat\u00e9gia Concursos","article_published_time":"2018-12-17T03:25:53+00:00","article_modified_time":"2018-12-18T14:22:40+00:00","og_image":[{"width":400,"height":209,"url":"https:\/\/dhg1h5j42swfq.cloudfront.net\/2018\/09\/17114351\/concurso-prf-e1544041505976.jpg","type":"image\/jpeg"}],"author":"Paulo Bilynskyj","twitter_card":"summary_large_image","twitter_creator":"@EstratConcursos","twitter_site":"@EstratConcursos","twitter_misc":{"Escrito por":"Paulo Bilynskyj","Est. tempo de leitura":"3 minutos"},"schema":{"@context":"https:\/\/schema.org","@graph":[{"@type":"NewsArticle","@id":"https:\/\/www.estrategiaconcursos.com.br\/blog\/edital-prf-banca-cria-pagina\/#article","isPartOf":{"@id":"https:\/\/www.estrategiaconcursos.com.br\/blog\/edital-prf-banca-cria-pagina\/"},"author":{"name":"Paulo Bilynskyj","@id":"https:\/\/www.estrategiaconcursos.com.br\/blog\/#\/schema\/person\/a630b15e36f45b4c21fed01219843cb5"},"headline":"Edital PRF 2018: \u00faltimo dia de inscri\u00e7\u00f5es para o certame; s\u00e3o 500 vagas para Policial Rodovi\u00e1rio Federal","datePublished":"2018-12-17T03:25:53+00:00","dateModified":"2018-12-18T14:22:40+00:00","mainEntityOfPage":{"@id":"https:\/\/www.estrategiaconcursos.com.br\/blog\/edital-prf-banca-cria-pagina\/"},"wordCount":709,"commentCount":85,"publisher":{"@id":"https:\/\/www.estrategiaconcursos.com.br\/blog\/#organization"},"image":{"@id":"https:\/\/www.estrategiaconcursos.com.br\/blog\/edital-prf-banca-cria-pagina\/#primaryimage"},"thumbnailUrl":"https:\/\/dhg1h5j42swfq.cloudfront.net\/2018\/09\/17114351\/concurso-prf-e1544041505976.jpg","articleSection":["Concursos P\u00fablicos"],"inLanguage":"pt-BR","potentialAction":[{"@type":"CommentAction","name":"Comment","target":["https:\/\/www.estrategiaconcursos.com.br\/blog\/edital-prf-banca-cria-pagina\/#respond"]}],"copyrightYear":"2018","copyrightHolder":{"@id":"https:\/\/www.estrategiaconcursos.com.br\/blog\/#organization"}},{"@type":"WebPage","@id":"https:\/\/www.estrategiaconcursos.com.br\/blog\/edital-prf-banca-cria-pagina\/","url":"https:\/\/www.estrategiaconcursos.com.br\/blog\/edital-prf-banca-cria-pagina\/","name":"Edital PRF 2018: \u00faltimo dia de inscri\u00e7\u00f5es para o certame","isPartOf":{"@id":"https:\/\/www.estrategiaconcursos.com.br\/blog\/#website"},"primaryImageOfPage":{"@id":"https:\/\/www.estrategiaconcursos.com.br\/blog\/edital-prf-banca-cria-pagina\/#primaryimage"},"image":{"@id":"https:\/\/www.estrategiaconcursos.com.br\/blog\/edital-prf-banca-cria-pagina\/#primaryimage"},"thumbnailUrl":"https:\/\/dhg1h5j42swfq.cloudfront.net\/2018\/09\/17114351\/concurso-prf-e1544041505976.jpg","datePublished":"2018-12-17T03:25:53+00:00","dateModified":"2018-12-18T14:22:40+00:00","description":"Edital PRF 2018: terminam nesta ter\u00e7a-feira, 18 de dezembro, as inscri\u00e7\u00f5es para o certame que oferta 500 vagas. Saiba mais!","breadcrumb":{"@id":"https:\/\/www.estrategiaconcursos.com.br\/blog\/edital-prf-banca-cria-pagina\/#breadcrumb"},"inLanguage":"pt-BR","potentialAction":[{"@type":"ReadAction","target":["https:\/\/www.estrategiaconcursos.com.br\/blog\/edital-prf-banca-cria-pagina\/"]}]},{"@type":"ImageObject","inLanguage":"pt-BR","@id":"https:\/\/www.estrategiaconcursos.com.br\/blog\/edital-prf-banca-cria-pagina\/#primaryimage","url":"https:\/\/dhg1h5j42swfq.cloudfront.net\/2018\/09\/17114351\/concurso-prf-e1544041505976.jpg","contentUrl":"https:\/\/dhg1h5j42swfq.cloudfront.net\/2018\/09\/17114351\/concurso-prf-e1544041505976.jpg","width":400,"height":209,"caption":"concurso PRF"},{"@type":"BreadcrumbList","@id":"https:\/\/www.estrategiaconcursos.com.br\/blog\/edital-prf-banca-cria-pagina\/#breadcrumb","itemListElement":[{"@type":"ListItem","position":1,"name":"In\u00edcio","item":"https:\/\/www.estrategiaconcursos.com.br\/blog\/"},{"@type":"ListItem","position":2,"name":"Edital PRF 2018: \u00faltimo dia de inscri\u00e7\u00f5es para o certame; s\u00e3o 500 vagas para Policial Rodovi\u00e1rio Federal"}]},{"@type":"WebSite","@id":"https:\/\/www.estrategiaconcursos.com.br\/blog\/#website","url":"https:\/\/www.estrategiaconcursos.com.br\/blog\/","name":"Estrat\u00e9gia Concursos","description":"O blog da Estrat\u00e9gia Concursos traz not\u00edcias sobre concursos e artigos de professores oferecendo cursos para concursos (pdf + videaulas) no site.","publisher":{"@id":"https:\/\/www.estrategiaconcursos.com.br\/blog\/#organization"},"potentialAction":[{"@type":"SearchAction","target":{"@type":"EntryPoint","urlTemplate":"https:\/\/www.estrategiaconcursos.com.br\/blog\/?s={search_term_string}"},"query-input":{"@type":"PropertyValueSpecification","valueRequired":true,"valueName":"search_term_string"}}],"inLanguage":"pt-BR"},{"@type":"Organization","@id":"https:\/\/www.estrategiaconcursos.com.br\/blog\/#organization","name":"Estrat\u00e9gia Concursos","url":"https:\/\/www.estrategiaconcursos.com.br\/blog\/","logo":{"@type":"ImageObject","inLanguage":"pt-BR","@id":"https:\/\/www.estrategiaconcursos.com.br\/blog\/#\/schema\/logo\/image\/","url":"https:\/\/dhg1h5j42swfq.cloudfront.net\/2025\/06\/03203428\/logo_concursos-1.jpg","contentUrl":"https:\/\/dhg1h5j42swfq.cloudfront.net\/2025\/06\/03203428\/logo_concursos-1.jpg","width":230,"height":60,"caption":"Estrat\u00e9gia Concursos"},"image":{"@id":"https:\/\/www.estrategiaconcursos.com.br\/blog\/#\/schema\/logo\/image\/"},"sameAs":["https:\/\/x.com\/EstratConcursos"]},{"@type":"Person","@id":"https:\/\/www.estrategiaconcursos.com.br\/blog\/#\/schema\/person\/a630b15e36f45b4c21fed01219843cb5","name":"Paulo Bilynskyj","image":{"@type":"ImageObject","inLanguage":"pt-BR","@id":"https:\/\/secure.gravatar.com\/avatar\/37e21f70c9042e7456beffdc6d31fe051f3f6dcbf252f69343a791b144852057?s=96&d=mm&r=g","url":"https:\/\/secure.gravatar.com\/avatar\/37e21f70c9042e7456beffdc6d31fe051f3f6dcbf252f69343a791b144852057?s=96&d=mm&r=g","contentUrl":"https:\/\/secure.gravatar.com\/avatar\/37e21f70c9042e7456beffdc6d31fe051f3f6dcbf252f69343a791b144852057?s=96&d=mm&r=g","caption":"Paulo Bilynskyj"},"url":"https:\/\/www.estrategiaconcursos.com.br\/blog\/author\/pbilynskyjgmail-com\/"}]}},"_links":{"self":[{"href":"https:\/\/www.estrategiaconcursos.com.br\/blog\/wp-json\/wp\/v2\/posts\/153019","targetHints":{"allow":["GET"]}}],"collection":[{"href":"https:\/\/www.estrategiaconcursos.com.br\/blog\/wp-json\/wp\/v2\/posts"}],"about":[{"href":"https:\/\/www.estrategiaconcursos.com.br\/blog\/wp-json\/wp\/v2\/types\/post"}],"author":[{"embeddable":true,"href":"https:\/\/www.estrategiaconcursos.com.br\/blog\/wp-json\/wp\/v2\/users\/552"}],"replies":[{"embeddable":true,"href":"https:\/\/www.estrategiaconcursos.com.br\/blog\/wp-json\/wp\/v2\/comments?post=153019"}],"version-history":[{"count":56,"href":"https:\/\/www.estrategiaconcursos.com.br\/blog\/wp-json\/wp\/v2\/posts\/153019\/revisions"}],"predecessor-version":[{"id":156119,"href":"https:\/\/www.estrategiaconcursos.com.br\/blog\/wp-json\/wp\/v2\/posts\/153019\/revisions\/156119"}],"wp:featuredmedia":[{"embeddable":true,"href":"https:\/\/www.estrategiaconcursos.com.br\/blog\/wp-json\/wp\/v2\/media\/141067"}],"wp:attachment":[{"href":"https:\/\/www.estrategiaconcursos.com.br\/blog\/wp-json\/wp\/v2\/media?parent=153019"}],"wp:term":[{"taxonomy":"category","embeddable":true,"href":"https:\/\/www.estrategiaconcursos.com.br\/blog\/wp-json\/wp\/v2\/categories?post=153019"},{"taxonomy":"post_tag","embeddable":true,"href":"https:\/\/www.estrategiaconcursos.com.br\/blog\/wp-json\/wp\/v2\/tags?post=153019"},{"taxonomy":"tax_estado","embeddable":true,"href":"https:\/\/www.estrategiaconcursos.com.br\/blog\/wp-json\/wp\/v2\/tax_estado?post=153019"}],"curies":[{"name":"wp","href":"https:\/\/api.w.org\/{rel}","templated":true}]}}