{"id":1527777,"date":"2026-02-27T11:48:00","date_gmt":"2026-02-27T14:48:00","guid":{"rendered":"https:\/\/www.estrategiaconcursos.com.br\/blog\/?p=1527777"},"modified":"2026-02-27T14:37:50","modified_gmt":"2026-02-27T17:37:50","slug":"concurso-cofen","status":"publish","type":"post","link":"https:\/\/www.estrategiaconcursos.com.br\/blog\/concurso-cofen\/","title":{"rendered":"Concurso Cofen: edital entre mar\u00e7o e abril; quase R$19 mil!"},"content":{"rendered":"\n<p>O concurso Cofen (<a href=\"https:\/\/www.estrategiaconcursos.com.br\/cursosPorConcurso\/conselho-federal-da-enfermagem-cofen\/\">Conselho Federal da Enfermagem<\/a>) ter\u00e1 seu novo edital publicado entre os meses de mar\u00e7o e abril, de acordo com a <a href=\"https:\/\/www.estrategiaconcursos.com.br\/blog\/concurso-cofen-2026-edital-entre-marco-e-abril\/\" target=\"_blank\" rel=\"noreferrer noopener\">assessoria de comunica\u00e7\u00e3o<\/a>!<\/p>\n\n\n\n<p>A banca, o Instituto Quadrix, j\u00e1 est\u00e1 com p\u00e1gina criada em seu site, aguardando a publica\u00e7\u00e3o do edital, que est\u00e1 em fase final de revis\u00e3o.<\/p>\n\n\n\n<p>De acordo com o <a href=\"https:\/\/www.estrategiaconcursos.com.br\/blog\/concurso-cofen-termo-de-referencia\/\" target=\"_blank\" rel=\"noreferrer noopener\">termo de refer\u00eancia divulgado<\/a>, o edital est\u00e1 previsto para o provimento de <strong>13 vagas imediatas mais cadastro de reserva<\/strong> para diversos cargos.<\/p>\n\n\n\n<p>Confira ao longo do artigo todas as informa\u00e7\u00f5es das oportunidades!<\/p>\n\n\n\n<div class=\"container\" id=\"boxes\">\n  <div class=\"row\">\n\n    <div class=\"col-sm\">\n      <div class=\"banner-estrategia\" id=\"box-assinatura\">\n        <h3 class=\"titulo-assinatura\">Cursos para Cofen<\/h3>\n        <p class=\"subtitulo-assinatura\">Estude conosco<\/p>\n        <div class=\"box-botao\">\n          <a class=\"btn-assinatura\" target=\"_blank\" href=\"https:\/\/www.estrategiaconcursos.com.br\/cursosPorConcurso\/conselho-federal-da-enfermagem-cofen\/\" role=\"button\" rel=\"noopener noreferrer\">Conhe\u00e7a os cursos<\/a>\n        <\/div>\n      <\/div>\n     \n    <\/div>\n\n  <\/div>\n<\/div>\n\n\n\n<ul style=\"background-color:#f3f3f3\" class=\"wp-block-list has-background\">\n<li><strong>Concurso Cofen<\/strong><\/li>\n\n\n\n<li><strong>Status:<\/strong>&nbsp;banca definida<\/li>\n\n\n\n<li><strong>Banca<\/strong>:&nbsp;Quadrix<\/li>\n\n\n\n<li><strong>Vagas:&nbsp;<\/strong>13 + CR<\/li>\n\n\n\n<li><strong>Sal\u00e1rio inicial:<\/strong>&nbsp;at\u00e9 R$18.950,52<\/li>\n\n\n\n<li><strong>\u00daltimos editais:<\/strong> <a href=\"https:\/\/dhg1h5j42swfq.cloudfront.net\/2025\/02\/12173642\/2010.pdf\">Cofen 2010<\/a> | <a href=\"https:\/\/dhg1h5j42swfq.cloudfront.net\/2025\/02\/12173602\/2009.pdf\">Cofen 2009<\/a><\/li>\n<\/ul>\n\n\n\n<p>Ao longo deste artigo voc\u00ea encontrar\u00e1 todas as informa\u00e7\u00f5es sobre o concurso&nbsp;<strong>Cofen<\/strong> e ficar\u00e1 por dentro das novidades.<\/p>\n\n\n\n<ul id=\"indice\" class=\"wp-block-list\">\n<li><strong><a href=\"#atual\">Situa\u00e7\u00e3o atual<\/a><\/strong>\n<ul class=\"wp-block-list\">\n<li><a href=\"#banca\">Banca<\/a><\/li>\n\n\n\n<li><a href=\"#previsao\">Vagas previstas<\/a><\/li>\n\n\n\n<li><a href=\"#h-etapas-e-provas-termo-de-referencia\">Etapas e provas<\/a><\/li>\n\n\n\n<li id=\"requisitos\"><a href=\"#requisitos\">Requisitos<\/a><\/li>\n<\/ul>\n<\/li>\n\n\n\n<li><a href=\"#ultimo-concurso\"><strong>\u00daltimo concurso (2010)<\/strong><\/a>\n<ul class=\"wp-block-list\">\n<li id=\"-provas\"><a href=\"#provas\">Provas objetivas e discursivas<\/a><\/li>\n<\/ul>\n<\/li>\n\n\n\n<li><a href=\"#sobre\"><strong>Sobre o Cofen<\/strong><\/a><\/li>\n\n\n\n<li><a href=\"#cursos\"><strong>Cursos e assinaturas<\/strong><\/a><\/li>\n\n\n\n<li><a href=\"#ficha\"><strong>Ficha t\u00e9cnica<\/strong><\/a><\/li>\n<\/ul>\n\n\n\n<h2 class=\"wp-block-heading\" id=\"atual\">Situa\u00e7\u00e3o atual do concurso Cofen<\/h2>\n\n\n\n<h3 class=\"wp-block-heading\" id=\"h-banca\">Banca<\/h3>\n\n\n\n<p>No dia 24 de outubro de 2025 foi publicado no Di\u00e1rio Oficial da Uni\u00e3o a <a href=\"https:\/\/www.in.gov.br\/en\/web\/dou\/-\/avisos-664579803\">escolha da banca<\/a>. E o <a href=\"https:\/\/www.in.gov.br\/web\/dou\/-\/extrato-de-contrato-676436303\" target=\"_blank\" rel=\"noreferrer noopener\">extrato de contrato<\/a>, no dia 18 de dezembro. Com isso, o edital pode ser publicado a qualquer momento.<\/p>\n\n\n\n<h3 class=\"wp-block-heading\" id=\"previsao\">Vagas e cargos previstas<\/h3>\n\n\n\n<p>Confira abaixo as vagas, cargos e remunera\u00e7\u00f5es previstas no <a href=\"https:\/\/www.estrategiaconcursos.com.br\/blog\/concurso-cofen-termo-de-referencia\/\">termo de refer\u00eancia<\/a>:<\/p>\n\n\n\n<figure class=\"wp-block-image size-large\"><img loading=\"lazy\" decoding=\"async\" width=\"1024\" height=\"918\" src=\"https:\/\/dhg1h5j42swfq.cloudfront.net\/2025\/12\/19154156\/captura-de-tela-2025-12-19-as-15-41-06-1024x918.png\" alt=\"\" class=\"wp-image-1688799\" srcset=\"https:\/\/dhg1h5j42swfq.cloudfront.net\/2025\/12\/19154156\/captura-de-tela-2025-12-19-as-15-41-06-1024x918.png 1024w, https:\/\/dhg1h5j42swfq.cloudfront.net\/2025\/12\/19154156\/captura-de-tela-2025-12-19-as-15-41-06-300x269.png 300w, https:\/\/dhg1h5j42swfq.cloudfront.net\/2025\/12\/19154156\/captura-de-tela-2025-12-19-as-15-41-06-768x688.png 768w, https:\/\/dhg1h5j42swfq.cloudfront.net\/2025\/12\/19154156\/captura-de-tela-2025-12-19-as-15-41-06-150x134.png 150w, https:\/\/dhg1h5j42swfq.cloudfront.net\/2025\/12\/19154156\/captura-de-tela-2025-12-19-as-15-41-06.png 1444w\" sizes=\"auto, (max-width: 1024px) 100vw, 1024px\" \/><\/figure>\n\n\n\n<h3 class=\"wp-block-heading\" id=\"h-etapas-e-provas-termo-de-referencia\">Etapas e provas &#8211; Termo de refer\u00eancia<\/h3>\n\n\n\n<p>O Concurso P\u00fablico compreender\u00e1 as seguintes etapas para todos os cargos:<\/p>\n\n\n\n<ul class=\"wp-block-list\">\n<li>Prova objetiva, para todos os cargos, de car\u00e1ter eliminat\u00f3rio e classificat\u00f3rio;<\/li>\n\n\n\n<li>Prova discursiva, para todos os cargos e de acordo com o n\u00edvel de escolaridade exigido, que<br \/>ser\u00e1 apenas de n\u00edvel superior, de car\u00e1ter eliminat\u00f3rio e classificat\u00f3rio;<\/li>\n\n\n\n<li>Prova de T\u00edtulos apresentados pelos candidatos, em car\u00e1ter unicamente classificat\u00f3rio.<\/li>\n<\/ul>\n\n\n\n<h4 class=\"wp-block-heading\" id=\"h-provas-objetivas-e-discursivas\">Provas Objetivas e Discursivas<\/h4>\n\n\n\n<p>As provas objetiva e discursiva ser\u00e3o realizadas em data e turno \u00fanico, na cidade de Bras\u00edlia\/DF;<\/p>\n\n\n\n<h4 class=\"wp-block-heading\" id=\"h-prova-de-titulos\">Prova de t\u00edtulos<\/h4>\n\n\n\n<p>A Prova de T\u00edtulos ser\u00e1 realizada para todos os cargos de N\u00edvel Superior: Advogado; Arquivista, Analista de Comunica\u00e7\u00e3o II, Analista de Gest\u00e3o de Pessoas, Analista de Pessoal, Analista T\u00e9cnico, Analista de Tecnologia da Informa\u00e7\u00e3o, Analista de Sistemas, Analista de Suporte T\u00e9cnico, Bibliotec\u00e1rio, Contador, Enfermeiro e Enfermeiro Fiscal.<\/p>\n\n\n\n<p>Participar\u00e3o desta fase os candidatos considerados classificados por terem atingido nota igual ou superior a 60% (sessenta por cento) dos pontos poss\u00edveis na prova discursiva.<\/p>\n\n\n\n<p>Ser\u00e3o considerados para a Prova de T\u00edtulos para todos os cargos os seguintes documentos:<\/p>\n\n\n\n<figure class=\"wp-block-image size-large\"><img loading=\"lazy\" decoding=\"async\" width=\"1024\" height=\"716\" src=\"https:\/\/dhg1h5j42swfq.cloudfront.net\/2025\/12\/19160025\/captura-de-tela-2025-12-19-as-16-00-13-1024x716.png\" alt=\"\" class=\"wp-image-1688828\" srcset=\"https:\/\/dhg1h5j42swfq.cloudfront.net\/2025\/12\/19160025\/captura-de-tela-2025-12-19-as-16-00-13-1024x716.png 1024w, https:\/\/dhg1h5j42swfq.cloudfront.net\/2025\/12\/19160025\/captura-de-tela-2025-12-19-as-16-00-13-300x210.png 300w, https:\/\/dhg1h5j42swfq.cloudfront.net\/2025\/12\/19160025\/captura-de-tela-2025-12-19-as-16-00-13-768x537.png 768w, https:\/\/dhg1h5j42swfq.cloudfront.net\/2025\/12\/19160025\/captura-de-tela-2025-12-19-as-16-00-13-150x105.png 150w, https:\/\/dhg1h5j42swfq.cloudfront.net\/2025\/12\/19160025\/captura-de-tela-2025-12-19-as-16-00-13.png 1428w\" sizes=\"auto, (max-width: 1024px) 100vw, 1024px\" \/><\/figure>\n\n\n\n<h3 class=\"wp-block-heading\" id=\"requisitos\">Requisitos<\/h3>\n\n\n\n<p><strong>Enfermeiro Fiscal <\/strong>&#8211; Diploma, devidamente registrado segundo orienta\u00e7\u00f5es do MEC, de conclus\u00e3o de curso de gradua\u00e7\u00e3o de n\u00edvel superior em Enfermagem, fornecido por institui\u00e7\u00e3o de ensino superior reconhecida pelo Minist\u00e9rio da Educa\u00e7\u00e3o; registro no COREN-DF; disponibilidade para viagens interestaduais, bem como para realizar trabalhos noturnos, independentemente de comunica\u00e7\u00f5es pr\u00e9via por parte da chefia.<\/p>\n\n\n\n<p><strong>Advogado &#8211;<\/strong> Ensino Superior em Direito e registro na OAB.<\/p>\n\n\n\n<p><strong>Agente Administrativo<\/strong> &#8211; Certificado devidamente registrado, de conclus\u00e3o de curso de ensino m\u00e9dio e\/ou curso t\u00e9cnico, expedido por institui\u00e7\u00e3o de ensino reconhecida pelo Minist\u00e9rio de Educa\u00e7\u00e3o.<\/p>\n\n\n\n<p><strong>Analista de Sistemas.<\/strong> &#8211; Ensino Superior em Ci\u00eancias da Computa\u00e7\u00e3o ou An\u00e1lise de Sistema<\/p>\n\n\n\n<h2 class=\"wp-block-heading\" id=\"h-como-foi-o-ultimo-concurso-cofen\">Como foi o \u00faltimo concurso Cofen?<\/h2>\n\n\n\n<p>Os \u00faltimos editais da Conab que ofertaram vagas para estes cargos foi em 2010 e 2009, sob responsabilidade da Consulpan e Cetro.<\/p>\n\n\n\n<h3 class=\"wp-block-heading\" id=\"-provas\">Prova Objetiva<\/h3>\n\n\n\n<p>A prova objetiva foi composta de 50 quest\u00f5es de m\u00faltipla escolha, com 5 alternativas e foi aplicada no mesmo dia que a prova discursiva, em turnos diferentes a depender do cargo.<\/p>\n\n\n\n<figure class=\"wp-block-image size-large\"><img loading=\"lazy\" decoding=\"async\" width=\"1024\" height=\"849\" src=\"https:\/\/dhg1h5j42swfq.cloudfront.net\/2025\/02\/12174327\/captura-de-tela-2025-02-12-as-17-43-11-1024x849.png\" alt=\"\" class=\"wp-image-1531670\" srcset=\"https:\/\/dhg1h5j42swfq.cloudfront.net\/2025\/02\/12174327\/captura-de-tela-2025-02-12-as-17-43-11-1024x849.png 1024w, https:\/\/dhg1h5j42swfq.cloudfront.net\/2025\/02\/12174327\/captura-de-tela-2025-02-12-as-17-43-11-300x249.png 300w, https:\/\/dhg1h5j42swfq.cloudfront.net\/2025\/02\/12174327\/captura-de-tela-2025-02-12-as-17-43-11-768x637.png 768w, https:\/\/dhg1h5j42swfq.cloudfront.net\/2025\/02\/12174327\/captura-de-tela-2025-02-12-as-17-43-11-150x124.png 150w, https:\/\/dhg1h5j42swfq.cloudfront.net\/2025\/02\/12174327\/captura-de-tela-2025-02-12-as-17-43-11.png 1442w\" sizes=\"auto, (max-width: 1024px) 100vw, 1024px\" \/><\/figure>\n\n\n\n<h3 class=\"wp-block-heading\" id=\"h-prova-discursiva\">Prova Discursiva<\/h3>\n\n\n\n<p>Foi aplicada prova escrita discursiva para os cargos com exig\u00eancia de n\u00edvel superior de escolaridade, como tamb\u00e9m para o cargo de \u201cT\u00e9cnico Administrativo\u201d, de car\u00e1ter eliminat\u00f3rio e classificat\u00f3rio, no mesmo dia de realiza\u00e7\u00e3o das provas objetivas, constitu\u00edda de: <\/p>\n\n\n\n<ul class=\"wp-block-list\">\n<li>01 (uma) pe\u00e7a processual\/parecer para os candidatos ao cargo de \u201cAdvogado\u201d; e<\/li>\n\n\n\n<li>01 (uma) reda\u00e7\u00e3o sobre tema a ser proposto no caderno de provas para os demais cargos que realizar\u00e3o esta prova.<\/li>\n<\/ul>\n\n\n\n<h2 class=\"wp-block-heading\" id=\"sobre\">O que \u00e9 o Cofen?<\/h2>\n\n\n\n<p>O COFEN \u00e9 respons\u00e1vel por normatizar e fiscalizar o exerc\u00edcio da profiss\u00e3o de enfermeiros, t\u00e9cnicos e auxiliares de enfermagem, zelando pela qualidade dos servi\u00e7os prestados e pelo cumprimento da Lei do Exerc\u00edcio Profissional da Enfermagem. Clique aqui para acessar informa\u00e7\u00e3o quanto ao n\u00famero de profissionais registrados no Brasil.<\/p>\n\n\n\n<p><strong>Principais atividades do COFEN:<\/strong><\/p>\n\n\n\n<ul class=\"wp-block-list\">\n<li>normatizar e expedir instru\u00e7\u00f5es para uniformidade de procedimentos e bom funcionamento dos Conselhos Regionais;<\/li>\n\n\n\n<li>apreciar em grau de recurso as decis\u00f5es dos CORENs;<\/li>\n\n\n\n<li>aprovar anualmente as contas e a proposta or\u00e7ament\u00e1ria da autarquia, remetendo-as aos \u00f3rg\u00e3os competentes;<\/li>\n\n\n\n<li>promover estudos e campanhas para aperfei\u00e7oamento profissional.<\/li>\n<\/ul>\n\n\n\n<p>&nbsp;<\/p>\n\n\n\n<h2 class=\"wp-block-heading has-text-align-center\" id=\"cursos\"><em>Quer estudar para o concurso Cofen?<\/em><\/h2>\n\n\n\n<div class=\"container\" id=\"boxes\">\n  <div class=\"row\">\n\n    <div class=\"col-sm\">\n      <div class=\"banner-estrategia\" id=\"box-assinatura\">\n        <h3 class=\"titulo-assinatura\">Cursos para Cofen<\/h3>\n        <p class=\"subtitulo-assinatura\">Estude conosco<\/p>\n        <div class=\"box-botao\">\n          <a class=\"btn-assinatura\" target=\"_blank\" href=\"https:\/\/www.estrategiaconcursos.com.br\/cursosPorConcurso\/conselho-federal-da-enfermagem-cofen\/\" role=\"button\" rel=\"noopener noreferrer\">Conhe\u00e7a os cursos<\/a>\n        <\/div>\n      <\/div>\n     \n    <\/div>\n\n  <\/div>\n<\/div>\n\n\n\n<div class=\"container\" id=\"boxes\">\n  <div class=\"row\">\n\n    <div class=\"col-sm\">\n      <div class=\"estrategia\" id=\"box-assinatura\">\n        <h3 class=\"titulo-assinatura\">Assinatura Concursos<\/h3>\n        <p class=\"subtitulo-assinatura\">Assinatura de 1 ano ou 2 anos<\/p>\n        <div class=\"box-botao\">\n          <a class=\"btn-assinatura\" target=\"_blank\" href=\"https:\/\/www.estrategiaconcursos.com.br\/assinaturas\/\" role=\"button\" rel=\"noopener noreferrer\">ASSINE AGORA<\/a>\n        <\/div>\n      <\/div><\/div><\/div><\/div>\n\n\n\n<h2 class=\"wp-block-heading has-text-align-center\" id=\"h-quer-saber-tudo-sobre-concursos-previstos-confira-nossos-artigos\">Quer saber tudo sobre concursos previstos?<br \/>Confira  nossos artigos!<\/h2>\n\n\n\n<ul class=\"wp-block-list\">\n<li><a href=\"https:\/\/www.estrategiaconcursos.com.br\/blog\/concursos-abertos\/\" target=\"_blank\" rel=\"noreferrer noopener\">Concursos abertos<\/a><\/li>\n\n\n\n<li><a href=\"https:\/\/www.estrategiaconcursos.com.br\/blog\/concursos-conselhos\/\">Concursos conselhos<\/a><\/li>\n\n\n\n<li><a href=\"https:\/\/www.estrategiaconcursos.com.br\/blog\/concursos-2026\/\">Concursos 2026<\/a><\/li>\n<\/ul>\n\n\n\n<figure class=\"wp-block-image is-resized\"><img decoding=\"async\" src=\"https:\/\/dhg1h5j42swfq.cloudfront.net\/2021\/03\/29085852\/ficha-tecnica-2-1024x632.png\" alt=\"Ficha t\u00e9cnica do Concurso Conab\" style=\"width:283px;height:auto\"\/><\/figure>\n\n\n\n<h3 class=\"wp-block-heading\" id=\"ficha\">Informa\u00e7\u00f5es do pr\u00f3ximo concurso Cofen<\/h3>\n\n\n\n<ul class=\"wp-block-list\">\n<li><strong>Data prevista<\/strong>: 2026<\/li>\n\n\n\n<li><strong>Vagas:&nbsp;<\/strong>13 + CR<\/li>\n\n\n\n<li><strong>Cargos:&nbsp;<\/strong>diversos<\/li>\n\n\n\n<li><strong>Escolaridade:&nbsp;<\/strong>n\u00edvel superior e m\u00e9dio<\/li>\n\n\n\n<li><strong>Banca:&nbsp;<\/strong>Quadrix<\/li>\n\n\n\n<li><strong>\u00daltimos editais:<\/strong> <a href=\"https:\/\/dhg1h5j42swfq.cloudfront.net\/2025\/02\/12173642\/2010.pdf\">Cofen 2010<\/a> | <a href=\"https:\/\/dhg1h5j42swfq.cloudfront.net\/2025\/02\/12173602\/2009.pdf\">Cofen 2009<\/a><\/li>\n<\/ul>\n","protected":false},"excerpt":{"rendered":"<p>O concurso Cofen (Conselho Federal da Enfermagem) ter\u00e1 seu novo edital publicado entre os meses de mar\u00e7o e abril, de acordo com a assessoria de comunica\u00e7\u00e3o! A banca, o Instituto Quadrix, j\u00e1 est\u00e1 com p\u00e1gina criada em seu site, aguardando a publica\u00e7\u00e3o do edital, que est\u00e1 em fase final de revis\u00e3o. De acordo com o [&hellip;]<\/p>\n","protected":false},"author":1,"featured_media":698684,"comment_status":"open","ping_status":"closed","sticky":false,"template":"","format":"standard","meta":{"post_tipo":"news_page","footnotes":""},"categories":[1,222233],"tags":[],"tax_estado":[219963],"class_list":["post-1527777","post","type-post","status-publish","format-standard","has-post-thumbnail","hentry","category-cursos-e-concursos","category-conselhos-federais","tax_estado-concursos-federais"],"acf":[],"yoast_head":"<!-- This site is optimized with the Yoast SEO Premium plugin v27.2 (Yoast SEO v27.2) - https:\/\/yoast.com\/product\/yoast-seo-premium-wordpress\/ -->\n<title>Concurso Cofen: edital entre mar\u00e7o e abril; quase R$19 mil!<\/title>\n<meta name=\"description\" content=\"Concurso Cofen: com a defini\u00e7\u00e3o da banca, a publica\u00e7\u00e3o de um novo edital se aproxima! Previstas 13 vagas + CR!\" \/>\n<meta name=\"robots\" content=\"index, follow, max-snippet:-1, max-image-preview:large, max-video-preview:-1\" \/>\n<link rel=\"canonical\" href=\"https:\/\/www.estrategiaconcursos.com.br\/blog\/concurso-cofen\/\" \/>\n<meta property=\"og:locale\" content=\"pt_BR\" \/>\n<meta property=\"og:type\" content=\"article\" \/>\n<meta property=\"og:title\" content=\"Concurso Cofen: edital entre mar\u00e7o e abril; quase R$19 mil!\" \/>\n<meta property=\"og:description\" content=\"Concurso Cofen: com a defini\u00e7\u00e3o da banca, a publica\u00e7\u00e3o de um novo edital se aproxima! Previstas 13 vagas + CR!\" \/>\n<meta property=\"og:url\" content=\"https:\/\/www.estrategiaconcursos.com.br\/blog\/concurso-cofen\/\" \/>\n<meta property=\"og:site_name\" content=\"Estrat\u00e9gia Concursos\" \/>\n<meta property=\"article:author\" content=\"https:\/\/www.facebook.com\/EstrategiaConcursos\" \/>\n<meta property=\"article:published_time\" content=\"2026-02-27T14:48:00+00:00\" \/>\n<meta property=\"article:modified_time\" content=\"2026-02-27T17:37:50+00:00\" \/>\n<meta property=\"og:image\" content=\"https:\/\/dhg1h5j42swfq.cloudfront.net\/2021\/02\/22171500\/concursos-conselhos.jpg\" \/>\n\t<meta property=\"og:image:width\" content=\"1200\" \/>\n\t<meta property=\"og:image:height\" content=\"628\" \/>\n\t<meta property=\"og:image:type\" content=\"image\/jpeg\" \/>\n<meta name=\"author\" content=\"Coordena\u00e7\u00e3o\" \/>\n<meta name=\"twitter:card\" content=\"summary_large_image\" \/>\n<meta name=\"twitter:creator\" content=\"@EstratConcursos\" \/>\n<meta name=\"twitter:site\" content=\"@EstratConcursos\" \/>\n<meta name=\"twitter:label1\" content=\"Escrito por\" \/>\n\t<meta name=\"twitter:data1\" content=\"Coordena\u00e7\u00e3o\" \/>\n\t<meta name=\"twitter:label2\" content=\"Est. tempo de leitura\" \/>\n\t<meta name=\"twitter:data2\" content=\"4 minutos\" \/>\n<script type=\"application\/ld+json\" class=\"yoast-schema-graph\">{\"@context\":\"https:\/\/schema.org\",\"@graph\":[{\"@type\":\"NewsArticle\",\"@id\":\"https:\/\/www.estrategiaconcursos.com.br\/blog\/concurso-cofen\/#article\",\"isPartOf\":{\"@id\":\"https:\/\/www.estrategiaconcursos.com.br\/blog\/concurso-cofen\/\"},\"author\":{\"name\":\"Coordena\u00e7\u00e3o\",\"@id\":\"https:\/\/www.estrategiaconcursos.com.br\/blog\/#\/schema\/person\/b4a388c97673c5f483d72185668afa1f\"},\"headline\":\"Concurso Cofen: edital entre mar\u00e7o e abril; quase R$19 mil!\",\"datePublished\":\"2026-02-27T14:48:00+00:00\",\"dateModified\":\"2026-02-27T17:37:50+00:00\",\"mainEntityOfPage\":{\"@id\":\"https:\/\/www.estrategiaconcursos.com.br\/blog\/concurso-cofen\/\"},\"wordCount\":891,\"commentCount\":0,\"publisher\":{\"@id\":\"https:\/\/www.estrategiaconcursos.com.br\/blog\/#organization\"},\"image\":{\"@id\":\"https:\/\/www.estrategiaconcursos.com.br\/blog\/concurso-cofen\/#primaryimage\"},\"thumbnailUrl\":\"https:\/\/dhg1h5j42swfq.cloudfront.net\/2021\/02\/22171500\/concursos-conselhos.jpg\",\"articleSection\":[\"Concursos P\u00fablicos\",\"Conselhos Federais\"],\"inLanguage\":\"pt-BR\",\"potentialAction\":[{\"@type\":\"CommentAction\",\"name\":\"Comment\",\"target\":[\"https:\/\/www.estrategiaconcursos.com.br\/blog\/concurso-cofen\/#respond\"]}],\"copyrightYear\":\"2026\",\"copyrightHolder\":{\"@id\":\"https:\/\/www.estrategiaconcursos.com.br\/blog\/#organization\"}},{\"@type\":\"WebPage\",\"@id\":\"https:\/\/www.estrategiaconcursos.com.br\/blog\/concurso-cofen\/\",\"url\":\"https:\/\/www.estrategiaconcursos.com.br\/blog\/concurso-cofen\/\",\"name\":\"Concurso Cofen: edital entre mar\u00e7o e abril; quase R$19 mil!\",\"isPartOf\":{\"@id\":\"https:\/\/www.estrategiaconcursos.com.br\/blog\/#website\"},\"primaryImageOfPage\":{\"@id\":\"https:\/\/www.estrategiaconcursos.com.br\/blog\/concurso-cofen\/#primaryimage\"},\"image\":{\"@id\":\"https:\/\/www.estrategiaconcursos.com.br\/blog\/concurso-cofen\/#primaryimage\"},\"thumbnailUrl\":\"https:\/\/dhg1h5j42swfq.cloudfront.net\/2021\/02\/22171500\/concursos-conselhos.jpg\",\"datePublished\":\"2026-02-27T14:48:00+00:00\",\"dateModified\":\"2026-02-27T17:37:50+00:00\",\"description\":\"Concurso Cofen: com a defini\u00e7\u00e3o da banca, a publica\u00e7\u00e3o de um novo edital se aproxima! Previstas 13 vagas + CR!\",\"breadcrumb\":{\"@id\":\"https:\/\/www.estrategiaconcursos.com.br\/blog\/concurso-cofen\/#breadcrumb\"},\"inLanguage\":\"pt-BR\",\"potentialAction\":[{\"@type\":\"ReadAction\",\"target\":[\"https:\/\/www.estrategiaconcursos.com.br\/blog\/concurso-cofen\/\"]}]},{\"@type\":\"ImageObject\",\"inLanguage\":\"pt-BR\",\"@id\":\"https:\/\/www.estrategiaconcursos.com.br\/blog\/concurso-cofen\/#primaryimage\",\"url\":\"https:\/\/dhg1h5j42swfq.cloudfront.net\/2021\/02\/22171500\/concursos-conselhos.jpg\",\"contentUrl\":\"https:\/\/dhg1h5j42swfq.cloudfront.net\/2021\/02\/22171500\/concursos-conselhos.jpg\",\"width\":1200,\"height\":628,\"caption\":\"concursos conselhos\"},{\"@type\":\"BreadcrumbList\",\"@id\":\"https:\/\/www.estrategiaconcursos.com.br\/blog\/concurso-cofen\/#breadcrumb\",\"itemListElement\":[{\"@type\":\"ListItem\",\"position\":1,\"name\":\"In\u00edcio\",\"item\":\"https:\/\/www.estrategiaconcursos.com.br\/blog\/\"},{\"@type\":\"ListItem\",\"position\":2,\"name\":\"Concurso Cofen: edital entre mar\u00e7o e abril; quase R$19 mil!\"}]},{\"@type\":\"WebSite\",\"@id\":\"https:\/\/www.estrategiaconcursos.com.br\/blog\/#website\",\"url\":\"https:\/\/www.estrategiaconcursos.com.br\/blog\/\",\"name\":\"Estrat\u00e9gia Concursos\",\"description\":\"O blog da Estrat\u00e9gia Concursos traz not\u00edcias sobre concursos e artigos de professores oferecendo cursos para concursos (pdf + videaulas) no site.\",\"publisher\":{\"@id\":\"https:\/\/www.estrategiaconcursos.com.br\/blog\/#organization\"},\"potentialAction\":[{\"@type\":\"SearchAction\",\"target\":{\"@type\":\"EntryPoint\",\"urlTemplate\":\"https:\/\/www.estrategiaconcursos.com.br\/blog\/?s={search_term_string}\"},\"query-input\":{\"@type\":\"PropertyValueSpecification\",\"valueRequired\":true,\"valueName\":\"search_term_string\"}}],\"inLanguage\":\"pt-BR\"},{\"@type\":\"Organization\",\"@id\":\"https:\/\/www.estrategiaconcursos.com.br\/blog\/#organization\",\"name\":\"Estrat\u00e9gia Concursos\",\"url\":\"https:\/\/www.estrategiaconcursos.com.br\/blog\/\",\"logo\":{\"@type\":\"ImageObject\",\"inLanguage\":\"pt-BR\",\"@id\":\"https:\/\/www.estrategiaconcursos.com.br\/blog\/#\/schema\/logo\/image\/\",\"url\":\"https:\/\/dhg1h5j42swfq.cloudfront.net\/2025\/06\/03203428\/logo_concursos-1.jpg\",\"contentUrl\":\"https:\/\/dhg1h5j42swfq.cloudfront.net\/2025\/06\/03203428\/logo_concursos-1.jpg\",\"width\":230,\"height\":60,\"caption\":\"Estrat\u00e9gia Concursos\"},\"image\":{\"@id\":\"https:\/\/www.estrategiaconcursos.com.br\/blog\/#\/schema\/logo\/image\/\"},\"sameAs\":[\"https:\/\/x.com\/EstratConcursos\"]},{\"@type\":\"Person\",\"@id\":\"https:\/\/www.estrategiaconcursos.com.br\/blog\/#\/schema\/person\/b4a388c97673c5f483d72185668afa1f\",\"name\":\"Coordena\u00e7\u00e3o\",\"image\":{\"@type\":\"ImageObject\",\"inLanguage\":\"pt-BR\",\"@id\":\"https:\/\/secure.gravatar.com\/avatar\/b720319e4c9a967eb58678d110f4fe35452fc5d5f97b202bac7b8acceb18c6ad?s=96&d=mm&r=g\",\"url\":\"https:\/\/secure.gravatar.com\/avatar\/b720319e4c9a967eb58678d110f4fe35452fc5d5f97b202bac7b8acceb18c6ad?s=96&d=mm&r=g\",\"contentUrl\":\"https:\/\/secure.gravatar.com\/avatar\/b720319e4c9a967eb58678d110f4fe35452fc5d5f97b202bac7b8acceb18c6ad?s=96&d=mm&r=g\",\"caption\":\"Coordena\u00e7\u00e3o\"},\"sameAs\":[\"https:\/\/www.facebook.com\/EstrategiaConcursos\",\"https:\/\/x.com\/EstratConcursos\"],\"url\":\"https:\/\/www.estrategiaconcursos.com.br\/blog\/author\/estrategia2013\/\"}]}<\/script>\n<!-- \/ Yoast SEO Premium plugin. -->","yoast_head_json":{"title":"Concurso Cofen: edital entre mar\u00e7o e abril; quase R$19 mil!","description":"Concurso Cofen: com a defini\u00e7\u00e3o da banca, a publica\u00e7\u00e3o de um novo edital se aproxima! Previstas 13 vagas + CR!","robots":{"index":"index","follow":"follow","max-snippet":"max-snippet:-1","max-image-preview":"max-image-preview:large","max-video-preview":"max-video-preview:-1"},"canonical":"https:\/\/www.estrategiaconcursos.com.br\/blog\/concurso-cofen\/","og_locale":"pt_BR","og_type":"article","og_title":"Concurso Cofen: edital entre mar\u00e7o e abril; quase R$19 mil!","og_description":"Concurso Cofen: com a defini\u00e7\u00e3o da banca, a publica\u00e7\u00e3o de um novo edital se aproxima! Previstas 13 vagas + CR!","og_url":"https:\/\/www.estrategiaconcursos.com.br\/blog\/concurso-cofen\/","og_site_name":"Estrat\u00e9gia Concursos","article_author":"https:\/\/www.facebook.com\/EstrategiaConcursos","article_published_time":"2026-02-27T14:48:00+00:00","article_modified_time":"2026-02-27T17:37:50+00:00","og_image":[{"width":1200,"height":628,"url":"https:\/\/dhg1h5j42swfq.cloudfront.net\/2021\/02\/22171500\/concursos-conselhos.jpg","type":"image\/jpeg"}],"author":"Coordena\u00e7\u00e3o","twitter_card":"summary_large_image","twitter_creator":"@EstratConcursos","twitter_site":"@EstratConcursos","twitter_misc":{"Escrito por":"Coordena\u00e7\u00e3o","Est. tempo de leitura":"4 minutos"},"schema":{"@context":"https:\/\/schema.org","@graph":[{"@type":"NewsArticle","@id":"https:\/\/www.estrategiaconcursos.com.br\/blog\/concurso-cofen\/#article","isPartOf":{"@id":"https:\/\/www.estrategiaconcursos.com.br\/blog\/concurso-cofen\/"},"author":{"name":"Coordena\u00e7\u00e3o","@id":"https:\/\/www.estrategiaconcursos.com.br\/blog\/#\/schema\/person\/b4a388c97673c5f483d72185668afa1f"},"headline":"Concurso Cofen: edital entre mar\u00e7o e abril; quase R$19 mil!","datePublished":"2026-02-27T14:48:00+00:00","dateModified":"2026-02-27T17:37:50+00:00","mainEntityOfPage":{"@id":"https:\/\/www.estrategiaconcursos.com.br\/blog\/concurso-cofen\/"},"wordCount":891,"commentCount":0,"publisher":{"@id":"https:\/\/www.estrategiaconcursos.com.br\/blog\/#organization"},"image":{"@id":"https:\/\/www.estrategiaconcursos.com.br\/blog\/concurso-cofen\/#primaryimage"},"thumbnailUrl":"https:\/\/dhg1h5j42swfq.cloudfront.net\/2021\/02\/22171500\/concursos-conselhos.jpg","articleSection":["Concursos P\u00fablicos","Conselhos Federais"],"inLanguage":"pt-BR","potentialAction":[{"@type":"CommentAction","name":"Comment","target":["https:\/\/www.estrategiaconcursos.com.br\/blog\/concurso-cofen\/#respond"]}],"copyrightYear":"2026","copyrightHolder":{"@id":"https:\/\/www.estrategiaconcursos.com.br\/blog\/#organization"}},{"@type":"WebPage","@id":"https:\/\/www.estrategiaconcursos.com.br\/blog\/concurso-cofen\/","url":"https:\/\/www.estrategiaconcursos.com.br\/blog\/concurso-cofen\/","name":"Concurso Cofen: edital entre mar\u00e7o e abril; quase R$19 mil!","isPartOf":{"@id":"https:\/\/www.estrategiaconcursos.com.br\/blog\/#website"},"primaryImageOfPage":{"@id":"https:\/\/www.estrategiaconcursos.com.br\/blog\/concurso-cofen\/#primaryimage"},"image":{"@id":"https:\/\/www.estrategiaconcursos.com.br\/blog\/concurso-cofen\/#primaryimage"},"thumbnailUrl":"https:\/\/dhg1h5j42swfq.cloudfront.net\/2021\/02\/22171500\/concursos-conselhos.jpg","datePublished":"2026-02-27T14:48:00+00:00","dateModified":"2026-02-27T17:37:50+00:00","description":"Concurso Cofen: com a defini\u00e7\u00e3o da banca, a publica\u00e7\u00e3o de um novo edital se aproxima! Previstas 13 vagas + CR!","breadcrumb":{"@id":"https:\/\/www.estrategiaconcursos.com.br\/blog\/concurso-cofen\/#breadcrumb"},"inLanguage":"pt-BR","potentialAction":[{"@type":"ReadAction","target":["https:\/\/www.estrategiaconcursos.com.br\/blog\/concurso-cofen\/"]}]},{"@type":"ImageObject","inLanguage":"pt-BR","@id":"https:\/\/www.estrategiaconcursos.com.br\/blog\/concurso-cofen\/#primaryimage","url":"https:\/\/dhg1h5j42swfq.cloudfront.net\/2021\/02\/22171500\/concursos-conselhos.jpg","contentUrl":"https:\/\/dhg1h5j42swfq.cloudfront.net\/2021\/02\/22171500\/concursos-conselhos.jpg","width":1200,"height":628,"caption":"concursos conselhos"},{"@type":"BreadcrumbList","@id":"https:\/\/www.estrategiaconcursos.com.br\/blog\/concurso-cofen\/#breadcrumb","itemListElement":[{"@type":"ListItem","position":1,"name":"In\u00edcio","item":"https:\/\/www.estrategiaconcursos.com.br\/blog\/"},{"@type":"ListItem","position":2,"name":"Concurso Cofen: edital entre mar\u00e7o e abril; quase R$19 mil!"}]},{"@type":"WebSite","@id":"https:\/\/www.estrategiaconcursos.com.br\/blog\/#website","url":"https:\/\/www.estrategiaconcursos.com.br\/blog\/","name":"Estrat\u00e9gia Concursos","description":"O blog da Estrat\u00e9gia Concursos traz not\u00edcias sobre concursos e artigos de professores oferecendo cursos para concursos (pdf + videaulas) no site.","publisher":{"@id":"https:\/\/www.estrategiaconcursos.com.br\/blog\/#organization"},"potentialAction":[{"@type":"SearchAction","target":{"@type":"EntryPoint","urlTemplate":"https:\/\/www.estrategiaconcursos.com.br\/blog\/?s={search_term_string}"},"query-input":{"@type":"PropertyValueSpecification","valueRequired":true,"valueName":"search_term_string"}}],"inLanguage":"pt-BR"},{"@type":"Organization","@id":"https:\/\/www.estrategiaconcursos.com.br\/blog\/#organization","name":"Estrat\u00e9gia Concursos","url":"https:\/\/www.estrategiaconcursos.com.br\/blog\/","logo":{"@type":"ImageObject","inLanguage":"pt-BR","@id":"https:\/\/www.estrategiaconcursos.com.br\/blog\/#\/schema\/logo\/image\/","url":"https:\/\/dhg1h5j42swfq.cloudfront.net\/2025\/06\/03203428\/logo_concursos-1.jpg","contentUrl":"https:\/\/dhg1h5j42swfq.cloudfront.net\/2025\/06\/03203428\/logo_concursos-1.jpg","width":230,"height":60,"caption":"Estrat\u00e9gia Concursos"},"image":{"@id":"https:\/\/www.estrategiaconcursos.com.br\/blog\/#\/schema\/logo\/image\/"},"sameAs":["https:\/\/x.com\/EstratConcursos"]},{"@type":"Person","@id":"https:\/\/www.estrategiaconcursos.com.br\/blog\/#\/schema\/person\/b4a388c97673c5f483d72185668afa1f","name":"Coordena\u00e7\u00e3o","image":{"@type":"ImageObject","inLanguage":"pt-BR","@id":"https:\/\/secure.gravatar.com\/avatar\/b720319e4c9a967eb58678d110f4fe35452fc5d5f97b202bac7b8acceb18c6ad?s=96&d=mm&r=g","url":"https:\/\/secure.gravatar.com\/avatar\/b720319e4c9a967eb58678d110f4fe35452fc5d5f97b202bac7b8acceb18c6ad?s=96&d=mm&r=g","contentUrl":"https:\/\/secure.gravatar.com\/avatar\/b720319e4c9a967eb58678d110f4fe35452fc5d5f97b202bac7b8acceb18c6ad?s=96&d=mm&r=g","caption":"Coordena\u00e7\u00e3o"},"sameAs":["https:\/\/www.facebook.com\/EstrategiaConcursos","https:\/\/x.com\/EstratConcursos"],"url":"https:\/\/www.estrategiaconcursos.com.br\/blog\/author\/estrategia2013\/"}]}},"_links":{"self":[{"href":"https:\/\/www.estrategiaconcursos.com.br\/blog\/wp-json\/wp\/v2\/posts\/1527777","targetHints":{"allow":["GET"]}}],"collection":[{"href":"https:\/\/www.estrategiaconcursos.com.br\/blog\/wp-json\/wp\/v2\/posts"}],"about":[{"href":"https:\/\/www.estrategiaconcursos.com.br\/blog\/wp-json\/wp\/v2\/types\/post"}],"author":[{"embeddable":true,"href":"https:\/\/www.estrategiaconcursos.com.br\/blog\/wp-json\/wp\/v2\/users\/1"}],"replies":[{"embeddable":true,"href":"https:\/\/www.estrategiaconcursos.com.br\/blog\/wp-json\/wp\/v2\/comments?post=1527777"}],"version-history":[{"count":43,"href":"https:\/\/www.estrategiaconcursos.com.br\/blog\/wp-json\/wp\/v2\/posts\/1527777\/revisions"}],"predecessor-version":[{"id":1722669,"href":"https:\/\/www.estrategiaconcursos.com.br\/blog\/wp-json\/wp\/v2\/posts\/1527777\/revisions\/1722669"}],"wp:featuredmedia":[{"embeddable":true,"href":"https:\/\/www.estrategiaconcursos.com.br\/blog\/wp-json\/wp\/v2\/media\/698684"}],"wp:attachment":[{"href":"https:\/\/www.estrategiaconcursos.com.br\/blog\/wp-json\/wp\/v2\/media?parent=1527777"}],"wp:term":[{"taxonomy":"category","embeddable":true,"href":"https:\/\/www.estrategiaconcursos.com.br\/blog\/wp-json\/wp\/v2\/categories?post=1527777"},{"taxonomy":"post_tag","embeddable":true,"href":"https:\/\/www.estrategiaconcursos.com.br\/blog\/wp-json\/wp\/v2\/tags?post=1527777"},{"taxonomy":"tax_estado","embeddable":true,"href":"https:\/\/www.estrategiaconcursos.com.br\/blog\/wp-json\/wp\/v2\/tax_estado?post=1527777"}],"curies":[{"name":"wp","href":"https:\/\/api.w.org\/{rel}","templated":true}]}}