{"id":1526754,"date":"2025-02-07T18:00:00","date_gmt":"2025-02-07T21:00:00","guid":{"rendered":"https:\/\/www.estrategiaconcursos.com.br\/blog\/?p=1526754"},"modified":"2025-02-10T16:16:05","modified_gmt":"2025-02-10T19:16:05","slug":"concurso-editais-semana-03-a-07-02","status":"publish","type":"post","link":"https:\/\/www.estrategiaconcursos.com.br\/blog\/concurso-editais-semana-03-a-07-02\/","title":{"rendered":"Concursos P\u00fablicos: sa\u00edram 20 editais; CNEN e  PMDF na \u00e1rea!"},"content":{"rendered":"\n<p>Mais uma semana no mundo dos concursos chegou ao fim e, com ela, diversos editais interessant\u00edssimos alcan\u00e7aram a pra\u00e7a.<\/p>\n\n\n\n<p>Juntos, os novos certames contemplam <strong>2.535 vagas<\/strong>, entre imediatas e cadastro reserva, para cargos de diversas \u00e1reas e que possuem sal\u00e1rios de <strong>at\u00e9 R$ 29,9 mil!<\/strong><\/p>\n\n\n\n<p>E \u00e9 claro que sempre t\u00eam aqueles que s\u00e3o mais atrativos, seja pelo alto n\u00famero de vagas ofertadas, por carreiras de prest\u00edgio ou por sal\u00e1rios com valores surpreendentes.<\/p>\n\n\n\n<p>Esta semana, o que mais se destacou foi a sele\u00e7\u00e3o da <strong>Pol\u00edcia Militar do Distrito Federal (<a href=\"https:\/\/www.estrategiaconcursos.com.br\/cursosPorConcurso\/policia-militar-do-distrito-federal-pmdf\/\" target=\"_blank\" rel=\"noreferrer noopener\">PMDF<\/a>)<\/strong>, que abriu 147 oportunidades para sal\u00e1rios de <strong>R$ 17 mil<\/strong>.<\/p>\n\n\n\n<p>Ao seu lado, uma disputa de <strong>\u00e2mbito federal<\/strong> tamb\u00e9m se destaca e chegou na pra\u00e7a: a <strong>Comiss\u00e3o Nacional de Energia Nuclear (<a href=\"https:\/\/www.estrategiaconcursos.com.br\/cursosPorConcurso\/cnen\/\" target=\"_blank\" rel=\"noreferrer noopener\">CNEN<\/a>)<\/strong>, com 150 vagas e vencimentos de at\u00e9 <strong>R$ 14,7 mil<\/strong>.<\/p>\n\n\n\n<p>No entanto, nenhum destes realmente \u00e9 o respons\u00e1vel pelo maior sal\u00e1rio da semana: a Prefeitura de Lagoa dos Tr\u00eas Cantos &#8211; RS \u00e9 a detentora de iniciais de quase <strong>R$ 30 mil<\/strong> (cargo de M\u00e9dico do ESF).<\/p>\n\n\n\n<p>Quer ficar informado sobre TODOS os novos editais de concursos publicados na \u00faltima semana? <em><strong>Confira mais informa\u00e7\u00f5es ao longo deste artigo!<\/strong><\/em><\/p>\n\n\n\n<div class=\"container\" id=\"boxes\">\r\n  <div class=\"row\">\r\n\r\n    <div class=\"col-sm\">\r\n      <div class=\"estrategia\" id=\"box-assinatura\">\r\n        <h3 class=\"titulo-assinatura\">Assinatura Concursos<\/h3>\r\n        <p class=\"subtitulo-assinatura\">Assinatura de 1 ano ou 2 anos<\/p>\r\n        <div class=\"box-botao\">\r\n          <a class=\"btn-assinatura\" target=\"_blank\" href=\"https:\/\/www.estrategiaconcursos.com.br\/assinaturas\/\" role=\"button\" rel=\"noopener noreferrer\">ASSINE AGORA<\/a>\r\n        <\/div>\r\n      <\/div><\/div><\/div><\/div>\n\n\n\n<h2 class=\"wp-block-heading has-text-align-center has-cyan-bluish-gray-background-color has-background\" id=\"h-confira-os-editais-de-concursos-publicados-nesta-semana\">Confira os editais de concursos publicados nesta semana<\/h2>\n\n\n\n<h3 class=\"wp-block-heading\" id=\"h-comissao-nacional-de-energia-nuclear-cnen\"><a href=\"https:\/\/www.estrategiaconcursos.com.br\/blog\/concurso-cnen\/\" target=\"_blank\" rel=\"noreferrer noopener\">Comiss\u00e3o Nacional de Energia Nuclear<\/a> (CNEN)<\/h3>\n\n\n\n<ul class=\"wp-block-list\">\n<li><strong>Banca:&nbsp;<\/strong>IADES<\/li>\n\n\n\n<li><strong>Per\u00edodo de inscri\u00e7\u00f5es:<\/strong> 18\/02 a 16\/03<\/li>\n\n\n\n<li><strong>Data da prova<\/strong>: 27\/04<\/li>\n\n\n\n<li><strong>Vagas:<\/strong> 150<\/li>\n\n\n\n<li><strong>Sal\u00e1rio inicial:<\/strong>&nbsp;R$ 3.867,27 a R$ 14.734,44<\/li>\n\n\n\n<li><strong>Edital<\/strong>: <a href=\"https:\/\/www.in.gov.br\/web\/dou\/-\/edital-no-1-de-31-de-janeiro-de-2025-610574112\" target=\"_blank\" rel=\"noreferrer noopener nofollow\">CNEN 2025<\/a><\/li>\n\n\n\n<li><a href=\"https:\/\/www.estrategiaconcursos.com.br\/cursosPorConcurso\/cnen\/\" target=\"_blank\" rel=\"noreferrer noopener\">Cursos CNEN<\/a><\/li>\n<\/ul>\n\n\n\n<h3 class=\"wp-block-heading\" id=\"h-residencia-juridica-pge-am\"><a href=\"https:\/\/cj.estrategia.com\/portal\/residencia-juridica-pge-am\/\" target=\"_blank\" rel=\"noreferrer noopener\">Resid\u00eancia Jur\u00eddica PGE AM<\/a><\/h3>\n\n\n\n<ul class=\"wp-block-list\">\n<li><strong>Banca:&nbsp;<\/strong>Comiss\u00e3o pr\u00f3pria<\/li>\n\n\n\n<li><strong>Per\u00edodo de inscri\u00e7\u00f5es:<\/strong> 03\/02 a 18\/03<\/li>\n\n\n\n<li><strong>Data da prova<\/strong>: 30\/03<\/li>\n\n\n\n<li><strong>Vagas:<\/strong> 30 + CR<\/li>\n\n\n\n<li><strong>Sal\u00e1rio inicial:<\/strong>&nbsp;R$ 2.500<\/li>\n\n\n\n<li><strong>Edital<\/strong>: <strong><a href=\"https:\/\/cj.estrategia.com\/portal\/wp-content\/uploads\/2025\/02\/01075651\/Edital-Residencia-Juridica-PGE-AM.pdf\" target=\"_blank\" rel=\"noreferrer noopener nofollow\">Edital Resid\u00eancia Jur\u00eddica PGE AM<\/a><\/strong><\/li>\n\n\n\n<li><a href=\"https:\/\/cj.estrategia.com\/curso\/pge-am-residencia-juridica-direto-ao-ponto-2025-pos-edital\/\" target=\"_blank\" rel=\"noreferrer noopener\">Cursos PGE AM<\/a><\/li>\n<\/ul>\n\n\n\n<h3 class=\"wp-block-heading\" id=\"h-concurso-policia-militar-do-distrito-federal-pmdf\"><a href=\"https:\/\/www.estrategiaconcursos.com.br\/blog\/concurso-pmdf\/\" target=\"_blank\" rel=\"noreferrer noopener\">Concurso Pol\u00edcia Militar do Distrito Federal<\/a> (PMDF)<\/h3>\n\n\n\n<ul class=\"wp-block-list\">\n<li><strong>Banca:&nbsp;<\/strong>Cebraspe<\/li>\n\n\n\n<li><strong>Per\u00edodo de inscri\u00e7\u00f5es:<\/strong> 24\/03 a 23\/04<\/li>\n\n\n\n<li><strong>Data da prova<\/strong>: 01\/06<\/li>\n\n\n\n<li><strong>Vagas:<\/strong> 49 + 98 CR<\/li>\n\n\n\n<li><strong>Sal\u00e1rio inicial:<\/strong>&nbsp;R$ 17.034,85 (2\u00ba Tenente)<\/li>\n\n\n\n<li><strong>Edital<\/strong>: <a href=\"https:\/\/dhg1h5j42swfq.cloudfront.net\/2025\/02\/03091313\/edital-pmdf-1.pdf\" target=\"_blank\" rel=\"noreferrer noopener nofollow\">PMDF Oficial Combatente 2025<\/a><\/li>\n\n\n\n<li><a href=\"https:\/\/www.estrategiaconcursos.com.br\/cursosPorConcurso\/policia-militar-do-distrito-federal-pmdf\/\" target=\"_blank\" rel=\"noreferrer noopener\">Cursos PMDF<\/a><\/li>\n<\/ul>\n\n\n\n<h3 class=\"wp-block-heading\" id=\"h-prefeitura-de-suzano-sp\"><a href=\"https:\/\/www.estrategiaconcursos.com.br\/blog\/concurso-prefeitura-suzano\/\" target=\"_blank\" rel=\"noreferrer noopener\">Prefeitura de Suzano<\/a> (SP)<\/h3>\n\n\n\n<ul class=\"wp-block-list\">\n<li><strong>Banca:&nbsp;<\/strong>Instituto Nosso Rumo<\/li>\n\n\n\n<li><strong>Per\u00edodo de inscri\u00e7\u00f5es:<\/strong> 10\/02 a 03\/04<\/li>\n\n\n\n<li><strong>Data da prova<\/strong>: 27\/04<\/li>\n\n\n\n<li><strong>Vagas:<\/strong> 68 + CR<\/li>\n\n\n\n<li><strong>Sal\u00e1rio inicial:<\/strong>&nbsp;R$ 1.908,55 a R$ 10.935,17<\/li>\n\n\n\n<li><strong>Edital<\/strong>: <a href=\"https:\/\/dhg1h5j42swfq.cloudfront.net\/2025\/02\/03151516\/edital-de-abertura.pdf\" target=\"_blank\" rel=\"noreferrer noopener nofollow\">Edital Suzano 2025 1<\/a>&nbsp;\u2013&nbsp;<a href=\"https:\/\/dhg1h5j42swfq.cloudfront.net\/2025\/02\/03153126\/edital-de-abertura-1.pdf\" target=\"_blank\" rel=\"noreferrer noopener nofollow\">Edital Suzano 2025 2<\/a><\/li>\n\n\n\n<li><a href=\"https:\/\/www.estrategiaconcursos.com.br\/cursosPorConcurso\/prefeitura-municipal-de-suzano\/\" target=\"_blank\" rel=\"noreferrer noopener\">Cursos Suzano<\/a><\/li>\n<\/ul>\n\n\n\n<h3 class=\"wp-block-heading\" id=\"h-prefeitura-de-sao-lourenco-do-oeste-sc\"><a href=\"https:\/\/www.estrategiaconcursos.com.br\/blog\/concurso-prefeitura-sao-lourenco-do-oeste\/\" target=\"_blank\" rel=\"noreferrer noopener\">Prefeitura de S\u00e3o Louren\u00e7o do Oeste<\/a> (SC)<\/h3>\n\n\n\n<ul class=\"wp-block-list\">\n<li><strong>Banca:&nbsp;<\/strong>HC Assessoria<\/li>\n\n\n\n<li><strong>Per\u00edodo de inscri\u00e7\u00f5es:<\/strong> at\u00e9 05\/03<\/li>\n\n\n\n<li><strong>Data da prova<\/strong>: 23\/03<\/li>\n\n\n\n<li><strong>Vagas:<\/strong> CR<\/li>\n\n\n\n<li><strong>Sal\u00e1rio inicial:<\/strong>&nbsp;R$ 2.819,83&nbsp;a R$ 3.412,03<\/li>\n\n\n\n<li><strong>Edital<\/strong>: <a href=\"https:\/\/dhg1h5j42swfq.cloudfront.net\/2025\/02\/04135142\/edital-sao-lou.pdf\" target=\"_blank\" rel=\"noreferrer noopener\">Edital S\u00e3o Louren\u00e7o do Oeste 2025<\/a><\/li>\n<\/ul>\n\n\n\n<h3 class=\"wp-block-heading\" id=\"h-concurso-crmv-ba\"><a href=\"https:\/\/www.estrategiaconcursos.com.br\/blog\/concurso-crmv-ba\/\" target=\"_blank\" rel=\"noreferrer noopener\">Concurso CRMV BA<\/a><\/h3>\n\n\n\n<ul class=\"wp-block-list\">\n<li><strong>Banca:&nbsp;<\/strong>IGEDUC<\/li>\n\n\n\n<li><strong>Per\u00edodo de inscri\u00e7\u00f5es:<\/strong> at\u00e9 12\/03<\/li>\n\n\n\n<li><strong>Data da prova<\/strong>: 06\/04<\/li>\n\n\n\n<li><strong>Vagas:<\/strong> 08 + CR<\/li>\n\n\n\n<li><strong>Sal\u00e1rio inicial:<\/strong>&nbsp;R$ 3.471,95 a R$ 8.000,00<\/li>\n\n\n\n<li><strong>Edital<\/strong>: <a href=\"https:\/\/dhg1h5j42swfq.cloudfront.net\/2025\/02\/04112323\/ba.pdf\" target=\"_blank\" rel=\"noreferrer noopener nofollow\">CRMV BA<\/a><\/li>\n\n\n\n<li><a href=\"https:\/\/www.estrategiaconcursos.com.br\/cursosPorConcurso\/conselho-regional-de-medicina-veterinaria-da-bahia-crmv-ba\/\" target=\"_blank\" rel=\"noreferrer noopener\">Cursos CRMV BA<\/a><\/li>\n<\/ul>\n\n\n\n<h3 class=\"wp-block-heading\" id=\"h-secretaria-de-estado-da-saude-de-sergipe-ses-se\"><a href=\"https:\/\/www.estrategiaconcursos.com.br\/blog\/concurso-ses-se\/\" target=\"_blank\" rel=\"noreferrer noopener\">Secretaria de Estado da Sa\u00fade de Sergipe<\/a> (SES SE)<\/h3>\n\n\n\n<ul class=\"wp-block-list\">\n<li><strong>Banca:&nbsp;<\/strong>IBFC<\/li>\n\n\n\n<li><strong>Per\u00edodo de inscri\u00e7\u00f5es:<\/strong> 11\/03 a 09\/04<\/li>\n\n\n\n<li><strong>Data da prova<\/strong>: 01\/06<\/li>\n\n\n\n<li><strong>Vagas:<\/strong> 878 + CR<\/li>\n\n\n\n<li><strong>Sal\u00e1rio inicial:<\/strong>&nbsp;R$ 3.615,96 a R$ 8.294,28<\/li>\n\n\n\n<li><strong>Edital<\/strong>: <a href=\"https:\/\/dhg1h5j42swfq.cloudfront.net\/2025\/02\/04003704\/diariooficial.pdf\" target=\"_blank\" rel=\"noreferrer noopener nofollow\">SES SE \u2013 2025<\/a><\/li>\n\n\n\n<li><a href=\"https:\/\/www.estrategiaconcursos.com.br\/cursosPorConcurso\/secretaria-de-estado-da-saude-de-sergipe-ses-se\/\" target=\"_blank\" rel=\"noreferrer noopener\">Cursos SES-SE<\/a><\/li>\n<\/ul>\n\n\n\n<h3 class=\"wp-block-heading\" id=\"h-3\u00ba-exame-nacional-da-magistratura-enam\"><a href=\"https:\/\/cj.estrategia.com\/portal\/edital-do-3o-exame-nacional-da-magistratura\/\" target=\"_blank\" rel=\"noreferrer noopener\">3\u00ba Exame Nacional da Magistratura<\/a> (ENAM)<\/h3>\n\n\n\n<ul class=\"wp-block-list\">\n<li><strong>Banca:&nbsp;<\/strong>ENFAM e FGV<\/li>\n\n\n\n<li><strong>Per\u00edodo de inscri\u00e7\u00f5es:<\/strong> 14\/02 a 17\/03<\/li>\n\n\n\n<li><strong>Data da prova<\/strong>: 18\/05<\/li>\n\n\n\n<li><strong>Edital<\/strong>: <a href=\"https:\/\/cj.estrategia.com\/portal\/wp-content\/uploads\/2025\/02\/04083425\/edital-enam-2025.pdf\" target=\"_blank\" rel=\"noreferrer noopener\">3\u00ba ENAM<\/a><\/li>\n\n\n\n<li><a href=\"https:\/\/cj.estrategia.com\/curso\/iii-enam-pacote-teorico\/\" target=\"_blank\" rel=\"noreferrer noopener\">Cursos ENAM<\/a><\/li>\n<\/ul>\n\n\n\n<h3 class=\"wp-block-heading\" id=\"h-instituto-federal-do-amazonas-ifam\"><a href=\"https:\/\/www.estrategiaconcursos.com.br\/blog\/concurso-ifam\/\" target=\"_blank\" rel=\"noreferrer noopener\">Instituto Federal do Amazonas<\/a> (IFAM)<\/h3>\n\n\n\n<ul class=\"wp-block-list\">\n<li><strong>Banca:&nbsp;<\/strong>Fundatec<\/li>\n\n\n\n<li><strong>Per\u00edodo de inscri\u00e7\u00f5es:<\/strong> at\u00e9 05\/03<\/li>\n\n\n\n<li><strong>Data da prova<\/strong>: 30\/03<\/li>\n\n\n\n<li><strong>Vagas:<\/strong> 19<\/li>\n\n\n\n<li><strong>Sal\u00e1rio inicial:<\/strong>&nbsp;R$ 3.029,90 a R$ 4.967,04<\/li>\n\n\n\n<li><strong>Edital<\/strong>: <a href=\"https:\/\/www.google.com\/url?sa=j&amp;url=https%3A%2F%2Fwww.in.gov.br%2Fen%2Fweb%2Fdou%2F-%2Fedital-n-1-de-3-de-fevereiro-de-2025-610769808&amp;uct=1734490573&amp;usg=m3z-pzfv1uvaF0yzG3ZWNrNuG20.&amp;opi=73833047&amp;source=chat\" target=\"_blank\" rel=\"noreferrer noopener\">IFAM<\/a><\/li>\n\n\n\n<li><a href=\"https:\/\/www.estrategiaconcursos.com.br\/cursosPorConcurso\/instituto-federal-de-educacao-ciencia-e-tecnologia-do-amazonas-ifam\/\" target=\"_blank\" rel=\"noreferrer noopener\">Cursos IFAM<\/a><\/li>\n<\/ul>\n\n\n\n<h3 class=\"wp-block-heading\" id=\"h-crf-ms\"><a href=\"https:\/\/www.estrategiaconcursos.com.br\/blog\/concurso-crf-ms\/\" target=\"_blank\" rel=\"noreferrer noopener\">CRF MS<\/a><\/h3>\n\n\n\n<ul class=\"wp-block-list\">\n<li><strong>Banca:&nbsp;<\/strong>Instituto Quadrix<\/li>\n\n\n\n<li><strong>Per\u00edodo de inscri\u00e7\u00f5es:<\/strong> at\u00e9 20\/03<\/li>\n\n\n\n<li><strong>Data da prova<\/strong>: 27\/04<\/li>\n\n\n\n<li><strong>Vagas:<\/strong> 03 + 152 CR<\/li>\n\n\n\n<li><strong>Sal\u00e1rio inicial:<\/strong>&nbsp;R$ 1.641,00 a&nbsp;R$ 4.133,00<\/li>\n\n\n\n<li><strong>Edital<\/strong>: <a href=\"https:\/\/www.quadrix.org.br\/web\/visualizar.html?file=https:\/\/www.quadrix.org.br\/Archives\/General\/32076\/32740\/32741\/52163E1D91CF\/1_CRF-MS_concurso_publico_2025_edital_1_abertura.pdf\" target=\"_blank\" rel=\"noreferrer noopener\">CRF MS 2025<\/a><\/li>\n\n\n\n<li><a href=\"https:\/\/www.estrategiaconcursos.com.br\/cursosPorConcurso\/conselho-regional-de-farmacia-do-mato-grosso-do-sul-crf-ms\/\" target=\"_blank\" rel=\"noreferrer noopener\">Cursos CRF MS<\/a><\/li>\n<\/ul>\n\n\n\n<h3 class=\"wp-block-heading\" id=\"h-prefeitura-de-sao-joao-da-boa-vista-sp\"><a href=\"https:\/\/www.estrategiaconcursos.com.br\/blog\/concurso-prefeitura-sao-joao-da-boa-vista\/\" target=\"_blank\" rel=\"noreferrer noopener\">Prefeitura de S\u00e3o Jo\u00e3o da Boa Vista<\/a> (SP)<\/h3>\n\n\n\n<ul class=\"wp-block-list\">\n<li><strong>Banca:&nbsp;<\/strong>Instituto Nosso Rumo<\/li>\n\n\n\n<li><strong>Per\u00edodo de inscri\u00e7\u00f5es:<\/strong> 17\/02 a 03\/04<\/li>\n\n\n\n<li><strong>Data da prova<\/strong>: 27\/04<\/li>\n\n\n\n<li><strong>Vagas:<\/strong> CR<\/li>\n\n\n\n<li><strong>Sal\u00e1rio inicial:<\/strong>&nbsp;R$ 5.070,69<\/li>\n\n\n\n<li><strong>Edital<\/strong>: <a href=\"https:\/\/dhg1h5j42swfq.cloudfront.net\/2025\/02\/05144934\/edital-de-abertura-2.pdf\" target=\"_blank\" rel=\"noreferrer noopener nofollow\">S\u00e3o Jo\u00e3o da Boa Vista 2025<\/a><\/li>\n<\/ul>\n\n\n\n<h3 class=\"wp-block-heading\" id=\"h-prefeitura-de-pereira-barreto-sp\"><a href=\"https:\/\/www.estrategiaconcursos.com.br\/blog\/concurso-prefeitura-pereira-barreto\/\" target=\"_blank\" rel=\"noreferrer noopener\">Prefeitura de Pereira Barreto<\/a> (SP)<\/h3>\n\n\n\n<ul class=\"wp-block-list\">\n<li><strong>Banca:&nbsp;<\/strong>GL Consultoria<\/li>\n\n\n\n<li><strong>Per\u00edodo de inscri\u00e7\u00f5es:<\/strong> at\u00e9 05\/03<\/li>\n\n\n\n<li><strong>Data da prova<\/strong>: 30\/03<\/li>\n\n\n\n<li><strong>Vagas:<\/strong> 04 + CR<\/li>\n\n\n\n<li><strong>Sal\u00e1rio inicial:<\/strong>&nbsp;R$ 2.031,78 a R$ 4.866,95<\/li>\n\n\n\n<li><strong>Edital<\/strong>: <a href=\"https:\/\/dhg1h5j42swfq.cloudfront.net\/2025\/02\/06083638\/19c538a7ada52fc25394948193bd7303.pdf\" target=\"_blank\" rel=\"noreferrer noopener nofollow\">Edital Pereira Barreto 2025<\/a><\/li>\n<\/ul>\n\n\n\n<h3 class=\"wp-block-heading\" id=\"h-prefeitura-de-santa-rita-de-ibitipoca-mg\"><a href=\"https:\/\/www.estrategiaconcursos.com.br\/blog\/concurso-prefeitura-santa-rita-de-ibitipoca\/\" target=\"_blank\" rel=\"noreferrer noopener\">Prefeitura de Santa Rita de Ibitipoca<\/a> (MG)<\/h3>\n\n\n\n<ul class=\"wp-block-list\">\n<li><strong>Banca:&nbsp;<\/strong>Instituto EVO<\/li>\n\n\n\n<li><strong>Per\u00edodo de inscri\u00e7\u00f5es:<\/strong> 02\/04 a 02\/05<\/li>\n\n\n\n<li><strong>Data da prova<\/strong>: 01\/07<\/li>\n\n\n\n<li><strong>Vagas:<\/strong> 30<\/li>\n\n\n\n<li><strong>Sal\u00e1rio inicial:<\/strong>&nbsp;R$ 1.412,00 a R$ 3.761,84<\/li>\n\n\n\n<li><strong>Edital<\/strong>: <a href=\"https:\/\/dhg1h5j42swfq.cloudfront.net\/2025\/02\/06101246\/santa-rita-edital.pdf\" target=\"_blank\" rel=\"noreferrer noopener nofollow\">Edital Santa Rita de Ibitipoca 2025<\/a><\/li>\n<\/ul>\n\n\n\n<h3 class=\"wp-block-heading\" id=\"h-prefeitura-de-quixeramobim-ce\"><a href=\"https:\/\/www.estrategiaconcursos.com.br\/blog\/concurso-prefeitura-de-quixeramobim\/\" target=\"_blank\" rel=\"noreferrer noopener\">Prefeitura de Quixeramobim<\/a> (CE)<\/h3>\n\n\n\n<ul class=\"wp-block-list\">\n<li><strong>Banca:&nbsp;<\/strong>Instituto Consulpam<\/li>\n\n\n\n<li><strong>Per\u00edodo de inscri\u00e7\u00f5es:<\/strong> at\u00e9 02\/03<\/li>\n\n\n\n<li><strong>Data da prova<\/strong>: 30\/03 e 06\/04<\/li>\n\n\n\n<li><strong>Vagas:<\/strong> 150 + 735 CR<\/li>\n\n\n\n<li><strong>Sal\u00e1rio inicial:<\/strong>&nbsp;R$ 1.412,00 a R$ 8.000,00&nbsp;<\/li>\n\n\n\n<li><strong>Edital<\/strong>: <a href=\"https:\/\/dhg1h5j42swfq.cloudfront.net\/2025\/02\/05200304\/20250205_165445_quixeramobim-001-2024-cargos-gerais.pdf\" target=\"_blank\" rel=\"noreferrer noopener nofollow\">Edital 01\/2025<\/a>&nbsp;|&nbsp;<a href=\"https:\/\/dhg1h5j42swfq.cloudfront.net\/2025\/02\/06142607\/20250205_170522_quixeramobim-002-2024-professores.pdf\" target=\"_blank\" rel=\"noreferrer noopener nofollow\">Edital 02\/2025<\/a><\/li>\n\n\n\n<li><a href=\"https:\/\/www.estrategiaconcursos.com.br\/cursosPorConcurso\/prefeitura-municipal-de-quixeramobim-ce\/\" target=\"_blank\" rel=\"noreferrer noopener\">Cursos Quixeramobim<\/a><\/li>\n<\/ul>\n\n\n\n<h3 class=\"wp-block-heading\" id=\"h-prefeitura-de-sao-mateus-do-sul-pr\"><a href=\"https:\/\/www.estrategiaconcursos.com.br\/blog\/concurso-prefeitura-sao-mateus-do-sul-pr\/\" target=\"_blank\" rel=\"noreferrer noopener\">Prefeitura de S\u00e3o Mateus do Sul<\/a> (PR)<\/h3>\n\n\n\n<ul class=\"wp-block-list\">\n<li><strong>Banca:&nbsp;<\/strong>Funda\u00e7\u00e3o Fafipa<\/li>\n\n\n\n<li><strong>Per\u00edodo de inscri\u00e7\u00f5es:<\/strong> 10\/02 a 10\/03<\/li>\n\n\n\n<li><strong>Data da prova<\/strong>: 06\/04<\/li>\n\n\n\n<li><strong>Vagas:<\/strong> 79 + CR<\/li>\n\n\n\n<li><strong>Sal\u00e1rio inicial:<\/strong>&nbsp;R$ 1.866,55 a R$ 13.755,01<\/li>\n\n\n\n<li><strong>Edital<\/strong>: <a href=\"https:\/\/dhg1h5j42swfq.cloudfront.net\/2025\/02\/05185028\/dc481962-4e5e-4b8f-b0cc-0d71e16d55f0.pdf\" target=\"_blank\" rel=\"noreferrer noopener nofollow\">S\u00e3o Mateus do Sul 2025<\/a><\/li>\n<\/ul>\n\n\n\n<h3 class=\"wp-block-heading\" id=\"h-concurso-cisamve-blumenau-sc\"><a href=\"https:\/\/www.estrategiaconcursos.com.br\/blog\/concurso-cisamve-blumenau-sc\/\" target=\"_blank\" rel=\"noreferrer noopener\">Concurso CISAMVE Blumenau<\/a> (SC)<\/h3>\n\n\n\n<ul class=\"wp-block-list\">\n<li><strong>Banca:&nbsp;<\/strong>FURB<\/li>\n\n\n\n<li><strong>Per\u00edodo de inscri\u00e7\u00f5es:<\/strong> 11\/02 a 27\/03<\/li>\n\n\n\n<li><strong>Data da prova<\/strong>: 27\/04<\/li>\n\n\n\n<li><strong>Vagas:<\/strong> 09 + CR<\/li>\n\n\n\n<li><strong>Sal\u00e1rio inicial:<\/strong>&nbsp;R$ 2.542,65 a R$ 14.025,28<\/li>\n\n\n\n<li><strong>Edital<\/strong>: <a href=\"https:\/\/dhg1h5j42swfq.cloudfront.net\/2025\/02\/05183329\/cb7e35ea-02ee-4da3-8eeb-91dca62c7afa.pdf\" target=\"_blank\" rel=\"noreferrer noopener nofollow\">CISAMVE Blumenau-SC 2025<\/a><\/li>\n\n\n\n<li><a href=\"https:\/\/www.estrategiaconcursos.com.br\/cursosPorConcurso\/consorcio-publico-interfederativo-de-saude-e-servicos-do-vale-europeu-sc-cisamve\/\" target=\"_blank\" rel=\"noreferrer noopener\">Cursos CISAMVE Blumenau<\/a><\/li>\n<\/ul>\n\n\n\n<h3 class=\"wp-block-heading\" id=\"h-prefeitura-de-lagoa-dos-tres-cantos-rs\"><a href=\"https:\/\/www.estrategiaconcursos.com.br\/blog\/concurso-prefeitura-lagoa-dos-tres-cantos\/\" target=\"_blank\" rel=\"noreferrer noopener\">Prefeitura de Lagoa dos Tr\u00eas Cantos<\/a> (RS)<\/h3>\n\n\n\n<ul class=\"wp-block-list\">\n<li><strong>Banca:&nbsp;<\/strong>Legalle<\/li>\n\n\n\n<li><strong>Per\u00edodo de inscri\u00e7\u00f5es:<\/strong> at\u00e9 06\/03<\/li>\n\n\n\n<li><strong>Data da prova<\/strong>: 30\/03<\/li>\n\n\n\n<li><strong>Vagas:<\/strong> 28 + CR<\/li>\n\n\n\n<li><strong>Sal\u00e1rio inicial:<\/strong>&nbsp;R$ 1.963,78 a R$ 29.973,53<\/li>\n\n\n\n<li><strong>Edital<\/strong>:&nbsp;<a href=\"https:\/\/dhg1h5j42swfq.cloudfront.net\/2025\/02\/05171711\/lagoa-rs.pdf\" target=\"_blank\" rel=\"noreferrer noopener nofollow\">Edital 2025<\/a><\/li>\n<\/ul>\n\n\n\n<h3 class=\"wp-block-heading\" id=\"h-prefeitura-de-porto-amazonas-pr\"><a href=\"https:\/\/www.estrategiaconcursos.com.br\/blog\/concurso-prefeitura-porto-amazonas\/\" target=\"_blank\" rel=\"noreferrer noopener\">Prefeitura de Porto Amazonas<\/a> (PR)<\/h3>\n\n\n\n<ul class=\"wp-block-list\">\n<li><strong>Banca:<\/strong> Funda\u00e7\u00e3o Unicentro<\/li>\n\n\n\n<li><strong>Per\u00edodo de inscri\u00e7\u00f5es:<\/strong> at\u00e9 04\/03<\/li>\n\n\n\n<li><strong>Data da prova<\/strong>: 23\/03<\/li>\n\n\n\n<li><strong>Vagas:<\/strong> 45<\/li>\n\n\n\n<li><strong>Sal\u00e1rio inicial:<\/strong>&nbsp;R$ 1.399,56 a R$ 5.125,29&nbsp;<\/li>\n\n\n\n<li><strong>Edital<\/strong>: &nbsp;<a href=\"https:\/\/dhg1h5j42swfq.cloudfront.net\/2025\/02\/06155317\/edital_abertura_concurso.pdf\" target=\"_blank\" rel=\"noreferrer noopener nofollow\">Edital Porto Amazonas<\/a><\/li>\n<\/ul>\n\n\n\n<h3 class=\"wp-block-heading has-text-align-center\" id=\"h-quer-ficar-por-dentro-de-mais-informacoes-sobre-o-mundo-dos-concursos-alem-dos-editais-da-semana-entao-confira-as-principais-noticias-do-dia\"><em>Quer ficar por dentro de mais informa\u00e7\u00f5es sobre o mundo dos concursos, al\u00e9m dos editais da semana? Ent\u00e3o confira as principais not\u00edcias do dia!<\/em><\/h3>\n\n\n\n<p class=\"has-text-align-center has-background\" style=\"background-color:#ededed;font-size:clamp(14.642px, 0.915rem + ((1vw - 3.2px) * 0.721), 22px);px\"><strong><a href=\"https:\/\/www.estrategiaconcursos.com.br\/blog\/principais-noticias-do-dia\/\" target=\"_blank\" rel=\"noreferrer noopener\">Principais not\u00edcias do dia<\/a><\/strong><\/p>\n\n\n\n<h2 class=\"wp-block-heading has-text-align-center\" id=\"h-quer-saber-tudo-sobre-concursos-previstos-e-editais-da-semana-confira-os-nossos-artigos\">Quer saber tudo sobre concursos previstos e editais da semana?<br \/>Confira os nossos artigos!<\/h2>\n\n\n\n<ul class=\"wp-block-list\">\n<li><a href=\"https:\/\/www.estrategiaconcursos.com.br\/blog\/concursos-abertos\/\" target=\"_blank\" rel=\"noreferrer noopener\">Concursos Abertos<\/a><\/li>\n\n\n\n<li><a href=\"https:\/\/www.estrategiaconcursos.com.br\/blog\/concursos-prefeitura\/\" target=\"_blank\" rel=\"noreferrer noopener\">Concursos Abertos Prefeitura<\/a><\/li>\n\n\n\n<li><a href=\"https:\/\/www.estrategiaconcursos.com.br\/blog\/concursos-2025\/\" target=\"_blank\" rel=\"noreferrer noopener\">Concursos 2025<\/a><\/li>\n<\/ul>\n\n\n\n<div class=\"container\" id=\"boxes\">\r\n  <div class=\"row\">\r\n\r\n    <div class=\"col-sm\">\r\n      <div class=\"estrategia\" id=\"box-assinatura\">\r\n        <h3 class=\"titulo-assinatura\">Assinatura Concursos<\/h3>\r\n        <p class=\"subtitulo-assinatura\">Assinatura de 1 ano ou 2 anos<\/p>\r\n        <div class=\"box-botao\">\r\n          <a class=\"btn-assinatura\" target=\"_blank\" href=\"https:\/\/www.estrategiaconcursos.com.br\/assinaturas\/\" role=\"button\" rel=\"noopener noreferrer\">ASSINE AGORA<\/a>\r\n        <\/div>\r\n      <\/div><\/div><\/div><\/div>\n","protected":false},"excerpt":{"rendered":"<p>Mais uma semana no mundo dos concursos chegou ao fim e, com ela, diversos editais interessant\u00edssimos alcan\u00e7aram a pra\u00e7a. Juntos, os novos certames contemplam 2.535 vagas, entre imediatas e cadastro reserva, para cargos de diversas \u00e1reas e que possuem sal\u00e1rios de at\u00e9 R$ 29,9 mil! E \u00e9 claro que sempre t\u00eam aqueles que s\u00e3o mais [&hellip;]<\/p>\n","protected":false},"author":2692,"featured_media":1445265,"comment_status":"open","ping_status":"closed","sticky":false,"template":"","format":"standard","meta":{"post_tipo":"news","footnotes":""},"categories":[1,220219],"tags":[],"tax_estado":[219963],"class_list":["post-1526754","post","type-post","status-publish","format-standard","has-post-thumbnail","hentry","category-cursos-e-concursos","category-noticias","tax_estado-concursos-federais"],"acf":[],"yoast_head":"<!-- This site is optimized with the Yoast SEO Premium plugin v27.2 (Yoast SEO v27.2) - https:\/\/yoast.com\/product\/yoast-seo-premium-wordpress\/ -->\n<title>Concursos P\u00fablicos: sa\u00edram 20 editais; CNEN e PMDF na \u00e1rea!<\/title>\n<meta name=\"description\" content=\"Concurso P\u00fablico 2025: 20 editais sa\u00edram ao longo desta semana (02 a 07\/02) Confira o n\u00famero de oportunidades, remunera\u00e7\u00e3o e datas.\" \/>\n<meta name=\"robots\" content=\"index, follow, max-snippet:-1, max-image-preview:large, max-video-preview:-1\" \/>\n<link rel=\"canonical\" href=\"https:\/\/www.estrategiaconcursos.com.br\/blog\/concurso-editais-semana-03-a-07-02\/\" \/>\n<meta property=\"og:locale\" content=\"pt_BR\" \/>\n<meta property=\"og:type\" content=\"article\" \/>\n<meta property=\"og:title\" content=\"Concursos P\u00fablicos: sa\u00edram 20 editais; CNEN e PMDF na \u00e1rea!\" \/>\n<meta property=\"og:description\" content=\"Concurso P\u00fablico 2025: 20 editais sa\u00edram ao longo desta semana (02 a 07\/02) Confira o n\u00famero de oportunidades, remunera\u00e7\u00e3o e datas.\" \/>\n<meta property=\"og:url\" content=\"https:\/\/www.estrategiaconcursos.com.br\/blog\/concurso-editais-semana-03-a-07-02\/\" \/>\n<meta property=\"og:site_name\" content=\"Estrat\u00e9gia Concursos\" \/>\n<meta property=\"article:published_time\" content=\"2025-02-07T21:00:00+00:00\" \/>\n<meta property=\"article:modified_time\" content=\"2025-02-10T19:16:05+00:00\" \/>\n<meta property=\"og:image\" content=\"https:\/\/dhg1h5j42swfq.cloudfront.net\/2024\/08\/14120803\/concursos-2025-1.png\" \/>\n\t<meta property=\"og:image:width\" content=\"692\" \/>\n\t<meta property=\"og:image:height\" content=\"393\" \/>\n\t<meta property=\"og:image:type\" content=\"image\/png\" \/>\n<meta name=\"author\" content=\"Ronaldo Scanavini Neto\" \/>\n<meta name=\"twitter:card\" content=\"summary_large_image\" \/>\n<meta name=\"twitter:creator\" content=\"@EstratConcursos\" \/>\n<meta name=\"twitter:site\" content=\"@EstratConcursos\" \/>\n<meta name=\"twitter:label1\" content=\"Escrito por\" \/>\n\t<meta name=\"twitter:data1\" content=\"Ronaldo Scanavini Neto\" \/>\n\t<meta name=\"twitter:label2\" content=\"Est. tempo de leitura\" \/>\n\t<meta name=\"twitter:data2\" content=\"4 minutos\" \/>\n<script type=\"application\/ld+json\" class=\"yoast-schema-graph\">{\"@context\":\"https:\/\/schema.org\",\"@graph\":[{\"@type\":\"NewsArticle\",\"@id\":\"https:\/\/www.estrategiaconcursos.com.br\/blog\/concurso-editais-semana-03-a-07-02\/#article\",\"isPartOf\":{\"@id\":\"https:\/\/www.estrategiaconcursos.com.br\/blog\/concurso-editais-semana-03-a-07-02\/\"},\"author\":{\"name\":\"Ronaldo Scanavini Neto\",\"@id\":\"https:\/\/www.estrategiaconcursos.com.br\/blog\/#\/schema\/person\/70c2ad4297aa24ff8815b08215b23a76\"},\"headline\":\"Concursos P\u00fablicos: sa\u00edram 20 editais; CNEN e PMDF na \u00e1rea!\",\"datePublished\":\"2025-02-07T21:00:00+00:00\",\"dateModified\":\"2025-02-10T19:16:05+00:00\",\"mainEntityOfPage\":{\"@id\":\"https:\/\/www.estrategiaconcursos.com.br\/blog\/concurso-editais-semana-03-a-07-02\/\"},\"wordCount\":890,\"commentCount\":0,\"publisher\":{\"@id\":\"https:\/\/www.estrategiaconcursos.com.br\/blog\/#organization\"},\"image\":{\"@id\":\"https:\/\/www.estrategiaconcursos.com.br\/blog\/concurso-editais-semana-03-a-07-02\/#primaryimage\"},\"thumbnailUrl\":\"https:\/\/dhg1h5j42swfq.cloudfront.net\/2024\/08\/14120803\/concursos-2025-1.png\",\"articleSection\":[\"Concursos P\u00fablicos\",\"\u00daltimas not\u00edcias\"],\"inLanguage\":\"pt-BR\",\"potentialAction\":[{\"@type\":\"CommentAction\",\"name\":\"Comment\",\"target\":[\"https:\/\/www.estrategiaconcursos.com.br\/blog\/concurso-editais-semana-03-a-07-02\/#respond\"]}],\"copyrightYear\":\"2025\",\"copyrightHolder\":{\"@id\":\"https:\/\/www.estrategiaconcursos.com.br\/blog\/#organization\"}},{\"@type\":\"WebPage\",\"@id\":\"https:\/\/www.estrategiaconcursos.com.br\/blog\/concurso-editais-semana-03-a-07-02\/\",\"url\":\"https:\/\/www.estrategiaconcursos.com.br\/blog\/concurso-editais-semana-03-a-07-02\/\",\"name\":\"Concursos P\u00fablicos: sa\u00edram 20 editais; CNEN e PMDF na \u00e1rea!\",\"isPartOf\":{\"@id\":\"https:\/\/www.estrategiaconcursos.com.br\/blog\/#website\"},\"primaryImageOfPage\":{\"@id\":\"https:\/\/www.estrategiaconcursos.com.br\/blog\/concurso-editais-semana-03-a-07-02\/#primaryimage\"},\"image\":{\"@id\":\"https:\/\/www.estrategiaconcursos.com.br\/blog\/concurso-editais-semana-03-a-07-02\/#primaryimage\"},\"thumbnailUrl\":\"https:\/\/dhg1h5j42swfq.cloudfront.net\/2024\/08\/14120803\/concursos-2025-1.png\",\"datePublished\":\"2025-02-07T21:00:00+00:00\",\"dateModified\":\"2025-02-10T19:16:05+00:00\",\"description\":\"Concurso P\u00fablico 2025: 20 editais sa\u00edram ao longo desta semana (02 a 07\/02) Confira o n\u00famero de oportunidades, remunera\u00e7\u00e3o e datas.\",\"breadcrumb\":{\"@id\":\"https:\/\/www.estrategiaconcursos.com.br\/blog\/concurso-editais-semana-03-a-07-02\/#breadcrumb\"},\"inLanguage\":\"pt-BR\",\"potentialAction\":[{\"@type\":\"ReadAction\",\"target\":[\"https:\/\/www.estrategiaconcursos.com.br\/blog\/concurso-editais-semana-03-a-07-02\/\"]}]},{\"@type\":\"ImageObject\",\"inLanguage\":\"pt-BR\",\"@id\":\"https:\/\/www.estrategiaconcursos.com.br\/blog\/concurso-editais-semana-03-a-07-02\/#primaryimage\",\"url\":\"https:\/\/dhg1h5j42swfq.cloudfront.net\/2024\/08\/14120803\/concursos-2025-1.png\",\"contentUrl\":\"https:\/\/dhg1h5j42swfq.cloudfront.net\/2024\/08\/14120803\/concursos-2025-1.png\",\"width\":692,\"height\":393,\"caption\":\"concursos 2025\"},{\"@type\":\"BreadcrumbList\",\"@id\":\"https:\/\/www.estrategiaconcursos.com.br\/blog\/concurso-editais-semana-03-a-07-02\/#breadcrumb\",\"itemListElement\":[{\"@type\":\"ListItem\",\"position\":1,\"name\":\"In\u00edcio\",\"item\":\"https:\/\/www.estrategiaconcursos.com.br\/blog\/\"},{\"@type\":\"ListItem\",\"position\":2,\"name\":\"Concursos P\u00fablicos: sa\u00edram 20 editais; CNEN e PMDF na \u00e1rea!\"}]},{\"@type\":\"WebSite\",\"@id\":\"https:\/\/www.estrategiaconcursos.com.br\/blog\/#website\",\"url\":\"https:\/\/www.estrategiaconcursos.com.br\/blog\/\",\"name\":\"Estrat\u00e9gia Concursos\",\"description\":\"O blog da Estrat\u00e9gia Concursos traz not\u00edcias sobre concursos e artigos de professores oferecendo cursos para concursos (pdf + videaulas) no site.\",\"publisher\":{\"@id\":\"https:\/\/www.estrategiaconcursos.com.br\/blog\/#organization\"},\"potentialAction\":[{\"@type\":\"SearchAction\",\"target\":{\"@type\":\"EntryPoint\",\"urlTemplate\":\"https:\/\/www.estrategiaconcursos.com.br\/blog\/?s={search_term_string}\"},\"query-input\":{\"@type\":\"PropertyValueSpecification\",\"valueRequired\":true,\"valueName\":\"search_term_string\"}}],\"inLanguage\":\"pt-BR\"},{\"@type\":\"Organization\",\"@id\":\"https:\/\/www.estrategiaconcursos.com.br\/blog\/#organization\",\"name\":\"Estrat\u00e9gia Concursos\",\"url\":\"https:\/\/www.estrategiaconcursos.com.br\/blog\/\",\"logo\":{\"@type\":\"ImageObject\",\"inLanguage\":\"pt-BR\",\"@id\":\"https:\/\/www.estrategiaconcursos.com.br\/blog\/#\/schema\/logo\/image\/\",\"url\":\"https:\/\/dhg1h5j42swfq.cloudfront.net\/2025\/06\/03203428\/logo_concursos-1.jpg\",\"contentUrl\":\"https:\/\/dhg1h5j42swfq.cloudfront.net\/2025\/06\/03203428\/logo_concursos-1.jpg\",\"width\":230,\"height\":60,\"caption\":\"Estrat\u00e9gia Concursos\"},\"image\":{\"@id\":\"https:\/\/www.estrategiaconcursos.com.br\/blog\/#\/schema\/logo\/image\/\"},\"sameAs\":[\"https:\/\/x.com\/EstratConcursos\"]},{\"@type\":\"Person\",\"@id\":\"https:\/\/www.estrategiaconcursos.com.br\/blog\/#\/schema\/person\/70c2ad4297aa24ff8815b08215b23a76\",\"name\":\"Ronaldo Scanavini Neto\",\"image\":{\"@type\":\"ImageObject\",\"inLanguage\":\"pt-BR\",\"@id\":\"https:\/\/secure.gravatar.com\/avatar\/f93d8e56fe264596e94aee6b3feb737d98ad0fc5bac7eb0a245f04723c5c8f21?s=96&d=mm&r=g\",\"url\":\"https:\/\/secure.gravatar.com\/avatar\/f93d8e56fe264596e94aee6b3feb737d98ad0fc5bac7eb0a245f04723c5c8f21?s=96&d=mm&r=g\",\"contentUrl\":\"https:\/\/secure.gravatar.com\/avatar\/f93d8e56fe264596e94aee6b3feb737d98ad0fc5bac7eb0a245f04723c5c8f21?s=96&d=mm&r=g\",\"caption\":\"Ronaldo Scanavini Neto\"},\"description\":\"Graduando em Comunica\u00e7\u00e3o Social \u2013 Jornalismo pela Universidade Federal de Vi\u00e7osa (UFV). Integra a equipe de jornalismo do Estrat\u00e9gia Concursos desde 2023, atuando com \u00eanfase na cobertura da \u00e1rea fiscal. Tamb\u00e9m realiza a apura\u00e7\u00e3o e produ\u00e7\u00e3o de not\u00edcias sobre concursos federais, \u00f3rg\u00e3os participantes do CNU e das \u00e1reas de controle, gest\u00e3o, engenharia, Exame CFC, comunica\u00e7\u00e3o social TI e \u00e1rea de concursos administrativos.\",\"url\":\"https:\/\/www.estrategiaconcursos.com.br\/blog\/author\/ronaldo-netoestrategia-com\/\"}]}<\/script>\n<!-- \/ Yoast SEO Premium plugin. -->","yoast_head_json":{"title":"Concursos P\u00fablicos: sa\u00edram 20 editais; CNEN e PMDF na \u00e1rea!","description":"Concurso P\u00fablico 2025: 20 editais sa\u00edram ao longo desta semana (02 a 07\/02) Confira o n\u00famero de oportunidades, remunera\u00e7\u00e3o e datas.","robots":{"index":"index","follow":"follow","max-snippet":"max-snippet:-1","max-image-preview":"max-image-preview:large","max-video-preview":"max-video-preview:-1"},"canonical":"https:\/\/www.estrategiaconcursos.com.br\/blog\/concurso-editais-semana-03-a-07-02\/","og_locale":"pt_BR","og_type":"article","og_title":"Concursos P\u00fablicos: sa\u00edram 20 editais; CNEN e PMDF na \u00e1rea!","og_description":"Concurso P\u00fablico 2025: 20 editais sa\u00edram ao longo desta semana (02 a 07\/02) Confira o n\u00famero de oportunidades, remunera\u00e7\u00e3o e datas.","og_url":"https:\/\/www.estrategiaconcursos.com.br\/blog\/concurso-editais-semana-03-a-07-02\/","og_site_name":"Estrat\u00e9gia Concursos","article_published_time":"2025-02-07T21:00:00+00:00","article_modified_time":"2025-02-10T19:16:05+00:00","og_image":[{"width":692,"height":393,"url":"https:\/\/dhg1h5j42swfq.cloudfront.net\/2024\/08\/14120803\/concursos-2025-1.png","type":"image\/png"}],"author":"Ronaldo Scanavini Neto","twitter_card":"summary_large_image","twitter_creator":"@EstratConcursos","twitter_site":"@EstratConcursos","twitter_misc":{"Escrito por":"Ronaldo Scanavini Neto","Est. tempo de leitura":"4 minutos"},"schema":{"@context":"https:\/\/schema.org","@graph":[{"@type":"NewsArticle","@id":"https:\/\/www.estrategiaconcursos.com.br\/blog\/concurso-editais-semana-03-a-07-02\/#article","isPartOf":{"@id":"https:\/\/www.estrategiaconcursos.com.br\/blog\/concurso-editais-semana-03-a-07-02\/"},"author":{"name":"Ronaldo Scanavini Neto","@id":"https:\/\/www.estrategiaconcursos.com.br\/blog\/#\/schema\/person\/70c2ad4297aa24ff8815b08215b23a76"},"headline":"Concursos P\u00fablicos: sa\u00edram 20 editais; CNEN e PMDF na \u00e1rea!","datePublished":"2025-02-07T21:00:00+00:00","dateModified":"2025-02-10T19:16:05+00:00","mainEntityOfPage":{"@id":"https:\/\/www.estrategiaconcursos.com.br\/blog\/concurso-editais-semana-03-a-07-02\/"},"wordCount":890,"commentCount":0,"publisher":{"@id":"https:\/\/www.estrategiaconcursos.com.br\/blog\/#organization"},"image":{"@id":"https:\/\/www.estrategiaconcursos.com.br\/blog\/concurso-editais-semana-03-a-07-02\/#primaryimage"},"thumbnailUrl":"https:\/\/dhg1h5j42swfq.cloudfront.net\/2024\/08\/14120803\/concursos-2025-1.png","articleSection":["Concursos P\u00fablicos","\u00daltimas not\u00edcias"],"inLanguage":"pt-BR","potentialAction":[{"@type":"CommentAction","name":"Comment","target":["https:\/\/www.estrategiaconcursos.com.br\/blog\/concurso-editais-semana-03-a-07-02\/#respond"]}],"copyrightYear":"2025","copyrightHolder":{"@id":"https:\/\/www.estrategiaconcursos.com.br\/blog\/#organization"}},{"@type":"WebPage","@id":"https:\/\/www.estrategiaconcursos.com.br\/blog\/concurso-editais-semana-03-a-07-02\/","url":"https:\/\/www.estrategiaconcursos.com.br\/blog\/concurso-editais-semana-03-a-07-02\/","name":"Concursos P\u00fablicos: sa\u00edram 20 editais; CNEN e PMDF na \u00e1rea!","isPartOf":{"@id":"https:\/\/www.estrategiaconcursos.com.br\/blog\/#website"},"primaryImageOfPage":{"@id":"https:\/\/www.estrategiaconcursos.com.br\/blog\/concurso-editais-semana-03-a-07-02\/#primaryimage"},"image":{"@id":"https:\/\/www.estrategiaconcursos.com.br\/blog\/concurso-editais-semana-03-a-07-02\/#primaryimage"},"thumbnailUrl":"https:\/\/dhg1h5j42swfq.cloudfront.net\/2024\/08\/14120803\/concursos-2025-1.png","datePublished":"2025-02-07T21:00:00+00:00","dateModified":"2025-02-10T19:16:05+00:00","description":"Concurso P\u00fablico 2025: 20 editais sa\u00edram ao longo desta semana (02 a 07\/02) Confira o n\u00famero de oportunidades, remunera\u00e7\u00e3o e datas.","breadcrumb":{"@id":"https:\/\/www.estrategiaconcursos.com.br\/blog\/concurso-editais-semana-03-a-07-02\/#breadcrumb"},"inLanguage":"pt-BR","potentialAction":[{"@type":"ReadAction","target":["https:\/\/www.estrategiaconcursos.com.br\/blog\/concurso-editais-semana-03-a-07-02\/"]}]},{"@type":"ImageObject","inLanguage":"pt-BR","@id":"https:\/\/www.estrategiaconcursos.com.br\/blog\/concurso-editais-semana-03-a-07-02\/#primaryimage","url":"https:\/\/dhg1h5j42swfq.cloudfront.net\/2024\/08\/14120803\/concursos-2025-1.png","contentUrl":"https:\/\/dhg1h5j42swfq.cloudfront.net\/2024\/08\/14120803\/concursos-2025-1.png","width":692,"height":393,"caption":"concursos 2025"},{"@type":"BreadcrumbList","@id":"https:\/\/www.estrategiaconcursos.com.br\/blog\/concurso-editais-semana-03-a-07-02\/#breadcrumb","itemListElement":[{"@type":"ListItem","position":1,"name":"In\u00edcio","item":"https:\/\/www.estrategiaconcursos.com.br\/blog\/"},{"@type":"ListItem","position":2,"name":"Concursos P\u00fablicos: sa\u00edram 20 editais; CNEN e PMDF na \u00e1rea!"}]},{"@type":"WebSite","@id":"https:\/\/www.estrategiaconcursos.com.br\/blog\/#website","url":"https:\/\/www.estrategiaconcursos.com.br\/blog\/","name":"Estrat\u00e9gia Concursos","description":"O blog da Estrat\u00e9gia Concursos traz not\u00edcias sobre concursos e artigos de professores oferecendo cursos para concursos (pdf + videaulas) no site.","publisher":{"@id":"https:\/\/www.estrategiaconcursos.com.br\/blog\/#organization"},"potentialAction":[{"@type":"SearchAction","target":{"@type":"EntryPoint","urlTemplate":"https:\/\/www.estrategiaconcursos.com.br\/blog\/?s={search_term_string}"},"query-input":{"@type":"PropertyValueSpecification","valueRequired":true,"valueName":"search_term_string"}}],"inLanguage":"pt-BR"},{"@type":"Organization","@id":"https:\/\/www.estrategiaconcursos.com.br\/blog\/#organization","name":"Estrat\u00e9gia Concursos","url":"https:\/\/www.estrategiaconcursos.com.br\/blog\/","logo":{"@type":"ImageObject","inLanguage":"pt-BR","@id":"https:\/\/www.estrategiaconcursos.com.br\/blog\/#\/schema\/logo\/image\/","url":"https:\/\/dhg1h5j42swfq.cloudfront.net\/2025\/06\/03203428\/logo_concursos-1.jpg","contentUrl":"https:\/\/dhg1h5j42swfq.cloudfront.net\/2025\/06\/03203428\/logo_concursos-1.jpg","width":230,"height":60,"caption":"Estrat\u00e9gia Concursos"},"image":{"@id":"https:\/\/www.estrategiaconcursos.com.br\/blog\/#\/schema\/logo\/image\/"},"sameAs":["https:\/\/x.com\/EstratConcursos"]},{"@type":"Person","@id":"https:\/\/www.estrategiaconcursos.com.br\/blog\/#\/schema\/person\/70c2ad4297aa24ff8815b08215b23a76","name":"Ronaldo Scanavini Neto","image":{"@type":"ImageObject","inLanguage":"pt-BR","@id":"https:\/\/secure.gravatar.com\/avatar\/f93d8e56fe264596e94aee6b3feb737d98ad0fc5bac7eb0a245f04723c5c8f21?s=96&d=mm&r=g","url":"https:\/\/secure.gravatar.com\/avatar\/f93d8e56fe264596e94aee6b3feb737d98ad0fc5bac7eb0a245f04723c5c8f21?s=96&d=mm&r=g","contentUrl":"https:\/\/secure.gravatar.com\/avatar\/f93d8e56fe264596e94aee6b3feb737d98ad0fc5bac7eb0a245f04723c5c8f21?s=96&d=mm&r=g","caption":"Ronaldo Scanavini Neto"},"description":"Graduando em Comunica\u00e7\u00e3o Social \u2013 Jornalismo pela Universidade Federal de Vi\u00e7osa (UFV). Integra a equipe de jornalismo do Estrat\u00e9gia Concursos desde 2023, atuando com \u00eanfase na cobertura da \u00e1rea fiscal. Tamb\u00e9m realiza a apura\u00e7\u00e3o e produ\u00e7\u00e3o de not\u00edcias sobre concursos federais, \u00f3rg\u00e3os participantes do CNU e das \u00e1reas de controle, gest\u00e3o, engenharia, Exame CFC, comunica\u00e7\u00e3o social TI e \u00e1rea de concursos administrativos.","url":"https:\/\/www.estrategiaconcursos.com.br\/blog\/author\/ronaldo-netoestrategia-com\/"}]}},"_links":{"self":[{"href":"https:\/\/www.estrategiaconcursos.com.br\/blog\/wp-json\/wp\/v2\/posts\/1526754","targetHints":{"allow":["GET"]}}],"collection":[{"href":"https:\/\/www.estrategiaconcursos.com.br\/blog\/wp-json\/wp\/v2\/posts"}],"about":[{"href":"https:\/\/www.estrategiaconcursos.com.br\/blog\/wp-json\/wp\/v2\/types\/post"}],"author":[{"embeddable":true,"href":"https:\/\/www.estrategiaconcursos.com.br\/blog\/wp-json\/wp\/v2\/users\/2692"}],"replies":[{"embeddable":true,"href":"https:\/\/www.estrategiaconcursos.com.br\/blog\/wp-json\/wp\/v2\/comments?post=1526754"}],"version-history":[{"count":10,"href":"https:\/\/www.estrategiaconcursos.com.br\/blog\/wp-json\/wp\/v2\/posts\/1526754\/revisions"}],"predecessor-version":[{"id":1529742,"href":"https:\/\/www.estrategiaconcursos.com.br\/blog\/wp-json\/wp\/v2\/posts\/1526754\/revisions\/1529742"}],"wp:featuredmedia":[{"embeddable":true,"href":"https:\/\/www.estrategiaconcursos.com.br\/blog\/wp-json\/wp\/v2\/media\/1445265"}],"wp:attachment":[{"href":"https:\/\/www.estrategiaconcursos.com.br\/blog\/wp-json\/wp\/v2\/media?parent=1526754"}],"wp:term":[{"taxonomy":"category","embeddable":true,"href":"https:\/\/www.estrategiaconcursos.com.br\/blog\/wp-json\/wp\/v2\/categories?post=1526754"},{"taxonomy":"post_tag","embeddable":true,"href":"https:\/\/www.estrategiaconcursos.com.br\/blog\/wp-json\/wp\/v2\/tags?post=1526754"},{"taxonomy":"tax_estado","embeddable":true,"href":"https:\/\/www.estrategiaconcursos.com.br\/blog\/wp-json\/wp\/v2\/tax_estado?post=1526754"}],"curies":[{"name":"wp","href":"https:\/\/api.w.org\/{rel}","templated":true}]}}