{"id":152655,"date":"2018-12-07T08:01:32","date_gmt":"2018-12-07T11:01:32","guid":{"rendered":"https:\/\/www.estrategiaconcursos.com.br\/blog\/?p=152655"},"modified":"2019-04-09T16:49:22","modified_gmt":"2019-04-09T19:49:22","slug":"enem-espanhol-questoes-artigo-5-45","status":"publish","type":"post","link":"https:\/\/www.estrategiaconcursos.com.br\/blog\/enem-espanhol-questoes-artigo-5-45\/","title":{"rendered":"ENEM-ESPANHOL \u2013 QUEST\u00d5ES \u2013 ARTIGO 5\/45"},"content":{"rendered":"<p><span style=\"font-family: tahoma, arial, helvetica, sans-serif;color: #0000ff;font-size: 12pt\">Ol\u00e1 a todos!<\/span><\/p>\n<p><span style=\"font-family: tahoma, arial, helvetica, sans-serif;color: #0000ff;font-size: 12pt\">Hoje, temos o nosso <strong>quinto<\/strong>\u00a0artigo da s\u00e9rie de artigos que trar\u00e3o para voc\u00eas quest\u00f5es das provas do ENEM do ano de 2012 at\u00e9 2018. Vamos come\u00e7ar com quest\u00f5es do \u00faltimo ano at\u00e9 chegar \u00e0s quest\u00f5es de 2012.<\/span><\/p>\n<p><span style=\"font-family: tahoma, arial, helvetica, sans-serif;color: #0000ff;font-size: 12pt\">Ao todo ser\u00e3o <span style=\"text-decoration: underline\">45 artigos<\/span> que sendo publicados de 3 em 3 dias.\u00a0<\/span><\/p>\n<p><span style=\"font-family: tahoma, arial, helvetica, sans-serif;color: #0000ff;font-size: 12pt\">Ent\u00e3o, sem mais delongas vamos aos coment\u00e1rios da quest\u00e3o do ENEM-2018.<\/span><\/p>\n<p><span style=\"font-family: tahoma, arial, helvetica, sans-serif;color: #0000ff;font-size: 12pt\">Boa leitura.<\/span><\/p>\n<p><span style=\"font-family: tahoma, arial, helvetica, sans-serif;color: #0000ff;font-size: 12pt\">Prof. Adino\u00e9l Sebasti\u00e3o<\/span><\/p>\n<p><span style=\"font-family: tahoma, arial, helvetica, sans-serif;font-size: 12pt\"><strong><span style=\"color: #0000ff\">@adinoel.sebastiao \/ www.adinoel.com \/ adinoel.sebastiao@gmail.com<\/span><\/strong><\/span><\/p>\n<p style=\"text-align: center\"><a href=\"https:\/\/www.estrategiaconcursos.com.br\/cursosPorConcurso\/enem-exame-nacional-do-ensino-medio\/\" target=\"_blank\" rel=\"noopener noreferrer\"><span style=\"text-decoration: underline\"><span style=\"color: #ff0000\"><strong><span style=\"font-family: tahoma, arial, helvetica, sans-serif;font-size: 18pt\">PACOTE ENEM-2019<\/span><\/strong><\/span><\/span><\/a><\/p>\n<hr \/>\n<h2><span style=\"color: #000000\"><strong><span style=\"text-decoration: underline\"><span style=\"font-size: 18pt;font-family: tahoma, arial, helvetica, sans-serif\">ENEM-2018 \u2013 prova amarela \u2013 quest\u00e3o 05 \u2013 tradu\u00e7\u00e3o livre<\/span><\/span><\/strong><\/span><\/h2>\n<p><img loading=\"lazy\" decoding=\"async\" class=\"alignnone wp-image-152656\" src=\"https:\/\/dhg1h5j42swfq.cloudfront.net\/2018\/11\/24195303\/ENEM-PJ45-Artigo-05.png\" alt=\"\" width=\"600\" height=\"775\" srcset=\"https:\/\/dhg1h5j42swfq.cloudfront.net\/2018\/11\/24195303\/ENEM-PJ45-Artigo-05.png 824w, https:\/\/dhg1h5j42swfq.cloudfront.net\/2018\/11\/24195303\/ENEM-PJ45-Artigo-05.png 232w, https:\/\/dhg1h5j42swfq.cloudfront.net\/2018\/11\/24195303\/ENEM-PJ45-Artigo-05.png 768w, https:\/\/dhg1h5j42swfq.cloudfront.net\/2018\/11\/24195303\/ENEM-PJ45-Artigo-05.png 793w, https:\/\/dhg1h5j42swfq.cloudfront.net\/2018\/11\/24195303\/ENEM-PJ45-Artigo-05.png 610w\" sizes=\"auto, (max-width: 600px) 100vw, 600px\" \/><\/p>\n<p>&nbsp;<\/p>\n<p><span style=\"font-size: 12pt;font-family: tahoma, arial, helvetica, sans-serif;color: #3366ff\"><strong>Revolu\u00e7\u00e3o na arquitetura chinesa<\/strong><\/span><\/p>\n<p><span style=\"font-size: 12pt;font-family: tahoma, arial, helvetica, sans-serif;color: #3366ff\"><em>Levantar arranha-c\u00e9us em 19 dias<\/em><\/span><\/p>\n<p><span style=\"font-size: 12pt;font-family: tahoma, arial, helvetica, sans-serif;color: #3366ff\">Um arranha-c\u00e9u de 57 andares n\u00e3o chama a aten\u00e7\u00e3o<\/span><\/p>\n<p><span style=\"font-size: 12pt;font-family: tahoma, arial, helvetica, sans-serif;color: #3366ff\">na China do s\u00e9culo XXI. Salvo se for constru\u00eddo<\/span><\/p>\n<p><span style=\"font-size: 12pt;font-family: tahoma, arial, helvetica, sans-serif;color: #3366ff\">em 19 dias, claro. E isso \u00e9 precisamente o que h\u00e1<\/span><\/p>\n<p><span style=\"font-size: 12pt;font-family: tahoma, arial, helvetica, sans-serif;color: #3366ff\">conseguido Broad Sustainable Building (BSB), uma<\/span><\/p>\n<p><span style=\"font-size: 12pt;font-family: tahoma, arial, helvetica, sans-serif;color: #3366ff\">empresa dedicada \u00e0 fabrica\u00e7\u00e3o de purificadores de<\/span><\/p>\n<p><span style=\"font-size: 12pt;font-family: tahoma, arial, helvetica, sans-serif;color: #3366ff\">ar e de equipamento de ar condicionado para grandes<\/span><\/p>\n<p><span style=\"font-size: 12pt;font-family: tahoma, arial, helvetica, sans-serif;color: #3366ff\">infraestruturas que agora se h\u00e1 empenhado em liderar<\/span><\/p>\n<p><span style=\"font-size: 12pt;font-family: tahoma, arial, helvetica, sans-serif;color: #3366ff\">uma revolu\u00e7\u00e3o com seu pr\u00f3prio modelo de arquitetura<\/span><\/p>\n<p><span style=\"font-size: 12pt;font-family: tahoma, arial, helvetica, sans-serif;color: #3366ff\">modular pr\u00e9-fabricada. Como destaca seu presidente,<\/span><\/p>\n<p><span style=\"font-size: 12pt;font-family: tahoma, arial, helvetica, sans-serif;color: #3366ff\">Zhang Yue, \u00e9 uma f\u00f3rmula econ\u00f4mica, ecol\u00f3gica,<\/span><\/p>\n<p><span style=\"font-size: 12pt;font-family: tahoma, arial, helvetica, sans-serif;color: #3366ff\">segura, e limpa. Esse \u00faltimo termo, al\u00e9m disso, \u00e9 utilizado<\/span><\/p>\n<p><span style=\"font-size: 12pt;font-family: tahoma, arial, helvetica, sans-serif;color: #3366ff\">tanto para se referir ao p\u00f3 que se produz na<\/span><\/p>\n<p><span style=\"font-size: 12pt;font-family: tahoma, arial, helvetica, sans-serif;color: #3366ff\">constru\u00e7\u00e3o como para os envelopes. que costumam<\/span><\/p>\n<p><span style=\"font-size: 12pt;font-family: tahoma, arial, helvetica, sans-serif;color: #3366ff\">circular por debaixo das mesas em adjudica\u00e7\u00f5es e<\/span><\/p>\n<p><span style=\"font-size: 12pt;font-family: tahoma, arial, helvetica, sans-serif;color: #3366ff\">permiss\u00f5es variadas. &#8220;Quero que nossos edif\u00edcios acendam<\/span><\/p>\n<p><span style=\"font-size: 12pt;font-family: tahoma, arial, helvetica, sans-serif;color: #3366ff\">uma nova era na arquitetura, e que se convertam em<\/span><\/p>\n<p><span style=\"font-size: 12pt;font-family: tahoma, arial, helvetica, sans-serif;color: #3366ff\">s\u00edmbolo da luta contra a contamina\u00e7\u00e3o e a mudan\u00e7a<\/span><\/p>\n<p><span style=\"font-size: 12pt;font-family: tahoma, arial, helvetica, sans-serif;color: #3366ff\">clim\u00e1tica, que \u00e9 a maior amea\u00e7a a qual enfrenta<\/span><\/p>\n<p><span style=\"font-size: 12pt;font-family: tahoma, arial, helvetica, sans-serif;color: #3366ff\">a humanidade&#8221;, sentencia.<\/span><\/p>\n<p><span style=\"font-size: 12pt;font-family: tahoma, arial, helvetica, sans-serif;color: #3366ff\">&#8220;\u00c9 como montar um Lego. Apenas h\u00e1<\/span><\/p>\n<p><span style=\"font-size: 12pt;font-family: tahoma, arial, helvetica, sans-serif;color: #3366ff\">subcontrata\u00e7\u00e3o, o que ajuda a manter um custo baixo<\/span><\/p>\n<p><span style=\"font-size: 12pt;font-family: tahoma, arial, helvetica, sans-serif;color: #3366ff\">e um controle de qualidade estrito, e nos permite eliminar<\/span><\/p>\n<p><span style=\"font-size: 12pt;font-family: tahoma, arial, helvetica, sans-serif;color: #3366ff\">tamb\u00e9m a corrup\u00e7\u00e3o inerente ao setor&#8221;, explica a<\/span><\/p>\n<p><span style=\"font-size: 12pt;font-family: tahoma, arial, helvetica, sans-serif;color: #3366ff\">vice-presidente de BSB e respons\u00e1vel pelo mercado<\/span><\/p>\n<p><span style=\"font-size: 12pt;font-family: tahoma, arial, helvetica, sans-serif;color: #3366ff\">internacional, Jiang Yan.<\/span><\/p>\n<hr \/>\n<h2><span style=\"font-size: 18pt;color: #000000\"><strong><span style=\"text-decoration: underline\"><span style=\"font-family: tahoma, arial, helvetica, sans-serif\">ENEM-2018 \u2013 prova amarela \u2013 quest\u00e3o 05 \u2013 coment\u00e1rios<\/span><\/span><\/strong><\/span><\/h2>\n<p><img loading=\"lazy\" decoding=\"async\" class=\"alignnone wp-image-152659\" src=\"https:\/\/dhg1h5j42swfq.cloudfront.net\/2018\/11\/24195511\/ENEM-PJ45-Artigo-05-1.png\" alt=\"\" width=\"599\" height=\"308\" srcset=\"https:\/\/dhg1h5j42swfq.cloudfront.net\/2018\/11\/24195511\/ENEM-PJ45-Artigo-05-1.png 835w, https:\/\/dhg1h5j42swfq.cloudfront.net\/2018\/11\/24195511\/ENEM-PJ45-Artigo-05-1.png 300w, https:\/\/dhg1h5j42swfq.cloudfront.net\/2018\/11\/24195511\/ENEM-PJ45-Artigo-05-1.png 768w, https:\/\/dhg1h5j42swfq.cloudfront.net\/2018\/11\/24195511\/ENEM-PJ45-Artigo-05-1.png 610w\" sizes=\"auto, (max-width: 599px) 100vw, 599px\" \/><\/p>\n<p><span style=\"font-size: 12pt;font-family: tahoma, arial, helvetica, sans-serif\">A quest\u00e3o acima \u00e9 uma quest\u00e3o de interpreta\u00e7\u00e3o de texto. N\u00e3o se cobrou nenhum conte\u00fado espec\u00edfico de gram\u00e1tica nesta quest\u00e3o.<\/span><\/p>\n<p><span style=\"font-size: 12pt;font-family: tahoma, arial, helvetica, sans-serif\">O enunciado da quest\u00e3o come\u00e7ou dizendo que, no texto, alguns dos benef\u00edcios de se utilizar estruturas pr\u00e9-moldadas na constru\u00e7\u00e3o de altos edif\u00edcios est\u00e3o expressos por meio da palavra &#8220;<strong><em>limpia<\/em><\/strong>&#8220;. Essa parte do enunciado estava se referindo ao que est\u00e1 expresso no quarto per\u00edodo do primeiro par\u00e1grafo do texto. Vejam:<\/span><\/p>\n<p><img loading=\"lazy\" decoding=\"async\" class=\"alignnone wp-image-152660\" src=\"https:\/\/dhg1h5j42swfq.cloudfront.net\/2018\/11\/24195609\/ENEM-PJ45-Artigo-05-2.png\" alt=\"\" width=\"498\" height=\"70\" srcset=\"https:\/\/dhg1h5j42swfq.cloudfront.net\/2018\/11\/24195609\/ENEM-PJ45-Artigo-05-2.png 591w, https:\/\/dhg1h5j42swfq.cloudfront.net\/2018\/11\/24195609\/ENEM-PJ45-Artigo-05-2.png 300w\" sizes=\"auto, (max-width: 498px) 100vw, 498px\" \/><\/p>\n<p><span style=\"font-size: 12pt;font-family: tahoma, arial, helvetica, sans-serif\">Depois dessa apresenta\u00e7\u00e3o inicial, o enunciado continua da seguinte forma: &#8220;<strong><em>essa express\u00e3o indica que, al\u00e9m de produzir menos res\u00edduos, o uso desse tipo de estrutura<\/em><\/strong>&#8220;.<\/span><\/p>\n<p><span style=\"font-size: 12pt;font-family: tahoma, arial, helvetica, sans-serif\">Pois bem, diante da constru\u00e7\u00e3o da quest\u00e3o percebemos que devemos completar a segunda parte do enunciado com uma das alternativas apresentadas. Seria mais ou menos uma quest\u00e3o de completar lacuna. Assim:<\/span><\/p>\n<table style=\"border-collapse: collapse;width: 100%\" border=\"1\">\n<tbody>\n<tr>\n<td style=\"width: 100%\"><span style=\"color: #3366ff\"><em><span style=\"font-size: 12pt;font-family: tahoma, arial, helvetica, sans-serif\">No texto, alguns dos benef\u00edcios de se utilizar estruturas pr\u00e9-moldadas na constru\u00e7\u00e3o de altos edif\u00edcios est\u00e3o expressos por meio da palavra limpia. Essa express\u00e3o indica que, al\u00e9m de produzir menos res\u00edduos, o uso desse tipo de estrutura ___________________.<\/span><\/em><\/span><\/td>\n<\/tr>\n<\/tbody>\n<\/table>\n<p><span style=\"font-size: 12pt;font-family: tahoma, arial, helvetica, sans-serif\">Ent\u00e3o, o que devemos fazer \u00e9 verificar qual alternativa completa o enunciado apresentado para a quest\u00e3o. Vamos testar todas as alternativas.<\/span><\/p>\n<p><span style=\"font-size: 12pt;font-family: tahoma, arial, helvetica, sans-serif\"><strong>Alternativa &#8220;A&#8221;<\/strong><\/span><\/p>\n<table style=\"border-collapse: collapse;width: 100%\" border=\"1\">\n<tbody>\n<tr>\n<td style=\"width: 100%\"><span style=\"color: #3366ff\"><em><span style=\"font-size: 12pt;font-family: tahoma, arial, helvetica, sans-serif\">No texto, alguns dos benef\u00edcios de se utilizar estruturas pr\u00e9-moldadas na constru\u00e7\u00e3o de altos edif\u00edcios est\u00e3o expressos por meio da palavra limpia. Essa express\u00e3o indica que, al\u00e9m de produzir menos res\u00edduos, o uso desse tipo de estrutura <strong><u>reduz o contingente de m\u00e3o de obra<\/u><\/strong>.<\/span><\/em><\/span><\/td>\n<\/tr>\n<\/tbody>\n<\/table>\n<p><span style=\"font-size: 12pt;font-family: tahoma, arial, helvetica, sans-serif\">Esta alternativa n\u00e3o completa corretamente o enunciado. Quando olhamos para a parte do texto onde aparece a palavra &#8220;<strong><em>limpia<\/em><\/strong>&#8220;, verificamos que o pr\u00f3ximo per\u00edodo continua se referindo a essa palavra. Vejam:<\/span><\/p>\n<p><img loading=\"lazy\" decoding=\"async\" class=\"alignnone wp-image-152664\" src=\"https:\/\/dhg1h5j42swfq.cloudfront.net\/2018\/11\/24195942\/ENEM-PJ45-Artigo-05-3.png\" alt=\"\" width=\"500\" height=\"160\" srcset=\"https:\/\/dhg1h5j42swfq.cloudfront.net\/2018\/11\/24195942\/ENEM-PJ45-Artigo-05-3.png 591w, https:\/\/dhg1h5j42swfq.cloudfront.net\/2018\/11\/24195942\/ENEM-PJ45-Artigo-05-3.png 300w\" sizes=\"auto, (max-width: 500px) 100vw, 500px\" \/><\/p>\n<p><span style=\"font-size: 12pt;font-family: tahoma, arial, helvetica, sans-serif\">Notem que o per\u00edodo posterior \u00e0 palavra &#8220;<strong><em>limpia<\/em><\/strong>&#8221; come\u00e7a dizendo &#8220;<strong><em>Ese \u00faltimo t\u00e9rmino<\/em><\/strong>&#8220;(esse \u00faltimo termo). O per\u00edodo informa que o termo &#8220;<strong><em>limpia<\/em><\/strong>&#8221; (limpa) \u00e9 utilizado para se referir ao p\u00f3 que se produz na constru\u00e7\u00e3o como tamb\u00e9m aos envelopes que costumam circular por debaixo das mesas em adjudica\u00e7\u00f5es e permiss\u00f5es variadas. O termo em quest\u00e3o nada tem a ver que a redu\u00e7\u00e3o do contingente de m\u00e3o de obra.<\/span><\/p>\n<p><span style=\"font-size: 12pt;font-family: tahoma, arial, helvetica, sans-serif\"><strong>Alternativa &#8220;B&#8221;<\/strong><\/span><\/p>\n<table style=\"border-collapse: collapse;width: 100%\" border=\"1\">\n<tbody>\n<tr>\n<td style=\"width: 100%\"><span style=\"color: #3366ff\"><em><span style=\"font-size: 12pt;font-family: tahoma, arial, helvetica, sans-serif\">No texto, alguns dos benef\u00edcios de se utilizar estruturas pr\u00e9-moldadas na constru\u00e7\u00e3o de altos edif\u00edcios est\u00e3o expressos por meio da palavra limpia. Essa express\u00e3o indica que, al\u00e9m de produzir menos res\u00edduos, o uso desse tipo de estrutura <strong><u>inibe a corrup\u00e7\u00e3o na constru\u00e7\u00e3o civil<\/u><\/strong>.<\/span><\/em><\/span><\/td>\n<\/tr>\n<\/tbody>\n<\/table>\n<p><span style=\"font-size: 12pt;font-family: tahoma, arial, helvetica, sans-serif\">Esta alternativa completa corretamente o enunciado. Quando olhamos para a parte do texto onde aparece a palavra &#8220;<strong><em>limpia<\/em><\/strong>&#8220;, verificamos que o pr\u00f3ximo per\u00edodo continua se referindo a essa palavra. Vejam:<\/span><\/p>\n<p><img loading=\"lazy\" decoding=\"async\" class=\"alignnone wp-image-152664\" src=\"https:\/\/dhg1h5j42swfq.cloudfront.net\/2018\/11\/24195942\/ENEM-PJ45-Artigo-05-3.png\" alt=\"\" width=\"500\" height=\"160\" srcset=\"https:\/\/dhg1h5j42swfq.cloudfront.net\/2018\/11\/24195942\/ENEM-PJ45-Artigo-05-3.png 591w, https:\/\/dhg1h5j42swfq.cloudfront.net\/2018\/11\/24195942\/ENEM-PJ45-Artigo-05-3.png 300w\" sizes=\"auto, (max-width: 500px) 100vw, 500px\" \/><\/p>\n<p><span style=\"font-size: 12pt;font-family: tahoma, arial, helvetica, sans-serif\">Notem que o per\u00edodo posterior \u00e0 palavra &#8220;<strong><em>limpia<\/em><\/strong>&#8221; come\u00e7a dizendo &#8220;<strong><em>Ese \u00faltimo t\u00e9rmino<\/em><\/strong>&#8220;(esse \u00faltimo termo). O per\u00edodo informa que o termo &#8220;<strong><em>limpia<\/em><\/strong>&#8221; (limpa) \u00e9 utilizado para se referir ao p\u00f3 que se produz na constru\u00e7\u00e3o como tamb\u00e9m aos envelopes que costumam circular por debaixo das mesas em adjudica\u00e7\u00f5es e permiss\u00f5es variadas. O termo em quest\u00e3o, dentro do texto, indica a inibi\u00e7\u00e3o da corrup\u00e7\u00e3o na constru\u00e7\u00e3o civil.<\/span><\/p>\n<p><span style=\"font-size: 12pt;font-family: tahoma, arial, helvetica, sans-serif\"><strong>Alternativa &#8220;C&#8221;<\/strong><\/span><\/p>\n<table style=\"border-collapse: collapse;width: 100%\" border=\"1\">\n<tbody>\n<tr>\n<td style=\"width: 100%\"><span style=\"color: #3366ff\"><em><span style=\"font-size: 12pt;font-family: tahoma, arial, helvetica, sans-serif\">No texto, alguns dos benef\u00edcios de se utilizar estruturas pr\u00e9-moldadas na constru\u00e7\u00e3o de altos edif\u00edcios est\u00e3o expressos por meio da palavra limpia. Essa express\u00e3o indica que, al\u00e9m de produzir menos res\u00edduos, o uso desse tipo de estrutura <strong><u>facilita o controle da qualidade da obra<\/u><\/strong>.<\/span><\/em><\/span><\/td>\n<\/tr>\n<\/tbody>\n<\/table>\n<p><span style=\"font-size: 12pt;font-family: tahoma, arial, helvetica, sans-serif\">Esta alternativa n\u00e3o completa corretamente o enunciado. Quando olhamos para a parte do texto onde aparece a palavra &#8220;<strong><em>limpia<\/em><\/strong>&#8220;, verificamos que o pr\u00f3ximo per\u00edodo continua se referindo a essa palavra. Vejam:<\/span><\/p>\n<p><img loading=\"lazy\" decoding=\"async\" class=\"alignnone wp-image-152664\" src=\"https:\/\/dhg1h5j42swfq.cloudfront.net\/2018\/11\/24195942\/ENEM-PJ45-Artigo-05-3.png\" alt=\"\" width=\"500\" height=\"160\" srcset=\"https:\/\/dhg1h5j42swfq.cloudfront.net\/2018\/11\/24195942\/ENEM-PJ45-Artigo-05-3.png 591w, https:\/\/dhg1h5j42swfq.cloudfront.net\/2018\/11\/24195942\/ENEM-PJ45-Artigo-05-3.png 300w\" sizes=\"auto, (max-width: 500px) 100vw, 500px\" \/><\/p>\n<p><span style=\"font-size: 12pt;font-family: tahoma, arial, helvetica, sans-serif\">Notem que o per\u00edodo posterior \u00e0 palavra &#8220;<strong><em>limpia<\/em><\/strong>&#8221; come\u00e7a dizendo &#8220;<strong><em>Ese \u00faltimo t\u00e9rmino<\/em><\/strong>&#8220;(esse \u00faltimo termo). O per\u00edodo informa que o termo &#8220;<strong><em>limpia<\/em><\/strong>&#8221; (limpa) \u00e9 utilizado para se referir ao p\u00f3 que se produz na constru\u00e7\u00e3o como tamb\u00e9m aos envelopes que costumam circular por debaixo das mesas em adjudica\u00e7\u00f5es e permiss\u00f5es variadas. O termo em quest\u00e3o nada tem a ver com a facilidade do controle da qualidade da obra.<\/span><\/p>\n<p><span style=\"font-size: 12pt;font-family: tahoma, arial, helvetica, sans-serif\"><strong>Alternativa &#8220;D&#8221;<\/strong><\/span><\/p>\n<table style=\"border-collapse: collapse;width: 100%\" border=\"1\">\n<tbody>\n<tr>\n<td style=\"width: 100%\"><span style=\"color: #3366ff\"><em><span style=\"font-size: 12pt;font-family: tahoma, arial, helvetica, sans-serif\">No texto, alguns dos benef\u00edcios de se utilizar estruturas pr\u00e9-moldadas na constru\u00e7\u00e3o de altos edif\u00edcios est\u00e3o expressos por meio da palavra limpia. Essa express\u00e3o indica que, al\u00e9m de produzir menos res\u00edduos, o uso desse tipo de estrutura <strong><u>apresenta um modelo arquitet\u00f4nico conciso<\/u><\/strong>.<\/span><\/em><\/span><\/td>\n<\/tr>\n<\/tbody>\n<\/table>\n<p><span style=\"font-size: 12pt;font-family: tahoma, arial, helvetica, sans-serif\">Esta alternativa n\u00e3o completa corretamente o enunciado. Quando olhamos para a parte do texto onde aparece a palavra &#8220;<strong><em>limpia<\/em><\/strong>&#8220;, verificamos que o pr\u00f3ximo per\u00edodo continua se referindo a essa palavra. Vejam:<\/span><\/p>\n<p><img loading=\"lazy\" decoding=\"async\" class=\"alignnone wp-image-152664\" src=\"https:\/\/dhg1h5j42swfq.cloudfront.net\/2018\/11\/24195942\/ENEM-PJ45-Artigo-05-3.png\" alt=\"\" width=\"500\" height=\"160\" srcset=\"https:\/\/dhg1h5j42swfq.cloudfront.net\/2018\/11\/24195942\/ENEM-PJ45-Artigo-05-3.png 591w, https:\/\/dhg1h5j42swfq.cloudfront.net\/2018\/11\/24195942\/ENEM-PJ45-Artigo-05-3.png 300w\" sizes=\"auto, (max-width: 500px) 100vw, 500px\" \/><\/p>\n<p><span style=\"font-size: 12pt;font-family: tahoma, arial, helvetica, sans-serif\">Notem que o per\u00edodo posterior \u00e0 palavra &#8220;<strong><em>limpia<\/em><\/strong>&#8221; come\u00e7a dizendo &#8220;<strong><em>Ese \u00faltimo t\u00e9rmino<\/em><\/strong>&#8220;(esse \u00faltimo termo). O per\u00edodo informa que o termo &#8220;<strong><em>limpia<\/em><\/strong>&#8221; (limpa) \u00e9 utilizado para se referir ao p\u00f3 que se produz na constru\u00e7\u00e3o como tamb\u00e9m aos envelopes que costumam circular por debaixo das mesas em adjudica\u00e7\u00f5es e permiss\u00f5es variadas. O termo em quest\u00e3o nada tem a ver com a apresenta\u00e7\u00e3o de um modelo arquitet\u00f4nico conciso.<\/span><\/p>\n<p><span style=\"font-size: 12pt;font-family: tahoma, arial, helvetica, sans-serif\"><strong>Alternativa &#8220;E&#8221;<\/strong><\/span><\/p>\n<table style=\"border-collapse: collapse;width: 100%\" border=\"1\">\n<tbody>\n<tr>\n<td style=\"width: 100%\"><span style=\"color: #3366ff\"><em><span style=\"font-size: 12pt;font-family: tahoma, arial, helvetica, sans-serif\">No texto, alguns dos benef\u00edcios de se utilizar estruturas pr\u00e9-moldadas na constru\u00e7\u00e3o de altos edif\u00edcios est\u00e3o expressos por meio da palavra limpia. Essa express\u00e3o indica que, al\u00e9m de produzir menos res\u00edduos, o uso desse tipo de estrutura <strong><u>otimiza os custos da constru\u00e7\u00e3o de edif\u00edcios<\/u><\/strong>.<\/span><\/em><\/span><\/td>\n<\/tr>\n<\/tbody>\n<\/table>\n<p><span style=\"font-size: 12pt;font-family: tahoma, arial, helvetica, sans-serif\">Esta alternativa n\u00e3o completa corretamente o enunciado. Quando olhamos para a parte do texto onde aparece a palavra &#8220;<strong><em>limpia<\/em><\/strong>&#8220;, verificamos que o pr\u00f3ximo per\u00edodo continua se referindo a essa palavra. Vejam:<\/span><\/p>\n<p><img loading=\"lazy\" decoding=\"async\" class=\"alignnone wp-image-152664\" src=\"https:\/\/dhg1h5j42swfq.cloudfront.net\/2018\/11\/24195942\/ENEM-PJ45-Artigo-05-3.png\" alt=\"\" width=\"500\" height=\"160\" srcset=\"https:\/\/dhg1h5j42swfq.cloudfront.net\/2018\/11\/24195942\/ENEM-PJ45-Artigo-05-3.png 591w, https:\/\/dhg1h5j42swfq.cloudfront.net\/2018\/11\/24195942\/ENEM-PJ45-Artigo-05-3.png 300w\" sizes=\"auto, (max-width: 500px) 100vw, 500px\" \/><\/p>\n<p><span style=\"font-size: 12pt;font-family: tahoma, arial, helvetica, sans-serif\">Notem que o per\u00edodo posterior \u00e0 palavra &#8220;<strong><em>limpia<\/em><\/strong>&#8221; come\u00e7a dizendo &#8220;<strong><em>Ese \u00faltimo t\u00e9rmino<\/em><\/strong>&#8220;(esse \u00faltimo termo). O per\u00edodo informa que o termo &#8220;<strong><em>limpia<\/em><\/strong>&#8221; (limpa) \u00e9 utilizado para se referir ao p\u00f3 que se produz na constru\u00e7\u00e3o como tamb\u00e9m aos envelopes que costumam circular por debaixo das mesas em adjudica\u00e7\u00f5es e permiss\u00f5es variadas. O termo em quest\u00e3o nada tem a ver com a otimiza\u00e7\u00e3o dos custos da constru\u00e7\u00e3o de edif\u00edcios.<\/span><\/p>\n<p><span style=\"color: #ff0000\"><strong><span style=\"font-size: 12pt;font-family: tahoma, arial, helvetica, sans-serif\">Resposta: &#8220;B&#8221;.<\/span><\/strong><\/span><\/p>\n<p>&nbsp;<\/p>\n","protected":false},"excerpt":{"rendered":"<p>Ol\u00e1 a todos! Hoje, temos o nosso quinto\u00a0artigo da s\u00e9rie de artigos que trar\u00e3o para voc\u00eas quest\u00f5es das provas do ENEM do ano de 2012 at\u00e9 2018. Vamos come\u00e7ar com quest\u00f5es do \u00faltimo ano at\u00e9 chegar \u00e0s quest\u00f5es de 2012. Ao todo ser\u00e3o 45 artigos que sendo publicados de 3 em 3 dias.\u00a0 Ent\u00e3o, sem [&hellip;]<\/p>\n","protected":false},"author":121,"featured_media":0,"comment_status":"open","ping_status":"closed","sticky":false,"template":"","format":"standard","meta":{"post_tipo":"article","footnotes":""},"categories":[1],"tags":[],"tax_estado":[],"class_list":["post-152655","post","type-post","status-publish","format-standard","hentry","category-cursos-e-concursos"],"acf":[],"yoast_head":"<!-- This site is optimized with the Yoast SEO Premium plugin v27.2 (Yoast SEO v27.2) - https:\/\/yoast.com\/product\/yoast-seo-premium-wordpress\/ -->\n<title>ENEM-ESPANHOL \u2013 QUEST\u00d5ES \u2013 ARTIGO 5\/45<\/title>\n<meta name=\"robots\" content=\"index, follow, max-snippet:-1, max-image-preview:large, max-video-preview:-1\" \/>\n<link rel=\"canonical\" href=\"https:\/\/www.estrategiaconcursos.com.br\/blog\/enem-espanhol-questoes-artigo-5-45\/\" \/>\n<meta property=\"og:locale\" content=\"pt_BR\" \/>\n<meta property=\"og:type\" content=\"article\" \/>\n<meta property=\"og:title\" content=\"ENEM-ESPANHOL \u2013 QUEST\u00d5ES \u2013 ARTIGO 5\/45\" \/>\n<meta property=\"og:description\" content=\"Ol\u00e1 a todos! Hoje, temos o nosso quinto\u00a0artigo da s\u00e9rie de artigos que trar\u00e3o para voc\u00eas quest\u00f5es das provas do ENEM do ano de 2012 at\u00e9 2018. Vamos come\u00e7ar com quest\u00f5es do \u00faltimo ano at\u00e9 chegar \u00e0s quest\u00f5es de 2012. Ao todo ser\u00e3o 45 artigos que sendo publicados de 3 em 3 dias.\u00a0 Ent\u00e3o, sem [&hellip;]\" \/>\n<meta property=\"og:url\" content=\"https:\/\/www.estrategiaconcursos.com.br\/blog\/enem-espanhol-questoes-artigo-5-45\/\" \/>\n<meta property=\"og:site_name\" content=\"Estrat\u00e9gia Concursos\" \/>\n<meta property=\"article:published_time\" content=\"2018-12-07T11:01:32+00:00\" \/>\n<meta property=\"article:modified_time\" content=\"2019-04-09T19:49:22+00:00\" \/>\n<meta property=\"og:image\" content=\"https:\/\/www.estrategiaconcursos.com.br\/blog\/wp-content\/uploads\/2018\/11\/ENEM-PJ45-Artigo-05.png\" \/>\n<meta name=\"author\" content=\"Adino\u00e9l Sebasti\u00e3o\" \/>\n<meta name=\"twitter:card\" content=\"summary_large_image\" \/>\n<meta name=\"twitter:creator\" content=\"@EstratConcursos\" \/>\n<meta name=\"twitter:site\" content=\"@EstratConcursos\" \/>\n<meta name=\"twitter:label1\" content=\"Escrito por\" \/>\n\t<meta name=\"twitter:data1\" content=\"Adino\u00e9l Sebasti\u00e3o\" \/>\n\t<meta name=\"twitter:label2\" content=\"Est. tempo de leitura\" \/>\n\t<meta name=\"twitter:data2\" content=\"7 minutos\" \/>\n<script type=\"application\/ld+json\" class=\"yoast-schema-graph\">{\"@context\":\"https:\/\/schema.org\",\"@graph\":[{\"@type\":\"NewsArticle\",\"@id\":\"https:\/\/www.estrategiaconcursos.com.br\/blog\/enem-espanhol-questoes-artigo-5-45\/#article\",\"isPartOf\":{\"@id\":\"https:\/\/www.estrategiaconcursos.com.br\/blog\/enem-espanhol-questoes-artigo-5-45\/\"},\"author\":{\"name\":\"Adino\u00e9l Sebasti\u00e3o\",\"@id\":\"https:\/\/www.estrategiaconcursos.com.br\/blog\/#\/schema\/person\/e6feecd7273067598aae46392fc9f322\"},\"headline\":\"ENEM-ESPANHOL \u2013 QUEST\u00d5ES \u2013 ARTIGO 5\/45\",\"datePublished\":\"2018-12-07T11:01:32+00:00\",\"dateModified\":\"2019-04-09T19:49:22+00:00\",\"mainEntityOfPage\":{\"@id\":\"https:\/\/www.estrategiaconcursos.com.br\/blog\/enem-espanhol-questoes-artigo-5-45\/\"},\"wordCount\":1379,\"commentCount\":0,\"publisher\":{\"@id\":\"https:\/\/www.estrategiaconcursos.com.br\/blog\/#organization\"},\"image\":{\"@id\":\"https:\/\/www.estrategiaconcursos.com.br\/blog\/enem-espanhol-questoes-artigo-5-45\/#primaryimage\"},\"thumbnailUrl\":\"https:\/\/www.estrategiaconcursos.com.br\/blog\/wp-content\/uploads\/2018\/11\/ENEM-PJ45-Artigo-05.png\",\"articleSection\":[\"Concursos P\u00fablicos\"],\"inLanguage\":\"pt-BR\",\"potentialAction\":[{\"@type\":\"CommentAction\",\"name\":\"Comment\",\"target\":[\"https:\/\/www.estrategiaconcursos.com.br\/blog\/enem-espanhol-questoes-artigo-5-45\/#respond\"]}],\"copyrightYear\":\"2018\",\"copyrightHolder\":{\"@id\":\"https:\/\/www.estrategiaconcursos.com.br\/blog\/#organization\"}},{\"@type\":\"WebPage\",\"@id\":\"https:\/\/www.estrategiaconcursos.com.br\/blog\/enem-espanhol-questoes-artigo-5-45\/\",\"url\":\"https:\/\/www.estrategiaconcursos.com.br\/blog\/enem-espanhol-questoes-artigo-5-45\/\",\"name\":\"ENEM-ESPANHOL \u2013 QUEST\u00d5ES \u2013 ARTIGO 5\/45\",\"isPartOf\":{\"@id\":\"https:\/\/www.estrategiaconcursos.com.br\/blog\/#website\"},\"primaryImageOfPage\":{\"@id\":\"https:\/\/www.estrategiaconcursos.com.br\/blog\/enem-espanhol-questoes-artigo-5-45\/#primaryimage\"},\"image\":{\"@id\":\"https:\/\/www.estrategiaconcursos.com.br\/blog\/enem-espanhol-questoes-artigo-5-45\/#primaryimage\"},\"thumbnailUrl\":\"https:\/\/www.estrategiaconcursos.com.br\/blog\/wp-content\/uploads\/2018\/11\/ENEM-PJ45-Artigo-05.png\",\"datePublished\":\"2018-12-07T11:01:32+00:00\",\"dateModified\":\"2019-04-09T19:49:22+00:00\",\"breadcrumb\":{\"@id\":\"https:\/\/www.estrategiaconcursos.com.br\/blog\/enem-espanhol-questoes-artigo-5-45\/#breadcrumb\"},\"inLanguage\":\"pt-BR\",\"potentialAction\":[{\"@type\":\"ReadAction\",\"target\":[\"https:\/\/www.estrategiaconcursos.com.br\/blog\/enem-espanhol-questoes-artigo-5-45\/\"]}]},{\"@type\":\"ImageObject\",\"inLanguage\":\"pt-BR\",\"@id\":\"https:\/\/www.estrategiaconcursos.com.br\/blog\/enem-espanhol-questoes-artigo-5-45\/#primaryimage\",\"url\":\"https:\/\/dhg1h5j42swfq.cloudfront.net\/2018\/11\/24195303\/ENEM-PJ45-Artigo-05.png\",\"contentUrl\":\"https:\/\/dhg1h5j42swfq.cloudfront.net\/2018\/11\/24195303\/ENEM-PJ45-Artigo-05.png\",\"width\":824,\"height\":1064},{\"@type\":\"BreadcrumbList\",\"@id\":\"https:\/\/www.estrategiaconcursos.com.br\/blog\/enem-espanhol-questoes-artigo-5-45\/#breadcrumb\",\"itemListElement\":[{\"@type\":\"ListItem\",\"position\":1,\"name\":\"In\u00edcio\",\"item\":\"https:\/\/www.estrategiaconcursos.com.br\/blog\/\"},{\"@type\":\"ListItem\",\"position\":2,\"name\":\"ENEM-ESPANHOL \u2013 QUEST\u00d5ES \u2013 ARTIGO 5\/45\"}]},{\"@type\":\"WebSite\",\"@id\":\"https:\/\/www.estrategiaconcursos.com.br\/blog\/#website\",\"url\":\"https:\/\/www.estrategiaconcursos.com.br\/blog\/\",\"name\":\"Estrat\u00e9gia Concursos\",\"description\":\"O blog da Estrat\u00e9gia Concursos traz not\u00edcias sobre concursos e artigos de professores oferecendo cursos para concursos (pdf + videaulas) no site.\",\"publisher\":{\"@id\":\"https:\/\/www.estrategiaconcursos.com.br\/blog\/#organization\"},\"potentialAction\":[{\"@type\":\"SearchAction\",\"target\":{\"@type\":\"EntryPoint\",\"urlTemplate\":\"https:\/\/www.estrategiaconcursos.com.br\/blog\/?s={search_term_string}\"},\"query-input\":{\"@type\":\"PropertyValueSpecification\",\"valueRequired\":true,\"valueName\":\"search_term_string\"}}],\"inLanguage\":\"pt-BR\"},{\"@type\":\"Organization\",\"@id\":\"https:\/\/www.estrategiaconcursos.com.br\/blog\/#organization\",\"name\":\"Estrat\u00e9gia Concursos\",\"url\":\"https:\/\/www.estrategiaconcursos.com.br\/blog\/\",\"logo\":{\"@type\":\"ImageObject\",\"inLanguage\":\"pt-BR\",\"@id\":\"https:\/\/www.estrategiaconcursos.com.br\/blog\/#\/schema\/logo\/image\/\",\"url\":\"https:\/\/dhg1h5j42swfq.cloudfront.net\/2025\/06\/03203428\/logo_concursos-1.jpg\",\"contentUrl\":\"https:\/\/dhg1h5j42swfq.cloudfront.net\/2025\/06\/03203428\/logo_concursos-1.jpg\",\"width\":230,\"height\":60,\"caption\":\"Estrat\u00e9gia Concursos\"},\"image\":{\"@id\":\"https:\/\/www.estrategiaconcursos.com.br\/blog\/#\/schema\/logo\/image\/\"},\"sameAs\":[\"https:\/\/x.com\/EstratConcursos\"]},{\"@type\":\"Person\",\"@id\":\"https:\/\/www.estrategiaconcursos.com.br\/blog\/#\/schema\/person\/e6feecd7273067598aae46392fc9f322\",\"name\":\"Adino\u00e9l Sebasti\u00e3o\",\"image\":{\"@type\":\"ImageObject\",\"inLanguage\":\"pt-BR\",\"@id\":\"https:\/\/secure.gravatar.com\/avatar\/d076dd9a00cb1c92545aae4fae60d3013922a1a2e7e9599a079da4450204b8cd?s=96&d=mm&r=g\",\"url\":\"https:\/\/secure.gravatar.com\/avatar\/d076dd9a00cb1c92545aae4fae60d3013922a1a2e7e9599a079da4450204b8cd?s=96&d=mm&r=g\",\"contentUrl\":\"https:\/\/secure.gravatar.com\/avatar\/d076dd9a00cb1c92545aae4fae60d3013922a1a2e7e9599a079da4450204b8cd?s=96&d=mm&r=g\",\"caption\":\"Adino\u00e9l Sebasti\u00e3o\"},\"description\":\"Meu nome \u00e9 ADINO\u00c9L SEBASTI\u00c3O. Sou formado em Ci\u00eancias Cont\u00e1beis pela Funda\u00e7\u00e3o Faculdade de Ci\u00eancias Econ\u00f4micas de Apucarana-PR (FECEA). Sou Auditor-Fiscal do Trabalho (AFT). Estou lotado em Bras\u00edlia-DF na Secretaria de Inspe\u00e7\u00e3o do Trabalho em Bras\u00edlia-DF. Fui aprovado no concurso de AFT-2013. Esse concurso, segundo o CESPE, teve 48.035. Fui Analista Tribut\u00e1rio da Receita Federal (ATRFB) por mais de 22 anos (1991 a 2013). Sou autor do site \\\"www.adinoel.com\\\" e sou colaborador com tradu\u00e7\u00f5es livres de Ingl\u00eas e de Espanhol em alguns sites de concursos. J\u00e1 atuei como professor e tutor online da ESAF (aulas de inform\u00e1tica, palestras, funcionamento do CAC, etc). Elaborei\/elaboro aulas de Espanhol, Ingl\u00eas e Portugu\u00eas para concursos. Possuo v\u00e1rios cursos de forma\u00e7\u00e3o pessoal, entre eles destaco: curso de Espanhol no Instituto Cervantes da Espanha; curso de Ingl\u00eas nas escolas FISK; curso online \\\"Mejores Pr\u00e1cticas en la Administraci\u00f3n Tributaria, Ed. 9\\\", do Instituto de Estudios Fiscales e da Fundaci\u00f3n CEDDET da Espanha.\",\"url\":\"https:\/\/www.estrategiaconcursos.com.br\/blog\/author\/adinoel-sebastiaogmail-com\/\"}]}<\/script>\n<!-- \/ Yoast SEO Premium plugin. -->","yoast_head_json":{"title":"ENEM-ESPANHOL \u2013 QUEST\u00d5ES \u2013 ARTIGO 5\/45","robots":{"index":"index","follow":"follow","max-snippet":"max-snippet:-1","max-image-preview":"max-image-preview:large","max-video-preview":"max-video-preview:-1"},"canonical":"https:\/\/www.estrategiaconcursos.com.br\/blog\/enem-espanhol-questoes-artigo-5-45\/","og_locale":"pt_BR","og_type":"article","og_title":"ENEM-ESPANHOL \u2013 QUEST\u00d5ES \u2013 ARTIGO 5\/45","og_description":"Ol\u00e1 a todos! Hoje, temos o nosso quinto\u00a0artigo da s\u00e9rie de artigos que trar\u00e3o para voc\u00eas quest\u00f5es das provas do ENEM do ano de 2012 at\u00e9 2018. Vamos come\u00e7ar com quest\u00f5es do \u00faltimo ano at\u00e9 chegar \u00e0s quest\u00f5es de 2012. Ao todo ser\u00e3o 45 artigos que sendo publicados de 3 em 3 dias.\u00a0 Ent\u00e3o, sem [&hellip;]","og_url":"https:\/\/www.estrategiaconcursos.com.br\/blog\/enem-espanhol-questoes-artigo-5-45\/","og_site_name":"Estrat\u00e9gia Concursos","article_published_time":"2018-12-07T11:01:32+00:00","article_modified_time":"2019-04-09T19:49:22+00:00","og_image":[{"url":"https:\/\/www.estrategiaconcursos.com.br\/blog\/wp-content\/uploads\/2018\/11\/ENEM-PJ45-Artigo-05.png","type":"","width":"","height":""}],"author":"Adino\u00e9l Sebasti\u00e3o","twitter_card":"summary_large_image","twitter_creator":"@EstratConcursos","twitter_site":"@EstratConcursos","twitter_misc":{"Escrito por":"Adino\u00e9l Sebasti\u00e3o","Est. tempo de leitura":"7 minutos"},"schema":{"@context":"https:\/\/schema.org","@graph":[{"@type":"NewsArticle","@id":"https:\/\/www.estrategiaconcursos.com.br\/blog\/enem-espanhol-questoes-artigo-5-45\/#article","isPartOf":{"@id":"https:\/\/www.estrategiaconcursos.com.br\/blog\/enem-espanhol-questoes-artigo-5-45\/"},"author":{"name":"Adino\u00e9l Sebasti\u00e3o","@id":"https:\/\/www.estrategiaconcursos.com.br\/blog\/#\/schema\/person\/e6feecd7273067598aae46392fc9f322"},"headline":"ENEM-ESPANHOL \u2013 QUEST\u00d5ES \u2013 ARTIGO 5\/45","datePublished":"2018-12-07T11:01:32+00:00","dateModified":"2019-04-09T19:49:22+00:00","mainEntityOfPage":{"@id":"https:\/\/www.estrategiaconcursos.com.br\/blog\/enem-espanhol-questoes-artigo-5-45\/"},"wordCount":1379,"commentCount":0,"publisher":{"@id":"https:\/\/www.estrategiaconcursos.com.br\/blog\/#organization"},"image":{"@id":"https:\/\/www.estrategiaconcursos.com.br\/blog\/enem-espanhol-questoes-artigo-5-45\/#primaryimage"},"thumbnailUrl":"https:\/\/www.estrategiaconcursos.com.br\/blog\/wp-content\/uploads\/2018\/11\/ENEM-PJ45-Artigo-05.png","articleSection":["Concursos P\u00fablicos"],"inLanguage":"pt-BR","potentialAction":[{"@type":"CommentAction","name":"Comment","target":["https:\/\/www.estrategiaconcursos.com.br\/blog\/enem-espanhol-questoes-artigo-5-45\/#respond"]}],"copyrightYear":"2018","copyrightHolder":{"@id":"https:\/\/www.estrategiaconcursos.com.br\/blog\/#organization"}},{"@type":"WebPage","@id":"https:\/\/www.estrategiaconcursos.com.br\/blog\/enem-espanhol-questoes-artigo-5-45\/","url":"https:\/\/www.estrategiaconcursos.com.br\/blog\/enem-espanhol-questoes-artigo-5-45\/","name":"ENEM-ESPANHOL \u2013 QUEST\u00d5ES \u2013 ARTIGO 5\/45","isPartOf":{"@id":"https:\/\/www.estrategiaconcursos.com.br\/blog\/#website"},"primaryImageOfPage":{"@id":"https:\/\/www.estrategiaconcursos.com.br\/blog\/enem-espanhol-questoes-artigo-5-45\/#primaryimage"},"image":{"@id":"https:\/\/www.estrategiaconcursos.com.br\/blog\/enem-espanhol-questoes-artigo-5-45\/#primaryimage"},"thumbnailUrl":"https:\/\/www.estrategiaconcursos.com.br\/blog\/wp-content\/uploads\/2018\/11\/ENEM-PJ45-Artigo-05.png","datePublished":"2018-12-07T11:01:32+00:00","dateModified":"2019-04-09T19:49:22+00:00","breadcrumb":{"@id":"https:\/\/www.estrategiaconcursos.com.br\/blog\/enem-espanhol-questoes-artigo-5-45\/#breadcrumb"},"inLanguage":"pt-BR","potentialAction":[{"@type":"ReadAction","target":["https:\/\/www.estrategiaconcursos.com.br\/blog\/enem-espanhol-questoes-artigo-5-45\/"]}]},{"@type":"ImageObject","inLanguage":"pt-BR","@id":"https:\/\/www.estrategiaconcursos.com.br\/blog\/enem-espanhol-questoes-artigo-5-45\/#primaryimage","url":"https:\/\/dhg1h5j42swfq.cloudfront.net\/2018\/11\/24195303\/ENEM-PJ45-Artigo-05.png","contentUrl":"https:\/\/dhg1h5j42swfq.cloudfront.net\/2018\/11\/24195303\/ENEM-PJ45-Artigo-05.png","width":824,"height":1064},{"@type":"BreadcrumbList","@id":"https:\/\/www.estrategiaconcursos.com.br\/blog\/enem-espanhol-questoes-artigo-5-45\/#breadcrumb","itemListElement":[{"@type":"ListItem","position":1,"name":"In\u00edcio","item":"https:\/\/www.estrategiaconcursos.com.br\/blog\/"},{"@type":"ListItem","position":2,"name":"ENEM-ESPANHOL \u2013 QUEST\u00d5ES \u2013 ARTIGO 5\/45"}]},{"@type":"WebSite","@id":"https:\/\/www.estrategiaconcursos.com.br\/blog\/#website","url":"https:\/\/www.estrategiaconcursos.com.br\/blog\/","name":"Estrat\u00e9gia Concursos","description":"O blog da Estrat\u00e9gia Concursos traz not\u00edcias sobre concursos e artigos de professores oferecendo cursos para concursos (pdf + videaulas) no site.","publisher":{"@id":"https:\/\/www.estrategiaconcursos.com.br\/blog\/#organization"},"potentialAction":[{"@type":"SearchAction","target":{"@type":"EntryPoint","urlTemplate":"https:\/\/www.estrategiaconcursos.com.br\/blog\/?s={search_term_string}"},"query-input":{"@type":"PropertyValueSpecification","valueRequired":true,"valueName":"search_term_string"}}],"inLanguage":"pt-BR"},{"@type":"Organization","@id":"https:\/\/www.estrategiaconcursos.com.br\/blog\/#organization","name":"Estrat\u00e9gia Concursos","url":"https:\/\/www.estrategiaconcursos.com.br\/blog\/","logo":{"@type":"ImageObject","inLanguage":"pt-BR","@id":"https:\/\/www.estrategiaconcursos.com.br\/blog\/#\/schema\/logo\/image\/","url":"https:\/\/dhg1h5j42swfq.cloudfront.net\/2025\/06\/03203428\/logo_concursos-1.jpg","contentUrl":"https:\/\/dhg1h5j42swfq.cloudfront.net\/2025\/06\/03203428\/logo_concursos-1.jpg","width":230,"height":60,"caption":"Estrat\u00e9gia Concursos"},"image":{"@id":"https:\/\/www.estrategiaconcursos.com.br\/blog\/#\/schema\/logo\/image\/"},"sameAs":["https:\/\/x.com\/EstratConcursos"]},{"@type":"Person","@id":"https:\/\/www.estrategiaconcursos.com.br\/blog\/#\/schema\/person\/e6feecd7273067598aae46392fc9f322","name":"Adino\u00e9l Sebasti\u00e3o","image":{"@type":"ImageObject","inLanguage":"pt-BR","@id":"https:\/\/secure.gravatar.com\/avatar\/d076dd9a00cb1c92545aae4fae60d3013922a1a2e7e9599a079da4450204b8cd?s=96&d=mm&r=g","url":"https:\/\/secure.gravatar.com\/avatar\/d076dd9a00cb1c92545aae4fae60d3013922a1a2e7e9599a079da4450204b8cd?s=96&d=mm&r=g","contentUrl":"https:\/\/secure.gravatar.com\/avatar\/d076dd9a00cb1c92545aae4fae60d3013922a1a2e7e9599a079da4450204b8cd?s=96&d=mm&r=g","caption":"Adino\u00e9l Sebasti\u00e3o"},"description":"Meu nome \u00e9 ADINO\u00c9L SEBASTI\u00c3O. Sou formado em Ci\u00eancias Cont\u00e1beis pela Funda\u00e7\u00e3o Faculdade de Ci\u00eancias Econ\u00f4micas de Apucarana-PR (FECEA). Sou Auditor-Fiscal do Trabalho (AFT). Estou lotado em Bras\u00edlia-DF na Secretaria de Inspe\u00e7\u00e3o do Trabalho em Bras\u00edlia-DF. Fui aprovado no concurso de AFT-2013. Esse concurso, segundo o CESPE, teve 48.035. Fui Analista Tribut\u00e1rio da Receita Federal (ATRFB) por mais de 22 anos (1991 a 2013). Sou autor do site \"www.adinoel.com\" e sou colaborador com tradu\u00e7\u00f5es livres de Ingl\u00eas e de Espanhol em alguns sites de concursos. J\u00e1 atuei como professor e tutor online da ESAF (aulas de inform\u00e1tica, palestras, funcionamento do CAC, etc). Elaborei\/elaboro aulas de Espanhol, Ingl\u00eas e Portugu\u00eas para concursos. Possuo v\u00e1rios cursos de forma\u00e7\u00e3o pessoal, entre eles destaco: curso de Espanhol no Instituto Cervantes da Espanha; curso de Ingl\u00eas nas escolas FISK; curso online \"Mejores Pr\u00e1cticas en la Administraci\u00f3n Tributaria, Ed. 9\", do Instituto de Estudios Fiscales e da Fundaci\u00f3n CEDDET da Espanha.","url":"https:\/\/www.estrategiaconcursos.com.br\/blog\/author\/adinoel-sebastiaogmail-com\/"}]}},"_links":{"self":[{"href":"https:\/\/www.estrategiaconcursos.com.br\/blog\/wp-json\/wp\/v2\/posts\/152655","targetHints":{"allow":["GET"]}}],"collection":[{"href":"https:\/\/www.estrategiaconcursos.com.br\/blog\/wp-json\/wp\/v2\/posts"}],"about":[{"href":"https:\/\/www.estrategiaconcursos.com.br\/blog\/wp-json\/wp\/v2\/types\/post"}],"author":[{"embeddable":true,"href":"https:\/\/www.estrategiaconcursos.com.br\/blog\/wp-json\/wp\/v2\/users\/121"}],"replies":[{"embeddable":true,"href":"https:\/\/www.estrategiaconcursos.com.br\/blog\/wp-json\/wp\/v2\/comments?post=152655"}],"version-history":[{"count":9,"href":"https:\/\/www.estrategiaconcursos.com.br\/blog\/wp-json\/wp\/v2\/posts\/152655\/revisions"}],"predecessor-version":[{"id":182279,"href":"https:\/\/www.estrategiaconcursos.com.br\/blog\/wp-json\/wp\/v2\/posts\/152655\/revisions\/182279"}],"wp:attachment":[{"href":"https:\/\/www.estrategiaconcursos.com.br\/blog\/wp-json\/wp\/v2\/media?parent=152655"}],"wp:term":[{"taxonomy":"category","embeddable":true,"href":"https:\/\/www.estrategiaconcursos.com.br\/blog\/wp-json\/wp\/v2\/categories?post=152655"},{"taxonomy":"post_tag","embeddable":true,"href":"https:\/\/www.estrategiaconcursos.com.br\/blog\/wp-json\/wp\/v2\/tags?post=152655"},{"taxonomy":"tax_estado","embeddable":true,"href":"https:\/\/www.estrategiaconcursos.com.br\/blog\/wp-json\/wp\/v2\/tax_estado?post=152655"}],"curies":[{"name":"wp","href":"https:\/\/api.w.org\/{rel}","templated":true}]}}