{"id":152639,"date":"2018-12-04T08:01:37","date_gmt":"2018-12-04T11:01:37","guid":{"rendered":"https:\/\/www.estrategiaconcursos.com.br\/blog\/?p=152639"},"modified":"2019-04-09T16:49:23","modified_gmt":"2019-04-09T19:49:23","slug":"enem-espanhol-questoes-artigo-4-45","status":"publish","type":"post","link":"https:\/\/www.estrategiaconcursos.com.br\/blog\/enem-espanhol-questoes-artigo-4-45\/","title":{"rendered":"ENEM-ESPANHOL \u2013 QUEST\u00d5ES \u2013 ARTIGO 4\/45"},"content":{"rendered":"<p><span style=\"font-family: tahoma, arial, helvetica, sans-serif;color: #0000ff;font-size: 12pt\">Ol\u00e1 a todos!<\/span><\/p>\n<p><span style=\"font-family: tahoma, arial, helvetica, sans-serif;color: #0000ff;font-size: 12pt\">Hoje, temos o nosso <strong>quarto<\/strong> artigo da s\u00e9rie de artigos que trar\u00e3o para voc\u00eas quest\u00f5es das provas do ENEM do ano de 2012 at\u00e9 2018. Vamos come\u00e7ar com quest\u00f5es do \u00faltimo ano at\u00e9 chegar \u00e0s quest\u00f5es de 2012.<\/span><\/p>\n<p><span style=\"font-family: tahoma, arial, helvetica, sans-serif;color: #0000ff;font-size: 12pt\">Ao todo ser\u00e3o <span style=\"text-decoration: underline\">45 artigos<\/span> que sendo publicados de 3 em 3 dias.\u00a0<\/span><\/p>\n<p><span style=\"font-family: tahoma, arial, helvetica, sans-serif;color: #0000ff;font-size: 12pt\">Ent\u00e3o, sem mais delongas vamos aos coment\u00e1rios da quest\u00e3o do ENEM-2018.<\/span><\/p>\n<p><span style=\"font-family: tahoma, arial, helvetica, sans-serif;color: #0000ff;font-size: 12pt\">Boa leitura.<\/span><\/p>\n<p><span style=\"font-family: tahoma, arial, helvetica, sans-serif;color: #0000ff;font-size: 12pt\">Prof. Adino\u00e9l Sebasti\u00e3o<\/span><\/p>\n<p><span style=\"font-family: tahoma, arial, helvetica, sans-serif;font-size: 12pt\"><strong><span style=\"color: #0000ff\">@adinoel.sebastiao \/ www.adinoel.com \/ adinoel.sebastiao@gmail.com<\/span><\/strong><\/span><\/p>\n<p style=\"text-align: center\"><a href=\"https:\/\/www.estrategiaconcursos.com.br\/cursosPorConcurso\/enem-exame-nacional-do-ensino-medio\/\" target=\"_blank\" rel=\"noopener noreferrer\"><span style=\"text-decoration: underline\"><span style=\"color: #ff0000\"><strong><span style=\"font-family: tahoma, arial, helvetica, sans-serif;font-size: 18pt\">PACOTE ENEM-2019<\/span><\/strong><\/span><\/span><\/a><\/p>\n<hr \/>\n<h2><span style=\"font-size: 18pt\"><strong><span style=\"text-decoration: underline\"><span style=\"font-family: tahoma, arial, helvetica, sans-serif;color: #000000;text-decoration: underline\">ENEM-2018 \u2013 prova amarela \u2013 quest\u00e3o 04 \u2013 tradu\u00e7\u00e3o livre<\/span><\/span><\/strong><\/span><\/h2>\n<p><span style=\"font-size: 12pt;font-family: tahoma, arial, helvetica, sans-serif;color: #000000\"><strong>\u00a0<span style=\"font-family: tahoma, arial, helvetica, sans-serif;color: #0000ff;font-size: 12pt\"><img loading=\"lazy\" decoding=\"async\" class=\"alignnone wp-image-152643\" src=\"https:\/\/dhg1h5j42swfq.cloudfront.net\/2018\/11\/24192407\/ENEM-PJ45-Artigo-04.png\" alt=\"\" width=\"600\" height=\"529\" srcset=\"https:\/\/dhg1h5j42swfq.cloudfront.net\/2018\/11\/24192407\/ENEM-PJ45-Artigo-04.png 824w, https:\/\/dhg1h5j42swfq.cloudfront.net\/2018\/11\/24192407\/ENEM-PJ45-Artigo-04.png 300w, https:\/\/dhg1h5j42swfq.cloudfront.net\/2018\/11\/24192407\/ENEM-PJ45-Artigo-04.png 768w, https:\/\/dhg1h5j42swfq.cloudfront.net\/2018\/11\/24192407\/ENEM-PJ45-Artigo-04.png 610w\" sizes=\"auto, (max-width: 600px) 100vw, 600px\" \/><\/span><\/strong><\/span><\/p>\n<p><span style=\"font-size: 12pt;font-family: tahoma, arial, helvetica, sans-serif;color: #3366ff\"><strong>Como gerenciar a diversidade lingu\u00edstica na aula?<\/strong><\/span><\/p>\n<p><span style=\"font-size: 12pt;font-family: tahoma, arial, helvetica, sans-serif;color: #3366ff\">A aprendizagem de idiomas \u00e9 uma das demandas<\/span><\/p>\n<p><span style=\"font-size: 12pt;font-family: tahoma, arial, helvetica, sans-serif;color: #3366ff\">da sociedade na escola: os alunos t\u00eam que<\/span><\/p>\n<p><span style=\"font-size: 12pt;font-family: tahoma, arial, helvetica, sans-serif;color: #3366ff\">finalizar a escolariza\u00e7\u00e3o com um bom conhecimento,<\/span><\/p>\n<p><span style=\"font-size: 12pt;font-family: tahoma, arial, helvetica, sans-serif;color: #3366ff\">pelo menos, das tr\u00eas l\u00ednguas curriculares: catal\u00e3o,<\/span><\/p>\n<p><span style=\"font-size: 12pt;font-family: tahoma, arial, helvetica, sans-serif;color: #3366ff\">castelhano (espanhol) e ingl\u00eas (ou franc\u00eas, portugu\u00eas&#8230;).<\/span><\/p>\n<p><span style=\"font-size: 12pt;font-family: tahoma, arial, helvetica, sans-serif;color: #3366ff\">A metodologia que promove a aprendizagem integrada<\/span><\/p>\n<p><span style=\"font-size: 12pt;font-family: tahoma, arial, helvetica, sans-serif;color: #3366ff\">de idiomas na escola leva em conta as rela\u00e7\u00f5es<\/span><\/p>\n<p><span style=\"font-size: 12pt;font-family: tahoma, arial, helvetica, sans-serif;color: #3366ff\">entre as diferentes l\u00ednguas: o melhor ensino de uma<\/span><\/p>\n<p><span style=\"font-size: 12pt;font-family: tahoma, arial, helvetica, sans-serif;color: #3366ff\">l\u00edngua incide na melhoria de todas as demais. Trata-se<\/span><\/p>\n<p><span style=\"font-size: 12pt;font-family: tahoma, arial, helvetica, sans-serif;color: #3366ff\">de educar em e para a diversidade lingu\u00edstica e cultural.<\/span><\/p>\n<p><span style=\"font-size: 12pt;font-family: tahoma, arial, helvetica, sans-serif;color: #3366ff\">Por isso, a V Jornada de Boas Pr\u00e1ticas de Gest\u00e3o<\/span><\/p>\n<p><span style=\"font-size: 12pt;font-family: tahoma, arial, helvetica, sans-serif;color: #3366ff\">do Multilinguismo, que acontecer\u00e1 em Barcelona, debater\u00e1<\/span><\/p>\n<p><span style=\"font-size: 12pt;font-family: tahoma, arial, helvetica, sans-serif;color: #3366ff\">sobre a gest\u00e3o do multilinguismo na aula. O objetivo<\/span><\/p>\n<p><span style=\"font-size: 12pt;font-family: tahoma, arial, helvetica, sans-serif;color: #3366ff\">\u00e9 difundir propostas para a aprendizagem integrada de<\/span><\/p>\n<p><span style=\"font-size: 12pt;font-family: tahoma, arial, helvetica, sans-serif;color: #3366ff\">idiomas e apresentar experi\u00eancias pr\u00e1ticas de gest\u00e3o<\/span><\/p>\n<p><span style=\"font-size: 12pt;font-family: tahoma, arial, helvetica, sans-serif;color: #3366ff\">da diversidade lingu\u00edstica presente nas aulas.<\/span><\/p>\n<hr \/>\n<h2><span style=\"font-size: 18pt\"><strong><span style=\"text-decoration: underline\"><span style=\"font-family: tahoma, arial, helvetica, sans-serif;color: #000000;text-decoration: underline\">ENEM-2018 \u2013 prova amarela \u2013 quest\u00e3o 04 \u2013 coment\u00e1rios<\/span><\/span><\/strong><\/span><\/h2>\n<p><img loading=\"lazy\" decoding=\"async\" class=\"alignnone wp-image-152642\" src=\"https:\/\/dhg1h5j42swfq.cloudfront.net\/2018\/11\/24192355\/ENEM-PJ45-Artigo-04-1.png\" alt=\"\" width=\"600\" height=\"434\" srcset=\"https:\/\/dhg1h5j42swfq.cloudfront.net\/2018\/11\/24192355\/ENEM-PJ45-Artigo-04-1.png 835w, https:\/\/dhg1h5j42swfq.cloudfront.net\/2018\/11\/24192355\/ENEM-PJ45-Artigo-04-1.png 300w, https:\/\/dhg1h5j42swfq.cloudfront.net\/2018\/11\/24192355\/ENEM-PJ45-Artigo-04-1.png 768w, https:\/\/dhg1h5j42swfq.cloudfront.net\/2018\/11\/24192355\/ENEM-PJ45-Artigo-04-1.png 610w\" sizes=\"auto, (max-width: 600px) 100vw, 600px\" \/><\/p>\n<p><span style=\"font-size: 12pt;font-family: tahoma, arial, helvetica, sans-serif;color: #000000\">A quest\u00e3o acima \u00e9 uma quest\u00e3o de interpreta\u00e7\u00e3o de texto. N\u00e3o se cobrou nenhum conte\u00fado espec\u00edfico de gram\u00e1tica nesta quest\u00e3o.<\/span><\/p>\n<p><span style=\"font-size: 12pt;font-family: tahoma, arial, helvetica, sans-serif;color: #000000\">O enunciado da quest\u00e3o come\u00e7ou informando que na regi\u00e3o da Catalunha, Espanha, convivem duas l\u00ednguas oficiais (o catal\u00e3o e o espanhol) e, al\u00e9m dessas, se ensina outras l\u00ednguas nas escolas. Depois dessa informa\u00e7\u00e3o inicial, o enunciado continua da seguinte forma: &#8220;<strong><em>De acordo com o texto, para administrar a variedade lingu\u00edstica nas aulas, \u00e9 necess\u00e1rio<\/em><\/strong>&#8220;.<\/span><\/p>\n<p><span style=\"font-size: 12pt;font-family: tahoma, arial, helvetica, sans-serif;color: #000000\">Pois bem, diante da constru\u00e7\u00e3o da quest\u00e3o percebemos que devemos completar a segunda parte do enunciado com uma das alternativas apresentadas. Seria mais ou menos uma quest\u00e3o de completar lacuna. Assim:<\/span><\/p>\n<table style=\"border-collapse: collapse;width: 100%\" border=\"1\">\n<tbody>\n<tr>\n<td style=\"width: 100%\"><span style=\"color: #3366ff\"><em><span style=\"font-size: 12pt;font-family: tahoma, arial, helvetica, sans-serif\">De acordo com o texto, para administrar a variedade lingu\u00edstica nas aulas, \u00e9 necess\u00e1rio ___________________.<\/span><\/em><\/span><\/td>\n<\/tr>\n<\/tbody>\n<\/table>\n<p><span style=\"font-size: 12pt;font-family: tahoma, arial, helvetica, sans-serif;color: #000000\">Ent\u00e3o, o que devemos fazer \u00e9 verificar qual alternativa completa o enunciado apresentado para a quest\u00e3o. Vamos testar todas as alternativas.<\/span><\/p>\n<p><span style=\"font-size: 12pt;font-family: tahoma, arial, helvetica, sans-serif;color: #000000\"><strong>Alternativa &#8220;A&#8221;<\/strong><\/span><\/p>\n<table style=\"border-collapse: collapse;width: 100%\" border=\"1\">\n<tbody>\n<tr>\n<td style=\"width: 100%\"><span style=\"color: #3366ff\"><em><span style=\"font-size: 12pt;font-family: tahoma, arial, helvetica, sans-serif\">De acordo com o texto, para administrar a variedade lingu\u00edstica nas aulas, \u00e9 necess\u00e1rio <strong><u>ampliar o n\u00famero de l\u00ednguas ofertadas para enriquecer o conte\u00fado<\/u><\/strong>.<\/span><\/em><\/span><\/td>\n<\/tr>\n<\/tbody>\n<\/table>\n<p><span style=\"font-size: 12pt;font-family: tahoma, arial, helvetica, sans-serif;color: #000000\">A constru\u00e7\u00e3o acima est\u00e1 errada. O texto menciona no par\u00e1grafo primeiro que se estuda tr\u00eas l\u00ednguas: catal\u00e3o, castelhano (espanhol), ingl\u00eas. E, conforme o texto, pode estudar outras l\u00ednguas: franc\u00eas, portugu\u00eas, outra. Mas n\u00e3o se mencionou a amplia\u00e7\u00e3o do n\u00famero l\u00ednguas a serem ofertadas.<\/span><\/p>\n<p><span style=\"font-size: 12pt;font-family: tahoma, arial, helvetica, sans-serif;color: #000000\"><strong>Alternativa &#8220;B&#8221;<\/strong><\/span><\/p>\n<table style=\"border-collapse: collapse;width: 100%\" border=\"1\">\n<tbody>\n<tr>\n<td style=\"width: 100%\"><span style=\"color: #3366ff\"><em><span style=\"font-size: 12pt;font-family: tahoma, arial, helvetica, sans-serif\">De acordo com o texto, para administrar a variedade lingu\u00edstica nas aulas, \u00e9 necess\u00e1rio <strong><u>divulgar o estudo de diferentes idiomas e culturas para atrair os estudantes<\/u><\/strong>.<\/span><\/em><\/span><\/td>\n<\/tr>\n<\/tbody>\n<\/table>\n<p><span style=\"color: #000000;font-family: tahoma, arial, helvetica, sans-serif;font-size: 12pt\">A constru\u00e7\u00e3o acima est\u00e1 errada. O texto menciona no par\u00e1grafo primeiro que se estuda tr\u00eas l\u00ednguas: catal\u00e3o, castelhano (espanhol), ingl\u00eas. E, conforme o texto, pode estudar outras l\u00ednguas: franc\u00eas, portugu\u00eas, outra. Por\u00e9m, n\u00e3o se comentou sobre divulga\u00e7\u00e3o do estudo de diferentes idiomas e culturas para atrair os estudantes.<\/span><\/p>\n<p><span style=\"font-size: 12pt;font-family: tahoma, arial, helvetica, sans-serif;color: #000000\"><strong>Alternativa &#8220;C&#8221;<\/strong><\/span><\/p>\n<table style=\"border-collapse: collapse;width: 100%\" border=\"1\">\n<tbody>\n<tr>\n<td style=\"width: 100%\"><span style=\"color: #3366ff\"><em><span style=\"font-size: 12pt;font-family: tahoma, arial, helvetica, sans-serif\">De acordo com o texto, para administrar a variedade lingu\u00edstica nas aulas, \u00e9 necess\u00e1rio <strong><u>privilegiar o estudo de l\u00ednguas maternas para valorizar os aspectos regionais<\/u><\/strong>.<\/span><\/em><\/span><\/td>\n<\/tr>\n<\/tbody>\n<\/table>\n<p><span style=\"font-size: 12pt;font-family: tahoma, arial, helvetica, sans-serif;color: #000000\">A constru\u00e7\u00e3o acima est\u00e1 errada. O texto menciona no par\u00e1grafo primeiro que se estuda tr\u00eas l\u00ednguas: catal\u00e3o, castelhano (espanhol), ingl\u00eas. E, conforme o texto, pode estudar outras l\u00ednguas: franc\u00eas, portugu\u00eas, outra. No entanto, em nenhum momento o autor falou em privil\u00e9gio para o estudo de l\u00ednguas maternas.<\/span><\/p>\n<p><span style=\"font-size: 12pt;font-family: tahoma, arial, helvetica, sans-serif;color: #000000\"><strong>Alternativa &#8220;D&#8221;<\/strong><\/span><\/p>\n<table style=\"border-collapse: collapse;width: 100%\" border=\"1\">\n<tbody>\n<tr>\n<td style=\"width: 100%\"><span style=\"color: #3366ff\"><em><span style=\"font-size: 12pt;font-family: tahoma, arial, helvetica, sans-serif\">De acordo com o texto, para administrar a variedade lingu\u00edstica nas aulas, \u00e9 necess\u00e1rio <strong><u>explorar as rela\u00e7\u00f5es entre as l\u00ednguas estudadas para promover a diversidade<\/u><\/strong>.<\/span><\/em><\/span><\/td>\n<\/tr>\n<\/tbody>\n<\/table>\n<p><span style=\"font-size: 12pt;font-family: tahoma, arial, helvetica, sans-serif;color: #000000\">A constru\u00e7\u00e3o acima \u00e9 a resposta para a quest\u00e3o. O \u00faltimo par\u00e1grafo do texto informa que acontecer\u00e1 em Barcelona a V Jornada de Boas Pr\u00e1ticas de Gest\u00e3o do Multilinguismo. Essa jornada debater\u00e1 a gest\u00e3o do multilinguismo em sala de aula. Informa ainda que o objetivo da jornada \u00e9 <u>difundir propostas para a aprendizagem integrada de idiomas<\/u> (<strong>explorar as rela\u00e7\u00f5es entre as l\u00ednguas estudadas<\/strong>) e apresentar experi\u00eancias pr\u00e1ticas <u>para gest\u00e3o da diversidade lingu\u00edstica<\/u> (<strong>promover a diversidade<\/strong>).<\/span><\/p>\n<p><span style=\"font-size: 12pt;font-family: tahoma, arial, helvetica, sans-serif;color: #000000\"><strong>Alternativa &#8220;E&#8221;<\/strong><\/span><\/p>\n<table style=\"border-collapse: collapse;width: 100%\" border=\"1\">\n<tbody>\n<tr>\n<td style=\"width: 100%\"><span style=\"color: #3366ff\"><em><span style=\"font-size: 12pt;font-family: tahoma, arial, helvetica, sans-serif\">De acordo com o texto, para administrar a variedade lingu\u00edstica nas aulas, \u00e9 necess\u00e1rio <strong><u>debater as pr\u00e1ticas sobre multilinguismo para formar melhor os professores de l\u00ednguas<\/u><\/strong>.<\/span><\/em><\/span><\/td>\n<\/tr>\n<\/tbody>\n<\/table>\n<p><span style=\"font-size: 12pt;font-family: tahoma, arial, helvetica, sans-serif;color: #000000\">A constru\u00e7\u00e3o acima est\u00e1 errada. Em nenhum no texto se discutiu a forma\u00e7\u00e3o dos professores.<\/span><\/p>\n<p><span style=\"color: #ff0000\"><strong><span style=\"font-size: 12pt;font-family: tahoma, arial, helvetica, sans-serif\">Resposta: &#8220;D&#8221;.<\/span><\/strong><\/span><\/p>\n<p>&nbsp;<\/p>\n<p>&nbsp;<\/p>\n","protected":false},"excerpt":{"rendered":"<p>Ol\u00e1 a todos! Hoje, temos o nosso quarto artigo da s\u00e9rie de artigos que trar\u00e3o para voc\u00eas quest\u00f5es das provas do ENEM do ano de 2012 at\u00e9 2018. Vamos come\u00e7ar com quest\u00f5es do \u00faltimo ano at\u00e9 chegar \u00e0s quest\u00f5es de 2012. Ao todo ser\u00e3o 45 artigos que sendo publicados de 3 em 3 dias.\u00a0 Ent\u00e3o, [&hellip;]<\/p>\n","protected":false},"author":121,"featured_media":0,"comment_status":"open","ping_status":"closed","sticky":false,"template":"","format":"standard","meta":{"post_tipo":"article","footnotes":""},"categories":[1],"tags":[],"tax_estado":[],"class_list":["post-152639","post","type-post","status-publish","format-standard","hentry","category-cursos-e-concursos"],"acf":[],"yoast_head":"<!-- This site is optimized with the Yoast SEO Premium plugin v27.2 (Yoast SEO v27.2) - https:\/\/yoast.com\/product\/yoast-seo-premium-wordpress\/ -->\n<title>ENEM-ESPANHOL \u2013 QUEST\u00d5ES \u2013 ARTIGO 4\/45<\/title>\n<meta name=\"robots\" content=\"index, follow, max-snippet:-1, max-image-preview:large, max-video-preview:-1\" \/>\n<link rel=\"canonical\" href=\"https:\/\/www.estrategiaconcursos.com.br\/blog\/enem-espanhol-questoes-artigo-4-45\/\" \/>\n<meta property=\"og:locale\" content=\"pt_BR\" \/>\n<meta property=\"og:type\" content=\"article\" \/>\n<meta property=\"og:title\" content=\"ENEM-ESPANHOL \u2013 QUEST\u00d5ES \u2013 ARTIGO 4\/45\" \/>\n<meta property=\"og:description\" content=\"Ol\u00e1 a todos! Hoje, temos o nosso quarto artigo da s\u00e9rie de artigos que trar\u00e3o para voc\u00eas quest\u00f5es das provas do ENEM do ano de 2012 at\u00e9 2018. Vamos come\u00e7ar com quest\u00f5es do \u00faltimo ano at\u00e9 chegar \u00e0s quest\u00f5es de 2012. Ao todo ser\u00e3o 45 artigos que sendo publicados de 3 em 3 dias.\u00a0 Ent\u00e3o, [&hellip;]\" \/>\n<meta property=\"og:url\" content=\"https:\/\/www.estrategiaconcursos.com.br\/blog\/enem-espanhol-questoes-artigo-4-45\/\" \/>\n<meta property=\"og:site_name\" content=\"Estrat\u00e9gia Concursos\" \/>\n<meta property=\"article:published_time\" content=\"2018-12-04T11:01:37+00:00\" \/>\n<meta property=\"article:modified_time\" content=\"2019-04-09T19:49:23+00:00\" \/>\n<meta property=\"og:image\" content=\"https:\/\/www.estrategiaconcursos.com.br\/blog\/wp-content\/uploads\/2018\/11\/ENEM-PJ45-Artigo-04.png\" \/>\n<meta name=\"author\" content=\"Adino\u00e9l Sebasti\u00e3o\" \/>\n<meta name=\"twitter:card\" content=\"summary_large_image\" \/>\n<meta name=\"twitter:creator\" content=\"@EstratConcursos\" \/>\n<meta name=\"twitter:site\" content=\"@EstratConcursos\" \/>\n<meta name=\"twitter:label1\" content=\"Escrito por\" \/>\n\t<meta name=\"twitter:data1\" content=\"Adino\u00e9l Sebasti\u00e3o\" \/>\n\t<meta name=\"twitter:label2\" content=\"Est. tempo de leitura\" \/>\n\t<meta name=\"twitter:data2\" content=\"4 minutos\" \/>\n<script type=\"application\/ld+json\" class=\"yoast-schema-graph\">{\"@context\":\"https:\/\/schema.org\",\"@graph\":[{\"@type\":\"NewsArticle\",\"@id\":\"https:\/\/www.estrategiaconcursos.com.br\/blog\/enem-espanhol-questoes-artigo-4-45\/#article\",\"isPartOf\":{\"@id\":\"https:\/\/www.estrategiaconcursos.com.br\/blog\/enem-espanhol-questoes-artigo-4-45\/\"},\"author\":{\"name\":\"Adino\u00e9l Sebasti\u00e3o\",\"@id\":\"https:\/\/www.estrategiaconcursos.com.br\/blog\/#\/schema\/person\/e6feecd7273067598aae46392fc9f322\"},\"headline\":\"ENEM-ESPANHOL \u2013 QUEST\u00d5ES \u2013 ARTIGO 4\/45\",\"datePublished\":\"2018-12-04T11:01:37+00:00\",\"dateModified\":\"2019-04-09T19:49:23+00:00\",\"mainEntityOfPage\":{\"@id\":\"https:\/\/www.estrategiaconcursos.com.br\/blog\/enem-espanhol-questoes-artigo-4-45\/\"},\"wordCount\":850,\"commentCount\":1,\"publisher\":{\"@id\":\"https:\/\/www.estrategiaconcursos.com.br\/blog\/#organization\"},\"image\":{\"@id\":\"https:\/\/www.estrategiaconcursos.com.br\/blog\/enem-espanhol-questoes-artigo-4-45\/#primaryimage\"},\"thumbnailUrl\":\"https:\/\/www.estrategiaconcursos.com.br\/blog\/wp-content\/uploads\/2018\/11\/ENEM-PJ45-Artigo-04.png\",\"articleSection\":[\"Concursos P\u00fablicos\"],\"inLanguage\":\"pt-BR\",\"potentialAction\":[{\"@type\":\"CommentAction\",\"name\":\"Comment\",\"target\":[\"https:\/\/www.estrategiaconcursos.com.br\/blog\/enem-espanhol-questoes-artigo-4-45\/#respond\"]}],\"copyrightYear\":\"2018\",\"copyrightHolder\":{\"@id\":\"https:\/\/www.estrategiaconcursos.com.br\/blog\/#organization\"}},{\"@type\":\"WebPage\",\"@id\":\"https:\/\/www.estrategiaconcursos.com.br\/blog\/enem-espanhol-questoes-artigo-4-45\/\",\"url\":\"https:\/\/www.estrategiaconcursos.com.br\/blog\/enem-espanhol-questoes-artigo-4-45\/\",\"name\":\"ENEM-ESPANHOL \u2013 QUEST\u00d5ES \u2013 ARTIGO 4\/45\",\"isPartOf\":{\"@id\":\"https:\/\/www.estrategiaconcursos.com.br\/blog\/#website\"},\"primaryImageOfPage\":{\"@id\":\"https:\/\/www.estrategiaconcursos.com.br\/blog\/enem-espanhol-questoes-artigo-4-45\/#primaryimage\"},\"image\":{\"@id\":\"https:\/\/www.estrategiaconcursos.com.br\/blog\/enem-espanhol-questoes-artigo-4-45\/#primaryimage\"},\"thumbnailUrl\":\"https:\/\/www.estrategiaconcursos.com.br\/blog\/wp-content\/uploads\/2018\/11\/ENEM-PJ45-Artigo-04.png\",\"datePublished\":\"2018-12-04T11:01:37+00:00\",\"dateModified\":\"2019-04-09T19:49:23+00:00\",\"breadcrumb\":{\"@id\":\"https:\/\/www.estrategiaconcursos.com.br\/blog\/enem-espanhol-questoes-artigo-4-45\/#breadcrumb\"},\"inLanguage\":\"pt-BR\",\"potentialAction\":[{\"@type\":\"ReadAction\",\"target\":[\"https:\/\/www.estrategiaconcursos.com.br\/blog\/enem-espanhol-questoes-artigo-4-45\/\"]}]},{\"@type\":\"ImageObject\",\"inLanguage\":\"pt-BR\",\"@id\":\"https:\/\/www.estrategiaconcursos.com.br\/blog\/enem-espanhol-questoes-artigo-4-45\/#primaryimage\",\"url\":\"https:\/\/dhg1h5j42swfq.cloudfront.net\/2018\/11\/24192407\/ENEM-PJ45-Artigo-04.png\",\"contentUrl\":\"https:\/\/dhg1h5j42swfq.cloudfront.net\/2018\/11\/24192407\/ENEM-PJ45-Artigo-04.png\",\"width\":824,\"height\":727},{\"@type\":\"BreadcrumbList\",\"@id\":\"https:\/\/www.estrategiaconcursos.com.br\/blog\/enem-espanhol-questoes-artigo-4-45\/#breadcrumb\",\"itemListElement\":[{\"@type\":\"ListItem\",\"position\":1,\"name\":\"In\u00edcio\",\"item\":\"https:\/\/www.estrategiaconcursos.com.br\/blog\/\"},{\"@type\":\"ListItem\",\"position\":2,\"name\":\"ENEM-ESPANHOL \u2013 QUEST\u00d5ES \u2013 ARTIGO 4\/45\"}]},{\"@type\":\"WebSite\",\"@id\":\"https:\/\/www.estrategiaconcursos.com.br\/blog\/#website\",\"url\":\"https:\/\/www.estrategiaconcursos.com.br\/blog\/\",\"name\":\"Estrat\u00e9gia Concursos\",\"description\":\"O blog da Estrat\u00e9gia Concursos traz not\u00edcias sobre concursos e artigos de professores oferecendo cursos para concursos (pdf + videaulas) no site.\",\"publisher\":{\"@id\":\"https:\/\/www.estrategiaconcursos.com.br\/blog\/#organization\"},\"potentialAction\":[{\"@type\":\"SearchAction\",\"target\":{\"@type\":\"EntryPoint\",\"urlTemplate\":\"https:\/\/www.estrategiaconcursos.com.br\/blog\/?s={search_term_string}\"},\"query-input\":{\"@type\":\"PropertyValueSpecification\",\"valueRequired\":true,\"valueName\":\"search_term_string\"}}],\"inLanguage\":\"pt-BR\"},{\"@type\":\"Organization\",\"@id\":\"https:\/\/www.estrategiaconcursos.com.br\/blog\/#organization\",\"name\":\"Estrat\u00e9gia Concursos\",\"url\":\"https:\/\/www.estrategiaconcursos.com.br\/blog\/\",\"logo\":{\"@type\":\"ImageObject\",\"inLanguage\":\"pt-BR\",\"@id\":\"https:\/\/www.estrategiaconcursos.com.br\/blog\/#\/schema\/logo\/image\/\",\"url\":\"https:\/\/dhg1h5j42swfq.cloudfront.net\/2025\/06\/03203428\/logo_concursos-1.jpg\",\"contentUrl\":\"https:\/\/dhg1h5j42swfq.cloudfront.net\/2025\/06\/03203428\/logo_concursos-1.jpg\",\"width\":230,\"height\":60,\"caption\":\"Estrat\u00e9gia Concursos\"},\"image\":{\"@id\":\"https:\/\/www.estrategiaconcursos.com.br\/blog\/#\/schema\/logo\/image\/\"},\"sameAs\":[\"https:\/\/x.com\/EstratConcursos\"]},{\"@type\":\"Person\",\"@id\":\"https:\/\/www.estrategiaconcursos.com.br\/blog\/#\/schema\/person\/e6feecd7273067598aae46392fc9f322\",\"name\":\"Adino\u00e9l Sebasti\u00e3o\",\"image\":{\"@type\":\"ImageObject\",\"inLanguage\":\"pt-BR\",\"@id\":\"https:\/\/secure.gravatar.com\/avatar\/d076dd9a00cb1c92545aae4fae60d3013922a1a2e7e9599a079da4450204b8cd?s=96&d=mm&r=g\",\"url\":\"https:\/\/secure.gravatar.com\/avatar\/d076dd9a00cb1c92545aae4fae60d3013922a1a2e7e9599a079da4450204b8cd?s=96&d=mm&r=g\",\"contentUrl\":\"https:\/\/secure.gravatar.com\/avatar\/d076dd9a00cb1c92545aae4fae60d3013922a1a2e7e9599a079da4450204b8cd?s=96&d=mm&r=g\",\"caption\":\"Adino\u00e9l Sebasti\u00e3o\"},\"description\":\"Meu nome \u00e9 ADINO\u00c9L SEBASTI\u00c3O. Sou formado em Ci\u00eancias Cont\u00e1beis pela Funda\u00e7\u00e3o Faculdade de Ci\u00eancias Econ\u00f4micas de Apucarana-PR (FECEA). Sou Auditor-Fiscal do Trabalho (AFT). Estou lotado em Bras\u00edlia-DF na Secretaria de Inspe\u00e7\u00e3o do Trabalho em Bras\u00edlia-DF. Fui aprovado no concurso de AFT-2013. Esse concurso, segundo o CESPE, teve 48.035. Fui Analista Tribut\u00e1rio da Receita Federal (ATRFB) por mais de 22 anos (1991 a 2013). Sou autor do site \\\"www.adinoel.com\\\" e sou colaborador com tradu\u00e7\u00f5es livres de Ingl\u00eas e de Espanhol em alguns sites de concursos. J\u00e1 atuei como professor e tutor online da ESAF (aulas de inform\u00e1tica, palestras, funcionamento do CAC, etc). Elaborei\/elaboro aulas de Espanhol, Ingl\u00eas e Portugu\u00eas para concursos. Possuo v\u00e1rios cursos de forma\u00e7\u00e3o pessoal, entre eles destaco: curso de Espanhol no Instituto Cervantes da Espanha; curso de Ingl\u00eas nas escolas FISK; curso online \\\"Mejores Pr\u00e1cticas en la Administraci\u00f3n Tributaria, Ed. 9\\\", do Instituto de Estudios Fiscales e da Fundaci\u00f3n CEDDET da Espanha.\",\"url\":\"https:\/\/www.estrategiaconcursos.com.br\/blog\/author\/adinoel-sebastiaogmail-com\/\"}]}<\/script>\n<!-- \/ Yoast SEO Premium plugin. -->","yoast_head_json":{"title":"ENEM-ESPANHOL \u2013 QUEST\u00d5ES \u2013 ARTIGO 4\/45","robots":{"index":"index","follow":"follow","max-snippet":"max-snippet:-1","max-image-preview":"max-image-preview:large","max-video-preview":"max-video-preview:-1"},"canonical":"https:\/\/www.estrategiaconcursos.com.br\/blog\/enem-espanhol-questoes-artigo-4-45\/","og_locale":"pt_BR","og_type":"article","og_title":"ENEM-ESPANHOL \u2013 QUEST\u00d5ES \u2013 ARTIGO 4\/45","og_description":"Ol\u00e1 a todos! Hoje, temos o nosso quarto artigo da s\u00e9rie de artigos que trar\u00e3o para voc\u00eas quest\u00f5es das provas do ENEM do ano de 2012 at\u00e9 2018. Vamos come\u00e7ar com quest\u00f5es do \u00faltimo ano at\u00e9 chegar \u00e0s quest\u00f5es de 2012. Ao todo ser\u00e3o 45 artigos que sendo publicados de 3 em 3 dias.\u00a0 Ent\u00e3o, [&hellip;]","og_url":"https:\/\/www.estrategiaconcursos.com.br\/blog\/enem-espanhol-questoes-artigo-4-45\/","og_site_name":"Estrat\u00e9gia Concursos","article_published_time":"2018-12-04T11:01:37+00:00","article_modified_time":"2019-04-09T19:49:23+00:00","og_image":[{"url":"https:\/\/www.estrategiaconcursos.com.br\/blog\/wp-content\/uploads\/2018\/11\/ENEM-PJ45-Artigo-04.png","type":"","width":"","height":""}],"author":"Adino\u00e9l Sebasti\u00e3o","twitter_card":"summary_large_image","twitter_creator":"@EstratConcursos","twitter_site":"@EstratConcursos","twitter_misc":{"Escrito por":"Adino\u00e9l Sebasti\u00e3o","Est. tempo de leitura":"4 minutos"},"schema":{"@context":"https:\/\/schema.org","@graph":[{"@type":"NewsArticle","@id":"https:\/\/www.estrategiaconcursos.com.br\/blog\/enem-espanhol-questoes-artigo-4-45\/#article","isPartOf":{"@id":"https:\/\/www.estrategiaconcursos.com.br\/blog\/enem-espanhol-questoes-artigo-4-45\/"},"author":{"name":"Adino\u00e9l Sebasti\u00e3o","@id":"https:\/\/www.estrategiaconcursos.com.br\/blog\/#\/schema\/person\/e6feecd7273067598aae46392fc9f322"},"headline":"ENEM-ESPANHOL \u2013 QUEST\u00d5ES \u2013 ARTIGO 4\/45","datePublished":"2018-12-04T11:01:37+00:00","dateModified":"2019-04-09T19:49:23+00:00","mainEntityOfPage":{"@id":"https:\/\/www.estrategiaconcursos.com.br\/blog\/enem-espanhol-questoes-artigo-4-45\/"},"wordCount":850,"commentCount":1,"publisher":{"@id":"https:\/\/www.estrategiaconcursos.com.br\/blog\/#organization"},"image":{"@id":"https:\/\/www.estrategiaconcursos.com.br\/blog\/enem-espanhol-questoes-artigo-4-45\/#primaryimage"},"thumbnailUrl":"https:\/\/www.estrategiaconcursos.com.br\/blog\/wp-content\/uploads\/2018\/11\/ENEM-PJ45-Artigo-04.png","articleSection":["Concursos P\u00fablicos"],"inLanguage":"pt-BR","potentialAction":[{"@type":"CommentAction","name":"Comment","target":["https:\/\/www.estrategiaconcursos.com.br\/blog\/enem-espanhol-questoes-artigo-4-45\/#respond"]}],"copyrightYear":"2018","copyrightHolder":{"@id":"https:\/\/www.estrategiaconcursos.com.br\/blog\/#organization"}},{"@type":"WebPage","@id":"https:\/\/www.estrategiaconcursos.com.br\/blog\/enem-espanhol-questoes-artigo-4-45\/","url":"https:\/\/www.estrategiaconcursos.com.br\/blog\/enem-espanhol-questoes-artigo-4-45\/","name":"ENEM-ESPANHOL \u2013 QUEST\u00d5ES \u2013 ARTIGO 4\/45","isPartOf":{"@id":"https:\/\/www.estrategiaconcursos.com.br\/blog\/#website"},"primaryImageOfPage":{"@id":"https:\/\/www.estrategiaconcursos.com.br\/blog\/enem-espanhol-questoes-artigo-4-45\/#primaryimage"},"image":{"@id":"https:\/\/www.estrategiaconcursos.com.br\/blog\/enem-espanhol-questoes-artigo-4-45\/#primaryimage"},"thumbnailUrl":"https:\/\/www.estrategiaconcursos.com.br\/blog\/wp-content\/uploads\/2018\/11\/ENEM-PJ45-Artigo-04.png","datePublished":"2018-12-04T11:01:37+00:00","dateModified":"2019-04-09T19:49:23+00:00","breadcrumb":{"@id":"https:\/\/www.estrategiaconcursos.com.br\/blog\/enem-espanhol-questoes-artigo-4-45\/#breadcrumb"},"inLanguage":"pt-BR","potentialAction":[{"@type":"ReadAction","target":["https:\/\/www.estrategiaconcursos.com.br\/blog\/enem-espanhol-questoes-artigo-4-45\/"]}]},{"@type":"ImageObject","inLanguage":"pt-BR","@id":"https:\/\/www.estrategiaconcursos.com.br\/blog\/enem-espanhol-questoes-artigo-4-45\/#primaryimage","url":"https:\/\/dhg1h5j42swfq.cloudfront.net\/2018\/11\/24192407\/ENEM-PJ45-Artigo-04.png","contentUrl":"https:\/\/dhg1h5j42swfq.cloudfront.net\/2018\/11\/24192407\/ENEM-PJ45-Artigo-04.png","width":824,"height":727},{"@type":"BreadcrumbList","@id":"https:\/\/www.estrategiaconcursos.com.br\/blog\/enem-espanhol-questoes-artigo-4-45\/#breadcrumb","itemListElement":[{"@type":"ListItem","position":1,"name":"In\u00edcio","item":"https:\/\/www.estrategiaconcursos.com.br\/blog\/"},{"@type":"ListItem","position":2,"name":"ENEM-ESPANHOL \u2013 QUEST\u00d5ES \u2013 ARTIGO 4\/45"}]},{"@type":"WebSite","@id":"https:\/\/www.estrategiaconcursos.com.br\/blog\/#website","url":"https:\/\/www.estrategiaconcursos.com.br\/blog\/","name":"Estrat\u00e9gia Concursos","description":"O blog da Estrat\u00e9gia Concursos traz not\u00edcias sobre concursos e artigos de professores oferecendo cursos para concursos (pdf + videaulas) no site.","publisher":{"@id":"https:\/\/www.estrategiaconcursos.com.br\/blog\/#organization"},"potentialAction":[{"@type":"SearchAction","target":{"@type":"EntryPoint","urlTemplate":"https:\/\/www.estrategiaconcursos.com.br\/blog\/?s={search_term_string}"},"query-input":{"@type":"PropertyValueSpecification","valueRequired":true,"valueName":"search_term_string"}}],"inLanguage":"pt-BR"},{"@type":"Organization","@id":"https:\/\/www.estrategiaconcursos.com.br\/blog\/#organization","name":"Estrat\u00e9gia Concursos","url":"https:\/\/www.estrategiaconcursos.com.br\/blog\/","logo":{"@type":"ImageObject","inLanguage":"pt-BR","@id":"https:\/\/www.estrategiaconcursos.com.br\/blog\/#\/schema\/logo\/image\/","url":"https:\/\/dhg1h5j42swfq.cloudfront.net\/2025\/06\/03203428\/logo_concursos-1.jpg","contentUrl":"https:\/\/dhg1h5j42swfq.cloudfront.net\/2025\/06\/03203428\/logo_concursos-1.jpg","width":230,"height":60,"caption":"Estrat\u00e9gia Concursos"},"image":{"@id":"https:\/\/www.estrategiaconcursos.com.br\/blog\/#\/schema\/logo\/image\/"},"sameAs":["https:\/\/x.com\/EstratConcursos"]},{"@type":"Person","@id":"https:\/\/www.estrategiaconcursos.com.br\/blog\/#\/schema\/person\/e6feecd7273067598aae46392fc9f322","name":"Adino\u00e9l Sebasti\u00e3o","image":{"@type":"ImageObject","inLanguage":"pt-BR","@id":"https:\/\/secure.gravatar.com\/avatar\/d076dd9a00cb1c92545aae4fae60d3013922a1a2e7e9599a079da4450204b8cd?s=96&d=mm&r=g","url":"https:\/\/secure.gravatar.com\/avatar\/d076dd9a00cb1c92545aae4fae60d3013922a1a2e7e9599a079da4450204b8cd?s=96&d=mm&r=g","contentUrl":"https:\/\/secure.gravatar.com\/avatar\/d076dd9a00cb1c92545aae4fae60d3013922a1a2e7e9599a079da4450204b8cd?s=96&d=mm&r=g","caption":"Adino\u00e9l Sebasti\u00e3o"},"description":"Meu nome \u00e9 ADINO\u00c9L SEBASTI\u00c3O. Sou formado em Ci\u00eancias Cont\u00e1beis pela Funda\u00e7\u00e3o Faculdade de Ci\u00eancias Econ\u00f4micas de Apucarana-PR (FECEA). Sou Auditor-Fiscal do Trabalho (AFT). Estou lotado em Bras\u00edlia-DF na Secretaria de Inspe\u00e7\u00e3o do Trabalho em Bras\u00edlia-DF. Fui aprovado no concurso de AFT-2013. Esse concurso, segundo o CESPE, teve 48.035. Fui Analista Tribut\u00e1rio da Receita Federal (ATRFB) por mais de 22 anos (1991 a 2013). Sou autor do site \"www.adinoel.com\" e sou colaborador com tradu\u00e7\u00f5es livres de Ingl\u00eas e de Espanhol em alguns sites de concursos. J\u00e1 atuei como professor e tutor online da ESAF (aulas de inform\u00e1tica, palestras, funcionamento do CAC, etc). Elaborei\/elaboro aulas de Espanhol, Ingl\u00eas e Portugu\u00eas para concursos. Possuo v\u00e1rios cursos de forma\u00e7\u00e3o pessoal, entre eles destaco: curso de Espanhol no Instituto Cervantes da Espanha; curso de Ingl\u00eas nas escolas FISK; curso online \"Mejores Pr\u00e1cticas en la Administraci\u00f3n Tributaria, Ed. 9\", do Instituto de Estudios Fiscales e da Fundaci\u00f3n CEDDET da Espanha.","url":"https:\/\/www.estrategiaconcursos.com.br\/blog\/author\/adinoel-sebastiaogmail-com\/"}]}},"_links":{"self":[{"href":"https:\/\/www.estrategiaconcursos.com.br\/blog\/wp-json\/wp\/v2\/posts\/152639","targetHints":{"allow":["GET"]}}],"collection":[{"href":"https:\/\/www.estrategiaconcursos.com.br\/blog\/wp-json\/wp\/v2\/posts"}],"about":[{"href":"https:\/\/www.estrategiaconcursos.com.br\/blog\/wp-json\/wp\/v2\/types\/post"}],"author":[{"embeddable":true,"href":"https:\/\/www.estrategiaconcursos.com.br\/blog\/wp-json\/wp\/v2\/users\/121"}],"replies":[{"embeddable":true,"href":"https:\/\/www.estrategiaconcursos.com.br\/blog\/wp-json\/wp\/v2\/comments?post=152639"}],"version-history":[{"count":5,"href":"https:\/\/www.estrategiaconcursos.com.br\/blog\/wp-json\/wp\/v2\/posts\/152639\/revisions"}],"predecessor-version":[{"id":182283,"href":"https:\/\/www.estrategiaconcursos.com.br\/blog\/wp-json\/wp\/v2\/posts\/152639\/revisions\/182283"}],"wp:attachment":[{"href":"https:\/\/www.estrategiaconcursos.com.br\/blog\/wp-json\/wp\/v2\/media?parent=152639"}],"wp:term":[{"taxonomy":"category","embeddable":true,"href":"https:\/\/www.estrategiaconcursos.com.br\/blog\/wp-json\/wp\/v2\/categories?post=152639"},{"taxonomy":"post_tag","embeddable":true,"href":"https:\/\/www.estrategiaconcursos.com.br\/blog\/wp-json\/wp\/v2\/tags?post=152639"},{"taxonomy":"tax_estado","embeddable":true,"href":"https:\/\/www.estrategiaconcursos.com.br\/blog\/wp-json\/wp\/v2\/tax_estado?post=152639"}],"curies":[{"name":"wp","href":"https:\/\/api.w.org\/{rel}","templated":true}]}}