{"id":152527,"date":"2018-11-23T17:09:01","date_gmt":"2018-11-23T20:09:01","guid":{"rendered":"https:\/\/www.estrategiaconcursos.com.br\/blog\/?p=152527"},"modified":"2018-12-12T10:14:14","modified_gmt":"2018-12-12T13:14:14","slug":"edital-concurso-prf-em-2019","status":"publish","type":"post","link":"https:\/\/www.estrategiaconcursos.com.br\/blog\/edital-concurso-prf-em-2019\/","title":{"rendered":"Diretor Geral da PRF comenta em rede social que em 2019 deve ser realizado mais um concurso para o Departamento"},"content":{"rendered":"<p><span style=\"font-size: 18pt;\"><em><strong>Gestor diz ainda que edital com 500 vagas pode sair ainda em novembro<\/strong><\/em><\/span><\/p>\n<p>O Diretor Geral da Pol\u00edcia Rodovi\u00e1ria Federal, Renato Borges Dias, sugeriu nesta sexta-feira, 23 de novembro, que em 2019 a PRF deve realizar mais um concurso com vagas para o Departamento de Pol\u00edcia. A informa\u00e7\u00e3o foi dada em um coment\u00e1rio postado em sua p\u00e1gina no Facebook ao responder o questionamento de uma internauta.<\/p>\n<p>Desde julho a PRF j\u00e1 tem autoriza\u00e7\u00e3o para realizar um concurso com a oferta de 500 vagas para o cargo de Policia Rodovi\u00e1rio Federal. Inclusive, o Cespe\/Cebraspe j\u00e1 foi contratado como banca organizadora ainda em outubro por dispensa de licita\u00e7\u00e3o e desde ent\u00e3o segue a expectativa da publica\u00e7\u00e3o do edital PRF.<\/p>\n<p>O coment\u00e1rio do diretor em sua p\u00e1gina na internet indica os rumores de que a Pol\u00edcia Rodovi\u00e1ria Federal realize um novo concurso no pr\u00f3ximo ano. Em resposta a um outro internauta, o diretor da PRF informou que h\u00e1 grandes chances de que o edital da PRF com 500 vagas j\u00e1 autorizadas seja publicado ainda no m\u00eas de novembro.<\/p>\n<p>O jornalismo do Estrat\u00e9gia Concursos entrou em contato com a Assessoria de Comunica\u00e7\u00e3o do Departamento em busca de esclarecimentos, mas at\u00e9 o momento da publica\u00e7\u00e3o desta reportagem a resposta n\u00e3o foi enviada.<\/p>\n<p>Em uma das oportunidades que tivemos de contatar a PRF, a resposta que eles deram foi que o cronograma do edital ainda n\u00e3o havia sido estabelecido. Depois disso, por meio de sua assessoria de comunica\u00e7\u00e3o, o Departamento tem se limitado a dizer que \u201ca publica\u00e7\u00e3o do edital ser\u00e1 feita no prazo legal pela banca examinadora\u201d.<\/p>\n<p>O prazo legal pelo qual a PRF se refere \u00e9 aquele que foi estabelecido pela Portaria n\u00ba 236, publicada no Di\u00e1rio Oficial da Uni\u00e3o no dia 27 de julho de 2018. A portaria autoriza a realiza\u00e7\u00e3o de concurso para as 500 vagas e indica que o edital deve ser publicado em at\u00e9 6 meses, contados a partir da data de publica\u00e7\u00e3o da portaria.<\/p>\n<p>Portanto, a Pol\u00edcia Rodovi\u00e1ria Federal tem at\u00e9 o dia 27 de janeiro de 2019 para publicar o documento de abertura do concurso. Sem pressa, muitos at\u00e9 comemoram a demora na publica\u00e7\u00e3o do edital. Isso porque muitos aproveitam a oportunidade do atraso no edital para dar um g\u00e1s nos estudos e estar ainda mais preparado para o dia da prova.<\/p>\n<p><img loading=\"lazy\" decoding=\"async\" class=\"alignnone wp-image-152532\" src=\"https:\/\/dhg1h5j42swfq.cloudfront.net\/2018\/11\/23171143\/concurso-2.png\" alt=\"\" width=\"599\" height=\"441\" srcset=\"https:\/\/dhg1h5j42swfq.cloudfront.net\/2018\/11\/23171143\/concurso-2.png 967w, https:\/\/dhg1h5j42swfq.cloudfront.net\/2018\/11\/23171143\/concurso-2.png 300w, https:\/\/dhg1h5j42swfq.cloudfront.net\/2018\/11\/23171143\/concurso-2.png 768w, https:\/\/dhg1h5j42swfq.cloudfront.net\/2018\/11\/23171143\/concurso-2.png 610w\" sizes=\"auto, (max-width: 599px) 100vw, 599px\" \/><\/p>\n<p><img loading=\"lazy\" decoding=\"async\" class=\"alignnone wp-image-152534\" src=\"https:\/\/dhg1h5j42swfq.cloudfront.net\/2018\/11\/23171146\/concurso.png\" alt=\"\" width=\"599\" height=\"387\" srcset=\"https:\/\/dhg1h5j42swfq.cloudfront.net\/2018\/11\/23171146\/concurso.png 1117w, https:\/\/dhg1h5j42swfq.cloudfront.net\/2018\/11\/23171146\/concurso.png 300w, https:\/\/dhg1h5j42swfq.cloudfront.net\/2018\/11\/23171146\/concurso.png 768w, https:\/\/dhg1h5j42swfq.cloudfront.net\/2018\/11\/23171146\/concurso.png 1024w, https:\/\/dhg1h5j42swfq.cloudfront.net\/2018\/11\/23171146\/concurso.png 610w\" sizes=\"auto, (max-width: 599px) 100vw, 599px\" \/><\/p>\n<p>&nbsp;<\/p>\n<p style=\"text-align: center;\"><span style=\"font-size: 18pt;\"><a href=\"https:\/\/www.estrategiaconcursos.com.br\/blog\/concurso-prf-2\/\" target=\"_blank\" rel=\"noopener\">INFORMA\u00c7\u00d5ES SOBRE\u00a0 O CONCURSO PRF<\/a><\/span><\/p>\n<p style=\"text-align: center;\"><span style=\"font-size: 18pt;\"><a href=\"https:\/\/www.estrategiaconcursos.com.br\/curso\/pacote-completo-p-prf-policial-rodoviario-federal-com-videoaulas\/\" target=\"_blank\" rel=\"noopener\">CURSOS PARA O CONCURSO PRF<\/a><\/span><\/p>\n<p style=\"text-align: center;\"><span style=\"font-size: 18pt;\"><em><strong>4 Simulados PRF (26\/11 a 29\/11)<\/strong><\/em><\/span><\/p>\n<p><a href=\"https:\/\/www.estrategiaconcursos.com.br\/gratis\/simulado-nacional-prf\/\" target=\"_blank\" rel=\"noopener\"><img loading=\"lazy\" decoding=\"async\" class=\"alignnone size-full\" src=\"https:\/\/trello-attachments.s3.amazonaws.com\/57f517a78c66961f8779e8cd\/5be9572928811f73ee0adf7a\/e7aa013be24af2bca886de1384e7e81f\/banner_PRF-Simulado.jpg\" width=\"1200\" height=\"300\" \/><\/a><\/p>\n","protected":false},"excerpt":{"rendered":"<p>Gestor diz ainda que edital com 500 vagas pode sair ainda em novembro O Diretor Geral da Pol\u00edcia Rodovi\u00e1ria Federal, Renato Borges Dias, sugeriu nesta sexta-feira, 23 de novembro, que em 2019 a PRF deve realizar mais um concurso com vagas para o Departamento de Pol\u00edcia. A informa\u00e7\u00e3o foi dada em um coment\u00e1rio postado em [&hellip;]<\/p>\n","protected":false},"author":1,"featured_media":152393,"comment_status":"open","ping_status":"closed","sticky":false,"template":"","format":"standard","meta":{"post_tipo":"news","footnotes":""},"categories":[1],"tags":[],"tax_estado":[],"class_list":["post-152527","post","type-post","status-publish","format-standard","has-post-thumbnail","hentry","category-cursos-e-concursos"],"acf":[],"yoast_head":"<!-- This site is optimized with the Yoast SEO Premium plugin v27.2 (Yoast SEO v27.2) - https:\/\/yoast.com\/product\/yoast-seo-premium-wordpress\/ -->\n<title>Dois concursos para a PRF at\u00e9 2019... Verdade ou Fake News?<\/title>\n<meta name=\"description\" content=\"Verdade ou mentira que haver\u00e1 um novo concurso em 2019 para a Pol\u00edcia Rodovi\u00e1ria Federal al\u00e9m das 500 vagas autorizadas. Confira os detalhes!\" \/>\n<meta name=\"robots\" content=\"index, follow, max-snippet:-1, max-image-preview:large, max-video-preview:-1\" \/>\n<link rel=\"canonical\" href=\"https:\/\/www.estrategiaconcursos.com.br\/blog\/edital-concurso-prf-em-2019\/\" \/>\n<meta property=\"og:locale\" content=\"pt_BR\" \/>\n<meta property=\"og:type\" content=\"article\" \/>\n<meta property=\"og:title\" content=\"Diretor Geral da PRF comenta em rede social que em 2019 deve ser realizado mais um concurso para o Departamento\" \/>\n<meta property=\"og:description\" content=\"Verdade ou mentira que haver\u00e1 um novo concurso em 2019 para a Pol\u00edcia Rodovi\u00e1ria Federal al\u00e9m das 500 vagas autorizadas. Confira os detalhes!\" \/>\n<meta property=\"og:url\" content=\"https:\/\/www.estrategiaconcursos.com.br\/blog\/edital-concurso-prf-em-2019\/\" \/>\n<meta property=\"og:site_name\" content=\"Estrat\u00e9gia Concursos\" \/>\n<meta property=\"article:author\" content=\"https:\/\/www.facebook.com\/EstrategiaConcursos\" \/>\n<meta property=\"article:published_time\" content=\"2018-11-23T20:09:01+00:00\" \/>\n<meta property=\"article:modified_time\" content=\"2018-12-12T13:14:14+00:00\" \/>\n<meta property=\"og:image\" content=\"https:\/\/dhg1h5j42swfq.cloudfront.net\/2018\/11\/22171537\/24604269.jpg\" \/>\n\t<meta property=\"og:image:width\" content=\"700\" \/>\n\t<meta property=\"og:image:height\" content=\"466\" \/>\n\t<meta property=\"og:image:type\" content=\"image\/jpeg\" \/>\n<meta name=\"author\" content=\"Coordena\u00e7\u00e3o\" \/>\n<meta name=\"twitter:card\" content=\"summary_large_image\" \/>\n<meta name=\"twitter:creator\" content=\"@EstratConcursos\" \/>\n<meta name=\"twitter:site\" content=\"@EstratConcursos\" \/>\n<meta name=\"twitter:label1\" content=\"Escrito por\" \/>\n\t<meta name=\"twitter:data1\" content=\"Coordena\u00e7\u00e3o\" \/>\n\t<meta name=\"twitter:label2\" content=\"Est. tempo de leitura\" \/>\n\t<meta name=\"twitter:data2\" content=\"2 minutos\" \/>\n<script type=\"application\/ld+json\" class=\"yoast-schema-graph\">{\"@context\":\"https:\/\/schema.org\",\"@graph\":[{\"@type\":\"NewsArticle\",\"@id\":\"https:\/\/www.estrategiaconcursos.com.br\/blog\/edital-concurso-prf-em-2019\/#article\",\"isPartOf\":{\"@id\":\"https:\/\/www.estrategiaconcursos.com.br\/blog\/edital-concurso-prf-em-2019\/\"},\"author\":{\"name\":\"Coordena\u00e7\u00e3o\",\"@id\":\"https:\/\/www.estrategiaconcursos.com.br\/blog\/#\/schema\/person\/b4a388c97673c5f483d72185668afa1f\"},\"headline\":\"Diretor Geral da PRF comenta em rede social que em 2019 deve ser realizado mais um concurso para o Departamento\",\"datePublished\":\"2018-11-23T20:09:01+00:00\",\"dateModified\":\"2018-12-12T13:14:14+00:00\",\"mainEntityOfPage\":{\"@id\":\"https:\/\/www.estrategiaconcursos.com.br\/blog\/edital-concurso-prf-em-2019\/\"},\"wordCount\":438,\"commentCount\":4,\"publisher\":{\"@id\":\"https:\/\/www.estrategiaconcursos.com.br\/blog\/#organization\"},\"image\":{\"@id\":\"https:\/\/www.estrategiaconcursos.com.br\/blog\/edital-concurso-prf-em-2019\/#primaryimage\"},\"thumbnailUrl\":\"https:\/\/dhg1h5j42swfq.cloudfront.net\/2018\/11\/22171537\/24604269.jpg\",\"articleSection\":[\"Concursos P\u00fablicos\"],\"inLanguage\":\"pt-BR\",\"potentialAction\":[{\"@type\":\"CommentAction\",\"name\":\"Comment\",\"target\":[\"https:\/\/www.estrategiaconcursos.com.br\/blog\/edital-concurso-prf-em-2019\/#respond\"]}],\"copyrightYear\":\"2018\",\"copyrightHolder\":{\"@id\":\"https:\/\/www.estrategiaconcursos.com.br\/blog\/#organization\"}},{\"@type\":\"WebPage\",\"@id\":\"https:\/\/www.estrategiaconcursos.com.br\/blog\/edital-concurso-prf-em-2019\/\",\"url\":\"https:\/\/www.estrategiaconcursos.com.br\/blog\/edital-concurso-prf-em-2019\/\",\"name\":\"Dois concursos para a PRF at\u00e9 2019... Verdade ou Fake News?\",\"isPartOf\":{\"@id\":\"https:\/\/www.estrategiaconcursos.com.br\/blog\/#website\"},\"primaryImageOfPage\":{\"@id\":\"https:\/\/www.estrategiaconcursos.com.br\/blog\/edital-concurso-prf-em-2019\/#primaryimage\"},\"image\":{\"@id\":\"https:\/\/www.estrategiaconcursos.com.br\/blog\/edital-concurso-prf-em-2019\/#primaryimage\"},\"thumbnailUrl\":\"https:\/\/dhg1h5j42swfq.cloudfront.net\/2018\/11\/22171537\/24604269.jpg\",\"datePublished\":\"2018-11-23T20:09:01+00:00\",\"dateModified\":\"2018-12-12T13:14:14+00:00\",\"description\":\"Verdade ou mentira que haver\u00e1 um novo concurso em 2019 para a Pol\u00edcia Rodovi\u00e1ria Federal al\u00e9m das 500 vagas autorizadas. Confira os detalhes!\",\"breadcrumb\":{\"@id\":\"https:\/\/www.estrategiaconcursos.com.br\/blog\/edital-concurso-prf-em-2019\/#breadcrumb\"},\"inLanguage\":\"pt-BR\",\"potentialAction\":[{\"@type\":\"ReadAction\",\"target\":[\"https:\/\/www.estrategiaconcursos.com.br\/blog\/edital-concurso-prf-em-2019\/\"]}]},{\"@type\":\"ImageObject\",\"inLanguage\":\"pt-BR\",\"@id\":\"https:\/\/www.estrategiaconcursos.com.br\/blog\/edital-concurso-prf-em-2019\/#primaryimage\",\"url\":\"https:\/\/dhg1h5j42swfq.cloudfront.net\/2018\/11\/22171537\/24604269.jpg\",\"contentUrl\":\"https:\/\/dhg1h5j42swfq.cloudfront.net\/2018\/11\/22171537\/24604269.jpg\",\"width\":700,\"height\":466,\"caption\":\"edital prf\"},{\"@type\":\"BreadcrumbList\",\"@id\":\"https:\/\/www.estrategiaconcursos.com.br\/blog\/edital-concurso-prf-em-2019\/#breadcrumb\",\"itemListElement\":[{\"@type\":\"ListItem\",\"position\":1,\"name\":\"In\u00edcio\",\"item\":\"https:\/\/www.estrategiaconcursos.com.br\/blog\/\"},{\"@type\":\"ListItem\",\"position\":2,\"name\":\"Diretor Geral da PRF comenta em rede social que em 2019 deve ser realizado mais um concurso para o Departamento\"}]},{\"@type\":\"WebSite\",\"@id\":\"https:\/\/www.estrategiaconcursos.com.br\/blog\/#website\",\"url\":\"https:\/\/www.estrategiaconcursos.com.br\/blog\/\",\"name\":\"Estrat\u00e9gia Concursos\",\"description\":\"O blog da Estrat\u00e9gia Concursos traz not\u00edcias sobre concursos e artigos de professores oferecendo cursos para concursos (pdf + videaulas) no site.\",\"publisher\":{\"@id\":\"https:\/\/www.estrategiaconcursos.com.br\/blog\/#organization\"},\"potentialAction\":[{\"@type\":\"SearchAction\",\"target\":{\"@type\":\"EntryPoint\",\"urlTemplate\":\"https:\/\/www.estrategiaconcursos.com.br\/blog\/?s={search_term_string}\"},\"query-input\":{\"@type\":\"PropertyValueSpecification\",\"valueRequired\":true,\"valueName\":\"search_term_string\"}}],\"inLanguage\":\"pt-BR\"},{\"@type\":\"Organization\",\"@id\":\"https:\/\/www.estrategiaconcursos.com.br\/blog\/#organization\",\"name\":\"Estrat\u00e9gia Concursos\",\"url\":\"https:\/\/www.estrategiaconcursos.com.br\/blog\/\",\"logo\":{\"@type\":\"ImageObject\",\"inLanguage\":\"pt-BR\",\"@id\":\"https:\/\/www.estrategiaconcursos.com.br\/blog\/#\/schema\/logo\/image\/\",\"url\":\"https:\/\/dhg1h5j42swfq.cloudfront.net\/2025\/06\/03203428\/logo_concursos-1.jpg\",\"contentUrl\":\"https:\/\/dhg1h5j42swfq.cloudfront.net\/2025\/06\/03203428\/logo_concursos-1.jpg\",\"width\":230,\"height\":60,\"caption\":\"Estrat\u00e9gia Concursos\"},\"image\":{\"@id\":\"https:\/\/www.estrategiaconcursos.com.br\/blog\/#\/schema\/logo\/image\/\"},\"sameAs\":[\"https:\/\/x.com\/EstratConcursos\"]},{\"@type\":\"Person\",\"@id\":\"https:\/\/www.estrategiaconcursos.com.br\/blog\/#\/schema\/person\/b4a388c97673c5f483d72185668afa1f\",\"name\":\"Coordena\u00e7\u00e3o\",\"image\":{\"@type\":\"ImageObject\",\"inLanguage\":\"pt-BR\",\"@id\":\"https:\/\/secure.gravatar.com\/avatar\/b720319e4c9a967eb58678d110f4fe35452fc5d5f97b202bac7b8acceb18c6ad?s=96&d=mm&r=g\",\"url\":\"https:\/\/secure.gravatar.com\/avatar\/b720319e4c9a967eb58678d110f4fe35452fc5d5f97b202bac7b8acceb18c6ad?s=96&d=mm&r=g\",\"contentUrl\":\"https:\/\/secure.gravatar.com\/avatar\/b720319e4c9a967eb58678d110f4fe35452fc5d5f97b202bac7b8acceb18c6ad?s=96&d=mm&r=g\",\"caption\":\"Coordena\u00e7\u00e3o\"},\"sameAs\":[\"https:\/\/www.facebook.com\/EstrategiaConcursos\",\"https:\/\/x.com\/EstratConcursos\"],\"url\":\"https:\/\/www.estrategiaconcursos.com.br\/blog\/author\/estrategia2013\/\"}]}<\/script>\n<!-- \/ Yoast SEO Premium plugin. -->","yoast_head_json":{"title":"Dois concursos para a PRF at\u00e9 2019... Verdade ou Fake News?","description":"Verdade ou mentira que haver\u00e1 um novo concurso em 2019 para a Pol\u00edcia Rodovi\u00e1ria Federal al\u00e9m das 500 vagas autorizadas. Confira os detalhes!","robots":{"index":"index","follow":"follow","max-snippet":"max-snippet:-1","max-image-preview":"max-image-preview:large","max-video-preview":"max-video-preview:-1"},"canonical":"https:\/\/www.estrategiaconcursos.com.br\/blog\/edital-concurso-prf-em-2019\/","og_locale":"pt_BR","og_type":"article","og_title":"Diretor Geral da PRF comenta em rede social que em 2019 deve ser realizado mais um concurso para o Departamento","og_description":"Verdade ou mentira que haver\u00e1 um novo concurso em 2019 para a Pol\u00edcia Rodovi\u00e1ria Federal al\u00e9m das 500 vagas autorizadas. Confira os detalhes!","og_url":"https:\/\/www.estrategiaconcursos.com.br\/blog\/edital-concurso-prf-em-2019\/","og_site_name":"Estrat\u00e9gia Concursos","article_author":"https:\/\/www.facebook.com\/EstrategiaConcursos","article_published_time":"2018-11-23T20:09:01+00:00","article_modified_time":"2018-12-12T13:14:14+00:00","og_image":[{"width":700,"height":466,"url":"https:\/\/dhg1h5j42swfq.cloudfront.net\/2018\/11\/22171537\/24604269.jpg","type":"image\/jpeg"}],"author":"Coordena\u00e7\u00e3o","twitter_card":"summary_large_image","twitter_creator":"@EstratConcursos","twitter_site":"@EstratConcursos","twitter_misc":{"Escrito por":"Coordena\u00e7\u00e3o","Est. tempo de leitura":"2 minutos"},"schema":{"@context":"https:\/\/schema.org","@graph":[{"@type":"NewsArticle","@id":"https:\/\/www.estrategiaconcursos.com.br\/blog\/edital-concurso-prf-em-2019\/#article","isPartOf":{"@id":"https:\/\/www.estrategiaconcursos.com.br\/blog\/edital-concurso-prf-em-2019\/"},"author":{"name":"Coordena\u00e7\u00e3o","@id":"https:\/\/www.estrategiaconcursos.com.br\/blog\/#\/schema\/person\/b4a388c97673c5f483d72185668afa1f"},"headline":"Diretor Geral da PRF comenta em rede social que em 2019 deve ser realizado mais um concurso para o Departamento","datePublished":"2018-11-23T20:09:01+00:00","dateModified":"2018-12-12T13:14:14+00:00","mainEntityOfPage":{"@id":"https:\/\/www.estrategiaconcursos.com.br\/blog\/edital-concurso-prf-em-2019\/"},"wordCount":438,"commentCount":4,"publisher":{"@id":"https:\/\/www.estrategiaconcursos.com.br\/blog\/#organization"},"image":{"@id":"https:\/\/www.estrategiaconcursos.com.br\/blog\/edital-concurso-prf-em-2019\/#primaryimage"},"thumbnailUrl":"https:\/\/dhg1h5j42swfq.cloudfront.net\/2018\/11\/22171537\/24604269.jpg","articleSection":["Concursos P\u00fablicos"],"inLanguage":"pt-BR","potentialAction":[{"@type":"CommentAction","name":"Comment","target":["https:\/\/www.estrategiaconcursos.com.br\/blog\/edital-concurso-prf-em-2019\/#respond"]}],"copyrightYear":"2018","copyrightHolder":{"@id":"https:\/\/www.estrategiaconcursos.com.br\/blog\/#organization"}},{"@type":"WebPage","@id":"https:\/\/www.estrategiaconcursos.com.br\/blog\/edital-concurso-prf-em-2019\/","url":"https:\/\/www.estrategiaconcursos.com.br\/blog\/edital-concurso-prf-em-2019\/","name":"Dois concursos para a PRF at\u00e9 2019... Verdade ou Fake News?","isPartOf":{"@id":"https:\/\/www.estrategiaconcursos.com.br\/blog\/#website"},"primaryImageOfPage":{"@id":"https:\/\/www.estrategiaconcursos.com.br\/blog\/edital-concurso-prf-em-2019\/#primaryimage"},"image":{"@id":"https:\/\/www.estrategiaconcursos.com.br\/blog\/edital-concurso-prf-em-2019\/#primaryimage"},"thumbnailUrl":"https:\/\/dhg1h5j42swfq.cloudfront.net\/2018\/11\/22171537\/24604269.jpg","datePublished":"2018-11-23T20:09:01+00:00","dateModified":"2018-12-12T13:14:14+00:00","description":"Verdade ou mentira que haver\u00e1 um novo concurso em 2019 para a Pol\u00edcia Rodovi\u00e1ria Federal al\u00e9m das 500 vagas autorizadas. Confira os detalhes!","breadcrumb":{"@id":"https:\/\/www.estrategiaconcursos.com.br\/blog\/edital-concurso-prf-em-2019\/#breadcrumb"},"inLanguage":"pt-BR","potentialAction":[{"@type":"ReadAction","target":["https:\/\/www.estrategiaconcursos.com.br\/blog\/edital-concurso-prf-em-2019\/"]}]},{"@type":"ImageObject","inLanguage":"pt-BR","@id":"https:\/\/www.estrategiaconcursos.com.br\/blog\/edital-concurso-prf-em-2019\/#primaryimage","url":"https:\/\/dhg1h5j42swfq.cloudfront.net\/2018\/11\/22171537\/24604269.jpg","contentUrl":"https:\/\/dhg1h5j42swfq.cloudfront.net\/2018\/11\/22171537\/24604269.jpg","width":700,"height":466,"caption":"edital prf"},{"@type":"BreadcrumbList","@id":"https:\/\/www.estrategiaconcursos.com.br\/blog\/edital-concurso-prf-em-2019\/#breadcrumb","itemListElement":[{"@type":"ListItem","position":1,"name":"In\u00edcio","item":"https:\/\/www.estrategiaconcursos.com.br\/blog\/"},{"@type":"ListItem","position":2,"name":"Diretor Geral da PRF comenta em rede social que em 2019 deve ser realizado mais um concurso para o Departamento"}]},{"@type":"WebSite","@id":"https:\/\/www.estrategiaconcursos.com.br\/blog\/#website","url":"https:\/\/www.estrategiaconcursos.com.br\/blog\/","name":"Estrat\u00e9gia Concursos","description":"O blog da Estrat\u00e9gia Concursos traz not\u00edcias sobre concursos e artigos de professores oferecendo cursos para concursos (pdf + videaulas) no site.","publisher":{"@id":"https:\/\/www.estrategiaconcursos.com.br\/blog\/#organization"},"potentialAction":[{"@type":"SearchAction","target":{"@type":"EntryPoint","urlTemplate":"https:\/\/www.estrategiaconcursos.com.br\/blog\/?s={search_term_string}"},"query-input":{"@type":"PropertyValueSpecification","valueRequired":true,"valueName":"search_term_string"}}],"inLanguage":"pt-BR"},{"@type":"Organization","@id":"https:\/\/www.estrategiaconcursos.com.br\/blog\/#organization","name":"Estrat\u00e9gia Concursos","url":"https:\/\/www.estrategiaconcursos.com.br\/blog\/","logo":{"@type":"ImageObject","inLanguage":"pt-BR","@id":"https:\/\/www.estrategiaconcursos.com.br\/blog\/#\/schema\/logo\/image\/","url":"https:\/\/dhg1h5j42swfq.cloudfront.net\/2025\/06\/03203428\/logo_concursos-1.jpg","contentUrl":"https:\/\/dhg1h5j42swfq.cloudfront.net\/2025\/06\/03203428\/logo_concursos-1.jpg","width":230,"height":60,"caption":"Estrat\u00e9gia Concursos"},"image":{"@id":"https:\/\/www.estrategiaconcursos.com.br\/blog\/#\/schema\/logo\/image\/"},"sameAs":["https:\/\/x.com\/EstratConcursos"]},{"@type":"Person","@id":"https:\/\/www.estrategiaconcursos.com.br\/blog\/#\/schema\/person\/b4a388c97673c5f483d72185668afa1f","name":"Coordena\u00e7\u00e3o","image":{"@type":"ImageObject","inLanguage":"pt-BR","@id":"https:\/\/secure.gravatar.com\/avatar\/b720319e4c9a967eb58678d110f4fe35452fc5d5f97b202bac7b8acceb18c6ad?s=96&d=mm&r=g","url":"https:\/\/secure.gravatar.com\/avatar\/b720319e4c9a967eb58678d110f4fe35452fc5d5f97b202bac7b8acceb18c6ad?s=96&d=mm&r=g","contentUrl":"https:\/\/secure.gravatar.com\/avatar\/b720319e4c9a967eb58678d110f4fe35452fc5d5f97b202bac7b8acceb18c6ad?s=96&d=mm&r=g","caption":"Coordena\u00e7\u00e3o"},"sameAs":["https:\/\/www.facebook.com\/EstrategiaConcursos","https:\/\/x.com\/EstratConcursos"],"url":"https:\/\/www.estrategiaconcursos.com.br\/blog\/author\/estrategia2013\/"}]}},"_links":{"self":[{"href":"https:\/\/www.estrategiaconcursos.com.br\/blog\/wp-json\/wp\/v2\/posts\/152527","targetHints":{"allow":["GET"]}}],"collection":[{"href":"https:\/\/www.estrategiaconcursos.com.br\/blog\/wp-json\/wp\/v2\/posts"}],"about":[{"href":"https:\/\/www.estrategiaconcursos.com.br\/blog\/wp-json\/wp\/v2\/types\/post"}],"author":[{"embeddable":true,"href":"https:\/\/www.estrategiaconcursos.com.br\/blog\/wp-json\/wp\/v2\/users\/1"}],"replies":[{"embeddable":true,"href":"https:\/\/www.estrategiaconcursos.com.br\/blog\/wp-json\/wp\/v2\/comments?post=152527"}],"version-history":[{"count":6,"href":"https:\/\/www.estrategiaconcursos.com.br\/blog\/wp-json\/wp\/v2\/posts\/152527\/revisions"}],"predecessor-version":[{"id":155335,"href":"https:\/\/www.estrategiaconcursos.com.br\/blog\/wp-json\/wp\/v2\/posts\/152527\/revisions\/155335"}],"wp:featuredmedia":[{"embeddable":true,"href":"https:\/\/www.estrategiaconcursos.com.br\/blog\/wp-json\/wp\/v2\/media\/152393"}],"wp:attachment":[{"href":"https:\/\/www.estrategiaconcursos.com.br\/blog\/wp-json\/wp\/v2\/media?parent=152527"}],"wp:term":[{"taxonomy":"category","embeddable":true,"href":"https:\/\/www.estrategiaconcursos.com.br\/blog\/wp-json\/wp\/v2\/categories?post=152527"},{"taxonomy":"post_tag","embeddable":true,"href":"https:\/\/www.estrategiaconcursos.com.br\/blog\/wp-json\/wp\/v2\/tags?post=152527"},{"taxonomy":"tax_estado","embeddable":true,"href":"https:\/\/www.estrategiaconcursos.com.br\/blog\/wp-json\/wp\/v2\/tax_estado?post=152527"}],"curies":[{"name":"wp","href":"https:\/\/api.w.org\/{rel}","templated":true}]}}