{"id":152391,"date":"2018-11-22T17:16:09","date_gmt":"2018-11-22T20:16:09","guid":{"rendered":"https:\/\/www.estrategiaconcursos.com.br\/blog\/?p=152391"},"modified":"2018-12-12T10:14:29","modified_gmt":"2018-12-12T13:14:29","slug":"por-que-o-edital-prf-nao-saiu-ainda","status":"publish","type":"post","link":"https:\/\/www.estrategiaconcursos.com.br\/blog\/por-que-o-edital-prf-nao-saiu-ainda\/","title":{"rendered":"Por que o edital PRF com 500 vagas ainda n\u00e3o foi publicado?"},"content":{"rendered":"<p>Ol\u00e1, pessoal, tudo bem?<\/p>\n<p><em>Ent\u00e3o&#8230; Por que ser\u00e1 que o edital do concurso da PRF ainda n\u00e3o foi publicado??<\/em><\/p>\n<p>Esse possivelmente deve ser um questionamento que muitos concurseiros t\u00eam feito nas \u00faltimas semanas. Afinal, o concurso que deve ofertar 500 vagas para o cargo de Policia Rodovi\u00e1rio Federal j\u00e1 est\u00e1 com a banca contratada: o Cespe\/Cebraspe. O contrato foi firmado ainda em outubro e desde ent\u00e3o segue a expectativa da publica\u00e7\u00e3o do edital PRF.<\/p>\n<p>Gostar\u00edamos de ressaltar que a equipe de jornalismo do Estrat\u00e9gia Concursos tem acompanhado de perto os tr\u00e2mites de realiza\u00e7\u00e3o do concurso e, assim que o edital for publicado, todas as informa\u00e7\u00f5es voc\u00ea vai conferir na nossa p\u00e1gina.<\/p>\n<p>Em uma das oportunidades que tivemos de contatar a PRF, a resposta que eles deram foi que o cronograma do edital ainda n\u00e3o havia sido estabelecido. Depois disso,\u00a0por meio de sua assessoria de comunica\u00e7\u00e3o, o Departamento tem se limitado a dizer que &#8220;a publica\u00e7\u00e3o do edital ser\u00e1 feita no prazo legal pela banca examinadora&#8221;. Mas o que isso significa dizer?<\/p>\n<p>Bom, n\u00f3s analisamos os cen\u00e1rios e fizemos alguns c\u00e1lculos para indicar quando o edital PRF pode ser publicado. Vejam s\u00f3!! O prazo legal pelo qual a PRF se refere \u00e9 aquele que foi estabelecido pela Portaria n\u00ba 236, publicada no Di\u00e1rio Oficial da Uni\u00e3o no dia 27 de julho de 2018. A portaria autoriza a realiza\u00e7\u00e3o de concurso para as 500 vagas e indica que o edital deve ser publicado em at\u00e9 6 meses, contados a partir da data de publica\u00e7\u00e3o da portaria.<\/p>\n<p>Portanto, a Pol\u00edcia Rodovi\u00e1ria Federal tem at\u00e9 o dia 27 de janeiro de 2019 para publicar o documento de abertura do concurso. Sem pressa, muitos at\u00e9 comemoram a demora na publica\u00e7\u00e3o do edital. Isso porque muitos aproveitam a oportunidade do atraso no edital para dar um g\u00e1s nos estudos e estar ainda mais preparado para o dia da prova.<\/p>\n<p>E por falar em prova, n\u00f3s fizemos tamb\u00e9m uma previs\u00e3o de quando devem acontecer algumas etapas do concurso. Tomando como exemplo o edital do concurso da Pol\u00edcia Federal, os prazos de realiza\u00e7\u00e3o das etapas do concurso ficariam da seguinte forma:<\/p>\n<p><strong>Cen\u00e1rio 01:<\/strong> o edital do concurso sendo publicado em novembro, as provas do certame aconteceriam em fevereiro e o TAF em abril.<\/p>\n<p><strong>Cen\u00e1rio 02:<\/strong> o edital sendo publicado em dezembro, as provas aconteceriam em mar\u00e7o com a realiza\u00e7\u00e3o do TAF em maio.<\/p>\n<p><strong>Cen\u00e1rio 03:<\/strong> j\u00e1 o edital sendo publicado no limite do prazo legal, as provas aconteceriam em abril com o TAF em junho.<\/p>\n<p style=\"text-align: center;\"><a href=\"https:\/\/www.estrategiaconcursos.com.br\/blog\/concurso-prf-2\/\" target=\"_blank\" rel=\"noopener\"><span style=\"text-decoration: underline;\"><span style=\"font-size: 18pt;\">INFORMA\u00c7\u00d5ES SOBRE\u00a0 O CONCURSO PRF<\/span><\/span><\/a><\/p>\n<p style=\"text-align: center;\"><a href=\"https:\/\/www.estrategiaconcursos.com.br\/curso\/pacote-completo-p-prf-policial-rodoviario-federal-com-videoaulas\/\" target=\"_blank\" rel=\"noopener\"><span style=\"text-decoration: underline;\"><span style=\"font-size: 18pt;\">CURSOS PARA O CONCURSO PRF<\/span><\/span><\/a><\/p>\n<p><a href=\"https:\/\/www.estrategiaconcursos.com.br\/gratis\/vade-mecum-prf\/\" target=\"_blank\" rel=\"noopener\"><img loading=\"lazy\" decoding=\"async\" class=\"alignnone size-full wp-image-152221\" src=\"https:\/\/dhg1h5j42swfq.cloudfront.net\/2018\/11\/21142522\/BANNER-PRF-VADE-MECUM.jpg\" alt=\"\" width=\"1200\" height=\"300\" srcset=\"https:\/\/dhg1h5j42swfq.cloudfront.net\/2018\/11\/21142522\/BANNER-PRF-VADE-MECUM.jpg 1200w, https:\/\/dhg1h5j42swfq.cloudfront.net\/2018\/11\/21142522\/BANNER-PRF-VADE-MECUM.jpg 300w, https:\/\/dhg1h5j42swfq.cloudfront.net\/2018\/11\/21142522\/BANNER-PRF-VADE-MECUM.jpg 768w, https:\/\/dhg1h5j42swfq.cloudfront.net\/2018\/11\/21142522\/BANNER-PRF-VADE-MECUM.jpg 1024w, https:\/\/dhg1h5j42swfq.cloudfront.net\/2018\/11\/21142522\/BANNER-PRF-VADE-MECUM.jpg 610w\" sizes=\"auto, (max-width: 1200px) 100vw, 1200px\" \/><\/a><\/p>\n","protected":false},"excerpt":{"rendered":"<p>Ol\u00e1, pessoal, tudo bem? Ent\u00e3o&#8230; Por que ser\u00e1 que o edital do concurso da PRF ainda n\u00e3o foi publicado?? Esse possivelmente deve ser um questionamento que muitos concurseiros t\u00eam feito nas \u00faltimas semanas. Afinal, o concurso que deve ofertar 500 vagas para o cargo de Policia Rodovi\u00e1rio Federal j\u00e1 est\u00e1 com a banca contratada: o [&hellip;]<\/p>\n","protected":false},"author":1,"featured_media":152393,"comment_status":"open","ping_status":"closed","sticky":false,"template":"","format":"standard","meta":{"post_tipo":"news","footnotes":""},"categories":[1],"tags":[],"tax_estado":[],"class_list":["post-152391","post","type-post","status-publish","format-standard","has-post-thumbnail","hentry","category-cursos-e-concursos"],"acf":[],"yoast_head":"<!-- This site is optimized with the Yoast SEO Premium plugin v27.2 (Yoast SEO v27.2) - https:\/\/yoast.com\/product\/yoast-seo-premium-wordpress\/ -->\n<title>Por que o edital PRF com 500 vagas ainda n\u00e3o foi publicado?<\/title>\n<meta name=\"robots\" content=\"index, follow, max-snippet:-1, max-image-preview:large, max-video-preview:-1\" \/>\n<link rel=\"canonical\" href=\"https:\/\/www.estrategiaconcursos.com.br\/blog\/por-que-o-edital-prf-nao-saiu-ainda\/\" \/>\n<meta property=\"og:locale\" content=\"pt_BR\" \/>\n<meta property=\"og:type\" content=\"article\" \/>\n<meta property=\"og:title\" content=\"Por que o edital PRF com 500 vagas ainda n\u00e3o foi publicado?\" \/>\n<meta property=\"og:description\" content=\"Ol\u00e1, pessoal, tudo bem? Ent\u00e3o&#8230; Por que ser\u00e1 que o edital do concurso da PRF ainda n\u00e3o foi publicado?? Esse possivelmente deve ser um questionamento que muitos concurseiros t\u00eam feito nas \u00faltimas semanas. Afinal, o concurso que deve ofertar 500 vagas para o cargo de Policia Rodovi\u00e1rio Federal j\u00e1 est\u00e1 com a banca contratada: o [&hellip;]\" \/>\n<meta property=\"og:url\" content=\"https:\/\/www.estrategiaconcursos.com.br\/blog\/por-que-o-edital-prf-nao-saiu-ainda\/\" \/>\n<meta property=\"og:site_name\" content=\"Estrat\u00e9gia Concursos\" \/>\n<meta property=\"article:author\" content=\"https:\/\/www.facebook.com\/EstrategiaConcursos\" \/>\n<meta property=\"article:published_time\" content=\"2018-11-22T20:16:09+00:00\" \/>\n<meta property=\"article:modified_time\" content=\"2018-12-12T13:14:29+00:00\" \/>\n<meta property=\"og:image\" content=\"https:\/\/dhg1h5j42swfq.cloudfront.net\/2018\/11\/22171537\/24604269.jpg\" \/>\n\t<meta property=\"og:image:width\" content=\"700\" \/>\n\t<meta property=\"og:image:height\" content=\"466\" \/>\n\t<meta property=\"og:image:type\" content=\"image\/jpeg\" \/>\n<meta name=\"author\" content=\"Coordena\u00e7\u00e3o\" \/>\n<meta name=\"twitter:card\" content=\"summary_large_image\" \/>\n<meta name=\"twitter:creator\" content=\"@EstratConcursos\" \/>\n<meta name=\"twitter:site\" content=\"@EstratConcursos\" \/>\n<meta name=\"twitter:label1\" content=\"Escrito por\" \/>\n\t<meta name=\"twitter:data1\" content=\"Coordena\u00e7\u00e3o\" \/>\n\t<meta name=\"twitter:label2\" content=\"Est. tempo de leitura\" \/>\n\t<meta name=\"twitter:data2\" content=\"2 minutos\" \/>\n<script type=\"application\/ld+json\" class=\"yoast-schema-graph\">{\"@context\":\"https:\/\/schema.org\",\"@graph\":[{\"@type\":\"NewsArticle\",\"@id\":\"https:\/\/www.estrategiaconcursos.com.br\/blog\/por-que-o-edital-prf-nao-saiu-ainda\/#article\",\"isPartOf\":{\"@id\":\"https:\/\/www.estrategiaconcursos.com.br\/blog\/por-que-o-edital-prf-nao-saiu-ainda\/\"},\"author\":{\"name\":\"Coordena\u00e7\u00e3o\",\"@id\":\"https:\/\/www.estrategiaconcursos.com.br\/blog\/#\/schema\/person\/b4a388c97673c5f483d72185668afa1f\"},\"headline\":\"Por que o edital PRF com 500 vagas ainda n\u00e3o foi publicado?\",\"datePublished\":\"2018-11-22T20:16:09+00:00\",\"dateModified\":\"2018-12-12T13:14:29+00:00\",\"mainEntityOfPage\":{\"@id\":\"https:\/\/www.estrategiaconcursos.com.br\/blog\/por-que-o-edital-prf-nao-saiu-ainda\/\"},\"wordCount\":466,\"commentCount\":2,\"publisher\":{\"@id\":\"https:\/\/www.estrategiaconcursos.com.br\/blog\/#organization\"},\"image\":{\"@id\":\"https:\/\/www.estrategiaconcursos.com.br\/blog\/por-que-o-edital-prf-nao-saiu-ainda\/#primaryimage\"},\"thumbnailUrl\":\"https:\/\/dhg1h5j42swfq.cloudfront.net\/2018\/11\/22171537\/24604269.jpg\",\"articleSection\":[\"Concursos P\u00fablicos\"],\"inLanguage\":\"pt-BR\",\"potentialAction\":[{\"@type\":\"CommentAction\",\"name\":\"Comment\",\"target\":[\"https:\/\/www.estrategiaconcursos.com.br\/blog\/por-que-o-edital-prf-nao-saiu-ainda\/#respond\"]}],\"copyrightYear\":\"2018\",\"copyrightHolder\":{\"@id\":\"https:\/\/www.estrategiaconcursos.com.br\/blog\/#organization\"}},{\"@type\":\"WebPage\",\"@id\":\"https:\/\/www.estrategiaconcursos.com.br\/blog\/por-que-o-edital-prf-nao-saiu-ainda\/\",\"url\":\"https:\/\/www.estrategiaconcursos.com.br\/blog\/por-que-o-edital-prf-nao-saiu-ainda\/\",\"name\":\"Por que o edital PRF com 500 vagas ainda n\u00e3o foi publicado?\",\"isPartOf\":{\"@id\":\"https:\/\/www.estrategiaconcursos.com.br\/blog\/#website\"},\"primaryImageOfPage\":{\"@id\":\"https:\/\/www.estrategiaconcursos.com.br\/blog\/por-que-o-edital-prf-nao-saiu-ainda\/#primaryimage\"},\"image\":{\"@id\":\"https:\/\/www.estrategiaconcursos.com.br\/blog\/por-que-o-edital-prf-nao-saiu-ainda\/#primaryimage\"},\"thumbnailUrl\":\"https:\/\/dhg1h5j42swfq.cloudfront.net\/2018\/11\/22171537\/24604269.jpg\",\"datePublished\":\"2018-11-22T20:16:09+00:00\",\"dateModified\":\"2018-12-12T13:14:29+00:00\",\"breadcrumb\":{\"@id\":\"https:\/\/www.estrategiaconcursos.com.br\/blog\/por-que-o-edital-prf-nao-saiu-ainda\/#breadcrumb\"},\"inLanguage\":\"pt-BR\",\"potentialAction\":[{\"@type\":\"ReadAction\",\"target\":[\"https:\/\/www.estrategiaconcursos.com.br\/blog\/por-que-o-edital-prf-nao-saiu-ainda\/\"]}]},{\"@type\":\"ImageObject\",\"inLanguage\":\"pt-BR\",\"@id\":\"https:\/\/www.estrategiaconcursos.com.br\/blog\/por-que-o-edital-prf-nao-saiu-ainda\/#primaryimage\",\"url\":\"https:\/\/dhg1h5j42swfq.cloudfront.net\/2018\/11\/22171537\/24604269.jpg\",\"contentUrl\":\"https:\/\/dhg1h5j42swfq.cloudfront.net\/2018\/11\/22171537\/24604269.jpg\",\"width\":700,\"height\":466,\"caption\":\"edital prf\"},{\"@type\":\"BreadcrumbList\",\"@id\":\"https:\/\/www.estrategiaconcursos.com.br\/blog\/por-que-o-edital-prf-nao-saiu-ainda\/#breadcrumb\",\"itemListElement\":[{\"@type\":\"ListItem\",\"position\":1,\"name\":\"In\u00edcio\",\"item\":\"https:\/\/www.estrategiaconcursos.com.br\/blog\/\"},{\"@type\":\"ListItem\",\"position\":2,\"name\":\"Por que o edital PRF com 500 vagas ainda n\u00e3o foi publicado?\"}]},{\"@type\":\"WebSite\",\"@id\":\"https:\/\/www.estrategiaconcursos.com.br\/blog\/#website\",\"url\":\"https:\/\/www.estrategiaconcursos.com.br\/blog\/\",\"name\":\"Estrat\u00e9gia Concursos\",\"description\":\"O blog da Estrat\u00e9gia Concursos traz not\u00edcias sobre concursos e artigos de professores oferecendo cursos para concursos (pdf + videaulas) no site.\",\"publisher\":{\"@id\":\"https:\/\/www.estrategiaconcursos.com.br\/blog\/#organization\"},\"potentialAction\":[{\"@type\":\"SearchAction\",\"target\":{\"@type\":\"EntryPoint\",\"urlTemplate\":\"https:\/\/www.estrategiaconcursos.com.br\/blog\/?s={search_term_string}\"},\"query-input\":{\"@type\":\"PropertyValueSpecification\",\"valueRequired\":true,\"valueName\":\"search_term_string\"}}],\"inLanguage\":\"pt-BR\"},{\"@type\":\"Organization\",\"@id\":\"https:\/\/www.estrategiaconcursos.com.br\/blog\/#organization\",\"name\":\"Estrat\u00e9gia Concursos\",\"url\":\"https:\/\/www.estrategiaconcursos.com.br\/blog\/\",\"logo\":{\"@type\":\"ImageObject\",\"inLanguage\":\"pt-BR\",\"@id\":\"https:\/\/www.estrategiaconcursos.com.br\/blog\/#\/schema\/logo\/image\/\",\"url\":\"https:\/\/dhg1h5j42swfq.cloudfront.net\/2025\/06\/03203428\/logo_concursos-1.jpg\",\"contentUrl\":\"https:\/\/dhg1h5j42swfq.cloudfront.net\/2025\/06\/03203428\/logo_concursos-1.jpg\",\"width\":230,\"height\":60,\"caption\":\"Estrat\u00e9gia Concursos\"},\"image\":{\"@id\":\"https:\/\/www.estrategiaconcursos.com.br\/blog\/#\/schema\/logo\/image\/\"},\"sameAs\":[\"https:\/\/x.com\/EstratConcursos\"]},{\"@type\":\"Person\",\"@id\":\"https:\/\/www.estrategiaconcursos.com.br\/blog\/#\/schema\/person\/b4a388c97673c5f483d72185668afa1f\",\"name\":\"Coordena\u00e7\u00e3o\",\"image\":{\"@type\":\"ImageObject\",\"inLanguage\":\"pt-BR\",\"@id\":\"https:\/\/secure.gravatar.com\/avatar\/b720319e4c9a967eb58678d110f4fe35452fc5d5f97b202bac7b8acceb18c6ad?s=96&d=mm&r=g\",\"url\":\"https:\/\/secure.gravatar.com\/avatar\/b720319e4c9a967eb58678d110f4fe35452fc5d5f97b202bac7b8acceb18c6ad?s=96&d=mm&r=g\",\"contentUrl\":\"https:\/\/secure.gravatar.com\/avatar\/b720319e4c9a967eb58678d110f4fe35452fc5d5f97b202bac7b8acceb18c6ad?s=96&d=mm&r=g\",\"caption\":\"Coordena\u00e7\u00e3o\"},\"sameAs\":[\"https:\/\/www.facebook.com\/EstrategiaConcursos\",\"https:\/\/x.com\/EstratConcursos\"],\"url\":\"https:\/\/www.estrategiaconcursos.com.br\/blog\/author\/estrategia2013\/\"}]}<\/script>\n<!-- \/ Yoast SEO Premium plugin. -->","yoast_head_json":{"title":"Por que o edital PRF com 500 vagas ainda n\u00e3o foi publicado?","robots":{"index":"index","follow":"follow","max-snippet":"max-snippet:-1","max-image-preview":"max-image-preview:large","max-video-preview":"max-video-preview:-1"},"canonical":"https:\/\/www.estrategiaconcursos.com.br\/blog\/por-que-o-edital-prf-nao-saiu-ainda\/","og_locale":"pt_BR","og_type":"article","og_title":"Por que o edital PRF com 500 vagas ainda n\u00e3o foi publicado?","og_description":"Ol\u00e1, pessoal, tudo bem? Ent\u00e3o&#8230; Por que ser\u00e1 que o edital do concurso da PRF ainda n\u00e3o foi publicado?? Esse possivelmente deve ser um questionamento que muitos concurseiros t\u00eam feito nas \u00faltimas semanas. Afinal, o concurso que deve ofertar 500 vagas para o cargo de Policia Rodovi\u00e1rio Federal j\u00e1 est\u00e1 com a banca contratada: o [&hellip;]","og_url":"https:\/\/www.estrategiaconcursos.com.br\/blog\/por-que-o-edital-prf-nao-saiu-ainda\/","og_site_name":"Estrat\u00e9gia Concursos","article_author":"https:\/\/www.facebook.com\/EstrategiaConcursos","article_published_time":"2018-11-22T20:16:09+00:00","article_modified_time":"2018-12-12T13:14:29+00:00","og_image":[{"width":700,"height":466,"url":"https:\/\/dhg1h5j42swfq.cloudfront.net\/2018\/11\/22171537\/24604269.jpg","type":"image\/jpeg"}],"author":"Coordena\u00e7\u00e3o","twitter_card":"summary_large_image","twitter_creator":"@EstratConcursos","twitter_site":"@EstratConcursos","twitter_misc":{"Escrito por":"Coordena\u00e7\u00e3o","Est. tempo de leitura":"2 minutos"},"schema":{"@context":"https:\/\/schema.org","@graph":[{"@type":"NewsArticle","@id":"https:\/\/www.estrategiaconcursos.com.br\/blog\/por-que-o-edital-prf-nao-saiu-ainda\/#article","isPartOf":{"@id":"https:\/\/www.estrategiaconcursos.com.br\/blog\/por-que-o-edital-prf-nao-saiu-ainda\/"},"author":{"name":"Coordena\u00e7\u00e3o","@id":"https:\/\/www.estrategiaconcursos.com.br\/blog\/#\/schema\/person\/b4a388c97673c5f483d72185668afa1f"},"headline":"Por que o edital PRF com 500 vagas ainda n\u00e3o foi publicado?","datePublished":"2018-11-22T20:16:09+00:00","dateModified":"2018-12-12T13:14:29+00:00","mainEntityOfPage":{"@id":"https:\/\/www.estrategiaconcursos.com.br\/blog\/por-que-o-edital-prf-nao-saiu-ainda\/"},"wordCount":466,"commentCount":2,"publisher":{"@id":"https:\/\/www.estrategiaconcursos.com.br\/blog\/#organization"},"image":{"@id":"https:\/\/www.estrategiaconcursos.com.br\/blog\/por-que-o-edital-prf-nao-saiu-ainda\/#primaryimage"},"thumbnailUrl":"https:\/\/dhg1h5j42swfq.cloudfront.net\/2018\/11\/22171537\/24604269.jpg","articleSection":["Concursos P\u00fablicos"],"inLanguage":"pt-BR","potentialAction":[{"@type":"CommentAction","name":"Comment","target":["https:\/\/www.estrategiaconcursos.com.br\/blog\/por-que-o-edital-prf-nao-saiu-ainda\/#respond"]}],"copyrightYear":"2018","copyrightHolder":{"@id":"https:\/\/www.estrategiaconcursos.com.br\/blog\/#organization"}},{"@type":"WebPage","@id":"https:\/\/www.estrategiaconcursos.com.br\/blog\/por-que-o-edital-prf-nao-saiu-ainda\/","url":"https:\/\/www.estrategiaconcursos.com.br\/blog\/por-que-o-edital-prf-nao-saiu-ainda\/","name":"Por que o edital PRF com 500 vagas ainda n\u00e3o foi publicado?","isPartOf":{"@id":"https:\/\/www.estrategiaconcursos.com.br\/blog\/#website"},"primaryImageOfPage":{"@id":"https:\/\/www.estrategiaconcursos.com.br\/blog\/por-que-o-edital-prf-nao-saiu-ainda\/#primaryimage"},"image":{"@id":"https:\/\/www.estrategiaconcursos.com.br\/blog\/por-que-o-edital-prf-nao-saiu-ainda\/#primaryimage"},"thumbnailUrl":"https:\/\/dhg1h5j42swfq.cloudfront.net\/2018\/11\/22171537\/24604269.jpg","datePublished":"2018-11-22T20:16:09+00:00","dateModified":"2018-12-12T13:14:29+00:00","breadcrumb":{"@id":"https:\/\/www.estrategiaconcursos.com.br\/blog\/por-que-o-edital-prf-nao-saiu-ainda\/#breadcrumb"},"inLanguage":"pt-BR","potentialAction":[{"@type":"ReadAction","target":["https:\/\/www.estrategiaconcursos.com.br\/blog\/por-que-o-edital-prf-nao-saiu-ainda\/"]}]},{"@type":"ImageObject","inLanguage":"pt-BR","@id":"https:\/\/www.estrategiaconcursos.com.br\/blog\/por-que-o-edital-prf-nao-saiu-ainda\/#primaryimage","url":"https:\/\/dhg1h5j42swfq.cloudfront.net\/2018\/11\/22171537\/24604269.jpg","contentUrl":"https:\/\/dhg1h5j42swfq.cloudfront.net\/2018\/11\/22171537\/24604269.jpg","width":700,"height":466,"caption":"edital prf"},{"@type":"BreadcrumbList","@id":"https:\/\/www.estrategiaconcursos.com.br\/blog\/por-que-o-edital-prf-nao-saiu-ainda\/#breadcrumb","itemListElement":[{"@type":"ListItem","position":1,"name":"In\u00edcio","item":"https:\/\/www.estrategiaconcursos.com.br\/blog\/"},{"@type":"ListItem","position":2,"name":"Por que o edital PRF com 500 vagas ainda n\u00e3o foi publicado?"}]},{"@type":"WebSite","@id":"https:\/\/www.estrategiaconcursos.com.br\/blog\/#website","url":"https:\/\/www.estrategiaconcursos.com.br\/blog\/","name":"Estrat\u00e9gia Concursos","description":"O blog da Estrat\u00e9gia Concursos traz not\u00edcias sobre concursos e artigos de professores oferecendo cursos para concursos (pdf + videaulas) no site.","publisher":{"@id":"https:\/\/www.estrategiaconcursos.com.br\/blog\/#organization"},"potentialAction":[{"@type":"SearchAction","target":{"@type":"EntryPoint","urlTemplate":"https:\/\/www.estrategiaconcursos.com.br\/blog\/?s={search_term_string}"},"query-input":{"@type":"PropertyValueSpecification","valueRequired":true,"valueName":"search_term_string"}}],"inLanguage":"pt-BR"},{"@type":"Organization","@id":"https:\/\/www.estrategiaconcursos.com.br\/blog\/#organization","name":"Estrat\u00e9gia Concursos","url":"https:\/\/www.estrategiaconcursos.com.br\/blog\/","logo":{"@type":"ImageObject","inLanguage":"pt-BR","@id":"https:\/\/www.estrategiaconcursos.com.br\/blog\/#\/schema\/logo\/image\/","url":"https:\/\/dhg1h5j42swfq.cloudfront.net\/2025\/06\/03203428\/logo_concursos-1.jpg","contentUrl":"https:\/\/dhg1h5j42swfq.cloudfront.net\/2025\/06\/03203428\/logo_concursos-1.jpg","width":230,"height":60,"caption":"Estrat\u00e9gia Concursos"},"image":{"@id":"https:\/\/www.estrategiaconcursos.com.br\/blog\/#\/schema\/logo\/image\/"},"sameAs":["https:\/\/x.com\/EstratConcursos"]},{"@type":"Person","@id":"https:\/\/www.estrategiaconcursos.com.br\/blog\/#\/schema\/person\/b4a388c97673c5f483d72185668afa1f","name":"Coordena\u00e7\u00e3o","image":{"@type":"ImageObject","inLanguage":"pt-BR","@id":"https:\/\/secure.gravatar.com\/avatar\/b720319e4c9a967eb58678d110f4fe35452fc5d5f97b202bac7b8acceb18c6ad?s=96&d=mm&r=g","url":"https:\/\/secure.gravatar.com\/avatar\/b720319e4c9a967eb58678d110f4fe35452fc5d5f97b202bac7b8acceb18c6ad?s=96&d=mm&r=g","contentUrl":"https:\/\/secure.gravatar.com\/avatar\/b720319e4c9a967eb58678d110f4fe35452fc5d5f97b202bac7b8acceb18c6ad?s=96&d=mm&r=g","caption":"Coordena\u00e7\u00e3o"},"sameAs":["https:\/\/www.facebook.com\/EstrategiaConcursos","https:\/\/x.com\/EstratConcursos"],"url":"https:\/\/www.estrategiaconcursos.com.br\/blog\/author\/estrategia2013\/"}]}},"_links":{"self":[{"href":"https:\/\/www.estrategiaconcursos.com.br\/blog\/wp-json\/wp\/v2\/posts\/152391","targetHints":{"allow":["GET"]}}],"collection":[{"href":"https:\/\/www.estrategiaconcursos.com.br\/blog\/wp-json\/wp\/v2\/posts"}],"about":[{"href":"https:\/\/www.estrategiaconcursos.com.br\/blog\/wp-json\/wp\/v2\/types\/post"}],"author":[{"embeddable":true,"href":"https:\/\/www.estrategiaconcursos.com.br\/blog\/wp-json\/wp\/v2\/users\/1"}],"replies":[{"embeddable":true,"href":"https:\/\/www.estrategiaconcursos.com.br\/blog\/wp-json\/wp\/v2\/comments?post=152391"}],"version-history":[{"count":5,"href":"https:\/\/www.estrategiaconcursos.com.br\/blog\/wp-json\/wp\/v2\/posts\/152391\/revisions"}],"predecessor-version":[{"id":155336,"href":"https:\/\/www.estrategiaconcursos.com.br\/blog\/wp-json\/wp\/v2\/posts\/152391\/revisions\/155336"}],"wp:featuredmedia":[{"embeddable":true,"href":"https:\/\/www.estrategiaconcursos.com.br\/blog\/wp-json\/wp\/v2\/media\/152393"}],"wp:attachment":[{"href":"https:\/\/www.estrategiaconcursos.com.br\/blog\/wp-json\/wp\/v2\/media?parent=152391"}],"wp:term":[{"taxonomy":"category","embeddable":true,"href":"https:\/\/www.estrategiaconcursos.com.br\/blog\/wp-json\/wp\/v2\/categories?post=152391"},{"taxonomy":"post_tag","embeddable":true,"href":"https:\/\/www.estrategiaconcursos.com.br\/blog\/wp-json\/wp\/v2\/tags?post=152391"},{"taxonomy":"tax_estado","embeddable":true,"href":"https:\/\/www.estrategiaconcursos.com.br\/blog\/wp-json\/wp\/v2\/tax_estado?post=152391"}],"curies":[{"name":"wp","href":"https:\/\/api.w.org\/{rel}","templated":true}]}}