{"id":1523808,"date":"2025-01-29T10:31:00","date_gmt":"2025-01-29T13:31:00","guid":{"rendered":"https:\/\/www.estrategiaconcursos.com.br\/blog\/?p=1523808"},"modified":"2025-01-31T11:26:18","modified_gmt":"2025-01-31T14:26:18","slug":"concurso-iss-porto-alegre-auditor-recursos-possiveis","status":"publish","type":"post","link":"https:\/\/www.estrategiaconcursos.com.br\/blog\/concurso-iss-porto-alegre-auditor-recursos-possiveis\/","title":{"rendered":"Concurso ISS Porto Alegre &#8211; Auditor: recursos poss\u00edveis!"},"content":{"rendered":"\n<p>Ap\u00f3s a aplica\u00e7\u00e3o das provas do&nbsp;<strong>concurso Secretaria Municipal da Fazenda (ISS) de Porto Alegre<\/strong> no \u00faltimo domingo, 26 de janeiro, a&nbsp;<a href=\"https:\/\/www.fundatec.org.br\/portal\/concursos\/publicacoes_v2.php?concurso=895\" target=\"_blank\" rel=\"noreferrer noopener\">Fundatec<\/a>, respons\u00e1vel pela condu\u00e7\u00e3o do certame, divulgou os&nbsp;gabaritos preliminares&nbsp;para o cargo de&nbsp;<strong>Auditor<\/strong>.<\/p>\n\n\n\n<p>Com isso, os interessados poder\u00e3o interpor recursos at\u00e9&nbsp;<strong>31 de janeiro<\/strong>, no site da banca organizadora. <\/p>\n\n\n\n<p>O Estrat\u00e9gia Concursos esteve presente durante toda a sua prepara\u00e7\u00e3o, inclusive realizando a&nbsp;<a href=\"https:\/\/www.estrategiaconcursos.com.br\/blog\/gabarito-extraoficial-iss-porto-alegre-rs\/\" target=\"_blank\" rel=\"noreferrer noopener\">corre\u00e7\u00e3o extraoficial<\/a>. Agora, vamos te ajudar em mais essa importante etapa!<\/p>\n\n\n\n<p>Nosso time de professores elaborou sugest\u00f5es de recursos contra o gabarito provis\u00f3rio da sele\u00e7\u00e3o. Veja a seguir!<\/p>\n\n\n\n<h2 class=\"wp-block-heading\" id=\"h-concurso-iss-porto-alegre-auditor-recursos-possiveis\">Concurso ISS Porto Alegre &#8211; Auditor: recursos poss\u00edveis!<\/h2>\n\n\n\n<h3 class=\"wp-block-heading has-cyan-bluish-gray-background-color has-background\" id=\"h-direito-tributario-0\">Direito Tribut\u00e1rio<\/h3>\n\n\n\n<p class=\"has-medium-font-size\"><strong>QUEST\u00c3O 23<\/strong><\/p>\n\n\n\n<p>A <strong>quest\u00e3o 23<\/strong> da Prova pede ao aluno para assinalar a alternativa correta, dando como gabarito preliminar a alternativa \u201cB\u201d.<\/p>\n\n\n\n<p>De fato, tal alternativa \u201cB\u201d est\u00e1 correta, de acordo com o Inciso I do Artigo 111 do C\u00f3digo Tribut\u00e1rio Nacional \u2013 CTN, conforme abaixo:<\/p>\n\n\n\n<p><strong><em>Art. 111. <\/em><\/strong><em>Interpreta-se <strong>literalmente<\/strong> a legisla\u00e7\u00e3o tribut\u00e1ria que disponha sobre:<\/em><\/p>\n\n\n\n<p><em>I &#8211; <u>suspens\u00e3o<\/u> ou exclus\u00e3o do cr\u00e9dito tribut\u00e1rio;<\/em><\/p>\n\n\n\n<p><em>II &#8211; outorga de isen\u00e7\u00e3o;<\/em><\/p>\n\n\n\n<p><em>III &#8211; <u>dispensa do cumprimento<\/u> de obriga\u00e7\u00f5es tribut\u00e1rias acess\u00f3rias.<\/em><\/p>\n\n\n\n<p>Ocorre que a alternativa \u201cE\u201d tamb\u00e9m encontra amparo neste mesmo artigo, agora no inciso III.<\/p>\n\n\n\n<p>Como a dispensa do cumprimento de obriga\u00e7\u00e3o acess\u00f3ria demanda <strong>interpreta\u00e7\u00e3o literal<\/strong>, \u00e9 consequ\u00eancia a \u201c<em>n\u00e3o admiss\u00e3o de interpreta\u00e7\u00e3o extensiva<\/em>\u201d, conforme afirma a alternativa \u201cE\u201d.<\/p>\n\n\n\n<p>Deste modo, havendo duas alternativas corretas, a quest\u00e3o deve ser <strong>anulada<\/strong>.<\/p>\n\n\n\n<h3 class=\"wp-block-heading has-cyan-bluish-gray-background-color has-background\" id=\"h-direito-administrativo\">Direito Administrativo<\/h3>\n\n\n\n<p><strong>QUEST\u00c3O 28<\/strong><\/p>\n\n\n\n<p>Gabarito preliminar oficial (C)<\/p>\n\n\n\n<p>Com v\u00eanias ao gabarito oficial da Banca examinadora, entendemos que a quest\u00e3o deveria anulada, visto que tamb\u00e9m a <strong>letra (A)<\/strong> est\u00e1 incorreta, consoante considera\u00e7\u00f5es que se seguem.<\/p>\n\n\n\n<p>&#8211; &#8211; &#8211; &#8211;<\/p>\n\n\n\n<p>A <strong>letra (A)<\/strong> est\u00e1 correta, tendo em vista que o atual texto constitucional estabelece o regresso em face do agente p\u00fablico respons\u00e1vel, e n\u00e3o sua responsabilidade solid\u00e1ria. Lembro que a Constitui\u00e7\u00e3o&nbsp; brasileira de 1934, esta sim, previa a responsabilidade solid\u00e1ria entre o funcion\u00e1rio p\u00fablico e o Estado, diferentemente do atual texto constitucional, mencionado no enunciado da quest\u00e3o.<\/p>\n\n\n\n<p>Aproveito para ressaltar que o agente p\u00fablico nem mesmo \u00e9 parte leg\u00edtima para figurar no polo passivo em tal demanda, consoante jurisprud\u00eancia consagrada pelo STF, a exemplo do julgado a seguir:<\/p>\n\n\n\n<p><em>\u201cO <strong>\u00a7 6\u00ba do artigo 37 da Magna Carta<\/strong> (..) consagra, ainda, <strong>dupla garantia<\/strong>: uma, em favor do particular, possibilitando-lhe a\u00e7\u00e3o indenizat\u00f3ria contra a pessoa jur\u00eddica de direito p\u00fablico, ou de direito privado que preste servi\u00e7o p\u00fablico, dado que bem maior, praticamente certa, a possibilidade de pagamento do dano objetivamente sofrido. Outra garantia, no entanto, em prol <strong>do servidor estatal, que <u>somente responde <\/u>administrativa e civilmente perante a pessoa jur\u00eddica a cujo quadro funcional se vincular<\/strong>. Recurso extraordin\u00e1rio a que se nega provimento.\u201d <\/em>STF &#8211; RE: 327904 SP, Relator: CARLOS BRITTO, Data de Julgamento: 15\/08\/2006, Primeira Turma, Data de Publica\u00e7\u00e3o: DJ 08-09-2006 PP-00043 EMENT VOL-02246-03 PP-00454 RNDJ v. 8, n. 86, 2007, p. 75-78<\/p>\n\n\n\n<p>&#8211; &#8211; &#8211; &#8211;<\/p>\n\n\n\n<p>Assim, entende-se que a quest\u00e3o 28 possui duas alternativas corretas, devendo ser anulada.<\/p>\n\n\n\n<p>&#8211; &#8211; &#8211; &#8211; &#8211; &#8211;<\/p>\n\n\n\n<p>Al\u00e9m do recurso em face da <strong>quest\u00e3o 28<\/strong>, questiona-se se as <strong>quest\u00f5es 23<\/strong> e <strong>24<\/strong> estariam de fato dentro do conte\u00fado program\u00e1tico previsto para Direito Administrativo, visto que cobraram, respectivamente, as Leis Complementares Municipais 765\/2015 e 992\/2023.<\/p>\n\n\n\n<p class=\"has-medium-font-size\"><strong>QUEST\u00c3O 35<\/strong><\/p>\n\n\n\n<p>A <strong>quest\u00e3o 35 <\/strong>da Prova pede para o aluno assinalar a alternativa correta, por\u00e9m oferece como gabarito preliminar a \u00fanica alternativa incorreta. Ao que tudo indica, o examinador deveria solicitar a alternativa \u201cincorreta\u201d, e n\u00e3o a \u201ccorreta\u201d. Vejamos:<\/p>\n\n\n\n<p>A alternativa \u201cA\u201d est\u00e1 <strong>incorreta<\/strong>, tendo por base o <strong>RE 1.285.845 (STF) <\/strong>abaixo transcrito, que autoriza o montante do ISS integrar a Base de C\u00e1lculo da Contribui\u00e7\u00e3o Previdenci\u00e1ria sobre a Receita Bruta \u2013 CPRB<\/p>\n\n\n\n<p><em>&#8220;\u00c9 <strong>constitucional<\/strong> a inclus\u00e3o do Imposto Sobre Servi\u00e7os de Qualquer Natureza &#8211; ISS na <u>base de c\u00e1lculo <\/u>da Contribui\u00e7\u00e3o Previdenci\u00e1ria sobre a Receita&nbsp;Bruta&nbsp;\u2013&nbsp;<strong>CPRB<\/strong>.&#8221;<\/em><\/p>\n\n\n\n<p>J\u00e1 as alternativas \u201cB\u201d, \u201cC\u201d, \u201cD\u201d e \u201cE\u201d est\u00e3o <strong>corretas<\/strong>, tendo por base os itens abaixo transcritos, todos do Anexo da Lei Complementar 116\/03, demonstrando a incid\u00eancia do ISS sobre estes respectivos servi\u00e7os, conforme afirmado pelas alternativas:<\/p>\n\n\n\n<p><strong>Anexo LC 116\/03<\/strong><\/p>\n\n\n\n<p><strong><em>10.04<\/em><\/strong><em> \u2013 Agenciamento, corretagem ou intermedia\u00e7\u00e3o de contratos de arrendamento mercantil (leasing), de franquia (franchising) e de faturiza\u00e7\u00e3o (factoring). <strong>(Alternativa \u201cB\u201d)<\/strong><\/em><\/p>\n\n\n\n<p><strong><em>21.01 <\/em><\/strong><em>\u2013 Servi\u00e7os de registros p\u00fablicos, cartor\u00e1rios e notariais. <strong>(Alternativa \u201cC\u201d)<\/strong><\/em><\/p>\n\n\n\n<p><strong><em>4.22 \u2013<\/em><\/strong><em> Planos de medicina de grupo ou individual e conv\u00eanios para presta\u00e7\u00e3o de assist\u00eancia m\u00e9dica, hospitalar, odontol\u00f3gica e cong\u00eaneres. <strong>(Alternativa \u201cD\u201d)<\/strong><\/em><\/p>\n\n\n\n<p><strong><em>4.23<\/em><\/strong><em> \u2013 Outros planos de sa\u00fade que se cumpram atrav\u00e9s de servi\u00e7os de terceiros contratados, credenciados, cooperados ou apenas pagos pelo operador do plano mediante indica\u00e7\u00e3o do benefici\u00e1rio. <strong>(Alternativa \u201cD\u201d)<\/strong><\/em><\/p>\n\n\n\n<p><strong><em>19.01 \u2013<\/em><\/strong><em> Servi\u00e7os de distribui\u00e7\u00e3o e venda de bilhetes e demais produtos de loteria, bingos, cart\u00f5es, pules ou cupons de apostas, sorteios, pr\u00eamios, inclusive os decorrentes de t\u00edtulos de capitaliza\u00e7\u00e3o e cong\u00eaneres. <strong>(Alternativa \u201cE\u201d)<\/strong><\/em><\/p>\n\n\n\n<p>Desta forma, havendo 4 alternativas corretas, a quest\u00e3o deve ser <strong>anulada<\/strong>.<\/p>\n\n\n\n<h3 class=\"wp-block-heading has-cyan-bluish-gray-background-color has-background\" id=\"h-matematica-financeira-e-estatistica\">Matem\u00e1tica Financeira e Estat\u00edstica<\/h3>\n\n\n\n<p><strong>QUEST\u00c3O 45<\/strong><\/p>\n\n\n\n<p>A prezada banca considerou a op\u00e7\u00e3o (E) como gabarito oficial.<\/p>\n\n\n\n<p>Sem qualquer desprest\u00edgio a esta douta banca examinadora e com a devida v\u00eania, percebe-se que a quest\u00e3o mostra-se equivocada pelos seguintes argumentos:<\/p>\n\n\n\n<p>Seja A o valor atual da d\u00edvida. A \u00e9 igual a R$ 120.000,00 \u2013 R$ 20.000,00 = R$ 100.000,00.<br \/>A rela\u00e7\u00e3o entre o valor atual da d\u00edvida e a presta\u00e7\u00e3o \u00e9<br \/>A = P a(n,i)<br \/>100.000 = P a(12,2%)<br \/>Observando a tabela, o valor de a(12,2%) \u00e9 dado por 10,575341.<br \/>Assim, 100.000\/10,575341 = P<br \/>Diante do exposto, solicita-se a troca do gabarito para a op\u00e7\u00e3o D.<\/p>\n\n\n\n<p><strong>QUEST\u00c3O 50<\/strong><\/p>\n\n\n\n<p>A prezada banca considerou a op\u00e7\u00e3o (A) como gabarito oficial.<\/p>\n\n\n\n<p>Sem qualquer desprest\u00edgio a esta douta banca examinadora e com a devida v\u00eania, percebe-se que a quest\u00e3o mostra-se equivocada pelos seguintes argumentos:<\/p>\n\n\n\n<p>A amostra A \u00e9 formada por 901 elementos e a amostra B \u00e9 formada por 101 elementos.<\/p>\n\n\n\n<p>Como a vari\u00e2ncia de A \u00e9 200, ent\u00e3o a soma dos quadrados dos desvios em rela\u00e7\u00e3o \u00e0 m\u00e9dia na amostra A ser\u00e1 dada por (n-1) . 200 = 900 . 200 = 180.000.<\/p>\n\n\n\n<p>Como a vari\u00e2ncia de B \u00e9 202, ent\u00e3o a soma dos quadrados dos desvios em rela\u00e7\u00e3o \u00e0 m\u00e9dia na amostra B ser\u00e1 dada por (n-1) . 202 = 100 . 202 = 20200.<\/p>\n\n\n\n<p>Juntando-se as duas amostras e formando uma amostra de 1002 elementos (segundo o pr\u00f3prio enunciado), a vari\u00e2ncia ficar\u00e1 s2 = (180.000 + 20200)\/(1002 \u2013 1) = 200<\/p>\n\n\n\n<p>Diante do exposto, solicita-se a troca de gabarito para a op\u00e7\u00e3o B.<\/p>\n\n\n\n<h3 class=\"wp-block-heading has-cyan-bluish-gray-background-color has-background\" id=\"h-direito-administrativo\">Direito Administrativo<\/h3>\n\n\n\n<p><strong>QUEST\u00c3O 59<\/strong><\/p>\n\n\n\n<p>Gabarito preliminar oficial (E)<\/p>\n\n\n\n<p>Com v\u00eanias ao gabarito oficial da Banca examinadora, entendemos que o gabarito deveria ser alterado para <strong>letra (A)<\/strong>, que \u00e9 a alternativa incorreta, consoante considera\u00e7\u00f5es que se seguem.<\/p>\n\n\n\n<p>&#8211; &#8211; &#8211; &#8211;<\/p>\n\n\n\n<p>Em rela\u00e7\u00e3o \u00e0 <strong>letra (E)<\/strong>, apontada como INCORRETA, considerando-se o enunciado mencionar o art. 37, \u00a76\u00ba, da Carta Magna, que consagra a teoria da responsabilidade objetiva, sob a modalidade do risco administrativo, \u00e9 absolutamente correto afirmar que um dos fundamentos \u00e9 o risco das atividades estatais, da\u00ed o nome da mencionada teoria.<\/p>\n\n\n\n<p>Este \u00e9 precisamente o que lecionam a Profa. Maria Sylvia Zanella di Pietro e o Prof. Jos\u00e9 dos Santos Carvalho Filho, como se v\u00ea abaixo:<\/p>\n\n\n\n<p><em>\u201c\u00c9 chamada teoria da <strong>responsabilidade objetiva<\/strong>, precisamente por prescindir da aprecia\u00e7\u00e3o dos elementos subjetivos (culpa ou dolo); \u00e9 tamb\u00e9m chamada <strong>teoria do risco, <\/strong>porque parte da ideia de que a atua\u00e7\u00e3o estatal envolve um risco de dano, que lhe \u00e9 inerente. Causado o dano, o Estado responde como se fosse uma empresa de seguro em que os segurados seriam os contribuintes que, pagando os tributos, contribuem para a forma\u00e7\u00e3o de um patrim\u00f4nio coletivo (cf. Cretella J\u00fanior, 1970, v. 8, p. 69-70).\u201d \u2013 DI PIETRO, Maria Sylvia Zanella. Direito Administrativo. 31\u00aa ed, item 15.2.3<\/em><\/p>\n\n\n\n<p><em>Diante disso, passou-se a considerar que, por ser mais poderoso, <strong>o Estado teria que arcar com um <u>risco<\/u> natural decorrente de suas numerosas atividades<\/strong>: \u00e0 maior quantidade de poderes haveria de corresponder um risco maior. Surge, ent\u00e3o, a <u>teoria do risco administrativo<\/u>, como fundamento da responsabilidade objetiva do Estado. \u2013 CARVALHO FILHO, Jos\u00e9 dos Santos. Manual de Direito Administrativo. 28\u00aa ed. p. 574<\/em><\/p>\n\n\n\n<p>Por outro lado, a <strong>letra (A)<\/strong> est\u00e1 correta, tendo em vista que o atual texto constitucional estabelece o regresso em face do agente p\u00fablico respons\u00e1vel, e n\u00e3o sua responsabilidade solid\u00e1ria. Lembro que a Constitui\u00e7\u00e3o&nbsp; brasileira de 1934, esta sim, previa a responsabilidade solid\u00e1ria entre o funcion\u00e1rio p\u00fablico e o Estado, diferentemente do atual texto constitucional, mencionado no enunciado da quest\u00e3o.<\/p>\n\n\n\n<p>Aproveito para ressaltar que o agente p\u00fablico nem mesmo \u00e9 parte leg\u00edtima para figurar no polo passivo em tal demanda, consoante jurisprud\u00eancia consagrada pelo STF, a exemplo do julgado a seguir:<\/p>\n\n\n\n<p><em>\u201cO <strong>\u00a7 6\u00ba do artigo 37 da Magna Carta<\/strong> (..) consagra, ainda, <strong>dupla garantia<\/strong>: uma, em favor do particular, possibilitando-lhe a\u00e7\u00e3o indenizat\u00f3ria contra a pessoa jur\u00eddica de direito p\u00fablico, ou de direito privado que preste servi\u00e7o p\u00fablico, dado que bem maior, praticamente certa, a possibilidade de pagamento do dano objetivamente sofrido. Outra garantia, no entanto, em prol <strong>do servidor estatal, que <u>somente responde <\/u>administrativa e civilmente perante a pessoa jur\u00eddica a cujo quadro funcional se vincular<\/strong>. Recurso extraordin\u00e1rio a que se nega provimento.\u201d <\/em>STF &#8211; RE: 327904 SP, Relator: CARLOS BRITTO, Data de Julgamento: 15\/08\/2006, Primeira Turma, Data de Publica\u00e7\u00e3o: DJ 08-09-2006 PP-00043 EMENT VOL-02246-03 PP-00454 RNDJ v. 8, n. 86, 2007, p. 75-78<\/p>\n\n\n\n<p>&#8211; &#8211; &#8211; &#8211;<\/p>\n\n\n\n<p>Assim, entende-se que o gabarito da quest\u00e3o 28 deve ser <strong>alterado da letra (E) para a letra (A)<\/strong>.<\/p>\n\n\n\n<h3 class=\"wp-block-heading has-cyan-bluish-gray-background-color has-background\" id=\"h-afo\">AFO<\/h3>\n\n\n\n<p><strong>QUEST\u00c3O 69<\/strong><\/p>\n\n\n\n<p><strong>Gabarito preliminar da Banca: E<\/strong><\/p>\n\n\n\n<p><strong>Gabarito sugerido: ANULA\u00c7\u00c3O<\/strong><strong><\/strong><\/p>\n\n\n\n<p>\u00c0 Banca Organizadora,<\/p>\n\n\n\n<p>Venho, respeitosamente, interpor recurso solicitando a <strong>anula\u00e7\u00e3o<\/strong> da quest\u00e3o abaixo transcrita, em raz\u00e3o da inexist\u00eancia de gabarito correspondente, uma vez que <strong>apenas a assertiva IV est\u00e1 correta<\/strong>, conforme fundamento na <strong>Lei de Responsabilidade Fiscal (LC n\u00ba 101\/2000)<\/strong>.<\/p>\n\n\n\n<p>Analisando item a item, temos:<\/p>\n\n\n\n<p><strong>I. Falso<\/strong><\/p>\n\n\n\n<p>Embora a LRF, no art. 11, exija a previs\u00e3o e a efetiva arrecada\u00e7\u00e3o de todos os tributos como requisito essencial da responsabilidade fiscal, o descumprimento dessa norma n\u00e3o \u00e9 tratado como &#8220;sem consequ\u00eancia&#8221; para o ente p\u00fablico, principalmente quanto aos impostos. Vejamos:<\/p>\n\n\n\n<p><em>\u201cArt. 11. Constituem requisitos essenciais da responsabilidade na gest\u00e3o fiscal a institui\u00e7\u00e3o, previs\u00e3o e efetiva arrecada\u00e7\u00e3o de todos os tributos da compet\u00eancia constitucional do ente da Federa\u00e7\u00e3o.<\/em><\/p>\n\n\n\n<p><em>Par\u00e1grafo \u00fanico. \u00c9 vedada a realiza\u00e7\u00e3o de transfer\u00eancias volunt\u00e1rias para o ente que n\u00e3o observe o disposto no caput, no que se refere aos impostos.\u201d<\/em><\/p>\n\n\n\n<p><strong>II. Falso<\/strong><\/p>\n\n\n\n<p>O art. 2\u00ba, \u00a7 3\u00ba da LRF n\u00e3o apresenta a defini\u00e7\u00e3o mencionada na assertiva. A Receita Corrente L\u00edquida (RCL) \u00e9 apurada somando-se as receitas <strong><u>arrecadadas no m\u00eas em refer\u00eancia e nos onze meses anteriores<\/u><\/strong>, excluindo-se as duplicidades e outras dedu\u00e7\u00f5es previstas em lei, como restitui\u00e7\u00f5es. A formula\u00e7\u00e3o apresentada na assertiva est\u00e1 incorreta.<\/p>\n\n\n\n<p>III. Falso<\/p>\n\n\n\n<p>Aqui cabe um apontamento. O <strong>art. 15 da LRF<\/strong> realmente considera despesa n\u00e3o autorizada, irregular e lesiva aquela que n\u00e3o atenda \u00e0s condi\u00e7\u00f5es de impacto or\u00e7ament\u00e1rio-financeiro, bem como <strong>adequa\u00e7\u00e3o \u00e0 LOA e compatibilidade com os instrumentos de planejamento o PPA e com a LDO<\/strong>.<\/p>\n\n\n\n<p>Vejamos o que elenca a LRF:<\/p>\n\n\n\n<p><em>\u201cArt. 16. A cria\u00e7\u00e3o, expans\u00e3o ou aperfei\u00e7oamento de a\u00e7\u00e3o governamental que acarrete aumento da despesa ser\u00e1 acompanhado de:&nbsp;&nbsp;&nbsp;&nbsp;&nbsp;&nbsp;&nbsp;<\/em><\/p>\n\n\n\n<p><em>I &#8211; estimativa do impacto or\u00e7ament\u00e1rio-financeiro no exerc\u00edcio em que deva entrar em vigor e nos dois subsequentes;<\/em><\/p>\n\n\n\n<p><em>II &#8211; <strong>declara\u00e7\u00e3o do ordenador da despesa de que o aumento tem adequa\u00e7\u00e3o or\u00e7ament\u00e1ria e financeira com a lei or\u00e7ament\u00e1ria anual<\/strong> e <strong><u>compatibilidade com o plano plurianual e com a lei de diretrizes or\u00e7ament\u00e1rias<\/u><\/strong>.\u201d<\/em><\/p>\n\n\n\n<p>Logo, \u00e9 um item que apresenta incorre\u00e7\u00e3o, principalmente por tratarmos da literalidade da LRF, mencionada no pr\u00f3prio comando da quest\u00e3o proposta pela Banca examinadora.<\/p>\n\n\n\n<p><strong>IV. Certo<\/strong><\/p>\n\n\n\n<p>A assertiva est\u00e1 em conformidade com os <strong>arts. 19 e 20 da LRF<\/strong>, que estabelecem os limites de gastos com pessoal:<\/p>\n\n\n\n<ul class=\"wp-block-list\">\n<li>50% da RCL para a Uni\u00e3o;<\/li>\n\n\n\n<li>60% da RCL para Estados e Munic\u00edpios, sendo que na esfera municipal os limites s\u00e3o repartidos em 6% para o Legislativo e 54% para o Executivo.<\/li>\n<\/ul>\n\n\n\n<p>Apesar disso, n\u00e3o consta nas op\u00e7\u00f5es gabarito a ser assinalado de forma correta e objetiva. Com base na an\u00e1lise das assertivas, fica claro que <strong>apenas a assertiva IV est\u00e1 correta<\/strong>. Nenhuma das alternativas apresentadas reflete essa configura\u00e7\u00e3o, o que torna imposs\u00edvel que o candidato escolha uma resposta v\u00e1lida. Diante da inexist\u00eancia de gabarito correspondente, conforme demonstrado acima, solicito a <strong>anula\u00e7\u00e3o da quest\u00e3o<\/strong> por falta de alternativa correta. Isso garantir\u00e1 isonomia entre os candidatos e respeitar\u00e1 os princ\u00edpios da clareza e objetividade na formula\u00e7\u00e3o de quest\u00f5es.<\/p>\n\n\n\n<p class=\"has-text-align-center has-background has-medium-font-size\" style=\"background-color:#d7dce1\"><strong><a href=\"https:\/\/www.estrategiaconcursos.com.br\/blog\/concurso-iss-porto-alegre\/\" target=\"_blank\" rel=\"noreferrer noopener\">Mais informa\u00e7\u00f5es do concurso ISS Porto Alegre<\/a><\/strong><\/p>\n\n\n\n<hr class=\"wp-block-separator has-alpha-channel-opacity\"\/>\n\n\n\n<div class=\"container\" id=\"boxes\">\n  <div class=\"row\">\n\n    <div class=\"col-sm\">\n      <div class=\"banner-iss\" id=\"box-assinatura\">\n        <h2 class=\"titulo-assinatura\" style=\"text-align: left;\">Cursos ISS POA<\/h2>\n        <p class=\"subtitulo-assinatura\" style=\"text-align: left;\">Prepara\u00e7\u00e3o completa para a carreira!<\/p>\n        <div class=\"box-botao\" style=\"text-align: left;\">\n          <a class=\"btn-assinatura\" target=\"_blank\" href=\"https:\/\/www.estrategiaconcursos.com.br\/cursosPorConcurso\/secretaria-municipal-da-fazenda-iss-porto-alegre\" role=\"button\" rel=\"noopener noreferrer\">EXPLORAR CURSOS<\/a>\n        <\/div>\n      <\/div><\/div><\/div><\/div>\n\n\n\n<div class=\"container\" id=\"boxes\">\n  <div class=\"row\">\n\n    <div class=\"col-sm\">\n      <div class=\"banner-estrategia\" id=\"box-assinatura\">\n        <h3 class=\"titulo-assinatura\">Cursos para concursos<\/h3>\n        <p class=\"subtitulo-assinatura\">Estude conosco<\/p>\n        <div class=\"box-botao\">\n          <a class=\"btn-assinatura\" target=\"_blank\" href=\"https:\/\/www.estrategiaconcursos.com.br\/cursos\/\" role=\"button\" rel=\"noopener noreferrer\">Conhe\u00e7a os cursos<\/a>\n        <\/div>\n      <\/div>\n     \n    <\/div>\n\n  <\/div>\n<\/div>\n\n\n\n<h2 class=\"wp-block-heading has-text-align-center\" id=\"h-quer-saber-tudo-sobre-concursos-previstos-confira-nossos-artigos\">Quer saber tudo sobre concursos previstos?<br \/>Confira nossos artigos!<\/h2>\n\n\n\n<ul class=\"wp-block-list\">\n<li><a href=\"https:\/\/www.estrategiaconcursos.com.br\/blog\/concursos-abertos\/\" target=\"_blank\" rel=\"noreferrer noopener\">Concursos Abertos<\/a><\/li>\n\n\n\n<li><a href=\"https:\/\/www.estrategiaconcursos.com.br\/blog\/concursos-iss\/\">Concursos ISS<\/a><\/li>\n\n\n\n<li><a href=\"https:\/\/www.estrategiaconcursos.com.br\/blog\/concursos-2025\/\" target=\"_blank\" rel=\"noreferrer noopener\">Concursos 2025<\/a><\/li>\n<\/ul>\n\n\n\n<p><\/p>\n","protected":false},"excerpt":{"rendered":"<p>Ap\u00f3s a aplica\u00e7\u00e3o das provas do&nbsp;concurso Secretaria Municipal da Fazenda (ISS) de Porto Alegre no \u00faltimo domingo, 26 de janeiro, a&nbsp;Fundatec, respons\u00e1vel pela condu\u00e7\u00e3o do certame, divulgou os&nbsp;gabaritos preliminares&nbsp;para o cargo de&nbsp;Auditor. Com isso, os interessados poder\u00e3o interpor recursos at\u00e9&nbsp;31 de janeiro, no site da banca organizadora. O Estrat\u00e9gia Concursos esteve presente durante toda a [&hellip;]<\/p>\n","protected":false},"author":1483,"featured_media":1204816,"comment_status":"open","ping_status":"closed","sticky":false,"template":"","format":"standard","meta":{"post_tipo":"news","footnotes":""},"categories":[220183,220219],"tags":[8],"tax_estado":[219986],"class_list":["post-1523808","post","type-post","status-publish","format-standard","has-post-thumbnail","hentry","category-fiscal-municipal","category-noticias","tag-recurso","tax_estado-rs"],"acf":[],"yoast_head":"<!-- This site is optimized with the Yoast SEO Premium plugin v27.2 (Yoast SEO v27.2) - https:\/\/yoast.com\/product\/yoast-seo-premium-wordpress\/ -->\n<title>Concurso ISS Porto Alegre - Auditor: recursos poss\u00edveis!<\/title>\n<meta name=\"description\" content=\"Saiba como interpor recursos contra o gabarito provis\u00f3rio do concurso do ISS Porto Alegre. Aproveite essa chance de contestar suas respostas.\" \/>\n<meta name=\"robots\" content=\"index, follow, max-snippet:-1, max-image-preview:large, max-video-preview:-1\" \/>\n<link rel=\"canonical\" href=\"https:\/\/www.estrategiaconcursos.com.br\/blog\/concurso-iss-porto-alegre-auditor-recursos-possiveis\/\" \/>\n<meta property=\"og:locale\" content=\"pt_BR\" \/>\n<meta property=\"og:type\" content=\"article\" \/>\n<meta property=\"og:title\" content=\"Concurso ISS Porto Alegre - Auditor: recursos poss\u00edveis!\" \/>\n<meta property=\"og:description\" content=\"Saiba como interpor recursos contra o gabarito provis\u00f3rio do concurso do ISS Porto Alegre. Aproveite essa chance de contestar suas respostas.\" \/>\n<meta property=\"og:url\" content=\"https:\/\/www.estrategiaconcursos.com.br\/blog\/concurso-iss-porto-alegre-auditor-recursos-possiveis\/\" \/>\n<meta property=\"og:site_name\" content=\"Estrat\u00e9gia Concursos\" \/>\n<meta property=\"article:published_time\" content=\"2025-01-29T13:31:00+00:00\" \/>\n<meta property=\"article:modified_time\" content=\"2025-01-31T14:26:18+00:00\" \/>\n<meta property=\"og:image\" content=\"https:\/\/dhg1h5j42swfq.cloudfront.net\/2023\/04\/20131739\/iss-porto-alegre.jpg\" \/>\n\t<meta property=\"og:image:width\" content=\"768\" \/>\n\t<meta property=\"og:image:height\" content=\"432\" \/>\n\t<meta property=\"og:image:type\" content=\"image\/jpeg\" \/>\n<meta name=\"author\" content=\"Diogo Mendes\" \/>\n<meta name=\"twitter:card\" content=\"summary_large_image\" \/>\n<meta name=\"twitter:creator\" content=\"@EstratConcursos\" \/>\n<meta name=\"twitter:site\" content=\"@EstratConcursos\" \/>\n<meta name=\"twitter:label1\" content=\"Escrito por\" \/>\n\t<meta name=\"twitter:data1\" content=\"Diogo Mendes\" \/>\n\t<meta name=\"twitter:label2\" content=\"Est. tempo de leitura\" \/>\n\t<meta name=\"twitter:data2\" content=\"11 minutos\" \/>\n<script type=\"application\/ld+json\" class=\"yoast-schema-graph\">{\"@context\":\"https:\/\/schema.org\",\"@graph\":[{\"@type\":\"NewsArticle\",\"@id\":\"https:\/\/www.estrategiaconcursos.com.br\/blog\/concurso-iss-porto-alegre-auditor-recursos-possiveis\/#article\",\"isPartOf\":{\"@id\":\"https:\/\/www.estrategiaconcursos.com.br\/blog\/concurso-iss-porto-alegre-auditor-recursos-possiveis\/\"},\"author\":{\"name\":\"Diogo Mendes\",\"@id\":\"https:\/\/www.estrategiaconcursos.com.br\/blog\/#\/schema\/person\/cc9e76173880338ce9f656c88664a1f6\"},\"headline\":\"Concurso ISS Porto Alegre &#8211; Auditor: recursos poss\u00edveis!\",\"datePublished\":\"2025-01-29T13:31:00+00:00\",\"dateModified\":\"2025-01-31T14:26:18+00:00\",\"mainEntityOfPage\":{\"@id\":\"https:\/\/www.estrategiaconcursos.com.br\/blog\/concurso-iss-porto-alegre-auditor-recursos-possiveis\/\"},\"wordCount\":2217,\"commentCount\":0,\"publisher\":{\"@id\":\"https:\/\/www.estrategiaconcursos.com.br\/blog\/#organization\"},\"image\":{\"@id\":\"https:\/\/www.estrategiaconcursos.com.br\/blog\/concurso-iss-porto-alegre-auditor-recursos-possiveis\/#primaryimage\"},\"thumbnailUrl\":\"https:\/\/dhg1h5j42swfq.cloudfront.net\/2023\/04\/20131739\/iss-porto-alegre.jpg\",\"keywords\":[\"Recurso\"],\"articleSection\":[\"Fiscal - Municipal (ISS)\",\"\u00daltimas not\u00edcias\"],\"inLanguage\":\"pt-BR\",\"potentialAction\":[{\"@type\":\"CommentAction\",\"name\":\"Comment\",\"target\":[\"https:\/\/www.estrategiaconcursos.com.br\/blog\/concurso-iss-porto-alegre-auditor-recursos-possiveis\/#respond\"]}],\"copyrightYear\":\"2025\",\"copyrightHolder\":{\"@id\":\"https:\/\/www.estrategiaconcursos.com.br\/blog\/#organization\"}},{\"@type\":\"WebPage\",\"@id\":\"https:\/\/www.estrategiaconcursos.com.br\/blog\/concurso-iss-porto-alegre-auditor-recursos-possiveis\/\",\"url\":\"https:\/\/www.estrategiaconcursos.com.br\/blog\/concurso-iss-porto-alegre-auditor-recursos-possiveis\/\",\"name\":\"Concurso ISS Porto Alegre - Auditor: recursos poss\u00edveis!\",\"isPartOf\":{\"@id\":\"https:\/\/www.estrategiaconcursos.com.br\/blog\/#website\"},\"primaryImageOfPage\":{\"@id\":\"https:\/\/www.estrategiaconcursos.com.br\/blog\/concurso-iss-porto-alegre-auditor-recursos-possiveis\/#primaryimage\"},\"image\":{\"@id\":\"https:\/\/www.estrategiaconcursos.com.br\/blog\/concurso-iss-porto-alegre-auditor-recursos-possiveis\/#primaryimage\"},\"thumbnailUrl\":\"https:\/\/dhg1h5j42swfq.cloudfront.net\/2023\/04\/20131739\/iss-porto-alegre.jpg\",\"datePublished\":\"2025-01-29T13:31:00+00:00\",\"dateModified\":\"2025-01-31T14:26:18+00:00\",\"description\":\"Saiba como interpor recursos contra o gabarito provis\u00f3rio do concurso do ISS Porto Alegre. Aproveite essa chance de contestar suas respostas.\",\"breadcrumb\":{\"@id\":\"https:\/\/www.estrategiaconcursos.com.br\/blog\/concurso-iss-porto-alegre-auditor-recursos-possiveis\/#breadcrumb\"},\"inLanguage\":\"pt-BR\",\"potentialAction\":[{\"@type\":\"ReadAction\",\"target\":[\"https:\/\/www.estrategiaconcursos.com.br\/blog\/concurso-iss-porto-alegre-auditor-recursos-possiveis\/\"]}]},{\"@type\":\"ImageObject\",\"inLanguage\":\"pt-BR\",\"@id\":\"https:\/\/www.estrategiaconcursos.com.br\/blog\/concurso-iss-porto-alegre-auditor-recursos-possiveis\/#primaryimage\",\"url\":\"https:\/\/dhg1h5j42swfq.cloudfront.net\/2023\/04\/20131739\/iss-porto-alegre.jpg\",\"contentUrl\":\"https:\/\/dhg1h5j42swfq.cloudfront.net\/2023\/04\/20131739\/iss-porto-alegre.jpg\",\"width\":768,\"height\":432,\"caption\":\"Edital concurso ISS Porto Alegre\"},{\"@type\":\"BreadcrumbList\",\"@id\":\"https:\/\/www.estrategiaconcursos.com.br\/blog\/concurso-iss-porto-alegre-auditor-recursos-possiveis\/#breadcrumb\",\"itemListElement\":[{\"@type\":\"ListItem\",\"position\":1,\"name\":\"In\u00edcio\",\"item\":\"https:\/\/www.estrategiaconcursos.com.br\/blog\/\"},{\"@type\":\"ListItem\",\"position\":2,\"name\":\"Concurso ISS Porto Alegre &#8211; Auditor: recursos poss\u00edveis!\"}]},{\"@type\":\"WebSite\",\"@id\":\"https:\/\/www.estrategiaconcursos.com.br\/blog\/#website\",\"url\":\"https:\/\/www.estrategiaconcursos.com.br\/blog\/\",\"name\":\"Estrat\u00e9gia Concursos\",\"description\":\"O blog da Estrat\u00e9gia Concursos traz not\u00edcias sobre concursos e artigos de professores oferecendo cursos para concursos (pdf + videaulas) no site.\",\"publisher\":{\"@id\":\"https:\/\/www.estrategiaconcursos.com.br\/blog\/#organization\"},\"potentialAction\":[{\"@type\":\"SearchAction\",\"target\":{\"@type\":\"EntryPoint\",\"urlTemplate\":\"https:\/\/www.estrategiaconcursos.com.br\/blog\/?s={search_term_string}\"},\"query-input\":{\"@type\":\"PropertyValueSpecification\",\"valueRequired\":true,\"valueName\":\"search_term_string\"}}],\"inLanguage\":\"pt-BR\"},{\"@type\":\"Organization\",\"@id\":\"https:\/\/www.estrategiaconcursos.com.br\/blog\/#organization\",\"name\":\"Estrat\u00e9gia Concursos\",\"url\":\"https:\/\/www.estrategiaconcursos.com.br\/blog\/\",\"logo\":{\"@type\":\"ImageObject\",\"inLanguage\":\"pt-BR\",\"@id\":\"https:\/\/www.estrategiaconcursos.com.br\/blog\/#\/schema\/logo\/image\/\",\"url\":\"https:\/\/dhg1h5j42swfq.cloudfront.net\/2025\/06\/03203428\/logo_concursos-1.jpg\",\"contentUrl\":\"https:\/\/dhg1h5j42swfq.cloudfront.net\/2025\/06\/03203428\/logo_concursos-1.jpg\",\"width\":230,\"height\":60,\"caption\":\"Estrat\u00e9gia Concursos\"},\"image\":{\"@id\":\"https:\/\/www.estrategiaconcursos.com.br\/blog\/#\/schema\/logo\/image\/\"},\"sameAs\":[\"https:\/\/x.com\/EstratConcursos\"]},{\"@type\":\"Person\",\"@id\":\"https:\/\/www.estrategiaconcursos.com.br\/blog\/#\/schema\/person\/cc9e76173880338ce9f656c88664a1f6\",\"name\":\"Diogo Mendes\",\"image\":{\"@type\":\"ImageObject\",\"inLanguage\":\"pt-BR\",\"@id\":\"https:\/\/secure.gravatar.com\/avatar\/9754d6777d460a45ef4067b586b94c32005cc2345a0404b8d96adc620cf63806?s=96&d=mm&r=g\",\"url\":\"https:\/\/secure.gravatar.com\/avatar\/9754d6777d460a45ef4067b586b94c32005cc2345a0404b8d96adc620cf63806?s=96&d=mm&r=g\",\"contentUrl\":\"https:\/\/secure.gravatar.com\/avatar\/9754d6777d460a45ef4067b586b94c32005cc2345a0404b8d96adc620cf63806?s=96&d=mm&r=g\",\"caption\":\"Diogo Mendes\"},\"description\":\"Diogo Mendes \u00e9 jornalista formado pela Universidade Paulista, com experi\u00eancia em reda\u00e7\u00f5es de diversos ve\u00edculos e na produ\u00e7\u00e3o de conte\u00fados especializados em concursos p\u00fablicos. Desde 2019, atua no Estrat\u00e9gia Concursos como Jornalista e Analista de Conte\u00fado, com foco na apura\u00e7\u00e3o de informa\u00e7\u00f5es junto a \u00f3rg\u00e3os e fontes oficiais. Dedica-se especialmente \u00e0 produ\u00e7\u00e3o de not\u00edcias e reportagens sobre Concursos Legislativos, al\u00e9m de acompanhar diariamente os concursos policiais, banc\u00e1rios e da \u00e1rea da sa\u00fade.\",\"url\":\"https:\/\/www.estrategiaconcursos.com.br\/blog\/author\/diogo-mendesestrategiaconcursos-com-br\/\"}]}<\/script>\n<!-- \/ Yoast SEO Premium plugin. -->","yoast_head_json":{"title":"Concurso ISS Porto Alegre - Auditor: recursos poss\u00edveis!","description":"Saiba como interpor recursos contra o gabarito provis\u00f3rio do concurso do ISS Porto Alegre. Aproveite essa chance de contestar suas respostas.","robots":{"index":"index","follow":"follow","max-snippet":"max-snippet:-1","max-image-preview":"max-image-preview:large","max-video-preview":"max-video-preview:-1"},"canonical":"https:\/\/www.estrategiaconcursos.com.br\/blog\/concurso-iss-porto-alegre-auditor-recursos-possiveis\/","og_locale":"pt_BR","og_type":"article","og_title":"Concurso ISS Porto Alegre - Auditor: recursos poss\u00edveis!","og_description":"Saiba como interpor recursos contra o gabarito provis\u00f3rio do concurso do ISS Porto Alegre. Aproveite essa chance de contestar suas respostas.","og_url":"https:\/\/www.estrategiaconcursos.com.br\/blog\/concurso-iss-porto-alegre-auditor-recursos-possiveis\/","og_site_name":"Estrat\u00e9gia Concursos","article_published_time":"2025-01-29T13:31:00+00:00","article_modified_time":"2025-01-31T14:26:18+00:00","og_image":[{"width":768,"height":432,"url":"https:\/\/dhg1h5j42swfq.cloudfront.net\/2023\/04\/20131739\/iss-porto-alegre.jpg","type":"image\/jpeg"}],"author":"Diogo Mendes","twitter_card":"summary_large_image","twitter_creator":"@EstratConcursos","twitter_site":"@EstratConcursos","twitter_misc":{"Escrito por":"Diogo Mendes","Est. tempo de leitura":"11 minutos"},"schema":{"@context":"https:\/\/schema.org","@graph":[{"@type":"NewsArticle","@id":"https:\/\/www.estrategiaconcursos.com.br\/blog\/concurso-iss-porto-alegre-auditor-recursos-possiveis\/#article","isPartOf":{"@id":"https:\/\/www.estrategiaconcursos.com.br\/blog\/concurso-iss-porto-alegre-auditor-recursos-possiveis\/"},"author":{"name":"Diogo Mendes","@id":"https:\/\/www.estrategiaconcursos.com.br\/blog\/#\/schema\/person\/cc9e76173880338ce9f656c88664a1f6"},"headline":"Concurso ISS Porto Alegre &#8211; Auditor: recursos poss\u00edveis!","datePublished":"2025-01-29T13:31:00+00:00","dateModified":"2025-01-31T14:26:18+00:00","mainEntityOfPage":{"@id":"https:\/\/www.estrategiaconcursos.com.br\/blog\/concurso-iss-porto-alegre-auditor-recursos-possiveis\/"},"wordCount":2217,"commentCount":0,"publisher":{"@id":"https:\/\/www.estrategiaconcursos.com.br\/blog\/#organization"},"image":{"@id":"https:\/\/www.estrategiaconcursos.com.br\/blog\/concurso-iss-porto-alegre-auditor-recursos-possiveis\/#primaryimage"},"thumbnailUrl":"https:\/\/dhg1h5j42swfq.cloudfront.net\/2023\/04\/20131739\/iss-porto-alegre.jpg","keywords":["Recurso"],"articleSection":["Fiscal - Municipal (ISS)","\u00daltimas not\u00edcias"],"inLanguage":"pt-BR","potentialAction":[{"@type":"CommentAction","name":"Comment","target":["https:\/\/www.estrategiaconcursos.com.br\/blog\/concurso-iss-porto-alegre-auditor-recursos-possiveis\/#respond"]}],"copyrightYear":"2025","copyrightHolder":{"@id":"https:\/\/www.estrategiaconcursos.com.br\/blog\/#organization"}},{"@type":"WebPage","@id":"https:\/\/www.estrategiaconcursos.com.br\/blog\/concurso-iss-porto-alegre-auditor-recursos-possiveis\/","url":"https:\/\/www.estrategiaconcursos.com.br\/blog\/concurso-iss-porto-alegre-auditor-recursos-possiveis\/","name":"Concurso ISS Porto Alegre - Auditor: recursos poss\u00edveis!","isPartOf":{"@id":"https:\/\/www.estrategiaconcursos.com.br\/blog\/#website"},"primaryImageOfPage":{"@id":"https:\/\/www.estrategiaconcursos.com.br\/blog\/concurso-iss-porto-alegre-auditor-recursos-possiveis\/#primaryimage"},"image":{"@id":"https:\/\/www.estrategiaconcursos.com.br\/blog\/concurso-iss-porto-alegre-auditor-recursos-possiveis\/#primaryimage"},"thumbnailUrl":"https:\/\/dhg1h5j42swfq.cloudfront.net\/2023\/04\/20131739\/iss-porto-alegre.jpg","datePublished":"2025-01-29T13:31:00+00:00","dateModified":"2025-01-31T14:26:18+00:00","description":"Saiba como interpor recursos contra o gabarito provis\u00f3rio do concurso do ISS Porto Alegre. Aproveite essa chance de contestar suas respostas.","breadcrumb":{"@id":"https:\/\/www.estrategiaconcursos.com.br\/blog\/concurso-iss-porto-alegre-auditor-recursos-possiveis\/#breadcrumb"},"inLanguage":"pt-BR","potentialAction":[{"@type":"ReadAction","target":["https:\/\/www.estrategiaconcursos.com.br\/blog\/concurso-iss-porto-alegre-auditor-recursos-possiveis\/"]}]},{"@type":"ImageObject","inLanguage":"pt-BR","@id":"https:\/\/www.estrategiaconcursos.com.br\/blog\/concurso-iss-porto-alegre-auditor-recursos-possiveis\/#primaryimage","url":"https:\/\/dhg1h5j42swfq.cloudfront.net\/2023\/04\/20131739\/iss-porto-alegre.jpg","contentUrl":"https:\/\/dhg1h5j42swfq.cloudfront.net\/2023\/04\/20131739\/iss-porto-alegre.jpg","width":768,"height":432,"caption":"Edital concurso ISS Porto Alegre"},{"@type":"BreadcrumbList","@id":"https:\/\/www.estrategiaconcursos.com.br\/blog\/concurso-iss-porto-alegre-auditor-recursos-possiveis\/#breadcrumb","itemListElement":[{"@type":"ListItem","position":1,"name":"In\u00edcio","item":"https:\/\/www.estrategiaconcursos.com.br\/blog\/"},{"@type":"ListItem","position":2,"name":"Concurso ISS Porto Alegre &#8211; Auditor: recursos poss\u00edveis!"}]},{"@type":"WebSite","@id":"https:\/\/www.estrategiaconcursos.com.br\/blog\/#website","url":"https:\/\/www.estrategiaconcursos.com.br\/blog\/","name":"Estrat\u00e9gia Concursos","description":"O blog da Estrat\u00e9gia Concursos traz not\u00edcias sobre concursos e artigos de professores oferecendo cursos para concursos (pdf + videaulas) no site.","publisher":{"@id":"https:\/\/www.estrategiaconcursos.com.br\/blog\/#organization"},"potentialAction":[{"@type":"SearchAction","target":{"@type":"EntryPoint","urlTemplate":"https:\/\/www.estrategiaconcursos.com.br\/blog\/?s={search_term_string}"},"query-input":{"@type":"PropertyValueSpecification","valueRequired":true,"valueName":"search_term_string"}}],"inLanguage":"pt-BR"},{"@type":"Organization","@id":"https:\/\/www.estrategiaconcursos.com.br\/blog\/#organization","name":"Estrat\u00e9gia Concursos","url":"https:\/\/www.estrategiaconcursos.com.br\/blog\/","logo":{"@type":"ImageObject","inLanguage":"pt-BR","@id":"https:\/\/www.estrategiaconcursos.com.br\/blog\/#\/schema\/logo\/image\/","url":"https:\/\/dhg1h5j42swfq.cloudfront.net\/2025\/06\/03203428\/logo_concursos-1.jpg","contentUrl":"https:\/\/dhg1h5j42swfq.cloudfront.net\/2025\/06\/03203428\/logo_concursos-1.jpg","width":230,"height":60,"caption":"Estrat\u00e9gia Concursos"},"image":{"@id":"https:\/\/www.estrategiaconcursos.com.br\/blog\/#\/schema\/logo\/image\/"},"sameAs":["https:\/\/x.com\/EstratConcursos"]},{"@type":"Person","@id":"https:\/\/www.estrategiaconcursos.com.br\/blog\/#\/schema\/person\/cc9e76173880338ce9f656c88664a1f6","name":"Diogo Mendes","image":{"@type":"ImageObject","inLanguage":"pt-BR","@id":"https:\/\/secure.gravatar.com\/avatar\/9754d6777d460a45ef4067b586b94c32005cc2345a0404b8d96adc620cf63806?s=96&d=mm&r=g","url":"https:\/\/secure.gravatar.com\/avatar\/9754d6777d460a45ef4067b586b94c32005cc2345a0404b8d96adc620cf63806?s=96&d=mm&r=g","contentUrl":"https:\/\/secure.gravatar.com\/avatar\/9754d6777d460a45ef4067b586b94c32005cc2345a0404b8d96adc620cf63806?s=96&d=mm&r=g","caption":"Diogo Mendes"},"description":"Diogo Mendes \u00e9 jornalista formado pela Universidade Paulista, com experi\u00eancia em reda\u00e7\u00f5es de diversos ve\u00edculos e na produ\u00e7\u00e3o de conte\u00fados especializados em concursos p\u00fablicos. Desde 2019, atua no Estrat\u00e9gia Concursos como Jornalista e Analista de Conte\u00fado, com foco na apura\u00e7\u00e3o de informa\u00e7\u00f5es junto a \u00f3rg\u00e3os e fontes oficiais. Dedica-se especialmente \u00e0 produ\u00e7\u00e3o de not\u00edcias e reportagens sobre Concursos Legislativos, al\u00e9m de acompanhar diariamente os concursos policiais, banc\u00e1rios e da \u00e1rea da sa\u00fade.","url":"https:\/\/www.estrategiaconcursos.com.br\/blog\/author\/diogo-mendesestrategiaconcursos-com-br\/"}]}},"_links":{"self":[{"href":"https:\/\/www.estrategiaconcursos.com.br\/blog\/wp-json\/wp\/v2\/posts\/1523808","targetHints":{"allow":["GET"]}}],"collection":[{"href":"https:\/\/www.estrategiaconcursos.com.br\/blog\/wp-json\/wp\/v2\/posts"}],"about":[{"href":"https:\/\/www.estrategiaconcursos.com.br\/blog\/wp-json\/wp\/v2\/types\/post"}],"author":[{"embeddable":true,"href":"https:\/\/www.estrategiaconcursos.com.br\/blog\/wp-json\/wp\/v2\/users\/1483"}],"replies":[{"embeddable":true,"href":"https:\/\/www.estrategiaconcursos.com.br\/blog\/wp-json\/wp\/v2\/comments?post=1523808"}],"version-history":[{"count":8,"href":"https:\/\/www.estrategiaconcursos.com.br\/blog\/wp-json\/wp\/v2\/posts\/1523808\/revisions"}],"predecessor-version":[{"id":1525365,"href":"https:\/\/www.estrategiaconcursos.com.br\/blog\/wp-json\/wp\/v2\/posts\/1523808\/revisions\/1525365"}],"wp:featuredmedia":[{"embeddable":true,"href":"https:\/\/www.estrategiaconcursos.com.br\/blog\/wp-json\/wp\/v2\/media\/1204816"}],"wp:attachment":[{"href":"https:\/\/www.estrategiaconcursos.com.br\/blog\/wp-json\/wp\/v2\/media?parent=1523808"}],"wp:term":[{"taxonomy":"category","embeddable":true,"href":"https:\/\/www.estrategiaconcursos.com.br\/blog\/wp-json\/wp\/v2\/categories?post=1523808"},{"taxonomy":"post_tag","embeddable":true,"href":"https:\/\/www.estrategiaconcursos.com.br\/blog\/wp-json\/wp\/v2\/tags?post=1523808"},{"taxonomy":"tax_estado","embeddable":true,"href":"https:\/\/www.estrategiaconcursos.com.br\/blog\/wp-json\/wp\/v2\/tax_estado?post=1523808"}],"curies":[{"name":"wp","href":"https:\/\/api.w.org\/{rel}","templated":true}]}}