{"id":152369,"date":"2018-11-22T13:44:07","date_gmt":"2018-11-22T16:44:07","guid":{"rendered":"https:\/\/www.estrategiaconcursos.com.br\/blog\/?p=152369"},"modified":"2019-04-16T09:43:08","modified_gmt":"2019-04-16T12:43:08","slug":"gabarito-icms-sc-direito-civil","status":"publish","type":"post","link":"https:\/\/www.estrategiaconcursos.com.br\/blog\/gabarito-icms-sc-direito-civil\/","title":{"rendered":"Gabarito &#8211; ICMS\/SC &#8211; Direito Civil"},"content":{"rendered":"<p style=\"text-align: justify\">Eu, Prof. Paulo Sousa (<a href=\"http:\/\/www.instagram.com.br\/prof.phms\">IG<\/a>, <a href=\"http:\/\/www.faceboo.com.br\/prof.phms\">FB<\/a> e <a href=\"https:\/\/www.youtube.com\/channel\/UC5BNzTLlcneB_x1aUAhXBAg\">YT<\/a>), vou apresentar o gabarito e os recursos da prova de Direito Civil da Procuradoria Municipal de Caruaru\/PE. Vou fazer alguns coment\u00e1rios sobre a prova e analisar como foi a prova. Fiquei bem feliz de ter analisado TODAS as quest\u00f5es da prova, em detalhe, nas nossas aulas. =)<\/p>\n<p style=\"text-align: justify\">\n<p style=\"text-align: justify\"><strong>2018 \u2013 FCC \u2013 SEFAZ\/SC \u2013 Auditor<\/strong><\/p>\n<p style=\"text-align: justify\">86. Considere as seguintes situa\u00e7\u00f5es:<\/p>\n<p style=\"text-align: justify\">I. Paulo \u00e9 menor de dezesseis anos.<\/p>\n<p style=\"text-align: justify\">II. Roberto tem defici\u00eancia mental que lhe retira o discernimento para a pr\u00e1tica dos atos da vida civil.<\/p>\n<p style=\"text-align: justify\">III. Tiago n\u00e3o pode exprimir sua vontade por causa permanente.<\/p>\n<p style=\"text-align: justify\">IV. Maur\u00edcio n\u00e3o pode exprimir sua vontade por causa transit\u00f3ria.<\/p>\n<p style=\"text-align: justify\">De acordo com a legisla\u00e7\u00e3o vigente a respeito das incapacidades, considerando somente as informa\u00e7\u00f5es apresentadas,<\/p>\n<p style=\"text-align: justify\">a. apenas Paulo, Roberto e Tiago s\u00e3o absolutamente incapazes.<\/p>\n<p style=\"text-align: justify\">b. apenas Paulo \u00e9 absolutamente incapaz.<\/p>\n<p style=\"text-align: justify\">c. todos s\u00e3o absolutamente incapazes.<\/p>\n<p style=\"text-align: justify\">d. todos s\u00e3o relativamente incapazes.<\/p>\n<p style=\"text-align: justify\">e. apenas Paulo e Tiago s\u00e3o absolutamente incapazes.<\/p>\n<p style=\"text-align: justify\"><strong>Coment\u00e1rios<\/strong><\/p>\n<p style=\"text-align: justify\">Estabelece o art. 3\u00ba que \u201cS\u00e3o absolutamente incapazes de exercer pessoalmente os atos da vida civil os menores de 16 (dezesseis) anos\u201d. Assim, no caso apresentado, apenas Paulo pode ser considerado absolutamente incapaz.<\/p>\n<p style=\"text-align: justify\">Tiago e Maur\u00edcio s\u00e3o considerados relativamente incapazes, por for\u00e7a do art. 4\u00ba e Roberto \u00e9, em tese, plenamente capaz, j\u00e1 que, pelo EPD, as pessoas com defici\u00eancia n\u00e3o mais se consideram incapazes em decorr\u00eancia pura e simples da defici\u00eancia.<\/p>\n<p style=\"text-align: justify\">A <strong>alternativa B\u00a0<\/strong>est\u00e1 correta, consequentemente.<\/p>\n<p style=\"text-align: justify\">\n<p style=\"text-align: justify\"><strong>2018 \u2013 FCC \u2013 SEFAZ\/SC \u2013 Auditor<\/strong><\/p>\n<p style=\"text-align: justify\">87. Fl\u00e1vio e Fernanda se casaram pelo regime da comunh\u00e3o parcial de bens. Antes do casamento, Fl\u00e1vio n\u00e3o tinha qualquer bem, enquanto Fernanda tinha um apartamento. Durante a const\u00e2ncia do casamento, Fernanda vendeu o apartamento e, com o fruto da venda, adquiriu uma casa, constando a sub-roga\u00e7\u00e3o do bem na escritura p\u00fablica. Al\u00e9m disso, Fl\u00e1vio adquiriu em seu nome e sem a participa\u00e7\u00e3o econ\u00f4mica de sua esposa, um pr\u00e9dio comercial. Ainda durante o casamento, Fl\u00e1vio recebeu uma ch\u00e1cara de heran\u00e7ade seu genitor. Por fim, Fernanda recebeu a doa\u00e7\u00e3o de uma motocicleta. Com o fim do casamento, integram a mea\u00e7\u00e3o do casal apenas<\/p>\n<p style=\"text-align: justify\">(A) o pr\u00e9dio comercial.<\/p>\n<p style=\"text-align: justify\">(B) a casa, o pr\u00e9dio comercial e a ch\u00e1cara.<\/p>\n<p style=\"text-align: justify\">(C) a casa e a ch\u00e1cara.<\/p>\n<p style=\"text-align: justify\">(D) a casa e o pr\u00e9dio comercial.<\/p>\n<p style=\"text-align: justify\">(E) a casa.<\/p>\n<p style=\"text-align: justify\"><strong>Coment\u00e1rios<\/strong><\/p>\n<p style=\"text-align: justify\">A <strong>alternativa A<\/strong>est\u00e1 correta, por aplica\u00e7\u00e3o do art. 1.660, inc. I: \u201cEntram na comunh\u00e3o os bens adquiridos na const\u00e2ncia do casamento por t\u00edtulo oneroso, ainda que s\u00f3 em nome de um dos c\u00f4njuges\u201d. Irrelevante o fato de ter a aquisi\u00e7\u00e3o ocorrido \u201csem a participa\u00e7\u00e3o econ\u00f4mica de sua esposa\u201d porque no regime da comunh\u00e3o parcial de bens a aquisi\u00e7\u00e3o se presume havida com o esfor\u00e7o comum do casal.<\/p>\n<p style=\"text-align: justify\">A <strong>alternativa B<\/strong>est\u00e1 incorreta, j\u00e1 que a casa n\u00e3o integra a comunh\u00e3o, de acordo com o art. 1.659, inc. II: \u201cExcluem-se da comunh\u00e3o os bens adquiridos com valores exclusivamente pertencentes a um dos c\u00f4njuges em sub-roga\u00e7\u00e3o dos bens particulares\u201d.<\/p>\n<p style=\"text-align: justify\">A <strong>alternativa C <\/strong>est\u00e1 incorreta, porque a ch\u00e1cara n\u00e3o integra a comunh\u00e3o, conforme estabelece o art. 1.659, inc. I: \u201cExcluem-se da comunh\u00e3o os bens que cada c\u00f4njuge possuir ao casar, e os que lhe sobrevierem, na const\u00e2ncia do casamento, por doa\u00e7\u00e3o ou sucess\u00e3o, e os sub-rogados em seu lugar\u201d.<\/p>\n<p style=\"text-align: justify\">As <strong>alternativas D <\/strong>e <strong>E <\/strong>est\u00e3o incorretas, como j\u00e1 dito assertiva B.<\/p>\n<p style=\"text-align: justify\">\n<p style=\"text-align: justify\"><strong>2018 \u2013 FCC \u2013 SEFAZ\/SC \u2013 Auditor<\/strong><\/p>\n<p style=\"text-align: justify\">88. Em caso de inadimplemento da obriga\u00e7\u00e3o estabelecida em contrato de doa\u00e7\u00e3o pura e simples, o doador tem responsabilidade<\/p>\n<p style=\"text-align: justify\">(A) quando houver caso fortuito ou for\u00e7amaior, no sil\u00eancio do contrato.<\/p>\n<p style=\"text-align: justify\">(B) apenas por conduta dolosa.<\/p>\n<p style=\"text-align: justify\">(C) por conduta dolosa ou culposa, de qualquer grau.<\/p>\n<p style=\"text-align: justify\">(D) apenas por conduta dolosa ou culposa, de grau grave.<\/p>\n<p style=\"text-align: justify\">(E) nos mesmos termos da responsabilidade do donat\u00e1rio.<\/p>\n<p style=\"text-align: justify\"><strong>Coment\u00e1rios<\/strong><\/p>\n<p style=\"text-align: justify\">A <strong>alternativa A<\/strong>est\u00e1 incorreta, pois se afasta a responsabilidade do contratante por aplica\u00e7\u00e3o do art. 393: \u201cO devedor n\u00e3o responde pelos preju\u00edzos resultantes de caso fortuito ou for\u00e7a maior, se expressamente n\u00e3o se houver por eles responsabilizado\u201d.<\/p>\n<p style=\"text-align: justify\">A <strong>alternativa B<\/strong>est\u00e1 correta, dado que o art. 392 (\u201cNos contratos ben\u00e9ficos, responde por simples culpa o contratante, a quem o contrato aproveite, e por dolo aquele a quem n\u00e3o favore\u00e7a. Nos contratos onerosos, responde cada uma das partes por culpa, salvo as exce\u00e7\u00f5es previstas em lei\u201d) esclarece que o contratante a quem o contrato n\u00e3o favore\u00e7a (no caso, o doador) responde apenas no caso de dolo.<\/p>\n<p style=\"text-align: justify\">A <strong>alternativa C <\/strong>est\u00e1 incorreta, igualmente, tendo em vista o supracitado art. 392, pois a culpa se aplica apenas ao donat\u00e1rio.<\/p>\n<p style=\"text-align: justify\">A <strong>alternativa D <\/strong>est\u00e1 incorreta,<\/p>\n<p style=\"text-align: justify\">A <strong>alternativa E <\/strong>est\u00e1 incorreta, evidentemente, dada a previs\u00e3o do art. 392, que distingue claramente a responsabilidade do favorecido (donat\u00e1rio) e de quem n\u00e3o se favorece.<\/p>\n<p style=\"text-align: justify\">\n<p style=\"text-align: justify\"><strong>2018 \u2013 FCC \u2013 SEFAZ\/SC \u2013 Auditor<\/strong><\/p>\n<p style=\"text-align: justify\">89. S\u00e3o considerados direitos reais:<\/p>\n<p style=\"text-align: justify\">(A) a concess\u00e3o de uso especial para fins de moradia, o direito \u00e0 sucess\u00e3o aberta e a doa\u00e7\u00e3o.<\/p>\n<p style=\"text-align: justify\">(B) o penhor, a hipoteca, a anticrese e o aval.<\/p>\n<p style=\"text-align: justify\">(C) o uso, a habita\u00e7\u00e3o, o direito do promitente comprador do im\u00f3vel, a concess\u00e3o real de uso e a laje.<\/p>\n<p style=\"text-align: justify\">(D) a propriedade, a habita\u00e7\u00e3o, a posse e a deten\u00e7\u00e3o.<\/p>\n<p style=\"text-align: justify\">(E) as servid\u00f5es, a superf\u00edcie, o usufruto e o contrato de loca\u00e7\u00e3o.<\/p>\n<p style=\"text-align: justify\"><strong>Coment\u00e1rios<\/strong><\/p>\n<p style=\"text-align: justify\">A <strong>alternativa A<\/strong>est\u00e1 incorreta, j\u00e1 que, evidentemente, doa\u00e7\u00e3o n\u00e3o \u00e9 um direito real, mas direito obrigacional, um contrato ben\u00e9fico.<\/p>\n<p style=\"text-align: justify\">A <strong>alternativa B <\/strong>est\u00e1 incorreta, porque o aval n\u00e3o \u00e9 direito real, mas direito obrigacional, esp\u00e9cie de cau\u00e7\u00e3o nos t\u00edtulos de cr\u00e9dito.<\/p>\n<p style=\"text-align: justify\">A <strong>alternativa C<\/strong>est\u00e1 correta, pela literalidade dos incisos do art. 1.225, que prev\u00ea quais s\u00e3o os direitos reais:<\/p>\n<p style=\"text-align: justify\">\u201cV &#8211; o uso;<\/p>\n<p style=\"text-align: justify\">VI &#8211; a habita\u00e7\u00e3o;<\/p>\n<p style=\"text-align: justify\">VII &#8211; o direito do promitente comprador do im\u00f3vel;<\/p>\n<p style=\"text-align: justify\">XII &#8211; a concess\u00e3o de direito real de uso<\/p>\n<p style=\"text-align: justify\">XIII &#8211; a laje\u201d.<\/p>\n<p style=\"text-align: justify\">A <strong>alternativa D <\/strong>est\u00e1 incorreta, pois a posse n\u00e3o \u00e9 um direito real, mas apenas, na perspectiva doutrin\u00e1ria cl\u00e1ssica, situa\u00e7\u00e3o f\u00e1tica a ensejar a possibilidade de aquisi\u00e7\u00e3o da propriedade.<\/p>\n<p style=\"text-align: justify\">A <strong>alternativa E <\/strong>est\u00e1 incorreta, dado que a loca\u00e7\u00e3o, como a pr\u00f3pria quest\u00e3o estabelece, \u00e9 mero contrato, direito obrigacional, portanto, e n\u00e3o real.<\/p>\n<p style=\"text-align: justify\">\n<p style=\"text-align: justify\"><strong>2018 \u2013 FCC \u2013 SEFAZ\/SC \u2013 Auditor<\/strong><\/p>\n<p style=\"text-align: justify\">90. Olavo, divorciado, faleceu deixando dois filhos, Alessandro e Breno, cada qual deles contando com um filho. Durante o processo de invent\u00e1rio, Alessandro e Breno renunciaram \u00e0 heran\u00e7a. Nesse caso,<\/p>\n<p style=\"text-align: justify\">(A) a heran\u00e7adeve ser destinada aos herdeiros de segunda classe, por representa\u00e7\u00e3o.<\/p>\n<p style=\"text-align: justify\">(B) a heran\u00e7adeve se destinar aos herdeiros de segunda classe, por direito pr\u00f3prio.<\/p>\n<p style=\"text-align: justify\">(C) a heran\u00e7adeve ser destinada aos descendentes de segundo grau, por direito pr\u00f3prio.<\/p>\n<p style=\"text-align: justify\">(D) a heran\u00e7adeve ser destinada aos descendentes de segundo grau, por representa\u00e7\u00e3o.<\/p>\n<p style=\"text-align: justify\">(E) deve ser declarada jacente, abrindo-se procedimento para a vac\u00e2ncia.<\/p>\n<p style=\"text-align: justify\"><strong>Coment\u00e1rios<\/strong><\/p>\n<p style=\"text-align: justify\">Primeiro, necess\u00e1rio lembrar que quando o herdeiro renuncia \u00e0 heran\u00e7a ela volta ao monte-mor, no caso apresentado.<\/p>\n<p style=\"text-align: justify\">Como todos os herdeiros de primeiro grau renunciaram, necess\u00e1rio buscar os herdeiros de segundo grau. Igualmente, como todos os herdeiros de primeiro grau renunciaram, os herdeiros sucessores herdam por direito pr\u00f3prio, porque inexiste representa\u00e7\u00e3o de renunciante.<\/p>\n<p style=\"text-align: justify\">Por fim, em havendo mais de um grau na mesma classe (descendentes), n\u00e3o se volta \u00e0 sucess\u00e3o em classe diversa. Vale dizer, como h\u00e1 descendentes de segundo grau, com a ren\u00fancia dos descendentes de primeiro grau, os herdeiros de segunda classe (ascendentes) n\u00e3o chegam a herdar.<\/p>\n<p style=\"text-align: justify\">A <strong>alternativa C<\/strong>est\u00e1 correta, repartindo-se a heran\u00e7a entre os herdeiros de primeira classe de segundo grau (netos), que herdam por direito pr\u00f3prio.<\/p>\n<p style=\"text-align: justify\">\n<div style=\"text-align: justify\">\n<div>\n<div class=\"page\" title=\"Page 13\">\n<div class=\"layoutArea\">\n<div class=\"column\">\n<p>Assim, <span style=\"text-decoration: underline\"><strong>n\u00e3o detectei nenhuma quest\u00e3o pass\u00edvel de recurso.<\/strong> <\/span>O gabarito apresentado pela banca est\u00e1 de acordo com a boa t\u00e9cnica. Espero que voc\u00ea tenha ido bem na prova! Qualquer coisa, estou nas minhas redes sociais. Al\u00e9m disso, fica o convite para os v\u00e1\u00e1\u00e1rios <a href=\"https:\/\/www.estrategiaconcursos.com.br\/cursosPorProfessor\/paulo-h-m-sousa-3384\/\">cursos<\/a> que eu tenho; um mais bem ajustado que o outro, pra voc\u00ea!<\/p>\n<\/div>\n<\/div>\n<\/div>\n<\/div>\n<\/div>\n<p style=\"text-align: justify\">Abra\u00e7o,<\/p>\n<p style=\"text-align: justify\"><a href=\"https:\/\/www.estrategiaconcursos.com.br\/cursosPorProfessor\/paulo-h-m-sousa-3384\/\">Paulo H M Sousa<\/a><\/p>\n<p style=\"text-align: justify\"><a href=\"http:\/\/www.instagram.com.br\/prof.phms\">Instagram<\/a><\/p>\n<p style=\"text-align: justify\"><a href=\"http:\/\/www.facebook.com.br\/prof.phms\">Facebook<\/a><\/p>\n<p style=\"text-align: justify\"><a href=\"https:\/\/www.youtube.com\/channel\/UC5BNzTLlcneB_x1aUAhXBAg\">Youtube<\/a><\/p>\n","protected":false},"excerpt":{"rendered":"<p>Eu, Prof. Paulo Sousa (IG, FB e YT), vou apresentar o gabarito e os recursos da prova de Direito Civil da Procuradoria Municipal de Caruaru\/PE. Vou fazer alguns coment\u00e1rios sobre a prova e analisar como foi a prova. Fiquei bem feliz de ter analisado TODAS as quest\u00f5es da prova, em detalhe, nas nossas aulas. =) [&hellip;]<\/p>\n","protected":false},"author":218,"featured_media":0,"comment_status":"open","ping_status":"closed","sticky":false,"template":"","format":"standard","meta":{"post_tipo":"article","footnotes":""},"categories":[1],"tags":[],"tax_estado":[],"class_list":["post-152369","post","type-post","status-publish","format-standard","hentry","category-cursos-e-concursos"],"acf":[],"yoast_head":"<!-- This site is optimized with the Yoast SEO Premium plugin v27.2 (Yoast SEO v27.2) - https:\/\/yoast.com\/product\/yoast-seo-premium-wordpress\/ -->\n<title>Gabarito - ICMS\/SC - Direito Civil<\/title>\n<meta name=\"robots\" content=\"index, follow, max-snippet:-1, max-image-preview:large, max-video-preview:-1\" \/>\n<link rel=\"canonical\" href=\"https:\/\/www.estrategiaconcursos.com.br\/blog\/gabarito-icms-sc-direito-civil\/\" \/>\n<meta property=\"og:locale\" content=\"pt_BR\" \/>\n<meta property=\"og:type\" content=\"article\" \/>\n<meta property=\"og:title\" content=\"Gabarito - ICMS\/SC - Direito Civil\" \/>\n<meta property=\"og:description\" content=\"Eu, Prof. Paulo Sousa (IG, FB e YT), vou apresentar o gabarito e os recursos da prova de Direito Civil da Procuradoria Municipal de Caruaru\/PE. Vou fazer alguns coment\u00e1rios sobre a prova e analisar como foi a prova. Fiquei bem feliz de ter analisado TODAS as quest\u00f5es da prova, em detalhe, nas nossas aulas. =) [&hellip;]\" \/>\n<meta property=\"og:url\" content=\"https:\/\/www.estrategiaconcursos.com.br\/blog\/gabarito-icms-sc-direito-civil\/\" \/>\n<meta property=\"og:site_name\" content=\"Estrat\u00e9gia Concursos\" \/>\n<meta property=\"article:published_time\" content=\"2018-11-22T16:44:07+00:00\" \/>\n<meta property=\"article:modified_time\" content=\"2019-04-16T12:43:08+00:00\" \/>\n<meta name=\"author\" content=\"Paulo H M Sousa\" \/>\n<meta name=\"twitter:card\" content=\"summary_large_image\" \/>\n<meta name=\"twitter:creator\" content=\"@EstratConcursos\" \/>\n<meta name=\"twitter:site\" content=\"@EstratConcursos\" \/>\n<meta name=\"twitter:label1\" content=\"Escrito por\" \/>\n\t<meta name=\"twitter:data1\" content=\"Paulo H M Sousa\" \/>\n\t<meta name=\"twitter:label2\" content=\"Est. tempo de leitura\" \/>\n\t<meta name=\"twitter:data2\" content=\"7 minutos\" \/>\n<script type=\"application\/ld+json\" class=\"yoast-schema-graph\">{\"@context\":\"https:\/\/schema.org\",\"@graph\":[{\"@type\":\"NewsArticle\",\"@id\":\"https:\/\/www.estrategiaconcursos.com.br\/blog\/gabarito-icms-sc-direito-civil\/#article\",\"isPartOf\":{\"@id\":\"https:\/\/www.estrategiaconcursos.com.br\/blog\/gabarito-icms-sc-direito-civil\/\"},\"author\":{\"name\":\"Paulo H M Sousa\",\"@id\":\"https:\/\/www.estrategiaconcursos.com.br\/blog\/#\/schema\/person\/659a4992e582a2be87908edc68d3786f\"},\"headline\":\"Gabarito &#8211; ICMS\/SC &#8211; Direito Civil\",\"datePublished\":\"2018-11-22T16:44:07+00:00\",\"dateModified\":\"2019-04-16T12:43:08+00:00\",\"mainEntityOfPage\":{\"@id\":\"https:\/\/www.estrategiaconcursos.com.br\/blog\/gabarito-icms-sc-direito-civil\/\"},\"wordCount\":1401,\"commentCount\":0,\"publisher\":{\"@id\":\"https:\/\/www.estrategiaconcursos.com.br\/blog\/#organization\"},\"articleSection\":[\"Concursos P\u00fablicos\"],\"inLanguage\":\"pt-BR\",\"potentialAction\":[{\"@type\":\"CommentAction\",\"name\":\"Comment\",\"target\":[\"https:\/\/www.estrategiaconcursos.com.br\/blog\/gabarito-icms-sc-direito-civil\/#respond\"]}],\"copyrightYear\":\"2018\",\"copyrightHolder\":{\"@id\":\"https:\/\/www.estrategiaconcursos.com.br\/blog\/#organization\"}},{\"@type\":\"WebPage\",\"@id\":\"https:\/\/www.estrategiaconcursos.com.br\/blog\/gabarito-icms-sc-direito-civil\/\",\"url\":\"https:\/\/www.estrategiaconcursos.com.br\/blog\/gabarito-icms-sc-direito-civil\/\",\"name\":\"Gabarito - ICMS\/SC - Direito Civil\",\"isPartOf\":{\"@id\":\"https:\/\/www.estrategiaconcursos.com.br\/blog\/#website\"},\"datePublished\":\"2018-11-22T16:44:07+00:00\",\"dateModified\":\"2019-04-16T12:43:08+00:00\",\"breadcrumb\":{\"@id\":\"https:\/\/www.estrategiaconcursos.com.br\/blog\/gabarito-icms-sc-direito-civil\/#breadcrumb\"},\"inLanguage\":\"pt-BR\",\"potentialAction\":[{\"@type\":\"ReadAction\",\"target\":[\"https:\/\/www.estrategiaconcursos.com.br\/blog\/gabarito-icms-sc-direito-civil\/\"]}]},{\"@type\":\"BreadcrumbList\",\"@id\":\"https:\/\/www.estrategiaconcursos.com.br\/blog\/gabarito-icms-sc-direito-civil\/#breadcrumb\",\"itemListElement\":[{\"@type\":\"ListItem\",\"position\":1,\"name\":\"In\u00edcio\",\"item\":\"https:\/\/www.estrategiaconcursos.com.br\/blog\/\"},{\"@type\":\"ListItem\",\"position\":2,\"name\":\"Gabarito &#8211; ICMS\/SC &#8211; Direito Civil\"}]},{\"@type\":\"WebSite\",\"@id\":\"https:\/\/www.estrategiaconcursos.com.br\/blog\/#website\",\"url\":\"https:\/\/www.estrategiaconcursos.com.br\/blog\/\",\"name\":\"Estrat\u00e9gia Concursos\",\"description\":\"O blog da Estrat\u00e9gia Concursos traz not\u00edcias sobre concursos e artigos de professores oferecendo cursos para concursos (pdf + videaulas) no site.\",\"publisher\":{\"@id\":\"https:\/\/www.estrategiaconcursos.com.br\/blog\/#organization\"},\"potentialAction\":[{\"@type\":\"SearchAction\",\"target\":{\"@type\":\"EntryPoint\",\"urlTemplate\":\"https:\/\/www.estrategiaconcursos.com.br\/blog\/?s={search_term_string}\"},\"query-input\":{\"@type\":\"PropertyValueSpecification\",\"valueRequired\":true,\"valueName\":\"search_term_string\"}}],\"inLanguage\":\"pt-BR\"},{\"@type\":\"Organization\",\"@id\":\"https:\/\/www.estrategiaconcursos.com.br\/blog\/#organization\",\"name\":\"Estrat\u00e9gia Concursos\",\"url\":\"https:\/\/www.estrategiaconcursos.com.br\/blog\/\",\"logo\":{\"@type\":\"ImageObject\",\"inLanguage\":\"pt-BR\",\"@id\":\"https:\/\/www.estrategiaconcursos.com.br\/blog\/#\/schema\/logo\/image\/\",\"url\":\"https:\/\/dhg1h5j42swfq.cloudfront.net\/2025\/06\/03203428\/logo_concursos-1.jpg\",\"contentUrl\":\"https:\/\/dhg1h5j42swfq.cloudfront.net\/2025\/06\/03203428\/logo_concursos-1.jpg\",\"width\":230,\"height\":60,\"caption\":\"Estrat\u00e9gia Concursos\"},\"image\":{\"@id\":\"https:\/\/www.estrategiaconcursos.com.br\/blog\/#\/schema\/logo\/image\/\"},\"sameAs\":[\"https:\/\/x.com\/EstratConcursos\"]},{\"@type\":\"Person\",\"@id\":\"https:\/\/www.estrategiaconcursos.com.br\/blog\/#\/schema\/person\/659a4992e582a2be87908edc68d3786f\",\"name\":\"Paulo H M Sousa\",\"image\":{\"@type\":\"ImageObject\",\"inLanguage\":\"pt-BR\",\"@id\":\"https:\/\/secure.gravatar.com\/avatar\/6c5538a36475e584e0a1a209a3b92f8b2ecca752f244b8d7db751faab2a292e2?s=96&d=mm&r=g\",\"url\":\"https:\/\/secure.gravatar.com\/avatar\/6c5538a36475e584e0a1a209a3b92f8b2ecca752f244b8d7db751faab2a292e2?s=96&d=mm&r=g\",\"contentUrl\":\"https:\/\/secure.gravatar.com\/avatar\/6c5538a36475e584e0a1a209a3b92f8b2ecca752f244b8d7db751faab2a292e2?s=96&d=mm&r=g\",\"caption\":\"Paulo H M Sousa\"},\"url\":\"https:\/\/www.estrategiaconcursos.com.br\/blog\/author\/paulosousaestrategiaconcursos-com-br\/\"}]}<\/script>\n<!-- \/ Yoast SEO Premium plugin. -->","yoast_head_json":{"title":"Gabarito - ICMS\/SC - Direito Civil","robots":{"index":"index","follow":"follow","max-snippet":"max-snippet:-1","max-image-preview":"max-image-preview:large","max-video-preview":"max-video-preview:-1"},"canonical":"https:\/\/www.estrategiaconcursos.com.br\/blog\/gabarito-icms-sc-direito-civil\/","og_locale":"pt_BR","og_type":"article","og_title":"Gabarito - ICMS\/SC - Direito Civil","og_description":"Eu, Prof. Paulo Sousa (IG, FB e YT), vou apresentar o gabarito e os recursos da prova de Direito Civil da Procuradoria Municipal de Caruaru\/PE. Vou fazer alguns coment\u00e1rios sobre a prova e analisar como foi a prova. Fiquei bem feliz de ter analisado TODAS as quest\u00f5es da prova, em detalhe, nas nossas aulas. =) [&hellip;]","og_url":"https:\/\/www.estrategiaconcursos.com.br\/blog\/gabarito-icms-sc-direito-civil\/","og_site_name":"Estrat\u00e9gia Concursos","article_published_time":"2018-11-22T16:44:07+00:00","article_modified_time":"2019-04-16T12:43:08+00:00","author":"Paulo H M Sousa","twitter_card":"summary_large_image","twitter_creator":"@EstratConcursos","twitter_site":"@EstratConcursos","twitter_misc":{"Escrito por":"Paulo H M Sousa","Est. tempo de leitura":"7 minutos"},"schema":{"@context":"https:\/\/schema.org","@graph":[{"@type":"NewsArticle","@id":"https:\/\/www.estrategiaconcursos.com.br\/blog\/gabarito-icms-sc-direito-civil\/#article","isPartOf":{"@id":"https:\/\/www.estrategiaconcursos.com.br\/blog\/gabarito-icms-sc-direito-civil\/"},"author":{"name":"Paulo H M Sousa","@id":"https:\/\/www.estrategiaconcursos.com.br\/blog\/#\/schema\/person\/659a4992e582a2be87908edc68d3786f"},"headline":"Gabarito &#8211; ICMS\/SC &#8211; Direito Civil","datePublished":"2018-11-22T16:44:07+00:00","dateModified":"2019-04-16T12:43:08+00:00","mainEntityOfPage":{"@id":"https:\/\/www.estrategiaconcursos.com.br\/blog\/gabarito-icms-sc-direito-civil\/"},"wordCount":1401,"commentCount":0,"publisher":{"@id":"https:\/\/www.estrategiaconcursos.com.br\/blog\/#organization"},"articleSection":["Concursos P\u00fablicos"],"inLanguage":"pt-BR","potentialAction":[{"@type":"CommentAction","name":"Comment","target":["https:\/\/www.estrategiaconcursos.com.br\/blog\/gabarito-icms-sc-direito-civil\/#respond"]}],"copyrightYear":"2018","copyrightHolder":{"@id":"https:\/\/www.estrategiaconcursos.com.br\/blog\/#organization"}},{"@type":"WebPage","@id":"https:\/\/www.estrategiaconcursos.com.br\/blog\/gabarito-icms-sc-direito-civil\/","url":"https:\/\/www.estrategiaconcursos.com.br\/blog\/gabarito-icms-sc-direito-civil\/","name":"Gabarito - ICMS\/SC - Direito Civil","isPartOf":{"@id":"https:\/\/www.estrategiaconcursos.com.br\/blog\/#website"},"datePublished":"2018-11-22T16:44:07+00:00","dateModified":"2019-04-16T12:43:08+00:00","breadcrumb":{"@id":"https:\/\/www.estrategiaconcursos.com.br\/blog\/gabarito-icms-sc-direito-civil\/#breadcrumb"},"inLanguage":"pt-BR","potentialAction":[{"@type":"ReadAction","target":["https:\/\/www.estrategiaconcursos.com.br\/blog\/gabarito-icms-sc-direito-civil\/"]}]},{"@type":"BreadcrumbList","@id":"https:\/\/www.estrategiaconcursos.com.br\/blog\/gabarito-icms-sc-direito-civil\/#breadcrumb","itemListElement":[{"@type":"ListItem","position":1,"name":"In\u00edcio","item":"https:\/\/www.estrategiaconcursos.com.br\/blog\/"},{"@type":"ListItem","position":2,"name":"Gabarito &#8211; ICMS\/SC &#8211; Direito Civil"}]},{"@type":"WebSite","@id":"https:\/\/www.estrategiaconcursos.com.br\/blog\/#website","url":"https:\/\/www.estrategiaconcursos.com.br\/blog\/","name":"Estrat\u00e9gia Concursos","description":"O blog da Estrat\u00e9gia Concursos traz not\u00edcias sobre concursos e artigos de professores oferecendo cursos para concursos (pdf + videaulas) no site.","publisher":{"@id":"https:\/\/www.estrategiaconcursos.com.br\/blog\/#organization"},"potentialAction":[{"@type":"SearchAction","target":{"@type":"EntryPoint","urlTemplate":"https:\/\/www.estrategiaconcursos.com.br\/blog\/?s={search_term_string}"},"query-input":{"@type":"PropertyValueSpecification","valueRequired":true,"valueName":"search_term_string"}}],"inLanguage":"pt-BR"},{"@type":"Organization","@id":"https:\/\/www.estrategiaconcursos.com.br\/blog\/#organization","name":"Estrat\u00e9gia Concursos","url":"https:\/\/www.estrategiaconcursos.com.br\/blog\/","logo":{"@type":"ImageObject","inLanguage":"pt-BR","@id":"https:\/\/www.estrategiaconcursos.com.br\/blog\/#\/schema\/logo\/image\/","url":"https:\/\/dhg1h5j42swfq.cloudfront.net\/2025\/06\/03203428\/logo_concursos-1.jpg","contentUrl":"https:\/\/dhg1h5j42swfq.cloudfront.net\/2025\/06\/03203428\/logo_concursos-1.jpg","width":230,"height":60,"caption":"Estrat\u00e9gia Concursos"},"image":{"@id":"https:\/\/www.estrategiaconcursos.com.br\/blog\/#\/schema\/logo\/image\/"},"sameAs":["https:\/\/x.com\/EstratConcursos"]},{"@type":"Person","@id":"https:\/\/www.estrategiaconcursos.com.br\/blog\/#\/schema\/person\/659a4992e582a2be87908edc68d3786f","name":"Paulo H M Sousa","image":{"@type":"ImageObject","inLanguage":"pt-BR","@id":"https:\/\/secure.gravatar.com\/avatar\/6c5538a36475e584e0a1a209a3b92f8b2ecca752f244b8d7db751faab2a292e2?s=96&d=mm&r=g","url":"https:\/\/secure.gravatar.com\/avatar\/6c5538a36475e584e0a1a209a3b92f8b2ecca752f244b8d7db751faab2a292e2?s=96&d=mm&r=g","contentUrl":"https:\/\/secure.gravatar.com\/avatar\/6c5538a36475e584e0a1a209a3b92f8b2ecca752f244b8d7db751faab2a292e2?s=96&d=mm&r=g","caption":"Paulo H M Sousa"},"url":"https:\/\/www.estrategiaconcursos.com.br\/blog\/author\/paulosousaestrategiaconcursos-com-br\/"}]}},"_links":{"self":[{"href":"https:\/\/www.estrategiaconcursos.com.br\/blog\/wp-json\/wp\/v2\/posts\/152369","targetHints":{"allow":["GET"]}}],"collection":[{"href":"https:\/\/www.estrategiaconcursos.com.br\/blog\/wp-json\/wp\/v2\/posts"}],"about":[{"href":"https:\/\/www.estrategiaconcursos.com.br\/blog\/wp-json\/wp\/v2\/types\/post"}],"author":[{"embeddable":true,"href":"https:\/\/www.estrategiaconcursos.com.br\/blog\/wp-json\/wp\/v2\/users\/218"}],"replies":[{"embeddable":true,"href":"https:\/\/www.estrategiaconcursos.com.br\/blog\/wp-json\/wp\/v2\/comments?post=152369"}],"version-history":[{"count":1,"href":"https:\/\/www.estrategiaconcursos.com.br\/blog\/wp-json\/wp\/v2\/posts\/152369\/revisions"}],"predecessor-version":[{"id":152370,"href":"https:\/\/www.estrategiaconcursos.com.br\/blog\/wp-json\/wp\/v2\/posts\/152369\/revisions\/152370"}],"wp:attachment":[{"href":"https:\/\/www.estrategiaconcursos.com.br\/blog\/wp-json\/wp\/v2\/media?parent=152369"}],"wp:term":[{"taxonomy":"category","embeddable":true,"href":"https:\/\/www.estrategiaconcursos.com.br\/blog\/wp-json\/wp\/v2\/categories?post=152369"},{"taxonomy":"post_tag","embeddable":true,"href":"https:\/\/www.estrategiaconcursos.com.br\/blog\/wp-json\/wp\/v2\/tags?post=152369"},{"taxonomy":"tax_estado","embeddable":true,"href":"https:\/\/www.estrategiaconcursos.com.br\/blog\/wp-json\/wp\/v2\/tax_estado?post=152369"}],"curies":[{"name":"wp","href":"https:\/\/api.w.org\/{rel}","templated":true}]}}