{"id":152281,"date":"2018-11-22T08:26:37","date_gmt":"2018-11-22T11:26:37","guid":{"rendered":"https:\/\/www.estrategiaconcursos.com.br\/blog\/?p=152281"},"modified":"2023-03-06T10:33:26","modified_gmt":"2023-03-06T13:33:26","slug":"candidata-gestante-pode-remarcar-teste-aptidao-fisica","status":"publish","type":"post","link":"https:\/\/www.estrategiaconcursos.com.br\/blog\/candidata-gestante-pode-remarcar-teste-aptidao-fisica\/","title":{"rendered":"Candidata Gestante pode remarcar teste aptid\u00e3o f\u00edsica"},"content":{"rendered":"<p style=\"text-align: justify;\"><em>[candidata gestante remarcar teste aptid\u00e3o]<\/em> Fala, pessoal! Aqui \u00e9 o Herbert Almeida, professor de Direito Administrativo aqui no Estrat\u00e9gia. Estou passando para comentar a decis\u00e3o recente do STF sobre o <a href=\"https:\/\/youtu.be\/evILVRq0gtM\">direito de remarca\u00e7\u00e3o de teste de aptid\u00e3o f\u00edsica pela candidata gestante<\/a>.<\/p>\n<h2 style=\"text-align: justify;\">Remarca\u00e7\u00e3o de teste de aptid\u00e3o f\u00edsica para candidata gestante<\/h2>\n<p style=\"text-align: justify;\">No julgamento do RE 1058333, com repercuss\u00e3o geral reconhecida, o STF fixou a seguinte tese:<\/p>\n<blockquote>\n<p style=\"text-align: justify;\"><span style=\"color: #0000ff;\"><strong><em>\u00c9 constitucional a remarca\u00e7\u00e3o do teste de aptid\u00e3o f\u00edsica de candidata que esteja gr\u00e1vida \u00e0 \u00e9poca de sua realiza\u00e7\u00e3o, independentemente da previs\u00e3o expressa em edital do concurso p\u00fablico.<\/em><\/strong><\/span><\/p>\n<\/blockquote>\n<p style=\"text-align: justify;\">Portanto, a candidata gr\u00e1vida tem direito a remarcar o teste de aptid\u00e3o f\u00edsica, mesmo que n\u00e3o haja, no edital do certame, tal previs\u00e3o.<\/p>\n<p style=\"text-align: justify;\">O Ministro Luiz Fux, relator do recurso, destacou o seguinte durante o seu voto:<\/p>\n<blockquote>\n<p style=\"text-align: justify;\"><em>Por ter o constituinte estabelecido expressamente a prote\u00e7\u00e3o \u00e0 maternidade, \u00e0 fam\u00edlia e ao planejamento familiar, a condi\u00e7\u00e3o de gestante goza de prote\u00e7\u00e3o constitucional refor\u00e7ada. Em raz\u00e3o deste amparo constitucional espec\u00edfico, a gravidez n\u00e3o pode causar preju\u00edzo \u00e0s candidatas, sob pena de malferir os princ\u00edpios da isonomia e da razoabilidade. [&#8230;] O efeito catalizador dessa exclus\u00e3o \u00e9 facilmente vislumbr\u00e1vel em uma sociedade marcada pela competitividade. As mulheres t\u00eam dificuldade em se inserir no mercado de trabalho e a galgar postos profissionais de maior prest\u00edgio e remunera\u00e7\u00e3o. Por consequ\u00eancia, acirra-se a desigualdade econ\u00f4mica, que por si s\u00f3 \u00e9 motivo de exclus\u00e3o social.<\/em><\/p>\n<\/blockquote>\n<p style=\"text-align: justify;\">Al\u00e9m disso, o Relator afastou a alega\u00e7\u00e3o do estado do Paran\u00e1, que recorria da decis\u00e3o do TJ local, segundo o qual a remarca\u00e7\u00e3o atrasaria a conclus\u00e3o do concurso. Nesse caso, o Ministro alertou que seria poss\u00edvel prosseguir com o andamento do concurso, reservando o n\u00famero de vagas para a situa\u00e7\u00e3o excepcional. Dessa forma:\u00a0\u201c<em>Se ap\u00f3s a realiza\u00e7\u00e3o do teste de aptid\u00e3o f\u00edsica remarcado, a candidata lograr aprova\u00e7\u00e3o e classifica\u00e7\u00e3o, ser\u00e1 empossada. Caso contr\u00e1rio, ser\u00e1 empossado o candidato ou candidata remanescente na lista de classifica\u00e7\u00e3o, em posi\u00e7\u00e3o imediatamente subsequente<\/em>\u201d, explicou.<\/p>\n<h2 style=\"text-align: justify;\">Remarca\u00e7\u00e3o de teste de aptid\u00e3o f\u00edsica em concurso p\u00fablico em caso de doen\u00e7a<\/h2>\n<p style=\"text-align: justify;\">Vale lembrar que a decis\u00e3o n\u00e3o altera o entendimento vigente, firmado no RE 630.733, no qual o STF firmou o posicionamento de que:<\/p>\n<blockquote>\n<p style=\"text-align: justify;\"><strong><span style=\"color: #0000ff;\">Inexiste direito dos candidatos em concurso p\u00fablico \u00e0 prova de segunda chamada nos teste de aptid\u00e3o f\u00edsica, salvo contr\u00e1ria disposi\u00e7\u00e3o edital\u00edcia, em raz\u00e3o de circunst\u00e2ncias pessoais, ainda que de car\u00e1ter fisiol\u00f3gico ou de for\u00e7a maior, mantida a validade das provas de segunda chamada realizadas at\u00e9 15\/5\/2013, em nome da seguran\u00e7a jur\u00eddica.<\/span><\/strong><\/p>\n<\/blockquote>\n<p style=\"text-align: justify;\">Outros casos confirmam esta \u00faltima tese, vejamos:<\/p>\n<blockquote>\n<p style=\"text-align: justify;\">Remarca\u00e7\u00e3o de teste de aptid\u00e3o f\u00edsica em concurso p\u00fablico em raz\u00e3o de problema tempor\u00e1rio de sa\u00fade. Veda\u00e7\u00e3o expressa em edital. Constitucionalidade. Viola\u00e7\u00e3o ao princ\u00edpio da isonomia. N\u00e3o ocorr\u00eancia. Postulado do qual n\u00e3o decorre, de plano, a possibilidade de realiza\u00e7\u00e3o de segunda chamada em etapa de concurso p\u00fablico em virtude de situa\u00e7\u00f5es pessoais do candidato. Cl\u00e1usula edital\u00edcia que confere efic\u00e1cia ao princ\u00edpio da isonomia \u00e0 luz dos postulados da impessoalidade e da supremacia do interesse p\u00fablico. Inexist\u00eancia de direito constitucional \u00e0 remarca\u00e7\u00e3o de provas em raz\u00e3o de circunst\u00e2ncias pessoais dos candidatos. Seguran\u00e7a jur\u00eddica. Validade das provas de segunda chamada realizadas at\u00e9 a data da conclus\u00e3o do julgamento. [no mesmo\u00a0<strong><a href=\"http:\/\/redir.stf.jus.br\/paginadorpub\/paginador.jsp?docTP=TP&amp;docID=4887206\" target=\"_blank\" rel=\"noopener\">RE 630.733<\/a><\/strong>, rel. min. Gilmar Mendes, j. 15-5-2013, P,\u00a0<em>DJE<\/em>\u00a0de 20-11-2013, Tema 335.]<\/p>\n<hr \/>\n<p style=\"text-align: justify;\">Isonomia. Concurso p\u00fablico. Prova de aptid\u00e3o f\u00edsica. Les\u00e3o tempor\u00e1ria. Nova data para o teste. <strong>Inadmissibilidade<\/strong>. Mandado de seguran\u00e7a impetrado para que candidata acometida de les\u00e3o muscular durante o teste de corrida pudesse realizar as demais provas f\u00edsicas em outra data. Pretens\u00e3o deferida com fundamento no princ\u00edpio da isonomia. <strong>Decis\u00e3o que, na pr\u00e1tica, conferiu a uma candidata que falhou durante a realiza\u00e7\u00e3o de sua prova f\u00edsica uma segunda oportunidade para cumpri-la. Benef\u00edcio n\u00e3o estendido aos demais candidatos. Cria\u00e7\u00e3o de situa\u00e7\u00e3o anti-ison\u00f4mica<\/strong>. [<a href=\"http:\/\/redir.stf.jus.br\/paginador\/paginador.jsp?docTP=AC&amp;docID=261229\" target=\"_blank\" rel=\"noopener\"><strong>RE 351.142<\/strong><\/a>, rel. min. Ellen Gracie, j. 31-5-2005, 2\u00aa T,\u00a0<em>DJ\u00a0<\/em>de 1\u00ba-7-2005.]\u00a0<strong>=<\/strong>\u00a0<a href=\"http:\/\/redir.stf.jus.br\/paginador\/paginador.jsp?docTP=AC&amp;docID=609108\" target=\"_blank\" rel=\"noopener\"><strong>AI 651.795 AgR<\/strong><\/a>, rel. min. Gilmar Mendes, j. 17-11-2009, 2\u00aa T,\u00a0<em>DJE\u00a0<\/em>de 5-3-2010<\/p>\n<\/blockquote>\n<p style=\"text-align: justify;\">Vale acrescentar, no entanto, que <strong>\u00e9 admitida a remarca\u00e7\u00e3o do teste de aptid\u00e3o f\u00edsica quando houver expressa disposi\u00e7\u00e3o no edital<\/strong>. Nesse caso, a remarca\u00e7\u00e3o acontecer\u00e1 nos prazos e condi\u00e7\u00f5es definidas objetivamente no edital do certame e, por isso, o princ\u00edpio da isonomia ser\u00e1 observado, j\u00e1 que a regra ser\u00e1 de conhecimento de todos os concorrentes e extens\u00edvel a todos que se encontrarem nas condi\u00e7\u00f5es definidas no edital do concurso.<\/p>\n<h2 style=\"text-align: justify;\">Conclus\u00e3o<\/h2>\n<p style=\"text-align: justify;\">Em resumo, podemos concluir o seguinte:<\/p>\n<ul style=\"text-align: justify;\">\n<li>em regra, <strong>o candidato n\u00e3o tem direito a nova data para fazer o teste f\u00edsico quando n\u00e3o houver tal previs\u00e3o no edital<\/strong>, extens\u00edvel aos demais candidatos. A remarca\u00e7\u00e3o, nesse caso, configuraria vantagem indevida, anti-ison\u00f4mica, em virtude da aus\u00eancia de previs\u00e3o no edital para os outros concorrentes.<\/li>\n<li>no caso espec\u00edfico de candidata gr\u00e1vida, o STF admite a remarca\u00e7\u00e3o, ainda que sem previs\u00e3o no edital do concurso.<\/li>\n<\/ul>\n<p style=\"text-align: justify;\">Fontes:<\/p>\n<p style=\"text-align: justify;\"><a href=\"http:\/\/portal.stf.jus.br\/noticias\/verNoticiaDetalhe.asp?idConteudo=396322\" target=\"_blank\" rel=\"noopener\">http:\/\/portal.stf.jus.br\/noticias\/verNoticiaDetalhe.asp?idConteudo=396322<\/a><\/p>\n<p style=\"text-align: justify;\"><a href=\"http:\/\/www.stf.jus.br\/portal\/cms\/verNoticiaDetalhe.asp?idConteudo=238587\" target=\"_blank\" rel=\"noopener\">http:\/\/www.stf.jus.br\/portal\/cms\/verNoticiaDetalhe.asp?idConteudo=238587<\/a><\/p>\n<hr \/>\n<p style=\"text-align: justify;\">\u00c9 isso a\u00ed, pessoal!<\/p>\n<p style=\"text-align: justify;\">Aproveite para nos seguir tamb\u00e9m nas redes sociais, \u00e9 s\u00f3 clicar nos links abaixo ou escanear a tag.<\/p>\n<table style=\"height: 132px;\">\n<tbody>\n<tr style=\"height: 66px;\">\n<td style=\"height: 66px;\" width=\"66\"><img loading=\"lazy\" decoding=\"async\" class=\"aligncenter wp-image-152000 size-thumbnail\" src=\"https:\/\/dhg1h5j42swfq.cloudfront.net\/2018\/11\/20145531\/instagram-icone.png\" alt=\"\" width=\"150\" height=\"150\" srcset=\"https:\/\/dhg1h5j42swfq.cloudfront.net\/2018\/11\/20145531\/instagram-icone.png 834w, https:\/\/dhg1h5j42swfq.cloudfront.net\/2018\/11\/20145531\/instagram-icone.png 150w, https:\/\/dhg1h5j42swfq.cloudfront.net\/2018\/11\/20145531\/instagram-icone.png 300w, https:\/\/dhg1h5j42swfq.cloudfront.net\/2018\/11\/20145531\/instagram-icone.png 768w, https:\/\/dhg1h5j42swfq.cloudfront.net\/2018\/11\/20145531\/instagram-icone.png 610w\" sizes=\"auto, (max-width: 150px) 100vw, 150px\" \/><\/td>\n<td style=\"height: 66px;\" width=\"633\"><strong><a href=\"http:\/\/www.youtube.com\/profherbertalmeida\">www.youtube.com\/profherbertalmeida<\/a><\/strong><\/td>\n<\/tr>\n<tr style=\"height: 66px;\">\n<td style=\"height: 66px;\" width=\"66\"><img loading=\"lazy\" decoding=\"async\" class=\"aligncenter wp-image-152001 size-thumbnail\" src=\"https:\/\/dhg1h5j42swfq.cloudfront.net\/2018\/11\/20145543\/youtube-%C3%ADcone.png\" alt=\"\" width=\"150\" height=\"150\" srcset=\"https:\/\/dhg1h5j42swfq.cloudfront.net\/2018\/11\/20145543\/youtube-%C3%ADcone.png 834w, https:\/\/dhg1h5j42swfq.cloudfront.net\/2018\/11\/20145543\/youtube-%C3%ADcone.png 150w, https:\/\/dhg1h5j42swfq.cloudfront.net\/2018\/11\/20145543\/youtube-%C3%ADcone.png 300w, https:\/\/dhg1h5j42swfq.cloudfront.net\/2018\/11\/20145543\/youtube-%C3%ADcone.png 768w, https:\/\/dhg1h5j42swfq.cloudfront.net\/2018\/11\/20145543\/youtube-%C3%ADcone.png 610w\" sizes=\"auto, (max-width: 150px) 100vw, 150px\" \/><\/td>\n<td style=\"height: 66px;\" width=\"633\"><strong><a href=\"http:\/\/www.instagram.com\/profherbertalmeida\">www.instagram.com\/profherbertalmeida<\/a><\/strong><\/td>\n<\/tr>\n<\/tbody>\n<\/table>\n<p style=\"text-align: justify;\">Se preferir, basta escanear a figura a seguir:<\/p>\n<p style=\"text-align: justify;\" align=\"JUSTIFY\"><a href=\"https:\/\/www.instagram.com\/profherbertalmeida\/\" target=\"_blank\" rel=\"noopener\"><img loading=\"lazy\" decoding=\"async\" class=\"aligncenter wp-image-149376\" src=\"https:\/\/dhg1h5j42swfq.cloudfront.net\/2018\/01\/29210516\/tag-instagram-profherbertalmeida.jpeg\" alt=\"\" width=\"258\" height=\"268\" srcset=\"https:\/\/dhg1h5j42swfq.cloudfront.net\/2018\/01\/29210516\/tag-instagram-profherbertalmeida.jpeg 743w, https:\/\/dhg1h5j42swfq.cloudfront.net\/2018\/01\/29210516\/tag-instagram-profherbertalmeida.jpeg 289w, https:\/\/dhg1h5j42swfq.cloudfront.net\/2018\/01\/29210516\/tag-instagram-profherbertalmeida.jpeg 610w\" sizes=\"auto, (max-width: 258px) 100vw, 258px\" \/><\/a><\/p>\n<p style=\"text-align: justify;\" align=\"JUSTIFY\">Para se inscrever no nosso canal no Youtube, basta escanear o QRCODE abaixo:<\/p>\n<p style=\"text-align: justify;\" align=\"JUSTIFY\"><a href=\"https:\/\/www.youtube.com\/profherbertalmeida\" target=\"_blank\" rel=\"noopener\"><img loading=\"lazy\" decoding=\"async\" class=\"aligncenter wp-image-149561\" src=\"https:\/\/dhg1h5j42swfq.cloudfront.net\/2018\/10\/30182004\/qr-code.png\" alt=\"\" width=\"249\" height=\"249\" srcset=\"https:\/\/dhg1h5j42swfq.cloudfront.net\/2018\/10\/30182004\/qr-code.png 1148w, https:\/\/dhg1h5j42swfq.cloudfront.net\/2018\/10\/30182004\/qr-code.png 150w, https:\/\/dhg1h5j42swfq.cloudfront.net\/2018\/10\/30182004\/qr-code.png 300w, https:\/\/dhg1h5j42swfq.cloudfront.net\/2018\/10\/30182004\/qr-code.png 768w, https:\/\/dhg1h5j42swfq.cloudfront.net\/2018\/10\/30182004\/qr-code.png 1024w, https:\/\/dhg1h5j42swfq.cloudfront.net\/2018\/10\/30182004\/qr-code.png 610w\" sizes=\"auto, (max-width: 249px) 100vw, 249px\" \/><\/a><\/p>\n<p style=\"text-align: justify;\" align=\"JUSTIFY\">Abra\u00e7os,<\/p>\n<p style=\"text-align: justify;\" align=\"JUSTIFY\">Prof. Herbert Almeida<\/p>\n<p style=\"text-align: justify;\">[candidata gestante remarcar teste aptid\u00e3o]<\/p>\n","protected":false},"excerpt":{"rendered":"<p>[candidata gestante remarcar teste aptid\u00e3o] Fala, pessoal! Aqui \u00e9 o Herbert Almeida, professor de Direito Administrativo aqui no Estrat\u00e9gia. Estou passando para comentar a decis\u00e3o recente do STF sobre o direito de remarca\u00e7\u00e3o de teste de aptid\u00e3o f\u00edsica pela candidata gestante. Remarca\u00e7\u00e3o de teste de aptid\u00e3o f\u00edsica para candidata gestante No julgamento do RE 1058333, [&hellip;]<\/p>\n","protected":false},"author":129,"featured_media":0,"comment_status":"open","ping_status":"closed","sticky":false,"template":"","format":"standard","meta":{"post_tipo":"article","footnotes":""},"categories":[1],"tags":[],"tax_estado":[],"class_list":["post-152281","post","type-post","status-publish","format-standard","hentry","category-cursos-e-concursos"],"acf":[],"yoast_head":"<!-- This site is optimized with the Yoast SEO Premium plugin v27.2 (Yoast SEO v27.2) - https:\/\/yoast.com\/product\/yoast-seo-premium-wordpress\/ -->\n<title>Candidata Gestante pode remarcar teste aptid\u00e3o f\u00edsica<\/title>\n<meta name=\"description\" content=\"[candidata gestante remarcar teste aptid\u00e3o] O STF firmou entendimento de que candidata gestante tem direito a remarcar teste de aptid\u00e3o f\u00edsica.\" \/>\n<meta name=\"robots\" content=\"index, follow, max-snippet:-1, max-image-preview:large, max-video-preview:-1\" \/>\n<link rel=\"canonical\" href=\"https:\/\/www.estrategiaconcursos.com.br\/blog\/candidata-gestante-pode-remarcar-teste-aptidao-fisica\/\" \/>\n<meta property=\"og:locale\" content=\"pt_BR\" \/>\n<meta property=\"og:type\" content=\"article\" \/>\n<meta property=\"og:title\" content=\"Candidata Gestante pode remarcar teste aptid\u00e3o f\u00edsica\" \/>\n<meta property=\"og:description\" content=\"[candidata gestante remarcar teste aptid\u00e3o] O STF firmou entendimento de que candidata gestante tem direito a remarcar teste de aptid\u00e3o f\u00edsica.\" \/>\n<meta property=\"og:url\" content=\"https:\/\/www.estrategiaconcursos.com.br\/blog\/candidata-gestante-pode-remarcar-teste-aptidao-fisica\/\" \/>\n<meta property=\"og:site_name\" content=\"Estrat\u00e9gia Concursos\" \/>\n<meta property=\"article:published_time\" content=\"2018-11-22T11:26:37+00:00\" \/>\n<meta property=\"article:modified_time\" content=\"2023-03-06T13:33:26+00:00\" \/>\n<meta property=\"og:image\" content=\"https:\/\/www.estrategiaconcursos.com.br\/blog\/wp-content\/uploads\/2018\/11\/instagram-icone.png\" \/>\n<meta name=\"author\" content=\"Herbert Almeida\" \/>\n<meta name=\"twitter:card\" content=\"summary_large_image\" \/>\n<meta name=\"twitter:creator\" content=\"@EstratConcursos\" \/>\n<meta name=\"twitter:site\" content=\"@EstratConcursos\" \/>\n<meta name=\"twitter:label1\" content=\"Escrito por\" \/>\n\t<meta name=\"twitter:data1\" content=\"Herbert Almeida\" \/>\n\t<meta name=\"twitter:label2\" content=\"Est. tempo de leitura\" \/>\n\t<meta name=\"twitter:data2\" content=\"5 minutos\" \/>\n<script type=\"application\/ld+json\" class=\"yoast-schema-graph\">{\"@context\":\"https:\/\/schema.org\",\"@graph\":[{\"@type\":\"NewsArticle\",\"@id\":\"https:\/\/www.estrategiaconcursos.com.br\/blog\/candidata-gestante-pode-remarcar-teste-aptidao-fisica\/#article\",\"isPartOf\":{\"@id\":\"https:\/\/www.estrategiaconcursos.com.br\/blog\/candidata-gestante-pode-remarcar-teste-aptidao-fisica\/\"},\"author\":{\"name\":\"Herbert Almeida\",\"@id\":\"https:\/\/www.estrategiaconcursos.com.br\/blog\/#\/schema\/person\/59717c75350fa01aa0fd68a52a8d02e0\"},\"headline\":\"Candidata Gestante pode remarcar teste aptid\u00e3o f\u00edsica\",\"datePublished\":\"2018-11-22T11:26:37+00:00\",\"dateModified\":\"2023-03-06T13:33:26+00:00\",\"mainEntityOfPage\":{\"@id\":\"https:\/\/www.estrategiaconcursos.com.br\/blog\/candidata-gestante-pode-remarcar-teste-aptidao-fisica\/\"},\"wordCount\":1006,\"commentCount\":1,\"publisher\":{\"@id\":\"https:\/\/www.estrategiaconcursos.com.br\/blog\/#organization\"},\"image\":{\"@id\":\"https:\/\/www.estrategiaconcursos.com.br\/blog\/candidata-gestante-pode-remarcar-teste-aptidao-fisica\/#primaryimage\"},\"thumbnailUrl\":\"https:\/\/www.estrategiaconcursos.com.br\/blog\/wp-content\/uploads\/2018\/11\/instagram-icone.png\",\"articleSection\":[\"Concursos P\u00fablicos\"],\"inLanguage\":\"pt-BR\",\"potentialAction\":[{\"@type\":\"CommentAction\",\"name\":\"Comment\",\"target\":[\"https:\/\/www.estrategiaconcursos.com.br\/blog\/candidata-gestante-pode-remarcar-teste-aptidao-fisica\/#respond\"]}],\"copyrightYear\":\"2018\",\"copyrightHolder\":{\"@id\":\"https:\/\/www.estrategiaconcursos.com.br\/blog\/#organization\"}},{\"@type\":\"WebPage\",\"@id\":\"https:\/\/www.estrategiaconcursos.com.br\/blog\/candidata-gestante-pode-remarcar-teste-aptidao-fisica\/\",\"url\":\"https:\/\/www.estrategiaconcursos.com.br\/blog\/candidata-gestante-pode-remarcar-teste-aptidao-fisica\/\",\"name\":\"Candidata Gestante pode remarcar teste aptid\u00e3o f\u00edsica\",\"isPartOf\":{\"@id\":\"https:\/\/www.estrategiaconcursos.com.br\/blog\/#website\"},\"primaryImageOfPage\":{\"@id\":\"https:\/\/www.estrategiaconcursos.com.br\/blog\/candidata-gestante-pode-remarcar-teste-aptidao-fisica\/#primaryimage\"},\"image\":{\"@id\":\"https:\/\/www.estrategiaconcursos.com.br\/blog\/candidata-gestante-pode-remarcar-teste-aptidao-fisica\/#primaryimage\"},\"thumbnailUrl\":\"https:\/\/www.estrategiaconcursos.com.br\/blog\/wp-content\/uploads\/2018\/11\/instagram-icone.png\",\"datePublished\":\"2018-11-22T11:26:37+00:00\",\"dateModified\":\"2023-03-06T13:33:26+00:00\",\"description\":\"[candidata gestante remarcar teste aptid\u00e3o] O STF firmou entendimento de que candidata gestante tem direito a remarcar teste de aptid\u00e3o f\u00edsica.\",\"breadcrumb\":{\"@id\":\"https:\/\/www.estrategiaconcursos.com.br\/blog\/candidata-gestante-pode-remarcar-teste-aptidao-fisica\/#breadcrumb\"},\"inLanguage\":\"pt-BR\",\"potentialAction\":[{\"@type\":\"ReadAction\",\"target\":[\"https:\/\/www.estrategiaconcursos.com.br\/blog\/candidata-gestante-pode-remarcar-teste-aptidao-fisica\/\"]}]},{\"@type\":\"ImageObject\",\"inLanguage\":\"pt-BR\",\"@id\":\"https:\/\/www.estrategiaconcursos.com.br\/blog\/candidata-gestante-pode-remarcar-teste-aptidao-fisica\/#primaryimage\",\"url\":\"https:\/\/dhg1h5j42swfq.cloudfront.net\/2018\/11\/20145531\/instagram-icone.png\",\"contentUrl\":\"https:\/\/dhg1h5j42swfq.cloudfront.net\/2018\/11\/20145531\/instagram-icone.png\",\"width\":834,\"height\":834},{\"@type\":\"BreadcrumbList\",\"@id\":\"https:\/\/www.estrategiaconcursos.com.br\/blog\/candidata-gestante-pode-remarcar-teste-aptidao-fisica\/#breadcrumb\",\"itemListElement\":[{\"@type\":\"ListItem\",\"position\":1,\"name\":\"In\u00edcio\",\"item\":\"https:\/\/www.estrategiaconcursos.com.br\/blog\/\"},{\"@type\":\"ListItem\",\"position\":2,\"name\":\"Candidata Gestante pode remarcar teste aptid\u00e3o f\u00edsica\"}]},{\"@type\":\"WebSite\",\"@id\":\"https:\/\/www.estrategiaconcursos.com.br\/blog\/#website\",\"url\":\"https:\/\/www.estrategiaconcursos.com.br\/blog\/\",\"name\":\"Estrat\u00e9gia Concursos\",\"description\":\"O blog da Estrat\u00e9gia Concursos traz not\u00edcias sobre concursos e artigos de professores oferecendo cursos para concursos (pdf + videaulas) no site.\",\"publisher\":{\"@id\":\"https:\/\/www.estrategiaconcursos.com.br\/blog\/#organization\"},\"potentialAction\":[{\"@type\":\"SearchAction\",\"target\":{\"@type\":\"EntryPoint\",\"urlTemplate\":\"https:\/\/www.estrategiaconcursos.com.br\/blog\/?s={search_term_string}\"},\"query-input\":{\"@type\":\"PropertyValueSpecification\",\"valueRequired\":true,\"valueName\":\"search_term_string\"}}],\"inLanguage\":\"pt-BR\"},{\"@type\":\"Organization\",\"@id\":\"https:\/\/www.estrategiaconcursos.com.br\/blog\/#organization\",\"name\":\"Estrat\u00e9gia Concursos\",\"url\":\"https:\/\/www.estrategiaconcursos.com.br\/blog\/\",\"logo\":{\"@type\":\"ImageObject\",\"inLanguage\":\"pt-BR\",\"@id\":\"https:\/\/www.estrategiaconcursos.com.br\/blog\/#\/schema\/logo\/image\/\",\"url\":\"https:\/\/dhg1h5j42swfq.cloudfront.net\/2025\/06\/03203428\/logo_concursos-1.jpg\",\"contentUrl\":\"https:\/\/dhg1h5j42swfq.cloudfront.net\/2025\/06\/03203428\/logo_concursos-1.jpg\",\"width\":230,\"height\":60,\"caption\":\"Estrat\u00e9gia Concursos\"},\"image\":{\"@id\":\"https:\/\/www.estrategiaconcursos.com.br\/blog\/#\/schema\/logo\/image\/\"},\"sameAs\":[\"https:\/\/x.com\/EstratConcursos\"]},{\"@type\":\"Person\",\"@id\":\"https:\/\/www.estrategiaconcursos.com.br\/blog\/#\/schema\/person\/59717c75350fa01aa0fd68a52a8d02e0\",\"name\":\"Herbert Almeida\",\"image\":{\"@type\":\"ImageObject\",\"inLanguage\":\"pt-BR\",\"@id\":\"https:\/\/secure.gravatar.com\/avatar\/b6461a43893c24d5fc91efc433971ffec025c84c0341129f4578034d77f9a536?s=96&d=mm&r=g\",\"url\":\"https:\/\/secure.gravatar.com\/avatar\/b6461a43893c24d5fc91efc433971ffec025c84c0341129f4578034d77f9a536?s=96&d=mm&r=g\",\"contentUrl\":\"https:\/\/secure.gravatar.com\/avatar\/b6461a43893c24d5fc91efc433971ffec025c84c0341129f4578034d77f9a536?s=96&d=mm&r=g\",\"caption\":\"Herbert Almeida\"},\"url\":\"https:\/\/www.estrategiaconcursos.com.br\/blog\/author\/herbertestrategiaconcursos-com-br\/\"}]}<\/script>\n<!-- \/ Yoast SEO Premium plugin. -->","yoast_head_json":{"title":"Candidata Gestante pode remarcar teste aptid\u00e3o f\u00edsica","description":"[candidata gestante remarcar teste aptid\u00e3o] O STF firmou entendimento de que candidata gestante tem direito a remarcar teste de aptid\u00e3o f\u00edsica.","robots":{"index":"index","follow":"follow","max-snippet":"max-snippet:-1","max-image-preview":"max-image-preview:large","max-video-preview":"max-video-preview:-1"},"canonical":"https:\/\/www.estrategiaconcursos.com.br\/blog\/candidata-gestante-pode-remarcar-teste-aptidao-fisica\/","og_locale":"pt_BR","og_type":"article","og_title":"Candidata Gestante pode remarcar teste aptid\u00e3o f\u00edsica","og_description":"[candidata gestante remarcar teste aptid\u00e3o] O STF firmou entendimento de que candidata gestante tem direito a remarcar teste de aptid\u00e3o f\u00edsica.","og_url":"https:\/\/www.estrategiaconcursos.com.br\/blog\/candidata-gestante-pode-remarcar-teste-aptidao-fisica\/","og_site_name":"Estrat\u00e9gia Concursos","article_published_time":"2018-11-22T11:26:37+00:00","article_modified_time":"2023-03-06T13:33:26+00:00","og_image":[{"url":"https:\/\/www.estrategiaconcursos.com.br\/blog\/wp-content\/uploads\/2018\/11\/instagram-icone.png","type":"","width":"","height":""}],"author":"Herbert Almeida","twitter_card":"summary_large_image","twitter_creator":"@EstratConcursos","twitter_site":"@EstratConcursos","twitter_misc":{"Escrito por":"Herbert Almeida","Est. tempo de leitura":"5 minutos"},"schema":{"@context":"https:\/\/schema.org","@graph":[{"@type":"NewsArticle","@id":"https:\/\/www.estrategiaconcursos.com.br\/blog\/candidata-gestante-pode-remarcar-teste-aptidao-fisica\/#article","isPartOf":{"@id":"https:\/\/www.estrategiaconcursos.com.br\/blog\/candidata-gestante-pode-remarcar-teste-aptidao-fisica\/"},"author":{"name":"Herbert Almeida","@id":"https:\/\/www.estrategiaconcursos.com.br\/blog\/#\/schema\/person\/59717c75350fa01aa0fd68a52a8d02e0"},"headline":"Candidata Gestante pode remarcar teste aptid\u00e3o f\u00edsica","datePublished":"2018-11-22T11:26:37+00:00","dateModified":"2023-03-06T13:33:26+00:00","mainEntityOfPage":{"@id":"https:\/\/www.estrategiaconcursos.com.br\/blog\/candidata-gestante-pode-remarcar-teste-aptidao-fisica\/"},"wordCount":1006,"commentCount":1,"publisher":{"@id":"https:\/\/www.estrategiaconcursos.com.br\/blog\/#organization"},"image":{"@id":"https:\/\/www.estrategiaconcursos.com.br\/blog\/candidata-gestante-pode-remarcar-teste-aptidao-fisica\/#primaryimage"},"thumbnailUrl":"https:\/\/www.estrategiaconcursos.com.br\/blog\/wp-content\/uploads\/2018\/11\/instagram-icone.png","articleSection":["Concursos P\u00fablicos"],"inLanguage":"pt-BR","potentialAction":[{"@type":"CommentAction","name":"Comment","target":["https:\/\/www.estrategiaconcursos.com.br\/blog\/candidata-gestante-pode-remarcar-teste-aptidao-fisica\/#respond"]}],"copyrightYear":"2018","copyrightHolder":{"@id":"https:\/\/www.estrategiaconcursos.com.br\/blog\/#organization"}},{"@type":"WebPage","@id":"https:\/\/www.estrategiaconcursos.com.br\/blog\/candidata-gestante-pode-remarcar-teste-aptidao-fisica\/","url":"https:\/\/www.estrategiaconcursos.com.br\/blog\/candidata-gestante-pode-remarcar-teste-aptidao-fisica\/","name":"Candidata Gestante pode remarcar teste aptid\u00e3o f\u00edsica","isPartOf":{"@id":"https:\/\/www.estrategiaconcursos.com.br\/blog\/#website"},"primaryImageOfPage":{"@id":"https:\/\/www.estrategiaconcursos.com.br\/blog\/candidata-gestante-pode-remarcar-teste-aptidao-fisica\/#primaryimage"},"image":{"@id":"https:\/\/www.estrategiaconcursos.com.br\/blog\/candidata-gestante-pode-remarcar-teste-aptidao-fisica\/#primaryimage"},"thumbnailUrl":"https:\/\/www.estrategiaconcursos.com.br\/blog\/wp-content\/uploads\/2018\/11\/instagram-icone.png","datePublished":"2018-11-22T11:26:37+00:00","dateModified":"2023-03-06T13:33:26+00:00","description":"[candidata gestante remarcar teste aptid\u00e3o] O STF firmou entendimento de que candidata gestante tem direito a remarcar teste de aptid\u00e3o f\u00edsica.","breadcrumb":{"@id":"https:\/\/www.estrategiaconcursos.com.br\/blog\/candidata-gestante-pode-remarcar-teste-aptidao-fisica\/#breadcrumb"},"inLanguage":"pt-BR","potentialAction":[{"@type":"ReadAction","target":["https:\/\/www.estrategiaconcursos.com.br\/blog\/candidata-gestante-pode-remarcar-teste-aptidao-fisica\/"]}]},{"@type":"ImageObject","inLanguage":"pt-BR","@id":"https:\/\/www.estrategiaconcursos.com.br\/blog\/candidata-gestante-pode-remarcar-teste-aptidao-fisica\/#primaryimage","url":"https:\/\/dhg1h5j42swfq.cloudfront.net\/2018\/11\/20145531\/instagram-icone.png","contentUrl":"https:\/\/dhg1h5j42swfq.cloudfront.net\/2018\/11\/20145531\/instagram-icone.png","width":834,"height":834},{"@type":"BreadcrumbList","@id":"https:\/\/www.estrategiaconcursos.com.br\/blog\/candidata-gestante-pode-remarcar-teste-aptidao-fisica\/#breadcrumb","itemListElement":[{"@type":"ListItem","position":1,"name":"In\u00edcio","item":"https:\/\/www.estrategiaconcursos.com.br\/blog\/"},{"@type":"ListItem","position":2,"name":"Candidata Gestante pode remarcar teste aptid\u00e3o f\u00edsica"}]},{"@type":"WebSite","@id":"https:\/\/www.estrategiaconcursos.com.br\/blog\/#website","url":"https:\/\/www.estrategiaconcursos.com.br\/blog\/","name":"Estrat\u00e9gia Concursos","description":"O blog da Estrat\u00e9gia Concursos traz not\u00edcias sobre concursos e artigos de professores oferecendo cursos para concursos (pdf + videaulas) no site.","publisher":{"@id":"https:\/\/www.estrategiaconcursos.com.br\/blog\/#organization"},"potentialAction":[{"@type":"SearchAction","target":{"@type":"EntryPoint","urlTemplate":"https:\/\/www.estrategiaconcursos.com.br\/blog\/?s={search_term_string}"},"query-input":{"@type":"PropertyValueSpecification","valueRequired":true,"valueName":"search_term_string"}}],"inLanguage":"pt-BR"},{"@type":"Organization","@id":"https:\/\/www.estrategiaconcursos.com.br\/blog\/#organization","name":"Estrat\u00e9gia Concursos","url":"https:\/\/www.estrategiaconcursos.com.br\/blog\/","logo":{"@type":"ImageObject","inLanguage":"pt-BR","@id":"https:\/\/www.estrategiaconcursos.com.br\/blog\/#\/schema\/logo\/image\/","url":"https:\/\/dhg1h5j42swfq.cloudfront.net\/2025\/06\/03203428\/logo_concursos-1.jpg","contentUrl":"https:\/\/dhg1h5j42swfq.cloudfront.net\/2025\/06\/03203428\/logo_concursos-1.jpg","width":230,"height":60,"caption":"Estrat\u00e9gia Concursos"},"image":{"@id":"https:\/\/www.estrategiaconcursos.com.br\/blog\/#\/schema\/logo\/image\/"},"sameAs":["https:\/\/x.com\/EstratConcursos"]},{"@type":"Person","@id":"https:\/\/www.estrategiaconcursos.com.br\/blog\/#\/schema\/person\/59717c75350fa01aa0fd68a52a8d02e0","name":"Herbert Almeida","image":{"@type":"ImageObject","inLanguage":"pt-BR","@id":"https:\/\/secure.gravatar.com\/avatar\/b6461a43893c24d5fc91efc433971ffec025c84c0341129f4578034d77f9a536?s=96&d=mm&r=g","url":"https:\/\/secure.gravatar.com\/avatar\/b6461a43893c24d5fc91efc433971ffec025c84c0341129f4578034d77f9a536?s=96&d=mm&r=g","contentUrl":"https:\/\/secure.gravatar.com\/avatar\/b6461a43893c24d5fc91efc433971ffec025c84c0341129f4578034d77f9a536?s=96&d=mm&r=g","caption":"Herbert Almeida"},"url":"https:\/\/www.estrategiaconcursos.com.br\/blog\/author\/herbertestrategiaconcursos-com-br\/"}]}},"_links":{"self":[{"href":"https:\/\/www.estrategiaconcursos.com.br\/blog\/wp-json\/wp\/v2\/posts\/152281","targetHints":{"allow":["GET"]}}],"collection":[{"href":"https:\/\/www.estrategiaconcursos.com.br\/blog\/wp-json\/wp\/v2\/posts"}],"about":[{"href":"https:\/\/www.estrategiaconcursos.com.br\/blog\/wp-json\/wp\/v2\/types\/post"}],"author":[{"embeddable":true,"href":"https:\/\/www.estrategiaconcursos.com.br\/blog\/wp-json\/wp\/v2\/users\/129"}],"replies":[{"embeddable":true,"href":"https:\/\/www.estrategiaconcursos.com.br\/blog\/wp-json\/wp\/v2\/comments?post=152281"}],"version-history":[{"count":3,"href":"https:\/\/www.estrategiaconcursos.com.br\/blog\/wp-json\/wp\/v2\/posts\/152281\/revisions"}],"predecessor-version":[{"id":1181968,"href":"https:\/\/www.estrategiaconcursos.com.br\/blog\/wp-json\/wp\/v2\/posts\/152281\/revisions\/1181968"}],"wp:attachment":[{"href":"https:\/\/www.estrategiaconcursos.com.br\/blog\/wp-json\/wp\/v2\/media?parent=152281"}],"wp:term":[{"taxonomy":"category","embeddable":true,"href":"https:\/\/www.estrategiaconcursos.com.br\/blog\/wp-json\/wp\/v2\/categories?post=152281"},{"taxonomy":"post_tag","embeddable":true,"href":"https:\/\/www.estrategiaconcursos.com.br\/blog\/wp-json\/wp\/v2\/tags?post=152281"},{"taxonomy":"tax_estado","embeddable":true,"href":"https:\/\/www.estrategiaconcursos.com.br\/blog\/wp-json\/wp\/v2\/tax_estado?post=152281"}],"curies":[{"name":"wp","href":"https:\/\/api.w.org\/{rel}","templated":true}]}}