{"id":152262,"date":"2018-11-21T20:36:31","date_gmt":"2018-11-21T23:36:31","guid":{"rendered":"https:\/\/www.estrategiaconcursos.com.br\/blog\/?p=152262"},"modified":"2019-04-09T16:49:27","modified_gmt":"2019-04-09T19:49:27","slug":"enem-2018-questoes-comentadas-de-filosofia-e-de-sociologia","status":"publish","type":"post","link":"https:\/\/www.estrategiaconcursos.com.br\/blog\/enem-2018-questoes-comentadas-de-filosofia-e-de-sociologia\/","title":{"rendered":"ENEM 2018: quest\u00f5es comentadas de Filosofia e de Sociologia"},"content":{"rendered":"<p><span style=\"font-size: 14pt\">Estrategianos, tranquilo?<\/span><\/p>\n<p><span style=\"font-size: 14pt\">Expectativa a mil para chegar o dia 18\/01? Espero que d\u00ea tudo certo e que possamos comemorar muito! Lembrem-se de me enviar um e-mail :)<\/span><\/p>\n<p><span style=\"font-size: 14pt\">Sabe o que que eu fiz para voc\u00eas? A corre\u00e7\u00e3o das quest\u00f5es de Filosofia e de Sociologia da prova 2018 do ENEM! N\u00e3o sei se voc\u00eas perceberam, mas Filosofia est\u00e1 cada vez mais conteudista e Sociologia bem interdisciplinar com Hist\u00f3ria e com Geografia.<\/span><\/p>\n<p><span style=\"font-size: 14pt\">Vamos l\u00e1 ver o que esses \u201cdanados\u201d prepararam!<\/span><\/p>\n<p><span style=\"font-size: 14pt\">S\u00f3 clicar no link e baixar a prova comentada.<\/span><\/p>\n<p style=\"text-align: center\"><span style=\"font-size: 18pt\"><a href=\"https:\/\/dhg1h5j42swfq.cloudfront.net\/2018\/11\/21202930\/Corre%C3%A7%C3%A3o-da-Prova-2018.pdf\">Corre\u00e7\u00e3o-da-Prova-2018<\/a><\/span><\/p>\n<p>&nbsp;<\/p>\n<p><strong>Nossos cursos:<\/strong><\/p>\n<p>ENEM 2019 (ser\u00e1 lan\u00e7ado na pr\u00f3xima semana)<\/p>\n<p>Ci\u00eancias Humanas para Reda\u00e7\u00e3o (ser\u00e1 lan\u00e7ado na pr\u00f3xima semana)<\/p>\n<p><strong>Redes Sociais:<\/strong><\/p>\n<p>YouTube: Professor Raphael Reis<\/p>\n<p>Instagram: profraphaelreis<\/p>\n<p>Email: profraphaelreis@gmail.com<\/p>\n<p><span style=\"font-size: 14pt\"><strong>Quer receber materiais gratuitos e avisos de aul\u00f5es?<\/strong><\/span><\/p>\n<p><span style=\"font-size: 14pt\">Fa\u00e7a o cadastro de seu e-mail <a href=\"https:\/\/goo.gl\/forms\/1b8OkSZVFkvc22Sx1\">AQUI<\/a><\/span><\/p>\n","protected":false},"excerpt":{"rendered":"<p>Estrategianos, tranquilo? Expectativa a mil para chegar o dia 18\/01? Espero que d\u00ea tudo certo e que possamos comemorar muito! Lembrem-se de me enviar um e-mail :) Sabe o que que eu fiz para voc\u00eas? A corre\u00e7\u00e3o das quest\u00f5es de Filosofia e de Sociologia da prova 2018 do ENEM! N\u00e3o sei se voc\u00eas perceberam, mas [&hellip;]<\/p>\n","protected":false},"author":384,"featured_media":0,"comment_status":"open","ping_status":"closed","sticky":false,"template":"","format":"standard","meta":{"post_tipo":"article","footnotes":""},"categories":[1],"tags":[41491,786,3523,41489,41488,41490],"tax_estado":[],"class_list":["post-152262","post","type-post","status-publish","format-standard","hentry","category-cursos-e-concursos","tag-curso-para-o-enem","tag-enem","tag-enem-2018","tag-gabarito-enem-2018","tag-prova-de-filosofia-e-de-sociologia-comentada","tag-questoes-de-filosofia-e-de-sociologia-resolvidas"],"acf":[],"yoast_head":"<!-- This site is optimized with the Yoast SEO Premium plugin v27.2 (Yoast SEO v27.2) - https:\/\/yoast.com\/product\/yoast-seo-premium-wordpress\/ -->\n<title>ENEM 2018: quest\u00f5es comentadas de Filosofia e de Sociologia<\/title>\n<meta name=\"robots\" content=\"index, follow, max-snippet:-1, max-image-preview:large, max-video-preview:-1\" \/>\n<link rel=\"canonical\" href=\"https:\/\/www.estrategiaconcursos.com.br\/blog\/enem-2018-questoes-comentadas-de-filosofia-e-de-sociologia\/\" \/>\n<meta property=\"og:locale\" content=\"pt_BR\" \/>\n<meta property=\"og:type\" content=\"article\" \/>\n<meta property=\"og:title\" content=\"ENEM 2018: quest\u00f5es comentadas de Filosofia e de Sociologia\" \/>\n<meta property=\"og:description\" content=\"Estrategianos, tranquilo? Expectativa a mil para chegar o dia 18\/01? Espero que d\u00ea tudo certo e que possamos comemorar muito! Lembrem-se de me enviar um e-mail :) Sabe o que que eu fiz para voc\u00eas? A corre\u00e7\u00e3o das quest\u00f5es de Filosofia e de Sociologia da prova 2018 do ENEM! N\u00e3o sei se voc\u00eas perceberam, mas [&hellip;]\" \/>\n<meta property=\"og:url\" content=\"https:\/\/www.estrategiaconcursos.com.br\/blog\/enem-2018-questoes-comentadas-de-filosofia-e-de-sociologia\/\" \/>\n<meta property=\"og:site_name\" content=\"Estrat\u00e9gia Concursos\" \/>\n<meta property=\"article:published_time\" content=\"2018-11-21T23:36:31+00:00\" \/>\n<meta property=\"article:modified_time\" content=\"2019-04-09T19:49:27+00:00\" \/>\n<meta name=\"author\" content=\"Raphael de Oliveira Reis\" \/>\n<meta name=\"twitter:card\" content=\"summary_large_image\" \/>\n<meta name=\"twitter:creator\" content=\"@EstratConcursos\" \/>\n<meta name=\"twitter:site\" content=\"@EstratConcursos\" \/>\n<meta name=\"twitter:label1\" content=\"Escrito por\" \/>\n\t<meta name=\"twitter:data1\" content=\"Raphael de Oliveira Reis\" \/>\n\t<meta name=\"twitter:label2\" content=\"Est. tempo de leitura\" \/>\n\t<meta name=\"twitter:data2\" content=\"1 minuto\" \/>\n<script type=\"application\/ld+json\" class=\"yoast-schema-graph\">{\"@context\":\"https:\/\/schema.org\",\"@graph\":[{\"@type\":\"NewsArticle\",\"@id\":\"https:\/\/www.estrategiaconcursos.com.br\/blog\/enem-2018-questoes-comentadas-de-filosofia-e-de-sociologia\/#article\",\"isPartOf\":{\"@id\":\"https:\/\/www.estrategiaconcursos.com.br\/blog\/enem-2018-questoes-comentadas-de-filosofia-e-de-sociologia\/\"},\"author\":{\"name\":\"Raphael de Oliveira Reis\",\"@id\":\"https:\/\/www.estrategiaconcursos.com.br\/blog\/#\/schema\/person\/b49a1a49e5ef8a9f8d3268e74404a911\"},\"headline\":\"ENEM 2018: quest\u00f5es comentadas de Filosofia e de Sociologia\",\"datePublished\":\"2018-11-21T23:36:31+00:00\",\"dateModified\":\"2019-04-09T19:49:27+00:00\",\"mainEntityOfPage\":{\"@id\":\"https:\/\/www.estrategiaconcursos.com.br\/blog\/enem-2018-questoes-comentadas-de-filosofia-e-de-sociologia\/\"},\"wordCount\":154,\"commentCount\":0,\"publisher\":{\"@id\":\"https:\/\/www.estrategiaconcursos.com.br\/blog\/#organization\"},\"keywords\":[\"curso para o ENEM\",\"ENEM\",\"enem 2018\",\"gabarito ENEM 2018\",\"Prova de Filosofia e de Sociologia comentada\",\"quest\u00f5es de filosofia e de sociologia resolvidas\"],\"articleSection\":[\"Concursos P\u00fablicos\"],\"inLanguage\":\"pt-BR\",\"potentialAction\":[{\"@type\":\"CommentAction\",\"name\":\"Comment\",\"target\":[\"https:\/\/www.estrategiaconcursos.com.br\/blog\/enem-2018-questoes-comentadas-de-filosofia-e-de-sociologia\/#respond\"]}],\"copyrightYear\":\"2018\",\"copyrightHolder\":{\"@id\":\"https:\/\/www.estrategiaconcursos.com.br\/blog\/#organization\"}},{\"@type\":\"WebPage\",\"@id\":\"https:\/\/www.estrategiaconcursos.com.br\/blog\/enem-2018-questoes-comentadas-de-filosofia-e-de-sociologia\/\",\"url\":\"https:\/\/www.estrategiaconcursos.com.br\/blog\/enem-2018-questoes-comentadas-de-filosofia-e-de-sociologia\/\",\"name\":\"ENEM 2018: quest\u00f5es comentadas de Filosofia e de Sociologia\",\"isPartOf\":{\"@id\":\"https:\/\/www.estrategiaconcursos.com.br\/blog\/#website\"},\"datePublished\":\"2018-11-21T23:36:31+00:00\",\"dateModified\":\"2019-04-09T19:49:27+00:00\",\"breadcrumb\":{\"@id\":\"https:\/\/www.estrategiaconcursos.com.br\/blog\/enem-2018-questoes-comentadas-de-filosofia-e-de-sociologia\/#breadcrumb\"},\"inLanguage\":\"pt-BR\",\"potentialAction\":[{\"@type\":\"ReadAction\",\"target\":[\"https:\/\/www.estrategiaconcursos.com.br\/blog\/enem-2018-questoes-comentadas-de-filosofia-e-de-sociologia\/\"]}]},{\"@type\":\"BreadcrumbList\",\"@id\":\"https:\/\/www.estrategiaconcursos.com.br\/blog\/enem-2018-questoes-comentadas-de-filosofia-e-de-sociologia\/#breadcrumb\",\"itemListElement\":[{\"@type\":\"ListItem\",\"position\":1,\"name\":\"In\u00edcio\",\"item\":\"https:\/\/www.estrategiaconcursos.com.br\/blog\/\"},{\"@type\":\"ListItem\",\"position\":2,\"name\":\"ENEM 2018: quest\u00f5es comentadas de Filosofia e de Sociologia\"}]},{\"@type\":\"WebSite\",\"@id\":\"https:\/\/www.estrategiaconcursos.com.br\/blog\/#website\",\"url\":\"https:\/\/www.estrategiaconcursos.com.br\/blog\/\",\"name\":\"Estrat\u00e9gia Concursos\",\"description\":\"O blog da Estrat\u00e9gia Concursos traz not\u00edcias sobre concursos e artigos de professores oferecendo cursos para concursos (pdf + videaulas) no site.\",\"publisher\":{\"@id\":\"https:\/\/www.estrategiaconcursos.com.br\/blog\/#organization\"},\"potentialAction\":[{\"@type\":\"SearchAction\",\"target\":{\"@type\":\"EntryPoint\",\"urlTemplate\":\"https:\/\/www.estrategiaconcursos.com.br\/blog\/?s={search_term_string}\"},\"query-input\":{\"@type\":\"PropertyValueSpecification\",\"valueRequired\":true,\"valueName\":\"search_term_string\"}}],\"inLanguage\":\"pt-BR\"},{\"@type\":\"Organization\",\"@id\":\"https:\/\/www.estrategiaconcursos.com.br\/blog\/#organization\",\"name\":\"Estrat\u00e9gia Concursos\",\"url\":\"https:\/\/www.estrategiaconcursos.com.br\/blog\/\",\"logo\":{\"@type\":\"ImageObject\",\"inLanguage\":\"pt-BR\",\"@id\":\"https:\/\/www.estrategiaconcursos.com.br\/blog\/#\/schema\/logo\/image\/\",\"url\":\"https:\/\/dhg1h5j42swfq.cloudfront.net\/2025\/06\/03203428\/logo_concursos-1.jpg\",\"contentUrl\":\"https:\/\/dhg1h5j42swfq.cloudfront.net\/2025\/06\/03203428\/logo_concursos-1.jpg\",\"width\":230,\"height\":60,\"caption\":\"Estrat\u00e9gia Concursos\"},\"image\":{\"@id\":\"https:\/\/www.estrategiaconcursos.com.br\/blog\/#\/schema\/logo\/image\/\"},\"sameAs\":[\"https:\/\/x.com\/EstratConcursos\"]},{\"@type\":\"Person\",\"@id\":\"https:\/\/www.estrategiaconcursos.com.br\/blog\/#\/schema\/person\/b49a1a49e5ef8a9f8d3268e74404a911\",\"name\":\"Raphael de Oliveira Reis\",\"image\":{\"@type\":\"ImageObject\",\"inLanguage\":\"pt-BR\",\"@id\":\"https:\/\/secure.gravatar.com\/avatar\/b1c5789180fc7bfb5103ec006c301370c02393e37aa13c55f6d72f05fcc76b3b?s=96&d=mm&r=g\",\"url\":\"https:\/\/secure.gravatar.com\/avatar\/b1c5789180fc7bfb5103ec006c301370c02393e37aa13c55f6d72f05fcc76b3b?s=96&d=mm&r=g\",\"contentUrl\":\"https:\/\/secure.gravatar.com\/avatar\/b1c5789180fc7bfb5103ec006c301370c02393e37aa13c55f6d72f05fcc76b3b?s=96&d=mm&r=g\",\"caption\":\"Raphael de Oliveira Reis\"},\"url\":\"https:\/\/www.estrategiaconcursos.com.br\/blog\/author\/profraphaelreisgmail-com\/\"}]}<\/script>\n<!-- \/ Yoast SEO Premium plugin. -->","yoast_head_json":{"title":"ENEM 2018: quest\u00f5es comentadas de Filosofia e de Sociologia","robots":{"index":"index","follow":"follow","max-snippet":"max-snippet:-1","max-image-preview":"max-image-preview:large","max-video-preview":"max-video-preview:-1"},"canonical":"https:\/\/www.estrategiaconcursos.com.br\/blog\/enem-2018-questoes-comentadas-de-filosofia-e-de-sociologia\/","og_locale":"pt_BR","og_type":"article","og_title":"ENEM 2018: quest\u00f5es comentadas de Filosofia e de Sociologia","og_description":"Estrategianos, tranquilo? Expectativa a mil para chegar o dia 18\/01? Espero que d\u00ea tudo certo e que possamos comemorar muito! Lembrem-se de me enviar um e-mail :) Sabe o que que eu fiz para voc\u00eas? A corre\u00e7\u00e3o das quest\u00f5es de Filosofia e de Sociologia da prova 2018 do ENEM! N\u00e3o sei se voc\u00eas perceberam, mas [&hellip;]","og_url":"https:\/\/www.estrategiaconcursos.com.br\/blog\/enem-2018-questoes-comentadas-de-filosofia-e-de-sociologia\/","og_site_name":"Estrat\u00e9gia Concursos","article_published_time":"2018-11-21T23:36:31+00:00","article_modified_time":"2019-04-09T19:49:27+00:00","author":"Raphael de Oliveira Reis","twitter_card":"summary_large_image","twitter_creator":"@EstratConcursos","twitter_site":"@EstratConcursos","twitter_misc":{"Escrito por":"Raphael de Oliveira Reis","Est. tempo de leitura":"1 minuto"},"schema":{"@context":"https:\/\/schema.org","@graph":[{"@type":"NewsArticle","@id":"https:\/\/www.estrategiaconcursos.com.br\/blog\/enem-2018-questoes-comentadas-de-filosofia-e-de-sociologia\/#article","isPartOf":{"@id":"https:\/\/www.estrategiaconcursos.com.br\/blog\/enem-2018-questoes-comentadas-de-filosofia-e-de-sociologia\/"},"author":{"name":"Raphael de Oliveira Reis","@id":"https:\/\/www.estrategiaconcursos.com.br\/blog\/#\/schema\/person\/b49a1a49e5ef8a9f8d3268e74404a911"},"headline":"ENEM 2018: quest\u00f5es comentadas de Filosofia e de Sociologia","datePublished":"2018-11-21T23:36:31+00:00","dateModified":"2019-04-09T19:49:27+00:00","mainEntityOfPage":{"@id":"https:\/\/www.estrategiaconcursos.com.br\/blog\/enem-2018-questoes-comentadas-de-filosofia-e-de-sociologia\/"},"wordCount":154,"commentCount":0,"publisher":{"@id":"https:\/\/www.estrategiaconcursos.com.br\/blog\/#organization"},"keywords":["curso para o ENEM","ENEM","enem 2018","gabarito ENEM 2018","Prova de Filosofia e de Sociologia comentada","quest\u00f5es de filosofia e de sociologia resolvidas"],"articleSection":["Concursos P\u00fablicos"],"inLanguage":"pt-BR","potentialAction":[{"@type":"CommentAction","name":"Comment","target":["https:\/\/www.estrategiaconcursos.com.br\/blog\/enem-2018-questoes-comentadas-de-filosofia-e-de-sociologia\/#respond"]}],"copyrightYear":"2018","copyrightHolder":{"@id":"https:\/\/www.estrategiaconcursos.com.br\/blog\/#organization"}},{"@type":"WebPage","@id":"https:\/\/www.estrategiaconcursos.com.br\/blog\/enem-2018-questoes-comentadas-de-filosofia-e-de-sociologia\/","url":"https:\/\/www.estrategiaconcursos.com.br\/blog\/enem-2018-questoes-comentadas-de-filosofia-e-de-sociologia\/","name":"ENEM 2018: quest\u00f5es comentadas de Filosofia e de Sociologia","isPartOf":{"@id":"https:\/\/www.estrategiaconcursos.com.br\/blog\/#website"},"datePublished":"2018-11-21T23:36:31+00:00","dateModified":"2019-04-09T19:49:27+00:00","breadcrumb":{"@id":"https:\/\/www.estrategiaconcursos.com.br\/blog\/enem-2018-questoes-comentadas-de-filosofia-e-de-sociologia\/#breadcrumb"},"inLanguage":"pt-BR","potentialAction":[{"@type":"ReadAction","target":["https:\/\/www.estrategiaconcursos.com.br\/blog\/enem-2018-questoes-comentadas-de-filosofia-e-de-sociologia\/"]}]},{"@type":"BreadcrumbList","@id":"https:\/\/www.estrategiaconcursos.com.br\/blog\/enem-2018-questoes-comentadas-de-filosofia-e-de-sociologia\/#breadcrumb","itemListElement":[{"@type":"ListItem","position":1,"name":"In\u00edcio","item":"https:\/\/www.estrategiaconcursos.com.br\/blog\/"},{"@type":"ListItem","position":2,"name":"ENEM 2018: quest\u00f5es comentadas de Filosofia e de Sociologia"}]},{"@type":"WebSite","@id":"https:\/\/www.estrategiaconcursos.com.br\/blog\/#website","url":"https:\/\/www.estrategiaconcursos.com.br\/blog\/","name":"Estrat\u00e9gia Concursos","description":"O blog da Estrat\u00e9gia Concursos traz not\u00edcias sobre concursos e artigos de professores oferecendo cursos para concursos (pdf + videaulas) no site.","publisher":{"@id":"https:\/\/www.estrategiaconcursos.com.br\/blog\/#organization"},"potentialAction":[{"@type":"SearchAction","target":{"@type":"EntryPoint","urlTemplate":"https:\/\/www.estrategiaconcursos.com.br\/blog\/?s={search_term_string}"},"query-input":{"@type":"PropertyValueSpecification","valueRequired":true,"valueName":"search_term_string"}}],"inLanguage":"pt-BR"},{"@type":"Organization","@id":"https:\/\/www.estrategiaconcursos.com.br\/blog\/#organization","name":"Estrat\u00e9gia Concursos","url":"https:\/\/www.estrategiaconcursos.com.br\/blog\/","logo":{"@type":"ImageObject","inLanguage":"pt-BR","@id":"https:\/\/www.estrategiaconcursos.com.br\/blog\/#\/schema\/logo\/image\/","url":"https:\/\/dhg1h5j42swfq.cloudfront.net\/2025\/06\/03203428\/logo_concursos-1.jpg","contentUrl":"https:\/\/dhg1h5j42swfq.cloudfront.net\/2025\/06\/03203428\/logo_concursos-1.jpg","width":230,"height":60,"caption":"Estrat\u00e9gia Concursos"},"image":{"@id":"https:\/\/www.estrategiaconcursos.com.br\/blog\/#\/schema\/logo\/image\/"},"sameAs":["https:\/\/x.com\/EstratConcursos"]},{"@type":"Person","@id":"https:\/\/www.estrategiaconcursos.com.br\/blog\/#\/schema\/person\/b49a1a49e5ef8a9f8d3268e74404a911","name":"Raphael de Oliveira Reis","image":{"@type":"ImageObject","inLanguage":"pt-BR","@id":"https:\/\/secure.gravatar.com\/avatar\/b1c5789180fc7bfb5103ec006c301370c02393e37aa13c55f6d72f05fcc76b3b?s=96&d=mm&r=g","url":"https:\/\/secure.gravatar.com\/avatar\/b1c5789180fc7bfb5103ec006c301370c02393e37aa13c55f6d72f05fcc76b3b?s=96&d=mm&r=g","contentUrl":"https:\/\/secure.gravatar.com\/avatar\/b1c5789180fc7bfb5103ec006c301370c02393e37aa13c55f6d72f05fcc76b3b?s=96&d=mm&r=g","caption":"Raphael de Oliveira Reis"},"url":"https:\/\/www.estrategiaconcursos.com.br\/blog\/author\/profraphaelreisgmail-com\/"}]}},"_links":{"self":[{"href":"https:\/\/www.estrategiaconcursos.com.br\/blog\/wp-json\/wp\/v2\/posts\/152262","targetHints":{"allow":["GET"]}}],"collection":[{"href":"https:\/\/www.estrategiaconcursos.com.br\/blog\/wp-json\/wp\/v2\/posts"}],"about":[{"href":"https:\/\/www.estrategiaconcursos.com.br\/blog\/wp-json\/wp\/v2\/types\/post"}],"author":[{"embeddable":true,"href":"https:\/\/www.estrategiaconcursos.com.br\/blog\/wp-json\/wp\/v2\/users\/384"}],"replies":[{"embeddable":true,"href":"https:\/\/www.estrategiaconcursos.com.br\/blog\/wp-json\/wp\/v2\/comments?post=152262"}],"version-history":[{"count":2,"href":"https:\/\/www.estrategiaconcursos.com.br\/blog\/wp-json\/wp\/v2\/posts\/152262\/revisions"}],"predecessor-version":[{"id":156146,"href":"https:\/\/www.estrategiaconcursos.com.br\/blog\/wp-json\/wp\/v2\/posts\/152262\/revisions\/156146"}],"wp:attachment":[{"href":"https:\/\/www.estrategiaconcursos.com.br\/blog\/wp-json\/wp\/v2\/media?parent=152262"}],"wp:term":[{"taxonomy":"category","embeddable":true,"href":"https:\/\/www.estrategiaconcursos.com.br\/blog\/wp-json\/wp\/v2\/categories?post=152262"},{"taxonomy":"post_tag","embeddable":true,"href":"https:\/\/www.estrategiaconcursos.com.br\/blog\/wp-json\/wp\/v2\/tags?post=152262"},{"taxonomy":"tax_estado","embeddable":true,"href":"https:\/\/www.estrategiaconcursos.com.br\/blog\/wp-json\/wp\/v2\/tax_estado?post=152262"}],"curies":[{"name":"wp","href":"https:\/\/api.w.org\/{rel}","templated":true}]}}