{"id":1517805,"date":"2025-01-19T13:59:00","date_gmt":"2025-01-19T16:59:00","guid":{"rendered":"https:\/\/www.estrategiaconcursos.com.br\/blog\/?p=1517805"},"modified":"2025-01-19T13:59:22","modified_gmt":"2025-01-19T16:59:22","slug":"gabarito-extraoficial-trf-6-analista-judiciario-administrativa","status":"publish","type":"post","link":"https:\/\/www.estrategiaconcursos.com.br\/blog\/gabarito-extraoficial-trf-6-analista-judiciario-administrativa\/","title":{"rendered":"Gabarito Extraoficial TRF 6: Analista Judici\u00e1rio &#8211; Administrativa"},"content":{"rendered":"\n<p>Neste domingo, 19 de janeiro, foram aplicadas as <strong>provas do concurso TRF 6.\u00a0<\/strong>De acordo com o edital, as avalia\u00e7\u00f5es tiveram a dura\u00e7\u00e3o de 4 horas e 30 minutos, com in\u00edcio \u00e0s 8h.<\/p>\n\n\n\n<p>Com o objetivo de ajud\u00e1-lo a diminuir um pouco a ansiedade de saber se foi bem ou n\u00e3o em um concurso t\u00e3o visado e importante,\u00a0<strong>nossos professores realizaram a corre\u00e7\u00e3o, dando o<\/strong>\u00a0<strong>gabarito extraoficial da prova do TRF 6<\/strong>.<\/p>\n\n\n\n<p>Portanto, confira, antecipadamente, seu desempenho e ainda receba dicas de recursos (se houver necessidade, claro!). Lembrando que o&nbsp;gabarito oficial preliminar ser\u00e1 publicado pelo <a href=\"https:\/\/www.cebraspe.org.br\/concursos\/TRF6_24\" target=\"_blank\" rel=\"noreferrer noopener\">Cebraspe<\/a>.<\/p>\n\n\n\n<h2 class=\"wp-block-heading\" id=\"h-correcao-e-gabarito-extraoficial-trf-6-analista-judiciario-administrativa\">Corre\u00e7\u00e3o e Gabarito Extraoficial TRF 6: Analista Judici\u00e1rio -Administrativa<\/h2>\n\n\n\n<figure class=\"wp-block-embed is-type-video is-provider-youtube wp-block-embed-youtube wp-embed-aspect-16-9 wp-has-aspect-ratio\"><div class=\"wp-block-embed__wrapper\">\n<div class=\"lyte-wrapper\" style=\"width:853px;max-width:100%;margin:5px;\"><div class=\"lyMe\" id=\"WYL_tq4fcPw4ONg\"><div id=\"lyte_tq4fcPw4ONg\" data-src=\"\/\/i.ytimg.com\/vi\/tq4fcPw4ONg\/hqdefault.jpg\" class=\"pL\"><div class=\"tC\"><div class=\"tT\"><\/div><\/div><div class=\"play\"><\/div><div class=\"ctrl\"><div class=\"Lctrl\"><\/div><div class=\"Rctrl\"><\/div><\/div><\/div><noscript><a href=\"https:\/\/youtu.be\/tq4fcPw4ONg\" rel=\"nofollow\"><img loading=\"lazy\" decoding=\"async\" src=\"https:\/\/i.ytimg.com\/vi\/tq4fcPw4ONg\/0.jpg\" alt=\"YouTube video thumbnail\" width=\"853\" height=\"460\" \/><br \/>Assista a este v\u00eddeo no YouTube<\/a><\/noscript><\/div><\/div><div class=\"lL\" style=\"max-width:100%;width:853px;margin:5px;\"><\/div>\n<\/div><\/figure>\n\n\n\n<figure class=\"wp-block-table is-style-stripes\"><table class=\"has-very-light-gray-to-cyan-bluish-gray-gradient-background has-background has-fixed-layout\"><thead><tr><th class=\"has-text-align-center\" data-align=\"center\">Disciplina<\/th><th class=\"has-text-align-center\" data-align=\"center\">Professor<\/th><\/tr><\/thead><tbody><tr><td class=\"has-text-align-center\" data-align=\"center\">Discursiva&nbsp;<\/td><td class=\"has-text-align-center\" data-align=\"center\">Rodolfo Gracioli<\/td><\/tr><tr><td class=\"has-text-align-center\" data-align=\"center\">L\u00edngua Portuguesa<\/td><td class=\"has-text-align-center\" data-align=\"center\">Adriana Figueiredo<\/td><\/tr><tr><td class=\"has-text-align-center\" data-align=\"center\">\u00c9tica no Servi\u00e7o P\u00fablico<\/td><td class=\"has-text-align-center\" data-align=\"center\">Ant\u00f4nio Daud<\/td><\/tr><tr><td class=\"has-text-align-center\" data-align=\"center\">Racioc\u00ednio Anal\u00edtico<\/td><td class=\"has-text-align-center\" data-align=\"center\">Brunno Lima<\/td><\/tr><tr><td class=\"has-text-align-center\" data-align=\"center\">No\u00e7\u00f5es de Direitos Humanos e Fundamentais e de Acessibilidade<\/td><td class=\"has-text-align-center\" data-align=\"center\">G\u00e9ssica Ehle<\/td><\/tr><tr><td class=\"has-text-align-center\" data-align=\"center\">Regimento Interno, \u00c9tica e moral e C\u00f3digo de \u00c9tica Profissional do Servi\u00e7o P\u00fablico&nbsp;<\/td><td class=\"has-text-align-center\" data-align=\"center\">Tiago Zanolla<\/td><\/tr><tr><td class=\"has-text-align-center\" data-align=\"center\">No\u00e7\u00f5es de Direito Administrativo<\/td><td class=\"has-text-align-center\" data-align=\"center\">Herbert Almeida<\/td><\/tr><tr><td class=\"has-text-align-center\" data-align=\"center\">No\u00e7\u00f5es de Direito Constitucional<\/td><td class=\"has-text-align-center\" data-align=\"center\">Adriane Fauth<\/td><\/tr><tr><td class=\"has-text-align-center\" data-align=\"center\">Administra\u00e7\u00e3o de Recursos Materiais e Patrimoniais<\/td><td class=\"has-text-align-center\" data-align=\"center\">Ricardo Campan\u00e1rio<\/td><\/tr><tr><td class=\"has-text-align-center\" data-align=\"center\">Administra\u00e7\u00e3o Geral e P\u00fablica<\/td><td class=\"has-text-align-center\" data-align=\"center\">Elisabete Moreira<\/td><\/tr><tr><td class=\"has-text-align-center\" data-align=\"center\">Finan\u00e7as P\u00fablicas<\/td><td class=\"has-text-align-center\" data-align=\"center\">Celso Natale<\/td><\/tr><tr><td class=\"has-text-align-center\" data-align=\"center\">Or\u00e7amento P\u00fablico<\/td><td class=\"has-text-align-center\" data-align=\"center\">Leandro Ravyelle<\/td><\/tr><tr><td class=\"has-text-align-center\" data-align=\"center\">Tributa\u00e7\u00e3o<\/td><td class=\"has-text-align-center\" data-align=\"center\">Fernando Mauricio<\/td><\/tr><\/tbody><\/table><\/figure>\n\n\n\n<h2 class=\"wp-block-heading\" id=\"h-gabarito-extraoficial-trf-6-analista-judiciario-area-administrativa\">Gabarito extraoficial: TRF 6 &#8211; Analista Judici\u00e1rio (\u00e1rea Administrativa)<\/h2>\n\n\n\n<p>Abaixo, voc\u00ea confere os gabaritos das quest\u00f5es corrigidas pelos nossos professores. Como existem v\u00e1rios tipos de provas, voc\u00ea pode conferindo o in\u00edcio da quest\u00e3o.<\/p>\n\n\n\n<p class=\"has-text-align-center has-very-light-gray-to-cyan-bluish-gray-gradient-background has-background\"><strong>>><a href=\"https:\/\/dhg1h5j42swfq.cloudfront.net\/2025\/01\/19131403\/prova-trf6-cebraspe.pdf\" target=\"_blank\" rel=\"noreferrer noopener nofollow\">Veja aqui o modelo de prova utilizado para a corre\u00e7\u00e3o<\/a>&lt;&lt;<\/strong><\/p>\n\n\n\n<p><strong>Quest\u00e3o 1:\u00a0<\/strong>A substitui\u00e7\u00e3o da forma verbal&#8230;<br \/><strong><em>Resposta: <\/em><\/strong>ERRADO<\/p>\n\n\n\n<p><strong>Quest\u00e3o 2:\u00a0<\/strong>A v\u00edrgula empregada ap\u00f3s a palavra&#8230;<br \/><strong><em>Resposta:<\/em><\/strong> CERTO <\/p>\n\n\n\n<p><strong>Quest\u00e3o 3:\u00a0<\/strong>O tema central do texto \u00e9 o conceito&#8230;<br \/><strong><em>Resposta:<\/em><\/strong> ERRADO<\/p>\n\n\n\n<p><strong>Quest\u00e3o 4:\u00a0<\/strong>No texto, o voc\u00e1bulo &#8220;certo&#8221;&#8230;<br \/><strong><em>Resposta:<\/em><\/strong> CERTO <\/p>\n\n\n\n<p><strong>Quest\u00e3o 5:\u00a0<\/strong>Sem preju\u00edzo da corre\u00e7\u00e3o gramatical e dos sentidos do texto, o segmento&#8230;<br \/><strong><em>Resposta:<\/em><\/strong> ERRADO<\/p>\n\n\n\n<p><strong>Quest\u00e3o 6:\u00a0<\/strong>Segundo as informa\u00e7\u00f5es do texto&#8230;<br \/><strong><em>Resposta:<\/em><\/strong> ERRADO<\/p>\n\n\n\n<p><strong>Quest\u00e3o 7:\u00a0<\/strong>No texto, a autora sugere tratar&#8230;<br \/><strong><em>Resposta:<\/em><\/strong> ERRADO<\/p>\n\n\n\n<p><strong>Quest\u00e3o 8:\u00a0<\/strong>No primeiro par\u00e1grafo, o referente da forma&#8230;<br \/><strong><em>Resposta:<\/em><\/strong> CERTO <\/p>\n\n\n\n<p><strong>Quest\u00e3o 9:\u00a0<\/strong>O texto informa que discursos de&#8230;<br \/><strong><em>Resposta:<\/em><\/strong> ERRADO*<\/p>\n\n\n\n<p><strong>Quest\u00e3o 10:\u00a0<\/strong>Sem preju\u00edzo da corre\u00e7\u00e3o gramatical e dos sentidos do texto, o trecho&#8230;<br \/><strong><em>Resposta:<\/em><\/strong> CERTO <\/p>\n\n\n\n<p><strong>Quest\u00e3o 11:\u00a0<\/strong>No trecho &#8220;em refer\u00eancia a&#8221;&#8230;<br \/><strong><em>Resposta:<\/em><\/strong> CERTO <\/p>\n\n\n\n<p><strong>Quest\u00e3o 12:\u00a0<\/strong>O emprego do presente do indicativo&#8230;<br \/><strong><em>Resposta:<\/em><\/strong> ERRADO<\/p>\n\n\n\n<p><strong>Quest\u00e3o 13:\u00a0<\/strong>A ora\u00e7\u00e3o &#8220;mas geralmente&#8230;<br \/><strong><em>Resposta:<\/em><\/strong> ERRADO<\/p>\n\n\n\n<p><strong>Quest\u00e3o 14:\u00a0<\/strong>Os termos &#8220;da desinforma\u00e7\u00e3o&#8221;&#8230;<br \/><strong><em>Resposta:<\/em><\/strong> CERTO <\/p>\n\n\n\n<p><strong>Quest\u00e3o 15:\u00a0<\/strong>O servidor p\u00fablico n\u00e3o pode participar&#8230;<br \/><strong><em>Resposta:<\/em><\/strong> ERRADO<\/p>\n\n\n\n<p><strong>Quest\u00e3o 16:\u00a0<\/strong>A a\u00e7\u00e3o disciplinar por infra\u00e7\u00e3o&#8230;<br \/><strong><em>Resposta:<\/em><\/strong> CERTO <\/p>\n\n\n\n<p><strong>Quest\u00e3o 17:\u00a0<\/strong>No processo administrativo federal, a edi\u00e7\u00e3o&#8230;<br \/><strong><em>Resposta:<\/em><\/strong> ERRADO<\/p>\n\n\n\n<p><strong>Quest\u00e3o 18:\u00a0<\/strong>No processo administrativo federal, cabe recurso&#8230;<br \/><strong><em>Resposta:<\/em><\/strong> CERTO <\/p>\n\n\n\n<p><strong>Quest\u00e3o 19:\u00a0<\/strong>A responsabilidade da pessoa jur\u00eddica&#8230;<br \/><strong><em>Resposta:<\/em><\/strong> ERRADO<\/p>\n\n\n\n<p><strong>Quest\u00e3o 20:\u00a0<\/strong>Para fins de aplica\u00e7\u00e3o da Lei&#8230;<br \/><strong><em>Resposta:<\/em><\/strong> CERTO <\/p>\n\n\n\n<p><strong>Quest\u00e3o 21:\u00a0<\/strong>Cabe \u00e0 comiss\u00e3o de \u00e9tica&#8230;<br \/><strong><em>Resposta:<\/em><\/strong> CERTO <\/p>\n\n\n\n<p><strong>Quest\u00e3o 22:\u00a0<\/strong>A configura\u00e7\u00e3o de ato&#8230;<br \/><strong><em>Resposta:<\/em><\/strong> CERTO <\/p>\n\n\n\n<p><strong>Quest\u00e3o 23:\u00a0<\/strong>O argumento a seguir \u00e9 um&#8230;<br \/><strong><em>Resposta:<\/em><\/strong> ERRADO<\/p>\n\n\n\n<p><strong>Quest\u00e3o 24:\u00a0<\/strong>No di\u00e1logo a seguir, em que A e B&#8230;<br \/><strong><em>Resposta:<\/em><\/strong> CERTO <\/p>\n\n\n\n<p><strong>Quest\u00e3o 25:\u00a0<\/strong>A argumenta\u00e7\u00e3o apresentada&#8230;<br \/><strong><em>Resposta:<\/em><\/strong> CERTO <\/p>\n\n\n\n<p><strong>Quest\u00e3o 26:\u00a0<\/strong>No texto a seguir, a conclus\u00e3o&#8230;<br \/><strong><em>Resposta:<\/em><\/strong> ERRADO<\/p>\n\n\n\n<p><strong>Quest\u00e3o 27:\u00a0<\/strong>Na l\u00edngua portuguesa, duas frases&#8230;<br \/><strong><em>Resposta:<\/em><\/strong> CERTO <\/p>\n\n\n\n<p><strong>Quest\u00e3o 28:\u00a0<\/strong>No di\u00e1logo a seguir, em que A, B e C&#8230;<br \/><strong><em>Resposta:<\/em><\/strong> CERTO <\/p>\n\n\n\n<p><strong>Quest\u00e3o 29:\u00a0<\/strong>Na pergunta &#8220;Ela continua saindo do trabalho&#8230;<br \/><strong><em>Resposta:<\/em><\/strong> CERTO <\/p>\n\n\n\n<p><strong>Quest\u00e3o 30:\u00a0<\/strong>O argumento a seguir \u00e9&#8230;<br \/><strong><em>Resposta:<\/em><\/strong> ERRADO<\/p>\n\n\n\n<p><strong>Quest\u00e3o 31:\u00a0<\/strong>S\u00e3o caracter\u00edsticas dos direitos&#8230;<br \/><strong><em>Resposta:<\/em><\/strong> CERTO <\/p>\n\n\n\n<p><strong>Quest\u00e3o 32:\u00a0<\/strong>A Agenda 2030 da ONU&#8230;<br \/><strong><em>Resposta:<\/em><\/strong> CERTO <\/p>\n\n\n\n<p><strong>Quest\u00e3o 33:\u00a0<\/strong>As chamadas gera\u00e7\u00f5es ou dimens\u00f5es&#8230;<br \/><strong><em>Resposta:<\/em><\/strong> ERRADO<\/p>\n\n\n\n<p><strong>Quest\u00e3o 34:\u00a0<\/strong>A DUDH assegura a todo ser&#8230;<br \/><strong><em>Resposta:<\/em><\/strong> CERTO <\/p>\n\n\n\n<p><strong>Quest\u00e3o 35:\u00a0<\/strong>A DUDH recha\u00e7a todas as&#8230;<br \/><strong><em>Resposta:<\/em><\/strong> ERRADO<\/p>\n\n\n\n<p><strong>Quest\u00e3o 36:\u00a0<\/strong>O dispositivo da Lei n\u00ba 10.048\/2000&#8230;<br \/><strong><em>Resposta:<\/em><\/strong> ERRADO<\/p>\n\n\n\n<p><strong>Quest\u00e3o 37:\u00a0<\/strong>O Estatuto da Pessoa com Defici\u00eancia institui&#8230;<br \/><strong><em>Resposta:<\/em><\/strong> ERRADO<\/p>\n\n\n\n<p><strong>Quest\u00e3o 38:\u00a0<\/strong>As normas gerais e os crit\u00e9rios&#8230;<br \/><strong><em>Resposta:<\/em><\/strong> CERTO <\/p>\n\n\n\n<p><strong>Quest\u00e3o 39:\u00a0<\/strong>Faculta-se \u00e0 pessoa com defici\u00eancia&#8230;<br \/><strong><em>Resposta:<\/em><\/strong> CERTO <\/p>\n\n\n\n<p><strong>Quest\u00e3o 40:\u00a0<\/strong>O Estatuto da Pessoa com Defici\u00eancia cont\u00e9m tanto&#8230;<br \/><strong><em>Resposta:<\/em><\/strong> CERTO <\/p>\n\n\n\n<p><strong>Quest\u00e3o 41:\u00a0<\/strong>O titular da relatoria, ainda que&#8230;<br \/><strong><em>Resposta:<\/em><\/strong> ERRADO<\/p>\n\n\n\n<p><strong>Quest\u00e3o 42:\u00a0<\/strong>O pedido de vista formalizado&#8230;<br \/><strong><em>Resposta:<\/em><\/strong> CERTO <\/p>\n\n\n\n<p><strong>Quest\u00e3o 43:\u00a0<\/strong>O julgamento das a\u00e7\u00f5es penais&#8230;<br \/><strong><em>Resposta:<\/em><\/strong> ERRADO<\/p>\n\n\n\n<p><strong>Quest\u00e3o 44:\u00a0<\/strong>Compete ao Plen\u00e1rio do TRF&#8230;<br \/><strong><em>Resposta:<\/em><\/strong> ERRADO<\/p>\n\n\n\n<p><strong>Quest\u00e3o 45:\u00a0<\/strong>No \u00e2mbito do TRF da 6\u00aa Regi\u00e3o, o julgamento&#8230;<br \/><strong><em>Resposta:<\/em><\/strong> CERTO <\/p>\n\n\n\n<p><strong>Quest\u00e3o 46:\u00a0<\/strong>A alega\u00e7\u00e3o de nulidade san\u00e1vel&#8230;<br \/><strong><em>Resposta:<\/em><\/strong> CERTO <\/p>\n\n\n\n<p><strong>Quest\u00e3o 47:\u00a0<\/strong>As decis\u00f5es da Presid\u00eancia do TRF&#8230;<br \/><strong><em>Resposta:<\/em><\/strong> CERTO <\/p>\n\n\n\n<p><strong>Quest\u00e3o 48:\u00a0<\/strong>As se\u00e7\u00f5es do TRF da 6\u00ba Regi\u00e3o&#8230;<br \/><strong><em>Resposta:<\/em><\/strong> CERTO <\/p>\n\n\n\n<p><strong>Quest\u00e3o 49:\u00a0<\/strong>O incidente de resolu\u00e7\u00e3o de demandas&#8230;<br \/><strong><em>Resposta:<\/em><\/strong> ERRADO<\/p>\n\n\n\n<p><strong>Quest\u00e3o 50:\u00a0<\/strong>A solicita\u00e7\u00e3o de prefer\u00eancia para&#8230;<br \/><strong><em>Resposta:<\/em><\/strong> ERRADO<\/p>\n\n\n\n<p><strong>Quest\u00e3o 51:\u00a0<\/strong>O processo licitat\u00f3rio para registro&#8230;<br \/><strong><em>Resposta:<\/em><\/strong> ERRADO<\/p>\n\n\n\n<p><strong>Quest\u00e3o 52:\u00a0<\/strong>A Lei n\u00ba 14.133\/2021 define credenciamento&#8230;<br \/><strong><em>Resposta:<\/em><\/strong> ERRADO<\/p>\n\n\n\n<p><strong>Quest\u00e3o 53:\u00a0<\/strong>O incentivo \u00e0 inova\u00e7\u00e3o e ao desenvolvimento&#8230;<br \/><strong><em>Resposta:<\/em><\/strong> CERTO <\/p>\n\n\n\n<p><strong>Quest\u00e3o 54:\u00a0<\/strong>A contrata\u00e7\u00e3o direta para a aquisi\u00e7\u00e3o&#8230;<br \/><strong><em>Resposta:<\/em><\/strong> CERTO <\/p>\n\n\n\n<p><strong>Quest\u00e3o 55:\u00a0<\/strong>A administra\u00e7\u00e3o p\u00fablica indireta&#8230;<br \/><strong><em>Resposta:<\/em><\/strong> CERTO <\/p>\n\n\n\n<p><strong>Quest\u00e3o 56:\u00a0<\/strong>Os Poderes Executivo, Legislativo e Judici\u00e1rio&#8230;<br \/><strong><em>Resposta:<\/em><\/strong> CERTO <\/p>\n\n\n\n<p><strong>Quest\u00e3o 57:\u00a0<\/strong>Segundo jurisprud\u00eancia mais recente&#8230;<br \/><strong><em>Resposta:<\/em><\/strong> ERRADO<\/p>\n\n\n\n<p><strong>Quest\u00e3o 58:\u00a0<\/strong>Os jurados convocados para o tribunal&#8230;<br \/><strong><em>Resposta:<\/em><\/strong> CERTO <\/p>\n\n\n\n<p><strong>Quest\u00e3o 59:\u00a0<\/strong>Para fins da LGPD, os dados anonimizados&#8230;<br \/><strong><em>Resposta:<\/em><\/strong> ERRADO<\/p>\n\n\n\n<p><strong>Quest\u00e3o 60:\u00a0<\/strong>No caso de indeferimento do pedido&#8230;<br \/><strong><em>Resposta:<\/em><\/strong> ERRADO<\/p>\n\n\n\n<p><strong>Quest\u00e3o 61:\u00a0<\/strong>O tratamento de dados pessoais s\u00f3 poder\u00e1&#8230;<br \/><strong><em>Resposta:<\/em><\/strong> CERTO <\/p>\n\n\n\n<p><strong>Quest\u00e3o 62:\u00a0<\/strong>Qualquer interessado poder\u00e1 apresentar&#8230;<br \/><strong><em>Resposta:<\/em><\/strong> ERRADO<\/p>\n\n\n\n<p><strong>Quest\u00e3o 63:\u00a0<\/strong>S\u00e3o fundamentos da Rep\u00fablica Federativa&#8230;<br \/><strong><em>Resposta:<\/em><\/strong> ERRADO<\/p>\n\n\n\n<p><strong>Quest\u00e3o 64:\u00a0<\/strong>A previs\u00e3o constitucional segundo&#8230;<br \/><strong><em>Resposta:<\/em><\/strong> ERRADO<\/p>\n\n\n\n<p><strong>Quest\u00e3o 65:\u00a0<\/strong>A ren\u00fancia da nacionalidade brasileira&#8230;<br \/><strong><em>Resposta:<\/em><\/strong> ERRADO<\/p>\n\n\n\n<p><strong>Quest\u00e3o 66:\u00a0<\/strong>A CF garante a livre manifesta\u00e7\u00e3o do pensamento&#8230;<br \/><strong><em>Resposta:<\/em><\/strong> CERTO <\/p>\n\n\n\n<p><strong>Quest\u00e3o 67:\u00a0<\/strong>Em caso de crime de responsabilidade&#8230;<br \/><strong><em>Resposta:<\/em><\/strong> CERTO <\/p>\n\n\n\n<p><strong>Quest\u00e3o 68:\u00a0<\/strong>No sistema constitucional&#8230;<br \/><strong><em>Resposta:<\/em><\/strong> ERRADO<\/p>\n\n\n\n<p><strong>Quest\u00e3o 69:\u00a0<\/strong>A CF pro\u00edbe que vantagens&#8230;<br \/><strong><em>Resposta:<\/em><\/strong> CERTO <\/p>\n\n\n\n<p><strong>Quest\u00e3o 70:\u00a0<\/strong>A discuss\u00e3o e a vota\u00e7\u00e3o de projeto&#8230;<br \/><strong><em>Resposta:<\/em><\/strong> ERRADO<\/p>\n\n\n\n<p><strong>Quest\u00e3o 71:\u00a0<\/strong>No exerc\u00edcio de suas atribui\u00e7\u00f5es&#8230;<br \/><strong><em>Resposta:<\/em><\/strong> CERTO <\/p>\n\n\n\n<p><strong>Quest\u00e3o 72:\u00a0<\/strong>Poder\u00e3o ser ajuizados processos&#8230;<br \/><strong><em>Resposta:<\/em><\/strong> CERTO <\/p>\n\n\n\n<p><strong>Quest\u00e3o 73:\u00a0<\/strong>As a\u00e7\u00f5es rescis\u00f3rias e as revis\u00f5es&#8230;<br \/><strong><em>Resposta:<\/em><\/strong> ERRADO<\/p>\n\n\n\n<p><strong>Quest\u00e3o 74:<\/strong> \u00c9 permitido a ju\u00edzes e membros&#8230;<br \/><strong><em>Resposta:<\/em><\/strong> ERRADO<\/p>\n\n\n\n<p><strong>Quest\u00e3o 75:\u00a0<\/strong>A indistin\u00e7\u00e3o entre bens p\u00fablicos&#8230;<br \/><strong><em>Resposta:<\/em><\/strong> CERTO <\/p>\n\n\n\n<p><strong>Quest\u00e3o 76:\u00a0<\/strong>A cultura organizacional \u00e9 composta&#8230;<br \/><strong><em>Resposta:<\/em><\/strong> ERRADO<\/p>\n\n\n\n<p><strong>Quest\u00e3o 77:\u00a0<\/strong>Sal\u00e1rio percebido, reconhecimento&#8230;<br \/><strong><em>Resposta:<\/em><\/strong> CERTO <\/p>\n\n\n\n<p><strong>Quest\u00e3o 78:\u00a0<\/strong>No Brasil, a nova administra\u00e7\u00e3o p\u00fablica&#8230;<br \/><strong><em>Resposta:<\/em><\/strong> ERRADO*<\/p>\n\n\n\n<p><strong>Quest\u00e3o 79:\u00a0<\/strong>As principais ferramentas para&#8230;<br \/><strong><em>Resposta:<\/em><\/strong> ERRADO<\/p>\n\n\n\n<p><strong>Quest\u00e3o 80:\u00a0<\/strong>Objetivos t\u00e1ticos s\u00e3o hierarquicamente&#8230;<br \/><strong><em>Resposta:<\/em><\/strong> ERRADO<\/p>\n\n\n\n<p><strong>Quest\u00e3o 81:\u00a0<\/strong>Na tomada de decis\u00f5es, deve-se&#8230;<br \/><strong><em>Resposta:<\/em><\/strong> ERRADO<\/p>\n\n\n\n<p><strong>Quest\u00e3o 82:\u00a0<\/strong>Na departamentaliza\u00e7\u00e3o por projetos&#8230;<br \/><strong><em>Resposta:<\/em><\/strong> CERTO <\/p>\n\n\n\n<p><strong>Quest\u00e3o 83:\u00a0<\/strong>No processo decis\u00f3rio, a racionalidade&#8230;<br \/><strong><em>Resposta:<\/em><\/strong> CERTO <\/p>\n\n\n\n<p><strong>Quest\u00e3o 84:\u00a0<\/strong>A gest\u00e3o de projetos envolve atividades&#8230;<br \/><strong><em>Resposta:<\/em><\/strong> ERRADO<\/p>\n\n\n\n<p><strong>Quest\u00e3o 85:\u00a0<\/strong>Na gest\u00e3o de projetos, os entreg\u00e1veis&#8230;<br \/><strong><em>Resposta:<\/em><\/strong> ERRADO<\/p>\n\n\n\n<p><strong>Quest\u00e3o 86:\u00a0<\/strong>A gest\u00e3o por processos gerencia&#8230;<br \/><strong><em>Resposta:<\/em><\/strong> CERTO <\/p>\n\n\n\n<p><strong>Quest\u00e3o 87:\u00a0<\/strong>Na gest\u00e3o patrimonial, consideram-se&#8230;<br \/><strong><em>Resposta:<\/em><\/strong> ERRADO<\/p>\n\n\n\n<p><strong>Quest\u00e3o 88:\u00a0<\/strong>As atividades b\u00e1sicas de administra\u00e7\u00e3o&#8230;<br \/><strong><em>Resposta:<\/em><\/strong> CERTO <\/p>\n\n\n\n<p><strong>Quest\u00e3o 89:\u00a0<\/strong>A quantidade de determinado produto&#8230;<br \/><strong><em>Resposta:<\/em><\/strong> CERTO <\/p>\n\n\n\n<p><strong>Quest\u00e3o 90:<\/strong> A atribui\u00e7\u00e3o de um c\u00f3digo aos&#8230;<br \/><strong><em>Resposta:<\/em><\/strong> CERTO <\/p>\n\n\n\n<p><strong>Quest\u00e3o 91:\u00a0<\/strong>A principal finalidade do setor de administra\u00e7\u00e3o&#8230;<br \/><strong><em>Resposta:<\/em><\/strong> ERRADO<\/p>\n\n\n\n<p><strong>Quest\u00e3o 92:\u00a0<\/strong>O invent\u00e1rio consiste na constata\u00e7\u00e3o&#8230;<br \/><strong><em>Resposta:<\/em><\/strong> ERRADO<\/p>\n\n\n\n<p><strong>Quest\u00e3o 93:\u00a0<\/strong>O setor de compras \u00e9 um subsistema&#8230;<br \/><strong><em>Resposta:<\/em><\/strong> CERTO <\/p>\n\n\n\n<p><strong>Quest\u00e3o 94:\u00a0<\/strong>O invent\u00e1rio geral, considerado&#8230;<br \/><strong><em>Resposta:<\/em><\/strong> ERRADO<\/p>\n\n\n\n<p><strong>Quest\u00e3o 95:\u00a0<\/strong>Entre as atribui\u00e7\u00f5es do setor de compras&#8230;<br \/><strong><em>Resposta:<\/em><\/strong> CERTO <\/p>\n\n\n\n<p><strong>Quest\u00e3o 96:\u00a0<\/strong>O gr\u00e1fico denominado dente de serra&#8230;<br \/><strong><em>Resposta:<\/em><\/strong> CERTO <\/p>\n\n\n\n<p><strong>Quest\u00e3o 97:\u00a0<\/strong>Siglas como PEPS, UEPS, PP, LEC&#8230;<br \/><strong><em>Resposta:<\/em><\/strong> CERTO <\/p>\n\n\n\n<p><strong>Quest\u00e3o 98:\u00a0<\/strong>Na an\u00e1lise da curva ABC aplicada&#8230;<br \/><strong><em>Resposta:<\/em><\/strong> ERRADO<\/p>\n\n\n\n<p><strong>Quest\u00e3o 99:\u00a0<\/strong>A express\u00e3o monet\u00e1ria&#8230;<br \/><strong><em>Resposta:<\/em><\/strong> ERRADO<\/p>\n\n\n\n<p><strong>Quest\u00e3o 100:\u00a0<\/strong>No or\u00e7amento cl\u00e1ssico ou tradicional&#8230;<br \/><strong><em>Resposta:<\/em><\/strong> CERTO <\/p>\n\n\n\n<p><strong>Quest\u00e3o 101:\u00a0<\/strong>A necessidade de classifica\u00e7\u00e3o&#8230;<br \/><strong><em>Resposta:<\/em><\/strong> CERTO <\/p>\n\n\n\n<p><strong>Quest\u00e3o 102:\u00a0<\/strong>O fato de o projeto de lei or\u00e7ament\u00e1ria&#8230;<br \/><strong><em>Resposta:<\/em><\/strong> ERRADO<\/p>\n\n\n\n<p><strong>Quest\u00e3o 103:\u00a0<\/strong>Os objetivos e metas da administra\u00e7\u00e3o p\u00fablica&#8230;<br \/><strong><em>Resposta:<\/em><\/strong> ERRADO<\/p>\n\n\n\n<p><strong>Quest\u00e3o 104:\u00a0<\/strong>A compatibilidade da programa\u00e7\u00e3o&#8230;<br \/><strong><em>Resposta:<\/em><\/strong> CERTO <\/p>\n\n\n\n<p><strong>Quest\u00e3o 105:\u00a0<\/strong>Quando houver descumprimento de alguma&#8230;<br \/><strong><em>Resposta:<\/em><\/strong> CERTO <\/p>\n\n\n\n<p><strong>Quest\u00e3o 106:\u00a0<\/strong>As metas de pol\u00edcia fiscal devem&#8230;<br \/><strong><em>Resposta:<\/em><\/strong> CERTO <\/p>\n\n\n\n<p><strong>Quest\u00e3o 107:\u00a0<\/strong>A classifica\u00e7\u00e3o por esfera or\u00e7ament\u00e1ria permite&#8230;<br \/><strong><em>Resposta:<\/em><\/strong> CERTO <\/p>\n\n\n\n<p><strong>Quest\u00e3o 108:\u00a0<\/strong>Tanto as receitas or\u00e7ament\u00e1rias&#8230;<br \/><strong><em>Resposta:<\/em><\/strong> ERRADO<\/p>\n\n\n\n<p><strong>Quest\u00e3o 109:\u00a0<\/strong>A anula\u00e7\u00e3o de dota\u00e7\u00f5es or\u00e7ament\u00e1rias&#8230;<br \/><strong><em>Resposta:<\/em><\/strong> ERRADO<\/p>\n\n\n\n<p><strong>Quest\u00e3o 110:\u00a0<\/strong>As falhas de previsibilidade no&#8230;<br \/><strong><em>Resposta:<\/em><\/strong> ERRADO<\/p>\n\n\n\n<p><strong>Quest\u00e3o 111:\u00a0<\/strong>S\u00e3o fun\u00e7\u00f5es do Estado as pol\u00edticas&#8230;<br \/><strong><em>Resposta:<\/em><\/strong> ERRADO<\/p>\n\n\n\n<p><strong>Quest\u00e3o 112:\u00a0<\/strong>A interven\u00e7\u00e3o do Estado na economia&#8230;<br \/><strong><em>Resposta:<\/em><\/strong> ERRADO<\/p>\n\n\n\n<p><strong>Quest\u00e3o 113:\u00a0<\/strong>Os bens p\u00fablicos, cujo consumo&#8230;<br \/><strong><em>Resposta:<\/em><\/strong> CERTO <\/p>\n\n\n\n<p><strong>Quest\u00e3o 114:\u00a0<\/strong>A equidade tribut\u00e1ria pode ser alcan\u00e7ada&#8230;<br \/><strong><em>Resposta:<\/em><\/strong> ERRADO*<\/p>\n\n\n\n<p><strong>Quest\u00e3o 115:\u00a0<\/strong>Os tributos diretos s\u00e3o aqueles que&#8230;<br \/><strong><em>Resposta:<\/em><\/strong> ERRADO*<\/p>\n\n\n\n<p><strong>Quest\u00e3o 116:\u00a0<\/strong>Os tributos sobre o consumo de bens&#8230;<br \/><strong><em>Resposta:<\/em><\/strong> ERRADO<\/p>\n\n\n\n<p><strong>Quest\u00e3o 117:\u00a0<\/strong>O federalismo fiscal, que consiste&#8230;<br \/><strong><em>Resposta:<\/em><\/strong> ERRADO<\/p>\n\n\n\n<p><strong>Quest\u00e3o 118:\u00a0<\/strong>A varia\u00e7\u00e3o da d\u00edvida l\u00edquida&#8230;<br \/><strong><em>Resposta:<\/em><\/strong> CERTO <\/p>\n\n\n\n<p><strong>Quest\u00e3o 119:\u00a0<\/strong>Para fins de financiamento do d\u00e9ficit&#8230;<br \/><strong><em>Resposta:<\/em><\/strong> CERTO <\/p>\n\n\n\n<p><strong>Quest\u00e3o 120:\u00a0<\/strong>No resultado prim\u00e1rio das contas&#8230;<br \/><strong><em>Resposta:<\/em><\/strong> ERRADO<\/p>\n\n\n\n<p><\/p>\n\n\n\n<h2 class=\"wp-block-heading has-text-align-center has-very-light-gray-to-cyan-bluish-gray-gradient-background has-background has-medium-font-size\" id=\"h-saiba-mais-concurso-trf-6-mg\">Saiba mais: <a href=\"https:\/\/www.estrategiaconcursos.com.br\/blog\/concurso-trf-6\/\" target=\"_blank\" rel=\"noreferrer noopener\">Concurso TRF 6 MG<\/a><\/h2>\n\n\n\n<hr class=\"wp-block-separator has-alpha-channel-opacity\"\/>\n\n\n\n<h2 class=\"wp-block-heading has-text-align-center\" id=\"h-quer-saber-tudo-sobre-concursos-previstos-confira-nossos-artigos\">Quer saber tudo sobre concursos previstos?<br \/>Confira nossos artigos!<\/h2>\n\n\n\n<ul class=\"wp-block-list\">\n<li><a href=\"https:\/\/www.estrategiaconcursos.com.br\/blog\/concursos-abertos\/\" target=\"_blank\" rel=\"noreferrer noopener\">Concursos abertos<\/a><\/li>\n\n\n\n<li><a href=\"https:\/\/www.estrategiaconcursos.com.br\/blog\/concursos-tribunais\/\">Concursos tribunais<\/a><\/li>\n\n\n\n<li><a href=\"https:\/\/www.estrategiaconcursos.com.br\/blog\/concursos-2025\/\">Concursos 2025<\/a><\/li>\n<\/ul>\n\n\n\n<h2 class=\"wp-block-heading has-text-align-center\" id=\"curso\"><em>Como estudar para o concurso TRF 6?<\/em><\/h2>\n\n\n\n<div class=\"container\" id=\"boxes\">\n  <div class=\"row\">\n\n    <div class=\"col-sm\">\n      <div class=\"banner-tribunal\" id=\"box-assinatura\">\n        <h3 class=\"titulo-assinatura\">Curso TRF6<\/h3>\n        <p class=\"subtitulo-assinatura\">Conhe\u00e7a os cursos<\/p>\n        <div class=\"box-botao\">\n          <a class=\"btn-assinatura\" target=\"_blank\" href=\"https:\/\/www.estrategiaconcursos.com.br\/cursosPorConcurso\/trf-6-regiao-minas-gerais\/\" role=\"button\" rel=\"noopener noreferrer\">Conhe\u00e7a mais<\/a>\n        <\/div>\n      <\/div>\n      <p class=\"texto-auxiliar\">Prepare-se com o melhor material e com quem mais aprova em Concursos P\u00fablicos em todo o pa\u00eds.<\/p>\n    <\/div>\n\n  <\/div>\n<\/div>\n\n\n\n<div class=\"container\" id=\"boxes\">\n  <div class=\"row\">\n\n    <div class=\"col-sm\">\n      <div class=\"estrategia\" id=\"box-assinatura\">\n        <h3 class=\"titulo-assinatura\">Assinatura de Concursos<\/h3>\n        <p class=\"subtitulo-assinatura\">Assinatura de 1 ano ou 2 anos<\/p>\n        <div class=\"box-botao\">\n          <a class=\"btn-assinatura\" target=\"_blank\" href=\"https:\/\/www.estrategiaconcursos.com.br\/assinaturas\/\" role=\"button\" rel=\"noopener noreferrer\">ASSINE AGORA<\/a>\n        <\/div>\n      <\/div>\n     \n    <\/div><\/div><\/div>\n","protected":false},"excerpt":{"rendered":"<p>Neste domingo, 19 de janeiro, foram aplicadas as provas do concurso TRF 6.\u00a0De acordo com o edital, as avalia\u00e7\u00f5es tiveram a dura\u00e7\u00e3o de 4 horas e 30 minutos, com in\u00edcio \u00e0s 8h. Com o objetivo de ajud\u00e1-lo a diminuir um pouco a ansiedade de saber se foi bem ou n\u00e3o em um concurso t\u00e3o visado [&hellip;]<\/p>\n","protected":false},"author":1206,"featured_media":1518725,"comment_status":"open","ping_status":"closed","sticky":false,"template":"","format":"standard","meta":{"post_tipo":"news","footnotes":""},"categories":[1984,220219],"tags":[],"tax_estado":[219974],"class_list":["post-1517805","post","type-post","status-publish","format-standard","has-post-thumbnail","hentry","category-tribunais","category-noticias","tax_estado-mg"],"acf":[],"yoast_head":"<!-- This site is optimized with the Yoast SEO Premium plugin v27.2 (Yoast SEO v27.2) - https:\/\/yoast.com\/product\/yoast-seo-premium-wordpress\/ -->\n<title>Gabarito Extraoficial TRF 6: Analista Judici\u00e1rio - Administrativa<\/title>\n<meta name=\"description\" content=\"Neste domingo, 19 de janeiro, s\u00e3o aplicadas as provas do concurso TRF 6. Acompanhe a corre\u00e7\u00e3o e o gabarito extraoficial!\" \/>\n<meta name=\"robots\" content=\"index, follow, max-snippet:-1, max-image-preview:large, max-video-preview:-1\" \/>\n<link rel=\"canonical\" href=\"https:\/\/www.estrategiaconcursos.com.br\/blog\/gabarito-extraoficial-trf-6-analista-judiciario-administrativa\/\" \/>\n<meta property=\"og:locale\" content=\"pt_BR\" \/>\n<meta property=\"og:type\" content=\"article\" \/>\n<meta property=\"og:title\" content=\"Gabarito Extraoficial TRF 6: Analista Judici\u00e1rio - Administrativa\" \/>\n<meta property=\"og:description\" content=\"Neste domingo, 19 de janeiro, s\u00e3o aplicadas as provas do concurso TRF 6. Acompanhe a corre\u00e7\u00e3o e o gabarito extraoficial!\" \/>\n<meta property=\"og:url\" content=\"https:\/\/www.estrategiaconcursos.com.br\/blog\/gabarito-extraoficial-trf-6-analista-judiciario-administrativa\/\" \/>\n<meta property=\"og:site_name\" content=\"Estrat\u00e9gia Concursos\" \/>\n<meta property=\"article:published_time\" content=\"2025-01-19T16:59:00+00:00\" \/>\n<meta property=\"article:modified_time\" content=\"2025-01-19T16:59:22+00:00\" \/>\n<meta property=\"og:image\" content=\"https:\/\/dhg1h5j42swfq.cloudfront.net\/2025\/01\/17172824\/ytbtrf6.jpg\" \/>\n\t<meta property=\"og:image:width\" content=\"1280\" \/>\n\t<meta property=\"og:image:height\" content=\"720\" \/>\n\t<meta property=\"og:image:type\" content=\"image\/jpeg\" \/>\n<meta name=\"author\" content=\"Bruna de Andrade Fran\u00e7a\" \/>\n<meta name=\"twitter:card\" content=\"summary_large_image\" \/>\n<meta name=\"twitter:creator\" content=\"@EstratConcursos\" \/>\n<meta name=\"twitter:site\" content=\"@EstratConcursos\" \/>\n<meta name=\"twitter:label1\" content=\"Escrito por\" \/>\n\t<meta name=\"twitter:data1\" content=\"Bruna de Andrade Fran\u00e7a\" \/>\n\t<meta name=\"twitter:label2\" content=\"Est. tempo de leitura\" \/>\n\t<meta name=\"twitter:data2\" content=\"8 minutos\" \/>\n<script type=\"application\/ld+json\" class=\"yoast-schema-graph\">{\"@context\":\"https:\/\/schema.org\",\"@graph\":[{\"@type\":\"NewsArticle\",\"@id\":\"https:\/\/www.estrategiaconcursos.com.br\/blog\/gabarito-extraoficial-trf-6-analista-judiciario-administrativa\/#article\",\"isPartOf\":{\"@id\":\"https:\/\/www.estrategiaconcursos.com.br\/blog\/gabarito-extraoficial-trf-6-analista-judiciario-administrativa\/\"},\"author\":{\"name\":\"Bruna de Andrade Fran\u00e7a\",\"@id\":\"https:\/\/www.estrategiaconcursos.com.br\/blog\/#\/schema\/person\/6630f91134abc08115cca62ce6372855\"},\"headline\":\"Gabarito Extraoficial TRF 6: Analista Judici\u00e1rio &#8211; Administrativa\",\"datePublished\":\"2025-01-19T16:59:00+00:00\",\"dateModified\":\"2025-01-19T16:59:22+00:00\",\"mainEntityOfPage\":{\"@id\":\"https:\/\/www.estrategiaconcursos.com.br\/blog\/gabarito-extraoficial-trf-6-analista-judiciario-administrativa\/\"},\"wordCount\":1620,\"commentCount\":0,\"publisher\":{\"@id\":\"https:\/\/www.estrategiaconcursos.com.br\/blog\/#organization\"},\"image\":{\"@id\":\"https:\/\/www.estrategiaconcursos.com.br\/blog\/gabarito-extraoficial-trf-6-analista-judiciario-administrativa\/#primaryimage\"},\"thumbnailUrl\":\"https:\/\/dhg1h5j42swfq.cloudfront.net\/2025\/01\/17172824\/ytbtrf6.jpg\",\"articleSection\":[\"Tribunais\",\"\u00daltimas not\u00edcias\"],\"inLanguage\":\"pt-BR\",\"potentialAction\":[{\"@type\":\"CommentAction\",\"name\":\"Comment\",\"target\":[\"https:\/\/www.estrategiaconcursos.com.br\/blog\/gabarito-extraoficial-trf-6-analista-judiciario-administrativa\/#respond\"]}],\"copyrightYear\":\"2025\",\"copyrightHolder\":{\"@id\":\"https:\/\/www.estrategiaconcursos.com.br\/blog\/#organization\"}},{\"@type\":\"WebPage\",\"@id\":\"https:\/\/www.estrategiaconcursos.com.br\/blog\/gabarito-extraoficial-trf-6-analista-judiciario-administrativa\/\",\"url\":\"https:\/\/www.estrategiaconcursos.com.br\/blog\/gabarito-extraoficial-trf-6-analista-judiciario-administrativa\/\",\"name\":\"Gabarito Extraoficial TRF 6: Analista Judici\u00e1rio - Administrativa\",\"isPartOf\":{\"@id\":\"https:\/\/www.estrategiaconcursos.com.br\/blog\/#website\"},\"primaryImageOfPage\":{\"@id\":\"https:\/\/www.estrategiaconcursos.com.br\/blog\/gabarito-extraoficial-trf-6-analista-judiciario-administrativa\/#primaryimage\"},\"image\":{\"@id\":\"https:\/\/www.estrategiaconcursos.com.br\/blog\/gabarito-extraoficial-trf-6-analista-judiciario-administrativa\/#primaryimage\"},\"thumbnailUrl\":\"https:\/\/dhg1h5j42swfq.cloudfront.net\/2025\/01\/17172824\/ytbtrf6.jpg\",\"datePublished\":\"2025-01-19T16:59:00+00:00\",\"dateModified\":\"2025-01-19T16:59:22+00:00\",\"description\":\"Neste domingo, 19 de janeiro, s\u00e3o aplicadas as provas do concurso TRF 6. Acompanhe a corre\u00e7\u00e3o e o gabarito extraoficial!\",\"breadcrumb\":{\"@id\":\"https:\/\/www.estrategiaconcursos.com.br\/blog\/gabarito-extraoficial-trf-6-analista-judiciario-administrativa\/#breadcrumb\"},\"inLanguage\":\"pt-BR\",\"potentialAction\":[{\"@type\":\"ReadAction\",\"target\":[\"https:\/\/www.estrategiaconcursos.com.br\/blog\/gabarito-extraoficial-trf-6-analista-judiciario-administrativa\/\"]}]},{\"@type\":\"ImageObject\",\"inLanguage\":\"pt-BR\",\"@id\":\"https:\/\/www.estrategiaconcursos.com.br\/blog\/gabarito-extraoficial-trf-6-analista-judiciario-administrativa\/#primaryimage\",\"url\":\"https:\/\/dhg1h5j42swfq.cloudfront.net\/2025\/01\/17172824\/ytbtrf6.jpg\",\"contentUrl\":\"https:\/\/dhg1h5j42swfq.cloudfront.net\/2025\/01\/17172824\/ytbtrf6.jpg\",\"width\":1280,\"height\":720,\"caption\":\"Gabarito Extraoficial TRF 6: Analista Judici\u00e1rio - Administrativa\"},{\"@type\":\"BreadcrumbList\",\"@id\":\"https:\/\/www.estrategiaconcursos.com.br\/blog\/gabarito-extraoficial-trf-6-analista-judiciario-administrativa\/#breadcrumb\",\"itemListElement\":[{\"@type\":\"ListItem\",\"position\":1,\"name\":\"In\u00edcio\",\"item\":\"https:\/\/www.estrategiaconcursos.com.br\/blog\/\"},{\"@type\":\"ListItem\",\"position\":2,\"name\":\"Gabarito Extraoficial TRF 6: Analista Judici\u00e1rio &#8211; Administrativa\"}]},{\"@type\":\"WebSite\",\"@id\":\"https:\/\/www.estrategiaconcursos.com.br\/blog\/#website\",\"url\":\"https:\/\/www.estrategiaconcursos.com.br\/blog\/\",\"name\":\"Estrat\u00e9gia Concursos\",\"description\":\"O blog da Estrat\u00e9gia Concursos traz not\u00edcias sobre concursos e artigos de professores oferecendo cursos para concursos (pdf + videaulas) no site.\",\"publisher\":{\"@id\":\"https:\/\/www.estrategiaconcursos.com.br\/blog\/#organization\"},\"potentialAction\":[{\"@type\":\"SearchAction\",\"target\":{\"@type\":\"EntryPoint\",\"urlTemplate\":\"https:\/\/www.estrategiaconcursos.com.br\/blog\/?s={search_term_string}\"},\"query-input\":{\"@type\":\"PropertyValueSpecification\",\"valueRequired\":true,\"valueName\":\"search_term_string\"}}],\"inLanguage\":\"pt-BR\"},{\"@type\":\"Organization\",\"@id\":\"https:\/\/www.estrategiaconcursos.com.br\/blog\/#organization\",\"name\":\"Estrat\u00e9gia Concursos\",\"url\":\"https:\/\/www.estrategiaconcursos.com.br\/blog\/\",\"logo\":{\"@type\":\"ImageObject\",\"inLanguage\":\"pt-BR\",\"@id\":\"https:\/\/www.estrategiaconcursos.com.br\/blog\/#\/schema\/logo\/image\/\",\"url\":\"https:\/\/dhg1h5j42swfq.cloudfront.net\/2025\/06\/03203428\/logo_concursos-1.jpg\",\"contentUrl\":\"https:\/\/dhg1h5j42swfq.cloudfront.net\/2025\/06\/03203428\/logo_concursos-1.jpg\",\"width\":230,\"height\":60,\"caption\":\"Estrat\u00e9gia Concursos\"},\"image\":{\"@id\":\"https:\/\/www.estrategiaconcursos.com.br\/blog\/#\/schema\/logo\/image\/\"},\"sameAs\":[\"https:\/\/x.com\/EstratConcursos\"]},{\"@type\":\"Person\",\"@id\":\"https:\/\/www.estrategiaconcursos.com.br\/blog\/#\/schema\/person\/6630f91134abc08115cca62ce6372855\",\"name\":\"Bruna de Andrade Fran\u00e7a\",\"image\":{\"@type\":\"ImageObject\",\"inLanguage\":\"pt-BR\",\"@id\":\"https:\/\/secure.gravatar.com\/avatar\/d6316d36d50cea0fadae28ed3015b8870cc90a2d3d8a95c37b44006af36a00e3?s=96&d=mm&r=g\",\"url\":\"https:\/\/secure.gravatar.com\/avatar\/d6316d36d50cea0fadae28ed3015b8870cc90a2d3d8a95c37b44006af36a00e3?s=96&d=mm&r=g\",\"contentUrl\":\"https:\/\/secure.gravatar.com\/avatar\/d6316d36d50cea0fadae28ed3015b8870cc90a2d3d8a95c37b44006af36a00e3?s=96&d=mm&r=g\",\"caption\":\"Bruna de Andrade Fran\u00e7a\"},\"description\":\"Bruna de Andrade Fran\u00e7a \u00e9 publicit\u00e1ria com p\u00f3s-gradua\u00e7\u00e3o em Marketing &amp; Growth, atuando h\u00e1 mais de 6 anos no universo dos concursos p\u00fablicos. Desde 2021, lidera no Blog do Estrat\u00e9gia Concursos a cobertura editorial especializada em Concursos Policiais (PF, PRF, PM, PC, etc.), al\u00e9m das frentes de concursos banc\u00e1rios, de sa\u00fade e da \u00e1rea legislativa. Especialista em reda\u00e7\u00e3o, com pr\u00e1ticas de SEO e Copywriting, possui tamb\u00e9m atua\u00e7\u00e3o pr\u00e1tica de contato direto com \u00f3rg\u00e3os p\u00fablicos respons\u00e1veis por editais, permitindo acesso antecipado a informa\u00e7\u00f5es, desdobramentos importantes e atualiza\u00e7\u00e3o eficiente dos concursos p\u00fablicos.\",\"url\":\"https:\/\/www.estrategiaconcursos.com.br\/blog\/author\/bruna-andrade\/\"}]}<\/script>\n<!-- \/ Yoast SEO Premium plugin. -->","yoast_head_json":{"title":"Gabarito Extraoficial TRF 6: Analista Judici\u00e1rio - Administrativa","description":"Neste domingo, 19 de janeiro, s\u00e3o aplicadas as provas do concurso TRF 6. Acompanhe a corre\u00e7\u00e3o e o gabarito extraoficial!","robots":{"index":"index","follow":"follow","max-snippet":"max-snippet:-1","max-image-preview":"max-image-preview:large","max-video-preview":"max-video-preview:-1"},"canonical":"https:\/\/www.estrategiaconcursos.com.br\/blog\/gabarito-extraoficial-trf-6-analista-judiciario-administrativa\/","og_locale":"pt_BR","og_type":"article","og_title":"Gabarito Extraoficial TRF 6: Analista Judici\u00e1rio - Administrativa","og_description":"Neste domingo, 19 de janeiro, s\u00e3o aplicadas as provas do concurso TRF 6. Acompanhe a corre\u00e7\u00e3o e o gabarito extraoficial!","og_url":"https:\/\/www.estrategiaconcursos.com.br\/blog\/gabarito-extraoficial-trf-6-analista-judiciario-administrativa\/","og_site_name":"Estrat\u00e9gia Concursos","article_published_time":"2025-01-19T16:59:00+00:00","article_modified_time":"2025-01-19T16:59:22+00:00","og_image":[{"width":1280,"height":720,"url":"https:\/\/dhg1h5j42swfq.cloudfront.net\/2025\/01\/17172824\/ytbtrf6.jpg","type":"image\/jpeg"}],"author":"Bruna de Andrade Fran\u00e7a","twitter_card":"summary_large_image","twitter_creator":"@EstratConcursos","twitter_site":"@EstratConcursos","twitter_misc":{"Escrito por":"Bruna de Andrade Fran\u00e7a","Est. tempo de leitura":"8 minutos"},"schema":{"@context":"https:\/\/schema.org","@graph":[{"@type":"NewsArticle","@id":"https:\/\/www.estrategiaconcursos.com.br\/blog\/gabarito-extraoficial-trf-6-analista-judiciario-administrativa\/#article","isPartOf":{"@id":"https:\/\/www.estrategiaconcursos.com.br\/blog\/gabarito-extraoficial-trf-6-analista-judiciario-administrativa\/"},"author":{"name":"Bruna de Andrade Fran\u00e7a","@id":"https:\/\/www.estrategiaconcursos.com.br\/blog\/#\/schema\/person\/6630f91134abc08115cca62ce6372855"},"headline":"Gabarito Extraoficial TRF 6: Analista Judici\u00e1rio &#8211; Administrativa","datePublished":"2025-01-19T16:59:00+00:00","dateModified":"2025-01-19T16:59:22+00:00","mainEntityOfPage":{"@id":"https:\/\/www.estrategiaconcursos.com.br\/blog\/gabarito-extraoficial-trf-6-analista-judiciario-administrativa\/"},"wordCount":1620,"commentCount":0,"publisher":{"@id":"https:\/\/www.estrategiaconcursos.com.br\/blog\/#organization"},"image":{"@id":"https:\/\/www.estrategiaconcursos.com.br\/blog\/gabarito-extraoficial-trf-6-analista-judiciario-administrativa\/#primaryimage"},"thumbnailUrl":"https:\/\/dhg1h5j42swfq.cloudfront.net\/2025\/01\/17172824\/ytbtrf6.jpg","articleSection":["Tribunais","\u00daltimas not\u00edcias"],"inLanguage":"pt-BR","potentialAction":[{"@type":"CommentAction","name":"Comment","target":["https:\/\/www.estrategiaconcursos.com.br\/blog\/gabarito-extraoficial-trf-6-analista-judiciario-administrativa\/#respond"]}],"copyrightYear":"2025","copyrightHolder":{"@id":"https:\/\/www.estrategiaconcursos.com.br\/blog\/#organization"}},{"@type":"WebPage","@id":"https:\/\/www.estrategiaconcursos.com.br\/blog\/gabarito-extraoficial-trf-6-analista-judiciario-administrativa\/","url":"https:\/\/www.estrategiaconcursos.com.br\/blog\/gabarito-extraoficial-trf-6-analista-judiciario-administrativa\/","name":"Gabarito Extraoficial TRF 6: Analista Judici\u00e1rio - Administrativa","isPartOf":{"@id":"https:\/\/www.estrategiaconcursos.com.br\/blog\/#website"},"primaryImageOfPage":{"@id":"https:\/\/www.estrategiaconcursos.com.br\/blog\/gabarito-extraoficial-trf-6-analista-judiciario-administrativa\/#primaryimage"},"image":{"@id":"https:\/\/www.estrategiaconcursos.com.br\/blog\/gabarito-extraoficial-trf-6-analista-judiciario-administrativa\/#primaryimage"},"thumbnailUrl":"https:\/\/dhg1h5j42swfq.cloudfront.net\/2025\/01\/17172824\/ytbtrf6.jpg","datePublished":"2025-01-19T16:59:00+00:00","dateModified":"2025-01-19T16:59:22+00:00","description":"Neste domingo, 19 de janeiro, s\u00e3o aplicadas as provas do concurso TRF 6. Acompanhe a corre\u00e7\u00e3o e o gabarito extraoficial!","breadcrumb":{"@id":"https:\/\/www.estrategiaconcursos.com.br\/blog\/gabarito-extraoficial-trf-6-analista-judiciario-administrativa\/#breadcrumb"},"inLanguage":"pt-BR","potentialAction":[{"@type":"ReadAction","target":["https:\/\/www.estrategiaconcursos.com.br\/blog\/gabarito-extraoficial-trf-6-analista-judiciario-administrativa\/"]}]},{"@type":"ImageObject","inLanguage":"pt-BR","@id":"https:\/\/www.estrategiaconcursos.com.br\/blog\/gabarito-extraoficial-trf-6-analista-judiciario-administrativa\/#primaryimage","url":"https:\/\/dhg1h5j42swfq.cloudfront.net\/2025\/01\/17172824\/ytbtrf6.jpg","contentUrl":"https:\/\/dhg1h5j42swfq.cloudfront.net\/2025\/01\/17172824\/ytbtrf6.jpg","width":1280,"height":720,"caption":"Gabarito Extraoficial TRF 6: Analista Judici\u00e1rio - Administrativa"},{"@type":"BreadcrumbList","@id":"https:\/\/www.estrategiaconcursos.com.br\/blog\/gabarito-extraoficial-trf-6-analista-judiciario-administrativa\/#breadcrumb","itemListElement":[{"@type":"ListItem","position":1,"name":"In\u00edcio","item":"https:\/\/www.estrategiaconcursos.com.br\/blog\/"},{"@type":"ListItem","position":2,"name":"Gabarito Extraoficial TRF 6: Analista Judici\u00e1rio &#8211; Administrativa"}]},{"@type":"WebSite","@id":"https:\/\/www.estrategiaconcursos.com.br\/blog\/#website","url":"https:\/\/www.estrategiaconcursos.com.br\/blog\/","name":"Estrat\u00e9gia Concursos","description":"O blog da Estrat\u00e9gia Concursos traz not\u00edcias sobre concursos e artigos de professores oferecendo cursos para concursos (pdf + videaulas) no site.","publisher":{"@id":"https:\/\/www.estrategiaconcursos.com.br\/blog\/#organization"},"potentialAction":[{"@type":"SearchAction","target":{"@type":"EntryPoint","urlTemplate":"https:\/\/www.estrategiaconcursos.com.br\/blog\/?s={search_term_string}"},"query-input":{"@type":"PropertyValueSpecification","valueRequired":true,"valueName":"search_term_string"}}],"inLanguage":"pt-BR"},{"@type":"Organization","@id":"https:\/\/www.estrategiaconcursos.com.br\/blog\/#organization","name":"Estrat\u00e9gia Concursos","url":"https:\/\/www.estrategiaconcursos.com.br\/blog\/","logo":{"@type":"ImageObject","inLanguage":"pt-BR","@id":"https:\/\/www.estrategiaconcursos.com.br\/blog\/#\/schema\/logo\/image\/","url":"https:\/\/dhg1h5j42swfq.cloudfront.net\/2025\/06\/03203428\/logo_concursos-1.jpg","contentUrl":"https:\/\/dhg1h5j42swfq.cloudfront.net\/2025\/06\/03203428\/logo_concursos-1.jpg","width":230,"height":60,"caption":"Estrat\u00e9gia Concursos"},"image":{"@id":"https:\/\/www.estrategiaconcursos.com.br\/blog\/#\/schema\/logo\/image\/"},"sameAs":["https:\/\/x.com\/EstratConcursos"]},{"@type":"Person","@id":"https:\/\/www.estrategiaconcursos.com.br\/blog\/#\/schema\/person\/6630f91134abc08115cca62ce6372855","name":"Bruna de Andrade Fran\u00e7a","image":{"@type":"ImageObject","inLanguage":"pt-BR","@id":"https:\/\/secure.gravatar.com\/avatar\/d6316d36d50cea0fadae28ed3015b8870cc90a2d3d8a95c37b44006af36a00e3?s=96&d=mm&r=g","url":"https:\/\/secure.gravatar.com\/avatar\/d6316d36d50cea0fadae28ed3015b8870cc90a2d3d8a95c37b44006af36a00e3?s=96&d=mm&r=g","contentUrl":"https:\/\/secure.gravatar.com\/avatar\/d6316d36d50cea0fadae28ed3015b8870cc90a2d3d8a95c37b44006af36a00e3?s=96&d=mm&r=g","caption":"Bruna de Andrade Fran\u00e7a"},"description":"Bruna de Andrade Fran\u00e7a \u00e9 publicit\u00e1ria com p\u00f3s-gradua\u00e7\u00e3o em Marketing &amp; Growth, atuando h\u00e1 mais de 6 anos no universo dos concursos p\u00fablicos. Desde 2021, lidera no Blog do Estrat\u00e9gia Concursos a cobertura editorial especializada em Concursos Policiais (PF, PRF, PM, PC, etc.), al\u00e9m das frentes de concursos banc\u00e1rios, de sa\u00fade e da \u00e1rea legislativa. Especialista em reda\u00e7\u00e3o, com pr\u00e1ticas de SEO e Copywriting, possui tamb\u00e9m atua\u00e7\u00e3o pr\u00e1tica de contato direto com \u00f3rg\u00e3os p\u00fablicos respons\u00e1veis por editais, permitindo acesso antecipado a informa\u00e7\u00f5es, desdobramentos importantes e atualiza\u00e7\u00e3o eficiente dos concursos p\u00fablicos.","url":"https:\/\/www.estrategiaconcursos.com.br\/blog\/author\/bruna-andrade\/"}]}},"_links":{"self":[{"href":"https:\/\/www.estrategiaconcursos.com.br\/blog\/wp-json\/wp\/v2\/posts\/1517805","targetHints":{"allow":["GET"]}}],"collection":[{"href":"https:\/\/www.estrategiaconcursos.com.br\/blog\/wp-json\/wp\/v2\/posts"}],"about":[{"href":"https:\/\/www.estrategiaconcursos.com.br\/blog\/wp-json\/wp\/v2\/types\/post"}],"author":[{"embeddable":true,"href":"https:\/\/www.estrategiaconcursos.com.br\/blog\/wp-json\/wp\/v2\/users\/1206"}],"replies":[{"embeddable":true,"href":"https:\/\/www.estrategiaconcursos.com.br\/blog\/wp-json\/wp\/v2\/comments?post=1517805"}],"version-history":[{"count":7,"href":"https:\/\/www.estrategiaconcursos.com.br\/blog\/wp-json\/wp\/v2\/posts\/1517805\/revisions"}],"predecessor-version":[{"id":1519022,"href":"https:\/\/www.estrategiaconcursos.com.br\/blog\/wp-json\/wp\/v2\/posts\/1517805\/revisions\/1519022"}],"wp:featuredmedia":[{"embeddable":true,"href":"https:\/\/www.estrategiaconcursos.com.br\/blog\/wp-json\/wp\/v2\/media\/1518725"}],"wp:attachment":[{"href":"https:\/\/www.estrategiaconcursos.com.br\/blog\/wp-json\/wp\/v2\/media?parent=1517805"}],"wp:term":[{"taxonomy":"category","embeddable":true,"href":"https:\/\/www.estrategiaconcursos.com.br\/blog\/wp-json\/wp\/v2\/categories?post=1517805"},{"taxonomy":"post_tag","embeddable":true,"href":"https:\/\/www.estrategiaconcursos.com.br\/blog\/wp-json\/wp\/v2\/tags?post=1517805"},{"taxonomy":"tax_estado","embeddable":true,"href":"https:\/\/www.estrategiaconcursos.com.br\/blog\/wp-json\/wp\/v2\/tax_estado?post=1517805"}],"curies":[{"name":"wp","href":"https:\/\/api.w.org\/{rel}","templated":true}]}}