{"id":151712,"date":"2018-11-19T08:33:23","date_gmt":"2018-11-19T11:33:23","guid":{"rendered":"https:\/\/www.estrategiaconcursos.com.br\/blog\/?p=151712"},"modified":"2018-11-19T16:14:15","modified_gmt":"2018-11-19T19:14:15","slug":"entrevista-fernanda-aprovada-concurso-mpu","status":"publish","type":"post","link":"https:\/\/www.estrategiaconcursos.com.br\/blog\/entrevista-fernanda-aprovada-concurso-mpu\/","title":{"rendered":"Aprovada para T\u00e9cnico do MPU, Fernanda Hirayama conta como foi sua vida de concurseira; &#8220;a rotina era bem puxada&#8221;"},"content":{"rendered":"<p style=\"text-align: justify;\"><span style=\"color: #000000;\"><em><strong><img loading=\"lazy\" decoding=\"async\" class=\"alignleft wp-image-151704\" src=\"https:\/\/dhg1h5j42swfq.cloudfront.net\/2018\/11\/19075056\/20181114_074846-e1542624675789.jpg\" alt=\"aprovada concurso MPU\" width=\"187\" height=\"249\" srcset=\"https:\/\/dhg1h5j42swfq.cloudfront.net\/2018\/11\/19075056\/20181114_074846-e1542624675789.jpg 1920w, https:\/\/dhg1h5j42swfq.cloudfront.net\/2018\/11\/19075056\/20181114_074846-e1542624675789.jpg 225w, https:\/\/dhg1h5j42swfq.cloudfront.net\/2018\/11\/19075056\/20181114_074846-e1542624675789.jpg 768w, https:\/\/dhg1h5j42swfq.cloudfront.net\/2018\/11\/19075056\/20181114_074846-e1542624675789.jpg 610w\" sizes=\"auto, (max-width: 187px) 100vw, 187px\" \/>&#8220;Desde quando estava na gradua\u00e7\u00e3o, j\u00e1 sabia que prestaria concursos p\u00fablicos. Tenho um tio que \u00e9 Auditor da Receita que sempre comentava sobre a estabilidade, sobre os \u00f3timos sal\u00e1rios, sobre as oportunidades nesse mundo dos concursos. Eu escutava ele e pensava: quero isso para a minha vida tamb\u00e9m&#8221;<\/strong><\/em><\/span><\/p>\n<p style=\"text-align: justify;\"><span style=\"color: #000000;\">Confira nossa entrevista com\u00a0Fernanda Hirayama, aprovada no concurso do Minist\u00e9rio P\u00fablico da Uni\u00e3o, em 197\u00ba lugar, para o Distrito Federal no cargo de T\u00e9cnico na Especialidade Administra\u00e7\u00e3o:<\/span><\/p>\n<p style=\"text-align: justify;\"><span style=\"color: #000000;\"><strong>Estrat\u00e9gia Concursos: Conte-nos um pouco sobre voc\u00ea, para que nossos leitores possam te conhecer melhor. Voc\u00ea \u00e9 formada em que \u00e1rea? Qual sua idade? De onde voc\u00ea \u00e9? <\/strong><\/span><\/p>\n<p style=\"text-align: justify;\"><span style=\"color: #000000;\"><strong>Fernanda Hirayama:<\/strong> Sou bacharel e licenciada em Dan\u00e7a pela Unicamp, tenho 31 anos e moro em Campinas (SP). Sou servidora da Unicamp e exer\u00e7o o cargo de t\u00e9cnico administrativo.<\/span><\/p>\n<p style=\"text-align: justify;\"><span style=\"color: #000000;\"><strong>Estrat\u00e9gia: O que te levou a tomar a decis\u00e3o de come\u00e7ar a estudar para concursos?<\/strong><\/span><\/p>\n<p style=\"text-align: justify;\"><span style=\"color: #000000;\"><strong>Fernanda:\u00a0<\/strong>Desde quando estava na gradua\u00e7\u00e3o, j\u00e1 sabia que prestaria concursos p\u00fablicos. Tenho um tio que \u00e9 Auditor da Receita que sempre comentava sobre a estabilidade, sobre os \u00f3timos sal\u00e1rios, sobre as oportunidades nesse mundo dos concursos. Eu escutava ele e pensava: quero isso para a minha vida tamb\u00e9m.<\/span><\/p>\n<p style=\"text-align: justify;\"><span style=\"color: #000000;\"><strong>Estrat\u00e9gia: Durante sua caminhada como concurseiro, voc\u00ea trabalhava e estudava (como conciliava trabalho e estudos?), ou se dedicava inteiramente aos estudos para concurso?<\/strong><\/span><\/p>\n<p style=\"text-align: justify;\"><span style=\"color: #000000;\"><strong>Fernanda:\u00a0<\/strong>Tive que conciliar trabalho e estudo. Antes de ser aprovada no concurso da Unicamp, trabalhava em uma cafeteria do shopping e a rotina era bem puxada, trabalhava na maioria das vezes no turno do fechamento entre 14h30 e 23:30. Quando tinha algum concurso em vista, fazia cursinho presencial na parte da manh\u00e3, ia direto para o trabalho e aproveitava tamb\u00e9m o hor\u00e1rio de almo\u00e7o para estudar. Depois que entrei na Unicamp, trabalhando de segunda a sexta, das 8h30 \u00e0s 17h30, consegui ter mais tempo para estudar para outros concursos melhores.<\/span><\/p>\n<p style=\"text-align: justify;\"><span style=\"color: #000000;\"><strong>Estrat\u00e9gia: Quantos e em quais concursos j\u00e1 foi aprovada? Qual o \u00faltimo? Em qual cargo e em que coloca\u00e7\u00e3o?<\/strong><\/span><\/p>\n<p style=\"text-align: justify;\"><span style=\"color: #000000;\"><strong>Fernanda:\u00a0<\/strong>Fui aprovada em 327\u00ba para escritur\u00e1rio da Caixa Econ\u00f4mica (2012), 78\u00ba para t\u00e9cnico administrativo da Unicamp (2013), 13\u00ba para agente administrativo da PF (2014). Mesmo a coloca\u00e7\u00e3o estando longe fui chamada nesses tr\u00eas concursos. Optei por continuar na Unicamp depois de pesar os sal\u00e1rios, descontos e vantagens.<\/span><\/p>\n<p style=\"text-align: justify;\"><span style=\"color: #000000;\">Este ano prestei para t\u00e9cnico do TRT 2, fiquei l\u00e1 no final da lista em 2826\u00ba, TRT 15 fiquei em 183\u00ba (aguardando recurso da discursiva) e o \u00faltimo foi para t\u00e9cnico do MPU, fiquei em 197\u00ba no DF e na lista nacional posso ficar entre 269\u00ba e 278\u00ba.<\/span><\/p>\n<p style=\"text-align: justify;\"><span style=\"color: #000000;\"><strong>Estrat\u00e9gia: Qual foi sua sensa\u00e7\u00e3o ao ver seu nome na lista dos aprovados\/classificados?<\/strong><\/span><\/p>\n<p style=\"text-align: justify;\"><span style=\"color: #000000;\"><strong>Fernanda:\u00a0<\/strong>Neste \u00faltimo concurso do MPU, confesso que esperava uma coloca\u00e7\u00e3o melhor, quando vi a classifica\u00e7\u00e3o fiquei um pouco decepcionada no in\u00edcio, mas depois fiquei feliz pois acho que tenho chances reais de ser nomeada, mesmo sabendo que a quantidade de nomea\u00e7\u00f5es talvez seja bem menor que 2013. Acho que comemorei mais quando o Cespe liberou o gabarito, pois havia acompanhado as corre\u00e7\u00f5es extraoficiais e a princ\u00edpio tinha ido mal. Ent\u00e3o quando eu vi que tinha feito 88 pontos, fiquei feliz demais!<\/span><\/p>\n<p style=\"text-align: justify;\"><span style=\"color: #000000;\"><strong>Estrat\u00e9gia: Como era sua vida social durante a prepara\u00e7\u00e3o para concursos? Voc\u00ea sa\u00eda com amigos, fam\u00edlia, etc? Ou adotou uma postura radical, abdicando do conv\u00edvio social?<\/strong><\/span><\/p>\n<p style=\"text-align: justify;\"><span style=\"color: #000000;\"><strong>Fernanda:\u00a0<\/strong>Sou uma pessoa bem caseira, ent\u00e3o acabei ficando mais caseira ainda, ia ao cinema s\u00f3 de vez em quando e viagens somente no Natal.<\/span><\/p>\n<p style=\"text-align: justify;\"><span style=\"color: #000000;\"><strong>Estrat\u00e9gia: Voc\u00ea \u00e9 casada? Tem filhos? Namora? Mora com seus pais? Sua fam\u00edlia entendeu e apoiou sua caminhada como concurseira? Se sim, de que forma? <\/strong><\/span><\/p>\n<p style=\"text-align: justify;\"><span style=\"color: #000000;\"><strong>Fernanda:\u00a0<\/strong>Sou casada e ainda n\u00e3o tenho filhos. Tenho sorte de ter uma fam\u00edlia que tamb\u00e9m estuda para concursos e que me apoia e incentiva muito, dando totais condi\u00e7\u00f5es para que eu possa estudar durante todo o tempo livre que tenho.<\/span><\/p>\n<p style=\"text-align: justify;\"><span style=\"color: #000000;\"><strong>Estrat\u00e9gia: Voc\u00ea acha que vale a pena fazer outros concursos, com foco diferente daquele concurso que \u00e9 realmente seu objetivo maior? <\/strong><\/span><\/p>\n<p style=\"text-align: justify;\"><span style=\"color: #000000;\"><strong>Fernanda:\u00a0<\/strong>Nessa minha caminhada no mundo dos concursos, j\u00e1 tive a fase de prestar os concursos que iam aparecendo, independente da \u00e1rea. Hoje, diria que \u00e9 de suma import\u00e2ncia escolher uma \u00e1rea e focar nos concursos com conte\u00fado semelhante.<\/span><\/p>\n<p style=\"text-align: justify;\"><span style=\"color: #000000;\"><strong>Estrat\u00e9gia: Voc\u00ea estudou por quanto tempo direcionado ao concurso que foi aprovada? <\/strong><\/span><\/p>\n<p style=\"text-align: justify;\"><span style=\"color: #000000;\"><strong>Fernanda:\u00a0<\/strong>Comecei a estudar em meados de abril de 2017. Havia uma expectativa que o edital do MPU fosse publicado at\u00e9 o final do ano, o que n\u00e3o ocorreu. Em janeiro de 2018, como n\u00e3o havia mais not\u00edcias desse concurso resolvi estudar para o TRT 15 e TRT 2. Fiz as provas em julho e em agosto enfim saiu o t\u00e3o esperado edital.<\/span><\/p>\n<p style=\"text-align: justify;\"><span style=\"color: #000000;\"><strong>Estrat\u00e9gia: Chegou a estudar sem ter edital na pra\u00e7a? Durante esse tempo, como voc\u00ea fazia para manter a disciplina nos estudos?<\/strong><\/span><\/p>\n<p style=\"text-align: justify;\"><span style=\"color: #000000;\"><strong>Fernanda:\u00a0<\/strong>Como disse na quest\u00e3o anterior, em abril comecei a estudar, mas n\u00e3o com tanto afinco, tinha dias que estudava, dias que ficava com pregui\u00e7a de acordar cedo para estudar. J\u00e1 havia tentado MPU em 2010 e 2013, e como ser servidora deste \u00f3rg\u00e3o era um dos meus objetivos, parei para pensar um pouco sobre as tentativas e fracassos que havia cometido at\u00e9 ent\u00e3o. <\/span><\/p>\n<p style=\"text-align: justify;\"><span style=\"color: #000000;\">Tinha muita vontade, mas n\u00e3o me empenhava tanto quanto eu sabia que poderia fazer. Estava com 30 anos e resolvi que dessa vez faria diferente, que era o momento de mudar a estrat\u00e9gia. Em setembro, ap\u00f3s pesquisar um pouco sobre o programa de coaching, resolvi contratar o servi\u00e7o. O acompanhamento do prof. Yuri Moraes com certeza foi essencial para que eu tivesse disciplina para estudar todos os dias.<\/span><\/p>\n<p style=\"text-align: justify;\"><span style=\"color: #000000;\"><strong>Estrat\u00e9gia: Que materiais voc\u00ea usou em sua prepara\u00e7\u00e3o para o concurso? Aulas presenciais, telepresenciais, livros, cursos em PDF, videoaulas? Quais foram as principais vantagens e desvantagens de cada um?<\/strong><\/span><\/p>\n<p style=\"text-align: justify;\"><span style=\"color: #000000;\"><strong>Fernanda:\u00a0<\/strong>Estudei pelos materiais do Estrat\u00e9gia, comprei o pacote completo e tamb\u00e9m passei a assinar o Tec Concursos. Estudei basicamente pelos PDFs e depois que j\u00e1 tinha lido e revisado todo o material, passei a estudar atrav\u00e9s de resolu\u00e7\u00f5es de quest\u00f5es. V\u00eddeo aulas assisti mais na fase final da prepara\u00e7\u00e3o, aquelas aulas extras, mais resumidas e na velocidade 2. Foi a primeira vez que me preparei resolvendo muitas e muitas quest\u00f5es da banca e posso dizer que realmente faz uma diferen\u00e7a gigantesca, faz com que voc\u00ea chegue de fato competitivo para encarar a prova.<\/span><\/p>\n<p style=\"text-align: justify;\"><span style=\"color: #000000;\"><strong>Estrat\u00e9gia: Como conheceu o Estrat\u00e9gia Concursos? <\/strong><\/span><\/p>\n<p style=\"text-align: justify;\"><span style=\"color: #000000;\"><strong>Fernanda:\u00a0<\/strong>Em 2014 fui para Bras\u00edlia prestar a prova de Agente de Pol\u00edcia Legislativa da C\u00e2mara dos Deputados. Na sa\u00edda, enquanto esperava o t\u00e1xi para ir para o aeroporto, conversei com uma menina que contou que havia estudado pelo material do Estrat\u00e9gia. Foi assim que fiquei conhecendo o Estrat\u00e9gia.<\/span><\/p>\n<p style=\"text-align: justify;\"><span style=\"color: #000000;\"><strong>Estrat\u00e9gia: Uma das principais dificuldades de todo o concursando \u00e9 a quantidade de assuntos que deve ser memorizada. Como voc\u00ea fez para estudar todo o conte\u00fado do concurso? Falando de modo mais espec\u00edfico: voc\u00ea estudava v\u00e1rias mat\u00e9rias ao mesmo tempo? Quantas? Costumava fazer resumos? Focava mais em exerc\u00edcios, ou na leitura e releitura da teoria? Como montou seu plano de estudos? Quantas horas por dia costumava estudar?<\/strong><\/span><\/p>\n<p style=\"text-align: justify;\"><span style=\"color: #000000;\"><strong>Fernanda:\u00a0<\/strong>Antes tinha a meta de ler um PDF por dia, estudava todo o conte\u00fado de uma disciplina para depois come\u00e7ar outro. Depois, com o acompanhamento do prof. Yuri, durante a semana passei a estudar duas disciplinas por dia durante 80 minutos cada e fazia 20 minutos de revis\u00e3o do que havia estudado no dia anterior. Estudava uma disciplina e fazia revis\u00e3o de uma mat\u00e9ria de manh\u00e3, antes de ir para o trabalho e ap\u00f3s as 19h retomava os estudos at\u00e9 bater a meta estipulada. \u00a0<\/span><\/p>\n<p style=\"text-align: justify;\"><span style=\"color: #000000;\">No s\u00e1bado estudava quatro disciplinas e tirava 60 minutos para revisar. Domingo era dia de descanso. Comecei estudando pelos PDFs, apenas grifando e fazendo marca\u00e7\u00f5es, depois resolvi muitas quest\u00f5es e por \u00faltimo passei a fazer resumos de mat\u00e9rias que eu tinha mais dificuldade.<\/span><\/p>\n<p style=\"text-align: justify;\"><span style=\"color: #000000;\"><strong>Estrat\u00e9gia: Voc\u00ea tinha mais dificuldades em alguma(s) disciplina(s)? Quais? Como voc\u00ea fez para superar estas dificuldades?<\/strong><\/span><\/p>\n<p style=\"text-align: justify;\"><span style=\"color: #000000;\"><strong>Fernanda:\u00a0<\/strong>Administra\u00e7\u00e3o P\u00fablica sem d\u00favidas foi a mat\u00e9ria mais dif\u00edcil de estudar. Dei gra\u00e7as a Deus quando Racioc\u00ednio L\u00f3gico e Inform\u00e1tica ficaram de fora. AFO, por sorte, j\u00e1 tinha estudado para os TRTs, pois o conte\u00fado veio bem puxado.<\/span><\/p>\n<p style=\"text-align: justify;\"><span style=\"color: #000000;\">Sabia que precisava melhorar em Administra\u00e7\u00e3o, praticamente cada aula (19 aulas) do material que o prof. Carlos Xavier preparou tinha cerca de 100 quest\u00f5es. Resolvi todas as quest\u00f5es, revisei todas que eu tinha errado, tinha hora que eu n\u00e3o suportava mais a mat\u00e9ria, mas eu sabia que tinha que continuar. No concurso as quest\u00f5es de Administra\u00e7\u00e3o foram bem subjetivas, mas fui muito bem. Tenho certeza que a bateria intermin\u00e1vel de exerc\u00edcios comentados fez com que eu entendesse como o Cespe costuma pensar sobre alguns assuntos e isso fez muita diferen\u00e7a na hora da prova.<\/span><\/p>\n<p style=\"text-align: justify;\"><span style=\"color: #000000;\"><strong>Estrat\u00e9gia: A reta final \u00e9 sempre um per\u00edodo estressante. Como foi sua rotina de estudos na semana que antecedeu a prova? E v\u00e9spera de prova: foi dia de descanso ou dia de estudo?<\/strong><\/span><\/p>\n<p style=\"text-align: justify;\"><span style=\"color: #000000;\"><strong>Fernanda:\u00a0<\/strong>Tirei trinta dias de f\u00e9rias no trabalho para esta reta final, de segunda a segunda come\u00e7ava a estudar \u00e0s seis da manh\u00e3, tirava duas horas para almo\u00e7ar e descansar um pouco, retomava \u00e0s duas da tarde e parava \u00e0s dez da noite, fazendo pausa de 1h30 para tomar banho, jantar e de vez em quando fazer uma atividade f\u00edsica, nem que fosse s\u00f3 alongamento para manter a sanidade mental.<strong>\u00a0<\/strong><\/span><\/p>\n<p style=\"text-align: justify;\"><span style=\"color: #000000;\">Na \u00faltima semana s\u00f3 revis\u00e3o, relendo anota\u00e7\u00f5es de quest\u00f5es e lei seca. No s\u00e1bado resolvi desacelerar para descansar a mente e chegar bem no domingo, revisei algumas leis e s\u00f3. No dia da prova at\u00e9 levei todos os meus resumos na mochila, mas no fim nem peguei nada para ler.<\/span><\/p>\n<p style=\"text-align: justify;\"><span style=\"color: #000000;\"><strong>Estrat\u00e9gia: Se voc\u00ea tivesse que apontar ERROS em sua prepara\u00e7\u00e3o (se \u00e9 que houve), quais seriam? Diga-nos tamb\u00e9m quais foram os maiores ACERTOS?<\/strong><\/span><\/p>\n<p style=\"text-align: justify;\"><span style=\"color: #000000;\"><strong>Fernanda:\u00a0<\/strong>O maior erro foi ter passado anos prestando concurso sem ter uma dire\u00e7\u00e3o certa, sem buscar estudar de maneira eficiente. Maior acerto foi ter buscado o acompanhamento de um coach para que enfim eu passasse a estudar de forma mais estrat\u00e9gica. O contrato do servi\u00e7o de coaching foi de setembro at\u00e9 julho pois o edital dos TRTs j\u00e1 tinha sido publicado. Quando saiu o edital do MPU fiquei em d\u00favida se renovaria ou n\u00e3o, mas optei por caminhar por conta pr\u00f3pria pois senti que j\u00e1 tinha a disciplina necess\u00e1ria para seguir sozinha sem correr o risco de fracassar e jogar todo o trabalho por \u00e1gua a baixo.<\/span><\/p>\n<p style=\"text-align: justify;\"><span style=\"color: #000000;\"><strong>Estrat\u00e9gia: O que foi mais dif\u00edcil nessa caminhada rumo \u00e0 aprova\u00e7\u00e3o? Chegou a pensar, por algum momento, em desistir? Se sim, como fez para seguir em frente?<\/strong><\/span><\/p>\n<p style=\"text-align: justify;\"><span style=\"color: #000000;\"><strong>Fernanda:\u00a0<\/strong>MPU sempre foi um dos meus objetivos e, desta vez, estava disposta a dar o meu m\u00e1ximo em busca de uma aprova\u00e7\u00e3o. Desistir n\u00e3o passou pela minha cabe\u00e7a nem quando veio aquele balde de \u00e1gua fria que n\u00e3o teria concurso em 2017, estudaria o tempo necess\u00e1rio at\u00e9 sair o edital.<\/span><\/p>\n<p style=\"text-align: justify;\"><span style=\"color: #000000;\"><strong>Estrat\u00e9gia: <\/strong><strong>Qual foi sua principal motiva\u00e7\u00e3o? <\/strong><\/span><\/p>\n<p style=\"text-align: justify;\"><span style=\"color: #000000;\"><strong>Fernanda:\u00a0<\/strong>Admiro tanto o MPU que s\u00f3 isso serve como principal motiva\u00e7\u00e3o. Sou servidora p\u00fablica da Unicamp desde 2013, confesso que acomodei um pouco depois que passei neste concurso e diante da falta de perspectiva de carreira para os funcion\u00e1rios, em 2017 resolvi que era hora de mudar, pois sen\u00e3o passaria o resto da vida insatisfeita com o atual sal\u00e1rio e carreira. Sabia que a mudan\u00e7a s\u00f3 dependia da minha for\u00e7a de vontade e determina\u00e7\u00e3o, pois havia in\u00fameras oportunidades melhores&#8230;bastava apenas estudar!<\/span><\/p>\n<p style=\"text-align: justify;\"><span style=\"color: #000000;\"><strong>Estrat\u00e9gia: Por fim, o que voc\u00ea aconselharia a algu\u00e9m que est\u00e1 iniciando seus estudos para concurso. Deixe-nos sua mensagem para todos aqueles que um dia almejam chegar aonde voc\u00ea chegou!<\/strong><\/span><\/p>\n<p style=\"text-align: justify;\"><span style=\"color: #000000;\"><strong>Fernanda:\u00a0<\/strong>Nessa hora eu s\u00f3 consigo pensar nessas frases que ecoam na minha cabe\u00e7a nos momentos dif\u00edceis e que para mim fazem muito sentido hoje,:<\/span><\/p>\n<p style=\"text-align: justify;\"><span style=\"color: #000000;\">\u201cO segredo do sucesso \u00e9 a const\u00e2ncia no objetivo\u201d (Vi escrito em um vidro de uma sala do Estrat\u00e9gia&#8230;=))<\/span><\/p>\n<p style=\"text-align: justify;\"><span style=\"color: #000000;\">\u201cNo concurso voc\u00ea tem que estudar at\u00e9 passar, ficar na fila que uma hora chega a sua vez\u201d (tio que \u00e9 Auditor da Receita)<\/span><\/p>\n<p style=\"text-align: justify;\"><span style=\"color: #000000;\">\u201cTreinamento dif\u00edcil, combate f\u00e1cil\u201d (prof. S\u00e9rgio Mendes)<\/span><\/p>\n<p style=\"text-align: justify;\"><span style=\"color: #000000;\"><strong>Estrat\u00e9gia: Obrigada Fernanda pela entrevista e, mais uma vez, parab\u00e9ns pela aprova\u00e7\u00e3o!<\/strong><\/span><\/p>\n<p style=\"text-align: justify;\"><span style=\"color: #000000;\"><strong>Confira outras entrevistas em:<\/strong><\/span><\/p>\n<p style=\"text-align: justify;\"><span style=\"color: #000000;\"><a style=\"color: #000000;\" href=\"https:\/\/www.estrategiaconcursos.com.br\/depoimentos\/\" target=\"_blank\" rel=\"noopener\">Depoimentos de Aprovados<\/a><\/span><br \/>\n<span style=\"color: #000000;\"><a style=\"color: #000000;\" href=\"https:\/\/www.estrategiaconcursos.com.br\/cursos\/concurso\" target=\"_blank\" rel=\"noopener\">Cursos Online para Concursos<\/a><\/span><\/p>\n<p style=\"text-align: center;\"><span style=\"color: #000000;\"><em><strong>Foi aprovado e deseja dividir com a gente e com outros concurseiros como foi sua trajet\u00f3ria at\u00e9 a aprova\u00e7\u00e3o?! Me mande um e-mail!\u00a0<\/strong><\/em><strong>comunicacao@estrategiaconcursos.com.br<\/strong><\/span><\/p>\n<p><span style=\"color: #000000;\"><strong>Grande abra\u00e7o!<\/strong><\/span><\/p>\n<p><span style=\"color: #000000;\"><strong>Tha\u00eds Mendes<\/strong><\/span><\/p>\n","protected":false},"excerpt":{"rendered":"<p>&#8220;Desde quando estava na gradua\u00e7\u00e3o, j\u00e1 sabia que prestaria concursos p\u00fablicos. Tenho um tio que \u00e9 Auditor da Receita que sempre comentava sobre a estabilidade, sobre os \u00f3timos sal\u00e1rios, sobre as oportunidades nesse mundo dos concursos. Eu escutava ele e pensava: quero isso para a minha vida tamb\u00e9m&#8221; Confira nossa entrevista com\u00a0Fernanda Hirayama, aprovada no [&hellip;]<\/p>\n","protected":false},"author":1,"featured_media":151725,"comment_status":"open","ping_status":"closed","sticky":false,"template":"","format":"standard","meta":{"post_tipo":"news","footnotes":""},"categories":[],"tags":[2350,52],"tax_estado":[],"class_list":["post-151712","post","type-post","status-publish","format-standard","has-post-thumbnail","hentry","tag-entrevista-aprovado","tag-mpu"],"acf":[],"yoast_head":"<!-- This site is optimized with the Yoast SEO Premium plugin v27.2 (Yoast SEO v27.2) - https:\/\/yoast.com\/product\/yoast-seo-premium-wordpress\/ -->\n<title>Aprovada para T\u00e9cnico do MPU, Fernanda Hirayama conta como foi sua vida de concurseira; &quot;a rotina era bem puxada&quot; Entrevista com Fernanda Hirayama - Aprovada no concurso MPU<\/title>\n<meta name=\"description\" content=\"Confira nossa entrevista com\u00a0Fernanda Hirayama, aprovada no concurso MPU, em 197\u00ba lugar, para o Distrito Federal no cargo de T\u00e9cnico\" \/>\n<meta name=\"robots\" content=\"index, follow, max-snippet:-1, max-image-preview:large, max-video-preview:-1\" \/>\n<link rel=\"canonical\" href=\"https:\/\/www.estrategiaconcursos.com.br\/blog\/entrevista-fernanda-aprovada-concurso-mpu\/\" \/>\n<meta property=\"og:locale\" content=\"pt_BR\" \/>\n<meta property=\"og:type\" content=\"article\" \/>\n<meta property=\"og:title\" content=\"Aprovada para T\u00e9cnico do MPU, Fernanda Hirayama conta como foi sua vida de concurseira; &quot;a rotina era bem puxada&quot;\" \/>\n<meta property=\"og:description\" content=\"Confira nossa entrevista com\u00a0Fernanda Hirayama, aprovada no concurso MPU, em 197\u00ba lugar, para o Distrito Federal no cargo de T\u00e9cnico\" \/>\n<meta property=\"og:url\" content=\"https:\/\/www.estrategiaconcursos.com.br\/blog\/entrevista-fernanda-aprovada-concurso-mpu\/\" \/>\n<meta property=\"og:site_name\" content=\"Estrat\u00e9gia Concursos\" \/>\n<meta property=\"article:author\" content=\"https:\/\/www.facebook.com\/EstrategiaConcursos\" \/>\n<meta property=\"article:published_time\" content=\"2018-11-19T11:33:23+00:00\" \/>\n<meta property=\"article:modified_time\" content=\"2018-11-19T19:14:15+00:00\" \/>\n<meta property=\"og:image\" content=\"https:\/\/dhg1h5j42swfq.cloudfront.net\/2018\/11\/19083747\/Aprovada-concurso-MPU.jpg\" \/>\n\t<meta property=\"og:image:width\" content=\"1920\" \/>\n\t<meta property=\"og:image:height\" content=\"1057\" \/>\n\t<meta property=\"og:image:type\" content=\"image\/jpeg\" \/>\n<meta name=\"author\" content=\"Coordena\u00e7\u00e3o\" \/>\n<meta name=\"twitter:card\" content=\"summary_large_image\" \/>\n<meta name=\"twitter:creator\" content=\"@EstratConcursos\" \/>\n<meta name=\"twitter:site\" content=\"@EstratConcursos\" \/>\n<meta name=\"twitter:label1\" content=\"Escrito por\" \/>\n\t<meta name=\"twitter:data1\" content=\"Coordena\u00e7\u00e3o\" \/>\n\t<meta name=\"twitter:label2\" content=\"Est. tempo de leitura\" \/>\n\t<meta name=\"twitter:data2\" content=\"11 minutos\" \/>\n<script type=\"application\/ld+json\" class=\"yoast-schema-graph\">{\"@context\":\"https:\/\/schema.org\",\"@graph\":[{\"@type\":\"NewsArticle\",\"@id\":\"https:\/\/www.estrategiaconcursos.com.br\/blog\/entrevista-fernanda-aprovada-concurso-mpu\/#article\",\"isPartOf\":{\"@id\":\"https:\/\/www.estrategiaconcursos.com.br\/blog\/entrevista-fernanda-aprovada-concurso-mpu\/\"},\"author\":{\"name\":\"Coordena\u00e7\u00e3o\",\"@id\":\"https:\/\/www.estrategiaconcursos.com.br\/blog\/#\/schema\/person\/b4a388c97673c5f483d72185668afa1f\"},\"headline\":\"Aprovada para T\u00e9cnico do MPU, Fernanda Hirayama conta como foi sua vida de concurseira; &#8220;a rotina era bem puxada&#8221;\",\"datePublished\":\"2018-11-19T11:33:23+00:00\",\"dateModified\":\"2018-11-19T19:14:15+00:00\",\"mainEntityOfPage\":{\"@id\":\"https:\/\/www.estrategiaconcursos.com.br\/blog\/entrevista-fernanda-aprovada-concurso-mpu\/\"},\"wordCount\":2221,\"commentCount\":2,\"publisher\":{\"@id\":\"https:\/\/www.estrategiaconcursos.com.br\/blog\/#organization\"},\"image\":{\"@id\":\"https:\/\/www.estrategiaconcursos.com.br\/blog\/entrevista-fernanda-aprovada-concurso-mpu\/#primaryimage\"},\"thumbnailUrl\":\"https:\/\/dhg1h5j42swfq.cloudfront.net\/2018\/11\/19083747\/Aprovada-concurso-MPU.jpg\",\"keywords\":[\"Entrevista aprovado\",\"MPU\"],\"inLanguage\":\"pt-BR\",\"potentialAction\":[{\"@type\":\"CommentAction\",\"name\":\"Comment\",\"target\":[\"https:\/\/www.estrategiaconcursos.com.br\/blog\/entrevista-fernanda-aprovada-concurso-mpu\/#respond\"]}],\"copyrightYear\":\"2018\",\"copyrightHolder\":{\"@id\":\"https:\/\/www.estrategiaconcursos.com.br\/blog\/#organization\"}},{\"@type\":\"WebPage\",\"@id\":\"https:\/\/www.estrategiaconcursos.com.br\/blog\/entrevista-fernanda-aprovada-concurso-mpu\/\",\"url\":\"https:\/\/www.estrategiaconcursos.com.br\/blog\/entrevista-fernanda-aprovada-concurso-mpu\/\",\"name\":\"Aprovada para T\u00e9cnico do MPU, Fernanda Hirayama conta como foi sua vida de concurseira; \\\"a rotina era bem puxada\\\" Entrevista com Fernanda Hirayama - Aprovada no concurso MPU\",\"isPartOf\":{\"@id\":\"https:\/\/www.estrategiaconcursos.com.br\/blog\/#website\"},\"primaryImageOfPage\":{\"@id\":\"https:\/\/www.estrategiaconcursos.com.br\/blog\/entrevista-fernanda-aprovada-concurso-mpu\/#primaryimage\"},\"image\":{\"@id\":\"https:\/\/www.estrategiaconcursos.com.br\/blog\/entrevista-fernanda-aprovada-concurso-mpu\/#primaryimage\"},\"thumbnailUrl\":\"https:\/\/dhg1h5j42swfq.cloudfront.net\/2018\/11\/19083747\/Aprovada-concurso-MPU.jpg\",\"datePublished\":\"2018-11-19T11:33:23+00:00\",\"dateModified\":\"2018-11-19T19:14:15+00:00\",\"description\":\"Confira nossa entrevista com\u00a0Fernanda Hirayama, aprovada no concurso MPU, em 197\u00ba lugar, para o Distrito Federal no cargo de T\u00e9cnico\",\"breadcrumb\":{\"@id\":\"https:\/\/www.estrategiaconcursos.com.br\/blog\/entrevista-fernanda-aprovada-concurso-mpu\/#breadcrumb\"},\"inLanguage\":\"pt-BR\",\"potentialAction\":[{\"@type\":\"ReadAction\",\"target\":[\"https:\/\/www.estrategiaconcursos.com.br\/blog\/entrevista-fernanda-aprovada-concurso-mpu\/\"]}]},{\"@type\":\"ImageObject\",\"inLanguage\":\"pt-BR\",\"@id\":\"https:\/\/www.estrategiaconcursos.com.br\/blog\/entrevista-fernanda-aprovada-concurso-mpu\/#primaryimage\",\"url\":\"https:\/\/dhg1h5j42swfq.cloudfront.net\/2018\/11\/19083747\/Aprovada-concurso-MPU.jpg\",\"contentUrl\":\"https:\/\/dhg1h5j42swfq.cloudfront.net\/2018\/11\/19083747\/Aprovada-concurso-MPU.jpg\",\"width\":1920,\"height\":1057},{\"@type\":\"BreadcrumbList\",\"@id\":\"https:\/\/www.estrategiaconcursos.com.br\/blog\/entrevista-fernanda-aprovada-concurso-mpu\/#breadcrumb\",\"itemListElement\":[{\"@type\":\"ListItem\",\"position\":1,\"name\":\"In\u00edcio\",\"item\":\"https:\/\/www.estrategiaconcursos.com.br\/blog\/\"},{\"@type\":\"ListItem\",\"position\":2,\"name\":\"Aprovada para T\u00e9cnico do MPU, Fernanda Hirayama conta como foi sua vida de concurseira; &#8220;a rotina era bem puxada&#8221;\"}]},{\"@type\":\"WebSite\",\"@id\":\"https:\/\/www.estrategiaconcursos.com.br\/blog\/#website\",\"url\":\"https:\/\/www.estrategiaconcursos.com.br\/blog\/\",\"name\":\"Estrat\u00e9gia Concursos\",\"description\":\"O blog da Estrat\u00e9gia Concursos traz not\u00edcias sobre concursos e artigos de professores oferecendo cursos para concursos (pdf + videaulas) no site.\",\"publisher\":{\"@id\":\"https:\/\/www.estrategiaconcursos.com.br\/blog\/#organization\"},\"potentialAction\":[{\"@type\":\"SearchAction\",\"target\":{\"@type\":\"EntryPoint\",\"urlTemplate\":\"https:\/\/www.estrategiaconcursos.com.br\/blog\/?s={search_term_string}\"},\"query-input\":{\"@type\":\"PropertyValueSpecification\",\"valueRequired\":true,\"valueName\":\"search_term_string\"}}],\"inLanguage\":\"pt-BR\"},{\"@type\":\"Organization\",\"@id\":\"https:\/\/www.estrategiaconcursos.com.br\/blog\/#organization\",\"name\":\"Estrat\u00e9gia Concursos\",\"url\":\"https:\/\/www.estrategiaconcursos.com.br\/blog\/\",\"logo\":{\"@type\":\"ImageObject\",\"inLanguage\":\"pt-BR\",\"@id\":\"https:\/\/www.estrategiaconcursos.com.br\/blog\/#\/schema\/logo\/image\/\",\"url\":\"https:\/\/dhg1h5j42swfq.cloudfront.net\/2025\/06\/03203428\/logo_concursos-1.jpg\",\"contentUrl\":\"https:\/\/dhg1h5j42swfq.cloudfront.net\/2025\/06\/03203428\/logo_concursos-1.jpg\",\"width\":230,\"height\":60,\"caption\":\"Estrat\u00e9gia Concursos\"},\"image\":{\"@id\":\"https:\/\/www.estrategiaconcursos.com.br\/blog\/#\/schema\/logo\/image\/\"},\"sameAs\":[\"https:\/\/x.com\/EstratConcursos\"]},{\"@type\":\"Person\",\"@id\":\"https:\/\/www.estrategiaconcursos.com.br\/blog\/#\/schema\/person\/b4a388c97673c5f483d72185668afa1f\",\"name\":\"Coordena\u00e7\u00e3o\",\"image\":{\"@type\":\"ImageObject\",\"inLanguage\":\"pt-BR\",\"@id\":\"https:\/\/secure.gravatar.com\/avatar\/b720319e4c9a967eb58678d110f4fe35452fc5d5f97b202bac7b8acceb18c6ad?s=96&d=mm&r=g\",\"url\":\"https:\/\/secure.gravatar.com\/avatar\/b720319e4c9a967eb58678d110f4fe35452fc5d5f97b202bac7b8acceb18c6ad?s=96&d=mm&r=g\",\"contentUrl\":\"https:\/\/secure.gravatar.com\/avatar\/b720319e4c9a967eb58678d110f4fe35452fc5d5f97b202bac7b8acceb18c6ad?s=96&d=mm&r=g\",\"caption\":\"Coordena\u00e7\u00e3o\"},\"sameAs\":[\"https:\/\/www.facebook.com\/EstrategiaConcursos\",\"https:\/\/x.com\/EstratConcursos\"],\"url\":\"https:\/\/www.estrategiaconcursos.com.br\/blog\/author\/estrategia2013\/\"}]}<\/script>\n<!-- \/ Yoast SEO Premium plugin. -->","yoast_head_json":{"title":"Aprovada para T\u00e9cnico do MPU, Fernanda Hirayama conta como foi sua vida de concurseira; \"a rotina era bem puxada\" Entrevista com Fernanda Hirayama - Aprovada no concurso MPU","description":"Confira nossa entrevista com\u00a0Fernanda Hirayama, aprovada no concurso MPU, em 197\u00ba lugar, para o Distrito Federal no cargo de T\u00e9cnico","robots":{"index":"index","follow":"follow","max-snippet":"max-snippet:-1","max-image-preview":"max-image-preview:large","max-video-preview":"max-video-preview:-1"},"canonical":"https:\/\/www.estrategiaconcursos.com.br\/blog\/entrevista-fernanda-aprovada-concurso-mpu\/","og_locale":"pt_BR","og_type":"article","og_title":"Aprovada para T\u00e9cnico do MPU, Fernanda Hirayama conta como foi sua vida de concurseira; \"a rotina era bem puxada\"","og_description":"Confira nossa entrevista com\u00a0Fernanda Hirayama, aprovada no concurso MPU, em 197\u00ba lugar, para o Distrito Federal no cargo de T\u00e9cnico","og_url":"https:\/\/www.estrategiaconcursos.com.br\/blog\/entrevista-fernanda-aprovada-concurso-mpu\/","og_site_name":"Estrat\u00e9gia Concursos","article_author":"https:\/\/www.facebook.com\/EstrategiaConcursos","article_published_time":"2018-11-19T11:33:23+00:00","article_modified_time":"2018-11-19T19:14:15+00:00","og_image":[{"width":1920,"height":1057,"url":"https:\/\/dhg1h5j42swfq.cloudfront.net\/2018\/11\/19083747\/Aprovada-concurso-MPU.jpg","type":"image\/jpeg"}],"author":"Coordena\u00e7\u00e3o","twitter_card":"summary_large_image","twitter_creator":"@EstratConcursos","twitter_site":"@EstratConcursos","twitter_misc":{"Escrito por":"Coordena\u00e7\u00e3o","Est. tempo de leitura":"11 minutos"},"schema":{"@context":"https:\/\/schema.org","@graph":[{"@type":"NewsArticle","@id":"https:\/\/www.estrategiaconcursos.com.br\/blog\/entrevista-fernanda-aprovada-concurso-mpu\/#article","isPartOf":{"@id":"https:\/\/www.estrategiaconcursos.com.br\/blog\/entrevista-fernanda-aprovada-concurso-mpu\/"},"author":{"name":"Coordena\u00e7\u00e3o","@id":"https:\/\/www.estrategiaconcursos.com.br\/blog\/#\/schema\/person\/b4a388c97673c5f483d72185668afa1f"},"headline":"Aprovada para T\u00e9cnico do MPU, Fernanda Hirayama conta como foi sua vida de concurseira; &#8220;a rotina era bem puxada&#8221;","datePublished":"2018-11-19T11:33:23+00:00","dateModified":"2018-11-19T19:14:15+00:00","mainEntityOfPage":{"@id":"https:\/\/www.estrategiaconcursos.com.br\/blog\/entrevista-fernanda-aprovada-concurso-mpu\/"},"wordCount":2221,"commentCount":2,"publisher":{"@id":"https:\/\/www.estrategiaconcursos.com.br\/blog\/#organization"},"image":{"@id":"https:\/\/www.estrategiaconcursos.com.br\/blog\/entrevista-fernanda-aprovada-concurso-mpu\/#primaryimage"},"thumbnailUrl":"https:\/\/dhg1h5j42swfq.cloudfront.net\/2018\/11\/19083747\/Aprovada-concurso-MPU.jpg","keywords":["Entrevista aprovado","MPU"],"inLanguage":"pt-BR","potentialAction":[{"@type":"CommentAction","name":"Comment","target":["https:\/\/www.estrategiaconcursos.com.br\/blog\/entrevista-fernanda-aprovada-concurso-mpu\/#respond"]}],"copyrightYear":"2018","copyrightHolder":{"@id":"https:\/\/www.estrategiaconcursos.com.br\/blog\/#organization"}},{"@type":"WebPage","@id":"https:\/\/www.estrategiaconcursos.com.br\/blog\/entrevista-fernanda-aprovada-concurso-mpu\/","url":"https:\/\/www.estrategiaconcursos.com.br\/blog\/entrevista-fernanda-aprovada-concurso-mpu\/","name":"Aprovada para T\u00e9cnico do MPU, Fernanda Hirayama conta como foi sua vida de concurseira; \"a rotina era bem puxada\" Entrevista com Fernanda Hirayama - Aprovada no concurso MPU","isPartOf":{"@id":"https:\/\/www.estrategiaconcursos.com.br\/blog\/#website"},"primaryImageOfPage":{"@id":"https:\/\/www.estrategiaconcursos.com.br\/blog\/entrevista-fernanda-aprovada-concurso-mpu\/#primaryimage"},"image":{"@id":"https:\/\/www.estrategiaconcursos.com.br\/blog\/entrevista-fernanda-aprovada-concurso-mpu\/#primaryimage"},"thumbnailUrl":"https:\/\/dhg1h5j42swfq.cloudfront.net\/2018\/11\/19083747\/Aprovada-concurso-MPU.jpg","datePublished":"2018-11-19T11:33:23+00:00","dateModified":"2018-11-19T19:14:15+00:00","description":"Confira nossa entrevista com\u00a0Fernanda Hirayama, aprovada no concurso MPU, em 197\u00ba lugar, para o Distrito Federal no cargo de T\u00e9cnico","breadcrumb":{"@id":"https:\/\/www.estrategiaconcursos.com.br\/blog\/entrevista-fernanda-aprovada-concurso-mpu\/#breadcrumb"},"inLanguage":"pt-BR","potentialAction":[{"@type":"ReadAction","target":["https:\/\/www.estrategiaconcursos.com.br\/blog\/entrevista-fernanda-aprovada-concurso-mpu\/"]}]},{"@type":"ImageObject","inLanguage":"pt-BR","@id":"https:\/\/www.estrategiaconcursos.com.br\/blog\/entrevista-fernanda-aprovada-concurso-mpu\/#primaryimage","url":"https:\/\/dhg1h5j42swfq.cloudfront.net\/2018\/11\/19083747\/Aprovada-concurso-MPU.jpg","contentUrl":"https:\/\/dhg1h5j42swfq.cloudfront.net\/2018\/11\/19083747\/Aprovada-concurso-MPU.jpg","width":1920,"height":1057},{"@type":"BreadcrumbList","@id":"https:\/\/www.estrategiaconcursos.com.br\/blog\/entrevista-fernanda-aprovada-concurso-mpu\/#breadcrumb","itemListElement":[{"@type":"ListItem","position":1,"name":"In\u00edcio","item":"https:\/\/www.estrategiaconcursos.com.br\/blog\/"},{"@type":"ListItem","position":2,"name":"Aprovada para T\u00e9cnico do MPU, Fernanda Hirayama conta como foi sua vida de concurseira; &#8220;a rotina era bem puxada&#8221;"}]},{"@type":"WebSite","@id":"https:\/\/www.estrategiaconcursos.com.br\/blog\/#website","url":"https:\/\/www.estrategiaconcursos.com.br\/blog\/","name":"Estrat\u00e9gia Concursos","description":"O blog da Estrat\u00e9gia Concursos traz not\u00edcias sobre concursos e artigos de professores oferecendo cursos para concursos (pdf + videaulas) no site.","publisher":{"@id":"https:\/\/www.estrategiaconcursos.com.br\/blog\/#organization"},"potentialAction":[{"@type":"SearchAction","target":{"@type":"EntryPoint","urlTemplate":"https:\/\/www.estrategiaconcursos.com.br\/blog\/?s={search_term_string}"},"query-input":{"@type":"PropertyValueSpecification","valueRequired":true,"valueName":"search_term_string"}}],"inLanguage":"pt-BR"},{"@type":"Organization","@id":"https:\/\/www.estrategiaconcursos.com.br\/blog\/#organization","name":"Estrat\u00e9gia Concursos","url":"https:\/\/www.estrategiaconcursos.com.br\/blog\/","logo":{"@type":"ImageObject","inLanguage":"pt-BR","@id":"https:\/\/www.estrategiaconcursos.com.br\/blog\/#\/schema\/logo\/image\/","url":"https:\/\/dhg1h5j42swfq.cloudfront.net\/2025\/06\/03203428\/logo_concursos-1.jpg","contentUrl":"https:\/\/dhg1h5j42swfq.cloudfront.net\/2025\/06\/03203428\/logo_concursos-1.jpg","width":230,"height":60,"caption":"Estrat\u00e9gia Concursos"},"image":{"@id":"https:\/\/www.estrategiaconcursos.com.br\/blog\/#\/schema\/logo\/image\/"},"sameAs":["https:\/\/x.com\/EstratConcursos"]},{"@type":"Person","@id":"https:\/\/www.estrategiaconcursos.com.br\/blog\/#\/schema\/person\/b4a388c97673c5f483d72185668afa1f","name":"Coordena\u00e7\u00e3o","image":{"@type":"ImageObject","inLanguage":"pt-BR","@id":"https:\/\/secure.gravatar.com\/avatar\/b720319e4c9a967eb58678d110f4fe35452fc5d5f97b202bac7b8acceb18c6ad?s=96&d=mm&r=g","url":"https:\/\/secure.gravatar.com\/avatar\/b720319e4c9a967eb58678d110f4fe35452fc5d5f97b202bac7b8acceb18c6ad?s=96&d=mm&r=g","contentUrl":"https:\/\/secure.gravatar.com\/avatar\/b720319e4c9a967eb58678d110f4fe35452fc5d5f97b202bac7b8acceb18c6ad?s=96&d=mm&r=g","caption":"Coordena\u00e7\u00e3o"},"sameAs":["https:\/\/www.facebook.com\/EstrategiaConcursos","https:\/\/x.com\/EstratConcursos"],"url":"https:\/\/www.estrategiaconcursos.com.br\/blog\/author\/estrategia2013\/"}]}},"_links":{"self":[{"href":"https:\/\/www.estrategiaconcursos.com.br\/blog\/wp-json\/wp\/v2\/posts\/151712","targetHints":{"allow":["GET"]}}],"collection":[{"href":"https:\/\/www.estrategiaconcursos.com.br\/blog\/wp-json\/wp\/v2\/posts"}],"about":[{"href":"https:\/\/www.estrategiaconcursos.com.br\/blog\/wp-json\/wp\/v2\/types\/post"}],"author":[{"embeddable":true,"href":"https:\/\/www.estrategiaconcursos.com.br\/blog\/wp-json\/wp\/v2\/users\/1"}],"replies":[{"embeddable":true,"href":"https:\/\/www.estrategiaconcursos.com.br\/blog\/wp-json\/wp\/v2\/comments?post=151712"}],"version-history":[{"count":7,"href":"https:\/\/www.estrategiaconcursos.com.br\/blog\/wp-json\/wp\/v2\/posts\/151712\/revisions"}],"predecessor-version":[{"id":151836,"href":"https:\/\/www.estrategiaconcursos.com.br\/blog\/wp-json\/wp\/v2\/posts\/151712\/revisions\/151836"}],"wp:featuredmedia":[{"embeddable":true,"href":"https:\/\/www.estrategiaconcursos.com.br\/blog\/wp-json\/wp\/v2\/media\/151725"}],"wp:attachment":[{"href":"https:\/\/www.estrategiaconcursos.com.br\/blog\/wp-json\/wp\/v2\/media?parent=151712"}],"wp:term":[{"taxonomy":"category","embeddable":true,"href":"https:\/\/www.estrategiaconcursos.com.br\/blog\/wp-json\/wp\/v2\/categories?post=151712"},{"taxonomy":"post_tag","embeddable":true,"href":"https:\/\/www.estrategiaconcursos.com.br\/blog\/wp-json\/wp\/v2\/tags?post=151712"},{"taxonomy":"tax_estado","embeddable":true,"href":"https:\/\/www.estrategiaconcursos.com.br\/blog\/wp-json\/wp\/v2\/tax_estado?post=151712"}],"curies":[{"name":"wp","href":"https:\/\/api.w.org\/{rel}","templated":true}]}}