{"id":151697,"date":"2018-11-19T07:39:29","date_gmt":"2018-11-19T10:39:29","guid":{"rendered":"https:\/\/www.estrategiaconcursos.com.br\/blog\/?p=151697"},"modified":"2018-11-19T07:39:29","modified_gmt":"2018-11-19T10:39:29","slug":"cesare-battisti-extradicao","status":"publish","type":"post","link":"https:\/\/www.estrategiaconcursos.com.br\/blog\/cesare-battisti-extradicao\/","title":{"rendered":"Cesare Battisti: o que o destino reserva para o pr\u00f3ximo ano"},"content":{"rendered":"<p><span style=\"font-size: 18pt;\"><em>Intercorr\u00eancias, mera percep\u00e7\u00e3o do operador de Direito ou pura constata\u00e7\u00e3o de termos do Direito Administrativo<\/em><\/span><\/p>\n<p>Em momento p\u00f3s elei\u00e7\u00e3o de Jair Messias Bolsonaro, retornou \u00e0 pauta a extradi\u00e7\u00e3o de Cesare Battisti como uma das primeiras medidas a serem adotadas pelo novo Governo.<\/p>\n<p>O Ministro do Interior da It\u00e1lia, Matteo Salvini, em sua conta do <em>Twitter<\/em>, depois de cumprimentar o rec\u00e9m eleito Presidente pediu \u2018que reenvie para a It\u00e1lia o terrorista vermelho Battisti\u2019 &#8211; <em>E dopo anni di chiacchiere, chieder\u00f2 che ci rimandino in Italia il terrorista rosso <a href=\"https:\/\/twitter.com\/hashtag\/Battisti?src=hash\">#Battisti<\/a><\/em>.<\/p>\n<p>Importante relembrar que no atual Governo, o Ministro da Justi\u00e7a, Torquato Jardim, em uma entrevista, deu a entender que o presidente Michel Temer poderia extradit\u00e1-lo. Ou seja, \u00e9 um tema sempre \u00e0 espreita na rela\u00e7\u00e3o Brasil \/ It\u00e1lia. Por isso, agora n\u00e3o seria diferente.<\/p>\n<p>Battisti foi condenado \u00e0 pris\u00e3o perp\u00e9tua na It\u00e1lia por ter cometido 4 (quatro) homic\u00eddios &#8211; dois policiais, um joalheiro e um a\u00e7ougueiro -, na d\u00e9cada de 1970. Membro do grupo Prolet\u00e1rios Armados para o Comunismo (PAC), a defesa nega o envolvimento do ex-ativista em assassinatos e acusa o governo italiano de persegui\u00e7\u00e3o pol\u00edtica.<\/p>\n<h2><strong>Importante: um breve memorial sobre o tema<\/strong><\/h2>\n<p>O Pleno do Supremo Tribunal Federal, nos dias 09 e 10 de setembro de 2009, iniciou o julgamento conjunto do <strong>Pedido de Extradi\u00e7\u00e3o n\u00ba 1085<\/strong>, formulado em 04 de maio de 2007, pelo Governo da It\u00e1lia, contra Cesare Battisti, e do <strong>Mandado de Seguran\u00e7a n\u00ba 27875<\/strong>, tamb\u00e9m impetrado pela Rep\u00fablica da It\u00e1lia, contra ato do Ministro da Justi\u00e7a brasileiro, \u00e0 \u00e9poca, Tarso Genro. Ap\u00f3s pedidos de vistas, o julgamento foi conclu\u00eddo em 18 de novembro de 2009.<\/p>\n<p>Cesare Battisti encontrava-se preso no Brasil desde 18 de mar\u00e7o de 2007, em decorr\u00eancia do mencionado processo de <strong>extradi\u00e7\u00e3o<sup>1<\/sup><\/strong>, tendo em vista a sua condena\u00e7\u00e3o \u00e0 pris\u00e3o perp\u00e9tua em 2 (dois processos) criminais na It\u00e1lia, pela pr\u00e1tica dos 4 (quatro) homic\u00eddios supracitados cometidos no final da d\u00e9cada de 1970.<\/p>\n<p>Todavia, o caso teve maior repercuss\u00e3o na imprensa nacional e italiana a partir de janeiro de 2008, quando o ent\u00e3o Ministro da Justi\u00e7a, Tarso Genro, concedeu o <strong>status de refugiado<sup>2<\/sup> pol\u00edtico<\/strong> a Battisti, em pedido formulado por este ao Comit\u00ea Nacional para Refugiados (CONARE).<\/p>\n<p>Em 2010, sob a \u00e9gide do Governo Lula, o relator do Pedido de Extradi\u00e7\u00e3o n\u00ba 1085, Ministro Cezar Peluso, entendeu que a <strong>concess\u00e3o de ref\u00fagio<\/strong> pelo ent\u00e3o Ministro da Justi\u00e7a foi <strong>ilegal<\/strong>, sob o fundamento de que Battisti n\u00e3o cometeu crimes pol\u00edticos, mas <strong>delitos<\/strong> <strong>comuns<\/strong>, que <strong>n\u00e3o est\u00e3o prescritos<\/strong>. Destacou que os diplomas legais vigentes \u00e0 \u00e9poca &#8211; Estatuto dos Refugiados, atual Lei de Migra\u00e7\u00e3o (Lei Federal n\u00ba 13.445, de 24 de maio de 2017), e a Lei n\u00ba 9.474\/97 (art. 3\u00ba, III) &#8211; <strong>vedavam a concess\u00e3o do ref\u00fagio<\/strong> a quem tenha cometido crime hediondo.<\/p>\n<p>Ressaltaram, al\u00e9m disso, os Ministros do STF, em quest\u00e3o de ordem, que sua decis\u00e3o sobre o pedido de extradi\u00e7\u00e3o <strong>n\u00e3o vinculava<\/strong> o Presidente da Rep\u00fablica, que <strong>discricionariamente<\/strong> pode \u2013 ou n\u00e3o \u2013 conceder a extradi\u00e7\u00e3o, <strong>ap\u00f3s<\/strong> o reconhecimento da legalidade do <strong>pedido na fase judicial do processo<\/strong>.<\/p>\n<p>Ademais, o julgamento do STF \u00e9 somente autorizativo, incumbindo ao Presidente da Rep\u00fablica decidir pelo deferimento \u2013 ou n\u00e3o \u2013 do pedido, com fundamento gen\u00e9rico no art. 84, VII, da Constitui\u00e7\u00e3o da Rep\u00fablica Federativa do Brasil (que prev\u00ea ser de sua atribui\u00e7\u00e3o celebrar tratados, conven\u00e7\u00f5es e atos internacionais).<\/p>\n<p>Juridicamente, o STF somente declarou a ilegalidade do ato pol\u00edtico praticado pelo Ministro da Justi\u00e7a brasileiro, reconhecendo que Battisti <strong>n\u00e3o \u00e9 refugiado pol\u00edtico<\/strong>, portanto, caberia, sim, a sua extradi\u00e7\u00e3o para a It\u00e1lia, salientando, mais uma vez, que seu julgamento n\u00e3o vincula o Presidente da Rep\u00fablica, mas somente analisa a <strong>legalidade<\/strong> e a <strong>proced\u00eancia do requerimento<\/strong>, a quem incumbe deferir \u2013 ou n\u00e3o \u2013 o pedido de extradi\u00e7\u00e3o.<\/p>\n<p>Depois de decorridos quase 10 anos, o italiano est\u00e1 no Brasil, atualmente, por for\u00e7a de uma <strong>liminar<\/strong> dada pelo ministro do Supremo Tribunal Federal (STF), Luiz Fux, tendo em vista que Battisti, em 2017, foi preso ao tentar ultrapassar a fronteira entre o Brasil e a Bol\u00edvia com U$S 6 mil e 1,3 mil euros, tendo sido a pris\u00e3o revogada.<\/p>\n<p>O ministro Luiz Fux concedeu o pedido dos advogados, convertendo o Habeas Corpus (HC) em <strong>Reclama\u00e7\u00e3o<\/strong> e submeteu o caso a julgamento. Como o processo ainda n\u00e3o foi julgado, a tal liminar segue com validade e impede qualquer medida que vise tir\u00e1-lo do pa\u00eds.<\/p>\n<h2>Contrapontos \u00e0 defesa que reconhece imposs\u00edvel a extradi\u00e7\u00e3o<\/h2>\n<p>A tese da defesa gira em torno de que \u2018a abrang\u00eancia que a doutrina d\u00e1 \u00e0 disposi\u00e7\u00e3o do art. 54 da Lei n\u00ba 9.784\/1999, apontando que sequer expediente administrativo poderia ser instaurado para invalidar um ato administrativo praticado h\u00e1 mais de 5 (cinco) anos. Neste \u00e2mbito, entende-se, inclusive, que j\u00e1 existe efetivo ato coator ilegal, pois que a pr\u00f3pria autua\u00e7\u00e3o de expediente administrativo para <strong>revis\u00e3o<\/strong> da decis\u00e3o sobre extradi\u00e7\u00e3o do paciente j\u00e1 se reveste de patente ilegalidade\u2019.<\/p>\n<p>No entanto, a Procuradora-geral da Rep\u00fablica (PGR), Raquel Dodge, emitiu parecer na <strong>Reclama\u00e7\u00e3o<\/strong> no sentido contr\u00e1rio e destacou que cabe ao Presidente da Rep\u00fablica tomar a decis\u00e3o.<\/p>\n<p>A PGR afirmou que a decis\u00e3o do Supremo, em 2009, ao ter discutido o tema deixou <strong>expresso<\/strong> que a entrega de estrangeiros para fins de extradi\u00e7\u00e3o n\u00e3o cabe ao Poder Judici\u00e1rio, pois trata-se de medida de natureza pol\u00edtica, e, portanto, discricion\u00e1ria do Presidente da Rep\u00fablica. Avaliou, dessa forma, a \u2018cabe\u00e7a\u2019 do Minist\u00e9rio P\u00fablico (MP), que essa decis\u00e3o \u00e9 <strong>pass\u00edvel de revis\u00e3o pelo chefe do Executivo a qualquer tempo.<\/strong><\/p>\n<p>Isso em se considerando que o <strong>Pedido de Reconsidera\u00e7\u00e3o <\/strong>da decis\u00e3o do Executivo apresentado pelo governo da It\u00e1lia em nenhum momento busca a <strong>anula\u00e7\u00e3o<\/strong> do decreto, o qual foi assinado no \u00faltimo dia de mandato do ex-presidente Lula; busca, sim, a sua <strong>revoga\u00e7\u00e3o<\/strong>, o que decorre da <strong>discricionariedade do ato<\/strong>.<\/p>\n<p>Segundo Raquel Dodge,<\/p>\n<blockquote><p>\u2018a decis\u00e3o do presidente da Rep\u00fablica que nega a entrega de estrangeiro para fins de extradi\u00e7\u00e3o \u00e9 insindic\u00e1vel pelo Poder Judici\u00e1rio. Da\u00ed, contudo, n\u00e3o h\u00e1 inferir a impossibilidade de revis\u00e3o pelo Chefe de Estado da decis\u00e3o de entrega do estrangeiro. A Suprema Corte j\u00e1 reconheceu que, uma vez autorizada judicialmente a extradi\u00e7\u00e3o, <strong>a decis\u00e3o de entrega de estrangeiro \u00e9 decis\u00e3o pol\u00edtica, afeta \u00e0 soberania da Rep\u00fablica Federativa do Brasil, cuja autoridade competente para a decis\u00e3o \u00e9, exclusivamente, o presidente da Rep\u00fablica<\/strong>\u2019. (grifos nossos).<\/p><\/blockquote>\n<p>Sobre se a decis\u00e3o atingiria a <strong>seguran\u00e7a jur\u00eddica <\/strong>afirma,<\/p>\n<blockquote><p>\u2018n\u00e3o h\u00e1 falar, na esp\u00e9cie, em <strong>direito adquirido<\/strong>, sendo a decis\u00e3o pass\u00edvel de revis\u00e3o a qualquer tempo, pois decorre do exerc\u00edcio da soberania p\u00e1tria\u2019. (grifos nossos).<\/p><\/blockquote>\n<p>No processo, a Advocacia-Geral da Uni\u00e3o (AGU) seguiu mesma linha e defendeu que o \u2018STF nunca enfrentou a possibilidade de reavalia\u00e7\u00e3o da decis\u00e3o\u2019.<\/p>\n<p>Defende a AGU que,<\/p>\n<blockquote><p>\u2018fora fixado o entendimento no sentido de insindicabilidade do ato extradicional praticado pelo Presidente da Rep\u00fablica em rela\u00e7\u00e3o t\u00e3o somente ao Poder Judici\u00e1rio. Em nenhum momento, os Ministros se manifestaram pela impossibilidade de o pr\u00f3prio Chefe de Estado revisar o ato presidencial anterior\u2019. (grifos nossos).<\/p><\/blockquote>\n<p>Para a AGU, n\u00e3o h\u00e1 prazo de modo que decis\u00e3o sobre extradi\u00e7\u00e3o sofra algum tipo de reavalia\u00e7\u00e3o, sendo que o <strong>pedido de extradi\u00e7\u00e3o<\/strong> foi formulado pela Rep\u00fablica Italiana em fevereiro de 2007, tendo prazo prescricional de 20 (vinte) anos,<\/p>\n<blockquote><p>\u2018forte em tais raz\u00f5es, pode-se concluir que <strong>a revis\u00e3o<\/strong> do ato do Presidente da Rep\u00fablica que nega a extradi\u00e7\u00e3o de estrangeiro <strong>n\u00e3o est\u00e1 submetida a prazo prescricional ou decadencial<\/strong>, e que a <strong>compet\u00eancia para revisar<\/strong> o ato presidencial que indeferiu o pedido de extradi\u00e7\u00e3o, e <strong>revog\u00e1-lo<\/strong>, segundo <strong>crit\u00e9rios<\/strong> <strong>pol\u00edticos<\/strong> de <strong>conveni\u00eancia e oportunidade<\/strong>, <u>\u00e9 \u00fanico e exclusivo do pr\u00f3prio Presidente da Rep\u00fablica\u2019<\/u>. (grifos nossos).<\/p><\/blockquote>\n<h2><strong>Breves considera\u00e7\u00f5es: anula\u00e7\u00e3o x revoga\u00e7\u00e3o<\/strong><\/h2>\n<p>Como tra\u00e7ado acima, <strong>anula\u00e7\u00e3o<\/strong> e <strong>revoga\u00e7\u00e3o<\/strong> encontram-se em compartimentos distintos ao se tratar de extin\u00e7\u00e3o de atos administrativos emitidos pela Administra\u00e7\u00e3o P\u00fablica, no caso, pelo seu chefe, o ent\u00e3o Presidente da Rep\u00fablica.<\/p>\n<p>Enquanto a <u>anula\u00e7\u00e3o<\/u> (ou invalida\u00e7\u00e3o) \u00e9 o desfazimento do ato administrativo em virtude de <strong>ilegalidade<\/strong>, possuindo, portanto, efeitos retroativos <em>ex tunc<\/em>, ou seja, desde a sua origem; a <u>revoga\u00e7\u00e3o<\/u> \u00e9 a supress\u00e3o de um ato administrativo <strong>v\u00e1lido <\/strong>e <strong>discricion\u00e1rio <\/strong>por motivo de interesse p\u00fablico superveniente, tornando-o inconveniente ou inoportuno. Possuindo, assim, efeitos <em>ex nunc<\/em> &#8211; n\u00e3o retroativos e sim prospectivos -, retirando o ato da revoga\u00e7\u00e3o em diante (ato v\u00e1lido e sem v\u00edcio)<strong><sup>3<\/sup><\/strong>.<\/p>\n<p>Nesse sentir a S\u00famula n\u00ba 473\/STF disp\u00f5e que \u2018a Administra\u00e7\u00e3o pode <strong>anular<\/strong> seus pr\u00f3prios atos (autotutela), quando eivados de v\u00edcios que os tornam ilegais, porque deles n\u00e3o se originam direitos; ou <strong>revog\u00e1<\/strong>-los, por motivo de conveni\u00eancia ou oportunidade, respeitados os direitos adquiridos, e ressalvada, em todos os casos, a aprecia\u00e7\u00e3o judicial\u2019. Ou seja, aferida a ilegalidade, deve ser promovida a anula\u00e7\u00e3o do ato administrativo, sendo, portanto, obriga\u00e7\u00e3o da Administra\u00e7\u00e3o, de of\u00edcio ou por provoca\u00e7\u00e3o, ou pelo Judici\u00e1rio por provoca\u00e7\u00e3o.<\/p>\n<p>Contudo, a doutrina consente em deixar de anular um ato cujo preju\u00edzo for maior que a sua manuten\u00e7\u00e3o. Sempre que existir a anula\u00e7\u00e3o de um ato, devem ser resguardados os efeitos j\u00e1 produzidos em rela\u00e7\u00e3o aos terceiros de boa-f\u00e9.<\/p>\n<p>No entanto, como discorrido acima, aqui n\u00e3o se trata de direito adquirido, uma vez que <strong>n\u00e3o se adquire direito de um ato ilegal<sup>4<\/sup><\/strong>, n\u00e3o h\u00e1 que se invocar quer seja seguran\u00e7a jur\u00eddica, quer seja boa-f\u00e9 no que diz respeito a <strong>ilegalidade<\/strong> na concess\u00e3o de condi\u00e7\u00e3o de<strong> refugiado<\/strong>, uma vez que Battisti cometeu <strong>delitos<\/strong> <strong>comuns <\/strong>(e n\u00e3o crimes pol\u00edticos), que <strong>n\u00e3o est\u00e3o prescritos<\/strong>, n\u00e3o estando sujeitos ao prazo previsto no art. 54, da Lei n\u00ba 9.784\/1999, como quer fazer crer a defesa. O caso configurado \u00e9, pois, por todo o dito, o de extradi\u00e7\u00e3o.<\/p>\n<p>Dessa forma, frisa-se tratar, no contexto delineado, da extin\u00e7\u00e3o de um ato administrativo por conveni\u00eancia e oportunidade da Administra\u00e7\u00e3o, por isso, o tratamento a ser dado \u00e9 de <strong>revoga\u00e7\u00e3o <\/strong>de um <strong>ato discricion\u00e1rio<\/strong>.<\/p>\n<p>A revoga\u00e7\u00e3o \u00e9 <strong>ato privativo <\/strong>da<strong> Administra\u00e7\u00e3o <\/strong>que praticou o ato a ser extinto &#8211; por retirada -, conforme sustentado pelo STF, pela PGR, pela AGU.<\/p>\n<p>Na revoga\u00e7\u00e3o n\u00e3o h\u00e1 ilegalidade, e \u00e9 justamente por isso que o Poder Judici\u00e1rio n\u00e3o pode revogar um ato praticado pela Administra\u00e7\u00e3o.<\/p>\n<h2><strong>Alea jacta est<\/strong><\/h2>\n<p>O que est\u00e1 em jogo \u00e9 muito mais que um pedido de extradi\u00e7\u00e3o, como tantos outros constantes no rol que o STF julga.<\/p>\n<p>Em resposta \u00e0 mensagem de solicita\u00e7\u00e3o do Ministro do Interior da It\u00e1lia, Matteo Salvini, o filho do rec\u00e9m eleito Presidente Jair Bolsonaro, devolveu em sua conta do <em>Twitter <\/em>que o \u2018presente est\u00e1 chegando! Obrigado pelo apoio, a direita fica mais forte\u2019, escreveu Eduardo Bolsonaro.<\/p>\n<p>Certo \u00e9 que durante a campanha presidencial,\u00a0Bolsonaro se comprometeu a extraditar Battisti.<\/p>\n<h2><strong>Notas <\/strong><\/h2>\n<p><sup>1<\/sup> A <strong>extradi\u00e7\u00e3o<\/strong>, diferentemente da expuls\u00e3o e da deporta\u00e7\u00e3o, \u00e9 o \u00fanico procedimento que possui <u>uma fase administrativa e outra judicial<\/u>. <strong>Em uma primeira etapa<\/strong>, h\u00e1 o recebimento do pedido de extradi\u00e7\u00e3o, por via diplom\u00e1tica, com vers\u00e3o em portugu\u00eas dos documentos (providenciados pelo pa\u00eds requerente), instru\u00eddo obrigatoriamente com c\u00f3pia autenticada ou com o original da senten\u00e7a condenat\u00f3ria ou da decis\u00e3o penal proferida. Na sequ\u00eancia, o Minist\u00e9rio das Rela\u00e7\u00f5es Exteriores encaminha o pedido ao Minist\u00e9rio da Justi\u00e7a, cujo titular determina a pris\u00e3o do extraditando e o deixa \u00e0 disposi\u00e7\u00e3o do STF. <strong>Em seguida, tem in\u00edcio a segunda etapa do processo<\/strong>, competindo exclusivamente ao STF julgar o pedido (art. 102, \u2018g\u2019, da Constitui\u00e7\u00e3o), manifestando-se somente sobre a legalidade e a proced\u00eancia da extradi\u00e7\u00e3o n\u00e3o adentrando no m\u00e9rito do julgamento que motivou o requerimento.<\/p>\n<p><sup>2<\/sup> O STF n\u00e3o declarou a inconstitucionalidade do \u2018art. 33. O reconhecimento da condi\u00e7\u00e3o de refugiado obstar\u00e1 o seguimento de qualquer pedido de extradi\u00e7\u00e3o baseado nos fatos que fundamentaram a concess\u00e3o de ref\u00fagio\u2019. (Lei Federal n\u00ba 9.474, de 22 de julho de 1997).<\/p>\n<p><sup>3 <\/sup>A Administra\u00e7\u00e3o <strong>deve anular<\/strong> os atos por ela praticados os quais contenham <strong>v\u00edcios insan\u00e1veis<\/strong>, mas <strong>pode anular ou convalidar<\/strong> os atos com <strong>v\u00edcios san\u00e1veis<\/strong> que n\u00e3o acarretem les\u00e3o ao interesse p\u00fablico, nem preju\u00edzo a terceiros.<\/p>\n<p><sup>\u00a04 <\/sup>STF &#8211; MS 28.273\/DF<\/p>\n","protected":false},"excerpt":{"rendered":"<p>Intercorr\u00eancias, mera percep\u00e7\u00e3o do operador de Direito ou pura constata\u00e7\u00e3o de termos do Direito Administrativo Em momento p\u00f3s elei\u00e7\u00e3o de Jair Messias Bolsonaro, retornou \u00e0 pauta a extradi\u00e7\u00e3o de Cesare Battisti como uma das primeiras medidas a serem adotadas pelo novo Governo. O Ministro do Interior da It\u00e1lia, Matteo Salvini, em sua conta do Twitter, [&hellip;]<\/p>\n","protected":false},"author":180,"featured_media":151698,"comment_status":"open","ping_status":"closed","sticky":false,"template":"","format":"standard","meta":{"post_tipo":"article","footnotes":""},"categories":[1],"tags":[],"tax_estado":[],"class_list":["post-151697","post","type-post","status-publish","format-standard","has-post-thumbnail","hentry","category-cursos-e-concursos"],"acf":[],"yoast_head":"<!-- This site is optimized with the Yoast SEO Premium plugin v27.2 (Yoast SEO v27.2) - https:\/\/yoast.com\/product\/yoast-seo-premium-wordpress\/ -->\n<title>Cesare Battisti: o que o destino reserva para o pr\u00f3ximo ano<\/title>\n<meta name=\"description\" content=\"A extradi\u00e7\u00e3o de Cesare Battisti tem gerado muita discuss\u00e3o no meio jur\u00eddico. Neste artigo o Prof. Renato Borelli discute os aspectos legais da medita.\" \/>\n<meta name=\"robots\" content=\"index, follow, max-snippet:-1, max-image-preview:large, max-video-preview:-1\" \/>\n<link rel=\"canonical\" href=\"https:\/\/www.estrategiaconcursos.com.br\/blog\/cesare-battisti-extradicao\/\" \/>\n<meta property=\"og:locale\" content=\"pt_BR\" \/>\n<meta property=\"og:type\" content=\"article\" \/>\n<meta property=\"og:title\" content=\"Cesare Battisti: o que o destino reserva para o pr\u00f3ximo ano\" \/>\n<meta property=\"og:description\" content=\"A extradi\u00e7\u00e3o de Cesare Battisti tem gerado muita discuss\u00e3o no meio jur\u00eddico. Neste artigo o Prof. Renato Borelli discute os aspectos legais da medita.\" \/>\n<meta property=\"og:url\" content=\"https:\/\/www.estrategiaconcursos.com.br\/blog\/cesare-battisti-extradicao\/\" \/>\n<meta property=\"og:site_name\" content=\"Estrat\u00e9gia Concursos\" \/>\n<meta property=\"article:author\" content=\"https:\/\/www.facebook.com\/ricardo.s.torques\" \/>\n<meta property=\"article:published_time\" content=\"2018-11-19T10:39:29+00:00\" \/>\n<meta property=\"og:image\" content=\"https:\/\/dhg1h5j42swfq.cloudfront.net\/2018\/11\/19073447\/cesare-battisti.jpg\" \/>\n\t<meta property=\"og:image:width\" content=\"698\" \/>\n\t<meta property=\"og:image:height\" content=\"384\" \/>\n\t<meta property=\"og:image:type\" content=\"image\/jpeg\" \/>\n<meta name=\"author\" content=\"Ricardo Torques\" \/>\n<meta name=\"twitter:card\" content=\"summary_large_image\" \/>\n<meta name=\"twitter:creator\" content=\"@EstratConcursos\" \/>\n<meta name=\"twitter:site\" content=\"@EstratConcursos\" \/>\n<meta name=\"twitter:label1\" content=\"Escrito por\" \/>\n\t<meta name=\"twitter:data1\" content=\"Ricardo Torques\" \/>\n\t<meta name=\"twitter:label2\" content=\"Est. tempo de leitura\" \/>\n\t<meta name=\"twitter:data2\" content=\"11 minutos\" \/>\n<script type=\"application\/ld+json\" class=\"yoast-schema-graph\">{\"@context\":\"https:\/\/schema.org\",\"@graph\":[{\"@type\":\"NewsArticle\",\"@id\":\"https:\/\/www.estrategiaconcursos.com.br\/blog\/cesare-battisti-extradicao\/#article\",\"isPartOf\":{\"@id\":\"https:\/\/www.estrategiaconcursos.com.br\/blog\/cesare-battisti-extradicao\/\"},\"author\":{\"name\":\"Ricardo Torques\",\"@id\":\"https:\/\/www.estrategiaconcursos.com.br\/blog\/#\/schema\/person\/aa39cf5ddb518e5bdce27c35788405e2\"},\"headline\":\"Cesare Battisti: o que o destino reserva para o pr\u00f3ximo ano\",\"datePublished\":\"2018-11-19T10:39:29+00:00\",\"mainEntityOfPage\":{\"@id\":\"https:\/\/www.estrategiaconcursos.com.br\/blog\/cesare-battisti-extradicao\/\"},\"wordCount\":2169,\"commentCount\":1,\"publisher\":{\"@id\":\"https:\/\/www.estrategiaconcursos.com.br\/blog\/#organization\"},\"image\":{\"@id\":\"https:\/\/www.estrategiaconcursos.com.br\/blog\/cesare-battisti-extradicao\/#primaryimage\"},\"thumbnailUrl\":\"https:\/\/dhg1h5j42swfq.cloudfront.net\/2018\/11\/19073447\/cesare-battisti.jpg\",\"articleSection\":[\"Concursos P\u00fablicos\"],\"inLanguage\":\"pt-BR\",\"potentialAction\":[{\"@type\":\"CommentAction\",\"name\":\"Comment\",\"target\":[\"https:\/\/www.estrategiaconcursos.com.br\/blog\/cesare-battisti-extradicao\/#respond\"]}],\"copyrightYear\":\"2018\",\"copyrightHolder\":{\"@id\":\"https:\/\/www.estrategiaconcursos.com.br\/blog\/#organization\"}},{\"@type\":\"WebPage\",\"@id\":\"https:\/\/www.estrategiaconcursos.com.br\/blog\/cesare-battisti-extradicao\/\",\"url\":\"https:\/\/www.estrategiaconcursos.com.br\/blog\/cesare-battisti-extradicao\/\",\"name\":\"Cesare Battisti: o que o destino reserva para o pr\u00f3ximo ano\",\"isPartOf\":{\"@id\":\"https:\/\/www.estrategiaconcursos.com.br\/blog\/#website\"},\"primaryImageOfPage\":{\"@id\":\"https:\/\/www.estrategiaconcursos.com.br\/blog\/cesare-battisti-extradicao\/#primaryimage\"},\"image\":{\"@id\":\"https:\/\/www.estrategiaconcursos.com.br\/blog\/cesare-battisti-extradicao\/#primaryimage\"},\"thumbnailUrl\":\"https:\/\/dhg1h5j42swfq.cloudfront.net\/2018\/11\/19073447\/cesare-battisti.jpg\",\"datePublished\":\"2018-11-19T10:39:29+00:00\",\"description\":\"A extradi\u00e7\u00e3o de Cesare Battisti tem gerado muita discuss\u00e3o no meio jur\u00eddico. Neste artigo o Prof. Renato Borelli discute os aspectos legais da medita.\",\"breadcrumb\":{\"@id\":\"https:\/\/www.estrategiaconcursos.com.br\/blog\/cesare-battisti-extradicao\/#breadcrumb\"},\"inLanguage\":\"pt-BR\",\"potentialAction\":[{\"@type\":\"ReadAction\",\"target\":[\"https:\/\/www.estrategiaconcursos.com.br\/blog\/cesare-battisti-extradicao\/\"]}]},{\"@type\":\"ImageObject\",\"inLanguage\":\"pt-BR\",\"@id\":\"https:\/\/www.estrategiaconcursos.com.br\/blog\/cesare-battisti-extradicao\/#primaryimage\",\"url\":\"https:\/\/dhg1h5j42swfq.cloudfront.net\/2018\/11\/19073447\/cesare-battisti.jpg\",\"contentUrl\":\"https:\/\/dhg1h5j42swfq.cloudfront.net\/2018\/11\/19073447\/cesare-battisti.jpg\",\"width\":698,\"height\":384,\"caption\":\"cesare battisti extradi\u00e7\u00e3o\"},{\"@type\":\"BreadcrumbList\",\"@id\":\"https:\/\/www.estrategiaconcursos.com.br\/blog\/cesare-battisti-extradicao\/#breadcrumb\",\"itemListElement\":[{\"@type\":\"ListItem\",\"position\":1,\"name\":\"In\u00edcio\",\"item\":\"https:\/\/www.estrategiaconcursos.com.br\/blog\/\"},{\"@type\":\"ListItem\",\"position\":2,\"name\":\"Cesare Battisti: o que o destino reserva para o pr\u00f3ximo ano\"}]},{\"@type\":\"WebSite\",\"@id\":\"https:\/\/www.estrategiaconcursos.com.br\/blog\/#website\",\"url\":\"https:\/\/www.estrategiaconcursos.com.br\/blog\/\",\"name\":\"Estrat\u00e9gia Concursos\",\"description\":\"O blog da Estrat\u00e9gia Concursos traz not\u00edcias sobre concursos e artigos de professores oferecendo cursos para concursos (pdf + videaulas) no site.\",\"publisher\":{\"@id\":\"https:\/\/www.estrategiaconcursos.com.br\/blog\/#organization\"},\"potentialAction\":[{\"@type\":\"SearchAction\",\"target\":{\"@type\":\"EntryPoint\",\"urlTemplate\":\"https:\/\/www.estrategiaconcursos.com.br\/blog\/?s={search_term_string}\"},\"query-input\":{\"@type\":\"PropertyValueSpecification\",\"valueRequired\":true,\"valueName\":\"search_term_string\"}}],\"inLanguage\":\"pt-BR\"},{\"@type\":\"Organization\",\"@id\":\"https:\/\/www.estrategiaconcursos.com.br\/blog\/#organization\",\"name\":\"Estrat\u00e9gia Concursos\",\"url\":\"https:\/\/www.estrategiaconcursos.com.br\/blog\/\",\"logo\":{\"@type\":\"ImageObject\",\"inLanguage\":\"pt-BR\",\"@id\":\"https:\/\/www.estrategiaconcursos.com.br\/blog\/#\/schema\/logo\/image\/\",\"url\":\"https:\/\/dhg1h5j42swfq.cloudfront.net\/2025\/06\/03203428\/logo_concursos-1.jpg\",\"contentUrl\":\"https:\/\/dhg1h5j42swfq.cloudfront.net\/2025\/06\/03203428\/logo_concursos-1.jpg\",\"width\":230,\"height\":60,\"caption\":\"Estrat\u00e9gia Concursos\"},\"image\":{\"@id\":\"https:\/\/www.estrategiaconcursos.com.br\/blog\/#\/schema\/logo\/image\/\"},\"sameAs\":[\"https:\/\/x.com\/EstratConcursos\"]},{\"@type\":\"Person\",\"@id\":\"https:\/\/www.estrategiaconcursos.com.br\/blog\/#\/schema\/person\/aa39cf5ddb518e5bdce27c35788405e2\",\"name\":\"Ricardo Torques\",\"image\":{\"@type\":\"ImageObject\",\"inLanguage\":\"pt-BR\",\"@id\":\"https:\/\/secure.gravatar.com\/avatar\/ce9ac6c3cff25fe86d15ed568ebc64d1724baf5c0693133bcb1f6073f712f92a?s=96&d=mm&r=g\",\"url\":\"https:\/\/secure.gravatar.com\/avatar\/ce9ac6c3cff25fe86d15ed568ebc64d1724baf5c0693133bcb1f6073f712f92a?s=96&d=mm&r=g\",\"contentUrl\":\"https:\/\/secure.gravatar.com\/avatar\/ce9ac6c3cff25fe86d15ed568ebc64d1724baf5c0693133bcb1f6073f712f92a?s=96&d=mm&r=g\",\"caption\":\"Ricardo Torques\"},\"sameAs\":[\"https:\/\/www.facebook.com\/ricardo.s.torques\"],\"url\":\"https:\/\/www.estrategiaconcursos.com.br\/blog\/author\/ricardotorquesestrategiaconcursos-com-br\/\"}]}<\/script>\n<!-- \/ Yoast SEO Premium plugin. -->","yoast_head_json":{"title":"Cesare Battisti: o que o destino reserva para o pr\u00f3ximo ano","description":"A extradi\u00e7\u00e3o de Cesare Battisti tem gerado muita discuss\u00e3o no meio jur\u00eddico. Neste artigo o Prof. Renato Borelli discute os aspectos legais da medita.","robots":{"index":"index","follow":"follow","max-snippet":"max-snippet:-1","max-image-preview":"max-image-preview:large","max-video-preview":"max-video-preview:-1"},"canonical":"https:\/\/www.estrategiaconcursos.com.br\/blog\/cesare-battisti-extradicao\/","og_locale":"pt_BR","og_type":"article","og_title":"Cesare Battisti: o que o destino reserva para o pr\u00f3ximo ano","og_description":"A extradi\u00e7\u00e3o de Cesare Battisti tem gerado muita discuss\u00e3o no meio jur\u00eddico. Neste artigo o Prof. Renato Borelli discute os aspectos legais da medita.","og_url":"https:\/\/www.estrategiaconcursos.com.br\/blog\/cesare-battisti-extradicao\/","og_site_name":"Estrat\u00e9gia Concursos","article_author":"https:\/\/www.facebook.com\/ricardo.s.torques","article_published_time":"2018-11-19T10:39:29+00:00","og_image":[{"width":698,"height":384,"url":"https:\/\/dhg1h5j42swfq.cloudfront.net\/2018\/11\/19073447\/cesare-battisti.jpg","type":"image\/jpeg"}],"author":"Ricardo Torques","twitter_card":"summary_large_image","twitter_creator":"@EstratConcursos","twitter_site":"@EstratConcursos","twitter_misc":{"Escrito por":"Ricardo Torques","Est. tempo de leitura":"11 minutos"},"schema":{"@context":"https:\/\/schema.org","@graph":[{"@type":"NewsArticle","@id":"https:\/\/www.estrategiaconcursos.com.br\/blog\/cesare-battisti-extradicao\/#article","isPartOf":{"@id":"https:\/\/www.estrategiaconcursos.com.br\/blog\/cesare-battisti-extradicao\/"},"author":{"name":"Ricardo Torques","@id":"https:\/\/www.estrategiaconcursos.com.br\/blog\/#\/schema\/person\/aa39cf5ddb518e5bdce27c35788405e2"},"headline":"Cesare Battisti: o que o destino reserva para o pr\u00f3ximo ano","datePublished":"2018-11-19T10:39:29+00:00","mainEntityOfPage":{"@id":"https:\/\/www.estrategiaconcursos.com.br\/blog\/cesare-battisti-extradicao\/"},"wordCount":2169,"commentCount":1,"publisher":{"@id":"https:\/\/www.estrategiaconcursos.com.br\/blog\/#organization"},"image":{"@id":"https:\/\/www.estrategiaconcursos.com.br\/blog\/cesare-battisti-extradicao\/#primaryimage"},"thumbnailUrl":"https:\/\/dhg1h5j42swfq.cloudfront.net\/2018\/11\/19073447\/cesare-battisti.jpg","articleSection":["Concursos P\u00fablicos"],"inLanguage":"pt-BR","potentialAction":[{"@type":"CommentAction","name":"Comment","target":["https:\/\/www.estrategiaconcursos.com.br\/blog\/cesare-battisti-extradicao\/#respond"]}],"copyrightYear":"2018","copyrightHolder":{"@id":"https:\/\/www.estrategiaconcursos.com.br\/blog\/#organization"}},{"@type":"WebPage","@id":"https:\/\/www.estrategiaconcursos.com.br\/blog\/cesare-battisti-extradicao\/","url":"https:\/\/www.estrategiaconcursos.com.br\/blog\/cesare-battisti-extradicao\/","name":"Cesare Battisti: o que o destino reserva para o pr\u00f3ximo ano","isPartOf":{"@id":"https:\/\/www.estrategiaconcursos.com.br\/blog\/#website"},"primaryImageOfPage":{"@id":"https:\/\/www.estrategiaconcursos.com.br\/blog\/cesare-battisti-extradicao\/#primaryimage"},"image":{"@id":"https:\/\/www.estrategiaconcursos.com.br\/blog\/cesare-battisti-extradicao\/#primaryimage"},"thumbnailUrl":"https:\/\/dhg1h5j42swfq.cloudfront.net\/2018\/11\/19073447\/cesare-battisti.jpg","datePublished":"2018-11-19T10:39:29+00:00","description":"A extradi\u00e7\u00e3o de Cesare Battisti tem gerado muita discuss\u00e3o no meio jur\u00eddico. Neste artigo o Prof. Renato Borelli discute os aspectos legais da medita.","breadcrumb":{"@id":"https:\/\/www.estrategiaconcursos.com.br\/blog\/cesare-battisti-extradicao\/#breadcrumb"},"inLanguage":"pt-BR","potentialAction":[{"@type":"ReadAction","target":["https:\/\/www.estrategiaconcursos.com.br\/blog\/cesare-battisti-extradicao\/"]}]},{"@type":"ImageObject","inLanguage":"pt-BR","@id":"https:\/\/www.estrategiaconcursos.com.br\/blog\/cesare-battisti-extradicao\/#primaryimage","url":"https:\/\/dhg1h5j42swfq.cloudfront.net\/2018\/11\/19073447\/cesare-battisti.jpg","contentUrl":"https:\/\/dhg1h5j42swfq.cloudfront.net\/2018\/11\/19073447\/cesare-battisti.jpg","width":698,"height":384,"caption":"cesare battisti extradi\u00e7\u00e3o"},{"@type":"BreadcrumbList","@id":"https:\/\/www.estrategiaconcursos.com.br\/blog\/cesare-battisti-extradicao\/#breadcrumb","itemListElement":[{"@type":"ListItem","position":1,"name":"In\u00edcio","item":"https:\/\/www.estrategiaconcursos.com.br\/blog\/"},{"@type":"ListItem","position":2,"name":"Cesare Battisti: o que o destino reserva para o pr\u00f3ximo ano"}]},{"@type":"WebSite","@id":"https:\/\/www.estrategiaconcursos.com.br\/blog\/#website","url":"https:\/\/www.estrategiaconcursos.com.br\/blog\/","name":"Estrat\u00e9gia Concursos","description":"O blog da Estrat\u00e9gia Concursos traz not\u00edcias sobre concursos e artigos de professores oferecendo cursos para concursos (pdf + videaulas) no site.","publisher":{"@id":"https:\/\/www.estrategiaconcursos.com.br\/blog\/#organization"},"potentialAction":[{"@type":"SearchAction","target":{"@type":"EntryPoint","urlTemplate":"https:\/\/www.estrategiaconcursos.com.br\/blog\/?s={search_term_string}"},"query-input":{"@type":"PropertyValueSpecification","valueRequired":true,"valueName":"search_term_string"}}],"inLanguage":"pt-BR"},{"@type":"Organization","@id":"https:\/\/www.estrategiaconcursos.com.br\/blog\/#organization","name":"Estrat\u00e9gia Concursos","url":"https:\/\/www.estrategiaconcursos.com.br\/blog\/","logo":{"@type":"ImageObject","inLanguage":"pt-BR","@id":"https:\/\/www.estrategiaconcursos.com.br\/blog\/#\/schema\/logo\/image\/","url":"https:\/\/dhg1h5j42swfq.cloudfront.net\/2025\/06\/03203428\/logo_concursos-1.jpg","contentUrl":"https:\/\/dhg1h5j42swfq.cloudfront.net\/2025\/06\/03203428\/logo_concursos-1.jpg","width":230,"height":60,"caption":"Estrat\u00e9gia Concursos"},"image":{"@id":"https:\/\/www.estrategiaconcursos.com.br\/blog\/#\/schema\/logo\/image\/"},"sameAs":["https:\/\/x.com\/EstratConcursos"]},{"@type":"Person","@id":"https:\/\/www.estrategiaconcursos.com.br\/blog\/#\/schema\/person\/aa39cf5ddb518e5bdce27c35788405e2","name":"Ricardo Torques","image":{"@type":"ImageObject","inLanguage":"pt-BR","@id":"https:\/\/secure.gravatar.com\/avatar\/ce9ac6c3cff25fe86d15ed568ebc64d1724baf5c0693133bcb1f6073f712f92a?s=96&d=mm&r=g","url":"https:\/\/secure.gravatar.com\/avatar\/ce9ac6c3cff25fe86d15ed568ebc64d1724baf5c0693133bcb1f6073f712f92a?s=96&d=mm&r=g","contentUrl":"https:\/\/secure.gravatar.com\/avatar\/ce9ac6c3cff25fe86d15ed568ebc64d1724baf5c0693133bcb1f6073f712f92a?s=96&d=mm&r=g","caption":"Ricardo Torques"},"sameAs":["https:\/\/www.facebook.com\/ricardo.s.torques"],"url":"https:\/\/www.estrategiaconcursos.com.br\/blog\/author\/ricardotorquesestrategiaconcursos-com-br\/"}]}},"_links":{"self":[{"href":"https:\/\/www.estrategiaconcursos.com.br\/blog\/wp-json\/wp\/v2\/posts\/151697","targetHints":{"allow":["GET"]}}],"collection":[{"href":"https:\/\/www.estrategiaconcursos.com.br\/blog\/wp-json\/wp\/v2\/posts"}],"about":[{"href":"https:\/\/www.estrategiaconcursos.com.br\/blog\/wp-json\/wp\/v2\/types\/post"}],"author":[{"embeddable":true,"href":"https:\/\/www.estrategiaconcursos.com.br\/blog\/wp-json\/wp\/v2\/users\/180"}],"replies":[{"embeddable":true,"href":"https:\/\/www.estrategiaconcursos.com.br\/blog\/wp-json\/wp\/v2\/comments?post=151697"}],"version-history":[{"count":1,"href":"https:\/\/www.estrategiaconcursos.com.br\/blog\/wp-json\/wp\/v2\/posts\/151697\/revisions"}],"predecessor-version":[{"id":151699,"href":"https:\/\/www.estrategiaconcursos.com.br\/blog\/wp-json\/wp\/v2\/posts\/151697\/revisions\/151699"}],"wp:featuredmedia":[{"embeddable":true,"href":"https:\/\/www.estrategiaconcursos.com.br\/blog\/wp-json\/wp\/v2\/media\/151698"}],"wp:attachment":[{"href":"https:\/\/www.estrategiaconcursos.com.br\/blog\/wp-json\/wp\/v2\/media?parent=151697"}],"wp:term":[{"taxonomy":"category","embeddable":true,"href":"https:\/\/www.estrategiaconcursos.com.br\/blog\/wp-json\/wp\/v2\/categories?post=151697"},{"taxonomy":"post_tag","embeddable":true,"href":"https:\/\/www.estrategiaconcursos.com.br\/blog\/wp-json\/wp\/v2\/tags?post=151697"},{"taxonomy":"tax_estado","embeddable":true,"href":"https:\/\/www.estrategiaconcursos.com.br\/blog\/wp-json\/wp\/v2\/tax_estado?post=151697"}],"curies":[{"name":"wp","href":"https:\/\/api.w.org\/{rel}","templated":true}]}}