{"id":151649,"date":"2018-11-18T20:56:32","date_gmt":"2018-11-18T23:56:32","guid":{"rendered":"https:\/\/www.estrategiaconcursos.com.br\/blog\/?p=151649"},"modified":"2019-04-16T09:43:22","modified_gmt":"2019-04-16T12:43:22","slug":"gabarito-tce-mg-direito-direito-tributario","status":"publish","type":"post","link":"https:\/\/www.estrategiaconcursos.com.br\/blog\/gabarito-tce-mg-direito-direito-tributario\/","title":{"rendered":"Gabarito TCE-MG (Direito) &#8211; Direito Tribut\u00e1rio"},"content":{"rendered":"<p style=\"text-align: justify\">Ol\u00e1, pessoal, tudo bem?<\/p>\n<p style=\"text-align: justify\">Meu nome \u00e9 F\u00e1bio Dutra, e sou professor de Direito Tribut\u00e1rio aqui do Estrat\u00e9gia!<\/p>\n<p style=\"text-align: justify\">No dia de hoje foram aplicadas as t\u00e3o aguardadas provas para o concurso do TCE-MG! A disciplina de Direito Tribut\u00e1rio foi cobrada para o Cargo de Analista de Controle Externo \u2013 \u00c1rea Direito.<\/p>\n<p style=\"text-align: justify\">Sabemos que todos voc\u00eas est\u00e3o muito ansiosos para saber o prov\u00e1vel gabarito de cada uma das quest\u00f5es. Pensando nisso, n\u00f3s professores preparamos um gabarito extraoficial, com o coment\u00e1rio de cada uma das quest\u00f5es.<\/p>\n<p style=\"text-align: justify\">Neste artigo, comentaremos as quest\u00f5es aplicadas nesta prova!\u00a0De antem\u00e3o adianto nossa discord\u00e2ncia com\u00a0 o gabarito apontado pela banca na quest\u00e3o 37, definido preliminarmente como Letra B pela banca, o que discordamos com base nos argumentos que constam abaixo.<\/p>\n<p style=\"text-align: justify\">Em rela\u00e7\u00e3o ao Direito Tribut\u00e1rio, os coment\u00e1rios seguem abaixo!<\/p>\n<p style=\"text-align: justify\">Desejo muito sucesso a todos voc\u00eas!<\/p>\n<p style=\"text-align: justify\">Um abra\u00e7o e boa sorte!<\/p>\n<p style=\"text-align: justify\"><strong>Sigam-me no Instagram: @proffabiodutra<\/strong><\/p>\n<hr \/>\n<p style=\"text-align: justify\"><strong>Quest\u00e3o 36 \u2013 <\/strong><\/p>\n<p style=\"text-align: justify\"><strong>\u00a0<img loading=\"lazy\" decoding=\"async\" class=\"alignnone size-medium wp-image-151651\" src=\"https:\/\/dhg1h5j42swfq.cloudfront.net\/2018\/11\/18205411\/Q36.png\" alt=\"\" width=\"300\" height=\"229\" srcset=\"https:\/\/dhg1h5j42swfq.cloudfront.net\/2018\/11\/18205411\/Q36.png 469w, https:\/\/dhg1h5j42swfq.cloudfront.net\/2018\/11\/18205411\/Q36.png 300w\" sizes=\"auto, (max-width: 300px) 100vw, 300px\" \/><\/strong><\/p>\n<p style=\"text-align: justify\"><strong>\u00a0<\/strong><strong>Coment\u00e1rio: <\/strong>A quest\u00e3o trata da delega\u00e7\u00e3o da fun\u00e7\u00e3o de arrecadar tributo apenas. O \u00a7 3\u00ba, do art. 7\u00ba, do CTN, estabelece que n\u00e3o constitui delega\u00e7\u00e3o de compet\u00eancia o cometimento, a pessoas de direito privado, do encargo ou da fun\u00e7\u00e3o de arrecadar tributos.<\/p>\n<p style=\"text-align: justify\"><strong>Alternativa A: <\/strong>A atribui\u00e7\u00e3o n\u00e3o \u00e9 ilegal, e a revoga\u00e7\u00e3o tamb\u00e9m n\u00e3o \u00e9 bilateral. Alternativa errada.<\/p>\n<p style=\"text-align: justify\"><strong>Alternativa B: <\/strong>O art. 7\u00ba, \u00a7 3\u00ba, do CTN, deixa claro que a atribui\u00e7\u00e3o da fun\u00e7\u00e3o de arrecadar n\u00e3o se confunde com delega\u00e7\u00e3o da compet\u00eancia tribut\u00e1ria. Alternativa errada.<\/p>\n<p style=\"text-align: justify\"><strong>Alternativa C: <\/strong>Sujeito ativo direto representa o ente tributante que instituiu o tributo. A entidade de direito privado nunca poderia ser o pr\u00f3prio ente instituidor. Logo, a alternativa est\u00e1 errada.<\/p>\n<p style=\"text-align: justify\"><strong>Alternativa D: <\/strong>O ente privado jamais pode deter a compet\u00eancia tribut\u00e1ria, exclusa dos entes federativos. Alternativa errada.<\/p>\n<p style=\"text-align: justify\"><strong>Alternativa E: <\/strong>A banca se fundamentou no art. 7\u00ba, \u00a7 3\u00ba, do CTN. Vale lembrar que essa atribui\u00e7\u00e3o n\u00e3o se confunde com a capacidade tribut\u00e1ria ativa. Alternativa correta.<\/p>\n<p style=\"text-align: justify\"><strong>Gabarito: Letra E<\/strong><\/p>\n<hr \/>\n<p style=\"text-align: justify\"><strong>\u00a0<\/strong><strong>Quest\u00e3o 37 \u2013 <\/strong><\/p>\n<p style=\"text-align: justify\"><strong>\u00a0<img loading=\"lazy\" decoding=\"async\" class=\"alignnone size-medium wp-image-151652\" src=\"https:\/\/dhg1h5j42swfq.cloudfront.net\/2018\/11\/18205414\/Q37.png\" alt=\"\" width=\"300\" height=\"202\" srcset=\"https:\/\/dhg1h5j42swfq.cloudfront.net\/2018\/11\/18205414\/Q37.png 558w, https:\/\/dhg1h5j42swfq.cloudfront.net\/2018\/11\/18205414\/Q37.png 300w\" sizes=\"auto, (max-width: 300px) 100vw, 300px\" \/><\/strong><\/p>\n<p style=\"text-align: justify\"><strong>Coment\u00e1rio: <\/strong>O art. 134, I, do CTN, estabelece que, na impossibilidade de exig\u00eancia do cumprimento da obriga\u00e7\u00e3o principal pelo contribuinte, respondem solidariamente com este nos atos em que intervierem ou pelas omiss\u00f5es de que forem respons\u00e1veis os pais, pelos tributos devidos por seus filhos menores.<\/p>\n<p style=\"text-align: justify\">A banca apontou como gabarito a Letra D. Por\u00e9m, cabe recurso, uma vez que n\u00e3o \u00e9 poss\u00edvel afirmar se haver\u00e1 responsabilidade dos pais, j\u00e1 que o art. 134 exige duas condi\u00e7\u00f5es para atrair a responsabilidade \u201csolid\u00e1ria\u201d aos pais. S\u00e3o elas:<\/p>\n<p style=\"text-align: justify\">1) impossibilidade de exigir o cumprimento da obriga\u00e7\u00e3o tribut\u00e1ria principal do filho (ser\u00e1 o primeiro a ser cobrado);<\/p>\n<p style=\"text-align: justify\">2) atua\u00e7\u00e3o ou omiss\u00e3o dos pais dando causa ao n\u00e3o pagamento do ITCMD.<\/p>\n<p style=\"text-align: justify\">Como nada disso foi informado, e sendo afirmado apenas que o Estado deixou de recolher (n\u00e3o sabemos ao menos o porqu\u00ea, podendo ser at\u00e9 por omiss\u00e3o do pr\u00f3prio Estado), n\u00e3o podemos caracterizar a responsabilidade dos pais. O pr\u00f3prio enunciado exigiu a resposta considerando \u201caquela situa\u00e7\u00e3o hipot\u00e9tica\u201d, isto \u00e9, sem definir qualquer atua\u00e7\u00e3o ou omiss\u00e3o dos pais, ou a impossibilidade de exig\u00eancia do filho.<\/p>\n<p style=\"text-align: justify\"><strong>Gabarito: Letra B<\/strong><\/p>\n<p style=\"text-align: justify\"><strong>\u00a0<\/strong><\/p>\n<hr \/>\n<p style=\"text-align: justify\"><strong>\u00a0<\/strong><strong>Quest\u00e3o 38 \u2013<\/strong><\/p>\n<p style=\"text-align: justify\"><strong>\u00a0<img loading=\"lazy\" decoding=\"async\" class=\"alignnone size-medium wp-image-151653\" src=\"https:\/\/dhg1h5j42swfq.cloudfront.net\/2018\/11\/18205416\/Q38.png\" alt=\"\" width=\"300\" height=\"259\" srcset=\"https:\/\/dhg1h5j42swfq.cloudfront.net\/2018\/11\/18205416\/Q38.png 437w, https:\/\/dhg1h5j42swfq.cloudfront.net\/2018\/11\/18205416\/Q38.png 300w\" sizes=\"auto, (max-width: 300px) 100vw, 300px\" \/><\/strong><\/p>\n<p style=\"text-align: justify\"><strong>Coment\u00e1rio: <\/strong>A quest\u00e3o trata do art. 116, par. \u00fanico, do CTN, que estabelece que a autoridade administrativa poder\u00e1 desconsiderar atos ou neg\u00f3cios jur\u00eddicos praticados com a finalidade de dissimular a ocorr\u00eancia do fato gerador do tributo ou a natureza dos elementos constitutivos da obriga\u00e7\u00e3o tribut\u00e1ria, observados os procedimentos a serem estabelecidos em lei ordin\u00e1ria.<\/p>\n<p style=\"text-align: justify\">Como o enunciado da quest\u00e3o pede a resposta com base no CTN, n\u00e3o podemos afirmar que n\u00e3o existe previs\u00e3o legal para desconsiderar.<\/p>\n<p style=\"text-align: justify\"><strong>Gabarito: Letra D<\/strong><strong>\u00a0<\/strong><strong>\u00a0<\/strong><\/p>\n<hr \/>\n<p style=\"text-align: justify\"><strong>Quest\u00e3o 39 \u2013<\/strong><\/p>\n<p style=\"text-align: justify\"><img loading=\"lazy\" decoding=\"async\" class=\"alignnone size-medium wp-image-151654\" src=\"https:\/\/dhg1h5j42swfq.cloudfront.net\/2018\/11\/18205419\/Q39.png\" alt=\"\" width=\"300\" height=\"210\" srcset=\"https:\/\/dhg1h5j42swfq.cloudfront.net\/2018\/11\/18205419\/Q39.png 482w, https:\/\/dhg1h5j42swfq.cloudfront.net\/2018\/11\/18205419\/Q39.png 300w\" sizes=\"auto, (max-width: 300px) 100vw, 300px\" \/><\/p>\n<p style=\"text-align: justify\"><strong>Coment\u00e1rio: <\/strong>A banca menciona justamente os exemplos citados no ac\u00f3rd\u00e3o do RE n. 89.876\/RJ, cujo relator foi o Ministro Moreira Alves, bem como a confer\u00eancia por ele proferida no X Simp\u00f3sio Nacional de Direito Tribut\u00e1rio acerca do tema \u201cTaxa e Pre\u00e7o P\u00fablico\u201d, realizado em 19\/10\/1985, cujo resumo foi apresentado por Vittorio Cassone.<\/p>\n<p style=\"text-align: justify\">Em suma, foram estabelecidas tr\u00eas classifica\u00e7\u00f5es de servi\u00e7os p\u00fablicos: propriamente estatais, essenciais ao interesse p\u00fablico e n\u00e3o essenciais. Como a quest\u00e3o s\u00f3 utilizou as duas \u00faltimas classifica\u00e7\u00f5es, trago para voc\u00eas o que foi considerado para defini\u00e7\u00e3o da resposta:<\/p>\n<p style=\"text-align: justify\">A) Servi\u00e7os p\u00fablicos essenciais ao interesse p\u00fablico: s\u00e3o servi\u00e7os prestados no interesse da comunidade. S\u00e3o remunerados mediante taxa. E porque \u00e9 essencial ao interesse p\u00fablico, a taxa incidir\u00e1 sobre a utiliza\u00e7\u00e3o efetiva ou potencial do servi\u00e7o. Exemplos: servi\u00e7o de distribui\u00e7\u00e3o de \u00e1gua, de coleta de lixo, de esgoto, de sepultamento.<\/p>\n<p style=\"text-align: justify\">B) Servi\u00e7os p\u00fablicos n\u00e3o essenciais: s\u00e3o aqueles que, quando n\u00e3o utilizados, n\u00e3o resultam dano ou preju\u00edzo para a comunidade ou para o interesse p\u00fablico. S\u00e3o servi\u00e7os, de regra, deleg\u00e1veis, podendo ser remunerados mediante pre\u00e7o p\u00fablico. Exemplo: servi\u00e7os telef\u00f4nicos, distribui\u00e7\u00e3o de energia el\u00e9trica, de g\u00e1s etc.<\/p>\n<p style=\"text-align: justify\">A Letra C pode tentar confundir o candidato, mas devemos saber que os pre\u00e7os p\u00fablicos n\u00e3o s\u00e3o compuls\u00f3rios. Por outro lado, as taxas necessariamente s\u00e3o compuls\u00f3rias, em decorr\u00eancia do pr\u00f3prio conceito de tributo. Portanto, s\u00f3 nos resta a Letra B.<\/p>\n<p style=\"text-align: justify\"><strong>Gabarito: Letra B<\/strong><strong>\u00a0<\/strong><strong>\u00a0<\/strong><\/p>\n<hr \/>\n<p style=\"text-align: justify\"><strong>Quest\u00e3o 40 \u2013 <\/strong><\/p>\n<p style=\"text-align: justify\"><strong>\u00a0<\/strong><strong>\u00a0<img loading=\"lazy\" decoding=\"async\" class=\"alignnone size-medium wp-image-151655\" src=\"https:\/\/dhg1h5j42swfq.cloudfront.net\/2018\/11\/18205420\/Q40.png\" alt=\"\" width=\"300\" height=\"195\" srcset=\"https:\/\/dhg1h5j42swfq.cloudfront.net\/2018\/11\/18205420\/Q40.png 479w, https:\/\/dhg1h5j42swfq.cloudfront.net\/2018\/11\/18205420\/Q40.png 300w\" sizes=\"auto, (max-width: 300px) 100vw, 300px\" \/><\/strong><\/p>\n<p style=\"text-align: justify\"><strong>Coment\u00e1rio: <\/strong>De acordo com o art. 206, do CTN, tem os mesmos efeitos \u00a0de certid\u00e3o negativa a certid\u00e3o de que conste a exist\u00eancia de cr\u00e9ditos n\u00e3o vencidos, em curso de cobran\u00e7a executiva em que tenha sido efetivada a penhora, ou cuja exigibilidade esteja suspensa.<\/p>\n<p style=\"text-align: justify\">Alternativa A: No caso de morat\u00f3ria revogada, n\u00e3o h\u00e1 que se falar na emiss\u00e3o de CPEN, j\u00e1 que n\u00e3o h\u00e1 mais suspens\u00e3o da exigibilidade do cr\u00e9dito tribut\u00e1rio. Alternativa errada.<\/p>\n<p style=\"text-align: justify\">Alternativa B: No caso de remiss\u00e3o, a certid\u00e3o \u00e9 negativa, e n\u00e3o positiva. Alternativa errada.<\/p>\n<p style=\"text-align: justify\">Alternativa C: No caso de anistia ou isen\u00e7\u00e3o, a certid\u00e3o \u00e9 negativa, e n\u00e3o positiva. Alternativa errada.<\/p>\n<p style=\"text-align: justify\">Alternativa D: Em se tratando de cr\u00e9ditos n\u00e3o vencidos ou objeto de medida que suspensa sua exigibilidade, como o parcelamento, haver\u00e1 expedi\u00e7\u00e3o de CPEN. Alternativa correta.<\/p>\n<p style=\"text-align: justify\">Alternativa E: No caso de cr\u00e9ditos vencidos, n\u00e3o h\u00e1 que se falar na expedi\u00e7\u00e3o de CPEN. Alternativa errada.<\/p>\n<p style=\"text-align: justify\"><strong>Gabarito: Letra D<\/strong><\/p>\n","protected":false},"excerpt":{"rendered":"<p>Ol\u00e1, pessoal, tudo bem? Meu nome \u00e9 F\u00e1bio Dutra, e sou professor de Direito Tribut\u00e1rio aqui do Estrat\u00e9gia! No dia de hoje foram aplicadas as t\u00e3o aguardadas provas para o concurso do TCE-MG! A disciplina de Direito Tribut\u00e1rio foi cobrada para o Cargo de Analista de Controle Externo \u2013 \u00c1rea Direito. Sabemos que todos voc\u00eas [&hellip;]<\/p>\n","protected":false},"author":150,"featured_media":0,"comment_status":"open","ping_status":"closed","sticky":false,"template":"","format":"standard","meta":{"post_tipo":"article","footnotes":""},"categories":[],"tags":[],"tax_estado":[],"class_list":["post-151649","post","type-post","status-publish","format-standard","hentry"],"acf":[],"yoast_head":"<!-- This site is optimized with the Yoast SEO Premium plugin v27.2 (Yoast SEO v27.2) - https:\/\/yoast.com\/product\/yoast-seo-premium-wordpress\/ -->\n<title>Gabarito TCE-MG (Direito) - Direito Tribut\u00e1rio<\/title>\n<meta name=\"robots\" content=\"index, follow, max-snippet:-1, max-image-preview:large, max-video-preview:-1\" \/>\n<link rel=\"canonical\" href=\"https:\/\/www.estrategiaconcursos.com.br\/blog\/gabarito-tce-mg-direito-direito-tributario\/\" \/>\n<meta property=\"og:locale\" content=\"pt_BR\" \/>\n<meta property=\"og:type\" content=\"article\" \/>\n<meta property=\"og:title\" content=\"Gabarito TCE-MG (Direito) - Direito Tribut\u00e1rio\" \/>\n<meta property=\"og:description\" content=\"Ol\u00e1, pessoal, tudo bem? Meu nome \u00e9 F\u00e1bio Dutra, e sou professor de Direito Tribut\u00e1rio aqui do Estrat\u00e9gia! No dia de hoje foram aplicadas as t\u00e3o aguardadas provas para o concurso do TCE-MG! A disciplina de Direito Tribut\u00e1rio foi cobrada para o Cargo de Analista de Controle Externo \u2013 \u00c1rea Direito. Sabemos que todos voc\u00eas [&hellip;]\" \/>\n<meta property=\"og:url\" content=\"https:\/\/www.estrategiaconcursos.com.br\/blog\/gabarito-tce-mg-direito-direito-tributario\/\" \/>\n<meta property=\"og:site_name\" content=\"Estrat\u00e9gia Concursos\" \/>\n<meta property=\"article:published_time\" content=\"2018-11-18T23:56:32+00:00\" \/>\n<meta property=\"article:modified_time\" content=\"2019-04-16T12:43:22+00:00\" \/>\n<meta property=\"og:image\" content=\"https:\/\/www.estrategiaconcursos.com.br\/blog\/wp-content\/uploads\/2018\/11\/Q36-300x229.png\" \/>\n<meta name=\"author\" content=\"F\u00e1bio Dutra\" \/>\n<meta name=\"twitter:card\" content=\"summary_large_image\" \/>\n<meta name=\"twitter:creator\" content=\"@EstratConcursos\" \/>\n<meta name=\"twitter:site\" content=\"@EstratConcursos\" \/>\n<meta name=\"twitter:label1\" content=\"Escrito por\" \/>\n\t<meta name=\"twitter:data1\" content=\"F\u00e1bio Dutra\" \/>\n\t<meta name=\"twitter:label2\" content=\"Est. tempo de leitura\" \/>\n\t<meta name=\"twitter:data2\" content=\"6 minutos\" \/>\n<script type=\"application\/ld+json\" class=\"yoast-schema-graph\">{\"@context\":\"https:\/\/schema.org\",\"@graph\":[{\"@type\":\"NewsArticle\",\"@id\":\"https:\/\/www.estrategiaconcursos.com.br\/blog\/gabarito-tce-mg-direito-direito-tributario\/#article\",\"isPartOf\":{\"@id\":\"https:\/\/www.estrategiaconcursos.com.br\/blog\/gabarito-tce-mg-direito-direito-tributario\/\"},\"author\":{\"name\":\"F\u00e1bio Dutra\",\"@id\":\"https:\/\/www.estrategiaconcursos.com.br\/blog\/#\/schema\/person\/c6615b1e72eae70edca73ea5362ead63\"},\"headline\":\"Gabarito TCE-MG (Direito) &#8211; Direito Tribut\u00e1rio\",\"datePublished\":\"2018-11-18T23:56:32+00:00\",\"dateModified\":\"2019-04-16T12:43:22+00:00\",\"mainEntityOfPage\":{\"@id\":\"https:\/\/www.estrategiaconcursos.com.br\/blog\/gabarito-tce-mg-direito-direito-tributario\/\"},\"wordCount\":1109,\"commentCount\":2,\"publisher\":{\"@id\":\"https:\/\/www.estrategiaconcursos.com.br\/blog\/#organization\"},\"image\":{\"@id\":\"https:\/\/www.estrategiaconcursos.com.br\/blog\/gabarito-tce-mg-direito-direito-tributario\/#primaryimage\"},\"thumbnailUrl\":\"https:\/\/www.estrategiaconcursos.com.br\/blog\/wp-content\/uploads\/2018\/11\/Q36-300x229.png\",\"inLanguage\":\"pt-BR\",\"potentialAction\":[{\"@type\":\"CommentAction\",\"name\":\"Comment\",\"target\":[\"https:\/\/www.estrategiaconcursos.com.br\/blog\/gabarito-tce-mg-direito-direito-tributario\/#respond\"]}],\"copyrightYear\":\"2018\",\"copyrightHolder\":{\"@id\":\"https:\/\/www.estrategiaconcursos.com.br\/blog\/#organization\"}},{\"@type\":\"WebPage\",\"@id\":\"https:\/\/www.estrategiaconcursos.com.br\/blog\/gabarito-tce-mg-direito-direito-tributario\/\",\"url\":\"https:\/\/www.estrategiaconcursos.com.br\/blog\/gabarito-tce-mg-direito-direito-tributario\/\",\"name\":\"Gabarito TCE-MG (Direito) - Direito Tribut\u00e1rio\",\"isPartOf\":{\"@id\":\"https:\/\/www.estrategiaconcursos.com.br\/blog\/#website\"},\"primaryImageOfPage\":{\"@id\":\"https:\/\/www.estrategiaconcursos.com.br\/blog\/gabarito-tce-mg-direito-direito-tributario\/#primaryimage\"},\"image\":{\"@id\":\"https:\/\/www.estrategiaconcursos.com.br\/blog\/gabarito-tce-mg-direito-direito-tributario\/#primaryimage\"},\"thumbnailUrl\":\"https:\/\/www.estrategiaconcursos.com.br\/blog\/wp-content\/uploads\/2018\/11\/Q36-300x229.png\",\"datePublished\":\"2018-11-18T23:56:32+00:00\",\"dateModified\":\"2019-04-16T12:43:22+00:00\",\"breadcrumb\":{\"@id\":\"https:\/\/www.estrategiaconcursos.com.br\/blog\/gabarito-tce-mg-direito-direito-tributario\/#breadcrumb\"},\"inLanguage\":\"pt-BR\",\"potentialAction\":[{\"@type\":\"ReadAction\",\"target\":[\"https:\/\/www.estrategiaconcursos.com.br\/blog\/gabarito-tce-mg-direito-direito-tributario\/\"]}]},{\"@type\":\"ImageObject\",\"inLanguage\":\"pt-BR\",\"@id\":\"https:\/\/www.estrategiaconcursos.com.br\/blog\/gabarito-tce-mg-direito-direito-tributario\/#primaryimage\",\"url\":\"https:\/\/dhg1h5j42swfq.cloudfront.net\/2018\/11\/18205411\/Q36.png\",\"contentUrl\":\"https:\/\/dhg1h5j42swfq.cloudfront.net\/2018\/11\/18205411\/Q36.png\",\"width\":469,\"height\":358},{\"@type\":\"BreadcrumbList\",\"@id\":\"https:\/\/www.estrategiaconcursos.com.br\/blog\/gabarito-tce-mg-direito-direito-tributario\/#breadcrumb\",\"itemListElement\":[{\"@type\":\"ListItem\",\"position\":1,\"name\":\"In\u00edcio\",\"item\":\"https:\/\/www.estrategiaconcursos.com.br\/blog\/\"},{\"@type\":\"ListItem\",\"position\":2,\"name\":\"Gabarito TCE-MG (Direito) &#8211; Direito Tribut\u00e1rio\"}]},{\"@type\":\"WebSite\",\"@id\":\"https:\/\/www.estrategiaconcursos.com.br\/blog\/#website\",\"url\":\"https:\/\/www.estrategiaconcursos.com.br\/blog\/\",\"name\":\"Estrat\u00e9gia Concursos\",\"description\":\"O blog da Estrat\u00e9gia Concursos traz not\u00edcias sobre concursos e artigos de professores oferecendo cursos para concursos (pdf + videaulas) no site.\",\"publisher\":{\"@id\":\"https:\/\/www.estrategiaconcursos.com.br\/blog\/#organization\"},\"potentialAction\":[{\"@type\":\"SearchAction\",\"target\":{\"@type\":\"EntryPoint\",\"urlTemplate\":\"https:\/\/www.estrategiaconcursos.com.br\/blog\/?s={search_term_string}\"},\"query-input\":{\"@type\":\"PropertyValueSpecification\",\"valueRequired\":true,\"valueName\":\"search_term_string\"}}],\"inLanguage\":\"pt-BR\"},{\"@type\":\"Organization\",\"@id\":\"https:\/\/www.estrategiaconcursos.com.br\/blog\/#organization\",\"name\":\"Estrat\u00e9gia Concursos\",\"url\":\"https:\/\/www.estrategiaconcursos.com.br\/blog\/\",\"logo\":{\"@type\":\"ImageObject\",\"inLanguage\":\"pt-BR\",\"@id\":\"https:\/\/www.estrategiaconcursos.com.br\/blog\/#\/schema\/logo\/image\/\",\"url\":\"https:\/\/dhg1h5j42swfq.cloudfront.net\/2025\/06\/03203428\/logo_concursos-1.jpg\",\"contentUrl\":\"https:\/\/dhg1h5j42swfq.cloudfront.net\/2025\/06\/03203428\/logo_concursos-1.jpg\",\"width\":230,\"height\":60,\"caption\":\"Estrat\u00e9gia Concursos\"},\"image\":{\"@id\":\"https:\/\/www.estrategiaconcursos.com.br\/blog\/#\/schema\/logo\/image\/\"},\"sameAs\":[\"https:\/\/x.com\/EstratConcursos\"]},{\"@type\":\"Person\",\"@id\":\"https:\/\/www.estrategiaconcursos.com.br\/blog\/#\/schema\/person\/c6615b1e72eae70edca73ea5362ead63\",\"name\":\"F\u00e1bio Dutra\",\"image\":{\"@type\":\"ImageObject\",\"inLanguage\":\"pt-BR\",\"@id\":\"https:\/\/secure.gravatar.com\/avatar\/2fb4b2715a33320653086a45a7174528e6836e078753b587b59cb70f7b453819?s=96&d=mm&r=g\",\"url\":\"https:\/\/secure.gravatar.com\/avatar\/2fb4b2715a33320653086a45a7174528e6836e078753b587b59cb70f7b453819?s=96&d=mm&r=g\",\"contentUrl\":\"https:\/\/secure.gravatar.com\/avatar\/2fb4b2715a33320653086a45a7174528e6836e078753b587b59cb70f7b453819?s=96&d=mm&r=g\",\"caption\":\"F\u00e1bio Dutra\"},\"url\":\"https:\/\/www.estrategiaconcursos.com.br\/blog\/author\/fabiodutraestrategiaconcursos-com-br\/\"}]}<\/script>\n<!-- \/ Yoast SEO Premium plugin. -->","yoast_head_json":{"title":"Gabarito TCE-MG (Direito) - Direito Tribut\u00e1rio","robots":{"index":"index","follow":"follow","max-snippet":"max-snippet:-1","max-image-preview":"max-image-preview:large","max-video-preview":"max-video-preview:-1"},"canonical":"https:\/\/www.estrategiaconcursos.com.br\/blog\/gabarito-tce-mg-direito-direito-tributario\/","og_locale":"pt_BR","og_type":"article","og_title":"Gabarito TCE-MG (Direito) - Direito Tribut\u00e1rio","og_description":"Ol\u00e1, pessoal, tudo bem? Meu nome \u00e9 F\u00e1bio Dutra, e sou professor de Direito Tribut\u00e1rio aqui do Estrat\u00e9gia! No dia de hoje foram aplicadas as t\u00e3o aguardadas provas para o concurso do TCE-MG! A disciplina de Direito Tribut\u00e1rio foi cobrada para o Cargo de Analista de Controle Externo \u2013 \u00c1rea Direito. Sabemos que todos voc\u00eas [&hellip;]","og_url":"https:\/\/www.estrategiaconcursos.com.br\/blog\/gabarito-tce-mg-direito-direito-tributario\/","og_site_name":"Estrat\u00e9gia Concursos","article_published_time":"2018-11-18T23:56:32+00:00","article_modified_time":"2019-04-16T12:43:22+00:00","og_image":[{"url":"https:\/\/www.estrategiaconcursos.com.br\/blog\/wp-content\/uploads\/2018\/11\/Q36-300x229.png","type":"","width":"","height":""}],"author":"F\u00e1bio Dutra","twitter_card":"summary_large_image","twitter_creator":"@EstratConcursos","twitter_site":"@EstratConcursos","twitter_misc":{"Escrito por":"F\u00e1bio Dutra","Est. tempo de leitura":"6 minutos"},"schema":{"@context":"https:\/\/schema.org","@graph":[{"@type":"NewsArticle","@id":"https:\/\/www.estrategiaconcursos.com.br\/blog\/gabarito-tce-mg-direito-direito-tributario\/#article","isPartOf":{"@id":"https:\/\/www.estrategiaconcursos.com.br\/blog\/gabarito-tce-mg-direito-direito-tributario\/"},"author":{"name":"F\u00e1bio Dutra","@id":"https:\/\/www.estrategiaconcursos.com.br\/blog\/#\/schema\/person\/c6615b1e72eae70edca73ea5362ead63"},"headline":"Gabarito TCE-MG (Direito) &#8211; Direito Tribut\u00e1rio","datePublished":"2018-11-18T23:56:32+00:00","dateModified":"2019-04-16T12:43:22+00:00","mainEntityOfPage":{"@id":"https:\/\/www.estrategiaconcursos.com.br\/blog\/gabarito-tce-mg-direito-direito-tributario\/"},"wordCount":1109,"commentCount":2,"publisher":{"@id":"https:\/\/www.estrategiaconcursos.com.br\/blog\/#organization"},"image":{"@id":"https:\/\/www.estrategiaconcursos.com.br\/blog\/gabarito-tce-mg-direito-direito-tributario\/#primaryimage"},"thumbnailUrl":"https:\/\/www.estrategiaconcursos.com.br\/blog\/wp-content\/uploads\/2018\/11\/Q36-300x229.png","inLanguage":"pt-BR","potentialAction":[{"@type":"CommentAction","name":"Comment","target":["https:\/\/www.estrategiaconcursos.com.br\/blog\/gabarito-tce-mg-direito-direito-tributario\/#respond"]}],"copyrightYear":"2018","copyrightHolder":{"@id":"https:\/\/www.estrategiaconcursos.com.br\/blog\/#organization"}},{"@type":"WebPage","@id":"https:\/\/www.estrategiaconcursos.com.br\/blog\/gabarito-tce-mg-direito-direito-tributario\/","url":"https:\/\/www.estrategiaconcursos.com.br\/blog\/gabarito-tce-mg-direito-direito-tributario\/","name":"Gabarito TCE-MG (Direito) - Direito Tribut\u00e1rio","isPartOf":{"@id":"https:\/\/www.estrategiaconcursos.com.br\/blog\/#website"},"primaryImageOfPage":{"@id":"https:\/\/www.estrategiaconcursos.com.br\/blog\/gabarito-tce-mg-direito-direito-tributario\/#primaryimage"},"image":{"@id":"https:\/\/www.estrategiaconcursos.com.br\/blog\/gabarito-tce-mg-direito-direito-tributario\/#primaryimage"},"thumbnailUrl":"https:\/\/www.estrategiaconcursos.com.br\/blog\/wp-content\/uploads\/2018\/11\/Q36-300x229.png","datePublished":"2018-11-18T23:56:32+00:00","dateModified":"2019-04-16T12:43:22+00:00","breadcrumb":{"@id":"https:\/\/www.estrategiaconcursos.com.br\/blog\/gabarito-tce-mg-direito-direito-tributario\/#breadcrumb"},"inLanguage":"pt-BR","potentialAction":[{"@type":"ReadAction","target":["https:\/\/www.estrategiaconcursos.com.br\/blog\/gabarito-tce-mg-direito-direito-tributario\/"]}]},{"@type":"ImageObject","inLanguage":"pt-BR","@id":"https:\/\/www.estrategiaconcursos.com.br\/blog\/gabarito-tce-mg-direito-direito-tributario\/#primaryimage","url":"https:\/\/dhg1h5j42swfq.cloudfront.net\/2018\/11\/18205411\/Q36.png","contentUrl":"https:\/\/dhg1h5j42swfq.cloudfront.net\/2018\/11\/18205411\/Q36.png","width":469,"height":358},{"@type":"BreadcrumbList","@id":"https:\/\/www.estrategiaconcursos.com.br\/blog\/gabarito-tce-mg-direito-direito-tributario\/#breadcrumb","itemListElement":[{"@type":"ListItem","position":1,"name":"In\u00edcio","item":"https:\/\/www.estrategiaconcursos.com.br\/blog\/"},{"@type":"ListItem","position":2,"name":"Gabarito TCE-MG (Direito) &#8211; Direito Tribut\u00e1rio"}]},{"@type":"WebSite","@id":"https:\/\/www.estrategiaconcursos.com.br\/blog\/#website","url":"https:\/\/www.estrategiaconcursos.com.br\/blog\/","name":"Estrat\u00e9gia Concursos","description":"O blog da Estrat\u00e9gia Concursos traz not\u00edcias sobre concursos e artigos de professores oferecendo cursos para concursos (pdf + videaulas) no site.","publisher":{"@id":"https:\/\/www.estrategiaconcursos.com.br\/blog\/#organization"},"potentialAction":[{"@type":"SearchAction","target":{"@type":"EntryPoint","urlTemplate":"https:\/\/www.estrategiaconcursos.com.br\/blog\/?s={search_term_string}"},"query-input":{"@type":"PropertyValueSpecification","valueRequired":true,"valueName":"search_term_string"}}],"inLanguage":"pt-BR"},{"@type":"Organization","@id":"https:\/\/www.estrategiaconcursos.com.br\/blog\/#organization","name":"Estrat\u00e9gia Concursos","url":"https:\/\/www.estrategiaconcursos.com.br\/blog\/","logo":{"@type":"ImageObject","inLanguage":"pt-BR","@id":"https:\/\/www.estrategiaconcursos.com.br\/blog\/#\/schema\/logo\/image\/","url":"https:\/\/dhg1h5j42swfq.cloudfront.net\/2025\/06\/03203428\/logo_concursos-1.jpg","contentUrl":"https:\/\/dhg1h5j42swfq.cloudfront.net\/2025\/06\/03203428\/logo_concursos-1.jpg","width":230,"height":60,"caption":"Estrat\u00e9gia Concursos"},"image":{"@id":"https:\/\/www.estrategiaconcursos.com.br\/blog\/#\/schema\/logo\/image\/"},"sameAs":["https:\/\/x.com\/EstratConcursos"]},{"@type":"Person","@id":"https:\/\/www.estrategiaconcursos.com.br\/blog\/#\/schema\/person\/c6615b1e72eae70edca73ea5362ead63","name":"F\u00e1bio Dutra","image":{"@type":"ImageObject","inLanguage":"pt-BR","@id":"https:\/\/secure.gravatar.com\/avatar\/2fb4b2715a33320653086a45a7174528e6836e078753b587b59cb70f7b453819?s=96&d=mm&r=g","url":"https:\/\/secure.gravatar.com\/avatar\/2fb4b2715a33320653086a45a7174528e6836e078753b587b59cb70f7b453819?s=96&d=mm&r=g","contentUrl":"https:\/\/secure.gravatar.com\/avatar\/2fb4b2715a33320653086a45a7174528e6836e078753b587b59cb70f7b453819?s=96&d=mm&r=g","caption":"F\u00e1bio Dutra"},"url":"https:\/\/www.estrategiaconcursos.com.br\/blog\/author\/fabiodutraestrategiaconcursos-com-br\/"}]}},"_links":{"self":[{"href":"https:\/\/www.estrategiaconcursos.com.br\/blog\/wp-json\/wp\/v2\/posts\/151649","targetHints":{"allow":["GET"]}}],"collection":[{"href":"https:\/\/www.estrategiaconcursos.com.br\/blog\/wp-json\/wp\/v2\/posts"}],"about":[{"href":"https:\/\/www.estrategiaconcursos.com.br\/blog\/wp-json\/wp\/v2\/types\/post"}],"author":[{"embeddable":true,"href":"https:\/\/www.estrategiaconcursos.com.br\/blog\/wp-json\/wp\/v2\/users\/150"}],"replies":[{"embeddable":true,"href":"https:\/\/www.estrategiaconcursos.com.br\/blog\/wp-json\/wp\/v2\/comments?post=151649"}],"version-history":[{"count":2,"href":"https:\/\/www.estrategiaconcursos.com.br\/blog\/wp-json\/wp\/v2\/posts\/151649\/revisions"}],"predecessor-version":[{"id":154101,"href":"https:\/\/www.estrategiaconcursos.com.br\/blog\/wp-json\/wp\/v2\/posts\/151649\/revisions\/154101"}],"wp:attachment":[{"href":"https:\/\/www.estrategiaconcursos.com.br\/blog\/wp-json\/wp\/v2\/media?parent=151649"}],"wp:term":[{"taxonomy":"category","embeddable":true,"href":"https:\/\/www.estrategiaconcursos.com.br\/blog\/wp-json\/wp\/v2\/categories?post=151649"},{"taxonomy":"post_tag","embeddable":true,"href":"https:\/\/www.estrategiaconcursos.com.br\/blog\/wp-json\/wp\/v2\/tags?post=151649"},{"taxonomy":"tax_estado","embeddable":true,"href":"https:\/\/www.estrategiaconcursos.com.br\/blog\/wp-json\/wp\/v2\/tax_estado?post=151649"}],"curies":[{"name":"wp","href":"https:\/\/api.w.org\/{rel}","templated":true}]}}