{"id":151648,"date":"2018-11-18T20:52:31","date_gmt":"2018-11-18T23:52:31","guid":{"rendered":"https:\/\/www.estrategiaconcursos.com.br\/blog\/?p=151648"},"modified":"2019-04-16T09:43:23","modified_gmt":"2019-04-16T12:43:23","slug":"gabarito-extraoficial-tce-mg-area-direito","status":"publish","type":"post","link":"https:\/\/www.estrategiaconcursos.com.br\/blog\/gabarito-extraoficial-tce-mg-area-direito\/","title":{"rendered":"Gabarito Extraoficial &#8211; TCE\/MG &#8211; \u00c1rea Direito"},"content":{"rendered":"<p>Ol\u00e1, pessoal! Tudo bem?<\/p>\n<p>Aqui \u00e9 o Ricardo Vale, professor de Direito Constitucional.<\/p>\n<p>Hoje (18\/11), tivemos a prova do TCE\/MG.<\/p>\n<p>A seguir, irei comentar as quest\u00f5es de <em><strong>Direito Constitucional<\/strong><\/em>, da <em><strong>\u00c1rea de Direito<\/strong><\/em>.<\/p>\n<p>Espero que voc\u00eas tenham obtido um \u00f3timo desempenho. Foi uma prova muito bem elaborada pelo CESPE, com um n\u00edvel de dificuldade bem razo\u00e1vel.<\/p>\n<p>Abra\u00e7os,<\/p>\n<p>Ricardo Vale<\/p>\n<p style=\"text-align: center;\"><strong><span style=\"color: #0000ff;\">GABARITO EXTRAOFICIAL &#8211; TCE\/MG (\u00c1rea Direito) &#8211; Direito Constitucional<\/span><\/strong><\/p>\n<p style=\"text-align: justify;\"><strong>71 \u2013 (CESPE \/ TCE-MG \u2013 2018) Determinado munic\u00edpio apresentou, por cinco anos seguidos, graves problemas na sua presta\u00e7\u00e3o de contas, em raz\u00e3o de desvios de recursos p\u00fablicos por parte de seus gestores. Tendo constatado a recorr\u00eancia desse problema, o servidor do tribunal de contas local respons\u00e1vel pelo controle dessas contas prop\u00f4s a cria\u00e7\u00e3o de um tribunal de contas municipal para garantir melhor controle dos gastos do munic\u00edpio.<\/strong><\/p>\n<p style=\"text-align: justify;\"><strong>Conforme a Constitui\u00e7\u00e3o Federal de 1988 (CF), a proposta do servidor do tribunal de contas \u00e9:<\/strong><\/p>\n<p style=\"text-align: justify;\">a) inconstitucional, uma vez que a CF, quando da sua promulga\u00e7\u00e3o, determinou a extin\u00e7\u00e3o dos tribunais de contas municipais existentes.<\/p>\n<p style=\"text-align: justify;\">b) recomendada para munic\u00edpios com mais de vinte mil habitantes.<\/p>\n<p style=\"text-align: justify;\">c) recomendada para estados que tenham muitos munic\u00edpios, para que o controle de contas seja mais eficiente e transparente.<\/p>\n<p style=\"text-align: justify;\">d) vi\u00e1vel somente para as capitais dos estados, porque sua estrutura administrativa, mais complexa, justifica a cria\u00e7\u00e3o desse \u00f3rg\u00e3o de controle.<\/p>\n<p style=\"text-align: justify;\">e) inconstitucional, pois \u00e9 vedada expressamente pelo texto da CF.<\/p>\n<p style=\"text-align: justify;\"><strong>Coment\u00e1rios:<\/strong><\/p>\n<p style=\"text-align: justify;\">Segundo o art. 30, \u00a7 4\u00ba, CF\/88, \u00e9 vedada a cria\u00e7\u00e3o de Tribunais, Conselhos ou \u00f3rg\u00e3os de contas municipais. Logo, \u00e9 inconstitucional a proposta de cria\u00e7\u00e3o de \u00f3rg\u00e3o de contas municipal.<\/p>\n<p style=\"text-align: justify;\">O gabarito \u00e9 a letra E.<\/p>\n<p style=\"text-align: justify;\"><strong>72 &#8211; (CESPE \/ TCE-MG \u2013 2018) Com rela\u00e7\u00e3o aos vencimentos dos servidores p\u00fablicos, a administra\u00e7\u00e3o<\/strong><\/p>\n<p style=\"text-align: justify;\">a) n\u00e3o dever\u00e1 observar limite nenhum, cabendo a cada um dos Poderes da Uni\u00e3o estabelecer o pr\u00f3prio teto de vencimentos.<\/p>\n<p style=\"text-align: justify;\">b) dever\u00e1 respeitar um limite: os vencimentos dos servidores n\u00e3o podem ser superiores aos pagos pelo Poder Executivo.<\/p>\n<p style=\"text-align: justify;\">c) dever\u00e1 respeitar um limite: os vencimentos dos servidores n\u00e3o podem ser superiores aos pagos pelo Poder Legislativo.<\/p>\n<p style=\"text-align: justify;\">d) dever\u00e1 respeitar um limite: os vencimentos dos servidores n\u00e3o podem ser superiores aos pagos pelo Poder Judici\u00e1rio.<\/p>\n<p style=\"text-align: justify;\">e) n\u00e3o dever\u00e1 observar limite nenhum, por inexistir previs\u00e3o constitucional nesse sentido.<\/p>\n<p style=\"text-align: justify;\"><strong>Coment\u00e1rios:<\/strong><\/p>\n<p style=\"text-align: justify;\">Segundo o art. 37, XII, CF\/88, \u201c<em>os vencimentos dos cargos do Poder Legislativo e do Poder Judici\u00e1rio n\u00e3o poder\u00e3o ser superiores aos pagos pelo Poder Executivo\u201d. <\/em><\/p>\n<p style=\"text-align: justify;\">O gabarito \u00e9 a letra B.<\/p>\n<p style=\"text-align: justify;\"><strong>73 &#8211; (CESPE \/ TCE-MG \u2013 2018) Rafael, brasileiro, regular em seus direitos pol\u00edticos, cursa mestrado em determinada universidade federal mineira. Juan, amigo de Rafael, \u00e9 chileno e cursa mestrado sandu\u00edche nessa mesma institui\u00e7\u00e3o de ensino de Minas Gerais. Ambos fazem parte da Associa\u00e7\u00e3o Amigos da Universidade P\u00fablica, que \u00e9 formada por estudantes universit\u00e1rios e que tem como finalidade a averigua\u00e7\u00e3o de irregularidades no uso de recursos p\u00fablicos da universidade. Em uma dessas a\u00e7\u00f5es de controle, Rafael e Juan constataram que um secret\u00e1rio de p\u00f3s-gradua\u00e7\u00e3o da referida universidade havia desviado dois milh\u00f5es de reais destinados ao apoio de eventos internacionais de pesquisa, para reformar o seu apartamento funcional. Por ser ato lesivo ao patrim\u00f4nio p\u00fablico, a transa\u00e7\u00e3o irregular\u00a0 feita pelo secret\u00e1rio de p\u00f3s-gradua\u00e7\u00e3o poder\u00e1 ser impugnada por meio de a\u00e7\u00e3o popular.<\/strong><\/p>\n<p style=\"text-align: justify;\"><strong>Nessa situa\u00e7\u00e3o, a legitimidade para propor a\u00e7\u00e3o<\/strong> <strong>popular ser\u00e1<\/strong><\/p>\n<p style=\"text-align: justify;\">a) da Associa\u00e7\u00e3o Amigos da Universidade P\u00fablica, de Rafael e de Juan, em litiscons\u00f3rcio.<\/p>\n<p style=\"text-align: justify;\">b) de Rafael ou de Juan.<\/p>\n<p style=\"text-align: justify;\">c) de Rafael, apenas.<\/p>\n<p style=\"text-align: justify;\">d) de Rafael ou da Associa\u00e7\u00e3o Amigos da Universidade P\u00fablica.<\/p>\n<p style=\"text-align: justify;\">e) da Associa\u00e7\u00e3o Amigos da Universidade P\u00fablica, apenas.<\/p>\n<p style=\"text-align: justify;\"><strong>Coment\u00e1rios:<\/strong><\/p>\n<p style=\"text-align: justify;\">A legitimidade para propor a\u00e7\u00e3o popular \u00e9 do cidad\u00e3o. Por isso, somente Rafael, brasileiro em gozo dos seus direitos pol\u00edticos, poder\u00e1 propor essa a\u00e7\u00e3o. O gabarito \u00e9 a letra C.<\/p>\n<p style=\"text-align: justify;\"><strong>74-(CESPE \/ TCE-MG \u2013 2018) Ronaldo \u00e9 vereador e presidente da C\u00e2mara de Vereadores da Cidade de Ouro Preto, que tem uma popula\u00e7\u00e3o de 74.036 habitantes, segundo dados do IBGE. Ap\u00f3s avaliar as contas p\u00fablicas da gest\u00e3o anterior \u00e0 dele, Ronaldo percebeu que o total de despesas do Poder Legislativo municipal, inclu\u00eddos os subs\u00eddios dos vereadores e exclu\u00eddos os gastos com inativos, representava 5% do somat\u00f3rio da receita tribut\u00e1ria e das transfer\u00eancias previstas no texto constitucional, efetivamente realizado no exerc\u00edcio anterior. Por entender que existe uma margem para a concess\u00e3o de aumento dos subs\u00eddios dos vereadores, Ronaldo pretende implementar tal aumento, o que ampliaria os gastos de 5% para 6%. <\/strong><\/p>\n<p style=\"text-align: justify;\"><strong>O aumento de gastos pretendido pelo vereador Ronaldo ser\u00e1<\/strong><\/p>\n<p style=\"text-align: justify;\">a) invi\u00e1vel, uma vez que os gastos totais da despesa do Poder Legislativo municipal ultrapassaram o limite constitucionalmente previsto.<\/p>\n<p style=\"text-align: justify;\">b) vi\u00e1vel, pois o total de despesas do Poder Legislativo municipal est\u00e1 exatamente no limite estabelecido constitucionalmente para uma popula\u00e7\u00e3o do tamanho da de Ouro Preto.<\/p>\n<p style=\"text-align: justify;\">c) invi\u00e1vel, pois o total de despesas do Poder Legislativo municipal est\u00e1 exatamente no limite estabelecido constitucionalmente para uma popula\u00e7\u00e3o do tamanho da de Ouro Preto.<\/p>\n<p style=\"text-align: justify;\">d) vi\u00e1vel, porque foi obedecido o limite de gastos totais do Poder Legislativo municipal exclusivamente previstos na Constitui\u00e7\u00e3o do Estado de Minas Gerais.<\/p>\n<p style=\"text-align: justify;\">e) vi\u00e1vel, visto que o total de despesas do Poder Legislativo municipal est\u00e1 abaixo do limite estabelecido constitucionalmente para uma popula\u00e7\u00e3o do tamanho da de Ouro Preto.<\/p>\n<p style=\"text-align: justify;\"><strong>Coment\u00e1rios:<\/strong><\/p>\n<p style=\"text-align: justify;\">Para munic\u00edpios com popula\u00e7\u00e3o de <strong><em>at\u00e9 100.000 habitantes<\/em><\/strong>, o total da despesa do Poder Legislativo municipal, inclu\u00eddos os subs\u00eddios dos Vereadores e exclu\u00eddos os gastos com inativos, <strong><em>n\u00e3o poder\u00e1 ultrapassar<\/em><\/strong> o percentual de 7% do somat\u00f3rio das receitas tribut\u00e1rias e das transfer\u00eancias previstas no texto constitucional efetivamente realizado no exerc\u00edcio anterior (art. 29-A, I, CF). Desse modo, o aumento de gastos pretendido pelo vereador Ronaldo ser\u00e1 vi\u00e1vel.<\/p>\n<p style=\"text-align: justify;\">O gabarito \u00e9 a letra E.<\/p>\n<p style=\"text-align: justify;\"><strong>75-(CESPE \/ TCE-MG \u2013 2018) \u00c9 compet\u00eancia privativa do Senado Federal<\/strong><\/p>\n<p style=\"text-align: justify;\">a) eleger membros do Conselho da Rep\u00fablica.<\/p>\n<p style=\"text-align: justify;\">b) aprovar o estado de defesa e a interven\u00e7\u00e3o federal.<\/p>\n<p style=\"text-align: justify;\">c) aprovar iniciativas do Poder Executivo referentes a atividades nucleares.<\/p>\n<p style=\"text-align: justify;\">d) autorizar opera\u00e7\u00f5es externas de natureza financeira de interesse da Uni\u00e3o.<\/p>\n<p style=\"text-align: justify;\">e) apreciar os atos de concess\u00e3o e renova\u00e7\u00e3o de concess\u00e3o de emissoras de r\u00e1dio e televis\u00e3o.<\/p>\n<p style=\"text-align: justify;\"><strong>Coment\u00e1rios:<\/strong><\/p>\n<p style=\"text-align: justify;\">Letra A: errada. A elei\u00e7\u00e3o de membros do Conselho da Rep\u00fablica, nos termos do art. 89, VII, da CF\/88, \u00e9 de compet\u00eancia privativa da C\u00e2mara dos Deputados (art. 51, V, CF).<\/p>\n<p style=\"text-align: justify;\">Letra B: errada. Compete exclusivamente ao Congresso Nacional aprovar o estado de defesa e a interven\u00e7\u00e3o federal (art. 49, IV, CF).<\/p>\n<p style=\"text-align: justify;\">Letra C: errada. Segundo o art.49, XIV, CF\/88, \u00e9 compet\u00eancia exclusiva do Congresso Nacional aprovar iniciativas do Poder Executivo referentes a atividades nucleares.<\/p>\n<p style=\"text-align: justify;\">Letra D: correta. Segundo o art. 52, V, CF\/88, \u00e9 compet\u00eancia privativa do Senado Federal \u201c<em>autorizar opera\u00e7\u00f5es externas de natureza financeira, de interesse da Uni\u00e3o, dos Estados, do Distrito Federal, dos Territ\u00f3rios e dos Munic\u00edpios<\/em>\u201d.<\/p>\n<p style=\"text-align: justify;\">Letra E: errada. Segundo o art. 49, XII, CF\/88, \u00e9 compet\u00eancia exclusiva do Congresso Nacional \u201capreciar os atos de concess\u00e3o e renova\u00e7\u00e3o de concess\u00e3o de emissoras de r\u00e1dio e televis\u00e3o\u201d.<\/p>\n<p style=\"text-align: justify;\">O gabarito \u00e9 a letra D.<\/p>\n<p style=\"text-align: justify;\"><strong>76-(CESPE \/ TCE-MG \u2013 2018) Assinale a op\u00e7\u00e3o em que ambos os \u00f3rg\u00e3os apresentados est\u00e3o sujeitos ao controle externo do Tribunal de Contas da Uni\u00e3o.<\/strong><\/p>\n<p style=\"text-align: justify;\">a) Minist\u00e9rio das Rela\u00e7\u00f5es Exteriores; Organiza\u00e7\u00e3o das Na\u00e7\u00f5es Unidas.<\/p>\n<p style=\"text-align: justify;\">b) Ag\u00eancia Nacional de Telecomunica\u00e7\u00f5es; Defensoria P\u00fablica da Uni\u00e3o.<\/p>\n<p style=\"text-align: justify;\">c) Ordem dos Advogados do Brasil; Ag\u00eancia Nacional de Telecomunica\u00e7\u00f5es<\/p>\n<p style=\"text-align: justify;\">d) Universidade Federal de Minas Gerais; Organiza\u00e7\u00e3o das Na\u00e7\u00f5es Unidas<\/p>\n<p style=\"text-align: justify;\">e) Defensoria P\u00fablica da Uni\u00e3o; Ordem dos Advogados do Brasil<\/p>\n<p style=\"text-align: justify;\"><strong>Coment\u00e1rios:<\/strong><\/p>\n<p style=\"text-align: justify;\">Est\u00e3o sujeitos ao controle externo do TCU a Ag\u00eancia Nacional de Telecomunica\u00e7\u00f5es (ANATEL) e a Defensoria P\u00fablica da Uni\u00e3o.<\/p>\n<p style=\"text-align: justify;\">O gabarito \u00e9 a letra B.<\/p>\n<p style=\"text-align: justify;\"><strong>77-(CESPE \/ TCE-MG \u2013 2018) A c\u00e2mara legislativa de determinado estado aprovou, por maioria simples, projeto de lei que estabelece como compet\u00eancia do tribunal de contas estadual a realiza\u00e7\u00e3o de exame pr\u00e9vio de validade de contratos firmados com o poder p\u00fablico.<\/strong><\/p>\n<p style=\"text-align: justify;\"><strong>Ao apreciar o referido projeto, o governador desse estado dever\u00e1<\/strong><\/p>\n<p style=\"text-align: justify;\">a) vetar a lei, porque n\u00e3o cabe aos tribunais de contas realizar previamente o exame da validade de contratos administrativos celebrados pelo poder p\u00fablico.<\/p>\n<p style=\"text-align: justify;\">b) vetar a lei, pois a mat\u00e9ria \u00e9 reservada a lei federal, n\u00e3o sendo uma atribui\u00e7\u00e3o da assembleia legislativa local.<\/p>\n<p style=\"text-align: justify;\">c) vetar a lei, pois a mat\u00e9ria \u00e9 reservada a lei federal, n\u00e3o sendo uma atribui\u00e7\u00e3o da assembleia legislativa local.<\/p>\n<p style=\"text-align: justify;\">d) sancionar a lei, pois \u00e9 uma medida constitucional que est\u00e1 em conformidade com o interesse p\u00fablico, visto que a implementa\u00e7\u00e3o do controle pr\u00e9vio atende ao princ\u00edpio da moralidade.<\/p>\n<p style=\"text-align: justify;\">e) sancionar a lei, caso a Constitui\u00e7\u00e3o do estado determine que a mat\u00e9ria seja regulamentada por lei estadual.<\/p>\n<p style=\"text-align: justify;\"><strong>Coment\u00e1rios:<\/strong><\/p>\n<p style=\"text-align: justify;\">Segundo o STF, \u201c<em>\u00e9 inconstitucional norma local que estabele\u00e7a a compet\u00eancia do tribunal de contas para realizar exame pr\u00e9vio de validade de contratos firmados com o poder p\u00fablico<\/em>\u201d (ADI 916). A inconstitucionalidade resulta de uma viola\u00e7\u00e3o \u00e0 separa\u00e7\u00e3o de poderes. Assim, o Governador <strong><em>dever\u00e1 vetar o projeto de lei<\/em><\/strong>.<\/p>\n<p style=\"text-align: justify;\">O gabarito \u00e9 a letra A.<\/p>\n<p style=\"text-align: justify;\"><strong>78-(CESPE \/ TCE-MG \u2013 2018) Determinada c\u00e2mara municipal aprovou um projeto de lei que estabelece, al\u00e9m da localiza\u00e7\u00e3o daquele munic\u00edpio onde dever\u00e1 ser instalada uma usina nuclear brasileira, os cuidados a serem tomados com rela\u00e7\u00e3o aos rejeitos nucleares decorrentes dessa atividade. Na justificativa do projeto de lei, afirmou-se que a compet\u00eancia para regulamentar mat\u00e9ria ambiental \u00e9 comum e que a medida disposta na lei \u00e9 importante para a gera\u00e7\u00e3o de empregos e para a arrecada\u00e7\u00e3o de tributos para o munic\u00edpio. O projeto de lei foi sancionado pelo prefeito e transformou-se em lei municipal.<\/strong><\/p>\n<p style=\"text-align: justify;\"><strong>Nessa situa\u00e7\u00e3o, a lei municipal em quest\u00e3o \u00e9<\/strong><\/p>\n<p style=\"text-align: justify;\">a) constitucional, pois a regulamenta\u00e7\u00e3o sobre energia nuclear \u00e9 quest\u00e3o local, de compet\u00eancia municipal, e a compet\u00eancia comum ambiental permite a regulamenta\u00e7\u00e3o legislativa por todos os entes federativos.<\/p>\n<p style=\"text-align: justify;\">b) inconstitucional, pois a regulamenta\u00e7\u00e3o sobre energia nuclear e a defini\u00e7\u00e3o legislativa da localiza\u00e7\u00e3o da usina s\u00e3o de compet\u00eancia privativa da Uni\u00e3o.<\/p>\n<p style=\"text-align: justify;\">c) inconstitucional, pois a regulamenta\u00e7\u00e3o sobre energia nuclear s\u00f3 pode ser realizada por lei complementar.<\/p>\n<p style=\"text-align: justify;\">d) inconstitucional, pois a regulamenta\u00e7\u00e3o sobre energia nuclear s\u00f3 pode ser realizada por lei estadual, a ser editada por assembleia legislativa local.<\/p>\n<p style=\"text-align: justify;\">e) constitucional, desde que exista lei federal pr\u00e9via estabelecendo aquela localidade como endere\u00e7o de uma das usinas nucleares a serem constru\u00eddas no Brasil.<\/p>\n<p style=\"text-align: justify;\"><strong>Coment\u00e1rios:<\/strong><\/p>\n<p style=\"text-align: justify;\">Para resolver essa quest\u00e3o, era importante que o aluno tivesse os seguintes conhecimentos:<\/p>\n<p style=\"text-align: justify;\"><strong>a)<\/strong> Segundo o art. 225, \u00a7 6\u00ba, CF\/88, \u201c<em>as usinas que operem com reator nuclear dever\u00e3o ter sua localiza\u00e7\u00e3o definida em lei federal, sem o que n\u00e3o poder\u00e3o ser instaladas<\/em>\u201d.<\/p>\n<p style=\"text-align: justify;\"><strong>b)<\/strong> Segundo o art. 22, XXVI, CF\/88, \u00e9 compet\u00eancia privativa da Uni\u00e3o legislar sobre atividades nucleares de qualquer natureza.<\/p>\n<p style=\"text-align: justify;\">O gabarito \u00e9 a letra B.<\/p>\n<p style=\"text-align: justify;\"><strong>79-(CESPE \/ TCE-MG \u2013 2018) Determinada prefeitura decidiu realizar um concurso p\u00fablico para o provimento de vagas para o cargo de professor da rede municipal de ensino, com a finalidade de atenuar os preju\u00edzos decorrentes da grande rotatividade dos professores municipais. O edital, que foi publicado no Di\u00e1rio Oficial, indicava a validade do certame pelo per\u00edodo de cinco anos.<\/strong><\/p>\n<p style=\"text-align: justify;\"><strong>Nesse caso, o edital do concurso<\/strong><\/p>\n<p style=\"text-align: justify;\">a) viola a CF, pois o prazo m\u00e1ximo de validade do certame deveria equivaler ao tempo de mandato do prefeito, ou seja, quatro anos.<\/p>\n<p style=\"text-align: justify;\">b) obedece \u00e0 CF, porque os princ\u00edpios da publicidade e da efici\u00eancia foram atendidos.<\/p>\n<p style=\"text-align: justify;\">c) viola a CF, pois o prazo m\u00e1ximo de validade do certame deveria ser de tr\u00eas anos, prorrog\u00e1vel pelo mesmo per\u00edodo.<\/p>\n<p style=\"text-align: justify;\">d) viola a CF, pois o prazo m\u00e1ximo de validade do certame deveria ser de dois anos, prorrog\u00e1vel pelo mesmo per\u00edodo.<\/p>\n<p style=\"text-align: justify;\">e) obedece \u00e0 CF, pois \u00e9 de compet\u00eancia municipal a defini\u00e7\u00e3o dos aspectos de concurso p\u00fablico municipal.<\/p>\n<p style=\"text-align: justify;\"><strong>Coment\u00e1rios:<\/strong><\/p>\n<p style=\"text-align: justify;\">Segundo o art. 37, III, CF\/88, o prazo de validade do concurso p\u00fablico ser\u00e1 de <strong><em>at\u00e9 dois anos<\/em><\/strong>, prorrog\u00e1vel uma vez, por igual per\u00edodo. Assim, o edital do concurso, ao estabelecer prazo de validade de 5 (cinco) anos, viola a CF\/88.<\/p>\n<p style=\"text-align: justify;\">O gabarito \u00e9 a letra D.<\/p>\n<p style=\"text-align: justify;\"><strong>80-(CESPE \/ TCE-MG \u2013 2018) A controladoria interna de determinado estado identificou o desvio de cinco milh\u00f5es de reais e apurou a responsabilidade do secret\u00e1rio de direitos humanos local pelo il\u00edcito. O servidor foi demitido. Al\u00e9m da responsabilidade administrativa, o estado pretende buscar em ju\u00edzo repara\u00e7\u00e3o dos danos causados aos cofres p\u00fablicos estaduais.<\/strong><\/p>\n<p style=\"text-align: justify;\"><strong>Considerando essa situa\u00e7\u00e3o hipot\u00e9tica, assinale a op\u00e7\u00e3o que indica o \u00f3rg\u00e3o de fun\u00e7\u00e3o essencial da justi\u00e7a que det\u00e9m a compet\u00eancia para representar judicialmente o estado em ju\u00edzo.<\/strong><\/p>\n<p style=\"text-align: justify;\">a) minist\u00e9rio p\u00fablico estadual<\/p>\n<p style=\"text-align: justify;\">b) defensoria p\u00fablica estadual<\/p>\n<p style=\"text-align: justify;\">c) Advocacia-Geral da Uni\u00e3o<\/p>\n<p style=\"text-align: justify;\">d) procuradoria do estado<\/p>\n<p style=\"text-align: justify;\">e) Procuradoria-Geral da Fazenda Nacional<\/p>\n<p style=\"text-align: justify;\"><strong>Coment\u00e1rios:<\/strong><\/p>\n<p style=\"text-align: justify;\">A representa\u00e7\u00e3o judicial dos Estados cabe \u00e0 Procuradoria do Estado. Segundo o art. 132, CF\/88, \u201c<em>os Procuradores dos Estados e do Distrito Federal, organizados em carreira, na qual o ingresso depender\u00e1 de concurso p\u00fablico de provas e t\u00edtulos, com a participa\u00e7\u00e3o da Ordem dos Advogados do Brasil em todas as suas fases, exercer\u00e3o a representa\u00e7\u00e3o judicial e a consultoria jur\u00eddica das respectivas unidades federadas<\/em>\u201d.<\/p>\n<p style=\"text-align: justify;\">O gabarito \u00e9 a letra D.<\/p>\n<p style=\"text-align: justify;\">\n","protected":false},"excerpt":{"rendered":"<p>Ol\u00e1, pessoal! Tudo bem? Aqui \u00e9 o Ricardo Vale, professor de Direito Constitucional. Hoje (18\/11), tivemos a prova do TCE\/MG. A seguir, irei comentar as quest\u00f5es de Direito Constitucional, da \u00c1rea de Direito. Espero que voc\u00eas tenham obtido um \u00f3timo desempenho. Foi uma prova muito bem elaborada pelo CESPE, com um n\u00edvel de dificuldade bem [&hellip;]<\/p>\n","protected":false},"author":26,"featured_media":0,"comment_status":"open","ping_status":"closed","sticky":false,"template":"","format":"standard","meta":{"post_tipo":"article","footnotes":""},"categories":[1],"tags":[],"tax_estado":[],"class_list":["post-151648","post","type-post","status-publish","format-standard","hentry","category-cursos-e-concursos"],"acf":[],"yoast_head":"<!-- This site is optimized with the Yoast SEO Premium plugin v27.2 (Yoast SEO v27.2) - https:\/\/yoast.com\/product\/yoast-seo-premium-wordpress\/ -->\n<title>Gabarito Extraoficial - TCE\/MG - \u00c1rea Direito<\/title>\n<meta name=\"robots\" content=\"index, follow, max-snippet:-1, max-image-preview:large, max-video-preview:-1\" \/>\n<link rel=\"canonical\" href=\"https:\/\/www.estrategiaconcursos.com.br\/blog\/gabarito-extraoficial-tce-mg-area-direito\/\" \/>\n<meta property=\"og:locale\" content=\"pt_BR\" \/>\n<meta property=\"og:type\" content=\"article\" \/>\n<meta property=\"og:title\" content=\"Gabarito Extraoficial - TCE\/MG - \u00c1rea Direito\" \/>\n<meta property=\"og:description\" content=\"Ol\u00e1, pessoal! Tudo bem? Aqui \u00e9 o Ricardo Vale, professor de Direito Constitucional. Hoje (18\/11), tivemos a prova do TCE\/MG. A seguir, irei comentar as quest\u00f5es de Direito Constitucional, da \u00c1rea de Direito. Espero que voc\u00eas tenham obtido um \u00f3timo desempenho. Foi uma prova muito bem elaborada pelo CESPE, com um n\u00edvel de dificuldade bem [&hellip;]\" \/>\n<meta property=\"og:url\" content=\"https:\/\/www.estrategiaconcursos.com.br\/blog\/gabarito-extraoficial-tce-mg-area-direito\/\" \/>\n<meta property=\"og:site_name\" content=\"Estrat\u00e9gia Concursos\" \/>\n<meta property=\"article:author\" content=\"https:\/\/www.facebook.com\/rvale01\" \/>\n<meta property=\"article:published_time\" content=\"2018-11-18T23:52:31+00:00\" \/>\n<meta property=\"article:modified_time\" content=\"2019-04-16T12:43:23+00:00\" \/>\n<meta name=\"author\" content=\"Ricardo Vale\" \/>\n<meta name=\"twitter:card\" content=\"summary_large_image\" \/>\n<meta name=\"twitter:creator\" content=\"@https:\/\/twitter.com\/EstratConcursos\" \/>\n<meta name=\"twitter:site\" content=\"@EstratConcursos\" \/>\n<meta name=\"twitter:label1\" content=\"Escrito por\" \/>\n\t<meta name=\"twitter:data1\" content=\"Ricardo Vale\" \/>\n\t<meta name=\"twitter:label2\" content=\"Est. tempo de leitura\" \/>\n\t<meta name=\"twitter:data2\" content=\"12 minutos\" \/>\n<script type=\"application\/ld+json\" class=\"yoast-schema-graph\">{\"@context\":\"https:\/\/schema.org\",\"@graph\":[{\"@type\":\"NewsArticle\",\"@id\":\"https:\/\/www.estrategiaconcursos.com.br\/blog\/gabarito-extraoficial-tce-mg-area-direito\/#article\",\"isPartOf\":{\"@id\":\"https:\/\/www.estrategiaconcursos.com.br\/blog\/gabarito-extraoficial-tce-mg-area-direito\/\"},\"author\":{\"name\":\"Ricardo Vale\",\"@id\":\"https:\/\/www.estrategiaconcursos.com.br\/blog\/#\/schema\/person\/c32e47dba2159cafe7796a9569a6ff7e\"},\"headline\":\"Gabarito Extraoficial &#8211; TCE\/MG &#8211; \u00c1rea Direito\",\"datePublished\":\"2018-11-18T23:52:31+00:00\",\"dateModified\":\"2019-04-16T12:43:23+00:00\",\"mainEntityOfPage\":{\"@id\":\"https:\/\/www.estrategiaconcursos.com.br\/blog\/gabarito-extraoficial-tce-mg-area-direito\/\"},\"wordCount\":2317,\"commentCount\":0,\"publisher\":{\"@id\":\"https:\/\/www.estrategiaconcursos.com.br\/blog\/#organization\"},\"articleSection\":[\"Concursos P\u00fablicos\"],\"inLanguage\":\"pt-BR\",\"potentialAction\":[{\"@type\":\"CommentAction\",\"name\":\"Comment\",\"target\":[\"https:\/\/www.estrategiaconcursos.com.br\/blog\/gabarito-extraoficial-tce-mg-area-direito\/#respond\"]}],\"copyrightYear\":\"2018\",\"copyrightHolder\":{\"@id\":\"https:\/\/www.estrategiaconcursos.com.br\/blog\/#organization\"}},{\"@type\":\"WebPage\",\"@id\":\"https:\/\/www.estrategiaconcursos.com.br\/blog\/gabarito-extraoficial-tce-mg-area-direito\/\",\"url\":\"https:\/\/www.estrategiaconcursos.com.br\/blog\/gabarito-extraoficial-tce-mg-area-direito\/\",\"name\":\"Gabarito Extraoficial - TCE\/MG - \u00c1rea Direito\",\"isPartOf\":{\"@id\":\"https:\/\/www.estrategiaconcursos.com.br\/blog\/#website\"},\"datePublished\":\"2018-11-18T23:52:31+00:00\",\"dateModified\":\"2019-04-16T12:43:23+00:00\",\"breadcrumb\":{\"@id\":\"https:\/\/www.estrategiaconcursos.com.br\/blog\/gabarito-extraoficial-tce-mg-area-direito\/#breadcrumb\"},\"inLanguage\":\"pt-BR\",\"potentialAction\":[{\"@type\":\"ReadAction\",\"target\":[\"https:\/\/www.estrategiaconcursos.com.br\/blog\/gabarito-extraoficial-tce-mg-area-direito\/\"]}]},{\"@type\":\"BreadcrumbList\",\"@id\":\"https:\/\/www.estrategiaconcursos.com.br\/blog\/gabarito-extraoficial-tce-mg-area-direito\/#breadcrumb\",\"itemListElement\":[{\"@type\":\"ListItem\",\"position\":1,\"name\":\"In\u00edcio\",\"item\":\"https:\/\/www.estrategiaconcursos.com.br\/blog\/\"},{\"@type\":\"ListItem\",\"position\":2,\"name\":\"Gabarito Extraoficial &#8211; TCE\/MG &#8211; \u00c1rea Direito\"}]},{\"@type\":\"WebSite\",\"@id\":\"https:\/\/www.estrategiaconcursos.com.br\/blog\/#website\",\"url\":\"https:\/\/www.estrategiaconcursos.com.br\/blog\/\",\"name\":\"Estrat\u00e9gia Concursos\",\"description\":\"O blog da Estrat\u00e9gia Concursos traz not\u00edcias sobre concursos e artigos de professores oferecendo cursos para concursos (pdf + videaulas) no site.\",\"publisher\":{\"@id\":\"https:\/\/www.estrategiaconcursos.com.br\/blog\/#organization\"},\"potentialAction\":[{\"@type\":\"SearchAction\",\"target\":{\"@type\":\"EntryPoint\",\"urlTemplate\":\"https:\/\/www.estrategiaconcursos.com.br\/blog\/?s={search_term_string}\"},\"query-input\":{\"@type\":\"PropertyValueSpecification\",\"valueRequired\":true,\"valueName\":\"search_term_string\"}}],\"inLanguage\":\"pt-BR\"},{\"@type\":\"Organization\",\"@id\":\"https:\/\/www.estrategiaconcursos.com.br\/blog\/#organization\",\"name\":\"Estrat\u00e9gia Concursos\",\"url\":\"https:\/\/www.estrategiaconcursos.com.br\/blog\/\",\"logo\":{\"@type\":\"ImageObject\",\"inLanguage\":\"pt-BR\",\"@id\":\"https:\/\/www.estrategiaconcursos.com.br\/blog\/#\/schema\/logo\/image\/\",\"url\":\"https:\/\/dhg1h5j42swfq.cloudfront.net\/2025\/06\/03203428\/logo_concursos-1.jpg\",\"contentUrl\":\"https:\/\/dhg1h5j42swfq.cloudfront.net\/2025\/06\/03203428\/logo_concursos-1.jpg\",\"width\":230,\"height\":60,\"caption\":\"Estrat\u00e9gia Concursos\"},\"image\":{\"@id\":\"https:\/\/www.estrategiaconcursos.com.br\/blog\/#\/schema\/logo\/image\/\"},\"sameAs\":[\"https:\/\/x.com\/EstratConcursos\"]},{\"@type\":\"Person\",\"@id\":\"https:\/\/www.estrategiaconcursos.com.br\/blog\/#\/schema\/person\/c32e47dba2159cafe7796a9569a6ff7e\",\"name\":\"Ricardo Vale\",\"image\":{\"@type\":\"ImageObject\",\"inLanguage\":\"pt-BR\",\"@id\":\"https:\/\/secure.gravatar.com\/avatar\/e5a5658c798bb49dd53314263f59f38c192d73370fb65839a372c2ae9027be74?s=96&d=mm&r=g\",\"url\":\"https:\/\/secure.gravatar.com\/avatar\/e5a5658c798bb49dd53314263f59f38c192d73370fb65839a372c2ae9027be74?s=96&d=mm&r=g\",\"contentUrl\":\"https:\/\/secure.gravatar.com\/avatar\/e5a5658c798bb49dd53314263f59f38c192d73370fb65839a372c2ae9027be74?s=96&d=mm&r=g\",\"caption\":\"Ricardo Vale\"},\"sameAs\":[\"https:\/\/www.facebook.com\/rvale01\",\"https:\/\/x.com\/https:\/\/twitter.com\/EstratConcursos\"],\"url\":\"https:\/\/www.estrategiaconcursos.com.br\/blog\/author\/ricardovaleestrategiaconcursos-com-br\/\"}]}<\/script>\n<!-- \/ Yoast SEO Premium plugin. -->","yoast_head_json":{"title":"Gabarito Extraoficial - TCE\/MG - \u00c1rea Direito","robots":{"index":"index","follow":"follow","max-snippet":"max-snippet:-1","max-image-preview":"max-image-preview:large","max-video-preview":"max-video-preview:-1"},"canonical":"https:\/\/www.estrategiaconcursos.com.br\/blog\/gabarito-extraoficial-tce-mg-area-direito\/","og_locale":"pt_BR","og_type":"article","og_title":"Gabarito Extraoficial - TCE\/MG - \u00c1rea Direito","og_description":"Ol\u00e1, pessoal! Tudo bem? Aqui \u00e9 o Ricardo Vale, professor de Direito Constitucional. Hoje (18\/11), tivemos a prova do TCE\/MG. A seguir, irei comentar as quest\u00f5es de Direito Constitucional, da \u00c1rea de Direito. Espero que voc\u00eas tenham obtido um \u00f3timo desempenho. Foi uma prova muito bem elaborada pelo CESPE, com um n\u00edvel de dificuldade bem [&hellip;]","og_url":"https:\/\/www.estrategiaconcursos.com.br\/blog\/gabarito-extraoficial-tce-mg-area-direito\/","og_site_name":"Estrat\u00e9gia Concursos","article_author":"https:\/\/www.facebook.com\/rvale01","article_published_time":"2018-11-18T23:52:31+00:00","article_modified_time":"2019-04-16T12:43:23+00:00","author":"Ricardo Vale","twitter_card":"summary_large_image","twitter_creator":"@https:\/\/twitter.com\/EstratConcursos","twitter_site":"@EstratConcursos","twitter_misc":{"Escrito por":"Ricardo Vale","Est. tempo de leitura":"12 minutos"},"schema":{"@context":"https:\/\/schema.org","@graph":[{"@type":"NewsArticle","@id":"https:\/\/www.estrategiaconcursos.com.br\/blog\/gabarito-extraoficial-tce-mg-area-direito\/#article","isPartOf":{"@id":"https:\/\/www.estrategiaconcursos.com.br\/blog\/gabarito-extraoficial-tce-mg-area-direito\/"},"author":{"name":"Ricardo Vale","@id":"https:\/\/www.estrategiaconcursos.com.br\/blog\/#\/schema\/person\/c32e47dba2159cafe7796a9569a6ff7e"},"headline":"Gabarito Extraoficial &#8211; TCE\/MG &#8211; \u00c1rea Direito","datePublished":"2018-11-18T23:52:31+00:00","dateModified":"2019-04-16T12:43:23+00:00","mainEntityOfPage":{"@id":"https:\/\/www.estrategiaconcursos.com.br\/blog\/gabarito-extraoficial-tce-mg-area-direito\/"},"wordCount":2317,"commentCount":0,"publisher":{"@id":"https:\/\/www.estrategiaconcursos.com.br\/blog\/#organization"},"articleSection":["Concursos P\u00fablicos"],"inLanguage":"pt-BR","potentialAction":[{"@type":"CommentAction","name":"Comment","target":["https:\/\/www.estrategiaconcursos.com.br\/blog\/gabarito-extraoficial-tce-mg-area-direito\/#respond"]}],"copyrightYear":"2018","copyrightHolder":{"@id":"https:\/\/www.estrategiaconcursos.com.br\/blog\/#organization"}},{"@type":"WebPage","@id":"https:\/\/www.estrategiaconcursos.com.br\/blog\/gabarito-extraoficial-tce-mg-area-direito\/","url":"https:\/\/www.estrategiaconcursos.com.br\/blog\/gabarito-extraoficial-tce-mg-area-direito\/","name":"Gabarito Extraoficial - TCE\/MG - \u00c1rea Direito","isPartOf":{"@id":"https:\/\/www.estrategiaconcursos.com.br\/blog\/#website"},"datePublished":"2018-11-18T23:52:31+00:00","dateModified":"2019-04-16T12:43:23+00:00","breadcrumb":{"@id":"https:\/\/www.estrategiaconcursos.com.br\/blog\/gabarito-extraoficial-tce-mg-area-direito\/#breadcrumb"},"inLanguage":"pt-BR","potentialAction":[{"@type":"ReadAction","target":["https:\/\/www.estrategiaconcursos.com.br\/blog\/gabarito-extraoficial-tce-mg-area-direito\/"]}]},{"@type":"BreadcrumbList","@id":"https:\/\/www.estrategiaconcursos.com.br\/blog\/gabarito-extraoficial-tce-mg-area-direito\/#breadcrumb","itemListElement":[{"@type":"ListItem","position":1,"name":"In\u00edcio","item":"https:\/\/www.estrategiaconcursos.com.br\/blog\/"},{"@type":"ListItem","position":2,"name":"Gabarito Extraoficial &#8211; TCE\/MG &#8211; \u00c1rea Direito"}]},{"@type":"WebSite","@id":"https:\/\/www.estrategiaconcursos.com.br\/blog\/#website","url":"https:\/\/www.estrategiaconcursos.com.br\/blog\/","name":"Estrat\u00e9gia Concursos","description":"O blog da Estrat\u00e9gia Concursos traz not\u00edcias sobre concursos e artigos de professores oferecendo cursos para concursos (pdf + videaulas) no site.","publisher":{"@id":"https:\/\/www.estrategiaconcursos.com.br\/blog\/#organization"},"potentialAction":[{"@type":"SearchAction","target":{"@type":"EntryPoint","urlTemplate":"https:\/\/www.estrategiaconcursos.com.br\/blog\/?s={search_term_string}"},"query-input":{"@type":"PropertyValueSpecification","valueRequired":true,"valueName":"search_term_string"}}],"inLanguage":"pt-BR"},{"@type":"Organization","@id":"https:\/\/www.estrategiaconcursos.com.br\/blog\/#organization","name":"Estrat\u00e9gia Concursos","url":"https:\/\/www.estrategiaconcursos.com.br\/blog\/","logo":{"@type":"ImageObject","inLanguage":"pt-BR","@id":"https:\/\/www.estrategiaconcursos.com.br\/blog\/#\/schema\/logo\/image\/","url":"https:\/\/dhg1h5j42swfq.cloudfront.net\/2025\/06\/03203428\/logo_concursos-1.jpg","contentUrl":"https:\/\/dhg1h5j42swfq.cloudfront.net\/2025\/06\/03203428\/logo_concursos-1.jpg","width":230,"height":60,"caption":"Estrat\u00e9gia Concursos"},"image":{"@id":"https:\/\/www.estrategiaconcursos.com.br\/blog\/#\/schema\/logo\/image\/"},"sameAs":["https:\/\/x.com\/EstratConcursos"]},{"@type":"Person","@id":"https:\/\/www.estrategiaconcursos.com.br\/blog\/#\/schema\/person\/c32e47dba2159cafe7796a9569a6ff7e","name":"Ricardo Vale","image":{"@type":"ImageObject","inLanguage":"pt-BR","@id":"https:\/\/secure.gravatar.com\/avatar\/e5a5658c798bb49dd53314263f59f38c192d73370fb65839a372c2ae9027be74?s=96&d=mm&r=g","url":"https:\/\/secure.gravatar.com\/avatar\/e5a5658c798bb49dd53314263f59f38c192d73370fb65839a372c2ae9027be74?s=96&d=mm&r=g","contentUrl":"https:\/\/secure.gravatar.com\/avatar\/e5a5658c798bb49dd53314263f59f38c192d73370fb65839a372c2ae9027be74?s=96&d=mm&r=g","caption":"Ricardo Vale"},"sameAs":["https:\/\/www.facebook.com\/rvale01","https:\/\/x.com\/https:\/\/twitter.com\/EstratConcursos"],"url":"https:\/\/www.estrategiaconcursos.com.br\/blog\/author\/ricardovaleestrategiaconcursos-com-br\/"}]}},"_links":{"self":[{"href":"https:\/\/www.estrategiaconcursos.com.br\/blog\/wp-json\/wp\/v2\/posts\/151648","targetHints":{"allow":["GET"]}}],"collection":[{"href":"https:\/\/www.estrategiaconcursos.com.br\/blog\/wp-json\/wp\/v2\/posts"}],"about":[{"href":"https:\/\/www.estrategiaconcursos.com.br\/blog\/wp-json\/wp\/v2\/types\/post"}],"author":[{"embeddable":true,"href":"https:\/\/www.estrategiaconcursos.com.br\/blog\/wp-json\/wp\/v2\/users\/26"}],"replies":[{"embeddable":true,"href":"https:\/\/www.estrategiaconcursos.com.br\/blog\/wp-json\/wp\/v2\/comments?post=151648"}],"version-history":[{"count":1,"href":"https:\/\/www.estrategiaconcursos.com.br\/blog\/wp-json\/wp\/v2\/posts\/151648\/revisions"}],"predecessor-version":[{"id":151650,"href":"https:\/\/www.estrategiaconcursos.com.br\/blog\/wp-json\/wp\/v2\/posts\/151648\/revisions\/151650"}],"wp:attachment":[{"href":"https:\/\/www.estrategiaconcursos.com.br\/blog\/wp-json\/wp\/v2\/media?parent=151648"}],"wp:term":[{"taxonomy":"category","embeddable":true,"href":"https:\/\/www.estrategiaconcursos.com.br\/blog\/wp-json\/wp\/v2\/categories?post=151648"},{"taxonomy":"post_tag","embeddable":true,"href":"https:\/\/www.estrategiaconcursos.com.br\/blog\/wp-json\/wp\/v2\/tags?post=151648"},{"taxonomy":"tax_estado","embeddable":true,"href":"https:\/\/www.estrategiaconcursos.com.br\/blog\/wp-json\/wp\/v2\/tax_estado?post=151648"}],"curies":[{"name":"wp","href":"https:\/\/api.w.org\/{rel}","templated":true}]}}