{"id":151611,"date":"2018-11-18T18:28:56","date_gmt":"2018-11-18T21:28:56","guid":{"rendered":"https:\/\/www.estrategiaconcursos.com.br\/blog\/?p=151611"},"modified":"2019-11-08T16:42:48","modified_gmt":"2019-11-08T19:42:48","slug":"comentarios-a-prova-de-direito-constitucional-da-pm-sp-oficial-2018","status":"publish","type":"post","link":"https:\/\/www.estrategiaconcursos.com.br\/blog\/comentarios-a-prova-de-direito-constitucional-da-pm-sp-oficial-2018\/","title":{"rendered":"Coment\u00e1rios \u00e0 Prova de Direito Constitucional da PM-SP (Oficial) &#8211; 2018"},"content":{"rendered":"<p>Ol\u00e1, pessoal!<\/p>\n<p>Tudo bem?<\/p>\n<p>A seguir, comentaremos a prova de No\u00e7\u00f5es de Administra\u00e7\u00e3o P\u00fablica (parte de Direito Constitucional) de Oficial da PM-SP, aplicada pela Vunesp.<\/p>\n<p>&#8230;&#8230;&#8230;&#8230;&#8230;&#8230;&#8230;&#8230;&#8230;&#8230;&#8230;&#8230;&#8230;&#8230;&#8230;&#8230;&#8230;&#8230;.<\/p>\n<p><strong>71) <\/strong><strong>Assinale a alternativa que est\u00e1 em conformidade com a Constitui\u00e7\u00e3o Federal no que diz respeito aos direitos e garantias fundamentais.<\/strong><\/p>\n<p>a) \u00c9 livre a manifesta\u00e7\u00e3o do pensamento, sendo vedado o anonimato.<\/p>\n<p>b) \u00c9 vedada a presta\u00e7\u00e3o de assist\u00eancia religiosa nas entidades civis e militares de interna\u00e7\u00e3o coletiva.<\/p>\n<p>c) A casa \u00e9 asilo inviol\u00e1vel do indiv\u00edduo, ningu\u00e9m nela podendo penetrar, salvo, durante o dia, em caso de flagrante delito, ou \u00e0 noite, por determina\u00e7\u00e3o judicial.<\/p>\n<p>d) \u00c9 compet\u00eancia do Tribunal do J\u00fari o julgamento dos crimes culposos contra a vida.<\/p>\n<p>e) O tr\u00e1fico il\u00edcito de entorpecentes e drogas afins constitui crime inafian\u00e7\u00e1vel e imprescrit\u00edvel, sujeito \u00e0 pena de reclus\u00e3o, nos termos da lei.<\/p>\n<p><strong>Coment\u00e1rios:<\/strong><\/p>\n<p>O edital da PM-SP n\u00e3o cobrou direitos e deveres individuais e coletivos. Por isso, a quest\u00e3o dever\u00e1 ser <span style=\"text-decoration: underline;\"><strong>anulada<\/strong><\/span>.<\/p>\n<p>Letra A: correta. \u00c9 o que determina o art. 5\u00ba, IV, da Constitui\u00e7\u00e3o.<\/p>\n<p>Letra B: errada. A Carta Magna assegura, nos termos da lei, a presta\u00e7\u00e3o de assist\u00eancia religiosa nas entidades civis e militares de interna\u00e7\u00e3o coletiva (art. 5\u00ba, VII, CF).<\/p>\n<p>Letra C: errada. A casa \u00e9 asilo inviol\u00e1vel do indiv\u00edduo, ningu\u00e9m nela podendo penetrar sem consentimento do morador, <strong><em>salvo em caso de flagrante delito ou desastre, ou para prestar socorro, ou, durante o dia, por determina\u00e7\u00e3o judicial<\/em><\/strong> (art. 5\u00ba, XI, CF).<\/p>\n<p>Letra D: errada. Compete ao Tribunal do J\u00fari julgar os crimes <strong><em>dolosos<\/em><\/strong> contra a vida (art. 5\u00ba, XXXVIII, \u201cd\u201d, CF).<\/p>\n<p>Letra E: errada. Trata-se de crime inafian\u00e7\u00e1vel e insuscet\u00edvel de gra\u00e7a ou anistia (art. 5\u00ba, XLIII, CF).<\/p>\n<p>O gabarito \u00e9 a letra A, mas a quest\u00e3o dever\u00e1 ser anulada.<\/p>\n<p><strong>72) Joaquim Floriano, policial militar do Estado de S\u00e3o Paulo, tendo completado, em 2018, cinco anos na ativa, pretende candidatar-se a um cargo p\u00fablico nas elei\u00e7\u00f5es que ocorrer\u00e3o em 2020. Nessa hip\u00f3tese, conforme as normas da Constitui\u00e7\u00e3o Federal, \u00e9 correto afirmar que Floriano<\/strong><\/p>\n<p>a) n\u00e3o poder\u00e1 candidatar-se, pois o militar \u00e9 ineleg\u00edvel.<\/p>\n<p>b) poder\u00e1 candidatar-se e, se eleito, passar\u00e1, automaticamente, para a inatividade.<\/p>\n<p>c) n\u00e3o poder\u00e1 candidatar-se por n\u00e3o contar, ainda, com mais de dez anos de servi\u00e7o.<\/p>\n<p>d) poder\u00e1 candidatar-se, mas dever\u00e1 afastar-se da atividade.<\/p>\n<p>e) poder\u00e1 candidatar-se apenas se estiver filiado a partido pol\u00edtico um ano antes da elei\u00e7\u00e3o.<\/p>\n<p><strong>Coment\u00e1rios:<\/strong><\/p>\n<p>A Carta Magna determina que o militar alist\u00e1vel \u00e9 eleg\u00edvel, atendidas as seguintes condi\u00e7\u00f5es (art. 14, \u00a7 8\u00ba, CF):<\/p>\n<p><strong><em>I <\/em><\/strong><em>&#8211; se contar <strong>menos de dez anos de servi\u00e7o, dever\u00e1 afastar-se da atividade<\/strong>;<\/em><\/p>\n<p><strong><em>II <\/em><\/strong><em>&#8211; se contar mais de dez anos de servi\u00e7o, ser\u00e1 agregado pela autoridade superior e, se eleito, passar\u00e1 automaticamente, no ato da diploma\u00e7\u00e3o, para a inatividade.<\/em><\/p>\n<p>Considerando que Joaquim conta com menos de dez anos de servi\u00e7o, poder\u00e1 candidatar-se, desde que se afaste da atividade.<\/p>\n<p>O gabarito \u00e9 a letra D.<\/p>\n<p><strong>73) No que diz respeito \u00e0 prote\u00e7\u00e3o especial da Fam\u00edlia, da Crian\u00e7a, do Adolescente, do Idoso e dos Portadores de Defici\u00eancias, a Constitui\u00e7\u00e3o do Estado de S\u00e3o Paulo disp\u00f5e que<\/strong><\/p>\n<p>a) \u00e9 garantia da crian\u00e7a e do adolescente o conhecimento formal do crime que lhe seja atribu\u00eddo.<\/p>\n<p>b) \u00e9 direito dos portadores de defici\u00eancias o treinamento para o trabalho, conviv\u00eancia e acesso gratuito aos bens e servi\u00e7os coletivos.<\/p>\n<p>c) as empresas que adaptarem seus equipamentos para o trabalho de portadores de defici\u00eancias poder\u00e3o receber incentivos, na forma da lei.<\/p>\n<p>d) as empresas que n\u00e3o adequarem seus equipamentos, instala\u00e7\u00f5es e rotinas de trabalho aos portadores de defici\u00eancias estar\u00e3o sujeitas a multas e outras penalidades.<\/p>\n<p>e) \u00e9 direito das fam\u00edlias dos egressos de hospitais psiqui\u00e1tricos do Estado, independentemente de sua renda, assist\u00eancia social e material at\u00e9 sua reintegra\u00e7\u00e3o na sociedade.<\/p>\n<p><strong>Coment\u00e1rios:<\/strong><\/p>\n<p>Letra A: errada. A CE\/SP garante \u00e0 crian\u00e7a e ao adolescente o conhecimento formal do <strong><em>ato infracional<\/em><\/strong> que lhe foi atribu\u00eddo (art. 277, par\u00e1grafo \u00fanico, 1, CE\/SP).<\/p>\n<p>Letra B: errada. A CE\/SP determina que o Poder P\u00fablico promover\u00e1 programas especiais tendo como prop\u00f3sito a integra\u00e7\u00e3o social dos portadores de defici\u00eancias, mediante treinamento para o trabalho, conviv\u00eancia e <strong><em>facilita\u00e7\u00e3o do acesso aos bens e servi\u00e7os coletivos<\/em><\/strong> (art. 278, IV, CE\/SP).<\/p>\n<p>Letra C: correta. \u00c9 o que disp\u00f5e o art. 279, par\u00e1grafo \u00fanico, da CE\/SP.<\/p>\n<p>Letra D: errada. N\u00e3o h\u00e1 tal previs\u00e3o na Constitui\u00e7\u00e3o de S\u00e3o Paulo.<\/p>\n<p>Letra E: errada. A CE\/SP assegura assist\u00eancia social e material \u00e0s <strong><em>fam\u00edlias de baixa renda <\/em><\/strong>dos egressos de hospitais psiqui\u00e1tricos do Estado, at\u00e9 sua reintegra\u00e7\u00e3o na sociedade (art. 278, I, CE\/SP).<\/p>\n<p>O gabarito \u00e9 a letra C.<\/p>\n<p>&#8230;&#8230;&#8230;&#8230;&#8230;&#8230;&#8230;.<\/p>\n<p>Espero que voc\u00eas tenham gabaritado a prova. Estamos torcendo MUITO por voc\u00eas!<\/p>\n<p>Abra\u00e7os,<\/p>\n<p>N\u00e1dia (@nadiacarolstos)<\/p>\n<p>&nbsp;<\/p>\n<p>&nbsp;<\/p>\n","protected":false},"excerpt":{"rendered":"<p>Ol\u00e1, pessoal! Tudo bem? A seguir, comentaremos a prova de No\u00e7\u00f5es de Administra\u00e7\u00e3o P\u00fablica (parte de Direito Constitucional) de Oficial da PM-SP, aplicada pela Vunesp. &#8230;&#8230;&#8230;&#8230;&#8230;&#8230;&#8230;&#8230;&#8230;&#8230;&#8230;&#8230;&#8230;&#8230;&#8230;&#8230;&#8230;&#8230;. 71) Assinale a alternativa que est\u00e1 em conformidade com a Constitui\u00e7\u00e3o Federal no que diz respeito aos direitos e garantias fundamentais. a) \u00c9 livre a manifesta\u00e7\u00e3o do pensamento, sendo [&hellip;]<\/p>\n","protected":false},"author":58,"featured_media":0,"comment_status":"open","ping_status":"closed","sticky":false,"template":"","format":"standard","meta":{"post_tipo":"article","footnotes":""},"categories":[1,1988],"tags":[40321,40320],"tax_estado":[],"class_list":["post-151611","post","type-post","status-publish","format-standard","hentry","category-cursos-e-concursos","category-policia","tag-pm-sp-constitucional","tag-prova-pm-sp-oficial"],"acf":[],"yoast_head":"<!-- This site is optimized with the Yoast SEO Premium plugin v27.2 (Yoast SEO v27.2) - https:\/\/yoast.com\/product\/yoast-seo-premium-wordpress\/ -->\n<title>Coment\u00e1rios \u00e0 Prova de Direito Constitucional da PM-SP (Oficial) - 2018<\/title>\n<meta name=\"description\" content=\"Neste artigo, a professora N\u00e1dia Carolina comenta a prova da PM-SP 2018, cargo de Oficial. Confira!\" \/>\n<meta name=\"robots\" content=\"index, follow, max-snippet:-1, max-image-preview:large, max-video-preview:-1\" \/>\n<link rel=\"canonical\" href=\"https:\/\/www.estrategiaconcursos.com.br\/blog\/comentarios-a-prova-de-direito-constitucional-da-pm-sp-oficial-2018\/\" \/>\n<meta property=\"og:locale\" content=\"pt_BR\" \/>\n<meta property=\"og:type\" content=\"article\" \/>\n<meta property=\"og:title\" content=\"Coment\u00e1rios \u00e0 Prova de Direito Constitucional da PM-SP (Oficial) - 2018\" \/>\n<meta property=\"og:description\" content=\"Neste artigo, a professora N\u00e1dia Carolina comenta a prova da PM-SP 2018, cargo de Oficial. Confira!\" \/>\n<meta property=\"og:url\" content=\"https:\/\/www.estrategiaconcursos.com.br\/blog\/comentarios-a-prova-de-direito-constitucional-da-pm-sp-oficial-2018\/\" \/>\n<meta property=\"og:site_name\" content=\"Estrat\u00e9gia Concursos\" \/>\n<meta property=\"article:author\" content=\"https:\/\/www.facebook.com\/nadia.c.santos.16\" \/>\n<meta property=\"article:published_time\" content=\"2018-11-18T21:28:56+00:00\" \/>\n<meta property=\"article:modified_time\" content=\"2019-11-08T19:42:48+00:00\" \/>\n<meta name=\"author\" content=\"N\u00e1dia Carolina\" \/>\n<meta name=\"twitter:card\" content=\"summary_large_image\" \/>\n<meta name=\"twitter:creator\" content=\"@EstratConcursos\" \/>\n<meta name=\"twitter:site\" content=\"@EstratConcursos\" \/>\n<meta name=\"twitter:label1\" content=\"Escrito por\" \/>\n\t<meta name=\"twitter:data1\" content=\"N\u00e1dia Carolina\" \/>\n\t<meta name=\"twitter:label2\" content=\"Est. tempo de leitura\" \/>\n\t<meta name=\"twitter:data2\" content=\"4 minutos\" \/>\n<script type=\"application\/ld+json\" class=\"yoast-schema-graph\">{\"@context\":\"https:\/\/schema.org\",\"@graph\":[{\"@type\":\"NewsArticle\",\"@id\":\"https:\/\/www.estrategiaconcursos.com.br\/blog\/comentarios-a-prova-de-direito-constitucional-da-pm-sp-oficial-2018\/#article\",\"isPartOf\":{\"@id\":\"https:\/\/www.estrategiaconcursos.com.br\/blog\/comentarios-a-prova-de-direito-constitucional-da-pm-sp-oficial-2018\/\"},\"author\":{\"name\":\"N\u00e1dia Carolina\",\"@id\":\"https:\/\/www.estrategiaconcursos.com.br\/blog\/#\/schema\/person\/bf1b1d1865628ae32d608d5bad5442c6\"},\"headline\":\"Coment\u00e1rios \u00e0 Prova de Direito Constitucional da PM-SP (Oficial) &#8211; 2018\",\"datePublished\":\"2018-11-18T21:28:56+00:00\",\"dateModified\":\"2019-11-08T19:42:48+00:00\",\"mainEntityOfPage\":{\"@id\":\"https:\/\/www.estrategiaconcursos.com.br\/blog\/comentarios-a-prova-de-direito-constitucional-da-pm-sp-oficial-2018\/\"},\"wordCount\":846,\"commentCount\":0,\"publisher\":{\"@id\":\"https:\/\/www.estrategiaconcursos.com.br\/blog\/#organization\"},\"keywords\":[\"PM-SP Constitucional\",\"Prova PM-SP Oficial\"],\"articleSection\":[\"Concursos P\u00fablicos\",\"Policial (Agente, Escriv\u00e3o e Investigador)\"],\"inLanguage\":\"pt-BR\",\"potentialAction\":[{\"@type\":\"CommentAction\",\"name\":\"Comment\",\"target\":[\"https:\/\/www.estrategiaconcursos.com.br\/blog\/comentarios-a-prova-de-direito-constitucional-da-pm-sp-oficial-2018\/#respond\"]}],\"copyrightYear\":\"2018\",\"copyrightHolder\":{\"@id\":\"https:\/\/www.estrategiaconcursos.com.br\/blog\/#organization\"}},{\"@type\":\"WebPage\",\"@id\":\"https:\/\/www.estrategiaconcursos.com.br\/blog\/comentarios-a-prova-de-direito-constitucional-da-pm-sp-oficial-2018\/\",\"url\":\"https:\/\/www.estrategiaconcursos.com.br\/blog\/comentarios-a-prova-de-direito-constitucional-da-pm-sp-oficial-2018\/\",\"name\":\"Coment\u00e1rios \u00e0 Prova de Direito Constitucional da PM-SP (Oficial) - 2018\",\"isPartOf\":{\"@id\":\"https:\/\/www.estrategiaconcursos.com.br\/blog\/#website\"},\"datePublished\":\"2018-11-18T21:28:56+00:00\",\"dateModified\":\"2019-11-08T19:42:48+00:00\",\"description\":\"Neste artigo, a professora N\u00e1dia Carolina comenta a prova da PM-SP 2018, cargo de Oficial. Confira!\",\"breadcrumb\":{\"@id\":\"https:\/\/www.estrategiaconcursos.com.br\/blog\/comentarios-a-prova-de-direito-constitucional-da-pm-sp-oficial-2018\/#breadcrumb\"},\"inLanguage\":\"pt-BR\",\"potentialAction\":[{\"@type\":\"ReadAction\",\"target\":[\"https:\/\/www.estrategiaconcursos.com.br\/blog\/comentarios-a-prova-de-direito-constitucional-da-pm-sp-oficial-2018\/\"]}]},{\"@type\":\"BreadcrumbList\",\"@id\":\"https:\/\/www.estrategiaconcursos.com.br\/blog\/comentarios-a-prova-de-direito-constitucional-da-pm-sp-oficial-2018\/#breadcrumb\",\"itemListElement\":[{\"@type\":\"ListItem\",\"position\":1,\"name\":\"In\u00edcio\",\"item\":\"https:\/\/www.estrategiaconcursos.com.br\/blog\/\"},{\"@type\":\"ListItem\",\"position\":2,\"name\":\"Coment\u00e1rios \u00e0 Prova de Direito Constitucional da PM-SP (Oficial) &#8211; 2018\"}]},{\"@type\":\"WebSite\",\"@id\":\"https:\/\/www.estrategiaconcursos.com.br\/blog\/#website\",\"url\":\"https:\/\/www.estrategiaconcursos.com.br\/blog\/\",\"name\":\"Estrat\u00e9gia Concursos\",\"description\":\"O blog da Estrat\u00e9gia Concursos traz not\u00edcias sobre concursos e artigos de professores oferecendo cursos para concursos (pdf + videaulas) no site.\",\"publisher\":{\"@id\":\"https:\/\/www.estrategiaconcursos.com.br\/blog\/#organization\"},\"potentialAction\":[{\"@type\":\"SearchAction\",\"target\":{\"@type\":\"EntryPoint\",\"urlTemplate\":\"https:\/\/www.estrategiaconcursos.com.br\/blog\/?s={search_term_string}\"},\"query-input\":{\"@type\":\"PropertyValueSpecification\",\"valueRequired\":true,\"valueName\":\"search_term_string\"}}],\"inLanguage\":\"pt-BR\"},{\"@type\":\"Organization\",\"@id\":\"https:\/\/www.estrategiaconcursos.com.br\/blog\/#organization\",\"name\":\"Estrat\u00e9gia Concursos\",\"url\":\"https:\/\/www.estrategiaconcursos.com.br\/blog\/\",\"logo\":{\"@type\":\"ImageObject\",\"inLanguage\":\"pt-BR\",\"@id\":\"https:\/\/www.estrategiaconcursos.com.br\/blog\/#\/schema\/logo\/image\/\",\"url\":\"https:\/\/dhg1h5j42swfq.cloudfront.net\/2025\/06\/03203428\/logo_concursos-1.jpg\",\"contentUrl\":\"https:\/\/dhg1h5j42swfq.cloudfront.net\/2025\/06\/03203428\/logo_concursos-1.jpg\",\"width\":230,\"height\":60,\"caption\":\"Estrat\u00e9gia Concursos\"},\"image\":{\"@id\":\"https:\/\/www.estrategiaconcursos.com.br\/blog\/#\/schema\/logo\/image\/\"},\"sameAs\":[\"https:\/\/x.com\/EstratConcursos\"]},{\"@type\":\"Person\",\"@id\":\"https:\/\/www.estrategiaconcursos.com.br\/blog\/#\/schema\/person\/bf1b1d1865628ae32d608d5bad5442c6\",\"name\":\"N\u00e1dia Carolina\",\"image\":{\"@type\":\"ImageObject\",\"inLanguage\":\"pt-BR\",\"@id\":\"https:\/\/secure.gravatar.com\/avatar\/0ec0c484339a071f22ea5ced30956ccdaab0f83125b2dc1857c3b038404136a7?s=96&d=mm&r=g\",\"url\":\"https:\/\/secure.gravatar.com\/avatar\/0ec0c484339a071f22ea5ced30956ccdaab0f83125b2dc1857c3b038404136a7?s=96&d=mm&r=g\",\"contentUrl\":\"https:\/\/secure.gravatar.com\/avatar\/0ec0c484339a071f22ea5ced30956ccdaab0f83125b2dc1857c3b038404136a7?s=96&d=mm&r=g\",\"caption\":\"N\u00e1dia Carolina\"},\"sameAs\":[\"https:\/\/www.facebook.com\/nadia.c.santos.16\"],\"url\":\"https:\/\/www.estrategiaconcursos.com.br\/blog\/author\/nadiaestrategiaconcursos-com-br\/\"}]}<\/script>\n<!-- \/ Yoast SEO Premium plugin. -->","yoast_head_json":{"title":"Coment\u00e1rios \u00e0 Prova de Direito Constitucional da PM-SP (Oficial) - 2018","description":"Neste artigo, a professora N\u00e1dia Carolina comenta a prova da PM-SP 2018, cargo de Oficial. Confira!","robots":{"index":"index","follow":"follow","max-snippet":"max-snippet:-1","max-image-preview":"max-image-preview:large","max-video-preview":"max-video-preview:-1"},"canonical":"https:\/\/www.estrategiaconcursos.com.br\/blog\/comentarios-a-prova-de-direito-constitucional-da-pm-sp-oficial-2018\/","og_locale":"pt_BR","og_type":"article","og_title":"Coment\u00e1rios \u00e0 Prova de Direito Constitucional da PM-SP (Oficial) - 2018","og_description":"Neste artigo, a professora N\u00e1dia Carolina comenta a prova da PM-SP 2018, cargo de Oficial. Confira!","og_url":"https:\/\/www.estrategiaconcursos.com.br\/blog\/comentarios-a-prova-de-direito-constitucional-da-pm-sp-oficial-2018\/","og_site_name":"Estrat\u00e9gia Concursos","article_author":"https:\/\/www.facebook.com\/nadia.c.santos.16","article_published_time":"2018-11-18T21:28:56+00:00","article_modified_time":"2019-11-08T19:42:48+00:00","author":"N\u00e1dia Carolina","twitter_card":"summary_large_image","twitter_creator":"@EstratConcursos","twitter_site":"@EstratConcursos","twitter_misc":{"Escrito por":"N\u00e1dia Carolina","Est. tempo de leitura":"4 minutos"},"schema":{"@context":"https:\/\/schema.org","@graph":[{"@type":"NewsArticle","@id":"https:\/\/www.estrategiaconcursos.com.br\/blog\/comentarios-a-prova-de-direito-constitucional-da-pm-sp-oficial-2018\/#article","isPartOf":{"@id":"https:\/\/www.estrategiaconcursos.com.br\/blog\/comentarios-a-prova-de-direito-constitucional-da-pm-sp-oficial-2018\/"},"author":{"name":"N\u00e1dia Carolina","@id":"https:\/\/www.estrategiaconcursos.com.br\/blog\/#\/schema\/person\/bf1b1d1865628ae32d608d5bad5442c6"},"headline":"Coment\u00e1rios \u00e0 Prova de Direito Constitucional da PM-SP (Oficial) &#8211; 2018","datePublished":"2018-11-18T21:28:56+00:00","dateModified":"2019-11-08T19:42:48+00:00","mainEntityOfPage":{"@id":"https:\/\/www.estrategiaconcursos.com.br\/blog\/comentarios-a-prova-de-direito-constitucional-da-pm-sp-oficial-2018\/"},"wordCount":846,"commentCount":0,"publisher":{"@id":"https:\/\/www.estrategiaconcursos.com.br\/blog\/#organization"},"keywords":["PM-SP Constitucional","Prova PM-SP Oficial"],"articleSection":["Concursos P\u00fablicos","Policial (Agente, Escriv\u00e3o e Investigador)"],"inLanguage":"pt-BR","potentialAction":[{"@type":"CommentAction","name":"Comment","target":["https:\/\/www.estrategiaconcursos.com.br\/blog\/comentarios-a-prova-de-direito-constitucional-da-pm-sp-oficial-2018\/#respond"]}],"copyrightYear":"2018","copyrightHolder":{"@id":"https:\/\/www.estrategiaconcursos.com.br\/blog\/#organization"}},{"@type":"WebPage","@id":"https:\/\/www.estrategiaconcursos.com.br\/blog\/comentarios-a-prova-de-direito-constitucional-da-pm-sp-oficial-2018\/","url":"https:\/\/www.estrategiaconcursos.com.br\/blog\/comentarios-a-prova-de-direito-constitucional-da-pm-sp-oficial-2018\/","name":"Coment\u00e1rios \u00e0 Prova de Direito Constitucional da PM-SP (Oficial) - 2018","isPartOf":{"@id":"https:\/\/www.estrategiaconcursos.com.br\/blog\/#website"},"datePublished":"2018-11-18T21:28:56+00:00","dateModified":"2019-11-08T19:42:48+00:00","description":"Neste artigo, a professora N\u00e1dia Carolina comenta a prova da PM-SP 2018, cargo de Oficial. Confira!","breadcrumb":{"@id":"https:\/\/www.estrategiaconcursos.com.br\/blog\/comentarios-a-prova-de-direito-constitucional-da-pm-sp-oficial-2018\/#breadcrumb"},"inLanguage":"pt-BR","potentialAction":[{"@type":"ReadAction","target":["https:\/\/www.estrategiaconcursos.com.br\/blog\/comentarios-a-prova-de-direito-constitucional-da-pm-sp-oficial-2018\/"]}]},{"@type":"BreadcrumbList","@id":"https:\/\/www.estrategiaconcursos.com.br\/blog\/comentarios-a-prova-de-direito-constitucional-da-pm-sp-oficial-2018\/#breadcrumb","itemListElement":[{"@type":"ListItem","position":1,"name":"In\u00edcio","item":"https:\/\/www.estrategiaconcursos.com.br\/blog\/"},{"@type":"ListItem","position":2,"name":"Coment\u00e1rios \u00e0 Prova de Direito Constitucional da PM-SP (Oficial) &#8211; 2018"}]},{"@type":"WebSite","@id":"https:\/\/www.estrategiaconcursos.com.br\/blog\/#website","url":"https:\/\/www.estrategiaconcursos.com.br\/blog\/","name":"Estrat\u00e9gia Concursos","description":"O blog da Estrat\u00e9gia Concursos traz not\u00edcias sobre concursos e artigos de professores oferecendo cursos para concursos (pdf + videaulas) no site.","publisher":{"@id":"https:\/\/www.estrategiaconcursos.com.br\/blog\/#organization"},"potentialAction":[{"@type":"SearchAction","target":{"@type":"EntryPoint","urlTemplate":"https:\/\/www.estrategiaconcursos.com.br\/blog\/?s={search_term_string}"},"query-input":{"@type":"PropertyValueSpecification","valueRequired":true,"valueName":"search_term_string"}}],"inLanguage":"pt-BR"},{"@type":"Organization","@id":"https:\/\/www.estrategiaconcursos.com.br\/blog\/#organization","name":"Estrat\u00e9gia Concursos","url":"https:\/\/www.estrategiaconcursos.com.br\/blog\/","logo":{"@type":"ImageObject","inLanguage":"pt-BR","@id":"https:\/\/www.estrategiaconcursos.com.br\/blog\/#\/schema\/logo\/image\/","url":"https:\/\/dhg1h5j42swfq.cloudfront.net\/2025\/06\/03203428\/logo_concursos-1.jpg","contentUrl":"https:\/\/dhg1h5j42swfq.cloudfront.net\/2025\/06\/03203428\/logo_concursos-1.jpg","width":230,"height":60,"caption":"Estrat\u00e9gia Concursos"},"image":{"@id":"https:\/\/www.estrategiaconcursos.com.br\/blog\/#\/schema\/logo\/image\/"},"sameAs":["https:\/\/x.com\/EstratConcursos"]},{"@type":"Person","@id":"https:\/\/www.estrategiaconcursos.com.br\/blog\/#\/schema\/person\/bf1b1d1865628ae32d608d5bad5442c6","name":"N\u00e1dia Carolina","image":{"@type":"ImageObject","inLanguage":"pt-BR","@id":"https:\/\/secure.gravatar.com\/avatar\/0ec0c484339a071f22ea5ced30956ccdaab0f83125b2dc1857c3b038404136a7?s=96&d=mm&r=g","url":"https:\/\/secure.gravatar.com\/avatar\/0ec0c484339a071f22ea5ced30956ccdaab0f83125b2dc1857c3b038404136a7?s=96&d=mm&r=g","contentUrl":"https:\/\/secure.gravatar.com\/avatar\/0ec0c484339a071f22ea5ced30956ccdaab0f83125b2dc1857c3b038404136a7?s=96&d=mm&r=g","caption":"N\u00e1dia Carolina"},"sameAs":["https:\/\/www.facebook.com\/nadia.c.santos.16"],"url":"https:\/\/www.estrategiaconcursos.com.br\/blog\/author\/nadiaestrategiaconcursos-com-br\/"}]}},"_links":{"self":[{"href":"https:\/\/www.estrategiaconcursos.com.br\/blog\/wp-json\/wp\/v2\/posts\/151611","targetHints":{"allow":["GET"]}}],"collection":[{"href":"https:\/\/www.estrategiaconcursos.com.br\/blog\/wp-json\/wp\/v2\/posts"}],"about":[{"href":"https:\/\/www.estrategiaconcursos.com.br\/blog\/wp-json\/wp\/v2\/types\/post"}],"author":[{"embeddable":true,"href":"https:\/\/www.estrategiaconcursos.com.br\/blog\/wp-json\/wp\/v2\/users\/58"}],"replies":[{"embeddable":true,"href":"https:\/\/www.estrategiaconcursos.com.br\/blog\/wp-json\/wp\/v2\/comments?post=151611"}],"version-history":[{"count":3,"href":"https:\/\/www.estrategiaconcursos.com.br\/blog\/wp-json\/wp\/v2\/posts\/151611\/revisions"}],"predecessor-version":[{"id":151615,"href":"https:\/\/www.estrategiaconcursos.com.br\/blog\/wp-json\/wp\/v2\/posts\/151611\/revisions\/151615"}],"wp:attachment":[{"href":"https:\/\/www.estrategiaconcursos.com.br\/blog\/wp-json\/wp\/v2\/media?parent=151611"}],"wp:term":[{"taxonomy":"category","embeddable":true,"href":"https:\/\/www.estrategiaconcursos.com.br\/blog\/wp-json\/wp\/v2\/categories?post=151611"},{"taxonomy":"post_tag","embeddable":true,"href":"https:\/\/www.estrategiaconcursos.com.br\/blog\/wp-json\/wp\/v2\/tags?post=151611"},{"taxonomy":"tax_estado","embeddable":true,"href":"https:\/\/www.estrategiaconcursos.com.br\/blog\/wp-json\/wp\/v2\/tax_estado?post=151611"}],"curies":[{"name":"wp","href":"https:\/\/api.w.org\/{rel}","templated":true}]}}