{"id":151553,"date":"2018-11-18T16:19:41","date_gmt":"2018-11-18T19:19:41","guid":{"rendered":"https:\/\/www.estrategiaconcursos.com.br\/blog\/?p=151553"},"modified":"2018-11-18T16:25:05","modified_gmt":"2018-11-18T19:25:05","slug":"gabarito-extraoficial-direito-constitucional-tce-mg-ciencias-contabeis-e-administra","status":"publish","type":"post","link":"https:\/\/www.estrategiaconcursos.com.br\/blog\/gabarito-extraoficial-direito-constitucional-tce-mg-ciencias-contabeis-e-administra\/","title":{"rendered":"Gabarito Extraoficial &#8211; Direito Constitucional TCE-MG &#8211; Ci\u00eancias Cont\u00e1beis e Administra"},"content":{"rendered":"<p>Ol\u00e1, pessoal! Tudo bem?<\/p>\n<p>Aqui \u00e9 o Ricardo Vale, professor de Direito Constitucional.<\/p>\n<p>Nesse domingo (18\/11), foi realizada a prova do TCE\/MG.<\/p>\n<p>A seguir, eu comento as quest\u00f5es de Direito Constitucional que foram cobradas nas \u00e1reas de <em><strong>Ci\u00eancias Cont\u00e1beis<\/strong><\/em> e <em><strong>Administra\u00e7\u00e3o.<\/strong><\/em><\/p>\n<p>A prova teve um n\u00edvel de dificuldade mediano, com uma quest\u00e3o pol\u00eamica.<\/p>\n<p>Abra\u00e7os,<\/p>\n<p>Ricardo Vale<\/p>\n<p><em><strong>&#8220;O segredo do sucesso \u00e9 a const\u00e2ncia no objetivo&#8221;<\/strong><\/em><\/p>\n<p><strong>Meu Instagram:<\/strong>\u00a0<a href=\"https:\/\/www.instagram.com\/profricardovale\/\">https:\/\/www.instagram.com\/profricardovale\/<\/a><\/p>\n<p style=\"text-align: center;\"><span style=\"color: #0000ff;\"><strong>GABARITO EXTRAOFICIAL &#8211; Direito Constitucional (Ci\u00eancias Cont\u00e1beis e Administra\u00e7\u00e3o)<\/strong><\/span><\/p>\n<p><strong>21 \u2013 (CESPE \/ TCE-MG \u2013 2018) De acordo com a Constitui\u00e7\u00e3o Federal de 1988, \u00e9 assegurada a todos os partidos pol\u00edticos:<\/strong><\/p>\n<p>a) a obten\u00e7\u00e3o de recursos do fundo partid\u00e1rio para custear o acesso a r\u00e1dio e televis\u00e3o.<\/p>\n<p>b) a aquisi\u00e7\u00e3o de personalidade jur\u00eddica na forma da lei civil.<\/p>\n<p>c) a vincula\u00e7\u00e3o entre candidaturas em \u00e2mbito nacional, estadual, distrital ou municipal.<\/p>\n<p>d) a utiliza\u00e7\u00e3o de organiza\u00e7\u00e3o paramilitar.<\/p>\n<p>e) a recep\u00e7\u00e3o de recursos financeiros de entidade estrangeira, desde que declarados.<\/p>\n<p><strong>Coment\u00e1rios:<\/strong><\/p>\n<p>Letra A: errada. \u00c9 gratuito o acesso ao r\u00e1dio e \u00e0 televis\u00e3o. Assim, n\u00e3o h\u00e1 que se falar em uso dos recursos do fundo partid\u00e1rio para custear o r\u00e1dio e televis\u00e3o.<\/p>\n<p>Letra B: correta. Os partidos pol\u00edticos adquirem personalidade jur\u00eddica na forma da lei civil. Ap\u00f3s adquirida a personalidade jur\u00eddico, o partido pol\u00edtico dever\u00e1 registrar seu estatuto no TSE.<\/p>\n<p>Letra C: errada. N\u00e3o h\u00e1 obrigatoriedade de vincula\u00e7\u00e3o entre as candidaturas em \u00e2mbito nacional, estadual, distrital ou municipal.<\/p>\n<p>Letra D: errada. \u00c9 vedada a utiliza\u00e7\u00e3o pelos partidos pol\u00edticos de organiza\u00e7\u00e3o de car\u00e1ter paramilitar.<\/p>\n<p>Letra E: errada. \u00c9 proibido o recebimento de recursos financeiros de entidade ou governo estrangeiros.<\/p>\n<p>O gabarito \u00e9 a letra B.<\/p>\n<p><strong>22 &#8211;<\/strong> <strong>(CESPE \/ TCE-MG \u2013 2018) A capacidade eleitoral ativa \u00e9 inviabilizada pela:<\/strong><\/p>\n<p>a) inelegibilidade relativa reflexiva.<\/p>\n<p>b) inalistabilidade.<\/p>\n<p>c) incompatibilidade.<\/p>\n<p>d) inelegibilidade funcional.<\/p>\n<p>e) descompatibiliza\u00e7\u00e3o.<\/p>\n<p><strong>Coment\u00e1rios:<\/strong><\/p>\n<p>A capacidade eleitoral ativa \u00e9 o direito de votar. N\u00e3o poder\u00e3o votar aqueles que n\u00e3o se alistarem. Assim, pode-se dizer que a capacidade eleitoral ativa \u00e9 inviabilizada pela inalistabilidade.<\/p>\n<p>O gabarito \u00e9 a letra B.<\/p>\n<p><strong>23 &#8211;<\/strong> <strong>(CESPE \/ TCE-MG \u2013 2018) A Constitui\u00e7\u00e3o Federal de 1988 disp\u00f5e que s\u00e3o bens da Uni\u00e3o:<\/strong><\/p>\n<p>a) as ilhas fluviais e lacustres.<\/p>\n<p>b) as ilhas oce\u00e2nicas e costeiras.<\/p>\n<p>c) as \u00e1guas superficiais fluentes.<\/p>\n<p>d) as \u00e1guas subterr\u00e2neas em dep\u00f3sito.<\/p>\n<p>e) as terras devolutas indispens\u00e1veis \u00e0 preserva\u00e7\u00e3o ambiental.<\/p>\n<p><strong>Coment\u00e1rios:<\/strong><\/p>\n<p>S\u00e3o bens da Uni\u00e3o \u201c<em>as terras devolutas indispens\u00e1veis \u00e0 defesa das fronteiras, das fortifica\u00e7\u00f5es e constru\u00e7\u00f5es militares, das vias federais de comunica\u00e7\u00e3o e \u00e0 preserva\u00e7\u00e3o ambiental, definidas em lei<\/em>\u201d.<\/p>\n<p>O gabarito \u00e9 a letra E.<\/p>\n<p><strong>24 &#8211;<\/strong> <strong>(CESPE \/ TCE-MG \u2013 2018) Determinado estado-membro se desfez de parte de seu territ\u00f3rio, e a popula\u00e7\u00e3o ali residente foi unida a outro estado-membro, sem que aquele perdesse a sua identidade origin\u00e1ria.<\/strong><\/p>\n<p><strong>Nessa situa\u00e7\u00e3o, ocorreu a modalidade de forma\u00e7\u00e3o de estados federados denominada:<\/strong><\/p>\n<p>a) subdivis\u00e3o.<\/p>\n<p>b) desmembramento por anexa\u00e7\u00e3o.<\/p>\n<p>c) desmembramento por forma\u00e7\u00e3o.<\/p>\n<p>d) fus\u00e3o.<\/p>\n<p>e) incorpora\u00e7\u00e3o.<\/p>\n<p><strong>Coment\u00e1rios:<\/strong><\/p>\n<p>No desmembramento por anexa\u00e7\u00e3o, o estado-membro cede parte de seu territ\u00f3rio para que este seja anexado ao territ\u00f3rio de outro estado-membro.<\/p>\n<p>O gabarito \u00e9 a letra B.<\/p>\n<p><strong>25 &#8211;<\/strong> <strong>(CESPE \/ TCE-MG \u2013 2018) O tribunal de contas estadual poder\u00e1 recomendar a interven\u00e7\u00e3o do estado em munic\u00edpio caso:<\/strong><\/p>\n<p>a) o ente municipal deixe de pagar, por um ano, a d\u00edvida fundada.<\/p>\n<p>b) haja ind\u00edcios da pr\u00e1tica de ato de improbidade pelo prefeito.<\/p>\n<p>c) n\u00e3o tenha sido aplicado o m\u00ednimo exigido da receita municipal na manuten\u00e7\u00e3o e no desenvolvimento do ensino.<\/p>\n<p>d) o prefeito apresente as contas ap\u00f3s o prazo determinado em lei.<\/p>\n<p>e) n\u00e3o tenha sido aplicado o m\u00ednimo da receita municipal para a manuten\u00e7\u00e3o da seguran\u00e7a p\u00fablica.<\/p>\n<p><strong>Coment\u00e1rios:<\/strong><\/p>\n<p>As hip\u00f3teses de interven\u00e7\u00e3o do Estado em Munic\u00edpio est\u00e3o relacionadas no art. 35, CF\/88:<\/p>\n<p style=\"padding-left: 30px;\"><strong>Art. 35<\/strong>. O Estado n\u00e3o intervir\u00e1 em seus Munic\u00edpios, nem a Uni\u00e3o nos Munic\u00edpios localizados em Territ\u00f3rio Federal, exceto quando:<\/p>\n<p style=\"padding-left: 30px;\"><strong>I &#8211;<\/strong> deixar de ser paga, sem motivo de for\u00e7a maior, por dois anos consecutivos, a d\u00edvida fundada;<\/p>\n<p style=\"padding-left: 30px;\"><strong>II &#8211;<\/strong> n\u00e3o forem prestadas contas devidas, na forma da lei;<\/p>\n<p style=\"padding-left: 30px;\"><strong>III \u2013<\/strong> <u>n\u00e3o tiver sido aplicado o m\u00ednimo exigido da receita municipal na manuten\u00e7\u00e3o e desenvolvimento do ensino e nas a\u00e7\u00f5es e servi\u00e7os p\u00fablicos de sa\u00fade<\/u>;<\/p>\n<p style=\"padding-left: 30px;\"><strong>IV &#8211;<\/strong> o Tribunal de Justi\u00e7a der provimento a representa\u00e7\u00e3o para assegurar a observ\u00e2ncia de princ\u00edpios indicados na Constitui\u00e7\u00e3o Estadual, ou para prover a execu\u00e7\u00e3o de lei, de ordem ou de decis\u00e3o judicial.<\/p>\n<p>O gabarito \u00e9 a letra C.<\/p>\n<p><strong>26 &#8211;<\/strong> <strong>(CESPE \/ TCE-MG \u2013 2018) A Constitui\u00e7\u00e3o Federal de 1988 veda expressamente a edi\u00e7\u00e3o de medida provis\u00f3ria que:<\/strong><\/p>\n<p>a) implique a institui\u00e7\u00e3o ou majora\u00e7\u00e3o de impostos.<\/p>\n<p>b) regulamente o regime de portos e a navega\u00e7\u00e3o lacustre, fluvial, mar\u00edtima, a\u00e9rea e aeroespacial.<\/p>\n<p>c) verse sobre a seguridade social.<\/p>\n<p>d) trate das diretrizes e bases da educa\u00e7\u00e3o nacional.<\/p>\n<p>e) regulamente a concess\u00e3o de servi\u00e7os locais de g\u00e1s canalizado.<\/p>\n<p><strong>Coment\u00e1rios:<\/strong><\/p>\n<p>Segundo o art. 25, \u00a7 2\u00ba, CF\/88, \u201c<em>cabe aos Estados explorar diretamente, ou mediante concess\u00e3o, os <u>servi\u00e7os locais de g\u00e1s canalizado<\/u>, na forma da lei, <u>vedada a edi\u00e7\u00e3o de medida provis\u00f3ria<\/u> para a sua regulamenta\u00e7\u00e3o<\/em>\u201d.<\/p>\n<p>O gabarito \u00e9 a letra E.<\/p>\n<p><strong>27- (CESPE \/ TCE-MG \u2013 2018) No aux\u00edlio a comiss\u00e3o parlamentar de inqu\u00e9rito, o tribunal de contas poder\u00e1:<\/strong><\/p>\n<p>a) determinar o arresto de bens do investigado.<\/p>\n<p>b) julgar as contas do presidente da Rep\u00fablica que tenham sido reprovadas.<\/p>\n<p>c) solicitar que membro do tribunal de contas seja inquirido em local, dia e hora previamente ajustados.<\/p>\n<p>d) julgar a legalidade dos atos de admiss\u00e3o de pessoal na administra\u00e7\u00e3o p\u00fablica.<\/p>\n<p>e) sustar o pagamento de despesa executiva irregular que possa causar dano irrepar\u00e1vel \u00e0 economia p\u00fablica.<\/p>\n<p><strong>Coment\u00e1rios:<\/strong><\/p>\n<p>Letra A: correta. Os Tribunais de Contas podem aplicar medidas cautelares, dentre as quais determinar o arresto de bens do investigado.<\/p>\n<p>Letra B: errada. O TCU aprecia as contas do Presidente da Rep\u00fablica.<\/p>\n<p>Letra C: errada. Essa n\u00e3o \u00e9 uma compet\u00eancia do TCU.<\/p>\n<p>Letra D: errada. O TCU aprecia a legalidade dos atos de admiss\u00e3o de pessoal na Administra\u00e7\u00e3o P\u00fablica.<\/p>\n<p>Letra E: errada. Sustar o pagamento de despesa executiva irregular que possa causar dano irrepar\u00e1vel \u00e0 economia p\u00fablica \u00e9 compet\u00eancia do Congresso Nacional.<\/p>\n<p style=\"padding-left: 30px;\"><strong>Art. 72. (&#8230;)<\/strong><\/p>\n<p style=\"padding-left: 30px;\"><strong>\u00a72\u00ba<\/strong> Entendendo o Tribunal irregular a despesa, a Comiss\u00e3o, se julgar que o gasto possa causar dano irrepar\u00e1vel ou grave les\u00e3o \u00e0 economia p\u00fablica, propor\u00e1 ao <u>Congresso Nacional sua susta\u00e7\u00e3o<\/u>.<\/p>\n<p><strong>28- (CESPE \/ TCE-MG \u2013 2018) As leis delegadas, elaboradas pelo Presidente da Rep\u00fablica, s\u00e3o medidas que:<\/strong><\/p>\n<p>a) ter\u00e3o a forma de resolu\u00e7\u00e3o do Congresso Nacional, que especificar\u00e1 seu conte\u00fado e os termos de seu exerc\u00edcio.<\/p>\n<p>b) ser\u00e3o apreciadas pelo Congresso Nacional \u2013 separadamente, em cada uma das casas que comp\u00f5em esse \u00f3rg\u00e3o.<\/p>\n<p>c) poder\u00e3o ser estendidas para al\u00e9m do per\u00edodo da legislatura.<\/p>\n<p>d) impedir\u00e3o que o Congresso Nacional legisle acerca de mat\u00e9ria que j\u00e1 seja objeto de lei delegada.<\/p>\n<p>e) poder\u00e3o tratar dos planos plurianuais.<\/p>\n<p><strong>Coment\u00e1rios:<\/strong><\/p>\n<p>Essa \u00e9 uma quest\u00e3o que pode ter sido muito mal elaborada pelo CESPE, a depender do gabarito que for divulgado.<\/p>\n<p>Letra A: errada. A lei delegada tem forma de&#8230;. <u>lei delegada<\/u> (rsrs). A <strong><em>delega\u00e7\u00e3o feita ao Presidente<\/em><\/strong> \u00e9 que ter\u00e1 a forma de <u>resolu\u00e7\u00e3o<\/u> do Congresso Nacional.<\/p>\n<p style=\"padding-left: 30px;\"><strong>(*)<\/strong> N\u00e3o duvido que o CESPE se embanane todo e marque a letra A como gabarito. Ali\u00e1s, eu acredito que o CESPE vai fazer isso! (rs) E, claro, caber\u00e1 recurso.<\/p>\n<p>Letra B: errada. No caso de delega\u00e7\u00e3o at\u00edpica, as leis delegadas ser\u00e3o apreciadas pelo Congresso Nacional em vota\u00e7\u00e3o \u00fanica.<\/p>\n<p>Letra C: correta. A doutrina entende que a <strong><em>delega\u00e7\u00e3o<\/em><\/strong> feita pelo Congresso Nacional n\u00e3o pode se estender para al\u00e9m da legislatura. Entretanto, por \u00f3bvio, a <strong><em>lei delegada<\/em><\/strong> poder\u00e1 se estender para depois da legislatura. Uma vez que ela ingressou no ordenamento jur\u00eddico, ela poder\u00e1 ter, afinal, um prazo indeterminado de vig\u00eancia.<\/p>\n<p>Letra D: errada. N\u00e3o h\u00e1 nenhum \u00f3bice a que o Congresso Nacional legisle sobre mat\u00e9ria objeto de lei delegada.<\/p>\n<p>Letra E: errada. As leis delegadas n\u00e3o poder\u00e3o versar sobre planos plurianuais.<\/p>\n<p>O gabarito da quest\u00e3o \u00e9 a letra C. Mas acredito que o CESPE vai marcar a letra A (rsrsrs&#8230;) e ter\u00e1 que anular a quest\u00e3o.<\/p>\n<p><strong>29 \u2013 (CESPE \/ TCE-MG \u2013 2018) O Tribunal de Contas da Uni\u00e3o \u00e9 competente para:<\/strong><\/p>\n<p>a) representar exclusivamente ao Supremo Tribunal Federal em caso de desobedi\u00eancia a auditoria cont\u00e1bil de sua al\u00e7ada.<\/p>\n<p>b) fiscalizar as contas nacionais das empresas supranacionais de cujo capital a Uni\u00e3o participe.<\/p>\n<p>c) julgar conflitos de atribui\u00e7\u00f5es entre tribunais de contas dos estados e a Uni\u00e3o.<\/p>\n<p>d) criar tribunais de contas nos estados-membros.<\/p>\n<p>e) entregar os recursos dos fundos constitucionais de participa\u00e7\u00e3o.<\/p>\n<p><strong>Coment\u00e1rios: <\/strong><\/p>\n<p>O TCU tem compet\u00eancia para fiscalizar as contas nacionais das empresas supranacionais de cujo capital a Uni\u00e3o participe (art. 71, V, CF\/88). O gabarito \u00e9 a letra B.<\/p>\n<p><strong>\u00a0<\/strong><strong>30 &#8211; (CESPE \/ TCE-MG \u2013 2018) A unidade, a indivisibilidade e a independ\u00eancia funcional s\u00e3o princ\u00edpios institucionais das seguintes carreiras que exercem fun\u00e7\u00f5es essenciais \u00e0 justi\u00e7a:<\/strong><\/p>\n<p>a) advocacia p\u00fablica e auditoria dos tribunais de contas.<\/p>\n<p>b) Minist\u00e9rio P\u00fablico e auditoria dos tribunais de contas.<\/p>\n<p>c) Minist\u00e9rio P\u00fablico e advocacia p\u00fablica.<\/p>\n<p>d) Defensoria P\u00fablica e advocacia p\u00fablica.<\/p>\n<p>e) Minist\u00e9rio P\u00fablico e Defensoria P\u00fablica.<\/p>\n<p><strong>Coment\u00e1rios:<\/strong><\/p>\n<p>S\u00e3o princ\u00edpios institucionais do Minist\u00e9rio P\u00fablico e da Defensoria P\u00fablica a unidade, a indivisibilidade e a independ\u00eancia funcional.<\/p>\n<p>O gabarito \u00e9 a letra E.<\/p>\n<p>&nbsp;<\/p>\n","protected":false},"excerpt":{"rendered":"<p>Ol\u00e1, pessoal! Tudo bem? Aqui \u00e9 o Ricardo Vale, professor de Direito Constitucional. Nesse domingo (18\/11), foi realizada a prova do TCE\/MG. A seguir, eu comento as quest\u00f5es de Direito Constitucional que foram cobradas nas \u00e1reas de Ci\u00eancias Cont\u00e1beis e Administra\u00e7\u00e3o. A prova teve um n\u00edvel de dificuldade mediano, com uma quest\u00e3o pol\u00eamica. Abra\u00e7os, Ricardo [&hellip;]<\/p>\n","protected":false},"author":26,"featured_media":0,"comment_status":"open","ping_status":"closed","sticky":false,"template":"","format":"standard","meta":{"post_tipo":"article","footnotes":""},"categories":[1],"tags":[],"tax_estado":[],"class_list":["post-151553","post","type-post","status-publish","format-standard","hentry","category-cursos-e-concursos"],"acf":[],"yoast_head":"<!-- This site is optimized with the Yoast SEO Premium plugin v27.2 (Yoast SEO v27.2) - https:\/\/yoast.com\/product\/yoast-seo-premium-wordpress\/ -->\n<title>Gabarito Extraoficial - Direito Constitucional TCE-MG - Ci\u00eancias Cont\u00e1beis e Administra<\/title>\n<meta name=\"robots\" content=\"index, follow, max-snippet:-1, max-image-preview:large, max-video-preview:-1\" \/>\n<link rel=\"canonical\" href=\"https:\/\/www.estrategiaconcursos.com.br\/blog\/gabarito-extraoficial-direito-constitucional-tce-mg-ciencias-contabeis-e-administra\/\" \/>\n<meta property=\"og:locale\" content=\"pt_BR\" \/>\n<meta property=\"og:type\" content=\"article\" \/>\n<meta property=\"og:title\" content=\"Gabarito Extraoficial - Direito Constitucional TCE-MG - Ci\u00eancias Cont\u00e1beis e Administra\" \/>\n<meta property=\"og:description\" content=\"Ol\u00e1, pessoal! Tudo bem? Aqui \u00e9 o Ricardo Vale, professor de Direito Constitucional. Nesse domingo (18\/11), foi realizada a prova do TCE\/MG. A seguir, eu comento as quest\u00f5es de Direito Constitucional que foram cobradas nas \u00e1reas de Ci\u00eancias Cont\u00e1beis e Administra\u00e7\u00e3o. A prova teve um n\u00edvel de dificuldade mediano, com uma quest\u00e3o pol\u00eamica. Abra\u00e7os, Ricardo [&hellip;]\" \/>\n<meta property=\"og:url\" content=\"https:\/\/www.estrategiaconcursos.com.br\/blog\/gabarito-extraoficial-direito-constitucional-tce-mg-ciencias-contabeis-e-administra\/\" \/>\n<meta property=\"og:site_name\" content=\"Estrat\u00e9gia Concursos\" \/>\n<meta property=\"article:author\" content=\"https:\/\/www.facebook.com\/rvale01\" \/>\n<meta property=\"article:published_time\" content=\"2018-11-18T19:19:41+00:00\" \/>\n<meta property=\"article:modified_time\" content=\"2018-11-18T19:25:05+00:00\" \/>\n<meta name=\"author\" content=\"Ricardo Vale\" \/>\n<meta name=\"twitter:card\" content=\"summary_large_image\" \/>\n<meta name=\"twitter:creator\" content=\"@https:\/\/twitter.com\/EstratConcursos\" \/>\n<meta name=\"twitter:site\" content=\"@EstratConcursos\" \/>\n<meta name=\"twitter:label1\" content=\"Escrito por\" \/>\n\t<meta name=\"twitter:data1\" content=\"Ricardo Vale\" \/>\n\t<meta name=\"twitter:label2\" content=\"Est. tempo de leitura\" \/>\n\t<meta name=\"twitter:data2\" content=\"8 minutos\" \/>\n<script type=\"application\/ld+json\" class=\"yoast-schema-graph\">{\"@context\":\"https:\/\/schema.org\",\"@graph\":[{\"@type\":\"NewsArticle\",\"@id\":\"https:\/\/www.estrategiaconcursos.com.br\/blog\/gabarito-extraoficial-direito-constitucional-tce-mg-ciencias-contabeis-e-administra\/#article\",\"isPartOf\":{\"@id\":\"https:\/\/www.estrategiaconcursos.com.br\/blog\/gabarito-extraoficial-direito-constitucional-tce-mg-ciencias-contabeis-e-administra\/\"},\"author\":{\"name\":\"Ricardo Vale\",\"@id\":\"https:\/\/www.estrategiaconcursos.com.br\/blog\/#\/schema\/person\/c32e47dba2159cafe7796a9569a6ff7e\"},\"headline\":\"Gabarito Extraoficial &#8211; Direito Constitucional TCE-MG &#8211; Ci\u00eancias Cont\u00e1beis e Administra\",\"datePublished\":\"2018-11-18T19:19:41+00:00\",\"dateModified\":\"2018-11-18T19:25:05+00:00\",\"mainEntityOfPage\":{\"@id\":\"https:\/\/www.estrategiaconcursos.com.br\/blog\/gabarito-extraoficial-direito-constitucional-tce-mg-ciencias-contabeis-e-administra\/\"},\"wordCount\":1684,\"commentCount\":1,\"publisher\":{\"@id\":\"https:\/\/www.estrategiaconcursos.com.br\/blog\/#organization\"},\"articleSection\":[\"Concursos P\u00fablicos\"],\"inLanguage\":\"pt-BR\",\"potentialAction\":[{\"@type\":\"CommentAction\",\"name\":\"Comment\",\"target\":[\"https:\/\/www.estrategiaconcursos.com.br\/blog\/gabarito-extraoficial-direito-constitucional-tce-mg-ciencias-contabeis-e-administra\/#respond\"]}],\"copyrightYear\":\"2018\",\"copyrightHolder\":{\"@id\":\"https:\/\/www.estrategiaconcursos.com.br\/blog\/#organization\"}},{\"@type\":\"WebPage\",\"@id\":\"https:\/\/www.estrategiaconcursos.com.br\/blog\/gabarito-extraoficial-direito-constitucional-tce-mg-ciencias-contabeis-e-administra\/\",\"url\":\"https:\/\/www.estrategiaconcursos.com.br\/blog\/gabarito-extraoficial-direito-constitucional-tce-mg-ciencias-contabeis-e-administra\/\",\"name\":\"Gabarito Extraoficial - Direito Constitucional TCE-MG - Ci\u00eancias Cont\u00e1beis e Administra\",\"isPartOf\":{\"@id\":\"https:\/\/www.estrategiaconcursos.com.br\/blog\/#website\"},\"datePublished\":\"2018-11-18T19:19:41+00:00\",\"dateModified\":\"2018-11-18T19:25:05+00:00\",\"breadcrumb\":{\"@id\":\"https:\/\/www.estrategiaconcursos.com.br\/blog\/gabarito-extraoficial-direito-constitucional-tce-mg-ciencias-contabeis-e-administra\/#breadcrumb\"},\"inLanguage\":\"pt-BR\",\"potentialAction\":[{\"@type\":\"ReadAction\",\"target\":[\"https:\/\/www.estrategiaconcursos.com.br\/blog\/gabarito-extraoficial-direito-constitucional-tce-mg-ciencias-contabeis-e-administra\/\"]}]},{\"@type\":\"BreadcrumbList\",\"@id\":\"https:\/\/www.estrategiaconcursos.com.br\/blog\/gabarito-extraoficial-direito-constitucional-tce-mg-ciencias-contabeis-e-administra\/#breadcrumb\",\"itemListElement\":[{\"@type\":\"ListItem\",\"position\":1,\"name\":\"In\u00edcio\",\"item\":\"https:\/\/www.estrategiaconcursos.com.br\/blog\/\"},{\"@type\":\"ListItem\",\"position\":2,\"name\":\"Gabarito Extraoficial &#8211; Direito Constitucional TCE-MG &#8211; Ci\u00eancias Cont\u00e1beis e Administra\"}]},{\"@type\":\"WebSite\",\"@id\":\"https:\/\/www.estrategiaconcursos.com.br\/blog\/#website\",\"url\":\"https:\/\/www.estrategiaconcursos.com.br\/blog\/\",\"name\":\"Estrat\u00e9gia Concursos\",\"description\":\"O blog da Estrat\u00e9gia Concursos traz not\u00edcias sobre concursos e artigos de professores oferecendo cursos para concursos (pdf + videaulas) no site.\",\"publisher\":{\"@id\":\"https:\/\/www.estrategiaconcursos.com.br\/blog\/#organization\"},\"potentialAction\":[{\"@type\":\"SearchAction\",\"target\":{\"@type\":\"EntryPoint\",\"urlTemplate\":\"https:\/\/www.estrategiaconcursos.com.br\/blog\/?s={search_term_string}\"},\"query-input\":{\"@type\":\"PropertyValueSpecification\",\"valueRequired\":true,\"valueName\":\"search_term_string\"}}],\"inLanguage\":\"pt-BR\"},{\"@type\":\"Organization\",\"@id\":\"https:\/\/www.estrategiaconcursos.com.br\/blog\/#organization\",\"name\":\"Estrat\u00e9gia Concursos\",\"url\":\"https:\/\/www.estrategiaconcursos.com.br\/blog\/\",\"logo\":{\"@type\":\"ImageObject\",\"inLanguage\":\"pt-BR\",\"@id\":\"https:\/\/www.estrategiaconcursos.com.br\/blog\/#\/schema\/logo\/image\/\",\"url\":\"https:\/\/dhg1h5j42swfq.cloudfront.net\/2025\/06\/03203428\/logo_concursos-1.jpg\",\"contentUrl\":\"https:\/\/dhg1h5j42swfq.cloudfront.net\/2025\/06\/03203428\/logo_concursos-1.jpg\",\"width\":230,\"height\":60,\"caption\":\"Estrat\u00e9gia Concursos\"},\"image\":{\"@id\":\"https:\/\/www.estrategiaconcursos.com.br\/blog\/#\/schema\/logo\/image\/\"},\"sameAs\":[\"https:\/\/x.com\/EstratConcursos\"]},{\"@type\":\"Person\",\"@id\":\"https:\/\/www.estrategiaconcursos.com.br\/blog\/#\/schema\/person\/c32e47dba2159cafe7796a9569a6ff7e\",\"name\":\"Ricardo Vale\",\"image\":{\"@type\":\"ImageObject\",\"inLanguage\":\"pt-BR\",\"@id\":\"https:\/\/secure.gravatar.com\/avatar\/e5a5658c798bb49dd53314263f59f38c192d73370fb65839a372c2ae9027be74?s=96&d=mm&r=g\",\"url\":\"https:\/\/secure.gravatar.com\/avatar\/e5a5658c798bb49dd53314263f59f38c192d73370fb65839a372c2ae9027be74?s=96&d=mm&r=g\",\"contentUrl\":\"https:\/\/secure.gravatar.com\/avatar\/e5a5658c798bb49dd53314263f59f38c192d73370fb65839a372c2ae9027be74?s=96&d=mm&r=g\",\"caption\":\"Ricardo Vale\"},\"sameAs\":[\"https:\/\/www.facebook.com\/rvale01\",\"https:\/\/x.com\/https:\/\/twitter.com\/EstratConcursos\"],\"url\":\"https:\/\/www.estrategiaconcursos.com.br\/blog\/author\/ricardovaleestrategiaconcursos-com-br\/\"}]}<\/script>\n<!-- \/ Yoast SEO Premium plugin. -->","yoast_head_json":{"title":"Gabarito Extraoficial - Direito Constitucional TCE-MG - Ci\u00eancias Cont\u00e1beis e Administra","robots":{"index":"index","follow":"follow","max-snippet":"max-snippet:-1","max-image-preview":"max-image-preview:large","max-video-preview":"max-video-preview:-1"},"canonical":"https:\/\/www.estrategiaconcursos.com.br\/blog\/gabarito-extraoficial-direito-constitucional-tce-mg-ciencias-contabeis-e-administra\/","og_locale":"pt_BR","og_type":"article","og_title":"Gabarito Extraoficial - Direito Constitucional TCE-MG - Ci\u00eancias Cont\u00e1beis e Administra","og_description":"Ol\u00e1, pessoal! Tudo bem? Aqui \u00e9 o Ricardo Vale, professor de Direito Constitucional. Nesse domingo (18\/11), foi realizada a prova do TCE\/MG. A seguir, eu comento as quest\u00f5es de Direito Constitucional que foram cobradas nas \u00e1reas de Ci\u00eancias Cont\u00e1beis e Administra\u00e7\u00e3o. A prova teve um n\u00edvel de dificuldade mediano, com uma quest\u00e3o pol\u00eamica. Abra\u00e7os, Ricardo [&hellip;]","og_url":"https:\/\/www.estrategiaconcursos.com.br\/blog\/gabarito-extraoficial-direito-constitucional-tce-mg-ciencias-contabeis-e-administra\/","og_site_name":"Estrat\u00e9gia Concursos","article_author":"https:\/\/www.facebook.com\/rvale01","article_published_time":"2018-11-18T19:19:41+00:00","article_modified_time":"2018-11-18T19:25:05+00:00","author":"Ricardo Vale","twitter_card":"summary_large_image","twitter_creator":"@https:\/\/twitter.com\/EstratConcursos","twitter_site":"@EstratConcursos","twitter_misc":{"Escrito por":"Ricardo Vale","Est. tempo de leitura":"8 minutos"},"schema":{"@context":"https:\/\/schema.org","@graph":[{"@type":"NewsArticle","@id":"https:\/\/www.estrategiaconcursos.com.br\/blog\/gabarito-extraoficial-direito-constitucional-tce-mg-ciencias-contabeis-e-administra\/#article","isPartOf":{"@id":"https:\/\/www.estrategiaconcursos.com.br\/blog\/gabarito-extraoficial-direito-constitucional-tce-mg-ciencias-contabeis-e-administra\/"},"author":{"name":"Ricardo Vale","@id":"https:\/\/www.estrategiaconcursos.com.br\/blog\/#\/schema\/person\/c32e47dba2159cafe7796a9569a6ff7e"},"headline":"Gabarito Extraoficial &#8211; Direito Constitucional TCE-MG &#8211; Ci\u00eancias Cont\u00e1beis e Administra","datePublished":"2018-11-18T19:19:41+00:00","dateModified":"2018-11-18T19:25:05+00:00","mainEntityOfPage":{"@id":"https:\/\/www.estrategiaconcursos.com.br\/blog\/gabarito-extraoficial-direito-constitucional-tce-mg-ciencias-contabeis-e-administra\/"},"wordCount":1684,"commentCount":1,"publisher":{"@id":"https:\/\/www.estrategiaconcursos.com.br\/blog\/#organization"},"articleSection":["Concursos P\u00fablicos"],"inLanguage":"pt-BR","potentialAction":[{"@type":"CommentAction","name":"Comment","target":["https:\/\/www.estrategiaconcursos.com.br\/blog\/gabarito-extraoficial-direito-constitucional-tce-mg-ciencias-contabeis-e-administra\/#respond"]}],"copyrightYear":"2018","copyrightHolder":{"@id":"https:\/\/www.estrategiaconcursos.com.br\/blog\/#organization"}},{"@type":"WebPage","@id":"https:\/\/www.estrategiaconcursos.com.br\/blog\/gabarito-extraoficial-direito-constitucional-tce-mg-ciencias-contabeis-e-administra\/","url":"https:\/\/www.estrategiaconcursos.com.br\/blog\/gabarito-extraoficial-direito-constitucional-tce-mg-ciencias-contabeis-e-administra\/","name":"Gabarito Extraoficial - Direito Constitucional TCE-MG - Ci\u00eancias Cont\u00e1beis e Administra","isPartOf":{"@id":"https:\/\/www.estrategiaconcursos.com.br\/blog\/#website"},"datePublished":"2018-11-18T19:19:41+00:00","dateModified":"2018-11-18T19:25:05+00:00","breadcrumb":{"@id":"https:\/\/www.estrategiaconcursos.com.br\/blog\/gabarito-extraoficial-direito-constitucional-tce-mg-ciencias-contabeis-e-administra\/#breadcrumb"},"inLanguage":"pt-BR","potentialAction":[{"@type":"ReadAction","target":["https:\/\/www.estrategiaconcursos.com.br\/blog\/gabarito-extraoficial-direito-constitucional-tce-mg-ciencias-contabeis-e-administra\/"]}]},{"@type":"BreadcrumbList","@id":"https:\/\/www.estrategiaconcursos.com.br\/blog\/gabarito-extraoficial-direito-constitucional-tce-mg-ciencias-contabeis-e-administra\/#breadcrumb","itemListElement":[{"@type":"ListItem","position":1,"name":"In\u00edcio","item":"https:\/\/www.estrategiaconcursos.com.br\/blog\/"},{"@type":"ListItem","position":2,"name":"Gabarito Extraoficial &#8211; Direito Constitucional TCE-MG &#8211; Ci\u00eancias Cont\u00e1beis e Administra"}]},{"@type":"WebSite","@id":"https:\/\/www.estrategiaconcursos.com.br\/blog\/#website","url":"https:\/\/www.estrategiaconcursos.com.br\/blog\/","name":"Estrat\u00e9gia Concursos","description":"O blog da Estrat\u00e9gia Concursos traz not\u00edcias sobre concursos e artigos de professores oferecendo cursos para concursos (pdf + videaulas) no site.","publisher":{"@id":"https:\/\/www.estrategiaconcursos.com.br\/blog\/#organization"},"potentialAction":[{"@type":"SearchAction","target":{"@type":"EntryPoint","urlTemplate":"https:\/\/www.estrategiaconcursos.com.br\/blog\/?s={search_term_string}"},"query-input":{"@type":"PropertyValueSpecification","valueRequired":true,"valueName":"search_term_string"}}],"inLanguage":"pt-BR"},{"@type":"Organization","@id":"https:\/\/www.estrategiaconcursos.com.br\/blog\/#organization","name":"Estrat\u00e9gia Concursos","url":"https:\/\/www.estrategiaconcursos.com.br\/blog\/","logo":{"@type":"ImageObject","inLanguage":"pt-BR","@id":"https:\/\/www.estrategiaconcursos.com.br\/blog\/#\/schema\/logo\/image\/","url":"https:\/\/dhg1h5j42swfq.cloudfront.net\/2025\/06\/03203428\/logo_concursos-1.jpg","contentUrl":"https:\/\/dhg1h5j42swfq.cloudfront.net\/2025\/06\/03203428\/logo_concursos-1.jpg","width":230,"height":60,"caption":"Estrat\u00e9gia Concursos"},"image":{"@id":"https:\/\/www.estrategiaconcursos.com.br\/blog\/#\/schema\/logo\/image\/"},"sameAs":["https:\/\/x.com\/EstratConcursos"]},{"@type":"Person","@id":"https:\/\/www.estrategiaconcursos.com.br\/blog\/#\/schema\/person\/c32e47dba2159cafe7796a9569a6ff7e","name":"Ricardo Vale","image":{"@type":"ImageObject","inLanguage":"pt-BR","@id":"https:\/\/secure.gravatar.com\/avatar\/e5a5658c798bb49dd53314263f59f38c192d73370fb65839a372c2ae9027be74?s=96&d=mm&r=g","url":"https:\/\/secure.gravatar.com\/avatar\/e5a5658c798bb49dd53314263f59f38c192d73370fb65839a372c2ae9027be74?s=96&d=mm&r=g","contentUrl":"https:\/\/secure.gravatar.com\/avatar\/e5a5658c798bb49dd53314263f59f38c192d73370fb65839a372c2ae9027be74?s=96&d=mm&r=g","caption":"Ricardo Vale"},"sameAs":["https:\/\/www.facebook.com\/rvale01","https:\/\/x.com\/https:\/\/twitter.com\/EstratConcursos"],"url":"https:\/\/www.estrategiaconcursos.com.br\/blog\/author\/ricardovaleestrategiaconcursos-com-br\/"}]}},"_links":{"self":[{"href":"https:\/\/www.estrategiaconcursos.com.br\/blog\/wp-json\/wp\/v2\/posts\/151553","targetHints":{"allow":["GET"]}}],"collection":[{"href":"https:\/\/www.estrategiaconcursos.com.br\/blog\/wp-json\/wp\/v2\/posts"}],"about":[{"href":"https:\/\/www.estrategiaconcursos.com.br\/blog\/wp-json\/wp\/v2\/types\/post"}],"author":[{"embeddable":true,"href":"https:\/\/www.estrategiaconcursos.com.br\/blog\/wp-json\/wp\/v2\/users\/26"}],"replies":[{"embeddable":true,"href":"https:\/\/www.estrategiaconcursos.com.br\/blog\/wp-json\/wp\/v2\/comments?post=151553"}],"version-history":[{"count":3,"href":"https:\/\/www.estrategiaconcursos.com.br\/blog\/wp-json\/wp\/v2\/posts\/151553\/revisions"}],"predecessor-version":[{"id":151557,"href":"https:\/\/www.estrategiaconcursos.com.br\/blog\/wp-json\/wp\/v2\/posts\/151553\/revisions\/151557"}],"wp:attachment":[{"href":"https:\/\/www.estrategiaconcursos.com.br\/blog\/wp-json\/wp\/v2\/media?parent=151553"}],"wp:term":[{"taxonomy":"category","embeddable":true,"href":"https:\/\/www.estrategiaconcursos.com.br\/blog\/wp-json\/wp\/v2\/categories?post=151553"},{"taxonomy":"post_tag","embeddable":true,"href":"https:\/\/www.estrategiaconcursos.com.br\/blog\/wp-json\/wp\/v2\/tags?post=151553"},{"taxonomy":"tax_estado","embeddable":true,"href":"https:\/\/www.estrategiaconcursos.com.br\/blog\/wp-json\/wp\/v2\/tax_estado?post=151553"}],"curies":[{"name":"wp","href":"https:\/\/api.w.org\/{rel}","templated":true}]}}