{"id":151543,"date":"2018-11-18T18:20:51","date_gmt":"2018-11-18T21:20:51","guid":{"rendered":"https:\/\/www.estrategiaconcursos.com.br\/blog\/?p=151543"},"modified":"2022-10-17T18:19:25","modified_gmt":"2022-10-17T21:19:25","slug":"gabarito-tce-mg-portugues","status":"publish","type":"post","link":"https:\/\/www.estrategiaconcursos.com.br\/blog\/gabarito-tce-mg-portugues\/","title":{"rendered":"Gabarito TCE MG- Portugu\u00eas"},"content":{"rendered":"<p style=\"text-align: justify;\">Ol\u00e1, pessoal, boa tarde. Tudo bem? Cansados com a prova, imagino!<\/p>\n<p style=\"text-align: justify;\">Professor Felipe aqui na \u00e1rea com o gabarito da prova do TCE MG, aplicada hoje pelo CESPE. Estou me baseando nas imagens da prova de CI\u00caNCIAS CONT\u00c1BEIS. Contudo, a prova dos demais cargos \u00e9 id\u00eantica. Ent\u00e3o, basta olhar a alternativa considerada correta (que transcrevi integralmente) e comparar com outros modelos de prova, \u00e9 bem simples, ok?<\/p>\n<p style=\"text-align: justify;\">PROVA CI\u00caNCIAS CONT\u00c1BEIS (imagens abaixo)<\/p>\n<p>Ao final, deixei tamb\u00e9m a corre\u00e7\u00e3o em v\u00eddeo!<\/p>\n<p style=\"text-align: justify;\"><img loading=\"lazy\" decoding=\"async\" class=\"aligncenter size-full wp-image-104237\" src=\"https:\/\/dhg1h5j42swfq.cloudfront.net\/2018\/01\/28150853\/M%C3%8DDIAS-SOCIAIS-FELIPE.png\" alt=\"\" width=\"724\" height=\"125\" srcset=\"https:\/\/dhg1h5j42swfq.cloudfront.net\/2018\/01\/28150853\/M%C3%8DDIAS-SOCIAIS-FELIPE.png 724w, https:\/\/dhg1h5j42swfq.cloudfront.net\/2018\/01\/28150853\/M%C3%8DDIAS-SOCIAIS-FELIPE.png 300w, https:\/\/dhg1h5j42swfq.cloudfront.net\/2018\/01\/28150853\/M%C3%8DDIAS-SOCIAIS-FELIPE.png 610w\" sizes=\"auto, (max-width: 724px) 100vw, 724px\" \/><\/p>\n<p style=\"text-align: justify;\">1- Da leitura do texto CG1A1-I infere-se que:<\/p>\n<ol style=\"text-align: justify;\">\n<li>B) as descobertas e as formas de aprendizado pela ci\u00eancia devem ser amplamente divulgadas.<\/li>\n<\/ol>\n<p style=\"text-align: justify;\">Gabarito letra B.<\/p>\n<p style=\"text-align: justify;\">Coment\u00e1rios:<\/p>\n<p style=\"text-align: justify;\">Na linha 4, temos o trecho \u201cque vise a transmitir a todos os cidad\u00e3os a ci\u00eancia\u201d&#8230;<\/p>\n<p style=\"text-align: justify;\">Transmitir a todos exige naturalmente ampla divulga\u00e7\u00e3o.<\/p>\n<p style=\"text-align: justify;\">2- De acordo com o texto, para a transmiss\u00e3o da ci\u00eancia a todos os cidad\u00e3os \u00e9 necess\u00e1rio:<\/p>\n<ol style=\"text-align: justify;\">\n<li>E) Encorajar as opini\u00f5es n\u00e3o convencionais e o debate.<\/li>\n<\/ol>\n<p style=\"text-align: justify;\">Coment\u00e1rios:<\/p>\n<p style=\"text-align: justify;\">O texto menciona um esfor\u00e7o combinado de transmiss\u00e3o da ci\u00eancia a todos os cidad\u00e3os, por meio de diversas m\u00eddias. Para transmitir ci\u00eancia para todos, \u00e9 preciso ent\u00e3o um esfor\u00e7o de debater criticamente opini\u00f5es opostas e \u201cpraticar h\u00e1bitos rigorosos de pensar\u201d, uma outra forma de refer\u00eancia ao debate cr\u00edtico.<\/p>\n<p style=\"text-align: justify;\">3- No \u00faltimo par\u00e1grafo do texto, o autor afirma que \u201cDescobrir a gota ocasional de verdade no meio de um grande oceano de confus\u00e3o e mistifica\u00e7\u00e3o requer vigil\u00e2ncia, dedica\u00e7\u00e3o e coragem\u201d. A afirma\u00e7\u00e3o \u201crequer coragem\u201d est\u00e1 baseada no argumento de que a ci\u00eancia:<\/p>\n<ol style=\"text-align: justify;\">\n<li>a) \u00c9 desenvolvida no livre interc\u00e2mbio de ideias, em debates que envolvem opini\u00f5es que se op\u00f5em.<\/li>\n<\/ol>\n<p style=\"text-align: justify;\">Coment\u00e1rios:<\/p>\n<p style=\"text-align: justify;\">No texto, temos: \u201cEla (a ci\u00eancia) se nutre do livre interc\u00e2mbio de ideias. Tanto a ci\u00eancia quanto a democracia encorajam opini\u00f5es n\u00e3o convencionais e debate vigoroso.\u201d<\/p>\n<p style=\"text-align: justify;\">O verbo \u201cencoraja\u201d j\u00e1 sugere uma tarefa que dependa de coragem. Quando o texto diz \u201cn\u00e3o convencionais\u201d, refere-se justamente a ideias que n\u00e3o s\u00e3o un\u00e2nimes, s\u00e3o divergentes, opostas. Conven\u00e7\u00f5es s\u00e3o justamente regras relativamente aceitas de forma homog\u00eanea. \u201cDebate\u201d tamb\u00e9m sugere a oposi\u00e7\u00e3o de opini\u00f5es.<\/p>\n<p style=\"text-align: justify;\">Gabarito letra A.<\/p>\n<p style=\"text-align: justify;\">4- No texto, o trecho \u201c(embora muitos tenham sido sistematicamente impedidos de adquirir esse conhecimento)\u201d est\u00e1 entre par\u00eanteses como um acr\u00e9scimo, para indicar que<\/p>\n<ol style=\"text-align: justify;\">\n<li>E) muitos indiv\u00edduos s\u00e3o impedidos, por raz\u00f5es pol\u00edticas e econ\u00f4micas, de ter acesso ao conhecimento produzido pela ci\u00eancia.<\/li>\n<\/ol>\n<p style=\"text-align: justify;\">Coment\u00e1rios:<\/p>\n<p style=\"text-align: justify;\">A ora\u00e7\u00e3o concessiva traz uma ressalva: o conhecimento cient\u00edfico \u00e9 muito importante, mas nem todos t\u00eam acesso a ele. Podemos inferir, do texto e de nosso conhecimento de mundo, que entre as raz\u00f5es est\u00e3o quest\u00f5es econ\u00f4micas e pol\u00edticas: pouco acesso a educa\u00e7\u00e3o, poucas pol\u00edticas p\u00fablicas nesse sentido, pouca divulga\u00e7\u00e3o, etc&#8230;<\/p>\n<p style=\"text-align: justify;\">Gabarito letra E.<\/p>\n<p style=\"text-align: justify;\">5- De acordo com as ideias do texto, o conhecimento acerca do contexto c\u00f3smico e do ponto do espa\u00e7o e do tempo que o ser humano est\u00e1 pode ser alcan\u00e7ado pela divulga\u00e7\u00e3o em grande escala da<\/p>\n<p style=\"text-align: justify;\">I \u2013 Ci\u00eancia<\/p>\n<ol style=\"text-align: justify;\">\n<li>A) Apenas o item I est\u00e1 certo.<\/li>\n<\/ol>\n<p style=\"text-align: justify;\">Coment\u00e1rios:<\/p>\n<p style=\"text-align: justify;\">Alternativa literal do quarto par\u00e1grafo:<\/p>\n<p style=\"text-align: justify;\">\u201c A ci\u00eancia nos esclarece sobre as quest\u00f5es mais profundas das origens, das naturezas e dos destinos<strong>\u2014 de nossa esp\u00e9cie, da vida, de nosso planeta, do Universo.<\/strong>\u201d<\/p>\n<p style=\"text-align: justify;\">Gabarito letra A.<\/p>\n<p style=\"text-align: justify;\"><img loading=\"lazy\" decoding=\"async\" class=\"aligncenter size-full wp-image-104237\" src=\"https:\/\/dhg1h5j42swfq.cloudfront.net\/2018\/01\/28150853\/M%C3%8DDIAS-SOCIAIS-FELIPE.png\" alt=\"\" width=\"724\" height=\"125\" srcset=\"https:\/\/dhg1h5j42swfq.cloudfront.net\/2018\/01\/28150853\/M%C3%8DDIAS-SOCIAIS-FELIPE.png 724w, https:\/\/dhg1h5j42swfq.cloudfront.net\/2018\/01\/28150853\/M%C3%8DDIAS-SOCIAIS-FELIPE.png 300w, https:\/\/dhg1h5j42swfq.cloudfront.net\/2018\/01\/28150853\/M%C3%8DDIAS-SOCIAIS-FELIPE.png 610w\" sizes=\"auto, (max-width: 724px) 100vw, 724px\" \/><\/p>\n<p style=\"text-align: justify;\">6- Em cada uma das op\u00e7\u00f5es a seguir, \u00e9 apresentada uma proposta de reescrita do seguinte trecho do texto: \u201cUm \u00a0esfor\u00e7o combinado que vise transmitir a todos os cidad\u00e3os a ci\u00eancia \u2014 por meio de r\u00e1dio, TV, cinema, jornais, livros, programas de computadores, parques tem\u00e1ticos, salas de aula \u2014 deve pautar-se em quatro raz\u00f5es principais.<\/p>\n<p style=\"text-align: justify;\">Assinale a op\u00e7\u00e3o que apresenta uma proposta de reescrita que mant\u00e9m a corre\u00e7\u00e3o gramatical e a coer\u00eancia do trecho.<\/p>\n<ol style=\"text-align: justify;\">\n<li>B) Deve orientar-se por quatro raz\u00f5es principais um esfor\u00e7o combinado que vise transmitir a ci\u00eancia a todos os cidad\u00e3os por meio de r\u00e1dio, TV, cinema, jornais, livros, programas de computadores, parques tem\u00e1ticos e salas de aula.<\/li>\n<\/ol>\n<p style=\"text-align: justify;\">Coment\u00e1rios:<\/p>\n<p style=\"text-align: justify;\">Apenas houve uma invers\u00e3o e o termo adverbial de meio foi retirado de dentro dos travess\u00f5es e troca de \u201corientar-se\u201d pelo seu sin\u00f4nimo \u201cpautar-se\u201d:<\/p>\n<p style=\"text-align: justify;\">\u201c<strong>Um esfor\u00e7o combinado que vise transmitir a todos os cidad\u00e3os a ci\u00eancia<\/strong> <strong>\u2014 por meio de r\u00e1dio, TV, cinema, jornais, livros, programas de computadores, parques tem\u00e1ticos, salas de aula \u2014<\/strong> deve <em>pautar-se<\/em> em quatro raz\u00f5es principais.<\/p>\n<p style=\"text-align: justify;\">Deve <em>orientar-se<\/em> por quatro raz\u00f5es principais <strong>um esfor\u00e7o combinado que vise transmitir a ci\u00eancia a todos os cidad\u00e3os<\/strong> <strong>por meio de r\u00e1dio, TV, cinema, jornais, livros, programas de computadores, parques tem\u00e1ticos e salas de aula<\/strong>.<\/p>\n<p style=\"text-align: justify;\">Gabarito letra B.<\/p>\n<p style=\"text-align: justify;\">7- Na linha 14 do texto (o meio ambiente de que nossas vidas dependem), o termo \u201cde que\u201d poderia ser substitu\u00eddo, sem altera\u00e7\u00e3o da corre\u00e7\u00e3o gramatical e dos sentidos do texto, por:<\/p>\n<ol style=\"text-align: justify;\">\n<li>C) do qual<\/li>\n<\/ol>\n<p style=\"text-align: justify;\">Coment\u00e1rios:<\/p>\n<p style=\"text-align: justify;\">Quest\u00e3o direta, trocando \u201cque\u201d, pronome relativo invari\u00e1vel que retoma \u201cmeio ambiente\u201d, por \u201co qual\u201d, masculino e singular, mant\u00e9m-se a corre\u00e7\u00e3o.<\/p>\n<p style=\"text-align: justify;\">Gabarito letra C.<\/p>\n<p style=\"text-align: justify;\">8- A corre\u00e7\u00e3o gramatical e os sentidos do texto seriam mantidos caso o trecho \u201c A ci\u00eancia nos esclarece sobre as quest\u00f5es mais profundas das origens, das naturezas e dos destinos<strong>\u2014 de nossa esp\u00e9cie, da vida, de nosso planeta, do Universo.<\/strong>\u201d (l.16 a 18) fosse reescrito da seguinte forma.<\/p>\n<ol style=\"text-align: justify;\">\n<li>b) As quest\u00f5es mais profundas das origens, das naturezas e dos destinos <strong>de nossa esp\u00e9cie, da vida, de nosso planeta e do Universo<\/strong> nos s\u00e3o esclarecidas pela ci\u00eancia.<\/li>\n<\/ol>\n<p style=\"text-align: justify;\">Coment\u00e1rios:<\/p>\n<p style=\"text-align: justify;\">Os temos \u201c<strong>de nossa esp\u00e9cie, da vida, de nosso planeta e do Universo\u201d <\/strong>s\u00e3o adjuntos de \u201corigens, naturezas e destinos\u201d. \u00a0No texto original, foram colocados entre travess\u00f5es por quest\u00e3o de \u00eanfase. Na reescritura, foram colocados diretamente.<\/p>\n<p style=\"text-align: justify;\">OBS: a letra C parecia muito estar correta, por\u00e9m, lista todos esses adjuntos como se fossem itens independentes de uma lista, de modo que ficam separados de seus substantivos referentes (de \u201corigens, naturezas e destinos\u201d) e fica parecendo que s\u00e3o quest\u00f5es da esp\u00e9cie, quest\u00f5es da vida, quest\u00f5es do planeta, quando na verdade, o sentido original \u00e9: quest\u00f5es dos destinos de nossa esp\u00e9cie, destino da vida, destino de nosso planeta e destino do Universo. Diferen\u00e7a sutil!<\/p>\n<p style=\"text-align: justify;\">Gabarito letra B.<\/p>\n<p style=\"text-align: justify;\">9- No texto, em \u201cn\u00e3o poderemos ter esperan\u00e7a de solucionar os problemas verdadeiramente s\u00e9rios\u201d, o trecho \u201cde n\u00e3o solucionar os problemas verdadeiramente s\u00e9rios\u201d<\/p>\n<ol style=\"text-align: justify;\">\n<li>b) completa o sentido do termo abstrato \u201cesperan\u00e7a\u201d<\/li>\n<\/ol>\n<p style=\"text-align: justify;\">Coment\u00e1rios:<\/p>\n<p style=\"text-align: justify;\">Quest\u00e3o direta. \u201cEsperan\u00e7a\u201d \u00e9 um substantivo abstrato que requer um complemento nominal, que veio em forma oracional neste caso. Trata-se de ora\u00e7\u00e3o subordinada substantiva completiva nominal de \u201cesperan\u00e7a\u201d. Gabarito letra B.<\/p>\n<p style=\"text-align: justify;\">10- A corre\u00e7\u00e3o gramatical do texto seria mantida, ainda que seu sentido fosse alterado, caso se inserisse um v\u00edrgula logo ap\u00f3s<\/p>\n<ol style=\"text-align: justify;\">\n<li>B) ambiente<\/li>\n<\/ol>\n<p style=\"text-align: justify;\">Coment\u00e1rios:<\/p>\n<p style=\"text-align: justify;\">Aqui, temos a velha transforma\u00e7\u00e3o de ora\u00e7\u00e3o restritiva em explicativa pela inser\u00e7\u00e3o de um v\u00edrgula.<\/p>\n<p style=\"text-align: justify;\">o meio ambiente de que nossas vidas dependem (ora\u00e7\u00e3o restritiva)<\/p>\n<p style=\"text-align: justify;\">o meio ambiente<strong>,<\/strong> de que nossas vidas dependem (ora\u00e7\u00e3o explicativa)<\/p>\n<p style=\"text-align: justify;\">Gabarito letra B.<\/p>\n<p style=\"text-align: justify;\">OBS: A letra A era uma pegadinha. Para transformar em ora\u00e7\u00e3o adjetiva explicativa, precisar\u00edamos de DUAS v\u00edrgulas, pois ela estaria intercalada. :<\/p>\n<p style=\"text-align: justify;\">\u201cUm \u00a0esfor\u00e7o combinado<strong>, que vise transmitir a todos os cidad\u00e3os a ci\u00eancia<\/strong> \u2014 por meio de r\u00e1dio, TV, cinema, jornais, livros, programas de computadores, parques tem\u00e1ticos, salas de aula \u2014<strong>,<\/strong> deve pautar-se em quatro raz\u00f5es principais.<\/p>\n<p style=\"text-align: justify;\">O termo entre travess\u00f5es \u00e9 acess\u00f3rio, devemos fazer a an\u00e1lise sem ele. Assim, percebemos que haveria uma segunda v\u00edrgula:<\/p>\n<p style=\"text-align: justify;\">\u201cUm \u00a0esfor\u00e7o combinado<strong>, que vise transmitir a todos os cidad\u00e3os a ci\u00eancia,<\/strong> deve pautar-se em quatro raz\u00f5es principais.<\/p>\n<p style=\"text-align: justify;\"><img loading=\"lazy\" decoding=\"async\" class=\"aligncenter size-large wp-image-151550\" src=\"https:\/\/dhg1h5j42swfq.cloudfront.net\/2018\/11\/18160653\/a39a97e0-ca5c-4df8-b120-8cd910ef96f3.jpg\" alt=\"\" width=\"576\" height=\"1024\" srcset=\"https:\/\/dhg1h5j42swfq.cloudfront.net\/2018\/11\/18160653\/a39a97e0-ca5c-4df8-b120-8cd910ef96f3.jpg 720w, https:\/\/dhg1h5j42swfq.cloudfront.net\/2018\/11\/18160653\/a39a97e0-ca5c-4df8-b120-8cd910ef96f3.jpg 169w, https:\/\/dhg1h5j42swfq.cloudfront.net\/2018\/11\/18160653\/a39a97e0-ca5c-4df8-b120-8cd910ef96f3.jpg 576w, https:\/\/dhg1h5j42swfq.cloudfront.net\/2018\/11\/18160653\/a39a97e0-ca5c-4df8-b120-8cd910ef96f3.jpg 610w\" sizes=\"auto, (max-width: 576px) 100vw, 576px\" \/><\/p>\n<p style=\"text-align: justify;\"><img loading=\"lazy\" decoding=\"async\" class=\"size-large wp-image-151549\" src=\"https:\/\/dhg1h5j42swfq.cloudfront.net\/2018\/11\/18160652\/47bf3599-aa2a-4d37-a6aa-faf6b0e2be5b.jpg\" alt=\"\" width=\"576\" height=\"1024\" srcset=\"https:\/\/dhg1h5j42swfq.cloudfront.net\/2018\/11\/18160652\/47bf3599-aa2a-4d37-a6aa-faf6b0e2be5b.jpg 720w, https:\/\/dhg1h5j42swfq.cloudfront.net\/2018\/11\/18160652\/47bf3599-aa2a-4d37-a6aa-faf6b0e2be5b.jpg 169w, https:\/\/dhg1h5j42swfq.cloudfront.net\/2018\/11\/18160652\/47bf3599-aa2a-4d37-a6aa-faf6b0e2be5b.jpg 576w, https:\/\/dhg1h5j42swfq.cloudfront.net\/2018\/11\/18160652\/47bf3599-aa2a-4d37-a6aa-faf6b0e2be5b.jpg 610w\" sizes=\"auto, (max-width: 576px) 100vw, 576px\" \/><\/p>\n","protected":false},"excerpt":{"rendered":"<p>Ol\u00e1, pessoal, boa tarde. Tudo bem? Cansados com a prova, imagino! Professor Felipe aqui na \u00e1rea com o gabarito da prova do TCE MG, aplicada hoje pelo CESPE. Estou me baseando nas imagens da prova de CI\u00caNCIAS CONT\u00c1BEIS. Contudo, a prova dos demais cargos \u00e9 id\u00eantica. Ent\u00e3o, basta olhar a alternativa considerada correta (que transcrevi [&hellip;]<\/p>\n","protected":false},"author":1,"featured_media":0,"comment_status":"open","ping_status":"closed","sticky":false,"template":"","format":"standard","meta":{"post_tipo":"article","footnotes":""},"categories":[1],"tags":[],"tax_estado":[],"class_list":["post-151543","post","type-post","status-publish","format-standard","hentry","category-cursos-e-concursos"],"acf":[],"yoast_head":"<!-- This site is optimized with the Yoast SEO Premium plugin v27.2 (Yoast SEO v27.2) - https:\/\/yoast.com\/product\/yoast-seo-premium-wordpress\/ -->\n<title>Gabarito TCE MG- Portugu\u00eas<\/title>\n<meta name=\"robots\" content=\"index, follow, max-snippet:-1, max-image-preview:large, max-video-preview:-1\" \/>\n<link rel=\"canonical\" href=\"https:\/\/www.estrategiaconcursos.com.br\/blog\/gabarito-tce-mg-portugues\/\" \/>\n<meta property=\"og:locale\" content=\"pt_BR\" \/>\n<meta property=\"og:type\" content=\"article\" \/>\n<meta property=\"og:title\" content=\"Gabarito TCE MG- Portugu\u00eas\" \/>\n<meta property=\"og:description\" content=\"Ol\u00e1, pessoal, boa tarde. Tudo bem? Cansados com a prova, imagino! Professor Felipe aqui na \u00e1rea com o gabarito da prova do TCE MG, aplicada hoje pelo CESPE. Estou me baseando nas imagens da prova de CI\u00caNCIAS CONT\u00c1BEIS. Contudo, a prova dos demais cargos \u00e9 id\u00eantica. Ent\u00e3o, basta olhar a alternativa considerada correta (que transcrevi [&hellip;]\" \/>\n<meta property=\"og:url\" content=\"https:\/\/www.estrategiaconcursos.com.br\/blog\/gabarito-tce-mg-portugues\/\" \/>\n<meta property=\"og:site_name\" content=\"Estrat\u00e9gia Concursos\" \/>\n<meta property=\"article:author\" content=\"https:\/\/www.facebook.com\/EstrategiaConcursos\" \/>\n<meta property=\"article:published_time\" content=\"2018-11-18T21:20:51+00:00\" \/>\n<meta property=\"article:modified_time\" content=\"2022-10-17T21:19:25+00:00\" \/>\n<meta property=\"og:image\" content=\"https:\/\/www.estrategiaconcursos.com.br\/blog\/wp-content\/uploads\/2018\/11\/a39a97e0-ca5c-4df8-b120-8cd910ef96f3.jpg\" \/>\n<meta name=\"author\" content=\"Coordena\u00e7\u00e3o\" \/>\n<meta name=\"twitter:card\" content=\"summary_large_image\" \/>\n<meta name=\"twitter:creator\" content=\"@EstratConcursos\" \/>\n<meta name=\"twitter:site\" content=\"@EstratConcursos\" \/>\n<meta name=\"twitter:label1\" content=\"Escrito por\" \/>\n\t<meta name=\"twitter:data1\" content=\"Coordena\u00e7\u00e3o\" \/>\n\t<meta name=\"twitter:label2\" content=\"Est. tempo de leitura\" \/>\n\t<meta name=\"twitter:data2\" content=\"7 minutos\" \/>\n<script type=\"application\/ld+json\" class=\"yoast-schema-graph\">{\"@context\":\"https:\/\/schema.org\",\"@graph\":[{\"@type\":\"NewsArticle\",\"@id\":\"https:\/\/www.estrategiaconcursos.com.br\/blog\/gabarito-tce-mg-portugues\/#article\",\"isPartOf\":{\"@id\":\"https:\/\/www.estrategiaconcursos.com.br\/blog\/gabarito-tce-mg-portugues\/\"},\"author\":{\"name\":\"Coordena\u00e7\u00e3o\",\"@id\":\"https:\/\/www.estrategiaconcursos.com.br\/blog\/#\/schema\/person\/b4a388c97673c5f483d72185668afa1f\"},\"headline\":\"Gabarito TCE MG- Portugu\u00eas\",\"datePublished\":\"2018-11-18T21:20:51+00:00\",\"dateModified\":\"2022-10-17T21:19:25+00:00\",\"mainEntityOfPage\":{\"@id\":\"https:\/\/www.estrategiaconcursos.com.br\/blog\/gabarito-tce-mg-portugues\/\"},\"wordCount\":1371,\"commentCount\":0,\"publisher\":{\"@id\":\"https:\/\/www.estrategiaconcursos.com.br\/blog\/#organization\"},\"image\":{\"@id\":\"https:\/\/www.estrategiaconcursos.com.br\/blog\/gabarito-tce-mg-portugues\/#primaryimage\"},\"thumbnailUrl\":\"https:\/\/www.estrategiaconcursos.com.br\/blog\/wp-content\/uploads\/2018\/11\/a39a97e0-ca5c-4df8-b120-8cd910ef96f3.jpg\",\"articleSection\":[\"Concursos P\u00fablicos\"],\"inLanguage\":\"pt-BR\",\"potentialAction\":[{\"@type\":\"CommentAction\",\"name\":\"Comment\",\"target\":[\"https:\/\/www.estrategiaconcursos.com.br\/blog\/gabarito-tce-mg-portugues\/#respond\"]}],\"copyrightYear\":\"2018\",\"copyrightHolder\":{\"@id\":\"https:\/\/www.estrategiaconcursos.com.br\/blog\/#organization\"}},{\"@type\":\"WebPage\",\"@id\":\"https:\/\/www.estrategiaconcursos.com.br\/blog\/gabarito-tce-mg-portugues\/\",\"url\":\"https:\/\/www.estrategiaconcursos.com.br\/blog\/gabarito-tce-mg-portugues\/\",\"name\":\"Gabarito TCE MG- Portugu\u00eas\",\"isPartOf\":{\"@id\":\"https:\/\/www.estrategiaconcursos.com.br\/blog\/#website\"},\"primaryImageOfPage\":{\"@id\":\"https:\/\/www.estrategiaconcursos.com.br\/blog\/gabarito-tce-mg-portugues\/#primaryimage\"},\"image\":{\"@id\":\"https:\/\/www.estrategiaconcursos.com.br\/blog\/gabarito-tce-mg-portugues\/#primaryimage\"},\"thumbnailUrl\":\"https:\/\/www.estrategiaconcursos.com.br\/blog\/wp-content\/uploads\/2018\/11\/a39a97e0-ca5c-4df8-b120-8cd910ef96f3.jpg\",\"datePublished\":\"2018-11-18T21:20:51+00:00\",\"dateModified\":\"2022-10-17T21:19:25+00:00\",\"breadcrumb\":{\"@id\":\"https:\/\/www.estrategiaconcursos.com.br\/blog\/gabarito-tce-mg-portugues\/#breadcrumb\"},\"inLanguage\":\"pt-BR\",\"potentialAction\":[{\"@type\":\"ReadAction\",\"target\":[\"https:\/\/www.estrategiaconcursos.com.br\/blog\/gabarito-tce-mg-portugues\/\"]}]},{\"@type\":\"ImageObject\",\"inLanguage\":\"pt-BR\",\"@id\":\"https:\/\/www.estrategiaconcursos.com.br\/blog\/gabarito-tce-mg-portugues\/#primaryimage\",\"url\":\"https:\/\/dhg1h5j42swfq.cloudfront.net\/2018\/11\/18160653\/a39a97e0-ca5c-4df8-b120-8cd910ef96f3.jpg\",\"contentUrl\":\"https:\/\/dhg1h5j42swfq.cloudfront.net\/2018\/11\/18160653\/a39a97e0-ca5c-4df8-b120-8cd910ef96f3.jpg\",\"width\":720,\"height\":1280},{\"@type\":\"BreadcrumbList\",\"@id\":\"https:\/\/www.estrategiaconcursos.com.br\/blog\/gabarito-tce-mg-portugues\/#breadcrumb\",\"itemListElement\":[{\"@type\":\"ListItem\",\"position\":1,\"name\":\"In\u00edcio\",\"item\":\"https:\/\/www.estrategiaconcursos.com.br\/blog\/\"},{\"@type\":\"ListItem\",\"position\":2,\"name\":\"Gabarito TCE MG- Portugu\u00eas\"}]},{\"@type\":\"WebSite\",\"@id\":\"https:\/\/www.estrategiaconcursos.com.br\/blog\/#website\",\"url\":\"https:\/\/www.estrategiaconcursos.com.br\/blog\/\",\"name\":\"Estrat\u00e9gia Concursos\",\"description\":\"O blog da Estrat\u00e9gia Concursos traz not\u00edcias sobre concursos e artigos de professores oferecendo cursos para concursos (pdf + videaulas) no site.\",\"publisher\":{\"@id\":\"https:\/\/www.estrategiaconcursos.com.br\/blog\/#organization\"},\"potentialAction\":[{\"@type\":\"SearchAction\",\"target\":{\"@type\":\"EntryPoint\",\"urlTemplate\":\"https:\/\/www.estrategiaconcursos.com.br\/blog\/?s={search_term_string}\"},\"query-input\":{\"@type\":\"PropertyValueSpecification\",\"valueRequired\":true,\"valueName\":\"search_term_string\"}}],\"inLanguage\":\"pt-BR\"},{\"@type\":\"Organization\",\"@id\":\"https:\/\/www.estrategiaconcursos.com.br\/blog\/#organization\",\"name\":\"Estrat\u00e9gia Concursos\",\"url\":\"https:\/\/www.estrategiaconcursos.com.br\/blog\/\",\"logo\":{\"@type\":\"ImageObject\",\"inLanguage\":\"pt-BR\",\"@id\":\"https:\/\/www.estrategiaconcursos.com.br\/blog\/#\/schema\/logo\/image\/\",\"url\":\"https:\/\/dhg1h5j42swfq.cloudfront.net\/2025\/06\/03203428\/logo_concursos-1.jpg\",\"contentUrl\":\"https:\/\/dhg1h5j42swfq.cloudfront.net\/2025\/06\/03203428\/logo_concursos-1.jpg\",\"width\":230,\"height\":60,\"caption\":\"Estrat\u00e9gia Concursos\"},\"image\":{\"@id\":\"https:\/\/www.estrategiaconcursos.com.br\/blog\/#\/schema\/logo\/image\/\"},\"sameAs\":[\"https:\/\/x.com\/EstratConcursos\"]},{\"@type\":\"Person\",\"@id\":\"https:\/\/www.estrategiaconcursos.com.br\/blog\/#\/schema\/person\/b4a388c97673c5f483d72185668afa1f\",\"name\":\"Coordena\u00e7\u00e3o\",\"image\":{\"@type\":\"ImageObject\",\"inLanguage\":\"pt-BR\",\"@id\":\"https:\/\/secure.gravatar.com\/avatar\/b720319e4c9a967eb58678d110f4fe35452fc5d5f97b202bac7b8acceb18c6ad?s=96&d=mm&r=g\",\"url\":\"https:\/\/secure.gravatar.com\/avatar\/b720319e4c9a967eb58678d110f4fe35452fc5d5f97b202bac7b8acceb18c6ad?s=96&d=mm&r=g\",\"contentUrl\":\"https:\/\/secure.gravatar.com\/avatar\/b720319e4c9a967eb58678d110f4fe35452fc5d5f97b202bac7b8acceb18c6ad?s=96&d=mm&r=g\",\"caption\":\"Coordena\u00e7\u00e3o\"},\"sameAs\":[\"https:\/\/www.facebook.com\/EstrategiaConcursos\",\"https:\/\/x.com\/EstratConcursos\"],\"url\":\"https:\/\/www.estrategiaconcursos.com.br\/blog\/author\/estrategia2013\/\"}]}<\/script>\n<!-- \/ Yoast SEO Premium plugin. -->","yoast_head_json":{"title":"Gabarito TCE MG- Portugu\u00eas","robots":{"index":"index","follow":"follow","max-snippet":"max-snippet:-1","max-image-preview":"max-image-preview:large","max-video-preview":"max-video-preview:-1"},"canonical":"https:\/\/www.estrategiaconcursos.com.br\/blog\/gabarito-tce-mg-portugues\/","og_locale":"pt_BR","og_type":"article","og_title":"Gabarito TCE MG- Portugu\u00eas","og_description":"Ol\u00e1, pessoal, boa tarde. Tudo bem? Cansados com a prova, imagino! Professor Felipe aqui na \u00e1rea com o gabarito da prova do TCE MG, aplicada hoje pelo CESPE. Estou me baseando nas imagens da prova de CI\u00caNCIAS CONT\u00c1BEIS. Contudo, a prova dos demais cargos \u00e9 id\u00eantica. Ent\u00e3o, basta olhar a alternativa considerada correta (que transcrevi [&hellip;]","og_url":"https:\/\/www.estrategiaconcursos.com.br\/blog\/gabarito-tce-mg-portugues\/","og_site_name":"Estrat\u00e9gia Concursos","article_author":"https:\/\/www.facebook.com\/EstrategiaConcursos","article_published_time":"2018-11-18T21:20:51+00:00","article_modified_time":"2022-10-17T21:19:25+00:00","og_image":[{"url":"https:\/\/www.estrategiaconcursos.com.br\/blog\/wp-content\/uploads\/2018\/11\/a39a97e0-ca5c-4df8-b120-8cd910ef96f3.jpg","type":"","width":"","height":""}],"author":"Coordena\u00e7\u00e3o","twitter_card":"summary_large_image","twitter_creator":"@EstratConcursos","twitter_site":"@EstratConcursos","twitter_misc":{"Escrito por":"Coordena\u00e7\u00e3o","Est. tempo de leitura":"7 minutos"},"schema":{"@context":"https:\/\/schema.org","@graph":[{"@type":"NewsArticle","@id":"https:\/\/www.estrategiaconcursos.com.br\/blog\/gabarito-tce-mg-portugues\/#article","isPartOf":{"@id":"https:\/\/www.estrategiaconcursos.com.br\/blog\/gabarito-tce-mg-portugues\/"},"author":{"name":"Coordena\u00e7\u00e3o","@id":"https:\/\/www.estrategiaconcursos.com.br\/blog\/#\/schema\/person\/b4a388c97673c5f483d72185668afa1f"},"headline":"Gabarito TCE MG- Portugu\u00eas","datePublished":"2018-11-18T21:20:51+00:00","dateModified":"2022-10-17T21:19:25+00:00","mainEntityOfPage":{"@id":"https:\/\/www.estrategiaconcursos.com.br\/blog\/gabarito-tce-mg-portugues\/"},"wordCount":1371,"commentCount":0,"publisher":{"@id":"https:\/\/www.estrategiaconcursos.com.br\/blog\/#organization"},"image":{"@id":"https:\/\/www.estrategiaconcursos.com.br\/blog\/gabarito-tce-mg-portugues\/#primaryimage"},"thumbnailUrl":"https:\/\/www.estrategiaconcursos.com.br\/blog\/wp-content\/uploads\/2018\/11\/a39a97e0-ca5c-4df8-b120-8cd910ef96f3.jpg","articleSection":["Concursos P\u00fablicos"],"inLanguage":"pt-BR","potentialAction":[{"@type":"CommentAction","name":"Comment","target":["https:\/\/www.estrategiaconcursos.com.br\/blog\/gabarito-tce-mg-portugues\/#respond"]}],"copyrightYear":"2018","copyrightHolder":{"@id":"https:\/\/www.estrategiaconcursos.com.br\/blog\/#organization"}},{"@type":"WebPage","@id":"https:\/\/www.estrategiaconcursos.com.br\/blog\/gabarito-tce-mg-portugues\/","url":"https:\/\/www.estrategiaconcursos.com.br\/blog\/gabarito-tce-mg-portugues\/","name":"Gabarito TCE MG- Portugu\u00eas","isPartOf":{"@id":"https:\/\/www.estrategiaconcursos.com.br\/blog\/#website"},"primaryImageOfPage":{"@id":"https:\/\/www.estrategiaconcursos.com.br\/blog\/gabarito-tce-mg-portugues\/#primaryimage"},"image":{"@id":"https:\/\/www.estrategiaconcursos.com.br\/blog\/gabarito-tce-mg-portugues\/#primaryimage"},"thumbnailUrl":"https:\/\/www.estrategiaconcursos.com.br\/blog\/wp-content\/uploads\/2018\/11\/a39a97e0-ca5c-4df8-b120-8cd910ef96f3.jpg","datePublished":"2018-11-18T21:20:51+00:00","dateModified":"2022-10-17T21:19:25+00:00","breadcrumb":{"@id":"https:\/\/www.estrategiaconcursos.com.br\/blog\/gabarito-tce-mg-portugues\/#breadcrumb"},"inLanguage":"pt-BR","potentialAction":[{"@type":"ReadAction","target":["https:\/\/www.estrategiaconcursos.com.br\/blog\/gabarito-tce-mg-portugues\/"]}]},{"@type":"ImageObject","inLanguage":"pt-BR","@id":"https:\/\/www.estrategiaconcursos.com.br\/blog\/gabarito-tce-mg-portugues\/#primaryimage","url":"https:\/\/dhg1h5j42swfq.cloudfront.net\/2018\/11\/18160653\/a39a97e0-ca5c-4df8-b120-8cd910ef96f3.jpg","contentUrl":"https:\/\/dhg1h5j42swfq.cloudfront.net\/2018\/11\/18160653\/a39a97e0-ca5c-4df8-b120-8cd910ef96f3.jpg","width":720,"height":1280},{"@type":"BreadcrumbList","@id":"https:\/\/www.estrategiaconcursos.com.br\/blog\/gabarito-tce-mg-portugues\/#breadcrumb","itemListElement":[{"@type":"ListItem","position":1,"name":"In\u00edcio","item":"https:\/\/www.estrategiaconcursos.com.br\/blog\/"},{"@type":"ListItem","position":2,"name":"Gabarito TCE MG- Portugu\u00eas"}]},{"@type":"WebSite","@id":"https:\/\/www.estrategiaconcursos.com.br\/blog\/#website","url":"https:\/\/www.estrategiaconcursos.com.br\/blog\/","name":"Estrat\u00e9gia Concursos","description":"O blog da Estrat\u00e9gia Concursos traz not\u00edcias sobre concursos e artigos de professores oferecendo cursos para concursos (pdf + videaulas) no site.","publisher":{"@id":"https:\/\/www.estrategiaconcursos.com.br\/blog\/#organization"},"potentialAction":[{"@type":"SearchAction","target":{"@type":"EntryPoint","urlTemplate":"https:\/\/www.estrategiaconcursos.com.br\/blog\/?s={search_term_string}"},"query-input":{"@type":"PropertyValueSpecification","valueRequired":true,"valueName":"search_term_string"}}],"inLanguage":"pt-BR"},{"@type":"Organization","@id":"https:\/\/www.estrategiaconcursos.com.br\/blog\/#organization","name":"Estrat\u00e9gia Concursos","url":"https:\/\/www.estrategiaconcursos.com.br\/blog\/","logo":{"@type":"ImageObject","inLanguage":"pt-BR","@id":"https:\/\/www.estrategiaconcursos.com.br\/blog\/#\/schema\/logo\/image\/","url":"https:\/\/dhg1h5j42swfq.cloudfront.net\/2025\/06\/03203428\/logo_concursos-1.jpg","contentUrl":"https:\/\/dhg1h5j42swfq.cloudfront.net\/2025\/06\/03203428\/logo_concursos-1.jpg","width":230,"height":60,"caption":"Estrat\u00e9gia Concursos"},"image":{"@id":"https:\/\/www.estrategiaconcursos.com.br\/blog\/#\/schema\/logo\/image\/"},"sameAs":["https:\/\/x.com\/EstratConcursos"]},{"@type":"Person","@id":"https:\/\/www.estrategiaconcursos.com.br\/blog\/#\/schema\/person\/b4a388c97673c5f483d72185668afa1f","name":"Coordena\u00e7\u00e3o","image":{"@type":"ImageObject","inLanguage":"pt-BR","@id":"https:\/\/secure.gravatar.com\/avatar\/b720319e4c9a967eb58678d110f4fe35452fc5d5f97b202bac7b8acceb18c6ad?s=96&d=mm&r=g","url":"https:\/\/secure.gravatar.com\/avatar\/b720319e4c9a967eb58678d110f4fe35452fc5d5f97b202bac7b8acceb18c6ad?s=96&d=mm&r=g","contentUrl":"https:\/\/secure.gravatar.com\/avatar\/b720319e4c9a967eb58678d110f4fe35452fc5d5f97b202bac7b8acceb18c6ad?s=96&d=mm&r=g","caption":"Coordena\u00e7\u00e3o"},"sameAs":["https:\/\/www.facebook.com\/EstrategiaConcursos","https:\/\/x.com\/EstratConcursos"],"url":"https:\/\/www.estrategiaconcursos.com.br\/blog\/author\/estrategia2013\/"}]}},"_links":{"self":[{"href":"https:\/\/www.estrategiaconcursos.com.br\/blog\/wp-json\/wp\/v2\/posts\/151543","targetHints":{"allow":["GET"]}}],"collection":[{"href":"https:\/\/www.estrategiaconcursos.com.br\/blog\/wp-json\/wp\/v2\/posts"}],"about":[{"href":"https:\/\/www.estrategiaconcursos.com.br\/blog\/wp-json\/wp\/v2\/types\/post"}],"author":[{"embeddable":true,"href":"https:\/\/www.estrategiaconcursos.com.br\/blog\/wp-json\/wp\/v2\/users\/1"}],"replies":[{"embeddable":true,"href":"https:\/\/www.estrategiaconcursos.com.br\/blog\/wp-json\/wp\/v2\/comments?post=151543"}],"version-history":[{"count":6,"href":"https:\/\/www.estrategiaconcursos.com.br\/blog\/wp-json\/wp\/v2\/posts\/151543\/revisions"}],"predecessor-version":[{"id":1111381,"href":"https:\/\/www.estrategiaconcursos.com.br\/blog\/wp-json\/wp\/v2\/posts\/151543\/revisions\/1111381"}],"wp:attachment":[{"href":"https:\/\/www.estrategiaconcursos.com.br\/blog\/wp-json\/wp\/v2\/media?parent=151543"}],"wp:term":[{"taxonomy":"category","embeddable":true,"href":"https:\/\/www.estrategiaconcursos.com.br\/blog\/wp-json\/wp\/v2\/categories?post=151543"},{"taxonomy":"post_tag","embeddable":true,"href":"https:\/\/www.estrategiaconcursos.com.br\/blog\/wp-json\/wp\/v2\/tags?post=151543"},{"taxonomy":"tax_estado","embeddable":true,"href":"https:\/\/www.estrategiaconcursos.com.br\/blog\/wp-json\/wp\/v2\/tax_estado?post=151543"}],"curies":[{"name":"wp","href":"https:\/\/api.w.org\/{rel}","templated":true}]}}