{"id":151518,"date":"2018-11-18T14:47:25","date_gmt":"2018-11-18T17:47:25","guid":{"rendered":"https:\/\/www.estrategiaconcursos.com.br\/blog\/?p=151518"},"modified":"2020-04-13T15:03:30","modified_gmt":"2020-04-13T18:03:30","slug":"gabarito-tce-mg-contabilidade-geral-e-analise-area-contabil","status":"publish","type":"post","link":"https:\/\/www.estrategiaconcursos.com.br\/blog\/gabarito-tce-mg-contabilidade-geral-e-analise-area-contabil\/","title":{"rendered":"Gabarito TCE MG | Contabilidade Geral e An\u00e1lise (\u00c1rea Cont\u00e1bil)! RECURSO!"},"content":{"rendered":"<p style=\"text-align: justify\">Ol\u00e1, pessoal! A seguir o gabarito extraoficial da Prova de Contabilidade Geral e An\u00e1lise das Demonstra\u00e7\u00f5es Cont\u00e1beis para o cargo de Analista do TCE MG (\u00c1rea Ci\u00eancias Cont\u00e1beis).<\/p>\n<p style=\"text-align: justify\">A quest\u00e3o de DFC simplesmente n\u00e3o fecha.<\/p>\n<p style=\"text-align: justify\">Vamos impugnar essa quest\u00e3o, pois n\u00e3o h\u00e1 qualquer ind\u00edcio falando se a integraliza\u00e7\u00e3o de capital foi feita em dinheiro ou com o lucro l\u00edquido.<\/p>\n<p style=\"text-align: justify\">Enfim, vamos aguardar o gabarito da banca.<\/p>\n<p style=\"text-align: justify\">Grande abra\u00e7o<\/p>\n<p style=\"text-align: justify\"><span style=\"color: #0000ff\"><strong>Gabriel Rabelo<\/strong><\/span><\/p>\n<p>&nbsp;<\/p>\n<p><strong>Quest\u00e3o 51<\/strong><\/p>\n<p style=\"text-align: justify\"><strong><span style=\"text-decoration: underline\"><span style=\"color: #ff0000;text-decoration: underline\">Enunciado: <\/span><\/span><\/strong><\/p>\n<p style=\"text-align: justify\">As vantagens de utiliza\u00e7\u00e3o do indicador de valor econ\u00f4mico&#8230;<\/p>\n<div class=\"_3_bl\">\n<div class=\"_5w1r _3_om _5wdf\">\n<div class=\"_4gx_\">\n<div><strong>Gabarito: E.\u00a0<\/strong><\/div>\n<\/div>\n<\/div>\n<\/div>\n<p>&nbsp;<\/p>\n<p style=\"text-align: justify\"><strong>Quest\u00e3o 52<\/strong><\/p>\n<p style=\"text-align: justify\"><strong><span style=\"text-decoration: underline\"><span style=\"color: #ff0000;text-decoration: underline\">Enunciado: <\/span><\/span><\/strong><\/p>\n<p style=\"text-align: justify\">Se, em certo momento do exerc\u00edcio financeiro&#8230;<\/p>\n<p style=\"text-align: justify\">Gabarito:<\/p>\n<p style=\"text-align: justify\">b) Liquidez Seca = (Ativo Circulante \u2013 Estoques)\/PC<\/p>\n<p style=\"text-align: justify\"><strong>Gabarito: B.<\/strong><\/p>\n<p>&nbsp;<\/p>\n<p style=\"text-align: justify\"><strong>Quest\u00e3o 53<\/strong><\/p>\n<p style=\"text-align: justify\"><strong><span style=\"text-decoration: underline\"><span style=\"color: #ff0000;text-decoration: underline\">Enunciado:<\/span><\/span><\/strong><\/p>\n<p style=\"text-align: justify\">A principal caracter\u00edstica da an\u00e1lise&#8230;<\/p>\n<p style=\"text-align: justify\">Gabarito<\/p>\n<p style=\"text-align: justify\">d) medir a evolu\u00e7\u00e3o das contas&#8230;<\/p>\n<p style=\"text-align: justify\"><strong>Gabarito: D<\/strong><\/p>\n<p style=\"text-align: justify\"><strong>Quest\u00e3o 61<\/strong><\/p>\n<p style=\"text-align: justify\"><strong><span style=\"text-decoration: underline\"><span style=\"color: #ff0000;text-decoration: underline\">Enunciado:<\/span><\/span><\/strong><\/p>\n<p style=\"text-align: justify\">As tabelas a seguir apresentam as movimenta\u00e7\u00f5es patrimoniais (&#8230;)<\/p>\n<p style=\"text-align: justify\">Coment\u00e1rios:<\/p>\n<p style=\"text-align: justify\">No Regime por compet\u00eancia, devemos considerar o m\u00eas de compet\u00eancia das receitas e despesas, e n\u00e3o o m\u00eas de pagamento ou recebimento.<\/p>\n<p style=\"text-align: justify\">Dezembro:<\/p>\n<p style=\"text-align: justify\">Receitas de venda relativa a dezembro\/2017.<\/p>\n<p style=\"text-align: justify\">Receitas = +77.000 + 39.000 = 116.000<\/p>\n<p style=\"text-align: justify\">Despesa relativa a Dezembro\/2017<\/p>\n<p style=\"text-align: justify\">Despesas: 43.000 + 47.000 = 90.000<\/p>\n<p style=\"text-align: justify\">Resultado do m\u00eas de dezembro = $116.000 &#8211; $90.000 = $ 26.000<\/p>\n<p style=\"text-align: justify\"><strong>Gabarito: E<\/strong><\/p>\n<p style=\"text-align: justify\"><strong>Quest\u00e3o 62<\/strong><\/p>\n<p style=\"text-align: justify\"><strong><span style=\"text-decoration: underline\"><span style=\"color: #ff0000;text-decoration: underline\">Enunciado:<\/span><\/span><\/strong><\/p>\n<p style=\"text-align: justify\">De acordo com o Comit\u00ea de Pronunciamentos Cont\u00e1beis (CPC)&#8230;<\/p>\n<p style=\"text-align: justify\"><strong>Coment\u00e1rios:<\/strong><\/p>\n<p style=\"text-align: justify\">Segundo o CPC 16:<\/p>\n<p style=\"text-align: justify\">Valor realiz\u00e1vel l\u00edquido \u00e9 o pre\u00e7o de venda estimado no curso normal dos neg\u00f3cios deduzido dos custos estimados para sua conclus\u00e3o e dos gastos estimados necess\u00e1rios para se concretizar a venda.<\/p>\n<p style=\"text-align: justify\">Gabarito: custo total estimado para a conclus\u00e3o do produto.<\/p>\n<p style=\"text-align: justify\"><strong>Gabarito<\/strong><strong>: C.<\/strong><\/p>\n<p style=\"text-align: justify\"><strong>\u00a0<\/strong><\/p>\n<p style=\"text-align: justify\"><strong>Quest\u00e3o 63<\/strong><\/p>\n<p style=\"text-align: justify\"><strong><span style=\"text-decoration: underline\"><span style=\"color: #ff0000;text-decoration: underline\">Enunciado:<\/span><\/span><\/strong><\/p>\n<p style=\"text-align: justify\">Determinada sociedade adquiriu&#8230;<\/p>\n<p style=\"text-align: justify\"><strong>Coment\u00e1rios:<\/strong><\/p>\n<p style=\"text-align: justify\">Valor aquisi\u00e7\u00e3o: R$ 180.000,00<\/p>\n<p style=\"text-align: justify\">Valor residual: R$ 18.000,00<\/p>\n<p style=\"text-align: justify\">Valor depreci\u00e1vel: R$ 162.000,00<\/p>\n<p style=\"text-align: justify\">Vida \u00fatil:\u00a0\u00a0\u00a0\u00a0\u00a0\u00a0\u00a0\u00a0\u00a0\u00a0\u00a0\u00a0\u00a0 10 anos<\/p>\n<p style=\"text-align: justify\">Deprecia\u00e7\u00e3o anual: R$ 16.200\/ano<\/p>\n<p style=\"text-align: justify\">Deprecia\u00e7\u00e3o acumulada (8 anos): R$ 129.600,00<\/p>\n<p style=\"text-align: justify\">Valor cont\u00e1bil no final do oitavo ano: \u00a0R$ 180.000 \u2013 129.600 = R$ 50.400,00<\/p>\n<p style=\"text-align: justify\">Valor recuper\u00e1vel \u00e9 o maior entre o valor de venda e o valor em uso.<\/p>\n<p style=\"text-align: justify\">Valor de venda: R$ 50.000,00<\/p>\n<p style=\"text-align: justify\">Valor em uso: R$ 38.000<\/p>\n<p style=\"text-align: justify\">Valor recuper\u00e1vel: R$ 50.000,00<\/p>\n<p style=\"text-align: justify\">Perda reconhecida: R$ 400,00<\/p>\n<p style=\"text-align: justify\">Portanto, a perda \u00e9 inferior a R$ 1.000,00.<\/p>\n<p style=\"text-align: justify\"><strong>Gabarito:<\/strong><strong>\u00a0A. <\/strong><\/p>\n<p style=\"text-align: justify\"><strong>\u00a0<\/strong><\/p>\n<p style=\"text-align: justify\"><strong>Quest\u00e3o 64<\/strong><\/p>\n<p style=\"text-align: justify\"><strong><span style=\"text-decoration: underline\"><span style=\"color: #ff0000;text-decoration: underline\">Enunciado:<\/span><\/span><\/strong><\/p>\n<p style=\"text-align: justify\">A tabela a seguir apresenta as contas&#8230;<\/p>\n<p style=\"text-align: justify\"><strong>Coment\u00e1rios: <\/strong><\/p>\n<p style=\"text-align: justify\">Capital subscrito\u00a0\u00a0\u00a0\u00a0\u00a0\u00a0\u00a0\u00a0\u00a0\u00a0\u00a0\u00a0\u00a0\u00a0\u00a0\u00a0\u00a0\u00a0\u00a0\u00a0\u00a0\u00a0\u00a0\u00a0\u00a0\u00a0\u00a0\u00a0\u00a0\u00a0\u00a0\u00a0\u00a0\u00a0\u00a0\u00a0\u00a0\u00a0\u00a0\u00a0\u00a0\u00a0\u00a0\u00a0\u00a0\u00a0\u00a0\u00a0\u00a0\u00a0\u00a0\u00a0\u00a0\u00a0\u00a0\u00a0\u00a0\u00a0\u00a0\u00a0 1.000.000<\/p>\n<p style=\"text-align: justify\">(-) Capital a intregralizar\u00a0\u00a0\u00a0\u00a0\u00a0\u00a0\u00a0\u00a0\u00a0\u00a0\u00a0\u00a0\u00a0\u00a0\u00a0\u00a0\u00a0\u00a0\u00a0\u00a0\u00a0\u00a0\u00a0\u00a0\u00a0\u00a0\u00a0\u00a0\u00a0\u00a0\u00a0\u00a0\u00a0\u00a0\u00a0\u00a0\u00a0\u00a0\u00a0\u00a0\u00a0\u00a0\u00a0\u00a0\u00a0 (250.000)<\/p>\n<p style=\"text-align: justify\">Reserva de \u00e1gio na emiss\u00e3o de a\u00e7\u00f5es\u00a0\u00a0\u00a0\u00a0\u00a0\u00a0\u00a0\u00a0\u00a0\u00a0\u00a0\u00a0\u00a0\u00a0\u00a0\u00a0\u00a0\u00a0 15.000<\/p>\n<p style=\"text-align: justify\">Reserva legal\u00a0\u00a0\u00a0\u00a0\u00a0\u00a0\u00a0\u00a0\u00a0\u00a0\u00a0\u00a0\u00a0\u00a0\u00a0\u00a0\u00a0\u00a0\u00a0\u00a0\u00a0\u00a0\u00a0\u00a0\u00a0\u00a0\u00a0\u00a0\u00a0\u00a0\u00a0\u00a0\u00a0\u00a0\u00a0\u00a0\u00a0\u00a0\u00a0\u00a0\u00a0\u00a0\u00a0\u00a0\u00a0\u00a0\u00a0\u00a0\u00a0\u00a0\u00a0\u00a0\u00a0\u00a0\u00a0\u00a0\u00a0\u00a0\u00a0\u00a0\u00a0\u00a0\u00a0\u00a0\u00a0\u00a0 100.000<\/p>\n<p style=\"text-align: justify\">Reserva para conting\u00eancias\u00a0\u00a0\u00a0\u00a0\u00a0\u00a0\u00a0\u00a0\u00a0\u00a0\u00a0\u00a0\u00a0\u00a0\u00a0\u00a0\u00a0\u00a0\u00a0\u00a0\u00a0\u00a0\u00a0\u00a0\u00a0\u00a0\u00a0\u00a0\u00a0\u00a0\u00a0\u00a0\u00a0\u00a0\u00a0\u00a0\u00a0\u00a0 50.000<\/p>\n<p style=\"text-align: justify\">Ajuste de avalia\u00e7\u00e3o patrimonial\u00a0\u00a0\u00a0\u00a0\u00a0\u00a0\u00a0\u00a0\u00a0\u00a0\u00a0\u00a0\u00a0\u00a0\u00a0\u00a0\u00a0\u00a0\u00a0\u00a0\u00a0\u00a0\u00a0\u00a0\u00a0\u00a0\u00a0\u00a0\u00a0\u00a0\u00a0\u00a0\u00a0\u00a0\u00a0\u00a0\u00a0\u00a0\u00a0\u00a0\u00a0\u00a0\u00a0\u00a0\u00a0\u00a0 (75.000)<\/p>\n<p style=\"text-align: justify\">Preju\u00edzos acumulados\u00a0\u00a0\u00a0\u00a0\u00a0\u00a0\u00a0\u00a0\u00a0\u00a0\u00a0\u00a0\u00a0\u00a0\u00a0\u00a0\u00a0\u00a0 \u00a0\u00a0\u00a0\u00a0\u00a0\u00a0\u00a0\u00a0\u00a0\u00a0\u00a0\u00a0\u00a0\u00a0\u00a0\u00a0\u00a0\u00a0\u00a0\u00a0\u00a0\u00a0\u00a0\u00a0\u00a0\u00a0\u00a0\u00a0\u00a0\u00a0 (5.000)<\/p>\n<p style=\"text-align: justify\"><u>A\u00e7\u00f5es em tesouraria\u00a0\u00a0\u00a0\u00a0\u00a0\u00a0\u00a0\u00a0\u00a0\u00a0\u00a0\u00a0\u00a0\u00a0\u00a0\u00a0\u00a0\u00a0\u00a0\u00a0\u00a0\u00a0\u00a0\u00a0\u00a0\u00a0\u00a0\u00a0\u00a0\u00a0\u00a0\u00a0\u00a0\u00a0\u00a0\u00a0\u00a0\u00a0\u00a0\u00a0\u00a0\u00a0\u00a0\u00a0\u00a0\u00a0\u00a0\u00a0\u00a0\u00a0\u00a0 (25.000)<\/u><\/p>\n<p style=\"text-align: justify\">Saldo do PL\u00a0\u00a0\u00a0\u00a0\u00a0\u00a0\u00a0\u00a0\u00a0\u00a0\u00a0\u00a0\u00a0\u00a0\u00a0\u00a0\u00a0\u00a0\u00a0\u00a0\u00a0\u00a0\u00a0\u00a0\u00a0\u00a0\u00a0\u00a0\u00a0\u00a0\u00a0\u00a0\u00a0\u00a0\u00a0\u00a0\u00a0\u00a0\u00a0\u00a0\u00a0\u00a0\u00a0\u00a0\u00a0\u00a0\u00a0\u00a0\u00a0\u00a0\u00a0\u00a0\u00a0\u00a0\u00a0\u00a0\u00a0\u00a0\u00a0\u00a0\u00a0\u00a0\u00a0\u00a0\u00a0\u00a0\u00a0\u00a0\u00a0\u00a0 810.000<\/p>\n<p style=\"text-align: justify\"><strong>Gabarito:<\/strong><strong>D. <\/strong><\/p>\n<p style=\"text-align: justify\"><strong>\u00a0<\/strong><\/p>\n<p style=\"text-align: justify\"><strong>Quest\u00e3o 65<\/strong><\/p>\n<p style=\"text-align: justify\"><strong><span style=\"text-decoration: underline\"><span style=\"color: #ff0000;text-decoration: underline\">Enunciado:<\/span><\/span><\/strong><\/p>\n<p style=\"text-align: justify\">O balan\u00e7o patrimonial comparativo de determinada empresa&#8230;<\/p>\n<p style=\"text-align: justify\"><strong>Coment\u00e1rios:<\/strong><\/p>\n<p style=\"text-align: justify\">N\u00e3o fecha! Vamos aguardar o gabarito e impugnar!<\/p>\n<p style=\"text-align: justify\"><span style=\"color: #ff0000\"><strong>Recurso!<\/strong><\/span><\/p>\n<p style=\"text-align: justify\"><strong>Quest\u00e3o 66\u00a0<\/strong><\/p>\n<p style=\"text-align: justify\"><strong><span style=\"text-decoration: underline\"><span style=\"color: #ff0000;text-decoration: underline\">Enunciado:<\/span><\/span><\/strong><\/p>\n<p style=\"text-align: justify\">Julgue os pr\u00f3ximos itens, a respeito de tratamento de ativos intang\u00edveis&#8230;<\/p>\n<p style=\"text-align: justify\">Coment\u00e1rios:<\/p>\n<p style=\"text-align: justify\">I \u2013 \u201cO in\u00edcio da amortiza\u00e7\u00e3o dos ativos intang\u00edveis&#8230;\u201d<\/p>\n<p style=\"text-align: justify\"><strong>Errado,<\/strong> depende sim! A amortiza\u00e7\u00e3o tem in\u00edcio quando o ativo est\u00e1 nas condi\u00e7\u00f5es determinadas pela administra\u00e7\u00e3o.<\/p>\n<p style=\"text-align: justify\">CPC 04 &#8211; 97. O valor amortiz\u00e1vel de ativo intang\u00edvel com vida \u00fatil definida deve ser apropriado de forma sistem\u00e1tica ao longo da sua vida \u00fatil estimada. A amortiza\u00e7\u00e3o deve ser iniciada a partir do momento em que o ativo estiver dispon\u00edvel para uso, ou seja, quando se encontrar no local e nas condi\u00e7\u00f5es necess\u00e1rios para que possa funcionar da maneira pretendida pela administra\u00e7\u00e3o.<\/p>\n<p style=\"text-align: justify\">II \u2013 Caso n\u00e3o seja poss\u00edvel definir&#8230;<\/p>\n<p style=\"text-align: justify\"><strong>Correto,<\/strong> item 97 do CPC 04 (&#8230;) Se n\u00e3o for poss\u00edvel determinar esse padr\u00e3o com confiabilidade, deve ser utilizado o <strong>m\u00e9todo linear.<\/strong><\/p>\n<p style=\"text-align: justify\">III \u2013 O reconhecimento de um ativo intang\u00edvel&#8230;<\/p>\n<p style=\"text-align: justify\">Correto, apesar de ser dif\u00edcil, o CPC 04 afirma que pode haver o reconhecimento, \u00a0se atender \u00e0s exig\u00eancias gerais de reconhecimento e mensura\u00e7\u00e3o inicial de ativo intang\u00edvel, e a aplicar os requerimentos e orienta\u00e7\u00f5es contidos no CPC.<\/p>\n<p style=\"text-align: justify\"><strong>Gabarito: D (II e III est\u00e3o corretos)<\/strong><\/p>\n<p style=\"text-align: justify\"><strong>\u00a0<\/strong><\/p>\n<p style=\"text-align: justify\"><strong>Quest\u00e3o 67<\/strong><\/p>\n<p style=\"text-align: justify\"><strong><span style=\"text-decoration: underline\"><span style=\"color: #ff0000;text-decoration: underline\">Enunciado:<\/span><\/span><\/strong><\/p>\n<p style=\"text-align: justify\">Com rela\u00e7\u00e3o a procedimentos cont\u00e1beis diversos&#8230;<\/p>\n<p style=\"text-align: justify\">Coment\u00e1rios:<\/p>\n<p style=\"text-align: justify\">I \u2013 Uma sociedade deve registrar uma provis\u00e3o&#8230;<\/p>\n<p style=\"text-align: justify\"><strong>Correto<\/strong>, a situa\u00e7\u00e3o relatada trata de de uma <strong>obriga\u00e7\u00e3o n\u00e3o formalizada&#8230;<\/strong><\/p>\n<p style=\"text-align: justify\">\u00a0Obriga\u00e7\u00e3o n\u00e3o formalizada \u00e9 uma obriga\u00e7\u00e3o que decorre das a\u00e7\u00f5es da entidade em que: (a) por via de padr\u00e3o estabelecido de pr\u00e1ticas passadas, de pol\u00edticas publicadas ou de declara\u00e7\u00e3o atual suficientemente espec\u00edfica, a entidade tenha indicado a outras partes que aceitar\u00e1 certas responsabilidades;<\/p>\n<p style=\"text-align: justify\">Exemplo 2B \u2013 Terreno contaminado e obriga\u00e7\u00e3o n\u00e3o formalizada Uma entidade do setor de petr\u00f3leo causa contamina\u00e7\u00e3o e opera em um pa\u00eds onde n\u00e3o h\u00e1 legisla\u00e7\u00e3o ambiental. Entretanto, a entidade possui uma pol\u00edtica ambiental amplamente divulgada, na qual ela assume a limpeza de toda a contamina\u00e7\u00e3o que causa<strong>. A entidade tem um hist\u00f3rico de honrar essa pol\u00edtica publicada<\/strong>. Obriga\u00e7\u00e3o presente como resultado de evento passado que gera obriga\u00e7\u00e3o \u2013 O evento que gera a obriga\u00e7\u00e3o \u00e9 a contamina\u00e7\u00e3o do terreno, que d\u00e1 origem a uma obriga\u00e7\u00e3o n\u00e3o formalizada<strong>, pois a conduta da entidade criou uma expectativa v\u00e1lida na parte afetada pela contamina\u00e7\u00e3o de que a entidade ir\u00e1 limpar a contamina\u00e7\u00e3o<\/strong>. Sa\u00edda de recursos envolvendo benef\u00edcios futuros na liquida\u00e7\u00e3o \u2013 Prov\u00e1vel. Conclus\u00e3o \u2013<\/p>\n<p style=\"text-align: justify\"><strong>Uma provis\u00e3o \u00e9 reconhecida<\/strong> pela melhor estimativa dos custos de limpeza (ver itens 10 \u2013 a defini\u00e7\u00e3o de obriga\u00e7\u00e3o n\u00e3o formalizada \u2013, 14 e 17).<\/p>\n<p style=\"text-align: justify\">II &#8211;\u00a0 Na Demonstra\u00e7\u00e3o do Resultado do Exerc\u00edcio&#8230;<\/p>\n<p style=\"text-align: justify\"><strong>Errado,<\/strong> quando apresenta conta de CMV, trata-se de M\u00e9todo da Fun\u00e7\u00e3o. Lembram? O Brasil polui muito, n\u00e3o gosta da natureza rsrs.<\/p>\n<p style=\"text-align: justify\">III \u2013 A Demonstra\u00e7\u00e3o das Muta\u00e7\u00f5es&#8230;<\/p>\n<p style=\"text-align: justify\"><strong>Correto,<\/strong> a DMPL n\u00e3o \u00e9 obrigat\u00f3ria pela Lei 6404\/76, mas faz parte do conjunto completo de Demonstra\u00e7\u00f5es do CPC 26.<\/p>\n<p style=\"text-align: justify\"><strong>Gabarito: C,\u00a0 I e III corretas.<\/strong><\/p>\n<p style=\"text-align: justify\"><strong>Quest\u00e3o 68<\/strong><\/p>\n<p style=\"text-align: justify\"><strong><span style=\"text-decoration: underline\"><span style=\"color: #ff0000;text-decoration: underline\">Enunciado:<\/span><\/span><\/strong><\/p>\n<p style=\"text-align: justify\">Uma empresa pretende vender um dos seus equipamentos ind&#8230;<\/p>\n<p style=\"text-align: justify\">Coment\u00e1rios:<\/p>\n<p style=\"text-align: justify\">Valor Futuro =399.300<\/p>\n<p style=\"text-align: justify\">Taxa de Juros da Opera\u00e7\u00e3o =10%<\/p>\n<p style=\"text-align: justify\">Valor Presente = 399.300\/ (1,1^2) = 330.000<\/p>\n<p style=\"text-align: justify\">Juros Ativos a Transcorrer = 399.300 \u2013 330.000 = 69.300<\/p>\n<p style=\"text-align: justify\">Contabiliza\u00e7\u00e3o Inicial<\/p>\n<p style=\"text-align: justify\">D \u2013 Contas a Receber&#8230;&#8230;&#8230;&#8230;&#8230;&#8230;&#8230;&#8230;..399.300<\/p>\n<p style=\"text-align: justify\">C -(-) Juros Ativos a Transcorrer (retificadora do Ativo) &#8230;&#8230;&#8230;&#8230;&#8230;.. 69.300<\/p>\n<p style=\"text-align: justify\">C \u2013 Receita&#8230;&#8230;&#8230;&#8230;&#8230;&#8230;&#8230;&#8230;&#8230;&#8230;&#8230;&#8230;&#8230;&#8230;&#8230;&#8230;&#8230;&#8230;..330.000<\/p>\n<p style=\"text-align: justify\"><strong>Gabarito: C (valor superior a 360.000 como Contas a Receber.<\/strong><\/p>\n<p style=\"text-align: justify\">\n","protected":false},"excerpt":{"rendered":"<p>Ol\u00e1, pessoal! A seguir o gabarito extraoficial da Prova de Contabilidade Geral e An\u00e1lise das Demonstra\u00e7\u00f5es Cont\u00e1beis para o cargo de Analista do TCE MG (\u00c1rea Ci\u00eancias Cont\u00e1beis). A quest\u00e3o de DFC simplesmente n\u00e3o fecha. Vamos impugnar essa quest\u00e3o, pois n\u00e3o h\u00e1 qualquer ind\u00edcio falando se a integraliza\u00e7\u00e3o de capital foi feita em dinheiro ou [&hellip;]<\/p>\n","protected":false},"author":20,"featured_media":0,"comment_status":"open","ping_status":"closed","sticky":false,"template":"","format":"standard","meta":{"post_tipo":"article","footnotes":""},"categories":[1],"tags":[],"tax_estado":[],"class_list":["post-151518","post","type-post","status-publish","format-standard","hentry","category-cursos-e-concursos"],"acf":[],"yoast_head":"<!-- This site is optimized with the Yoast SEO Premium plugin v27.2 (Yoast SEO v27.2) - https:\/\/yoast.com\/product\/yoast-seo-premium-wordpress\/ -->\n<title>Gabarito TCE MG | Contabilidade Geral e An\u00e1lise (\u00c1rea Cont\u00e1bil)! RECURSO!<\/title>\n<meta name=\"robots\" content=\"index, follow, max-snippet:-1, max-image-preview:large, max-video-preview:-1\" \/>\n<link rel=\"canonical\" href=\"https:\/\/www.estrategiaconcursos.com.br\/blog\/gabarito-tce-mg-contabilidade-geral-e-analise-area-contabil\/\" \/>\n<meta property=\"og:locale\" content=\"pt_BR\" \/>\n<meta property=\"og:type\" content=\"article\" \/>\n<meta property=\"og:title\" content=\"Gabarito TCE MG | Contabilidade Geral e An\u00e1lise (\u00c1rea Cont\u00e1bil)! RECURSO!\" \/>\n<meta property=\"og:description\" content=\"Ol\u00e1, pessoal! A seguir o gabarito extraoficial da Prova de Contabilidade Geral e An\u00e1lise das Demonstra\u00e7\u00f5es Cont\u00e1beis para o cargo de Analista do TCE MG (\u00c1rea Ci\u00eancias Cont\u00e1beis). A quest\u00e3o de DFC simplesmente n\u00e3o fecha. Vamos impugnar essa quest\u00e3o, pois n\u00e3o h\u00e1 qualquer ind\u00edcio falando se a integraliza\u00e7\u00e3o de capital foi feita em dinheiro ou [&hellip;]\" \/>\n<meta property=\"og:url\" content=\"https:\/\/www.estrategiaconcursos.com.br\/blog\/gabarito-tce-mg-contabilidade-geral-e-analise-area-contabil\/\" \/>\n<meta property=\"og:site_name\" content=\"Estrat\u00e9gia Concursos\" \/>\n<meta property=\"article:published_time\" content=\"2018-11-18T17:47:25+00:00\" \/>\n<meta property=\"article:modified_time\" content=\"2020-04-13T18:03:30+00:00\" \/>\n<meta name=\"author\" content=\"Luciano Rosa\" \/>\n<meta name=\"twitter:card\" content=\"summary_large_image\" \/>\n<meta name=\"twitter:creator\" content=\"@EstratConcursos\" \/>\n<meta name=\"twitter:site\" content=\"@EstratConcursos\" \/>\n<meta name=\"twitter:label1\" content=\"Escrito por\" \/>\n\t<meta name=\"twitter:data1\" content=\"Luciano Rosa\" \/>\n\t<meta name=\"twitter:label2\" content=\"Est. tempo de leitura\" \/>\n\t<meta name=\"twitter:data2\" content=\"5 minutos\" \/>\n<script type=\"application\/ld+json\" class=\"yoast-schema-graph\">{\"@context\":\"https:\/\/schema.org\",\"@graph\":[{\"@type\":\"NewsArticle\",\"@id\":\"https:\/\/www.estrategiaconcursos.com.br\/blog\/gabarito-tce-mg-contabilidade-geral-e-analise-area-contabil\/#article\",\"isPartOf\":{\"@id\":\"https:\/\/www.estrategiaconcursos.com.br\/blog\/gabarito-tce-mg-contabilidade-geral-e-analise-area-contabil\/\"},\"author\":{\"name\":\"Luciano Rosa\",\"@id\":\"https:\/\/www.estrategiaconcursos.com.br\/blog\/#\/schema\/person\/523996854b82477bef38e2ab59b10b96\"},\"headline\":\"Gabarito TCE MG | Contabilidade Geral e An\u00e1lise (\u00c1rea Cont\u00e1bil)! RECURSO!\",\"datePublished\":\"2018-11-18T17:47:25+00:00\",\"dateModified\":\"2020-04-13T18:03:30+00:00\",\"mainEntityOfPage\":{\"@id\":\"https:\/\/www.estrategiaconcursos.com.br\/blog\/gabarito-tce-mg-contabilidade-geral-e-analise-area-contabil\/\"},\"wordCount\":1018,\"commentCount\":1,\"publisher\":{\"@id\":\"https:\/\/www.estrategiaconcursos.com.br\/blog\/#organization\"},\"articleSection\":[\"Concursos P\u00fablicos\"],\"inLanguage\":\"pt-BR\",\"potentialAction\":[{\"@type\":\"CommentAction\",\"name\":\"Comment\",\"target\":[\"https:\/\/www.estrategiaconcursos.com.br\/blog\/gabarito-tce-mg-contabilidade-geral-e-analise-area-contabil\/#respond\"]}],\"copyrightYear\":\"2018\",\"copyrightHolder\":{\"@id\":\"https:\/\/www.estrategiaconcursos.com.br\/blog\/#organization\"}},{\"@type\":\"WebPage\",\"@id\":\"https:\/\/www.estrategiaconcursos.com.br\/blog\/gabarito-tce-mg-contabilidade-geral-e-analise-area-contabil\/\",\"url\":\"https:\/\/www.estrategiaconcursos.com.br\/blog\/gabarito-tce-mg-contabilidade-geral-e-analise-area-contabil\/\",\"name\":\"Gabarito TCE MG | Contabilidade Geral e An\u00e1lise (\u00c1rea Cont\u00e1bil)! RECURSO!\",\"isPartOf\":{\"@id\":\"https:\/\/www.estrategiaconcursos.com.br\/blog\/#website\"},\"datePublished\":\"2018-11-18T17:47:25+00:00\",\"dateModified\":\"2020-04-13T18:03:30+00:00\",\"breadcrumb\":{\"@id\":\"https:\/\/www.estrategiaconcursos.com.br\/blog\/gabarito-tce-mg-contabilidade-geral-e-analise-area-contabil\/#breadcrumb\"},\"inLanguage\":\"pt-BR\",\"potentialAction\":[{\"@type\":\"ReadAction\",\"target\":[\"https:\/\/www.estrategiaconcursos.com.br\/blog\/gabarito-tce-mg-contabilidade-geral-e-analise-area-contabil\/\"]}]},{\"@type\":\"BreadcrumbList\",\"@id\":\"https:\/\/www.estrategiaconcursos.com.br\/blog\/gabarito-tce-mg-contabilidade-geral-e-analise-area-contabil\/#breadcrumb\",\"itemListElement\":[{\"@type\":\"ListItem\",\"position\":1,\"name\":\"In\u00edcio\",\"item\":\"https:\/\/www.estrategiaconcursos.com.br\/blog\/\"},{\"@type\":\"ListItem\",\"position\":2,\"name\":\"Gabarito TCE MG | Contabilidade Geral e An\u00e1lise (\u00c1rea Cont\u00e1bil)! RECURSO!\"}]},{\"@type\":\"WebSite\",\"@id\":\"https:\/\/www.estrategiaconcursos.com.br\/blog\/#website\",\"url\":\"https:\/\/www.estrategiaconcursos.com.br\/blog\/\",\"name\":\"Estrat\u00e9gia Concursos\",\"description\":\"O blog da Estrat\u00e9gia Concursos traz not\u00edcias sobre concursos e artigos de professores oferecendo cursos para concursos (pdf + videaulas) no site.\",\"publisher\":{\"@id\":\"https:\/\/www.estrategiaconcursos.com.br\/blog\/#organization\"},\"potentialAction\":[{\"@type\":\"SearchAction\",\"target\":{\"@type\":\"EntryPoint\",\"urlTemplate\":\"https:\/\/www.estrategiaconcursos.com.br\/blog\/?s={search_term_string}\"},\"query-input\":{\"@type\":\"PropertyValueSpecification\",\"valueRequired\":true,\"valueName\":\"search_term_string\"}}],\"inLanguage\":\"pt-BR\"},{\"@type\":\"Organization\",\"@id\":\"https:\/\/www.estrategiaconcursos.com.br\/blog\/#organization\",\"name\":\"Estrat\u00e9gia Concursos\",\"url\":\"https:\/\/www.estrategiaconcursos.com.br\/blog\/\",\"logo\":{\"@type\":\"ImageObject\",\"inLanguage\":\"pt-BR\",\"@id\":\"https:\/\/www.estrategiaconcursos.com.br\/blog\/#\/schema\/logo\/image\/\",\"url\":\"https:\/\/dhg1h5j42swfq.cloudfront.net\/2025\/06\/03203428\/logo_concursos-1.jpg\",\"contentUrl\":\"https:\/\/dhg1h5j42swfq.cloudfront.net\/2025\/06\/03203428\/logo_concursos-1.jpg\",\"width\":230,\"height\":60,\"caption\":\"Estrat\u00e9gia Concursos\"},\"image\":{\"@id\":\"https:\/\/www.estrategiaconcursos.com.br\/blog\/#\/schema\/logo\/image\/\"},\"sameAs\":[\"https:\/\/x.com\/EstratConcursos\"]},{\"@type\":\"Person\",\"@id\":\"https:\/\/www.estrategiaconcursos.com.br\/blog\/#\/schema\/person\/523996854b82477bef38e2ab59b10b96\",\"name\":\"Luciano Rosa\",\"image\":{\"@type\":\"ImageObject\",\"inLanguage\":\"pt-BR\",\"@id\":\"https:\/\/secure.gravatar.com\/avatar\/83a121de5c60d4c6fd842714d97bf0c8077c4e40935f2d96950c4a5859cf82c4?s=96&d=mm&r=g\",\"url\":\"https:\/\/secure.gravatar.com\/avatar\/83a121de5c60d4c6fd842714d97bf0c8077c4e40935f2d96950c4a5859cf82c4?s=96&d=mm&r=g\",\"contentUrl\":\"https:\/\/secure.gravatar.com\/avatar\/83a121de5c60d4c6fd842714d97bf0c8077c4e40935f2d96950c4a5859cf82c4?s=96&d=mm&r=g\",\"caption\":\"Luciano Rosa\"},\"url\":\"https:\/\/www.estrategiaconcursos.com.br\/blog\/author\/lucianorosaestrategiaconcursos-com-br\/\"}]}<\/script>\n<!-- \/ Yoast SEO Premium plugin. -->","yoast_head_json":{"title":"Gabarito TCE MG | Contabilidade Geral e An\u00e1lise (\u00c1rea Cont\u00e1bil)! RECURSO!","robots":{"index":"index","follow":"follow","max-snippet":"max-snippet:-1","max-image-preview":"max-image-preview:large","max-video-preview":"max-video-preview:-1"},"canonical":"https:\/\/www.estrategiaconcursos.com.br\/blog\/gabarito-tce-mg-contabilidade-geral-e-analise-area-contabil\/","og_locale":"pt_BR","og_type":"article","og_title":"Gabarito TCE MG | Contabilidade Geral e An\u00e1lise (\u00c1rea Cont\u00e1bil)! RECURSO!","og_description":"Ol\u00e1, pessoal! A seguir o gabarito extraoficial da Prova de Contabilidade Geral e An\u00e1lise das Demonstra\u00e7\u00f5es Cont\u00e1beis para o cargo de Analista do TCE MG (\u00c1rea Ci\u00eancias Cont\u00e1beis). A quest\u00e3o de DFC simplesmente n\u00e3o fecha. Vamos impugnar essa quest\u00e3o, pois n\u00e3o h\u00e1 qualquer ind\u00edcio falando se a integraliza\u00e7\u00e3o de capital foi feita em dinheiro ou [&hellip;]","og_url":"https:\/\/www.estrategiaconcursos.com.br\/blog\/gabarito-tce-mg-contabilidade-geral-e-analise-area-contabil\/","og_site_name":"Estrat\u00e9gia Concursos","article_published_time":"2018-11-18T17:47:25+00:00","article_modified_time":"2020-04-13T18:03:30+00:00","author":"Luciano Rosa","twitter_card":"summary_large_image","twitter_creator":"@EstratConcursos","twitter_site":"@EstratConcursos","twitter_misc":{"Escrito por":"Luciano Rosa","Est. tempo de leitura":"5 minutos"},"schema":{"@context":"https:\/\/schema.org","@graph":[{"@type":"NewsArticle","@id":"https:\/\/www.estrategiaconcursos.com.br\/blog\/gabarito-tce-mg-contabilidade-geral-e-analise-area-contabil\/#article","isPartOf":{"@id":"https:\/\/www.estrategiaconcursos.com.br\/blog\/gabarito-tce-mg-contabilidade-geral-e-analise-area-contabil\/"},"author":{"name":"Luciano Rosa","@id":"https:\/\/www.estrategiaconcursos.com.br\/blog\/#\/schema\/person\/523996854b82477bef38e2ab59b10b96"},"headline":"Gabarito TCE MG | Contabilidade Geral e An\u00e1lise (\u00c1rea Cont\u00e1bil)! RECURSO!","datePublished":"2018-11-18T17:47:25+00:00","dateModified":"2020-04-13T18:03:30+00:00","mainEntityOfPage":{"@id":"https:\/\/www.estrategiaconcursos.com.br\/blog\/gabarito-tce-mg-contabilidade-geral-e-analise-area-contabil\/"},"wordCount":1018,"commentCount":1,"publisher":{"@id":"https:\/\/www.estrategiaconcursos.com.br\/blog\/#organization"},"articleSection":["Concursos P\u00fablicos"],"inLanguage":"pt-BR","potentialAction":[{"@type":"CommentAction","name":"Comment","target":["https:\/\/www.estrategiaconcursos.com.br\/blog\/gabarito-tce-mg-contabilidade-geral-e-analise-area-contabil\/#respond"]}],"copyrightYear":"2018","copyrightHolder":{"@id":"https:\/\/www.estrategiaconcursos.com.br\/blog\/#organization"}},{"@type":"WebPage","@id":"https:\/\/www.estrategiaconcursos.com.br\/blog\/gabarito-tce-mg-contabilidade-geral-e-analise-area-contabil\/","url":"https:\/\/www.estrategiaconcursos.com.br\/blog\/gabarito-tce-mg-contabilidade-geral-e-analise-area-contabil\/","name":"Gabarito TCE MG | Contabilidade Geral e An\u00e1lise (\u00c1rea Cont\u00e1bil)! RECURSO!","isPartOf":{"@id":"https:\/\/www.estrategiaconcursos.com.br\/blog\/#website"},"datePublished":"2018-11-18T17:47:25+00:00","dateModified":"2020-04-13T18:03:30+00:00","breadcrumb":{"@id":"https:\/\/www.estrategiaconcursos.com.br\/blog\/gabarito-tce-mg-contabilidade-geral-e-analise-area-contabil\/#breadcrumb"},"inLanguage":"pt-BR","potentialAction":[{"@type":"ReadAction","target":["https:\/\/www.estrategiaconcursos.com.br\/blog\/gabarito-tce-mg-contabilidade-geral-e-analise-area-contabil\/"]}]},{"@type":"BreadcrumbList","@id":"https:\/\/www.estrategiaconcursos.com.br\/blog\/gabarito-tce-mg-contabilidade-geral-e-analise-area-contabil\/#breadcrumb","itemListElement":[{"@type":"ListItem","position":1,"name":"In\u00edcio","item":"https:\/\/www.estrategiaconcursos.com.br\/blog\/"},{"@type":"ListItem","position":2,"name":"Gabarito TCE MG | Contabilidade Geral e An\u00e1lise (\u00c1rea Cont\u00e1bil)! RECURSO!"}]},{"@type":"WebSite","@id":"https:\/\/www.estrategiaconcursos.com.br\/blog\/#website","url":"https:\/\/www.estrategiaconcursos.com.br\/blog\/","name":"Estrat\u00e9gia Concursos","description":"O blog da Estrat\u00e9gia Concursos traz not\u00edcias sobre concursos e artigos de professores oferecendo cursos para concursos (pdf + videaulas) no site.","publisher":{"@id":"https:\/\/www.estrategiaconcursos.com.br\/blog\/#organization"},"potentialAction":[{"@type":"SearchAction","target":{"@type":"EntryPoint","urlTemplate":"https:\/\/www.estrategiaconcursos.com.br\/blog\/?s={search_term_string}"},"query-input":{"@type":"PropertyValueSpecification","valueRequired":true,"valueName":"search_term_string"}}],"inLanguage":"pt-BR"},{"@type":"Organization","@id":"https:\/\/www.estrategiaconcursos.com.br\/blog\/#organization","name":"Estrat\u00e9gia Concursos","url":"https:\/\/www.estrategiaconcursos.com.br\/blog\/","logo":{"@type":"ImageObject","inLanguage":"pt-BR","@id":"https:\/\/www.estrategiaconcursos.com.br\/blog\/#\/schema\/logo\/image\/","url":"https:\/\/dhg1h5j42swfq.cloudfront.net\/2025\/06\/03203428\/logo_concursos-1.jpg","contentUrl":"https:\/\/dhg1h5j42swfq.cloudfront.net\/2025\/06\/03203428\/logo_concursos-1.jpg","width":230,"height":60,"caption":"Estrat\u00e9gia Concursos"},"image":{"@id":"https:\/\/www.estrategiaconcursos.com.br\/blog\/#\/schema\/logo\/image\/"},"sameAs":["https:\/\/x.com\/EstratConcursos"]},{"@type":"Person","@id":"https:\/\/www.estrategiaconcursos.com.br\/blog\/#\/schema\/person\/523996854b82477bef38e2ab59b10b96","name":"Luciano Rosa","image":{"@type":"ImageObject","inLanguage":"pt-BR","@id":"https:\/\/secure.gravatar.com\/avatar\/83a121de5c60d4c6fd842714d97bf0c8077c4e40935f2d96950c4a5859cf82c4?s=96&d=mm&r=g","url":"https:\/\/secure.gravatar.com\/avatar\/83a121de5c60d4c6fd842714d97bf0c8077c4e40935f2d96950c4a5859cf82c4?s=96&d=mm&r=g","contentUrl":"https:\/\/secure.gravatar.com\/avatar\/83a121de5c60d4c6fd842714d97bf0c8077c4e40935f2d96950c4a5859cf82c4?s=96&d=mm&r=g","caption":"Luciano Rosa"},"url":"https:\/\/www.estrategiaconcursos.com.br\/blog\/author\/lucianorosaestrategiaconcursos-com-br\/"}]}},"_links":{"self":[{"href":"https:\/\/www.estrategiaconcursos.com.br\/blog\/wp-json\/wp\/v2\/posts\/151518","targetHints":{"allow":["GET"]}}],"collection":[{"href":"https:\/\/www.estrategiaconcursos.com.br\/blog\/wp-json\/wp\/v2\/posts"}],"about":[{"href":"https:\/\/www.estrategiaconcursos.com.br\/blog\/wp-json\/wp\/v2\/types\/post"}],"author":[{"embeddable":true,"href":"https:\/\/www.estrategiaconcursos.com.br\/blog\/wp-json\/wp\/v2\/users\/20"}],"replies":[{"embeddable":true,"href":"https:\/\/www.estrategiaconcursos.com.br\/blog\/wp-json\/wp\/v2\/comments?post=151518"}],"version-history":[{"count":3,"href":"https:\/\/www.estrategiaconcursos.com.br\/blog\/wp-json\/wp\/v2\/posts\/151518\/revisions"}],"predecessor-version":[{"id":151522,"href":"https:\/\/www.estrategiaconcursos.com.br\/blog\/wp-json\/wp\/v2\/posts\/151518\/revisions\/151522"}],"wp:attachment":[{"href":"https:\/\/www.estrategiaconcursos.com.br\/blog\/wp-json\/wp\/v2\/media?parent=151518"}],"wp:term":[{"taxonomy":"category","embeddable":true,"href":"https:\/\/www.estrategiaconcursos.com.br\/blog\/wp-json\/wp\/v2\/categories?post=151518"},{"taxonomy":"post_tag","embeddable":true,"href":"https:\/\/www.estrategiaconcursos.com.br\/blog\/wp-json\/wp\/v2\/tags?post=151518"},{"taxonomy":"tax_estado","embeddable":true,"href":"https:\/\/www.estrategiaconcursos.com.br\/blog\/wp-json\/wp\/v2\/tax_estado?post=151518"}],"curies":[{"name":"wp","href":"https:\/\/api.w.org\/{rel}","templated":true}]}}