{"id":151338,"date":"2018-11-17T06:00:02","date_gmt":"2018-11-17T09:00:02","guid":{"rendered":"https:\/\/www.estrategiaconcursos.com.br\/blog\/?p=151338"},"modified":"2019-05-03T12:19:30","modified_gmt":"2019-05-03T15:19:30","slug":"revisao-oab-xxvii","status":"publish","type":"post","link":"https:\/\/www.estrategiaconcursos.com.br\/blog\/revisao-oab-xxvii\/","title":{"rendered":"Revis\u00e3o OAB: acompanhe um dia inteiro de aulas gratuitas para a 1\u00aa fase do XXVII Exame de Ordem"},"content":{"rendered":"<p><em><span style=\"font-size: 18pt;\">Aproveite o \u00faltimo dia antes da prova com a Revis\u00e3o OAB<\/span><\/em><\/p>\n<p>Amanh\u00e3 \u00e9 o dia decisivo! Em todo pa\u00eds, milhares de examinandos enfrentar\u00e3o o primeiro desafio para ingressar na advocacia, a 1\u00aa fase do XXVII Exame de Ordem.<\/p>\n<p>Esta \u00e9 a \u00faltima oportunidade de terminar 2018 mais pr\u00f3ximo da aprova\u00e7\u00e3o. O Estrat\u00e9gia OAB, que te acompanhou at\u00e9 aqui, vai estar ao seu lado nesta reta final!<\/p>\n<p>Durante todo o dia, a partir das&nbsp;<strong>8h<\/strong>(hor\u00e1rio de Bras\u00edlia), iremos transmitir uma programa\u00e7\u00e3o intensa de aulas ao vivo, focadas nos t\u00f3picos mais importantes e com maior chance de serem cobrados na prova de amanh\u00e3.<\/p>\n<p>Aproveite as aulas, tire suas d\u00favidas e participe do&nbsp;<em>chat<\/em> da transmiss\u00e3o. Neste dia t\u00e3o importante, queremos que voc\u00ea chegue na prova bem condicionado e pronto para ser aprovado.<\/p>\n<p style=\"text-align: center;\"><strong><span style=\"font-size: 18pt;\">Acompanhe ao vivo<\/span><\/strong><\/p>\n<p style=\"text-align: center;\"><div class=\"lyte-wrapper\" style=\"width:853px;max-width:100%;margin:5px;\"><div class=\"lyMe\" id=\"WYL_EWaav72XAo4\"><div id=\"lyte_EWaav72XAo4\" data-src=\"\/\/i.ytimg.com\/vi\/EWaav72XAo4\/hqdefault.jpg\" class=\"pL\"><div class=\"tC\"><div class=\"tT\"><\/div><\/div><div class=\"play\"><\/div><div class=\"ctrl\"><div class=\"Lctrl\"><\/div><div class=\"Rctrl\"><\/div><\/div><\/div><noscript><a href=\"https:\/\/youtu.be\/EWaav72XAo4\" rel=\"nofollow\"><img loading=\"lazy\" decoding=\"async\" src=\"https:\/\/i.ytimg.com\/vi\/EWaav72XAo4\/0.jpg\" alt=\"YouTube video thumbnail\" width=\"853\" height=\"460\" \/><br \/>Assista a este v\u00eddeo no YouTube<\/a><\/noscript><\/div><\/div><div class=\"lL\" style=\"max-width:100%;width:853px;margin:5px;\"><\/div><\/p>\n<h2>Confira a programa\u00e7\u00e3o completa<\/h2>\n<p><strong>Direito Processual Civil<\/strong>&nbsp;\u2013&nbsp; Prof. Ricardo Torques \u2013 8:00 \u00e0s 9:00<\/p>\n<p><strong>Direito Constitucional&nbsp;<\/strong>\u2013 Prof. Diego Cerqueira \u2013 9:00 \u00e0s 10:00<\/p>\n<p><strong>Direito do Trabalho e Processual do Trabalho<\/strong>&nbsp;\u2013 Prof. Priscila Ferreira \u2013 10:00 \u00e0s 11:30<\/p>\n<p><strong>Direito Administrativo<\/strong>&nbsp;\u2013 11:30 \u00e0s 12:30<\/p>\n<p>Intervalo \u2013 12:30 \u00e0s 13:30<\/p>\n<p><strong>Estatuto e C\u00f3digo de \u00c9tica<\/strong>&nbsp;\u2013 Prof. Daniela Menezes \u2013 13:30 \u00e0s 14:30<\/p>\n<p><strong>Direito Penal e Processual Penal&nbsp;<\/strong>\u2013 Prof. Renan Ar\u00e1ujo \u2013 \u00e0s 14:30 \u00e0s 16:00<\/p>\n<p><strong>Direito Empresarial<\/strong>&nbsp;\u2013 Prof. Renato Borelli \u2013 16:00 \u00e0s 16:30<\/p>\n<p><strong>Direito Tribut\u00e1rio&nbsp;<\/strong>\u2013 Prof. Rodrigo Martins \u2013 16:30 \u00e0s 17:00<\/p>\n<p><strong>Direito Ambiental&nbsp;<\/strong>&nbsp;\u2013 Prof. Rosenval Jr \u2013 17:00 \u00e0s 17:30<\/p>\n<p><strong>Direito Civil&nbsp;<\/strong>\u2013 Prof. Paulo Sousa \u2013 17:30 \u00e0s 18:30<\/p>\n<h2 style=\"text-align: left;\">Dicas para o dia da prova<\/h2>\n<p>Os examinandos poder\u00e3o utilizar caneta azul ou preta para a realiza\u00e7\u00e3o da prova. A \u00fanica exig\u00eancia \u00e9 que ela seja fabricada em material transparente.<\/p>\n<p>A prova ter\u00e1 dura\u00e7\u00e3o m\u00e1xima de 5 horas, com perman\u00eancia m\u00ednima de 2 horas. Para levar o caderno de quest\u00f5es, \u00e9 necess\u00e1rio esperar at\u00e9 que falte 1 hora para o t\u00e9rmino da prova.<\/p>\n<p>A aplica\u00e7\u00e3o come\u00e7a \u00e0s 13h do dia 18\/11 e os candidatos devem comparecer com anteced\u00eancia m\u00ednima de 1 hora ao seu local de prova.<\/p>\n<p>Lembre-se de levar o seu documento de identifica\u00e7\u00e3o oficial com foto. Ele \u00e9 essencial para que voc\u00ea possa fazer a prova.<\/p>\n<p>N\u00e3o esque\u00e7a: na hora de preencher a folha definitiva, n\u00e3o anote seu nome, tampouco fa\u00e7a alguma marca distintiva que possa levar \u00e0 sua identifica\u00e7\u00e3o.<\/p>\n<h2>Material de consulta<\/h2>\n<p>Na 1\u00aa fase&nbsp;<strong>n\u00e3o \u00e9 permitido&nbsp;<\/strong>o uso de material de consulta. Somente na prova pr\u00e1tico-profissional ser\u00e1 poss\u00edvel a consulta \u00e0 legisla\u00e7\u00e3o.<\/p>\n<h2>Vestimentas<\/h2>\n<p>N\u00e3o \u00e9 permitido, durante o exame, a utiliza\u00e7\u00e3o de vestimentas que restrinjam a visualiza\u00e7\u00e3o das orelhas ou da parte superior da cabe\u00e7a.<\/p>\n<p>Os examinandos com cabelos longos devem, tamb\u00e9m, prender seus cabelos, deixando as orelhas \u00e0 mostra. Trata-se de uma medida de seguran\u00e7a, visando a preven\u00e7\u00e3o de fraudes no exame.<\/p>\n<h2>Alimentos<\/h2>\n<p>Os candidatos poder\u00e3o levar alimentos e bebidas (n\u00e3o alco\u00f3licas) para consumo durante a aplica\u00e7\u00e3o da prova. Eles devem, no entanto, estar acondicionados em embalagens transparentes e sem r\u00f3tulo.<\/p>\n<h2>Domingo tem resolu\u00e7\u00e3o da prova<\/h2>\n<p>A partir das&nbsp;<strong>17h<\/strong> do domingo,&nbsp;<strong>18 de novembro<\/strong>, nossos professores v\u00e3o estar a postos para a resolu\u00e7\u00e3o comentada da prova da 1\u00aa fase.<\/p>\n<p>Como a divulga\u00e7\u00e3o oficial do gabarito s\u00f3 deve ocorrer \u00e0s 20h, \u00e9 uma \u00f3tima oportunidade para voc\u00ea diminuir a ansiedade que caracteriza o p\u00f3s-prova e conhecer seu desempenho.<\/p>\n<p>Para n\u00e3o perder a divulga\u00e7\u00e3o do gabarito extraoficial \u00e9 simples: <a href=\"https:\/\/www.estrategiaoab.com.br\/gratis\/revisao-de-vespera-oab-2\/\" target=\"_blank\" rel=\"noopener noreferrer\">clique aqui<\/a> e confirme sua presen\u00e7a.<\/p>\n<h2>Estudo Estrat\u00e9gico para a 2\u00aa fase do Exame de Ordem<\/h2>\n<p>O Estrat\u00e9gia OAB preparou uma programa\u00e7\u00e3o especial para o p\u00f3s-1\u00aa fase do XXVII Exame de Ordem. A partir das&nbsp;<strong>20h:30<\/strong>, depois da resolu\u00e7\u00e3o comentada da prova objetiva, voc\u00ea vai poder aproveitar&nbsp;<strong>sete transmiss\u00f5es simult\u00e2neas<\/strong> com dicas importantes para se preparar para a prova pr\u00e1tico-profissional.<\/p>\n<p>Nosso time de professores dos cursos de&nbsp;2\u00aa fase v\u00e3o estar ao vivo para discutir as especificidades do planejamento de estudos para cada uma das \u00e1reas profissionais. Voc\u00ea vai poder tirar todas as suas d\u00favidas ao vivo e conhecer nosso m\u00e9todo de estudo, campe\u00e3o de aprova\u00e7\u00f5es no Exame de Ordem.<\/p>\n<p>Ficou interessado? Clique na disciplina de seu interesse para saber mais:<\/p>\n<p><a href=\"https:\/\/www.estrategiaoab.com.br\/gratis\/direito-administrativo-2-fase-exame-da-oab\/\" target=\"_blank\" rel=\"noopener noreferrer\">Direito Administrativo<\/a> |D<a href=\"https:\/\/www.estrategiaoab.com.br\/gratis\/direito-civil-2-fase-exame-da-oab\/\" target=\"_blank\" rel=\"noopener noreferrer\">ireito Civil<\/a> | <a href=\"https:\/\/www.estrategiaoab.com.br\/gratis\/direito-constitucional-2-fase-exame-da-oab-2\/\" target=\"_blank\" rel=\"noopener noreferrer\">Direito Constitucional<\/a> | Direito Empresarial | <a href=\"https:\/\/www.estrategiaoab.com.br\/gratis\/direito-do-trabalho-2-fase-exame-da-oab\/\" target=\"_blank\" rel=\"noopener noreferrer\">Direito do Trabalho<\/a> | <a href=\"https:\/\/www.estrategiaoab.com.br\/gratis\/direito-tributario-2-fase-exame-da-oab\/\" target=\"_blank\" rel=\"noopener noreferrer\">Direito Tribut\u00e1rio<\/a><\/p>\n<p><a href=\"https:\/\/www.estrategiaconcursos.com.br\/cursosPorConcurso\/oab-2-fase-192\/\" target=\"_blank\" rel=\"noopener noreferrer\">Conhe\u00e7a nossos cursos para a 2\u00aa fase do XXVII Exame da OAB.<\/a><\/p>\n<h2>Recursos<\/h2>\n<p>A elabora\u00e7\u00e3o de recursos no Exame de Ordem \u00e9 sempre alvo de muitas d\u00favidas entre os examinados. Pensando nisso, n\u00f3s preparamos um aul\u00e3o especial para discutir as possibilidades de cabimento de recursos na 1\u00aa fase e oferecer dicas importantes que podem ajudar a garantir o provimento.<\/p>\n<p>No dia&nbsp;<strong>19 de novembro<\/strong>, a partir das&nbsp;<strong>19h<\/strong>, o Professor Paulo Sousa vai estar ao vivo para discutir todos os aspectos sobre os recursos e tirar todas as suas d\u00favidas sobre as quest\u00f5es mais aptas a serem anuladas.<\/p>\n<p>Ficou interessado?Clique na imagem abaixo e confirme sua presen\u00e7a:<\/p>\n<p><a href=\"https:\/\/www.estrategiaoab.com.br\/gratis\/recursos-prova-1a-fase-oab\/\" target=\"_blank\" rel=\"noopener noreferrer\"><img loading=\"lazy\" decoding=\"async\" class=\"alignnone size-full wp-image-151348\" src=\"https:\/\/dhg1h5j42swfq.cloudfront.net\/2018\/11\/16132953\/recursos-oab.jpg\" alt=\"recursos oab\" width=\"1200\" height=\"300\" srcset=\"https:\/\/dhg1h5j42swfq.cloudfront.net\/2018\/11\/16132953\/recursos-oab.jpg 1200w, https:\/\/dhg1h5j42swfq.cloudfront.net\/2018\/11\/16132953\/recursos-oab.jpg 300w, https:\/\/dhg1h5j42swfq.cloudfront.net\/2018\/11\/16132953\/recursos-oab.jpg 768w, https:\/\/dhg1h5j42swfq.cloudfront.net\/2018\/11\/16132953\/recursos-oab.jpg 1024w, https:\/\/dhg1h5j42swfq.cloudfront.net\/2018\/11\/16132953\/recursos-oab.jpg 610w\" sizes=\"auto, (max-width: 1200px) 100vw, 1200px\" \/><\/a><\/p>\n","protected":false},"excerpt":{"rendered":"<p>Aproveite o \u00faltimo dia antes da prova com a Revis\u00e3o OAB Amanh\u00e3 \u00e9 o dia decisivo! Em todo pa\u00eds, milhares de examinandos enfrentar\u00e3o o primeiro desafio para ingressar na advocacia, a 1\u00aa fase do XXVII Exame de Ordem. Esta \u00e9 a \u00faltima oportunidade de terminar 2018 mais pr\u00f3ximo da aprova\u00e7\u00e3o. O Estrat\u00e9gia OAB, que te [&hellip;]<\/p>\n","protected":false},"author":180,"featured_media":151340,"comment_status":"open","ping_status":"closed","sticky":false,"template":"","format":"standard","meta":{"post_tipo":"article","footnotes":""},"categories":[1],"tags":[],"tax_estado":[],"class_list":["post-151338","post","type-post","status-publish","format-standard","has-post-thumbnail","hentry","category-cursos-e-concursos"],"acf":[],"yoast_head":"<!-- This site is optimized with the Yoast SEO Premium plugin v27.2 (Yoast SEO v27.2) - https:\/\/yoast.com\/product\/yoast-seo-premium-wordpress\/ -->\n<title>Revis\u00e3o OAB 1\u00aa fase: um dia inteiro de aulas gr\u00e1tis para o XXVII Exame de Ordem<\/title>\n<meta name=\"description\" content=\"Revis\u00e3o OAB para a 1\u00aa fase do XXVII Exame de Ordem: aproveite a v\u00e9spera da prova com um s\u00e1bado inteiro de aulas gratuitas focadas na prova da OAB.\" \/>\n<meta name=\"robots\" content=\"index, follow, max-snippet:-1, max-image-preview:large, max-video-preview:-1\" \/>\n<link rel=\"canonical\" href=\"https:\/\/www.estrategiaconcursos.com.br\/blog\/revisao-oab-xxvii\/\" \/>\n<meta property=\"og:locale\" content=\"pt_BR\" \/>\n<meta property=\"og:type\" content=\"article\" \/>\n<meta property=\"og:title\" content=\"Revis\u00e3o OAB: acompanhe um dia inteiro de aulas gratuitas para a 1\u00aa fase do XXVII Exame de Ordem\" \/>\n<meta property=\"og:description\" content=\"Revis\u00e3o OAB para a 1\u00aa fase do XXVII Exame de Ordem: aproveite a v\u00e9spera da prova com um s\u00e1bado inteiro de aulas gratuitas focadas na prova da OAB.\" \/>\n<meta property=\"og:url\" content=\"https:\/\/www.estrategiaconcursos.com.br\/blog\/revisao-oab-xxvii\/\" \/>\n<meta property=\"og:site_name\" content=\"Estrat\u00e9gia Concursos\" \/>\n<meta property=\"article:author\" content=\"https:\/\/www.facebook.com\/ricardo.s.torques\" \/>\n<meta property=\"article:published_time\" content=\"2018-11-17T09:00:02+00:00\" \/>\n<meta property=\"article:modified_time\" content=\"2019-05-03T15:19:30+00:00\" \/>\n<meta property=\"og:image\" content=\"https:\/\/dhg1h5j42swfq.cloudfront.net\/2018\/11\/16125143\/REVIS%C3%83O-OAB.jpg\" \/>\n\t<meta property=\"og:image:width\" content=\"398\" \/>\n\t<meta property=\"og:image:height\" content=\"206\" \/>\n\t<meta property=\"og:image:type\" content=\"image\/jpeg\" \/>\n<meta name=\"author\" content=\"Ricardo Torques\" \/>\n<meta name=\"twitter:card\" content=\"summary_large_image\" \/>\n<meta name=\"twitter:creator\" content=\"@EstratConcursos\" \/>\n<meta name=\"twitter:site\" content=\"@EstratConcursos\" \/>\n<meta name=\"twitter:label1\" content=\"Escrito por\" \/>\n\t<meta name=\"twitter:data1\" content=\"Ricardo Torques\" \/>\n\t<meta name=\"twitter:label2\" content=\"Est. tempo de leitura\" \/>\n\t<meta name=\"twitter:data2\" content=\"4 minutos\" \/>\n<script type=\"application\/ld+json\" class=\"yoast-schema-graph\">{\"@context\":\"https:\/\/schema.org\",\"@graph\":[{\"@type\":\"NewsArticle\",\"@id\":\"https:\/\/www.estrategiaconcursos.com.br\/blog\/revisao-oab-xxvii\/#article\",\"isPartOf\":{\"@id\":\"https:\/\/www.estrategiaconcursos.com.br\/blog\/revisao-oab-xxvii\/\"},\"author\":{\"name\":\"Ricardo Torques\",\"@id\":\"https:\/\/www.estrategiaconcursos.com.br\/blog\/#\/schema\/person\/aa39cf5ddb518e5bdce27c35788405e2\"},\"headline\":\"Revis\u00e3o OAB: acompanhe um dia inteiro de aulas gratuitas para a 1\u00aa fase do XXVII Exame de Ordem\",\"datePublished\":\"2018-11-17T09:00:02+00:00\",\"dateModified\":\"2019-05-03T15:19:30+00:00\",\"mainEntityOfPage\":{\"@id\":\"https:\/\/www.estrategiaconcursos.com.br\/blog\/revisao-oab-xxvii\/\"},\"wordCount\":852,\"commentCount\":1,\"publisher\":{\"@id\":\"https:\/\/www.estrategiaconcursos.com.br\/blog\/#organization\"},\"image\":{\"@id\":\"https:\/\/www.estrategiaconcursos.com.br\/blog\/revisao-oab-xxvii\/#primaryimage\"},\"thumbnailUrl\":\"https:\/\/dhg1h5j42swfq.cloudfront.net\/2018\/11\/16125143\/REVIS%C3%83O-OAB.jpg\",\"articleSection\":[\"Concursos P\u00fablicos\"],\"inLanguage\":\"pt-BR\",\"potentialAction\":[{\"@type\":\"CommentAction\",\"name\":\"Comment\",\"target\":[\"https:\/\/www.estrategiaconcursos.com.br\/blog\/revisao-oab-xxvii\/#respond\"]}],\"copyrightYear\":\"2018\",\"copyrightHolder\":{\"@id\":\"https:\/\/www.estrategiaconcursos.com.br\/blog\/#organization\"}},{\"@type\":\"WebPage\",\"@id\":\"https:\/\/www.estrategiaconcursos.com.br\/blog\/revisao-oab-xxvii\/\",\"url\":\"https:\/\/www.estrategiaconcursos.com.br\/blog\/revisao-oab-xxvii\/\",\"name\":\"Revis\u00e3o OAB 1\u00aa fase: um dia inteiro de aulas gr\u00e1tis para o XXVII Exame de Ordem\",\"isPartOf\":{\"@id\":\"https:\/\/www.estrategiaconcursos.com.br\/blog\/#website\"},\"primaryImageOfPage\":{\"@id\":\"https:\/\/www.estrategiaconcursos.com.br\/blog\/revisao-oab-xxvii\/#primaryimage\"},\"image\":{\"@id\":\"https:\/\/www.estrategiaconcursos.com.br\/blog\/revisao-oab-xxvii\/#primaryimage\"},\"thumbnailUrl\":\"https:\/\/dhg1h5j42swfq.cloudfront.net\/2018\/11\/16125143\/REVIS%C3%83O-OAB.jpg\",\"datePublished\":\"2018-11-17T09:00:02+00:00\",\"dateModified\":\"2019-05-03T15:19:30+00:00\",\"description\":\"Revis\u00e3o OAB para a 1\u00aa fase do XXVII Exame de Ordem: aproveite a v\u00e9spera da prova com um s\u00e1bado inteiro de aulas gratuitas focadas na prova da OAB.\",\"breadcrumb\":{\"@id\":\"https:\/\/www.estrategiaconcursos.com.br\/blog\/revisao-oab-xxvii\/#breadcrumb\"},\"inLanguage\":\"pt-BR\",\"potentialAction\":[{\"@type\":\"ReadAction\",\"target\":[\"https:\/\/www.estrategiaconcursos.com.br\/blog\/revisao-oab-xxvii\/\"]}]},{\"@type\":\"ImageObject\",\"inLanguage\":\"pt-BR\",\"@id\":\"https:\/\/www.estrategiaconcursos.com.br\/blog\/revisao-oab-xxvii\/#primaryimage\",\"url\":\"https:\/\/dhg1h5j42swfq.cloudfront.net\/2018\/11\/16125143\/REVIS%C3%83O-OAB.jpg\",\"contentUrl\":\"https:\/\/dhg1h5j42swfq.cloudfront.net\/2018\/11\/16125143\/REVIS%C3%83O-OAB.jpg\",\"width\":398,\"height\":206,\"caption\":\"revis\u00e3o oab\"},{\"@type\":\"BreadcrumbList\",\"@id\":\"https:\/\/www.estrategiaconcursos.com.br\/blog\/revisao-oab-xxvii\/#breadcrumb\",\"itemListElement\":[{\"@type\":\"ListItem\",\"position\":1,\"name\":\"In\u00edcio\",\"item\":\"https:\/\/www.estrategiaconcursos.com.br\/blog\/\"},{\"@type\":\"ListItem\",\"position\":2,\"name\":\"Revis\u00e3o OAB: acompanhe um dia inteiro de aulas gratuitas para a 1\u00aa fase do XXVII Exame de Ordem\"}]},{\"@type\":\"WebSite\",\"@id\":\"https:\/\/www.estrategiaconcursos.com.br\/blog\/#website\",\"url\":\"https:\/\/www.estrategiaconcursos.com.br\/blog\/\",\"name\":\"Estrat\u00e9gia Concursos\",\"description\":\"O blog da Estrat\u00e9gia Concursos traz not\u00edcias sobre concursos e artigos de professores oferecendo cursos para concursos (pdf + videaulas) no site.\",\"publisher\":{\"@id\":\"https:\/\/www.estrategiaconcursos.com.br\/blog\/#organization\"},\"potentialAction\":[{\"@type\":\"SearchAction\",\"target\":{\"@type\":\"EntryPoint\",\"urlTemplate\":\"https:\/\/www.estrategiaconcursos.com.br\/blog\/?s={search_term_string}\"},\"query-input\":{\"@type\":\"PropertyValueSpecification\",\"valueRequired\":true,\"valueName\":\"search_term_string\"}}],\"inLanguage\":\"pt-BR\"},{\"@type\":\"Organization\",\"@id\":\"https:\/\/www.estrategiaconcursos.com.br\/blog\/#organization\",\"name\":\"Estrat\u00e9gia Concursos\",\"url\":\"https:\/\/www.estrategiaconcursos.com.br\/blog\/\",\"logo\":{\"@type\":\"ImageObject\",\"inLanguage\":\"pt-BR\",\"@id\":\"https:\/\/www.estrategiaconcursos.com.br\/blog\/#\/schema\/logo\/image\/\",\"url\":\"https:\/\/dhg1h5j42swfq.cloudfront.net\/2025\/06\/03203428\/logo_concursos-1.jpg\",\"contentUrl\":\"https:\/\/dhg1h5j42swfq.cloudfront.net\/2025\/06\/03203428\/logo_concursos-1.jpg\",\"width\":230,\"height\":60,\"caption\":\"Estrat\u00e9gia Concursos\"},\"image\":{\"@id\":\"https:\/\/www.estrategiaconcursos.com.br\/blog\/#\/schema\/logo\/image\/\"},\"sameAs\":[\"https:\/\/x.com\/EstratConcursos\"]},{\"@type\":\"Person\",\"@id\":\"https:\/\/www.estrategiaconcursos.com.br\/blog\/#\/schema\/person\/aa39cf5ddb518e5bdce27c35788405e2\",\"name\":\"Ricardo Torques\",\"image\":{\"@type\":\"ImageObject\",\"inLanguage\":\"pt-BR\",\"@id\":\"https:\/\/secure.gravatar.com\/avatar\/ce9ac6c3cff25fe86d15ed568ebc64d1724baf5c0693133bcb1f6073f712f92a?s=96&d=mm&r=g\",\"url\":\"https:\/\/secure.gravatar.com\/avatar\/ce9ac6c3cff25fe86d15ed568ebc64d1724baf5c0693133bcb1f6073f712f92a?s=96&d=mm&r=g\",\"contentUrl\":\"https:\/\/secure.gravatar.com\/avatar\/ce9ac6c3cff25fe86d15ed568ebc64d1724baf5c0693133bcb1f6073f712f92a?s=96&d=mm&r=g\",\"caption\":\"Ricardo Torques\"},\"sameAs\":[\"https:\/\/www.facebook.com\/ricardo.s.torques\"],\"url\":\"https:\/\/www.estrategiaconcursos.com.br\/blog\/author\/ricardotorquesestrategiaconcursos-com-br\/\"}]}<\/script>\n<!-- \/ Yoast SEO Premium plugin. -->","yoast_head_json":{"title":"Revis\u00e3o OAB 1\u00aa fase: um dia inteiro de aulas gr\u00e1tis para o XXVII Exame de Ordem","description":"Revis\u00e3o OAB para a 1\u00aa fase do XXVII Exame de Ordem: aproveite a v\u00e9spera da prova com um s\u00e1bado inteiro de aulas gratuitas focadas na prova da OAB.","robots":{"index":"index","follow":"follow","max-snippet":"max-snippet:-1","max-image-preview":"max-image-preview:large","max-video-preview":"max-video-preview:-1"},"canonical":"https:\/\/www.estrategiaconcursos.com.br\/blog\/revisao-oab-xxvii\/","og_locale":"pt_BR","og_type":"article","og_title":"Revis\u00e3o OAB: acompanhe um dia inteiro de aulas gratuitas para a 1\u00aa fase do XXVII Exame de Ordem","og_description":"Revis\u00e3o OAB para a 1\u00aa fase do XXVII Exame de Ordem: aproveite a v\u00e9spera da prova com um s\u00e1bado inteiro de aulas gratuitas focadas na prova da OAB.","og_url":"https:\/\/www.estrategiaconcursos.com.br\/blog\/revisao-oab-xxvii\/","og_site_name":"Estrat\u00e9gia Concursos","article_author":"https:\/\/www.facebook.com\/ricardo.s.torques","article_published_time":"2018-11-17T09:00:02+00:00","article_modified_time":"2019-05-03T15:19:30+00:00","og_image":[{"width":398,"height":206,"url":"https:\/\/dhg1h5j42swfq.cloudfront.net\/2018\/11\/16125143\/REVIS%C3%83O-OAB.jpg","type":"image\/jpeg"}],"author":"Ricardo Torques","twitter_card":"summary_large_image","twitter_creator":"@EstratConcursos","twitter_site":"@EstratConcursos","twitter_misc":{"Escrito por":"Ricardo Torques","Est. tempo de leitura":"4 minutos"},"schema":{"@context":"https:\/\/schema.org","@graph":[{"@type":"NewsArticle","@id":"https:\/\/www.estrategiaconcursos.com.br\/blog\/revisao-oab-xxvii\/#article","isPartOf":{"@id":"https:\/\/www.estrategiaconcursos.com.br\/blog\/revisao-oab-xxvii\/"},"author":{"name":"Ricardo Torques","@id":"https:\/\/www.estrategiaconcursos.com.br\/blog\/#\/schema\/person\/aa39cf5ddb518e5bdce27c35788405e2"},"headline":"Revis\u00e3o OAB: acompanhe um dia inteiro de aulas gratuitas para a 1\u00aa fase do XXVII Exame de Ordem","datePublished":"2018-11-17T09:00:02+00:00","dateModified":"2019-05-03T15:19:30+00:00","mainEntityOfPage":{"@id":"https:\/\/www.estrategiaconcursos.com.br\/blog\/revisao-oab-xxvii\/"},"wordCount":852,"commentCount":1,"publisher":{"@id":"https:\/\/www.estrategiaconcursos.com.br\/blog\/#organization"},"image":{"@id":"https:\/\/www.estrategiaconcursos.com.br\/blog\/revisao-oab-xxvii\/#primaryimage"},"thumbnailUrl":"https:\/\/dhg1h5j42swfq.cloudfront.net\/2018\/11\/16125143\/REVIS%C3%83O-OAB.jpg","articleSection":["Concursos P\u00fablicos"],"inLanguage":"pt-BR","potentialAction":[{"@type":"CommentAction","name":"Comment","target":["https:\/\/www.estrategiaconcursos.com.br\/blog\/revisao-oab-xxvii\/#respond"]}],"copyrightYear":"2018","copyrightHolder":{"@id":"https:\/\/www.estrategiaconcursos.com.br\/blog\/#organization"}},{"@type":"WebPage","@id":"https:\/\/www.estrategiaconcursos.com.br\/blog\/revisao-oab-xxvii\/","url":"https:\/\/www.estrategiaconcursos.com.br\/blog\/revisao-oab-xxvii\/","name":"Revis\u00e3o OAB 1\u00aa fase: um dia inteiro de aulas gr\u00e1tis para o XXVII Exame de Ordem","isPartOf":{"@id":"https:\/\/www.estrategiaconcursos.com.br\/blog\/#website"},"primaryImageOfPage":{"@id":"https:\/\/www.estrategiaconcursos.com.br\/blog\/revisao-oab-xxvii\/#primaryimage"},"image":{"@id":"https:\/\/www.estrategiaconcursos.com.br\/blog\/revisao-oab-xxvii\/#primaryimage"},"thumbnailUrl":"https:\/\/dhg1h5j42swfq.cloudfront.net\/2018\/11\/16125143\/REVIS%C3%83O-OAB.jpg","datePublished":"2018-11-17T09:00:02+00:00","dateModified":"2019-05-03T15:19:30+00:00","description":"Revis\u00e3o OAB para a 1\u00aa fase do XXVII Exame de Ordem: aproveite a v\u00e9spera da prova com um s\u00e1bado inteiro de aulas gratuitas focadas na prova da OAB.","breadcrumb":{"@id":"https:\/\/www.estrategiaconcursos.com.br\/blog\/revisao-oab-xxvii\/#breadcrumb"},"inLanguage":"pt-BR","potentialAction":[{"@type":"ReadAction","target":["https:\/\/www.estrategiaconcursos.com.br\/blog\/revisao-oab-xxvii\/"]}]},{"@type":"ImageObject","inLanguage":"pt-BR","@id":"https:\/\/www.estrategiaconcursos.com.br\/blog\/revisao-oab-xxvii\/#primaryimage","url":"https:\/\/dhg1h5j42swfq.cloudfront.net\/2018\/11\/16125143\/REVIS%C3%83O-OAB.jpg","contentUrl":"https:\/\/dhg1h5j42swfq.cloudfront.net\/2018\/11\/16125143\/REVIS%C3%83O-OAB.jpg","width":398,"height":206,"caption":"revis\u00e3o oab"},{"@type":"BreadcrumbList","@id":"https:\/\/www.estrategiaconcursos.com.br\/blog\/revisao-oab-xxvii\/#breadcrumb","itemListElement":[{"@type":"ListItem","position":1,"name":"In\u00edcio","item":"https:\/\/www.estrategiaconcursos.com.br\/blog\/"},{"@type":"ListItem","position":2,"name":"Revis\u00e3o OAB: acompanhe um dia inteiro de aulas gratuitas para a 1\u00aa fase do XXVII Exame de Ordem"}]},{"@type":"WebSite","@id":"https:\/\/www.estrategiaconcursos.com.br\/blog\/#website","url":"https:\/\/www.estrategiaconcursos.com.br\/blog\/","name":"Estrat\u00e9gia Concursos","description":"O blog da Estrat\u00e9gia Concursos traz not\u00edcias sobre concursos e artigos de professores oferecendo cursos para concursos (pdf + videaulas) no site.","publisher":{"@id":"https:\/\/www.estrategiaconcursos.com.br\/blog\/#organization"},"potentialAction":[{"@type":"SearchAction","target":{"@type":"EntryPoint","urlTemplate":"https:\/\/www.estrategiaconcursos.com.br\/blog\/?s={search_term_string}"},"query-input":{"@type":"PropertyValueSpecification","valueRequired":true,"valueName":"search_term_string"}}],"inLanguage":"pt-BR"},{"@type":"Organization","@id":"https:\/\/www.estrategiaconcursos.com.br\/blog\/#organization","name":"Estrat\u00e9gia Concursos","url":"https:\/\/www.estrategiaconcursos.com.br\/blog\/","logo":{"@type":"ImageObject","inLanguage":"pt-BR","@id":"https:\/\/www.estrategiaconcursos.com.br\/blog\/#\/schema\/logo\/image\/","url":"https:\/\/dhg1h5j42swfq.cloudfront.net\/2025\/06\/03203428\/logo_concursos-1.jpg","contentUrl":"https:\/\/dhg1h5j42swfq.cloudfront.net\/2025\/06\/03203428\/logo_concursos-1.jpg","width":230,"height":60,"caption":"Estrat\u00e9gia Concursos"},"image":{"@id":"https:\/\/www.estrategiaconcursos.com.br\/blog\/#\/schema\/logo\/image\/"},"sameAs":["https:\/\/x.com\/EstratConcursos"]},{"@type":"Person","@id":"https:\/\/www.estrategiaconcursos.com.br\/blog\/#\/schema\/person\/aa39cf5ddb518e5bdce27c35788405e2","name":"Ricardo Torques","image":{"@type":"ImageObject","inLanguage":"pt-BR","@id":"https:\/\/secure.gravatar.com\/avatar\/ce9ac6c3cff25fe86d15ed568ebc64d1724baf5c0693133bcb1f6073f712f92a?s=96&d=mm&r=g","url":"https:\/\/secure.gravatar.com\/avatar\/ce9ac6c3cff25fe86d15ed568ebc64d1724baf5c0693133bcb1f6073f712f92a?s=96&d=mm&r=g","contentUrl":"https:\/\/secure.gravatar.com\/avatar\/ce9ac6c3cff25fe86d15ed568ebc64d1724baf5c0693133bcb1f6073f712f92a?s=96&d=mm&r=g","caption":"Ricardo Torques"},"sameAs":["https:\/\/www.facebook.com\/ricardo.s.torques"],"url":"https:\/\/www.estrategiaconcursos.com.br\/blog\/author\/ricardotorquesestrategiaconcursos-com-br\/"}]}},"_links":{"self":[{"href":"https:\/\/www.estrategiaconcursos.com.br\/blog\/wp-json\/wp\/v2\/posts\/151338","targetHints":{"allow":["GET"]}}],"collection":[{"href":"https:\/\/www.estrategiaconcursos.com.br\/blog\/wp-json\/wp\/v2\/posts"}],"about":[{"href":"https:\/\/www.estrategiaconcursos.com.br\/blog\/wp-json\/wp\/v2\/types\/post"}],"author":[{"embeddable":true,"href":"https:\/\/www.estrategiaconcursos.com.br\/blog\/wp-json\/wp\/v2\/users\/180"}],"replies":[{"embeddable":true,"href":"https:\/\/www.estrategiaconcursos.com.br\/blog\/wp-json\/wp\/v2\/comments?post=151338"}],"version-history":[{"count":6,"href":"https:\/\/www.estrategiaconcursos.com.br\/blog\/wp-json\/wp\/v2\/posts\/151338\/revisions"}],"predecessor-version":[{"id":370655,"href":"https:\/\/www.estrategiaconcursos.com.br\/blog\/wp-json\/wp\/v2\/posts\/151338\/revisions\/370655"}],"wp:featuredmedia":[{"embeddable":true,"href":"https:\/\/www.estrategiaconcursos.com.br\/blog\/wp-json\/wp\/v2\/media\/151340"}],"wp:attachment":[{"href":"https:\/\/www.estrategiaconcursos.com.br\/blog\/wp-json\/wp\/v2\/media?parent=151338"}],"wp:term":[{"taxonomy":"category","embeddable":true,"href":"https:\/\/www.estrategiaconcursos.com.br\/blog\/wp-json\/wp\/v2\/categories?post=151338"},{"taxonomy":"post_tag","embeddable":true,"href":"https:\/\/www.estrategiaconcursos.com.br\/blog\/wp-json\/wp\/v2\/tags?post=151338"},{"taxonomy":"tax_estado","embeddable":true,"href":"https:\/\/www.estrategiaconcursos.com.br\/blog\/wp-json\/wp\/v2\/tax_estado?post=151338"}],"curies":[{"name":"wp","href":"https:\/\/api.w.org\/{rel}","templated":true}]}}