{"id":150950,"date":"2022-05-11T08:40:00","date_gmt":"2022-05-11T11:40:00","guid":{"rendered":"https:\/\/www.estrategiaconcursos.com.br\/blog\/?p=150950"},"modified":"2022-05-11T11:15:43","modified_gmt":"2022-05-11T14:15:43","slug":"concurso-afap","status":"publish","type":"post","link":"https:\/\/www.estrategiaconcursos.com.br\/blog\/concurso-afap\/","title":{"rendered":"Concurso AFAP: comiss\u00e3o formada para novo edital"},"content":{"rendered":"\n<p>Ap\u00f3s cinco anos sem edital, a Ag\u00eancia de Fomento do Amap\u00e1 vai abrir um novo concurso AFAP para provimento de vagas em seu quadro de pessoal.<\/p>\n\n\n\n<p>A comiss\u00e3o respons\u00e1vel pelos trabalhos acerca do certame j\u00e1 foi formada e teve seus membros anunciados atrav\u00e9s do Di\u00e1rio Oficial do Estado. <\/p>\n\n\n\n<p>As principais fun\u00e7\u00f5es do grupo ser\u00e3o: elabora\u00e7\u00e3o do edital, bem como acompanhar e fiscalizar todas as etapas do concurso AFAP. <\/p>\n\n\n\n<div class=\"wp-block-image\"><figure class=\"aligncenter\"><img loading=\"lazy\" decoding=\"async\" width=\"353\" height=\"263\" src=\"https:\/\/dhg1h5j42swfq.cloudfront.net\/2022\/05\/11074705\/image-2-1.png\" alt=\"Concurso AFAP: comiss\u00e3o formada\" class=\"wp-image-1025756\" srcset=\"https:\/\/dhg1h5j42swfq.cloudfront.net\/2022\/05\/11074705\/image-2-1.png 353w, https:\/\/dhg1h5j42swfq.cloudfront.net\/2022\/05\/11074705\/image-2-1-300x224.png 300w\" sizes=\"auto, (max-width: 353px) 100vw, 353px\" \/><figcaption>Concurso AFAP: comiss\u00e3o formada<\/figcaption><\/figure><\/div>\n\n\n\n<ul class=\"has-very-light-gray-to-cyan-bluish-gray-gradient-background has-background wp-block-list\"><li><strong>Ag\u00eancia de Fomento do Amap\u00e1<\/strong> &#8211; <strong>AFAP <\/strong><\/li><li><strong>Status:\u00a0<\/strong>comiss\u00e3o formada<\/li><li><strong>Banca:<\/strong>\u00a0a definir<\/li><li><strong>Vagas:<\/strong>\u00a0a definir<\/li><li><strong>\u00daltimo edital:<\/strong> <a href=\"https:\/\/www.estrategiaconcursos.com.br\/blog\/wp-content\/uploads\/2018\/11\/Edital-AFAP.pdf\" target=\"_blank\" rel=\"noreferrer noopener nofollow\">Edital AFAP 2019<\/a> <\/li><\/ul>\n\n\n\n<p>Neste artigo vamos trazer informa\u00e7\u00f5es e atualiza\u00e7\u00f5es a respeito do novo concurso AFAP, para que voc\u00ea possa se preparar para o certame da melhor maneira poss\u00edvel. Acompanhe pelos t\u00f3picos abaixo:<\/p>\n\n\n\n<ul class=\"wp-block-list\" id=\"indice\"><li><a href=\"#concurso-afap-situacao-atual\">Situa\u00e7\u00e3o atual<\/a><\/li><li><a href=\"#sobre-a-afap\">Sobre<\/a><\/li><li><a href=\"#ultimo-edital\">\u00daltimo concurso<\/a><ul><li><a href=\"#cargos-e-vagas\">Cargos e vagas<\/a><\/li><\/ul><ul><li><a href=\"#etapas-de-provas\">Provas<\/a><\/li><\/ul><\/li><li><a href=\"#estudar\">Assinatura e cursos<\/a><\/li><li><a href=\"#ficha\">Ficha t\u00e9cnica<\/a><\/li><\/ul>\n\n\n\n<div class=\"container\" id=\"boxes\">\n  <div class=\"row\">\n\n    <div class=\"col-sm\">\n      <div class=\"banner-estrategia\" id=\"box-assinatura\">\n        <h3 class=\"titulo-assinatura\">Cursos para concursos<\/h3>\n        <p class=\"subtitulo-assinatura\">Conhe\u00e7a os cursos<\/p>\n        <div class=\"box-botao\">\n          <a class=\"btn-assinatura\" target=\"_blank\" href=\"https:\/\/www.estrategiaconcursos.com.br\/cursos\/\" role=\"button\" rel=\"noopener noreferrer\">Conhe\u00e7a mais<\/a>\n        <\/div>\n      <\/div>\n     \n    <\/div>\n\n  <\/div>\n<\/div>\n\n\n\n<h2 class=\"wp-block-heading\" id=\"concurso-afap-situacao-atual\">Concurso AFAP: situa\u00e7\u00e3o atual<\/h2>\n\n\n\n<p>Com a comiss\u00e3o do concurso AFAP formada, os pr\u00f3ximos passos para a abertura do certame ser\u00e3o a defini\u00e7\u00e3o de uma empresa respons\u00e1vel pela aplica\u00e7\u00e3o das provas e tamb\u00e9m a divulga\u00e7\u00e3o do edital.<\/p>\n\n\n\n<p>Vale frisar que ainda n\u00e3o se t\u00eam informa\u00e7\u00f5es acerca dos cargos e vagas que ser\u00e3o ofertadas na sele\u00e7\u00e3o. A equipe de jornalismo do Estrat\u00e9gia segue em contato com o \u00f3rg\u00e3o.<\/p>\n\n\n\n<h2 class=\"wp-block-heading\" id=\"sobre-a-afap\">Sobre a AFAP<\/h2>\n\n\n\n<p>A Ag\u00eancia de Fomento do Amap\u00e1 iniciou suas atividades no ano de 1997, quando assume as atividades do Banco do Estado do Amap\u00e1 &#8211; BANAP.<\/p>\n\n\n\n<p>No novo modelo de ag\u00eancia de fomento, sua gest\u00e3o estaria para apoiar financiamentos ao micro e pequeno empreendedor, urbano ou rural, formal ou informal, com estimulo a pol\u00edtica de gera\u00e7\u00e3o de emprego e renda, principalmente na popula\u00e7\u00e3o de menor renda.<\/p>\n\n\n\n<h2 class=\"wp-block-heading\" id=\"ultimo-edital\">Concurso AFAP: \u00faltimo edital<\/h2>\n\n\n\n<p>O \u00faltimo edital do concurso <a href=\"https:\/\/www.afap.ap.gov.br\/\" target=\"_blank\" rel=\"noreferrer noopener\">AFAP<\/a> foi publicado em 2018. Na \u00e9poca, foram ofertadas 29 vagas mais 200 em cadastro reserva para cargos de n\u00edvel m\u00e9dio e superior.<\/p>\n\n\n\n<p>Os sal\u00e1rios dos cargos variava conforme o n\u00edvel de escolaridade.\u00a0A jornada de trabalho era de 30 horas semanais.<\/p>\n\n\n\n<h3 class=\"wp-block-heading\" id=\"cargos-e-vagas\">Concurso AFAP: cargos e vagas <\/h3>\n\n\n\n<p class=\"has-medium-font-size\" id=\"superior\"><span style=\"text-decoration: underline;\"><strong>N\u00edvel Superior<\/strong><\/span><\/p>\n\n\n\n<ul class=\"wp-block-list\"><li>Analista de Fomento &#8211; Advogado: 3 vagas + 20 CR<\/li><li>Analista de Fomento &#8211; Contador: 3 vagas + 20 CR<\/li><li>Analista de Fomento &#8211; T.I.: 1 vaga + 20 CR<\/li><li>Analista de Fomento &#8211; Economista: 1 vaga + 20 CR<\/li><li>Analista de Fomento &#8211; Cr\u00e9dito: 1 vaga + 20 CR<\/li><\/ul>\n\n\n\n<p class=\"has-medium-font-size\" id=\"medio\"><span style=\"text-decoration: underline;\"><strong>N\u00edvel M\u00e9dio<\/strong><\/span><\/p>\n\n\n\n<ul class=\"wp-block-list\"><li>Assistente&nbsp;Administrativo&nbsp;de Fomento: 10 vagas + 50 CR<\/li><li>Agente de&nbsp;Fomento Externo: 10 vagas + 50 CR<\/li><\/ul>\n\n\n\n<h3 class=\"wp-block-heading\" id=\"etapas-de-provas\">Etapas de provas<\/h3>\n\n\n\n<p>O concurso AFAP foi composto por duas importantes etapas, sendo elas de provas objetivas e discursivas. As avalia\u00e7\u00f5es foram aplicadas na cidade de Macap\u00e1\/AP.<\/p>\n\n\n\n<p>Confira abaixo mais detalhes das provas atrav\u00e9s dos quadros abaixo:<\/p>\n\n\n\n<div class=\"wp-block-image\"><figure class=\"aligncenter\"><img loading=\"lazy\" decoding=\"async\" width=\"725\" height=\"473\" src=\"https:\/\/dhg1h5j42swfq.cloudfront.net\/2018\/11\/13090348\/afap21.png\" alt=\"Concurso AFAP: etapas de provas\" class=\"wp-image-150963\" srcset=\"https:\/\/dhg1h5j42swfq.cloudfront.net\/2018\/11\/13090348\/afap21.png 725w, https:\/\/dhg1h5j42swfq.cloudfront.net\/2018\/11\/13090348\/afap21.png 300w, https:\/\/dhg1h5j42swfq.cloudfront.net\/2018\/11\/13090348\/afap21.png 610w\" sizes=\"auto, (max-width: 725px) 100vw, 725px\" \/><\/figure><\/div>\n\n\n\n<p>Vale ressaltar que o concurso teve mais de 15 mil candidatos inscritos. As lota\u00e7\u00f5es foram em Macap\u00e1, Santana, Laranjal do Jari, e Oiapoque, unidades regionais da AFAP.<\/p>\n\n\n\n<hr class=\"wp-block-separator\"\/>\n\n\n\n<h2 class=\"has-text-align-center wp-block-heading\" id=\"cursos-assinatura\"><em>Quer estudar para o concurso AFAP?<\/em><\/h2>\n\n\n\n<div class=\"container\" id=\"boxes\">\n  <div class=\"row\">\n\n    <div class=\"col-sm\">\n      <div class=\"banner-estrategia\" id=\"box-assinatura\">\n        <h3 class=\"titulo-assinatura\">Cursos para concursos<\/h3>\n        <p class=\"subtitulo-assinatura\">Conhe\u00e7a os cursos<\/p>\n        <div class=\"box-botao\">\n          <a class=\"btn-assinatura\" target=\"_blank\" href=\"https:\/\/www.estrategiaconcursos.com.br\/cursos\/\" role=\"button\" rel=\"noopener noreferrer\">Conhe\u00e7a mais<\/a>\n        <\/div>\n      <\/div>\n     \n    <\/div>\n\n  <\/div>\n<\/div>\n\n\n\n<div class=\"container\" id=\"boxes\">\n  <div class=\"row\">\n\n    <div class=\"col-sm\">\n      <div class=\"estrategia\" id=\"box-assinatura\">\n        <h3 class=\"titulo-assinatura\">Assinatura Concursos<\/h3>\n        <p class=\"subtitulo-assinatura\">Assinatura de 1 ano ou 2 anos<\/p>\n        <div class=\"box-botao\">\n          <a class=\"btn-assinatura\" target=\"_blank\" href=\"https:\/\/www.estrategiaconcursos.com.br\/assinaturas\/\" role=\"button\" rel=\"noopener noreferrer\">ASSINE AGORA<\/a>\n        <\/div>\n      <\/div><\/div><\/div><\/div>\n\n\n\n<h2 class=\"has-text-align-center wp-block-heading\" id=\"quer-saber-tudo-sobre-concursos-previstos-confira-nossos-artigos\">Quer saber tudo sobre concursos previstos?<br \/>Confira nossos artigos!<\/h2>\n\n\n\n<ul class=\"wp-block-list\"><li><a target=\"_blank\" href=\"https:\/\/www.estrategiaconcursos.com.br\/blog\/concursos-abertos\/\" rel=\"noreferrer noopener\">Concursos abertos<\/a><\/li><li><a target=\"_blank\" href=\"https:\/\/www.estrategiaconcursos.com.br\/blog\/concursos-2022\/\" rel=\"noreferrer noopener\">Concursos 2022<\/a><\/li><\/ul>\n\n\n\n<figure class=\"wp-block-image is-resized\"><img loading=\"lazy\" decoding=\"async\" src=\"https:\/\/dhg1h5j42swfq.cloudfront.net\/2021\/08\/02092425\/ficha-tecnica-1024x632.png\" alt=\"Informa\u00e7\u00f5es do pr\u00f3ximo concurso EMATER DF\" class=\"wp-image-826813\" width=\"233\" height=\"144\" srcset=\"https:\/\/dhg1h5j42swfq.cloudfront.net\/2021\/08\/02092425\/ficha-tecnica-1024x632.png 1024w, https:\/\/dhg1h5j42swfq.cloudfront.net\/2021\/08\/02092425\/ficha-tecnica-300x185.png 300w, https:\/\/dhg1h5j42swfq.cloudfront.net\/2021\/08\/02092425\/ficha-tecnica-768x474.png 768w, https:\/\/dhg1h5j42swfq.cloudfront.net\/2021\/08\/02092425\/ficha-tecnica-1536x948.png 1536w, https:\/\/dhg1h5j42swfq.cloudfront.net\/2021\/08\/02092425\/ficha-tecnica-610x377.png 610w, https:\/\/dhg1h5j42swfq.cloudfront.net\/2021\/08\/02092425\/ficha-tecnica.png 1571w\" sizes=\"auto, (max-width: 233px) 100vw, 233px\" \/><\/figure>\n\n\n\n<h3 class=\"wp-block-heading\" id=\"informacoes-do-ultimo-concurso-afap\">Informa\u00e7\u00f5es do \u00faltimo concurso AFAP <\/h3>\n\n\n\n<ul class=\"wp-block-list\"><li><strong>Ano<\/strong>:\u00a02018<\/li><li><strong>Vagas<\/strong>: 29 + 200 CR<\/li><li><strong>Banca<\/strong>: FCC<\/li><li><strong>Escolaridade<\/strong>: N\u00edvel m\u00e9dio e superior <\/li><li><strong>Edital:<\/strong>\u00a0<a href=\"https:\/\/www.estrategiaconcursos.com.br\/blog\/wp-content\/uploads\/2018\/11\/Edital-AFAP.pdf\" target=\"_blank\" rel=\"noreferrer noopener nofollow\">Edital AFAP<\/a><\/li><\/ul>\n\n\n\n<p><\/p>\n","protected":false},"excerpt":{"rendered":"<p>Ap\u00f3s cinco anos sem edital, a Ag\u00eancia de Fomento do Amap\u00e1 vai abrir um novo concurso AFAP para provimento de vagas em seu quadro de pessoal. A comiss\u00e3o respons\u00e1vel pelos trabalhos acerca do certame j\u00e1 foi formada e teve seus membros anunciados atrav\u00e9s do Di\u00e1rio Oficial do Estado. As principais fun\u00e7\u00f5es do grupo ser\u00e3o: elabora\u00e7\u00e3o [&hellip;]<\/p>\n","protected":false},"author":1,"featured_media":152514,"comment_status":"open","ping_status":"closed","sticky":false,"template":"","format":"standard","meta":{"post_tipo":"news_page","footnotes":""},"categories":[214992],"tags":[],"tax_estado":[219967],"class_list":["post-150950","post","type-post","status-publish","format-standard","has-post-thumbnail","hentry","category-concursos-administrativos","tax_estado-ap"],"acf":[],"yoast_head":"<!-- This site is optimized with the Yoast SEO Premium plugin v27.2 (Yoast SEO v27.2) - https:\/\/yoast.com\/product\/yoast-seo-premium-wordpress\/ -->\n<title>Concurso AFAP: comiss\u00e3o formada para novo edital<\/title>\n<meta name=\"description\" content=\"Concurso AFAP: formada comiss\u00e3o organizadora respons\u00e1vel pelos trabalhos acerca do novo edital. Acesse e saiba mais aqui!\" \/>\n<meta name=\"robots\" content=\"index, follow, max-snippet:-1, max-image-preview:large, max-video-preview:-1\" \/>\n<link rel=\"canonical\" href=\"https:\/\/www.estrategiaconcursos.com.br\/blog\/concurso-afap\/\" \/>\n<meta property=\"og:locale\" content=\"pt_BR\" \/>\n<meta property=\"og:type\" content=\"article\" \/>\n<meta property=\"og:title\" content=\"Concurso AFAP: comiss\u00e3o formada para novo edital\" \/>\n<meta property=\"og:description\" content=\"Concurso AFAP: formada comiss\u00e3o organizadora respons\u00e1vel pelos trabalhos acerca do novo edital. Acesse e saiba mais aqui!\" \/>\n<meta property=\"og:url\" content=\"https:\/\/www.estrategiaconcursos.com.br\/blog\/concurso-afap\/\" \/>\n<meta property=\"og:site_name\" content=\"Estrat\u00e9gia Concursos\" \/>\n<meta property=\"article:author\" content=\"https:\/\/www.facebook.com\/EstrategiaConcursos\" \/>\n<meta property=\"article:published_time\" content=\"2022-05-11T11:40:00+00:00\" \/>\n<meta property=\"article:modified_time\" content=\"2022-05-11T14:15:43+00:00\" \/>\n<meta property=\"og:image\" content=\"https:\/\/dhg1h5j42swfq.cloudfront.net\/2018\/11\/23161609\/AFAP1-e1543000582303.jpg\" \/>\n\t<meta property=\"og:image:width\" content=\"400\" \/>\n\t<meta property=\"og:image:height\" content=\"209\" \/>\n\t<meta property=\"og:image:type\" content=\"image\/jpeg\" \/>\n<meta name=\"author\" content=\"Coordena\u00e7\u00e3o\" \/>\n<meta name=\"twitter:card\" content=\"summary_large_image\" \/>\n<meta name=\"twitter:creator\" content=\"@EstratConcursos\" \/>\n<meta name=\"twitter:site\" content=\"@EstratConcursos\" \/>\n<meta name=\"twitter:label1\" content=\"Escrito por\" \/>\n\t<meta name=\"twitter:data1\" content=\"Coordena\u00e7\u00e3o\" \/>\n\t<meta name=\"twitter:label2\" content=\"Est. tempo de leitura\" \/>\n\t<meta name=\"twitter:data2\" content=\"4 minutos\" \/>\n<script type=\"application\/ld+json\" class=\"yoast-schema-graph\">{\"@context\":\"https:\/\/schema.org\",\"@graph\":[{\"@type\":\"NewsArticle\",\"@id\":\"https:\/\/www.estrategiaconcursos.com.br\/blog\/concurso-afap\/#article\",\"isPartOf\":{\"@id\":\"https:\/\/www.estrategiaconcursos.com.br\/blog\/concurso-afap\/\"},\"author\":{\"name\":\"Coordena\u00e7\u00e3o\",\"@id\":\"https:\/\/www.estrategiaconcursos.com.br\/blog\/#\/schema\/person\/b4a388c97673c5f483d72185668afa1f\"},\"headline\":\"Concurso AFAP: comiss\u00e3o formada para novo edital\",\"datePublished\":\"2022-05-11T11:40:00+00:00\",\"dateModified\":\"2022-05-11T14:15:43+00:00\",\"mainEntityOfPage\":{\"@id\":\"https:\/\/www.estrategiaconcursos.com.br\/blog\/concurso-afap\/\"},\"wordCount\":567,\"commentCount\":1,\"publisher\":{\"@id\":\"https:\/\/www.estrategiaconcursos.com.br\/blog\/#organization\"},\"image\":{\"@id\":\"https:\/\/www.estrategiaconcursos.com.br\/blog\/concurso-afap\/#primaryimage\"},\"thumbnailUrl\":\"https:\/\/dhg1h5j42swfq.cloudfront.net\/2018\/11\/23161609\/AFAP1-e1543000582303.jpg\",\"articleSection\":[\"Executivo (Administrativa)\"],\"inLanguage\":\"pt-BR\",\"potentialAction\":[{\"@type\":\"CommentAction\",\"name\":\"Comment\",\"target\":[\"https:\/\/www.estrategiaconcursos.com.br\/blog\/concurso-afap\/#respond\"]}],\"copyrightYear\":\"2022\",\"copyrightHolder\":{\"@id\":\"https:\/\/www.estrategiaconcursos.com.br\/blog\/#organization\"}},{\"@type\":\"WebPage\",\"@id\":\"https:\/\/www.estrategiaconcursos.com.br\/blog\/concurso-afap\/\",\"url\":\"https:\/\/www.estrategiaconcursos.com.br\/blog\/concurso-afap\/\",\"name\":\"Concurso AFAP: comiss\u00e3o formada para novo edital\",\"isPartOf\":{\"@id\":\"https:\/\/www.estrategiaconcursos.com.br\/blog\/#website\"},\"primaryImageOfPage\":{\"@id\":\"https:\/\/www.estrategiaconcursos.com.br\/blog\/concurso-afap\/#primaryimage\"},\"image\":{\"@id\":\"https:\/\/www.estrategiaconcursos.com.br\/blog\/concurso-afap\/#primaryimage\"},\"thumbnailUrl\":\"https:\/\/dhg1h5j42swfq.cloudfront.net\/2018\/11\/23161609\/AFAP1-e1543000582303.jpg\",\"datePublished\":\"2022-05-11T11:40:00+00:00\",\"dateModified\":\"2022-05-11T14:15:43+00:00\",\"description\":\"Concurso AFAP: formada comiss\u00e3o organizadora respons\u00e1vel pelos trabalhos acerca do novo edital. Acesse e saiba mais aqui!\",\"breadcrumb\":{\"@id\":\"https:\/\/www.estrategiaconcursos.com.br\/blog\/concurso-afap\/#breadcrumb\"},\"inLanguage\":\"pt-BR\",\"potentialAction\":[{\"@type\":\"ReadAction\",\"target\":[\"https:\/\/www.estrategiaconcursos.com.br\/blog\/concurso-afap\/\"]}]},{\"@type\":\"ImageObject\",\"inLanguage\":\"pt-BR\",\"@id\":\"https:\/\/www.estrategiaconcursos.com.br\/blog\/concurso-afap\/#primaryimage\",\"url\":\"https:\/\/dhg1h5j42swfq.cloudfront.net\/2018\/11\/23161609\/AFAP1-e1543000582303.jpg\",\"contentUrl\":\"https:\/\/dhg1h5j42swfq.cloudfront.net\/2018\/11\/23161609\/AFAP1-e1543000582303.jpg\",\"width\":400,\"height\":209,\"caption\":\"Concurso AFAP\"},{\"@type\":\"BreadcrumbList\",\"@id\":\"https:\/\/www.estrategiaconcursos.com.br\/blog\/concurso-afap\/#breadcrumb\",\"itemListElement\":[{\"@type\":\"ListItem\",\"position\":1,\"name\":\"In\u00edcio\",\"item\":\"https:\/\/www.estrategiaconcursos.com.br\/blog\/\"},{\"@type\":\"ListItem\",\"position\":2,\"name\":\"Concurso AFAP: comiss\u00e3o formada para novo edital\"}]},{\"@type\":\"WebSite\",\"@id\":\"https:\/\/www.estrategiaconcursos.com.br\/blog\/#website\",\"url\":\"https:\/\/www.estrategiaconcursos.com.br\/blog\/\",\"name\":\"Estrat\u00e9gia Concursos\",\"description\":\"O blog da Estrat\u00e9gia Concursos traz not\u00edcias sobre concursos e artigos de professores oferecendo cursos para concursos (pdf + videaulas) no site.\",\"publisher\":{\"@id\":\"https:\/\/www.estrategiaconcursos.com.br\/blog\/#organization\"},\"potentialAction\":[{\"@type\":\"SearchAction\",\"target\":{\"@type\":\"EntryPoint\",\"urlTemplate\":\"https:\/\/www.estrategiaconcursos.com.br\/blog\/?s={search_term_string}\"},\"query-input\":{\"@type\":\"PropertyValueSpecification\",\"valueRequired\":true,\"valueName\":\"search_term_string\"}}],\"inLanguage\":\"pt-BR\"},{\"@type\":\"Organization\",\"@id\":\"https:\/\/www.estrategiaconcursos.com.br\/blog\/#organization\",\"name\":\"Estrat\u00e9gia Concursos\",\"url\":\"https:\/\/www.estrategiaconcursos.com.br\/blog\/\",\"logo\":{\"@type\":\"ImageObject\",\"inLanguage\":\"pt-BR\",\"@id\":\"https:\/\/www.estrategiaconcursos.com.br\/blog\/#\/schema\/logo\/image\/\",\"url\":\"https:\/\/dhg1h5j42swfq.cloudfront.net\/2025\/06\/03203428\/logo_concursos-1.jpg\",\"contentUrl\":\"https:\/\/dhg1h5j42swfq.cloudfront.net\/2025\/06\/03203428\/logo_concursos-1.jpg\",\"width\":230,\"height\":60,\"caption\":\"Estrat\u00e9gia Concursos\"},\"image\":{\"@id\":\"https:\/\/www.estrategiaconcursos.com.br\/blog\/#\/schema\/logo\/image\/\"},\"sameAs\":[\"https:\/\/x.com\/EstratConcursos\"]},{\"@type\":\"Person\",\"@id\":\"https:\/\/www.estrategiaconcursos.com.br\/blog\/#\/schema\/person\/b4a388c97673c5f483d72185668afa1f\",\"name\":\"Coordena\u00e7\u00e3o\",\"image\":{\"@type\":\"ImageObject\",\"inLanguage\":\"pt-BR\",\"@id\":\"https:\/\/secure.gravatar.com\/avatar\/b720319e4c9a967eb58678d110f4fe35452fc5d5f97b202bac7b8acceb18c6ad?s=96&d=mm&r=g\",\"url\":\"https:\/\/secure.gravatar.com\/avatar\/b720319e4c9a967eb58678d110f4fe35452fc5d5f97b202bac7b8acceb18c6ad?s=96&d=mm&r=g\",\"contentUrl\":\"https:\/\/secure.gravatar.com\/avatar\/b720319e4c9a967eb58678d110f4fe35452fc5d5f97b202bac7b8acceb18c6ad?s=96&d=mm&r=g\",\"caption\":\"Coordena\u00e7\u00e3o\"},\"sameAs\":[\"https:\/\/www.facebook.com\/EstrategiaConcursos\",\"https:\/\/x.com\/EstratConcursos\"],\"url\":\"https:\/\/www.estrategiaconcursos.com.br\/blog\/author\/estrategia2013\/\"}]}<\/script>\n<!-- \/ Yoast SEO Premium plugin. -->","yoast_head_json":{"title":"Concurso AFAP: comiss\u00e3o formada para novo edital","description":"Concurso AFAP: formada comiss\u00e3o organizadora respons\u00e1vel pelos trabalhos acerca do novo edital. Acesse e saiba mais aqui!","robots":{"index":"index","follow":"follow","max-snippet":"max-snippet:-1","max-image-preview":"max-image-preview:large","max-video-preview":"max-video-preview:-1"},"canonical":"https:\/\/www.estrategiaconcursos.com.br\/blog\/concurso-afap\/","og_locale":"pt_BR","og_type":"article","og_title":"Concurso AFAP: comiss\u00e3o formada para novo edital","og_description":"Concurso AFAP: formada comiss\u00e3o organizadora respons\u00e1vel pelos trabalhos acerca do novo edital. Acesse e saiba mais aqui!","og_url":"https:\/\/www.estrategiaconcursos.com.br\/blog\/concurso-afap\/","og_site_name":"Estrat\u00e9gia Concursos","article_author":"https:\/\/www.facebook.com\/EstrategiaConcursos","article_published_time":"2022-05-11T11:40:00+00:00","article_modified_time":"2022-05-11T14:15:43+00:00","og_image":[{"width":400,"height":209,"url":"https:\/\/dhg1h5j42swfq.cloudfront.net\/2018\/11\/23161609\/AFAP1-e1543000582303.jpg","type":"image\/jpeg"}],"author":"Coordena\u00e7\u00e3o","twitter_card":"summary_large_image","twitter_creator":"@EstratConcursos","twitter_site":"@EstratConcursos","twitter_misc":{"Escrito por":"Coordena\u00e7\u00e3o","Est. tempo de leitura":"4 minutos"},"schema":{"@context":"https:\/\/schema.org","@graph":[{"@type":"NewsArticle","@id":"https:\/\/www.estrategiaconcursos.com.br\/blog\/concurso-afap\/#article","isPartOf":{"@id":"https:\/\/www.estrategiaconcursos.com.br\/blog\/concurso-afap\/"},"author":{"name":"Coordena\u00e7\u00e3o","@id":"https:\/\/www.estrategiaconcursos.com.br\/blog\/#\/schema\/person\/b4a388c97673c5f483d72185668afa1f"},"headline":"Concurso AFAP: comiss\u00e3o formada para novo edital","datePublished":"2022-05-11T11:40:00+00:00","dateModified":"2022-05-11T14:15:43+00:00","mainEntityOfPage":{"@id":"https:\/\/www.estrategiaconcursos.com.br\/blog\/concurso-afap\/"},"wordCount":567,"commentCount":1,"publisher":{"@id":"https:\/\/www.estrategiaconcursos.com.br\/blog\/#organization"},"image":{"@id":"https:\/\/www.estrategiaconcursos.com.br\/blog\/concurso-afap\/#primaryimage"},"thumbnailUrl":"https:\/\/dhg1h5j42swfq.cloudfront.net\/2018\/11\/23161609\/AFAP1-e1543000582303.jpg","articleSection":["Executivo (Administrativa)"],"inLanguage":"pt-BR","potentialAction":[{"@type":"CommentAction","name":"Comment","target":["https:\/\/www.estrategiaconcursos.com.br\/blog\/concurso-afap\/#respond"]}],"copyrightYear":"2022","copyrightHolder":{"@id":"https:\/\/www.estrategiaconcursos.com.br\/blog\/#organization"}},{"@type":"WebPage","@id":"https:\/\/www.estrategiaconcursos.com.br\/blog\/concurso-afap\/","url":"https:\/\/www.estrategiaconcursos.com.br\/blog\/concurso-afap\/","name":"Concurso AFAP: comiss\u00e3o formada para novo edital","isPartOf":{"@id":"https:\/\/www.estrategiaconcursos.com.br\/blog\/#website"},"primaryImageOfPage":{"@id":"https:\/\/www.estrategiaconcursos.com.br\/blog\/concurso-afap\/#primaryimage"},"image":{"@id":"https:\/\/www.estrategiaconcursos.com.br\/blog\/concurso-afap\/#primaryimage"},"thumbnailUrl":"https:\/\/dhg1h5j42swfq.cloudfront.net\/2018\/11\/23161609\/AFAP1-e1543000582303.jpg","datePublished":"2022-05-11T11:40:00+00:00","dateModified":"2022-05-11T14:15:43+00:00","description":"Concurso AFAP: formada comiss\u00e3o organizadora respons\u00e1vel pelos trabalhos acerca do novo edital. Acesse e saiba mais aqui!","breadcrumb":{"@id":"https:\/\/www.estrategiaconcursos.com.br\/blog\/concurso-afap\/#breadcrumb"},"inLanguage":"pt-BR","potentialAction":[{"@type":"ReadAction","target":["https:\/\/www.estrategiaconcursos.com.br\/blog\/concurso-afap\/"]}]},{"@type":"ImageObject","inLanguage":"pt-BR","@id":"https:\/\/www.estrategiaconcursos.com.br\/blog\/concurso-afap\/#primaryimage","url":"https:\/\/dhg1h5j42swfq.cloudfront.net\/2018\/11\/23161609\/AFAP1-e1543000582303.jpg","contentUrl":"https:\/\/dhg1h5j42swfq.cloudfront.net\/2018\/11\/23161609\/AFAP1-e1543000582303.jpg","width":400,"height":209,"caption":"Concurso AFAP"},{"@type":"BreadcrumbList","@id":"https:\/\/www.estrategiaconcursos.com.br\/blog\/concurso-afap\/#breadcrumb","itemListElement":[{"@type":"ListItem","position":1,"name":"In\u00edcio","item":"https:\/\/www.estrategiaconcursos.com.br\/blog\/"},{"@type":"ListItem","position":2,"name":"Concurso AFAP: comiss\u00e3o formada para novo edital"}]},{"@type":"WebSite","@id":"https:\/\/www.estrategiaconcursos.com.br\/blog\/#website","url":"https:\/\/www.estrategiaconcursos.com.br\/blog\/","name":"Estrat\u00e9gia Concursos","description":"O blog da Estrat\u00e9gia Concursos traz not\u00edcias sobre concursos e artigos de professores oferecendo cursos para concursos (pdf + videaulas) no site.","publisher":{"@id":"https:\/\/www.estrategiaconcursos.com.br\/blog\/#organization"},"potentialAction":[{"@type":"SearchAction","target":{"@type":"EntryPoint","urlTemplate":"https:\/\/www.estrategiaconcursos.com.br\/blog\/?s={search_term_string}"},"query-input":{"@type":"PropertyValueSpecification","valueRequired":true,"valueName":"search_term_string"}}],"inLanguage":"pt-BR"},{"@type":"Organization","@id":"https:\/\/www.estrategiaconcursos.com.br\/blog\/#organization","name":"Estrat\u00e9gia Concursos","url":"https:\/\/www.estrategiaconcursos.com.br\/blog\/","logo":{"@type":"ImageObject","inLanguage":"pt-BR","@id":"https:\/\/www.estrategiaconcursos.com.br\/blog\/#\/schema\/logo\/image\/","url":"https:\/\/dhg1h5j42swfq.cloudfront.net\/2025\/06\/03203428\/logo_concursos-1.jpg","contentUrl":"https:\/\/dhg1h5j42swfq.cloudfront.net\/2025\/06\/03203428\/logo_concursos-1.jpg","width":230,"height":60,"caption":"Estrat\u00e9gia Concursos"},"image":{"@id":"https:\/\/www.estrategiaconcursos.com.br\/blog\/#\/schema\/logo\/image\/"},"sameAs":["https:\/\/x.com\/EstratConcursos"]},{"@type":"Person","@id":"https:\/\/www.estrategiaconcursos.com.br\/blog\/#\/schema\/person\/b4a388c97673c5f483d72185668afa1f","name":"Coordena\u00e7\u00e3o","image":{"@type":"ImageObject","inLanguage":"pt-BR","@id":"https:\/\/secure.gravatar.com\/avatar\/b720319e4c9a967eb58678d110f4fe35452fc5d5f97b202bac7b8acceb18c6ad?s=96&d=mm&r=g","url":"https:\/\/secure.gravatar.com\/avatar\/b720319e4c9a967eb58678d110f4fe35452fc5d5f97b202bac7b8acceb18c6ad?s=96&d=mm&r=g","contentUrl":"https:\/\/secure.gravatar.com\/avatar\/b720319e4c9a967eb58678d110f4fe35452fc5d5f97b202bac7b8acceb18c6ad?s=96&d=mm&r=g","caption":"Coordena\u00e7\u00e3o"},"sameAs":["https:\/\/www.facebook.com\/EstrategiaConcursos","https:\/\/x.com\/EstratConcursos"],"url":"https:\/\/www.estrategiaconcursos.com.br\/blog\/author\/estrategia2013\/"}]}},"_links":{"self":[{"href":"https:\/\/www.estrategiaconcursos.com.br\/blog\/wp-json\/wp\/v2\/posts\/150950","targetHints":{"allow":["GET"]}}],"collection":[{"href":"https:\/\/www.estrategiaconcursos.com.br\/blog\/wp-json\/wp\/v2\/posts"}],"about":[{"href":"https:\/\/www.estrategiaconcursos.com.br\/blog\/wp-json\/wp\/v2\/types\/post"}],"author":[{"embeddable":true,"href":"https:\/\/www.estrategiaconcursos.com.br\/blog\/wp-json\/wp\/v2\/users\/1"}],"replies":[{"embeddable":true,"href":"https:\/\/www.estrategiaconcursos.com.br\/blog\/wp-json\/wp\/v2\/comments?post=150950"}],"version-history":[{"count":30,"href":"https:\/\/www.estrategiaconcursos.com.br\/blog\/wp-json\/wp\/v2\/posts\/150950\/revisions"}],"predecessor-version":[{"id":1025988,"href":"https:\/\/www.estrategiaconcursos.com.br\/blog\/wp-json\/wp\/v2\/posts\/150950\/revisions\/1025988"}],"wp:featuredmedia":[{"embeddable":true,"href":"https:\/\/www.estrategiaconcursos.com.br\/blog\/wp-json\/wp\/v2\/media\/152514"}],"wp:attachment":[{"href":"https:\/\/www.estrategiaconcursos.com.br\/blog\/wp-json\/wp\/v2\/media?parent=150950"}],"wp:term":[{"taxonomy":"category","embeddable":true,"href":"https:\/\/www.estrategiaconcursos.com.br\/blog\/wp-json\/wp\/v2\/categories?post=150950"},{"taxonomy":"post_tag","embeddable":true,"href":"https:\/\/www.estrategiaconcursos.com.br\/blog\/wp-json\/wp\/v2\/tags?post=150950"},{"taxonomy":"tax_estado","embeddable":true,"href":"https:\/\/www.estrategiaconcursos.com.br\/blog\/wp-json\/wp\/v2\/tax_estado?post=150950"}],"curies":[{"name":"wp","href":"https:\/\/api.w.org\/{rel}","templated":true}]}}