{"id":1499594,"date":"2024-12-04T10:35:41","date_gmt":"2024-12-04T13:35:41","guid":{"rendered":"https:\/\/www.estrategiaconcursos.com.br\/blog\/?p=1499594"},"modified":"2024-12-04T10:35:44","modified_gmt":"2024-12-04T13:35:44","slug":"concurso-guarda-niteroi-atribuicoes-de-um-gcm","status":"publish","type":"post","link":"https:\/\/www.estrategiaconcursos.com.br\/blog\/concurso-guarda-niteroi-atribuicoes-de-um-gcm\/","title":{"rendered":"Concurso Guarda de Niter\u00f3i: veja as atribui\u00e7\u00f5es de um GCM!"},"content":{"rendered":"\n<p>Voc\u00ea que pensa em participar do novo <strong>concurso Guarda de Niter\u00f3i<\/strong>, cujo edital oferta <strong>209 vagas imediatas<\/strong> e para forma\u00e7\u00e3o de cadastro de reserva, j\u00e1 conferiu as atribui\u00e7\u00f5es do cargo? <\/p>\n\n\n\n<p>As oportunidades s\u00e3o para candidatos de n\u00edvel m\u00e9dio e com idade m\u00ednima de 18 anos, sendo que a jornada de trabalho ser\u00e1 de 12&#215;36 horas, 24&#215;72 horas ou 40 horas semanais. O sal\u00e1rio inicial \u00e9 de R$ 4.858,28.<\/p>\n\n\n\n<h3 class=\"wp-block-heading\" id=\"h-quais-sao-as-atribuicoes-de-um-profissional-aprovado-no-concurso-guarda-de-niteroi\">Quais s\u00e3o as atribui\u00e7\u00f5es de um profissional aprovado no concurso Guarda de Niter\u00f3i?<\/h3>\n\n\n\n<p>De acordo com o edital de abertura da sele\u00e7\u00e3o, compete ao futuro Guarda Civil Municipal de Niter\u00f3i:<\/p>\n\n\n\n<p>I \u2013 coordenar, organizar e orientar o tr\u00e2nsito de ve\u00edculos e pedestres em todo o territ\u00f3rio Municipal em conjunto com a Niter\u00f3i Transporte e Tr\u00e2nsito S\/A (NITTRANS);<br \/>II \u2013 desenvolver a\u00e7\u00f5es conjuntas de fiscaliza\u00e7\u00e3o urbana e ambiental, com os \u00f3rg\u00e3os municipais, estaduais e federais, respectivamente, no que se refere \u00e0 prote\u00e7\u00e3o dos recursos ambientais naturais, em cumprimento aos dispositivos legais vigentes;<br \/>III \u2013 aplicar, na \u00e1rea de sua compet\u00eancia, as puni\u00e7\u00f5es cab\u00edveis aos infratores das leis, normas e regulamentos em vigor, e limitar e disciplinar em favor de interesses p\u00fablicos adequados, direitos individuais;<br \/>IV \u2013 a prote\u00e7\u00e3o do Pa\u00e7o Municipal;<br \/>V \u2013 a prote\u00e7\u00e3o dos pr\u00f3prios municipais;<br \/>VI \u2013 a prote\u00e7\u00e3o das instala\u00e7\u00f5es dos servi\u00e7os municipais;<br \/>VII \u2013 a vigil\u00e2ncia de logradouros p\u00fablicos;<br \/>VIII \u2013 a preserva\u00e7\u00e3o da moralidade e do sossego p\u00fablico;<br \/>IX \u2013 a prote\u00e7\u00e3o da arboriza\u00e7\u00e3o das pra\u00e7as e jardins, da rede de ilumina\u00e7\u00e3o, de monumentos e de outros bens p\u00fablicos;<br \/>X \u2013 a colabora\u00e7\u00e3o com os demais \u00f3rg\u00e3os municipais no exerc\u00edcio do Poder de Pol\u00edcia administrativa que lhes competir;<br \/>XI \u2013 a colabora\u00e7\u00e3o com as autoridades federais e estaduais, sempre que solicitada, de acordo com as diretrizes expedidas pelo \u00d3rg\u00e3o Municipal de Seguran\u00e7a.<\/p>\n\n\n\n<p>E a\u00ed, interessou? Ent\u00e3o inscreva-se <strong>at\u00e9 o dia 9 de janeiro<\/strong>, no <a href=\"https:\/\/selecon.selecao.net.br\/informacoes\/52\/\" target=\"_blank\" rel=\"noreferrer noopener\">site da banca organizadora<\/a>, Instituto Selecon, ao custo de R$ 90,00. <\/p>\n\n\n\n<p>Para mais informa\u00e7\u00f5es do concurso Guarda de Niter\u00f3i, acesse o link abaixo!<\/p>\n\n\n\n<p class=\"has-text-align-center has-cyan-bluish-gray-background-color has-background has-medium-font-size\"><strong><a href=\"https:\/\/www.estrategiaconcursos.com.br\/blog\/concurso-guarda-de-niteroi\/\" target=\"_blank\" rel=\"noreferrer noopener\">Concurso GCM NIter\u00f3i<\/a><\/strong><\/p>\n\n\n\n<h2 class=\"wp-block-heading has-text-align-center\" id=\"h-quer-saber-tudo-sobre-concursos-previstos-confira-nossos-artigos\">Quer saber tudo sobre concursos previstos?<br \/>Confira nossos artigos!<\/h2>\n\n\n\n<ul class=\"wp-block-list\">\n<li><a href=\"https:\/\/www.estrategiaconcursos.com.br\/blog\/concursos-guarda-municipal\/\" target=\"_blank\" rel=\"noreferrer noopener\">Concursos Guarda Municipal<\/a><\/li>\n\n\n\n<li><a href=\"https:\/\/www.estrategiaconcursos.com.br\/blog\/concursos-de-policia\/\" target=\"_blank\" rel=\"noreferrer noopener\">Concursos Policiais<\/a><\/li>\n\n\n\n<li><a href=\"https:\/\/www.estrategiaconcursos.com.br\/blog\/concursos-abertos\/\" target=\"_blank\" rel=\"noreferrer noopener\">Concursos Abertos<\/a><\/li>\n\n\n\n<li><a href=\"https:\/\/www.estrategiaconcursos.com.br\/blog\/concursos-2025\/\" target=\"_blank\" rel=\"noreferrer noopener\">Concursos 2025<\/a><\/li>\n<\/ul>\n\n\n\n<h2 class=\"wp-block-heading has-text-align-center\" id=\"curso\">Quer estudar para o concurso Guarda de Niter\u00f3i?<\/h2>\n\n\n\n<div class=\"container\" id=\"boxes\">\n  <div class=\"row\">\n\n    <div class=\"col-sm\">\n      <div class=\"banner-guarda-gcm\" id=\"box-assinatura\">\n        <h3 class=\"titulo-assinatura\">Concurso GCM Niter\u00f3i<\/h3>\n        <p class=\"subtitulo-assinatura\">Conhe\u00e7a os cursos<\/p>\n        <div class=\"box-botao\">\n          <a class=\"btn-assinatura\" target=\"_blank\" href=\"https:\/\/estrategiaconcursos.com.br\/cursosPorConcurso\/prefeitura-de-niteroi-guarda-municipal\/\" role=\"button\" rel=\"noopener noreferrer\">Conhe\u00e7a mais<\/a>\n        <\/div>\n      <\/div>\n     \n    <\/div>\n\n  <\/div>\n<\/div>\n\n\n\n<div class=\"container\" id=\"boxes\">\n  <div class=\"row\">\n\n    <div class=\"col-sm\">\n      <div class=\"estrategia\" id=\"box-assinatura\">\n        <h3 class=\"titulo-assinatura\">Assinatura Concursos<\/h3>\n        <p class=\"subtitulo-assinatura\">Assinatura de 1 ano ou 2 anos<\/p>\n        <div class=\"box-botao\">\n          <a class=\"btn-assinatura\" target=\"_blank\" href=\"https:\/\/www.estrategiaconcursos.com.br\/assinaturas\/\" role=\"button\" rel=\"noopener noreferrer\">ASSINE AGORA<\/a>\n        <\/div>\n      <\/div>\n     \n    <\/div><\/div><\/div>\n\n\n\n<p><\/p>\n","protected":false},"excerpt":{"rendered":"<p>Voc\u00ea que pensa em participar do novo concurso Guarda de Niter\u00f3i, cujo edital oferta 209 vagas imediatas e para forma\u00e7\u00e3o de cadastro de reserva, j\u00e1 conferiu as atribui\u00e7\u00f5es do cargo? As oportunidades s\u00e3o para candidatos de n\u00edvel m\u00e9dio e com idade m\u00ednima de 18 anos, sendo que a jornada de trabalho ser\u00e1 de 12&#215;36 horas, [&hellip;]<\/p>\n","protected":false},"author":1483,"featured_media":1488176,"comment_status":"open","ping_status":"closed","sticky":false,"template":"","format":"standard","meta":{"post_tipo":"news","footnotes":""},"categories":[220189,220219],"tags":[],"tax_estado":[219982],"class_list":["post-1499594","post","type-post","status-publish","format-standard","has-post-thumbnail","hentry","category-policial-guarda-civis","category-noticias","tax_estado-rj"],"acf":[],"yoast_head":"<!-- This site is optimized with the Yoast SEO Premium plugin v27.2 (Yoast SEO v27.2) - https:\/\/yoast.com\/product\/yoast-seo-premium-wordpress\/ -->\n<title>Concurso Guarda de Niter\u00f3i: veja as atribui\u00e7\u00f5es de um GCM!<\/title>\n<meta name=\"description\" content=\"Descubra as atribui\u00e7\u00f5es do cargo de Guarda de Niter\u00f3i no novo concurso. Vagas para candidatos de n\u00edvel m\u00e9dio e sal\u00e1rio competitivo.\" \/>\n<meta name=\"robots\" content=\"index, follow, max-snippet:-1, max-image-preview:large, max-video-preview:-1\" \/>\n<link rel=\"canonical\" href=\"https:\/\/www.estrategiaconcursos.com.br\/blog\/concurso-guarda-niteroi-atribuicoes-de-um-gcm\/\" \/>\n<meta property=\"og:locale\" content=\"pt_BR\" \/>\n<meta property=\"og:type\" content=\"article\" \/>\n<meta property=\"og:title\" content=\"Concurso Guarda de Niter\u00f3i: veja as atribui\u00e7\u00f5es de um GCM!\" \/>\n<meta property=\"og:description\" content=\"Descubra as atribui\u00e7\u00f5es do cargo de Guarda de Niter\u00f3i no novo concurso. Vagas para candidatos de n\u00edvel m\u00e9dio e sal\u00e1rio competitivo.\" \/>\n<meta property=\"og:url\" content=\"https:\/\/www.estrategiaconcursos.com.br\/blog\/concurso-guarda-niteroi-atribuicoes-de-um-gcm\/\" \/>\n<meta property=\"og:site_name\" content=\"Estrat\u00e9gia Concursos\" \/>\n<meta property=\"article:published_time\" content=\"2024-12-04T13:35:41+00:00\" \/>\n<meta property=\"article:modified_time\" content=\"2024-12-04T13:35:44+00:00\" \/>\n<meta property=\"og:image\" content=\"https:\/\/dhg1h5j42swfq.cloudfront.net\/2024\/11\/08130037\/guarda-de-niteroi-rj.jpg\" \/>\n\t<meta property=\"og:image:width\" content=\"768\" \/>\n\t<meta property=\"og:image:height\" content=\"432\" \/>\n\t<meta property=\"og:image:type\" content=\"image\/jpeg\" \/>\n<meta name=\"author\" content=\"Diogo Mendes\" \/>\n<meta name=\"twitter:card\" content=\"summary_large_image\" \/>\n<meta name=\"twitter:creator\" content=\"@EstratConcursos\" \/>\n<meta name=\"twitter:site\" content=\"@EstratConcursos\" \/>\n<meta name=\"twitter:label1\" content=\"Escrito por\" \/>\n\t<meta name=\"twitter:data1\" content=\"Diogo Mendes\" \/>\n\t<meta name=\"twitter:label2\" content=\"Est. tempo de leitura\" \/>\n\t<meta name=\"twitter:data2\" content=\"2 minutos\" \/>\n<script type=\"application\/ld+json\" class=\"yoast-schema-graph\">{\"@context\":\"https:\/\/schema.org\",\"@graph\":[{\"@type\":\"NewsArticle\",\"@id\":\"https:\/\/www.estrategiaconcursos.com.br\/blog\/concurso-guarda-niteroi-atribuicoes-de-um-gcm\/#article\",\"isPartOf\":{\"@id\":\"https:\/\/www.estrategiaconcursos.com.br\/blog\/concurso-guarda-niteroi-atribuicoes-de-um-gcm\/\"},\"author\":{\"name\":\"Diogo Mendes\",\"@id\":\"https:\/\/www.estrategiaconcursos.com.br\/blog\/#\/schema\/person\/cc9e76173880338ce9f656c88664a1f6\"},\"headline\":\"Concurso Guarda de Niter\u00f3i: veja as atribui\u00e7\u00f5es de um GCM!\",\"datePublished\":\"2024-12-04T13:35:41+00:00\",\"dateModified\":\"2024-12-04T13:35:44+00:00\",\"mainEntityOfPage\":{\"@id\":\"https:\/\/www.estrategiaconcursos.com.br\/blog\/concurso-guarda-niteroi-atribuicoes-de-um-gcm\/\"},\"wordCount\":426,\"commentCount\":0,\"publisher\":{\"@id\":\"https:\/\/www.estrategiaconcursos.com.br\/blog\/#organization\"},\"image\":{\"@id\":\"https:\/\/www.estrategiaconcursos.com.br\/blog\/concurso-guarda-niteroi-atribuicoes-de-um-gcm\/#primaryimage\"},\"thumbnailUrl\":\"https:\/\/dhg1h5j42swfq.cloudfront.net\/2024\/11\/08130037\/guarda-de-niteroi-rj.jpg\",\"articleSection\":[\"Policial (Guardas Civis)\",\"\u00daltimas not\u00edcias\"],\"inLanguage\":\"pt-BR\",\"potentialAction\":[{\"@type\":\"CommentAction\",\"name\":\"Comment\",\"target\":[\"https:\/\/www.estrategiaconcursos.com.br\/blog\/concurso-guarda-niteroi-atribuicoes-de-um-gcm\/#respond\"]}],\"copyrightYear\":\"2024\",\"copyrightHolder\":{\"@id\":\"https:\/\/www.estrategiaconcursos.com.br\/blog\/#organization\"}},{\"@type\":\"WebPage\",\"@id\":\"https:\/\/www.estrategiaconcursos.com.br\/blog\/concurso-guarda-niteroi-atribuicoes-de-um-gcm\/\",\"url\":\"https:\/\/www.estrategiaconcursos.com.br\/blog\/concurso-guarda-niteroi-atribuicoes-de-um-gcm\/\",\"name\":\"Concurso Guarda de Niter\u00f3i: veja as atribui\u00e7\u00f5es de um GCM!\",\"isPartOf\":{\"@id\":\"https:\/\/www.estrategiaconcursos.com.br\/blog\/#website\"},\"primaryImageOfPage\":{\"@id\":\"https:\/\/www.estrategiaconcursos.com.br\/blog\/concurso-guarda-niteroi-atribuicoes-de-um-gcm\/#primaryimage\"},\"image\":{\"@id\":\"https:\/\/www.estrategiaconcursos.com.br\/blog\/concurso-guarda-niteroi-atribuicoes-de-um-gcm\/#primaryimage\"},\"thumbnailUrl\":\"https:\/\/dhg1h5j42swfq.cloudfront.net\/2024\/11\/08130037\/guarda-de-niteroi-rj.jpg\",\"datePublished\":\"2024-12-04T13:35:41+00:00\",\"dateModified\":\"2024-12-04T13:35:44+00:00\",\"description\":\"Descubra as atribui\u00e7\u00f5es do cargo de Guarda de Niter\u00f3i no novo concurso. Vagas para candidatos de n\u00edvel m\u00e9dio e sal\u00e1rio competitivo.\",\"breadcrumb\":{\"@id\":\"https:\/\/www.estrategiaconcursos.com.br\/blog\/concurso-guarda-niteroi-atribuicoes-de-um-gcm\/#breadcrumb\"},\"inLanguage\":\"pt-BR\",\"potentialAction\":[{\"@type\":\"ReadAction\",\"target\":[\"https:\/\/www.estrategiaconcursos.com.br\/blog\/concurso-guarda-niteroi-atribuicoes-de-um-gcm\/\"]}]},{\"@type\":\"ImageObject\",\"inLanguage\":\"pt-BR\",\"@id\":\"https:\/\/www.estrategiaconcursos.com.br\/blog\/concurso-guarda-niteroi-atribuicoes-de-um-gcm\/#primaryimage\",\"url\":\"https:\/\/dhg1h5j42swfq.cloudfront.net\/2024\/11\/08130037\/guarda-de-niteroi-rj.jpg\",\"contentUrl\":\"https:\/\/dhg1h5j42swfq.cloudfront.net\/2024\/11\/08130037\/guarda-de-niteroi-rj.jpg\",\"width\":768,\"height\":432,\"caption\":\"concurso Guarda de Nitero\u0301i RJ\"},{\"@type\":\"BreadcrumbList\",\"@id\":\"https:\/\/www.estrategiaconcursos.com.br\/blog\/concurso-guarda-niteroi-atribuicoes-de-um-gcm\/#breadcrumb\",\"itemListElement\":[{\"@type\":\"ListItem\",\"position\":1,\"name\":\"In\u00edcio\",\"item\":\"https:\/\/www.estrategiaconcursos.com.br\/blog\/\"},{\"@type\":\"ListItem\",\"position\":2,\"name\":\"Concurso Guarda de Niter\u00f3i: veja as atribui\u00e7\u00f5es de um GCM!\"}]},{\"@type\":\"WebSite\",\"@id\":\"https:\/\/www.estrategiaconcursos.com.br\/blog\/#website\",\"url\":\"https:\/\/www.estrategiaconcursos.com.br\/blog\/\",\"name\":\"Estrat\u00e9gia Concursos\",\"description\":\"O blog da Estrat\u00e9gia Concursos traz not\u00edcias sobre concursos e artigos de professores oferecendo cursos para concursos (pdf + videaulas) no site.\",\"publisher\":{\"@id\":\"https:\/\/www.estrategiaconcursos.com.br\/blog\/#organization\"},\"potentialAction\":[{\"@type\":\"SearchAction\",\"target\":{\"@type\":\"EntryPoint\",\"urlTemplate\":\"https:\/\/www.estrategiaconcursos.com.br\/blog\/?s={search_term_string}\"},\"query-input\":{\"@type\":\"PropertyValueSpecification\",\"valueRequired\":true,\"valueName\":\"search_term_string\"}}],\"inLanguage\":\"pt-BR\"},{\"@type\":\"Organization\",\"@id\":\"https:\/\/www.estrategiaconcursos.com.br\/blog\/#organization\",\"name\":\"Estrat\u00e9gia Concursos\",\"url\":\"https:\/\/www.estrategiaconcursos.com.br\/blog\/\",\"logo\":{\"@type\":\"ImageObject\",\"inLanguage\":\"pt-BR\",\"@id\":\"https:\/\/www.estrategiaconcursos.com.br\/blog\/#\/schema\/logo\/image\/\",\"url\":\"https:\/\/dhg1h5j42swfq.cloudfront.net\/2025\/06\/03203428\/logo_concursos-1.jpg\",\"contentUrl\":\"https:\/\/dhg1h5j42swfq.cloudfront.net\/2025\/06\/03203428\/logo_concursos-1.jpg\",\"width\":230,\"height\":60,\"caption\":\"Estrat\u00e9gia Concursos\"},\"image\":{\"@id\":\"https:\/\/www.estrategiaconcursos.com.br\/blog\/#\/schema\/logo\/image\/\"},\"sameAs\":[\"https:\/\/x.com\/EstratConcursos\"]},{\"@type\":\"Person\",\"@id\":\"https:\/\/www.estrategiaconcursos.com.br\/blog\/#\/schema\/person\/cc9e76173880338ce9f656c88664a1f6\",\"name\":\"Diogo Mendes\",\"image\":{\"@type\":\"ImageObject\",\"inLanguage\":\"pt-BR\",\"@id\":\"https:\/\/secure.gravatar.com\/avatar\/9754d6777d460a45ef4067b586b94c32005cc2345a0404b8d96adc620cf63806?s=96&d=mm&r=g\",\"url\":\"https:\/\/secure.gravatar.com\/avatar\/9754d6777d460a45ef4067b586b94c32005cc2345a0404b8d96adc620cf63806?s=96&d=mm&r=g\",\"contentUrl\":\"https:\/\/secure.gravatar.com\/avatar\/9754d6777d460a45ef4067b586b94c32005cc2345a0404b8d96adc620cf63806?s=96&d=mm&r=g\",\"caption\":\"Diogo Mendes\"},\"description\":\"Diogo Mendes \u00e9 jornalista formado pela Universidade Paulista, com experi\u00eancia em reda\u00e7\u00f5es de diversos ve\u00edculos e na produ\u00e7\u00e3o de conte\u00fados especializados em concursos p\u00fablicos. Desde 2019, atua no Estrat\u00e9gia Concursos como Jornalista e Analista de Conte\u00fado, com foco na apura\u00e7\u00e3o de informa\u00e7\u00f5es junto a \u00f3rg\u00e3os e fontes oficiais. Dedica-se especialmente \u00e0 produ\u00e7\u00e3o de not\u00edcias e reportagens sobre Concursos Legislativos, al\u00e9m de acompanhar diariamente os concursos policiais, banc\u00e1rios e da \u00e1rea da sa\u00fade.\",\"url\":\"https:\/\/www.estrategiaconcursos.com.br\/blog\/author\/diogo-mendesestrategiaconcursos-com-br\/\"}]}<\/script>\n<!-- \/ Yoast SEO Premium plugin. -->","yoast_head_json":{"title":"Concurso Guarda de Niter\u00f3i: veja as atribui\u00e7\u00f5es de um GCM!","description":"Descubra as atribui\u00e7\u00f5es do cargo de Guarda de Niter\u00f3i no novo concurso. Vagas para candidatos de n\u00edvel m\u00e9dio e sal\u00e1rio competitivo.","robots":{"index":"index","follow":"follow","max-snippet":"max-snippet:-1","max-image-preview":"max-image-preview:large","max-video-preview":"max-video-preview:-1"},"canonical":"https:\/\/www.estrategiaconcursos.com.br\/blog\/concurso-guarda-niteroi-atribuicoes-de-um-gcm\/","og_locale":"pt_BR","og_type":"article","og_title":"Concurso Guarda de Niter\u00f3i: veja as atribui\u00e7\u00f5es de um GCM!","og_description":"Descubra as atribui\u00e7\u00f5es do cargo de Guarda de Niter\u00f3i no novo concurso. Vagas para candidatos de n\u00edvel m\u00e9dio e sal\u00e1rio competitivo.","og_url":"https:\/\/www.estrategiaconcursos.com.br\/blog\/concurso-guarda-niteroi-atribuicoes-de-um-gcm\/","og_site_name":"Estrat\u00e9gia Concursos","article_published_time":"2024-12-04T13:35:41+00:00","article_modified_time":"2024-12-04T13:35:44+00:00","og_image":[{"width":768,"height":432,"url":"https:\/\/dhg1h5j42swfq.cloudfront.net\/2024\/11\/08130037\/guarda-de-niteroi-rj.jpg","type":"image\/jpeg"}],"author":"Diogo Mendes","twitter_card":"summary_large_image","twitter_creator":"@EstratConcursos","twitter_site":"@EstratConcursos","twitter_misc":{"Escrito por":"Diogo Mendes","Est. tempo de leitura":"2 minutos"},"schema":{"@context":"https:\/\/schema.org","@graph":[{"@type":"NewsArticle","@id":"https:\/\/www.estrategiaconcursos.com.br\/blog\/concurso-guarda-niteroi-atribuicoes-de-um-gcm\/#article","isPartOf":{"@id":"https:\/\/www.estrategiaconcursos.com.br\/blog\/concurso-guarda-niteroi-atribuicoes-de-um-gcm\/"},"author":{"name":"Diogo Mendes","@id":"https:\/\/www.estrategiaconcursos.com.br\/blog\/#\/schema\/person\/cc9e76173880338ce9f656c88664a1f6"},"headline":"Concurso Guarda de Niter\u00f3i: veja as atribui\u00e7\u00f5es de um GCM!","datePublished":"2024-12-04T13:35:41+00:00","dateModified":"2024-12-04T13:35:44+00:00","mainEntityOfPage":{"@id":"https:\/\/www.estrategiaconcursos.com.br\/blog\/concurso-guarda-niteroi-atribuicoes-de-um-gcm\/"},"wordCount":426,"commentCount":0,"publisher":{"@id":"https:\/\/www.estrategiaconcursos.com.br\/blog\/#organization"},"image":{"@id":"https:\/\/www.estrategiaconcursos.com.br\/blog\/concurso-guarda-niteroi-atribuicoes-de-um-gcm\/#primaryimage"},"thumbnailUrl":"https:\/\/dhg1h5j42swfq.cloudfront.net\/2024\/11\/08130037\/guarda-de-niteroi-rj.jpg","articleSection":["Policial (Guardas Civis)","\u00daltimas not\u00edcias"],"inLanguage":"pt-BR","potentialAction":[{"@type":"CommentAction","name":"Comment","target":["https:\/\/www.estrategiaconcursos.com.br\/blog\/concurso-guarda-niteroi-atribuicoes-de-um-gcm\/#respond"]}],"copyrightYear":"2024","copyrightHolder":{"@id":"https:\/\/www.estrategiaconcursos.com.br\/blog\/#organization"}},{"@type":"WebPage","@id":"https:\/\/www.estrategiaconcursos.com.br\/blog\/concurso-guarda-niteroi-atribuicoes-de-um-gcm\/","url":"https:\/\/www.estrategiaconcursos.com.br\/blog\/concurso-guarda-niteroi-atribuicoes-de-um-gcm\/","name":"Concurso Guarda de Niter\u00f3i: veja as atribui\u00e7\u00f5es de um GCM!","isPartOf":{"@id":"https:\/\/www.estrategiaconcursos.com.br\/blog\/#website"},"primaryImageOfPage":{"@id":"https:\/\/www.estrategiaconcursos.com.br\/blog\/concurso-guarda-niteroi-atribuicoes-de-um-gcm\/#primaryimage"},"image":{"@id":"https:\/\/www.estrategiaconcursos.com.br\/blog\/concurso-guarda-niteroi-atribuicoes-de-um-gcm\/#primaryimage"},"thumbnailUrl":"https:\/\/dhg1h5j42swfq.cloudfront.net\/2024\/11\/08130037\/guarda-de-niteroi-rj.jpg","datePublished":"2024-12-04T13:35:41+00:00","dateModified":"2024-12-04T13:35:44+00:00","description":"Descubra as atribui\u00e7\u00f5es do cargo de Guarda de Niter\u00f3i no novo concurso. Vagas para candidatos de n\u00edvel m\u00e9dio e sal\u00e1rio competitivo.","breadcrumb":{"@id":"https:\/\/www.estrategiaconcursos.com.br\/blog\/concurso-guarda-niteroi-atribuicoes-de-um-gcm\/#breadcrumb"},"inLanguage":"pt-BR","potentialAction":[{"@type":"ReadAction","target":["https:\/\/www.estrategiaconcursos.com.br\/blog\/concurso-guarda-niteroi-atribuicoes-de-um-gcm\/"]}]},{"@type":"ImageObject","inLanguage":"pt-BR","@id":"https:\/\/www.estrategiaconcursos.com.br\/blog\/concurso-guarda-niteroi-atribuicoes-de-um-gcm\/#primaryimage","url":"https:\/\/dhg1h5j42swfq.cloudfront.net\/2024\/11\/08130037\/guarda-de-niteroi-rj.jpg","contentUrl":"https:\/\/dhg1h5j42swfq.cloudfront.net\/2024\/11\/08130037\/guarda-de-niteroi-rj.jpg","width":768,"height":432,"caption":"concurso Guarda de Nitero\u0301i RJ"},{"@type":"BreadcrumbList","@id":"https:\/\/www.estrategiaconcursos.com.br\/blog\/concurso-guarda-niteroi-atribuicoes-de-um-gcm\/#breadcrumb","itemListElement":[{"@type":"ListItem","position":1,"name":"In\u00edcio","item":"https:\/\/www.estrategiaconcursos.com.br\/blog\/"},{"@type":"ListItem","position":2,"name":"Concurso Guarda de Niter\u00f3i: veja as atribui\u00e7\u00f5es de um GCM!"}]},{"@type":"WebSite","@id":"https:\/\/www.estrategiaconcursos.com.br\/blog\/#website","url":"https:\/\/www.estrategiaconcursos.com.br\/blog\/","name":"Estrat\u00e9gia Concursos","description":"O blog da Estrat\u00e9gia Concursos traz not\u00edcias sobre concursos e artigos de professores oferecendo cursos para concursos (pdf + videaulas) no site.","publisher":{"@id":"https:\/\/www.estrategiaconcursos.com.br\/blog\/#organization"},"potentialAction":[{"@type":"SearchAction","target":{"@type":"EntryPoint","urlTemplate":"https:\/\/www.estrategiaconcursos.com.br\/blog\/?s={search_term_string}"},"query-input":{"@type":"PropertyValueSpecification","valueRequired":true,"valueName":"search_term_string"}}],"inLanguage":"pt-BR"},{"@type":"Organization","@id":"https:\/\/www.estrategiaconcursos.com.br\/blog\/#organization","name":"Estrat\u00e9gia Concursos","url":"https:\/\/www.estrategiaconcursos.com.br\/blog\/","logo":{"@type":"ImageObject","inLanguage":"pt-BR","@id":"https:\/\/www.estrategiaconcursos.com.br\/blog\/#\/schema\/logo\/image\/","url":"https:\/\/dhg1h5j42swfq.cloudfront.net\/2025\/06\/03203428\/logo_concursos-1.jpg","contentUrl":"https:\/\/dhg1h5j42swfq.cloudfront.net\/2025\/06\/03203428\/logo_concursos-1.jpg","width":230,"height":60,"caption":"Estrat\u00e9gia Concursos"},"image":{"@id":"https:\/\/www.estrategiaconcursos.com.br\/blog\/#\/schema\/logo\/image\/"},"sameAs":["https:\/\/x.com\/EstratConcursos"]},{"@type":"Person","@id":"https:\/\/www.estrategiaconcursos.com.br\/blog\/#\/schema\/person\/cc9e76173880338ce9f656c88664a1f6","name":"Diogo Mendes","image":{"@type":"ImageObject","inLanguage":"pt-BR","@id":"https:\/\/secure.gravatar.com\/avatar\/9754d6777d460a45ef4067b586b94c32005cc2345a0404b8d96adc620cf63806?s=96&d=mm&r=g","url":"https:\/\/secure.gravatar.com\/avatar\/9754d6777d460a45ef4067b586b94c32005cc2345a0404b8d96adc620cf63806?s=96&d=mm&r=g","contentUrl":"https:\/\/secure.gravatar.com\/avatar\/9754d6777d460a45ef4067b586b94c32005cc2345a0404b8d96adc620cf63806?s=96&d=mm&r=g","caption":"Diogo Mendes"},"description":"Diogo Mendes \u00e9 jornalista formado pela Universidade Paulista, com experi\u00eancia em reda\u00e7\u00f5es de diversos ve\u00edculos e na produ\u00e7\u00e3o de conte\u00fados especializados em concursos p\u00fablicos. Desde 2019, atua no Estrat\u00e9gia Concursos como Jornalista e Analista de Conte\u00fado, com foco na apura\u00e7\u00e3o de informa\u00e7\u00f5es junto a \u00f3rg\u00e3os e fontes oficiais. Dedica-se especialmente \u00e0 produ\u00e7\u00e3o de not\u00edcias e reportagens sobre Concursos Legislativos, al\u00e9m de acompanhar diariamente os concursos policiais, banc\u00e1rios e da \u00e1rea da sa\u00fade.","url":"https:\/\/www.estrategiaconcursos.com.br\/blog\/author\/diogo-mendesestrategiaconcursos-com-br\/"}]}},"_links":{"self":[{"href":"https:\/\/www.estrategiaconcursos.com.br\/blog\/wp-json\/wp\/v2\/posts\/1499594","targetHints":{"allow":["GET"]}}],"collection":[{"href":"https:\/\/www.estrategiaconcursos.com.br\/blog\/wp-json\/wp\/v2\/posts"}],"about":[{"href":"https:\/\/www.estrategiaconcursos.com.br\/blog\/wp-json\/wp\/v2\/types\/post"}],"author":[{"embeddable":true,"href":"https:\/\/www.estrategiaconcursos.com.br\/blog\/wp-json\/wp\/v2\/users\/1483"}],"replies":[{"embeddable":true,"href":"https:\/\/www.estrategiaconcursos.com.br\/blog\/wp-json\/wp\/v2\/comments?post=1499594"}],"version-history":[{"count":3,"href":"https:\/\/www.estrategiaconcursos.com.br\/blog\/wp-json\/wp\/v2\/posts\/1499594\/revisions"}],"predecessor-version":[{"id":1499623,"href":"https:\/\/www.estrategiaconcursos.com.br\/blog\/wp-json\/wp\/v2\/posts\/1499594\/revisions\/1499623"}],"wp:featuredmedia":[{"embeddable":true,"href":"https:\/\/www.estrategiaconcursos.com.br\/blog\/wp-json\/wp\/v2\/media\/1488176"}],"wp:attachment":[{"href":"https:\/\/www.estrategiaconcursos.com.br\/blog\/wp-json\/wp\/v2\/media?parent=1499594"}],"wp:term":[{"taxonomy":"category","embeddable":true,"href":"https:\/\/www.estrategiaconcursos.com.br\/blog\/wp-json\/wp\/v2\/categories?post=1499594"},{"taxonomy":"post_tag","embeddable":true,"href":"https:\/\/www.estrategiaconcursos.com.br\/blog\/wp-json\/wp\/v2\/tags?post=1499594"},{"taxonomy":"tax_estado","embeddable":true,"href":"https:\/\/www.estrategiaconcursos.com.br\/blog\/wp-json\/wp\/v2\/tax_estado?post=1499594"}],"curies":[{"name":"wp","href":"https:\/\/api.w.org\/{rel}","templated":true}]}}