{"id":1496914,"date":"2026-01-08T13:44:35","date_gmt":"2026-01-08T16:44:35","guid":{"rendered":"https:\/\/www.estrategiaconcursos.com.br\/blog\/?p=1496914"},"modified":"2026-01-08T19:36:09","modified_gmt":"2026-01-08T22:36:09","slug":"concurso-agevap","status":"publish","type":"post","link":"https:\/\/www.estrategiaconcursos.com.br\/blog\/concurso-agevap\/","title":{"rendered":"Concurso Agevap: veja as convoca\u00e7\u00f5es!"},"content":{"rendered":"\n<p>O <strong>concurso Agevap (Associa\u00e7\u00e3o Pr\u00f3-Gest\u00e3o das \u00c1guas da Bacia Hidrogr\u00e1fica do Rio Para\u00edba do Sul)<\/strong> foi oficialmente homologado em julho de 2025.<\/p>\n\n\n\n<p>Com isso, os candidatos aprovados j\u00e1 foram convocados. As listas constam na p\u00e1gina oficial do concurso no site da pr\u00f3pria Agevap:<\/p>\n\n\n\n<ul class=\"wp-block-list\">\n<li><a href=\"https:\/\/www.agevap.org.br\/selecao-de-pessoal\" target=\"_blank\" rel=\"noreferrer noopener\">Convoca\u00e7\u00f5es<\/a><\/li>\n<\/ul>\n\n\n\n<p>Vale lembrar que foram ofertadas <strong>7 vagas imediatas<\/strong> mais cadastro reserva para cargos de n\u00edvel superior, que possuem sal\u00e1rios de at\u00e9 R$ 7,3 mil.<\/p>\n\n\n\n<ul class=\"wp-block-list has-very-light-gray-to-cyan-bluish-gray-gradient-background has-background\">\n<li><strong>Associa\u00e7\u00e3o Pr\u00f3-Gest\u00e3o das \u00c1guas da Bacia Hidrogr\u00e1fica do Rio Para\u00edba do Sul<\/strong><\/li>\n\n\n\n<li><strong>Status:&nbsp;<\/strong>vigente at\u00e9 julho\/2027<\/li>\n\n\n\n<li><strong>Banca: <\/strong><a href=\"https:\/\/concursos.objetivas.com.br\/informacoes\/2514\/\" target=\"_blank\" rel=\"noreferrer noopener\">Objetiva Concursos<\/a><\/li>\n\n\n\n<li><strong>Vagas:<\/strong>&nbsp;7 + CR<\/li>\n\n\n\n<li><strong>Sal\u00e1rio<\/strong> <strong>inicial: <\/strong>R$ 5.551,53 a R$ 7.323,41<\/li>\n\n\n\n<li><strong>Edital:<\/strong> <a href=\"https:\/\/dhg1h5j42swfq.cloudfront.net\/2026\/01\/08132819\/agevap.pdf\" target=\"_blank\" rel=\"noreferrer noopener nofollow\">Agevap 2025<\/a><\/li>\n<\/ul>\n\n\n\n<p>Neste artigo, voc\u00ea vai ter acesso \u00e0s principais informa\u00e7\u00f5es sobre o concurso&nbsp;Agevap para que voc\u00ea possa se preparar da melhor maneira poss\u00edvel.<\/p>\n\n\n\n<ul id=\"indice\" class=\"wp-block-list\">\n<li><strong><a href=\"#conheca\">Conhe\u00e7a a Agevap<\/a><\/strong><\/li>\n\n\n\n<li><strong><a href=\"#carreira\">Carreira<\/a><\/strong>\n<ul class=\"wp-block-list\">\n<li><a href=\"#vagas\">Vagas, cargos e sal\u00e1rios<\/a><\/li>\n\n\n\n<li><a href=\"#remuneracao\">Remunera\u00e7\u00e3o<\/a><\/li>\n\n\n\n<li><a href=\"#atribuicoes\">Atribui\u00e7\u00f5es<\/a><\/li>\n<\/ul>\n<\/li>\n\n\n\n<li><strong><a href=\"#etapas\">Etapas de prova<\/a><\/strong><\/li>\n\n\n\n<li><a href=\"#cursos-assinatura\"><strong>Cursos e assinatura<\/strong><\/a><\/li>\n\n\n\n<li><a href=\"#ficha-tecnica\"><strong>Ficha t\u00e9cnica<\/strong><\/a><\/li>\n<\/ul>\n\n\n\n<div class=\"container\" id=\"boxes\">\n  <div class=\"row\">\n\n    <div class=\"col-sm\">\n      <div class=\"banner-estrategia\" id=\"box-assinatura\">\n        <h3 class=\"titulo-assinatura\">Concurso Agevap<\/h3>\n        <p class=\"subtitulo-assinatura\">Conhe\u00e7a os cursos<\/p>\n        <div class=\"box-botao\">\n          <a class=\"btn-assinatura\" target=\"_blank\" href=\"https:\/\/www.estrategiaconcursos.com.br\/pesquisa\/?q=agevap\" role=\"button\" rel=\"noopener noreferrer\">Conhe\u00e7a mais<\/a>\n        <\/div>\n      <\/div>\n     \n    <\/div>\n\n  <\/div>\n<\/div>\n\n\n\n<h2 class=\"wp-block-heading\" id=\"conheca\">Conhe\u00e7a a Agevap<\/h2>\n\n\n\n<p>A Associa\u00e7\u00e3o Pr\u00f3-Gest\u00e3o das \u00c1guas da Bacia Hidrogr\u00e1fica do Rio Para\u00edba do Sul &#8211; AGEVAP, criada em 20 de junho de 2002, tem personalidade jur\u00eddica de uma associa\u00e7\u00e3o de direito privado, com fins n\u00e3o econ\u00f4micos. <\/p>\n\n\n\n<p>Foi constitu\u00edda, inicialmente, para o exerc\u00edcio das fun\u00e7\u00f5es de Secretaria Executiva, sendo que atualmente exerce as fun\u00e7\u00f5es definidas no Art. 44 da Lei Federal n\u00b0 9.433\/97, Art. 59, da Lei Estadual do Rio de Janeiro n\u00ba 3.239\/99 e Art. 38 da Lei Estadual de Minas Gerais n\u00ba 13.199\/99, que trata das compet\u00eancias das chamadas Ag\u00eancias de \u00c1gua, ou Ag\u00eancias de Bacia.<\/p>\n\n\n\n<p>A associa\u00e7\u00e3o \u00e9 formada por uma Assembleia Geral, um Conselho de Administra\u00e7\u00e3o, um Conselho Fiscal e uma Diretoria Executiva. Os membros dos Conselhos de Administra\u00e7\u00e3o e Fiscal s\u00e3o pessoas f\u00edsicas eleitas pela Assembleia Geral. A Figura 01 apresenta o organograma da AGEVAP.<\/p>\n\n\n\n<h2 class=\"wp-block-heading\" id=\"carreira\">Carreira na Agevap<\/h2>\n\n\n\n<h3 class=\"wp-block-heading\" id=\"vagas\">Distribui\u00e7\u00e3o de vagas<\/h3>\n\n\n\n<figure class=\"wp-block-table is-style-stripes\"><table class=\"has-fixed-layout\"><thead><tr><th class=\"has-text-align-center\" data-align=\"center\">Cargos<\/th><th class=\"has-text-align-center\" data-align=\"center\">Sal\u00e1rios<\/th><th class=\"has-text-align-center\" data-align=\"center\">Requisitos<\/th><th class=\"has-text-align-center\" data-align=\"center\">Vagas<\/th><\/tr><\/thead><tbody><tr><td class=\"has-text-align-center\" data-align=\"center\">Especialista Administrativo<\/td><td class=\"has-text-align-center\" data-align=\"center\">R$ 5.551,53<\/td><td class=\"has-text-align-center\" data-align=\"center\">N\u00edvel Superior<\/td><td class=\"has-text-align-center\" data-align=\"center\">02 + CR<\/td><\/tr><tr><td class=\"has-text-align-center\" data-align=\"center\">Especialista em Recursos H\u00eddricos &#8211; Geral<\/td><td class=\"has-text-align-center\" data-align=\"center\">R$ 7.323,41<\/td><td class=\"has-text-align-center\" data-align=\"center\">N\u00edvel Superior<\/td><td class=\"has-text-align-center\" data-align=\"center\">04 + CR<\/td><\/tr><tr><td class=\"has-text-align-center\" data-align=\"center\">Especialista em Recursos H\u00eddricos &#8211; Geoprocessamento<\/td><td class=\"has-text-align-center\" data-align=\"center\">R$ 7.323,41<\/td><td class=\"has-text-align-center\" data-align=\"center\">N\u00edvel Superior<\/td><td class=\"has-text-align-center\" data-align=\"center\">01 + CR<\/td><\/tr><\/tbody><\/table><\/figure>\n\n\n\n<h3 class=\"wp-block-heading\" id=\"atribuicoes\">Atribui\u00e7\u00f5es<\/h3>\n\n\n\n<p><strong>Especialista em Recursos H\u00eddricos:<\/strong><\/p>\n\n\n\n<ul class=\"wp-block-list\">\n<li>Acompanhar o andamento t\u00e9cnico dos contratos entre AGEVAP e os tomadores de recursos de cobran\u00e7a;<\/li>\n\n\n\n<li>Acompanhar o plano de recursos h\u00eddricos;<\/li>\n\n\n\n<li>Acompanhar os conv\u00eanios entre a AGEVAP e os \u00f3rg\u00e3os governamentais;<\/li>\n\n\n\n<li>Analisar e acompanhar as informa\u00e7\u00f5es sobre recursos h\u00eddricos, incluindo cadastro de usu\u00e1rios e outros instrumentos de gest\u00e3o de recursos h\u00eddricos, fornecendo subs\u00eddios \u00e0 \u00e1rea;<\/li>\n\n\n\n<li>Assessorar a coordena\u00e7\u00e3o no acompanhamento financeiro, no controle dos desembolsos e na presta\u00e7\u00e3o de contas dos contratos e conv\u00eanios;<\/li>\n\n\n\n<li>Elaborar as presta\u00e7\u00f5es de contas conforme a legisla\u00e7\u00e3o correlata;<\/li>\n\n\n\n<li>Elaborar os relat\u00f3rios e as planilhas t\u00e9cnicas (contratos conclu\u00eddos, cancelados, vigentes, conv\u00eanios);<\/li>\n\n\n\n<li>Executar o acompanhamento de contratos e conv\u00eanios, suas despesas e receitas, o controle or\u00e7ament\u00e1rio e dos documentos processuais dos tomadores e prestadores de servi\u00e7os juntando e anexando as comprova\u00e7\u00f5es dos repasses e pagamentos, incluindo as autoriza\u00e7\u00f5es de despesas, c\u00f3pias das cartas de transfer\u00eancias de recursos e comprovantes de transfer\u00eancias e\/ou dep\u00f3sitos Entre outras atribui\u00e7\u00f5es.<\/li>\n<\/ul>\n\n\n\n<p><strong>Especialista administrativo:<\/strong><\/p>\n\n\n\n<ul class=\"wp-block-list\">\n<li>Acompanhar os prazos para renova\u00e7\u00e3o das certid\u00f5es da AGEVAP, bem como atualiza\u00e7\u00e3o destas no SICAF e atualiza\u00e7\u00e3o do arquivo das referidas certid\u00f5es;<\/li>\n\n\n\n<li>Acompanhar a vig\u00eancia, pagamento e\/ou repasse dos contratos de presta\u00e7\u00e3o de servi\u00e7os e os contratos de repasse com tomadores de recursos;<\/li>\n\n\n\n<li>Acompanhar fluxo de documentos em assinatura;<\/li>\n\n\n\n<li>Acompanhar o acervo bibliogr\u00e1fico do CEIVAP\/AGEVAP;<\/li>\n\n\n\n<li>Realizar levantamento, sistematizar e organizar a bibliografia e as pesquisas bibliogr\u00e1ficas e documentais, extraindo informa\u00e7\u00f5es que possibilitem a localiza\u00e7\u00e3o de dados e documentos fornecendo refer\u00eancias sobre as mat\u00e9rias pesquisadas;<\/li>\n\n\n\n<li>Analisar documentos (produtos entregues por prestadores de servi\u00e7os, estudos, da \u00e1rea de recursos h\u00eddricos);<\/li>\n\n\n\n<li>Analisar processos de compras e encaminhar para aprova\u00e7\u00e3o;<\/li>\n\n\n\n<li>Apoiar a coordena\u00e7\u00e3o na coleta e organiza\u00e7\u00e3o das informa\u00e7\u00f5es para a constante atualiza\u00e7\u00e3o do site;<\/li>\n\n\n\n<li>Apoiar a divulga\u00e7\u00e3o, distribui\u00e7\u00e3o e controle dos materiais promocionais e documentos t\u00e9cnicos do sistema de bacias. Entre outras atribui\u00e7\u00f5es.<\/li>\n<\/ul>\n\n\n\n<h2 class=\"wp-block-heading\" id=\"etapas\">Concurso Agevap: etapas de provas<\/h2>\n\n\n\n<p id=\"art-5\">Os candidatos do \u00faltimo concurso Agevap, por meio de processo seletivo, foram avaliados por meio das etapas abaixo:<\/p>\n\n\n\n<ul class=\"wp-block-list\">\n<li><strong>Prova Objetiva<\/strong>, de car\u00e1ter eliminat\u00f3rio e classificat\u00f3rio; e<\/li>\n\n\n\n<li><strong>Prova de Reda\u00e7\u00e3o T\u00e9cnica,<\/strong> de car\u00e1ter eliminat\u00f3rio e classificat\u00f3rio.<\/li>\n<\/ul>\n\n\n\n<h3 class=\"wp-block-heading\" id=\"h-prova-objetiva\">Prova objetiva<\/h3>\n\n\n\n<p>Com dura\u00e7\u00e3o de 4h30min e valendo 40 pontos, a prova objetiva contava com 40 quest\u00f5es do tipo m\u00faltipla escolha, com 4 alternativas de resposta e apenas uma considerada a correta.<\/p>\n\n\n\n<ul class=\"wp-block-list\">\n<li>L\u00edngua Portuguesa &#8211; 10<\/li>\n\n\n\n<li>Conhecimentos Gerais &#8211; 10<\/li>\n\n\n\n<li>Conhecimentos Espec\u00edficos e Legisla\u00e7\u00e3o &#8211; 20 <\/li>\n<\/ul>\n\n\n\n<h3 class=\"wp-block-heading\" id=\"h-prova-de-redacao\">Prova de reda\u00e7\u00e3o<\/h3>\n\n\n\n<p>J\u00e1 a prova de reda\u00e7\u00e3o t\u00e9cnica do concurso Agevap teve que ser desenvolvida em texto dissertativo, sobre tema sobre atualidade fornecido na aplica\u00e7\u00e3o, com os seguintes aspectos de avalia\u00e7\u00e3o: formal, textual e t\u00e9cnico.<\/p>\n\n\n\n<p>A prova de reda\u00e7\u00e3o foi avaliada na escala de zero a 10,00 pontos, sendo que a avalia\u00e7\u00e3o se deu na modalidade anal\u00edtica, em que o examinador avaliou o valor total de pontos assim distribu\u00eddo:<\/p>\n\n\n\n<ul class=\"wp-block-list\">\n<li> Conte\u00fado (40%): Compreens\u00e3o da proposta de reda\u00e7\u00e3o e desenvolvimento do tema; <\/li>\n\n\n\n<li>Estrutura (30%): coes\u00e3o e coer\u00eancia, clareza na express\u00e3o escrita, estrutura do texto;<\/li>\n\n\n\n<li>Express\u00e3o lingu\u00edstica (30%): dom\u00ednio da norma padr\u00e3o (grafia, acentua\u00e7\u00e3o, concord\u00e2ncia, reg\u00eancia, pontua\u00e7\u00e3o etc.).<\/li>\n<\/ul>\n\n\n\n<hr class=\"wp-block-separator has-alpha-channel-opacity\"\/>\n\n\n\n<h2 class=\"wp-block-heading has-text-align-center\" id=\"cursos-assinatura\"><em>Quer estudar para o concurso Agevap?<\/em><\/h2>\n\n\n\n<div class=\"container\" id=\"boxes\">\n  <div class=\"row\">\n\n    <div class=\"col-sm\">\n      <div class=\"banner-estrategia\" id=\"box-assinatura\">\n        <h3 class=\"titulo-assinatura\">Concurso Agevap<\/h3>\n        <p class=\"subtitulo-assinatura\">Conhe\u00e7a os cursos<\/p>\n        <div class=\"box-botao\">\n          <a class=\"btn-assinatura\" target=\"_blank\" href=\"https:\/\/www.estrategiaconcursos.com.br\/pesquisa\/?q=agevap\" role=\"button\" rel=\"noopener noreferrer\">Conhe\u00e7a mais<\/a>\n        <\/div>\n      <\/div>\n     \n    <\/div>\n\n  <\/div>\n<\/div>\n\n\n\n<div class=\"container\" id=\"boxes\">\n  <div class=\"row\">\n\n    <div class=\"col-sm\">\n      <div class=\"estrategia\" id=\"box-assinatura\">\n        <h3 class=\"titulo-assinatura\">Assinatura Concursos<\/h3>\n        <p class=\"subtitulo-assinatura\">Assinatura de 1 ano ou 2 anos<\/p>\n        <div class=\"box-botao\">\n          <a class=\"btn-assinatura\" target=\"_blank\" href=\"https:\/\/www.estrategiaconcursos.com.br\/assinaturas\/\" role=\"button\" rel=\"noopener noreferrer\">ASSINE AGORA<\/a>\n        <\/div>\n      <\/div><\/div><\/div><\/div>\n\n\n\n<h2 class=\"wp-block-heading has-text-align-center\" id=\"h-quer-saber-tudo-sobre-concursos-previstos-confira-os-nossos-artigos\">Quer saber tudo sobre concursos previstos?<br \/>Confira os nossos artigos!<\/h2>\n\n\n\n<ul class=\"wp-block-list\">\n<li><a href=\"https:\/\/www.estrategiaconcursos.com.br\/blog\/concursos-abertos\/\" target=\"_blank\" rel=\"noreferrer noopener\">Concursos Abertos<\/a><\/li>\n\n\n\n<li><a href=\"https:\/\/www.estrategiaconcursos.com.br\/blog\/concurso-administrativos\/\">Concursos Administrativos<\/a><\/li>\n\n\n\n<li><a href=\"https:\/\/www.estrategiaconcursos.com.br\/blog\/concursos-2026\" target=\"_blank\" rel=\"noreferrer noopener\">Concursos 2026<\/a><\/li>\n<\/ul>\n\n\n\n<figure class=\"wp-block-image is-resized\"><img loading=\"lazy\" decoding=\"async\" width=\"1024\" height=\"632\" src=\"https:\/\/dhg1h5j42swfq.cloudfront.net\/2021\/07\/06093407\/ficha-tecnica-1-1024x632.png\" alt=\"Ficha t\u00e9cnica do concurso Agetransp RJ\" class=\"wp-image-788054\" style=\"width:226px;height:auto\" srcset=\"https:\/\/dhg1h5j42swfq.cloudfront.net\/2021\/07\/06093407\/ficha-tecnica-1-1024x632.png 1024w, https:\/\/dhg1h5j42swfq.cloudfront.net\/2021\/07\/06093407\/ficha-tecnica-1-300x185.png 300w, https:\/\/dhg1h5j42swfq.cloudfront.net\/2021\/07\/06093407\/ficha-tecnica-1-768x474.png 768w, https:\/\/dhg1h5j42swfq.cloudfront.net\/2021\/07\/06093407\/ficha-tecnica-1-1536x948.png 1536w, https:\/\/dhg1h5j42swfq.cloudfront.net\/2021\/07\/06093407\/ficha-tecnica-1-610x377.png 610w, https:\/\/dhg1h5j42swfq.cloudfront.net\/2021\/07\/06093407\/ficha-tecnica-1.png 1571w\" sizes=\"auto, (max-width: 1024px) 100vw, 1024px\" \/><\/figure>\n\n\n\n<h3 class=\"wp-block-heading\" id=\"ficha-tecnica\">Informa\u00e7\u00f5es do \u00faltimo concurso Agevap<\/h3>\n\n\n\n<ul class=\"wp-block-list\">\n<li><strong>Ano:<\/strong> 2025<\/li>\n\n\n\n<li><strong>Vagas<\/strong>: 07 + CR<\/li>\n\n\n\n<li><strong>Cargo<\/strong>: Especialista<\/li>\n\n\n\n<li><strong>Banca<\/strong>: Objetiva Concursos<\/li>\n\n\n\n<li><strong>Escolaridade<\/strong>: n\u00edvel superior<\/li>\n\n\n\n<li><strong>Edital:<\/strong> <a href=\"https:\/\/dhg1h5j42swfq.cloudfront.net\/2026\/01\/08132819\/agevap.pdf\" target=\"_blank\" rel=\"noreferrer noopener nofollow\">Agevap 2025<\/a><\/li>\n<\/ul>\n","protected":false},"excerpt":{"rendered":"<p>O concurso Agevap (Associa\u00e7\u00e3o Pr\u00f3-Gest\u00e3o das \u00c1guas da Bacia Hidrogr\u00e1fica do Rio Para\u00edba do Sul) foi oficialmente homologado em julho de 2025. Com isso, os candidatos aprovados j\u00e1 foram convocados. As listas constam na p\u00e1gina oficial do concurso no site da pr\u00f3pria Agevap: Vale lembrar que foram ofertadas 7 vagas imediatas mais cadastro reserva para [&hellip;]<\/p>\n","protected":false},"author":1,"featured_media":1496977,"comment_status":"open","ping_status":"closed","sticky":false,"template":"","format":"standard","meta":{"post_tipo":"news_page","footnotes":""},"categories":[214992],"tags":[],"tax_estado":[219974,219982,219989],"class_list":["post-1496914","post","type-post","status-publish","format-standard","has-post-thumbnail","hentry","category-concursos-administrativos","tax_estado-mg","tax_estado-rj","tax_estado-sp"],"acf":[],"yoast_head":"<!-- This site is optimized with the Yoast SEO Premium plugin v27.2 (Yoast SEO v27.2) - https:\/\/yoast.com\/product\/yoast-seo-premium-wordpress\/ -->\n<title>Concurso Agevap: veja as convoca\u00e7\u00f5es!<\/title>\n<meta name=\"description\" content=\"Concurso Agevap ofertou 7 vagas + CR para cargos de n\u00edvel superior. Convoca\u00e7\u00f5es j\u00e1 foram divulgadas. Confira aqui!\" \/>\n<meta name=\"robots\" content=\"index, follow, max-snippet:-1, max-image-preview:large, max-video-preview:-1\" \/>\n<link rel=\"canonical\" href=\"https:\/\/www.estrategiaconcursos.com.br\/blog\/concurso-agevap\/\" \/>\n<meta property=\"og:locale\" content=\"pt_BR\" \/>\n<meta property=\"og:type\" content=\"article\" \/>\n<meta property=\"og:title\" content=\"Concurso Agevap: veja as convoca\u00e7\u00f5es!\" \/>\n<meta property=\"og:description\" content=\"Concurso Agevap ofertou 7 vagas + CR para cargos de n\u00edvel superior. Convoca\u00e7\u00f5es j\u00e1 foram divulgadas. Confira aqui!\" \/>\n<meta property=\"og:url\" content=\"https:\/\/www.estrategiaconcursos.com.br\/blog\/concurso-agevap\/\" \/>\n<meta property=\"og:site_name\" content=\"Estrat\u00e9gia Concursos\" \/>\n<meta property=\"article:author\" content=\"https:\/\/www.facebook.com\/EstrategiaConcursos\" \/>\n<meta property=\"article:published_time\" content=\"2026-01-08T16:44:35+00:00\" \/>\n<meta property=\"article:modified_time\" content=\"2026-01-08T22:36:09+00:00\" \/>\n<meta property=\"og:image\" content=\"https:\/\/dhg1h5j42swfq.cloudfront.net\/2024\/11\/28211505\/agevap.jpg\" \/>\n\t<meta property=\"og:image:width\" content=\"768\" \/>\n\t<meta property=\"og:image:height\" content=\"432\" \/>\n\t<meta property=\"og:image:type\" content=\"image\/jpeg\" \/>\n<meta name=\"author\" content=\"Coordena\u00e7\u00e3o\" \/>\n<meta name=\"twitter:card\" content=\"summary_large_image\" \/>\n<meta name=\"twitter:creator\" content=\"@EstratConcursos\" \/>\n<meta name=\"twitter:site\" content=\"@EstratConcursos\" \/>\n<meta name=\"twitter:label1\" content=\"Escrito por\" \/>\n\t<meta name=\"twitter:data1\" content=\"Coordena\u00e7\u00e3o\" \/>\n\t<meta name=\"twitter:label2\" content=\"Est. tempo de leitura\" \/>\n\t<meta name=\"twitter:data2\" content=\"5 minutos\" \/>\n<script type=\"application\/ld+json\" class=\"yoast-schema-graph\">{\"@context\":\"https:\/\/schema.org\",\"@graph\":[{\"@type\":\"NewsArticle\",\"@id\":\"https:\/\/www.estrategiaconcursos.com.br\/blog\/concurso-agevap\/#article\",\"isPartOf\":{\"@id\":\"https:\/\/www.estrategiaconcursos.com.br\/blog\/concurso-agevap\/\"},\"author\":{\"name\":\"Coordena\u00e7\u00e3o\",\"@id\":\"https:\/\/www.estrategiaconcursos.com.br\/blog\/#\/schema\/person\/b4a388c97673c5f483d72185668afa1f\"},\"headline\":\"Concurso Agevap: veja as convoca\u00e7\u00f5es!\",\"datePublished\":\"2026-01-08T16:44:35+00:00\",\"dateModified\":\"2026-01-08T22:36:09+00:00\",\"mainEntityOfPage\":{\"@id\":\"https:\/\/www.estrategiaconcursos.com.br\/blog\/concurso-agevap\/\"},\"wordCount\":1007,\"commentCount\":0,\"publisher\":{\"@id\":\"https:\/\/www.estrategiaconcursos.com.br\/blog\/#organization\"},\"image\":{\"@id\":\"https:\/\/www.estrategiaconcursos.com.br\/blog\/concurso-agevap\/#primaryimage\"},\"thumbnailUrl\":\"https:\/\/dhg1h5j42swfq.cloudfront.net\/2024\/11\/28211505\/agevap.jpg\",\"articleSection\":[\"Executivo (Administrativa)\"],\"inLanguage\":\"pt-BR\",\"potentialAction\":[{\"@type\":\"CommentAction\",\"name\":\"Comment\",\"target\":[\"https:\/\/www.estrategiaconcursos.com.br\/blog\/concurso-agevap\/#respond\"]}],\"copyrightYear\":\"2026\",\"copyrightHolder\":{\"@id\":\"https:\/\/www.estrategiaconcursos.com.br\/blog\/#organization\"}},{\"@type\":\"WebPage\",\"@id\":\"https:\/\/www.estrategiaconcursos.com.br\/blog\/concurso-agevap\/\",\"url\":\"https:\/\/www.estrategiaconcursos.com.br\/blog\/concurso-agevap\/\",\"name\":\"Concurso Agevap: veja as convoca\u00e7\u00f5es!\",\"isPartOf\":{\"@id\":\"https:\/\/www.estrategiaconcursos.com.br\/blog\/#website\"},\"primaryImageOfPage\":{\"@id\":\"https:\/\/www.estrategiaconcursos.com.br\/blog\/concurso-agevap\/#primaryimage\"},\"image\":{\"@id\":\"https:\/\/www.estrategiaconcursos.com.br\/blog\/concurso-agevap\/#primaryimage\"},\"thumbnailUrl\":\"https:\/\/dhg1h5j42swfq.cloudfront.net\/2024\/11\/28211505\/agevap.jpg\",\"datePublished\":\"2026-01-08T16:44:35+00:00\",\"dateModified\":\"2026-01-08T22:36:09+00:00\",\"description\":\"Concurso Agevap ofertou 7 vagas + CR para cargos de n\u00edvel superior. Convoca\u00e7\u00f5es j\u00e1 foram divulgadas. Confira aqui!\",\"breadcrumb\":{\"@id\":\"https:\/\/www.estrategiaconcursos.com.br\/blog\/concurso-agevap\/#breadcrumb\"},\"inLanguage\":\"pt-BR\",\"potentialAction\":[{\"@type\":\"ReadAction\",\"target\":[\"https:\/\/www.estrategiaconcursos.com.br\/blog\/concurso-agevap\/\"]}]},{\"@type\":\"ImageObject\",\"inLanguage\":\"pt-BR\",\"@id\":\"https:\/\/www.estrategiaconcursos.com.br\/blog\/concurso-agevap\/#primaryimage\",\"url\":\"https:\/\/dhg1h5j42swfq.cloudfront.net\/2024\/11\/28211505\/agevap.jpg\",\"contentUrl\":\"https:\/\/dhg1h5j42swfq.cloudfront.net\/2024\/11\/28211505\/agevap.jpg\",\"width\":768,\"height\":432},{\"@type\":\"BreadcrumbList\",\"@id\":\"https:\/\/www.estrategiaconcursos.com.br\/blog\/concurso-agevap\/#breadcrumb\",\"itemListElement\":[{\"@type\":\"ListItem\",\"position\":1,\"name\":\"In\u00edcio\",\"item\":\"https:\/\/www.estrategiaconcursos.com.br\/blog\/\"},{\"@type\":\"ListItem\",\"position\":2,\"name\":\"Concurso Agevap: veja as convoca\u00e7\u00f5es!\"}]},{\"@type\":\"WebSite\",\"@id\":\"https:\/\/www.estrategiaconcursos.com.br\/blog\/#website\",\"url\":\"https:\/\/www.estrategiaconcursos.com.br\/blog\/\",\"name\":\"Estrat\u00e9gia Concursos\",\"description\":\"O blog da Estrat\u00e9gia Concursos traz not\u00edcias sobre concursos e artigos de professores oferecendo cursos para concursos (pdf + videaulas) no site.\",\"publisher\":{\"@id\":\"https:\/\/www.estrategiaconcursos.com.br\/blog\/#organization\"},\"potentialAction\":[{\"@type\":\"SearchAction\",\"target\":{\"@type\":\"EntryPoint\",\"urlTemplate\":\"https:\/\/www.estrategiaconcursos.com.br\/blog\/?s={search_term_string}\"},\"query-input\":{\"@type\":\"PropertyValueSpecification\",\"valueRequired\":true,\"valueName\":\"search_term_string\"}}],\"inLanguage\":\"pt-BR\"},{\"@type\":\"Organization\",\"@id\":\"https:\/\/www.estrategiaconcursos.com.br\/blog\/#organization\",\"name\":\"Estrat\u00e9gia Concursos\",\"url\":\"https:\/\/www.estrategiaconcursos.com.br\/blog\/\",\"logo\":{\"@type\":\"ImageObject\",\"inLanguage\":\"pt-BR\",\"@id\":\"https:\/\/www.estrategiaconcursos.com.br\/blog\/#\/schema\/logo\/image\/\",\"url\":\"https:\/\/dhg1h5j42swfq.cloudfront.net\/2025\/06\/03203428\/logo_concursos-1.jpg\",\"contentUrl\":\"https:\/\/dhg1h5j42swfq.cloudfront.net\/2025\/06\/03203428\/logo_concursos-1.jpg\",\"width\":230,\"height\":60,\"caption\":\"Estrat\u00e9gia Concursos\"},\"image\":{\"@id\":\"https:\/\/www.estrategiaconcursos.com.br\/blog\/#\/schema\/logo\/image\/\"},\"sameAs\":[\"https:\/\/x.com\/EstratConcursos\"]},{\"@type\":\"Person\",\"@id\":\"https:\/\/www.estrategiaconcursos.com.br\/blog\/#\/schema\/person\/b4a388c97673c5f483d72185668afa1f\",\"name\":\"Coordena\u00e7\u00e3o\",\"image\":{\"@type\":\"ImageObject\",\"inLanguage\":\"pt-BR\",\"@id\":\"https:\/\/secure.gravatar.com\/avatar\/b720319e4c9a967eb58678d110f4fe35452fc5d5f97b202bac7b8acceb18c6ad?s=96&d=mm&r=g\",\"url\":\"https:\/\/secure.gravatar.com\/avatar\/b720319e4c9a967eb58678d110f4fe35452fc5d5f97b202bac7b8acceb18c6ad?s=96&d=mm&r=g\",\"contentUrl\":\"https:\/\/secure.gravatar.com\/avatar\/b720319e4c9a967eb58678d110f4fe35452fc5d5f97b202bac7b8acceb18c6ad?s=96&d=mm&r=g\",\"caption\":\"Coordena\u00e7\u00e3o\"},\"sameAs\":[\"https:\/\/www.facebook.com\/EstrategiaConcursos\",\"https:\/\/x.com\/EstratConcursos\"],\"url\":\"https:\/\/www.estrategiaconcursos.com.br\/blog\/author\/estrategia2013\/\"}]}<\/script>\n<!-- \/ Yoast SEO Premium plugin. -->","yoast_head_json":{"title":"Concurso Agevap: veja as convoca\u00e7\u00f5es!","description":"Concurso Agevap ofertou 7 vagas + CR para cargos de n\u00edvel superior. Convoca\u00e7\u00f5es j\u00e1 foram divulgadas. Confira aqui!","robots":{"index":"index","follow":"follow","max-snippet":"max-snippet:-1","max-image-preview":"max-image-preview:large","max-video-preview":"max-video-preview:-1"},"canonical":"https:\/\/www.estrategiaconcursos.com.br\/blog\/concurso-agevap\/","og_locale":"pt_BR","og_type":"article","og_title":"Concurso Agevap: veja as convoca\u00e7\u00f5es!","og_description":"Concurso Agevap ofertou 7 vagas + CR para cargos de n\u00edvel superior. Convoca\u00e7\u00f5es j\u00e1 foram divulgadas. Confira aqui!","og_url":"https:\/\/www.estrategiaconcursos.com.br\/blog\/concurso-agevap\/","og_site_name":"Estrat\u00e9gia Concursos","article_author":"https:\/\/www.facebook.com\/EstrategiaConcursos","article_published_time":"2026-01-08T16:44:35+00:00","article_modified_time":"2026-01-08T22:36:09+00:00","og_image":[{"width":768,"height":432,"url":"https:\/\/dhg1h5j42swfq.cloudfront.net\/2024\/11\/28211505\/agevap.jpg","type":"image\/jpeg"}],"author":"Coordena\u00e7\u00e3o","twitter_card":"summary_large_image","twitter_creator":"@EstratConcursos","twitter_site":"@EstratConcursos","twitter_misc":{"Escrito por":"Coordena\u00e7\u00e3o","Est. tempo de leitura":"5 minutos"},"schema":{"@context":"https:\/\/schema.org","@graph":[{"@type":"NewsArticle","@id":"https:\/\/www.estrategiaconcursos.com.br\/blog\/concurso-agevap\/#article","isPartOf":{"@id":"https:\/\/www.estrategiaconcursos.com.br\/blog\/concurso-agevap\/"},"author":{"name":"Coordena\u00e7\u00e3o","@id":"https:\/\/www.estrategiaconcursos.com.br\/blog\/#\/schema\/person\/b4a388c97673c5f483d72185668afa1f"},"headline":"Concurso Agevap: veja as convoca\u00e7\u00f5es!","datePublished":"2026-01-08T16:44:35+00:00","dateModified":"2026-01-08T22:36:09+00:00","mainEntityOfPage":{"@id":"https:\/\/www.estrategiaconcursos.com.br\/blog\/concurso-agevap\/"},"wordCount":1007,"commentCount":0,"publisher":{"@id":"https:\/\/www.estrategiaconcursos.com.br\/blog\/#organization"},"image":{"@id":"https:\/\/www.estrategiaconcursos.com.br\/blog\/concurso-agevap\/#primaryimage"},"thumbnailUrl":"https:\/\/dhg1h5j42swfq.cloudfront.net\/2024\/11\/28211505\/agevap.jpg","articleSection":["Executivo (Administrativa)"],"inLanguage":"pt-BR","potentialAction":[{"@type":"CommentAction","name":"Comment","target":["https:\/\/www.estrategiaconcursos.com.br\/blog\/concurso-agevap\/#respond"]}],"copyrightYear":"2026","copyrightHolder":{"@id":"https:\/\/www.estrategiaconcursos.com.br\/blog\/#organization"}},{"@type":"WebPage","@id":"https:\/\/www.estrategiaconcursos.com.br\/blog\/concurso-agevap\/","url":"https:\/\/www.estrategiaconcursos.com.br\/blog\/concurso-agevap\/","name":"Concurso Agevap: veja as convoca\u00e7\u00f5es!","isPartOf":{"@id":"https:\/\/www.estrategiaconcursos.com.br\/blog\/#website"},"primaryImageOfPage":{"@id":"https:\/\/www.estrategiaconcursos.com.br\/blog\/concurso-agevap\/#primaryimage"},"image":{"@id":"https:\/\/www.estrategiaconcursos.com.br\/blog\/concurso-agevap\/#primaryimage"},"thumbnailUrl":"https:\/\/dhg1h5j42swfq.cloudfront.net\/2024\/11\/28211505\/agevap.jpg","datePublished":"2026-01-08T16:44:35+00:00","dateModified":"2026-01-08T22:36:09+00:00","description":"Concurso Agevap ofertou 7 vagas + CR para cargos de n\u00edvel superior. Convoca\u00e7\u00f5es j\u00e1 foram divulgadas. Confira aqui!","breadcrumb":{"@id":"https:\/\/www.estrategiaconcursos.com.br\/blog\/concurso-agevap\/#breadcrumb"},"inLanguage":"pt-BR","potentialAction":[{"@type":"ReadAction","target":["https:\/\/www.estrategiaconcursos.com.br\/blog\/concurso-agevap\/"]}]},{"@type":"ImageObject","inLanguage":"pt-BR","@id":"https:\/\/www.estrategiaconcursos.com.br\/blog\/concurso-agevap\/#primaryimage","url":"https:\/\/dhg1h5j42swfq.cloudfront.net\/2024\/11\/28211505\/agevap.jpg","contentUrl":"https:\/\/dhg1h5j42swfq.cloudfront.net\/2024\/11\/28211505\/agevap.jpg","width":768,"height":432},{"@type":"BreadcrumbList","@id":"https:\/\/www.estrategiaconcursos.com.br\/blog\/concurso-agevap\/#breadcrumb","itemListElement":[{"@type":"ListItem","position":1,"name":"In\u00edcio","item":"https:\/\/www.estrategiaconcursos.com.br\/blog\/"},{"@type":"ListItem","position":2,"name":"Concurso Agevap: veja as convoca\u00e7\u00f5es!"}]},{"@type":"WebSite","@id":"https:\/\/www.estrategiaconcursos.com.br\/blog\/#website","url":"https:\/\/www.estrategiaconcursos.com.br\/blog\/","name":"Estrat\u00e9gia Concursos","description":"O blog da Estrat\u00e9gia Concursos traz not\u00edcias sobre concursos e artigos de professores oferecendo cursos para concursos (pdf + videaulas) no site.","publisher":{"@id":"https:\/\/www.estrategiaconcursos.com.br\/blog\/#organization"},"potentialAction":[{"@type":"SearchAction","target":{"@type":"EntryPoint","urlTemplate":"https:\/\/www.estrategiaconcursos.com.br\/blog\/?s={search_term_string}"},"query-input":{"@type":"PropertyValueSpecification","valueRequired":true,"valueName":"search_term_string"}}],"inLanguage":"pt-BR"},{"@type":"Organization","@id":"https:\/\/www.estrategiaconcursos.com.br\/blog\/#organization","name":"Estrat\u00e9gia Concursos","url":"https:\/\/www.estrategiaconcursos.com.br\/blog\/","logo":{"@type":"ImageObject","inLanguage":"pt-BR","@id":"https:\/\/www.estrategiaconcursos.com.br\/blog\/#\/schema\/logo\/image\/","url":"https:\/\/dhg1h5j42swfq.cloudfront.net\/2025\/06\/03203428\/logo_concursos-1.jpg","contentUrl":"https:\/\/dhg1h5j42swfq.cloudfront.net\/2025\/06\/03203428\/logo_concursos-1.jpg","width":230,"height":60,"caption":"Estrat\u00e9gia Concursos"},"image":{"@id":"https:\/\/www.estrategiaconcursos.com.br\/blog\/#\/schema\/logo\/image\/"},"sameAs":["https:\/\/x.com\/EstratConcursos"]},{"@type":"Person","@id":"https:\/\/www.estrategiaconcursos.com.br\/blog\/#\/schema\/person\/b4a388c97673c5f483d72185668afa1f","name":"Coordena\u00e7\u00e3o","image":{"@type":"ImageObject","inLanguage":"pt-BR","@id":"https:\/\/secure.gravatar.com\/avatar\/b720319e4c9a967eb58678d110f4fe35452fc5d5f97b202bac7b8acceb18c6ad?s=96&d=mm&r=g","url":"https:\/\/secure.gravatar.com\/avatar\/b720319e4c9a967eb58678d110f4fe35452fc5d5f97b202bac7b8acceb18c6ad?s=96&d=mm&r=g","contentUrl":"https:\/\/secure.gravatar.com\/avatar\/b720319e4c9a967eb58678d110f4fe35452fc5d5f97b202bac7b8acceb18c6ad?s=96&d=mm&r=g","caption":"Coordena\u00e7\u00e3o"},"sameAs":["https:\/\/www.facebook.com\/EstrategiaConcursos","https:\/\/x.com\/EstratConcursos"],"url":"https:\/\/www.estrategiaconcursos.com.br\/blog\/author\/estrategia2013\/"}]}},"_links":{"self":[{"href":"https:\/\/www.estrategiaconcursos.com.br\/blog\/wp-json\/wp\/v2\/posts\/1496914","targetHints":{"allow":["GET"]}}],"collection":[{"href":"https:\/\/www.estrategiaconcursos.com.br\/blog\/wp-json\/wp\/v2\/posts"}],"about":[{"href":"https:\/\/www.estrategiaconcursos.com.br\/blog\/wp-json\/wp\/v2\/types\/post"}],"author":[{"embeddable":true,"href":"https:\/\/www.estrategiaconcursos.com.br\/blog\/wp-json\/wp\/v2\/users\/1"}],"replies":[{"embeddable":true,"href":"https:\/\/www.estrategiaconcursos.com.br\/blog\/wp-json\/wp\/v2\/comments?post=1496914"}],"version-history":[{"count":29,"href":"https:\/\/www.estrategiaconcursos.com.br\/blog\/wp-json\/wp\/v2\/posts\/1496914\/revisions"}],"predecessor-version":[{"id":1696124,"href":"https:\/\/www.estrategiaconcursos.com.br\/blog\/wp-json\/wp\/v2\/posts\/1496914\/revisions\/1696124"}],"wp:featuredmedia":[{"embeddable":true,"href":"https:\/\/www.estrategiaconcursos.com.br\/blog\/wp-json\/wp\/v2\/media\/1496977"}],"wp:attachment":[{"href":"https:\/\/www.estrategiaconcursos.com.br\/blog\/wp-json\/wp\/v2\/media?parent=1496914"}],"wp:term":[{"taxonomy":"category","embeddable":true,"href":"https:\/\/www.estrategiaconcursos.com.br\/blog\/wp-json\/wp\/v2\/categories?post=1496914"},{"taxonomy":"post_tag","embeddable":true,"href":"https:\/\/www.estrategiaconcursos.com.br\/blog\/wp-json\/wp\/v2\/tags?post=1496914"},{"taxonomy":"tax_estado","embeddable":true,"href":"https:\/\/www.estrategiaconcursos.com.br\/blog\/wp-json\/wp\/v2\/tax_estado?post=1496914"}],"curies":[{"name":"wp","href":"https:\/\/api.w.org\/{rel}","templated":true}]}}