{"id":1496486,"date":"2024-11-28T09:50:00","date_gmt":"2024-11-28T12:50:00","guid":{"rendered":"https:\/\/www.estrategiaconcursos.com.br\/blog\/?p=1496486"},"modified":"2026-03-20T17:07:36","modified_gmt":"2026-03-20T20:07:36","slug":"detran-rj-grupo-estudos-novo-concurso","status":"publish","type":"post","link":"https:\/\/www.estrategiaconcursos.com.br\/blog\/detran-rj-grupo-estudos-novo-concurso\/","title":{"rendered":"Detran RJ tem grupo formado para estudar novo concurso"},"content":{"rendered":"\n<p>Aten\u00e7\u00e3o, concurseiros! Um <strong>novo concurso p\u00fablico Detran RJ<\/strong> (<a href=\"https:\/\/www.estrategiaconcursos.com.br\/cursosPorConcurso\/detran-rj-37\/\" target=\"_blank\" rel=\"noreferrer noopener\">Departamento de Tr\u00e2nsito do Estado do Rio de Janeiro<\/a>) pode finalmente acontecer.<\/p>\n\n\n\n<p>Isso porque foi institu\u00eddo o grupo de trabalho que ser\u00e1 respons\u00e1vel, entre outras atribui\u00e7\u00f5es, por <strong>estudar as necessidades de pessoal e eventual realiza\u00e7\u00e3o de certame<\/strong>, observando a necessidade de dota\u00e7\u00f5es or\u00e7ament\u00e1rias espec\u00edficas.<\/p>\n\n\n\n<p>Segundo portaria divulgada nesta quinta-feira, 28 de novembro, no <a href=\"https:\/\/www.ioerj.com.br\/portal\/modules\/content\/index.php?id=21\" target=\"_blank\" rel=\"noreferrer noopener\">Di\u00e1rio Oficial do Estado<\/a>, o grupo \u00e9 composto por 13 integrantes de diferentes \u00e1reas. Veja abaixo:<\/p>\n\n\n\n<ul class=\"wp-block-list\">\n<li>Fernando Cesar Rocha dos Santos &#8211; ID 5028305-7 &#8211; Gabinete da Presid\u00eancia;<\/li>\n\n\n\n<li>Helbert Monte Costa &#8211; ID 4423221-7 &#8211; Gabinete da Presid\u00eancia;<\/li>\n\n\n\n<li>Igor Carrara Pereira &#8211; ID 50298801 &#8211; ASSGEM;<\/li>\n\n\n\n<li>Michelle do Carmo Concei\u00e7\u00e3o &#8211; ID 5641063 ASSGEM;<\/li>\n\n\n\n<li>Thuany de Cassia Fortunato Vargas &#8211; ID 44345798 &#8211; ASSGEM;<\/li>\n\n\n\n<li>Fernanda Rodrigues Siciliano &#8211; ID 4379666-4 &#8211; ASSCI;<\/li>\n\n\n\n<li>Flavia Bandeira de Souza &#8211; ID 4374424-9 &#8211; ASSCI;<\/li>\n\n\n\n<li>Andreia Clemente &#8211; ID 5147173-6 &#8211; DIJUR;<\/li>\n\n\n\n<li>Bruna Nogueira &#8211; ID 5029625-6 &#8211; DIJUR;<\/li>\n\n\n\n<li>Rodrigo Vasconcelos &#8211; ID 4377014-2 &#8211; DIJUR;<\/li>\n\n\n\n<li>Diego Zaranza &#8211; ID 4400019-7 &#8211; COOGP;<\/li>\n\n\n\n<li>Viviane Gon\u00e7alves Ferreira &#8211; ID 4348305-4 COOGP;<\/li>\n\n\n\n<li>Rog\u00e9rio da Silva Brand\u00e3o &#8211; ID 4423232-2 COOGP.<\/li>\n<\/ul>\n\n\n\n<figure class=\"wp-block-image aligncenter size-full\"><img loading=\"lazy\" decoding=\"async\" width=\"588\" height=\"593\" src=\"https:\/\/dhg1h5j42swfq.cloudfront.net\/2024\/11\/28102632\/image-405.png\" alt=\"Grupo de trabalho para estudar novo concurso Detran RJ\" class=\"wp-image-1496429\" srcset=\"https:\/\/dhg1h5j42swfq.cloudfront.net\/2024\/11\/28102632\/image-405.png 588w, https:\/\/dhg1h5j42swfq.cloudfront.net\/2024\/11\/28102632\/image-405-297x300.png 297w, https:\/\/dhg1h5j42swfq.cloudfront.net\/2024\/11\/28102632\/image-405-150x151.png 150w, https:\/\/dhg1h5j42swfq.cloudfront.net\/2024\/11\/28102632\/image-405-96x96.png 96w\" sizes=\"auto, (max-width: 588px) 100vw, 588px\" \/><figcaption class=\"wp-element-caption\">Grupo de trabalho para estudar novo concurso Detran RJ<\/figcaption><\/figure>\n\n\n\n<p class=\"has-text-align-center has-very-light-gray-to-cyan-bluish-gray-gradient-background has-background\"><a href=\"https:\/\/dhg1h5j42swfq.cloudfront.net\/2024\/11\/28102534\/ioerjtraceablefile674866fd82b7e.pdf\" target=\"_blank\" rel=\"noreferrer noopener nofollow\"><strong>Veja o grupo de estudos do novo concurso Detran RJ<\/strong><\/a><\/p>\n\n\n\n<h2 class=\"wp-block-heading\" id=\"h-como-foi-o-ultimo-concurso-detran-rj\">Como foi o \u00faltimo concurso Detran RJ?<\/h2>\n\n\n\n<p>Realizado em 2013, o <strong>\u00faltimo certame ofertou 800 vagas<\/strong>, distribu\u00eddas entre os cargos de Assistente T\u00e9cnico, com sal\u00e1rio inicial de R$ 1.550,01. A organiza\u00e7\u00e3o ficou por conta da banca CKM Servi\u00e7os Ltda, que registrou 369.255 inscritos.<\/p>\n\n\n\n<p>Os candidatos foram avaliados por meio de <strong>Prova Objetiva<\/strong> e <strong>Reda\u00e7\u00e3o<\/strong>, ambas de car\u00e1ter eliminat\u00f3rio e classificat\u00f3rio. A prova objetiva consistiu de 50 quest\u00f5es de m\u00faltipla escolha, sendo eliminados aqueles que n\u00e3o alcan\u00e7aram o valor m\u00ednimo de 50%.<\/p>\n\n\n\n<p class=\"has-text-align-center\"><em>Para saber mais sobre a possibilidade de novo concurso e todos os detalhes do \u00faltimo edital do Detran RJ, acesse nosso artigo na \u00edntegra:<\/em><\/p>\n\n\n\n<h2 class=\"wp-block-heading has-text-align-center has-very-light-gray-to-cyan-bluish-gray-gradient-background has-background has-medium-font-size\" id=\"h-saiba-mais-concurso-departamento-de-transito-rj\">Saiba mais: <a href=\"https:\/\/www.estrategiaconcursos.com.br\/blog\/concurso-detran-rj\/\" target=\"_blank\" rel=\"noreferrer noopener\">Concurso Departamento de Tr\u00e2nsito RJ<\/a><\/h2>\n\n\n\n<hr class=\"wp-block-separator has-alpha-channel-opacity\"\/>\n\n\n\n<h2 class=\"wp-block-heading has-text-align-center\" id=\"h-quer-saber-tudo-sobre-concursos-previstos-confira-nossos-artigos\">Quer saber tudo sobre concursos previstos?<br \/>Confira nossos artigos!<\/h2>\n\n\n\n<ul class=\"wp-block-list\">\n<li><a href=\"https:\/\/www.estrategiaconcursos.com.br\/blog\/concursos-abertos\/\" target=\"_blank\" rel=\"noreferrer noopener\">Concursos abertos<\/a><\/li>\n\n\n\n<li><a href=\"https:\/\/www.estrategiaconcursos.com.br\/blog\/concursos-2025\/\" target=\"_blank\" rel=\"noreferrer noopener\">Concursos 2025<\/a><\/li>\n\n\n\n<li><a href=\"https:\/\/www.estrategiaconcursos.com.br\/blog\/concursos-detran\/\" target=\"_blank\" rel=\"noreferrer noopener\">Concursos Detran<\/a><\/li>\n<\/ul>\n\n\n\n<h2 class=\"wp-block-heading has-text-align-center\" id=\"cursos-assinatura\">Quer estudar para o concurso Detran RJ?<\/h2>\n\n\n\n<div class=\"container\" id=\"boxes\">\n  <div class=\"row\">\n\n    <div class=\"col-sm\">\n      <div class=\"banner-detran\" id=\"box-assinatura\">\n        <h3 class=\"titulo-assinatura\" style=\"text-align: left;\">Concurso Detran RJ<\/h3>\n        <p class=\"subtitulo-assinatura\" style=\"text-align: left;\">Conhe\u00e7a os cursos<\/p>\n        <div class=\"box-botao\" style=\"text-align: left;\">\n          <a class=\"btn-assinatura\" target=\"_blank\" href=\"https:\/\/www.estrategiaconcursos.com.br\/cursosPorConcurso\/detran-rj-37\/\" role=\"button\" rel=\"noopener noreferrer\">CLIQUE AQUI<\/a>\n        <\/div>\n      <\/div><\/div><\/div><\/div>\n\n\n\n<div class=\"container\" id=\"boxes\">\n  <div class=\"row\">\n\n    <div class=\"col-sm\">\n      <div class=\"estrategia\" id=\"box-assinatura\">\n        <h3 class=\"titulo-assinatura\">Assinatura de Concursos<\/h3>\n        <p class=\"subtitulo-assinatura\">Assinatura de 1 ano ou 2 anos<\/p>\n        <div class=\"box-botao\">\n          <a class=\"btn-assinatura\" target=\"_blank\" href=\"https:\/\/www.estrategiaconcursos.com.br\/assinaturas\/\" role=\"button\" rel=\"noopener noreferrer\">ASSINE AGORA<\/a>\n        <\/div>\n      <\/div>\n     \n    <\/div><\/div><\/div>\n","protected":false},"excerpt":{"rendered":"<p>Aten\u00e7\u00e3o, concurseiros! Um novo concurso p\u00fablico Detran RJ (Departamento de Tr\u00e2nsito do Estado do Rio de Janeiro) pode finalmente acontecer. Isso porque foi institu\u00eddo o grupo de trabalho que ser\u00e1 respons\u00e1vel, entre outras atribui\u00e7\u00f5es, por estudar as necessidades de pessoal e eventual realiza\u00e7\u00e3o de certame, observando a necessidade de dota\u00e7\u00f5es or\u00e7ament\u00e1rias espec\u00edficas. Segundo portaria divulgada [&hellip;]<\/p>\n","protected":false},"author":1206,"featured_media":1497048,"comment_status":"open","ping_status":"closed","sticky":false,"template":"","format":"standard","meta":{"post_tipo":"news","footnotes":""},"categories":[214992,220219],"tags":[],"tax_estado":[219982],"class_list":["post-1496486","post","type-post","status-publish","format-standard","has-post-thumbnail","hentry","category-concursos-administrativos","category-noticias","tax_estado-rj"],"acf":[],"yoast_head":"<!-- This site is optimized with the Yoast SEO Premium plugin v27.2 (Yoast SEO v27.2) - https:\/\/yoast.com\/product\/yoast-seo-premium-wordpress\/ -->\n<title>Detran RJ tem grupo formado para estudar novo concurso<\/title>\n<meta name=\"description\" content=\"Um novo concurso p\u00fablico Detran RJ pode finalmente acontecer. Isso porque foi formado o grupo para estudos do edital. Veja!\" \/>\n<meta name=\"robots\" content=\"index, follow, max-snippet:-1, max-image-preview:large, max-video-preview:-1\" \/>\n<link rel=\"canonical\" href=\"https:\/\/www.estrategiaconcursos.com.br\/blog\/detran-rj-grupo-estudos-novo-concurso\/\" \/>\n<meta property=\"og:locale\" content=\"pt_BR\" \/>\n<meta property=\"og:type\" content=\"article\" \/>\n<meta property=\"og:title\" content=\"Detran RJ tem grupo formado para estudar novo concurso\" \/>\n<meta property=\"og:description\" content=\"Um novo concurso p\u00fablico Detran RJ pode finalmente acontecer. Isso porque foi formado o grupo para estudos do edital. Veja!\" \/>\n<meta property=\"og:url\" content=\"https:\/\/www.estrategiaconcursos.com.br\/blog\/detran-rj-grupo-estudos-novo-concurso\/\" \/>\n<meta property=\"og:site_name\" content=\"Estrat\u00e9gia Concursos\" \/>\n<meta property=\"article:published_time\" content=\"2024-11-28T12:50:00+00:00\" \/>\n<meta property=\"article:modified_time\" content=\"2026-03-20T20:07:36+00:00\" \/>\n<meta property=\"og:image\" content=\"https:\/\/dhg1h5j42swfq.cloudfront.net\/2024\/11\/29072159\/detran-rj-2.jpg\" \/>\n\t<meta property=\"og:image:width\" content=\"768\" \/>\n\t<meta property=\"og:image:height\" content=\"432\" \/>\n\t<meta property=\"og:image:type\" content=\"image\/jpeg\" \/>\n<meta name=\"author\" content=\"Bruna de Andrade Fran\u00e7a\" \/>\n<meta name=\"twitter:card\" content=\"summary_large_image\" \/>\n<meta name=\"twitter:creator\" content=\"@EstratConcursos\" \/>\n<meta name=\"twitter:site\" content=\"@EstratConcursos\" \/>\n<meta name=\"twitter:label1\" content=\"Escrito por\" \/>\n\t<meta name=\"twitter:data1\" content=\"Bruna de Andrade Fran\u00e7a\" \/>\n\t<meta name=\"twitter:label2\" content=\"Est. tempo de leitura\" \/>\n\t<meta name=\"twitter:data2\" content=\"2 minutos\" \/>\n<script type=\"application\/ld+json\" class=\"yoast-schema-graph\">{\"@context\":\"https:\/\/schema.org\",\"@graph\":[{\"@type\":\"NewsArticle\",\"@id\":\"https:\/\/www.estrategiaconcursos.com.br\/blog\/detran-rj-grupo-estudos-novo-concurso\/#article\",\"isPartOf\":{\"@id\":\"https:\/\/www.estrategiaconcursos.com.br\/blog\/detran-rj-grupo-estudos-novo-concurso\/\"},\"author\":{\"name\":\"Bruna de Andrade Fran\u00e7a\",\"@id\":\"https:\/\/www.estrategiaconcursos.com.br\/blog\/#\/schema\/person\/6630f91134abc08115cca62ce6372855\"},\"headline\":\"Detran RJ tem grupo formado para estudar novo concurso\",\"datePublished\":\"2024-11-28T12:50:00+00:00\",\"dateModified\":\"2026-03-20T20:07:36+00:00\",\"mainEntityOfPage\":{\"@id\":\"https:\/\/www.estrategiaconcursos.com.br\/blog\/detran-rj-grupo-estudos-novo-concurso\/\"},\"wordCount\":386,\"commentCount\":0,\"publisher\":{\"@id\":\"https:\/\/www.estrategiaconcursos.com.br\/blog\/#organization\"},\"image\":{\"@id\":\"https:\/\/www.estrategiaconcursos.com.br\/blog\/detran-rj-grupo-estudos-novo-concurso\/#primaryimage\"},\"thumbnailUrl\":\"https:\/\/dhg1h5j42swfq.cloudfront.net\/2024\/11\/29072159\/detran-rj-2.jpg\",\"articleSection\":[\"Executivo (Administrativa)\",\"\u00daltimas not\u00edcias\"],\"inLanguage\":\"pt-BR\",\"potentialAction\":[{\"@type\":\"CommentAction\",\"name\":\"Comment\",\"target\":[\"https:\/\/www.estrategiaconcursos.com.br\/blog\/detran-rj-grupo-estudos-novo-concurso\/#respond\"]}],\"copyrightYear\":\"2024\",\"copyrightHolder\":{\"@id\":\"https:\/\/www.estrategiaconcursos.com.br\/blog\/#organization\"}},{\"@type\":\"WebPage\",\"@id\":\"https:\/\/www.estrategiaconcursos.com.br\/blog\/detran-rj-grupo-estudos-novo-concurso\/\",\"url\":\"https:\/\/www.estrategiaconcursos.com.br\/blog\/detran-rj-grupo-estudos-novo-concurso\/\",\"name\":\"Detran RJ tem grupo formado para estudar novo concurso\",\"isPartOf\":{\"@id\":\"https:\/\/www.estrategiaconcursos.com.br\/blog\/#website\"},\"primaryImageOfPage\":{\"@id\":\"https:\/\/www.estrategiaconcursos.com.br\/blog\/detran-rj-grupo-estudos-novo-concurso\/#primaryimage\"},\"image\":{\"@id\":\"https:\/\/www.estrategiaconcursos.com.br\/blog\/detran-rj-grupo-estudos-novo-concurso\/#primaryimage\"},\"thumbnailUrl\":\"https:\/\/dhg1h5j42swfq.cloudfront.net\/2024\/11\/29072159\/detran-rj-2.jpg\",\"datePublished\":\"2024-11-28T12:50:00+00:00\",\"dateModified\":\"2026-03-20T20:07:36+00:00\",\"description\":\"Um novo concurso p\u00fablico Detran RJ pode finalmente acontecer. Isso porque foi formado o grupo para estudos do edital. Veja!\",\"breadcrumb\":{\"@id\":\"https:\/\/www.estrategiaconcursos.com.br\/blog\/detran-rj-grupo-estudos-novo-concurso\/#breadcrumb\"},\"inLanguage\":\"pt-BR\",\"potentialAction\":[{\"@type\":\"ReadAction\",\"target\":[\"https:\/\/www.estrategiaconcursos.com.br\/blog\/detran-rj-grupo-estudos-novo-concurso\/\"]}]},{\"@type\":\"ImageObject\",\"inLanguage\":\"pt-BR\",\"@id\":\"https:\/\/www.estrategiaconcursos.com.br\/blog\/detran-rj-grupo-estudos-novo-concurso\/#primaryimage\",\"url\":\"https:\/\/dhg1h5j42swfq.cloudfront.net\/2024\/11\/29072159\/detran-rj-2.jpg\",\"contentUrl\":\"https:\/\/dhg1h5j42swfq.cloudfront.net\/2024\/11\/29072159\/detran-rj-2.jpg\",\"width\":768,\"height\":432,\"caption\":\"concurso Detran RJ\"},{\"@type\":\"BreadcrumbList\",\"@id\":\"https:\/\/www.estrategiaconcursos.com.br\/blog\/detran-rj-grupo-estudos-novo-concurso\/#breadcrumb\",\"itemListElement\":[{\"@type\":\"ListItem\",\"position\":1,\"name\":\"In\u00edcio\",\"item\":\"https:\/\/www.estrategiaconcursos.com.br\/blog\/\"},{\"@type\":\"ListItem\",\"position\":2,\"name\":\"Detran RJ tem grupo formado para estudar novo concurso\"}]},{\"@type\":\"WebSite\",\"@id\":\"https:\/\/www.estrategiaconcursos.com.br\/blog\/#website\",\"url\":\"https:\/\/www.estrategiaconcursos.com.br\/blog\/\",\"name\":\"Estrat\u00e9gia Concursos\",\"description\":\"O blog da Estrat\u00e9gia Concursos traz not\u00edcias sobre concursos e artigos de professores oferecendo cursos para concursos (pdf + videaulas) no site.\",\"publisher\":{\"@id\":\"https:\/\/www.estrategiaconcursos.com.br\/blog\/#organization\"},\"potentialAction\":[{\"@type\":\"SearchAction\",\"target\":{\"@type\":\"EntryPoint\",\"urlTemplate\":\"https:\/\/www.estrategiaconcursos.com.br\/blog\/?s={search_term_string}\"},\"query-input\":{\"@type\":\"PropertyValueSpecification\",\"valueRequired\":true,\"valueName\":\"search_term_string\"}}],\"inLanguage\":\"pt-BR\"},{\"@type\":\"Organization\",\"@id\":\"https:\/\/www.estrategiaconcursos.com.br\/blog\/#organization\",\"name\":\"Estrat\u00e9gia Concursos\",\"url\":\"https:\/\/www.estrategiaconcursos.com.br\/blog\/\",\"logo\":{\"@type\":\"ImageObject\",\"inLanguage\":\"pt-BR\",\"@id\":\"https:\/\/www.estrategiaconcursos.com.br\/blog\/#\/schema\/logo\/image\/\",\"url\":\"https:\/\/dhg1h5j42swfq.cloudfront.net\/2025\/06\/03203428\/logo_concursos-1.jpg\",\"contentUrl\":\"https:\/\/dhg1h5j42swfq.cloudfront.net\/2025\/06\/03203428\/logo_concursos-1.jpg\",\"width\":230,\"height\":60,\"caption\":\"Estrat\u00e9gia Concursos\"},\"image\":{\"@id\":\"https:\/\/www.estrategiaconcursos.com.br\/blog\/#\/schema\/logo\/image\/\"},\"sameAs\":[\"https:\/\/x.com\/EstratConcursos\"]},{\"@type\":\"Person\",\"@id\":\"https:\/\/www.estrategiaconcursos.com.br\/blog\/#\/schema\/person\/6630f91134abc08115cca62ce6372855\",\"name\":\"Bruna de Andrade Fran\u00e7a\",\"image\":{\"@type\":\"ImageObject\",\"inLanguage\":\"pt-BR\",\"@id\":\"https:\/\/secure.gravatar.com\/avatar\/d6316d36d50cea0fadae28ed3015b8870cc90a2d3d8a95c37b44006af36a00e3?s=96&d=mm&r=g\",\"url\":\"https:\/\/secure.gravatar.com\/avatar\/d6316d36d50cea0fadae28ed3015b8870cc90a2d3d8a95c37b44006af36a00e3?s=96&d=mm&r=g\",\"contentUrl\":\"https:\/\/secure.gravatar.com\/avatar\/d6316d36d50cea0fadae28ed3015b8870cc90a2d3d8a95c37b44006af36a00e3?s=96&d=mm&r=g\",\"caption\":\"Bruna de Andrade Fran\u00e7a\"},\"description\":\"Bruna de Andrade Fran\u00e7a \u00e9 publicit\u00e1ria com p\u00f3s-gradua\u00e7\u00e3o em Marketing &amp; Growth, atuando h\u00e1 mais de 6 anos no universo dos concursos p\u00fablicos. Desde 2021, lidera no Blog do Estrat\u00e9gia Concursos a cobertura editorial especializada em Concursos Policiais (PF, PRF, PM, PC, etc.), al\u00e9m das frentes de concursos banc\u00e1rios, de sa\u00fade e da \u00e1rea legislativa. Especialista em reda\u00e7\u00e3o, com pr\u00e1ticas de SEO e Copywriting, possui tamb\u00e9m atua\u00e7\u00e3o pr\u00e1tica de contato direto com \u00f3rg\u00e3os p\u00fablicos respons\u00e1veis por editais, permitindo acesso antecipado a informa\u00e7\u00f5es, desdobramentos importantes e atualiza\u00e7\u00e3o eficiente dos concursos p\u00fablicos.\",\"url\":\"https:\/\/www.estrategiaconcursos.com.br\/blog\/author\/bruna-andrade\/\"}]}<\/script>\n<!-- \/ Yoast SEO Premium plugin. -->","yoast_head_json":{"title":"Detran RJ tem grupo formado para estudar novo concurso","description":"Um novo concurso p\u00fablico Detran RJ pode finalmente acontecer. Isso porque foi formado o grupo para estudos do edital. Veja!","robots":{"index":"index","follow":"follow","max-snippet":"max-snippet:-1","max-image-preview":"max-image-preview:large","max-video-preview":"max-video-preview:-1"},"canonical":"https:\/\/www.estrategiaconcursos.com.br\/blog\/detran-rj-grupo-estudos-novo-concurso\/","og_locale":"pt_BR","og_type":"article","og_title":"Detran RJ tem grupo formado para estudar novo concurso","og_description":"Um novo concurso p\u00fablico Detran RJ pode finalmente acontecer. Isso porque foi formado o grupo para estudos do edital. Veja!","og_url":"https:\/\/www.estrategiaconcursos.com.br\/blog\/detran-rj-grupo-estudos-novo-concurso\/","og_site_name":"Estrat\u00e9gia Concursos","article_published_time":"2024-11-28T12:50:00+00:00","article_modified_time":"2026-03-20T20:07:36+00:00","og_image":[{"width":768,"height":432,"url":"https:\/\/dhg1h5j42swfq.cloudfront.net\/2024\/11\/29072159\/detran-rj-2.jpg","type":"image\/jpeg"}],"author":"Bruna de Andrade Fran\u00e7a","twitter_card":"summary_large_image","twitter_creator":"@EstratConcursos","twitter_site":"@EstratConcursos","twitter_misc":{"Escrito por":"Bruna de Andrade Fran\u00e7a","Est. tempo de leitura":"2 minutos"},"schema":{"@context":"https:\/\/schema.org","@graph":[{"@type":"NewsArticle","@id":"https:\/\/www.estrategiaconcursos.com.br\/blog\/detran-rj-grupo-estudos-novo-concurso\/#article","isPartOf":{"@id":"https:\/\/www.estrategiaconcursos.com.br\/blog\/detran-rj-grupo-estudos-novo-concurso\/"},"author":{"name":"Bruna de Andrade Fran\u00e7a","@id":"https:\/\/www.estrategiaconcursos.com.br\/blog\/#\/schema\/person\/6630f91134abc08115cca62ce6372855"},"headline":"Detran RJ tem grupo formado para estudar novo concurso","datePublished":"2024-11-28T12:50:00+00:00","dateModified":"2026-03-20T20:07:36+00:00","mainEntityOfPage":{"@id":"https:\/\/www.estrategiaconcursos.com.br\/blog\/detran-rj-grupo-estudos-novo-concurso\/"},"wordCount":386,"commentCount":0,"publisher":{"@id":"https:\/\/www.estrategiaconcursos.com.br\/blog\/#organization"},"image":{"@id":"https:\/\/www.estrategiaconcursos.com.br\/blog\/detran-rj-grupo-estudos-novo-concurso\/#primaryimage"},"thumbnailUrl":"https:\/\/dhg1h5j42swfq.cloudfront.net\/2024\/11\/29072159\/detran-rj-2.jpg","articleSection":["Executivo (Administrativa)","\u00daltimas not\u00edcias"],"inLanguage":"pt-BR","potentialAction":[{"@type":"CommentAction","name":"Comment","target":["https:\/\/www.estrategiaconcursos.com.br\/blog\/detran-rj-grupo-estudos-novo-concurso\/#respond"]}],"copyrightYear":"2024","copyrightHolder":{"@id":"https:\/\/www.estrategiaconcursos.com.br\/blog\/#organization"}},{"@type":"WebPage","@id":"https:\/\/www.estrategiaconcursos.com.br\/blog\/detran-rj-grupo-estudos-novo-concurso\/","url":"https:\/\/www.estrategiaconcursos.com.br\/blog\/detran-rj-grupo-estudos-novo-concurso\/","name":"Detran RJ tem grupo formado para estudar novo concurso","isPartOf":{"@id":"https:\/\/www.estrategiaconcursos.com.br\/blog\/#website"},"primaryImageOfPage":{"@id":"https:\/\/www.estrategiaconcursos.com.br\/blog\/detran-rj-grupo-estudos-novo-concurso\/#primaryimage"},"image":{"@id":"https:\/\/www.estrategiaconcursos.com.br\/blog\/detran-rj-grupo-estudos-novo-concurso\/#primaryimage"},"thumbnailUrl":"https:\/\/dhg1h5j42swfq.cloudfront.net\/2024\/11\/29072159\/detran-rj-2.jpg","datePublished":"2024-11-28T12:50:00+00:00","dateModified":"2026-03-20T20:07:36+00:00","description":"Um novo concurso p\u00fablico Detran RJ pode finalmente acontecer. Isso porque foi formado o grupo para estudos do edital. Veja!","breadcrumb":{"@id":"https:\/\/www.estrategiaconcursos.com.br\/blog\/detran-rj-grupo-estudos-novo-concurso\/#breadcrumb"},"inLanguage":"pt-BR","potentialAction":[{"@type":"ReadAction","target":["https:\/\/www.estrategiaconcursos.com.br\/blog\/detran-rj-grupo-estudos-novo-concurso\/"]}]},{"@type":"ImageObject","inLanguage":"pt-BR","@id":"https:\/\/www.estrategiaconcursos.com.br\/blog\/detran-rj-grupo-estudos-novo-concurso\/#primaryimage","url":"https:\/\/dhg1h5j42swfq.cloudfront.net\/2024\/11\/29072159\/detran-rj-2.jpg","contentUrl":"https:\/\/dhg1h5j42swfq.cloudfront.net\/2024\/11\/29072159\/detran-rj-2.jpg","width":768,"height":432,"caption":"concurso Detran RJ"},{"@type":"BreadcrumbList","@id":"https:\/\/www.estrategiaconcursos.com.br\/blog\/detran-rj-grupo-estudos-novo-concurso\/#breadcrumb","itemListElement":[{"@type":"ListItem","position":1,"name":"In\u00edcio","item":"https:\/\/www.estrategiaconcursos.com.br\/blog\/"},{"@type":"ListItem","position":2,"name":"Detran RJ tem grupo formado para estudar novo concurso"}]},{"@type":"WebSite","@id":"https:\/\/www.estrategiaconcursos.com.br\/blog\/#website","url":"https:\/\/www.estrategiaconcursos.com.br\/blog\/","name":"Estrat\u00e9gia Concursos","description":"O blog da Estrat\u00e9gia Concursos traz not\u00edcias sobre concursos e artigos de professores oferecendo cursos para concursos (pdf + videaulas) no site.","publisher":{"@id":"https:\/\/www.estrategiaconcursos.com.br\/blog\/#organization"},"potentialAction":[{"@type":"SearchAction","target":{"@type":"EntryPoint","urlTemplate":"https:\/\/www.estrategiaconcursos.com.br\/blog\/?s={search_term_string}"},"query-input":{"@type":"PropertyValueSpecification","valueRequired":true,"valueName":"search_term_string"}}],"inLanguage":"pt-BR"},{"@type":"Organization","@id":"https:\/\/www.estrategiaconcursos.com.br\/blog\/#organization","name":"Estrat\u00e9gia Concursos","url":"https:\/\/www.estrategiaconcursos.com.br\/blog\/","logo":{"@type":"ImageObject","inLanguage":"pt-BR","@id":"https:\/\/www.estrategiaconcursos.com.br\/blog\/#\/schema\/logo\/image\/","url":"https:\/\/dhg1h5j42swfq.cloudfront.net\/2025\/06\/03203428\/logo_concursos-1.jpg","contentUrl":"https:\/\/dhg1h5j42swfq.cloudfront.net\/2025\/06\/03203428\/logo_concursos-1.jpg","width":230,"height":60,"caption":"Estrat\u00e9gia Concursos"},"image":{"@id":"https:\/\/www.estrategiaconcursos.com.br\/blog\/#\/schema\/logo\/image\/"},"sameAs":["https:\/\/x.com\/EstratConcursos"]},{"@type":"Person","@id":"https:\/\/www.estrategiaconcursos.com.br\/blog\/#\/schema\/person\/6630f91134abc08115cca62ce6372855","name":"Bruna de Andrade Fran\u00e7a","image":{"@type":"ImageObject","inLanguage":"pt-BR","@id":"https:\/\/secure.gravatar.com\/avatar\/d6316d36d50cea0fadae28ed3015b8870cc90a2d3d8a95c37b44006af36a00e3?s=96&d=mm&r=g","url":"https:\/\/secure.gravatar.com\/avatar\/d6316d36d50cea0fadae28ed3015b8870cc90a2d3d8a95c37b44006af36a00e3?s=96&d=mm&r=g","contentUrl":"https:\/\/secure.gravatar.com\/avatar\/d6316d36d50cea0fadae28ed3015b8870cc90a2d3d8a95c37b44006af36a00e3?s=96&d=mm&r=g","caption":"Bruna de Andrade Fran\u00e7a"},"description":"Bruna de Andrade Fran\u00e7a \u00e9 publicit\u00e1ria com p\u00f3s-gradua\u00e7\u00e3o em Marketing &amp; Growth, atuando h\u00e1 mais de 6 anos no universo dos concursos p\u00fablicos. Desde 2021, lidera no Blog do Estrat\u00e9gia Concursos a cobertura editorial especializada em Concursos Policiais (PF, PRF, PM, PC, etc.), al\u00e9m das frentes de concursos banc\u00e1rios, de sa\u00fade e da \u00e1rea legislativa. Especialista em reda\u00e7\u00e3o, com pr\u00e1ticas de SEO e Copywriting, possui tamb\u00e9m atua\u00e7\u00e3o pr\u00e1tica de contato direto com \u00f3rg\u00e3os p\u00fablicos respons\u00e1veis por editais, permitindo acesso antecipado a informa\u00e7\u00f5es, desdobramentos importantes e atualiza\u00e7\u00e3o eficiente dos concursos p\u00fablicos.","url":"https:\/\/www.estrategiaconcursos.com.br\/blog\/author\/bruna-andrade\/"}]}},"_links":{"self":[{"href":"https:\/\/www.estrategiaconcursos.com.br\/blog\/wp-json\/wp\/v2\/posts\/1496486","targetHints":{"allow":["GET"]}}],"collection":[{"href":"https:\/\/www.estrategiaconcursos.com.br\/blog\/wp-json\/wp\/v2\/posts"}],"about":[{"href":"https:\/\/www.estrategiaconcursos.com.br\/blog\/wp-json\/wp\/v2\/types\/post"}],"author":[{"embeddable":true,"href":"https:\/\/www.estrategiaconcursos.com.br\/blog\/wp-json\/wp\/v2\/users\/1206"}],"replies":[{"embeddable":true,"href":"https:\/\/www.estrategiaconcursos.com.br\/blog\/wp-json\/wp\/v2\/comments?post=1496486"}],"version-history":[{"count":4,"href":"https:\/\/www.estrategiaconcursos.com.br\/blog\/wp-json\/wp\/v2\/posts\/1496486\/revisions"}],"predecessor-version":[{"id":1496556,"href":"https:\/\/www.estrategiaconcursos.com.br\/blog\/wp-json\/wp\/v2\/posts\/1496486\/revisions\/1496556"}],"wp:featuredmedia":[{"embeddable":true,"href":"https:\/\/www.estrategiaconcursos.com.br\/blog\/wp-json\/wp\/v2\/media\/1497048"}],"wp:attachment":[{"href":"https:\/\/www.estrategiaconcursos.com.br\/blog\/wp-json\/wp\/v2\/media?parent=1496486"}],"wp:term":[{"taxonomy":"category","embeddable":true,"href":"https:\/\/www.estrategiaconcursos.com.br\/blog\/wp-json\/wp\/v2\/categories?post=1496486"},{"taxonomy":"post_tag","embeddable":true,"href":"https:\/\/www.estrategiaconcursos.com.br\/blog\/wp-json\/wp\/v2\/tags?post=1496486"},{"taxonomy":"tax_estado","embeddable":true,"href":"https:\/\/www.estrategiaconcursos.com.br\/blog\/wp-json\/wp\/v2\/tax_estado?post=1496486"}],"curies":[{"name":"wp","href":"https:\/\/api.w.org\/{rel}","templated":true}]}}