{"id":149608,"date":"2018-10-31T05:52:57","date_gmt":"2018-10-31T08:52:57","guid":{"rendered":"https:\/\/www.estrategiaconcursos.com.br\/blog\/?p=149608"},"modified":"2022-10-11T11:34:54","modified_gmt":"2022-10-11T14:34:54","slug":"bolsonaro-eleito-o-que-acontecera-com-o-concurso-prf","status":"publish","type":"post","link":"https:\/\/www.estrategiaconcursos.com.br\/blog\/bolsonaro-eleito-o-que-acontecera-com-o-concurso-prf\/","title":{"rendered":"Bolsonaro eleito: o que acontecer\u00e1 com o concurso PRF 2018?"},"content":{"rendered":"<p>Ol\u00e1, queridos alunos e alunas!<\/p>\n<p><a href=\"https:\/\/www.estrategiaconcursos.com.br\/blog\/bolsonaro-eleito-o-que-acontecera-com-o-concurso-prf\/bolsonaro\/\" rel=\"attachment wp-att-149612\"><img loading=\"lazy\" decoding=\"async\" class=\"wp-image-149612 alignleft\" src=\"https:\/\/dhg1h5j42swfq.cloudfront.net\/2018\/10\/31055158\/bolsonaro.png\" alt=\"\" width=\"315\" height=\"178\" srcset=\"https:\/\/dhg1h5j42swfq.cloudfront.net\/2018\/10\/31055158\/bolsonaro.png 618w, https:\/\/dhg1h5j42swfq.cloudfront.net\/2018\/10\/31055158\/bolsonaro.png 300w, https:\/\/dhg1h5j42swfq.cloudfront.net\/2018\/10\/31055158\/bolsonaro.png 610w\" sizes=\"auto, (max-width: 315px) 100vw, 315px\" \/><\/a>Para quem n\u00e3o me conhece ainda, meu nome \u00e9 <strong>Marcos Gir\u00e3o<\/strong> e sou professor aqui do Estrat\u00e9gia Concursos, lecionando as disciplinas Leis Penais Especiais e Legisla\u00e7\u00e3o de Tr\u00e2nsito para Concursos P\u00fablicos.<\/p>\n<p>Bom, novo Presidente eleito pelo voto popular, muitas perguntas come\u00e7am a aparecer no mundo dos concursos!<\/p>\n<p>O que acontecer\u00e1 com os concursos p\u00fablicos federais?<\/p>\n<p>E<strong> o concurso PRF que estava pra sair? Ser\u00e1 que a equipe de transi\u00e7\u00e3o vai barrar esse concurso? Vai haver mesmo?<\/strong><\/p>\n<p>V\u00e1rios colegas aqui do Estrat\u00e9gia j\u00e1 v\u00eam tentando esclarecer e responder a algumas dessas perguntas, dentro de suas respectivas \u00e1reas, considerando suas experi\u00eancias e dados estat\u00edsticos e or\u00e7ament\u00e1rios. Da nossa parte, tentando ajud\u00e1-los com as d\u00favidas que come\u00e7am a sugir quanto ao iminente concurso <span style=\"color: #000080; font-size: 14pt;\"><strong>PRF 2018<\/strong><\/span>, o que tenho a dizer \u00e9 que <strong>FIQUEM ABSOLUTAMENTE TRANQUILOS<\/strong>!<\/p>\n<p>Os concurso j\u00e1 est\u00e1 autorizado pelo Governo Temer, dentro do or\u00e7amento previsto para o ano que vem, banca escolhida, extrato de contrata\u00e7\u00e3o da banca publicado e edital pra ser publicado a qualquer momento!<\/p>\n<p><strong>Voc\u00ea acha mesmo que um concurso important\u00edssimo concurso desse, ainda mais para a \u00e1rea de SEGURAN\u00c7A P\u00daBLICA, seria desconsiderado ou at\u00e9 mesmo revisto pelo novo governo de Jair Bolsonaro???<\/strong><\/p>\n<p>Resposta com toda a sinceridade: <span style=\"color: #ff0000;\"><strong>DE JEITO NENHUMMMMM! N\u00c3O TEM NEM PERIGO!<\/strong><\/span><\/p>\n<p>O que voc\u00ea precisa fazer agora, quando talvez muitos esmorecer\u00e3o (por conta de pessimismos equivocados), \u00e9 estudar, estudar e estudar &#8220;com sangue nos \u00f3i&#8221; essa reta final!<\/p>\n<p><strong>Tirem suas conclus\u00f5es e sigam o caminho que considerarem melhor! Para mim, o melhor para voc\u00ea \u00e9 continuar na luta pra ser um PRF!<\/strong><\/p>\n<div>Bom, \u00e9 isso!<\/div>\n<div><\/div>\n<div>E se quiserem falar comigo, <strong>tirar d\u00favidas<\/strong> e ter <strong>acesso a dicas e conte\u00fados gratuitos<\/strong>, acesse nossas redes sociais:<\/div>\n<div><\/div>\n<div><strong>Email: professormarcosgiraoestrategia@gmail.com<\/strong><\/div>\n<div><\/div>\n<div><strong><a href=\"https:\/\/www.facebook.com\/ProfMarcosGirao\">Fanpage do Prof. Marcos Gir\u00e3o<\/a><\/strong><\/div>\n<div><\/div>\n<div><strong><a href=\"https:\/\/www.youtube.com\/channel\/UCsjAzxopmLjgmxkeR1Lo6wQ\">Canal do Youtube &#8211; Prof. Marcos Gir\u00e3o<\/a><\/strong><\/div>\n<div><\/div>\n<div>\n<p><strong>Instagram: @profmarcosgirao<\/strong><\/p>\n<\/div>\n","protected":false},"excerpt":{"rendered":"<p>Ol\u00e1, queridos alunos e alunas! Para quem n\u00e3o me conhece ainda, meu nome \u00e9 Marcos Gir\u00e3o e sou professor aqui do Estrat\u00e9gia Concursos, lecionando as disciplinas Leis Penais Especiais e Legisla\u00e7\u00e3o de Tr\u00e2nsito para Concursos P\u00fablicos. Bom, novo Presidente eleito pelo voto popular, muitas perguntas come\u00e7am a aparecer no mundo dos concursos! O que acontecer\u00e1 [&hellip;]<\/p>\n","protected":false},"author":248,"featured_media":149612,"comment_status":"open","ping_status":"closed","sticky":false,"template":"","format":"standard","meta":{"post_tipo":"article","footnotes":""},"categories":[1],"tags":[37476],"tax_estado":[],"class_list":["post-149608","post","type-post","status-publish","format-standard","has-post-thumbnail","hentry","category-cursos-e-concursos","tag-bolsonaro-eleito-concurso-prf"],"acf":[],"yoast_head":"<!-- This site is optimized with the Yoast SEO Premium plugin v27.2 (Yoast SEO v27.2) - https:\/\/yoast.com\/product\/yoast-seo-premium-wordpress\/ -->\n<title>Bolsonaro eleito: o que acontecer\u00e1 com o concurso PRF 2018?<\/title>\n<meta name=\"robots\" content=\"index, follow, max-snippet:-1, max-image-preview:large, max-video-preview:-1\" \/>\n<link rel=\"canonical\" href=\"https:\/\/www.estrategiaconcursos.com.br\/blog\/bolsonaro-eleito-o-que-acontecera-com-o-concurso-prf\/\" \/>\n<meta property=\"og:locale\" content=\"pt_BR\" \/>\n<meta property=\"og:type\" content=\"article\" \/>\n<meta property=\"og:title\" content=\"Bolsonaro eleito: o que acontecer\u00e1 com o concurso PRF 2018?\" \/>\n<meta property=\"og:description\" content=\"Ol\u00e1, queridos alunos e alunas! Para quem n\u00e3o me conhece ainda, meu nome \u00e9 Marcos Gir\u00e3o e sou professor aqui do Estrat\u00e9gia Concursos, lecionando as disciplinas Leis Penais Especiais e Legisla\u00e7\u00e3o de Tr\u00e2nsito para Concursos P\u00fablicos. Bom, novo Presidente eleito pelo voto popular, muitas perguntas come\u00e7am a aparecer no mundo dos concursos! O que acontecer\u00e1 [&hellip;]\" \/>\n<meta property=\"og:url\" content=\"https:\/\/www.estrategiaconcursos.com.br\/blog\/bolsonaro-eleito-o-que-acontecera-com-o-concurso-prf\/\" \/>\n<meta property=\"og:site_name\" content=\"Estrat\u00e9gia Concursos\" \/>\n<meta property=\"article:published_time\" content=\"2018-10-31T08:52:57+00:00\" \/>\n<meta property=\"article:modified_time\" content=\"2022-10-11T14:34:54+00:00\" \/>\n<meta property=\"og:image\" content=\"https:\/\/dhg1h5j42swfq.cloudfront.net\/2018\/10\/31055158\/bolsonaro.png\" \/>\n\t<meta property=\"og:image:width\" content=\"618\" \/>\n\t<meta property=\"og:image:height\" content=\"349\" \/>\n\t<meta property=\"og:image:type\" content=\"image\/png\" \/>\n<meta name=\"author\" content=\"Marcos Gir\u00e3o\" \/>\n<meta name=\"twitter:card\" content=\"summary_large_image\" \/>\n<meta name=\"twitter:creator\" content=\"@EstratConcursos\" \/>\n<meta name=\"twitter:site\" content=\"@EstratConcursos\" \/>\n<meta name=\"twitter:label1\" content=\"Escrito por\" \/>\n\t<meta name=\"twitter:data1\" content=\"Marcos Gir\u00e3o\" \/>\n\t<meta name=\"twitter:label2\" content=\"Est. tempo de leitura\" \/>\n\t<meta name=\"twitter:data2\" content=\"2 minutos\" \/>\n<script type=\"application\/ld+json\" class=\"yoast-schema-graph\">{\"@context\":\"https:\/\/schema.org\",\"@graph\":[{\"@type\":\"NewsArticle\",\"@id\":\"https:\/\/www.estrategiaconcursos.com.br\/blog\/bolsonaro-eleito-o-que-acontecera-com-o-concurso-prf\/#article\",\"isPartOf\":{\"@id\":\"https:\/\/www.estrategiaconcursos.com.br\/blog\/bolsonaro-eleito-o-que-acontecera-com-o-concurso-prf\/\"},\"author\":{\"name\":\"Marcos Gir\u00e3o\",\"@id\":\"https:\/\/www.estrategiaconcursos.com.br\/blog\/#\/schema\/person\/6be195b7a02a8ca214472b848686bb37\"},\"headline\":\"Bolsonaro eleito: o que acontecer\u00e1 com o concurso PRF 2018?\",\"datePublished\":\"2018-10-31T08:52:57+00:00\",\"dateModified\":\"2022-10-11T14:34:54+00:00\",\"mainEntityOfPage\":{\"@id\":\"https:\/\/www.estrategiaconcursos.com.br\/blog\/bolsonaro-eleito-o-que-acontecera-com-o-concurso-prf\/\"},\"wordCount\":336,\"commentCount\":2,\"publisher\":{\"@id\":\"https:\/\/www.estrategiaconcursos.com.br\/blog\/#organization\"},\"image\":{\"@id\":\"https:\/\/www.estrategiaconcursos.com.br\/blog\/bolsonaro-eleito-o-que-acontecera-com-o-concurso-prf\/#primaryimage\"},\"thumbnailUrl\":\"https:\/\/dhg1h5j42swfq.cloudfront.net\/2018\/10\/31055158\/bolsonaro.png\",\"keywords\":[\"bolsonaro eleito; concurso prf\"],\"articleSection\":[\"Concursos P\u00fablicos\"],\"inLanguage\":\"pt-BR\",\"potentialAction\":[{\"@type\":\"CommentAction\",\"name\":\"Comment\",\"target\":[\"https:\/\/www.estrategiaconcursos.com.br\/blog\/bolsonaro-eleito-o-que-acontecera-com-o-concurso-prf\/#respond\"]}],\"copyrightYear\":\"2018\",\"copyrightHolder\":{\"@id\":\"https:\/\/www.estrategiaconcursos.com.br\/blog\/#organization\"}},{\"@type\":\"WebPage\",\"@id\":\"https:\/\/www.estrategiaconcursos.com.br\/blog\/bolsonaro-eleito-o-que-acontecera-com-o-concurso-prf\/\",\"url\":\"https:\/\/www.estrategiaconcursos.com.br\/blog\/bolsonaro-eleito-o-que-acontecera-com-o-concurso-prf\/\",\"name\":\"Bolsonaro eleito: o que acontecer\u00e1 com o concurso PRF 2018?\",\"isPartOf\":{\"@id\":\"https:\/\/www.estrategiaconcursos.com.br\/blog\/#website\"},\"primaryImageOfPage\":{\"@id\":\"https:\/\/www.estrategiaconcursos.com.br\/blog\/bolsonaro-eleito-o-que-acontecera-com-o-concurso-prf\/#primaryimage\"},\"image\":{\"@id\":\"https:\/\/www.estrategiaconcursos.com.br\/blog\/bolsonaro-eleito-o-que-acontecera-com-o-concurso-prf\/#primaryimage\"},\"thumbnailUrl\":\"https:\/\/dhg1h5j42swfq.cloudfront.net\/2018\/10\/31055158\/bolsonaro.png\",\"datePublished\":\"2018-10-31T08:52:57+00:00\",\"dateModified\":\"2022-10-11T14:34:54+00:00\",\"breadcrumb\":{\"@id\":\"https:\/\/www.estrategiaconcursos.com.br\/blog\/bolsonaro-eleito-o-que-acontecera-com-o-concurso-prf\/#breadcrumb\"},\"inLanguage\":\"pt-BR\",\"potentialAction\":[{\"@type\":\"ReadAction\",\"target\":[\"https:\/\/www.estrategiaconcursos.com.br\/blog\/bolsonaro-eleito-o-que-acontecera-com-o-concurso-prf\/\"]}]},{\"@type\":\"ImageObject\",\"inLanguage\":\"pt-BR\",\"@id\":\"https:\/\/www.estrategiaconcursos.com.br\/blog\/bolsonaro-eleito-o-que-acontecera-com-o-concurso-prf\/#primaryimage\",\"url\":\"https:\/\/dhg1h5j42swfq.cloudfront.net\/2018\/10\/31055158\/bolsonaro.png\",\"contentUrl\":\"https:\/\/dhg1h5j42swfq.cloudfront.net\/2018\/10\/31055158\/bolsonaro.png\",\"width\":618,\"height\":349},{\"@type\":\"BreadcrumbList\",\"@id\":\"https:\/\/www.estrategiaconcursos.com.br\/blog\/bolsonaro-eleito-o-que-acontecera-com-o-concurso-prf\/#breadcrumb\",\"itemListElement\":[{\"@type\":\"ListItem\",\"position\":1,\"name\":\"In\u00edcio\",\"item\":\"https:\/\/www.estrategiaconcursos.com.br\/blog\/\"},{\"@type\":\"ListItem\",\"position\":2,\"name\":\"Bolsonaro eleito: o que acontecer\u00e1 com o concurso PRF 2018?\"}]},{\"@type\":\"WebSite\",\"@id\":\"https:\/\/www.estrategiaconcursos.com.br\/blog\/#website\",\"url\":\"https:\/\/www.estrategiaconcursos.com.br\/blog\/\",\"name\":\"Estrat\u00e9gia Concursos\",\"description\":\"O blog da Estrat\u00e9gia Concursos traz not\u00edcias sobre concursos e artigos de professores oferecendo cursos para concursos (pdf + videaulas) no site.\",\"publisher\":{\"@id\":\"https:\/\/www.estrategiaconcursos.com.br\/blog\/#organization\"},\"potentialAction\":[{\"@type\":\"SearchAction\",\"target\":{\"@type\":\"EntryPoint\",\"urlTemplate\":\"https:\/\/www.estrategiaconcursos.com.br\/blog\/?s={search_term_string}\"},\"query-input\":{\"@type\":\"PropertyValueSpecification\",\"valueRequired\":true,\"valueName\":\"search_term_string\"}}],\"inLanguage\":\"pt-BR\"},{\"@type\":\"Organization\",\"@id\":\"https:\/\/www.estrategiaconcursos.com.br\/blog\/#organization\",\"name\":\"Estrat\u00e9gia Concursos\",\"url\":\"https:\/\/www.estrategiaconcursos.com.br\/blog\/\",\"logo\":{\"@type\":\"ImageObject\",\"inLanguage\":\"pt-BR\",\"@id\":\"https:\/\/www.estrategiaconcursos.com.br\/blog\/#\/schema\/logo\/image\/\",\"url\":\"https:\/\/dhg1h5j42swfq.cloudfront.net\/2025\/06\/03203428\/logo_concursos-1.jpg\",\"contentUrl\":\"https:\/\/dhg1h5j42swfq.cloudfront.net\/2025\/06\/03203428\/logo_concursos-1.jpg\",\"width\":230,\"height\":60,\"caption\":\"Estrat\u00e9gia Concursos\"},\"image\":{\"@id\":\"https:\/\/www.estrategiaconcursos.com.br\/blog\/#\/schema\/logo\/image\/\"},\"sameAs\":[\"https:\/\/x.com\/EstratConcursos\"]},{\"@type\":\"Person\",\"@id\":\"https:\/\/www.estrategiaconcursos.com.br\/blog\/#\/schema\/person\/6be195b7a02a8ca214472b848686bb37\",\"name\":\"Marcos Gir\u00e3o\",\"image\":{\"@type\":\"ImageObject\",\"inLanguage\":\"pt-BR\",\"@id\":\"https:\/\/secure.gravatar.com\/avatar\/ac5b9a36e2c99a8280e07b5763e3b764471d5b861c47521bfd2edffdfbb06fbd?s=96&d=mm&r=g\",\"url\":\"https:\/\/secure.gravatar.com\/avatar\/ac5b9a36e2c99a8280e07b5763e3b764471d5b861c47521bfd2edffdfbb06fbd?s=96&d=mm&r=g\",\"contentUrl\":\"https:\/\/secure.gravatar.com\/avatar\/ac5b9a36e2c99a8280e07b5763e3b764471d5b861c47521bfd2edffdfbb06fbd?s=96&d=mm&r=g\",\"caption\":\"Marcos Gir\u00e3o\"},\"url\":\"https:\/\/www.estrategiaconcursos.com.br\/blog\/author\/marcosgiraoestrategiaconcursos-com-br\/\"}]}<\/script>\n<!-- \/ Yoast SEO Premium plugin. -->","yoast_head_json":{"title":"Bolsonaro eleito: o que acontecer\u00e1 com o concurso PRF 2018?","robots":{"index":"index","follow":"follow","max-snippet":"max-snippet:-1","max-image-preview":"max-image-preview:large","max-video-preview":"max-video-preview:-1"},"canonical":"https:\/\/www.estrategiaconcursos.com.br\/blog\/bolsonaro-eleito-o-que-acontecera-com-o-concurso-prf\/","og_locale":"pt_BR","og_type":"article","og_title":"Bolsonaro eleito: o que acontecer\u00e1 com o concurso PRF 2018?","og_description":"Ol\u00e1, queridos alunos e alunas! Para quem n\u00e3o me conhece ainda, meu nome \u00e9 Marcos Gir\u00e3o e sou professor aqui do Estrat\u00e9gia Concursos, lecionando as disciplinas Leis Penais Especiais e Legisla\u00e7\u00e3o de Tr\u00e2nsito para Concursos P\u00fablicos. Bom, novo Presidente eleito pelo voto popular, muitas perguntas come\u00e7am a aparecer no mundo dos concursos! O que acontecer\u00e1 [&hellip;]","og_url":"https:\/\/www.estrategiaconcursos.com.br\/blog\/bolsonaro-eleito-o-que-acontecera-com-o-concurso-prf\/","og_site_name":"Estrat\u00e9gia Concursos","article_published_time":"2018-10-31T08:52:57+00:00","article_modified_time":"2022-10-11T14:34:54+00:00","og_image":[{"width":618,"height":349,"url":"https:\/\/dhg1h5j42swfq.cloudfront.net\/2018\/10\/31055158\/bolsonaro.png","type":"image\/png"}],"author":"Marcos Gir\u00e3o","twitter_card":"summary_large_image","twitter_creator":"@EstratConcursos","twitter_site":"@EstratConcursos","twitter_misc":{"Escrito por":"Marcos Gir\u00e3o","Est. tempo de leitura":"2 minutos"},"schema":{"@context":"https:\/\/schema.org","@graph":[{"@type":"NewsArticle","@id":"https:\/\/www.estrategiaconcursos.com.br\/blog\/bolsonaro-eleito-o-que-acontecera-com-o-concurso-prf\/#article","isPartOf":{"@id":"https:\/\/www.estrategiaconcursos.com.br\/blog\/bolsonaro-eleito-o-que-acontecera-com-o-concurso-prf\/"},"author":{"name":"Marcos Gir\u00e3o","@id":"https:\/\/www.estrategiaconcursos.com.br\/blog\/#\/schema\/person\/6be195b7a02a8ca214472b848686bb37"},"headline":"Bolsonaro eleito: o que acontecer\u00e1 com o concurso PRF 2018?","datePublished":"2018-10-31T08:52:57+00:00","dateModified":"2022-10-11T14:34:54+00:00","mainEntityOfPage":{"@id":"https:\/\/www.estrategiaconcursos.com.br\/blog\/bolsonaro-eleito-o-que-acontecera-com-o-concurso-prf\/"},"wordCount":336,"commentCount":2,"publisher":{"@id":"https:\/\/www.estrategiaconcursos.com.br\/blog\/#organization"},"image":{"@id":"https:\/\/www.estrategiaconcursos.com.br\/blog\/bolsonaro-eleito-o-que-acontecera-com-o-concurso-prf\/#primaryimage"},"thumbnailUrl":"https:\/\/dhg1h5j42swfq.cloudfront.net\/2018\/10\/31055158\/bolsonaro.png","keywords":["bolsonaro eleito; concurso prf"],"articleSection":["Concursos P\u00fablicos"],"inLanguage":"pt-BR","potentialAction":[{"@type":"CommentAction","name":"Comment","target":["https:\/\/www.estrategiaconcursos.com.br\/blog\/bolsonaro-eleito-o-que-acontecera-com-o-concurso-prf\/#respond"]}],"copyrightYear":"2018","copyrightHolder":{"@id":"https:\/\/www.estrategiaconcursos.com.br\/blog\/#organization"}},{"@type":"WebPage","@id":"https:\/\/www.estrategiaconcursos.com.br\/blog\/bolsonaro-eleito-o-que-acontecera-com-o-concurso-prf\/","url":"https:\/\/www.estrategiaconcursos.com.br\/blog\/bolsonaro-eleito-o-que-acontecera-com-o-concurso-prf\/","name":"Bolsonaro eleito: o que acontecer\u00e1 com o concurso PRF 2018?","isPartOf":{"@id":"https:\/\/www.estrategiaconcursos.com.br\/blog\/#website"},"primaryImageOfPage":{"@id":"https:\/\/www.estrategiaconcursos.com.br\/blog\/bolsonaro-eleito-o-que-acontecera-com-o-concurso-prf\/#primaryimage"},"image":{"@id":"https:\/\/www.estrategiaconcursos.com.br\/blog\/bolsonaro-eleito-o-que-acontecera-com-o-concurso-prf\/#primaryimage"},"thumbnailUrl":"https:\/\/dhg1h5j42swfq.cloudfront.net\/2018\/10\/31055158\/bolsonaro.png","datePublished":"2018-10-31T08:52:57+00:00","dateModified":"2022-10-11T14:34:54+00:00","breadcrumb":{"@id":"https:\/\/www.estrategiaconcursos.com.br\/blog\/bolsonaro-eleito-o-que-acontecera-com-o-concurso-prf\/#breadcrumb"},"inLanguage":"pt-BR","potentialAction":[{"@type":"ReadAction","target":["https:\/\/www.estrategiaconcursos.com.br\/blog\/bolsonaro-eleito-o-que-acontecera-com-o-concurso-prf\/"]}]},{"@type":"ImageObject","inLanguage":"pt-BR","@id":"https:\/\/www.estrategiaconcursos.com.br\/blog\/bolsonaro-eleito-o-que-acontecera-com-o-concurso-prf\/#primaryimage","url":"https:\/\/dhg1h5j42swfq.cloudfront.net\/2018\/10\/31055158\/bolsonaro.png","contentUrl":"https:\/\/dhg1h5j42swfq.cloudfront.net\/2018\/10\/31055158\/bolsonaro.png","width":618,"height":349},{"@type":"BreadcrumbList","@id":"https:\/\/www.estrategiaconcursos.com.br\/blog\/bolsonaro-eleito-o-que-acontecera-com-o-concurso-prf\/#breadcrumb","itemListElement":[{"@type":"ListItem","position":1,"name":"In\u00edcio","item":"https:\/\/www.estrategiaconcursos.com.br\/blog\/"},{"@type":"ListItem","position":2,"name":"Bolsonaro eleito: o que acontecer\u00e1 com o concurso PRF 2018?"}]},{"@type":"WebSite","@id":"https:\/\/www.estrategiaconcursos.com.br\/blog\/#website","url":"https:\/\/www.estrategiaconcursos.com.br\/blog\/","name":"Estrat\u00e9gia Concursos","description":"O blog da Estrat\u00e9gia Concursos traz not\u00edcias sobre concursos e artigos de professores oferecendo cursos para concursos (pdf + videaulas) no site.","publisher":{"@id":"https:\/\/www.estrategiaconcursos.com.br\/blog\/#organization"},"potentialAction":[{"@type":"SearchAction","target":{"@type":"EntryPoint","urlTemplate":"https:\/\/www.estrategiaconcursos.com.br\/blog\/?s={search_term_string}"},"query-input":{"@type":"PropertyValueSpecification","valueRequired":true,"valueName":"search_term_string"}}],"inLanguage":"pt-BR"},{"@type":"Organization","@id":"https:\/\/www.estrategiaconcursos.com.br\/blog\/#organization","name":"Estrat\u00e9gia Concursos","url":"https:\/\/www.estrategiaconcursos.com.br\/blog\/","logo":{"@type":"ImageObject","inLanguage":"pt-BR","@id":"https:\/\/www.estrategiaconcursos.com.br\/blog\/#\/schema\/logo\/image\/","url":"https:\/\/dhg1h5j42swfq.cloudfront.net\/2025\/06\/03203428\/logo_concursos-1.jpg","contentUrl":"https:\/\/dhg1h5j42swfq.cloudfront.net\/2025\/06\/03203428\/logo_concursos-1.jpg","width":230,"height":60,"caption":"Estrat\u00e9gia Concursos"},"image":{"@id":"https:\/\/www.estrategiaconcursos.com.br\/blog\/#\/schema\/logo\/image\/"},"sameAs":["https:\/\/x.com\/EstratConcursos"]},{"@type":"Person","@id":"https:\/\/www.estrategiaconcursos.com.br\/blog\/#\/schema\/person\/6be195b7a02a8ca214472b848686bb37","name":"Marcos Gir\u00e3o","image":{"@type":"ImageObject","inLanguage":"pt-BR","@id":"https:\/\/secure.gravatar.com\/avatar\/ac5b9a36e2c99a8280e07b5763e3b764471d5b861c47521bfd2edffdfbb06fbd?s=96&d=mm&r=g","url":"https:\/\/secure.gravatar.com\/avatar\/ac5b9a36e2c99a8280e07b5763e3b764471d5b861c47521bfd2edffdfbb06fbd?s=96&d=mm&r=g","contentUrl":"https:\/\/secure.gravatar.com\/avatar\/ac5b9a36e2c99a8280e07b5763e3b764471d5b861c47521bfd2edffdfbb06fbd?s=96&d=mm&r=g","caption":"Marcos Gir\u00e3o"},"url":"https:\/\/www.estrategiaconcursos.com.br\/blog\/author\/marcosgiraoestrategiaconcursos-com-br\/"}]}},"_links":{"self":[{"href":"https:\/\/www.estrategiaconcursos.com.br\/blog\/wp-json\/wp\/v2\/posts\/149608","targetHints":{"allow":["GET"]}}],"collection":[{"href":"https:\/\/www.estrategiaconcursos.com.br\/blog\/wp-json\/wp\/v2\/posts"}],"about":[{"href":"https:\/\/www.estrategiaconcursos.com.br\/blog\/wp-json\/wp\/v2\/types\/post"}],"author":[{"embeddable":true,"href":"https:\/\/www.estrategiaconcursos.com.br\/blog\/wp-json\/wp\/v2\/users\/248"}],"replies":[{"embeddable":true,"href":"https:\/\/www.estrategiaconcursos.com.br\/blog\/wp-json\/wp\/v2\/comments?post=149608"}],"version-history":[{"count":11,"href":"https:\/\/www.estrategiaconcursos.com.br\/blog\/wp-json\/wp\/v2\/posts\/149608\/revisions"}],"predecessor-version":[{"id":1108145,"href":"https:\/\/www.estrategiaconcursos.com.br\/blog\/wp-json\/wp\/v2\/posts\/149608\/revisions\/1108145"}],"wp:featuredmedia":[{"embeddable":true,"href":"https:\/\/www.estrategiaconcursos.com.br\/blog\/wp-json\/wp\/v2\/media\/149612"}],"wp:attachment":[{"href":"https:\/\/www.estrategiaconcursos.com.br\/blog\/wp-json\/wp\/v2\/media?parent=149608"}],"wp:term":[{"taxonomy":"category","embeddable":true,"href":"https:\/\/www.estrategiaconcursos.com.br\/blog\/wp-json\/wp\/v2\/categories?post=149608"},{"taxonomy":"post_tag","embeddable":true,"href":"https:\/\/www.estrategiaconcursos.com.br\/blog\/wp-json\/wp\/v2\/tags?post=149608"},{"taxonomy":"tax_estado","embeddable":true,"href":"https:\/\/www.estrategiaconcursos.com.br\/blog\/wp-json\/wp\/v2\/tax_estado?post=149608"}],"curies":[{"name":"wp","href":"https:\/\/api.w.org\/{rel}","templated":true}]}}