{"id":149579,"date":"2018-10-31T00:44:37","date_gmt":"2018-10-31T03:44:37","guid":{"rendered":"https:\/\/www.estrategiaconcursos.com.br\/blog\/?p=149579"},"modified":"2022-09-15T12:57:00","modified_gmt":"2022-09-15T15:57:00","slug":"bolsonaro-presidente-consequencias-para-o-concurso-da-receita-federal","status":"publish","type":"post","link":"https:\/\/www.estrategiaconcursos.com.br\/blog\/bolsonaro-presidente-consequencias-para-o-concurso-da-receita-federal\/","title":{"rendered":"Bolsonaro Presidente: Consequ\u00eancias para o concurso da Receita Federal?"},"content":{"rendered":"<h2 style=\"text-align: justify;\"><em>Bolsonaro Presidente: Quais as consequ\u00eancias para o concurso da Receita Federal?<\/em><\/h2>\n<p style=\"text-align: justify;\">Com a recente divulga\u00e7\u00e3o do resultado das elei\u00e7\u00e3o presidencial ocorrida no ano 2018, com a vit\u00f3ria de Jair Bolsonaro, in\u00fameros alunos que estudam para o <a href=\"https:\/\/www.estrategiaconcursos.com.br\/blog\/concurso-receita-federal\/\">concurso da Receita Federal<\/a> (cargos de Auditor-Fiscal e Analista-Tribut\u00e1rio) est\u00e3o se questionando sobre o futuro dos concursos para este \u00f3rg\u00e3o.<\/p>\n<p style=\"text-align: justify;\">Antes de iniciarmos nossa an\u00e1lise sobre as poss\u00edveis&nbsp;consequ\u00eancias para o concurso da Receita Federal, gostaria de me apresentar a voc\u00eas:&nbsp;&nbsp;meu nome \u00e9 F\u00e1bio Dutra,&nbsp;<strong>sou professor de Direito Tribut\u00e1rio e Auditor-Fiscal da Receita Federal do Brasil.<\/strong><\/p>\n<p style=\"text-align: justify;\">Voc\u00ea pode me seguir no Instagram, <a href=\"http:\/\/WWW.INSTAGRAM.COM\/PROFFABIODUTRA\" target=\"_blank\" rel=\"noopener\">CLICANDO AQUI!<\/a><\/p>\n<p>A fim de realizarmos uma an\u00e1lise sensata, precisamos considerar o plano de governo do presidente eleito Jair Bolsonaro, desprezando qualquer vi\u00e9s ideol\u00f3gico. De in\u00edcio, evidenciamos que uma das principais pautas desse plano \u00e9 o fortalecimento da seguran\u00e7a p\u00fablica.<\/p>\n<h2 style=\"text-align: justify;\"><em>A import\u00e2ncia da Receita Federal do Brasil no contexto do governo de Jair Bolsonaro<\/em><\/h2>\n<p style=\"text-align: justify;\">Embora, a princ\u00edpio, possa nos parecer que isso geraria apenas contrata\u00e7\u00e3o e valoriza\u00e7\u00e3o de policiais, n\u00e3o podemos nos esquecer da forte <a href=\"https:\/\/www.estrategiaconcursos.com.br\/blog\/conheca-minha-carreira-auditor-fiscal-da-receita-federal\/\">atua\u00e7\u00e3o da Receita Federal no combate ao contrabando<\/a> e descaminho nas regi\u00f5es fronteiri\u00e7as, ao lado da Pol\u00edcia Rodovi\u00e1ria Federal e da Pol\u00edcia Federal.<\/p>\n<p style=\"text-align: justify;\">Os auditores-fiscais e analistas-tribut\u00e1rios que atuam na aduana tamb\u00e9m possuem em grande parte porte de arma institucional, realizando atividades de repress\u00e3o que resultam grandes apreens\u00f5es de entorpecentes e armas, algo que o futuro governo tem por objetivo coibir.<\/p>\n<p style=\"text-align: justify;\"><img loading=\"lazy\" decoding=\"async\" class=\"wp-image-149591 aligncenter\" src=\"https:\/\/dhg1h5j42swfq.cloudfront.net\/2018\/10\/30233414\/APREENS%C3%83O-RFB.jpg\" alt=\"\" width=\"297\" height=\"285\" srcset=\"https:\/\/dhg1h5j42swfq.cloudfront.net\/2018\/10\/30233414\/APREENS%C3%83O-RFB.jpg 991w, https:\/\/dhg1h5j42swfq.cloudfront.net\/2018\/10\/30233414\/APREENS%C3%83O-RFB.jpg 300w, https:\/\/dhg1h5j42swfq.cloudfront.net\/2018\/10\/30233414\/APREENS%C3%83O-RFB.jpg 768w, https:\/\/dhg1h5j42swfq.cloudfront.net\/2018\/10\/30233414\/APREENS%C3%83O-RFB.jpg 610w\" sizes=\"auto, (max-width: 297px) 100vw, 297px\" \/><\/p>\n<p style=\"text-align: justify;\">Outro ponto do plano de governo de Jair Bolsonaro a ser destacado \u00e9 o combate \u00e0 corrup\u00e7\u00e3o, e neste ponto a Receita Federal tem desempenhado importante papel, conforme o trecho abaixo retirado do site da RFB sobre o que o \u00f3rg\u00e3o j\u00e1 fez no \u00e2mbito da Opera\u00e7\u00e3o Lava-Jato (publicado em 08\/05\/2017):<\/p>\n<p style=\"text-align: justify;\"><em>As autua\u00e7\u00f5es da Receita Federal no \u00e2mbito da Opera\u00e7\u00e3o Lava Jato j\u00e1 totalizam R$ 11,47 bilh\u00f5es. Desse total, R$ 6,75 bilh\u00f5es em cr\u00e9ditos tribut\u00e1rios, principal, multa e juros, foram constitu\u00eddos ap\u00f3s a deflagra\u00e7\u00e3o da fase ostensiva das investiga\u00e7\u00f5es. Mas, antes mesmo disso, a fiscaliza\u00e7\u00e3o j\u00e1 atuava nos casos que causaram preju\u00edzo \u00e0 Petrobr\u00e1s, ao realizar autua\u00e7\u00e3o de R$ 4,72 bilh\u00f5es no caso Schain, relativo a produ\u00e7\u00e3o de plataformas.<\/em><\/p>\n<p class=\"western\" style=\"text-align: justify;\" align=\"justify\"><em>O Fisco j\u00e1 analisou 7516 CNPJ e 6072 CPF, e 3,5 milh\u00f5es de p\u00e1ginas de documentos judiciais e extrajudiciais. Tamb\u00e9m investigou 58,7 mil pessoas at\u00e9 o momento.&nbsp;Foram instaurados 1686 procedimentos fiscais, dos quais 1008 est\u00e3o em andamento e 678 foram encerrados. A Receita encaminhou 67 Representa\u00e7\u00f5es Fiscais para Fins Penais ao Minist\u00e9rio P\u00fablico Federal e j\u00e1 est\u00e1 preparando 140 para enviar em 2018.<\/em><\/p>\n<p style=\"text-align: justify;\"><span style=\"font-size: 8pt;\">(Fonte:&nbsp;http:\/\/idg.receita.fazenda.gov.br\/noticias\/ascom\/2017\/maio\/saiba-o-que-a-receita-federal-ja-fez-na-lava-jato)<\/span><\/p>\n<p style=\"text-align: justify;\">Percebe-se, portanto, que n\u00e3o \u00e9 apenas a aduana que se destaca no contexto das atribui\u00e7\u00f5es relacionadas ao que deve ser priorizado pelo novo governo, mas tamb\u00e9m a fiscaliza\u00e7\u00e3o tribut\u00e1ria, exercida pelos auditores-fiscais, os quais gozam de diversas atribui\u00e7\u00f5es privativas, o que exige maior n\u00famero de servidores ativos.<\/p>\n<p style=\"text-align: justify;\">Diante desse cen\u00e1rio, resta claro que n\u00e3o h\u00e1 motivos para o futuro Presidente da Rep\u00fablica enfraquecer ou, de algum modo, menosprezar a constante necessidade de renova\u00e7\u00e3o do quadro de servidores da Receita Federal.<\/p>\n<p>Conhe\u00e7a os nossos cursos completos em videoaulas e PDF&nbsp;para os cargos de <span style=\"text-decoration: underline;\"><strong><a href=\"https:\/\/www.estrategiaconcursos.com.br\/cursosPorConcurso\/receita-federal-auditor-fiscal-7\/\" target=\"_blank\" rel=\"noopener\">AUDITOR-FISCAL<\/a><\/strong><\/span> e <a href=\"https:\/\/www.estrategiaconcursos.com.br\/cursosPorConcurso\/receita-federal-analista-tributario-253\/\" target=\"_blank\" rel=\"noopener\"><span style=\"text-decoration: underline;\"><strong>ANALISTA-TRIBUT\u00c1RIO<\/strong><\/span><\/a>&nbsp;da Receita Federal (basta clicar nos nomes dos cargos).<\/p>\n<h2 style=\"text-align: justify;\"><em>As aposentadorias na Receita Federal exigem novas contrata\u00e7\u00f5es<\/em><\/h2>\n<p style=\"text-align: justify;\">E quanto a este aspecto, destacamos o imenso n\u00famero de aposentadorias, sobretudo no cargo de Auditor-Fiscal, sofrendo aposentadoria de pelos menos 600 servidores anualmente, conforme j\u00e1 foi mencionado pelo presidente do Sindifisco Nacional, Cl\u00e1udio Damasceno. <strong>N\u00e3o h\u00e1 outra forma de reverter esse quadro, sen\u00e3o pela realiza\u00e7\u00e3o de novos concursos p\u00fablicos.<\/strong><\/p>\n<p><span style=\"font-size: 8pt;\">Fonte:&nbsp;https:\/\/folhadirigida.com.br\/noticias\/concurso\/receita-federal\/concurso-receita-600-aposentadorias-anuais-aumentam-deficit<\/span><\/p>\n<p style=\"text-align: justify;\">Aliado a este fato, j\u00e1 temos mais de 4 anos desde o \u00faltimo edital do concurso de Auditor-Fiscal, e mais de 6 anos do \u00faltimo edital do concurso de Analista-Tribut\u00e1rio. N\u00e3o quero desanim\u00e1-los com esta not\u00edcia, muito pelo contr\u00e1rio: quero dizer que a contrata\u00e7\u00e3o de novos auditores e analistas precisa ocorrer o quanto antes para, <strong>no m\u00ednimo, desacelerar a forte redu\u00e7\u00e3o no quadro de servidores da RFB.<\/strong><\/p>\n<h2 style=\"text-align: justify;\"><em>\u00c9 poss\u00edvel terceirizar auditores e analistas?<\/em><\/h2>\n<p style=\"text-align: justify;\">Outra preocupa\u00e7\u00e3o dos candidatos que estudam para o concurso da Receita Federal diz respeito \u00e0 terceiriza\u00e7\u00e3o de servidores p\u00fablicos federais. Vejo muitos alunos preocupados com a possibilidade de extinguirem os concursos p\u00fablicos voltados \u00e0 contrata\u00e7\u00e3o de servidores estatut\u00e1rios, substituindo por funcion\u00e1rios terceirizados.<\/p>\n<p style=\"text-align: justify;\">Caros amigos, recentemente foi aprovada a Lei 13.464\/2017, alterando a reda\u00e7\u00e3o da Lei 11.457\/2007, que disp\u00f5e sobre a Carreira Tribut\u00e1ria e Aduaneira da Receita Federal, a qual \u00e9 composta dos cargos de Auditor-Fiscal da Receita Federal do Brasil e Analista-Tribut\u00e1rio da Receita Federal do Brasil. Dentre as altera\u00e7\u00f5es promovidas pela referida norma, destaca-se o seguinte:<\/p>\n<p style=\"text-align: justify;\"><em>Art. 1\u00ba&nbsp;&nbsp;A Secretaria da Receita Federal passa a denominar-se Secretaria da Receita Federal do Brasil, \u00f3rg\u00e3o essencial ao funcionamento do Estado, de car\u00e1ter permanente, estruturado de forma hier\u00e1rquica e diretamente subordinado ao Ministro de Estado da Fazenda e que tem por finalidade a administra\u00e7\u00e3o tribut\u00e1ria e aduaneira da Uni\u00e3o.&nbsp;<\/em><\/p>\n<p style=\"text-align: justify;\"><em>Par\u00e1grafo \u00fanico. &nbsp;S\u00e3o essenciais e indeleg\u00e1veis as atividades da administra\u00e7\u00e3o tribut\u00e1ria e aduaneira da Uni\u00e3o exercidas pelos servidores dos quadros funcionais da Secretaria da Receita Federal do Brasil.<\/em><\/p>\n<p style=\"text-align: justify;\">Observe, assim, que a norma foi bastante expressa que as atividades&nbsp;da administra\u00e7\u00e3o tribut\u00e1ria e aduaneira da Uni\u00e3o <strong>devem ser exercidas pelos servidores dos quadros funcionais da Secretaria da Receita Federal do Brasil e s\u00e3o&nbsp;essenciais e indeleg\u00e1veis.<\/strong><\/p>\n<p>A prop\u00f3sito, voc\u00ea sabia que as carreiras de fiscaliza\u00e7\u00e3o tribut\u00e1ria s\u00e3o consideradas Carreiras T\u00edpicas de Estado, isto \u00e9, s\u00e3o carreiras relacionadas \u00e0 express\u00e3o do Poder Estatal, n\u00e3o possuindo, portanto, correspond\u00eancia no setor privado, integrando o n\u00facleo estrat\u00e9gico do Estado.<\/p>\n<p><span style=\"font-size: 8pt;\">Fonte:&nbsp;http:\/\/www.fonacate.org.br\/v2\/?go=page&amp;id=1<\/span><\/p>\n<h2 style=\"text-align: justify;\"><em>Minist\u00e9rio da Economia unificar\u00e1 Minist\u00e9rio da Fazenda, Planejamento e Ind\u00fastria<\/em><\/h2>\n<div id=\"attachment_149455\" style=\"width: 246px\" class=\"wp-caption alignleft\"><img loading=\"lazy\" decoding=\"async\" aria-describedby=\"caption-attachment-149455\" class=\" wp-image-149455\" src=\"https:\/\/dhg1h5j42swfq.cloudfront.net\/2018\/10\/30130506\/paulo-guedes-2018_53761.jpg\" alt=\"\" width=\"236\" height=\"157\" srcset=\"https:\/\/dhg1h5j42swfq.cloudfront.net\/2018\/10\/30130506\/paulo-guedes-2018_53761.jpg 3000w, https:\/\/dhg1h5j42swfq.cloudfront.net\/2018\/10\/30130506\/paulo-guedes-2018_53761.jpg 300w, https:\/\/dhg1h5j42swfq.cloudfront.net\/2018\/10\/30130506\/paulo-guedes-2018_53761.jpg 768w, https:\/\/dhg1h5j42swfq.cloudfront.net\/2018\/10\/30130506\/paulo-guedes-2018_53761.jpg 1024w, https:\/\/dhg1h5j42swfq.cloudfront.net\/2018\/10\/30130506\/paulo-guedes-2018_53761.jpg 610w\" sizes=\"auto, (max-width: 236px) 100vw, 236px\" \/><p id=\"caption-attachment-149455\" class=\"wp-caption-text\">Paulo Guedes, economista.<\/p><\/div>\n<p style=\"text-align: justify;\">\u00c9 sabido que o objetivo do novo presidente eleito Jair Bolsonaro \u00e9 reduzir o n\u00famero de minist\u00e9rios. Nesse sentido, j\u00e1 foi cogitada a cria\u00e7\u00e3o do Minist\u00e9rio da Economia, a ser dirigido&nbsp; por Paulo Guedes, unificando os minist\u00e9rios da Fazenda, Planejamento e Ind\u00fastria.&nbsp;At\u00e9 o momento, a Receita Federal do Brasil \u00e9 subordinada ao Minist\u00e9rio da Fazenda.<\/p>\n<p>A despeito dos objetivos de redu\u00e7\u00e3o de gastos p\u00fablicos, o que acreditamos que n\u00e3o eliminar\u00e1 a chance de um novo concurso, pelos argumentos j\u00e1 expostos neste artigo, a unifica\u00e7\u00e3o do Minist\u00e9rio da Fazenda com o Minist\u00e9rio do Planejamento pode facilitar os tr\u00e2mites e agilizar a realiza\u00e7\u00e3o de concursos p\u00fablicos para este \u00f3rg\u00e3o, que at\u00e9 o momento dependia de morosas negocia\u00e7\u00f5es para se chegar a um consenso quanto \u00e0 necessidade de novos concursos.<\/p>\n<p style=\"text-align: justify;\">\u00c9 isso, pessoal! Espero que este artigo tenha sido proveitoso para voc\u00ea e auxilie a mant\u00ea-lo firme em seu prop\u00f3sito de ser um Auditor-Fiscal ou Analista-Tribut\u00e1rio! <strong>Eu trilhei essa jornada e posso garantir que vale muito todo o esfor\u00e7o!<\/strong><\/p>\n<p>Um abra\u00e7o, bons estudos e muito sucesso!<\/p>\n<p>Prof. F\u00e1bio Dutra<\/p>\n<p>Conhe\u00e7a os nossos cursos completos em videoaulas e PDF&nbsp;para os cargos de <span style=\"text-decoration: underline;\"><strong><a href=\"https:\/\/www.estrategiaconcursos.com.br\/cursosPorConcurso\/receita-federal-auditor-fiscal-7\/\" target=\"_blank\" rel=\"noopener\">AUDITOR-FISCAL<\/a><\/strong><\/span> e <a href=\"https:\/\/www.estrategiaconcursos.com.br\/cursosPorConcurso\/receita-federal-analista-tributario-253\/\" target=\"_blank\" rel=\"noopener\"><span style=\"text-decoration: underline;\"><strong>ANALISTA-TRIBUT\u00c1RIO<\/strong><\/span><\/a>&nbsp;da Receita Federal (basta clicar nos nomes dos cargos).<\/p>\n","protected":false},"excerpt":{"rendered":"<p>Bolsonaro Presidente: Quais as consequ\u00eancias para o concurso da Receita Federal? Com a recente divulga\u00e7\u00e3o do resultado das elei\u00e7\u00e3o presidencial ocorrida no ano 2018, com a vit\u00f3ria de Jair Bolsonaro, in\u00fameros alunos que estudam para o concurso da Receita Federal (cargos de Auditor-Fiscal e Analista-Tribut\u00e1rio) est\u00e3o se questionando sobre o futuro dos concursos para este [&hellip;]<\/p>\n","protected":false},"author":150,"featured_media":149598,"comment_status":"open","ping_status":"closed","sticky":false,"template":"","format":"standard","meta":{"post_tipo":"article","footnotes":""},"categories":[1],"tags":[40,37473,484],"tax_estado":[219965],"class_list":["post-149579","post","type-post","status-publish","format-standard","has-post-thumbnail","hentry","category-cursos-e-concursos","tag-concurso","tag-jair-bolsonaro","tag-receita-federal","tax_estado-al"],"acf":[],"yoast_head":"<!-- This site is optimized with the Yoast SEO Premium plugin v27.2 (Yoast SEO v27.2) - https:\/\/yoast.com\/product\/yoast-seo-premium-wordpress\/ -->\n<title>Bolsonaro Presidente: Consequ\u00eancias para o concurso da Receita Federal?<\/title>\n<meta name=\"description\" content=\"Entenda neste artigo as consequ\u00eancias da elei\u00e7\u00e3o de Jair Bolsonaro como presidente da Rep\u00fablica para os concursos da Receita Federal.\" \/>\n<meta name=\"robots\" content=\"index, follow, max-snippet:-1, max-image-preview:large, max-video-preview:-1\" \/>\n<link rel=\"canonical\" href=\"https:\/\/www.estrategiaconcursos.com.br\/blog\/bolsonaro-presidente-consequencias-para-o-concurso-da-receita-federal\/\" \/>\n<meta property=\"og:locale\" content=\"pt_BR\" \/>\n<meta property=\"og:type\" content=\"article\" \/>\n<meta property=\"og:title\" content=\"Bolsonaro Presidente: Consequ\u00eancias para o concurso da Receita Federal?\" \/>\n<meta property=\"og:description\" content=\"Entenda neste artigo as consequ\u00eancias da elei\u00e7\u00e3o de Jair Bolsonaro como presidente da Rep\u00fablica para os concursos da Receita Federal.\" \/>\n<meta property=\"og:url\" content=\"https:\/\/www.estrategiaconcursos.com.br\/blog\/bolsonaro-presidente-consequencias-para-o-concurso-da-receita-federal\/\" \/>\n<meta property=\"og:site_name\" content=\"Estrat\u00e9gia Concursos\" \/>\n<meta property=\"article:published_time\" content=\"2018-10-31T03:44:37+00:00\" \/>\n<meta property=\"article:modified_time\" content=\"2022-09-15T15:57:00+00:00\" \/>\n<meta property=\"og:image\" content=\"https:\/\/dhg1h5j42swfq.cloudfront.net\/2018\/10\/31003155\/BOLSONARO30-10.jpg\" \/>\n\t<meta property=\"og:image:width\" content=\"640\" \/>\n\t<meta property=\"og:image:height\" content=\"640\" \/>\n\t<meta property=\"og:image:type\" content=\"image\/jpeg\" \/>\n<meta name=\"author\" content=\"F\u00e1bio Dutra\" \/>\n<meta name=\"twitter:card\" content=\"summary_large_image\" \/>\n<meta name=\"twitter:creator\" content=\"@EstratConcursos\" \/>\n<meta name=\"twitter:site\" content=\"@EstratConcursos\" \/>\n<meta name=\"twitter:label1\" content=\"Escrito por\" \/>\n\t<meta name=\"twitter:data1\" content=\"F\u00e1bio Dutra\" \/>\n\t<meta name=\"twitter:label2\" content=\"Est. tempo de leitura\" \/>\n\t<meta name=\"twitter:data2\" content=\"7 minutos\" \/>\n<script type=\"application\/ld+json\" class=\"yoast-schema-graph\">{\"@context\":\"https:\/\/schema.org\",\"@graph\":[{\"@type\":\"NewsArticle\",\"@id\":\"https:\/\/www.estrategiaconcursos.com.br\/blog\/bolsonaro-presidente-consequencias-para-o-concurso-da-receita-federal\/#article\",\"isPartOf\":{\"@id\":\"https:\/\/www.estrategiaconcursos.com.br\/blog\/bolsonaro-presidente-consequencias-para-o-concurso-da-receita-federal\/\"},\"author\":{\"name\":\"F\u00e1bio Dutra\",\"@id\":\"https:\/\/www.estrategiaconcursos.com.br\/blog\/#\/schema\/person\/c6615b1e72eae70edca73ea5362ead63\"},\"headline\":\"Bolsonaro Presidente: Consequ\u00eancias para o concurso da Receita Federal?\",\"datePublished\":\"2018-10-31T03:44:37+00:00\",\"dateModified\":\"2022-09-15T15:57:00+00:00\",\"mainEntityOfPage\":{\"@id\":\"https:\/\/www.estrategiaconcursos.com.br\/blog\/bolsonaro-presidente-consequencias-para-o-concurso-da-receita-federal\/\"},\"wordCount\":1312,\"commentCount\":11,\"publisher\":{\"@id\":\"https:\/\/www.estrategiaconcursos.com.br\/blog\/#organization\"},\"image\":{\"@id\":\"https:\/\/www.estrategiaconcursos.com.br\/blog\/bolsonaro-presidente-consequencias-para-o-concurso-da-receita-federal\/#primaryimage\"},\"thumbnailUrl\":\"https:\/\/dhg1h5j42swfq.cloudfront.net\/2018\/10\/31003155\/BOLSONARO30-10.jpg\",\"keywords\":[\"Concurso\",\"jair bolsonaro\",\"Receita Federal\"],\"articleSection\":[\"Concursos P\u00fablicos\"],\"inLanguage\":\"pt-BR\",\"potentialAction\":[{\"@type\":\"CommentAction\",\"name\":\"Comment\",\"target\":[\"https:\/\/www.estrategiaconcursos.com.br\/blog\/bolsonaro-presidente-consequencias-para-o-concurso-da-receita-federal\/#respond\"]}],\"copyrightYear\":\"2018\",\"copyrightHolder\":{\"@id\":\"https:\/\/www.estrategiaconcursos.com.br\/blog\/#organization\"}},{\"@type\":\"WebPage\",\"@id\":\"https:\/\/www.estrategiaconcursos.com.br\/blog\/bolsonaro-presidente-consequencias-para-o-concurso-da-receita-federal\/\",\"url\":\"https:\/\/www.estrategiaconcursos.com.br\/blog\/bolsonaro-presidente-consequencias-para-o-concurso-da-receita-federal\/\",\"name\":\"Bolsonaro Presidente: Consequ\u00eancias para o concurso da Receita Federal?\",\"isPartOf\":{\"@id\":\"https:\/\/www.estrategiaconcursos.com.br\/blog\/#website\"},\"primaryImageOfPage\":{\"@id\":\"https:\/\/www.estrategiaconcursos.com.br\/blog\/bolsonaro-presidente-consequencias-para-o-concurso-da-receita-federal\/#primaryimage\"},\"image\":{\"@id\":\"https:\/\/www.estrategiaconcursos.com.br\/blog\/bolsonaro-presidente-consequencias-para-o-concurso-da-receita-federal\/#primaryimage\"},\"thumbnailUrl\":\"https:\/\/dhg1h5j42swfq.cloudfront.net\/2018\/10\/31003155\/BOLSONARO30-10.jpg\",\"datePublished\":\"2018-10-31T03:44:37+00:00\",\"dateModified\":\"2022-09-15T15:57:00+00:00\",\"description\":\"Entenda neste artigo as consequ\u00eancias da elei\u00e7\u00e3o de Jair Bolsonaro como presidente da Rep\u00fablica para os concursos da Receita Federal.\",\"breadcrumb\":{\"@id\":\"https:\/\/www.estrategiaconcursos.com.br\/blog\/bolsonaro-presidente-consequencias-para-o-concurso-da-receita-federal\/#breadcrumb\"},\"inLanguage\":\"pt-BR\",\"potentialAction\":[{\"@type\":\"ReadAction\",\"target\":[\"https:\/\/www.estrategiaconcursos.com.br\/blog\/bolsonaro-presidente-consequencias-para-o-concurso-da-receita-federal\/\"]}]},{\"@type\":\"ImageObject\",\"inLanguage\":\"pt-BR\",\"@id\":\"https:\/\/www.estrategiaconcursos.com.br\/blog\/bolsonaro-presidente-consequencias-para-o-concurso-da-receita-federal\/#primaryimage\",\"url\":\"https:\/\/dhg1h5j42swfq.cloudfront.net\/2018\/10\/31003155\/BOLSONARO30-10.jpg\",\"contentUrl\":\"https:\/\/dhg1h5j42swfq.cloudfront.net\/2018\/10\/31003155\/BOLSONARO30-10.jpg\",\"width\":640,\"height\":640},{\"@type\":\"BreadcrumbList\",\"@id\":\"https:\/\/www.estrategiaconcursos.com.br\/blog\/bolsonaro-presidente-consequencias-para-o-concurso-da-receita-federal\/#breadcrumb\",\"itemListElement\":[{\"@type\":\"ListItem\",\"position\":1,\"name\":\"In\u00edcio\",\"item\":\"https:\/\/www.estrategiaconcursos.com.br\/blog\/\"},{\"@type\":\"ListItem\",\"position\":2,\"name\":\"Bolsonaro Presidente: Consequ\u00eancias para o concurso da Receita Federal?\"}]},{\"@type\":\"WebSite\",\"@id\":\"https:\/\/www.estrategiaconcursos.com.br\/blog\/#website\",\"url\":\"https:\/\/www.estrategiaconcursos.com.br\/blog\/\",\"name\":\"Estrat\u00e9gia Concursos\",\"description\":\"O blog da Estrat\u00e9gia Concursos traz not\u00edcias sobre concursos e artigos de professores oferecendo cursos para concursos (pdf + videaulas) no site.\",\"publisher\":{\"@id\":\"https:\/\/www.estrategiaconcursos.com.br\/blog\/#organization\"},\"potentialAction\":[{\"@type\":\"SearchAction\",\"target\":{\"@type\":\"EntryPoint\",\"urlTemplate\":\"https:\/\/www.estrategiaconcursos.com.br\/blog\/?s={search_term_string}\"},\"query-input\":{\"@type\":\"PropertyValueSpecification\",\"valueRequired\":true,\"valueName\":\"search_term_string\"}}],\"inLanguage\":\"pt-BR\"},{\"@type\":\"Organization\",\"@id\":\"https:\/\/www.estrategiaconcursos.com.br\/blog\/#organization\",\"name\":\"Estrat\u00e9gia Concursos\",\"url\":\"https:\/\/www.estrategiaconcursos.com.br\/blog\/\",\"logo\":{\"@type\":\"ImageObject\",\"inLanguage\":\"pt-BR\",\"@id\":\"https:\/\/www.estrategiaconcursos.com.br\/blog\/#\/schema\/logo\/image\/\",\"url\":\"https:\/\/dhg1h5j42swfq.cloudfront.net\/2025\/06\/03203428\/logo_concursos-1.jpg\",\"contentUrl\":\"https:\/\/dhg1h5j42swfq.cloudfront.net\/2025\/06\/03203428\/logo_concursos-1.jpg\",\"width\":230,\"height\":60,\"caption\":\"Estrat\u00e9gia Concursos\"},\"image\":{\"@id\":\"https:\/\/www.estrategiaconcursos.com.br\/blog\/#\/schema\/logo\/image\/\"},\"sameAs\":[\"https:\/\/x.com\/EstratConcursos\"]},{\"@type\":\"Person\",\"@id\":\"https:\/\/www.estrategiaconcursos.com.br\/blog\/#\/schema\/person\/c6615b1e72eae70edca73ea5362ead63\",\"name\":\"F\u00e1bio Dutra\",\"image\":{\"@type\":\"ImageObject\",\"inLanguage\":\"pt-BR\",\"@id\":\"https:\/\/secure.gravatar.com\/avatar\/2fb4b2715a33320653086a45a7174528e6836e078753b587b59cb70f7b453819?s=96&d=mm&r=g\",\"url\":\"https:\/\/secure.gravatar.com\/avatar\/2fb4b2715a33320653086a45a7174528e6836e078753b587b59cb70f7b453819?s=96&d=mm&r=g\",\"contentUrl\":\"https:\/\/secure.gravatar.com\/avatar\/2fb4b2715a33320653086a45a7174528e6836e078753b587b59cb70f7b453819?s=96&d=mm&r=g\",\"caption\":\"F\u00e1bio Dutra\"},\"url\":\"https:\/\/www.estrategiaconcursos.com.br\/blog\/author\/fabiodutraestrategiaconcursos-com-br\/\"}]}<\/script>\n<!-- \/ Yoast SEO Premium plugin. -->","yoast_head_json":{"title":"Bolsonaro Presidente: Consequ\u00eancias para o concurso da Receita Federal?","description":"Entenda neste artigo as consequ\u00eancias da elei\u00e7\u00e3o de Jair Bolsonaro como presidente da Rep\u00fablica para os concursos da Receita Federal.","robots":{"index":"index","follow":"follow","max-snippet":"max-snippet:-1","max-image-preview":"max-image-preview:large","max-video-preview":"max-video-preview:-1"},"canonical":"https:\/\/www.estrategiaconcursos.com.br\/blog\/bolsonaro-presidente-consequencias-para-o-concurso-da-receita-federal\/","og_locale":"pt_BR","og_type":"article","og_title":"Bolsonaro Presidente: Consequ\u00eancias para o concurso da Receita Federal?","og_description":"Entenda neste artigo as consequ\u00eancias da elei\u00e7\u00e3o de Jair Bolsonaro como presidente da Rep\u00fablica para os concursos da Receita Federal.","og_url":"https:\/\/www.estrategiaconcursos.com.br\/blog\/bolsonaro-presidente-consequencias-para-o-concurso-da-receita-federal\/","og_site_name":"Estrat\u00e9gia Concursos","article_published_time":"2018-10-31T03:44:37+00:00","article_modified_time":"2022-09-15T15:57:00+00:00","og_image":[{"width":640,"height":640,"url":"https:\/\/dhg1h5j42swfq.cloudfront.net\/2018\/10\/31003155\/BOLSONARO30-10.jpg","type":"image\/jpeg"}],"author":"F\u00e1bio Dutra","twitter_card":"summary_large_image","twitter_creator":"@EstratConcursos","twitter_site":"@EstratConcursos","twitter_misc":{"Escrito por":"F\u00e1bio Dutra","Est. tempo de leitura":"7 minutos"},"schema":{"@context":"https:\/\/schema.org","@graph":[{"@type":"NewsArticle","@id":"https:\/\/www.estrategiaconcursos.com.br\/blog\/bolsonaro-presidente-consequencias-para-o-concurso-da-receita-federal\/#article","isPartOf":{"@id":"https:\/\/www.estrategiaconcursos.com.br\/blog\/bolsonaro-presidente-consequencias-para-o-concurso-da-receita-federal\/"},"author":{"name":"F\u00e1bio Dutra","@id":"https:\/\/www.estrategiaconcursos.com.br\/blog\/#\/schema\/person\/c6615b1e72eae70edca73ea5362ead63"},"headline":"Bolsonaro Presidente: Consequ\u00eancias para o concurso da Receita Federal?","datePublished":"2018-10-31T03:44:37+00:00","dateModified":"2022-09-15T15:57:00+00:00","mainEntityOfPage":{"@id":"https:\/\/www.estrategiaconcursos.com.br\/blog\/bolsonaro-presidente-consequencias-para-o-concurso-da-receita-federal\/"},"wordCount":1312,"commentCount":11,"publisher":{"@id":"https:\/\/www.estrategiaconcursos.com.br\/blog\/#organization"},"image":{"@id":"https:\/\/www.estrategiaconcursos.com.br\/blog\/bolsonaro-presidente-consequencias-para-o-concurso-da-receita-federal\/#primaryimage"},"thumbnailUrl":"https:\/\/dhg1h5j42swfq.cloudfront.net\/2018\/10\/31003155\/BOLSONARO30-10.jpg","keywords":["Concurso","jair bolsonaro","Receita Federal"],"articleSection":["Concursos P\u00fablicos"],"inLanguage":"pt-BR","potentialAction":[{"@type":"CommentAction","name":"Comment","target":["https:\/\/www.estrategiaconcursos.com.br\/blog\/bolsonaro-presidente-consequencias-para-o-concurso-da-receita-federal\/#respond"]}],"copyrightYear":"2018","copyrightHolder":{"@id":"https:\/\/www.estrategiaconcursos.com.br\/blog\/#organization"}},{"@type":"WebPage","@id":"https:\/\/www.estrategiaconcursos.com.br\/blog\/bolsonaro-presidente-consequencias-para-o-concurso-da-receita-federal\/","url":"https:\/\/www.estrategiaconcursos.com.br\/blog\/bolsonaro-presidente-consequencias-para-o-concurso-da-receita-federal\/","name":"Bolsonaro Presidente: Consequ\u00eancias para o concurso da Receita Federal?","isPartOf":{"@id":"https:\/\/www.estrategiaconcursos.com.br\/blog\/#website"},"primaryImageOfPage":{"@id":"https:\/\/www.estrategiaconcursos.com.br\/blog\/bolsonaro-presidente-consequencias-para-o-concurso-da-receita-federal\/#primaryimage"},"image":{"@id":"https:\/\/www.estrategiaconcursos.com.br\/blog\/bolsonaro-presidente-consequencias-para-o-concurso-da-receita-federal\/#primaryimage"},"thumbnailUrl":"https:\/\/dhg1h5j42swfq.cloudfront.net\/2018\/10\/31003155\/BOLSONARO30-10.jpg","datePublished":"2018-10-31T03:44:37+00:00","dateModified":"2022-09-15T15:57:00+00:00","description":"Entenda neste artigo as consequ\u00eancias da elei\u00e7\u00e3o de Jair Bolsonaro como presidente da Rep\u00fablica para os concursos da Receita Federal.","breadcrumb":{"@id":"https:\/\/www.estrategiaconcursos.com.br\/blog\/bolsonaro-presidente-consequencias-para-o-concurso-da-receita-federal\/#breadcrumb"},"inLanguage":"pt-BR","potentialAction":[{"@type":"ReadAction","target":["https:\/\/www.estrategiaconcursos.com.br\/blog\/bolsonaro-presidente-consequencias-para-o-concurso-da-receita-federal\/"]}]},{"@type":"ImageObject","inLanguage":"pt-BR","@id":"https:\/\/www.estrategiaconcursos.com.br\/blog\/bolsonaro-presidente-consequencias-para-o-concurso-da-receita-federal\/#primaryimage","url":"https:\/\/dhg1h5j42swfq.cloudfront.net\/2018\/10\/31003155\/BOLSONARO30-10.jpg","contentUrl":"https:\/\/dhg1h5j42swfq.cloudfront.net\/2018\/10\/31003155\/BOLSONARO30-10.jpg","width":640,"height":640},{"@type":"BreadcrumbList","@id":"https:\/\/www.estrategiaconcursos.com.br\/blog\/bolsonaro-presidente-consequencias-para-o-concurso-da-receita-federal\/#breadcrumb","itemListElement":[{"@type":"ListItem","position":1,"name":"In\u00edcio","item":"https:\/\/www.estrategiaconcursos.com.br\/blog\/"},{"@type":"ListItem","position":2,"name":"Bolsonaro Presidente: Consequ\u00eancias para o concurso da Receita Federal?"}]},{"@type":"WebSite","@id":"https:\/\/www.estrategiaconcursos.com.br\/blog\/#website","url":"https:\/\/www.estrategiaconcursos.com.br\/blog\/","name":"Estrat\u00e9gia Concursos","description":"O blog da Estrat\u00e9gia Concursos traz not\u00edcias sobre concursos e artigos de professores oferecendo cursos para concursos (pdf + videaulas) no site.","publisher":{"@id":"https:\/\/www.estrategiaconcursos.com.br\/blog\/#organization"},"potentialAction":[{"@type":"SearchAction","target":{"@type":"EntryPoint","urlTemplate":"https:\/\/www.estrategiaconcursos.com.br\/blog\/?s={search_term_string}"},"query-input":{"@type":"PropertyValueSpecification","valueRequired":true,"valueName":"search_term_string"}}],"inLanguage":"pt-BR"},{"@type":"Organization","@id":"https:\/\/www.estrategiaconcursos.com.br\/blog\/#organization","name":"Estrat\u00e9gia Concursos","url":"https:\/\/www.estrategiaconcursos.com.br\/blog\/","logo":{"@type":"ImageObject","inLanguage":"pt-BR","@id":"https:\/\/www.estrategiaconcursos.com.br\/blog\/#\/schema\/logo\/image\/","url":"https:\/\/dhg1h5j42swfq.cloudfront.net\/2025\/06\/03203428\/logo_concursos-1.jpg","contentUrl":"https:\/\/dhg1h5j42swfq.cloudfront.net\/2025\/06\/03203428\/logo_concursos-1.jpg","width":230,"height":60,"caption":"Estrat\u00e9gia Concursos"},"image":{"@id":"https:\/\/www.estrategiaconcursos.com.br\/blog\/#\/schema\/logo\/image\/"},"sameAs":["https:\/\/x.com\/EstratConcursos"]},{"@type":"Person","@id":"https:\/\/www.estrategiaconcursos.com.br\/blog\/#\/schema\/person\/c6615b1e72eae70edca73ea5362ead63","name":"F\u00e1bio Dutra","image":{"@type":"ImageObject","inLanguage":"pt-BR","@id":"https:\/\/secure.gravatar.com\/avatar\/2fb4b2715a33320653086a45a7174528e6836e078753b587b59cb70f7b453819?s=96&d=mm&r=g","url":"https:\/\/secure.gravatar.com\/avatar\/2fb4b2715a33320653086a45a7174528e6836e078753b587b59cb70f7b453819?s=96&d=mm&r=g","contentUrl":"https:\/\/secure.gravatar.com\/avatar\/2fb4b2715a33320653086a45a7174528e6836e078753b587b59cb70f7b453819?s=96&d=mm&r=g","caption":"F\u00e1bio Dutra"},"url":"https:\/\/www.estrategiaconcursos.com.br\/blog\/author\/fabiodutraestrategiaconcursos-com-br\/"}]}},"_links":{"self":[{"href":"https:\/\/www.estrategiaconcursos.com.br\/blog\/wp-json\/wp\/v2\/posts\/149579","targetHints":{"allow":["GET"]}}],"collection":[{"href":"https:\/\/www.estrategiaconcursos.com.br\/blog\/wp-json\/wp\/v2\/posts"}],"about":[{"href":"https:\/\/www.estrategiaconcursos.com.br\/blog\/wp-json\/wp\/v2\/types\/post"}],"author":[{"embeddable":true,"href":"https:\/\/www.estrategiaconcursos.com.br\/blog\/wp-json\/wp\/v2\/users\/150"}],"replies":[{"embeddable":true,"href":"https:\/\/www.estrategiaconcursos.com.br\/blog\/wp-json\/wp\/v2\/comments?post=149579"}],"version-history":[{"count":20,"href":"https:\/\/www.estrategiaconcursos.com.br\/blog\/wp-json\/wp\/v2\/posts\/149579\/revisions"}],"predecessor-version":[{"id":1095261,"href":"https:\/\/www.estrategiaconcursos.com.br\/blog\/wp-json\/wp\/v2\/posts\/149579\/revisions\/1095261"}],"wp:featuredmedia":[{"embeddable":true,"href":"https:\/\/www.estrategiaconcursos.com.br\/blog\/wp-json\/wp\/v2\/media\/149598"}],"wp:attachment":[{"href":"https:\/\/www.estrategiaconcursos.com.br\/blog\/wp-json\/wp\/v2\/media?parent=149579"}],"wp:term":[{"taxonomy":"category","embeddable":true,"href":"https:\/\/www.estrategiaconcursos.com.br\/blog\/wp-json\/wp\/v2\/categories?post=149579"},{"taxonomy":"post_tag","embeddable":true,"href":"https:\/\/www.estrategiaconcursos.com.br\/blog\/wp-json\/wp\/v2\/tags?post=149579"},{"taxonomy":"tax_estado","embeddable":true,"href":"https:\/\/www.estrategiaconcursos.com.br\/blog\/wp-json\/wp\/v2\/tax_estado?post=149579"}],"curies":[{"name":"wp","href":"https:\/\/api.w.org\/{rel}","templated":true}]}}