{"id":149469,"date":"2018-10-31T21:00:03","date_gmt":"2018-11-01T00:00:03","guid":{"rendered":"https:\/\/www.estrategiaconcursos.com.br\/blog\/?p=149469"},"modified":"2018-11-01T08:54:03","modified_gmt":"2018-11-01T11:54:03","slug":"bolsonaro-presidente-o-orcamento-sera-base-zero-o-que-e-isso-e-como-cai-em-provas","status":"publish","type":"post","link":"https:\/\/www.estrategiaconcursos.com.br\/blog\/bolsonaro-presidente-o-orcamento-sera-base-zero-o-que-e-isso-e-como-cai-em-provas\/","title":{"rendered":"Bolsonaro Presidente &#8211; Or\u00e7amento Base Zero: o que \u00e9 e como cai em provas"},"content":{"rendered":"<h3><strong>Or\u00e7amento de 2020 ser\u00e1 base zero, diz futuro chefe da Casa Civil, Onyx Lorenzoni: O que \u00e9 e como cai em provas de concursos?<\/strong><\/h3>\n<p><img loading=\"lazy\" decoding=\"async\" class=\"alignleft wp-image-149551\" src=\"https:\/\/dhg1h5j42swfq.cloudfront.net\/2018\/10\/30180059\/Onyx1.jpg\" alt=\"or\u00e7amento base zer\" width=\"263\" height=\"263\" srcset=\"https:\/\/dhg1h5j42swfq.cloudfront.net\/2018\/10\/30180059\/Onyx1.jpg 640w, https:\/\/dhg1h5j42swfq.cloudfront.net\/2018\/10\/30180059\/Onyx1.jpg 150w, https:\/\/dhg1h5j42swfq.cloudfront.net\/2018\/10\/30180059\/Onyx1.jpg 300w, https:\/\/dhg1h5j42swfq.cloudfront.net\/2018\/10\/30180059\/Onyx1.jpg 610w\" sizes=\"auto, (max-width: 263px) 100vw, 263px\" \/><\/p>\n<p style=\"text-align: justify;\">Todos j\u00e1 sabem que o pr\u00f3ximo Presidente da Rep\u00fablica ser\u00e1 Jair Messias Bolsonaro. \u00c9 de conhecimento amplo que o Ministro Chefe da Casa Civil ser\u00e1 Onyx Lorenzoni, amigo de Bolsonaro desde as\u00a0discuss\u00f5es sobre o Estatuto do Desarmamento. Ambos integraram um grupo de aproximadamente dez deputados que lutaram contra o grupo desarmamentista na C\u00e2mara Federal. Onyx ficou respons\u00e1vel por coordenar o grupo no Sul e, Bolsonaro, no Sudeste. Foram derrotados, mas surgiu a amizade que culminaria com a Presid\u00eancia da Rep\u00fablica em 2019. Como Analista Legislativo da C\u00e2mara Federal, lembro-me bem quando em 2015 o deputado Onyx Lorenzoni foi um dos primeiros a acreditar nas possibilidades de elei\u00e7\u00e3o de Bolsonaro nas elei\u00e7\u00f5es de 2018.<\/p>\n<p style=\"text-align: justify;\">Bolsonaro promete uma profunda mudan\u00e7a na orienta\u00e7\u00e3o econ\u00f4mica do nosso pa\u00eds. Uma delas \u00e9 a redu\u00e7\u00e3o do d\u00e9ficit fiscal, em que \u00e9 primordial a melhor gest\u00e3o dos gastos p\u00fablicos. O Or\u00e7amento base zero far\u00e1 parte desse processo. A ideia inicial j\u00e1 estava na p\u00e1gina 54 da Proposta de Governo do ent\u00e3o candidato Bolsonaro:<\/p>\n<blockquote>\n<p style=\"text-align: justify;\"><em>&#8220;Com o fim do aparelhamento dos minist\u00e9rios, inverteremos a l\u00f3gica\u00a0tradicional do processo de gastos p\u00fablicos. Cada gestor, diante de suas\u00a0metas, ter\u00e1 que justificar suas demandas por recursos p\u00fablicos.\u00a0Os recursos financeiros, materiais e de pessoal, ser\u00e3o disponibilizados\u00a0e haver\u00e1 o acompanhamento do desempenho de sua gest\u00e3o.\u00a0O montante gasto no passado n\u00e3o justificar\u00e1 os recursos demandados no presente ou no futuro. N\u00e3o haver\u00e1 mais dinheiro carimbado para\u00a0pessoa, grupo pol\u00edtico ou entidade com interesses especiais.\u00a0Prioridades e metas passam a ser a base do Or\u00e7amento Geral da\u00a0Uni\u00e3o, para gastar o dinheiro do POVO obtido pelos impostos&#8221;.<\/em><\/p>\n<\/blockquote>\n<h3 style=\"text-align: justify;\"><strong>Como funciona o Or\u00e7amento base zero?<\/strong><\/h3>\n<p style=\"text-align: justify;\">O or\u00e7amento de base zero &#8211; OBZ consiste basicamente em uma an\u00e1lise cr\u00edtica de todos os recursos solicitados pelos \u00f3rg\u00e3os governamentais. Nesse tipo de abordagem, na fase de elabora\u00e7\u00e3o da proposta or\u00e7ament\u00e1ria, haver\u00e1 um questionamento acerca das reais necessidades de cada \u00e1rea, n\u00e3o havendo compromisso com qualquer montante inicial de dota\u00e7\u00e3o.<br \/>\nO processo do or\u00e7amento de base zero concentra a aten\u00e7\u00e3o na an\u00e1lise de objetivos e necessidades, o que requer que cada administrador justifique seu or\u00e7amento proposto em detalhe e cada quantia a ser gasta, aumentando a participa\u00e7\u00e3o dos gerentes de todos os n\u00edveis no planejamento das atividades e na elabora\u00e7\u00e3o dos or\u00e7amentos.<br \/>\nEsse procedimento requer ainda que todas as atividades e opera\u00e7\u00f5es sejam identificadas e classificadas em ordem de import\u00e2ncia por meio de uma an\u00e1lise sistem\u00e1tica para que os pacotes de decis\u00e3o sejam preparados. Em regra, a alta ger\u00eancia, por meio do planejamento estrat\u00e9gico, fixa previamente os crit\u00e9rios do or\u00e7amento de base zero, de acordo com cada situa\u00e7\u00e3o. S\u00e3o confrontados os novos programas pretendidos com os programas em execu\u00e7\u00e3o, sua continuidade e suas altera\u00e7\u00f5es. Isso faz com que os gerentes de todos os n\u00edveis avaliem melhor as prioridades, confrontando-se incrementos pela pondera\u00e7\u00e3o de custos e benef\u00edcios, a fim de que ocorra uma aplica\u00e7\u00e3o eficiente das dota\u00e7\u00f5es em suas atividades. Por isso, incluem-se entre as desvantagens a dificuldade, a lentid\u00e3o e o alto o custo da elabora\u00e7\u00e3o do or\u00e7amento.<br \/>\nOs \u00f3rg\u00e3os governamentais dever\u00e3o justificar anualmente, na fase de elabora\u00e7\u00e3o da sua proposta or\u00e7ament\u00e1ria, a totalidade de seus gastos, sem utilizar o ano anterior como valor inicial m\u00ednimo.<br \/>\nAlguns autores consideram que o or\u00e7amento de base zero \u00e9 uma t\u00e9cnica do Or\u00e7amento-Programa. Por exemplo, com um teto de gastos, \u00e9 razo\u00e1vel admitir que uma t\u00e9cnica como a do or\u00e7amento de base zero, a qual tem o poder de extinguir ou redimensionar programas desnecess\u00e1rios, pode ser utilizada para promover o equil\u00edbrio fiscal.<\/p>\n<h3><strong>Onde surgiu?<\/strong><\/h3>\n<p><img loading=\"lazy\" decoding=\"async\" class=\"alignleft wp-image-149847\" src=\"https:\/\/dhg1h5j42swfq.cloudfront.net\/2018\/10\/31200840\/Peter.jpg\" alt=\"or\u00e7amento base zero\" width=\"290\" height=\"193\" srcset=\"https:\/\/dhg1h5j42swfq.cloudfront.net\/2018\/10\/31200840\/Peter.jpg 1280w, https:\/\/dhg1h5j42swfq.cloudfront.net\/2018\/10\/31200840\/Peter.jpg 300w, https:\/\/dhg1h5j42swfq.cloudfront.net\/2018\/10\/31200840\/Peter.jpg 768w, https:\/\/dhg1h5j42swfq.cloudfront.net\/2018\/10\/31200840\/Peter.jpg 1024w, https:\/\/dhg1h5j42swfq.cloudfront.net\/2018\/10\/31200840\/Peter.jpg 610w\" sizes=\"auto, (max-width: 290px) 100vw, 290px\" \/><\/p>\n<p style=\"text-align: justify;\">Peter A. Pyhrr vislumbrou em um artigo intitulado \u201cor\u00e7amento base zero\u201d, publicado\u00a0na Harvard Business Review em 1970, nos Estados Unidos, a aplica\u00e7\u00e3o dos conceitos por ele desenvolvidos, na\u00a0empresa Texas Instruments Inc. para o planejamento or\u00e7ament\u00e1rio do ano de 1970. Foi adaptado para o setor governamental por solicita\u00e7\u00e3o do ent\u00e3o governador do estado da Ge\u00f3rgia, Jimmy Carter. Pyhrr dizia que a Administra\u00e7\u00e3o P\u00fablica, por ser predominantemente prestadora de servi\u00e7os, poderia se beneficiar totalmente do or\u00e7amento base zero, diferentemente at\u00e9 da ind\u00fastria onde a sistem\u00e1tica tem pouca utilidade nos setores envolvidos com a produ\u00e7\u00e3o.<\/p>\n<h3 style=\"text-align: justify;\"><strong>Vantagens e desvantagens do processo<\/strong><\/h3>\n<p style=\"text-align: justify;\">As principais vantagens da implanta\u00e7\u00e3o de um or\u00e7amento Base Zero s\u00e3o:<\/p>\n<ul style=\"text-align: justify;\">\n<li>N\u00e3o se realiza uma simples modifica\u00e7\u00e3o dos gastos do ano anterior e direciona os recursos para as atividades que apresentem necessidades reais;<\/li>\n<li>Obriga os gestores a raciocinar sobre as suas diversas atividades e a avaliar modos alternativos que sejam mais eficientes para a execu\u00e7\u00e3o;<\/li>\n<li>Demonstra as atividades desnecess\u00e1rias, que sejam executadas por mais de uma \u00e1rea ao mesmo tempo ou perderam o sentido ao longo do tempo;<\/li>\n<li>Apresenta o detalhe de todas as atividades a serem executadas, permitindo um maior conhecimento sobre os processos.<\/li>\n<\/ul>\n<p style=\"text-align: justify;\">Como desvantagens, geralmente s\u00e3o relacionados os seguintes itens:<\/p>\n<ul style=\"text-align: justify;\">\n<li>Maior tempo para prepara\u00e7\u00e3o, uma vez que todas as atividades devem ser analisadas, documentas e justificadas;<\/li>\n<li>Gera\u00e7\u00e3o de maior burocracia no processo devido aos diversos documentos e controles necess\u00e1rios para a execu\u00e7\u00e3o da metodologia;<\/li>\n<li>Resist\u00eancia da burocracia quando a efic\u00e1cia de seus programas \u00e9 avaliada.<\/li>\n<\/ul>\n<h3><strong>Por que s\u00f3 em 2020 e n\u00e3o em 2019?<\/strong><\/h3>\n<p style=\"text-align: justify;\">O projeto de lei or\u00e7ament\u00e1ria anual referente ao exerc\u00edcio financeiro de 2019 j\u00e1 foi elaborado e est\u00e1 tramitando no Poder legislativo, pois\u00a0 \u00e9 elaborado no ano anterior a sua execu\u00e7\u00e3o, conforme previsto no Ato das Disposi\u00e7\u00f5es Constitucionais Transit\u00f3rias. Da mesmo forma, o plano plurianual referente aos exerc\u00edcios de 2016 a 2019 permanece em vigor. Em 2019, ser\u00e3o elaborados pelo novo governo os instrumentos de planejamento e or\u00e7amento referentes ao exerc\u00edcio financeiro de 2020 (lei or\u00e7ament\u00e1ria anual e lei de diretrizes or\u00e7ament\u00e1rias), bem como o plano plurianual para os quatro anos seguintes (2020 a 2023).<\/p>\n<h3 style=\"text-align: justify;\"><strong>\u00c9 realmente poss\u00edvel implementar o OBZ?<\/strong><\/h3>\n<p style=\"text-align: justify;\">Sim<strong>, <\/strong>\u00e9 poss\u00edvel, com algumas limita\u00e7\u00f5es em rela\u00e7\u00e3o \u00e0s despesas de car\u00e1ter obrigat\u00f3rio, como por exemplo, sa\u00fade, educa\u00e7\u00e3o e, principalmente, as despesas com pessoal. Por\u00e9m, mesmo com essas limita\u00e7\u00f5es, o OBZ pode proporcionar a possibilidade de realoca\u00e7\u00e3o de pessoal conforme as necessidades reais e a reposi\u00e7\u00f5es por meio de concursos p\u00fablicos de forma mais transparente, tornando a m\u00e1quina p\u00fablica mais eficiente.<\/p>\n<h3 style=\"text-align: justify;\"><strong>Como esse assunto \u00e9 explorado pelas bancas de concursos?<\/strong><\/h3>\n<p style=\"text-align: justify;\"><strong>1) (CESPE \u2013 T\u00e9cnico Municipal de Controle Interno &#8211; CGM\/JP \u2013 2018) O or\u00e7amento-programa consiste no processo de elabora\u00e7\u00e3o de or\u00e7amento que exige dos gestores, a cada novo exerc\u00edcio, a justificativa detalhada dos recursos solicitados.<\/strong><\/p>\n<p style=\"text-align: justify;\">O or\u00e7amento <strong>base zero<\/strong> consiste no processo de elabora\u00e7\u00e3o de or\u00e7amento que exige dos gestores, a cada novo exerc\u00edcio, a justificativa detalhada dos recursos solicitados.<\/p>\n<p style=\"text-align: justify;\">Resposta: Errada<\/p>\n<p style=\"text-align: justify;\" align=\"justify\"><b>2) (CESPE &#8211; Analista Judici\u00e1rio &#8211; \u00c1rea Administrativa &#8211; STM &#8211; 2018) Os programas executados de acordo com a t\u00e9cnica do or\u00e7amento-programa devem ser zerados ao final do exerc\u00edcio financeiro, a fim de que os \u00f3rg\u00e3os p\u00fablicos sejam obrigados a demonstrar os custos e benef\u00edcios de cada programa, sob pena de descontinuidade dos programas.<\/b><\/p>\n<p style=\"text-align: justify;\">Tal conceito se aplica ao <strong>or\u00e7amento de base zero <\/strong>e n\u00e3o especificamente ao or\u00e7amento-programa.<\/p>\n<p style=\"text-align: justify;\">Resposta: Errada<\/p>\n<p><strong>3) (CESPE \u2013 Analista de Controle Externo &#8211; TCE\/PE \u2013 2017) O or\u00e7amento base-zero facilita o processo de revis\u00e3o da\u00a0<\/strong><strong>decis\u00e3o a respeito da aloca\u00e7\u00e3o dos recursos p\u00fablicos, sendo,\u00a0<\/strong><strong>por essa raz\u00e3o, adequado \u00e0s situa\u00e7\u00f5es em que as despesas\u00a0<\/strong><strong>p\u00fablicas s\u00e3o limitadas por um teto de gastos.<\/strong><\/p>\n<p>Os \u00f3rg\u00e3os governamentais dever\u00e3o justificar anualmente, na fase de elabora\u00e7\u00e3o da sua proposta or\u00e7ament\u00e1ria, a totalidade de seus gastos, sem utilizar o ano anterior como valor inicial m\u00ednimo. Com um teto de gastos, \u00e9 razo\u00e1vel admitir que uma t\u00e9cnica como a do or\u00e7amento de base zero, a qual tem o poder de extinguir ou redimensionar programas desnecess\u00e1rios, pode ser utilizada para promover o equil\u00edbrio fiscal.<\/p>\n<p>Resposta: Certa<\/p>\n<p style=\"text-align: justify;\"><strong>4) (CESPE \u2013 Analista Judici\u00e1rio \u2013 Administrativa \u2013 TRE\/PI \u2013 2016) A t\u00e9cnica or\u00e7ament\u00e1ria que exige an\u00e1lise, revis\u00e3o e avalia\u00e7\u00e3o de todas as despesas propostas, e n\u00e3o apenas daquelas que ultrapassem o n\u00edvel de gastos j\u00e1 existente, \u00e9 denominada or\u00e7amento base-zero.<\/strong><\/p>\n<p style=\"text-align: justify;\">O or\u00e7amento de base zero consiste basicamente em uma an\u00e1lise cr\u00edtica de todos os recursos solicitados pelos \u00f3rg\u00e3os governamentais. Os \u00f3rg\u00e3os governamentais dever\u00e3o justificar anualmente, na fase de elabora\u00e7\u00e3o da sua proposta or\u00e7ament\u00e1ria, a totalidade de seus gastos, sem utilizar o ano anterior como valor inicial m\u00ednimo.<br \/>\nResposta: Certa<\/p>\n<p style=\"text-align: justify;\"><strong>5) (CESPE \u2013 Auditor Substituto de Conselheiro \u2013 TCE\/ES \u2013 2012) O or\u00e7amento de base zero n\u00e3o pode ser implantado em institui\u00e7\u00f5es que adotem o modelo de or\u00e7amento-programa.<\/strong><\/p>\n<p style=\"text-align: justify;\">Alguns autores consideram que o or\u00e7amento de base zero \u00e9 uma t\u00e9cnica do Or\u00e7amento-Programa. Logo, se isso \u00e9 poss\u00edvel, n\u00e3o h\u00e1 incompatibilidade ente o Or\u00e7amento Base Zero e o Or\u00e7amento Programa.<br \/>\nResposta: Errada<\/p>\n<p style=\"text-align: justify;\"><strong>6) (CESPE \u2013 Oficial T\u00e9cnico de Intelig\u00eancia \u2013 Planej Estrat. &#8211; ABIN \u2013 2010) O or\u00e7amento base-zero deve ser desenvolvido de forma isolada, com base nas peculiaridades de cada \u00e1rea a ser atendida.<\/strong><\/p>\n<p style=\"text-align: justify;\">O processo do or\u00e7amento de base zero concentra a aten\u00e7\u00e3o na an\u00e1lise de objetivos e necessidades, o que requer que cada administrador justifique seu or\u00e7amento proposto em detalhe e cada quantia a ser gasta, aumentando a participa\u00e7\u00e3o dos gerentes de todos os n\u00edveis no planejamento das atividades e na elabora\u00e7\u00e3o dos or\u00e7amentos.<br \/>\nResposta: Errada<\/p>\n<p style=\"text-align: justify;\"><strong>7) (CESPE \u2013 Oficial T\u00e9cnico de Intelig\u00eancia \u2013 Planej Estrat. &#8211; ABIN \u2013 2010) Na elabora\u00e7\u00e3o do or\u00e7amento base-zero, \u00e9 poss\u00edvel alterar a responsabilidade da carga de trabalho, a partir de uma base-zero, prescindindo-se da an\u00e1lise do custo-benef\u00edcio de todos os projetos, processos e atividades.<\/strong><\/p>\n<p style=\"text-align: justify;\">No or\u00e7amento de base zero s\u00e3o confrontados os novos programas pretendidos com os programas em execu\u00e7\u00e3o, sua continuidade e suas altera\u00e7\u00f5es. Isso faz com que os gerentes de todos os n\u00edveis avaliem melhor as prioridades, confrontando-se incrementos pela pondera\u00e7\u00e3o de custos e benef\u00edcios, a fim de que ocorra uma aplica\u00e7\u00e3o eficiente das dota\u00e7\u00f5es em suas atividades.<br \/>\nAssim, n\u00e3o h\u00e1 como prescindir (dispensar) da an\u00e1lise do custo-benef\u00edcio de todos os projetos, processos e atividades.<br \/>\nResposta: Errada<\/p>\n<p style=\"text-align: justify;\"><strong>8) (FCC \u2013 APOPF\/SP \u2013 2010) Se uma entidade p\u00fablica, para a elabora\u00e7\u00e3o do or\u00e7amento, baseia-se na prepara\u00e7\u00e3o de pacotes de decis\u00e3o e, consequentemente, na escolha do n\u00edvel de objetivo por meio da defini\u00e7\u00e3o de prioridades, confrontando-se incrementos pela pondera\u00e7\u00e3o de custos e benef\u00edcios, ela adota o or\u00e7amento<\/strong><\/p>\n<p style=\"text-align: justify;\"><strong>(A) base zero.<\/strong><br \/>\n<strong>(B) em perspectiva.<\/strong><br \/>\n<strong>(C) tradicional.<\/strong><br \/>\n<strong>(D) de desempenho.<\/strong><br \/>\n<strong>(E) incremental.<\/strong><\/p>\n<p style=\"text-align: justify;\">O Or\u00e7amento Base Zero requer que todas as atividades e opera\u00e7\u00f5es sejam identificadas e classificadas em ordem de import\u00e2ncia por meio de uma an\u00e1lise sistem\u00e1tica para que os pacotes de decis\u00e3o sejam preparados. S\u00e3o confrontados os novos programas pretendidos com os programas em execu\u00e7\u00e3o, sua continuidade e suas altera\u00e7\u00f5es. Isso faz com que os gerentes de todos os n\u00edveis avaliem melhor as prioridades, confrontando-se incrementos pela pondera\u00e7\u00e3o de custos e benef\u00edcios, a fim de que ocorra uma aplica\u00e7\u00e3o eficiente das dota\u00e7\u00f5es em suas atividades.<br \/>\nResposta: Letra A<\/p>\n<p style=\"text-align: justify;\"><strong>9) (FCC \u2013 Auditor Substituto de Conselheiro &#8211; TCE\/RO \u2013 2010) A principal caracter\u00edstica do Or\u00e7amento de Base Zero \u00e9<\/strong><br \/>\n<strong>(A) conter a classifica\u00e7\u00e3o funcional das despesas, para avalia\u00e7\u00e3o de quais \u00e1reas de a\u00e7\u00e3o governamental est\u00e3o sendo priorizadas.<\/strong><br \/>\n<strong>(B) conter a justificativa para a totalidade dos gastos de cada unidade or\u00e7ament\u00e1ria, independentemente do gasto realizado no exerc\u00edcio anterior.<\/strong><br \/>\n<strong>(C) estabelecer a completa separa\u00e7\u00e3o das despesas correntes das despesas de capital, com \u00eanfase nessas \u00faltimas em detrimento das primeiras.<\/strong><br \/>\n<strong>(D) conter crit\u00e9rio de aloca\u00e7\u00e3o de recursos que consiste em estabelecer um quantitativo financeiro fixo com base nas despesas realizadas no exerc\u00edcio anterior.<\/strong><br \/>\n<strong>(E) estar completamente dissociado do projeto de planejamento constante do Plano Plurianual, j\u00e1 que este pode ser mudado de um exerc\u00edcio para outro de acordo com a proposta or\u00e7ament\u00e1ria.<\/strong><\/p>\n<p style=\"text-align: justify;\">A principal caracter\u00edstica do Or\u00e7amento de Base Zero \u00e9 conter a justificativa para a totalidade dos gastos de cada unidade or\u00e7ament\u00e1ria, independentemente do gasto realizado no exerc\u00edcio anterior. Nesse tipo de abordagem, na fase de elabora\u00e7\u00e3o da proposta or\u00e7ament\u00e1ria, haver\u00e1 um questionamento acerca das reais necessidades de cada \u00e1rea, n\u00e3o havendo compromisso com qualquer montante inicial de dota\u00e7\u00e3o.<br \/>\nResposta: Letra B<\/p>\n<p style=\"text-align: justify;\"><strong>10) (FCC &#8211; Analista \u2013 Administrativo &#8211; MPU \u2013 2007) \u00c9 caracter\u00edstica do or\u00e7amento base-zero:<\/strong><br \/>\n<strong>a) \u00eanfase no acr\u00e9scimo de gastos em rela\u00e7\u00e3o ao or\u00e7amento anterior.<\/strong><br \/>\n<strong>b) decis\u00f5es considerando as necessidades financeiras das unidades operacionais.<\/strong><br \/>\n<strong>c) justificativa, em cada ano, de todas as atividades a serem desenvolvidas.<\/strong><br \/>\n<strong>d) dissocia\u00e7\u00e3o do conceito de planejamento e aloca\u00e7\u00e3o de recursos.<\/strong><br \/>\n<strong>e) inexist\u00eancia de mensura\u00e7\u00e3o dos resultados das atividades desenvolvidas.<\/strong><\/p>\n<p style=\"text-align: justify;\">A alternativa \u201cC\u201d est\u00e1 correta, pois o or\u00e7amento de base zero consiste basicamente em uma an\u00e1lise cr\u00edtica de todos os recursos solicitados pelos \u00f3rg\u00e3os governamentais. Nesse tipo de abordagem, na fase de elabora\u00e7\u00e3o da proposta or\u00e7ament\u00e1ria, haver\u00e1 um questionamento acerca das reais necessidades de cada \u00e1rea, n\u00e3o havendo compromisso com qualquer montante inicial de dota\u00e7\u00e3o. O processo do or\u00e7amento de base zero concentra a aten\u00e7\u00e3o na an\u00e1lise de objetivos e necessidades, o que requer que cada administrador justifique seu or\u00e7amento proposto em detalhe e cada quantia a ser gasta, aumentando a participa\u00e7\u00e3o dos gerentes de todos os n\u00edveis no planejamento das atividades e na elabora\u00e7\u00e3o dos or\u00e7amentos.<\/p>\n<p style=\"text-align: justify;\">As demais alternativas est\u00e3o erradas porque se referem ao or\u00e7amento cl\u00e1ssico ou tradicional. A falta de planejamento da a\u00e7\u00e3o governamental \u00e9 uma das principais caracter\u00edsticas dessa esp\u00e9cie de or\u00e7amento. Constitui-se num mero instrumento cont\u00e1bil e baseia-se no or\u00e7amento do exerc\u00edcio anterior, ou seja, enfatiza atos passados. Demonstra uma despreocupa\u00e7\u00e3o do gestor p\u00fablico com o atendimento das necessidades da popula\u00e7\u00e3o, pois considera apenas as necessidades financeiras das unidades organizacionais. Assim, nesta esp\u00e9cie de or\u00e7amento, n\u00e3o h\u00e1 preocupa\u00e7\u00e3o com a realiza\u00e7\u00e3o dos programas de trabalho do governo, importando-se apenas com as necessidades dos \u00f3rg\u00e3os p\u00fablicos para realiza\u00e7\u00e3o das suas tarefas, sem questionamentos sobre objetivos e metas e inexistindo mensura\u00e7\u00e3o dos resultados das atividades desenvolvidas. Predomina o incrementalismo.<\/p>\n<p style=\"text-align: justify;\">Resposta: Letra C<\/p>\n<p style=\"text-align: justify;\"><strong>11) (FCC &#8211; Analista \u2013 Or\u00e7amento &#8211; MPU \u2013 2007) \u00c9 caracter\u00edstica da t\u00e9cnica de elabora\u00e7\u00e3o or\u00e7ament\u00e1ria denominada or\u00e7amento base zero:<\/strong><br \/>\n<strong>a) dissocia\u00e7\u00e3o dos processos de planejamento e programa\u00e7\u00e3o.<\/strong><br \/>\n<strong>b) revis\u00e3o cr\u00edtica dos gastos tradicionais de cada unidade or\u00e7ament\u00e1ria.<\/strong><br \/>\n<strong>c) \u00eanfase aos aspectos cont\u00e1beis da gest\u00e3o e controle externo dos gastos.<\/strong><br \/>\n<strong>d) avalia\u00e7\u00e3o da integridade dos agentes governamentais e legalidade no cumprimento do or\u00e7amento.<\/strong><br \/>\n<strong>e) direitos adquiridos sobre verbas or\u00e7ament\u00e1rias anteriormente outorgadas.<\/strong><\/p>\n<p style=\"text-align: justify;\">Na alternativa \u201cB\u201d, o or\u00e7amento de base zero consiste basicamente em uma an\u00e1lise cr\u00edtica de todos os recursos solicitados pelos \u00f3rg\u00e3os governamentais. Nesse tipo de abordagem, na fase de elabora\u00e7\u00e3o da proposta or\u00e7ament\u00e1ria, haver\u00e1 um questionamento acerca das reais necessidades de cada \u00e1rea, n\u00e3o havendo compromisso com qualquer montante inicial de dota\u00e7\u00e3o.<\/p>\n<p style=\"text-align: justify;\">As demais alternativas versam sobre o or\u00e7amento tradicional.<br \/>\nResposta: Letra B<\/p>\n<p style=\"text-align: justify;\"><strong>12) (FGV \u2013 Analista \u2013 Planejamento e Gest\u00e3o \u2013 IBGE \u2013 2016) Desde as primeiras tentativas de se elaborar um or\u00e7amento no \u00e2mbito governamental at\u00e9 os dias atuais, v\u00e1rios modelos de or\u00e7amento foram propostos, tendo em vista contribuir para uma melhor destina\u00e7\u00e3o dos recursos p\u00fablicos. O modelo de or\u00e7amento em que as a\u00e7\u00f5es de um programa governamental constituem unidades de decis\u00e3o cujas necessidades de recursos s\u00e3o avaliadas em pacotes de decis\u00e3o \u00e9 o or\u00e7amento:<\/strong><br \/>\n<strong>(A) base zero;<\/strong><br \/>\n<strong>(B) gerencial;<\/strong><br \/>\n<strong>(C) participativo;<\/strong><br \/>\n<strong>(D) por desempenho;<\/strong><br \/>\n<strong>(E) por programa.<\/strong><\/p>\n<p style=\"text-align: justify;\">O processo do or\u00e7amento de base zero concentra a aten\u00e7\u00e3o na an\u00e1lise de objetivos e necessidades, o que requer que cada administrador justifique seu or\u00e7amento proposto em detalhe e cada quantia a ser gasta, aumentando a participa\u00e7\u00e3o dos gerentes de todos os n\u00edveis no planejamento das atividades e na elabora\u00e7\u00e3o dos or\u00e7amentos. Esse procedimento requer ainda que todas as atividades e opera\u00e7\u00f5es sejam identificadas e classificadas em ordem de import\u00e2ncia por meio de uma an\u00e1lise sistem\u00e1tica para que os pacotes de decis\u00e3o sejam preparados.<br \/>\nResposta: Letra A<\/p>\n<p style=\"text-align: justify;\"><strong>13) (FGV \u2013 Analista \u2013 Or\u00e7amento e Finan\u00e7as \u2013 IBGE \u2013 2016) Como marco da evolu\u00e7\u00e3o dos modelos e pr\u00e1ticas or\u00e7ament\u00e1rias, o or\u00e7amento base-zero (OBZ) surgiu nos Estados Unidos na d\u00e9cada de 1970, no governo Jimmy Carter. N\u00e3o obstante suas contribui\u00e7\u00f5es para o aperfei\u00e7oamento da moderna concep\u00e7\u00e3o de or\u00e7amento, o OBZ n\u00e3o \u00e9 considerado um m\u00e9todo de organizar ou apresentar o or\u00e7amento p\u00fablico. Uma das raz\u00f5es \u00e9 que:<\/strong><br \/>\n<strong>(A) apresenta resist\u00eancia por parte da burocracia para sua ado\u00e7\u00e3o;<\/strong><br \/>\n<strong>(B) n\u00e3o apresenta rela\u00e7\u00e3o clara entre planejamento e or\u00e7amento;<\/strong><br \/>\n<strong>(C) o controle de despesas constitui elemento secund\u00e1rio;<\/strong><br \/>\n<strong>(D) prop\u00f5e a aloca\u00e7\u00e3o de recursos com o objetivo de aquisi\u00e7\u00e3o de meios;<\/strong><br \/>\n<strong>(E) tem foco somente na avalia\u00e7\u00e3o e tomada de decis\u00e3o sobre despesas.<\/strong><\/p>\n<p style=\"text-align: justify;\">O OBZ requer que todas as atividades e opera\u00e7\u00f5es sejam identificadas e classificadas em ordem de import\u00e2ncia por meio de uma an\u00e1lise sistem\u00e1tica para que os pacotes de decis\u00e3o sejam preparados.<br \/>\nAlguns doutrinadores consideram que o OBZ n\u00e3o \u00e9 considerado um m\u00e9todo de organizar ou apresentar o or\u00e7amento p\u00fablico. Uma das raz\u00f5es \u00e9 que tem foco somente na avalia\u00e7\u00e3o e tomada de decis\u00e3o sobre despesas, tanto \u00e9 que alguns autores consideram que o or\u00e7amento de base zero \u00e9 uma t\u00e9cnica do Or\u00e7amento-Programa.<br \/>\nReposta: Letra E<\/p>\n<p style=\"text-align: justify;\"><strong>14) (FGV \u2013 Analista Administrativo \u2013 TJ\/SC \u2013 2015) A pr\u00e1tica de elabora\u00e7\u00e3o de um or\u00e7amento para as atividades governamentais tem origem na Inglaterra e apresentou diversas caracter\u00edsticas que marcam sua evolu\u00e7\u00e3o ao longo do tempo. O m\u00e9todo de elabora\u00e7\u00e3o de or\u00e7amento em que a cada novo exerc\u00edcio deve haver justificativa detalhada dos recursos solicitados \u00e9 o or\u00e7amento:<\/strong><br \/>\n<strong>(A) programa;<\/strong><br \/>\n<strong>(B) por desempenho;<\/strong><br \/>\n<strong>(C) participativo;<\/strong><br \/>\n<strong>(D) base zero;<\/strong><br \/>\n<strong>(E) operacional.<\/strong><\/p>\n<p style=\"text-align: justify;\">No or\u00e7amento de base zero, na elabora\u00e7\u00e3o da proposta or\u00e7ament\u00e1ria anual, os \u00f3rg\u00e3os governamentais dever\u00e3o justificar a totalidade de seus gastos.<br \/>\nResposta: Letra D<\/p>\n<p style=\"text-align: justify;\"><strong>15) (VUNESP \u2013 Analista em Planejamento, Or\u00e7amento e Finan\u00e7as P\u00fablicas \u2013 SEFAZ\/SP \u2013 2013) Ao se analisar um or\u00e7amento recentemente preparado para uma entidade, nota-se que tal or\u00e7amento foi preparado partindo-se da parte de baixo de uma estrutura organizacional, e com informa\u00e7\u00f5es muito detalhadas, propiciando uma an\u00e1lise mais cr\u00edtica dos gastos dessa entidade. Verifica-se ainda que n\u00e3o h\u00e1 informa\u00e7\u00f5es passadas, como se esse or\u00e7amento tivesse sido preparado pela primeira vez, para um eventual comparativo ou algo do g\u00eanero. Diante disso, conclui-se que o or\u00e7amento a ser analisado \u00e9 o<\/strong><br \/>\n<strong>(A) tradicional.<\/strong><br \/>\n<strong>(B) de desempenho.<\/strong><br \/>\n<strong>(C) original.<\/strong><br \/>\n<strong>(D) base zero.<\/strong><br \/>\n<strong>(E) programado.<\/strong><\/p>\n<p style=\"text-align: justify;\">O or\u00e7amento de base zero consiste basicamente em uma an\u00e1lise cr\u00edtica de todos os recursos solicitados pelos \u00f3rg\u00e3os governamentais. Nesse tipo de abordagem, na fase de elabora\u00e7\u00e3o da proposta or\u00e7ament\u00e1ria, haver\u00e1 um questionamento acerca das reais necessidades de cada \u00e1rea, n\u00e3o havendo compromisso com qualquer montante inicial de dota\u00e7\u00e3o.<\/p>\n<p style=\"text-align: justify;\">Resposta: Letra D<\/p>\n<p>Informa\u00e7\u00f5es da imprensa em:\u00a0<a href=\"https:\/\/veja.abril.com.br\/economia\/orcamento-de-2020-sera-base-zero-diz-futuro-chefe-da-casa-civil\/\">https:\/\/veja.abril.com.br\/economia\/orcamento-de-2020-sera-base-zero-diz-futuro-chefe-da-casa-civil\/<\/a><\/p>\n<p>Propostas de Governo do Bolsonaro:\u00a0<a href=\"http:\/\/divulgacandcontas.tse.jus.br\/candidaturas\/oficial\/2018\/BR\/BR\/2022802018\/280000614517\/proposta_1534284632231.pdf\">http:\/\/divulgacandcontas.tse.jus.br\/candidaturas\/oficial\/2018\/BR\/BR\/2022802018\/280000614517\/proposta_1534284632231.pdf<\/a><\/p>\n<p>&nbsp;<\/p>\n<p>Quer aprender AFO de verdade e &#8220;arrebentar em provas como essa&#8221;? Invista nos cursos espec\u00edficos para o seu concurso clicando em: <a href=\"https:\/\/www.estrategiaconcursos.com.br\/cursosPorProfessor\/sergio-mendes-3000\/\">quero aprender AFO e LRF de verdade.<\/a><\/p>\n<p>Se n\u00e3o h\u00e1 um curso espec\u00edfico para o concurso que voc\u00ea quer, sugiro para voc\u00ea o curso regular clicando em: <a href=\"https:\/\/www.estrategiaconcursos.com.br\/curso\/administracao-financeira-e-orcamentaria-para-concursos-com-videoaulas-curso-regular-2018\/\">quero aprender AFO para concursos.<\/a><\/p>\n<p>Forte abra\u00e7o!<\/p>\n<p>S\u00e9rgio Mendes<\/p>\n<p><a href=\"http:\/\/www.instagram.com\/sergiomendesafo\">www.instagram.com\/sergiomendesafo<\/a><\/p>\n<p><a href=\"http:\/\/www.facebook.com\/sergiomendesafo\">www.facebook.com\/sergiomendesafo<\/a><\/p>\n<p><a href=\"http:\/\/www.youtube.com\/sergiomendesafo\">www.youtube.com\/sergiomendesafo<\/a><\/p>\n<p><a href=\"http:\/\/www.portaldoorcamento.com.br\/\">www.portaldoorcamento.com.br<\/a><\/p>\n<p>&nbsp;<\/p>\n","protected":false},"excerpt":{"rendered":"<p>Or\u00e7amento de 2020 ser\u00e1 base zero, diz futuro chefe da Casa Civil, Onyx Lorenzoni: O que \u00e9 e como cai em provas de concursos? Todos j\u00e1 sabem que o pr\u00f3ximo Presidente da Rep\u00fablica ser\u00e1 Jair Messias Bolsonaro. \u00c9 de conhecimento amplo que o Ministro Chefe da Casa Civil ser\u00e1 Onyx Lorenzoni, amigo de Bolsonaro desde [&hellip;]<\/p>\n","protected":false},"author":29,"featured_media":0,"comment_status":"open","ping_status":"closed","sticky":false,"template":"","format":"standard","meta":{"post_tipo":"article","footnotes":""},"categories":[1],"tags":[37453,37452,37454],"tax_estado":[],"class_list":["post-149469","post","type-post","status-publish","format-standard","hentry","category-cursos-e-concursos","tag-orcamento-2020","tag-orcamento-base-zero","tag-orcamento-bolsonaro"],"acf":[],"yoast_head":"<!-- This site is optimized with the Yoast SEO Premium plugin v27.2 (Yoast SEO v27.2) - https:\/\/yoast.com\/product\/yoast-seo-premium-wordpress\/ -->\n<title>Bolsonaro Presidente - Or\u00e7amento Base Zero: o que \u00e9 e como cai em provas<\/title>\n<meta name=\"robots\" content=\"index, follow, max-snippet:-1, max-image-preview:large, max-video-preview:-1\" \/>\n<link rel=\"canonical\" href=\"https:\/\/www.estrategiaconcursos.com.br\/blog\/bolsonaro-presidente-o-orcamento-sera-base-zero-o-que-e-isso-e-como-cai-em-provas\/\" \/>\n<meta property=\"og:locale\" content=\"pt_BR\" \/>\n<meta property=\"og:type\" content=\"article\" \/>\n<meta property=\"og:title\" content=\"Bolsonaro Presidente - Or\u00e7amento Base Zero: o que \u00e9 e como cai em provas\" \/>\n<meta property=\"og:description\" content=\"Or\u00e7amento de 2020 ser\u00e1 base zero, diz futuro chefe da Casa Civil, Onyx Lorenzoni: O que \u00e9 e como cai em provas de concursos? Todos j\u00e1 sabem que o pr\u00f3ximo Presidente da Rep\u00fablica ser\u00e1 Jair Messias Bolsonaro. \u00c9 de conhecimento amplo que o Ministro Chefe da Casa Civil ser\u00e1 Onyx Lorenzoni, amigo de Bolsonaro desde [&hellip;]\" \/>\n<meta property=\"og:url\" content=\"https:\/\/www.estrategiaconcursos.com.br\/blog\/bolsonaro-presidente-o-orcamento-sera-base-zero-o-que-e-isso-e-como-cai-em-provas\/\" \/>\n<meta property=\"og:site_name\" content=\"Estrat\u00e9gia Concursos\" \/>\n<meta property=\"article:author\" content=\"https:\/\/www.facebook.com\/profsergiomendes\" \/>\n<meta property=\"article:published_time\" content=\"2018-11-01T00:00:03+00:00\" \/>\n<meta property=\"article:modified_time\" content=\"2018-11-01T11:54:03+00:00\" \/>\n<meta property=\"og:image\" content=\"https:\/\/www.estrategiaconcursos.com.br\/blog\/wp-content\/uploads\/2018\/10\/Onyx1.jpg\" \/>\n<meta name=\"author\" content=\"S\u00e9rgio Mendes\" \/>\n<meta name=\"twitter:card\" content=\"summary_large_image\" \/>\n<meta name=\"twitter:creator\" content=\"@EstratConcursos\" \/>\n<meta name=\"twitter:site\" content=\"@EstratConcursos\" \/>\n<meta name=\"twitter:label1\" content=\"Escrito por\" \/>\n\t<meta name=\"twitter:data1\" content=\"S\u00e9rgio Mendes\" \/>\n\t<meta name=\"twitter:label2\" content=\"Est. tempo de leitura\" \/>\n\t<meta name=\"twitter:data2\" content=\"18 minutos\" \/>\n<script type=\"application\/ld+json\" class=\"yoast-schema-graph\">{\"@context\":\"https:\/\/schema.org\",\"@graph\":[{\"@type\":\"NewsArticle\",\"@id\":\"https:\/\/www.estrategiaconcursos.com.br\/blog\/bolsonaro-presidente-o-orcamento-sera-base-zero-o-que-e-isso-e-como-cai-em-provas\/#article\",\"isPartOf\":{\"@id\":\"https:\/\/www.estrategiaconcursos.com.br\/blog\/bolsonaro-presidente-o-orcamento-sera-base-zero-o-que-e-isso-e-como-cai-em-provas\/\"},\"author\":{\"name\":\"S\u00e9rgio Mendes\",\"@id\":\"https:\/\/www.estrategiaconcursos.com.br\/blog\/#\/schema\/person\/4ddc4a162b4fdffa2ea9956dbf62f583\"},\"headline\":\"Bolsonaro Presidente &#8211; Or\u00e7amento Base Zero: o que \u00e9 e como cai em provas\",\"datePublished\":\"2018-11-01T00:00:03+00:00\",\"dateModified\":\"2018-11-01T11:54:03+00:00\",\"mainEntityOfPage\":{\"@id\":\"https:\/\/www.estrategiaconcursos.com.br\/blog\/bolsonaro-presidente-o-orcamento-sera-base-zero-o-que-e-isso-e-como-cai-em-provas\/\"},\"wordCount\":3523,\"commentCount\":12,\"publisher\":{\"@id\":\"https:\/\/www.estrategiaconcursos.com.br\/blog\/#organization\"},\"image\":{\"@id\":\"https:\/\/www.estrategiaconcursos.com.br\/blog\/bolsonaro-presidente-o-orcamento-sera-base-zero-o-que-e-isso-e-como-cai-em-provas\/#primaryimage\"},\"thumbnailUrl\":\"https:\/\/www.estrategiaconcursos.com.br\/blog\/wp-content\/uploads\/2018\/10\/Onyx1.jpg\",\"keywords\":[\"Or\u00e7amento 2020\",\"Or\u00e7amento Base Zero\",\"Or\u00e7amento Bolsonaro\"],\"articleSection\":[\"Concursos P\u00fablicos\"],\"inLanguage\":\"pt-BR\",\"potentialAction\":[{\"@type\":\"CommentAction\",\"name\":\"Comment\",\"target\":[\"https:\/\/www.estrategiaconcursos.com.br\/blog\/bolsonaro-presidente-o-orcamento-sera-base-zero-o-que-e-isso-e-como-cai-em-provas\/#respond\"]}],\"copyrightYear\":\"2018\",\"copyrightHolder\":{\"@id\":\"https:\/\/www.estrategiaconcursos.com.br\/blog\/#organization\"}},{\"@type\":\"WebPage\",\"@id\":\"https:\/\/www.estrategiaconcursos.com.br\/blog\/bolsonaro-presidente-o-orcamento-sera-base-zero-o-que-e-isso-e-como-cai-em-provas\/\",\"url\":\"https:\/\/www.estrategiaconcursos.com.br\/blog\/bolsonaro-presidente-o-orcamento-sera-base-zero-o-que-e-isso-e-como-cai-em-provas\/\",\"name\":\"Bolsonaro Presidente - Or\u00e7amento Base Zero: o que \u00e9 e como cai em provas\",\"isPartOf\":{\"@id\":\"https:\/\/www.estrategiaconcursos.com.br\/blog\/#website\"},\"primaryImageOfPage\":{\"@id\":\"https:\/\/www.estrategiaconcursos.com.br\/blog\/bolsonaro-presidente-o-orcamento-sera-base-zero-o-que-e-isso-e-como-cai-em-provas\/#primaryimage\"},\"image\":{\"@id\":\"https:\/\/www.estrategiaconcursos.com.br\/blog\/bolsonaro-presidente-o-orcamento-sera-base-zero-o-que-e-isso-e-como-cai-em-provas\/#primaryimage\"},\"thumbnailUrl\":\"https:\/\/www.estrategiaconcursos.com.br\/blog\/wp-content\/uploads\/2018\/10\/Onyx1.jpg\",\"datePublished\":\"2018-11-01T00:00:03+00:00\",\"dateModified\":\"2018-11-01T11:54:03+00:00\",\"breadcrumb\":{\"@id\":\"https:\/\/www.estrategiaconcursos.com.br\/blog\/bolsonaro-presidente-o-orcamento-sera-base-zero-o-que-e-isso-e-como-cai-em-provas\/#breadcrumb\"},\"inLanguage\":\"pt-BR\",\"potentialAction\":[{\"@type\":\"ReadAction\",\"target\":[\"https:\/\/www.estrategiaconcursos.com.br\/blog\/bolsonaro-presidente-o-orcamento-sera-base-zero-o-que-e-isso-e-como-cai-em-provas\/\"]}]},{\"@type\":\"ImageObject\",\"inLanguage\":\"pt-BR\",\"@id\":\"https:\/\/www.estrategiaconcursos.com.br\/blog\/bolsonaro-presidente-o-orcamento-sera-base-zero-o-que-e-isso-e-como-cai-em-provas\/#primaryimage\",\"url\":\"https:\/\/dhg1h5j42swfq.cloudfront.net\/2018\/10\/30180059\/Onyx1.jpg\",\"contentUrl\":\"https:\/\/dhg1h5j42swfq.cloudfront.net\/2018\/10\/30180059\/Onyx1.jpg\",\"width\":640,\"height\":640,\"caption\":\"Onyx Lorenzoni\"},{\"@type\":\"BreadcrumbList\",\"@id\":\"https:\/\/www.estrategiaconcursos.com.br\/blog\/bolsonaro-presidente-o-orcamento-sera-base-zero-o-que-e-isso-e-como-cai-em-provas\/#breadcrumb\",\"itemListElement\":[{\"@type\":\"ListItem\",\"position\":1,\"name\":\"In\u00edcio\",\"item\":\"https:\/\/www.estrategiaconcursos.com.br\/blog\/\"},{\"@type\":\"ListItem\",\"position\":2,\"name\":\"Bolsonaro Presidente &#8211; Or\u00e7amento Base Zero: o que \u00e9 e como cai em provas\"}]},{\"@type\":\"WebSite\",\"@id\":\"https:\/\/www.estrategiaconcursos.com.br\/blog\/#website\",\"url\":\"https:\/\/www.estrategiaconcursos.com.br\/blog\/\",\"name\":\"Estrat\u00e9gia Concursos\",\"description\":\"O blog da Estrat\u00e9gia Concursos traz not\u00edcias sobre concursos e artigos de professores oferecendo cursos para concursos (pdf + videaulas) no site.\",\"publisher\":{\"@id\":\"https:\/\/www.estrategiaconcursos.com.br\/blog\/#organization\"},\"potentialAction\":[{\"@type\":\"SearchAction\",\"target\":{\"@type\":\"EntryPoint\",\"urlTemplate\":\"https:\/\/www.estrategiaconcursos.com.br\/blog\/?s={search_term_string}\"},\"query-input\":{\"@type\":\"PropertyValueSpecification\",\"valueRequired\":true,\"valueName\":\"search_term_string\"}}],\"inLanguage\":\"pt-BR\"},{\"@type\":\"Organization\",\"@id\":\"https:\/\/www.estrategiaconcursos.com.br\/blog\/#organization\",\"name\":\"Estrat\u00e9gia Concursos\",\"url\":\"https:\/\/www.estrategiaconcursos.com.br\/blog\/\",\"logo\":{\"@type\":\"ImageObject\",\"inLanguage\":\"pt-BR\",\"@id\":\"https:\/\/www.estrategiaconcursos.com.br\/blog\/#\/schema\/logo\/image\/\",\"url\":\"https:\/\/dhg1h5j42swfq.cloudfront.net\/2025\/06\/03203428\/logo_concursos-1.jpg\",\"contentUrl\":\"https:\/\/dhg1h5j42swfq.cloudfront.net\/2025\/06\/03203428\/logo_concursos-1.jpg\",\"width\":230,\"height\":60,\"caption\":\"Estrat\u00e9gia Concursos\"},\"image\":{\"@id\":\"https:\/\/www.estrategiaconcursos.com.br\/blog\/#\/schema\/logo\/image\/\"},\"sameAs\":[\"https:\/\/x.com\/EstratConcursos\"]},{\"@type\":\"Person\",\"@id\":\"https:\/\/www.estrategiaconcursos.com.br\/blog\/#\/schema\/person\/4ddc4a162b4fdffa2ea9956dbf62f583\",\"name\":\"S\u00e9rgio Mendes\",\"image\":{\"@type\":\"ImageObject\",\"inLanguage\":\"pt-BR\",\"@id\":\"https:\/\/secure.gravatar.com\/avatar\/4eb4b562c33f40d6f7f76579da7e07350c69579df7db305d32a69ed32ecfd5ce?s=96&d=mm&r=g\",\"url\":\"https:\/\/secure.gravatar.com\/avatar\/4eb4b562c33f40d6f7f76579da7e07350c69579df7db305d32a69ed32ecfd5ce?s=96&d=mm&r=g\",\"contentUrl\":\"https:\/\/secure.gravatar.com\/avatar\/4eb4b562c33f40d6f7f76579da7e07350c69579df7db305d32a69ed32ecfd5ce?s=96&d=mm&r=g\",\"caption\":\"S\u00e9rgio Mendes\"},\"sameAs\":[\"https:\/\/www.facebook.com\/profsergiomendes\"],\"url\":\"https:\/\/www.estrategiaconcursos.com.br\/blog\/author\/sergiomendesestrategiaconcursos-com-br\/\"}]}<\/script>\n<!-- \/ Yoast SEO Premium plugin. -->","yoast_head_json":{"title":"Bolsonaro Presidente - Or\u00e7amento Base Zero: o que \u00e9 e como cai em provas","robots":{"index":"index","follow":"follow","max-snippet":"max-snippet:-1","max-image-preview":"max-image-preview:large","max-video-preview":"max-video-preview:-1"},"canonical":"https:\/\/www.estrategiaconcursos.com.br\/blog\/bolsonaro-presidente-o-orcamento-sera-base-zero-o-que-e-isso-e-como-cai-em-provas\/","og_locale":"pt_BR","og_type":"article","og_title":"Bolsonaro Presidente - Or\u00e7amento Base Zero: o que \u00e9 e como cai em provas","og_description":"Or\u00e7amento de 2020 ser\u00e1 base zero, diz futuro chefe da Casa Civil, Onyx Lorenzoni: O que \u00e9 e como cai em provas de concursos? Todos j\u00e1 sabem que o pr\u00f3ximo Presidente da Rep\u00fablica ser\u00e1 Jair Messias Bolsonaro. \u00c9 de conhecimento amplo que o Ministro Chefe da Casa Civil ser\u00e1 Onyx Lorenzoni, amigo de Bolsonaro desde [&hellip;]","og_url":"https:\/\/www.estrategiaconcursos.com.br\/blog\/bolsonaro-presidente-o-orcamento-sera-base-zero-o-que-e-isso-e-como-cai-em-provas\/","og_site_name":"Estrat\u00e9gia Concursos","article_author":"https:\/\/www.facebook.com\/profsergiomendes","article_published_time":"2018-11-01T00:00:03+00:00","article_modified_time":"2018-11-01T11:54:03+00:00","og_image":[{"url":"https:\/\/www.estrategiaconcursos.com.br\/blog\/wp-content\/uploads\/2018\/10\/Onyx1.jpg","type":"","width":"","height":""}],"author":"S\u00e9rgio Mendes","twitter_card":"summary_large_image","twitter_creator":"@EstratConcursos","twitter_site":"@EstratConcursos","twitter_misc":{"Escrito por":"S\u00e9rgio Mendes","Est. tempo de leitura":"18 minutos"},"schema":{"@context":"https:\/\/schema.org","@graph":[{"@type":"NewsArticle","@id":"https:\/\/www.estrategiaconcursos.com.br\/blog\/bolsonaro-presidente-o-orcamento-sera-base-zero-o-que-e-isso-e-como-cai-em-provas\/#article","isPartOf":{"@id":"https:\/\/www.estrategiaconcursos.com.br\/blog\/bolsonaro-presidente-o-orcamento-sera-base-zero-o-que-e-isso-e-como-cai-em-provas\/"},"author":{"name":"S\u00e9rgio Mendes","@id":"https:\/\/www.estrategiaconcursos.com.br\/blog\/#\/schema\/person\/4ddc4a162b4fdffa2ea9956dbf62f583"},"headline":"Bolsonaro Presidente &#8211; Or\u00e7amento Base Zero: o que \u00e9 e como cai em provas","datePublished":"2018-11-01T00:00:03+00:00","dateModified":"2018-11-01T11:54:03+00:00","mainEntityOfPage":{"@id":"https:\/\/www.estrategiaconcursos.com.br\/blog\/bolsonaro-presidente-o-orcamento-sera-base-zero-o-que-e-isso-e-como-cai-em-provas\/"},"wordCount":3523,"commentCount":12,"publisher":{"@id":"https:\/\/www.estrategiaconcursos.com.br\/blog\/#organization"},"image":{"@id":"https:\/\/www.estrategiaconcursos.com.br\/blog\/bolsonaro-presidente-o-orcamento-sera-base-zero-o-que-e-isso-e-como-cai-em-provas\/#primaryimage"},"thumbnailUrl":"https:\/\/www.estrategiaconcursos.com.br\/blog\/wp-content\/uploads\/2018\/10\/Onyx1.jpg","keywords":["Or\u00e7amento 2020","Or\u00e7amento Base Zero","Or\u00e7amento Bolsonaro"],"articleSection":["Concursos P\u00fablicos"],"inLanguage":"pt-BR","potentialAction":[{"@type":"CommentAction","name":"Comment","target":["https:\/\/www.estrategiaconcursos.com.br\/blog\/bolsonaro-presidente-o-orcamento-sera-base-zero-o-que-e-isso-e-como-cai-em-provas\/#respond"]}],"copyrightYear":"2018","copyrightHolder":{"@id":"https:\/\/www.estrategiaconcursos.com.br\/blog\/#organization"}},{"@type":"WebPage","@id":"https:\/\/www.estrategiaconcursos.com.br\/blog\/bolsonaro-presidente-o-orcamento-sera-base-zero-o-que-e-isso-e-como-cai-em-provas\/","url":"https:\/\/www.estrategiaconcursos.com.br\/blog\/bolsonaro-presidente-o-orcamento-sera-base-zero-o-que-e-isso-e-como-cai-em-provas\/","name":"Bolsonaro Presidente - Or\u00e7amento Base Zero: o que \u00e9 e como cai em provas","isPartOf":{"@id":"https:\/\/www.estrategiaconcursos.com.br\/blog\/#website"},"primaryImageOfPage":{"@id":"https:\/\/www.estrategiaconcursos.com.br\/blog\/bolsonaro-presidente-o-orcamento-sera-base-zero-o-que-e-isso-e-como-cai-em-provas\/#primaryimage"},"image":{"@id":"https:\/\/www.estrategiaconcursos.com.br\/blog\/bolsonaro-presidente-o-orcamento-sera-base-zero-o-que-e-isso-e-como-cai-em-provas\/#primaryimage"},"thumbnailUrl":"https:\/\/www.estrategiaconcursos.com.br\/blog\/wp-content\/uploads\/2018\/10\/Onyx1.jpg","datePublished":"2018-11-01T00:00:03+00:00","dateModified":"2018-11-01T11:54:03+00:00","breadcrumb":{"@id":"https:\/\/www.estrategiaconcursos.com.br\/blog\/bolsonaro-presidente-o-orcamento-sera-base-zero-o-que-e-isso-e-como-cai-em-provas\/#breadcrumb"},"inLanguage":"pt-BR","potentialAction":[{"@type":"ReadAction","target":["https:\/\/www.estrategiaconcursos.com.br\/blog\/bolsonaro-presidente-o-orcamento-sera-base-zero-o-que-e-isso-e-como-cai-em-provas\/"]}]},{"@type":"ImageObject","inLanguage":"pt-BR","@id":"https:\/\/www.estrategiaconcursos.com.br\/blog\/bolsonaro-presidente-o-orcamento-sera-base-zero-o-que-e-isso-e-como-cai-em-provas\/#primaryimage","url":"https:\/\/dhg1h5j42swfq.cloudfront.net\/2018\/10\/30180059\/Onyx1.jpg","contentUrl":"https:\/\/dhg1h5j42swfq.cloudfront.net\/2018\/10\/30180059\/Onyx1.jpg","width":640,"height":640,"caption":"Onyx Lorenzoni"},{"@type":"BreadcrumbList","@id":"https:\/\/www.estrategiaconcursos.com.br\/blog\/bolsonaro-presidente-o-orcamento-sera-base-zero-o-que-e-isso-e-como-cai-em-provas\/#breadcrumb","itemListElement":[{"@type":"ListItem","position":1,"name":"In\u00edcio","item":"https:\/\/www.estrategiaconcursos.com.br\/blog\/"},{"@type":"ListItem","position":2,"name":"Bolsonaro Presidente &#8211; Or\u00e7amento Base Zero: o que \u00e9 e como cai em provas"}]},{"@type":"WebSite","@id":"https:\/\/www.estrategiaconcursos.com.br\/blog\/#website","url":"https:\/\/www.estrategiaconcursos.com.br\/blog\/","name":"Estrat\u00e9gia Concursos","description":"O blog da Estrat\u00e9gia Concursos traz not\u00edcias sobre concursos e artigos de professores oferecendo cursos para concursos (pdf + videaulas) no site.","publisher":{"@id":"https:\/\/www.estrategiaconcursos.com.br\/blog\/#organization"},"potentialAction":[{"@type":"SearchAction","target":{"@type":"EntryPoint","urlTemplate":"https:\/\/www.estrategiaconcursos.com.br\/blog\/?s={search_term_string}"},"query-input":{"@type":"PropertyValueSpecification","valueRequired":true,"valueName":"search_term_string"}}],"inLanguage":"pt-BR"},{"@type":"Organization","@id":"https:\/\/www.estrategiaconcursos.com.br\/blog\/#organization","name":"Estrat\u00e9gia Concursos","url":"https:\/\/www.estrategiaconcursos.com.br\/blog\/","logo":{"@type":"ImageObject","inLanguage":"pt-BR","@id":"https:\/\/www.estrategiaconcursos.com.br\/blog\/#\/schema\/logo\/image\/","url":"https:\/\/dhg1h5j42swfq.cloudfront.net\/2025\/06\/03203428\/logo_concursos-1.jpg","contentUrl":"https:\/\/dhg1h5j42swfq.cloudfront.net\/2025\/06\/03203428\/logo_concursos-1.jpg","width":230,"height":60,"caption":"Estrat\u00e9gia Concursos"},"image":{"@id":"https:\/\/www.estrategiaconcursos.com.br\/blog\/#\/schema\/logo\/image\/"},"sameAs":["https:\/\/x.com\/EstratConcursos"]},{"@type":"Person","@id":"https:\/\/www.estrategiaconcursos.com.br\/blog\/#\/schema\/person\/4ddc4a162b4fdffa2ea9956dbf62f583","name":"S\u00e9rgio Mendes","image":{"@type":"ImageObject","inLanguage":"pt-BR","@id":"https:\/\/secure.gravatar.com\/avatar\/4eb4b562c33f40d6f7f76579da7e07350c69579df7db305d32a69ed32ecfd5ce?s=96&d=mm&r=g","url":"https:\/\/secure.gravatar.com\/avatar\/4eb4b562c33f40d6f7f76579da7e07350c69579df7db305d32a69ed32ecfd5ce?s=96&d=mm&r=g","contentUrl":"https:\/\/secure.gravatar.com\/avatar\/4eb4b562c33f40d6f7f76579da7e07350c69579df7db305d32a69ed32ecfd5ce?s=96&d=mm&r=g","caption":"S\u00e9rgio Mendes"},"sameAs":["https:\/\/www.facebook.com\/profsergiomendes"],"url":"https:\/\/www.estrategiaconcursos.com.br\/blog\/author\/sergiomendesestrategiaconcursos-com-br\/"}]}},"_links":{"self":[{"href":"https:\/\/www.estrategiaconcursos.com.br\/blog\/wp-json\/wp\/v2\/posts\/149469","targetHints":{"allow":["GET"]}}],"collection":[{"href":"https:\/\/www.estrategiaconcursos.com.br\/blog\/wp-json\/wp\/v2\/posts"}],"about":[{"href":"https:\/\/www.estrategiaconcursos.com.br\/blog\/wp-json\/wp\/v2\/types\/post"}],"author":[{"embeddable":true,"href":"https:\/\/www.estrategiaconcursos.com.br\/blog\/wp-json\/wp\/v2\/users\/29"}],"replies":[{"embeddable":true,"href":"https:\/\/www.estrategiaconcursos.com.br\/blog\/wp-json\/wp\/v2\/comments?post=149469"}],"version-history":[{"count":25,"href":"https:\/\/www.estrategiaconcursos.com.br\/blog\/wp-json\/wp\/v2\/posts\/149469\/revisions"}],"predecessor-version":[{"id":149872,"href":"https:\/\/www.estrategiaconcursos.com.br\/blog\/wp-json\/wp\/v2\/posts\/149469\/revisions\/149872"}],"wp:attachment":[{"href":"https:\/\/www.estrategiaconcursos.com.br\/blog\/wp-json\/wp\/v2\/media?parent=149469"}],"wp:term":[{"taxonomy":"category","embeddable":true,"href":"https:\/\/www.estrategiaconcursos.com.br\/blog\/wp-json\/wp\/v2\/categories?post=149469"},{"taxonomy":"post_tag","embeddable":true,"href":"https:\/\/www.estrategiaconcursos.com.br\/blog\/wp-json\/wp\/v2\/tags?post=149469"},{"taxonomy":"tax_estado","embeddable":true,"href":"https:\/\/www.estrategiaconcursos.com.br\/blog\/wp-json\/wp\/v2\/tax_estado?post=149469"}],"curies":[{"name":"wp","href":"https:\/\/api.w.org\/{rel}","templated":true}]}}