{"id":1493563,"date":"2024-11-22T09:16:14","date_gmt":"2024-11-22T12:16:14","guid":{"rendered":"https:\/\/www.estrategiaconcursos.com.br\/blog\/?p=1493563"},"modified":"2024-11-22T11:33:44","modified_gmt":"2024-11-22T14:33:44","slug":"comissao-do-concurso-inss","status":"publish","type":"post","link":"https:\/\/www.estrategiaconcursos.com.br\/blog\/comissao-do-concurso-inss\/","title":{"rendered":"Comiss\u00e3o formada para o concurso INSS; banca iminente!"},"content":{"rendered":"\n<p>O aguardado concurso p\u00fablico do <strong><a href=\"https:\/\/www.estrategiaconcursos.com.br\/cursosPorConcurso\/inss-tecnico-do-seguro-social-101\/\" target=\"_blank\" rel=\"noreferrer noopener\">INSS<\/a><\/strong> para o cargo de Perito M\u00e9dico Federal deu um importante passo com a forma\u00e7\u00e3o de sua comiss\u00e3o organizadora. <\/p>\n\n\n\n<p>O grupo foi oficialmente anunciado por meio de uma portaria publicada no Di\u00e1rio Oficial da Uni\u00e3o (DOU) nesta sexta-feira (22).<\/p>\n\n\n\n<p>A comiss\u00e3o ser\u00e1 respons\u00e1vel por planejar, organizar e supervisionar todas as etapas do certame, al\u00e9m de selecionar e contratar a banca respons\u00e1vel pela aplica\u00e7\u00e3o das provas. Confira todas as atribui\u00e7\u00f5es listadas:<\/p>\n\n\n\n<ul class=\"wp-block-list\">\n<li><strong>I &#8211;<\/strong> fornecer todos os dados e informa\u00e7\u00f5es necess\u00e1rios \u00e0 realiza\u00e7\u00e3o do concurso p\u00fablico de que trata o art. 1\u00ba \u00e0 empresa contratada, de modo a possibilitar a elabora\u00e7\u00f5es dos editais para a abertura do certame;<\/li>\n\n\n\n<li><strong>II &#8211;<\/strong> supervisionar a presta\u00e7\u00e3o dos servi\u00e7os pela empresa contratada;<\/li>\n\n\n\n<li><strong>III &#8211; <\/strong>analisar e validar os editais e os comunicados relacionados ao concurso p\u00fablico de que trata o art. 1\u00ba;<\/li>\n\n\n\n<li><strong>IV &#8211;<\/strong> receber e analisar os relat\u00f3rios diversos e listagens contendo os resultados das provas;<\/li>\n\n\n\n<li><strong>V &#8211;<\/strong> aprovar os atos a serem realizados pela empresa contratada, tais como:\n<ul class=\"wp-block-list\">\n<li><strong>a) <\/strong>cronograma de execu\u00e7\u00e3o, de acordo com as fases do concurso p\u00fablico;<\/li>\n\n\n\n<li><strong>b)<\/strong> minuta do edital;<\/li>\n\n\n\n<li><strong>c) <\/strong>conte\u00fados\/objetos de avalia\u00e7\u00e3o das provas; e<\/li>\n\n\n\n<li><strong>d)<\/strong> outros atos necess\u00e1rios ao andamento do concurso p\u00fablico.<\/li>\n<\/ul>\n<\/li>\n<\/ul>\n\n\n\n<p><strong>>>><\/strong><a href=\"https:\/\/dhg1h5j42swfq.cloudfront.net\/2024\/11\/22090000\/portaria-mps-no-3-702-de-19-de-novembro-de-2024-portaria-mps-no-3-702-de-19-de-novembro-de-2024-dou-imprensa-nacional.pdf\" target=\"_blank\" rel=\"noreferrer noopener nofollow\"><strong>Comiss\u00e3o formada (documento na \u00edntegra)<\/strong><\/a><\/p>\n\n\n\n<p>Vale lembrar que, conforme antecipado <a href=\"https:\/\/www.estrategiaconcursos.com.br\/blog\/edital-concurso-inss-vagas\/\" target=\"_blank\" rel=\"noreferrer noopener\">exclusivamente<\/a> pelo jornalismo do Estrat\u00e9gia, a banca do concurso INSS j\u00e1 est\u00e1 previamente definida. O nome da escolhida deve ser anunciado at\u00e9 o final de novembro e in\u00edcio de dezembro.<\/p>\n\n\n\n<figure class=\"wp-block-image aligncenter size-large\"><img loading=\"lazy\" decoding=\"async\" width=\"1024\" height=\"613\" src=\"https:\/\/dhg1h5j42swfq.cloudfront.net\/2024\/11\/22090839\/inss-ok-1024x613.jpg\" alt=\"Comiss\u00e3o do concurso INSS est\u00e1 formada!\" class=\"wp-image-1493571\" srcset=\"https:\/\/dhg1h5j42swfq.cloudfront.net\/2024\/11\/22090839\/inss-ok-1024x613.jpg 1024w, https:\/\/dhg1h5j42swfq.cloudfront.net\/2024\/11\/22090839\/inss-ok-300x179.jpg 300w, https:\/\/dhg1h5j42swfq.cloudfront.net\/2024\/11\/22090839\/inss-ok-768x459.jpg 768w, https:\/\/dhg1h5j42swfq.cloudfront.net\/2024\/11\/22090839\/inss-ok-150x90.jpg 150w, https:\/\/dhg1h5j42swfq.cloudfront.net\/2024\/11\/22090839\/inss-ok.jpg 1170w\" sizes=\"auto, (max-width: 1024px) 100vw, 1024px\" \/><figcaption class=\"wp-element-caption\">Comiss\u00e3o do concurso INSS est\u00e1 formada!<\/figcaption><\/figure>\n\n\n\n<p>Ademais, o edital vai oferecer 250 vagas imediatas mais 250 oportunidades em cadastro de reserva. Os sal\u00e1rios iniciais podem variar entre R$ 7.938,50 a R$ 15.875,99.<\/p>\n\n\n\n<p>A sele\u00e7\u00e3o ir\u00e1 priorizar o preenchimento de vagas em<strong>&nbsp;<\/strong>regi\u00f5es do pa\u00eds com o maior d\u00e9ficit de servidores, como Nordeste e Norte, preferencialmente fora das capitais.<\/p>\n\n\n\n<p class=\"has-text-align-center\"><em>Para saber mais detalhes acerca da comiss\u00e3o, al\u00e9m outras disposi\u00e7\u00f5es do concurso <a href=\"https:\/\/www.gov.br\/inss\/pt-br\" target=\"_blank\" rel=\"noreferrer noopener\">INSS<\/a>, acesse agora mesmo o artigo exclusivo e muito mais completo que preparamos para voc\u00ea. O link est\u00e1 dispon\u00edvel logo abaixo:<\/em><\/p>\n\n\n\n<p class=\"has-text-align-center has-background\" style=\"background-color:#f1f1f1;font-size:clamp(15.197px, 0.95rem + ((1vw - 3.2px) * 0.765), 23px);\"><strong>Saiba mais: <a href=\"https:\/\/www.estrategiaconcursos.com.br\/blog\/concurso-inss\/\" target=\"_blank\" rel=\"noreferrer noopener\">Concurso INSS<\/a><\/strong><\/p>\n\n\n\n<hr class=\"wp-block-separator has-css-opacity\"\/>\n\n\n\n<h2 class=\"wp-block-heading has-text-align-center\" id=\"cursos\"><em>Assinatura e cursos para ser aprovado em uma das vagas do edital do concurso INSS Perito:<\/em><\/h2>\n\n\n\n<div class=\"container\" id=\"boxes\">\r\n  <div class=\"row\">\r\n\r\n    <div class=\"col-sm\">\r\n      <div class=\"banner-adm\" id=\"box-assinatura\">\r\n        <h3 class=\"titulo-assinatura\">Concurso INSS<\/h3>\r\n        <p class=\"subtitulo-assinatura\">Conhe\u00e7a os cursos<\/p>\r\n        <div class=\"box-botao\">\r\n          <a class=\"btn-assinatura\" target=\"_blank\" href=\"https:\/\/www.estrategiaconcursos.com.br\/cursosPorConcurso\/inss-tecnico-do-seguro-social-101\/\" role=\"button\" rel=\"noopener noreferrer\">Conhe\u00e7a mais<\/a>\r\n        <\/div>\r\n      <\/div>\r\n     \r\n    <\/div>\r\n\r\n  <\/div>\r\n<\/div>\n\n\n\n<div class=\"container\" id=\"boxes\">\r\n  <div class=\"row\">\r\n\r\n    <div class=\"col-sm\">\r\n      <div class=\"estrategia\" id=\"box-assinatura\">\r\n        <h3 class=\"titulo-assinatura\">Assinatura Concursos<\/h3>\r\n        <p class=\"subtitulo-assinatura\">Assinatura de 1 ano ou 2 anos<\/p>\r\n        <div class=\"box-botao\">\r\n          <a class=\"btn-assinatura\" target=\"_blank\" href=\"https:\/\/www.estrategiaconcursos.com.br\/assinaturas\/\" role=\"button\" rel=\"noopener noreferrer\">ASSINE AGORA<\/a>\r\n        <\/div>\r\n      <\/div><\/div><\/div><\/div>\n\n\n\n<h2 class=\"wp-block-heading has-text-align-center\" id=\"h-quer-saber-tudo-sobre-concursos-previstos-confira-nossos-artigos\">Quer saber tudo sobre concursos previstos?<br \/>Confira nossos artigos!<\/h2>\n\n\n\n<ul class=\"wp-block-list\">\n<li><a href=\"https:\/\/www.estrategiaconcursos.com.br\/blog\/concursos-abertos\/\" target=\"_blank\" rel=\"noreferrer noopener\">Concursos Abertos<\/a><\/li>\n\n\n\n<li><a href=\"https:\/\/www.estrategiaconcursos.com.br\/blog\/concursos-2025\/\" target=\"_blank\" rel=\"noreferrer noopener\">Concursos 2025<\/a><\/li>\n<\/ul>\n","protected":false},"excerpt":{"rendered":"<p>O aguardado concurso p\u00fablico do INSS para o cargo de Perito M\u00e9dico Federal deu um importante passo com a forma\u00e7\u00e3o de sua comiss\u00e3o organizadora. O grupo foi oficialmente anunciado por meio de uma portaria publicada no Di\u00e1rio Oficial da Uni\u00e3o (DOU) nesta sexta-feira (22). A comiss\u00e3o ser\u00e1 respons\u00e1vel por planejar, organizar e supervisionar todas as [&hellip;]<\/p>\n","protected":false},"author":656,"featured_media":1173801,"comment_status":"open","ping_status":"closed","sticky":false,"template":"","format":"standard","meta":{"post_tipo":"news","footnotes":""},"categories":[220191,220219],"tags":[],"tax_estado":[219963],"class_list":["post-1493563","post","type-post","status-publish","format-standard","has-post-thumbnail","hentry","category-previdenciaria","category-noticias","tax_estado-concursos-federais"],"acf":[],"yoast_head":"<!-- This site is optimized with the Yoast SEO Premium plugin v27.2 (Yoast SEO v27.2) - https:\/\/yoast.com\/product\/yoast-seo-premium-wordpress\/ -->\n<title>Comiss\u00e3o formada para o concurso INSS; banca iminente!<\/title>\n<meta name=\"description\" content=\"Comiss\u00e3o do concurso INSS \u00e9 formada para o cargo de Perito. Banca organizadora deve ser anunciada nos pr\u00f3ximos dias. Veja aqui!\" \/>\n<meta name=\"robots\" content=\"index, follow, max-snippet:-1, max-image-preview:large, max-video-preview:-1\" \/>\n<link rel=\"canonical\" href=\"https:\/\/www.estrategiaconcursos.com.br\/blog\/comissao-do-concurso-inss\/\" \/>\n<meta property=\"og:locale\" content=\"pt_BR\" \/>\n<meta property=\"og:type\" content=\"article\" \/>\n<meta property=\"og:title\" content=\"Comiss\u00e3o formada para o concurso INSS; banca iminente!\" \/>\n<meta property=\"og:description\" content=\"Comiss\u00e3o do concurso INSS \u00e9 formada para o cargo de Perito. Banca organizadora deve ser anunciada nos pr\u00f3ximos dias. Veja aqui!\" \/>\n<meta property=\"og:url\" content=\"https:\/\/www.estrategiaconcursos.com.br\/blog\/comissao-do-concurso-inss\/\" \/>\n<meta property=\"og:site_name\" content=\"Estrat\u00e9gia Concursos\" \/>\n<meta property=\"article:published_time\" content=\"2024-11-22T12:16:14+00:00\" \/>\n<meta property=\"article:modified_time\" content=\"2024-11-22T14:33:44+00:00\" \/>\n<meta property=\"og:image\" content=\"https:\/\/dhg1h5j42swfq.cloudfront.net\/2023\/02\/17134521\/perito-medico-do-inss.jpg\" \/>\n\t<meta property=\"og:image:width\" content=\"768\" \/>\n\t<meta property=\"og:image:height\" content=\"432\" \/>\n\t<meta property=\"og:image:type\" content=\"image\/jpeg\" \/>\n<meta name=\"author\" content=\"F\u00e1bio Scaldelai\" \/>\n<meta name=\"twitter:card\" content=\"summary_large_image\" \/>\n<meta name=\"twitter:creator\" content=\"@EstratConcursos\" \/>\n<meta name=\"twitter:site\" content=\"@EstratConcursos\" \/>\n<meta name=\"twitter:label1\" content=\"Escrito por\" \/>\n\t<meta name=\"twitter:data1\" content=\"F\u00e1bio Scaldelai\" \/>\n\t<meta name=\"twitter:label2\" content=\"Est. tempo de leitura\" \/>\n\t<meta name=\"twitter:data2\" content=\"2 minutos\" \/>\n<script type=\"application\/ld+json\" class=\"yoast-schema-graph\">{\"@context\":\"https:\/\/schema.org\",\"@graph\":[{\"@type\":\"NewsArticle\",\"@id\":\"https:\/\/www.estrategiaconcursos.com.br\/blog\/comissao-do-concurso-inss\/#article\",\"isPartOf\":{\"@id\":\"https:\/\/www.estrategiaconcursos.com.br\/blog\/comissao-do-concurso-inss\/\"},\"author\":{\"name\":\"F\u00e1bio Scaldelai\",\"@id\":\"https:\/\/www.estrategiaconcursos.com.br\/blog\/#\/schema\/person\/e3b6b7ce0192dd4ad270655969d61750\"},\"headline\":\"Comiss\u00e3o formada para o concurso INSS; banca iminente!\",\"datePublished\":\"2024-11-22T12:16:14+00:00\",\"dateModified\":\"2024-11-22T14:33:44+00:00\",\"mainEntityOfPage\":{\"@id\":\"https:\/\/www.estrategiaconcursos.com.br\/blog\/comissao-do-concurso-inss\/\"},\"wordCount\":424,\"commentCount\":0,\"publisher\":{\"@id\":\"https:\/\/www.estrategiaconcursos.com.br\/blog\/#organization\"},\"image\":{\"@id\":\"https:\/\/www.estrategiaconcursos.com.br\/blog\/comissao-do-concurso-inss\/#primaryimage\"},\"thumbnailUrl\":\"https:\/\/dhg1h5j42swfq.cloudfront.net\/2023\/02\/17134521\/perito-medico-do-inss.jpg\",\"articleSection\":[\"Previdenci\u00e1ria (INSS, PREVIC)\",\"\u00daltimas not\u00edcias\"],\"inLanguage\":\"pt-BR\",\"potentialAction\":[{\"@type\":\"CommentAction\",\"name\":\"Comment\",\"target\":[\"https:\/\/www.estrategiaconcursos.com.br\/blog\/comissao-do-concurso-inss\/#respond\"]}],\"copyrightYear\":\"2024\",\"copyrightHolder\":{\"@id\":\"https:\/\/www.estrategiaconcursos.com.br\/blog\/#organization\"}},{\"@type\":\"WebPage\",\"@id\":\"https:\/\/www.estrategiaconcursos.com.br\/blog\/comissao-do-concurso-inss\/\",\"url\":\"https:\/\/www.estrategiaconcursos.com.br\/blog\/comissao-do-concurso-inss\/\",\"name\":\"Comiss\u00e3o formada para o concurso INSS; banca iminente!\",\"isPartOf\":{\"@id\":\"https:\/\/www.estrategiaconcursos.com.br\/blog\/#website\"},\"primaryImageOfPage\":{\"@id\":\"https:\/\/www.estrategiaconcursos.com.br\/blog\/comissao-do-concurso-inss\/#primaryimage\"},\"image\":{\"@id\":\"https:\/\/www.estrategiaconcursos.com.br\/blog\/comissao-do-concurso-inss\/#primaryimage\"},\"thumbnailUrl\":\"https:\/\/dhg1h5j42swfq.cloudfront.net\/2023\/02\/17134521\/perito-medico-do-inss.jpg\",\"datePublished\":\"2024-11-22T12:16:14+00:00\",\"dateModified\":\"2024-11-22T14:33:44+00:00\",\"description\":\"Comiss\u00e3o do concurso INSS \u00e9 formada para o cargo de Perito. Banca organizadora deve ser anunciada nos pr\u00f3ximos dias. Veja aqui!\",\"breadcrumb\":{\"@id\":\"https:\/\/www.estrategiaconcursos.com.br\/blog\/comissao-do-concurso-inss\/#breadcrumb\"},\"inLanguage\":\"pt-BR\",\"potentialAction\":[{\"@type\":\"ReadAction\",\"target\":[\"https:\/\/www.estrategiaconcursos.com.br\/blog\/comissao-do-concurso-inss\/\"]}]},{\"@type\":\"ImageObject\",\"inLanguage\":\"pt-BR\",\"@id\":\"https:\/\/www.estrategiaconcursos.com.br\/blog\/comissao-do-concurso-inss\/#primaryimage\",\"url\":\"https:\/\/dhg1h5j42swfq.cloudfront.net\/2023\/02\/17134521\/perito-medico-do-inss.jpg\",\"contentUrl\":\"https:\/\/dhg1h5j42swfq.cloudfront.net\/2023\/02\/17134521\/perito-medico-do-inss.jpg\",\"width\":768,\"height\":432,\"caption\":\"\u00daltimo dia de inscri\u00e7\u00e3o para o concurso INSS; participe!\"},{\"@type\":\"BreadcrumbList\",\"@id\":\"https:\/\/www.estrategiaconcursos.com.br\/blog\/comissao-do-concurso-inss\/#breadcrumb\",\"itemListElement\":[{\"@type\":\"ListItem\",\"position\":1,\"name\":\"In\u00edcio\",\"item\":\"https:\/\/www.estrategiaconcursos.com.br\/blog\/\"},{\"@type\":\"ListItem\",\"position\":2,\"name\":\"Comiss\u00e3o formada para o concurso INSS; banca iminente!\"}]},{\"@type\":\"WebSite\",\"@id\":\"https:\/\/www.estrategiaconcursos.com.br\/blog\/#website\",\"url\":\"https:\/\/www.estrategiaconcursos.com.br\/blog\/\",\"name\":\"Estrat\u00e9gia Concursos\",\"description\":\"O blog da Estrat\u00e9gia Concursos traz not\u00edcias sobre concursos e artigos de professores oferecendo cursos para concursos (pdf + videaulas) no site.\",\"publisher\":{\"@id\":\"https:\/\/www.estrategiaconcursos.com.br\/blog\/#organization\"},\"potentialAction\":[{\"@type\":\"SearchAction\",\"target\":{\"@type\":\"EntryPoint\",\"urlTemplate\":\"https:\/\/www.estrategiaconcursos.com.br\/blog\/?s={search_term_string}\"},\"query-input\":{\"@type\":\"PropertyValueSpecification\",\"valueRequired\":true,\"valueName\":\"search_term_string\"}}],\"inLanguage\":\"pt-BR\"},{\"@type\":\"Organization\",\"@id\":\"https:\/\/www.estrategiaconcursos.com.br\/blog\/#organization\",\"name\":\"Estrat\u00e9gia Concursos\",\"url\":\"https:\/\/www.estrategiaconcursos.com.br\/blog\/\",\"logo\":{\"@type\":\"ImageObject\",\"inLanguage\":\"pt-BR\",\"@id\":\"https:\/\/www.estrategiaconcursos.com.br\/blog\/#\/schema\/logo\/image\/\",\"url\":\"https:\/\/dhg1h5j42swfq.cloudfront.net\/2025\/06\/03203428\/logo_concursos-1.jpg\",\"contentUrl\":\"https:\/\/dhg1h5j42swfq.cloudfront.net\/2025\/06\/03203428\/logo_concursos-1.jpg\",\"width\":230,\"height\":60,\"caption\":\"Estrat\u00e9gia Concursos\"},\"image\":{\"@id\":\"https:\/\/www.estrategiaconcursos.com.br\/blog\/#\/schema\/logo\/image\/\"},\"sameAs\":[\"https:\/\/x.com\/EstratConcursos\"]},{\"@type\":\"Person\",\"@id\":\"https:\/\/www.estrategiaconcursos.com.br\/blog\/#\/schema\/person\/e3b6b7ce0192dd4ad270655969d61750\",\"name\":\"F\u00e1bio Scaldelai\",\"image\":{\"@type\":\"ImageObject\",\"inLanguage\":\"pt-BR\",\"@id\":\"https:\/\/secure.gravatar.com\/avatar\/8ed7492c4d88d8495bc0cb24cda6847b8ae23eec459a919e08e77d0ca0fd79ec?s=96&d=mm&r=g\",\"url\":\"https:\/\/secure.gravatar.com\/avatar\/8ed7492c4d88d8495bc0cb24cda6847b8ae23eec459a919e08e77d0ca0fd79ec?s=96&d=mm&r=g\",\"contentUrl\":\"https:\/\/secure.gravatar.com\/avatar\/8ed7492c4d88d8495bc0cb24cda6847b8ae23eec459a919e08e77d0ca0fd79ec?s=96&d=mm&r=g\",\"caption\":\"F\u00e1bio Scaldelai\"},\"description\":\"Jornalista no Estrat\u00e9gia Concursos e Produtor de Televis\u00e3o, formado em Jornalismo, R\u00e1dio e TV pela Faculdade Integrada Rio Branco, com especializa\u00e7\u00f5es em Gest\u00e3o Empresarial e Marketing pelo M\u00f3dulo. Atuou como produtor no SBT, TV Bandeirantes e R\u00e1dio Band FM, al\u00e9m de acumular tr\u00eas anos de experi\u00eancia no setor de concursos p\u00fablicos pela LFG (Luiz Fl\u00e1vio Gomes). No Estrat\u00e9gia Concursos, atua na apura\u00e7\u00e3o de not\u00edcias da \u00e1rea fiscal, al\u00e9m de coberturas sobre concursos das \u00e1reas de controle (TCU, TCE, etc), concurso AFT, \u00e1rea de gest\u00e3o e administrativa, bem como dos \u00f3rg\u00e3os participantes do CNU. Tamb\u00e9m possui experi\u00eancia em link building e an\u00e1lise de m\u00eddia, adquirida durante sua atua\u00e7\u00e3o na ag\u00eancia SEO Marketing.\",\"url\":\"https:\/\/www.estrategiaconcursos.com.br\/blog\/author\/fabio-scaldelaiestrategiaconcursos-com-br\/\"}]}<\/script>\n<!-- \/ Yoast SEO Premium plugin. -->","yoast_head_json":{"title":"Comiss\u00e3o formada para o concurso INSS; banca iminente!","description":"Comiss\u00e3o do concurso INSS \u00e9 formada para o cargo de Perito. Banca organizadora deve ser anunciada nos pr\u00f3ximos dias. Veja aqui!","robots":{"index":"index","follow":"follow","max-snippet":"max-snippet:-1","max-image-preview":"max-image-preview:large","max-video-preview":"max-video-preview:-1"},"canonical":"https:\/\/www.estrategiaconcursos.com.br\/blog\/comissao-do-concurso-inss\/","og_locale":"pt_BR","og_type":"article","og_title":"Comiss\u00e3o formada para o concurso INSS; banca iminente!","og_description":"Comiss\u00e3o do concurso INSS \u00e9 formada para o cargo de Perito. Banca organizadora deve ser anunciada nos pr\u00f3ximos dias. Veja aqui!","og_url":"https:\/\/www.estrategiaconcursos.com.br\/blog\/comissao-do-concurso-inss\/","og_site_name":"Estrat\u00e9gia Concursos","article_published_time":"2024-11-22T12:16:14+00:00","article_modified_time":"2024-11-22T14:33:44+00:00","og_image":[{"width":768,"height":432,"url":"https:\/\/dhg1h5j42swfq.cloudfront.net\/2023\/02\/17134521\/perito-medico-do-inss.jpg","type":"image\/jpeg"}],"author":"F\u00e1bio Scaldelai","twitter_card":"summary_large_image","twitter_creator":"@EstratConcursos","twitter_site":"@EstratConcursos","twitter_misc":{"Escrito por":"F\u00e1bio Scaldelai","Est. tempo de leitura":"2 minutos"},"schema":{"@context":"https:\/\/schema.org","@graph":[{"@type":"NewsArticle","@id":"https:\/\/www.estrategiaconcursos.com.br\/blog\/comissao-do-concurso-inss\/#article","isPartOf":{"@id":"https:\/\/www.estrategiaconcursos.com.br\/blog\/comissao-do-concurso-inss\/"},"author":{"name":"F\u00e1bio Scaldelai","@id":"https:\/\/www.estrategiaconcursos.com.br\/blog\/#\/schema\/person\/e3b6b7ce0192dd4ad270655969d61750"},"headline":"Comiss\u00e3o formada para o concurso INSS; banca iminente!","datePublished":"2024-11-22T12:16:14+00:00","dateModified":"2024-11-22T14:33:44+00:00","mainEntityOfPage":{"@id":"https:\/\/www.estrategiaconcursos.com.br\/blog\/comissao-do-concurso-inss\/"},"wordCount":424,"commentCount":0,"publisher":{"@id":"https:\/\/www.estrategiaconcursos.com.br\/blog\/#organization"},"image":{"@id":"https:\/\/www.estrategiaconcursos.com.br\/blog\/comissao-do-concurso-inss\/#primaryimage"},"thumbnailUrl":"https:\/\/dhg1h5j42swfq.cloudfront.net\/2023\/02\/17134521\/perito-medico-do-inss.jpg","articleSection":["Previdenci\u00e1ria (INSS, PREVIC)","\u00daltimas not\u00edcias"],"inLanguage":"pt-BR","potentialAction":[{"@type":"CommentAction","name":"Comment","target":["https:\/\/www.estrategiaconcursos.com.br\/blog\/comissao-do-concurso-inss\/#respond"]}],"copyrightYear":"2024","copyrightHolder":{"@id":"https:\/\/www.estrategiaconcursos.com.br\/blog\/#organization"}},{"@type":"WebPage","@id":"https:\/\/www.estrategiaconcursos.com.br\/blog\/comissao-do-concurso-inss\/","url":"https:\/\/www.estrategiaconcursos.com.br\/blog\/comissao-do-concurso-inss\/","name":"Comiss\u00e3o formada para o concurso INSS; banca iminente!","isPartOf":{"@id":"https:\/\/www.estrategiaconcursos.com.br\/blog\/#website"},"primaryImageOfPage":{"@id":"https:\/\/www.estrategiaconcursos.com.br\/blog\/comissao-do-concurso-inss\/#primaryimage"},"image":{"@id":"https:\/\/www.estrategiaconcursos.com.br\/blog\/comissao-do-concurso-inss\/#primaryimage"},"thumbnailUrl":"https:\/\/dhg1h5j42swfq.cloudfront.net\/2023\/02\/17134521\/perito-medico-do-inss.jpg","datePublished":"2024-11-22T12:16:14+00:00","dateModified":"2024-11-22T14:33:44+00:00","description":"Comiss\u00e3o do concurso INSS \u00e9 formada para o cargo de Perito. Banca organizadora deve ser anunciada nos pr\u00f3ximos dias. Veja aqui!","breadcrumb":{"@id":"https:\/\/www.estrategiaconcursos.com.br\/blog\/comissao-do-concurso-inss\/#breadcrumb"},"inLanguage":"pt-BR","potentialAction":[{"@type":"ReadAction","target":["https:\/\/www.estrategiaconcursos.com.br\/blog\/comissao-do-concurso-inss\/"]}]},{"@type":"ImageObject","inLanguage":"pt-BR","@id":"https:\/\/www.estrategiaconcursos.com.br\/blog\/comissao-do-concurso-inss\/#primaryimage","url":"https:\/\/dhg1h5j42swfq.cloudfront.net\/2023\/02\/17134521\/perito-medico-do-inss.jpg","contentUrl":"https:\/\/dhg1h5j42swfq.cloudfront.net\/2023\/02\/17134521\/perito-medico-do-inss.jpg","width":768,"height":432,"caption":"\u00daltimo dia de inscri\u00e7\u00e3o para o concurso INSS; participe!"},{"@type":"BreadcrumbList","@id":"https:\/\/www.estrategiaconcursos.com.br\/blog\/comissao-do-concurso-inss\/#breadcrumb","itemListElement":[{"@type":"ListItem","position":1,"name":"In\u00edcio","item":"https:\/\/www.estrategiaconcursos.com.br\/blog\/"},{"@type":"ListItem","position":2,"name":"Comiss\u00e3o formada para o concurso INSS; banca iminente!"}]},{"@type":"WebSite","@id":"https:\/\/www.estrategiaconcursos.com.br\/blog\/#website","url":"https:\/\/www.estrategiaconcursos.com.br\/blog\/","name":"Estrat\u00e9gia Concursos","description":"O blog da Estrat\u00e9gia Concursos traz not\u00edcias sobre concursos e artigos de professores oferecendo cursos para concursos (pdf + videaulas) no site.","publisher":{"@id":"https:\/\/www.estrategiaconcursos.com.br\/blog\/#organization"},"potentialAction":[{"@type":"SearchAction","target":{"@type":"EntryPoint","urlTemplate":"https:\/\/www.estrategiaconcursos.com.br\/blog\/?s={search_term_string}"},"query-input":{"@type":"PropertyValueSpecification","valueRequired":true,"valueName":"search_term_string"}}],"inLanguage":"pt-BR"},{"@type":"Organization","@id":"https:\/\/www.estrategiaconcursos.com.br\/blog\/#organization","name":"Estrat\u00e9gia Concursos","url":"https:\/\/www.estrategiaconcursos.com.br\/blog\/","logo":{"@type":"ImageObject","inLanguage":"pt-BR","@id":"https:\/\/www.estrategiaconcursos.com.br\/blog\/#\/schema\/logo\/image\/","url":"https:\/\/dhg1h5j42swfq.cloudfront.net\/2025\/06\/03203428\/logo_concursos-1.jpg","contentUrl":"https:\/\/dhg1h5j42swfq.cloudfront.net\/2025\/06\/03203428\/logo_concursos-1.jpg","width":230,"height":60,"caption":"Estrat\u00e9gia Concursos"},"image":{"@id":"https:\/\/www.estrategiaconcursos.com.br\/blog\/#\/schema\/logo\/image\/"},"sameAs":["https:\/\/x.com\/EstratConcursos"]},{"@type":"Person","@id":"https:\/\/www.estrategiaconcursos.com.br\/blog\/#\/schema\/person\/e3b6b7ce0192dd4ad270655969d61750","name":"F\u00e1bio Scaldelai","image":{"@type":"ImageObject","inLanguage":"pt-BR","@id":"https:\/\/secure.gravatar.com\/avatar\/8ed7492c4d88d8495bc0cb24cda6847b8ae23eec459a919e08e77d0ca0fd79ec?s=96&d=mm&r=g","url":"https:\/\/secure.gravatar.com\/avatar\/8ed7492c4d88d8495bc0cb24cda6847b8ae23eec459a919e08e77d0ca0fd79ec?s=96&d=mm&r=g","contentUrl":"https:\/\/secure.gravatar.com\/avatar\/8ed7492c4d88d8495bc0cb24cda6847b8ae23eec459a919e08e77d0ca0fd79ec?s=96&d=mm&r=g","caption":"F\u00e1bio Scaldelai"},"description":"Jornalista no Estrat\u00e9gia Concursos e Produtor de Televis\u00e3o, formado em Jornalismo, R\u00e1dio e TV pela Faculdade Integrada Rio Branco, com especializa\u00e7\u00f5es em Gest\u00e3o Empresarial e Marketing pelo M\u00f3dulo. Atuou como produtor no SBT, TV Bandeirantes e R\u00e1dio Band FM, al\u00e9m de acumular tr\u00eas anos de experi\u00eancia no setor de concursos p\u00fablicos pela LFG (Luiz Fl\u00e1vio Gomes). No Estrat\u00e9gia Concursos, atua na apura\u00e7\u00e3o de not\u00edcias da \u00e1rea fiscal, al\u00e9m de coberturas sobre concursos das \u00e1reas de controle (TCU, TCE, etc), concurso AFT, \u00e1rea de gest\u00e3o e administrativa, bem como dos \u00f3rg\u00e3os participantes do CNU. Tamb\u00e9m possui experi\u00eancia em link building e an\u00e1lise de m\u00eddia, adquirida durante sua atua\u00e7\u00e3o na ag\u00eancia SEO Marketing.","url":"https:\/\/www.estrategiaconcursos.com.br\/blog\/author\/fabio-scaldelaiestrategiaconcursos-com-br\/"}]}},"_links":{"self":[{"href":"https:\/\/www.estrategiaconcursos.com.br\/blog\/wp-json\/wp\/v2\/posts\/1493563","targetHints":{"allow":["GET"]}}],"collection":[{"href":"https:\/\/www.estrategiaconcursos.com.br\/blog\/wp-json\/wp\/v2\/posts"}],"about":[{"href":"https:\/\/www.estrategiaconcursos.com.br\/blog\/wp-json\/wp\/v2\/types\/post"}],"author":[{"embeddable":true,"href":"https:\/\/www.estrategiaconcursos.com.br\/blog\/wp-json\/wp\/v2\/users\/656"}],"replies":[{"embeddable":true,"href":"https:\/\/www.estrategiaconcursos.com.br\/blog\/wp-json\/wp\/v2\/comments?post=1493563"}],"version-history":[{"count":11,"href":"https:\/\/www.estrategiaconcursos.com.br\/blog\/wp-json\/wp\/v2\/posts\/1493563\/revisions"}],"predecessor-version":[{"id":1493734,"href":"https:\/\/www.estrategiaconcursos.com.br\/blog\/wp-json\/wp\/v2\/posts\/1493563\/revisions\/1493734"}],"wp:featuredmedia":[{"embeddable":true,"href":"https:\/\/www.estrategiaconcursos.com.br\/blog\/wp-json\/wp\/v2\/media\/1173801"}],"wp:attachment":[{"href":"https:\/\/www.estrategiaconcursos.com.br\/blog\/wp-json\/wp\/v2\/media?parent=1493563"}],"wp:term":[{"taxonomy":"category","embeddable":true,"href":"https:\/\/www.estrategiaconcursos.com.br\/blog\/wp-json\/wp\/v2\/categories?post=1493563"},{"taxonomy":"post_tag","embeddable":true,"href":"https:\/\/www.estrategiaconcursos.com.br\/blog\/wp-json\/wp\/v2\/tags?post=1493563"},{"taxonomy":"tax_estado","embeddable":true,"href":"https:\/\/www.estrategiaconcursos.com.br\/blog\/wp-json\/wp\/v2\/tax_estado?post=1493563"}],"curies":[{"name":"wp","href":"https:\/\/api.w.org\/{rel}","templated":true}]}}