{"id":149341,"date":"2026-04-15T14:17:35","date_gmt":"2026-04-15T17:17:35","guid":{"rendered":"https:\/\/www.estrategiaconcursos.com.br\/blog\/?p=149341"},"modified":"2026-04-15T14:17:38","modified_gmt":"2026-04-15T17:17:38","slug":"concurso-mp-rj","status":"publish","type":"post","link":"https:\/\/www.estrategiaconcursos.com.br\/blog\/concurso-mp-rj\/","title":{"rendered":"Concurso MP RJ: resultado final \u00e9 retificado; sal\u00e1rio at\u00e9 R$ 9 mil"},"content":{"rendered":"\n<p><strong><em>No total, Concurso MPRJ selecionou 87 novos cargos de n\u00edvel m\u00e9dio e superior; sal\u00e1rio inicial \u00e9 de at\u00e9 R$ 9.534,57<\/em><\/strong><\/p>\n\n\n<p><center><a id=\"cta-icon\" href=\"https:\/\/sndflw.com\/i\/mp-rj-grupo\" target=\"_blank\" style=\"background:#29a61a; display:inline-flex; align-items:center; padding:10px 15px; border-radius:6px; color:#fff; text-decoration:none; font-weight:500; font-size:15px;\"><img decoding=\"async\" src=\"https:\/\/dhg1h5j42swfq.cloudfront.net\/2023\/12\/07154107\/whatsapp_13851.png\" alt=\"\" style=\"width:20px; height:20px; margin-right:8px;\"><span>Acesse agora o Grupo de Estudos para o Concurso MP RJ<\/span><\/a><\/center><\/p>\n\n\n\n<p>Foi retificado o resultado final de aprovados no <strong>concurso p\u00fablico MP RJ<\/strong> (<strong><a href=\"https:\/\/www.estrategiaconcursos.com.br\/assinaturas\/\" target=\"_blank\" rel=\"noreferrer noopener\">Minist\u00e9rio P\u00fablico do Rio de Janeiro<\/a><\/strong>).<\/p>\n\n\n\n<ul class=\"wp-block-list\">\n<li><a href=\"https:\/\/conhecimento.fgv.br\/sites\/default\/files\/concursos\/112-mprj-resultado-final-de-aprovados-2025-08-21.pdf\" target=\"_blank\" rel=\"noreferrer noopener nofollow\">Resultado final<\/a><\/li>\n<\/ul>\n\n\n\n<p>Foram ofertadas <strong>87 vagas nos n\u00edveis m\u00e9dio e superior<\/strong>, distribu\u00eddas nos cargos de <strong>T\u00e9cnico e Analista<\/strong> do Minist\u00e9rio p\u00fablico. J\u00e1 os sal\u00e1rios iniciais variaram de <strong>R$ 5.853,42 a R$ 9.534,57.<\/strong><\/p>\n\n\n\n<p>Sob organiza\u00e7\u00e3o da FGV, foram registradas mais de 59 mil inscri\u00e7\u00f5es. Confira mais detalhes no artigo!<\/p>\n\n\n\n<ul class=\"wp-block-list has-very-light-gray-to-cyan-bluish-gray-gradient-background has-background\">\n<li><strong>C<\/strong><strong>oncurso MP RJ<\/strong><\/li>\n\n\n\n<li><strong>Status:<\/strong> resultado final de aprovados<\/li>\n\n\n\n<li><strong style=\"background-color: initial; color: initial;\">Banca:<\/strong> <a href=\"https:\/\/conhecimento.fgv.br\/concursos\/mprj2025\" target=\"_blank\" rel=\"noreferrer noopener nofollow\">FGV<\/a><\/li>\n\n\n\n<li><strong>Vagas:<\/strong> 87<\/li>\n\n\n\n<li><strong>Cargo<\/strong>: T\u00e9cnico e Analista<\/li>\n\n\n\n<li><strong>Sal\u00e1rio inicial:<\/strong>&nbsp;R$ 5.853,42 a R$ 9.534,57<\/li>\n\n\n\n<li><strong>Edital<\/strong>: <a href=\"https:\/\/dhg1h5j42swfq.cloudfront.net\/2025\/01\/30234404\/edital-concurso-de-servidores-2025_sjlsadlsl_0.pdf\" target=\"_blank\" rel=\"noreferrer noopener\">MP RJ 2025<\/a> | <a href=\"https:\/\/dhg1h5j42swfq.cloudfront.net\/2025\/04\/21090616\/retificacao-no-3-do-edital.pdf\" target=\"_blank\" rel=\"noreferrer noopener nofollow\">Retifica\u00e7\u00e3o no conte\u00fado de Direito Penal<\/a> | <a href=\"https:\/\/conhecimento.fgv.br\/sites\/default\/files\/concursos\/cronograma-previsto-mprj-retificado-em-23.07.25.pdf\" target=\"_blank\" rel=\"noreferrer noopener nofollow\">Cronograma atualizado<\/a><\/li>\n<\/ul>\n\n\n\n<p>Elaboramos este artigo com as principais informa\u00e7\u00f5es e novidades sobre o <strong>concurso MP RJ <\/strong>para te manter 100% informado. Acompanhe os t\u00f3picos abaixo e n\u00e3o perca nenhum detalhe:<\/p>\n\n\n\n<ul class=\"wp-block-list\">\n<li><a href=\"#ultimasnoticias\"><strong>\u00daltimas not\u00edcias do Concurso MP RJ<\/strong><\/a><\/li>\n\n\n\n<li><a href=\"#situacao-atual\"><strong>Situa\u00e7\u00e3o atual do certame<\/strong><\/a><\/li>\n\n\n\n<li><a href=\"#edital2025\"><strong>Concurso MP RJ &#8211; edital 2025<\/strong><\/a>\n<ul class=\"wp-block-list\">\n<li><a href=\"#cargos\"><strong>Cargos, vagas e remunera\u00e7\u00f5es<\/strong><\/a><\/li>\n\n\n\n<li><a href=\"#etapas\"><strong>Etapas de prova<\/strong><\/a><\/li>\n\n\n\n<li><strong><a href=\"#demandainscritos\">Demanda de inscritos<\/a><\/strong><\/li>\n\n\n\n<li><a href=\"#resultados\"><strong>Gabaritos e resultados<\/strong><\/a><\/li>\n<\/ul>\n<\/li>\n\n\n\n<li><strong><a href=\"#conheca-mprj\">Conhe\u00e7a o MP RJ<\/a><\/strong>\n<ul class=\"wp-block-list\">\n<li><strong><a href=\"#mprj-historia\">Hist\u00f3ria do MP RJ<\/a><\/strong><\/li>\n\n\n\n<li><a href=\"#requisitos\"><strong>Atribui\u00e7\u00f5es dos principais cargos<\/strong><\/a><\/li>\n\n\n\n<li><strong><a href=\"#cargos-vagos\">Cargos vagos<\/a><\/strong><\/li>\n\n\n\n<li><a href=\"#salarios\"><strong>Sal\u00e1rios e benef\u00edcios<\/strong><\/a><\/li>\n\n\n\n<li><a href=\"#cargomaisalto-mprj\"><strong>Cargo mais alto do MP RJ<\/strong><\/a><\/li>\n<\/ul>\n<\/li>\n\n\n\n<li><a href=\"#ultimo-concurso\"><strong>\u00daltimo concurso MP RJ<\/strong><\/a><\/li>\n\n\n\n<li><a href=\"#assinatura-e-cursos\"><strong>Cursos e assinatura<\/strong><\/a><\/li>\n\n\n\n<li><a href=\"#ficha-t\u00e9cnica\"><strong>Ficha t\u00e9cnica<\/strong><\/a><\/li>\n<\/ul>\n\n\n\n<div class=\"container\" id=\"boxes\">\n  <div class=\"row\">\n\n    <div class=\"col-sm\">\n      <div class=\"banner-tribunal\" id=\"box-assinatura\">\n        <h3 class=\"titulo-assinatura\">Cursos para MP RJ<\/h3>\n        <p class=\"subtitulo-assinatura\">Conhe\u00e7a os cursos<\/p>\n        <div class=\"box-botao\">\n          <a class=\"btn-assinatura\" target=\"_blank\" href=\"https:\/\/www.estrategiaconcursos.com.br\/cursosPorConcurso\/mp-rj-365\/\" role=\"button\" rel=\"noopener noreferrer\">Conhe\u00e7a mais<\/a>\n        <\/div>\n      <\/div>\n      <p class=\"texto-auxiliar\">Prepare-se com o melhor material e com quem mais aprova em Concursos P\u00fablicos em todo o pa\u00eds.<\/p>\n    <\/div>\n\n  <\/div>\n<\/div>\n\n\n\n<h2 class=\"wp-block-heading has-very-light-gray-to-cyan-bluish-gray-gradient-background has-background\" id=\"ultimasnoticias\">\u00daltimas not\u00edcias Concurso MP RJ<\/h2>\n\n\n\n<p>Veja abaixo as \u00faltimas not\u00edcias publicadas sobre o concurso:<\/p>\n\n\n\n<ul class=\"wp-block-list\">\n<li>04\/04\/2025: <a href=\"https:\/\/www.estrategiaconcursos.com.br\/blog\/inscritos-no-concurso-mp-rj\/\" target=\"_blank\" rel=\"noreferrer noopener\">Mais de 59 mil inscritos no concurso MP RJ<\/a><\/li>\n\n\n\n<li>05\/02\/2025: <a href=\"https:\/\/www.estrategiaconcursos.com.br\/blog\/concurso-mp-rj-inscricoes-abertas\/\" target=\"_blank\" rel=\"noreferrer noopener\">Inscri\u00e7\u00f5es do Concurso MP RJ v\u00e3o at\u00e9 06 de mar\u00e7o<\/a><\/li>\n\n\n\n<li>03\/01\/2025: <a href=\"https:\/\/www.estrategiaconcursos.com.br\/blog\/concurso-mp-rj-extrato-fgv\/\" target=\"_blank\" rel=\"noreferrer noopener\">Concurso MP RJ tem extrato com a FGV publicado<\/a><\/li>\n<\/ul>\n\n\n\n<h2 class=\"wp-block-heading has-very-light-gray-to-cyan-bluish-gray-gradient-background has-background\" id=\"situacao-atual\">Concurso MP RJ: situa\u00e7\u00e3o atual<\/h2>\n\n\n\n<p>Confira a situa\u00e7\u00e3o atual do certame:<\/p>\n\n\n\n<h3 class=\"wp-block-heading\" id=\"h-edital-do-mp-rj-para-promotor-segue-em-andamento\">Edital do MP RJ para Promotor segue em andamento<\/h3>\n\n\n\n<p>Um novo edital, desta vez para o cargo de Promotor, foi publicado em 2026. No total, s\u00e3o 10 vagas iniciais al\u00e9m de cadastro reserva, com sal\u00e1rio inicial de R$ 37.765,53. <\/p>\n\n\n\n<h3 class=\"wp-block-heading\" id=\"h-resultado-do-concurso-mp-rj-2025-e-publicado\">Resultado do Concurso MP RJ 2025 \u00e9 publicado<\/h3>\n\n\n\n<p>Em agosto de 2025, a FGV publicou a retifica\u00e7\u00e3o com o resultado final dos aprovados nas vagas de Analista e T\u00e9cnico. <\/p>\n\n\n\n<h2 class=\"wp-block-heading has-very-light-gray-to-cyan-bluish-gray-gradient-background has-background\" id=\"edital2025\">Concurso MP RJ &#8211; edital 2025<\/h2>\n\n\n\n<p>Veja as informa\u00e7\u00f5es mais importantes do Concurso MP RJ:<\/p>\n\n\n\n<h3 class=\"wp-block-heading\" id=\"cargos\">Cargos, vagas e remunera\u00e7\u00f5es<\/h3>\n\n\n\n<h4 class=\"wp-block-heading\" id=\"h-nivel-medio-tecnico-do-ministerio-publico\">N\u00edvel m\u00e9dio &#8211; T\u00e9cnico do Minist\u00e9rio P\u00fablico<\/h4>\n\n\n\n<figure class=\"wp-block-table is-style-stripes\"><table class=\"has-very-light-gray-to-cyan-bluish-gray-gradient-background has-background\"><thead><tr><th class=\"has-text-align-center\" data-align=\"center\">Cargos<\/th><th class=\"has-text-align-center\" data-align=\"center\">Vagas<\/th><th>Sal\u00e1rio<\/th><\/tr><\/thead><tbody><tr><td class=\"has-text-align-center\" data-align=\"center\">\u00c1rea: Administrativa<\/td><td class=\"has-text-align-center\" data-align=\"center\">54<\/td><td>R$ 5.853,42<\/td><\/tr><tr><td class=\"has-text-align-center\" data-align=\"center\">\u00c1rea: Notifica\u00e7\u00e3o e Atos Intimat\u00f3rios.<\/td><td class=\"has-text-align-center\" data-align=\"center\">01<\/td><td>R$ 5.853,42<\/td><\/tr><\/tbody><\/table><figcaption class=\"wp-element-caption\">Cargos, vagas e sal\u00e1rios para n\u00edvel m\u00e9dio<\/figcaption><\/figure>\n\n\n\n<h4 class=\"wp-block-heading\" id=\"h-nivel-superior-analista-do-ministerio-publico\">N\u00edvel superior &#8211; Analista do Minist\u00e9rio P\u00fablico<\/h4>\n\n\n\n<figure class=\"wp-block-table is-style-stripes\"><table class=\"has-very-light-gray-to-cyan-bluish-gray-gradient-background has-background\"><thead><tr><th class=\"has-text-align-center\" data-align=\"center\">Cargos<\/th><th class=\"has-text-align-center\" data-align=\"center\">Vagas<\/th><th class=\"has-text-align-center\" data-align=\"center\">Sal\u00e1rio<\/th><\/tr><\/thead><tbody><tr><td class=\"has-text-align-center\" data-align=\"center\">\u00c1rea: Administrativa \u2013 Sem Especializa\u00e7\u00e3o<\/td><td class=\"has-text-align-center\" data-align=\"center\">10<\/td><td class=\"has-text-align-center\" data-align=\"center\">R$ 9.534,57<\/td><\/tr><tr><td class=\"has-text-align-center\" data-align=\"center\">\u00c1rea Administrativa \u2013 Especializa\u00e7\u00e3o Profissional: Tecnologia da Informa\u00e7\u00e3o<\/td><td class=\"has-text-align-center\" data-align=\"center\">8<\/td><td class=\"has-text-align-center\" data-align=\"center\">R$ 9.534,57<\/td><\/tr><tr><td class=\"has-text-align-center\" data-align=\"center\">\u00c1rea: Processual T\u00e9cnico do Minist\u00e9rio P\u00fablico<\/td><td class=\"has-text-align-center\" data-align=\"center\">14<\/td><td class=\"has-text-align-center\" data-align=\"center\">R$ 9.534,57<\/td><\/tr><\/tbody><\/table><figcaption class=\"wp-element-caption\">Cargos, vagas e sal\u00e1rios para n\u00edvel superior<\/figcaption><\/figure>\n\n\n\n<h3 class=\"wp-block-heading\" id=\"etapas\">Etapas de prova do Concurso MP RJ<\/h3>\n\n\n\n<p>Os candidatos inscritos no concurso p\u00fablico do concurso MP RJ foram avaliados por meio da aplica\u00e7\u00e3o de duas etapas, sendo elas:<\/p>\n\n\n\n<ul class=\"wp-block-list\">\n<li><strong>Prova Objetiva,<\/strong> de car\u00e1ter eliminat\u00f3rio e classificat\u00f3rio; e<\/li>\n\n\n\n<li><strong>Prova Discursiva, <\/strong>de car\u00e1ter eliminat\u00f3rio e classificat\u00f3rio.<\/li>\n<\/ul>\n\n\n\n<h4 class=\"wp-block-heading\" id=\"objetiva\">Provas Objetivas<\/h4>\n\n\n\n<p>As provas objetivas foram realizadas das 13h30 \u00e0s 18h30, no <strong>dia 11 de maio (T\u00e9cnico) e em 18 de maio ser\u00e1 para Analista.<\/strong><\/p>\n\n\n\n<p>As avalia\u00e7\u00f5es ocorreram nos munic\u00edpios de Cabo Frio, Campos dos Goytacazes, Duque de Caxias, Itaperuna, Niter\u00f3i, Nova Friburgo, Nova Igua\u00e7u, Petr\u00f3polis, Rio de Janeiro, Teres\u00f3polis e Volta Redonda.<\/p>\n\n\n\n<p>A etapa foi composta por <strong>80 quest\u00f5es<\/strong> do tipo m\u00faltipla escolha, com 5 alternativas e apenas uma considerada a correta, sendo assim distribu\u00eddas:<\/p>\n\n\n\n<ul class=\"wp-block-list\">\n<li><strong>T\u00e9cnico &#8211; Notifica\u00e7\u00e3o e Atos Intimat\u00f3rios:<\/strong>\n<ul class=\"wp-block-list\">\n<li>Portugu\u00eas: 30<\/li>\n\n\n\n<li>Racioc\u00ednio L\u00f3gico e Matem\u00e1tico: 10<\/li>\n\n\n\n<li>Organiza\u00e7\u00e3o do Minist\u00e9rio P\u00fablico: 10<\/li>\n\n\n\n<li>No\u00e7\u00f5es de Direito Administrativo e Constitucional: 10<\/li>\n\n\n\n<li>No\u00e7\u00f5es de Direito Processual: 10<\/li>\n\n\n\n<li>No\u00e7\u00f5es de Inform\u00e1tica: 10<\/li>\n<\/ul>\n<\/li>\n\n\n\n<li><strong>T\u00e9cnico &#8211; \u00c1rea Administrativa:<\/strong>\n<ul class=\"wp-block-list\">\n<li>Portugu\u00eas: 30<\/li>\n\n\n\n<li>Racioc\u00ednio L\u00f3gico e Matem\u00e1tico: 10<\/li>\n\n\n\n<li>Organiza\u00e7\u00e3o do Minist\u00e9rio P\u00fablico: 10<\/li>\n\n\n\n<li>No\u00e7\u00f5es de Direito Administrativo e Constitucional: 20<\/li>\n\n\n\n<li>No\u00e7\u00f5es de Inform\u00e1tica: 10<\/li>\n<\/ul>\n<\/li>\n\n\n\n<li><strong>Analista &#8211; \u00c1rea Administrativa &#8211; Sem Especializa\u00e7\u00e3o:<\/strong>\n<ul class=\"wp-block-list\">\n<li>Portugu\u00eas: 30<\/li>\n\n\n\n<li>Racioc\u00ednio L\u00f3gico e Matem\u00e1tico: 10<\/li>\n\n\n\n<li>No\u00e7\u00f5es de Inform\u00e1tica: 10<\/li>\n\n\n\n<li>No\u00e7\u00f5es de Direito Administrativo e Constitucional: 10<\/li>\n\n\n\n<li>Administra\u00e7\u00e3o Geral, Administra\u00e7\u00e3o P\u00fablica e Contabilidade P\u00fablica: 10<\/li>\n<\/ul>\n<\/li>\n\n\n\n<li><strong>Analista &#8211; \u00c1rea Administrativa &#8211; TI:<\/strong>\n<ul class=\"wp-block-list\">\n<li>Portugu\u00eas: 30<\/li>\n\n\n\n<li>Racioc\u00ednio L\u00f3gico e Matem\u00e1tico: 10<\/li>\n\n\n\n<li>Organiza\u00e7\u00e3o do Minist\u00e9rio P\u00fablico: 5<\/li>\n\n\n\n<li>Tecnologia da Informa\u00e7\u00e3o &#8211; Gest\u00e3o de Projetos, Gest\u00e3o de Processos de Neg\u00f3cios e Governan\u00e7a da Tecnologia da Informa\u00e7\u00e3o: 5<\/li>\n\n\n\n<li>Tecnologia da Informa\u00e7\u00e3o &#8211; Sistemas de Informa\u00e7\u00e3o: 10<\/li>\n\n\n\n<li>Tecnologia da Informa\u00e7\u00e3o &#8211; Ci\u00eancia de Dados: 5<\/li>\n\n\n\n<li>Tecnologia da Informa\u00e7\u00e3o &#8211; Seguran\u00e7a da Informa\u00e7\u00e3o: 5<\/li>\n\n\n\n<li>Tecnologia da Informa\u00e7\u00e3o &#8211; Banco de Dados: 10<\/li>\n<\/ul>\n<\/li>\n\n\n\n<li><strong>Analista &#8211; \u00c1rea Administrativa &#8211; \u00c1rea Processual:<\/strong>\n<ul class=\"wp-block-list\">\n<li>Portugu\u00eas: 30<\/li>\n\n\n\n<li>Racioc\u00ednio L\u00f3gico e Matem\u00e1tico: 5<\/li>\n\n\n\n<li>No\u00e7\u00f5es de Inform\u00e1tica &#8211; 5<\/li>\n\n\n\n<li>Organiza\u00e7\u00e3o do Minist\u00e9rio P\u00fablico: 5<\/li>\n\n\n\n<li>Tutela Coletiva e Direito da Inf\u00e2ncia e Juventude: 5<\/li>\n\n\n\n<li>Direito Administrativo e Constitucional: 10<\/li>\n\n\n\n<li>Direito Civil e Processual Civil: 10<\/li>\n\n\n\n<li>Direito Penal e Processual Penal: 10<\/li>\n<\/ul>\n<\/li>\n<\/ul>\n\n\n\n<p>Foi considerado aprovado na Prova Objetiva o candidato que, cumulativamente:<\/p>\n\n\n\n<ul class=\"wp-block-list\">\n<li>obteve, no m\u00ednimo, 16 pontos no \u201cGrupo I &#8211; Conhecimentos Gerais\u201d;<\/li>\n\n\n\n<li>obteve, no m\u00ednimo, 16 pontos no \u201cGrupo II \u2013 Conhecimentos Espec\u00edficos\u201d; e<\/li>\n\n\n\n<li>obteve, no m\u00ednimo, 48 pontos na soma da pontua\u00e7\u00e3o dos grupos I (conhecimentos gerais) e II (conhecimentos espec\u00edficos).<\/li>\n<\/ul>\n\n\n\n<h4 class=\"wp-block-heading\" id=\"discursiva\">Prova Discursiva<\/h4>\n\n\n\n<p>J\u00e1 a Prova Discursiva para todos os cargos foi constitu\u00edda por reda\u00e7\u00e3o de um texto dissertativo, de 20 a 30 linhas, totalizando 20 pontos e com os seguintes crit\u00e9rios de aprova\u00e7\u00e3o:<\/p>\n\n\n\n<figure class=\"wp-block-image aligncenter size-full\"><img loading=\"lazy\" decoding=\"async\" width=\"742\" height=\"467\" src=\"https:\/\/dhg1h5j42swfq.cloudfront.net\/2025\/01\/30235749\/image-415.png\" alt=\"Tabela de crit\u00e9rios da prova discursiva do Concurso MP RJ 2025\" class=\"wp-image-1524999\" srcset=\"https:\/\/dhg1h5j42swfq.cloudfront.net\/2025\/01\/30235749\/image-415.png 742w, https:\/\/dhg1h5j42swfq.cloudfront.net\/2025\/01\/30235749\/image-415-300x189.png 300w, https:\/\/dhg1h5j42swfq.cloudfront.net\/2025\/01\/30235749\/image-415-150x94.png 150w\" sizes=\"auto, (max-width: 742px) 100vw, 742px\" \/><figcaption class=\"wp-element-caption\">Crit\u00e9rios da prova discursiva do concurso MP RJ<\/figcaption><\/figure>\n\n\n\n<h3 class=\"wp-block-heading\" id=\"demandainscritos\">Demanda de inscritos<\/h3>\n\n\n\n<p>Veja abaixo a rela\u00e7\u00e3o candidato\/vaga para o Concurso MP RJ:<\/p>\n\n\n\n<figure class=\"wp-block-table is-style-stripes\"><table class=\"has-very-light-gray-to-cyan-bluish-gray-gradient-background has-background\"><thead><tr><td><strong>Cargo<\/strong><\/td><td class=\"has-text-align-center\" data-align=\"center\"><strong>Vagas<\/strong><\/td><td class=\"has-text-align-center\" data-align=\"center\"><strong>Cand.<\/strong><\/td><td class=\"has-text-align-center\" data-align=\"center\"><strong>Cand.\/Vaga<\/strong><\/td><\/tr><\/thead><tbody><tr><td>Analista do Minist\u00e9rio P\u00fablico &#8211; \u00c1rea: Administrativa<\/td><td class=\"has-text-align-center\" data-align=\"center\">10<\/td><td class=\"has-text-align-center\" data-align=\"center\">6212<\/td><td class=\"has-text-align-center\" data-align=\"center\">621,20<\/td><\/tr><tr><td>Analista do Minist\u00e9rio P\u00fablico &#8211; \u00c1rea: Administrativa: Tecnologia da Informa\u00e7\u00e3o<\/td><td class=\"has-text-align-center\" data-align=\"center\">8<\/td><td class=\"has-text-align-center\" data-align=\"center\">1481<\/td><td class=\"has-text-align-center\" data-align=\"center\">185,13<\/td><\/tr><tr><td>Analista do Minist\u00e9rio P\u00fablico &#8211; \u00c1rea: Processual<\/td><td class=\"has-text-align-center\" data-align=\"center\">14<\/td><td class=\"has-text-align-center\" data-align=\"center\">9790<\/td><td class=\"has-text-align-center\" data-align=\"center\">699,29<\/td><\/tr><tr><td>T\u00e9cnico do Minist\u00e9rio P\u00fablico &#8211; \u00c1rea Administrativa<\/td><td class=\"has-text-align-center\" data-align=\"center\">54<\/td><td class=\"has-text-align-center\" data-align=\"center\">40663<\/td><td class=\"has-text-align-center\" data-align=\"center\">753,02<\/td><\/tr><tr><td>T\u00e9cnico do Minist\u00e9rio P\u00fablico &#8211; \u00c1rea: Notifica\u00e7\u00e3o e Atos Intimat\u00f3rios<\/td><td class=\"has-text-align-center\" data-align=\"center\">1<\/td><td class=\"has-text-align-center\" data-align=\"center\">1122<\/td><td class=\"has-text-align-center\" data-align=\"center\">1.122,00<\/td><\/tr><tr><td><strong>TOTAL<\/strong><\/td><td class=\"has-text-align-center\" data-align=\"center\"><strong>87<\/strong><\/td><td class=\"has-text-align-center\" data-align=\"center\"><strong>59268<\/strong><\/td><td class=\"has-text-align-center\" data-align=\"center\">\u2014<\/td><\/tr><\/tbody><\/table><\/figure>\n\n\n\n<h3 class=\"wp-block-heading\" id=\"resultados\">Resultados do Concurso MP RJ<\/h3>\n\n\n\n<p>Confira os gabaritos e os resultados da sele\u00e7\u00e3o:<\/p>\n\n\n\n<ul class=\"wp-block-list\">\n<li><a href=\"https:\/\/conhecimento.fgv.br\/sites\/default\/files\/concursos\/gabdef-consolidado-mprj-tecnico.pdf\">Gabaritos definitivos &#8211; T\u00e9cnico;<\/a><\/li>\n\n\n\n<li><a href=\"https:\/\/conhecimento.fgv.br\/sites\/default\/files\/concursos\/gabaritodefinitivo09.09_mprjanalista.pdf\">Gabaritos definitivos &#8211; Analista<\/a>;<\/li>\n\n\n\n<li><a href=\"https:\/\/dhg1h5j42swfq.cloudfront.net\/2025\/06\/27204713\/tecn.pdf\">Definitivo da Objetiva para T\u00e9cnico<\/a>;<\/li>\n\n\n\n<li><a href=\"https:\/\/dhg1h5j42swfq.cloudfront.net\/2025\/06\/27204553\/112_mprj-resultado-definitivo-prova-objetiva-2025-06-24.pdf\">Definitivo da Objetiva para Analista<\/a>;<\/li>\n\n\n\n<li><a href=\"https:\/\/conhecimento.fgv.br\/sites\/default\/files\/concursos\/112-mprj-resultado-definitivo-prova-discursiva-2025-08-13.pdf\">Resultado definitivo discursiva <\/a><\/li>\n\n\n\n<li><a href=\"https:\/\/conhecimento.fgv.br\/sites\/default\/files\/concursos\/112-mprj-resultado-final-de-aprovados-2025-08-21.pdf\">Resultado final de aprovados. &#8211; p\u00f3s retifica\u00e7\u00e3o<\/a><\/li>\n<\/ul>\n\n\n\n<h2 class=\"wp-block-heading has-very-light-gray-to-cyan-bluish-gray-gradient-background has-background\" id=\"conheca-mprj\">Conhe\u00e7a o MP RJ<\/h2>\n\n\n\n<h3 class=\"wp-block-heading\" id=\"mprj-historia\">Quando o MP RJ foi criado?<\/h3>\n\n\n\n<p id=\"mprj-historia\">Apesar de ter sido <strong>consolidado apenas na Constitui\u00e7\u00e3o de 1988<\/strong>, a hist\u00f3ria do Minist\u00e9rio P\u00fablico do Rio de Janeiro come\u00e7a com o Decreto 1.030 de 1890. <\/p>\n\n\n\n<p id=\"mprj-historia\">Este decreto institucionalizou o Minist\u00e9rio P\u00fablico do Distrito Federal, na \u00e9poca localizado no Rio de Janeiro, a capital do Brasil no per\u00edodo da Primeira Rep\u00fablica. <br \/><\/p>\n\n\n\n<h3 class=\"wp-block-heading\" id=\"requisitos\">Quais s\u00e3o as atribui\u00e7\u00f5es dos cargos?<\/h3>\n\n\n\n<figure class=\"wp-block-table is-style-stripes\"><table class=\"has-very-light-gray-to-cyan-bluish-gray-gradient-background has-background\"><thead><tr><th class=\"has-text-align-center\" data-align=\"center\">Cargo<\/th><th class=\"has-text-align-center\" data-align=\"center\">N\u00edvel de Escolaridade<\/th><th class=\"has-text-align-center\" data-align=\"center\">Atribui\u00e7\u00f5es<\/th><\/tr><\/thead><tbody><tr><td class=\"has-text-align-center\" data-align=\"center\">Analista do MP RJ (\u00c1rea Processual)<\/td><td class=\"has-text-align-center\" data-align=\"center\">N\u00edvel Superior completo com forma\u00e7\u00e3o em Direito<\/td><td class=\"has-text-align-center\" data-align=\"center\">Apoio t\u00e9cnico-jur\u00eddico e administrativo; acompanhar processos; emitir pareceres e relat\u00f3rios; pesquisar legisla\u00e7\u00e3o, doutrina e jurisprud\u00eancia; elaborar pe\u00e7as processuais; prestar informa\u00e7\u00f5es ao p\u00fablico; operacionalizar equipamentos de dados.<\/td><\/tr><tr><td class=\"has-text-align-center\" data-align=\"center\">Analista do MP RJ (\u00c1rea Administrativa)<\/td><td class=\"has-text-align-center\" data-align=\"center\">N\u00edvel Superior completo com forma\u00e7\u00e3o em Administra\u00e7\u00e3o \/ Ci\u00eancias Cont\u00e1beis \/ Economia ou Direito<\/td><td class=\"has-text-align-center\" data-align=\"center\">Apoio t\u00e9cnico-administrativo e institucional; planejar e executar projetos; emitir pareceres; acompanhar processos; colaborar na observ\u00e2ncia de prazos; prestar informa\u00e7\u00f5es ao p\u00fablico; operacionalizar equipamentos de dados.<\/td><\/tr><tr><td class=\"has-text-align-center\" data-align=\"center\">T\u00e9cnico do MP RJ (\u00c1rea Administrativa)<\/td><td class=\"has-text-align-center\" data-align=\"center\">N\u00edvel M\u00e9dio completo, abrangido o curso profissional t\u00e9cnico<\/td><td class=\"has-text-align-center\" data-align=\"center\">Apoio t\u00e9cnico-administrativo; controlar recebimento e distribui\u00e7\u00e3o de processos; expedi\u00e7\u00e3o de malotes; distribui\u00e7\u00e3o de peri\u00f3dicos; fornecimento de certid\u00f5es; encaminhamento de documentos para publica\u00e7\u00e3o; elabora\u00e7\u00e3o de relat\u00f3rios estat\u00edsticos; realiza\u00e7\u00e3o de dilig\u00eancias; organiza\u00e7\u00e3o e manuten\u00e7\u00e3o de cadastros; presta\u00e7\u00e3o de informa\u00e7\u00f5es em processos administrativos e digita\u00e7\u00e3o de textos.<\/td><\/tr><tr><td class=\"has-text-align-center\" data-align=\"center\">T\u00e9cnico do MP RJ (\u00c1rea Notifica\u00e7\u00e3o e Atos Intimat\u00f3rios)<\/td><td class=\"has-text-align-center\" data-align=\"center\">N\u00edvel M\u00e9dio completo, abrangido o curso profissional t\u00e9cnico<\/td><td class=\"has-text-align-center\" data-align=\"center\">Realizar cita\u00e7\u00f5es e intima\u00e7\u00f5es pessoais; expedir certid\u00f5es; cumprir ordens recebidas atrav\u00e9s de dilig\u00eancias externas; entregar import\u00e2ncias e bens recebidos; digitar textos.<\/td><\/tr><tr><td class=\"has-text-align-center\" data-align=\"center\">Oficial do MP RJ<\/td><td class=\"has-text-align-center\" data-align=\"center\">N\u00edvel M\u00e9dio completo, abrangido o curso profissional t\u00e9cnico<\/td><td class=\"has-text-align-center\" data-align=\"center\">(Informa\u00e7\u00f5es sobre as atribui\u00e7\u00f5es n\u00e3o foram fornecidas)<\/td><\/tr><\/tbody><\/table><figcaption class=\"wp-element-caption\">Atribui\u00e7\u00f5es e requisitos MP RJ<\/figcaption><\/figure>\n\n\n\n<p>Pretende seguir Carreira Jur\u00eddica? Ent\u00e3o confira o nosso artigo espec\u00edfico para o <a href=\"https:\/\/cj.estrategia.com\/portal\/concurso-mp-rj-promotor\/\" target=\"_blank\" rel=\"noreferrer noopener\">Concurso MP RJ Promotor<\/a>. <\/p>\n\n\n\n<h3 class=\"wp-block-heading\" id=\"cargos-vagos\">Quais s\u00e3o os cargos vagos do MP RJ?<\/h3>\n\n\n\n<p>Atualmente, conforme levantamento de janeiro de 2025, o \u00f3rg\u00e3o possui <strong>86 cargos vagos<\/strong> em seu quadro de servidores. No quadro abaixo voc\u00ea confere a rela\u00e7\u00e3o dos cargos\/especialidades que possuem cargos vagos:<\/p>\n\n\n\n<figure class=\"wp-block-table is-style-stripes\"><table class=\"has-very-light-gray-to-cyan-bluish-gray-gradient-background has-background\"><thead><tr><th><strong>CARGOS<\/strong><\/th><th class=\"has-text-align-center\" data-align=\"center\"><strong>Existentes<\/strong><\/th><th class=\"has-text-align-center\" data-align=\"center\"><strong>Ocupados<\/strong><\/th><th class=\"has-text-align-center\" data-align=\"center\"><strong>Vagos<\/strong><\/th><\/tr><\/thead><tbody><tr><td>Analista do MP  &#8211; \u00c1rea: Administrativa<\/td><td class=\"has-text-align-center\" data-align=\"center\">151<\/td><td class=\"has-text-align-center\" data-align=\"center\">141<\/td><td class=\"has-text-align-center\" data-align=\"center\">10<\/td><\/tr><tr><td>Analista do MP &#8211; \u00c1rea: Administrativa &#8211; Tec. da Informa\u00e7\u00e3o<\/td><td class=\"has-text-align-center\" data-align=\"center\">8<\/td><td class=\"has-text-align-center\" data-align=\"center\">0<\/td><td class=\"has-text-align-center\" data-align=\"center\">8<\/td><\/tr><tr><td>Analista do MP &#8211; \u00c1rea: Controle Interno<\/td><td class=\"has-text-align-center\" data-align=\"center\">2<\/td><td class=\"has-text-align-center\" data-align=\"center\">2<\/td><td class=\"has-text-align-center\" data-align=\"center\">0<\/td><\/tr><tr><td>Analista do MP &#8211; \u00c1rea: Inform\u00e1tica<\/td><td class=\"has-text-align-center\" data-align=\"center\">8<\/td><td class=\"has-text-align-center\" data-align=\"center\">8<\/td><td class=\"has-text-align-center\" data-align=\"center\">0<\/td><\/tr><tr><td>Analista do MP &#8211; \u00c1rea: Processual<\/td><td class=\"has-text-align-center\" data-align=\"center\">295<\/td><td class=\"has-text-align-center\" data-align=\"center\">281<\/td><td class=\"has-text-align-center\" data-align=\"center\">14<\/td><\/tr><tr><td>Analista do MP &#8211; \u00c1rea: Sa\u00fade<\/td><td class=\"has-text-align-center\" data-align=\"center\">1<\/td><td class=\"has-text-align-center\" data-align=\"center\">1<\/td><td class=\"has-text-align-center\" data-align=\"center\">0<\/td><\/tr><tr><td>Auxiliar do MP &#8211; \u00c1rea Administrativa<\/td><td class=\"has-text-align-center\" data-align=\"center\">21<\/td><td class=\"has-text-align-center\" data-align=\"center\">21<\/td><td class=\"has-text-align-center\" data-align=\"center\">0<\/td><\/tr><tr><td>Auxiliar Especializado do MP &#8211; \u00c1rea: Servi\u00e7os de Apoio<\/td><td class=\"has-text-align-center\" data-align=\"center\">5<\/td><td class=\"has-text-align-center\" data-align=\"center\">5<\/td><td class=\"has-text-align-center\" data-align=\"center\">0<\/td><\/tr><tr><td>Auxiliar Especializado do MP &#8211; \u00c1rea: Transporte<\/td><td class=\"has-text-align-center\" data-align=\"center\">7<\/td><td class=\"has-text-align-center\" data-align=\"center\">7<\/td><td class=\"has-text-align-center\" data-align=\"center\">0<\/td><\/tr><tr><td>T\u00e9cnico do MP &#8211; \u00c1rea: Administrativa<\/td><td class=\"has-text-align-center\" data-align=\"center\">829<\/td><td class=\"has-text-align-center\" data-align=\"center\">776<\/td><td class=\"has-text-align-center\" data-align=\"center\">53<\/td><\/tr><tr><td>T\u00e9cnico do MP &#8211; \u00c1rea: Inform\u00e1tica<\/td><td class=\"has-text-align-center\" data-align=\"center\">12<\/td><td class=\"has-text-align-center\" data-align=\"center\">12<\/td><td class=\"has-text-align-center\" data-align=\"center\">0<\/td><\/tr><tr><td>T\u00e9cnico do MP &#8211; \u00c1rea: Notifica\u00e7\u00f5es e Atos Intimat\u00f3rios<\/td><td class=\"has-text-align-center\" data-align=\"center\">72<\/td><td class=\"has-text-align-center\" data-align=\"center\">71<\/td><td class=\"has-text-align-center\" data-align=\"center\">1<\/td><\/tr><tr><td>T\u00e9cnico do MP &#8211; \u00c1rea: Processual<\/td><td class=\"has-text-align-center\" data-align=\"center\">252<\/td><td class=\"has-text-align-center\" data-align=\"center\">252<\/td><td class=\"has-text-align-center\" data-align=\"center\">0<\/td><\/tr><tr><td><strong>Total<\/strong><\/td><td class=\"has-text-align-center\" data-align=\"center\"><strong>1663<\/strong><\/td><td class=\"has-text-align-center\" data-align=\"center\"><strong>1577<\/strong><\/td><td class=\"has-text-align-center\" data-align=\"center\"><strong>86<\/strong><\/td><\/tr><\/tbody><\/table><figcaption class=\"wp-element-caption\">Cargos vagos MP RJ<\/figcaption><\/figure>\n\n\n\n<h3 class=\"wp-block-heading\" id=\"salarios\">Quais s\u00e3o as remunera\u00e7\u00f5es do MP RJ?<\/h3>\n\n\n\n<p>Confira abaixo os sal\u00e1rios e benef\u00edcios pagos a servidores efetivos do Minist\u00e9rio P\u00fablico do Rio de Janeiro:<\/p>\n\n\n\n<h4 class=\"wp-block-heading\">T\u00e9cnico do MP RJ<\/h4>\n\n\n\n<figure class=\"wp-block-table is-style-stripes\"><table class=\"has-very-light-gray-to-cyan-bluish-gray-gradient-background has-background has-fixed-layout\"><thead><tr><th class=\"has-text-align-center\" data-align=\"center\">Classe<\/th><th class=\"has-text-align-center\" data-align=\"center\">Padr\u00e3o<\/th><th class=\"has-text-align-center\" data-align=\"center\">Valor do vencimento<\/th><\/tr><\/thead><tbody><tr><td class=\"has-text-align-center\" data-align=\"center\">A<\/td><td class=\"has-text-align-center\" data-align=\"center\">1<\/td><td class=\"has-text-align-center\" data-align=\"center\">R$ 5.853,42<\/td><\/tr><tr><td class=\"has-text-align-center\" data-align=\"center\">A<\/td><td class=\"has-text-align-center\" data-align=\"center\">2<\/td><td class=\"has-text-align-center\" data-align=\"center\">R$ 6.263,15<\/td><\/tr><tr><td class=\"has-text-align-center\" data-align=\"center\">A<\/td><td class=\"has-text-align-center\" data-align=\"center\">3<\/td><td class=\"has-text-align-center\" data-align=\"center\">R$ 6.701,57<\/td><\/tr><tr><td class=\"has-text-align-center\" data-align=\"center\">A<\/td><td class=\"has-text-align-center\" data-align=\"center\">4<\/td><td class=\"has-text-align-center\" data-align=\"center\">R$ 7.170,67<\/td><\/tr><tr><td class=\"has-text-align-center\" data-align=\"center\">A<\/td><td class=\"has-text-align-center\" data-align=\"center\">5<\/td><td class=\"has-text-align-center\" data-align=\"center\">R$ 7.672,62<\/td><\/tr><tr><td class=\"has-text-align-center\" data-align=\"center\">B<\/td><td class=\"has-text-align-center\" data-align=\"center\">6<\/td><td class=\"has-text-align-center\" data-align=\"center\">R$ 8.439,88<\/td><\/tr><tr><td class=\"has-text-align-center\" data-align=\"center\">B<\/td><td class=\"has-text-align-center\" data-align=\"center\">7<\/td><td class=\"has-text-align-center\" data-align=\"center\">R$ 8.861,88<\/td><\/tr><tr><td class=\"has-text-align-center\" data-align=\"center\">B<\/td><td class=\"has-text-align-center\" data-align=\"center\">8<\/td><td class=\"has-text-align-center\" data-align=\"center\">R$ 9.304,97<\/td><\/tr><tr><td class=\"has-text-align-center\" data-align=\"center\">B<\/td><td class=\"has-text-align-center\" data-align=\"center\">9<\/td><td class=\"has-text-align-center\" data-align=\"center\">R$ 9.770,21<\/td><\/tr><tr><td class=\"has-text-align-center\" data-align=\"center\">B<\/td><td class=\"has-text-align-center\" data-align=\"center\">10<\/td><td class=\"has-text-align-center\" data-align=\"center\">R$ 10.258,73<\/td><\/tr><tr><td class=\"has-text-align-center\" data-align=\"center\">C<\/td><td class=\"has-text-align-center\" data-align=\"center\">11<\/td><td class=\"has-text-align-center\" data-align=\"center\">R$ 11.284,59<\/td><\/tr><tr><td class=\"has-text-align-center\" data-align=\"center\">C<\/td><td class=\"has-text-align-center\" data-align=\"center\">12<\/td><td class=\"has-text-align-center\" data-align=\"center\">R$ 11.848,83<\/td><\/tr><tr><td class=\"has-text-align-center\" data-align=\"center\">C<\/td><td class=\"has-text-align-center\" data-align=\"center\">13<\/td><td class=\"has-text-align-center\" data-align=\"center\">R$ 12.441,26<\/td><\/tr><tr><td class=\"has-text-align-center\" data-align=\"center\">C<\/td><td class=\"has-text-align-center\" data-align=\"center\">14<\/td><td class=\"has-text-align-center\" data-align=\"center\">R$ 13.063,32<\/td><\/tr><tr><td class=\"has-text-align-center\" data-align=\"center\">C<\/td><td class=\"has-text-align-center\" data-align=\"center\">15<\/td><td class=\"has-text-align-center\" data-align=\"center\">R$ 13.716,49<\/td><\/tr><\/tbody><\/table><figcaption class=\"wp-element-caption\">Estrutura remunerat\u00f3ria para o cargo de T\u00e9cnico MP RJ<\/figcaption><\/figure>\n\n\n\n<h4 class=\"wp-block-heading\">Analista do MP RJ<\/h4>\n\n\n\n<figure class=\"wp-block-table is-style-stripes\"><table class=\"has-very-light-gray-to-cyan-bluish-gray-gradient-background has-background has-fixed-layout\"><thead><tr><th class=\"has-text-align-center\" data-align=\"center\">Classe<\/th><th class=\"has-text-align-center\" data-align=\"center\">Padr\u00e3o<\/th><th class=\"has-text-align-center\" data-align=\"center\">Valor do vencimento<\/th><\/tr><\/thead><tbody><tr><td class=\"has-text-align-center\" data-align=\"center\">A<\/td><td class=\"has-text-align-center\" data-align=\"center\">1<\/td><td class=\"has-text-align-center\" data-align=\"center\">R$ 9.534,57<\/td><\/tr><tr><td class=\"has-text-align-center\" data-align=\"center\">A<\/td><td class=\"has-text-align-center\" data-align=\"center\">2<\/td><td class=\"has-text-align-center\" data-align=\"center\">R$ 10.201,99<\/td><\/tr><tr><td class=\"has-text-align-center\" data-align=\"center\">A<\/td><td class=\"has-text-align-center\" data-align=\"center\">3<\/td><td class=\"has-text-align-center\" data-align=\"center\">R$ 10.916,11<\/td><\/tr><tr><td class=\"has-text-align-center\" data-align=\"center\">A<\/td><td class=\"has-text-align-center\" data-align=\"center\">4<\/td><td class=\"has-text-align-center\" data-align=\"center\">R$ 11.680,25<\/td><\/tr><tr><td class=\"has-text-align-center\" data-align=\"center\">A<\/td><td class=\"has-text-align-center\" data-align=\"center\">5<\/td><td class=\"has-text-align-center\" data-align=\"center\">R$ 12.497,86<\/td><\/tr><tr><td class=\"has-text-align-center\" data-align=\"center\">B<\/td><td class=\"has-text-align-center\" data-align=\"center\">7<\/td><td class=\"has-text-align-center\" data-align=\"center\">R$ 14.435,04<\/td><\/tr><tr><td class=\"has-text-align-center\" data-align=\"center\">B<\/td><td class=\"has-text-align-center\" data-align=\"center\">8<\/td><td class=\"has-text-align-center\" data-align=\"center\">R$ 15.156,78<\/td><\/tr><tr><td class=\"has-text-align-center\" data-align=\"center\">B<\/td><td class=\"has-text-align-center\" data-align=\"center\">9<\/td><td class=\"has-text-align-center\" data-align=\"center\">R$ 15.914,63<\/td><\/tr><tr><td class=\"has-text-align-center\" data-align=\"center\">B<\/td><td class=\"has-text-align-center\" data-align=\"center\">10<\/td><td class=\"has-text-align-center\" data-align=\"center\">R$ 16.710,35<\/td><\/tr><tr><td class=\"has-text-align-center\" data-align=\"center\">C<\/td><td class=\"has-text-align-center\" data-align=\"center\">11<\/td><td class=\"has-text-align-center\" data-align=\"center\">R$ 18.381,36<\/td><\/tr><tr><td class=\"has-text-align-center\" data-align=\"center\">C<\/td><td class=\"has-text-align-center\" data-align=\"center\">12<\/td><td class=\"has-text-align-center\" data-align=\"center\">R$ 19.300,45<\/td><\/tr><tr><td class=\"has-text-align-center\" data-align=\"center\">C<\/td><td class=\"has-text-align-center\" data-align=\"center\">13<\/td><td class=\"has-text-align-center\" data-align=\"center\">R$ 20.265,48<\/td><\/tr><tr><td class=\"has-text-align-center\" data-align=\"center\">C<\/td><td class=\"has-text-align-center\" data-align=\"center\">14<\/td><td class=\"has-text-align-center\" data-align=\"center\">R$ 21.278,76<\/td><\/tr><tr><td class=\"has-text-align-center\" data-align=\"center\">C<\/td><td class=\"has-text-align-center\" data-align=\"center\">15<\/td><td class=\"has-text-align-center\" data-align=\"center\">R$ 22.342,68<\/td><\/tr><\/tbody><\/table><figcaption class=\"wp-element-caption\">Estrutura remunerat\u00f3ria para o cargo de Analista MP RJ<\/figcaption><\/figure>\n\n\n\n<h3 class=\"wp-block-heading\" id=\"cargomaisalto-mprj\">Qual o cargo mais alto do MP RJ?<\/h3>\n\n\n\n<p>Assim como nos demais Minist\u00e9rios P\u00fablicos, o cargo mais alto do MP RJ \u00e9 o Procurador-Geral da Justi\u00e7a (PGJ).<\/p>\n\n\n\n<hr class=\"wp-block-separator has-alpha-channel-opacity\"\/>\n\n\n\n<h2 class=\"wp-block-heading has-very-light-gray-to-cyan-bluish-gray-gradient-background has-background\" id=\"ultimo-concurso\">Como foi o \u00faltimo edital do Concurso MP RJ?<\/h2>\n\n\n\n<p>O \u00faltimo concurso do Minist\u00e9rio P\u00fablico do Rio de Janeiro foi publicado em <strong>2019<\/strong> e contou com a oferta de <strong>18 vagas imediatas<\/strong>.<\/p>\n\n\n\n<p>Foram registrados <strong>42.995 inscritos<\/strong>, sendo 13.930 candidatos para o cargo de Analista, 25.267 para o cargo de T\u00e9cnico e 3.798 para o cargo de Oficial\u200b.<\/p>\n\n\n\n<p>O edital foi homologado em 2020 e teve sua vig\u00eancia encerrada no dia 25 de maio de 2024. <\/p>\n\n\n\n<h3 class=\"wp-block-heading\" id=\"etapas-mp-rj\">Etapas do Concurso MP RJ 2019<\/h3>\n\n\n\n<p>As provas de <strong>Analista do Minist\u00e9rio P\u00fablico<\/strong> foram compostas por 100 quest\u00f5es com 5 alternativas cada. O tempo de realiza\u00e7\u00e3o da avalia\u00e7\u00e3o foi de 5 horas. Foram exigidos conhecimentos nas seguintes disciplinas<\/p>\n\n\n\n<h4 class=\"wp-block-heading\" id=\"analista-administrativa\">Analista &#8211; \u00c1rea Administrativa<\/h4>\n\n\n\n<ul class=\"wp-block-list\">\n<li><strong>Grupo I<\/strong>\n<ul class=\"wp-block-list\">\n<li>L\u00edngua Portuguesa &#8211; 30 quest\u00f5es<\/li>\n\n\n\n<li>Racioc\u00ednio L\u00f3gico Matem\u00e1tico &#8211; 10 quest\u00f5es<\/li>\n<\/ul>\n<\/li>\n\n\n\n<li><strong>Grupo II<\/strong>\n<ul class=\"wp-block-list\">\n<li>Organiza\u00e7\u00e3o do Minist\u00e9rio P\u00fablico &#8211; 10 quest\u00f5es<\/li>\n\n\n\n<li>No\u00e7\u00f5es de Inform\u00e1tica &#8211; 10 quest\u00f5es<\/li>\n\n\n\n<li>No\u00e7\u00f5es de Direito Administrativo e Constitucional &#8211; 15 quest\u00f5es<\/li>\n\n\n\n<li>Adm. Geral, Adm. P\u00fablica e Contabilidade P\u00fablica &#8211; 25 quest\u00f5es<\/li>\n<\/ul>\n<\/li>\n<\/ul>\n\n\n\n<h4 class=\"wp-block-heading\" id=\"analista-processual\">Analista &#8211; \u00c1rea Processual<\/h4>\n\n\n\n<ul class=\"wp-block-list\">\n<li><strong>Grupo I<\/strong>\n<ul class=\"wp-block-list\">\n<li>L\u00edngua Portuguesa &#8211; 30 quest\u00f5es<\/li>\n\n\n\n<li>Racioc\u00ednio L\u00f3gico Matem\u00e1tico &#8211; 10 quest\u00f5es<\/li>\n<\/ul>\n<\/li>\n\n\n\n<li><strong>Grupo II<\/strong>\n<ul class=\"wp-block-list\">\n<li>Organiza\u00e7\u00e3o do Minist\u00e9rio P\u00fablico &#8211; 10 quest\u00f5es<\/li>\n\n\n\n<li>Tutela Coletiva e Direito da Inf\u00e2ncia e Juventude &#8211; 10 quest\u00f5es<\/li>\n\n\n\n<li>Direito Administrativo e Direito Constitucional &#8211; 10 quest\u00f5es<\/li>\n\n\n\n<li>Direito Civil e Direito Processual Civil &#8211; 15 quest\u00f5es<\/li>\n\n\n\n<li>Direito Penal e Direito Processual Penal &#8211; 15 quest\u00f5es <\/li>\n<\/ul>\n<\/li>\n<\/ul>\n\n\n\n<p>J\u00e1 as provas de <strong>T\u00e9cnico do Minist\u00e9rio P\u00fablico<\/strong> e <strong>Oficial do Minist\u00e9rio P\u00fablico<\/strong> foram compostas, cada uma, por 80 quest\u00f5es, tamb\u00e9m com dura\u00e7\u00e3o de 4h para realiza\u00e7\u00e3o da prova.<\/p>\n\n\n\n<h4 class=\"wp-block-heading\" id=\"tecnico-administrativa\">T\u00e9cnico &#8211; \u00c1rea Administrativa<\/h4>\n\n\n\n<ul class=\"wp-block-list\">\n<li><strong>Grupo I<\/strong>\n<ul class=\"wp-block-list\">\n<li>L\u00edngua Portuguesa &#8211; 30 quest\u00f5es<\/li>\n\n\n\n<li>Racioc\u00ednio L\u00f3gico Matem\u00e1tico &#8211; 10 quest\u00f5es<\/li>\n<\/ul>\n<\/li>\n\n\n\n<li><strong>Grupo II<\/strong>\n<ul class=\"wp-block-list\">\n<li>Organiza\u00e7\u00e3o do Minist\u00e9rio P\u00fablico &#8211; 10 quest\u00f5es<\/li>\n\n\n\n<li>No\u00e7\u00f5es de Inform\u00e1tica &#8211; 10 quest\u00f5es<\/li>\n\n\n\n<li>No\u00e7\u00f5es de Direito Administrativo e Constitucional &#8211; 20 quest\u00f5es<\/li>\n<\/ul>\n<\/li>\n<\/ul>\n\n\n\n<h4 class=\"wp-block-heading\" id=\"oficial-mp\">Oficial do Minist\u00e9rio P\u00fablico<\/h4>\n\n\n\n<ul class=\"wp-block-list\">\n<li><strong>Grupo I<\/strong>\n<ul class=\"wp-block-list\">\n<li>L\u00edngua Portuguesa &#8211; 30 quest\u00f5es<\/li>\n\n\n\n<li>Racioc\u00ednio L\u00f3gico Matem\u00e1tico &#8211; 10 quest\u00f5es<\/li>\n<\/ul>\n<\/li>\n\n\n\n<li><strong>Grupo II<\/strong>\n<ul class=\"wp-block-list\">\n<li>Organiza\u00e7\u00e3o do Minist\u00e9rio P\u00fablico &#8211; 10 quest\u00f5es<\/li>\n\n\n\n<li>No\u00e7\u00f5es de Direito Administrativo e Constitucional &#8211; 10 quest\u00f5es<\/li>\n\n\n\n<li>No\u00e7\u00f5es de Direito Processual &#8211; 20 quest\u00f5es<\/li>\n<\/ul>\n<\/li>\n<\/ul>\n\n\n\n<h3 class=\"wp-block-heading\">Locais de aplica\u00e7\u00e3o<\/h3>\n\n\n\n<p>A prova escrita objetiva foram realizadas nos seguintes munic\u00edpios do Estado do Rio de Janeiro:<\/p>\n\n\n\n<ul class=\"wp-block-list\">\n<li>Cabo Frio;<\/li>\n\n\n\n<li>Campos dos Goytacazes;<\/li>\n\n\n\n<li>Duque de Caxias;<\/li>\n\n\n\n<li>Itaperuna;<\/li>\n\n\n\n<li>Niter\u00f3i;<\/li>\n\n\n\n<li>Nova Friburgo;<\/li>\n\n\n\n<li>Nova Igua\u00e7u;<\/li>\n\n\n\n<li>Petr\u00f3polis;<\/li>\n\n\n\n<li>Rio de Janeiro;<\/li>\n\n\n\n<li>Teres\u00f3polis;<\/li>\n\n\n\n<li>Volta Redonda.<\/li>\n<\/ul>\n\n\n\n<h3 class=\"wp-block-heading\" id=\"nota-de-corte\">Notas de corte MP RJ 2019<\/h3>\n\n\n\n<figure class=\"wp-block-table is-style-stripes\"><table class=\"has-very-light-gray-to-cyan-bluish-gray-gradient-background has-background\"><thead><tr><th class=\"has-text-align-center\" data-align=\"center\">Cargo<\/th><th class=\"has-text-align-center\" data-align=\"center\">Especialidade<\/th><th class=\"has-text-align-center\" data-align=\"center\">Vagas<\/th><th class=\"has-text-align-center\" data-align=\"center\">Nota m\u00e1xima<\/th><th class=\"has-text-align-center\" data-align=\"center\">Nota de corte<\/th><\/tr><\/thead><tbody><tr><td class=\"has-text-align-center\" data-align=\"center\">Analista do Minist\u00e9rio P\u00fablico<\/td><td class=\"has-text-align-center\" data-align=\"center\">Administrativa<\/td><td class=\"has-text-align-center\" data-align=\"center\">3<\/td><td class=\"has-text-align-center\" data-align=\"center\">100<\/td><td class=\"has-text-align-center\" data-align=\"center\">76 (76%)<\/td><\/tr><tr><td class=\"has-text-align-center\" data-align=\"center\">Analista do Minist\u00e9rio P\u00fablico<\/td><td class=\"has-text-align-center\" data-align=\"center\">Processual<\/td><td class=\"has-text-align-center\" data-align=\"center\">8<\/td><td class=\"has-text-align-center\" data-align=\"center\">100<\/td><td class=\"has-text-align-center\" data-align=\"center\">83 (83%)<\/td><\/tr><tr><td class=\"has-text-align-center\" data-align=\"center\">T\u00e9cnico do Minist\u00e9rio P\u00fablico<\/td><td class=\"has-text-align-center\" data-align=\"center\">Administrativa<\/td><td class=\"has-text-align-center\" data-align=\"center\">6<\/td><td class=\"has-text-align-center\" data-align=\"center\">100<\/td><td class=\"has-text-align-center\" data-align=\"center\">71 (71%)<\/td><\/tr><tr><td class=\"has-text-align-center\" data-align=\"center\">Oficial do Minist\u00e9rio P\u00fablico<\/td><td class=\"has-text-align-center\" data-align=\"center\">\u2014<\/td><td class=\"has-text-align-center\" data-align=\"center\">1<\/td><td class=\"has-text-align-center\" data-align=\"center\">100<\/td><td class=\"has-text-align-center\" data-align=\"center\">72 (72%)<\/td><\/tr><\/tbody><\/table><\/figure>\n\n\n\n<h3 class=\"wp-block-heading\" id=\"h-resultado-do-concurso-mp-rj-2019\">Resultado do Concurso MP RJ 2019<\/h3>\n\n\n\n<p>Abaixo voc\u00ea confere os resultados finais do concurso para servidores:<\/p>\n\n\n\n<ul class=\"wp-block-list\">\n<li><a href=\"https:\/\/dhg1h5j42swfq.cloudfront.net\/2020\/11\/03121743\/972_MPRJ_-_Resultado_Final_de_Aprovados_2020-04-15_.pdf\" target=\"_blank\" rel=\"noreferrer noopener nofollow\">Resultado Final &#8211; Todos os Cargos<\/a>;<\/li>\n\n\n\n<li><a href=\"https:\/\/dhg1h5j42swfq.cloudfront.net\/2020\/11\/03121847\/972_MPRJ_-_Resultado_Final_de_Aprovados_Deficientes_2020-04-15.pdf\" target=\"_blank\" rel=\"noreferrer noopener nofollow\">Resultado Final\u00a0&#8211; Pessoas com Defici\u00eancia<\/a>;<\/li>\n\n\n\n<li><a href=\"https:\/\/dhg1h5j42swfq.cloudfront.net\/2020\/11\/03121827\/972_MPRJ_-_Resultado_Final_de__Aprovados_Negros_2020-04-15.pdf\" target=\"_blank\" rel=\"noreferrer noopener nofollow\">Resultado Final\u00a0&#8211; Negros e \u00cdndios<\/a>;<\/li>\n\n\n\n<li><a href=\"https:\/\/dhg1h5j42swfq.cloudfront.net\/2020\/11\/03121803\/972_MPRJ_-_Resultado_Final_de_Aprovados_Hipossuficientes_2020-04-15.pdf\" target=\"_blank\" rel=\"noreferrer noopener nofollow\">Resultado Final\u00a0&#8211; Candidatos\u00a0economicamente hipossuficientes<\/a>.<\/li>\n<\/ul>\n\n\n\n<h3 class=\"wp-block-heading\" id=\"h-nomeacoes\">Nomea\u00e7\u00f5es <\/h3>\n\n\n\n<p>Segundo informa\u00e7\u00f5es da assessoria do MP RJ, em nota encaminhada no dia 22 de julho, do total das 33 vagas de Analista e 99 de T\u00e9cnico, foram convocados um total de 264 candidatos, sendo:<\/p>\n\n\n\n<ul class=\"wp-block-list\">\n<li>65 candidatos ao cargo de Analista; <\/li>\n\n\n\n<li>199 candidatos ao cargo de T\u00e9cnico.<\/li>\n<\/ul>\n\n\n\n<p class=\"has-text-align-center has-x-large-font-size\" id=\"h-quer-saber-tudo-sobre-concursos-previstos-confira-nossos-artigos\">Quer saber tudo sobre concursos previstos?<br \/>Confira nossos artigos!<\/p>\n\n\n\n<ul class=\"wp-block-list\">\n<li><a href=\"https:\/\/www.estrategiaconcursos.com.br\/blog\/concursos-abertos\/\" target=\"_blank\" rel=\"noreferrer noopener\">Concursos abertos<\/a><\/li>\n\n\n\n<li><a href=\"https:\/\/www.estrategiaconcursos.com.br\/blog\/concursos-mp\/\" target=\"_blank\" rel=\"noreferrer noopener\">Concursos MP<\/a><\/li>\n\n\n\n<li><a href=\"https:\/\/www.estrategiaconcursos.com.br\/blog\/concursos-2026\/\" target=\"_blank\" rel=\"noreferrer noopener\">Concursos 2026<\/a><br \/><\/li>\n<\/ul>\n\n\n\n<p class=\"has-text-align-center has-x-large-font-size\" id=\"assinatura-e-cursos\"><strong>Quer estudar para o Concurso MP RJ?<\/strong><\/p>\n\n\n\n<p class=\"has-text-align-center\"><em>Gostou desta oportunidade e deseja come\u00e7ar se preparar agora mesmo? Ent\u00e3o, confira os nossos cursos e comece a estudar para MP RJ:<\/em> <\/p>\n\n\n\n<div class=\"container\" id=\"boxes\">\n  <div class=\"row\">\n\n    <div class=\"col-sm\">\n      <div class=\"banner-tribunal\" id=\"box-assinatura\">\n        <h3 class=\"titulo-assinatura\">Cursos para MP RJ<\/h3>\n        <p class=\"subtitulo-assinatura\">Conhe\u00e7a os cursos<\/p>\n        <div class=\"box-botao\">\n          <a class=\"btn-assinatura\" target=\"_blank\" href=\"https:\/\/www.estrategiaconcursos.com.br\/cursosPorConcurso\/mp-rj-365\/\" role=\"button\" rel=\"noopener noreferrer\">Conhe\u00e7a mais<\/a>\n        <\/div>\n      <\/div>\n    <\/div>\n\n  <\/div>\n<\/div>\n\n\n\n<div class=\"container\" id=\"boxes\">\n  <div class=\"row\">\n\n    <div class=\"col-sm\">\n      <div class=\"estrategia\" id=\"box-assinatura\">\n        <h3 class=\"titulo-assinatura\">Assinatura Ilimitada<\/h3>\n        <p class=\"subtitulo-assinatura\">Assinatura Anual Ilimitada*<\/p>\n        <div class=\"box-botao\">\n          <a class=\"btn-assinatura\" target=\"_blank\" href=\"https:\/\/www.estrategiaconcursos.com.br\/assinaturas\/\" role=\"button\" rel=\"noopener noreferrer\">ASSINE AGORA<\/a>\n        <\/div>\n      <\/div>\n      <p class=\"texto-auxiliar\">Prepare-se com o melhor material e com quem mais aprova em Concursos P\u00fablicos em todo o pa\u00eds. Assine agora a nossa Assinatura Anual e tenha acesso ilimitado* a todos os nossos cursos.<\/p>\n    <\/div>\n\n    <div class=\"col-sm\">\n      <div class=\"questoes\" id=\"box-assinatura\">\n        <h3 class=\"titulo-assinatura\">Sistema de Quest\u00f5es<\/h3>\n        <p class=\"subtitulo-assinatura\">Assinatura Ilimitada*\n<\/p>\n        <div class=\"box-botao\">\n          <a class=\"btn-assinatura\" target=\"_blank\" href=\"https:\/\/www.estrategiaconcursos.com.br\/cursosPorConcurso\/sistema-de-questoes\/#\/\" role=\"button\" rel=\"noopener noreferrer\">ASSINE AGORA<\/a>\n        <\/div>\n      <\/div>\n    <\/div>\n  <\/div>\n<\/div>\n\n\n\n<figure class=\"wp-block-image size-large is-resized\"><img loading=\"lazy\" decoding=\"async\" width=\"1024\" height=\"632\" src=\"https:\/\/dhg1h5j42swfq.cloudfront.net\/2025\/06\/27101122\/ficha-tecnica-1-1024x632.png\" alt=\"\" class=\"wp-image-702728\" style=\"width:269px;height:166px\" srcset=\"https:\/\/dhg1h5j42swfq.cloudfront.net\/2025\/06\/27101122\/ficha-tecnica-1-1024x632.png 1024w, https:\/\/dhg1h5j42swfq.cloudfront.net\/2025\/06\/27101122\/ficha-tecnica-1-300x185.png 300w, https:\/\/dhg1h5j42swfq.cloudfront.net\/2025\/06\/27101122\/ficha-tecnica-1-768x474.png 768w, https:\/\/dhg1h5j42swfq.cloudfront.net\/2025\/06\/27101122\/ficha-tecnica-1-1536x948.png 1536w, https:\/\/dhg1h5j42swfq.cloudfront.net\/2025\/06\/27101122\/ficha-tecnica-1-610x377.png 610w, https:\/\/dhg1h5j42swfq.cloudfront.net\/2025\/06\/27101122\/ficha-tecnica-1.png 1571w\" sizes=\"auto, (max-width: 1024px) 100vw, 1024px\" \/><\/figure>\n\n\n\n<p id=\"ficha-tecnica\"><strong>\u25ba Informa\u00e7\u00f5es sobre o concurso MP RJ<\/strong><\/p>\n\n\n\n<ul id=\"block-46dd482c-33cf-409c-8762-75c111403f14\" class=\"wp-block-list\">\n<li><strong>Provas<\/strong>: <s>11 e 18\/05\/2025<\/s><\/li>\n\n\n\n<li><strong>Vagas<\/strong>: 87<\/li>\n\n\n\n<li><strong>Cargos<\/strong>: T\u00e9cnico e Analista<\/li>\n\n\n\n<li><strong>Banca<\/strong>: FGV <\/li>\n\n\n\n<li><strong>Escolaridade<\/strong>: n\u00edveis m\u00e9dio e superior<\/li>\n\n\n\n<li><strong>Edital<\/strong>: <a href=\"https:\/\/dhg1h5j42swfq.cloudfront.net\/2025\/01\/30234404\/edital-concurso-de-servidores-2025_sjlsadlsl_0.pdf\" target=\"_blank\" rel=\"noreferrer noopener\">MP RJ 2025<\/a><\/li>\n<\/ul>\n\n\n\n<p><\/p>\n","protected":false},"excerpt":{"rendered":"<p>No total, Concurso MPRJ selecionou 87 novos cargos de n\u00edvel m\u00e9dio e superior; sal\u00e1rio inicial \u00e9 de at\u00e9 R$ 9.534,57 Foi retificado o resultado final de aprovados no concurso p\u00fablico MP RJ (Minist\u00e9rio P\u00fablico do Rio de Janeiro). Foram ofertadas 87 vagas nos n\u00edveis m\u00e9dio e superior, distribu\u00eddas nos cargos de T\u00e9cnico e Analista do [&hellip;]<\/p>\n","protected":false},"author":1,"featured_media":1476597,"comment_status":"open","ping_status":"closed","sticky":false,"template":"","format":"standard","meta":{"post_tipo":"news_page","footnotes":""},"categories":[1984],"tags":[],"tax_estado":[219982],"class_list":["post-149341","post","type-post","status-publish","format-standard","has-post-thumbnail","hentry","category-tribunais","tax_estado-rj"],"acf":[],"yoast_head":"<!-- This site is optimized with the Yoast SEO Premium plugin v27.2 (Yoast SEO v27.2) - https:\/\/yoast.com\/product\/yoast-seo-premium-wordpress\/ -->\n<title>Concurso MP RJ: resultado final \u00e9 retificado; sal\u00e1rio at\u00e9 R$ 9 mil<\/title>\n<meta name=\"description\" content=\"Concurso MP RJ ofertou 87 vagas com remunera\u00e7\u00f5es iniciais de at\u00e9 R$9,5 mil! Resultados dispon\u00edveis, confira!\" \/>\n<meta name=\"robots\" content=\"index, follow, max-snippet:-1, max-image-preview:large, max-video-preview:-1\" \/>\n<link rel=\"canonical\" href=\"https:\/\/www.estrategiaconcursos.com.br\/blog\/concurso-mp-rj\/\" \/>\n<meta property=\"og:locale\" content=\"pt_BR\" \/>\n<meta property=\"og:type\" content=\"article\" \/>\n<meta property=\"og:title\" content=\"Concurso MP RJ: resultado final \u00e9 retificado; sal\u00e1rio at\u00e9 R$ 9 mil\" \/>\n<meta property=\"og:description\" content=\"Concurso MP RJ ofertou 87 vagas com remunera\u00e7\u00f5es iniciais de at\u00e9 R$9,5 mil! Resultados dispon\u00edveis, confira!\" \/>\n<meta property=\"og:url\" content=\"https:\/\/www.estrategiaconcursos.com.br\/blog\/concurso-mp-rj\/\" \/>\n<meta property=\"og:site_name\" content=\"Estrat\u00e9gia Concursos\" \/>\n<meta property=\"article:author\" content=\"https:\/\/www.facebook.com\/EstrategiaConcursos\" \/>\n<meta property=\"article:published_time\" content=\"2026-04-15T17:17:35+00:00\" \/>\n<meta property=\"article:modified_time\" content=\"2026-04-15T17:17:38+00:00\" \/>\n<meta property=\"og:image\" content=\"https:\/\/dhg1h5j42swfq.cloudfront.net\/2024\/10\/15130211\/mp-rj-1.jpg\" \/>\n\t<meta property=\"og:image:width\" content=\"768\" \/>\n\t<meta property=\"og:image:height\" content=\"432\" \/>\n\t<meta property=\"og:image:type\" content=\"image\/jpeg\" \/>\n<meta name=\"author\" content=\"Coordena\u00e7\u00e3o\" \/>\n<meta name=\"twitter:card\" content=\"summary_large_image\" \/>\n<meta name=\"twitter:creator\" content=\"@EstratConcursos\" \/>\n<meta name=\"twitter:site\" content=\"@EstratConcursos\" \/>\n<meta name=\"twitter:label1\" content=\"Escrito por\" \/>\n\t<meta name=\"twitter:data1\" content=\"Coordena\u00e7\u00e3o\" \/>\n\t<meta name=\"twitter:label2\" content=\"Est. tempo de leitura\" \/>\n\t<meta name=\"twitter:data2\" content=\"9 minutos\" \/>\n<script type=\"application\/ld+json\" class=\"yoast-schema-graph\">{\"@context\":\"https:\/\/schema.org\",\"@graph\":[{\"@type\":\"NewsArticle\",\"@id\":\"https:\/\/www.estrategiaconcursos.com.br\/blog\/concurso-mp-rj\/#article\",\"isPartOf\":{\"@id\":\"https:\/\/www.estrategiaconcursos.com.br\/blog\/concurso-mp-rj\/\"},\"author\":{\"name\":\"Coordena\u00e7\u00e3o\",\"@id\":\"https:\/\/www.estrategiaconcursos.com.br\/blog\/#\/schema\/person\/b4a388c97673c5f483d72185668afa1f\"},\"headline\":\"Concurso MP RJ: resultado final \u00e9 retificado; sal\u00e1rio at\u00e9 R$ 9 mil\",\"datePublished\":\"2026-04-15T17:17:35+00:00\",\"dateModified\":\"2026-04-15T17:17:38+00:00\",\"mainEntityOfPage\":{\"@id\":\"https:\/\/www.estrategiaconcursos.com.br\/blog\/concurso-mp-rj\/\"},\"wordCount\":2498,\"commentCount\":13,\"publisher\":{\"@id\":\"https:\/\/www.estrategiaconcursos.com.br\/blog\/#organization\"},\"image\":{\"@id\":\"https:\/\/www.estrategiaconcursos.com.br\/blog\/concurso-mp-rj\/#primaryimage\"},\"thumbnailUrl\":\"https:\/\/dhg1h5j42swfq.cloudfront.net\/2024\/10\/15130211\/mp-rj-1.jpg\",\"articleSection\":[\"Tribunais\"],\"inLanguage\":\"pt-BR\",\"potentialAction\":[{\"@type\":\"CommentAction\",\"name\":\"Comment\",\"target\":[\"https:\/\/www.estrategiaconcursos.com.br\/blog\/concurso-mp-rj\/#respond\"]}],\"copyrightYear\":\"2026\",\"copyrightHolder\":{\"@id\":\"https:\/\/www.estrategiaconcursos.com.br\/blog\/#organization\"}},{\"@type\":\"WebPage\",\"@id\":\"https:\/\/www.estrategiaconcursos.com.br\/blog\/concurso-mp-rj\/\",\"url\":\"https:\/\/www.estrategiaconcursos.com.br\/blog\/concurso-mp-rj\/\",\"name\":\"Concurso MP RJ: resultado final \u00e9 retificado; sal\u00e1rio at\u00e9 R$ 9 mil\",\"isPartOf\":{\"@id\":\"https:\/\/www.estrategiaconcursos.com.br\/blog\/#website\"},\"primaryImageOfPage\":{\"@id\":\"https:\/\/www.estrategiaconcursos.com.br\/blog\/concurso-mp-rj\/#primaryimage\"},\"image\":{\"@id\":\"https:\/\/www.estrategiaconcursos.com.br\/blog\/concurso-mp-rj\/#primaryimage\"},\"thumbnailUrl\":\"https:\/\/dhg1h5j42swfq.cloudfront.net\/2024\/10\/15130211\/mp-rj-1.jpg\",\"datePublished\":\"2026-04-15T17:17:35+00:00\",\"dateModified\":\"2026-04-15T17:17:38+00:00\",\"description\":\"Concurso MP RJ ofertou 87 vagas com remunera\u00e7\u00f5es iniciais de at\u00e9 R$9,5 mil! Resultados dispon\u00edveis, confira!\",\"breadcrumb\":{\"@id\":\"https:\/\/www.estrategiaconcursos.com.br\/blog\/concurso-mp-rj\/#breadcrumb\"},\"inLanguage\":\"pt-BR\",\"potentialAction\":[{\"@type\":\"ReadAction\",\"target\":[\"https:\/\/www.estrategiaconcursos.com.br\/blog\/concurso-mp-rj\/\"]}]},{\"@type\":\"ImageObject\",\"inLanguage\":\"pt-BR\",\"@id\":\"https:\/\/www.estrategiaconcursos.com.br\/blog\/concurso-mp-rj\/#primaryimage\",\"url\":\"https:\/\/dhg1h5j42swfq.cloudfront.net\/2024\/10\/15130211\/mp-rj-1.jpg\",\"contentUrl\":\"https:\/\/dhg1h5j42swfq.cloudfront.net\/2024\/10\/15130211\/mp-rj-1.jpg\",\"width\":768,\"height\":432,\"caption\":\"Cronograma MP RJ\"},{\"@type\":\"BreadcrumbList\",\"@id\":\"https:\/\/www.estrategiaconcursos.com.br\/blog\/concurso-mp-rj\/#breadcrumb\",\"itemListElement\":[{\"@type\":\"ListItem\",\"position\":1,\"name\":\"In\u00edcio\",\"item\":\"https:\/\/www.estrategiaconcursos.com.br\/blog\/\"},{\"@type\":\"ListItem\",\"position\":2,\"name\":\"Concurso MP RJ: resultado final \u00e9 retificado; sal\u00e1rio at\u00e9 R$ 9 mil\"}]},{\"@type\":\"WebSite\",\"@id\":\"https:\/\/www.estrategiaconcursos.com.br\/blog\/#website\",\"url\":\"https:\/\/www.estrategiaconcursos.com.br\/blog\/\",\"name\":\"Estrat\u00e9gia Concursos\",\"description\":\"O blog da Estrat\u00e9gia Concursos traz not\u00edcias sobre concursos e artigos de professores oferecendo cursos para concursos (pdf + videaulas) no site.\",\"publisher\":{\"@id\":\"https:\/\/www.estrategiaconcursos.com.br\/blog\/#organization\"},\"potentialAction\":[{\"@type\":\"SearchAction\",\"target\":{\"@type\":\"EntryPoint\",\"urlTemplate\":\"https:\/\/www.estrategiaconcursos.com.br\/blog\/?s={search_term_string}\"},\"query-input\":{\"@type\":\"PropertyValueSpecification\",\"valueRequired\":true,\"valueName\":\"search_term_string\"}}],\"inLanguage\":\"pt-BR\"},{\"@type\":\"Organization\",\"@id\":\"https:\/\/www.estrategiaconcursos.com.br\/blog\/#organization\",\"name\":\"Estrat\u00e9gia Concursos\",\"url\":\"https:\/\/www.estrategiaconcursos.com.br\/blog\/\",\"logo\":{\"@type\":\"ImageObject\",\"inLanguage\":\"pt-BR\",\"@id\":\"https:\/\/www.estrategiaconcursos.com.br\/blog\/#\/schema\/logo\/image\/\",\"url\":\"https:\/\/dhg1h5j42swfq.cloudfront.net\/2025\/06\/03203428\/logo_concursos-1.jpg\",\"contentUrl\":\"https:\/\/dhg1h5j42swfq.cloudfront.net\/2025\/06\/03203428\/logo_concursos-1.jpg\",\"width\":230,\"height\":60,\"caption\":\"Estrat\u00e9gia Concursos\"},\"image\":{\"@id\":\"https:\/\/www.estrategiaconcursos.com.br\/blog\/#\/schema\/logo\/image\/\"},\"sameAs\":[\"https:\/\/x.com\/EstratConcursos\"]},{\"@type\":\"Person\",\"@id\":\"https:\/\/www.estrategiaconcursos.com.br\/blog\/#\/schema\/person\/b4a388c97673c5f483d72185668afa1f\",\"name\":\"Coordena\u00e7\u00e3o\",\"image\":{\"@type\":\"ImageObject\",\"inLanguage\":\"pt-BR\",\"@id\":\"https:\/\/secure.gravatar.com\/avatar\/b720319e4c9a967eb58678d110f4fe35452fc5d5f97b202bac7b8acceb18c6ad?s=96&d=mm&r=g\",\"url\":\"https:\/\/secure.gravatar.com\/avatar\/b720319e4c9a967eb58678d110f4fe35452fc5d5f97b202bac7b8acceb18c6ad?s=96&d=mm&r=g\",\"contentUrl\":\"https:\/\/secure.gravatar.com\/avatar\/b720319e4c9a967eb58678d110f4fe35452fc5d5f97b202bac7b8acceb18c6ad?s=96&d=mm&r=g\",\"caption\":\"Coordena\u00e7\u00e3o\"},\"sameAs\":[\"https:\/\/www.facebook.com\/EstrategiaConcursos\",\"https:\/\/x.com\/EstratConcursos\"],\"url\":\"https:\/\/www.estrategiaconcursos.com.br\/blog\/author\/estrategia2013\/\"}]}<\/script>\n<!-- \/ Yoast SEO Premium plugin. -->","yoast_head_json":{"title":"Concurso MP RJ: resultado final \u00e9 retificado; sal\u00e1rio at\u00e9 R$ 9 mil","description":"Concurso MP RJ ofertou 87 vagas com remunera\u00e7\u00f5es iniciais de at\u00e9 R$9,5 mil! Resultados dispon\u00edveis, confira!","robots":{"index":"index","follow":"follow","max-snippet":"max-snippet:-1","max-image-preview":"max-image-preview:large","max-video-preview":"max-video-preview:-1"},"canonical":"https:\/\/www.estrategiaconcursos.com.br\/blog\/concurso-mp-rj\/","og_locale":"pt_BR","og_type":"article","og_title":"Concurso MP RJ: resultado final \u00e9 retificado; sal\u00e1rio at\u00e9 R$ 9 mil","og_description":"Concurso MP RJ ofertou 87 vagas com remunera\u00e7\u00f5es iniciais de at\u00e9 R$9,5 mil! Resultados dispon\u00edveis, confira!","og_url":"https:\/\/www.estrategiaconcursos.com.br\/blog\/concurso-mp-rj\/","og_site_name":"Estrat\u00e9gia Concursos","article_author":"https:\/\/www.facebook.com\/EstrategiaConcursos","article_published_time":"2026-04-15T17:17:35+00:00","article_modified_time":"2026-04-15T17:17:38+00:00","og_image":[{"width":768,"height":432,"url":"https:\/\/dhg1h5j42swfq.cloudfront.net\/2024\/10\/15130211\/mp-rj-1.jpg","type":"image\/jpeg"}],"author":"Coordena\u00e7\u00e3o","twitter_card":"summary_large_image","twitter_creator":"@EstratConcursos","twitter_site":"@EstratConcursos","twitter_misc":{"Escrito por":"Coordena\u00e7\u00e3o","Est. tempo de leitura":"9 minutos"},"schema":{"@context":"https:\/\/schema.org","@graph":[{"@type":"NewsArticle","@id":"https:\/\/www.estrategiaconcursos.com.br\/blog\/concurso-mp-rj\/#article","isPartOf":{"@id":"https:\/\/www.estrategiaconcursos.com.br\/blog\/concurso-mp-rj\/"},"author":{"name":"Coordena\u00e7\u00e3o","@id":"https:\/\/www.estrategiaconcursos.com.br\/blog\/#\/schema\/person\/b4a388c97673c5f483d72185668afa1f"},"headline":"Concurso MP RJ: resultado final \u00e9 retificado; sal\u00e1rio at\u00e9 R$ 9 mil","datePublished":"2026-04-15T17:17:35+00:00","dateModified":"2026-04-15T17:17:38+00:00","mainEntityOfPage":{"@id":"https:\/\/www.estrategiaconcursos.com.br\/blog\/concurso-mp-rj\/"},"wordCount":2498,"commentCount":13,"publisher":{"@id":"https:\/\/www.estrategiaconcursos.com.br\/blog\/#organization"},"image":{"@id":"https:\/\/www.estrategiaconcursos.com.br\/blog\/concurso-mp-rj\/#primaryimage"},"thumbnailUrl":"https:\/\/dhg1h5j42swfq.cloudfront.net\/2024\/10\/15130211\/mp-rj-1.jpg","articleSection":["Tribunais"],"inLanguage":"pt-BR","potentialAction":[{"@type":"CommentAction","name":"Comment","target":["https:\/\/www.estrategiaconcursos.com.br\/blog\/concurso-mp-rj\/#respond"]}],"copyrightYear":"2026","copyrightHolder":{"@id":"https:\/\/www.estrategiaconcursos.com.br\/blog\/#organization"}},{"@type":"WebPage","@id":"https:\/\/www.estrategiaconcursos.com.br\/blog\/concurso-mp-rj\/","url":"https:\/\/www.estrategiaconcursos.com.br\/blog\/concurso-mp-rj\/","name":"Concurso MP RJ: resultado final \u00e9 retificado; sal\u00e1rio at\u00e9 R$ 9 mil","isPartOf":{"@id":"https:\/\/www.estrategiaconcursos.com.br\/blog\/#website"},"primaryImageOfPage":{"@id":"https:\/\/www.estrategiaconcursos.com.br\/blog\/concurso-mp-rj\/#primaryimage"},"image":{"@id":"https:\/\/www.estrategiaconcursos.com.br\/blog\/concurso-mp-rj\/#primaryimage"},"thumbnailUrl":"https:\/\/dhg1h5j42swfq.cloudfront.net\/2024\/10\/15130211\/mp-rj-1.jpg","datePublished":"2026-04-15T17:17:35+00:00","dateModified":"2026-04-15T17:17:38+00:00","description":"Concurso MP RJ ofertou 87 vagas com remunera\u00e7\u00f5es iniciais de at\u00e9 R$9,5 mil! Resultados dispon\u00edveis, confira!","breadcrumb":{"@id":"https:\/\/www.estrategiaconcursos.com.br\/blog\/concurso-mp-rj\/#breadcrumb"},"inLanguage":"pt-BR","potentialAction":[{"@type":"ReadAction","target":["https:\/\/www.estrategiaconcursos.com.br\/blog\/concurso-mp-rj\/"]}]},{"@type":"ImageObject","inLanguage":"pt-BR","@id":"https:\/\/www.estrategiaconcursos.com.br\/blog\/concurso-mp-rj\/#primaryimage","url":"https:\/\/dhg1h5j42swfq.cloudfront.net\/2024\/10\/15130211\/mp-rj-1.jpg","contentUrl":"https:\/\/dhg1h5j42swfq.cloudfront.net\/2024\/10\/15130211\/mp-rj-1.jpg","width":768,"height":432,"caption":"Cronograma MP RJ"},{"@type":"BreadcrumbList","@id":"https:\/\/www.estrategiaconcursos.com.br\/blog\/concurso-mp-rj\/#breadcrumb","itemListElement":[{"@type":"ListItem","position":1,"name":"In\u00edcio","item":"https:\/\/www.estrategiaconcursos.com.br\/blog\/"},{"@type":"ListItem","position":2,"name":"Concurso MP RJ: resultado final \u00e9 retificado; sal\u00e1rio at\u00e9 R$ 9 mil"}]},{"@type":"WebSite","@id":"https:\/\/www.estrategiaconcursos.com.br\/blog\/#website","url":"https:\/\/www.estrategiaconcursos.com.br\/blog\/","name":"Estrat\u00e9gia Concursos","description":"O blog da Estrat\u00e9gia Concursos traz not\u00edcias sobre concursos e artigos de professores oferecendo cursos para concursos (pdf + videaulas) no site.","publisher":{"@id":"https:\/\/www.estrategiaconcursos.com.br\/blog\/#organization"},"potentialAction":[{"@type":"SearchAction","target":{"@type":"EntryPoint","urlTemplate":"https:\/\/www.estrategiaconcursos.com.br\/blog\/?s={search_term_string}"},"query-input":{"@type":"PropertyValueSpecification","valueRequired":true,"valueName":"search_term_string"}}],"inLanguage":"pt-BR"},{"@type":"Organization","@id":"https:\/\/www.estrategiaconcursos.com.br\/blog\/#organization","name":"Estrat\u00e9gia Concursos","url":"https:\/\/www.estrategiaconcursos.com.br\/blog\/","logo":{"@type":"ImageObject","inLanguage":"pt-BR","@id":"https:\/\/www.estrategiaconcursos.com.br\/blog\/#\/schema\/logo\/image\/","url":"https:\/\/dhg1h5j42swfq.cloudfront.net\/2025\/06\/03203428\/logo_concursos-1.jpg","contentUrl":"https:\/\/dhg1h5j42swfq.cloudfront.net\/2025\/06\/03203428\/logo_concursos-1.jpg","width":230,"height":60,"caption":"Estrat\u00e9gia Concursos"},"image":{"@id":"https:\/\/www.estrategiaconcursos.com.br\/blog\/#\/schema\/logo\/image\/"},"sameAs":["https:\/\/x.com\/EstratConcursos"]},{"@type":"Person","@id":"https:\/\/www.estrategiaconcursos.com.br\/blog\/#\/schema\/person\/b4a388c97673c5f483d72185668afa1f","name":"Coordena\u00e7\u00e3o","image":{"@type":"ImageObject","inLanguage":"pt-BR","@id":"https:\/\/secure.gravatar.com\/avatar\/b720319e4c9a967eb58678d110f4fe35452fc5d5f97b202bac7b8acceb18c6ad?s=96&d=mm&r=g","url":"https:\/\/secure.gravatar.com\/avatar\/b720319e4c9a967eb58678d110f4fe35452fc5d5f97b202bac7b8acceb18c6ad?s=96&d=mm&r=g","contentUrl":"https:\/\/secure.gravatar.com\/avatar\/b720319e4c9a967eb58678d110f4fe35452fc5d5f97b202bac7b8acceb18c6ad?s=96&d=mm&r=g","caption":"Coordena\u00e7\u00e3o"},"sameAs":["https:\/\/www.facebook.com\/EstrategiaConcursos","https:\/\/x.com\/EstratConcursos"],"url":"https:\/\/www.estrategiaconcursos.com.br\/blog\/author\/estrategia2013\/"}]}},"_links":{"self":[{"href":"https:\/\/www.estrategiaconcursos.com.br\/blog\/wp-json\/wp\/v2\/posts\/149341","targetHints":{"allow":["GET"]}}],"collection":[{"href":"https:\/\/www.estrategiaconcursos.com.br\/blog\/wp-json\/wp\/v2\/posts"}],"about":[{"href":"https:\/\/www.estrategiaconcursos.com.br\/blog\/wp-json\/wp\/v2\/types\/post"}],"author":[{"embeddable":true,"href":"https:\/\/www.estrategiaconcursos.com.br\/blog\/wp-json\/wp\/v2\/users\/1"}],"replies":[{"embeddable":true,"href":"https:\/\/www.estrategiaconcursos.com.br\/blog\/wp-json\/wp\/v2\/comments?post=149341"}],"version-history":[{"count":174,"href":"https:\/\/www.estrategiaconcursos.com.br\/blog\/wp-json\/wp\/v2\/posts\/149341\/revisions"}],"predecessor-version":[{"id":1754018,"href":"https:\/\/www.estrategiaconcursos.com.br\/blog\/wp-json\/wp\/v2\/posts\/149341\/revisions\/1754018"}],"wp:featuredmedia":[{"embeddable":true,"href":"https:\/\/www.estrategiaconcursos.com.br\/blog\/wp-json\/wp\/v2\/media\/1476597"}],"wp:attachment":[{"href":"https:\/\/www.estrategiaconcursos.com.br\/blog\/wp-json\/wp\/v2\/media?parent=149341"}],"wp:term":[{"taxonomy":"category","embeddable":true,"href":"https:\/\/www.estrategiaconcursos.com.br\/blog\/wp-json\/wp\/v2\/categories?post=149341"},{"taxonomy":"post_tag","embeddable":true,"href":"https:\/\/www.estrategiaconcursos.com.br\/blog\/wp-json\/wp\/v2\/tags?post=149341"},{"taxonomy":"tax_estado","embeddable":true,"href":"https:\/\/www.estrategiaconcursos.com.br\/blog\/wp-json\/wp\/v2\/tax_estado?post=149341"}],"curies":[{"name":"wp","href":"https:\/\/api.w.org\/{rel}","templated":true}]}}