{"id":149149,"date":"2018-10-27T03:04:59","date_gmt":"2018-10-27T06:04:59","guid":{"rendered":"https:\/\/www.estrategiaconcursos.com.br\/blog\/?p=149149"},"modified":"2020-09-11T17:46:35","modified_gmt":"2020-09-11T20:46:35","slug":"cespe-anula-questao-polemica-de-raciocinio-logico-no-concurso-da-pf","status":"publish","type":"post","link":"https:\/\/www.estrategiaconcursos.com.br\/blog\/cespe-anula-questao-polemica-de-raciocinio-logico-no-concurso-da-pf\/","title":{"rendered":"CESPE anula quest\u00e3o pol\u00eamica de Racioc\u00ednio L\u00f3gico no concurso da PF"},"content":{"rendered":"<p>Ol\u00e1, queridos alunos!!!<\/p>\n<p>Tudo bem?<\/p>\n<p>Este artigo \u00e9 de extrema import\u00e2ncia para voc\u00ea que far\u00e1 provas de Racioc\u00ednio L\u00f3gico do CESPE.<\/p>\n<p>Uma quest\u00e3o muito pol\u00eamica na prova da <a href=\"https:\/\/www.estrategiaconcursos.com.br\/blog\/concurso-policia-federal\/\">Pol\u00edcia Federal<\/a> (2018) foi anulada e est\u00e1vamos \u00e1vidos esperando a justificativa do CESPE. Este tipo de quest\u00e3o j\u00e1 caiu em dezenas de provas do CESPE e isso mudar\u00e1 o cen\u00e1rio daqui para a frente.<\/p>\n<p>Vejamos a pol\u00eamica.<\/p>\n<p>Considere a seguinte proposi\u00e7\u00e3o: &#8220;Guilherme e Brunno s\u00e3o professores de Racioc\u00ednio L\u00f3gico&#8221;.<\/p>\n<p>O CESPE tinha mania de perguntar se esta proposi\u00e7\u00e3o \u00e9 simples ou composta.<\/p>\n<p>Eu, Guilherme, assim como muitos outros professores, n\u00e3o concordo em dizer que esta proposi\u00e7\u00e3o \u00e9 simples, pois a ideia da proposi\u00e7\u00e3o \u00e9 que &#8220;Guilherme \u00e9 professor de RL e Brunno \u00e9 professor de RL&#8221;.<\/p>\n<p>Entretanto, o CESPE sempre colocou em seus gabaritos que esta \u00e9 uma proposi\u00e7\u00e3o simples, pois a frase possui um sujeito composto e apenas um verbo.<\/p>\n<p>Sempre orient\u00e1vamos para que os alunos respondessem que a proposi\u00e7\u00e3o era de fato uma proposi\u00e7\u00e3o simples, pois o importante \u00e9 ganhar pontos na prova e n\u00e3o brigar com a banca. :)<\/p>\n<p>Veja, por exemplo, a recente quest\u00e3o no concurso da ABIN.<\/p>\n<p><strong>(CESPE 2018\/ABIN)<\/strong><\/p>\n<p><strong>Julgue o item a seguir, a respeito de l\u00f3gica proposicional.<\/strong><\/p>\n<p><strong>A proposi\u00e7\u00e3o \u201cOs Poderes Executivo, Legislativo e Judici\u00e1rio devem estar em constante estado de alerta sobre as a\u00e7\u00f5es das ag\u00eancias de intelig\u00eancia.\u201d pode ser corretamente representada pela express\u00e3o l\u00f3gica\u00a0P\u2227Q\u2227R, em que P, Q e R s\u00e3o proposi\u00e7\u00f5es simples adequadamente escolhidas.<\/strong><\/p>\n<p>O CESPE deu este gabarito como ERRADO, pois o sujeito \u00e9 composto, mas h\u00e1 apenas uma ora\u00e7\u00e3o. Assim, a proposi\u00e7\u00e3o \u00e9 simples (pelo menos era, at\u00e9 o concurso da PF).\u00a0Ao dizer que a proposi\u00e7\u00e3o pode ser representada por P\u2227Q\u2227R, o item indica que a proposi\u00e7\u00e3o dada \u00e9 composta.<\/p>\n<p>Este tipo de quest\u00e3o era MUITO frequente em provas do CESPE.<\/p>\n<p>Da\u00ed, veio a prova da PF&#8230;<\/p>\n<p><strong>(CESPE 2018\/Pol\u00edcia Federal\/Agente)<\/strong><\/p>\n<p><strong>As proposi\u00e7\u00f5es P, Q e R a seguir referem-se a um il\u00edcito penal envolvendo Jo\u00e3o, Carlos, Paulo e Maria.<\/strong><\/p>\n<p><strong>P: \u201cJo\u00e3o e Carlos n\u00e3o s\u00e3o culpados\u201d.<\/strong><\/p>\n<p><strong>Q: \u201cPaulo n\u00e3o \u00e9 mentiroso\u201d.<\/strong><\/p>\n<p><strong>R: \u201cMaria \u00e9 inocente\u201d.<\/strong><\/p>\n<p><strong>Considerando que ~X representa a nega\u00e7\u00e3o da proposi\u00e7\u00e3o X, julgue os itens a seguir.<\/strong><\/p>\n<p><strong>51. As proposi\u00e7\u00f5es P, Q e R s\u00e3o proposi\u00e7\u00f5es simples.<\/strong><\/p>\n<p>As proposi\u00e7\u00f5es Q e R s\u00e3o claramente simples. Quem vai decidir se o item est\u00e1 certo ou errado \u00e9 a proposi\u00e7\u00e3o P.<\/p>\n<p>Pelas provas anteriores do CESPE, dizemos que a proposi\u00e7\u00e3o P \u00e9 simples, pois h\u00e1 apenas um verbo (o sujeito \u00e9 composto).<\/p>\n<p>Entretanto, o gabarito preliminar da prova da PF deu esta quest\u00e3o como \u201cerrada\u201d. Em seguida, o CESPE anulou a quest\u00e3o na divulga\u00e7\u00e3o do gabarito definitivo.<\/p>\n<p>E, finalmente, saiu a justificativa da banca: &#8220;H\u00e1 diverg\u00eancia de literatura a respeito do tipo de proposi\u00e7\u00e3o disposto no item.&#8221;<\/p>\n<p>Diante disto, acredito que daqui por diante o CESPE n\u00e3o mais cobrar\u00e1 quest\u00f5es deste tipo, pois eles j\u00e1 &#8220;assumiram&#8221; que o item \u00e9 pol\u00eamico e que n\u00e3o h\u00e1 concord\u00e2ncia na literatura.<\/p>\n<p>Meu conselho: esque\u00e7am este tipo de quest\u00e3o.<\/p>\n<p>Um forte abra\u00e7o e bons estudos,<\/p>\n<p>Guilherme Neves<\/p>\n<p>Instagram: <span style=\"color: #ff0000;\"><strong>@profguilhermeneves<\/strong><\/span><\/p>\n","protected":false},"excerpt":{"rendered":"<p>Ol\u00e1, queridos alunos!!! Tudo bem? Este artigo \u00e9 de extrema import\u00e2ncia para voc\u00ea que far\u00e1 provas de Racioc\u00ednio L\u00f3gico do CESPE. Uma quest\u00e3o muito pol\u00eamica na prova da Pol\u00edcia Federal (2018) foi anulada e est\u00e1vamos \u00e1vidos esperando a justificativa do CESPE. Este tipo de quest\u00e3o j\u00e1 caiu em dezenas de provas do CESPE e isso [&hellip;]<\/p>\n","protected":false},"author":739,"featured_media":0,"comment_status":"open","ping_status":"closed","sticky":false,"template":"","format":"standard","meta":{"post_tipo":"article","footnotes":""},"categories":[1],"tags":[],"tax_estado":[],"class_list":["post-149149","post","type-post","status-publish","format-standard","hentry","category-cursos-e-concursos"],"acf":[],"yoast_head":"<!-- This site is optimized with the Yoast SEO Premium plugin v27.2 (Yoast SEO v27.2) - https:\/\/yoast.com\/product\/yoast-seo-premium-wordpress\/ -->\n<title>CESPE anula quest\u00e3o pol\u00eamica de Racioc\u00ednio L\u00f3gico no concurso da PF<\/title>\n<meta name=\"robots\" content=\"index, follow, max-snippet:-1, max-image-preview:large, max-video-preview:-1\" \/>\n<link rel=\"canonical\" href=\"https:\/\/www.estrategiaconcursos.com.br\/blog\/cespe-anula-questao-polemica-de-raciocinio-logico-no-concurso-da-pf\/\" \/>\n<meta property=\"og:locale\" content=\"pt_BR\" \/>\n<meta property=\"og:type\" content=\"article\" \/>\n<meta property=\"og:title\" content=\"CESPE anula quest\u00e3o pol\u00eamica de Racioc\u00ednio L\u00f3gico no concurso da PF\" \/>\n<meta property=\"og:description\" content=\"Ol\u00e1, queridos alunos!!! Tudo bem? Este artigo \u00e9 de extrema import\u00e2ncia para voc\u00ea que far\u00e1 provas de Racioc\u00ednio L\u00f3gico do CESPE. Uma quest\u00e3o muito pol\u00eamica na prova da Pol\u00edcia Federal (2018) foi anulada e est\u00e1vamos \u00e1vidos esperando a justificativa do CESPE. Este tipo de quest\u00e3o j\u00e1 caiu em dezenas de provas do CESPE e isso [&hellip;]\" \/>\n<meta property=\"og:url\" content=\"https:\/\/www.estrategiaconcursos.com.br\/blog\/cespe-anula-questao-polemica-de-raciocinio-logico-no-concurso-da-pf\/\" \/>\n<meta property=\"og:site_name\" content=\"Estrat\u00e9gia Concursos\" \/>\n<meta property=\"article:published_time\" content=\"2018-10-27T06:04:59+00:00\" \/>\n<meta property=\"article:modified_time\" content=\"2020-09-11T20:46:35+00:00\" \/>\n<meta name=\"author\" content=\"Guilherme Neves\" \/>\n<meta name=\"twitter:card\" content=\"summary_large_image\" \/>\n<meta name=\"twitter:creator\" content=\"@EstratConcursos\" \/>\n<meta name=\"twitter:site\" content=\"@EstratConcursos\" \/>\n<meta name=\"twitter:label1\" content=\"Escrito por\" \/>\n\t<meta name=\"twitter:data1\" content=\"Guilherme Neves\" \/>\n\t<meta name=\"twitter:label2\" content=\"Est. tempo de leitura\" \/>\n\t<meta name=\"twitter:data2\" content=\"3 minutos\" \/>\n<script type=\"application\/ld+json\" class=\"yoast-schema-graph\">{\"@context\":\"https:\/\/schema.org\",\"@graph\":[{\"@type\":\"NewsArticle\",\"@id\":\"https:\/\/www.estrategiaconcursos.com.br\/blog\/cespe-anula-questao-polemica-de-raciocinio-logico-no-concurso-da-pf\/#article\",\"isPartOf\":{\"@id\":\"https:\/\/www.estrategiaconcursos.com.br\/blog\/cespe-anula-questao-polemica-de-raciocinio-logico-no-concurso-da-pf\/\"},\"author\":{\"name\":\"Guilherme Neves\",\"@id\":\"https:\/\/www.estrategiaconcursos.com.br\/blog\/#\/schema\/person\/6f1394c8fffbe6cfa67201ece56aed6e\"},\"headline\":\"CESPE anula quest\u00e3o pol\u00eamica de Racioc\u00ednio L\u00f3gico no concurso da PF\",\"datePublished\":\"2018-10-27T06:04:59+00:00\",\"dateModified\":\"2020-09-11T20:46:35+00:00\",\"mainEntityOfPage\":{\"@id\":\"https:\/\/www.estrategiaconcursos.com.br\/blog\/cespe-anula-questao-polemica-de-raciocinio-logico-no-concurso-da-pf\/\"},\"wordCount\":576,\"commentCount\":26,\"publisher\":{\"@id\":\"https:\/\/www.estrategiaconcursos.com.br\/blog\/#organization\"},\"articleSection\":[\"Concursos P\u00fablicos\"],\"inLanguage\":\"pt-BR\",\"potentialAction\":[{\"@type\":\"CommentAction\",\"name\":\"Comment\",\"target\":[\"https:\/\/www.estrategiaconcursos.com.br\/blog\/cespe-anula-questao-polemica-de-raciocinio-logico-no-concurso-da-pf\/#respond\"]}],\"copyrightYear\":\"2018\",\"copyrightHolder\":{\"@id\":\"https:\/\/www.estrategiaconcursos.com.br\/blog\/#organization\"}},{\"@type\":\"WebPage\",\"@id\":\"https:\/\/www.estrategiaconcursos.com.br\/blog\/cespe-anula-questao-polemica-de-raciocinio-logico-no-concurso-da-pf\/\",\"url\":\"https:\/\/www.estrategiaconcursos.com.br\/blog\/cespe-anula-questao-polemica-de-raciocinio-logico-no-concurso-da-pf\/\",\"name\":\"CESPE anula quest\u00e3o pol\u00eamica de Racioc\u00ednio L\u00f3gico no concurso da PF\",\"isPartOf\":{\"@id\":\"https:\/\/www.estrategiaconcursos.com.br\/blog\/#website\"},\"datePublished\":\"2018-10-27T06:04:59+00:00\",\"dateModified\":\"2020-09-11T20:46:35+00:00\",\"breadcrumb\":{\"@id\":\"https:\/\/www.estrategiaconcursos.com.br\/blog\/cespe-anula-questao-polemica-de-raciocinio-logico-no-concurso-da-pf\/#breadcrumb\"},\"inLanguage\":\"pt-BR\",\"potentialAction\":[{\"@type\":\"ReadAction\",\"target\":[\"https:\/\/www.estrategiaconcursos.com.br\/blog\/cespe-anula-questao-polemica-de-raciocinio-logico-no-concurso-da-pf\/\"]}]},{\"@type\":\"BreadcrumbList\",\"@id\":\"https:\/\/www.estrategiaconcursos.com.br\/blog\/cespe-anula-questao-polemica-de-raciocinio-logico-no-concurso-da-pf\/#breadcrumb\",\"itemListElement\":[{\"@type\":\"ListItem\",\"position\":1,\"name\":\"In\u00edcio\",\"item\":\"https:\/\/www.estrategiaconcursos.com.br\/blog\/\"},{\"@type\":\"ListItem\",\"position\":2,\"name\":\"CESPE anula quest\u00e3o pol\u00eamica de Racioc\u00ednio L\u00f3gico no concurso da PF\"}]},{\"@type\":\"WebSite\",\"@id\":\"https:\/\/www.estrategiaconcursos.com.br\/blog\/#website\",\"url\":\"https:\/\/www.estrategiaconcursos.com.br\/blog\/\",\"name\":\"Estrat\u00e9gia Concursos\",\"description\":\"O blog da Estrat\u00e9gia Concursos traz not\u00edcias sobre concursos e artigos de professores oferecendo cursos para concursos (pdf + videaulas) no site.\",\"publisher\":{\"@id\":\"https:\/\/www.estrategiaconcursos.com.br\/blog\/#organization\"},\"potentialAction\":[{\"@type\":\"SearchAction\",\"target\":{\"@type\":\"EntryPoint\",\"urlTemplate\":\"https:\/\/www.estrategiaconcursos.com.br\/blog\/?s={search_term_string}\"},\"query-input\":{\"@type\":\"PropertyValueSpecification\",\"valueRequired\":true,\"valueName\":\"search_term_string\"}}],\"inLanguage\":\"pt-BR\"},{\"@type\":\"Organization\",\"@id\":\"https:\/\/www.estrategiaconcursos.com.br\/blog\/#organization\",\"name\":\"Estrat\u00e9gia Concursos\",\"url\":\"https:\/\/www.estrategiaconcursos.com.br\/blog\/\",\"logo\":{\"@type\":\"ImageObject\",\"inLanguage\":\"pt-BR\",\"@id\":\"https:\/\/www.estrategiaconcursos.com.br\/blog\/#\/schema\/logo\/image\/\",\"url\":\"https:\/\/dhg1h5j42swfq.cloudfront.net\/2025\/06\/03203428\/logo_concursos-1.jpg\",\"contentUrl\":\"https:\/\/dhg1h5j42swfq.cloudfront.net\/2025\/06\/03203428\/logo_concursos-1.jpg\",\"width\":230,\"height\":60,\"caption\":\"Estrat\u00e9gia Concursos\"},\"image\":{\"@id\":\"https:\/\/www.estrategiaconcursos.com.br\/blog\/#\/schema\/logo\/image\/\"},\"sameAs\":[\"https:\/\/x.com\/EstratConcursos\"]},{\"@type\":\"Person\",\"@id\":\"https:\/\/www.estrategiaconcursos.com.br\/blog\/#\/schema\/person\/6f1394c8fffbe6cfa67201ece56aed6e\",\"name\":\"Guilherme Neves\",\"image\":{\"@type\":\"ImageObject\",\"inLanguage\":\"pt-BR\",\"@id\":\"https:\/\/secure.gravatar.com\/avatar\/c6e634c175758bc81974a6dbecf7f3de844f8c8435193c5549709cbb19dd8cab?s=96&d=mm&r=g\",\"url\":\"https:\/\/secure.gravatar.com\/avatar\/c6e634c175758bc81974a6dbecf7f3de844f8c8435193c5549709cbb19dd8cab?s=96&d=mm&r=g\",\"contentUrl\":\"https:\/\/secure.gravatar.com\/avatar\/c6e634c175758bc81974a6dbecf7f3de844f8c8435193c5549709cbb19dd8cab?s=96&d=mm&r=g\",\"caption\":\"Guilherme Neves\"},\"url\":\"https:\/\/www.estrategiaconcursos.com.br\/blog\/author\/guilhermenevesestrategiaconcursos-com-br\/\"}]}<\/script>\n<!-- \/ Yoast SEO Premium plugin. -->","yoast_head_json":{"title":"CESPE anula quest\u00e3o pol\u00eamica de Racioc\u00ednio L\u00f3gico no concurso da PF","robots":{"index":"index","follow":"follow","max-snippet":"max-snippet:-1","max-image-preview":"max-image-preview:large","max-video-preview":"max-video-preview:-1"},"canonical":"https:\/\/www.estrategiaconcursos.com.br\/blog\/cespe-anula-questao-polemica-de-raciocinio-logico-no-concurso-da-pf\/","og_locale":"pt_BR","og_type":"article","og_title":"CESPE anula quest\u00e3o pol\u00eamica de Racioc\u00ednio L\u00f3gico no concurso da PF","og_description":"Ol\u00e1, queridos alunos!!! Tudo bem? Este artigo \u00e9 de extrema import\u00e2ncia para voc\u00ea que far\u00e1 provas de Racioc\u00ednio L\u00f3gico do CESPE. Uma quest\u00e3o muito pol\u00eamica na prova da Pol\u00edcia Federal (2018) foi anulada e est\u00e1vamos \u00e1vidos esperando a justificativa do CESPE. Este tipo de quest\u00e3o j\u00e1 caiu em dezenas de provas do CESPE e isso [&hellip;]","og_url":"https:\/\/www.estrategiaconcursos.com.br\/blog\/cespe-anula-questao-polemica-de-raciocinio-logico-no-concurso-da-pf\/","og_site_name":"Estrat\u00e9gia Concursos","article_published_time":"2018-10-27T06:04:59+00:00","article_modified_time":"2020-09-11T20:46:35+00:00","author":"Guilherme Neves","twitter_card":"summary_large_image","twitter_creator":"@EstratConcursos","twitter_site":"@EstratConcursos","twitter_misc":{"Escrito por":"Guilherme Neves","Est. tempo de leitura":"3 minutos"},"schema":{"@context":"https:\/\/schema.org","@graph":[{"@type":"NewsArticle","@id":"https:\/\/www.estrategiaconcursos.com.br\/blog\/cespe-anula-questao-polemica-de-raciocinio-logico-no-concurso-da-pf\/#article","isPartOf":{"@id":"https:\/\/www.estrategiaconcursos.com.br\/blog\/cespe-anula-questao-polemica-de-raciocinio-logico-no-concurso-da-pf\/"},"author":{"name":"Guilherme Neves","@id":"https:\/\/www.estrategiaconcursos.com.br\/blog\/#\/schema\/person\/6f1394c8fffbe6cfa67201ece56aed6e"},"headline":"CESPE anula quest\u00e3o pol\u00eamica de Racioc\u00ednio L\u00f3gico no concurso da PF","datePublished":"2018-10-27T06:04:59+00:00","dateModified":"2020-09-11T20:46:35+00:00","mainEntityOfPage":{"@id":"https:\/\/www.estrategiaconcursos.com.br\/blog\/cespe-anula-questao-polemica-de-raciocinio-logico-no-concurso-da-pf\/"},"wordCount":576,"commentCount":26,"publisher":{"@id":"https:\/\/www.estrategiaconcursos.com.br\/blog\/#organization"},"articleSection":["Concursos P\u00fablicos"],"inLanguage":"pt-BR","potentialAction":[{"@type":"CommentAction","name":"Comment","target":["https:\/\/www.estrategiaconcursos.com.br\/blog\/cespe-anula-questao-polemica-de-raciocinio-logico-no-concurso-da-pf\/#respond"]}],"copyrightYear":"2018","copyrightHolder":{"@id":"https:\/\/www.estrategiaconcursos.com.br\/blog\/#organization"}},{"@type":"WebPage","@id":"https:\/\/www.estrategiaconcursos.com.br\/blog\/cespe-anula-questao-polemica-de-raciocinio-logico-no-concurso-da-pf\/","url":"https:\/\/www.estrategiaconcursos.com.br\/blog\/cespe-anula-questao-polemica-de-raciocinio-logico-no-concurso-da-pf\/","name":"CESPE anula quest\u00e3o pol\u00eamica de Racioc\u00ednio L\u00f3gico no concurso da PF","isPartOf":{"@id":"https:\/\/www.estrategiaconcursos.com.br\/blog\/#website"},"datePublished":"2018-10-27T06:04:59+00:00","dateModified":"2020-09-11T20:46:35+00:00","breadcrumb":{"@id":"https:\/\/www.estrategiaconcursos.com.br\/blog\/cespe-anula-questao-polemica-de-raciocinio-logico-no-concurso-da-pf\/#breadcrumb"},"inLanguage":"pt-BR","potentialAction":[{"@type":"ReadAction","target":["https:\/\/www.estrategiaconcursos.com.br\/blog\/cespe-anula-questao-polemica-de-raciocinio-logico-no-concurso-da-pf\/"]}]},{"@type":"BreadcrumbList","@id":"https:\/\/www.estrategiaconcursos.com.br\/blog\/cespe-anula-questao-polemica-de-raciocinio-logico-no-concurso-da-pf\/#breadcrumb","itemListElement":[{"@type":"ListItem","position":1,"name":"In\u00edcio","item":"https:\/\/www.estrategiaconcursos.com.br\/blog\/"},{"@type":"ListItem","position":2,"name":"CESPE anula quest\u00e3o pol\u00eamica de Racioc\u00ednio L\u00f3gico no concurso da PF"}]},{"@type":"WebSite","@id":"https:\/\/www.estrategiaconcursos.com.br\/blog\/#website","url":"https:\/\/www.estrategiaconcursos.com.br\/blog\/","name":"Estrat\u00e9gia Concursos","description":"O blog da Estrat\u00e9gia Concursos traz not\u00edcias sobre concursos e artigos de professores oferecendo cursos para concursos (pdf + videaulas) no site.","publisher":{"@id":"https:\/\/www.estrategiaconcursos.com.br\/blog\/#organization"},"potentialAction":[{"@type":"SearchAction","target":{"@type":"EntryPoint","urlTemplate":"https:\/\/www.estrategiaconcursos.com.br\/blog\/?s={search_term_string}"},"query-input":{"@type":"PropertyValueSpecification","valueRequired":true,"valueName":"search_term_string"}}],"inLanguage":"pt-BR"},{"@type":"Organization","@id":"https:\/\/www.estrategiaconcursos.com.br\/blog\/#organization","name":"Estrat\u00e9gia Concursos","url":"https:\/\/www.estrategiaconcursos.com.br\/blog\/","logo":{"@type":"ImageObject","inLanguage":"pt-BR","@id":"https:\/\/www.estrategiaconcursos.com.br\/blog\/#\/schema\/logo\/image\/","url":"https:\/\/dhg1h5j42swfq.cloudfront.net\/2025\/06\/03203428\/logo_concursos-1.jpg","contentUrl":"https:\/\/dhg1h5j42swfq.cloudfront.net\/2025\/06\/03203428\/logo_concursos-1.jpg","width":230,"height":60,"caption":"Estrat\u00e9gia Concursos"},"image":{"@id":"https:\/\/www.estrategiaconcursos.com.br\/blog\/#\/schema\/logo\/image\/"},"sameAs":["https:\/\/x.com\/EstratConcursos"]},{"@type":"Person","@id":"https:\/\/www.estrategiaconcursos.com.br\/blog\/#\/schema\/person\/6f1394c8fffbe6cfa67201ece56aed6e","name":"Guilherme Neves","image":{"@type":"ImageObject","inLanguage":"pt-BR","@id":"https:\/\/secure.gravatar.com\/avatar\/c6e634c175758bc81974a6dbecf7f3de844f8c8435193c5549709cbb19dd8cab?s=96&d=mm&r=g","url":"https:\/\/secure.gravatar.com\/avatar\/c6e634c175758bc81974a6dbecf7f3de844f8c8435193c5549709cbb19dd8cab?s=96&d=mm&r=g","contentUrl":"https:\/\/secure.gravatar.com\/avatar\/c6e634c175758bc81974a6dbecf7f3de844f8c8435193c5549709cbb19dd8cab?s=96&d=mm&r=g","caption":"Guilherme Neves"},"url":"https:\/\/www.estrategiaconcursos.com.br\/blog\/author\/guilhermenevesestrategiaconcursos-com-br\/"}]}},"_links":{"self":[{"href":"https:\/\/www.estrategiaconcursos.com.br\/blog\/wp-json\/wp\/v2\/posts\/149149","targetHints":{"allow":["GET"]}}],"collection":[{"href":"https:\/\/www.estrategiaconcursos.com.br\/blog\/wp-json\/wp\/v2\/posts"}],"about":[{"href":"https:\/\/www.estrategiaconcursos.com.br\/blog\/wp-json\/wp\/v2\/types\/post"}],"author":[{"embeddable":true,"href":"https:\/\/www.estrategiaconcursos.com.br\/blog\/wp-json\/wp\/v2\/users\/739"}],"replies":[{"embeddable":true,"href":"https:\/\/www.estrategiaconcursos.com.br\/blog\/wp-json\/wp\/v2\/comments?post=149149"}],"version-history":[{"count":2,"href":"https:\/\/www.estrategiaconcursos.com.br\/blog\/wp-json\/wp\/v2\/posts\/149149\/revisions"}],"predecessor-version":[{"id":570978,"href":"https:\/\/www.estrategiaconcursos.com.br\/blog\/wp-json\/wp\/v2\/posts\/149149\/revisions\/570978"}],"wp:attachment":[{"href":"https:\/\/www.estrategiaconcursos.com.br\/blog\/wp-json\/wp\/v2\/media?parent=149149"}],"wp:term":[{"taxonomy":"category","embeddable":true,"href":"https:\/\/www.estrategiaconcursos.com.br\/blog\/wp-json\/wp\/v2\/categories?post=149149"},{"taxonomy":"post_tag","embeddable":true,"href":"https:\/\/www.estrategiaconcursos.com.br\/blog\/wp-json\/wp\/v2\/tags?post=149149"},{"taxonomy":"tax_estado","embeddable":true,"href":"https:\/\/www.estrategiaconcursos.com.br\/blog\/wp-json\/wp\/v2\/tax_estado?post=149149"}],"curies":[{"name":"wp","href":"https:\/\/api.w.org\/{rel}","templated":true}]}}