{"id":149068,"date":"2025-09-05T11:27:49","date_gmt":"2025-09-05T14:27:49","guid":{"rendered":"https:\/\/www.estrategiaconcursos.com.br\/blog\/?p=149068"},"modified":"2025-09-10T10:32:32","modified_gmt":"2025-09-10T13:32:32","slug":"concurso-iss-rj","status":"publish","type":"post","link":"https:\/\/www.estrategiaconcursos.com.br\/blog\/concurso-iss-rj\/","title":{"rendered":"Concurso ISS RJ tem validade prorrogada at\u00e9 2027!"},"content":{"rendered":"\n<p>O <strong>concurso ISS RJ<\/strong> (<a href=\"https:\/\/www.estrategiaconcursos.com.br\/cursosPorConcurso\/iss-rio-de-janeiro-363\/\" target=\"_blank\" rel=\"noreferrer noopener\">Secretaria Municipal de Fazenda e Planejamento<\/a>), especificamente para o cargo de <strong>Fiscal<\/strong> <strong>de Rendas<\/strong>, teve sua validade prorrogada por dois anos, seguindo vigente at\u00e9 29 de novembro de 2027.<\/p>\n\n\n\n<p>Ao fim desse prazo, n\u00e3o ser\u00e1 poss\u00edvel outra prorroga\u00e7\u00e3o, sendo necess\u00e1ria a realiza\u00e7\u00e3o de novo concurso para mais contrata\u00e7\u00f5es.<\/p>\n\n\n\n<figure class=\"wp-block-image aligncenter size-full is-resized\"><img loading=\"lazy\" decoding=\"async\" width=\"845\" height=\"294\" src=\"https:\/\/dhg1h5j42swfq.cloudfront.net\/2025\/07\/10102049\/image-20250910-122823.png\" alt=\"\" class=\"wp-image-1636483\" style=\"width:655px;height:auto\" srcset=\"https:\/\/dhg1h5j42swfq.cloudfront.net\/2025\/07\/10102049\/image-20250910-122823.png 845w, https:\/\/dhg1h5j42swfq.cloudfront.net\/2025\/07\/10102049\/image-20250910-122823-300x104.png 300w, https:\/\/dhg1h5j42swfq.cloudfront.net\/2025\/07\/10102049\/image-20250910-122823-768x267.png 768w, https:\/\/dhg1h5j42swfq.cloudfront.net\/2025\/07\/10102049\/image-20250910-122823-150x52.png 150w\" sizes=\"auto, (max-width: 845px) 100vw, 845px\" \/><\/figure>\n\n\n\n<p>Para o cargo de <strong>Analista de Planejamento e Or\u00e7amento<\/strong>, ainda <span style=\"text-decoration: underline;\">h\u00e3o houve prorroga\u00e7\u00e3o<\/span>, sendo que o concurso segue vigente at\u00e9 <strong>at\u00e9 29 de novembro de 2025<\/strong>.<\/p>\n\n\n\n<p>At\u00e9 o momento, descontando as nomea\u00e7\u00f5es tornadas sem efeito, j\u00e1 foram <strong>44 <\/strong><strong>candidatos<\/strong> <strong>convocados<\/strong>, sendo <strong>25 <\/strong>para a fun\u00e7\u00e3o de Fiscal e <strong>19 <\/strong>para Analista. Acompanhe:<\/p>\n\n\n\n<ul class=\"wp-block-list\">\n<li><strong><a href=\"https:\/\/www.rio.rj.gov.br\/web\/portaldeconcursos\/exibeconteudo?id=15367735\" target=\"_blank\" rel=\"noreferrer noopener\">Provimentos &#8211; Fiscal<\/a><\/strong><\/li>\n\n\n\n<li><strong><a href=\"https:\/\/www.rio.rj.gov.br\/web\/portaldeconcursos\/exibeconteudo?id=15339322\" target=\"_blank\" rel=\"noreferrer noopener\"><strong>Provimentos<\/strong> &#8211; APO<\/a><\/strong><\/li>\n<\/ul>\n\n\n\n<p>Vale lembrar que foram publicados dois editais distintos. Um deles ofertou <strong>18 vagas<\/strong> para <strong>Analista de Planejamento e Or\u00e7amento<\/strong>, disputadas por 7.169 inscritos.<\/p>\n\n\n\n<p>O segundo ofertou<strong> 50 vagas imediatas mais 150 em cadastro reserva<\/strong> para <strong>Fiscal de Rendas<\/strong>. O cargo registou 11.893 inscri\u00e7\u00f5es.<\/p>\n\n\n\n<ul class=\"wp-block-list has-very-light-gray-to-cyan-bluish-gray-gradient-background has-background\">\n<li><strong>ISS RJ &#8211; <\/strong><strong>Analista de Planejamento e Or\u00e7amento<\/strong><\/li>\n\n\n\n<li><strong style=\"color: initial;\">Status:\u00a0<\/strong>prorrogado at\u00e9 11\/2027<\/li>\n\n\n\n<li><strong>Banca:<\/strong>&nbsp;<a href=\"https:\/\/conhecimento.fgv.br\/concursos\/smfrj-apo\" target=\"_blank\" rel=\"noreferrer noopener\">FGV<\/a><\/li>\n\n\n\n<li><strong>Vagas:<\/strong> 18<\/li>\n\n\n\n<li><strong>Sal\u00e1rio:<\/strong>&nbsp;R$ 12.542,03 <\/li>\n\n\n\n<li><strong>Edital: <\/strong><a href=\"https:\/\/dhg1h5j42swfq.cloudfront.net\/2024\/08\/26163941\/edital-smfp_apo-12-06-retificado-02.pdf\" target=\"_blank\" rel=\"noreferrer noopener nofollow\">ISS RJ Analista 2023<\/a><\/li>\n<\/ul>\n\n\n\n<ul class=\"wp-block-list has-very-light-gray-to-cyan-bluish-gray-gradient-background has-background\">\n<li><strong><\/strong><strong>ISS RJ &#8211; <\/strong><strong><\/strong><strong>Fiscal de Rendas<\/strong><\/li>\n\n\n\n<li><strong style=\"color: initial;\">Status:&nbsp;<\/strong>vigente at\u00e9 11\/2025<\/li>\n\n\n\n<li><strong>Banca:<\/strong>&nbsp;<a href=\"https:\/\/conhecimento.fgv.br\/concursos\/smfrj-fr\" target=\"_blank\" rel=\"noreferrer noopener\">FGV<\/a><\/li>\n\n\n\n<li><strong>Vagas:<\/strong> 50 + 150 CR<\/li>\n\n\n\n<li><strong>Sal\u00e1rio:<\/strong>&nbsp;R$ 26.068,43<\/li>\n\n\n\n<li><strong>Edital: <\/strong><a href=\"https:\/\/dhg1h5j42swfq.cloudfront.net\/2024\/08\/26163945\/edital-smfp_fiscal-de-rendas_retificado-02.pdf\" target=\"_blank\" rel=\"noreferrer noopener nofollow\">ISS RJ Fiscal 2023<\/a><\/li>\n<\/ul>\n\n\n\n<ul id=\"indice\" class=\"wp-block-list\">\n<li><a href=\"#cargo\"><strong>Distribui\u00e7\u00e3o das vagas<\/strong><\/a> <\/li>\n\n\n\n<li><strong><a href=\"#etapas\">Etapa de prova &#8211; Analista<\/a><\/strong><\/li>\n\n\n\n<li><a href=\"#provas-fiscal\"><strong>Etapas de provas &#8211; Fiscal<\/strong><\/a><\/li>\n\n\n\n<li><a href=\"#carreira\"><strong>Carreira<\/strong><\/a> \n\n\n\n\n\n\n\n\n\n\n\n\n\n\n\n\n\n\n\n\n\n\n\n\n\n\n\n\n\n\n\n\n\n\n\n\n\n\n\n\n\n\n\n\n\n\n\n\n\n\n\n\n\n\n\n\n\n\n\n\n\n\n\n\n\n\n\n\n\n\n\n\n\n\n\n\n\n\n\n\n\n\n\n\n\n\n\n\n\n\n\n\n\n\n\n\n\n\n\n\n<ul class=\"wp-block-list\">\n<li><a href=\"#remuneracao\">Remunera\u00e7\u00e3o<\/a><\/li>\n\n\n\n<li><a href=\"#requisitos\">Requisitos<\/a><\/li>\n\n\n\n<li><a href=\"#atribuicoes\">Atribui\u00e7\u00f5es<\/a><\/li>\n<\/ul>\n<\/li>\n\n\n\n<li><a href=\"#assinatura-e-cursos\"><strong>Assinatura e cursos<\/strong><\/a><\/li>\n\n\n\n<li><a href=\"#ficha-tecnica\"><strong>Ficha t\u00e9cnica<\/strong><\/a><\/li>\n<\/ul>\n\n\n\n<div class=\"container\" id=\"boxes\">\n  <div class=\"row\">\n\n    <div class=\"col-sm\">\n      <div class=\"banner-iss\" id=\"box-assinatura\">\n        <h2 class=\"titulo-assinatura\">Cursos Concurso ISS RJ<\/h2>\n        <p class=\"subtitulo-assinatura\">Conhe\u00e7a os cursos para ISS RJ<\/p>\n        <div class=\"box-botao\">\n          <a class=\"btn-assinatura\" target=\"_blank\" href=\"https:\/\/www.estrategiaconcursos.com.br\/cursosPorConcurso\/iss-rio-de-janeiro-363\/\" role=\"button\" rel=\"noopener noreferrer\">Conhe\u00e7a mais<\/a>\n        <\/div>\n      <\/div>\n      \n    <\/div>\n\n  <\/div>\n<\/div>\n\n\n\n<h2 class=\"wp-block-heading\" id=\"cargo\">Concurso ISS RJ: distribui\u00e7\u00e3o das vagas<\/h2>\n\n\n\n<figure class=\"wp-block-table is-style-stripes\"><table><thead><tr><th class=\"has-text-align-center\" data-align=\"center\">Cargo<\/th><th class=\"has-text-align-center\" data-align=\"center\">Vagas<\/th><th class=\"has-text-align-center\" data-align=\"center\">Inscritos<\/th><th class=\"has-text-align-center\" data-align=\"center\">Sal\u00e1rio<\/th><\/tr><\/thead><tbody><tr><td class=\"has-text-align-center\" data-align=\"center\">Analista de Planejamento e Or\u00e7amento<\/td><td class=\"has-text-align-center\" data-align=\"center\">18<\/td><td class=\"has-text-align-center\" data-align=\"center\">7.169<\/td><td class=\"has-text-align-center\" data-align=\"center\">R$ 12.542,03 <\/td><\/tr><tr><td class=\"has-text-align-center\" data-align=\"center\">Fiscal de Rendas<\/td><td class=\"has-text-align-center\" data-align=\"center\">50 + 150 CR<\/td><td class=\"has-text-align-center\" data-align=\"center\">11.893<\/td><td class=\"has-text-align-center\" data-align=\"center\">R$ 26.068,43<\/td><\/tr><\/tbody><\/table><figcaption class=\"wp-element-caption\">Quadro de vagas, sal\u00e1rios e inscritos<\/figcaption><\/figure>\n\n\n\n<h2 class=\"wp-block-heading\" id=\"etapas\">Concurso ISS RJ: etapas de provas para Analista <\/h2>\n\n\n\n<p>A<strong> prova objetiva<\/strong> de m\u00faltipla escolha do concurso ISS RJ, de car\u00e1ter eliminat\u00f3rio e classificat\u00f3rio, foi realizada no munic\u00edpio do Rio de Janeiro.<\/p>\n\n\n\n<p>Esta etapa foi composta por <strong>130 quest\u00f5es<\/strong> de m\u00faltipla escolha. As quest\u00f5es foram numeradas sequencialmente, contendo cinco alternativas cada e apenas uma resposta correta.<\/p>\n\n\n\n<figure class=\"wp-block-table is-style-stripes\"><table><thead><tr><th class=\"has-text-align-center\" data-align=\"center\">Disciplinas P1<\/th><th class=\"has-text-align-center\" data-align=\"center\">N\u00ba de quest\u00f5es<\/th><th class=\"has-text-align-center\" data-align=\"center\">Peso<\/th><\/tr><\/thead><tbody><tr><td class=\"has-text-align-center\" data-align=\"center\">L\u00edngua Portuguesa<\/td><td class=\"has-text-align-center\" data-align=\"center\">15<\/td><td class=\"has-text-align-center\" data-align=\"center\">2<\/td><\/tr><tr><td class=\"has-text-align-center\" data-align=\"center\">Direito P\u00fablico (Administrativo e Constitucional)<\/td><td class=\"has-text-align-center\" data-align=\"center\">20<\/td><td class=\"has-text-align-center\" data-align=\"center\">2<\/td><\/tr><tr><td class=\"has-text-align-center\" data-align=\"center\">Contabilidade Geral e Societ\u00e1ria<\/td><td class=\"has-text-align-center\" data-align=\"center\">10<\/td><td class=\"has-text-align-center\" data-align=\"center\">1<\/td><\/tr><tr><td class=\"has-text-align-center\" data-align=\"center\">Economia<\/td><td class=\"has-text-align-center\" data-align=\"center\">10<\/td><td class=\"has-text-align-center\" data-align=\"center\">1<\/td><\/tr><tr><td class=\"has-text-align-center\" data-align=\"center\">Racioc\u00ednio L\u00f3gico-Quantitativo<\/td><td class=\"has-text-align-center\" data-align=\"center\">10<\/td><td class=\"has-text-align-center\" data-align=\"center\">1<\/td><\/tr><\/tbody><\/table><figcaption class=\"wp-element-caption\">Quadro de disciplinas e peso das quest\u00f5es para Analista na P1<\/figcaption><\/figure>\n\n\n\n<figure class=\"wp-block-table is-style-stripes\"><table><thead><tr><th class=\"has-text-align-center\" data-align=\"center\">Disciplinas P2<\/th><th class=\"has-text-align-center\" data-align=\"center\">N\u00ba de quest\u00f5es<\/th><th class=\"has-text-align-center\" data-align=\"center\">Peso<\/th><\/tr><\/thead><tbody><tr><td class=\"has-text-align-center\" data-align=\"center\">Contabilidade Aplicada ao Setor P\u00fablico<\/td><td class=\"has-text-align-center\" data-align=\"center\">10<\/td><td class=\"has-text-align-center\" data-align=\"center\">2<\/td><\/tr><tr><td class=\"has-text-align-center\" data-align=\"center\">Finan\u00e7as P\u00fablicas<\/td><td class=\"has-text-align-center\" data-align=\"center\">10<\/td><td class=\"has-text-align-center\" data-align=\"center\">2<\/td><\/tr><tr><td class=\"has-text-align-center\" data-align=\"center\">Planejamento e Or\u00e7amento<\/td><td class=\"has-text-align-center\" data-align=\"center\">25<\/td><td class=\"has-text-align-center\" data-align=\"center\">2<\/td><\/tr><tr><td class=\"has-text-align-center\" data-align=\"center\">Matem\u00e1tica Financeira<\/td><td class=\"has-text-align-center\" data-align=\"center\">10<\/td><td class=\"has-text-align-center\" data-align=\"center\">1<\/td><\/tr><tr><td class=\"has-text-align-center\" data-align=\"center\">Direito Financeiro<\/td><td class=\"has-text-align-center\" data-align=\"center\">10<\/td><td class=\"has-text-align-center\" data-align=\"center\">2<\/td><\/tr><\/tbody><\/table><figcaption class=\"wp-element-caption\">Quadro de disciplinas e peso das quest\u00f5es para Analista na P2<\/figcaption><\/figure>\n\n\n\n<p>Foi considerado <strong>aprovado <\/strong>o candidato que:<\/p>\n\n\n\n<ul class=\"wp-block-list\">\n<li>N\u00e3o obtivesse nota igual a 0 em nenhuma das disciplinas; e<\/li>\n\n\n\n<li>Obtivesse, no m\u00ednimo, 50% da pontua\u00e7\u00e3o total de cada prova, ou seja, 50 pontos na P1 e 60 pontos na P2.<\/li>\n<\/ul>\n\n\n\n<h2 class=\"wp-block-heading\" id=\"provas-fiscal\">Concurso ISS RJ: etapas de provas para Fiscal<\/h2>\n\n\n\n<p>Ap\u00f3s retifica\u00e7\u00e3o excluindo a Prova de T\u00edtulos, a sele\u00e7\u00e3o dos candidatos inscritos no edital ISS RJ Fiscal se deu, apenas, mediante aplica\u00e7\u00e3o de uma<strong> Prova objetiva<\/strong> (eliminat\u00f3ria e classificat\u00f3ria).<\/p>\n\n\n\n<p>A Prova Objetiva de m\u00faltipla escolha (cinco alternativas) foi realizada no dia 03 de setembro, composta por <strong>160 quest\u00f5es<\/strong> distribu\u00eddas em duas provas (P1 e P2). <\/p>\n\n\n\n<figure class=\"wp-block-table is-style-stripes\"><table><thead><tr><th class=\"has-text-align-center\" data-align=\"center\">Disciplinas P1<\/th><th class=\"has-text-align-center\" data-align=\"center\">N\u00ba de quest\u00f5es<\/th><th class=\"has-text-align-center\" data-align=\"center\">Peso<\/th><\/tr><\/thead><tbody><tr><td class=\"has-text-align-center\" data-align=\"center\">L\u00edngua Portuguesa<\/td><td class=\"has-text-align-center\" data-align=\"center\">20<\/td><td class=\"has-text-align-center\" data-align=\"center\">2<\/td><\/tr><tr><td class=\"has-text-align-center\" data-align=\"center\">Matem\u00e1tica, Racioc\u00ednio L\u00f3gico Matem\u00e1tico, Estat\u00edstica e Matem\u00e1tica Financeira<\/td><td class=\"has-text-align-center\" data-align=\"center\">10<\/td><td class=\"has-text-align-center\" data-align=\"center\">2<\/td><\/tr><tr><td class=\"has-text-align-center\" data-align=\"center\">Economia e Finan\u00e7as P\u00fablicas<\/td><td class=\"has-text-align-center\" data-align=\"center\">10<\/td><td class=\"has-text-align-center\" data-align=\"center\">1<\/td><\/tr><tr><td class=\"has-text-align-center\" data-align=\"center\">Direito Administrativo<\/td><td class=\"has-text-align-center\" data-align=\"center\">10<\/td><td class=\"has-text-align-center\" data-align=\"center\">1<\/td><\/tr><tr><td class=\"has-text-align-center\" data-align=\"center\">Direito Civil e Empresarial<\/td><td class=\"has-text-align-center\" data-align=\"center\">10<\/td><td class=\"has-text-align-center\" data-align=\"center\">1<\/td><\/tr><tr><td class=\"has-text-align-center\" data-align=\"center\">Tecnologia da Informa\u00e7\u00e3o<\/td><td class=\"has-text-align-center\" data-align=\"center\">10<\/td><td class=\"has-text-align-center\" data-align=\"center\">1<\/td><\/tr><tr><td class=\"has-text-align-center\" data-align=\"center\">Contabilidade Geral<\/td><td class=\"has-text-align-center\" data-align=\"center\">10<\/td><td class=\"has-text-align-center\" data-align=\"center\">2<\/td><\/tr><\/tbody><\/table><figcaption class=\"wp-element-caption\">Quadro de disciplinas e peso das quest\u00f5es na P1 para Fiscal<\/figcaption><\/figure>\n\n\n\n<figure class=\"wp-block-table is-style-stripes\"><table><thead><tr><th class=\"has-text-align-center\" data-align=\"center\">Disciplinas P2<\/th><th class=\"has-text-align-center\" data-align=\"center\">N\u00ba de quest\u00f5es<\/th><th class=\"has-text-align-center\" data-align=\"center\">Peso<\/th><\/tr><\/thead><tbody><tr><td class=\"has-text-align-center\" data-align=\"center\">Direito Constitucional<\/td><td class=\"has-text-align-center\" data-align=\"center\">10<\/td><td class=\"has-text-align-center\" data-align=\"center\">2<\/td><\/tr><tr><td class=\"has-text-align-center\" data-align=\"center\">Direito Tribut\u00e1rio e Crimes Contra Ordem Tribut\u00e1ria<\/td><td class=\"has-text-align-center\" data-align=\"center\">20<\/td><td class=\"has-text-align-center\" data-align=\"center\">2<\/td><\/tr><tr><td class=\"has-text-align-center\" data-align=\"center\">Legisla\u00e7\u00e3o Espec\u00edfica<\/td><td class=\"has-text-align-center\" data-align=\"center\">20<\/td><td class=\"has-text-align-center\" data-align=\"center\">2<\/td><\/tr><tr><td class=\"has-text-align-center\" data-align=\"center\">Processo Administrativo-Tribut\u00e1rio<\/td><td class=\"has-text-align-center\" data-align=\"center\">10<\/td><td class=\"has-text-align-center\" data-align=\"center\">2<\/td><\/tr><tr><td class=\"has-text-align-center\" data-align=\"center\">Simples Nacional<\/td><td class=\"has-text-align-center\" data-align=\"center\">10<\/td><td class=\"has-text-align-center\" data-align=\"center\">2<\/td><\/tr><tr><td class=\"has-text-align-center\" data-align=\"center\">Auditoria Fiscal eletr\u00f4nica<\/td><td class=\"has-text-align-center\" data-align=\"center\">10<\/td><td class=\"has-text-align-center\" data-align=\"center\">2<\/td><\/tr><\/tbody><\/table><figcaption class=\"wp-element-caption\">Quadro de disciplinas e peso das quest\u00f5es na P2 para Fiscal<\/figcaption><\/figure>\n\n\n\n<p>Foi considerado aprovado o candidato que cumulativamente:<\/p>\n\n\n\n<ul class=\"wp-block-list\">\n<li>N\u00e3o obtivesse nota igual a 0 em nenhuma das disciplinas;<\/li>\n\n\n\n<li>Obtivesse, no m\u00ednimo, 50% da pontua\u00e7\u00e3o total de cada prova. Ou seja, 60 pontos na P1 e 80 pontos na P2.<\/li>\n<\/ul>\n\n\n\n<h2 class=\"wp-block-heading\" id=\"carreira\">Concurso ISS RJ: carreira<\/h2>\n\n\n\n<h3 class=\"wp-block-heading\" id=\"remuneracao\">Remunera\u00e7\u00f5es<\/h3>\n\n\n\n<p>O cargo de <strong>Fiscal de Rendas<\/strong> tem remunera\u00e7\u00e3o inicial de <strong>R$ 26.068,43<\/strong>, composto do vencimento b\u00e1sico de R$ 1.833,63, mais Gratifica\u00e7\u00e3o de Produtividade de Desempenho no valor de R$ 20.289,60 e ainda a Gratifica\u00e7\u00e3o Complementar de R$ 3.945,20.<\/p>\n\n\n\n<p>O cargo de <strong>Analista de Planejamento e Or\u00e7amento<\/strong> (APO) tem remunera\u00e7\u00e3o inicial de <strong>R$ 12.542,03<\/strong>, composto do vencimento b\u00e1sico de R$ 1.833,63, mais Gratifica\u00e7\u00e3o de Produtividade de Desempenho no valor de R$ 6.763,20 e ainda a Gratifica\u00e7\u00e3o Complementar de R$ 3.945,20.<\/p>\n\n\n\n<h3 class=\"wp-block-heading\" id=\"requisitos\">Requisitos dos cargos<\/h3>\n\n\n\n<p>Para ambos os cargos, \u00e9 requisitado diploma de <strong>conclus\u00e3o de curso de n\u00edvel superior em qualquer \u00e1rea de forma\u00e7\u00e3o<\/strong>, devidamente registrado e fornecido por institui\u00e7\u00e3o de ensino superior reconhecida pelo Minist\u00e9rio da Educa\u00e7\u00e3o (MEC).<\/p>\n\n\n\n<h3 class=\"wp-block-heading\" id=\"atribuicoes\">Atribui\u00e7\u00f5es dos cargos<\/h3>\n\n\n\n<h4 class=\"wp-block-heading\">Analista de planejamento e or\u00e7amento<\/h4>\n\n\n\n<ul class=\"wp-block-list\">\n<li>Participar da elabora\u00e7\u00e3o da lei de Diretrizes Or\u00e7ament\u00e1rias, compatibilizando metas e objetivos das a\u00e7\u00f5es propostas pelos \u00d3rg\u00e3os e Entidades da Administra\u00e7\u00e3o Direta, Indireta e Fundacional;<\/li>\n\n\n\n<li>Participar da elabora\u00e7\u00e3o da Proposta Or\u00e7ament\u00e1ria Anual e do Or\u00e7amento Plurianual, a serem encaminhados \u00e0 C\u00e2mara dos Vereadores, compatibilizando as receitas estimadas \u00e0s despesas necess\u00e1rias ao desenvolvimento das atividades e projetos propostos pelos diversos \u00d3rg\u00e3os e Entidades da Administra\u00e7\u00e3o Direta, Indireta e Fundacional;<\/li>\n\n\n\n<li>Analisar a programa\u00e7\u00e3o e acompanhar a execu\u00e7\u00e3o das despesas dos \u00d3rg\u00e3os da Administra\u00e7\u00e3o Direta, Indireta e Fundacional, com vistas \u00e0 emiss\u00e3o de pareceres sobre mat\u00e9ria or\u00e7ament\u00e1ria&#8230;<\/li>\n<\/ul>\n\n\n\n<h4 class=\"wp-block-heading\" id=\"fiscal-de-rendas\">Fiscal de Rendas<\/h4>\n\n\n\n<ul class=\"wp-block-list\">\n<li>Fiscalizar tributos municipais junto a estabelecimentos comerciais, prestadores de servi\u00e7o e demais entidades, bem como verificar a regularidade das escritas em livros e registros fiscais institu\u00eddos pela legisla\u00e7\u00e3o espec\u00edfica; <\/li>\n\n\n\n<li>Lavrar autos de infra\u00e7\u00e3o e apreens\u00e3o bem como termos de exame de escrita, fian\u00e7a, responsabilidade, intima\u00e7\u00e3o e documentos correlatos; <\/li>\n\n\n\n<li>Elaborar planos de fiscaliza\u00e7\u00e3o objetivando a racionaliza\u00e7\u00e3o dos trabalhos nos \u00f3rg\u00e3os, coligindo, examinando e preparando elementos necess\u00e1rios \u00e0 execu\u00e7\u00e3o da fiscaliza\u00e7\u00e3o externa; <\/li>\n\n\n\n<li>Fornecer elementos para o aperfei\u00e7oamento de manuais de fiscaliza\u00e7\u00e3o, identificando rotinas e procedimentos;<\/li>\n\n\n\n<li>Efetuar per\u00edcias cont\u00e1bil-fiscais especializadas, realizando as dilig\u00eancias necess\u00e1rias&#8230;<\/li>\n<\/ul>\n\n\n\n<hr class=\"wp-block-separator has-css-opacity\"\/>\n\n\n\n<h2 class=\"wp-block-heading has-text-align-center\" id=\"assinatura-e-cursos\"><em>Assinatura e cursos para o concurso ISS RJ<\/em><\/h2>\n\n\n\n<div class=\"container\" id=\"boxes\">\n  <div class=\"row\">\n\n    <div class=\"col-sm\">\n      <div class=\"banner-iss\" id=\"box-assinatura\">\n        <h2 class=\"titulo-assinatura\">Cursos Concurso ISS RJ<\/h2>\n        <p class=\"subtitulo-assinatura\">Conhe\u00e7a os cursos para ISS RJ<\/p>\n        <div class=\"box-botao\">\n          <a class=\"btn-assinatura\" target=\"_blank\" href=\"https:\/\/www.estrategiaconcursos.com.br\/cursosPorConcurso\/iss-rio-de-janeiro-363\/\" role=\"button\" rel=\"noopener noreferrer\">INICIAR PREPARA\u00c7\u00c3O<\/a>\n        <\/div>\n      <\/div>\n      \n    <\/div>\n\n  <\/div>\n<\/div>\n\n\n\n<div class=\"container\" id=\"boxes\">\n  <div class=\"row\">\n\n    <div class=\"col-sm\">\n      <div class=\"estrategia\" id=\"box-assinatura\">\n        <h3 class=\"titulo-assinatura\">Assinatura Concursos<\/h3>\n        <p class=\"subtitulo-assinatura\">Assinatura de 1 ano ou 2 anos<\/p>\n        <div class=\"box-botao\">\n          <a class=\"btn-assinatura\" target=\"_blank\" href=\"https:\/\/www.estrategiaconcursos.com.br\/assinaturas\/\" role=\"button\" rel=\"noopener noreferrer\">ASSINE AGORA<\/a>\n        <\/div>\n      <\/div><\/div><\/div><\/div>\n\n\n\n<h2 class=\"wp-block-heading has-text-align-center\" id=\"h-quer-saber-tudo-sobre-concursos-previstos-confira-nossos-artigos\">Quer saber tudo sobre concursos previstos?<br \/>Confira nossos artigos!<\/h2>\n\n\n\n<ul class=\"wp-block-list\">\n<li><a href=\"https:\/\/www.estrategiaconcursos.com.br\/blog\/concursos-abertos\/\" target=\"_blank\" rel=\"noreferrer noopener\">Concursos Abertos<\/a><\/li>\n\n\n\n<li><a href=\"https:\/\/www.estrategiaconcursos.com.br\/blog\/concursos-iss\/\" target=\"_blank\" rel=\"noreferrer noopener\">Concursos ISS<\/a><\/li>\n\n\n\n<li><a href=\"https:\/\/www.estrategiaconcursos.com.br\/blog\/concursos-2025\/\" target=\"_blank\" rel=\"noreferrer noopener\">Concursos 2025<\/a><\/li>\n\n\n\n<li><a href=\"https:\/\/www.estrategiaconcursos.com.br\/blog\/concursos-2026\/\" target=\"_blank\" rel=\"noreferrer noopener\">Concursos 2026<\/a><\/li>\n<\/ul>\n\n\n\n<figure class=\"wp-block-image size-large is-resized\"><img loading=\"lazy\" decoding=\"async\" width=\"1024\" height=\"632\" src=\"https:\/\/dhg1h5j42swfq.cloudfront.net\/2021\/04\/29103905\/ficha-tecnica-184-1024x632.png\" alt=\"Ficha t\u00e9cnica concurso iss rj\" class=\"wp-image-726529\" style=\"width:284px;height:175px\" srcset=\"https:\/\/dhg1h5j42swfq.cloudfront.net\/2021\/04\/29103905\/ficha-tecnica-184-1024x632.png 1024w, https:\/\/dhg1h5j42swfq.cloudfront.net\/2021\/04\/29103905\/ficha-tecnica-184-300x185.png 300w, https:\/\/dhg1h5j42swfq.cloudfront.net\/2021\/04\/29103905\/ficha-tecnica-184-768x474.png 768w, https:\/\/dhg1h5j42swfq.cloudfront.net\/2021\/04\/29103905\/ficha-tecnica-184-1536x948.png 1536w, https:\/\/dhg1h5j42swfq.cloudfront.net\/2021\/04\/29103905\/ficha-tecnica-184-610x377.png 610w, https:\/\/dhg1h5j42swfq.cloudfront.net\/2021\/04\/29103905\/ficha-tecnica-184.png 1571w\" sizes=\"auto, (max-width: 1024px) 100vw, 1024px\" \/><\/figure>\n\n\n\n<h3 class=\"wp-block-heading\" id=\"ficha\">Informa\u00e7\u00f5es do \u00faltimo concurso ISS RJ<\/h3>\n\n\n\n<p><strong><em><span style=\"text-decoration: underline;\">Analista<\/span><\/em><\/strong><\/p>\n\n\n\n<ul class=\"wp-block-list\">\n<li><strong>Ano: <\/strong>2023<\/li>\n\n\n\n<li><strong>Vagas<\/strong>: 18<\/li>\n\n\n\n<li><strong>Cargos<\/strong>: Analista de Planejamento e Or\u00e7amento (APO)<\/li>\n\n\n\n<li><strong>Banca<\/strong>: FGV<\/li>\n\n\n\n<li><strong>Escolaridade<\/strong>: N\u00edvel superior<\/li>\n\n\n\n<li><strong>Edital<\/strong>:&nbsp;<a href=\"https:\/\/dhg1h5j42swfq.cloudfront.net\/2024\/08\/26163941\/edital-smfp_apo-12-06-retificado-02.pdf\" target=\"_blank\" rel=\"noreferrer noopener nofollow\">ISS RJ Analista&nbsp;2023<\/a><\/li>\n<\/ul>\n\n\n\n<p><strong><em><span style=\"text-decoration: underline;\">Fiscal de Rendas<\/span><\/em><\/strong><\/p>\n\n\n\n<ul class=\"wp-block-list\">\n<li><strong>Ano: <\/strong>2023<\/li>\n\n\n\n<li><strong>Vagas<\/strong>: 50 + 150 CR<\/li>\n\n\n\n<li><strong>Cargos<\/strong>: Fiscal de Rendas<\/li>\n\n\n\n<li><strong>Banca<\/strong>: FGV<\/li>\n\n\n\n<li><strong>Escolaridade<\/strong>: N\u00edvel superior<\/li>\n\n\n\n<li><strong>Edital:<\/strong> <a href=\"https:\/\/dhg1h5j42swfq.cloudfront.net\/2024\/08\/26163945\/edital-smfp_fiscal-de-rendas_retificado-02.pdf\" target=\"_blank\" rel=\"noreferrer noopener nofollow\">ISS RJ Fiscal 2023<\/a> <\/li>\n<\/ul>\n","protected":false},"excerpt":{"rendered":"<p>O concurso ISS RJ (Secretaria Municipal de Fazenda e Planejamento), especificamente para o cargo de Fiscal de Rendas, teve sua validade prorrogada por dois anos, seguindo vigente at\u00e9 29 de novembro de 2027. Ao fim desse prazo, n\u00e3o ser\u00e1 poss\u00edvel outra prorroga\u00e7\u00e3o, sendo necess\u00e1ria a realiza\u00e7\u00e3o de novo concurso para mais contrata\u00e7\u00f5es. Para o cargo [&hellip;]<\/p>\n","protected":false},"author":1,"featured_media":729647,"comment_status":"open","ping_status":"closed","sticky":false,"template":"","format":"standard","meta":{"post_tipo":"news_page","footnotes":""},"categories":[220183],"tags":[],"tax_estado":[219982],"class_list":["post-149068","post","type-post","status-publish","format-standard","has-post-thumbnail","hentry","category-fiscal-municipal","tax_estado-rj"],"acf":[],"yoast_head":"<!-- This site is optimized with the Yoast SEO Premium plugin v27.2 (Yoast SEO v27.2) - https:\/\/yoast.com\/product\/yoast-seo-premium-wordpress\/ -->\n<title>Concurso ISS RJ tem validade prorrogada at\u00e9 2027!<\/title>\n<meta name=\"description\" content=\"Concurso ISS RJ: edital ofertaram vagas para dois cargos e iniciais acima de R$ 26 mil. mais de 40 aprovados j\u00e1 foram convocados!\" \/>\n<meta name=\"robots\" content=\"index, follow, max-snippet:-1, max-image-preview:large, max-video-preview:-1\" \/>\n<link rel=\"canonical\" href=\"https:\/\/www.estrategiaconcursos.com.br\/blog\/concurso-iss-rj\/\" \/>\n<meta property=\"og:locale\" content=\"pt_BR\" \/>\n<meta property=\"og:type\" content=\"article\" \/>\n<meta property=\"og:title\" content=\"Concurso ISS RJ tem validade prorrogada at\u00e9 2027!\" \/>\n<meta property=\"og:description\" content=\"Concurso ISS RJ: edital ofertaram vagas para dois cargos e iniciais acima de R$ 26 mil. mais de 40 aprovados j\u00e1 foram convocados!\" \/>\n<meta property=\"og:url\" content=\"https:\/\/www.estrategiaconcursos.com.br\/blog\/concurso-iss-rj\/\" \/>\n<meta property=\"og:site_name\" content=\"Estrat\u00e9gia Concursos\" \/>\n<meta property=\"article:author\" content=\"https:\/\/www.facebook.com\/EstrategiaConcursos\" \/>\n<meta property=\"article:published_time\" content=\"2025-09-05T14:27:49+00:00\" \/>\n<meta property=\"article:modified_time\" content=\"2025-09-10T13:32:32+00:00\" \/>\n<meta property=\"og:image\" content=\"https:\/\/dhg1h5j42swfq.cloudfront.net\/2021\/05\/03111330\/iss-rj.jpg\" \/>\n\t<meta property=\"og:image:width\" content=\"768\" \/>\n\t<meta property=\"og:image:height\" content=\"432\" \/>\n\t<meta property=\"og:image:type\" content=\"image\/jpeg\" \/>\n<meta name=\"author\" content=\"Coordena\u00e7\u00e3o\" \/>\n<meta name=\"twitter:card\" content=\"summary_large_image\" \/>\n<meta name=\"twitter:creator\" content=\"@EstratConcursos\" \/>\n<meta name=\"twitter:site\" content=\"@EstratConcursos\" \/>\n<meta name=\"twitter:label1\" content=\"Escrito por\" \/>\n\t<meta name=\"twitter:data1\" content=\"Coordena\u00e7\u00e3o\" \/>\n\t<meta name=\"twitter:label2\" content=\"Est. tempo de leitura\" \/>\n\t<meta name=\"twitter:data2\" content=\"9 minutos\" \/>\n<script type=\"application\/ld+json\" class=\"yoast-schema-graph\">{\"@context\":\"https:\/\/schema.org\",\"@graph\":[{\"@type\":\"NewsArticle\",\"@id\":\"https:\/\/www.estrategiaconcursos.com.br\/blog\/concurso-iss-rj\/#article\",\"isPartOf\":{\"@id\":\"https:\/\/www.estrategiaconcursos.com.br\/blog\/concurso-iss-rj\/\"},\"author\":{\"name\":\"Coordena\u00e7\u00e3o\",\"@id\":\"https:\/\/www.estrategiaconcursos.com.br\/blog\/#\/schema\/person\/b4a388c97673c5f483d72185668afa1f\"},\"headline\":\"Concurso ISS RJ tem validade prorrogada at\u00e9 2027!\",\"datePublished\":\"2025-09-05T14:27:49+00:00\",\"dateModified\":\"2025-09-10T13:32:32+00:00\",\"mainEntityOfPage\":{\"@id\":\"https:\/\/www.estrategiaconcursos.com.br\/blog\/concurso-iss-rj\/\"},\"wordCount\":1120,\"commentCount\":3,\"publisher\":{\"@id\":\"https:\/\/www.estrategiaconcursos.com.br\/blog\/#organization\"},\"image\":{\"@id\":\"https:\/\/www.estrategiaconcursos.com.br\/blog\/concurso-iss-rj\/#primaryimage\"},\"thumbnailUrl\":\"https:\/\/dhg1h5j42swfq.cloudfront.net\/2021\/05\/03111330\/iss-rj.jpg\",\"articleSection\":[\"Fiscal - Municipal (ISS)\"],\"inLanguage\":\"pt-BR\",\"potentialAction\":[{\"@type\":\"CommentAction\",\"name\":\"Comment\",\"target\":[\"https:\/\/www.estrategiaconcursos.com.br\/blog\/concurso-iss-rj\/#respond\"]}],\"copyrightYear\":\"2025\",\"copyrightHolder\":{\"@id\":\"https:\/\/www.estrategiaconcursos.com.br\/blog\/#organization\"}},{\"@type\":\"WebPage\",\"@id\":\"https:\/\/www.estrategiaconcursos.com.br\/blog\/concurso-iss-rj\/\",\"url\":\"https:\/\/www.estrategiaconcursos.com.br\/blog\/concurso-iss-rj\/\",\"name\":\"Concurso ISS RJ tem validade prorrogada at\u00e9 2027!\",\"isPartOf\":{\"@id\":\"https:\/\/www.estrategiaconcursos.com.br\/blog\/#website\"},\"primaryImageOfPage\":{\"@id\":\"https:\/\/www.estrategiaconcursos.com.br\/blog\/concurso-iss-rj\/#primaryimage\"},\"image\":{\"@id\":\"https:\/\/www.estrategiaconcursos.com.br\/blog\/concurso-iss-rj\/#primaryimage\"},\"thumbnailUrl\":\"https:\/\/dhg1h5j42swfq.cloudfront.net\/2021\/05\/03111330\/iss-rj.jpg\",\"datePublished\":\"2025-09-05T14:27:49+00:00\",\"dateModified\":\"2025-09-10T13:32:32+00:00\",\"description\":\"Concurso ISS RJ: edital ofertaram vagas para dois cargos e iniciais acima de R$ 26 mil. mais de 40 aprovados j\u00e1 foram convocados!\",\"breadcrumb\":{\"@id\":\"https:\/\/www.estrategiaconcursos.com.br\/blog\/concurso-iss-rj\/#breadcrumb\"},\"inLanguage\":\"pt-BR\",\"potentialAction\":[{\"@type\":\"ReadAction\",\"target\":[\"https:\/\/www.estrategiaconcursos.com.br\/blog\/concurso-iss-rj\/\"]}]},{\"@type\":\"ImageObject\",\"inLanguage\":\"pt-BR\",\"@id\":\"https:\/\/www.estrategiaconcursos.com.br\/blog\/concurso-iss-rj\/#primaryimage\",\"url\":\"https:\/\/dhg1h5j42swfq.cloudfront.net\/2021\/05\/03111330\/iss-rj.jpg\",\"contentUrl\":\"https:\/\/dhg1h5j42swfq.cloudfront.net\/2021\/05\/03111330\/iss-rj.jpg\",\"width\":768,\"height\":432,\"caption\":\"Concurso ISS RJ\"},{\"@type\":\"BreadcrumbList\",\"@id\":\"https:\/\/www.estrategiaconcursos.com.br\/blog\/concurso-iss-rj\/#breadcrumb\",\"itemListElement\":[{\"@type\":\"ListItem\",\"position\":1,\"name\":\"In\u00edcio\",\"item\":\"https:\/\/www.estrategiaconcursos.com.br\/blog\/\"},{\"@type\":\"ListItem\",\"position\":2,\"name\":\"Concurso ISS RJ tem validade prorrogada at\u00e9 2027!\"}]},{\"@type\":\"WebSite\",\"@id\":\"https:\/\/www.estrategiaconcursos.com.br\/blog\/#website\",\"url\":\"https:\/\/www.estrategiaconcursos.com.br\/blog\/\",\"name\":\"Estrat\u00e9gia Concursos\",\"description\":\"O blog da Estrat\u00e9gia Concursos traz not\u00edcias sobre concursos e artigos de professores oferecendo cursos para concursos (pdf + videaulas) no site.\",\"publisher\":{\"@id\":\"https:\/\/www.estrategiaconcursos.com.br\/blog\/#organization\"},\"potentialAction\":[{\"@type\":\"SearchAction\",\"target\":{\"@type\":\"EntryPoint\",\"urlTemplate\":\"https:\/\/www.estrategiaconcursos.com.br\/blog\/?s={search_term_string}\"},\"query-input\":{\"@type\":\"PropertyValueSpecification\",\"valueRequired\":true,\"valueName\":\"search_term_string\"}}],\"inLanguage\":\"pt-BR\"},{\"@type\":\"Organization\",\"@id\":\"https:\/\/www.estrategiaconcursos.com.br\/blog\/#organization\",\"name\":\"Estrat\u00e9gia Concursos\",\"url\":\"https:\/\/www.estrategiaconcursos.com.br\/blog\/\",\"logo\":{\"@type\":\"ImageObject\",\"inLanguage\":\"pt-BR\",\"@id\":\"https:\/\/www.estrategiaconcursos.com.br\/blog\/#\/schema\/logo\/image\/\",\"url\":\"https:\/\/dhg1h5j42swfq.cloudfront.net\/2025\/06\/03203428\/logo_concursos-1.jpg\",\"contentUrl\":\"https:\/\/dhg1h5j42swfq.cloudfront.net\/2025\/06\/03203428\/logo_concursos-1.jpg\",\"width\":230,\"height\":60,\"caption\":\"Estrat\u00e9gia Concursos\"},\"image\":{\"@id\":\"https:\/\/www.estrategiaconcursos.com.br\/blog\/#\/schema\/logo\/image\/\"},\"sameAs\":[\"https:\/\/x.com\/EstratConcursos\"]},{\"@type\":\"Person\",\"@id\":\"https:\/\/www.estrategiaconcursos.com.br\/blog\/#\/schema\/person\/b4a388c97673c5f483d72185668afa1f\",\"name\":\"Coordena\u00e7\u00e3o\",\"image\":{\"@type\":\"ImageObject\",\"inLanguage\":\"pt-BR\",\"@id\":\"https:\/\/secure.gravatar.com\/avatar\/b720319e4c9a967eb58678d110f4fe35452fc5d5f97b202bac7b8acceb18c6ad?s=96&d=mm&r=g\",\"url\":\"https:\/\/secure.gravatar.com\/avatar\/b720319e4c9a967eb58678d110f4fe35452fc5d5f97b202bac7b8acceb18c6ad?s=96&d=mm&r=g\",\"contentUrl\":\"https:\/\/secure.gravatar.com\/avatar\/b720319e4c9a967eb58678d110f4fe35452fc5d5f97b202bac7b8acceb18c6ad?s=96&d=mm&r=g\",\"caption\":\"Coordena\u00e7\u00e3o\"},\"sameAs\":[\"https:\/\/www.facebook.com\/EstrategiaConcursos\",\"https:\/\/x.com\/EstratConcursos\"],\"url\":\"https:\/\/www.estrategiaconcursos.com.br\/blog\/author\/estrategia2013\/\"}]}<\/script>\n<!-- \/ Yoast SEO Premium plugin. -->","yoast_head_json":{"title":"Concurso ISS RJ tem validade prorrogada at\u00e9 2027!","description":"Concurso ISS RJ: edital ofertaram vagas para dois cargos e iniciais acima de R$ 26 mil. mais de 40 aprovados j\u00e1 foram convocados!","robots":{"index":"index","follow":"follow","max-snippet":"max-snippet:-1","max-image-preview":"max-image-preview:large","max-video-preview":"max-video-preview:-1"},"canonical":"https:\/\/www.estrategiaconcursos.com.br\/blog\/concurso-iss-rj\/","og_locale":"pt_BR","og_type":"article","og_title":"Concurso ISS RJ tem validade prorrogada at\u00e9 2027!","og_description":"Concurso ISS RJ: edital ofertaram vagas para dois cargos e iniciais acima de R$ 26 mil. mais de 40 aprovados j\u00e1 foram convocados!","og_url":"https:\/\/www.estrategiaconcursos.com.br\/blog\/concurso-iss-rj\/","og_site_name":"Estrat\u00e9gia Concursos","article_author":"https:\/\/www.facebook.com\/EstrategiaConcursos","article_published_time":"2025-09-05T14:27:49+00:00","article_modified_time":"2025-09-10T13:32:32+00:00","og_image":[{"width":768,"height":432,"url":"https:\/\/dhg1h5j42swfq.cloudfront.net\/2021\/05\/03111330\/iss-rj.jpg","type":"image\/jpeg"}],"author":"Coordena\u00e7\u00e3o","twitter_card":"summary_large_image","twitter_creator":"@EstratConcursos","twitter_site":"@EstratConcursos","twitter_misc":{"Escrito por":"Coordena\u00e7\u00e3o","Est. tempo de leitura":"9 minutos"},"schema":{"@context":"https:\/\/schema.org","@graph":[{"@type":"NewsArticle","@id":"https:\/\/www.estrategiaconcursos.com.br\/blog\/concurso-iss-rj\/#article","isPartOf":{"@id":"https:\/\/www.estrategiaconcursos.com.br\/blog\/concurso-iss-rj\/"},"author":{"name":"Coordena\u00e7\u00e3o","@id":"https:\/\/www.estrategiaconcursos.com.br\/blog\/#\/schema\/person\/b4a388c97673c5f483d72185668afa1f"},"headline":"Concurso ISS RJ tem validade prorrogada at\u00e9 2027!","datePublished":"2025-09-05T14:27:49+00:00","dateModified":"2025-09-10T13:32:32+00:00","mainEntityOfPage":{"@id":"https:\/\/www.estrategiaconcursos.com.br\/blog\/concurso-iss-rj\/"},"wordCount":1120,"commentCount":3,"publisher":{"@id":"https:\/\/www.estrategiaconcursos.com.br\/blog\/#organization"},"image":{"@id":"https:\/\/www.estrategiaconcursos.com.br\/blog\/concurso-iss-rj\/#primaryimage"},"thumbnailUrl":"https:\/\/dhg1h5j42swfq.cloudfront.net\/2021\/05\/03111330\/iss-rj.jpg","articleSection":["Fiscal - Municipal (ISS)"],"inLanguage":"pt-BR","potentialAction":[{"@type":"CommentAction","name":"Comment","target":["https:\/\/www.estrategiaconcursos.com.br\/blog\/concurso-iss-rj\/#respond"]}],"copyrightYear":"2025","copyrightHolder":{"@id":"https:\/\/www.estrategiaconcursos.com.br\/blog\/#organization"}},{"@type":"WebPage","@id":"https:\/\/www.estrategiaconcursos.com.br\/blog\/concurso-iss-rj\/","url":"https:\/\/www.estrategiaconcursos.com.br\/blog\/concurso-iss-rj\/","name":"Concurso ISS RJ tem validade prorrogada at\u00e9 2027!","isPartOf":{"@id":"https:\/\/www.estrategiaconcursos.com.br\/blog\/#website"},"primaryImageOfPage":{"@id":"https:\/\/www.estrategiaconcursos.com.br\/blog\/concurso-iss-rj\/#primaryimage"},"image":{"@id":"https:\/\/www.estrategiaconcursos.com.br\/blog\/concurso-iss-rj\/#primaryimage"},"thumbnailUrl":"https:\/\/dhg1h5j42swfq.cloudfront.net\/2021\/05\/03111330\/iss-rj.jpg","datePublished":"2025-09-05T14:27:49+00:00","dateModified":"2025-09-10T13:32:32+00:00","description":"Concurso ISS RJ: edital ofertaram vagas para dois cargos e iniciais acima de R$ 26 mil. mais de 40 aprovados j\u00e1 foram convocados!","breadcrumb":{"@id":"https:\/\/www.estrategiaconcursos.com.br\/blog\/concurso-iss-rj\/#breadcrumb"},"inLanguage":"pt-BR","potentialAction":[{"@type":"ReadAction","target":["https:\/\/www.estrategiaconcursos.com.br\/blog\/concurso-iss-rj\/"]}]},{"@type":"ImageObject","inLanguage":"pt-BR","@id":"https:\/\/www.estrategiaconcursos.com.br\/blog\/concurso-iss-rj\/#primaryimage","url":"https:\/\/dhg1h5j42swfq.cloudfront.net\/2021\/05\/03111330\/iss-rj.jpg","contentUrl":"https:\/\/dhg1h5j42swfq.cloudfront.net\/2021\/05\/03111330\/iss-rj.jpg","width":768,"height":432,"caption":"Concurso ISS RJ"},{"@type":"BreadcrumbList","@id":"https:\/\/www.estrategiaconcursos.com.br\/blog\/concurso-iss-rj\/#breadcrumb","itemListElement":[{"@type":"ListItem","position":1,"name":"In\u00edcio","item":"https:\/\/www.estrategiaconcursos.com.br\/blog\/"},{"@type":"ListItem","position":2,"name":"Concurso ISS RJ tem validade prorrogada at\u00e9 2027!"}]},{"@type":"WebSite","@id":"https:\/\/www.estrategiaconcursos.com.br\/blog\/#website","url":"https:\/\/www.estrategiaconcursos.com.br\/blog\/","name":"Estrat\u00e9gia Concursos","description":"O blog da Estrat\u00e9gia Concursos traz not\u00edcias sobre concursos e artigos de professores oferecendo cursos para concursos (pdf + videaulas) no site.","publisher":{"@id":"https:\/\/www.estrategiaconcursos.com.br\/blog\/#organization"},"potentialAction":[{"@type":"SearchAction","target":{"@type":"EntryPoint","urlTemplate":"https:\/\/www.estrategiaconcursos.com.br\/blog\/?s={search_term_string}"},"query-input":{"@type":"PropertyValueSpecification","valueRequired":true,"valueName":"search_term_string"}}],"inLanguage":"pt-BR"},{"@type":"Organization","@id":"https:\/\/www.estrategiaconcursos.com.br\/blog\/#organization","name":"Estrat\u00e9gia Concursos","url":"https:\/\/www.estrategiaconcursos.com.br\/blog\/","logo":{"@type":"ImageObject","inLanguage":"pt-BR","@id":"https:\/\/www.estrategiaconcursos.com.br\/blog\/#\/schema\/logo\/image\/","url":"https:\/\/dhg1h5j42swfq.cloudfront.net\/2025\/06\/03203428\/logo_concursos-1.jpg","contentUrl":"https:\/\/dhg1h5j42swfq.cloudfront.net\/2025\/06\/03203428\/logo_concursos-1.jpg","width":230,"height":60,"caption":"Estrat\u00e9gia Concursos"},"image":{"@id":"https:\/\/www.estrategiaconcursos.com.br\/blog\/#\/schema\/logo\/image\/"},"sameAs":["https:\/\/x.com\/EstratConcursos"]},{"@type":"Person","@id":"https:\/\/www.estrategiaconcursos.com.br\/blog\/#\/schema\/person\/b4a388c97673c5f483d72185668afa1f","name":"Coordena\u00e7\u00e3o","image":{"@type":"ImageObject","inLanguage":"pt-BR","@id":"https:\/\/secure.gravatar.com\/avatar\/b720319e4c9a967eb58678d110f4fe35452fc5d5f97b202bac7b8acceb18c6ad?s=96&d=mm&r=g","url":"https:\/\/secure.gravatar.com\/avatar\/b720319e4c9a967eb58678d110f4fe35452fc5d5f97b202bac7b8acceb18c6ad?s=96&d=mm&r=g","contentUrl":"https:\/\/secure.gravatar.com\/avatar\/b720319e4c9a967eb58678d110f4fe35452fc5d5f97b202bac7b8acceb18c6ad?s=96&d=mm&r=g","caption":"Coordena\u00e7\u00e3o"},"sameAs":["https:\/\/www.facebook.com\/EstrategiaConcursos","https:\/\/x.com\/EstratConcursos"],"url":"https:\/\/www.estrategiaconcursos.com.br\/blog\/author\/estrategia2013\/"}]}},"_links":{"self":[{"href":"https:\/\/www.estrategiaconcursos.com.br\/blog\/wp-json\/wp\/v2\/posts\/149068","targetHints":{"allow":["GET"]}}],"collection":[{"href":"https:\/\/www.estrategiaconcursos.com.br\/blog\/wp-json\/wp\/v2\/posts"}],"about":[{"href":"https:\/\/www.estrategiaconcursos.com.br\/blog\/wp-json\/wp\/v2\/types\/post"}],"author":[{"embeddable":true,"href":"https:\/\/www.estrategiaconcursos.com.br\/blog\/wp-json\/wp\/v2\/users\/1"}],"replies":[{"embeddable":true,"href":"https:\/\/www.estrategiaconcursos.com.br\/blog\/wp-json\/wp\/v2\/comments?post=149068"}],"version-history":[{"count":225,"href":"https:\/\/www.estrategiaconcursos.com.br\/blog\/wp-json\/wp\/v2\/posts\/149068\/revisions"}],"predecessor-version":[{"id":1636498,"href":"https:\/\/www.estrategiaconcursos.com.br\/blog\/wp-json\/wp\/v2\/posts\/149068\/revisions\/1636498"}],"wp:featuredmedia":[{"embeddable":true,"href":"https:\/\/www.estrategiaconcursos.com.br\/blog\/wp-json\/wp\/v2\/media\/729647"}],"wp:attachment":[{"href":"https:\/\/www.estrategiaconcursos.com.br\/blog\/wp-json\/wp\/v2\/media?parent=149068"}],"wp:term":[{"taxonomy":"category","embeddable":true,"href":"https:\/\/www.estrategiaconcursos.com.br\/blog\/wp-json\/wp\/v2\/categories?post=149068"},{"taxonomy":"post_tag","embeddable":true,"href":"https:\/\/www.estrategiaconcursos.com.br\/blog\/wp-json\/wp\/v2\/tags?post=149068"},{"taxonomy":"tax_estado","embeddable":true,"href":"https:\/\/www.estrategiaconcursos.com.br\/blog\/wp-json\/wp\/v2\/tax_estado?post=149068"}],"curies":[{"name":"wp","href":"https:\/\/api.w.org\/{rel}","templated":true}]}}