{"id":1488972,"date":"2024-11-12T08:57:21","date_gmt":"2024-11-12T11:57:21","guid":{"rendered":"https:\/\/www.estrategiaconcursos.com.br\/blog\/?p=1488972"},"modified":"2024-11-12T11:37:27","modified_gmt":"2024-11-12T14:37:27","slug":"comissao-concurso-sefaz-go-formada","status":"publish","type":"post","link":"https:\/\/www.estrategiaconcursos.com.br\/blog\/comissao-concurso-sefaz-go-formada\/","title":{"rendered":"Comiss\u00e3o do concurso Sefaz GO \u00e9 oficialmente formada!"},"content":{"rendered":"\n<p>Quem acompanha o blog do Estrat\u00e9gia j\u00e1 estava sabendo dessa! Na \u00faltima semana<strong> <a href=\"https:\/\/www.estrategiaconcursos.com.br\/blog\/concurso-sefaz-go-comissao-nesta-semana\/\" target=\"_blank\" rel=\"noreferrer noopener\">anunciamos de forma exclusiva<\/a><\/strong> que a Comiss\u00e3o do <strong>concurso <a href=\"https:\/\/www.estrategiaconcursos.com.br\/curso\/sefaz-go-auditor-fiscal-pacote\/\" target=\"_blank\" rel=\"noreferrer noopener\">Sefaz GO<\/a><\/strong> seria divulgada nos pr\u00f3ximos dias.<\/p>\n\n\n\n<p>Assim, nesta ter\u00e7a-feira (12) foi publicada no Di\u00e1rio Oficial do Estado a Portaria N\u00ba 391\/2024 que designa os membros respons\u00e1veis pela organiza\u00e7\u00e3o do certame.<\/p>\n\n\n\n<p>O grupo \u00e9 composto por cinco integrantes que v\u00e3o acompanhar as atividades pertinentes \u00e0 realiza\u00e7\u00e3o do concurso, em especial as etapas de avalia\u00e7\u00e3o, elabora\u00e7\u00e3o do conte\u00fado program\u00e1tico e contrata\u00e7\u00e3o da banca organizadora.<\/p>\n\n\n\n<ul class=\"wp-block-list\">\n<li><strong><a href=\"https:\/\/dhg1h5j42swfq.cloudfront.net\/2024\/11\/12084809\/sefaz-go.pdf\" target=\"_blank\" rel=\"noreferrer noopener nofollow\">Confira a Portaria na \u00edntegra<\/a><\/strong><\/li>\n<\/ul>\n\n\n\n<figure class=\"wp-block-image aligncenter size-full\"><img loading=\"lazy\" decoding=\"async\" width=\"940\" height=\"705\" src=\"https:\/\/dhg1h5j42swfq.cloudfront.net\/2023\/02\/27085944\/sefaz-go.jpg\" alt=\"Comiss\u00e3o do concurso Sefaz GO \u00e9 oficialmente formada!\" class=\"wp-image-1177834\" srcset=\"https:\/\/dhg1h5j42swfq.cloudfront.net\/2023\/02\/27085944\/sefaz-go.jpg 940w, https:\/\/dhg1h5j42swfq.cloudfront.net\/2023\/02\/27085944\/sefaz-go-300x225.jpg 300w, https:\/\/dhg1h5j42swfq.cloudfront.net\/2023\/02\/27085944\/sefaz-go-768x576.jpg 768w, https:\/\/dhg1h5j42swfq.cloudfront.net\/2023\/02\/27085944\/sefaz-go-610x458.jpg 610w, https:\/\/dhg1h5j42swfq.cloudfront.net\/2023\/02\/27085944\/sefaz-go-150x113.jpg 150w\" sizes=\"auto, (max-width: 940px) 100vw, 940px\" \/><figcaption class=\"wp-element-caption\">Comiss\u00e3o do concurso Sefaz GO \u00e9 oficialmente formada!<\/figcaption><\/figure>\n\n\n\n<p>Al\u00e9m das<strong>&nbsp;200 vagas<\/strong>&nbsp;autorizadas para o cargo de Auditor Fiscal, tamb\u00e9m haver\u00e1 forma\u00e7\u00e3o de cadastro reserva. <\/p>\n\n\n\n<p>Essa \u00e9 uma excelente oportunidade, uma vez que o sal\u00e1rio inicial \u00e9 de R$ 27.247,26, al\u00e9m de verba indenizat\u00f3ria de R$ 3,6 mil,&nbsp;<strong>ultrapassando os R$ 30 mil!<\/strong><\/p>\n\n\n\n<p>A expectativa \u00e9 de que o edital seja publicado&nbsp;at\u00e9 dezembro. J\u00e1 a previs\u00e3o de aplica\u00e7\u00e3o das provas \u00e9 para junho de 2025, com posse dos aprovados a partir de novembro do mesmo ano.<\/p>\n\n\n\n<p class=\"has-text-align-center\"><em>Para ficar por dentro de todas as informa\u00e7\u00f5es sobre o concurso <a href=\"https:\/\/goias.gov.br\/economia\/\" target=\"_blank\" rel=\"noreferrer noopener\">Sefaz GO<\/a>, que acaba de ter sua comiss\u00e3o formada, n\u00e3o deixe de conferir nosso artigo completo sobre a sele\u00e7\u00e3o:<\/em><\/p>\n\n\n\n<p class=\"has-text-align-center has-background has-medium-font-size\" style=\"background-color:#d4d8de\"><strong><a href=\"https:\/\/www.estrategiaconcursos.com.br\/blog\/concurso-sefaz-go\/\" target=\"_blank\" rel=\"noreferrer noopener\">Mais informa\u00e7\u00f5es do concurso Sefaz GO<\/a><\/strong><\/p>\n\n\n\n<hr class=\"wp-block-separator has-alpha-channel-opacity\"\/>\n\n\n\n<h2 class=\"wp-block-heading has-text-align-center\" id=\"assinatura-cursos\"><em>Quer estudar para o Concurso Sefaz GO?<\/em><\/h2>\n\n\n\n<div class=\"container\" id=\"boxes\">\r\n  <div class=\"row\">\r\n\r\n    <div class=\"col-sm\">\r\n      <div class=\"banner-fiscal-01\" id=\"box-assinatura\">\r\n        <h3 class=\"titulo-assinatura\">Concurso Sefaz GO<\/h3>\r\n        <p class=\"subtitulo-assinatura\">Conhe\u00e7a os cursos<\/p>\r\n        <div class=\"box-botao\">\r\n          <a class=\"btn-assinatura\" target=\"_blank\" href=\"https:\/\/www.estrategiaconcursos.com.br\/cursosPorConcurso\/area-fiscal-fiscos-estaduais-e-municipais-410\/\" role=\"button\" rel=\"noopener noreferrer\">Conhe\u00e7a mais<\/a>\r\n        <\/div>\r\n      <\/div>\r\n     \r\n    <\/div>\r\n\r\n  <\/div>\r\n<\/div>\n\n\n\n<div class=\"container\" id=\"boxes\">\r\n  <div class=\"row\">\r\n\r\n    <div class=\"col-sm\">\r\n      <div class=\"estrategia\" id=\"box-assinatura\">\r\n        <h3 class=\"titulo-assinatura\">Assinatura Concursos<\/h3>\r\n        <p class=\"subtitulo-assinatura\">Assinatura de 1 ano ou 2 anos<\/p>\r\n        <div class=\"box-botao\">\r\n          <a class=\"btn-assinatura\" target=\"_blank\" href=\"https:\/\/www.estrategiaconcursos.com.br\/assinaturas\/\" role=\"button\" rel=\"noopener noreferrer\">ASSINE AGORA<\/a>\r\n        <\/div>\r\n      <\/div><\/div><\/div><\/div>\n\n\n\n<h2 class=\"wp-block-heading has-text-align-center\" id=\"h-quer-saber-tudo-sobre-concursos-previstos-confira-nossos-artigos\">Quer saber tudo sobre concursos previstos?<br \/>Confira nossos artigos!<\/h2>\n\n\n\n<ul class=\"wp-block-list\">\n<li><a href=\"https:\/\/www.estrategiaconcursos.com.br\/blog\/concursos-abertos\/\" target=\"_blank\" rel=\"noreferrer noopener\">Concursos Abertos<\/a><\/li>\n\n\n\n<li><a href=\"https:\/\/www.estrategiaconcursos.com.br\/blog\/concursos-fiscais\/\" target=\"_blank\" rel=\"noreferrer noopener\">Concursos Fiscais<\/a><\/li>\n\n\n\n<li><a href=\"https:\/\/www.estrategiaconcursos.com.br\/blog\/concursos-2025\/\" target=\"_blank\" rel=\"noreferrer noopener\">Concursos 2025<\/a><\/li>\n<\/ul>\n","protected":false},"excerpt":{"rendered":"<p>Quem acompanha o blog do Estrat\u00e9gia j\u00e1 estava sabendo dessa! Na \u00faltima semana anunciamos de forma exclusiva que a Comiss\u00e3o do concurso Sefaz GO seria divulgada nos pr\u00f3ximos dias. Assim, nesta ter\u00e7a-feira (12) foi publicada no Di\u00e1rio Oficial do Estado a Portaria N\u00ba 391\/2024 que designa os membros respons\u00e1veis pela organiza\u00e7\u00e3o do certame. O grupo [&hellip;]<\/p>\n","protected":false},"author":659,"featured_media":889338,"comment_status":"open","ping_status":"closed","sticky":false,"template":"","format":"standard","meta":{"post_tipo":"news","footnotes":""},"categories":[1983,220219],"tags":[],"tax_estado":[219972],"class_list":["post-1488972","post","type-post","status-publish","format-standard","has-post-thumbnail","hentry","category-fiscal-estadual","category-noticias","tax_estado-go"],"acf":[],"yoast_head":"<!-- This site is optimized with the Yoast SEO Premium plugin v27.2 (Yoast SEO v27.2) - https:\/\/yoast.com\/product\/yoast-seo-premium-wordpress\/ -->\n<title>Comiss\u00e3o do concurso Sefaz GO \u00e9 oficialmente formada!<\/title>\n<meta name=\"description\" content=\"Concurso Sefaz GO anda a passos r\u00e1pidos e Comiss\u00e3o \u00e9 anunciada. Lembrando que o edital com 200 vagas \u00e9 previsto ainda para 2024!\" \/>\n<meta name=\"robots\" content=\"index, follow, max-snippet:-1, max-image-preview:large, max-video-preview:-1\" \/>\n<link rel=\"canonical\" href=\"https:\/\/www.estrategiaconcursos.com.br\/blog\/comissao-concurso-sefaz-go-formada\/\" \/>\n<meta property=\"og:locale\" content=\"pt_BR\" \/>\n<meta property=\"og:type\" content=\"article\" \/>\n<meta property=\"og:title\" content=\"Comiss\u00e3o do concurso Sefaz GO \u00e9 oficialmente formada!\" \/>\n<meta property=\"og:description\" content=\"Concurso Sefaz GO anda a passos r\u00e1pidos e Comiss\u00e3o \u00e9 anunciada. Lembrando que o edital com 200 vagas \u00e9 previsto ainda para 2024!\" \/>\n<meta property=\"og:url\" content=\"https:\/\/www.estrategiaconcursos.com.br\/blog\/comissao-concurso-sefaz-go-formada\/\" \/>\n<meta property=\"og:site_name\" content=\"Estrat\u00e9gia Concursos\" \/>\n<meta property=\"article:published_time\" content=\"2024-11-12T11:57:21+00:00\" \/>\n<meta property=\"article:modified_time\" content=\"2024-11-12T14:37:27+00:00\" \/>\n<meta property=\"og:image\" content=\"https:\/\/dhg1h5j42swfq.cloudfront.net\/2021\/10\/20144211\/sefaz-go.jpg\" \/>\n\t<meta property=\"og:image:width\" content=\"768\" \/>\n\t<meta property=\"og:image:height\" content=\"432\" \/>\n\t<meta property=\"og:image:type\" content=\"image\/jpeg\" \/>\n<meta name=\"author\" content=\"Camila Leite\" \/>\n<meta name=\"twitter:card\" content=\"summary_large_image\" \/>\n<meta name=\"twitter:creator\" content=\"@EstratConcursos\" \/>\n<meta name=\"twitter:site\" content=\"@EstratConcursos\" \/>\n<meta name=\"twitter:label1\" content=\"Escrito por\" \/>\n\t<meta name=\"twitter:data1\" content=\"Camila Leite\" \/>\n\t<meta name=\"twitter:label2\" content=\"Est. tempo de leitura\" \/>\n\t<meta name=\"twitter:data2\" content=\"1 minuto\" \/>\n<script type=\"application\/ld+json\" class=\"yoast-schema-graph\">{\"@context\":\"https:\/\/schema.org\",\"@graph\":[{\"@type\":\"NewsArticle\",\"@id\":\"https:\/\/www.estrategiaconcursos.com.br\/blog\/comissao-concurso-sefaz-go-formada\/#article\",\"isPartOf\":{\"@id\":\"https:\/\/www.estrategiaconcursos.com.br\/blog\/comissao-concurso-sefaz-go-formada\/\"},\"author\":{\"name\":\"Camila Leite\",\"@id\":\"https:\/\/www.estrategiaconcursos.com.br\/blog\/#\/schema\/person\/84ecdc6eb58d3cf1689bf76c5cd8fb38\"},\"headline\":\"Comiss\u00e3o do concurso Sefaz GO \u00e9 oficialmente formada!\",\"datePublished\":\"2024-11-12T11:57:21+00:00\",\"dateModified\":\"2024-11-12T14:37:27+00:00\",\"mainEntityOfPage\":{\"@id\":\"https:\/\/www.estrategiaconcursos.com.br\/blog\/comissao-concurso-sefaz-go-formada\/\"},\"wordCount\":279,\"commentCount\":0,\"publisher\":{\"@id\":\"https:\/\/www.estrategiaconcursos.com.br\/blog\/#organization\"},\"image\":{\"@id\":\"https:\/\/www.estrategiaconcursos.com.br\/blog\/comissao-concurso-sefaz-go-formada\/#primaryimage\"},\"thumbnailUrl\":\"https:\/\/dhg1h5j42swfq.cloudfront.net\/2021\/10\/20144211\/sefaz-go.jpg\",\"articleSection\":[\"Fiscal - Estadual (ICMS)\",\"\u00daltimas not\u00edcias\"],\"inLanguage\":\"pt-BR\",\"potentialAction\":[{\"@type\":\"CommentAction\",\"name\":\"Comment\",\"target\":[\"https:\/\/www.estrategiaconcursos.com.br\/blog\/comissao-concurso-sefaz-go-formada\/#respond\"]}],\"copyrightYear\":\"2024\",\"copyrightHolder\":{\"@id\":\"https:\/\/www.estrategiaconcursos.com.br\/blog\/#organization\"}},{\"@type\":\"WebPage\",\"@id\":\"https:\/\/www.estrategiaconcursos.com.br\/blog\/comissao-concurso-sefaz-go-formada\/\",\"url\":\"https:\/\/www.estrategiaconcursos.com.br\/blog\/comissao-concurso-sefaz-go-formada\/\",\"name\":\"Comiss\u00e3o do concurso Sefaz GO \u00e9 oficialmente formada!\",\"isPartOf\":{\"@id\":\"https:\/\/www.estrategiaconcursos.com.br\/blog\/#website\"},\"primaryImageOfPage\":{\"@id\":\"https:\/\/www.estrategiaconcursos.com.br\/blog\/comissao-concurso-sefaz-go-formada\/#primaryimage\"},\"image\":{\"@id\":\"https:\/\/www.estrategiaconcursos.com.br\/blog\/comissao-concurso-sefaz-go-formada\/#primaryimage\"},\"thumbnailUrl\":\"https:\/\/dhg1h5j42swfq.cloudfront.net\/2021\/10\/20144211\/sefaz-go.jpg\",\"datePublished\":\"2024-11-12T11:57:21+00:00\",\"dateModified\":\"2024-11-12T14:37:27+00:00\",\"description\":\"Concurso Sefaz GO anda a passos r\u00e1pidos e Comiss\u00e3o \u00e9 anunciada. Lembrando que o edital com 200 vagas \u00e9 previsto ainda para 2024!\",\"breadcrumb\":{\"@id\":\"https:\/\/www.estrategiaconcursos.com.br\/blog\/comissao-concurso-sefaz-go-formada\/#breadcrumb\"},\"inLanguage\":\"pt-BR\",\"potentialAction\":[{\"@type\":\"ReadAction\",\"target\":[\"https:\/\/www.estrategiaconcursos.com.br\/blog\/comissao-concurso-sefaz-go-formada\/\"]}]},{\"@type\":\"ImageObject\",\"inLanguage\":\"pt-BR\",\"@id\":\"https:\/\/www.estrategiaconcursos.com.br\/blog\/comissao-concurso-sefaz-go-formada\/#primaryimage\",\"url\":\"https:\/\/dhg1h5j42swfq.cloudfront.net\/2021\/10\/20144211\/sefaz-go.jpg\",\"contentUrl\":\"https:\/\/dhg1h5j42swfq.cloudfront.net\/2021\/10\/20144211\/sefaz-go.jpg\",\"width\":768,\"height\":432,\"caption\":\"Sefaz GO: se organize com o cronograma do concurso\"},{\"@type\":\"BreadcrumbList\",\"@id\":\"https:\/\/www.estrategiaconcursos.com.br\/blog\/comissao-concurso-sefaz-go-formada\/#breadcrumb\",\"itemListElement\":[{\"@type\":\"ListItem\",\"position\":1,\"name\":\"In\u00edcio\",\"item\":\"https:\/\/www.estrategiaconcursos.com.br\/blog\/\"},{\"@type\":\"ListItem\",\"position\":2,\"name\":\"Comiss\u00e3o do concurso Sefaz GO \u00e9 oficialmente formada!\"}]},{\"@type\":\"WebSite\",\"@id\":\"https:\/\/www.estrategiaconcursos.com.br\/blog\/#website\",\"url\":\"https:\/\/www.estrategiaconcursos.com.br\/blog\/\",\"name\":\"Estrat\u00e9gia Concursos\",\"description\":\"O blog da Estrat\u00e9gia Concursos traz not\u00edcias sobre concursos e artigos de professores oferecendo cursos para concursos (pdf + videaulas) no site.\",\"publisher\":{\"@id\":\"https:\/\/www.estrategiaconcursos.com.br\/blog\/#organization\"},\"potentialAction\":[{\"@type\":\"SearchAction\",\"target\":{\"@type\":\"EntryPoint\",\"urlTemplate\":\"https:\/\/www.estrategiaconcursos.com.br\/blog\/?s={search_term_string}\"},\"query-input\":{\"@type\":\"PropertyValueSpecification\",\"valueRequired\":true,\"valueName\":\"search_term_string\"}}],\"inLanguage\":\"pt-BR\"},{\"@type\":\"Organization\",\"@id\":\"https:\/\/www.estrategiaconcursos.com.br\/blog\/#organization\",\"name\":\"Estrat\u00e9gia Concursos\",\"url\":\"https:\/\/www.estrategiaconcursos.com.br\/blog\/\",\"logo\":{\"@type\":\"ImageObject\",\"inLanguage\":\"pt-BR\",\"@id\":\"https:\/\/www.estrategiaconcursos.com.br\/blog\/#\/schema\/logo\/image\/\",\"url\":\"https:\/\/dhg1h5j42swfq.cloudfront.net\/2025\/06\/03203428\/logo_concursos-1.jpg\",\"contentUrl\":\"https:\/\/dhg1h5j42swfq.cloudfront.net\/2025\/06\/03203428\/logo_concursos-1.jpg\",\"width\":230,\"height\":60,\"caption\":\"Estrat\u00e9gia Concursos\"},\"image\":{\"@id\":\"https:\/\/www.estrategiaconcursos.com.br\/blog\/#\/schema\/logo\/image\/\"},\"sameAs\":[\"https:\/\/x.com\/EstratConcursos\"]},{\"@type\":\"Person\",\"@id\":\"https:\/\/www.estrategiaconcursos.com.br\/blog\/#\/schema\/person\/84ecdc6eb58d3cf1689bf76c5cd8fb38\",\"name\":\"Camila Leite\",\"image\":{\"@type\":\"ImageObject\",\"inLanguage\":\"pt-BR\",\"@id\":\"https:\/\/secure.gravatar.com\/avatar\/f2f8faef639c8a2bfb7fb909912a56917f4c3a0aed064500168e2fb8ea55cf61?s=96&d=mm&r=g\",\"url\":\"https:\/\/secure.gravatar.com\/avatar\/f2f8faef639c8a2bfb7fb909912a56917f4c3a0aed064500168e2fb8ea55cf61?s=96&d=mm&r=g\",\"contentUrl\":\"https:\/\/secure.gravatar.com\/avatar\/f2f8faef639c8a2bfb7fb909912a56917f4c3a0aed064500168e2fb8ea55cf61?s=96&d=mm&r=g\",\"caption\":\"Camila Leite\"},\"description\":\"Formada em Design Gr\u00e1fico e em Propaganda e Marketing pela UNIP, integra a equipe de jornalismo do Estrat\u00e9gia Concursos desde 2018. Ao longo dos anos, construiu uma s\u00f3lida experi\u00eancia na produ\u00e7\u00e3o de conte\u00fado informativo e relevante para concurseiros. Desde 2020, atua na cobertura das \u00e1reas Fiscal \u2014 com \u00eanfase nas Secretarias de Fazenda (Sefaz) das regi\u00f5es Sul e Sudeste \u2014, al\u00e9m da cobertura de concursos federais, como CNU, Petrobras, CGU, Receita Federal, ag\u00eancias reguladoras (Anvisa, ANAC, entre outras) e INSS. Mant\u00e9m contato direto com os principais \u00f3rg\u00e3os p\u00fablicos, acompanhando editais, atualiza\u00e7\u00f5es e movimenta\u00e7\u00f5es importantes para os candidatos.\",\"sameAs\":[\"https:\/\/www.linkedin.com\/in\/camila-pinheiro-leite-9ba135b6\/\"],\"url\":\"https:\/\/www.estrategiaconcursos.com.br\/blog\/author\/camila-leiteestrategiaconcursos-com-br\/\"}]}<\/script>\n<!-- \/ Yoast SEO Premium plugin. -->","yoast_head_json":{"title":"Comiss\u00e3o do concurso Sefaz GO \u00e9 oficialmente formada!","description":"Concurso Sefaz GO anda a passos r\u00e1pidos e Comiss\u00e3o \u00e9 anunciada. Lembrando que o edital com 200 vagas \u00e9 previsto ainda para 2024!","robots":{"index":"index","follow":"follow","max-snippet":"max-snippet:-1","max-image-preview":"max-image-preview:large","max-video-preview":"max-video-preview:-1"},"canonical":"https:\/\/www.estrategiaconcursos.com.br\/blog\/comissao-concurso-sefaz-go-formada\/","og_locale":"pt_BR","og_type":"article","og_title":"Comiss\u00e3o do concurso Sefaz GO \u00e9 oficialmente formada!","og_description":"Concurso Sefaz GO anda a passos r\u00e1pidos e Comiss\u00e3o \u00e9 anunciada. Lembrando que o edital com 200 vagas \u00e9 previsto ainda para 2024!","og_url":"https:\/\/www.estrategiaconcursos.com.br\/blog\/comissao-concurso-sefaz-go-formada\/","og_site_name":"Estrat\u00e9gia Concursos","article_published_time":"2024-11-12T11:57:21+00:00","article_modified_time":"2024-11-12T14:37:27+00:00","og_image":[{"width":768,"height":432,"url":"https:\/\/dhg1h5j42swfq.cloudfront.net\/2021\/10\/20144211\/sefaz-go.jpg","type":"image\/jpeg"}],"author":"Camila Leite","twitter_card":"summary_large_image","twitter_creator":"@EstratConcursos","twitter_site":"@EstratConcursos","twitter_misc":{"Escrito por":"Camila Leite","Est. tempo de leitura":"1 minuto"},"schema":{"@context":"https:\/\/schema.org","@graph":[{"@type":"NewsArticle","@id":"https:\/\/www.estrategiaconcursos.com.br\/blog\/comissao-concurso-sefaz-go-formada\/#article","isPartOf":{"@id":"https:\/\/www.estrategiaconcursos.com.br\/blog\/comissao-concurso-sefaz-go-formada\/"},"author":{"name":"Camila Leite","@id":"https:\/\/www.estrategiaconcursos.com.br\/blog\/#\/schema\/person\/84ecdc6eb58d3cf1689bf76c5cd8fb38"},"headline":"Comiss\u00e3o do concurso Sefaz GO \u00e9 oficialmente formada!","datePublished":"2024-11-12T11:57:21+00:00","dateModified":"2024-11-12T14:37:27+00:00","mainEntityOfPage":{"@id":"https:\/\/www.estrategiaconcursos.com.br\/blog\/comissao-concurso-sefaz-go-formada\/"},"wordCount":279,"commentCount":0,"publisher":{"@id":"https:\/\/www.estrategiaconcursos.com.br\/blog\/#organization"},"image":{"@id":"https:\/\/www.estrategiaconcursos.com.br\/blog\/comissao-concurso-sefaz-go-formada\/#primaryimage"},"thumbnailUrl":"https:\/\/dhg1h5j42swfq.cloudfront.net\/2021\/10\/20144211\/sefaz-go.jpg","articleSection":["Fiscal - Estadual (ICMS)","\u00daltimas not\u00edcias"],"inLanguage":"pt-BR","potentialAction":[{"@type":"CommentAction","name":"Comment","target":["https:\/\/www.estrategiaconcursos.com.br\/blog\/comissao-concurso-sefaz-go-formada\/#respond"]}],"copyrightYear":"2024","copyrightHolder":{"@id":"https:\/\/www.estrategiaconcursos.com.br\/blog\/#organization"}},{"@type":"WebPage","@id":"https:\/\/www.estrategiaconcursos.com.br\/blog\/comissao-concurso-sefaz-go-formada\/","url":"https:\/\/www.estrategiaconcursos.com.br\/blog\/comissao-concurso-sefaz-go-formada\/","name":"Comiss\u00e3o do concurso Sefaz GO \u00e9 oficialmente formada!","isPartOf":{"@id":"https:\/\/www.estrategiaconcursos.com.br\/blog\/#website"},"primaryImageOfPage":{"@id":"https:\/\/www.estrategiaconcursos.com.br\/blog\/comissao-concurso-sefaz-go-formada\/#primaryimage"},"image":{"@id":"https:\/\/www.estrategiaconcursos.com.br\/blog\/comissao-concurso-sefaz-go-formada\/#primaryimage"},"thumbnailUrl":"https:\/\/dhg1h5j42swfq.cloudfront.net\/2021\/10\/20144211\/sefaz-go.jpg","datePublished":"2024-11-12T11:57:21+00:00","dateModified":"2024-11-12T14:37:27+00:00","description":"Concurso Sefaz GO anda a passos r\u00e1pidos e Comiss\u00e3o \u00e9 anunciada. Lembrando que o edital com 200 vagas \u00e9 previsto ainda para 2024!","breadcrumb":{"@id":"https:\/\/www.estrategiaconcursos.com.br\/blog\/comissao-concurso-sefaz-go-formada\/#breadcrumb"},"inLanguage":"pt-BR","potentialAction":[{"@type":"ReadAction","target":["https:\/\/www.estrategiaconcursos.com.br\/blog\/comissao-concurso-sefaz-go-formada\/"]}]},{"@type":"ImageObject","inLanguage":"pt-BR","@id":"https:\/\/www.estrategiaconcursos.com.br\/blog\/comissao-concurso-sefaz-go-formada\/#primaryimage","url":"https:\/\/dhg1h5j42swfq.cloudfront.net\/2021\/10\/20144211\/sefaz-go.jpg","contentUrl":"https:\/\/dhg1h5j42swfq.cloudfront.net\/2021\/10\/20144211\/sefaz-go.jpg","width":768,"height":432,"caption":"Sefaz GO: se organize com o cronograma do concurso"},{"@type":"BreadcrumbList","@id":"https:\/\/www.estrategiaconcursos.com.br\/blog\/comissao-concurso-sefaz-go-formada\/#breadcrumb","itemListElement":[{"@type":"ListItem","position":1,"name":"In\u00edcio","item":"https:\/\/www.estrategiaconcursos.com.br\/blog\/"},{"@type":"ListItem","position":2,"name":"Comiss\u00e3o do concurso Sefaz GO \u00e9 oficialmente formada!"}]},{"@type":"WebSite","@id":"https:\/\/www.estrategiaconcursos.com.br\/blog\/#website","url":"https:\/\/www.estrategiaconcursos.com.br\/blog\/","name":"Estrat\u00e9gia Concursos","description":"O blog da Estrat\u00e9gia Concursos traz not\u00edcias sobre concursos e artigos de professores oferecendo cursos para concursos (pdf + videaulas) no site.","publisher":{"@id":"https:\/\/www.estrategiaconcursos.com.br\/blog\/#organization"},"potentialAction":[{"@type":"SearchAction","target":{"@type":"EntryPoint","urlTemplate":"https:\/\/www.estrategiaconcursos.com.br\/blog\/?s={search_term_string}"},"query-input":{"@type":"PropertyValueSpecification","valueRequired":true,"valueName":"search_term_string"}}],"inLanguage":"pt-BR"},{"@type":"Organization","@id":"https:\/\/www.estrategiaconcursos.com.br\/blog\/#organization","name":"Estrat\u00e9gia Concursos","url":"https:\/\/www.estrategiaconcursos.com.br\/blog\/","logo":{"@type":"ImageObject","inLanguage":"pt-BR","@id":"https:\/\/www.estrategiaconcursos.com.br\/blog\/#\/schema\/logo\/image\/","url":"https:\/\/dhg1h5j42swfq.cloudfront.net\/2025\/06\/03203428\/logo_concursos-1.jpg","contentUrl":"https:\/\/dhg1h5j42swfq.cloudfront.net\/2025\/06\/03203428\/logo_concursos-1.jpg","width":230,"height":60,"caption":"Estrat\u00e9gia Concursos"},"image":{"@id":"https:\/\/www.estrategiaconcursos.com.br\/blog\/#\/schema\/logo\/image\/"},"sameAs":["https:\/\/x.com\/EstratConcursos"]},{"@type":"Person","@id":"https:\/\/www.estrategiaconcursos.com.br\/blog\/#\/schema\/person\/84ecdc6eb58d3cf1689bf76c5cd8fb38","name":"Camila Leite","image":{"@type":"ImageObject","inLanguage":"pt-BR","@id":"https:\/\/secure.gravatar.com\/avatar\/f2f8faef639c8a2bfb7fb909912a56917f4c3a0aed064500168e2fb8ea55cf61?s=96&d=mm&r=g","url":"https:\/\/secure.gravatar.com\/avatar\/f2f8faef639c8a2bfb7fb909912a56917f4c3a0aed064500168e2fb8ea55cf61?s=96&d=mm&r=g","contentUrl":"https:\/\/secure.gravatar.com\/avatar\/f2f8faef639c8a2bfb7fb909912a56917f4c3a0aed064500168e2fb8ea55cf61?s=96&d=mm&r=g","caption":"Camila Leite"},"description":"Formada em Design Gr\u00e1fico e em Propaganda e Marketing pela UNIP, integra a equipe de jornalismo do Estrat\u00e9gia Concursos desde 2018. Ao longo dos anos, construiu uma s\u00f3lida experi\u00eancia na produ\u00e7\u00e3o de conte\u00fado informativo e relevante para concurseiros. Desde 2020, atua na cobertura das \u00e1reas Fiscal \u2014 com \u00eanfase nas Secretarias de Fazenda (Sefaz) das regi\u00f5es Sul e Sudeste \u2014, al\u00e9m da cobertura de concursos federais, como CNU, Petrobras, CGU, Receita Federal, ag\u00eancias reguladoras (Anvisa, ANAC, entre outras) e INSS. Mant\u00e9m contato direto com os principais \u00f3rg\u00e3os p\u00fablicos, acompanhando editais, atualiza\u00e7\u00f5es e movimenta\u00e7\u00f5es importantes para os candidatos.","sameAs":["https:\/\/www.linkedin.com\/in\/camila-pinheiro-leite-9ba135b6\/"],"url":"https:\/\/www.estrategiaconcursos.com.br\/blog\/author\/camila-leiteestrategiaconcursos-com-br\/"}]}},"_links":{"self":[{"href":"https:\/\/www.estrategiaconcursos.com.br\/blog\/wp-json\/wp\/v2\/posts\/1488972","targetHints":{"allow":["GET"]}}],"collection":[{"href":"https:\/\/www.estrategiaconcursos.com.br\/blog\/wp-json\/wp\/v2\/posts"}],"about":[{"href":"https:\/\/www.estrategiaconcursos.com.br\/blog\/wp-json\/wp\/v2\/types\/post"}],"author":[{"embeddable":true,"href":"https:\/\/www.estrategiaconcursos.com.br\/blog\/wp-json\/wp\/v2\/users\/659"}],"replies":[{"embeddable":true,"href":"https:\/\/www.estrategiaconcursos.com.br\/blog\/wp-json\/wp\/v2\/comments?post=1488972"}],"version-history":[{"count":6,"href":"https:\/\/www.estrategiaconcursos.com.br\/blog\/wp-json\/wp\/v2\/posts\/1488972\/revisions"}],"predecessor-version":[{"id":1489185,"href":"https:\/\/www.estrategiaconcursos.com.br\/blog\/wp-json\/wp\/v2\/posts\/1488972\/revisions\/1489185"}],"wp:featuredmedia":[{"embeddable":true,"href":"https:\/\/www.estrategiaconcursos.com.br\/blog\/wp-json\/wp\/v2\/media\/889338"}],"wp:attachment":[{"href":"https:\/\/www.estrategiaconcursos.com.br\/blog\/wp-json\/wp\/v2\/media?parent=1488972"}],"wp:term":[{"taxonomy":"category","embeddable":true,"href":"https:\/\/www.estrategiaconcursos.com.br\/blog\/wp-json\/wp\/v2\/categories?post=1488972"},{"taxonomy":"post_tag","embeddable":true,"href":"https:\/\/www.estrategiaconcursos.com.br\/blog\/wp-json\/wp\/v2\/tags?post=1488972"},{"taxonomy":"tax_estado","embeddable":true,"href":"https:\/\/www.estrategiaconcursos.com.br\/blog\/wp-json\/wp\/v2\/tax_estado?post=1488972"}],"curies":[{"name":"wp","href":"https:\/\/api.w.org\/{rel}","templated":true}]}}