{"id":1488166,"date":"2024-12-10T11:50:00","date_gmt":"2024-12-10T14:50:00","guid":{"rendered":"https:\/\/www.estrategiaconcursos.com.br\/blog\/?p=1488166"},"modified":"2024-12-01T11:50:41","modified_gmt":"2024-12-01T14:50:41","slug":"manifestacao-interesse","status":"publish","type":"post","link":"https:\/\/www.estrategiaconcursos.com.br\/blog\/manifestacao-interesse\/","title":{"rendered":"Procedimentos auxiliares em licita\u00e7\u00e3o: manifesta\u00e7\u00e3o de interesse"},"content":{"rendered":"\n<p>Ol\u00e1, continue em frente, coruja! Para seguir com nossos estudos, hoje iremos avaliar um assunto importante em provas de concurso p\u00fablico na disciplina de Direito Administrativo: a manifesta\u00e7\u00e3o de interesse como um procedimento auxiliar em processos licitat\u00f3rios segundo a Lei 14.133\/2021.&nbsp;<\/p>\n\n\n\n<figure class=\"wp-block-image aligncenter size-full\"><img loading=\"lazy\" decoding=\"async\" width=\"380\" height=\"213\" src=\"https:\/\/dhg1h5j42swfq.cloudfront.net\/2024\/11\/13154157\/image-183.png\" alt=\"Procedimentos auxiliares em licita\u00e7\u00e3o: manifesta\u00e7\u00e3o de interesse\" class=\"wp-image-1489858\" srcset=\"https:\/\/dhg1h5j42swfq.cloudfront.net\/2024\/11\/13154157\/image-183.png 380w, https:\/\/dhg1h5j42swfq.cloudfront.net\/2024\/11\/13154157\/image-183-300x168.png 300w, https:\/\/dhg1h5j42swfq.cloudfront.net\/2024\/11\/13154157\/image-183-150x84.png 150w\" sizes=\"auto, (max-width: 380px) 100vw, 380px\" \/><figcaption class=\"wp-element-caption\">Procedimentos auxiliares em licita\u00e7\u00e3o: manifesta\u00e7\u00e3o de interesse<\/figcaption><\/figure>\n\n\n\n<p>Entraremos basicamente nos seguintes t\u00f3picos:&nbsp;<\/p>\n\n\n\n<ul class=\"wp-block-list\">\n<li>Relembrar o contexto da Nova Lei de Licita\u00e7\u00f5es;&nbsp;<\/li>\n<\/ul>\n\n\n\n<ul class=\"wp-block-list\">\n<li>Conhecer o que \u00e9 a manifesta\u00e7\u00e3o de interesse de acordo com a norma;&nbsp;<\/li>\n<\/ul>\n\n\n\n<ul class=\"wp-block-list\">\n<li>Entender observa\u00e7\u00f5es relevantes sobre o tema.&nbsp;<\/li>\n<\/ul>\n\n\n\n<p>Dessa forma, analisando a <a href=\"https:\/\/www.planalto.gov.br\/ccivil_03\/_ato2019-2022\/2021\/lei\/L14133.htm?origin=instituicao\" target=\"_blank\" rel=\"noreferrer noopener\">Lei n\u00ba 14.133\/2021, tamb\u00e9m conhecida como Lei de Licita\u00e7\u00f5es e Contratos Administrativos<\/a>, vamos falar especificamente sobre manifesta\u00e7\u00e3o de interesse&nbsp;a partir de agora.&nbsp;<\/p>\n\n\n\n<h2 class=\"wp-block-heading\" id=\"h-procedimentos-auxiliares-em-licitacao-manifestacao-de-interesse-nbsp\"><strong>Procedimentos auxiliares em licita\u00e7\u00e3o: manifesta\u00e7\u00e3o de interesse<\/strong>&nbsp;<\/h2>\n\n\n\n<p>Inicialmente, devemos conhecer qual a <mark style=\"background-color:rgba(0, 0, 0, 0)\" class=\"has-inline-color has-luminous-vivid-orange-color\"><strong>lista de procedimentos auxiliares previstos na lei<\/strong> <\/mark>14.133\/2021. S\u00e3o eles:&nbsp;<\/p>\n\n\n\n<p>I &#8211; credenciamento&nbsp;<\/p>\n\n\n\n<p>II &#8211; pr\u00e9-qualifica\u00e7\u00e3o;&nbsp;<\/p>\n\n\n\n<p><strong>III &#8211; <\/strong><mark style=\"background-color:rgba(0, 0, 0, 0)\" class=\"has-inline-color has-vivid-red-color\"><strong>procedimento de manifesta\u00e7\u00e3o de interesse;<\/strong>&nbsp;<\/mark><\/p>\n\n\n\n<p>IV &#8211; sistema de registro de pre\u00e7os; e,&nbsp;<\/p>\n\n\n\n<p>V &#8211; registro cadastral.&nbsp;<\/p>\n\n\n\n<p>No que diz respeito \u00e0 <strong><mark style=\"background-color:rgba(0, 0, 0, 0)\" class=\"has-inline-color has-luminous-vivid-orange-color\">manifesta\u00e7\u00e3o de interesse, importante procedimento auxiliar de licita\u00e7\u00e3o<\/mark><\/strong>, h\u00e1 uma demanda da administra\u00e7\u00e3o p\u00fablica, que atribui \u00e0 empresas particulares o papel de buscar e apresentar poss\u00edveis solu\u00e7\u00f5es para essa necessidade, por meio estudos, an\u00e1lises e avalia\u00e7\u00f5es realizadas por aquela firma particular.&nbsp;<\/p>\n\n\n\n<p>Isso ocorre porque, <mark style=\"background-color:rgba(0, 0, 0, 0)\" class=\"has-inline-color has-vivid-red-color\"><strong>utilizando deste instrumento, o poder p\u00fablico poder\u00e1 solicitar \u00e0 iniciativa privada, mediante procedimento aberto de manifesta\u00e7\u00e3o de interesse a ser iniciado com a publica\u00e7\u00e3o de edital de chamamento p\u00fablico<\/strong>,<\/mark> a propositura e a realiza\u00e7\u00e3o de estudos, investiga\u00e7\u00f5es, levantamentos e projetos de solu\u00e7\u00f5es inovadoras que contribuam com quest\u00f5es de relev\u00e2ncia p\u00fablica, devendo tudo isso constar devidamente na forma de regulamento.&nbsp;<\/p>\n\n\n\n<p>Al\u00e9m disso, no caso de os <strong><mark style=\"background-color:rgba(0, 0, 0, 0)\" class=\"has-inline-color has-luminous-vivid-orange-color\">estudos, as investiga\u00e7\u00f5es, os levantamentos e os projetos vinculados \u00e0 contrata\u00e7\u00e3o e de utilidade para a licita\u00e7\u00e3o serem realizados pela Administra\u00e7\u00e3o ou com a sua autoriza\u00e7\u00e3o, os resultados levantados dever\u00e3o ficar \u00e0 disposi\u00e7\u00e3o dos interessados<\/mark><\/strong>, e o vencedor da licita\u00e7\u00e3o dever\u00e1 ressarcir os disp\u00eandios correspondentes caso tenha ocorrido desembolso por parte do Estado, conforme especificado no edital.&nbsp;<\/p>\n\n\n\n<p>Relevante ainda saber que, em conson\u00e2ncia com a lei 14.133\/2021:&nbsp;<\/p>\n\n\n\n<p>Art. 81 \u00a7 2\u00ba A realiza\u00e7\u00e3o, pela iniciativa privada, de<mark style=\"background-color:rgba(0, 0, 0, 0)\" class=\"has-inline-color has-vivid-cyan-blue-color\"> <strong>estudos, investiga\u00e7\u00f5es, levantamentos e projetos em decorr\u00eancia do procedimento de manifesta\u00e7\u00e3o de interesse:<\/strong>&nbsp;<\/mark><\/p>\n\n\n\n<p>I &#8211; n\u00e3o atribuir\u00e1 ao realizador direito de prefer\u00eancia no processo licitat\u00f3rio;&nbsp;<\/p>\n\n\n\n<p>II &#8211; n\u00e3o obrigar\u00e1 o poder p\u00fablico a realizar licita\u00e7\u00e3o;&nbsp;<\/p>\n\n\n\n<p>III &#8211; n\u00e3o implicar\u00e1, por si s\u00f3, direito a ressarcimento de valores envolvidos em sua elabora\u00e7\u00e3o;&nbsp;<\/p>\n\n\n\n<p>IV &#8211; ser\u00e1 remunerada somente pelo vencedor da licita\u00e7\u00e3o, vedada, em qualquer hip\u00f3tese, a cobran\u00e7a de valores do poder p\u00fablico.&nbsp;<\/p>\n\n\n\n<p>\u00a7 3\u00ba <strong><mark style=\"background-color:rgba(0, 0, 0, 0)\" class=\"has-inline-color has-vivid-cyan-blue-color\">Para aceita\u00e7\u00e3o dos produtos e servi\u00e7os de que trata o caput deste artigo, a Administra\u00e7\u00e3o dever\u00e1 elaborar parecer fundamentado<\/mark> <\/strong>com a demonstra\u00e7\u00e3o de que o produto ou servi\u00e7o entregue \u00e9 adequado e suficiente \u00e0 compreens\u00e3o do objeto, de que as premissas adotadas s\u00e3o compat\u00edveis com as reais necessidades do \u00f3rg\u00e3o e de que a metodologia proposta \u00e9 a que propicia maior economia e vantagem entre as demais poss\u00edveis.&nbsp;<\/p>\n\n\n\n<p>Logo, perceba que, <strong><mark style=\"background-color:rgba(0, 0, 0, 0)\" class=\"has-inline-color has-luminous-vivid-orange-color\">na manifesta\u00e7\u00e3o de interesse, alguma empresa particular realizar testes e estudos que s\u00e3o pertinentes para o poder p\u00fablico. Entretanto, todo esse trabalho realizado por essa companhia n\u00e3o obriga a administra\u00e7\u00e3o estatal a realizar uma licita\u00e7\u00e3o sobre aquele objeto estudado e nem a dar prefer\u00eancia \u00e0quela empresa caso venha a ser realizada uma licita\u00e7\u00e3o.<\/mark><\/strong> Ou seja, a organiza\u00e7\u00e3o privada pode optar por desenvolver os estudos, mas n\u00e3o h\u00e1 nenhuma garantia de que ela ser\u00e1 efetivamente contratada pelo Estado.&nbsp;<\/p>\n\n\n\n<p>Justamente por isso costuma-se dizer que, na teoria do mercado, o procedimento de manifesta\u00e7\u00e3o de interesse \u00e9 bastante interessante, mas, na pr\u00e1tica, j\u00e1 n\u00e3o \u00e9 bem assim&#8230;&nbsp;<\/p>\n\n\n\n<p>Por fim, o <mark style=\"background-color:rgba(0, 0, 0, 0)\" class=\"has-inline-color has-vivid-red-color\"><strong>procedimento de manifesta\u00e7\u00e3o de interesse poder\u00e1 tamb\u00e9m ser restrito apenas \u00e0 startups, assim considerados os microempreendedores individuais, as microempresas e as empresas de pequeno porte, de natureza emergente e com grande potencial, que se dediquem \u00e0 pesquisa, ao desenvolvimento e \u00e0 implementa\u00e7\u00e3o de novos produtos ou servi\u00e7os baseados em solu\u00e7\u00f5es tecnol\u00f3gicas inovadoras que possam causar alto impacto<\/strong>,<\/mark> exigida, na sele\u00e7\u00e3o definitiva da inova\u00e7\u00e3o, valida\u00e7\u00e3o pr\u00e9via fundamentada em m\u00e9tricas objetivas, de modo a demonstrar o atendimento das necessidades da Administra\u00e7\u00e3o.&nbsp;<\/p>\n\n\n\n<p>Passamos, portanto, por uma no\u00e7\u00e3o geral em rela\u00e7\u00e3o \u00e0 manifesta\u00e7\u00e3o de interesse como um procedimento auxiliar em licita\u00e7\u00e3o de acordo com a Nova lei de Licita\u00e7\u00f5es e Contratos Administrativos, norma de n\u00ba 14.133\/2021.&nbsp;<\/p>\n\n\n\n<h2 class=\"wp-block-heading\" id=\"h-consideracoes-finais-nbsp\"><strong>Considera\u00e7\u00f5es Finais<\/strong>&nbsp;<\/h2>\n\n\n\n<p>Chegamos ao final do nosso breve artigo sobre manifesta\u00e7\u00e3o de interesse, e esperamos que seja muito \u00fatil para a sua prepara\u00e7\u00e3o e aprova\u00e7\u00e3o.&nbsp;<\/p>\n\n\n\n<p><em>Lembre-se que \u00e9 essencial a <\/em><a href=\"https:\/\/www.estrategiaconcursos.com.br\/\" target=\"_blank\" rel=\"noreferrer noopener\"><em>leitura dos PDF\u2019s e a revis\u00e3o frequente dos conte\u00fados, para que assim os seus estudos fiquem cada vez mais avan\u00e7ados.<\/em><\/a><em>&nbsp;<\/em>&nbsp;<\/p>\n\n\n\n<p>Um grande abra\u00e7o e at\u00e9 mais!&nbsp;<\/p>\n\n\n\n<p class=\"has-text-align-center\"><strong>Quer saber quais ser\u00e3o os pr\u00f3ximos concursos?<\/strong>&nbsp;<\/p>\n\n\n\n<p class=\"has-text-align-center\"><strong>Confira nossos artigos!<\/strong>&nbsp;<\/p>\n\n\n\n<p class=\"has-text-align-center has-luminous-vivid-amber-background-color has-background\"><a href=\"https:\/\/www.estrategiaconcursos.com.br\/blog\/concursos-abertos\/\" target=\"_blank\" rel=\"noreferrer noopener\">Concursos abertos<\/a>&nbsp;<\/p>\n\n\n\n<p class=\"has-text-align-center has-luminous-vivid-amber-background-color has-background\"><a href=\"https:\/\/www.estrategiaconcursos.com.br\/blog\/concursos-2023\/\" target=\"_blank\" rel=\"noreferrer noopener\">Concursos 202<\/a><a href=\"https:\/\/www.estrategiaconcursos.com.br\/blog\/concursos-2024\/\" target=\"_blank\" rel=\"noreferrer noopener\">4<\/a>&nbsp;<\/p>\n\n\n\n<p class=\"has-text-align-center has-luminous-vivid-amber-background-color has-background\"><a href=\"https:\/\/www.estrategiaconcursos.com.br\/blog\/concursos-2025\/\" target=\"_blank\" rel=\"noreferrer noopener\">Concursos 2025<\/a>&nbsp;<\/p>\n","protected":false},"excerpt":{"rendered":"<p>Ol\u00e1, continue em frente, coruja! Para seguir com nossos estudos, hoje iremos avaliar um assunto importante em provas de concurso p\u00fablico na disciplina de Direito Administrativo: a manifesta\u00e7\u00e3o de interesse como um procedimento auxiliar em processos licitat\u00f3rios segundo a Lei 14.133\/2021.&nbsp; Entraremos basicamente nos seguintes t\u00f3picos:&nbsp; Dessa forma, analisando a Lei n\u00ba 14.133\/2021, tamb\u00e9m conhecida [&hellip;]<\/p>\n","protected":false},"author":2887,"featured_media":1489858,"comment_status":"open","ping_status":"closed","sticky":false,"template":"","format":"standard","meta":{"post_tipo":"article","footnotes":""},"categories":[1,1983,220182,220183],"tags":[],"tax_estado":[219964,219965,219966,219967,219968,219969,219963,219970,219971,219972,219973,219974,219975,219976,219977,219978,219979,219980,219981,219982,219983,219984,219985,219986,219987,219988,219989,219990],"class_list":["post-1488166","post","type-post","status-publish","format-standard","has-post-thumbnail","hentry","category-cursos-e-concursos","category-fiscal-estadual","category-fiscal-federal","category-fiscal-municipal","tax_estado-ac","tax_estado-al","tax_estado-am","tax_estado-ap","tax_estado-ba","tax_estado-ce","tax_estado-concursos-federais","tax_estado-df","tax_estado-es","tax_estado-go","tax_estado-ma","tax_estado-mg","tax_estado-ms","tax_estado-mt","tax_estado-pa","tax_estado-pb","tax_estado-pe","tax_estado-pi","tax_estado-pr","tax_estado-rj","tax_estado-rn","tax_estado-ro","tax_estado-rr","tax_estado-rs","tax_estado-sc","tax_estado-se","tax_estado-sp","tax_estado-to"],"acf":[],"yoast_head":"<!-- This site is optimized with the Yoast SEO Premium plugin v27.2 (Yoast SEO v27.2) - https:\/\/yoast.com\/product\/yoast-seo-premium-wordpress\/ -->\n<title>Procedimentos auxiliares em licita\u00e7\u00e3o: manifesta\u00e7\u00e3o de interesse<\/title>\n<meta name=\"description\" content=\"Hoje veremos um tema importante em concursos: a manifesta\u00e7\u00e3o de interesse como um procedimento auxiliar em processos licitat\u00f3rios.\" \/>\n<meta name=\"robots\" content=\"index, follow, max-snippet:-1, max-image-preview:large, max-video-preview:-1\" \/>\n<link rel=\"canonical\" href=\"https:\/\/www.estrategiaconcursos.com.br\/blog\/manifestacao-interesse\/\" \/>\n<meta property=\"og:locale\" content=\"pt_BR\" \/>\n<meta property=\"og:type\" content=\"article\" \/>\n<meta property=\"og:title\" content=\"Procedimentos auxiliares em licita\u00e7\u00e3o: manifesta\u00e7\u00e3o de interesse\" \/>\n<meta property=\"og:description\" content=\"Hoje veremos um tema importante em concursos: a manifesta\u00e7\u00e3o de interesse como um procedimento auxiliar em processos licitat\u00f3rios.\" \/>\n<meta property=\"og:url\" content=\"https:\/\/www.estrategiaconcursos.com.br\/blog\/manifestacao-interesse\/\" \/>\n<meta property=\"og:site_name\" content=\"Estrat\u00e9gia Concursos\" \/>\n<meta property=\"article:published_time\" content=\"2024-12-10T14:50:00+00:00\" \/>\n<meta property=\"og:image\" content=\"https:\/\/dhg1h5j42swfq.cloudfront.net\/2024\/11\/13154157\/image-183.png\" \/>\n\t<meta property=\"og:image:width\" content=\"380\" \/>\n\t<meta property=\"og:image:height\" content=\"213\" \/>\n\t<meta property=\"og:image:type\" content=\"image\/png\" \/>\n<meta name=\"author\" content=\"F\u00e1bio Prado dos Santos Santana\" \/>\n<meta name=\"twitter:card\" content=\"summary_large_image\" \/>\n<meta name=\"twitter:creator\" content=\"@EstratConcursos\" \/>\n<meta name=\"twitter:site\" content=\"@EstratConcursos\" \/>\n<meta name=\"twitter:label1\" content=\"Escrito por\" \/>\n\t<meta name=\"twitter:data1\" content=\"F\u00e1bio Prado dos Santos Santana\" \/>\n\t<meta name=\"twitter:label2\" content=\"Est. tempo de leitura\" \/>\n\t<meta name=\"twitter:data2\" content=\"5 minutos\" \/>\n<script type=\"application\/ld+json\" class=\"yoast-schema-graph\">{\"@context\":\"https:\/\/schema.org\",\"@graph\":[{\"@type\":\"NewsArticle\",\"@id\":\"https:\/\/www.estrategiaconcursos.com.br\/blog\/manifestacao-interesse\/#article\",\"isPartOf\":{\"@id\":\"https:\/\/www.estrategiaconcursos.com.br\/blog\/manifestacao-interesse\/\"},\"author\":{\"name\":\"F\u00e1bio Prado dos Santos Santana\",\"@id\":\"https:\/\/www.estrategiaconcursos.com.br\/blog\/#\/schema\/person\/b1af3515254fed0a6861d754def3f005\"},\"headline\":\"Procedimentos auxiliares em licita\u00e7\u00e3o: manifesta\u00e7\u00e3o de interesse\",\"datePublished\":\"2024-12-10T14:50:00+00:00\",\"mainEntityOfPage\":{\"@id\":\"https:\/\/www.estrategiaconcursos.com.br\/blog\/manifestacao-interesse\/\"},\"wordCount\":914,\"commentCount\":0,\"publisher\":{\"@id\":\"https:\/\/www.estrategiaconcursos.com.br\/blog\/#organization\"},\"image\":{\"@id\":\"https:\/\/www.estrategiaconcursos.com.br\/blog\/manifestacao-interesse\/#primaryimage\"},\"thumbnailUrl\":\"https:\/\/dhg1h5j42swfq.cloudfront.net\/2024\/11\/13154157\/image-183.png\",\"articleSection\":[\"Concursos P\u00fablicos\",\"Fiscal - Estadual (ICMS)\",\"Fiscal - Federal (RFB e AFT)\",\"Fiscal - Municipal (ISS)\"],\"inLanguage\":\"pt-BR\",\"potentialAction\":[{\"@type\":\"CommentAction\",\"name\":\"Comment\",\"target\":[\"https:\/\/www.estrategiaconcursos.com.br\/blog\/manifestacao-interesse\/#respond\"]}],\"copyrightYear\":\"2024\",\"copyrightHolder\":{\"@id\":\"https:\/\/www.estrategiaconcursos.com.br\/blog\/#organization\"}},{\"@type\":\"WebPage\",\"@id\":\"https:\/\/www.estrategiaconcursos.com.br\/blog\/manifestacao-interesse\/\",\"url\":\"https:\/\/www.estrategiaconcursos.com.br\/blog\/manifestacao-interesse\/\",\"name\":\"Procedimentos auxiliares em licita\u00e7\u00e3o: manifesta\u00e7\u00e3o de interesse\",\"isPartOf\":{\"@id\":\"https:\/\/www.estrategiaconcursos.com.br\/blog\/#website\"},\"primaryImageOfPage\":{\"@id\":\"https:\/\/www.estrategiaconcursos.com.br\/blog\/manifestacao-interesse\/#primaryimage\"},\"image\":{\"@id\":\"https:\/\/www.estrategiaconcursos.com.br\/blog\/manifestacao-interesse\/#primaryimage\"},\"thumbnailUrl\":\"https:\/\/dhg1h5j42swfq.cloudfront.net\/2024\/11\/13154157\/image-183.png\",\"datePublished\":\"2024-12-10T14:50:00+00:00\",\"description\":\"Hoje veremos um tema importante em concursos: a manifesta\u00e7\u00e3o de interesse como um procedimento auxiliar em processos licitat\u00f3rios.\",\"breadcrumb\":{\"@id\":\"https:\/\/www.estrategiaconcursos.com.br\/blog\/manifestacao-interesse\/#breadcrumb\"},\"inLanguage\":\"pt-BR\",\"potentialAction\":[{\"@type\":\"ReadAction\",\"target\":[\"https:\/\/www.estrategiaconcursos.com.br\/blog\/manifestacao-interesse\/\"]}]},{\"@type\":\"ImageObject\",\"inLanguage\":\"pt-BR\",\"@id\":\"https:\/\/www.estrategiaconcursos.com.br\/blog\/manifestacao-interesse\/#primaryimage\",\"url\":\"https:\/\/dhg1h5j42swfq.cloudfront.net\/2024\/11\/13154157\/image-183.png\",\"contentUrl\":\"https:\/\/dhg1h5j42swfq.cloudfront.net\/2024\/11\/13154157\/image-183.png\",\"width\":380,\"height\":213,\"caption\":\"credenciamento\"},{\"@type\":\"BreadcrumbList\",\"@id\":\"https:\/\/www.estrategiaconcursos.com.br\/blog\/manifestacao-interesse\/#breadcrumb\",\"itemListElement\":[{\"@type\":\"ListItem\",\"position\":1,\"name\":\"In\u00edcio\",\"item\":\"https:\/\/www.estrategiaconcursos.com.br\/blog\/\"},{\"@type\":\"ListItem\",\"position\":2,\"name\":\"Procedimentos auxiliares em licita\u00e7\u00e3o: manifesta\u00e7\u00e3o de interesse\"}]},{\"@type\":\"WebSite\",\"@id\":\"https:\/\/www.estrategiaconcursos.com.br\/blog\/#website\",\"url\":\"https:\/\/www.estrategiaconcursos.com.br\/blog\/\",\"name\":\"Estrat\u00e9gia Concursos\",\"description\":\"O blog da Estrat\u00e9gia Concursos traz not\u00edcias sobre concursos e artigos de professores oferecendo cursos para concursos (pdf + videaulas) no site.\",\"publisher\":{\"@id\":\"https:\/\/www.estrategiaconcursos.com.br\/blog\/#organization\"},\"potentialAction\":[{\"@type\":\"SearchAction\",\"target\":{\"@type\":\"EntryPoint\",\"urlTemplate\":\"https:\/\/www.estrategiaconcursos.com.br\/blog\/?s={search_term_string}\"},\"query-input\":{\"@type\":\"PropertyValueSpecification\",\"valueRequired\":true,\"valueName\":\"search_term_string\"}}],\"inLanguage\":\"pt-BR\"},{\"@type\":\"Organization\",\"@id\":\"https:\/\/www.estrategiaconcursos.com.br\/blog\/#organization\",\"name\":\"Estrat\u00e9gia Concursos\",\"url\":\"https:\/\/www.estrategiaconcursos.com.br\/blog\/\",\"logo\":{\"@type\":\"ImageObject\",\"inLanguage\":\"pt-BR\",\"@id\":\"https:\/\/www.estrategiaconcursos.com.br\/blog\/#\/schema\/logo\/image\/\",\"url\":\"https:\/\/dhg1h5j42swfq.cloudfront.net\/2025\/06\/03203428\/logo_concursos-1.jpg\",\"contentUrl\":\"https:\/\/dhg1h5j42swfq.cloudfront.net\/2025\/06\/03203428\/logo_concursos-1.jpg\",\"width\":230,\"height\":60,\"caption\":\"Estrat\u00e9gia Concursos\"},\"image\":{\"@id\":\"https:\/\/www.estrategiaconcursos.com.br\/blog\/#\/schema\/logo\/image\/\"},\"sameAs\":[\"https:\/\/x.com\/EstratConcursos\"]},{\"@type\":\"Person\",\"@id\":\"https:\/\/www.estrategiaconcursos.com.br\/blog\/#\/schema\/person\/b1af3515254fed0a6861d754def3f005\",\"name\":\"F\u00e1bio Prado dos Santos Santana\",\"image\":{\"@type\":\"ImageObject\",\"inLanguage\":\"pt-BR\",\"@id\":\"https:\/\/secure.gravatar.com\/avatar\/0e3399436850f804c1d7731313952ccf303887c14b1711595235048e3ec0299b?s=96&d=mm&r=g\",\"url\":\"https:\/\/secure.gravatar.com\/avatar\/0e3399436850f804c1d7731313952ccf303887c14b1711595235048e3ec0299b?s=96&d=mm&r=g\",\"contentUrl\":\"https:\/\/secure.gravatar.com\/avatar\/0e3399436850f804c1d7731313952ccf303887c14b1711595235048e3ec0299b?s=96&d=mm&r=g\",\"caption\":\"F\u00e1bio Prado dos Santos Santana\"},\"description\":\"Principais Aprova\u00e7\u00f5es em Concursos: Auditor Fiscal Tribut\u00e1rio Municipal - ISS S\u00e3o Paulo (2024); Auditor Fiscal - Receita Federal do Brasil (2023); Professor Efetivo - Universidade Federal de Sergipe (2014).\",\"url\":\"https:\/\/www.estrategiaconcursos.com.br\/blog\/author\/fabioprado-ufsgmail-com\/\"}]}<\/script>\n<!-- \/ Yoast SEO Premium plugin. -->","yoast_head_json":{"title":"Procedimentos auxiliares em licita\u00e7\u00e3o: manifesta\u00e7\u00e3o de interesse","description":"Hoje veremos um tema importante em concursos: a manifesta\u00e7\u00e3o de interesse como um procedimento auxiliar em processos licitat\u00f3rios.","robots":{"index":"index","follow":"follow","max-snippet":"max-snippet:-1","max-image-preview":"max-image-preview:large","max-video-preview":"max-video-preview:-1"},"canonical":"https:\/\/www.estrategiaconcursos.com.br\/blog\/manifestacao-interesse\/","og_locale":"pt_BR","og_type":"article","og_title":"Procedimentos auxiliares em licita\u00e7\u00e3o: manifesta\u00e7\u00e3o de interesse","og_description":"Hoje veremos um tema importante em concursos: a manifesta\u00e7\u00e3o de interesse como um procedimento auxiliar em processos licitat\u00f3rios.","og_url":"https:\/\/www.estrategiaconcursos.com.br\/blog\/manifestacao-interesse\/","og_site_name":"Estrat\u00e9gia Concursos","article_published_time":"2024-12-10T14:50:00+00:00","og_image":[{"width":380,"height":213,"url":"https:\/\/dhg1h5j42swfq.cloudfront.net\/2024\/11\/13154157\/image-183.png","type":"image\/png"}],"author":"F\u00e1bio Prado dos Santos Santana","twitter_card":"summary_large_image","twitter_creator":"@EstratConcursos","twitter_site":"@EstratConcursos","twitter_misc":{"Escrito por":"F\u00e1bio Prado dos Santos Santana","Est. tempo de leitura":"5 minutos"},"schema":{"@context":"https:\/\/schema.org","@graph":[{"@type":"NewsArticle","@id":"https:\/\/www.estrategiaconcursos.com.br\/blog\/manifestacao-interesse\/#article","isPartOf":{"@id":"https:\/\/www.estrategiaconcursos.com.br\/blog\/manifestacao-interesse\/"},"author":{"name":"F\u00e1bio Prado dos Santos Santana","@id":"https:\/\/www.estrategiaconcursos.com.br\/blog\/#\/schema\/person\/b1af3515254fed0a6861d754def3f005"},"headline":"Procedimentos auxiliares em licita\u00e7\u00e3o: manifesta\u00e7\u00e3o de interesse","datePublished":"2024-12-10T14:50:00+00:00","mainEntityOfPage":{"@id":"https:\/\/www.estrategiaconcursos.com.br\/blog\/manifestacao-interesse\/"},"wordCount":914,"commentCount":0,"publisher":{"@id":"https:\/\/www.estrategiaconcursos.com.br\/blog\/#organization"},"image":{"@id":"https:\/\/www.estrategiaconcursos.com.br\/blog\/manifestacao-interesse\/#primaryimage"},"thumbnailUrl":"https:\/\/dhg1h5j42swfq.cloudfront.net\/2024\/11\/13154157\/image-183.png","articleSection":["Concursos P\u00fablicos","Fiscal - Estadual (ICMS)","Fiscal - Federal (RFB e AFT)","Fiscal - Municipal (ISS)"],"inLanguage":"pt-BR","potentialAction":[{"@type":"CommentAction","name":"Comment","target":["https:\/\/www.estrategiaconcursos.com.br\/blog\/manifestacao-interesse\/#respond"]}],"copyrightYear":"2024","copyrightHolder":{"@id":"https:\/\/www.estrategiaconcursos.com.br\/blog\/#organization"}},{"@type":"WebPage","@id":"https:\/\/www.estrategiaconcursos.com.br\/blog\/manifestacao-interesse\/","url":"https:\/\/www.estrategiaconcursos.com.br\/blog\/manifestacao-interesse\/","name":"Procedimentos auxiliares em licita\u00e7\u00e3o: manifesta\u00e7\u00e3o de interesse","isPartOf":{"@id":"https:\/\/www.estrategiaconcursos.com.br\/blog\/#website"},"primaryImageOfPage":{"@id":"https:\/\/www.estrategiaconcursos.com.br\/blog\/manifestacao-interesse\/#primaryimage"},"image":{"@id":"https:\/\/www.estrategiaconcursos.com.br\/blog\/manifestacao-interesse\/#primaryimage"},"thumbnailUrl":"https:\/\/dhg1h5j42swfq.cloudfront.net\/2024\/11\/13154157\/image-183.png","datePublished":"2024-12-10T14:50:00+00:00","description":"Hoje veremos um tema importante em concursos: a manifesta\u00e7\u00e3o de interesse como um procedimento auxiliar em processos licitat\u00f3rios.","breadcrumb":{"@id":"https:\/\/www.estrategiaconcursos.com.br\/blog\/manifestacao-interesse\/#breadcrumb"},"inLanguage":"pt-BR","potentialAction":[{"@type":"ReadAction","target":["https:\/\/www.estrategiaconcursos.com.br\/blog\/manifestacao-interesse\/"]}]},{"@type":"ImageObject","inLanguage":"pt-BR","@id":"https:\/\/www.estrategiaconcursos.com.br\/blog\/manifestacao-interesse\/#primaryimage","url":"https:\/\/dhg1h5j42swfq.cloudfront.net\/2024\/11\/13154157\/image-183.png","contentUrl":"https:\/\/dhg1h5j42swfq.cloudfront.net\/2024\/11\/13154157\/image-183.png","width":380,"height":213,"caption":"credenciamento"},{"@type":"BreadcrumbList","@id":"https:\/\/www.estrategiaconcursos.com.br\/blog\/manifestacao-interesse\/#breadcrumb","itemListElement":[{"@type":"ListItem","position":1,"name":"In\u00edcio","item":"https:\/\/www.estrategiaconcursos.com.br\/blog\/"},{"@type":"ListItem","position":2,"name":"Procedimentos auxiliares em licita\u00e7\u00e3o: manifesta\u00e7\u00e3o de interesse"}]},{"@type":"WebSite","@id":"https:\/\/www.estrategiaconcursos.com.br\/blog\/#website","url":"https:\/\/www.estrategiaconcursos.com.br\/blog\/","name":"Estrat\u00e9gia Concursos","description":"O blog da Estrat\u00e9gia Concursos traz not\u00edcias sobre concursos e artigos de professores oferecendo cursos para concursos (pdf + videaulas) no site.","publisher":{"@id":"https:\/\/www.estrategiaconcursos.com.br\/blog\/#organization"},"potentialAction":[{"@type":"SearchAction","target":{"@type":"EntryPoint","urlTemplate":"https:\/\/www.estrategiaconcursos.com.br\/blog\/?s={search_term_string}"},"query-input":{"@type":"PropertyValueSpecification","valueRequired":true,"valueName":"search_term_string"}}],"inLanguage":"pt-BR"},{"@type":"Organization","@id":"https:\/\/www.estrategiaconcursos.com.br\/blog\/#organization","name":"Estrat\u00e9gia Concursos","url":"https:\/\/www.estrategiaconcursos.com.br\/blog\/","logo":{"@type":"ImageObject","inLanguage":"pt-BR","@id":"https:\/\/www.estrategiaconcursos.com.br\/blog\/#\/schema\/logo\/image\/","url":"https:\/\/dhg1h5j42swfq.cloudfront.net\/2025\/06\/03203428\/logo_concursos-1.jpg","contentUrl":"https:\/\/dhg1h5j42swfq.cloudfront.net\/2025\/06\/03203428\/logo_concursos-1.jpg","width":230,"height":60,"caption":"Estrat\u00e9gia Concursos"},"image":{"@id":"https:\/\/www.estrategiaconcursos.com.br\/blog\/#\/schema\/logo\/image\/"},"sameAs":["https:\/\/x.com\/EstratConcursos"]},{"@type":"Person","@id":"https:\/\/www.estrategiaconcursos.com.br\/blog\/#\/schema\/person\/b1af3515254fed0a6861d754def3f005","name":"F\u00e1bio Prado dos Santos Santana","image":{"@type":"ImageObject","inLanguage":"pt-BR","@id":"https:\/\/secure.gravatar.com\/avatar\/0e3399436850f804c1d7731313952ccf303887c14b1711595235048e3ec0299b?s=96&d=mm&r=g","url":"https:\/\/secure.gravatar.com\/avatar\/0e3399436850f804c1d7731313952ccf303887c14b1711595235048e3ec0299b?s=96&d=mm&r=g","contentUrl":"https:\/\/secure.gravatar.com\/avatar\/0e3399436850f804c1d7731313952ccf303887c14b1711595235048e3ec0299b?s=96&d=mm&r=g","caption":"F\u00e1bio Prado dos Santos Santana"},"description":"Principais Aprova\u00e7\u00f5es em Concursos: Auditor Fiscal Tribut\u00e1rio Municipal - ISS S\u00e3o Paulo (2024); Auditor Fiscal - Receita Federal do Brasil (2023); Professor Efetivo - Universidade Federal de Sergipe (2014).","url":"https:\/\/www.estrategiaconcursos.com.br\/blog\/author\/fabioprado-ufsgmail-com\/"}]}},"_links":{"self":[{"href":"https:\/\/www.estrategiaconcursos.com.br\/blog\/wp-json\/wp\/v2\/posts\/1488166","targetHints":{"allow":["GET"]}}],"collection":[{"href":"https:\/\/www.estrategiaconcursos.com.br\/blog\/wp-json\/wp\/v2\/posts"}],"about":[{"href":"https:\/\/www.estrategiaconcursos.com.br\/blog\/wp-json\/wp\/v2\/types\/post"}],"author":[{"embeddable":true,"href":"https:\/\/www.estrategiaconcursos.com.br\/blog\/wp-json\/wp\/v2\/users\/2887"}],"replies":[{"embeddable":true,"href":"https:\/\/www.estrategiaconcursos.com.br\/blog\/wp-json\/wp\/v2\/comments?post=1488166"}],"version-history":[{"count":2,"href":"https:\/\/www.estrategiaconcursos.com.br\/blog\/wp-json\/wp\/v2\/posts\/1488166\/revisions"}],"predecessor-version":[{"id":1489859,"href":"https:\/\/www.estrategiaconcursos.com.br\/blog\/wp-json\/wp\/v2\/posts\/1488166\/revisions\/1489859"}],"wp:featuredmedia":[{"embeddable":true,"href":"https:\/\/www.estrategiaconcursos.com.br\/blog\/wp-json\/wp\/v2\/media\/1489858"}],"wp:attachment":[{"href":"https:\/\/www.estrategiaconcursos.com.br\/blog\/wp-json\/wp\/v2\/media?parent=1488166"}],"wp:term":[{"taxonomy":"category","embeddable":true,"href":"https:\/\/www.estrategiaconcursos.com.br\/blog\/wp-json\/wp\/v2\/categories?post=1488166"},{"taxonomy":"post_tag","embeddable":true,"href":"https:\/\/www.estrategiaconcursos.com.br\/blog\/wp-json\/wp\/v2\/tags?post=1488166"},{"taxonomy":"tax_estado","embeddable":true,"href":"https:\/\/www.estrategiaconcursos.com.br\/blog\/wp-json\/wp\/v2\/tax_estado?post=1488166"}],"curies":[{"name":"wp","href":"https:\/\/api.w.org\/{rel}","templated":true}]}}