{"id":1487830,"date":"2024-11-12T10:19:00","date_gmt":"2024-11-12T13:19:00","guid":{"rendered":"https:\/\/www.estrategiaconcursos.com.br\/blog\/?p=1487830"},"modified":"2024-11-07T20:26:27","modified_gmt":"2024-11-07T23:26:27","slug":"concurso-policia-penal-rj-atribuicoes-cargo","status":"publish","type":"post","link":"https:\/\/www.estrategiaconcursos.com.br\/blog\/concurso-policia-penal-rj-atribuicoes-cargo\/","title":{"rendered":"Concurso Pol\u00edcia Penal RJ: confira as atribui\u00e7\u00f5es do cargo!"},"content":{"rendered":"\n<h3 class=\"wp-block-heading\" id=\"h-provas-previstas-em-23-de-fevereiro-de-2025\"><em><\/em><em>Provas previstas em 23 de fevereiro de 2025!<\/em><\/h3>\n\n\n\n<p>O edital do <strong>concurso p\u00fablico da Pol\u00edcia Penal RJ<\/strong> (<a href=\"https:\/\/www.estrategiaconcursos.com.br\/cursosPorConcurso\/secretaria-de-administracao-penitenciaria-do-rio-de-janeiro-seap-rj\/\" target=\"_blank\" rel=\"noreferrer noopener\">Secretaria de Administra\u00e7\u00e3o Penitenci\u00e1ria do Estado do Rio de Janeiro<\/a>) foi publicado com oferta de <strong>300 vagas imediatas<\/strong>, al\u00e9m de forma\u00e7\u00e3o de cadastro reserva.<\/p>\n\n\n\n<p>As oportunidades s\u00e3o para a carreira de&nbsp;<strong>Inspetor de Pol\u00edcia Penal<\/strong>, que exige escolaridade de n\u00edvel superior em qualquer \u00e1rea e Carteira Nacional de Habilita\u00e7\u00e3o (categoria B). O&nbsp;<strong>sal\u00e1rio inicial \u00e9 de R$ 7.337,58<\/strong>.<\/p>\n\n\n\n<h2 class=\"wp-block-heading\" id=\"h-e-quais-sao-as-atribuicoes-do-cargo-da-policia-penal-rj\">E quais s\u00e3o as atribui\u00e7\u00f5es do cargo da Pol\u00edcia Penal RJ?<\/h2>\n\n\n\n<ul class=\"wp-block-list\">\n<li>Exercer atividade de n\u00edvel m\u00e9dio, envolvendo a supervis\u00e3o, coordena\u00e7\u00e3o, orienta\u00e7\u00e3o e execu\u00e7\u00e3o de atividades relacionadas \u00e0 manuten\u00e7\u00e3o da ordem, seguran\u00e7a, disciplina e vigil\u00e2ncia dos estabelecimentos penais;<\/li>\n\n\n\n<li>Dirigir ve\u00edculos automotores terrestres oficiais;<\/li>\n\n\n\n<li>Escoltar presos e internos;<\/li>\n\n\n\n<li>Zelar pela seguran\u00e7a de pessoas ou bens;<\/li>\n\n\n\n<li>Participar ativamente dos programas de reabilita\u00e7\u00e3o social, tratamento e assist\u00eancia aos presos e internos;<\/li>\n\n\n\n<li>Exercer ainda, quando ocupante da 1\u00aa, 2\u00aa e 3\u00aa classes, atividades que envolvam maior complexidade e dificuldade, supervisionando-as;<\/li>\n\n\n\n<li>Revisar trabalho de funcion\u00e1rios de classe igual ou inferior, al\u00e9m do controle, orienta\u00e7\u00e3o, coordena\u00e7\u00e3o, fiscaliza\u00e7\u00e3o e a chefia de equipes de inspetores hierarquicamente subordinados;<\/li>\n\n\n\n<li>Executar atividades de apoio t\u00e9cnico operacional, no \u00e2mbito do sistema penitenci\u00e1rio, compreendendo estudos, pesquisas, an\u00e1lises e projetos sobre a administra\u00e7\u00e3o de pessoal, material, organiza\u00e7\u00e3o, m\u00e9todos e trabalhos t\u00e9cnicos de seguran\u00e7a penitenci\u00e1ria; e<\/li>\n\n\n\n<li>Exercer outras atividades que forem definidas por lei ou outro ato normativo.<\/li>\n<\/ul>\n\n\n\n<p>E ATEN\u00c7\u00c3O AO PRAZO: as&nbsp;<strong>inscri\u00e7\u00f5es poder\u00e3o ser efetuadas no per\u00edodo de 11 de novembro a 12 de dezembro<\/strong>, atrav\u00e9s do <a href=\"https:\/\/portal.coseac.uff.br\/project\/seaprj2024\/\" target=\"_blank\" rel=\"noreferrer noopener\">site da banca organizadora<\/a>, Coseac\/UFF. A taxa foi fixada no valor R$ 180,00.<\/p>\n\n\n\n<p class=\"has-text-align-center\"><em>Quer saber mais sobre as vagas, cargo, atribui\u00e7\u00f5es, requisitos e todos os detalhes do concurso Pol\u00edcia Penal RJ? Ent\u00e3o, acesse nosso artigo na \u00edntegra com todas as informa\u00e7\u00f5es:<\/em><\/p>\n\n\n\n<h2 class=\"wp-block-heading has-text-align-center has-cyan-bluish-gray-background-color has-background has-medium-font-size\" id=\"h-saiba-mais-concurso-policia-penal-do-rio-de-janeiro\">Saiba mais: <a href=\"https:\/\/www.estrategiaconcursos.com.br\/blog\/concurso-policia-penal-rj\/\" target=\"_blank\" rel=\"noreferrer noopener\">concurso Pol\u00edcia Penal do Rio de Janeiro<\/a><\/h2>\n\n\n\n<hr class=\"wp-block-separator has-alpha-channel-opacity\"\/>\n\n\n\n<h2 class=\"wp-block-heading has-text-align-center\" id=\"h-quer-saber-tudo-sobre-concursos-previstos-confira-nossos-artigos\">Quer saber tudo sobre concursos previstos?<br \/>Confira nossos artigos!<\/h2>\n\n\n\n<ul class=\"wp-block-list\">\n<li><a href=\"https:\/\/www.estrategiaconcursos.com.br\/blog\/concursos-abertos\/\" target=\"_blank\" rel=\"noreferrer noopener\">Concursos abertos<\/a><\/li>\n\n\n\n<li><a href=\"https:\/\/www.estrategiaconcursos.com.br\/blog\/concursos-2025\/\" target=\"_blank\" rel=\"noreferrer noopener\">Concursos 2025<\/a><\/li>\n\n\n\n<li><a href=\"https:\/\/www.estrategiaconcursos.com.br\/blog\/concursos-policia-penal\/\" target=\"_blank\" rel=\"noreferrer noopener\">Concursos de Pol\u00edcia Penal<\/a><\/li>\n<\/ul>\n\n\n\n<h2 class=\"wp-block-heading has-text-align-center\" id=\"h-quer-estudar-para-o-concurso-policia-penal-rj\">Quer estudar para o concurso Pol\u00edcia Penal RJ?<\/h2>\n\n\n\n<div class=\"container\" id=\"boxes\">\n  <div class=\"row\">\n\n    <div class=\"col-sm\">\n      <div class=\"banner-policia-penal\" id=\"box-assinatura\">\n        <h3 class=\"titulo-assinatura\">Concurso Pol\u00edcia Penal RJ<\/h3>\n        <p class=\"subtitulo-assinatura\">Conhe\u00e7a os cursos<\/p>\n        <div class=\"box-botao\">\n          <a class=\"btn-assinatura\" target=\"_blank\" href=\"https:\/\/www.estrategiaconcursos.com.br\/cursosPorConcurso\/secretaria-de-administracao-penitenciaria-do-rio-de-janeiro-seap-rj\/\" role=\"button\" rel=\"noopener noreferrer\">Conhe\u00e7a mais<\/a>\n        <\/div>\n      <\/div>\n     \n    <\/div>\n\n  <\/div>\n<\/div>\n\n\n\n<div class=\"container\" id=\"boxes\">\n  <div class=\"row\">\n\n    <div class=\"col-sm\">\n      <div class=\"estrategia\" id=\"box-assinatura\">\n        <h3 class=\"titulo-assinatura\">Assinatura Concursos<\/h3>\n        <p class=\"subtitulo-assinatura\">Assinatura de 1 ano ou 2 anos<\/p>\n        <div class=\"box-botao\">\n          <a class=\"btn-assinatura\" target=\"_blank\" href=\"https:\/\/www.estrategiaconcursos.com.br\/assinaturas\/\" role=\"button\" rel=\"noopener noreferrer\">ASSINE AGORA<\/a>\n        <\/div>\n      <\/div><\/div><\/div><\/div>\n","protected":false},"excerpt":{"rendered":"<p>Provas previstas em 23 de fevereiro de 2025! O edital do concurso p\u00fablico da Pol\u00edcia Penal RJ (Secretaria de Administra\u00e7\u00e3o Penitenci\u00e1ria do Estado do Rio de Janeiro) foi publicado com oferta de 300 vagas imediatas, al\u00e9m de forma\u00e7\u00e3o de cadastro reserva. As oportunidades s\u00e3o para a carreira de&nbsp;Inspetor de Pol\u00edcia Penal, que exige escolaridade de [&hellip;]<\/p>\n","protected":false},"author":2134,"featured_media":1190401,"comment_status":"open","ping_status":"closed","sticky":false,"template":"","format":"standard","meta":{"post_tipo":"news","footnotes":""},"categories":[220188,220219],"tags":[],"tax_estado":[219982],"class_list":["post-1487830","post","type-post","status-publish","format-standard","has-post-thumbnail","hentry","category-policial-agente-penitenciario","category-noticias","tax_estado-rj"],"acf":[],"yoast_head":"<!-- This site is optimized with the Yoast SEO Premium plugin v27.2 (Yoast SEO v27.2) - https:\/\/yoast.com\/product\/yoast-seo-premium-wordpress\/ -->\n<title>Concurso Pol\u00edcia Penal RJ: confira as atribui\u00e7\u00f5es do cargo!<\/title>\n<meta name=\"description\" content=\"Concurso Pol\u00edcia Penal RJ: confira quais s\u00e3o as atribui\u00e7\u00f5es do cargo de Inspetor de Pol\u00edcia Penal, cujo sal\u00e1rio inicial \u00e9 de R$ 7,7 mil.\" \/>\n<meta name=\"robots\" content=\"index, follow, max-snippet:-1, max-image-preview:large, max-video-preview:-1\" \/>\n<link rel=\"canonical\" href=\"https:\/\/www.estrategiaconcursos.com.br\/blog\/concurso-policia-penal-rj-atribuicoes-cargo\/\" \/>\n<meta property=\"og:locale\" content=\"pt_BR\" \/>\n<meta property=\"og:type\" content=\"article\" \/>\n<meta property=\"og:title\" content=\"Concurso Pol\u00edcia Penal RJ: confira as atribui\u00e7\u00f5es do cargo!\" \/>\n<meta property=\"og:description\" content=\"Concurso Pol\u00edcia Penal RJ: confira quais s\u00e3o as atribui\u00e7\u00f5es do cargo de Inspetor de Pol\u00edcia Penal, cujo sal\u00e1rio inicial \u00e9 de R$ 7,7 mil.\" \/>\n<meta property=\"og:url\" content=\"https:\/\/www.estrategiaconcursos.com.br\/blog\/concurso-policia-penal-rj-atribuicoes-cargo\/\" \/>\n<meta property=\"og:site_name\" content=\"Estrat\u00e9gia Concursos\" \/>\n<meta property=\"article:published_time\" content=\"2024-11-12T13:19:00+00:00\" \/>\n<meta property=\"og:image\" content=\"https:\/\/dhg1h5j42swfq.cloudfront.net\/2021\/04\/22101636\/concurso-policia-penal-rj.jpg\" \/>\n\t<meta property=\"og:image:width\" content=\"768\" \/>\n\t<meta property=\"og:image:height\" content=\"432\" \/>\n\t<meta property=\"og:image:type\" content=\"image\/jpeg\" \/>\n<meta name=\"author\" content=\"Rafaela Teixeira\" \/>\n<meta name=\"twitter:card\" content=\"summary_large_image\" \/>\n<meta name=\"twitter:creator\" content=\"@EstratConcursos\" \/>\n<meta name=\"twitter:site\" content=\"@EstratConcursos\" \/>\n<meta name=\"twitter:label1\" content=\"Escrito por\" \/>\n\t<meta name=\"twitter:data1\" content=\"Rafaela Teixeira\" \/>\n\t<meta name=\"twitter:label2\" content=\"Est. tempo de leitura\" \/>\n\t<meta name=\"twitter:data2\" content=\"2 minutos\" \/>\n<script type=\"application\/ld+json\" class=\"yoast-schema-graph\">{\"@context\":\"https:\/\/schema.org\",\"@graph\":[{\"@type\":\"NewsArticle\",\"@id\":\"https:\/\/www.estrategiaconcursos.com.br\/blog\/concurso-policia-penal-rj-atribuicoes-cargo\/#article\",\"isPartOf\":{\"@id\":\"https:\/\/www.estrategiaconcursos.com.br\/blog\/concurso-policia-penal-rj-atribuicoes-cargo\/\"},\"author\":{\"name\":\"Rafaela Teixeira\",\"@id\":\"https:\/\/www.estrategiaconcursos.com.br\/blog\/#\/schema\/person\/e75352021ea7f60781c599934f916eb1\"},\"headline\":\"Concurso Pol\u00edcia Penal RJ: confira as atribui\u00e7\u00f5es do cargo!\",\"datePublished\":\"2024-11-12T13:19:00+00:00\",\"mainEntityOfPage\":{\"@id\":\"https:\/\/www.estrategiaconcursos.com.br\/blog\/concurso-policia-penal-rj-atribuicoes-cargo\/\"},\"wordCount\":400,\"commentCount\":0,\"publisher\":{\"@id\":\"https:\/\/www.estrategiaconcursos.com.br\/blog\/#organization\"},\"image\":{\"@id\":\"https:\/\/www.estrategiaconcursos.com.br\/blog\/concurso-policia-penal-rj-atribuicoes-cargo\/#primaryimage\"},\"thumbnailUrl\":\"https:\/\/dhg1h5j42swfq.cloudfront.net\/2021\/04\/22101636\/concurso-policia-penal-rj.jpg\",\"articleSection\":[\"Policial (Agente Penitenci\u00e1rio)\",\"\u00daltimas not\u00edcias\"],\"inLanguage\":\"pt-BR\",\"potentialAction\":[{\"@type\":\"CommentAction\",\"name\":\"Comment\",\"target\":[\"https:\/\/www.estrategiaconcursos.com.br\/blog\/concurso-policia-penal-rj-atribuicoes-cargo\/#respond\"]}],\"copyrightYear\":\"2024\",\"copyrightHolder\":{\"@id\":\"https:\/\/www.estrategiaconcursos.com.br\/blog\/#organization\"}},{\"@type\":\"WebPage\",\"@id\":\"https:\/\/www.estrategiaconcursos.com.br\/blog\/concurso-policia-penal-rj-atribuicoes-cargo\/\",\"url\":\"https:\/\/www.estrategiaconcursos.com.br\/blog\/concurso-policia-penal-rj-atribuicoes-cargo\/\",\"name\":\"Concurso Pol\u00edcia Penal RJ: confira as atribui\u00e7\u00f5es do cargo!\",\"isPartOf\":{\"@id\":\"https:\/\/www.estrategiaconcursos.com.br\/blog\/#website\"},\"primaryImageOfPage\":{\"@id\":\"https:\/\/www.estrategiaconcursos.com.br\/blog\/concurso-policia-penal-rj-atribuicoes-cargo\/#primaryimage\"},\"image\":{\"@id\":\"https:\/\/www.estrategiaconcursos.com.br\/blog\/concurso-policia-penal-rj-atribuicoes-cargo\/#primaryimage\"},\"thumbnailUrl\":\"https:\/\/dhg1h5j42swfq.cloudfront.net\/2021\/04\/22101636\/concurso-policia-penal-rj.jpg\",\"datePublished\":\"2024-11-12T13:19:00+00:00\",\"description\":\"Concurso Pol\u00edcia Penal RJ: confira quais s\u00e3o as atribui\u00e7\u00f5es do cargo de Inspetor de Pol\u00edcia Penal, cujo sal\u00e1rio inicial \u00e9 de R$ 7,7 mil.\",\"breadcrumb\":{\"@id\":\"https:\/\/www.estrategiaconcursos.com.br\/blog\/concurso-policia-penal-rj-atribuicoes-cargo\/#breadcrumb\"},\"inLanguage\":\"pt-BR\",\"potentialAction\":[{\"@type\":\"ReadAction\",\"target\":[\"https:\/\/www.estrategiaconcursos.com.br\/blog\/concurso-policia-penal-rj-atribuicoes-cargo\/\"]}]},{\"@type\":\"ImageObject\",\"inLanguage\":\"pt-BR\",\"@id\":\"https:\/\/www.estrategiaconcursos.com.br\/blog\/concurso-policia-penal-rj-atribuicoes-cargo\/#primaryimage\",\"url\":\"https:\/\/dhg1h5j42swfq.cloudfront.net\/2021\/04\/22101636\/concurso-policia-penal-rj.jpg\",\"contentUrl\":\"https:\/\/dhg1h5j42swfq.cloudfront.net\/2021\/04\/22101636\/concurso-policia-penal-rj.jpg\",\"width\":768,\"height\":432,\"caption\":\"Concurso Pol\u00edcia Penal RJ\"},{\"@type\":\"BreadcrumbList\",\"@id\":\"https:\/\/www.estrategiaconcursos.com.br\/blog\/concurso-policia-penal-rj-atribuicoes-cargo\/#breadcrumb\",\"itemListElement\":[{\"@type\":\"ListItem\",\"position\":1,\"name\":\"In\u00edcio\",\"item\":\"https:\/\/www.estrategiaconcursos.com.br\/blog\/\"},{\"@type\":\"ListItem\",\"position\":2,\"name\":\"Concurso Pol\u00edcia Penal RJ: confira as atribui\u00e7\u00f5es do cargo!\"}]},{\"@type\":\"WebSite\",\"@id\":\"https:\/\/www.estrategiaconcursos.com.br\/blog\/#website\",\"url\":\"https:\/\/www.estrategiaconcursos.com.br\/blog\/\",\"name\":\"Estrat\u00e9gia Concursos\",\"description\":\"O blog da Estrat\u00e9gia Concursos traz not\u00edcias sobre concursos e artigos de professores oferecendo cursos para concursos (pdf + videaulas) no site.\",\"publisher\":{\"@id\":\"https:\/\/www.estrategiaconcursos.com.br\/blog\/#organization\"},\"potentialAction\":[{\"@type\":\"SearchAction\",\"target\":{\"@type\":\"EntryPoint\",\"urlTemplate\":\"https:\/\/www.estrategiaconcursos.com.br\/blog\/?s={search_term_string}\"},\"query-input\":{\"@type\":\"PropertyValueSpecification\",\"valueRequired\":true,\"valueName\":\"search_term_string\"}}],\"inLanguage\":\"pt-BR\"},{\"@type\":\"Organization\",\"@id\":\"https:\/\/www.estrategiaconcursos.com.br\/blog\/#organization\",\"name\":\"Estrat\u00e9gia Concursos\",\"url\":\"https:\/\/www.estrategiaconcursos.com.br\/blog\/\",\"logo\":{\"@type\":\"ImageObject\",\"inLanguage\":\"pt-BR\",\"@id\":\"https:\/\/www.estrategiaconcursos.com.br\/blog\/#\/schema\/logo\/image\/\",\"url\":\"https:\/\/dhg1h5j42swfq.cloudfront.net\/2025\/06\/03203428\/logo_concursos-1.jpg\",\"contentUrl\":\"https:\/\/dhg1h5j42swfq.cloudfront.net\/2025\/06\/03203428\/logo_concursos-1.jpg\",\"width\":230,\"height\":60,\"caption\":\"Estrat\u00e9gia Concursos\"},\"image\":{\"@id\":\"https:\/\/www.estrategiaconcursos.com.br\/blog\/#\/schema\/logo\/image\/\"},\"sameAs\":[\"https:\/\/x.com\/EstratConcursos\"]},{\"@type\":\"Person\",\"@id\":\"https:\/\/www.estrategiaconcursos.com.br\/blog\/#\/schema\/person\/e75352021ea7f60781c599934f916eb1\",\"name\":\"Rafaela Teixeira\",\"image\":{\"@type\":\"ImageObject\",\"inLanguage\":\"pt-BR\",\"@id\":\"https:\/\/secure.gravatar.com\/avatar\/8a349a2b22039b1ee88fc06461487c950fd6aa411ea8af8633314b43334ae793?s=96&d=mm&r=g\",\"url\":\"https:\/\/secure.gravatar.com\/avatar\/8a349a2b22039b1ee88fc06461487c950fd6aa411ea8af8633314b43334ae793?s=96&d=mm&r=g\",\"contentUrl\":\"https:\/\/secure.gravatar.com\/avatar\/8a349a2b22039b1ee88fc06461487c950fd6aa411ea8af8633314b43334ae793?s=96&d=mm&r=g\",\"caption\":\"Rafaela Teixeira\"},\"description\":\"Rafaela Teixeira \u00e9 advogada conveniada \u00e0 Defensoria P\u00fablica de S\u00e3o Paulo pela OAB, com experi\u00eancia em reda\u00e7\u00e3o jur\u00eddica e atua\u00e7\u00e3o em institui\u00e7\u00f5es p\u00fablicas, incluindo est\u00e1gio no TRE-SP. Possui mais de 7 anos de experi\u00eancia na produ\u00e7\u00e3o de conte\u00fados voltados ao nicho de concursos p\u00fablicos, com foco em apura\u00e7\u00e3o jornal\u00edstica cont\u00ednua, an\u00e1lise de editais e obten\u00e7\u00e3o de informa\u00e7\u00f5es diretamente junto a \u00f3rg\u00e3os e fontes oficiais. No Blog do Estrat\u00e9gia Concursos, atua como Analista de Conte\u00fado S\u00eanior, respons\u00e1vel pelo jornalismo do per\u00edodo noturno e da madrugada, com atua\u00e7\u00e3o transversal na cobertura de concursos p\u00fablicos, garantindo a continuidade, fluidez e confiabilidade das publica\u00e7\u00f5es e dos bastidores dos certames.\",\"url\":\"https:\/\/www.estrategiaconcursos.com.br\/blog\/author\/rafaela-teixeira\/\"}]}<\/script>\n<!-- \/ Yoast SEO Premium plugin. -->","yoast_head_json":{"title":"Concurso Pol\u00edcia Penal RJ: confira as atribui\u00e7\u00f5es do cargo!","description":"Concurso Pol\u00edcia Penal RJ: confira quais s\u00e3o as atribui\u00e7\u00f5es do cargo de Inspetor de Pol\u00edcia Penal, cujo sal\u00e1rio inicial \u00e9 de R$ 7,7 mil.","robots":{"index":"index","follow":"follow","max-snippet":"max-snippet:-1","max-image-preview":"max-image-preview:large","max-video-preview":"max-video-preview:-1"},"canonical":"https:\/\/www.estrategiaconcursos.com.br\/blog\/concurso-policia-penal-rj-atribuicoes-cargo\/","og_locale":"pt_BR","og_type":"article","og_title":"Concurso Pol\u00edcia Penal RJ: confira as atribui\u00e7\u00f5es do cargo!","og_description":"Concurso Pol\u00edcia Penal RJ: confira quais s\u00e3o as atribui\u00e7\u00f5es do cargo de Inspetor de Pol\u00edcia Penal, cujo sal\u00e1rio inicial \u00e9 de R$ 7,7 mil.","og_url":"https:\/\/www.estrategiaconcursos.com.br\/blog\/concurso-policia-penal-rj-atribuicoes-cargo\/","og_site_name":"Estrat\u00e9gia Concursos","article_published_time":"2024-11-12T13:19:00+00:00","og_image":[{"width":768,"height":432,"url":"https:\/\/dhg1h5j42swfq.cloudfront.net\/2021\/04\/22101636\/concurso-policia-penal-rj.jpg","type":"image\/jpeg"}],"author":"Rafaela Teixeira","twitter_card":"summary_large_image","twitter_creator":"@EstratConcursos","twitter_site":"@EstratConcursos","twitter_misc":{"Escrito por":"Rafaela Teixeira","Est. tempo de leitura":"2 minutos"},"schema":{"@context":"https:\/\/schema.org","@graph":[{"@type":"NewsArticle","@id":"https:\/\/www.estrategiaconcursos.com.br\/blog\/concurso-policia-penal-rj-atribuicoes-cargo\/#article","isPartOf":{"@id":"https:\/\/www.estrategiaconcursos.com.br\/blog\/concurso-policia-penal-rj-atribuicoes-cargo\/"},"author":{"name":"Rafaela Teixeira","@id":"https:\/\/www.estrategiaconcursos.com.br\/blog\/#\/schema\/person\/e75352021ea7f60781c599934f916eb1"},"headline":"Concurso Pol\u00edcia Penal RJ: confira as atribui\u00e7\u00f5es do cargo!","datePublished":"2024-11-12T13:19:00+00:00","mainEntityOfPage":{"@id":"https:\/\/www.estrategiaconcursos.com.br\/blog\/concurso-policia-penal-rj-atribuicoes-cargo\/"},"wordCount":400,"commentCount":0,"publisher":{"@id":"https:\/\/www.estrategiaconcursos.com.br\/blog\/#organization"},"image":{"@id":"https:\/\/www.estrategiaconcursos.com.br\/blog\/concurso-policia-penal-rj-atribuicoes-cargo\/#primaryimage"},"thumbnailUrl":"https:\/\/dhg1h5j42swfq.cloudfront.net\/2021\/04\/22101636\/concurso-policia-penal-rj.jpg","articleSection":["Policial (Agente Penitenci\u00e1rio)","\u00daltimas not\u00edcias"],"inLanguage":"pt-BR","potentialAction":[{"@type":"CommentAction","name":"Comment","target":["https:\/\/www.estrategiaconcursos.com.br\/blog\/concurso-policia-penal-rj-atribuicoes-cargo\/#respond"]}],"copyrightYear":"2024","copyrightHolder":{"@id":"https:\/\/www.estrategiaconcursos.com.br\/blog\/#organization"}},{"@type":"WebPage","@id":"https:\/\/www.estrategiaconcursos.com.br\/blog\/concurso-policia-penal-rj-atribuicoes-cargo\/","url":"https:\/\/www.estrategiaconcursos.com.br\/blog\/concurso-policia-penal-rj-atribuicoes-cargo\/","name":"Concurso Pol\u00edcia Penal RJ: confira as atribui\u00e7\u00f5es do cargo!","isPartOf":{"@id":"https:\/\/www.estrategiaconcursos.com.br\/blog\/#website"},"primaryImageOfPage":{"@id":"https:\/\/www.estrategiaconcursos.com.br\/blog\/concurso-policia-penal-rj-atribuicoes-cargo\/#primaryimage"},"image":{"@id":"https:\/\/www.estrategiaconcursos.com.br\/blog\/concurso-policia-penal-rj-atribuicoes-cargo\/#primaryimage"},"thumbnailUrl":"https:\/\/dhg1h5j42swfq.cloudfront.net\/2021\/04\/22101636\/concurso-policia-penal-rj.jpg","datePublished":"2024-11-12T13:19:00+00:00","description":"Concurso Pol\u00edcia Penal RJ: confira quais s\u00e3o as atribui\u00e7\u00f5es do cargo de Inspetor de Pol\u00edcia Penal, cujo sal\u00e1rio inicial \u00e9 de R$ 7,7 mil.","breadcrumb":{"@id":"https:\/\/www.estrategiaconcursos.com.br\/blog\/concurso-policia-penal-rj-atribuicoes-cargo\/#breadcrumb"},"inLanguage":"pt-BR","potentialAction":[{"@type":"ReadAction","target":["https:\/\/www.estrategiaconcursos.com.br\/blog\/concurso-policia-penal-rj-atribuicoes-cargo\/"]}]},{"@type":"ImageObject","inLanguage":"pt-BR","@id":"https:\/\/www.estrategiaconcursos.com.br\/blog\/concurso-policia-penal-rj-atribuicoes-cargo\/#primaryimage","url":"https:\/\/dhg1h5j42swfq.cloudfront.net\/2021\/04\/22101636\/concurso-policia-penal-rj.jpg","contentUrl":"https:\/\/dhg1h5j42swfq.cloudfront.net\/2021\/04\/22101636\/concurso-policia-penal-rj.jpg","width":768,"height":432,"caption":"Concurso Pol\u00edcia Penal RJ"},{"@type":"BreadcrumbList","@id":"https:\/\/www.estrategiaconcursos.com.br\/blog\/concurso-policia-penal-rj-atribuicoes-cargo\/#breadcrumb","itemListElement":[{"@type":"ListItem","position":1,"name":"In\u00edcio","item":"https:\/\/www.estrategiaconcursos.com.br\/blog\/"},{"@type":"ListItem","position":2,"name":"Concurso Pol\u00edcia Penal RJ: confira as atribui\u00e7\u00f5es do cargo!"}]},{"@type":"WebSite","@id":"https:\/\/www.estrategiaconcursos.com.br\/blog\/#website","url":"https:\/\/www.estrategiaconcursos.com.br\/blog\/","name":"Estrat\u00e9gia Concursos","description":"O blog da Estrat\u00e9gia Concursos traz not\u00edcias sobre concursos e artigos de professores oferecendo cursos para concursos (pdf + videaulas) no site.","publisher":{"@id":"https:\/\/www.estrategiaconcursos.com.br\/blog\/#organization"},"potentialAction":[{"@type":"SearchAction","target":{"@type":"EntryPoint","urlTemplate":"https:\/\/www.estrategiaconcursos.com.br\/blog\/?s={search_term_string}"},"query-input":{"@type":"PropertyValueSpecification","valueRequired":true,"valueName":"search_term_string"}}],"inLanguage":"pt-BR"},{"@type":"Organization","@id":"https:\/\/www.estrategiaconcursos.com.br\/blog\/#organization","name":"Estrat\u00e9gia Concursos","url":"https:\/\/www.estrategiaconcursos.com.br\/blog\/","logo":{"@type":"ImageObject","inLanguage":"pt-BR","@id":"https:\/\/www.estrategiaconcursos.com.br\/blog\/#\/schema\/logo\/image\/","url":"https:\/\/dhg1h5j42swfq.cloudfront.net\/2025\/06\/03203428\/logo_concursos-1.jpg","contentUrl":"https:\/\/dhg1h5j42swfq.cloudfront.net\/2025\/06\/03203428\/logo_concursos-1.jpg","width":230,"height":60,"caption":"Estrat\u00e9gia Concursos"},"image":{"@id":"https:\/\/www.estrategiaconcursos.com.br\/blog\/#\/schema\/logo\/image\/"},"sameAs":["https:\/\/x.com\/EstratConcursos"]},{"@type":"Person","@id":"https:\/\/www.estrategiaconcursos.com.br\/blog\/#\/schema\/person\/e75352021ea7f60781c599934f916eb1","name":"Rafaela Teixeira","image":{"@type":"ImageObject","inLanguage":"pt-BR","@id":"https:\/\/secure.gravatar.com\/avatar\/8a349a2b22039b1ee88fc06461487c950fd6aa411ea8af8633314b43334ae793?s=96&d=mm&r=g","url":"https:\/\/secure.gravatar.com\/avatar\/8a349a2b22039b1ee88fc06461487c950fd6aa411ea8af8633314b43334ae793?s=96&d=mm&r=g","contentUrl":"https:\/\/secure.gravatar.com\/avatar\/8a349a2b22039b1ee88fc06461487c950fd6aa411ea8af8633314b43334ae793?s=96&d=mm&r=g","caption":"Rafaela Teixeira"},"description":"Rafaela Teixeira \u00e9 advogada conveniada \u00e0 Defensoria P\u00fablica de S\u00e3o Paulo pela OAB, com experi\u00eancia em reda\u00e7\u00e3o jur\u00eddica e atua\u00e7\u00e3o em institui\u00e7\u00f5es p\u00fablicas, incluindo est\u00e1gio no TRE-SP. Possui mais de 7 anos de experi\u00eancia na produ\u00e7\u00e3o de conte\u00fados voltados ao nicho de concursos p\u00fablicos, com foco em apura\u00e7\u00e3o jornal\u00edstica cont\u00ednua, an\u00e1lise de editais e obten\u00e7\u00e3o de informa\u00e7\u00f5es diretamente junto a \u00f3rg\u00e3os e fontes oficiais. No Blog do Estrat\u00e9gia Concursos, atua como Analista de Conte\u00fado S\u00eanior, respons\u00e1vel pelo jornalismo do per\u00edodo noturno e da madrugada, com atua\u00e7\u00e3o transversal na cobertura de concursos p\u00fablicos, garantindo a continuidade, fluidez e confiabilidade das publica\u00e7\u00f5es e dos bastidores dos certames.","url":"https:\/\/www.estrategiaconcursos.com.br\/blog\/author\/rafaela-teixeira\/"}]}},"_links":{"self":[{"href":"https:\/\/www.estrategiaconcursos.com.br\/blog\/wp-json\/wp\/v2\/posts\/1487830","targetHints":{"allow":["GET"]}}],"collection":[{"href":"https:\/\/www.estrategiaconcursos.com.br\/blog\/wp-json\/wp\/v2\/posts"}],"about":[{"href":"https:\/\/www.estrategiaconcursos.com.br\/blog\/wp-json\/wp\/v2\/types\/post"}],"author":[{"embeddable":true,"href":"https:\/\/www.estrategiaconcursos.com.br\/blog\/wp-json\/wp\/v2\/users\/2134"}],"replies":[{"embeddable":true,"href":"https:\/\/www.estrategiaconcursos.com.br\/blog\/wp-json\/wp\/v2\/comments?post=1487830"}],"version-history":[{"count":5,"href":"https:\/\/www.estrategiaconcursos.com.br\/blog\/wp-json\/wp\/v2\/posts\/1487830\/revisions"}],"predecessor-version":[{"id":1487837,"href":"https:\/\/www.estrategiaconcursos.com.br\/blog\/wp-json\/wp\/v2\/posts\/1487830\/revisions\/1487837"}],"wp:featuredmedia":[{"embeddable":true,"href":"https:\/\/www.estrategiaconcursos.com.br\/blog\/wp-json\/wp\/v2\/media\/1190401"}],"wp:attachment":[{"href":"https:\/\/www.estrategiaconcursos.com.br\/blog\/wp-json\/wp\/v2\/media?parent=1487830"}],"wp:term":[{"taxonomy":"category","embeddable":true,"href":"https:\/\/www.estrategiaconcursos.com.br\/blog\/wp-json\/wp\/v2\/categories?post=1487830"},{"taxonomy":"post_tag","embeddable":true,"href":"https:\/\/www.estrategiaconcursos.com.br\/blog\/wp-json\/wp\/v2\/tags?post=1487830"},{"taxonomy":"tax_estado","embeddable":true,"href":"https:\/\/www.estrategiaconcursos.com.br\/blog\/wp-json\/wp\/v2\/tax_estado?post=1487830"}],"curies":[{"name":"wp","href":"https:\/\/api.w.org\/{rel}","templated":true}]}}