{"id":148698,"date":"2018-10-23T22:47:10","date_gmt":"2018-10-24T01:47:10","guid":{"rendered":"https:\/\/www.estrategiaconcursos.com.br\/blog\/?p=148698"},"modified":"2018-10-24T15:57:38","modified_gmt":"2018-10-24T18:57:38","slug":"mpu-legislacao-do-mpu-analista-possibilidade-de-recurso","status":"publish","type":"post","link":"https:\/\/www.estrategiaconcursos.com.br\/blog\/mpu-legislacao-do-mpu-analista-possibilidade-de-recurso\/","title":{"rendered":"MPU &#8211; Legisla\u00e7\u00e3o do MPU (ANALISTA) &#8211; Possibilidade de recurso"},"content":{"rendered":"<p><span style=\"font-family: arial, helvetica, sans-serif\">Fala, pessoal!<\/span><\/p>\n<p><span style=\"font-family: arial, helvetica, sans-serif\">O CESPE divulgou os gabaritos preliminares da prova de <span style=\"text-decoration: underline\"><strong>ANALISTA<\/strong><\/span>.<\/span><\/p>\n<p><span style=\"font-family: arial, helvetica, sans-serif\">A quest\u00e3o abaixo foi considerada como CORRETA pela banca examinadora.<\/span><\/p>\n<p style=\"padding-left: 60px;text-align: justify\"><span style=\"font-family: arial, helvetica, sans-serif;color: #0000ff\">A autonomia funcional abrange todos os \u00f3rg\u00e3os que comp\u00f5em o Minist\u00e9rio P\u00fablico e garante que seus membros n\u00e3o se submetam aos Poderes Legislativo, Executivo e Judici\u00e1rio nem a outro \u00f3rg\u00e3o ou autoridade p\u00fablica.<\/span><\/p>\n<p style=\"text-align: justify\"><span style=\"font-family: arial, helvetica, sans-serif\">Como previsto em nossa an\u00e1lise extraoficial, a quest\u00e3o seria controversa.<\/span><\/p>\n<p>&nbsp;<\/p>\n<p style=\"text-align: center\"><span style=\"color: #0000ff\"><a style=\"color: #0000ff\" href=\"https:\/\/www.estrategiaconcursos.com.br\/blog\/mpu-gabarito-extraoficial-de-legislacao-do-mpu\/\"><span style=\"font-family: 'book antiqua', palatino, serif\"><strong>CONFIRA AQUI A AN\u00c1LISE DE TODAS AS QUEST\u00d5ES DE LEGISLA\u00c7\u00c3O DO MPU<\/strong><\/span><\/a><\/span><\/p>\n<p>&nbsp;<\/p>\n<p style=\"text-align: justify\"><span style=\"font-family: arial, helvetica, sans-serif\">Em nosso entendimento, o item encontra-se <span style=\"text-decoration: underline\"><strong>ERRADO<\/strong><\/span>, conforme explana\u00e7\u00e3o a seguir:<\/span><\/p>\n<p style=\"text-align: justify\"><span style=\"font-family: arial, helvetica, sans-serif\">Inicialmente, cabe destacar que a quest\u00e3o \u201cmistura\u201d os conceitos de autonomia e independ\u00eancia funcional.<\/span><\/p>\n<ul style=\"list-style-type: circle;text-align: justify\">\n<li style=\"text-align: justify\"><span style=\"font-family: arial, helvetica, sans-serif\"><span style=\"color: #0000ff\"><strong><u>AUTONOMIA FUNCIONAL<\/u><\/strong><\/span>\u00a0&#8211; A autonomia funcional do Minist\u00e9rio P\u00fablico significa que a Institui\u00e7\u00e3o est\u00e1 <strong>isenta de qualquer influ\u00eancia externa no exerc\u00edcio de sua atividade-fim. <\/strong>Desta forma, <strong>poder\u00e1 o MP adotar as medidas que entender necess\u00e1rias<\/strong>, e que sejam permitidas pelo ordenamento jur\u00eddico, <strong>em face de quaisquer agentes<\/strong>, \u00f3rg\u00e3os ou Institui\u00e7\u00f5es, de car\u00e1ter p\u00fablico ou privado, n\u00e3o dependendo da autoriza\u00e7\u00e3o ou anu\u00eancia de quem quer que seja.<\/span><\/li>\n<\/ul>\n<ul style=\"list-style-type: circle;text-align: justify\">\n<li style=\"text-align: justify\"><span style=\"font-family: arial, helvetica, sans-serif\"><strong><span style=\"color: #0000ff\"><u>INDEPEND\u00caNCIA FUNCIONAL<\/u><\/span>\u00a0<\/strong>&#8211; A \u00a0<strong>independ\u00eancia funcional dos seus membros<\/strong>, embora se pare\u00e7a com a autonomia do MP, possui um vi\u00e9s mais ideol\u00f3gico, relacionado \u00e0 sua liberdade de convic\u00e7\u00e3o, ou seja, <strong>o membro do MP deve agir conforme sua convic\u00e7\u00e3o em cada caso, n\u00e3o devendo seguir entendimentos adotados pelos \u00f3rg\u00e3os da Administra\u00e7\u00e3o Superior do MP\u00a0<\/strong>ou quaisquer outros \u00f3rg\u00e3os.<\/span><\/li>\n<\/ul>\n<p><span style=\"font-family: arial, helvetica, sans-serif\">Ademais, \u00e9 importante lembrar que, conceitualmente, independ\u00eancia funcional e autonomia funcional,\u00a0nas palavras do saudoso mestre Hely Lopes Meirelles, s\u00e3o diferentes e, al\u00e9m disso, os atos funcionais podem se submeter ao controle pelo Poder Judici\u00e1rio.<\/span><\/p>\n<blockquote>\n<p style=\"text-align: justify\"><span style=\"font-size: 10pt\"><em><span style=\"font-family: arial, helvetica, sans-serif\">&#8220;<span style=\"color: #0000ff\"><strong>independ\u00eancia e autonomia, do ponto de vista jur\u00eddico-administrativo, s\u00e3o conceitos diversos e com efeitos diferentes<\/strong><\/span>. A independ\u00eancia \u00e9 de car\u00e1ter absoluto; a autonomia \u00e9 relativa a \u00a0outro \u00f3rg\u00e3o, agente ou Poder. Ora, no que concerne ao desempenho da fun\u00e7\u00e3o ministerial, pelo \u00f3rg\u00e3o (Minist\u00e9rio P\u00fablico) e seus agentes (Promotores, Procuradores), h\u00e1 independ\u00eancia de atua\u00e7\u00e3o e n\u00e3o apenas &#8216;autonomia funcional&#8217;. Os membros do Minist\u00e9rio P\u00fablico quando desempenham as suas atribui\u00e7\u00f5es institucionais n\u00e3o est\u00e3o sujeitos a qualquer subordina\u00e7\u00e3o hier\u00e1rquica ou supervis\u00e3o org\u00e2nica do Estado a que pertencem. <strong><u>Seus atos funcionais s\u00f3 se submetem ao controle do Poder Judici\u00e1rio, quando praticados com excesso ou abuso de poder, lesivo de direito individual ou infringente das normas legais que regem a sua conduta<\/u><\/strong>. Essa submiss\u00e3o ao controle judicial n\u00e3o descaracteriza a sua independ\u00eancia funcional, pois tem sede constitucional no mandamento universal do artigo 153, \u00a7 4\u00ba, da Lei Maior (EC n\u00ba 1\/69), abrangente de toda conduta humana abusiva ou ilegal&#8221; (Parecer sobre o Minist\u00e9rio P\u00fablico, in Justitia n\u00ba 123\/185.)<\/span><\/em><\/span><\/p>\n<\/blockquote>\n<p>&nbsp;<\/p>\n<p style=\"text-align: justify\"><span style=\"font-family: arial, helvetica, sans-serif\">Por esse motivo, n\u00e3o podemos tratar a autonomia funcional e independ\u00eancia funcional como sin\u00f4nimos.<\/span><\/p>\n<p style=\"text-align: justify\"><strong><span style=\"font-family: arial, helvetica, sans-serif;color: #ff0000\">Portanto, a quest\u00e3o em ep\u00edgrafe est\u00e1 ERRADA.<\/span><\/strong><\/p>\n<p>&nbsp;<\/p>\n<p>Forte abra\u00e7o!<\/p>\n<p>Prof. Tiago Zanolla<\/p>\n<p>INSTAGRAM: <a href=\"https:\/\/www.instagram.com\/proftiagozanolla\/\"><span style=\"color: #0000ff\">@proftiagozanolla<\/span><\/a><\/p>\n","protected":false},"excerpt":{"rendered":"<p>Fala, pessoal! O CESPE divulgou os gabaritos preliminares da prova de ANALISTA. A quest\u00e3o abaixo foi considerada como CORRETA pela banca examinadora. A autonomia funcional abrange todos os \u00f3rg\u00e3os que comp\u00f5em o Minist\u00e9rio P\u00fablico e garante que seus membros n\u00e3o se submetam aos Poderes Legislativo, Executivo e Judici\u00e1rio nem a outro \u00f3rg\u00e3o ou autoridade p\u00fablica. [&hellip;]<\/p>\n","protected":false},"author":388,"featured_media":0,"comment_status":"open","ping_status":"closed","sticky":false,"template":"","format":"standard","meta":{"post_tipo":"article","footnotes":""},"categories":[1],"tags":[],"tax_estado":[],"class_list":["post-148698","post","type-post","status-publish","format-standard","hentry","category-cursos-e-concursos"],"acf":[],"yoast_head":"<!-- This site is optimized with the Yoast SEO Premium plugin v27.2 (Yoast SEO v27.2) - https:\/\/yoast.com\/product\/yoast-seo-premium-wordpress\/ -->\n<title>MPU - Legisla\u00e7\u00e3o do MPU (ANALISTA) - Possibilidade de recurso<\/title>\n<meta name=\"robots\" content=\"index, follow, max-snippet:-1, max-image-preview:large, max-video-preview:-1\" \/>\n<link rel=\"canonical\" href=\"https:\/\/www.estrategiaconcursos.com.br\/blog\/mpu-legislacao-do-mpu-analista-possibilidade-de-recurso\/\" \/>\n<meta property=\"og:locale\" content=\"pt_BR\" \/>\n<meta property=\"og:type\" content=\"article\" \/>\n<meta property=\"og:title\" content=\"MPU - Legisla\u00e7\u00e3o do MPU (ANALISTA) - Possibilidade de recurso\" \/>\n<meta property=\"og:description\" content=\"Fala, pessoal! O CESPE divulgou os gabaritos preliminares da prova de ANALISTA. A quest\u00e3o abaixo foi considerada como CORRETA pela banca examinadora. A autonomia funcional abrange todos os \u00f3rg\u00e3os que comp\u00f5em o Minist\u00e9rio P\u00fablico e garante que seus membros n\u00e3o se submetam aos Poderes Legislativo, Executivo e Judici\u00e1rio nem a outro \u00f3rg\u00e3o ou autoridade p\u00fablica. [&hellip;]\" \/>\n<meta property=\"og:url\" content=\"https:\/\/www.estrategiaconcursos.com.br\/blog\/mpu-legislacao-do-mpu-analista-possibilidade-de-recurso\/\" \/>\n<meta property=\"og:site_name\" content=\"Estrat\u00e9gia Concursos\" \/>\n<meta property=\"article:published_time\" content=\"2018-10-24T01:47:10+00:00\" \/>\n<meta property=\"article:modified_time\" content=\"2018-10-24T18:57:38+00:00\" \/>\n<meta name=\"author\" content=\"Tiago Zanolla\" \/>\n<meta name=\"twitter:card\" content=\"summary_large_image\" \/>\n<meta name=\"twitter:creator\" content=\"@EstratConcursos\" \/>\n<meta name=\"twitter:site\" content=\"@EstratConcursos\" \/>\n<meta name=\"twitter:label1\" content=\"Escrito por\" \/>\n\t<meta name=\"twitter:data1\" content=\"Tiago Zanolla\" \/>\n\t<meta name=\"twitter:label2\" content=\"Est. tempo de leitura\" \/>\n\t<meta name=\"twitter:data2\" content=\"3 minutos\" \/>\n<script type=\"application\/ld+json\" class=\"yoast-schema-graph\">{\"@context\":\"https:\/\/schema.org\",\"@graph\":[{\"@type\":\"NewsArticle\",\"@id\":\"https:\/\/www.estrategiaconcursos.com.br\/blog\/mpu-legislacao-do-mpu-analista-possibilidade-de-recurso\/#article\",\"isPartOf\":{\"@id\":\"https:\/\/www.estrategiaconcursos.com.br\/blog\/mpu-legislacao-do-mpu-analista-possibilidade-de-recurso\/\"},\"author\":{\"name\":\"Tiago Zanolla\",\"@id\":\"https:\/\/www.estrategiaconcursos.com.br\/blog\/#\/schema\/person\/1509739fd92a40c9b52116de04a90310\"},\"headline\":\"MPU &#8211; Legisla\u00e7\u00e3o do MPU (ANALISTA) &#8211; Possibilidade de recurso\",\"datePublished\":\"2018-10-24T01:47:10+00:00\",\"dateModified\":\"2018-10-24T18:57:38+00:00\",\"mainEntityOfPage\":{\"@id\":\"https:\/\/www.estrategiaconcursos.com.br\/blog\/mpu-legislacao-do-mpu-analista-possibilidade-de-recurso\/\"},\"wordCount\":538,\"commentCount\":12,\"publisher\":{\"@id\":\"https:\/\/www.estrategiaconcursos.com.br\/blog\/#organization\"},\"articleSection\":[\"Concursos P\u00fablicos\"],\"inLanguage\":\"pt-BR\",\"potentialAction\":[{\"@type\":\"CommentAction\",\"name\":\"Comment\",\"target\":[\"https:\/\/www.estrategiaconcursos.com.br\/blog\/mpu-legislacao-do-mpu-analista-possibilidade-de-recurso\/#respond\"]}],\"copyrightYear\":\"2018\",\"copyrightHolder\":{\"@id\":\"https:\/\/www.estrategiaconcursos.com.br\/blog\/#organization\"}},{\"@type\":\"WebPage\",\"@id\":\"https:\/\/www.estrategiaconcursos.com.br\/blog\/mpu-legislacao-do-mpu-analista-possibilidade-de-recurso\/\",\"url\":\"https:\/\/www.estrategiaconcursos.com.br\/blog\/mpu-legislacao-do-mpu-analista-possibilidade-de-recurso\/\",\"name\":\"MPU - Legisla\u00e7\u00e3o do MPU (ANALISTA) - Possibilidade de recurso\",\"isPartOf\":{\"@id\":\"https:\/\/www.estrategiaconcursos.com.br\/blog\/#website\"},\"datePublished\":\"2018-10-24T01:47:10+00:00\",\"dateModified\":\"2018-10-24T18:57:38+00:00\",\"breadcrumb\":{\"@id\":\"https:\/\/www.estrategiaconcursos.com.br\/blog\/mpu-legislacao-do-mpu-analista-possibilidade-de-recurso\/#breadcrumb\"},\"inLanguage\":\"pt-BR\",\"potentialAction\":[{\"@type\":\"ReadAction\",\"target\":[\"https:\/\/www.estrategiaconcursos.com.br\/blog\/mpu-legislacao-do-mpu-analista-possibilidade-de-recurso\/\"]}]},{\"@type\":\"BreadcrumbList\",\"@id\":\"https:\/\/www.estrategiaconcursos.com.br\/blog\/mpu-legislacao-do-mpu-analista-possibilidade-de-recurso\/#breadcrumb\",\"itemListElement\":[{\"@type\":\"ListItem\",\"position\":1,\"name\":\"In\u00edcio\",\"item\":\"https:\/\/www.estrategiaconcursos.com.br\/blog\/\"},{\"@type\":\"ListItem\",\"position\":2,\"name\":\"MPU &#8211; Legisla\u00e7\u00e3o do MPU (ANALISTA) &#8211; Possibilidade de recurso\"}]},{\"@type\":\"WebSite\",\"@id\":\"https:\/\/www.estrategiaconcursos.com.br\/blog\/#website\",\"url\":\"https:\/\/www.estrategiaconcursos.com.br\/blog\/\",\"name\":\"Estrat\u00e9gia Concursos\",\"description\":\"O blog da Estrat\u00e9gia Concursos traz not\u00edcias sobre concursos e artigos de professores oferecendo cursos para concursos (pdf + videaulas) no site.\",\"publisher\":{\"@id\":\"https:\/\/www.estrategiaconcursos.com.br\/blog\/#organization\"},\"potentialAction\":[{\"@type\":\"SearchAction\",\"target\":{\"@type\":\"EntryPoint\",\"urlTemplate\":\"https:\/\/www.estrategiaconcursos.com.br\/blog\/?s={search_term_string}\"},\"query-input\":{\"@type\":\"PropertyValueSpecification\",\"valueRequired\":true,\"valueName\":\"search_term_string\"}}],\"inLanguage\":\"pt-BR\"},{\"@type\":\"Organization\",\"@id\":\"https:\/\/www.estrategiaconcursos.com.br\/blog\/#organization\",\"name\":\"Estrat\u00e9gia Concursos\",\"url\":\"https:\/\/www.estrategiaconcursos.com.br\/blog\/\",\"logo\":{\"@type\":\"ImageObject\",\"inLanguage\":\"pt-BR\",\"@id\":\"https:\/\/www.estrategiaconcursos.com.br\/blog\/#\/schema\/logo\/image\/\",\"url\":\"https:\/\/dhg1h5j42swfq.cloudfront.net\/2025\/06\/03203428\/logo_concursos-1.jpg\",\"contentUrl\":\"https:\/\/dhg1h5j42swfq.cloudfront.net\/2025\/06\/03203428\/logo_concursos-1.jpg\",\"width\":230,\"height\":60,\"caption\":\"Estrat\u00e9gia Concursos\"},\"image\":{\"@id\":\"https:\/\/www.estrategiaconcursos.com.br\/blog\/#\/schema\/logo\/image\/\"},\"sameAs\":[\"https:\/\/x.com\/EstratConcursos\"]},{\"@type\":\"Person\",\"@id\":\"https:\/\/www.estrategiaconcursos.com.br\/blog\/#\/schema\/person\/1509739fd92a40c9b52116de04a90310\",\"name\":\"Tiago Zanolla\",\"image\":{\"@type\":\"ImageObject\",\"inLanguage\":\"pt-BR\",\"@id\":\"https:\/\/secure.gravatar.com\/avatar\/e647cb200c21008603a1760df42f3f713d32dd977761568b5689c47f0b1747ee?s=96&d=mm&r=g\",\"url\":\"https:\/\/secure.gravatar.com\/avatar\/e647cb200c21008603a1760df42f3f713d32dd977761568b5689c47f0b1747ee?s=96&d=mm&r=g\",\"contentUrl\":\"https:\/\/secure.gravatar.com\/avatar\/e647cb200c21008603a1760df42f3f713d32dd977761568b5689c47f0b1747ee?s=96&d=mm&r=g\",\"caption\":\"Tiago Zanolla\"},\"url\":\"https:\/\/www.estrategiaconcursos.com.br\/blog\/author\/zanolla-estrategiagmail-com\/\"}]}<\/script>\n<!-- \/ Yoast SEO Premium plugin. -->","yoast_head_json":{"title":"MPU - Legisla\u00e7\u00e3o do MPU (ANALISTA) - Possibilidade de recurso","robots":{"index":"index","follow":"follow","max-snippet":"max-snippet:-1","max-image-preview":"max-image-preview:large","max-video-preview":"max-video-preview:-1"},"canonical":"https:\/\/www.estrategiaconcursos.com.br\/blog\/mpu-legislacao-do-mpu-analista-possibilidade-de-recurso\/","og_locale":"pt_BR","og_type":"article","og_title":"MPU - Legisla\u00e7\u00e3o do MPU (ANALISTA) - Possibilidade de recurso","og_description":"Fala, pessoal! O CESPE divulgou os gabaritos preliminares da prova de ANALISTA. A quest\u00e3o abaixo foi considerada como CORRETA pela banca examinadora. A autonomia funcional abrange todos os \u00f3rg\u00e3os que comp\u00f5em o Minist\u00e9rio P\u00fablico e garante que seus membros n\u00e3o se submetam aos Poderes Legislativo, Executivo e Judici\u00e1rio nem a outro \u00f3rg\u00e3o ou autoridade p\u00fablica. [&hellip;]","og_url":"https:\/\/www.estrategiaconcursos.com.br\/blog\/mpu-legislacao-do-mpu-analista-possibilidade-de-recurso\/","og_site_name":"Estrat\u00e9gia Concursos","article_published_time":"2018-10-24T01:47:10+00:00","article_modified_time":"2018-10-24T18:57:38+00:00","author":"Tiago Zanolla","twitter_card":"summary_large_image","twitter_creator":"@EstratConcursos","twitter_site":"@EstratConcursos","twitter_misc":{"Escrito por":"Tiago Zanolla","Est. tempo de leitura":"3 minutos"},"schema":{"@context":"https:\/\/schema.org","@graph":[{"@type":"NewsArticle","@id":"https:\/\/www.estrategiaconcursos.com.br\/blog\/mpu-legislacao-do-mpu-analista-possibilidade-de-recurso\/#article","isPartOf":{"@id":"https:\/\/www.estrategiaconcursos.com.br\/blog\/mpu-legislacao-do-mpu-analista-possibilidade-de-recurso\/"},"author":{"name":"Tiago Zanolla","@id":"https:\/\/www.estrategiaconcursos.com.br\/blog\/#\/schema\/person\/1509739fd92a40c9b52116de04a90310"},"headline":"MPU &#8211; Legisla\u00e7\u00e3o do MPU (ANALISTA) &#8211; Possibilidade de recurso","datePublished":"2018-10-24T01:47:10+00:00","dateModified":"2018-10-24T18:57:38+00:00","mainEntityOfPage":{"@id":"https:\/\/www.estrategiaconcursos.com.br\/blog\/mpu-legislacao-do-mpu-analista-possibilidade-de-recurso\/"},"wordCount":538,"commentCount":12,"publisher":{"@id":"https:\/\/www.estrategiaconcursos.com.br\/blog\/#organization"},"articleSection":["Concursos P\u00fablicos"],"inLanguage":"pt-BR","potentialAction":[{"@type":"CommentAction","name":"Comment","target":["https:\/\/www.estrategiaconcursos.com.br\/blog\/mpu-legislacao-do-mpu-analista-possibilidade-de-recurso\/#respond"]}],"copyrightYear":"2018","copyrightHolder":{"@id":"https:\/\/www.estrategiaconcursos.com.br\/blog\/#organization"}},{"@type":"WebPage","@id":"https:\/\/www.estrategiaconcursos.com.br\/blog\/mpu-legislacao-do-mpu-analista-possibilidade-de-recurso\/","url":"https:\/\/www.estrategiaconcursos.com.br\/blog\/mpu-legislacao-do-mpu-analista-possibilidade-de-recurso\/","name":"MPU - Legisla\u00e7\u00e3o do MPU (ANALISTA) - Possibilidade de recurso","isPartOf":{"@id":"https:\/\/www.estrategiaconcursos.com.br\/blog\/#website"},"datePublished":"2018-10-24T01:47:10+00:00","dateModified":"2018-10-24T18:57:38+00:00","breadcrumb":{"@id":"https:\/\/www.estrategiaconcursos.com.br\/blog\/mpu-legislacao-do-mpu-analista-possibilidade-de-recurso\/#breadcrumb"},"inLanguage":"pt-BR","potentialAction":[{"@type":"ReadAction","target":["https:\/\/www.estrategiaconcursos.com.br\/blog\/mpu-legislacao-do-mpu-analista-possibilidade-de-recurso\/"]}]},{"@type":"BreadcrumbList","@id":"https:\/\/www.estrategiaconcursos.com.br\/blog\/mpu-legislacao-do-mpu-analista-possibilidade-de-recurso\/#breadcrumb","itemListElement":[{"@type":"ListItem","position":1,"name":"In\u00edcio","item":"https:\/\/www.estrategiaconcursos.com.br\/blog\/"},{"@type":"ListItem","position":2,"name":"MPU &#8211; Legisla\u00e7\u00e3o do MPU (ANALISTA) &#8211; Possibilidade de recurso"}]},{"@type":"WebSite","@id":"https:\/\/www.estrategiaconcursos.com.br\/blog\/#website","url":"https:\/\/www.estrategiaconcursos.com.br\/blog\/","name":"Estrat\u00e9gia Concursos","description":"O blog da Estrat\u00e9gia Concursos traz not\u00edcias sobre concursos e artigos de professores oferecendo cursos para concursos (pdf + videaulas) no site.","publisher":{"@id":"https:\/\/www.estrategiaconcursos.com.br\/blog\/#organization"},"potentialAction":[{"@type":"SearchAction","target":{"@type":"EntryPoint","urlTemplate":"https:\/\/www.estrategiaconcursos.com.br\/blog\/?s={search_term_string}"},"query-input":{"@type":"PropertyValueSpecification","valueRequired":true,"valueName":"search_term_string"}}],"inLanguage":"pt-BR"},{"@type":"Organization","@id":"https:\/\/www.estrategiaconcursos.com.br\/blog\/#organization","name":"Estrat\u00e9gia Concursos","url":"https:\/\/www.estrategiaconcursos.com.br\/blog\/","logo":{"@type":"ImageObject","inLanguage":"pt-BR","@id":"https:\/\/www.estrategiaconcursos.com.br\/blog\/#\/schema\/logo\/image\/","url":"https:\/\/dhg1h5j42swfq.cloudfront.net\/2025\/06\/03203428\/logo_concursos-1.jpg","contentUrl":"https:\/\/dhg1h5j42swfq.cloudfront.net\/2025\/06\/03203428\/logo_concursos-1.jpg","width":230,"height":60,"caption":"Estrat\u00e9gia Concursos"},"image":{"@id":"https:\/\/www.estrategiaconcursos.com.br\/blog\/#\/schema\/logo\/image\/"},"sameAs":["https:\/\/x.com\/EstratConcursos"]},{"@type":"Person","@id":"https:\/\/www.estrategiaconcursos.com.br\/blog\/#\/schema\/person\/1509739fd92a40c9b52116de04a90310","name":"Tiago Zanolla","image":{"@type":"ImageObject","inLanguage":"pt-BR","@id":"https:\/\/secure.gravatar.com\/avatar\/e647cb200c21008603a1760df42f3f713d32dd977761568b5689c47f0b1747ee?s=96&d=mm&r=g","url":"https:\/\/secure.gravatar.com\/avatar\/e647cb200c21008603a1760df42f3f713d32dd977761568b5689c47f0b1747ee?s=96&d=mm&r=g","contentUrl":"https:\/\/secure.gravatar.com\/avatar\/e647cb200c21008603a1760df42f3f713d32dd977761568b5689c47f0b1747ee?s=96&d=mm&r=g","caption":"Tiago Zanolla"},"url":"https:\/\/www.estrategiaconcursos.com.br\/blog\/author\/zanolla-estrategiagmail-com\/"}]}},"_links":{"self":[{"href":"https:\/\/www.estrategiaconcursos.com.br\/blog\/wp-json\/wp\/v2\/posts\/148698","targetHints":{"allow":["GET"]}}],"collection":[{"href":"https:\/\/www.estrategiaconcursos.com.br\/blog\/wp-json\/wp\/v2\/posts"}],"about":[{"href":"https:\/\/www.estrategiaconcursos.com.br\/blog\/wp-json\/wp\/v2\/types\/post"}],"author":[{"embeddable":true,"href":"https:\/\/www.estrategiaconcursos.com.br\/blog\/wp-json\/wp\/v2\/users\/388"}],"replies":[{"embeddable":true,"href":"https:\/\/www.estrategiaconcursos.com.br\/blog\/wp-json\/wp\/v2\/comments?post=148698"}],"version-history":[{"count":4,"href":"https:\/\/www.estrategiaconcursos.com.br\/blog\/wp-json\/wp\/v2\/posts\/148698\/revisions"}],"predecessor-version":[{"id":148795,"href":"https:\/\/www.estrategiaconcursos.com.br\/blog\/wp-json\/wp\/v2\/posts\/148698\/revisions\/148795"}],"wp:attachment":[{"href":"https:\/\/www.estrategiaconcursos.com.br\/blog\/wp-json\/wp\/v2\/media?parent=148698"}],"wp:term":[{"taxonomy":"category","embeddable":true,"href":"https:\/\/www.estrategiaconcursos.com.br\/blog\/wp-json\/wp\/v2\/categories?post=148698"},{"taxonomy":"post_tag","embeddable":true,"href":"https:\/\/www.estrategiaconcursos.com.br\/blog\/wp-json\/wp\/v2\/tags?post=148698"},{"taxonomy":"tax_estado","embeddable":true,"href":"https:\/\/www.estrategiaconcursos.com.br\/blog\/wp-json\/wp\/v2\/tax_estado?post=148698"}],"curies":[{"name":"wp","href":"https:\/\/api.w.org\/{rel}","templated":true}]}}