{"id":1485753,"date":"2024-11-18T11:55:00","date_gmt":"2024-11-18T14:55:00","guid":{"rendered":"https:\/\/www.estrategiaconcursos.com.br\/blog\/?p=1485753"},"modified":"2024-11-12T23:01:37","modified_gmt":"2024-11-13T02:01:37","slug":"acao-civil-publica-mpu","status":"publish","type":"post","link":"https:\/\/www.estrategiaconcursos.com.br\/blog\/acao-civil-publica-mpu\/","title":{"rendered":"A\u00e7\u00e3o Civil P\u00fablica para o MPU"},"content":{"rendered":"\n<p>Ol\u00e1, concurseiros e concurseiras de todo o Brasil, tudo bem? O tema de hoje \u00e9 a <strong>a\u00e7\u00e3o civil p\u00fablica.<\/strong><br \/><br \/>O novo edital do <a href=\"https:\/\/www.estrategiaconcursos.com.br\/blog\/concurso-mpu\/\" target=\"_blank\" rel=\"noreferrer noopener\">concurso do MPU<\/a> est\u00e1 batendo \u00e0 porta e voc\u00ea n\u00e3o pode ficar parado!<br \/><br \/>Esse artigo \u00e9 pra voc\u00ea revisar os<strong> principais aspectos da desse rem\u00e9dio constitucional <\/strong>e aumentar as suas chances de aprova\u00e7\u00e3o.<br \/><br \/>Ent\u00e3o, vem comigo\u2026<br \/><br \/><strong>Conceito<\/strong><br \/><br \/>A a\u00e7\u00e3o civil p\u00fablica \u00e9 uma a\u00e7\u00e3o constitucional destinado a proteger o<strong> patrim\u00f4nio p\u00fablico e social<\/strong>, o <strong>meio ambiente<\/strong> e outros interesses <strong>difusos <\/strong>e <strong>coletivos<\/strong>.<br \/><br \/>Trata-se de uma a\u00e7\u00e3o judicial de <strong>natureza coletiva<\/strong>, que busca responsabilizar aqueles que <strong>causam danos <\/strong>a bens de interesse p\u00fablico.<br \/><br \/>Nesse sentido, cabe destacar a seguinte doutrina:<\/p>\n\n\n\n<p class=\"has-pale-cyan-blue-background-color has-background\"><em>\u201cA a\u00e7\u00e3o civil p\u00fablica \u00e9, em suma, mais uma a\u00e7\u00e3o de <strong>natureza coletiva <\/strong>que, ao lado do mandado de seguran\u00e7a coletivo e da a\u00e7\u00e3o popular, <strong>se destina \u00e0 defesa de direitos ou interesses de grupos sociais, ou mesmo de toda a sociedade<\/strong>.\u201d (ALEXANDRINO, M.; PAULO, V. Direito Constitucional descomplicado I Vicente Paulo, Marcelo Alexandrino. &#8211; 14. ed. &#8211; Rio de Janeiro: Forense; S\u00e3o Paulo: M\u00c9TODO: 2015, p. 756)<\/em><\/p>\n\n\n\n<p><br \/><strong>Sujei\u00e7\u00e3o ativa e passiva<\/strong><br \/><br \/>A sujei\u00e7\u00e3o ativa da a\u00e7\u00e3o civil p\u00fablica compreende os legitimados que <strong>podem figurar no p\u00f3lo ativo<\/strong> da demanda.<br \/><br \/>Segundo a <a href=\"https:\/\/www.planalto.gov.br\/ccivil_03\/leis\/L7347Compilada.htm\" target=\"_blank\" rel=\"noreferrer noopener\">Lei n\u00ba 7.347\/1985 (Lei da A\u00e7\u00e3o Civil P\u00fablica)<\/a>, s\u00e3o legitimados a propor a a\u00e7\u00e3o principal e a cautelar:<\/p>\n\n\n\n<ul class=\"wp-block-list\">\n<li>O <strong>Minist\u00e9rio P\u00fablico<\/strong>;<\/li>\n\n\n\n<li>A <strong>Defensoria P\u00fablica<\/strong>;<\/li>\n\n\n\n<li>a Uni\u00e3o, os Estados, o Distrito Federal e os Munic\u00edpios; <\/li>\n\n\n\n<li>a autarquia, empresa p\u00fablica, funda\u00e7\u00e3o ou sociedade de economia mista; <\/li>\n\n\n\n<li>a <strong>associa\u00e7\u00e3o <\/strong>que, concomitantemente, esteja <strong>constitu\u00edda h\u00e1 pelo menos 1 (um) ano<\/strong> e inclua, entre suas <strong>finalidades institucionais<\/strong>, a prote\u00e7\u00e3o:<\/li>\n<\/ul>\n\n\n\n<p class=\"has-text-align-center\"><img loading=\"lazy\" decoding=\"async\" src=\"https:\/\/lh7-rt.googleusercontent.com\/docsz\/AD_4nXdVAYg-NAsCXXHRKf0LdOEX1Ar_US4PtEKyuNmzVjsCwAe0Du8s3Lqva58A5N_Q3gxxOevslvr25vZGhOeNnJTX_XcZzZNmeT9WsmTp7KxsuC9BT0VKvJsxc_WoSwMWjaTpV_YBKNvfdFfuTDr1zrrgVRcG?key=iEOzs0aGmwroq-udKG1kiOrr\" width=\"567\" height=\"340\"\/><\/p>\n\n\n\n<p class=\"has-text-align-center\">Fonte: autoria pr\u00f3pria<\/p>\n\n\n\n<p style=\"font-size:clamp(14px, 0.875rem + ((1vw - 3.2px) * 0.49), 19px);\"><\/p>\n\n\n\n<p class=\"has-text-align-left\">J\u00e1 no polo passivo, <strong>podem figurar como r\u00e9us<\/strong> no processo <strong>qualquer pessoa, f\u00edsica ou jur\u00eddica, ou ente da administra\u00e7\u00e3o p\u00fablica <\/strong>que tenha causado danos aos direitos da coletividade dispostos na lei.<br \/><br \/><br \/><strong>Objeto da a\u00e7\u00e3o<\/strong><br \/><br \/>A a\u00e7\u00e3o civil p\u00fablica tem por objeto as a\u00e7\u00f5es de responsabilidade por danos morais e patrimoniais causados:<br \/>&#8211; ao <strong>meio-ambiente<\/strong>;<br \/>&#8211; ao <strong>consumidor<\/strong>;<br \/>&#8211; a bens e direitos de valor <strong>art\u00edstico<\/strong>, <strong>est\u00e9tico<\/strong>, <strong>hist\u00f3rico<\/strong>, <strong>tur\u00edstico <\/strong>e <strong>paisag\u00edstico<\/strong>;<br \/>&#8211; por infra\u00e7\u00e3o da ordem <strong>econ\u00f4mica<\/strong>; <br \/>&#8211; \u00e0 ordem <strong>urban\u00edstica<\/strong>;<br \/>&#8211; \u00e0 <strong>honra <\/strong>e \u00e0 <strong>dignidade <\/strong>de grupos raciais, \u00e9tnicos ou religiosos.    <br \/>&#8211; ao <strong>patrim\u00f4nio <\/strong>p\u00fablico e social; e<br \/>&#8211; a qualquer outro interesse <strong>difuso <\/strong>ou <strong>coletivo<\/strong>.<br \/><br \/>Repare que o rol acima \u00e9 meramente <strong>exemplificativo<\/strong>.<br \/><br \/>Ainda sobre o assunto, \u00e9 relevante ressaltar que o STF vem se manifestando no sentido de que a a\u00e7\u00e3o civil p\u00fablica pode ter por objeto <strong>interesses individuais homog\u00eaneos<\/strong>.<br \/><br \/>Esse entendimento, inclusive, serviu de base para a edi\u00e7\u00e3o da <strong>S\u00famula 643,<\/strong> bastante conhecida, segundo a qual <em>\u201co Minist\u00e9rio P\u00fablico tem legitimidade para promover a\u00e7\u00e3o civil p\u00fablica cujo fundamento seja a <strong>ilegalidade de reajuste de mensalidades escolares<\/strong>.\u201d<\/em><br \/><br \/>Aten\u00e7\u00e3o aqui! Um dispositivo muito cobrado em provas \u00e9 o destacado a seguir:<\/p>\n\n\n\n<p style=\"font-size:0px\"><\/p>\n\n\n\n<p class=\"has-text-align-left has-pale-cyan-blue-background-color has-background\"><em>Lei n\u00ba 7.347\/1985. Art. 1\u00ba [&#8230;] Par\u00e1grafo \u00fanico.  N\u00e3o ser\u00e1 cab\u00edvel a\u00e7\u00e3o civil p\u00fablica para veicular pretens\u00f5es que envolvam <strong>tributos, contribui\u00e7\u00f5es previdenci\u00e1rias, o Fundo de Garantia do Tempo de Servi\u00e7o &#8211; FGTS ou outros fundos de natureza institucional <\/strong>cujos benefici\u00e1rios podem ser <strong>individualmente <\/strong>determinados.<\/em><\/p>\n\n\n\n<p style=\"font-size:0px\"><\/p>\n\n\n\n<p class=\"has-text-align-left\">\u00c9 importante termos em mente ainda que a a\u00e7\u00e3o civil p\u00fablica poder\u00e1 ter por objeto a <strong>condena\u00e7\u00e3o em dinheiro <\/strong>ou o cumprimento de obriga\u00e7\u00e3o de <strong>fazer ou n\u00e3o fazer<\/strong>.<br \/><br \/>Outro dado interessante \u00e9 que a a\u00e7\u00e3o civil p\u00fablica <strong>admite a\u00e7\u00e3o cautelar<\/strong>.<\/p>\n\n\n\n<p style=\"font-size:0px\"><\/p>\n\n\n\n<p class=\"has-text-align-left\"><strong>Minist\u00e9rio P\u00fablico<\/strong><br \/><br \/>Como vimos, o Minist\u00e9rio P\u00fablico \u00e9 um dos legitimados ativos da a\u00e7\u00e3o civil p\u00fablica.<br \/><br \/>Ele desempenha um importante papel no processamento dessa a\u00e7\u00e3o, seja <strong>intervindo no processo<\/strong>, seja <strong>atuando como fiscal da lei<\/strong>.<br \/><br \/>Com efeito, a promo\u00e7\u00e3o da a\u00e7\u00e3o civil p\u00fablica constitui uma das <strong>fun\u00e7\u00f5es institucionais <\/strong>do Minist\u00e9rio P\u00fablico, outorgada pela <a href=\"https:\/\/www.planalto.gov.br\/ccivil_03\/constituicao\/constituicaocompilado.htm\" target=\"_blank\" rel=\"noreferrer noopener\">Constitui\u00e7\u00e3o Federal<\/a>.<\/p>\n\n\n\n<p class=\"has-text-align-left\">Anote-se ainda que, segundo a Lei da A\u00e7\u00e3o Civil P\u00fablica, qualquer pessoa <strong>poder\u00e1 provocar a iniciativa do Minist\u00e9rio P\u00fablico<\/strong> para ministrar-lhe informa\u00e7\u00f5es sobre fatos que constituam objeto da a\u00e7\u00e3o civil e indicar-lhe os elementos de convic\u00e7\u00e3o.<br \/><br \/>Em se tratando de<strong> servidor p\u00fablico<\/strong>, este tem o <strong>dever<\/strong> de provocar o <em>Parquet<\/em>.<br \/><br \/>Vamos ficando por aqui\u2026<br \/><br \/>Para se aprofundar no assunto, estude com <a href=\"https:\/\/www.estrategiaconcursos.com.br\/cursos\/concurso\/\" target=\"_blank\" rel=\"noreferrer noopener\">nossos materiais em pdf e em v\u00eddeo aulas<\/a>, e aumente as suas chances de aprova\u00e7\u00e3o.<br \/><br \/>Bons estudos e at\u00e9 a pr\u00f3xima!<br \/><br \/>Nilson Assis<br \/>Analista Legislativo do Senado Federal<br \/>@nsassis.concursos<\/p>\n\n\n\n<p class=\"has-text-align-left\"><a href=\"https:\/\/www.estrategiaconcursos.com.br\/blog\/concursos-2024\/\" target=\"_blank\" rel=\"noreferrer noopener\">Concursos 2024<\/a><\/p>\n\n\n\n<p><a href=\"https:\/\/www.estrategiaconcursos.com.br\/blog\/concursos-2025\/\" target=\"_blank\" rel=\"noreferrer noopener\">Concursos 2025<\/a><\/p>\n\n\n\n<p><a href=\"https:\/\/www.estrategiaconcursos.com.br\/blog\/concursos-federais-2023\/\">Concursos federais<\/a><\/p>\n\n\n\n<p><a href=\"https:\/\/cj.estrategia.com\/portal\/concursos-abertos-carreiras-juridicas\/?utm_source=google&amp;utm_medium=cpc&amp;utm_campaign=204551737\" target=\"_blank\" rel=\"noreferrer noopener\">Concursos abertos Carreiras Jur\u00eddicas<\/a><\/p>\n\n\n\n<p class=\"has-text-align-left\"><a href=\"https:\/\/www.estrategiaconcursos.com.br\/blog\/concursos-abertos\/\">Concursos abertos<\/a><\/p>\n\n\n\n<p style=\"font-size:0px\"><\/p>\n\n\n\n<p class=\"has-text-align-left\"><strong>Refer\u00eancias bibliogr\u00e1ficas<\/strong><br \/><br \/>ALEXANDRINO, M.; PAULO, V. <strong>Direito Constitucional descomplicado I Vicente Paulo, Marcelo Alexandrino<\/strong>. &#8211; 14. ed. &#8211; Rio de Janeiro: Forense; S\u00e3o Paulo: M\u00c9TODO: 2015<\/p>\n\n\n\n<p>BRASIL. [Constitui\u00e7\u00e3o (1988)]. <strong>Constitui\u00e7\u00e3o da Rep\u00fablica Federativa do Brasil de 1988<\/strong>. Bras\u00edlia, DF: Presid\u00eancia da Rep\u00fablica. Dispon\u00edvel em: <br \/>https:\/\/www.planalto.gov.br\/ccivil_03\/constituicao\/constituicaocompilado.htm. Acesso em: 12 out. 2024.<br \/><br \/>BRASIL. Lei n\u00ba 7.347 de 24 de julho de 1985. <strong>Disciplina a a\u00e7\u00e3o civil p\u00fablica de responsabilidade por danos causados ao meio-ambiente, ao consumidor, a bens e direitos de valor art\u00edstico, est\u00e9tico, hist\u00f3rico, tur\u00edstico e paisag\u00edstico e d\u00e1 outras provid\u00eancias<\/strong>. Dispon\u00edvel em: https:\/\/www.planalto.gov.br\/ccivil_03\/leis\/L7347Compilada.htm. Acesso em 02 Nov. 2024.<\/p>\n\n\n\n<p>BRASIL. Supremo Tribunal Federal. <strong>S\u00famula 643<\/strong>.<br \/><br \/><br \/><br \/><br \/><br \/><br \/><br \/><br \/><\/p>\n","protected":false},"excerpt":{"rendered":"<p>Ol\u00e1, concurseiros e concurseiras de todo o Brasil, tudo bem? O tema de hoje \u00e9 a a\u00e7\u00e3o civil p\u00fablica. O novo edital do concurso do MPU est\u00e1 batendo \u00e0 porta e voc\u00ea n\u00e3o pode ficar parado! Esse artigo \u00e9 pra voc\u00ea revisar os principais aspectos da desse rem\u00e9dio constitucional e aumentar as suas chances de [&hellip;]<\/p>\n","protected":false},"author":2894,"featured_media":1485757,"comment_status":"open","ping_status":"closed","sticky":false,"template":"","format":"standard","meta":{"post_tipo":"article","footnotes":""},"categories":[1],"tags":[],"tax_estado":[219963],"class_list":["post-1485753","post","type-post","status-publish","format-standard","has-post-thumbnail","hentry","category-cursos-e-concursos","tax_estado-concursos-federais"],"acf":[],"yoast_head":"<!-- This site is optimized with the Yoast SEO Premium plugin v27.2 (Yoast SEO v27.2) - https:\/\/yoast.com\/product\/yoast-seo-premium-wordpress\/ -->\n<title>A\u00e7\u00e3o Civil P\u00fablica para o MPU<\/title>\n<meta name=\"description\" content=\"Esse artigo \u00e9 pra voc\u00ea revisar os principais aspectos da a\u00e7\u00e3o civil p\u00fablica e aumentar as suas chances de aprova\u00e7\u00e3o.\" \/>\n<meta name=\"robots\" content=\"index, follow, max-snippet:-1, max-image-preview:large, max-video-preview:-1\" \/>\n<link rel=\"canonical\" href=\"https:\/\/www.estrategiaconcursos.com.br\/blog\/acao-civil-publica-mpu\/\" \/>\n<meta property=\"og:locale\" content=\"pt_BR\" \/>\n<meta property=\"og:type\" content=\"article\" \/>\n<meta property=\"og:title\" content=\"A\u00e7\u00e3o Civil P\u00fablica para o MPU\" \/>\n<meta property=\"og:description\" content=\"Esse artigo \u00e9 pra voc\u00ea revisar os principais aspectos da a\u00e7\u00e3o civil p\u00fablica e aumentar as suas chances de aprova\u00e7\u00e3o.\" \/>\n<meta property=\"og:url\" content=\"https:\/\/www.estrategiaconcursos.com.br\/blog\/acao-civil-publica-mpu\/\" \/>\n<meta property=\"og:site_name\" content=\"Estrat\u00e9gia Concursos\" \/>\n<meta property=\"article:published_time\" content=\"2024-11-18T14:55:00+00:00\" \/>\n<meta property=\"og:image\" content=\"https:\/\/dhg1h5j42swfq.cloudfront.net\/2024\/11\/03000258\/acao-civil-publica.jpeg\" \/>\n\t<meta property=\"og:image:width\" content=\"300\" \/>\n\t<meta property=\"og:image:height\" content=\"169\" \/>\n\t<meta property=\"og:image:type\" content=\"image\/jpeg\" \/>\n<meta name=\"author\" content=\"Nilson Silva de Assis\" \/>\n<meta name=\"twitter:card\" content=\"summary_large_image\" \/>\n<meta name=\"twitter:creator\" content=\"@EstratConcursos\" \/>\n<meta name=\"twitter:site\" content=\"@EstratConcursos\" \/>\n<meta name=\"twitter:label1\" content=\"Escrito por\" \/>\n\t<meta name=\"twitter:data1\" content=\"Nilson Silva de Assis\" \/>\n\t<meta name=\"twitter:label2\" content=\"Est. tempo de leitura\" \/>\n\t<meta name=\"twitter:data2\" content=\"5 minutos\" \/>\n<script type=\"application\/ld+json\" class=\"yoast-schema-graph\">{\"@context\":\"https:\/\/schema.org\",\"@graph\":[{\"@type\":\"NewsArticle\",\"@id\":\"https:\/\/www.estrategiaconcursos.com.br\/blog\/acao-civil-publica-mpu\/#article\",\"isPartOf\":{\"@id\":\"https:\/\/www.estrategiaconcursos.com.br\/blog\/acao-civil-publica-mpu\/\"},\"author\":{\"name\":\"Nilson Silva de Assis\",\"@id\":\"https:\/\/www.estrategiaconcursos.com.br\/blog\/#\/schema\/person\/2602628e49ec93d5f782b149f91603ab\"},\"headline\":\"A\u00e7\u00e3o Civil P\u00fablica para o MPU\",\"datePublished\":\"2024-11-18T14:55:00+00:00\",\"mainEntityOfPage\":{\"@id\":\"https:\/\/www.estrategiaconcursos.com.br\/blog\/acao-civil-publica-mpu\/\"},\"wordCount\":930,\"commentCount\":0,\"publisher\":{\"@id\":\"https:\/\/www.estrategiaconcursos.com.br\/blog\/#organization\"},\"image\":{\"@id\":\"https:\/\/www.estrategiaconcursos.com.br\/blog\/acao-civil-publica-mpu\/#primaryimage\"},\"thumbnailUrl\":\"https:\/\/dhg1h5j42swfq.cloudfront.net\/2024\/11\/03000258\/acao-civil-publica.jpeg\",\"articleSection\":[\"Concursos P\u00fablicos\"],\"inLanguage\":\"pt-BR\",\"potentialAction\":[{\"@type\":\"CommentAction\",\"name\":\"Comment\",\"target\":[\"https:\/\/www.estrategiaconcursos.com.br\/blog\/acao-civil-publica-mpu\/#respond\"]}],\"copyrightYear\":\"2024\",\"copyrightHolder\":{\"@id\":\"https:\/\/www.estrategiaconcursos.com.br\/blog\/#organization\"}},{\"@type\":\"WebPage\",\"@id\":\"https:\/\/www.estrategiaconcursos.com.br\/blog\/acao-civil-publica-mpu\/\",\"url\":\"https:\/\/www.estrategiaconcursos.com.br\/blog\/acao-civil-publica-mpu\/\",\"name\":\"A\u00e7\u00e3o Civil P\u00fablica para o MPU\",\"isPartOf\":{\"@id\":\"https:\/\/www.estrategiaconcursos.com.br\/blog\/#website\"},\"primaryImageOfPage\":{\"@id\":\"https:\/\/www.estrategiaconcursos.com.br\/blog\/acao-civil-publica-mpu\/#primaryimage\"},\"image\":{\"@id\":\"https:\/\/www.estrategiaconcursos.com.br\/blog\/acao-civil-publica-mpu\/#primaryimage\"},\"thumbnailUrl\":\"https:\/\/dhg1h5j42swfq.cloudfront.net\/2024\/11\/03000258\/acao-civil-publica.jpeg\",\"datePublished\":\"2024-11-18T14:55:00+00:00\",\"description\":\"Esse artigo \u00e9 pra voc\u00ea revisar os principais aspectos da a\u00e7\u00e3o civil p\u00fablica e aumentar as suas chances de aprova\u00e7\u00e3o.\",\"breadcrumb\":{\"@id\":\"https:\/\/www.estrategiaconcursos.com.br\/blog\/acao-civil-publica-mpu\/#breadcrumb\"},\"inLanguage\":\"pt-BR\",\"potentialAction\":[{\"@type\":\"ReadAction\",\"target\":[\"https:\/\/www.estrategiaconcursos.com.br\/blog\/acao-civil-publica-mpu\/\"]}]},{\"@type\":\"ImageObject\",\"inLanguage\":\"pt-BR\",\"@id\":\"https:\/\/www.estrategiaconcursos.com.br\/blog\/acao-civil-publica-mpu\/#primaryimage\",\"url\":\"https:\/\/dhg1h5j42swfq.cloudfront.net\/2024\/11\/03000258\/acao-civil-publica.jpeg\",\"contentUrl\":\"https:\/\/dhg1h5j42swfq.cloudfront.net\/2024\/11\/03000258\/acao-civil-publica.jpeg\",\"width\":300,\"height\":169,\"caption\":\"a\u00e7\u00e3o civil p\u00fablica\"},{\"@type\":\"BreadcrumbList\",\"@id\":\"https:\/\/www.estrategiaconcursos.com.br\/blog\/acao-civil-publica-mpu\/#breadcrumb\",\"itemListElement\":[{\"@type\":\"ListItem\",\"position\":1,\"name\":\"In\u00edcio\",\"item\":\"https:\/\/www.estrategiaconcursos.com.br\/blog\/\"},{\"@type\":\"ListItem\",\"position\":2,\"name\":\"A\u00e7\u00e3o Civil P\u00fablica para o MPU\"}]},{\"@type\":\"WebSite\",\"@id\":\"https:\/\/www.estrategiaconcursos.com.br\/blog\/#website\",\"url\":\"https:\/\/www.estrategiaconcursos.com.br\/blog\/\",\"name\":\"Estrat\u00e9gia Concursos\",\"description\":\"O blog da Estrat\u00e9gia Concursos traz not\u00edcias sobre concursos e artigos de professores oferecendo cursos para concursos (pdf + videaulas) no site.\",\"publisher\":{\"@id\":\"https:\/\/www.estrategiaconcursos.com.br\/blog\/#organization\"},\"potentialAction\":[{\"@type\":\"SearchAction\",\"target\":{\"@type\":\"EntryPoint\",\"urlTemplate\":\"https:\/\/www.estrategiaconcursos.com.br\/blog\/?s={search_term_string}\"},\"query-input\":{\"@type\":\"PropertyValueSpecification\",\"valueRequired\":true,\"valueName\":\"search_term_string\"}}],\"inLanguage\":\"pt-BR\"},{\"@type\":\"Organization\",\"@id\":\"https:\/\/www.estrategiaconcursos.com.br\/blog\/#organization\",\"name\":\"Estrat\u00e9gia Concursos\",\"url\":\"https:\/\/www.estrategiaconcursos.com.br\/blog\/\",\"logo\":{\"@type\":\"ImageObject\",\"inLanguage\":\"pt-BR\",\"@id\":\"https:\/\/www.estrategiaconcursos.com.br\/blog\/#\/schema\/logo\/image\/\",\"url\":\"https:\/\/dhg1h5j42swfq.cloudfront.net\/2025\/06\/03203428\/logo_concursos-1.jpg\",\"contentUrl\":\"https:\/\/dhg1h5j42swfq.cloudfront.net\/2025\/06\/03203428\/logo_concursos-1.jpg\",\"width\":230,\"height\":60,\"caption\":\"Estrat\u00e9gia Concursos\"},\"image\":{\"@id\":\"https:\/\/www.estrategiaconcursos.com.br\/blog\/#\/schema\/logo\/image\/\"},\"sameAs\":[\"https:\/\/x.com\/EstratConcursos\"]},{\"@type\":\"Person\",\"@id\":\"https:\/\/www.estrategiaconcursos.com.br\/blog\/#\/schema\/person\/2602628e49ec93d5f782b149f91603ab\",\"name\":\"Nilson Silva de Assis\",\"image\":{\"@type\":\"ImageObject\",\"inLanguage\":\"pt-BR\",\"@id\":\"https:\/\/secure.gravatar.com\/avatar\/cdec26ae7042f64d4ddcb70bcf78a4fcbc02661bfa30a7ce3d8bf515b625a75a?s=96&d=mm&r=g\",\"url\":\"https:\/\/secure.gravatar.com\/avatar\/cdec26ae7042f64d4ddcb70bcf78a4fcbc02661bfa30a7ce3d8bf515b625a75a?s=96&d=mm&r=g\",\"contentUrl\":\"https:\/\/secure.gravatar.com\/avatar\/cdec26ae7042f64d4ddcb70bcf78a4fcbc02661bfa30a7ce3d8bf515b625a75a?s=96&d=mm&r=g\",\"caption\":\"Nilson Silva de Assis\"},\"description\":\"Atualmente \u00e9 Analista Legislativo do Senado Federal e Professor do Estrat\u00e9gia Concursos. Suas principais aprova\u00e7\u00f5es: Analista Legislativo do Senado Federal; Auditor Federal de Finan\u00e7as e Controle da CGU; Auditor-Fiscal da Receita Estadual da SEFAZ ES; T\u00e9cnico Fazend\u00e1rio do ISS Manaus; Assistente Executivo em Metrologia e Qualidade do Inmetro; Agente Fazend\u00e1rio do ISS Niter\u00f3i\/RJ; Assistente Administrativo da Prefeitura do Rio (RioSa\u00fade); Assistente Administrativo da Secretaria de Administra\u00e7\u00e3o do Munic\u00edpio do RJ.\",\"sameAs\":[\"https:\/\/www.instagram.com\/nilsonassis.concursos\/\",\"kedin.com\/in\/nilson-assis-954132295\/\"],\"url\":\"https:\/\/www.estrategiaconcursos.com.br\/blog\/author\/nilson-sdeassisgmail-com\/\"}]}<\/script>\n<!-- \/ Yoast SEO Premium plugin. -->","yoast_head_json":{"title":"A\u00e7\u00e3o Civil P\u00fablica para o MPU","description":"Esse artigo \u00e9 pra voc\u00ea revisar os principais aspectos da a\u00e7\u00e3o civil p\u00fablica e aumentar as suas chances de aprova\u00e7\u00e3o.","robots":{"index":"index","follow":"follow","max-snippet":"max-snippet:-1","max-image-preview":"max-image-preview:large","max-video-preview":"max-video-preview:-1"},"canonical":"https:\/\/www.estrategiaconcursos.com.br\/blog\/acao-civil-publica-mpu\/","og_locale":"pt_BR","og_type":"article","og_title":"A\u00e7\u00e3o Civil P\u00fablica para o MPU","og_description":"Esse artigo \u00e9 pra voc\u00ea revisar os principais aspectos da a\u00e7\u00e3o civil p\u00fablica e aumentar as suas chances de aprova\u00e7\u00e3o.","og_url":"https:\/\/www.estrategiaconcursos.com.br\/blog\/acao-civil-publica-mpu\/","og_site_name":"Estrat\u00e9gia Concursos","article_published_time":"2024-11-18T14:55:00+00:00","og_image":[{"width":300,"height":169,"url":"https:\/\/dhg1h5j42swfq.cloudfront.net\/2024\/11\/03000258\/acao-civil-publica.jpeg","type":"image\/jpeg"}],"author":"Nilson Silva de Assis","twitter_card":"summary_large_image","twitter_creator":"@EstratConcursos","twitter_site":"@EstratConcursos","twitter_misc":{"Escrito por":"Nilson Silva de Assis","Est. tempo de leitura":"5 minutos"},"schema":{"@context":"https:\/\/schema.org","@graph":[{"@type":"NewsArticle","@id":"https:\/\/www.estrategiaconcursos.com.br\/blog\/acao-civil-publica-mpu\/#article","isPartOf":{"@id":"https:\/\/www.estrategiaconcursos.com.br\/blog\/acao-civil-publica-mpu\/"},"author":{"name":"Nilson Silva de Assis","@id":"https:\/\/www.estrategiaconcursos.com.br\/blog\/#\/schema\/person\/2602628e49ec93d5f782b149f91603ab"},"headline":"A\u00e7\u00e3o Civil P\u00fablica para o MPU","datePublished":"2024-11-18T14:55:00+00:00","mainEntityOfPage":{"@id":"https:\/\/www.estrategiaconcursos.com.br\/blog\/acao-civil-publica-mpu\/"},"wordCount":930,"commentCount":0,"publisher":{"@id":"https:\/\/www.estrategiaconcursos.com.br\/blog\/#organization"},"image":{"@id":"https:\/\/www.estrategiaconcursos.com.br\/blog\/acao-civil-publica-mpu\/#primaryimage"},"thumbnailUrl":"https:\/\/dhg1h5j42swfq.cloudfront.net\/2024\/11\/03000258\/acao-civil-publica.jpeg","articleSection":["Concursos P\u00fablicos"],"inLanguage":"pt-BR","potentialAction":[{"@type":"CommentAction","name":"Comment","target":["https:\/\/www.estrategiaconcursos.com.br\/blog\/acao-civil-publica-mpu\/#respond"]}],"copyrightYear":"2024","copyrightHolder":{"@id":"https:\/\/www.estrategiaconcursos.com.br\/blog\/#organization"}},{"@type":"WebPage","@id":"https:\/\/www.estrategiaconcursos.com.br\/blog\/acao-civil-publica-mpu\/","url":"https:\/\/www.estrategiaconcursos.com.br\/blog\/acao-civil-publica-mpu\/","name":"A\u00e7\u00e3o Civil P\u00fablica para o MPU","isPartOf":{"@id":"https:\/\/www.estrategiaconcursos.com.br\/blog\/#website"},"primaryImageOfPage":{"@id":"https:\/\/www.estrategiaconcursos.com.br\/blog\/acao-civil-publica-mpu\/#primaryimage"},"image":{"@id":"https:\/\/www.estrategiaconcursos.com.br\/blog\/acao-civil-publica-mpu\/#primaryimage"},"thumbnailUrl":"https:\/\/dhg1h5j42swfq.cloudfront.net\/2024\/11\/03000258\/acao-civil-publica.jpeg","datePublished":"2024-11-18T14:55:00+00:00","description":"Esse artigo \u00e9 pra voc\u00ea revisar os principais aspectos da a\u00e7\u00e3o civil p\u00fablica e aumentar as suas chances de aprova\u00e7\u00e3o.","breadcrumb":{"@id":"https:\/\/www.estrategiaconcursos.com.br\/blog\/acao-civil-publica-mpu\/#breadcrumb"},"inLanguage":"pt-BR","potentialAction":[{"@type":"ReadAction","target":["https:\/\/www.estrategiaconcursos.com.br\/blog\/acao-civil-publica-mpu\/"]}]},{"@type":"ImageObject","inLanguage":"pt-BR","@id":"https:\/\/www.estrategiaconcursos.com.br\/blog\/acao-civil-publica-mpu\/#primaryimage","url":"https:\/\/dhg1h5j42swfq.cloudfront.net\/2024\/11\/03000258\/acao-civil-publica.jpeg","contentUrl":"https:\/\/dhg1h5j42swfq.cloudfront.net\/2024\/11\/03000258\/acao-civil-publica.jpeg","width":300,"height":169,"caption":"a\u00e7\u00e3o civil p\u00fablica"},{"@type":"BreadcrumbList","@id":"https:\/\/www.estrategiaconcursos.com.br\/blog\/acao-civil-publica-mpu\/#breadcrumb","itemListElement":[{"@type":"ListItem","position":1,"name":"In\u00edcio","item":"https:\/\/www.estrategiaconcursos.com.br\/blog\/"},{"@type":"ListItem","position":2,"name":"A\u00e7\u00e3o Civil P\u00fablica para o MPU"}]},{"@type":"WebSite","@id":"https:\/\/www.estrategiaconcursos.com.br\/blog\/#website","url":"https:\/\/www.estrategiaconcursos.com.br\/blog\/","name":"Estrat\u00e9gia Concursos","description":"O blog da Estrat\u00e9gia Concursos traz not\u00edcias sobre concursos e artigos de professores oferecendo cursos para concursos (pdf + videaulas) no site.","publisher":{"@id":"https:\/\/www.estrategiaconcursos.com.br\/blog\/#organization"},"potentialAction":[{"@type":"SearchAction","target":{"@type":"EntryPoint","urlTemplate":"https:\/\/www.estrategiaconcursos.com.br\/blog\/?s={search_term_string}"},"query-input":{"@type":"PropertyValueSpecification","valueRequired":true,"valueName":"search_term_string"}}],"inLanguage":"pt-BR"},{"@type":"Organization","@id":"https:\/\/www.estrategiaconcursos.com.br\/blog\/#organization","name":"Estrat\u00e9gia Concursos","url":"https:\/\/www.estrategiaconcursos.com.br\/blog\/","logo":{"@type":"ImageObject","inLanguage":"pt-BR","@id":"https:\/\/www.estrategiaconcursos.com.br\/blog\/#\/schema\/logo\/image\/","url":"https:\/\/dhg1h5j42swfq.cloudfront.net\/2025\/06\/03203428\/logo_concursos-1.jpg","contentUrl":"https:\/\/dhg1h5j42swfq.cloudfront.net\/2025\/06\/03203428\/logo_concursos-1.jpg","width":230,"height":60,"caption":"Estrat\u00e9gia Concursos"},"image":{"@id":"https:\/\/www.estrategiaconcursos.com.br\/blog\/#\/schema\/logo\/image\/"},"sameAs":["https:\/\/x.com\/EstratConcursos"]},{"@type":"Person","@id":"https:\/\/www.estrategiaconcursos.com.br\/blog\/#\/schema\/person\/2602628e49ec93d5f782b149f91603ab","name":"Nilson Silva de Assis","image":{"@type":"ImageObject","inLanguage":"pt-BR","@id":"https:\/\/secure.gravatar.com\/avatar\/cdec26ae7042f64d4ddcb70bcf78a4fcbc02661bfa30a7ce3d8bf515b625a75a?s=96&d=mm&r=g","url":"https:\/\/secure.gravatar.com\/avatar\/cdec26ae7042f64d4ddcb70bcf78a4fcbc02661bfa30a7ce3d8bf515b625a75a?s=96&d=mm&r=g","contentUrl":"https:\/\/secure.gravatar.com\/avatar\/cdec26ae7042f64d4ddcb70bcf78a4fcbc02661bfa30a7ce3d8bf515b625a75a?s=96&d=mm&r=g","caption":"Nilson Silva de Assis"},"description":"Atualmente \u00e9 Analista Legislativo do Senado Federal e Professor do Estrat\u00e9gia Concursos. Suas principais aprova\u00e7\u00f5es: Analista Legislativo do Senado Federal; Auditor Federal de Finan\u00e7as e Controle da CGU; Auditor-Fiscal da Receita Estadual da SEFAZ ES; T\u00e9cnico Fazend\u00e1rio do ISS Manaus; Assistente Executivo em Metrologia e Qualidade do Inmetro; Agente Fazend\u00e1rio do ISS Niter\u00f3i\/RJ; Assistente Administrativo da Prefeitura do Rio (RioSa\u00fade); Assistente Administrativo da Secretaria de Administra\u00e7\u00e3o do Munic\u00edpio do RJ.","sameAs":["https:\/\/www.instagram.com\/nilsonassis.concursos\/","kedin.com\/in\/nilson-assis-954132295\/"],"url":"https:\/\/www.estrategiaconcursos.com.br\/blog\/author\/nilson-sdeassisgmail-com\/"}]}},"_links":{"self":[{"href":"https:\/\/www.estrategiaconcursos.com.br\/blog\/wp-json\/wp\/v2\/posts\/1485753","targetHints":{"allow":["GET"]}}],"collection":[{"href":"https:\/\/www.estrategiaconcursos.com.br\/blog\/wp-json\/wp\/v2\/posts"}],"about":[{"href":"https:\/\/www.estrategiaconcursos.com.br\/blog\/wp-json\/wp\/v2\/types\/post"}],"author":[{"embeddable":true,"href":"https:\/\/www.estrategiaconcursos.com.br\/blog\/wp-json\/wp\/v2\/users\/2894"}],"replies":[{"embeddable":true,"href":"https:\/\/www.estrategiaconcursos.com.br\/blog\/wp-json\/wp\/v2\/comments?post=1485753"}],"version-history":[{"count":3,"href":"https:\/\/www.estrategiaconcursos.com.br\/blog\/wp-json\/wp\/v2\/posts\/1485753\/revisions"}],"predecessor-version":[{"id":1485758,"href":"https:\/\/www.estrategiaconcursos.com.br\/blog\/wp-json\/wp\/v2\/posts\/1485753\/revisions\/1485758"}],"wp:featuredmedia":[{"embeddable":true,"href":"https:\/\/www.estrategiaconcursos.com.br\/blog\/wp-json\/wp\/v2\/media\/1485757"}],"wp:attachment":[{"href":"https:\/\/www.estrategiaconcursos.com.br\/blog\/wp-json\/wp\/v2\/media?parent=1485753"}],"wp:term":[{"taxonomy":"category","embeddable":true,"href":"https:\/\/www.estrategiaconcursos.com.br\/blog\/wp-json\/wp\/v2\/categories?post=1485753"},{"taxonomy":"post_tag","embeddable":true,"href":"https:\/\/www.estrategiaconcursos.com.br\/blog\/wp-json\/wp\/v2\/tags?post=1485753"},{"taxonomy":"tax_estado","embeddable":true,"href":"https:\/\/www.estrategiaconcursos.com.br\/blog\/wp-json\/wp\/v2\/tax_estado?post=1485753"}],"curies":[{"name":"wp","href":"https:\/\/api.w.org\/{rel}","templated":true}]}}