{"id":148502,"date":"2018-10-23T11:41:35","date_gmt":"2018-10-23T14:41:35","guid":{"rendered":"https:\/\/www.estrategiaconcursos.com.br\/blog\/?p=148502"},"modified":"2018-10-23T11:43:14","modified_gmt":"2018-10-23T14:43:14","slug":"recurso-portugues-seduc-ce","status":"publish","type":"post","link":"https:\/\/www.estrategiaconcursos.com.br\/blog\/recurso-portugues-seduc-ce\/","title":{"rendered":"Recurso Portugu\u00eas SEDUC CE"},"content":{"rendered":"<p>Recurso Portugu\u00eas SEDUC CE<\/p>\n<p>Ol\u00e1, pessoal!<\/p>\n<p>Passando aqui para colocar uma possibilidade de recurso contra o gabarito da quest\u00e3o 19 da prova de Portugu\u00eas SEDUC CE!<\/p>\n<p>A quest\u00e3o 19 \u00e9 a seguinte:<\/p>\n<p>19. Considerando a justificativa para a\u00a0acentua\u00e7\u00e3o da palavra \u201c<strong>p\u00f4de<\/strong>\u201d em \u201c&#8230; mas que\u00a0nunca <strong>p\u00f4de<\/strong> ser totalmente esquecida\u201d (linhas 26-27), assinale a op\u00e7\u00e3o em que a acentua\u00e7\u00e3o do\u00a0termo destacado \u00e9 justificada pelo mesmo motivo.<\/p>\n<p>A) \u201cDali pra frente n\u00e3o <strong>h\u00e1<\/strong> mais para onde andar.\u201d\u00a0(linhas 20-21)<br \/>\nB) \u201cIsso se manifestava em <strong>tr\u00eas\u00a0<\/strong>comportamentos&#8230;\u201d (linhas 42-43)<br \/>\nC) \u201c&#8230;a <strong>evid\u00eancia<\/strong> viva, encarnada.\u201d (linhas 76-77)<br \/>\nD) \u201c&#8230;est\u00e3o lutando por um lugar e sabem muito\u00a0bem o <strong>porqu\u00ea<\/strong>.\u201d (linhas 68-69)<\/p>\n<p><strong>Coment\u00e1rio<\/strong>: A comiss\u00e3o que elaborou esta quest\u00e3o confundiu o princ\u00edpio de contraste da acentua\u00e7\u00e3o com a regra de acentua\u00e7\u00e3o diferencial, a qual \u00e9 uma das regras especiais. Sinceramente, este \u00e9 um grotesco erro gramatical da banca.<\/p>\n<p>A palavra &#8220;p\u00f4de&#8221; recebe acento pela regra especial de acento diferencial, para destacar o pret\u00e9rito perfeito do indicativo em rela\u00e7\u00e3o ao presente do indicativo &#8220;pode&#8221;. Assim, a quest\u00e3o pede a mesma regra: <strong>regra especial de acento diferencial<\/strong>.<\/p>\n<p>S\u00e3o quatro tipos desta regra:<\/p>\n<p>a) O voc\u00e1bulo &#8220;<strong>p\u00f4de<\/strong>&#8221; n\u00e3o teria acento, por ser parox\u00edtona terminada em &#8220;e&#8221;, como em &#8220;classe&#8221;. Mas o pret\u00e9rito perfeito do indicativo &#8220;<strong>p\u00f4de<\/strong>&#8221; recebe acento para marcar o timbre fechado em rela\u00e7\u00e3o ao presente do indicativo &#8220;pode&#8221;.<\/p>\n<p>b) Os voc\u00e1bulos &#8220;<strong>t\u00eam<\/strong>&#8221; e &#8220;<strong>v\u00eam<\/strong>&#8221; n\u00e3o teriam acento, por serem monoss\u00edlabos t\u00f4nicos terminados em &#8220;em&#8221;, como &#8220;bem&#8221;. Mas o acento em &#8220;t\u00eam&#8221; e &#8220;v\u00eam&#8221; s\u00f3 ocorre para diferenciar este plural do singular &#8220;tem&#8221;, &#8220;vem&#8221;.<\/p>\n<p>c) O verbo &#8220;<strong>p\u00f4r<\/strong>&#8221; n\u00e3o teria acento, por ser um monoss\u00edlabo t\u00f4nico terminado em &#8220;r&#8221;, como &#8220;mar&#8221;. S\u00f3 h\u00e1 acento pela regra especial para diferenci\u00e1-lo da preposi\u00e7\u00e3o &#8220;por&#8221;.<\/p>\n<p>d) O substantivo &#8220;<strong>f\u00f4rma<\/strong>&#8221; n\u00e3o teria acento. S\u00f3 \u00e9 permitido o acento diferencial e \u00e9 facultativo para marcar o timbre fechado, em contraste com o timbre aberto &#8220;forma&#8221;.<\/p>\n<p>Assim, para haver a mesma regra, deveria haver uma das palavras acima nas alternativas, mas isso n\u00e3o ocorreu por erro da banca.<\/p>\n<p>A alternativa (A) n\u00e3o apresenta a mesma regra, pois o verbo &#8220;<strong>h\u00e1<\/strong>&#8221; \u00e9 acentuado conforme a regra geral dos monoss\u00edlabos t\u00f4nicos terminados em &#8220;a&#8221;.<\/p>\n<p>A alternativa (B) n\u00e3o apresenta a mesma regra, pois o numeral &#8220;<strong>tr\u00eas<\/strong>&#8221; \u00e9 acentuado conforme a regra geral dos monoss\u00edlabos t\u00f4nicos terminados em &#8220;e&#8221;, seguidos de &#8220;s&#8221;.<\/p>\n<p>A alternativa (C) n\u00e3o apresenta a mesma regra, pois o substantivo &#8220;<strong>evid\u00eancia<\/strong>&#8221; \u00e9 acentuado conforme a regra geral das parox\u00edtonas terminadas em ditongo oral.<\/p>\n<p>A alternativa (D) foi dada como a correta, <span style=\"color: #ff0000;\"><strong>mas de maneira alguma pode ser considerada uma regra especial diferencial<\/strong><\/span>. A palavra &#8220;<strong>porqu\u00ea<\/strong>&#8221; foi substantivada pelo artigo &#8220;o&#8221;. Assim, <span style=\"color: #0000ff;\"><strong>h\u00e1 o substantivo &#8220;porqu\u00ea&#8221;<\/strong><\/span>, que \u00e9 uma <strong>palavra ox\u00edtona terminada em &#8220;e&#8221;, como &#8220;caf\u00e9&#8221;, &#8220;beb\u00ea&#8221;, &#8220;candombl\u00e9&#8221;<\/strong>. Veja: n\u00e3o \u00e9 o acento simplesmente que o diferencia. H\u00e1 um artigo que for\u00e7a que tal palavra seja entendida como t\u00f4nica e por isso h\u00e1 <span style=\"color: #0000ff;\"><strong>uma regra geral de acentua\u00e7\u00e3o<\/strong><\/span>.<\/p>\n<p>Note que a conjun\u00e7\u00e3o &#8220;porque&#8221; n\u00e3o tem acento por ser uma palavra \u00e1tona.<\/p>\n<p>O mesmo princ\u00edpio ocorre com a conjun\u00e7\u00e3o &#8220;mas&#8221;, que \u00e9 \u00e1tona. Por\u00e9m, quando ocorre o adjetivo &#8220;m\u00e1s&#8221;, que \u00e9 uma palavra t\u00f4nica, passa a ter acento por ser monoss\u00edlabo t\u00f4nico terminado em &#8220;a&#8221;, seguido de &#8220;s&#8221;. Isso n\u00e3o quer dizer que haja um acento diferencial entre &#8220;m\u00e1s&#8221;, &#8220;mas&#8221;. Concorda?<\/p>\n<p>Com base nisso, <strong><span style=\"color: #0000ff;\">pe\u00e7a anula\u00e7\u00e3o da quest\u00e3o<\/span><\/strong>, pois n\u00e3o h\u00e1 alternativa que apresente a regra especial de acento diferencial.<\/p>\n<p>O que houve apenas foi a percep\u00e7\u00e3o de que as regras de acentua\u00e7\u00e3o gr\u00e1fica ocorrem por contraste.<\/p>\n<p>&nbsp;<\/p>\n<p>Al\u00e9m disso, se a banca ainda quiser perceber simplesmente como regra de contraste (e n\u00e3o diferencial, como ocorre na palavra &#8220;p\u00f4de&#8221;), note que &#8220;<strong>evid\u00eancia<\/strong>&#8221; \u00e9 um substantivo e \u00e9 acentuado por ser uma palavra parox\u00edtona terminada em ditongo oral. Ao excluirmos o acento, passamos a outra palavra: o verbo &#8220;evidenciar&#8221; no presente do indicativo: isso <strong>evidencia<\/strong>.<\/p>\n<p>Este ent\u00e3o seria o mesmo princ\u00edpio de contraste encontrado em &#8220;o porqu\u00ea&#8221; (substantivo ox\u00edtono) e &#8220;porque&#8221; (conjun\u00e7\u00e3o e palavra \u00e1tona).<\/p>\n<p>Portanto, n\u00e3o caberiam duas respostas corretas se adotarmos esse princ\u00edpio, concorda?<\/p>\n<p>Por tudo isso, meus amigos, pe\u00e7o a gentileza de entrar com recurso, pois sinceramente houve um erro da banca e os pr\u00f3ximos candidatos n\u00e3o podem estudar com uma quest\u00e3o dessa dada como correta.<\/p>\n<p>Se voc\u00ea tem d\u00favida a respeito de mais alguma quest\u00e3o, comente a\u00ed e daqui a pouco eu observo novamente, ok?!<\/p>\n<p>Grande abra\u00e7o, meus amigos!<\/p>\n<p>D\u00e9cio Terror<\/p>\n<p>&nbsp;<\/p>\n","protected":false},"excerpt":{"rendered":"<p>Recurso Portugu\u00eas SEDUC CE Ol\u00e1, pessoal! Passando aqui para colocar uma possibilidade de recurso contra o gabarito da quest\u00e3o 19 da prova de Portugu\u00eas SEDUC CE! A quest\u00e3o 19 \u00e9 a seguinte: 19. Considerando a justificativa para a\u00a0acentua\u00e7\u00e3o da palavra \u201cp\u00f4de\u201d em \u201c&#8230; mas que\u00a0nunca p\u00f4de ser totalmente esquecida\u201d (linhas 26-27), assinale a op\u00e7\u00e3o em [&hellip;]<\/p>\n","protected":false},"author":214,"featured_media":0,"comment_status":"open","ping_status":"closed","sticky":false,"template":"","format":"standard","meta":{"post_tipo":"article","footnotes":""},"categories":[1],"tags":[36119,36120],"tax_estado":[],"class_list":["post-148502","post","type-post","status-publish","format-standard","hentry","category-cursos-e-concursos","tag-portugues-seduc-ce","tag-recurso-seduc-ce"],"acf":[],"yoast_head":"<!-- This site is optimized with the Yoast SEO Premium plugin v27.2 (Yoast SEO v27.2) - https:\/\/yoast.com\/product\/yoast-seo-premium-wordpress\/ -->\n<title>Recurso Portugu\u00eas SEDUC CE<\/title>\n<meta name=\"robots\" content=\"index, follow, max-snippet:-1, max-image-preview:large, max-video-preview:-1\" \/>\n<link rel=\"canonical\" href=\"https:\/\/www.estrategiaconcursos.com.br\/blog\/recurso-portugues-seduc-ce\/\" \/>\n<meta property=\"og:locale\" content=\"pt_BR\" \/>\n<meta property=\"og:type\" content=\"article\" \/>\n<meta property=\"og:title\" content=\"Recurso Portugu\u00eas SEDUC CE\" \/>\n<meta property=\"og:description\" content=\"Recurso Portugu\u00eas SEDUC CE Ol\u00e1, pessoal! Passando aqui para colocar uma possibilidade de recurso contra o gabarito da quest\u00e3o 19 da prova de Portugu\u00eas SEDUC CE! A quest\u00e3o 19 \u00e9 a seguinte: 19. Considerando a justificativa para a\u00a0acentua\u00e7\u00e3o da palavra \u201cp\u00f4de\u201d em \u201c&#8230; mas que\u00a0nunca p\u00f4de ser totalmente esquecida\u201d (linhas 26-27), assinale a op\u00e7\u00e3o em [&hellip;]\" \/>\n<meta property=\"og:url\" content=\"https:\/\/www.estrategiaconcursos.com.br\/blog\/recurso-portugues-seduc-ce\/\" \/>\n<meta property=\"og:site_name\" content=\"Estrat\u00e9gia Concursos\" \/>\n<meta property=\"article:published_time\" content=\"2018-10-23T14:41:35+00:00\" \/>\n<meta property=\"article:modified_time\" content=\"2018-10-23T14:43:14+00:00\" \/>\n<meta name=\"author\" content=\"D\u00e9cio Terror Filho\" \/>\n<meta name=\"twitter:card\" content=\"summary_large_image\" \/>\n<meta name=\"twitter:creator\" content=\"@EstratConcursos\" \/>\n<meta name=\"twitter:site\" content=\"@EstratConcursos\" \/>\n<meta name=\"twitter:label1\" content=\"Escrito por\" \/>\n\t<meta name=\"twitter:data1\" content=\"D\u00e9cio Terror Filho\" \/>\n\t<meta name=\"twitter:label2\" content=\"Est. tempo de leitura\" \/>\n\t<meta name=\"twitter:data2\" content=\"4 minutos\" \/>\n<script type=\"application\/ld+json\" class=\"yoast-schema-graph\">{\"@context\":\"https:\/\/schema.org\",\"@graph\":[{\"@type\":\"NewsArticle\",\"@id\":\"https:\/\/www.estrategiaconcursos.com.br\/blog\/recurso-portugues-seduc-ce\/#article\",\"isPartOf\":{\"@id\":\"https:\/\/www.estrategiaconcursos.com.br\/blog\/recurso-portugues-seduc-ce\/\"},\"author\":{\"name\":\"D\u00e9cio Terror Filho\",\"@id\":\"https:\/\/www.estrategiaconcursos.com.br\/blog\/#\/schema\/person\/e8165364027a31208914fc77c3314727\"},\"headline\":\"Recurso Portugu\u00eas SEDUC CE\",\"datePublished\":\"2018-10-23T14:41:35+00:00\",\"dateModified\":\"2018-10-23T14:43:14+00:00\",\"mainEntityOfPage\":{\"@id\":\"https:\/\/www.estrategiaconcursos.com.br\/blog\/recurso-portugues-seduc-ce\/\"},\"wordCount\":819,\"commentCount\":9,\"publisher\":{\"@id\":\"https:\/\/www.estrategiaconcursos.com.br\/blog\/#organization\"},\"keywords\":[\"Portugu\u00eas SEDUC CE\",\"recurso SEDUC CE\"],\"articleSection\":[\"Concursos P\u00fablicos\"],\"inLanguage\":\"pt-BR\",\"potentialAction\":[{\"@type\":\"CommentAction\",\"name\":\"Comment\",\"target\":[\"https:\/\/www.estrategiaconcursos.com.br\/blog\/recurso-portugues-seduc-ce\/#respond\"]}],\"copyrightYear\":\"2018\",\"copyrightHolder\":{\"@id\":\"https:\/\/www.estrategiaconcursos.com.br\/blog\/#organization\"}},{\"@type\":\"WebPage\",\"@id\":\"https:\/\/www.estrategiaconcursos.com.br\/blog\/recurso-portugues-seduc-ce\/\",\"url\":\"https:\/\/www.estrategiaconcursos.com.br\/blog\/recurso-portugues-seduc-ce\/\",\"name\":\"Recurso Portugu\u00eas SEDUC CE\",\"isPartOf\":{\"@id\":\"https:\/\/www.estrategiaconcursos.com.br\/blog\/#website\"},\"datePublished\":\"2018-10-23T14:41:35+00:00\",\"dateModified\":\"2018-10-23T14:43:14+00:00\",\"breadcrumb\":{\"@id\":\"https:\/\/www.estrategiaconcursos.com.br\/blog\/recurso-portugues-seduc-ce\/#breadcrumb\"},\"inLanguage\":\"pt-BR\",\"potentialAction\":[{\"@type\":\"ReadAction\",\"target\":[\"https:\/\/www.estrategiaconcursos.com.br\/blog\/recurso-portugues-seduc-ce\/\"]}]},{\"@type\":\"BreadcrumbList\",\"@id\":\"https:\/\/www.estrategiaconcursos.com.br\/blog\/recurso-portugues-seduc-ce\/#breadcrumb\",\"itemListElement\":[{\"@type\":\"ListItem\",\"position\":1,\"name\":\"In\u00edcio\",\"item\":\"https:\/\/www.estrategiaconcursos.com.br\/blog\/\"},{\"@type\":\"ListItem\",\"position\":2,\"name\":\"Recurso Portugu\u00eas SEDUC CE\"}]},{\"@type\":\"WebSite\",\"@id\":\"https:\/\/www.estrategiaconcursos.com.br\/blog\/#website\",\"url\":\"https:\/\/www.estrategiaconcursos.com.br\/blog\/\",\"name\":\"Estrat\u00e9gia Concursos\",\"description\":\"O blog da Estrat\u00e9gia Concursos traz not\u00edcias sobre concursos e artigos de professores oferecendo cursos para concursos (pdf + videaulas) no site.\",\"publisher\":{\"@id\":\"https:\/\/www.estrategiaconcursos.com.br\/blog\/#organization\"},\"potentialAction\":[{\"@type\":\"SearchAction\",\"target\":{\"@type\":\"EntryPoint\",\"urlTemplate\":\"https:\/\/www.estrategiaconcursos.com.br\/blog\/?s={search_term_string}\"},\"query-input\":{\"@type\":\"PropertyValueSpecification\",\"valueRequired\":true,\"valueName\":\"search_term_string\"}}],\"inLanguage\":\"pt-BR\"},{\"@type\":\"Organization\",\"@id\":\"https:\/\/www.estrategiaconcursos.com.br\/blog\/#organization\",\"name\":\"Estrat\u00e9gia Concursos\",\"url\":\"https:\/\/www.estrategiaconcursos.com.br\/blog\/\",\"logo\":{\"@type\":\"ImageObject\",\"inLanguage\":\"pt-BR\",\"@id\":\"https:\/\/www.estrategiaconcursos.com.br\/blog\/#\/schema\/logo\/image\/\",\"url\":\"https:\/\/dhg1h5j42swfq.cloudfront.net\/2025\/06\/03203428\/logo_concursos-1.jpg\",\"contentUrl\":\"https:\/\/dhg1h5j42swfq.cloudfront.net\/2025\/06\/03203428\/logo_concursos-1.jpg\",\"width\":230,\"height\":60,\"caption\":\"Estrat\u00e9gia Concursos\"},\"image\":{\"@id\":\"https:\/\/www.estrategiaconcursos.com.br\/blog\/#\/schema\/logo\/image\/\"},\"sameAs\":[\"https:\/\/x.com\/EstratConcursos\"]},{\"@type\":\"Person\",\"@id\":\"https:\/\/www.estrategiaconcursos.com.br\/blog\/#\/schema\/person\/e8165364027a31208914fc77c3314727\",\"name\":\"D\u00e9cio Terror Filho\",\"image\":{\"@type\":\"ImageObject\",\"inLanguage\":\"pt-BR\",\"@id\":\"https:\/\/secure.gravatar.com\/avatar\/a5b78e734de7c6482e965926e78344deb81abbc34282a3c9536cbb1a59728a37?s=96&d=mm&r=g\",\"url\":\"https:\/\/secure.gravatar.com\/avatar\/a5b78e734de7c6482e965926e78344deb81abbc34282a3c9536cbb1a59728a37?s=96&d=mm&r=g\",\"contentUrl\":\"https:\/\/secure.gravatar.com\/avatar\/a5b78e734de7c6482e965926e78344deb81abbc34282a3c9536cbb1a59728a37?s=96&d=mm&r=g\",\"caption\":\"D\u00e9cio Terror Filho\"},\"url\":\"https:\/\/www.estrategiaconcursos.com.br\/blog\/author\/contatoterrorportugues-com-br\/\"}]}<\/script>\n<!-- \/ Yoast SEO Premium plugin. -->","yoast_head_json":{"title":"Recurso Portugu\u00eas SEDUC CE","robots":{"index":"index","follow":"follow","max-snippet":"max-snippet:-1","max-image-preview":"max-image-preview:large","max-video-preview":"max-video-preview:-1"},"canonical":"https:\/\/www.estrategiaconcursos.com.br\/blog\/recurso-portugues-seduc-ce\/","og_locale":"pt_BR","og_type":"article","og_title":"Recurso Portugu\u00eas SEDUC CE","og_description":"Recurso Portugu\u00eas SEDUC CE Ol\u00e1, pessoal! Passando aqui para colocar uma possibilidade de recurso contra o gabarito da quest\u00e3o 19 da prova de Portugu\u00eas SEDUC CE! A quest\u00e3o 19 \u00e9 a seguinte: 19. Considerando a justificativa para a\u00a0acentua\u00e7\u00e3o da palavra \u201cp\u00f4de\u201d em \u201c&#8230; mas que\u00a0nunca p\u00f4de ser totalmente esquecida\u201d (linhas 26-27), assinale a op\u00e7\u00e3o em [&hellip;]","og_url":"https:\/\/www.estrategiaconcursos.com.br\/blog\/recurso-portugues-seduc-ce\/","og_site_name":"Estrat\u00e9gia Concursos","article_published_time":"2018-10-23T14:41:35+00:00","article_modified_time":"2018-10-23T14:43:14+00:00","author":"D\u00e9cio Terror Filho","twitter_card":"summary_large_image","twitter_creator":"@EstratConcursos","twitter_site":"@EstratConcursos","twitter_misc":{"Escrito por":"D\u00e9cio Terror Filho","Est. tempo de leitura":"4 minutos"},"schema":{"@context":"https:\/\/schema.org","@graph":[{"@type":"NewsArticle","@id":"https:\/\/www.estrategiaconcursos.com.br\/blog\/recurso-portugues-seduc-ce\/#article","isPartOf":{"@id":"https:\/\/www.estrategiaconcursos.com.br\/blog\/recurso-portugues-seduc-ce\/"},"author":{"name":"D\u00e9cio Terror Filho","@id":"https:\/\/www.estrategiaconcursos.com.br\/blog\/#\/schema\/person\/e8165364027a31208914fc77c3314727"},"headline":"Recurso Portugu\u00eas SEDUC CE","datePublished":"2018-10-23T14:41:35+00:00","dateModified":"2018-10-23T14:43:14+00:00","mainEntityOfPage":{"@id":"https:\/\/www.estrategiaconcursos.com.br\/blog\/recurso-portugues-seduc-ce\/"},"wordCount":819,"commentCount":9,"publisher":{"@id":"https:\/\/www.estrategiaconcursos.com.br\/blog\/#organization"},"keywords":["Portugu\u00eas SEDUC CE","recurso SEDUC CE"],"articleSection":["Concursos P\u00fablicos"],"inLanguage":"pt-BR","potentialAction":[{"@type":"CommentAction","name":"Comment","target":["https:\/\/www.estrategiaconcursos.com.br\/blog\/recurso-portugues-seduc-ce\/#respond"]}],"copyrightYear":"2018","copyrightHolder":{"@id":"https:\/\/www.estrategiaconcursos.com.br\/blog\/#organization"}},{"@type":"WebPage","@id":"https:\/\/www.estrategiaconcursos.com.br\/blog\/recurso-portugues-seduc-ce\/","url":"https:\/\/www.estrategiaconcursos.com.br\/blog\/recurso-portugues-seduc-ce\/","name":"Recurso Portugu\u00eas SEDUC CE","isPartOf":{"@id":"https:\/\/www.estrategiaconcursos.com.br\/blog\/#website"},"datePublished":"2018-10-23T14:41:35+00:00","dateModified":"2018-10-23T14:43:14+00:00","breadcrumb":{"@id":"https:\/\/www.estrategiaconcursos.com.br\/blog\/recurso-portugues-seduc-ce\/#breadcrumb"},"inLanguage":"pt-BR","potentialAction":[{"@type":"ReadAction","target":["https:\/\/www.estrategiaconcursos.com.br\/blog\/recurso-portugues-seduc-ce\/"]}]},{"@type":"BreadcrumbList","@id":"https:\/\/www.estrategiaconcursos.com.br\/blog\/recurso-portugues-seduc-ce\/#breadcrumb","itemListElement":[{"@type":"ListItem","position":1,"name":"In\u00edcio","item":"https:\/\/www.estrategiaconcursos.com.br\/blog\/"},{"@type":"ListItem","position":2,"name":"Recurso Portugu\u00eas SEDUC CE"}]},{"@type":"WebSite","@id":"https:\/\/www.estrategiaconcursos.com.br\/blog\/#website","url":"https:\/\/www.estrategiaconcursos.com.br\/blog\/","name":"Estrat\u00e9gia Concursos","description":"O blog da Estrat\u00e9gia Concursos traz not\u00edcias sobre concursos e artigos de professores oferecendo cursos para concursos (pdf + videaulas) no site.","publisher":{"@id":"https:\/\/www.estrategiaconcursos.com.br\/blog\/#organization"},"potentialAction":[{"@type":"SearchAction","target":{"@type":"EntryPoint","urlTemplate":"https:\/\/www.estrategiaconcursos.com.br\/blog\/?s={search_term_string}"},"query-input":{"@type":"PropertyValueSpecification","valueRequired":true,"valueName":"search_term_string"}}],"inLanguage":"pt-BR"},{"@type":"Organization","@id":"https:\/\/www.estrategiaconcursos.com.br\/blog\/#organization","name":"Estrat\u00e9gia Concursos","url":"https:\/\/www.estrategiaconcursos.com.br\/blog\/","logo":{"@type":"ImageObject","inLanguage":"pt-BR","@id":"https:\/\/www.estrategiaconcursos.com.br\/blog\/#\/schema\/logo\/image\/","url":"https:\/\/dhg1h5j42swfq.cloudfront.net\/2025\/06\/03203428\/logo_concursos-1.jpg","contentUrl":"https:\/\/dhg1h5j42swfq.cloudfront.net\/2025\/06\/03203428\/logo_concursos-1.jpg","width":230,"height":60,"caption":"Estrat\u00e9gia Concursos"},"image":{"@id":"https:\/\/www.estrategiaconcursos.com.br\/blog\/#\/schema\/logo\/image\/"},"sameAs":["https:\/\/x.com\/EstratConcursos"]},{"@type":"Person","@id":"https:\/\/www.estrategiaconcursos.com.br\/blog\/#\/schema\/person\/e8165364027a31208914fc77c3314727","name":"D\u00e9cio Terror Filho","image":{"@type":"ImageObject","inLanguage":"pt-BR","@id":"https:\/\/secure.gravatar.com\/avatar\/a5b78e734de7c6482e965926e78344deb81abbc34282a3c9536cbb1a59728a37?s=96&d=mm&r=g","url":"https:\/\/secure.gravatar.com\/avatar\/a5b78e734de7c6482e965926e78344deb81abbc34282a3c9536cbb1a59728a37?s=96&d=mm&r=g","contentUrl":"https:\/\/secure.gravatar.com\/avatar\/a5b78e734de7c6482e965926e78344deb81abbc34282a3c9536cbb1a59728a37?s=96&d=mm&r=g","caption":"D\u00e9cio Terror Filho"},"url":"https:\/\/www.estrategiaconcursos.com.br\/blog\/author\/contatoterrorportugues-com-br\/"}]}},"_links":{"self":[{"href":"https:\/\/www.estrategiaconcursos.com.br\/blog\/wp-json\/wp\/v2\/posts\/148502","targetHints":{"allow":["GET"]}}],"collection":[{"href":"https:\/\/www.estrategiaconcursos.com.br\/blog\/wp-json\/wp\/v2\/posts"}],"about":[{"href":"https:\/\/www.estrategiaconcursos.com.br\/blog\/wp-json\/wp\/v2\/types\/post"}],"author":[{"embeddable":true,"href":"https:\/\/www.estrategiaconcursos.com.br\/blog\/wp-json\/wp\/v2\/users\/214"}],"replies":[{"embeddable":true,"href":"https:\/\/www.estrategiaconcursos.com.br\/blog\/wp-json\/wp\/v2\/comments?post=148502"}],"version-history":[{"count":1,"href":"https:\/\/www.estrategiaconcursos.com.br\/blog\/wp-json\/wp\/v2\/posts\/148502\/revisions"}],"predecessor-version":[{"id":148520,"href":"https:\/\/www.estrategiaconcursos.com.br\/blog\/wp-json\/wp\/v2\/posts\/148502\/revisions\/148520"}],"wp:attachment":[{"href":"https:\/\/www.estrategiaconcursos.com.br\/blog\/wp-json\/wp\/v2\/media?parent=148502"}],"wp:term":[{"taxonomy":"category","embeddable":true,"href":"https:\/\/www.estrategiaconcursos.com.br\/blog\/wp-json\/wp\/v2\/categories?post=148502"},{"taxonomy":"post_tag","embeddable":true,"href":"https:\/\/www.estrategiaconcursos.com.br\/blog\/wp-json\/wp\/v2\/tags?post=148502"},{"taxonomy":"tax_estado","embeddable":true,"href":"https:\/\/www.estrategiaconcursos.com.br\/blog\/wp-json\/wp\/v2\/tax_estado?post=148502"}],"curies":[{"name":"wp","href":"https:\/\/api.w.org\/{rel}","templated":true}]}}