{"id":1483589,"date":"2024-12-09T19:38:00","date_gmt":"2024-12-09T22:38:00","guid":{"rendered":"https:\/\/www.estrategiaconcursos.com.br\/blog\/?p=1483589"},"modified":"2024-12-09T19:38:36","modified_gmt":"2024-12-09T22:38:36","slug":"concurso-camara-de-cabreuva-sp","status":"publish","type":"post","link":"https:\/\/www.estrategiaconcursos.com.br\/blog\/concurso-camara-de-cabreuva-sp\/","title":{"rendered":"Concurso C\u00e2mara de Cabre\u00fava: gabaritos divulgados"},"content":{"rendered":"\n<h3 class=\"wp-block-heading\" id=\"h-provas-foram-aplicadas-no-dia-8-de-dezembro\"><em>Provas foram aplicadas no dia 8 de dezembro!<\/em><\/h3>\n\n\n\n<p>Foram publicados os gabaritos preliminares das provas do <strong>concurso C\u00e2mara de Cabre\u00fava<\/strong>, munic\u00edpio de S\u00e3o Paulo, com oferta de 6 vagas imediatas mais cadastro de reserva.<\/p>\n\n\n\n<ul class=\"wp-block-list\">\n<li><a href=\"https:\/\/dhg1h5j42swfq.cloudfront.net\/2024\/12\/09193723\/726fed4e-810b-4304-8666-ef81968b0b3f.pdf\" target=\"_blank\" rel=\"noreferrer noopener nofollow\">Confira os gabaritos<\/a><\/li>\n<\/ul>\n\n\n\n<p>Agora, aos interessados, o prazo para interposi\u00e7\u00e3o de recursos ficar\u00e1 aberto at\u00e9 o dia 10 de dezembro, atrav\u00e9s do site da banca organizadora, a INDEPAC.<\/p>\n\n\n\n<p>As oportunidades s\u00e3o distribu\u00eddas entre diferentes cargos nos n\u00edveis m\u00e9dio e superior de escolaridade, com <strong>incr\u00edveis sal\u00e1rios iniciais que variam entre R$ 4.287,74 a R$ 10.131,76<\/strong>.<\/p>\n\n\n\n<ul class=\"wp-block-list has-very-light-gray-to-cyan-bluish-gray-gradient-background has-background\">\n<li><strong>Concurso C\u00e2mara de Cabre\u00fava SP<\/strong><\/li>\n\n\n\n<li><strong>Status:<\/strong> gabaritos divulgados<\/li>\n\n\n\n<li><strong>Banca:<\/strong> <a href=\"https:\/\/indepac.selecao.net.br\/informacoes\/23\/\" target=\"_blank\" rel=\"noreferrer noopener\">INDEPAC<\/a><\/li>\n\n\n\n<li><strong>Vagas:<\/strong> 06 + CR<\/li>\n\n\n\n<li><strong>Sal\u00e1rio inicial:<\/strong> R$ 4.287,74 a R$ 10.131,76<\/li>\n\n\n\n<li><strong>Edital:<\/strong> <a href=\"https:\/\/dhg1h5j42swfq.cloudfront.net\/2024\/10\/30081836\/pfdrknkrtuiaeyzsizmldfhjosagtskpm7wvdza5.pdf\" target=\"_blank\" rel=\"noreferrer noopener nofollow\">CM Cabre\u00fava SP-2024<\/a><\/li>\n<\/ul>\n\n\n\n<p>A fim de te deixar sempre bem informado, elaboramos este artigo com as principais informa\u00e7\u00f5es e novidades sobre o concurso. Acompanhe os t\u00f3picos abaixo e n\u00e3o perca nenhum detalhe:<\/p>\n\n\n\n<ul id=\"indice\" class=\"wp-block-list\">\n<li><a href=\"#cargos-vagas\">Cargos e vagas<\/a>\n<ul class=\"wp-block-list\">\n<li><a href=\"#medio\">M\u00e9dio<\/a><\/li>\n\n\n\n<li><a href=\"#superior\">Superior<\/a><\/li>\n<\/ul>\n<\/li>\n\n\n\n<li><a href=\"#etapas\">Etapas e provas<\/a>\n<ul class=\"wp-block-list\">\n<li><a href=\"#objetiva\">Prova objetiva<\/a><\/li>\n\n\n\n<li><a href=\"#Dissertativa\">Prova dissertativa<\/a><\/li>\n\n\n\n<li><a href=\"#titulos\">Avalia\u00e7\u00e3o de t\u00edtulos<\/a><\/li>\n\n\n\n<li><a href=\"#pratica\">Prova pr\u00e1tica<\/a><\/li>\n<\/ul>\n<\/li>\n\n\n\n<li><a href=\"#cursos\">Cursos e assinaturas<\/a><\/li>\n\n\n\n<li><a href=\"#ficha\">Ficha t\u00e9cnica<\/a><\/li>\n<\/ul>\n\n\n\n<div class=\"container\" id=\"boxes\">\n  <div class=\"row\">\n\n    <div class=\"col-sm\">\n      <div class=\"banner-camaras\" id=\"box-assinatura\">\n        <h2 class=\"titulo-assinatura\">Concurso C\u00e2mara de Cabre\u00fava<\/h2>\n        <p class=\"subtitulo-assinatura\">Prepara\u00e7\u00e3o completa para a carreira na C\u00e2mara<\/p>\n        <div class=\"box-botao\">\n          <a class=\"btn-assinatura\" target=\"_blank\" href=\"https:\/\/www.estrategiaconcursos.com.br\/cursosPorConcurso\/camara-municipal-de-cabreuva-sp\" role=\"button\" rel=\"noopener noreferrer\">EXPLORAR CURSOS<\/a>\n        <\/div>\n      <\/div>\n     \n    <\/div>\n\n  <\/div>\n<\/div>\n\n\n\n<h2 class=\"wp-block-heading\" id=\"cargos-vagas\">Cargos e vagas do concurso C\u00e2mara de Cabre\u00fava<\/h2>\n\n\n\n<h3 class=\"wp-block-heading\" id=\"medio\">Ensino m\u00e9dio<\/h3>\n\n\n\n<figure class=\"wp-block-table is-style-stripes\"><table class=\"has-very-light-gray-to-cyan-bluish-gray-gradient-background has-background has-fixed-layout\"><thead><tr><th class=\"has-text-align-center\" data-align=\"center\">CARGOS<\/th><th class=\"has-text-align-center\" data-align=\"center\">VAGAS<\/th><th class=\"has-text-align-center\" data-align=\"center\">SAL\u00c1RIO<\/th><\/tr><\/thead><tbody><tr><td class=\"has-text-align-center\" data-align=\"center\">Motorista Legislativo<\/td><td class=\"has-text-align-center\" data-align=\"center\">CR<\/td><td class=\"has-text-align-center\" data-align=\"center\">R$ 4.287,74<\/td><\/tr><\/tbody><\/table><\/figure>\n\n\n\n<h3 class=\"wp-block-heading\" id=\"superior\">Curso superior<\/h3>\n\n\n\n<figure class=\"wp-block-table is-style-stripes\"><table class=\"has-very-light-gray-to-cyan-bluish-gray-gradient-background has-background has-fixed-layout\"><thead><tr><th class=\"has-text-align-center\" data-align=\"center\">CARGOS<\/th><th class=\"has-text-align-center\" data-align=\"center\">VAGAS<\/th><th class=\"has-text-align-center\" data-align=\"center\">SAL\u00c1RIO<\/th><\/tr><\/thead><tbody><tr><td class=\"has-text-align-center\" data-align=\"center\">Analista de Comunica\u00e7\u00e3o Institucional<\/td><td class=\"has-text-align-center\" data-align=\"center\">01<\/td><td class=\"has-text-align-center\" data-align=\"center\">R$ 6.438,56<\/td><\/tr><tr><td class=\"has-text-align-center\" data-align=\"center\">Analista de Licita\u00e7\u00f5es e Contratos<\/td><td class=\"has-text-align-center\" data-align=\"center\">01<\/td><td class=\"has-text-align-center\" data-align=\"center\">R$ 8.824,80<\/td><\/tr><tr><td class=\"has-text-align-center\" data-align=\"center\">Analista Jur\u00eddico<\/td><td class=\"has-text-align-center\" data-align=\"center\">01<\/td><td class=\"has-text-align-center\" data-align=\"center\">R$ 8.824,80<\/td><\/tr><tr><td class=\"has-text-align-center\" data-align=\"center\">Assistente Legislativo<\/td><td class=\"has-text-align-center\" data-align=\"center\">02<\/td><td class=\"has-text-align-center\" data-align=\"center\">R$ 8.824,80<\/td><\/tr><tr><td class=\"has-text-align-center\" data-align=\"center\">Contador<\/td><td class=\"has-text-align-center\" data-align=\"center\">CR<\/td><td class=\"has-text-align-center\" data-align=\"center\">R$ 10.131,76<\/td><\/tr><tr><td class=\"has-text-align-center\" data-align=\"center\">Controlador Interno<\/td><td class=\"has-text-align-center\" data-align=\"center\">CR<\/td><td class=\"has-text-align-center\" data-align=\"center\">R$ 10.131,76<\/td><\/tr><tr><td class=\"has-text-align-center\" data-align=\"center\">Procurador Jur\u00eddico Adjunto<\/td><td class=\"has-text-align-center\" data-align=\"center\">01<\/td><td class=\"has-text-align-center\" data-align=\"center\">R$ 6.438,56<\/td><\/tr><\/tbody><\/table><\/figure>\n\n\n\n<h2 class=\"wp-block-heading\" id=\"etapas\">Etapas e provas do concurso C\u00e2mara de Cabre\u00fava<\/h2>\n\n\n\n<p>Os candidatos s\u00e3o avaliados por meio de diferentes etapas, conforme abaixo:<\/p>\n\n\n\n<ol class=\"wp-block-list\">\n<li><strong>Prova Objetiva<\/strong> &#8211; para todos os cargos, de car\u00e1ter eliminat\u00f3rio e classificat\u00f3rio;<\/li>\n\n\n\n<li><strong>Prova Dissertativa<\/strong> &#8211; apenas para Procurador Jur\u00eddico Adjunto, de car\u00e1ter eliminat\u00f3rio e classificat\u00f3rio;<\/li>\n\n\n\n<li><strong>Avalia\u00e7\u00e3o de T\u00edtulos<\/strong> &#8211; para Analista Jur\u00eddico e Procurador Jur\u00eddico Adjunto, car\u00e1ter classificat\u00f3rio;<\/li>\n\n\n\n<li><strong>Prova Pr\u00e1tica<\/strong> &#8211; apenas para Motorista, de car\u00e1ter eliminat\u00f3rio e classificat\u00f3rio.<\/li>\n<\/ol>\n\n\n\n<h3 class=\"wp-block-heading\" id=\"objetiva\">Provas Objetivas<\/h3>\n\n\n\n<p>As quest\u00f5es de Conhecimentos B\u00e1sicos e Conhecimentos Espec\u00edficos foram objetivas de m\u00faltipla escolha, com quatro alternativas cada.<\/p>\n\n\n\n<ul class=\"wp-block-list\">\n<li><strong>Motorista Legislativo:<\/strong>\n<ul class=\"wp-block-list\">\n<li>L\u00edngua Portuguesa &#8211; 15 (peso 2,5)<\/li>\n\n\n\n<li>Matem\u00e1tica &#8211; 05 (peso 2,5)<\/li>\n\n\n\n<li>Conhecimentos Espec\u00edficos &#8211; 20 (peso 2,5)<\/li>\n<\/ul>\n<\/li>\n<\/ul>\n\n\n\n<ul class=\"wp-block-list\">\n<li><strong>Analista de Comunica\u00e7\u00e3o Institucional, Analista de Licita\u00e7\u00f5es e Contratos, Assistente Legislativo, Contador e Controlador Interno:<\/strong>\n<ul class=\"wp-block-list\">\n<li>L\u00edngua Portuguesa &#8211; 15 (peso 2,5)<\/li>\n\n\n\n<li>Matem\u00e1tica &#8211; 05 (peso 2,5)<\/li>\n\n\n\n<li>Conhecimentos Espec\u00edficos &#8211; 20 (peso 2,5)<\/li>\n<\/ul>\n<\/li>\n<\/ul>\n\n\n\n<ul class=\"wp-block-list\">\n<li><strong>Analista Jur\u00eddico:<\/strong> \n<ul class=\"wp-block-list\">\n<li>L\u00edngua Portuguesa &#8211; 10 (peso 1) <\/li>\n\n\n\n<li>Conhecimentos Espec\u00edficos &#8211; 30 (peso 3)<\/li>\n<\/ul>\n<\/li>\n<\/ul>\n\n\n\n<ul class=\"wp-block-list\">\n<li><strong>Procurador Jur\u00eddico Adjunto:<\/strong>\n<ul class=\"wp-block-list\">\n<li>L\u00edngua Portuguesa &#8211; 10 (peso 1) <\/li>\n\n\n\n<li>Conhecimentos Espec\u00edficos &#8211; 40 (peso 2,25)<\/li>\n<\/ul>\n<\/li>\n<\/ul>\n\n\n\n<p>A etapa ser\u00e1 avaliada na escala de 0 a 100 pontos e ter\u00e1 car\u00e1ter eliminat\u00f3rio e classificat\u00f3rio. Ser\u00e1 considerado habilitado o candidato que obtiver total de pontos igual ou superior a 50.<\/p>\n\n\n\n<h3 class=\"wp-block-heading\" id=\"Dissertativa\">Prova Dissertativa<\/h3>\n\n\n\n<p>A prova dissertativa foi aplicada somente para Procurador Jur\u00eddico Adjunto, na mesma data, hor\u00e1rio e local da prova objetiva, consistindo na elabora\u00e7\u00e3o de 1 quest\u00e3o te\u00f3rico-pr\u00e1tica, que versou sobre o conte\u00fado program\u00e1tico.<\/p>\n\n\n\n<p>A prova \u00e9 de car\u00e1ter eliminat\u00f3rio e classificat\u00f3rio e ser\u00e1 avaliada na escala de 0 a 10 pontos. Ser\u00e1 considerado habilitado o candidato que obtiver total de pontos igual ou superior a 5.<\/p>\n\n\n\n<h3 class=\"wp-block-heading\" id=\"titulos\">Avalia\u00e7\u00e3o de T\u00edtulos<\/h3>\n\n\n\n<p>Concorrer\u00e3o \u00e0 prova de T\u00edtulos do concurso C\u00e2mara de Cabre\u00fava somente os candidatos habilitados nas provas objetivas e dissertativas  para os empregos de Analista Jur\u00eddico e Procurador Jur\u00eddico Adjunto.<\/p>\n\n\n\n<p>A prova de t\u00edtulos ter\u00e1 car\u00e1ter classificat\u00f3rio, sendo que o candidato que n\u00e3o entregar o t\u00edtulo n\u00e3o ser\u00e1 eliminado do certame. Ser\u00e3o considerados somente os constantes na tabela a seguir:<\/p>\n\n\n\n<figure class=\"wp-block-image aligncenter size-full\"><img loading=\"lazy\" decoding=\"async\" width=\"882\" height=\"336\" src=\"https:\/\/dhg1h5j42swfq.cloudfront.net\/2024\/10\/30084239\/image-495.png\" alt=\"Quadro de t\u00edtulos do concurso C\u00e2mara de Cabre\u00fava\" class=\"wp-image-1483602\" srcset=\"https:\/\/dhg1h5j42swfq.cloudfront.net\/2024\/10\/30084239\/image-495.png 882w, https:\/\/dhg1h5j42swfq.cloudfront.net\/2024\/10\/30084239\/image-495-300x114.png 300w, https:\/\/dhg1h5j42swfq.cloudfront.net\/2024\/10\/30084239\/image-495-768x293.png 768w, https:\/\/dhg1h5j42swfq.cloudfront.net\/2024\/10\/30084239\/image-495-150x57.png 150w\" sizes=\"auto, (max-width: 882px) 100vw, 882px\" \/><figcaption class=\"wp-element-caption\">Quadro de t\u00edtulos do concurso C\u00e2mara de Cabre\u00fava<\/figcaption><\/figure>\n\n\n\n<h3 class=\"wp-block-heading\" id=\"pratica\">Prova Pr\u00e1tica<\/h3>\n\n\n\n<p>A Prova Pr\u00e1tica ser\u00e1 aplicada para o emprego p\u00fablico de Motorista Legislativo. O candidato dever\u00e1 comparecer ao local designado para a prova com anteced\u00eancia m\u00ednima de 30 minutos, munido de CNH v\u00e1lida e original.<\/p>\n\n\n\n<p>A etapa ter\u00e1 car\u00e1ter eliminat\u00f3rio e classificat\u00f3rio, com valor m\u00e1ximo de 100 pontos. Ser\u00e1 considerado habilitado o candidato que obtiver total de pontos igual ou superior a 50, conforme os crit\u00e9rios:<\/p>\n\n\n\n<figure class=\"wp-block-image aligncenter size-large\"><img loading=\"lazy\" decoding=\"async\" width=\"1024\" height=\"247\" src=\"https:\/\/dhg1h5j42swfq.cloudfront.net\/2024\/10\/30084426\/image-496-1024x247.png\" alt=\"Prova pr\u00e1tica do concurso C\u00e2mara de Cabre\u00fava \" class=\"wp-image-1483605\" srcset=\"https:\/\/dhg1h5j42swfq.cloudfront.net\/2024\/10\/30084426\/image-496-1024x247.png 1024w, https:\/\/dhg1h5j42swfq.cloudfront.net\/2024\/10\/30084426\/image-496-300x72.png 300w, https:\/\/dhg1h5j42swfq.cloudfront.net\/2024\/10\/30084426\/image-496-768x185.png 768w, https:\/\/dhg1h5j42swfq.cloudfront.net\/2024\/10\/30084426\/image-496-150x36.png 150w, https:\/\/dhg1h5j42swfq.cloudfront.net\/2024\/10\/30084426\/image-496.png 1044w\" sizes=\"auto, (max-width: 1024px) 100vw, 1024px\" \/><figcaption class=\"wp-element-caption\">Prova pr\u00e1tica do concurso C\u00e2mara de Cabre\u00fava <\/figcaption><\/figure>\n\n\n\n<hr class=\"wp-block-separator has-css-opacity\"\/>\n\n\n\n<h2 class=\"wp-block-heading has-text-align-center\" id=\"h-quer-saber-tudo-sobre-concursos-previstos-confira-nossos-artigos\">Quer saber tudo sobre concursos previstos?<br \/>Confira  nossos artigos!<\/h2>\n\n\n\n<ul class=\"wp-block-list\">\n<li><a href=\"https:\/\/www.estrategiaconcursos.com.br\/blog\/concursos-camaras-municipais\/\" target=\"_blank\" rel=\"noreferrer noopener\">Concursos C\u00e2maras<\/a><\/li>\n\n\n\n<li><a href=\"https:\/\/www.estrategiaconcursos.com.br\/blog\/concursos-abertos\/\" target=\"_blank\" rel=\"noreferrer noopener\">Concursos abertos<\/a><\/li>\n\n\n\n<li><a href=\"https:\/\/www.estrategiaconcursos.com.br\/blog\/concursos-2025\/\" target=\"_blank\" rel=\"noreferrer noopener\">Concursos 2025<\/a><\/li>\n<\/ul>\n\n\n\n<h2 class=\"wp-block-heading has-text-align-center\" id=\"cursos\">Quer estudar para o concurso C\u00e2mara de Cabre\u00fava?<\/h2>\n\n\n\n<div class=\"container\" id=\"boxes\">\n  <div class=\"row\">\n\n    <div class=\"col-sm\">\n      <div class=\"banner-camaras\" id=\"box-assinatura\">\n        <h3 class=\"titulo-assinatura\">Concurso C\u00e2mara de Cabre\u00fava<\/h3>\n        <p class=\"subtitulo-assinatura\">Prepara\u00e7\u00e3o completa para a carreira na C\u00e2mara<\/p>\n        <div class=\"box-botao\">\n          <a class=\"btn-assinatura\" target=\"_blank\" href=\"https:\/\/www.estrategiaconcursos.com.br\/cursosPorConcurso\/camara-municipal-de-cabreuva-sp\" role=\"button\" rel=\"noopener noreferrer\">EXPLORAR CURSOS<\/a>\n        <\/div>\n      <\/div>\n     \n    <\/div>\n\n  <\/div>\n<\/div>\n\n\n\n<div class=\"container\" id=\"boxes\">\n  <div class=\"row\">\n\n    <div class=\"col-sm\">\n      <div class=\"estrategia\" id=\"box-assinatura\">\n        <h3 class=\"titulo-assinatura\">Assinatura Concursos<\/h3>\n        <p class=\"subtitulo-assinatura\">Assinatura de 1 ano ou 2 anos<\/p>\n        <div class=\"box-botao\">\n          <a class=\"btn-assinatura\" target=\"_blank\" href=\"https:\/\/www.estrategiaconcursos.com.br\/assinaturas\/\" role=\"button\" rel=\"noopener noreferrer\">ASSINE AGORA<\/a>\n        <\/div>\n      <\/div><\/div><\/div><\/div>\n\n\n\n<figure class=\"wp-block-image size-large is-resized\"><img loading=\"lazy\" decoding=\"async\" width=\"1024\" height=\"632\" src=\"https:\/\/dhg1h5j42swfq.cloudfront.net\/2025\/06\/27101122\/ficha-tecnica-1-1024x632.png\" alt=\"Ficha t\u00e9cnica\" class=\"wp-image-702728\" style=\"aspect-ratio:1.620253164556962;width:282px;height:auto\" srcset=\"https:\/\/dhg1h5j42swfq.cloudfront.net\/2025\/06\/27101122\/ficha-tecnica-1-1024x632.png 1024w, https:\/\/dhg1h5j42swfq.cloudfront.net\/2025\/06\/27101122\/ficha-tecnica-1-300x185.png 300w, https:\/\/dhg1h5j42swfq.cloudfront.net\/2025\/06\/27101122\/ficha-tecnica-1-768x474.png 768w, https:\/\/dhg1h5j42swfq.cloudfront.net\/2025\/06\/27101122\/ficha-tecnica-1-1536x948.png 1536w, https:\/\/dhg1h5j42swfq.cloudfront.net\/2025\/06\/27101122\/ficha-tecnica-1-610x377.png 610w, https:\/\/dhg1h5j42swfq.cloudfront.net\/2025\/06\/27101122\/ficha-tecnica-1.png 1571w\" sizes=\"auto, (max-width: 1024px) 100vw, 1024px\" \/><\/figure>\n\n\n\n<h3 class=\"wp-block-heading\" id=\"ficha\">Informa\u00e7\u00f5es do concurso C\u00e2mara de Cabre\u00fava SP<\/h3>\n\n\n\n<ul class=\"wp-block-list\">\n<li><strong>Provas<\/strong>: 08\/12\/2024<\/li>\n\n\n\n<li><strong>Vagas<\/strong>: 06 + CR<\/li>\n\n\n\n<li><strong>Cargos<\/strong>: v\u00e1rios<\/li>\n\n\n\n<li><strong>Banca<\/strong>: INDEPAC<\/li>\n\n\n\n<li><strong>Escolaridade<\/strong>: n\u00edvel m\u00e9dio e superior<\/li>\n\n\n\n<li><strong>Edital:<\/strong> <a href=\"https:\/\/dhg1h5j42swfq.cloudfront.net\/2024\/10\/30081836\/pfdrknkrtuiaeyzsizmldfhjosagtskpm7wvdza5.pdf\" target=\"_blank\" rel=\"noreferrer noopener nofollow\">CM Cabre\u00fava SP-2024<\/a><\/li>\n<\/ul>\n","protected":false},"excerpt":{"rendered":"<p>Provas foram aplicadas no dia 8 de dezembro! Foram publicados os gabaritos preliminares das provas do concurso C\u00e2mara de Cabre\u00fava, munic\u00edpio de S\u00e3o Paulo, com oferta de 6 vagas imediatas mais cadastro de reserva. Agora, aos interessados, o prazo para interposi\u00e7\u00e3o de recursos ficar\u00e1 aberto at\u00e9 o dia 10 de dezembro, atrav\u00e9s do site da [&hellip;]<\/p>\n","protected":false},"author":1,"featured_media":1484049,"comment_status":"open","ping_status":"closed","sticky":false,"template":"","format":"standard","meta":{"post_tipo":"news_page","footnotes":""},"categories":[2017],"tags":[],"tax_estado":[219989],"class_list":["post-1483589","post","type-post","status-publish","format-standard","has-post-thumbnail","hentry","category-concursos-legislativos","tax_estado-sp"],"acf":[],"yoast_head":"<!-- This site is optimized with the Yoast SEO Premium plugin v27.2 (Yoast SEO v27.2) - https:\/\/yoast.com\/product\/yoast-seo-premium-wordpress\/ -->\n<title>Concurso C\u00e2mara de Cabre\u00fava: gabaritos divulgados<\/title>\n<meta name=\"description\" content=\"Concurso C\u00e2mara de Cabre\u00fava: provas aplicadas e gabaritos divulgados. Edital oferece vagas com sal\u00e1rios iniciais de at\u00e9 R$ 10,1 mil.\" \/>\n<meta name=\"robots\" content=\"index, follow, max-snippet:-1, max-image-preview:large, max-video-preview:-1\" \/>\n<link rel=\"canonical\" href=\"https:\/\/www.estrategiaconcursos.com.br\/blog\/concurso-camara-de-cabreuva-sp\/\" \/>\n<meta property=\"og:locale\" content=\"pt_BR\" \/>\n<meta property=\"og:type\" content=\"article\" \/>\n<meta property=\"og:title\" content=\"Concurso C\u00e2mara de Cabre\u00fava: gabaritos divulgados\" \/>\n<meta property=\"og:description\" content=\"Concurso C\u00e2mara de Cabre\u00fava: provas aplicadas e gabaritos divulgados. Edital oferece vagas com sal\u00e1rios iniciais de at\u00e9 R$ 10,1 mil.\" \/>\n<meta property=\"og:url\" content=\"https:\/\/www.estrategiaconcursos.com.br\/blog\/concurso-camara-de-cabreuva-sp\/\" \/>\n<meta property=\"og:site_name\" content=\"Estrat\u00e9gia Concursos\" \/>\n<meta property=\"article:author\" content=\"https:\/\/www.facebook.com\/EstrategiaConcursos\" \/>\n<meta property=\"article:published_time\" content=\"2024-12-09T22:38:00+00:00\" \/>\n<meta property=\"article:modified_time\" content=\"2024-12-09T22:38:36+00:00\" \/>\n<meta property=\"og:image\" content=\"https:\/\/dhg1h5j42swfq.cloudfront.net\/2024\/10\/30172422\/camara-de-cabreuva-sp.jpg\" \/>\n\t<meta property=\"og:image:width\" content=\"768\" \/>\n\t<meta property=\"og:image:height\" content=\"432\" \/>\n\t<meta property=\"og:image:type\" content=\"image\/jpeg\" \/>\n<meta name=\"author\" content=\"Coordena\u00e7\u00e3o\" \/>\n<meta name=\"twitter:card\" content=\"summary_large_image\" \/>\n<meta name=\"twitter:creator\" content=\"@EstratConcursos\" \/>\n<meta name=\"twitter:site\" content=\"@EstratConcursos\" \/>\n<meta name=\"twitter:label1\" content=\"Escrito por\" \/>\n\t<meta name=\"twitter:data1\" content=\"Coordena\u00e7\u00e3o\" \/>\n\t<meta name=\"twitter:label2\" content=\"Est. tempo de leitura\" \/>\n\t<meta name=\"twitter:data2\" content=\"4 minutos\" \/>\n<script type=\"application\/ld+json\" class=\"yoast-schema-graph\">{\"@context\":\"https:\/\/schema.org\",\"@graph\":[{\"@type\":\"NewsArticle\",\"@id\":\"https:\/\/www.estrategiaconcursos.com.br\/blog\/concurso-camara-de-cabreuva-sp\/#article\",\"isPartOf\":{\"@id\":\"https:\/\/www.estrategiaconcursos.com.br\/blog\/concurso-camara-de-cabreuva-sp\/\"},\"author\":{\"name\":\"Coordena\u00e7\u00e3o\",\"@id\":\"https:\/\/www.estrategiaconcursos.com.br\/blog\/#\/schema\/person\/b4a388c97673c5f483d72185668afa1f\"},\"headline\":\"Concurso C\u00e2mara de Cabre\u00fava: gabaritos divulgados\",\"datePublished\":\"2024-12-09T22:38:00+00:00\",\"dateModified\":\"2024-12-09T22:38:36+00:00\",\"mainEntityOfPage\":{\"@id\":\"https:\/\/www.estrategiaconcursos.com.br\/blog\/concurso-camara-de-cabreuva-sp\/\"},\"wordCount\":806,\"commentCount\":0,\"publisher\":{\"@id\":\"https:\/\/www.estrategiaconcursos.com.br\/blog\/#organization\"},\"image\":{\"@id\":\"https:\/\/www.estrategiaconcursos.com.br\/blog\/concurso-camara-de-cabreuva-sp\/#primaryimage\"},\"thumbnailUrl\":\"https:\/\/dhg1h5j42swfq.cloudfront.net\/2024\/10\/30172422\/camara-de-cabreuva-sp.jpg\",\"articleSection\":[\"Legislativo\"],\"inLanguage\":\"pt-BR\",\"potentialAction\":[{\"@type\":\"CommentAction\",\"name\":\"Comment\",\"target\":[\"https:\/\/www.estrategiaconcursos.com.br\/blog\/concurso-camara-de-cabreuva-sp\/#respond\"]}],\"copyrightYear\":\"2024\",\"copyrightHolder\":{\"@id\":\"https:\/\/www.estrategiaconcursos.com.br\/blog\/#organization\"}},{\"@type\":\"WebPage\",\"@id\":\"https:\/\/www.estrategiaconcursos.com.br\/blog\/concurso-camara-de-cabreuva-sp\/\",\"url\":\"https:\/\/www.estrategiaconcursos.com.br\/blog\/concurso-camara-de-cabreuva-sp\/\",\"name\":\"Concurso C\u00e2mara de Cabre\u00fava: gabaritos divulgados\",\"isPartOf\":{\"@id\":\"https:\/\/www.estrategiaconcursos.com.br\/blog\/#website\"},\"primaryImageOfPage\":{\"@id\":\"https:\/\/www.estrategiaconcursos.com.br\/blog\/concurso-camara-de-cabreuva-sp\/#primaryimage\"},\"image\":{\"@id\":\"https:\/\/www.estrategiaconcursos.com.br\/blog\/concurso-camara-de-cabreuva-sp\/#primaryimage\"},\"thumbnailUrl\":\"https:\/\/dhg1h5j42swfq.cloudfront.net\/2024\/10\/30172422\/camara-de-cabreuva-sp.jpg\",\"datePublished\":\"2024-12-09T22:38:00+00:00\",\"dateModified\":\"2024-12-09T22:38:36+00:00\",\"description\":\"Concurso C\u00e2mara de Cabre\u00fava: provas aplicadas e gabaritos divulgados. Edital oferece vagas com sal\u00e1rios iniciais de at\u00e9 R$ 10,1 mil.\",\"breadcrumb\":{\"@id\":\"https:\/\/www.estrategiaconcursos.com.br\/blog\/concurso-camara-de-cabreuva-sp\/#breadcrumb\"},\"inLanguage\":\"pt-BR\",\"potentialAction\":[{\"@type\":\"ReadAction\",\"target\":[\"https:\/\/www.estrategiaconcursos.com.br\/blog\/concurso-camara-de-cabreuva-sp\/\"]}]},{\"@type\":\"ImageObject\",\"inLanguage\":\"pt-BR\",\"@id\":\"https:\/\/www.estrategiaconcursos.com.br\/blog\/concurso-camara-de-cabreuva-sp\/#primaryimage\",\"url\":\"https:\/\/dhg1h5j42swfq.cloudfront.net\/2024\/10\/30172422\/camara-de-cabreuva-sp.jpg\",\"contentUrl\":\"https:\/\/dhg1h5j42swfq.cloudfront.net\/2024\/10\/30172422\/camara-de-cabreuva-sp.jpg\",\"width\":768,\"height\":432,\"caption\":\"concurso C\u00e2mara de Cabre\u00fava SP\"},{\"@type\":\"BreadcrumbList\",\"@id\":\"https:\/\/www.estrategiaconcursos.com.br\/blog\/concurso-camara-de-cabreuva-sp\/#breadcrumb\",\"itemListElement\":[{\"@type\":\"ListItem\",\"position\":1,\"name\":\"In\u00edcio\",\"item\":\"https:\/\/www.estrategiaconcursos.com.br\/blog\/\"},{\"@type\":\"ListItem\",\"position\":2,\"name\":\"Concurso C\u00e2mara de Cabre\u00fava: gabaritos divulgados\"}]},{\"@type\":\"WebSite\",\"@id\":\"https:\/\/www.estrategiaconcursos.com.br\/blog\/#website\",\"url\":\"https:\/\/www.estrategiaconcursos.com.br\/blog\/\",\"name\":\"Estrat\u00e9gia Concursos\",\"description\":\"O blog da Estrat\u00e9gia Concursos traz not\u00edcias sobre concursos e artigos de professores oferecendo cursos para concursos (pdf + videaulas) no site.\",\"publisher\":{\"@id\":\"https:\/\/www.estrategiaconcursos.com.br\/blog\/#organization\"},\"potentialAction\":[{\"@type\":\"SearchAction\",\"target\":{\"@type\":\"EntryPoint\",\"urlTemplate\":\"https:\/\/www.estrategiaconcursos.com.br\/blog\/?s={search_term_string}\"},\"query-input\":{\"@type\":\"PropertyValueSpecification\",\"valueRequired\":true,\"valueName\":\"search_term_string\"}}],\"inLanguage\":\"pt-BR\"},{\"@type\":\"Organization\",\"@id\":\"https:\/\/www.estrategiaconcursos.com.br\/blog\/#organization\",\"name\":\"Estrat\u00e9gia Concursos\",\"url\":\"https:\/\/www.estrategiaconcursos.com.br\/blog\/\",\"logo\":{\"@type\":\"ImageObject\",\"inLanguage\":\"pt-BR\",\"@id\":\"https:\/\/www.estrategiaconcursos.com.br\/blog\/#\/schema\/logo\/image\/\",\"url\":\"https:\/\/dhg1h5j42swfq.cloudfront.net\/2025\/06\/03203428\/logo_concursos-1.jpg\",\"contentUrl\":\"https:\/\/dhg1h5j42swfq.cloudfront.net\/2025\/06\/03203428\/logo_concursos-1.jpg\",\"width\":230,\"height\":60,\"caption\":\"Estrat\u00e9gia Concursos\"},\"image\":{\"@id\":\"https:\/\/www.estrategiaconcursos.com.br\/blog\/#\/schema\/logo\/image\/\"},\"sameAs\":[\"https:\/\/x.com\/EstratConcursos\"]},{\"@type\":\"Person\",\"@id\":\"https:\/\/www.estrategiaconcursos.com.br\/blog\/#\/schema\/person\/b4a388c97673c5f483d72185668afa1f\",\"name\":\"Coordena\u00e7\u00e3o\",\"image\":{\"@type\":\"ImageObject\",\"inLanguage\":\"pt-BR\",\"@id\":\"https:\/\/secure.gravatar.com\/avatar\/b720319e4c9a967eb58678d110f4fe35452fc5d5f97b202bac7b8acceb18c6ad?s=96&d=mm&r=g\",\"url\":\"https:\/\/secure.gravatar.com\/avatar\/b720319e4c9a967eb58678d110f4fe35452fc5d5f97b202bac7b8acceb18c6ad?s=96&d=mm&r=g\",\"contentUrl\":\"https:\/\/secure.gravatar.com\/avatar\/b720319e4c9a967eb58678d110f4fe35452fc5d5f97b202bac7b8acceb18c6ad?s=96&d=mm&r=g\",\"caption\":\"Coordena\u00e7\u00e3o\"},\"sameAs\":[\"https:\/\/www.facebook.com\/EstrategiaConcursos\",\"https:\/\/x.com\/EstratConcursos\"],\"url\":\"https:\/\/www.estrategiaconcursos.com.br\/blog\/author\/estrategia2013\/\"}]}<\/script>\n<!-- \/ Yoast SEO Premium plugin. -->","yoast_head_json":{"title":"Concurso C\u00e2mara de Cabre\u00fava: gabaritos divulgados","description":"Concurso C\u00e2mara de Cabre\u00fava: provas aplicadas e gabaritos divulgados. Edital oferece vagas com sal\u00e1rios iniciais de at\u00e9 R$ 10,1 mil.","robots":{"index":"index","follow":"follow","max-snippet":"max-snippet:-1","max-image-preview":"max-image-preview:large","max-video-preview":"max-video-preview:-1"},"canonical":"https:\/\/www.estrategiaconcursos.com.br\/blog\/concurso-camara-de-cabreuva-sp\/","og_locale":"pt_BR","og_type":"article","og_title":"Concurso C\u00e2mara de Cabre\u00fava: gabaritos divulgados","og_description":"Concurso C\u00e2mara de Cabre\u00fava: provas aplicadas e gabaritos divulgados. Edital oferece vagas com sal\u00e1rios iniciais de at\u00e9 R$ 10,1 mil.","og_url":"https:\/\/www.estrategiaconcursos.com.br\/blog\/concurso-camara-de-cabreuva-sp\/","og_site_name":"Estrat\u00e9gia Concursos","article_author":"https:\/\/www.facebook.com\/EstrategiaConcursos","article_published_time":"2024-12-09T22:38:00+00:00","article_modified_time":"2024-12-09T22:38:36+00:00","og_image":[{"width":768,"height":432,"url":"https:\/\/dhg1h5j42swfq.cloudfront.net\/2024\/10\/30172422\/camara-de-cabreuva-sp.jpg","type":"image\/jpeg"}],"author":"Coordena\u00e7\u00e3o","twitter_card":"summary_large_image","twitter_creator":"@EstratConcursos","twitter_site":"@EstratConcursos","twitter_misc":{"Escrito por":"Coordena\u00e7\u00e3o","Est. tempo de leitura":"4 minutos"},"schema":{"@context":"https:\/\/schema.org","@graph":[{"@type":"NewsArticle","@id":"https:\/\/www.estrategiaconcursos.com.br\/blog\/concurso-camara-de-cabreuva-sp\/#article","isPartOf":{"@id":"https:\/\/www.estrategiaconcursos.com.br\/blog\/concurso-camara-de-cabreuva-sp\/"},"author":{"name":"Coordena\u00e7\u00e3o","@id":"https:\/\/www.estrategiaconcursos.com.br\/blog\/#\/schema\/person\/b4a388c97673c5f483d72185668afa1f"},"headline":"Concurso C\u00e2mara de Cabre\u00fava: gabaritos divulgados","datePublished":"2024-12-09T22:38:00+00:00","dateModified":"2024-12-09T22:38:36+00:00","mainEntityOfPage":{"@id":"https:\/\/www.estrategiaconcursos.com.br\/blog\/concurso-camara-de-cabreuva-sp\/"},"wordCount":806,"commentCount":0,"publisher":{"@id":"https:\/\/www.estrategiaconcursos.com.br\/blog\/#organization"},"image":{"@id":"https:\/\/www.estrategiaconcursos.com.br\/blog\/concurso-camara-de-cabreuva-sp\/#primaryimage"},"thumbnailUrl":"https:\/\/dhg1h5j42swfq.cloudfront.net\/2024\/10\/30172422\/camara-de-cabreuva-sp.jpg","articleSection":["Legislativo"],"inLanguage":"pt-BR","potentialAction":[{"@type":"CommentAction","name":"Comment","target":["https:\/\/www.estrategiaconcursos.com.br\/blog\/concurso-camara-de-cabreuva-sp\/#respond"]}],"copyrightYear":"2024","copyrightHolder":{"@id":"https:\/\/www.estrategiaconcursos.com.br\/blog\/#organization"}},{"@type":"WebPage","@id":"https:\/\/www.estrategiaconcursos.com.br\/blog\/concurso-camara-de-cabreuva-sp\/","url":"https:\/\/www.estrategiaconcursos.com.br\/blog\/concurso-camara-de-cabreuva-sp\/","name":"Concurso C\u00e2mara de Cabre\u00fava: gabaritos divulgados","isPartOf":{"@id":"https:\/\/www.estrategiaconcursos.com.br\/blog\/#website"},"primaryImageOfPage":{"@id":"https:\/\/www.estrategiaconcursos.com.br\/blog\/concurso-camara-de-cabreuva-sp\/#primaryimage"},"image":{"@id":"https:\/\/www.estrategiaconcursos.com.br\/blog\/concurso-camara-de-cabreuva-sp\/#primaryimage"},"thumbnailUrl":"https:\/\/dhg1h5j42swfq.cloudfront.net\/2024\/10\/30172422\/camara-de-cabreuva-sp.jpg","datePublished":"2024-12-09T22:38:00+00:00","dateModified":"2024-12-09T22:38:36+00:00","description":"Concurso C\u00e2mara de Cabre\u00fava: provas aplicadas e gabaritos divulgados. Edital oferece vagas com sal\u00e1rios iniciais de at\u00e9 R$ 10,1 mil.","breadcrumb":{"@id":"https:\/\/www.estrategiaconcursos.com.br\/blog\/concurso-camara-de-cabreuva-sp\/#breadcrumb"},"inLanguage":"pt-BR","potentialAction":[{"@type":"ReadAction","target":["https:\/\/www.estrategiaconcursos.com.br\/blog\/concurso-camara-de-cabreuva-sp\/"]}]},{"@type":"ImageObject","inLanguage":"pt-BR","@id":"https:\/\/www.estrategiaconcursos.com.br\/blog\/concurso-camara-de-cabreuva-sp\/#primaryimage","url":"https:\/\/dhg1h5j42swfq.cloudfront.net\/2024\/10\/30172422\/camara-de-cabreuva-sp.jpg","contentUrl":"https:\/\/dhg1h5j42swfq.cloudfront.net\/2024\/10\/30172422\/camara-de-cabreuva-sp.jpg","width":768,"height":432,"caption":"concurso C\u00e2mara de Cabre\u00fava SP"},{"@type":"BreadcrumbList","@id":"https:\/\/www.estrategiaconcursos.com.br\/blog\/concurso-camara-de-cabreuva-sp\/#breadcrumb","itemListElement":[{"@type":"ListItem","position":1,"name":"In\u00edcio","item":"https:\/\/www.estrategiaconcursos.com.br\/blog\/"},{"@type":"ListItem","position":2,"name":"Concurso C\u00e2mara de Cabre\u00fava: gabaritos divulgados"}]},{"@type":"WebSite","@id":"https:\/\/www.estrategiaconcursos.com.br\/blog\/#website","url":"https:\/\/www.estrategiaconcursos.com.br\/blog\/","name":"Estrat\u00e9gia Concursos","description":"O blog da Estrat\u00e9gia Concursos traz not\u00edcias sobre concursos e artigos de professores oferecendo cursos para concursos (pdf + videaulas) no site.","publisher":{"@id":"https:\/\/www.estrategiaconcursos.com.br\/blog\/#organization"},"potentialAction":[{"@type":"SearchAction","target":{"@type":"EntryPoint","urlTemplate":"https:\/\/www.estrategiaconcursos.com.br\/blog\/?s={search_term_string}"},"query-input":{"@type":"PropertyValueSpecification","valueRequired":true,"valueName":"search_term_string"}}],"inLanguage":"pt-BR"},{"@type":"Organization","@id":"https:\/\/www.estrategiaconcursos.com.br\/blog\/#organization","name":"Estrat\u00e9gia Concursos","url":"https:\/\/www.estrategiaconcursos.com.br\/blog\/","logo":{"@type":"ImageObject","inLanguage":"pt-BR","@id":"https:\/\/www.estrategiaconcursos.com.br\/blog\/#\/schema\/logo\/image\/","url":"https:\/\/dhg1h5j42swfq.cloudfront.net\/2025\/06\/03203428\/logo_concursos-1.jpg","contentUrl":"https:\/\/dhg1h5j42swfq.cloudfront.net\/2025\/06\/03203428\/logo_concursos-1.jpg","width":230,"height":60,"caption":"Estrat\u00e9gia Concursos"},"image":{"@id":"https:\/\/www.estrategiaconcursos.com.br\/blog\/#\/schema\/logo\/image\/"},"sameAs":["https:\/\/x.com\/EstratConcursos"]},{"@type":"Person","@id":"https:\/\/www.estrategiaconcursos.com.br\/blog\/#\/schema\/person\/b4a388c97673c5f483d72185668afa1f","name":"Coordena\u00e7\u00e3o","image":{"@type":"ImageObject","inLanguage":"pt-BR","@id":"https:\/\/secure.gravatar.com\/avatar\/b720319e4c9a967eb58678d110f4fe35452fc5d5f97b202bac7b8acceb18c6ad?s=96&d=mm&r=g","url":"https:\/\/secure.gravatar.com\/avatar\/b720319e4c9a967eb58678d110f4fe35452fc5d5f97b202bac7b8acceb18c6ad?s=96&d=mm&r=g","contentUrl":"https:\/\/secure.gravatar.com\/avatar\/b720319e4c9a967eb58678d110f4fe35452fc5d5f97b202bac7b8acceb18c6ad?s=96&d=mm&r=g","caption":"Coordena\u00e7\u00e3o"},"sameAs":["https:\/\/www.facebook.com\/EstrategiaConcursos","https:\/\/x.com\/EstratConcursos"],"url":"https:\/\/www.estrategiaconcursos.com.br\/blog\/author\/estrategia2013\/"}]}},"_links":{"self":[{"href":"https:\/\/www.estrategiaconcursos.com.br\/blog\/wp-json\/wp\/v2\/posts\/1483589","targetHints":{"allow":["GET"]}}],"collection":[{"href":"https:\/\/www.estrategiaconcursos.com.br\/blog\/wp-json\/wp\/v2\/posts"}],"about":[{"href":"https:\/\/www.estrategiaconcursos.com.br\/blog\/wp-json\/wp\/v2\/types\/post"}],"author":[{"embeddable":true,"href":"https:\/\/www.estrategiaconcursos.com.br\/blog\/wp-json\/wp\/v2\/users\/1"}],"replies":[{"embeddable":true,"href":"https:\/\/www.estrategiaconcursos.com.br\/blog\/wp-json\/wp\/v2\/comments?post=1483589"}],"version-history":[{"count":10,"href":"https:\/\/www.estrategiaconcursos.com.br\/blog\/wp-json\/wp\/v2\/posts\/1483589\/revisions"}],"predecessor-version":[{"id":1502671,"href":"https:\/\/www.estrategiaconcursos.com.br\/blog\/wp-json\/wp\/v2\/posts\/1483589\/revisions\/1502671"}],"wp:featuredmedia":[{"embeddable":true,"href":"https:\/\/www.estrategiaconcursos.com.br\/blog\/wp-json\/wp\/v2\/media\/1484049"}],"wp:attachment":[{"href":"https:\/\/www.estrategiaconcursos.com.br\/blog\/wp-json\/wp\/v2\/media?parent=1483589"}],"wp:term":[{"taxonomy":"category","embeddable":true,"href":"https:\/\/www.estrategiaconcursos.com.br\/blog\/wp-json\/wp\/v2\/categories?post=1483589"},{"taxonomy":"post_tag","embeddable":true,"href":"https:\/\/www.estrategiaconcursos.com.br\/blog\/wp-json\/wp\/v2\/tags?post=1483589"},{"taxonomy":"tax_estado","embeddable":true,"href":"https:\/\/www.estrategiaconcursos.com.br\/blog\/wp-json\/wp\/v2\/tax_estado?post=1483589"}],"curies":[{"name":"wp","href":"https:\/\/api.w.org\/{rel}","templated":true}]}}