{"id":14806,"date":"2014-04-15T15:25:27","date_gmt":"2014-04-15T18:25:27","guid":{"rendered":"https:\/\/www.estrategiaconcursos.com.br\/blog\/?p=14806"},"modified":"2022-09-20T18:05:57","modified_gmt":"2022-09-20T21:05:57","slug":"simulado-conhecimentos-pedagogicos","status":"publish","type":"post","link":"https:\/\/www.estrategiaconcursos.com.br\/blog\/simulado-conhecimentos-pedagogicos\/","title":{"rendered":"SIMULADO &#8211; Conhecimentos Pedag\u00f3gicos"},"content":{"rendered":"<p><b>\u00a0<\/b><\/p>\n<p><b>SIMULADO<\/b><\/p>\n<p>1 &#8211;\u00a0 S\u00f3crates, acreditava que o princ\u00edpio do aprendizado \u00e9 a imita\u00e7\u00e3o e que aprende-se fazendo.<\/p>\n<p>2 \u2013<b> <\/b>Auguste Conte<b> <\/b>compara a sociedade a um<b> <\/b>organismo vivo em que cada indiv\u00edduo tem uma fun\u00e7\u00e3o espec\u00edfica.<\/p>\n<p>3-<b> <\/b>Max Weber: Realizou um importante estudo sobre a religi\u00e3o e criou-se o que ele chama de racionalidade burocr\u00e1tica.<\/p>\n<p>4 \u2013<b> <\/b>A pedagogia progressivista, prop\u00f5e a transforma\u00e7\u00e3o da sociedade, questionando suas rela\u00e7\u00f5es, levando a educa\u00e7\u00e3o como instrumento de transforma\u00e7\u00e3o social.<\/p>\n<p>5 &#8211; A tendencia libert\u00e1ria, tem como um de seus representantes Anton Makarenko que concebeu um modelo de escola baseado na vida em grupo.<\/p>\n<p>6 \u2013 A did\u00e1tica pode ser classificada em tradicional, moderna e fundamental.<\/p>\n<p>7 \u2013 Os m\u00e9todos de ensino devem estar relacionados aos objetivos e aos conte\u00fados que ser\u00e3o trabalhados em sala de aula.<\/p>\n<p>8 \u2013 Na concep\u00e7\u00e3o interacionista, h\u00e1 uma rela\u00e7\u00e3o rec\u00edproca entre os fatores internos e os est\u00edmulos externos ao ambiente.<\/p>\n<p>9 \u2013 No que diz respeito ao empirismo, o indiv\u00edduo aprende em decorr\u00eancia dos fatores biol\u00f3gicos. De acordo com essa abordagem o ambiente exercer\u00e1 pouca ou nenhuma influ\u00eancia sobre o seu desenvolvimento.<\/p>\n<p>10 &#8211;<b> <\/b>A aprendizagem escolar \u00e9 influenciada pelos fatores afetivos e sociais que podem motivar (ou n\u00e3o) o aluno.<\/p>\n<p>11 \u2013 De acordo com as diretrizes curriculares nacionais a EJA \u00e9 destinada aos que n\u00e3o conseguiram cursar os ensinos Fundamental e M\u00e9dio em idade pr\u00f3pria.<\/p>\n<p>12 &#8211;<b> <\/b>A proposta das Diretrizes Curriculares Nacionais para o Ensino Fundamental de 9 (nove) anos, \u00e9 coerente com a proposta das Diretrizes Curriculares Nacionais Gerais para a Educa\u00e7\u00e3o B\u00e1sica.<\/p>\n<p>13 &#8211; \u00a0A metodologia de projetos n\u00e3o admite o di\u00e1logo entre a organiza\u00e7\u00e3o dos conhecimentos advindos do senso comum e da parte cient\u00edfica.<\/p>\n<p>14 &#8211; Metodologia de projetos teve como pioneiro John Dewey.<\/p>\n<p>15 &#8211;\u00a0 Os projetos de ensino est\u00e3o ligados ao trabalho do aluno e os projetos de aprendizagem est\u00e3o ligados ao trabalho realizado pelos professores.<\/p>\n<p>16 &#8211;<b> <\/b>Segundo Hernandez, os projetos visam proporcionar aos educandos a aquisi\u00e7\u00e3o de capacidades relacionadas a:<b> <\/b>Auto dire\u00e7\u00e3o, tomada de decis\u00f5es e integra\u00e7\u00e3o.<\/p>\n<p>17 &#8211; A interdisciplinaridade \u00e9 entendida como o di\u00e1logo entre as v\u00e1rias disciplinas. \u00c9 caracterizada como dois ou mais componentes curriculares na constru\u00e7\u00e3o e globaliza\u00e7\u00e3o do conhecimento.<\/p>\n<p>18 \u2013 De acordo com o pensamento de Paulo Freire \u201cprecisamos ditar as ideias e n\u00e3o troc\u00e1-las. Ser\u00e1 por meio desse tipo de educa\u00e7\u00e3o que iremos oferecer um pensamento aut\u00eantico para nossos educandos.<\/p>\n<p>19 \u2013 De acordo com os estudiosos, deveria existir um modelo ou forma padronizada a ser seguida pelas institui\u00e7\u00f5es, resultando assim, em caracter\u00edsticas organizacionais que poderiam contribuir para um melhor funcionamento dos estabelecimentos de ensino.<\/p>\n<p><b>\u00a0<\/b><\/p>\n<p>20 \u2013 Em rela\u00e7\u00e3o a forma\u00e7\u00e3o continuada dos profissionais da escola,<b> <\/b>o desenvolvimento profissional como eixo da forma\u00e7\u00e3o docente, precisa articular-se ao mesmo tempo, com o desenvolvimento pessoal e com o desenvolvimento organizacional.<i> <\/i><\/p>\n<p>21 \u2013 De acordo com a LDB o poder p\u00fablico dever\u00e1 zelar, junto aos pais ou respons\u00e1veis, pela frequ\u00eancia \u00e0 escola.<\/p>\n<p>22 \u2013 De acordo com a LDB a educa\u00e7\u00e3o f\u00edsica \u00e9 um componente curricular facultativo para o ensino regular noturno.<\/p>\n<p>23 &#8211;<b> <\/b>Os sistemas de ensino podem organizar seus respectivos calend\u00e1rios escolares para atendimento \u00e0s peculiaridades clim\u00e1ticas locais, sem reduzir o n\u00famero de horas previsto na LDB.<\/p>\n<p>24 &#8211;<b> <\/b>O processo de ensino pode ser visto como um conjunto de tarefas que envolvem o professor e os alunos, visando \u00e0 assimila\u00e7\u00e3o ativa dos conhecimentos, junto com o desenvolvimento de habilidades e compet\u00eancias. O ensino torna-se eficaz quando os interesses do professor coincidem com o dos alunos.<\/p>\n<p>25 &#8211; Taxonomia de Bloom \u00e9 a classifica\u00e7\u00e3o que divide os objetivos educacionais em tr\u00eas dom\u00ednios: Cognitivo, afetivo e social.<\/p>\n<p>26-\u00a0 Os conte\u00fados de ensino caracterizam-se como saberes historicamente organizados e verdades absolutas que se adequam \u00e0s exig\u00eancias sociais.<\/p>\n<p>27 &#8211; M\u00e9todo de ensino<b> <\/b>refere-se aos meios para se alcan\u00e7ar os objetivos gerais e espec\u00edficos de ensino.<\/p>\n<p>28 \u2013 Em rela\u00e7\u00e3o a avalia\u00e7\u00e3o escolar, julgue o item:<\/p>\n<p>Na fun\u00e7\u00e3o diagn\u00f3stica, a avalia\u00e7\u00e3o \u00e9<b> <\/b>realizada no in\u00edcio do processo para direcionar o trabalho do professor.<\/p>\n<p>29 \u2013 A avalia\u00e7\u00e3o na fun\u00e7\u00e3o formativa \u00e9 realizada no final do processo, classificando os alunos quanto ao n\u00edvel de desenvolvimento.<\/p>\n<p>30 &#8211; Avalia\u00e7\u00e3o formal: \u00c9 formada por instrumentos espec\u00edficos de avalia\u00e7\u00e3o como provas, trabalhos e tarefas organizadas.<\/p>\n<p><b>\u00a0SIMULADO COMENTADO:<\/b><\/p>\n<p>1 &#8211;\u00a0 S\u00f3crates, acreditava que o princ\u00edpio do aprendizado \u00e9 a imita\u00e7\u00e3o e que aprende-se fazendo.<\/p>\n<p><b>Falso. <\/b><b>Essa ideia vem do fil\u00f3sofo Arist\u00f3teles<\/b><\/p>\n<p><b>\u00a0<\/b><\/p>\n<p>2 \u2013<b> <\/b>Auguste Conte<b> <\/b>compara a sociedade a um<b> <\/b>organismo vivo em que cada indiv\u00edduo tem uma fun\u00e7\u00e3o espec\u00edfica.<\/p>\n<p><b>Falso. <\/b><b>Essa ideia vem de Durkheim. <\/b><\/p>\n<p>3-<b> <\/b>Max Weber: Realizou um importante estudo sobre a religi\u00e3o e criou-se o que ele chama de racionalidade burocr\u00e1tica.<\/p>\n<p><b>Verdadeiro. Weber<\/b><b>\u00a0\u00a0pesquisou e tentou relacionar o sentido das chamadas a\u00e7\u00f5es sociais com os indiv\u00edduos que podem ser divididas em quatro a\u00e7\u00f5es fundamentais: a\u00e7\u00e3o social racional com rela\u00e7\u00e3o a fins, a\u00e7\u00e3o social racional com rela\u00e7\u00e3o a valores, a\u00e7\u00e3o social afetiva e a\u00e7\u00e3o social tradicional.<br \/>\n<\/b><\/p>\n<p><b>\u00a0<\/b><\/p>\n<p>4 \u2013<b> <\/b>A pedagogia progressivista, prop\u00f5e a transforma\u00e7\u00e3o da sociedade, questionando suas rela\u00e7\u00f5es, levando a educa\u00e7\u00e3o como instrumento de transforma\u00e7\u00e3o social.<\/p>\n<p><b>Falso. <\/b><b>N\u00e3o confunda progressivista com progressista! A pedagogia progressista est\u00e1 de acordo com a ideia citada na quest\u00e3o.<\/b><\/p>\n<p><b>\u00a05 &#8211; A tendencia libert\u00e1ria, tem como um de seus representantes Anton Makarenko que concebeu um modelo de escola baseado na vida em grupo.<\/b><\/p>\n<p><b>Falso. <\/b><b>Makarenko \u00e9 representante da tend\u00eancia progressista cr\u00edtico social dos conte\u00fados.<\/b><\/p>\n<p><b>\u00a0<\/b><\/p>\n<p>6 \u2013 A did\u00e1tica pode ser classificada em tradicional, moderna e fundamental.<\/p>\n<p><b>Verdadeiro. <\/b><b>TRADICIONAL: a did\u00e1tica \u00e9 caracterizada de forma instrumental e banc\u00e1ria. <\/b><\/p>\n<p><b>MODERNA: O aluno \u00e9 o centro de todo o processo de ensino com a presen\u00e7a de m\u00e9todos ativos (montessoriano, centro de interesse, resolu\u00e7\u00e3o de problemas, etc.). <\/b><\/p>\n<p><b>FUNDAMENTAL: O homem \u00e9 ajustado ao seu tempo e ao seu momento hist\u00f3rico.<\/b><\/p>\n<p>7 \u2013 Os m\u00e9todos de ensino devem estar relacionados aos objetivos e aos conte\u00fados que ser\u00e3o trabalhados em sala de aula.<\/p>\n<p><b>Verdadeiro. <\/b><b>Esse processo n\u00e3o pode ser independente. <\/b><\/p>\n<p>8 \u2013 Na concep\u00e7\u00e3o interacionista, h\u00e1 uma rela\u00e7\u00e3o rec\u00edproca entre os fatores internos e os est\u00edmulos externos ao ambiente.<\/p>\n<p><b>Verdadeiro. <\/b><b>Nessa concep\u00e7\u00e3o o sujeito aprende por meio da intera\u00e7\u00e3o com o meio.<\/b><\/p>\n<p>9 \u2013 No que diz respeito ao empirismo, o indiv\u00edduo aprende em decorr\u00eancia dos fatores biol\u00f3gicos. De acordo com essa abordagem o ambiente exercer\u00e1 pouca ou nenhuma influ\u00eancia sobre o seu desenvolvimento.<\/p>\n<p><b>Falso. <\/b><b>Essa ideia faz parte da concep\u00e7\u00e3o inatista. <\/b><\/p>\n<p><b>\u00a0<\/b><\/p>\n<p>10 &#8211;<b> <\/b>A aprendizagem escolar \u00e9 influenciada pelos fatores afetivos e sociais que podem motivar (ou n\u00e3o) o aluno.<\/p>\n<p><b>Verdadeiro. <\/b><b>Os fatores afetivos e sociais interferem na aprendizagem do aluno. <\/b><\/p>\n<p><b>\u00a0<\/b><\/p>\n<p>11 \u2013 De acordo com as diretrizes curriculares nacionais a EJA \u00e9 destinada aos que n\u00e3o conseguiram cursar os ensinos Fundamental e M\u00e9dio em idade pr\u00f3pria.<\/p>\n<p><b>Verdadeiro. <\/b><b>Art. 28. A Educa\u00e7\u00e3o de Jovens e Adultos (EJA) destina-se aos que se situam na faixa et\u00e1ria superior \u00e0 considerada pr\u00f3pria, no n\u00edvel de conclus\u00e3o do Ensino Fundamental e do Ensino M\u00e9dio. <\/b><\/p>\n<p><b>\u00a0<\/b><\/p>\n<p>12 &#8211;<b> <\/b>A proposta das Diretrizes Curriculares Nacionais para o Ensino Fundamental de 9 (nove) anos, \u00e9 coerente com a proposta das Diretrizes Curriculares Nacionais Gerais para a Educa\u00e7\u00e3o B\u00e1sica.<\/p>\n<p><b>Verdadeiro. <\/b><b>As Diretrizes Curriculares Nacionais para o Ensino Fundamental de 9 (nove) anos articulam-se com as Diretrizes Curriculares Nacionais Gerais para a Educa\u00e7\u00e3o B\u00e1sica.<\/b><\/p>\n<p>13 &#8211; \u00a0A metodologia de projetos n\u00e3o admite o di\u00e1logo entre a organiza\u00e7\u00e3o dos conhecimentos advindos do senso comum e da parte cient\u00edfica.<\/p>\n<p><b>Falso. <\/b><b>Essa metodologia admite o di\u00e1logo entre a organiza\u00e7\u00e3o dos conhecimentos advindos do senso comum e da parte cient\u00edfica.<\/b><\/p>\n<p>14 &#8211; Metodologia de projetos teve como pioneiro John Dewey.<\/p>\n<p><b>Verdadeiro. <\/b><b>Para Dewey a escola deveria considerar os interesses dos educandos.\u00a0 O aluno deve ser motivado a aprender pela descoberta e pela experi\u00eancia.<\/b><\/p>\n<p>15 &#8211;\u00a0 Os projetos de ensino est\u00e3o ligados ao trabalho do aluno e os projetos de aprendizagem est\u00e3o ligados ao trabalho realizado pelos professores.<\/p>\n<p><b>Falso. <\/b><b>Os projetos de ensino est\u00e3o ligados ao trabalho do professor e os projetos de aprendizagem est\u00e3o ligados ao trabalho realizado pelos alunos.<\/b><\/p>\n<p><b>\u00a0<\/b><\/p>\n<p>16 &#8211;<b> <\/b>Segundo Hernandez, os projetos visam proporcionar aos educandos a aquisi\u00e7\u00e3o de capacidades relacionadas a:<b> <\/b>Auto dire\u00e7\u00e3o, tomada de decis\u00f5es, integra\u00e7\u00e3o.<\/p>\n<p><b>Verdadeiro.\u00a0<\/b><b>Auto dire\u00e7\u00e3o: ao estimular iniciativas para efetiva\u00e7\u00e3o das tarefas propostas.<\/b><\/p>\n<p><b>Tomada de decis\u00f5es: que implica o exerc\u00edcio de escolha acerca do que \u00e9 relevante e o que ser\u00e1 inclu\u00eddo no processo de trabalho.<\/b><\/p>\n<p><b>Integra\u00e7\u00e3o: que contribui para a articula\u00e7\u00e3o e s\u00edntese de ideias, experi\u00eancias e informa\u00e7\u00f5es coletadas, considerando sua diversidade. <\/b><\/p>\n<p><b>Inventividade, formula\u00e7\u00e3o, resolu\u00e7\u00e3o de problemas e comunica\u00e7\u00e3o interpessoal, tamb\u00e9m fazem parte desse processo.<\/b><\/p>\n<p>17 &#8211; A interdisciplinaridade \u00e9 entendida como o di\u00e1logo entre as v\u00e1rias disciplinas. \u00c9 caracterizada como dois ou mais componentes curriculares na constru\u00e7\u00e3o e globaliza\u00e7\u00e3o do conhecimento.<\/p>\n<p><b>Verdadeiro. <\/b><b>\u00c9 exatamente essa a defini\u00e7\u00e3o para interdisciplinaridade. <\/b><\/p>\n<p>18 \u2013 De acordo com o pensamento de Paulo Freire \u201cprecisamos ditar as ideias e n\u00e3o troc\u00e1-las. Ser\u00e1 por meio desse tipo de educa\u00e7\u00e3o que iremos oferecer um pensamento aut\u00eantico para nossos educandos.<\/p>\n<p><b>Falso. <\/b><b>O pensamento de Paulo Freire \u00e9 de que precisamos trocar ideias e n\u00e3o dit\u00e1-las. Ser\u00e1 por meio desse tipo de educa\u00e7\u00e3o que iremos oferecer um pensamento aut\u00eantico para nossos educandos.<\/b><\/p>\n<p>19 \u2013 De acordo com os estudiosos, deveria existir um modelo ou forma padronizada a ser seguida pelas institui\u00e7\u00f5es, resultando assim, em caracter\u00edsticas organizacionais que poderiam contribuir para um melhor funcionamento dos estabelecimentos de ensino.<\/p>\n<p><b>Falso. <\/b><b>N\u00e3o dever\u00e1 existir um modelo ou forma padronizada para todas as institui\u00e7\u00f5es. <\/b><\/p>\n<p><b>\u00a0<\/b><\/p>\n<p>20 \u2013 Em rela\u00e7\u00e3o a forma\u00e7\u00e3o continuada dos profissionais da escola,<b> <\/b>o desenvolvimento profissional, como eixo da forma\u00e7\u00e3o docente, precisa articular-se ao mesmo tempo com o desenvolvimento pessoal e com o desenvolvimento organizacional.<i> <\/i><\/p>\n<p><b>Verdadeiro. Essa informa\u00e7\u00e3o est\u00e1 em um dos nossos cursos! A aula sobre forma\u00e7\u00e3o\u00a0<\/b>continuada esclarece essa informa\u00e7\u00e3o. Confira os cronogramas dos cursos de conhecimentos pedag\u00f3gicos aqui no site e fa\u00e7a sua matr\u00edcula.<b><br \/>\n<\/b><\/p>\n<p>21 \u2013 De acordo com a LDB O poder p\u00fablico dever\u00e1 zelar, junto aos pais ou respons\u00e1veis, pela frequ\u00eancia \u00e0 escolar.<\/p>\n<p><b>Verdadeiro<\/b><b>. <\/b><b>Lembrando que isso \u00e9 um dever, e est\u00e1 bem claro na nossa Lei de diretrizes e bases.<\/b><b><\/b><\/p>\n<p>22 \u2013 De acordo com a LDB a educa\u00e7\u00e3o f\u00edsica \u00e9 um componente curricular facultativo para ensino regular noturno.<\/p>\n<p><b>Falso. <\/b><b>A PR\u00c1TICA de educa\u00e7\u00e3o f\u00edsica ser\u00e1 facultativa em alguns casos. <\/b><\/p>\n<p><b>\u00a0<\/b><\/p>\n<p>23 &#8211;<b> <\/b>Os sistemas de ensino podem organizar seus respectivos calend\u00e1rios escolares para atendimento \u00e0s peculiaridades clim\u00e1ticas locais, sem reduzir o n\u00famero de horas previsto na LDB.<\/p>\n<p><b>Verdadeiro. <\/b><b>Os sistemas de ensino n\u00e3o podem reduzir o n\u00famero de horas letivas.<\/b><\/p>\n<p><b>\u00a0<\/b><\/p>\n<p>24 &#8211;<b> <\/b>O processo de ensino pode ser visto como um conjunto de tarefas que envolvem o professor e os alunos, visando \u00e0 assimila\u00e7\u00e3o ativa dos conhecimentos, junto com o desenvolvimento de habilidades e compet\u00eancias. O ensino torna-se eficaz quando os interesses do professor coincidem com o dos alunos.<\/p>\n<p><b>Verdadeiro. <\/b><b>Essa \u00e9 a ess\u00eancia do processo de ensino e aprendizagem.<\/b><\/p>\n<p>25 &#8211; Taxonomia de Bloom \u00e9 a classifica\u00e7\u00e3o que divide os objetivos educacionais em tr\u00eas dom\u00ednios: Cognitivo, afetivo e social.<\/p>\n<p><b>Falso. <\/b><b>Taxonomia de Bloom \u00e9 a classifica\u00e7\u00e3o que divide os objetivos educacionais em tr\u00eas dom\u00ednios: Cognitivo, afetivo e motor (psicomotor).<\/b><\/p>\n<p>26- \u00a0Os conte\u00fados de ensino caracterizam-se como saberes historicamente organizados e verdades absolutas que se adequam \u00e0s exig\u00eancias sociais.<\/p>\n<p><b>Falso. <\/b><b>Os conte\u00fados de ensino n\u00e3o s\u00e3o verdades absolutas!<\/b><\/p>\n<p>27 &#8211; M\u00e9todo de ensino<b> <\/b>refere-se aos meios para se alcan\u00e7ar os objetivos gerais e espec\u00edficos de ensino.<\/p>\n<p><b>Verdadeiro. <\/b><b>M\u00e9todo \u00e9 o caminho para atingir um objetivo.<\/b><\/p>\n<p><b>\u00a0<\/b><\/p>\n<p>28 \u2013 Em rela\u00e7\u00e3o a avalia\u00e7\u00e3o escolar, julgue o item:<\/p>\n<p>Na fun\u00e7\u00e3o diagn\u00f3stica, a avalia\u00e7\u00e3o \u00e9<b> <\/b>realizada no in\u00edcio do processo para direcionar o trabalho do professor.<b><\/b><\/p>\n<p><b>Verdadeiro. <\/b><b>Nessa fase \u00e9 estudado e levantado os conhecimentos pr\u00e9vios dos alunos para que o professor possa verificar como colocar\u00e1 em pr\u00e1tica o seu planejamento, de forma a atender as caracter\u00edsticas dos alunos.<\/b><\/p>\n<p>29 \u2013 A avalia\u00e7\u00e3o na fun\u00e7\u00e3o formativa \u00e9 realizada no final do processo, classificando os alunos quanto ao n\u00edvel de desenvolvimento.<\/p>\n<p><b>Falso. <\/b><b>Essa fun\u00e7\u00e3o \u00e9 denominada de somativa.<\/b><\/p>\n<p>30 \u2013 A avalia\u00e7\u00e3o formal \u00e9 composta por instrumentos espec\u00edficos de avalia\u00e7\u00e3o como provas, trabalhos e tarefas organizadas.<\/p>\n<p><b>Verdadeiro. <\/b><b>Comp\u00f5e-se das pr\u00e1ticas que envolvem o uso de instrumentos expl\u00edcitos de avalia\u00e7\u00e3o. <\/b><\/p>\n<p><b>\u00a0<\/b><\/p>\n<div align=\"center\">\n<table border=\"1\" cellspacing=\"0\" cellpadding=\"0\">\n<tbody>\n<tr>\n<td valign=\"top\" width=\"113\"><b>1 \u2013 F<\/b><\/td>\n<td valign=\"top\" width=\"123\"><b>11 \u2013 V<\/b><\/td>\n<td valign=\"top\" width=\"113\"><b>21 \u2013 V<\/b><\/td>\n<\/tr>\n<tr>\n<td valign=\"top\" width=\"113\"><b>2 \u2013 F<\/b><\/td>\n<td valign=\"top\" width=\"123\"><b>12 \u2013 V<\/b><\/td>\n<td valign=\"top\" width=\"113\"><b>22 \u2013 F<\/b><\/td>\n<\/tr>\n<tr>\n<td valign=\"top\" width=\"113\"><b>3 \u2013 V<\/b><\/td>\n<td valign=\"top\" width=\"123\"><b>13 \u2013 F<\/b><\/td>\n<td valign=\"top\" width=\"113\"><b>23 \u2013 V<\/b><\/td>\n<\/tr>\n<tr>\n<td valign=\"top\" width=\"113\"><b>4 \u2013 F<\/b><\/td>\n<td valign=\"top\" width=\"123\"><b>14 \u2013 V<\/b><\/td>\n<td valign=\"top\" width=\"113\"><b>24 \u2013 V<\/b><\/td>\n<\/tr>\n<tr>\n<td valign=\"top\" width=\"113\"><b>5 \u2013 F<\/b><\/td>\n<td valign=\"top\" width=\"123\"><b>15 \u2013 F<\/b><\/td>\n<td valign=\"top\" width=\"113\"><b>25 \u2013 F<\/b><\/td>\n<\/tr>\n<tr>\n<td valign=\"top\" width=\"113\"><b>6 &#8211; V<\/b><\/td>\n<td valign=\"top\" width=\"123\"><b>16 \u2013 V<\/b><\/td>\n<td valign=\"top\" width=\"113\"><b>26 \u2013 F<\/b><\/td>\n<\/tr>\n<tr>\n<td valign=\"top\" width=\"113\"><b>7 &#8211; V<\/b><\/td>\n<td valign=\"top\" width=\"123\"><b>17 \u2013 V<\/b><\/td>\n<td valign=\"top\" width=\"113\"><b>27 \u2013 V<\/b><\/td>\n<\/tr>\n<tr>\n<td valign=\"top\" width=\"113\"><b>8 &#8211; V<\/b><\/td>\n<td valign=\"top\" width=\"123\"><b>18 \u2013 F<\/b><\/td>\n<td valign=\"top\" width=\"113\"><b>28 \u2013 V<\/b><\/td>\n<\/tr>\n<tr>\n<td valign=\"top\" width=\"113\"><b>9 &#8211; F<\/b><\/td>\n<td valign=\"top\" width=\"123\"><b>19 \u2013 F<\/b><\/td>\n<td valign=\"top\" width=\"113\"><b>29 \u2013 F<\/b><\/td>\n<\/tr>\n<tr>\n<td valign=\"top\" width=\"113\"><b>10 -V <\/b><\/td>\n<td valign=\"top\" width=\"123\"><b>20 \u2013 V<\/b><\/td>\n<td valign=\"top\" width=\"113\"><b>30 \u2013 V<\/b><\/td>\n<\/tr>\n<\/tbody>\n<\/table>\n<\/div>\n<p style=\"text-align: justify;\">\n<p><strong>\u00a0<\/strong><\/p>\n","protected":false},"excerpt":{"rendered":"<p>\u00a0 SIMULADO 1 &#8211;\u00a0 S\u00f3crates, acreditava que o princ\u00edpio do aprendizado \u00e9 a imita\u00e7\u00e3o e que aprende-se fazendo. 2 \u2013 Auguste Conte compara a sociedade a um organismo vivo em que cada indiv\u00edduo tem uma fun\u00e7\u00e3o espec\u00edfica. 3- Max Weber: Realizou um importante estudo sobre a religi\u00e3o e criou-se o que ele chama de racionalidade [&hellip;]<\/p>\n","protected":false},"author":128,"featured_media":0,"comment_status":"open","ping_status":"open","sticky":false,"template":"","format":"standard","meta":{"post_tipo":"article","footnotes":""},"categories":[1],"tags":[],"tax_estado":[],"class_list":["post-14806","post","type-post","status-publish","format-standard","hentry","category-cursos-e-concursos"],"acf":[],"yoast_head":"<!-- This site is optimized with the Yoast SEO Premium plugin v27.2 (Yoast SEO v27.2) - https:\/\/yoast.com\/product\/yoast-seo-premium-wordpress\/ -->\n<title>SIMULADO - Conhecimentos Pedag\u00f3gicos<\/title>\n<meta name=\"robots\" content=\"index, follow, max-snippet:-1, max-image-preview:large, max-video-preview:-1\" \/>\n<link rel=\"canonical\" href=\"https:\/\/www.estrategiaconcursos.com.br\/blog\/simulado-conhecimentos-pedagogicos\/\" \/>\n<meta property=\"og:locale\" content=\"pt_BR\" \/>\n<meta property=\"og:type\" content=\"article\" \/>\n<meta property=\"og:title\" content=\"SIMULADO - Conhecimentos Pedag\u00f3gicos\" \/>\n<meta property=\"og:description\" content=\"\u00a0 SIMULADO 1 &#8211;\u00a0 S\u00f3crates, acreditava que o princ\u00edpio do aprendizado \u00e9 a imita\u00e7\u00e3o e que aprende-se fazendo. 2 \u2013 Auguste Conte compara a sociedade a um organismo vivo em que cada indiv\u00edduo tem uma fun\u00e7\u00e3o espec\u00edfica. 3- Max Weber: Realizou um importante estudo sobre a religi\u00e3o e criou-se o que ele chama de racionalidade [&hellip;]\" \/>\n<meta property=\"og:url\" content=\"https:\/\/www.estrategiaconcursos.com.br\/blog\/simulado-conhecimentos-pedagogicos\/\" \/>\n<meta property=\"og:site_name\" content=\"Estrat\u00e9gia Concursos\" \/>\n<meta property=\"article:published_time\" content=\"2014-04-15T18:25:27+00:00\" \/>\n<meta property=\"article:modified_time\" content=\"2022-09-20T21:05:57+00:00\" \/>\n<meta name=\"author\" content=\"Fabiana Firmino\" \/>\n<meta name=\"twitter:card\" content=\"summary_large_image\" \/>\n<meta name=\"twitter:creator\" content=\"@EstratConcursos\" \/>\n<meta name=\"twitter:site\" content=\"@EstratConcursos\" \/>\n<meta name=\"twitter:label1\" content=\"Escrito por\" \/>\n\t<meta name=\"twitter:data1\" content=\"Fabiana Firmino\" \/>\n\t<meta name=\"twitter:label2\" content=\"Est. tempo de leitura\" \/>\n\t<meta name=\"twitter:data2\" content=\"11 minutos\" \/>\n<script type=\"application\/ld+json\" class=\"yoast-schema-graph\">{\"@context\":\"https:\/\/schema.org\",\"@graph\":[{\"@type\":\"NewsArticle\",\"@id\":\"https:\/\/www.estrategiaconcursos.com.br\/blog\/simulado-conhecimentos-pedagogicos\/#article\",\"isPartOf\":{\"@id\":\"https:\/\/www.estrategiaconcursos.com.br\/blog\/simulado-conhecimentos-pedagogicos\/\"},\"author\":{\"name\":\"Fabiana Firmino\",\"@id\":\"https:\/\/www.estrategiaconcursos.com.br\/blog\/#\/schema\/person\/1a93bd543aac8f2fde618aae6dcbbda8\"},\"headline\":\"SIMULADO &#8211; Conhecimentos Pedag\u00f3gicos\",\"datePublished\":\"2014-04-15T18:25:27+00:00\",\"dateModified\":\"2022-09-20T21:05:57+00:00\",\"mainEntityOfPage\":{\"@id\":\"https:\/\/www.estrategiaconcursos.com.br\/blog\/simulado-conhecimentos-pedagogicos\/\"},\"wordCount\":2169,\"commentCount\":81,\"publisher\":{\"@id\":\"https:\/\/www.estrategiaconcursos.com.br\/blog\/#organization\"},\"articleSection\":[\"Concursos P\u00fablicos\"],\"inLanguage\":\"pt-BR\",\"potentialAction\":[{\"@type\":\"CommentAction\",\"name\":\"Comment\",\"target\":[\"https:\/\/www.estrategiaconcursos.com.br\/blog\/simulado-conhecimentos-pedagogicos\/#respond\"]}],\"copyrightYear\":\"2014\",\"copyrightHolder\":{\"@id\":\"https:\/\/www.estrategiaconcursos.com.br\/blog\/#organization\"}},{\"@type\":\"WebPage\",\"@id\":\"https:\/\/www.estrategiaconcursos.com.br\/blog\/simulado-conhecimentos-pedagogicos\/\",\"url\":\"https:\/\/www.estrategiaconcursos.com.br\/blog\/simulado-conhecimentos-pedagogicos\/\",\"name\":\"SIMULADO - Conhecimentos Pedag\u00f3gicos\",\"isPartOf\":{\"@id\":\"https:\/\/www.estrategiaconcursos.com.br\/blog\/#website\"},\"datePublished\":\"2014-04-15T18:25:27+00:00\",\"dateModified\":\"2022-09-20T21:05:57+00:00\",\"breadcrumb\":{\"@id\":\"https:\/\/www.estrategiaconcursos.com.br\/blog\/simulado-conhecimentos-pedagogicos\/#breadcrumb\"},\"inLanguage\":\"pt-BR\",\"potentialAction\":[{\"@type\":\"ReadAction\",\"target\":[\"https:\/\/www.estrategiaconcursos.com.br\/blog\/simulado-conhecimentos-pedagogicos\/\"]}]},{\"@type\":\"BreadcrumbList\",\"@id\":\"https:\/\/www.estrategiaconcursos.com.br\/blog\/simulado-conhecimentos-pedagogicos\/#breadcrumb\",\"itemListElement\":[{\"@type\":\"ListItem\",\"position\":1,\"name\":\"In\u00edcio\",\"item\":\"https:\/\/www.estrategiaconcursos.com.br\/blog\/\"},{\"@type\":\"ListItem\",\"position\":2,\"name\":\"SIMULADO &#8211; Conhecimentos Pedag\u00f3gicos\"}]},{\"@type\":\"WebSite\",\"@id\":\"https:\/\/www.estrategiaconcursos.com.br\/blog\/#website\",\"url\":\"https:\/\/www.estrategiaconcursos.com.br\/blog\/\",\"name\":\"Estrat\u00e9gia Concursos\",\"description\":\"O blog da Estrat\u00e9gia Concursos traz not\u00edcias sobre concursos e artigos de professores oferecendo cursos para concursos (pdf + videaulas) no site.\",\"publisher\":{\"@id\":\"https:\/\/www.estrategiaconcursos.com.br\/blog\/#organization\"},\"potentialAction\":[{\"@type\":\"SearchAction\",\"target\":{\"@type\":\"EntryPoint\",\"urlTemplate\":\"https:\/\/www.estrategiaconcursos.com.br\/blog\/?s={search_term_string}\"},\"query-input\":{\"@type\":\"PropertyValueSpecification\",\"valueRequired\":true,\"valueName\":\"search_term_string\"}}],\"inLanguage\":\"pt-BR\"},{\"@type\":\"Organization\",\"@id\":\"https:\/\/www.estrategiaconcursos.com.br\/blog\/#organization\",\"name\":\"Estrat\u00e9gia Concursos\",\"url\":\"https:\/\/www.estrategiaconcursos.com.br\/blog\/\",\"logo\":{\"@type\":\"ImageObject\",\"inLanguage\":\"pt-BR\",\"@id\":\"https:\/\/www.estrategiaconcursos.com.br\/blog\/#\/schema\/logo\/image\/\",\"url\":\"https:\/\/dhg1h5j42swfq.cloudfront.net\/2025\/06\/03203428\/logo_concursos-1.jpg\",\"contentUrl\":\"https:\/\/dhg1h5j42swfq.cloudfront.net\/2025\/06\/03203428\/logo_concursos-1.jpg\",\"width\":230,\"height\":60,\"caption\":\"Estrat\u00e9gia Concursos\"},\"image\":{\"@id\":\"https:\/\/www.estrategiaconcursos.com.br\/blog\/#\/schema\/logo\/image\/\"},\"sameAs\":[\"https:\/\/x.com\/EstratConcursos\"]},{\"@type\":\"Person\",\"@id\":\"https:\/\/www.estrategiaconcursos.com.br\/blog\/#\/schema\/person\/1a93bd543aac8f2fde618aae6dcbbda8\",\"name\":\"Fabiana Firmino\",\"image\":{\"@type\":\"ImageObject\",\"inLanguage\":\"pt-BR\",\"@id\":\"https:\/\/secure.gravatar.com\/avatar\/bd563e47f59f4fab0086d431c8576fc967190456ef10160dae4549b559dd3ce4?s=96&d=mm&r=g\",\"url\":\"https:\/\/secure.gravatar.com\/avatar\/bd563e47f59f4fab0086d431c8576fc967190456ef10160dae4549b559dd3ce4?s=96&d=mm&r=g\",\"contentUrl\":\"https:\/\/secure.gravatar.com\/avatar\/bd563e47f59f4fab0086d431c8576fc967190456ef10160dae4549b559dd3ce4?s=96&d=mm&r=g\",\"caption\":\"Fabiana Firmino\"},\"description\":\"Pedagoga formada pela Universidade de Bras\u00edlia \u00e9 especialista em Gest\u00e3o\/Orienta\u00e7\u00e3o educacional e Doc\u00eancia no Ensino Superior. Atuou como coordenadora pedag\u00f3gica em uma grande empresa de cursos preparat\u00f3rios, desempenhando as fun\u00e7\u00f5es de administra\u00e7\u00e3o escolar, orienta\u00e7\u00e3o de professores e alunos; planejamento de estudo; prepara\u00e7\u00e3o emocional dos estudantes e coordena\u00e7\u00e3o de projetos. \u00c9 educadora do Sistema S, ap\u00f3s aprova\u00e7\u00e3o em Processo Seletivo Externo. Tamb\u00e9m \u00e9 docente em cursos preparat\u00f3rios, ministrando os conte\u00fados de conhecimentos Pedag\u00f3gicos, com \u00eanfase em Concursos P\u00fablicos.\",\"url\":\"https:\/\/www.estrategiaconcursos.com.br\/blog\/author\/fabianafirminoestrategiaconcursos-com-br\/\"}]}<\/script>\n<!-- \/ Yoast SEO Premium plugin. -->","yoast_head_json":{"title":"SIMULADO - Conhecimentos Pedag\u00f3gicos","robots":{"index":"index","follow":"follow","max-snippet":"max-snippet:-1","max-image-preview":"max-image-preview:large","max-video-preview":"max-video-preview:-1"},"canonical":"https:\/\/www.estrategiaconcursos.com.br\/blog\/simulado-conhecimentos-pedagogicos\/","og_locale":"pt_BR","og_type":"article","og_title":"SIMULADO - Conhecimentos Pedag\u00f3gicos","og_description":"\u00a0 SIMULADO 1 &#8211;\u00a0 S\u00f3crates, acreditava que o princ\u00edpio do aprendizado \u00e9 a imita\u00e7\u00e3o e que aprende-se fazendo. 2 \u2013 Auguste Conte compara a sociedade a um organismo vivo em que cada indiv\u00edduo tem uma fun\u00e7\u00e3o espec\u00edfica. 3- Max Weber: Realizou um importante estudo sobre a religi\u00e3o e criou-se o que ele chama de racionalidade [&hellip;]","og_url":"https:\/\/www.estrategiaconcursos.com.br\/blog\/simulado-conhecimentos-pedagogicos\/","og_site_name":"Estrat\u00e9gia Concursos","article_published_time":"2014-04-15T18:25:27+00:00","article_modified_time":"2022-09-20T21:05:57+00:00","author":"Fabiana Firmino","twitter_card":"summary_large_image","twitter_creator":"@EstratConcursos","twitter_site":"@EstratConcursos","twitter_misc":{"Escrito por":"Fabiana Firmino","Est. tempo de leitura":"11 minutos"},"schema":{"@context":"https:\/\/schema.org","@graph":[{"@type":"NewsArticle","@id":"https:\/\/www.estrategiaconcursos.com.br\/blog\/simulado-conhecimentos-pedagogicos\/#article","isPartOf":{"@id":"https:\/\/www.estrategiaconcursos.com.br\/blog\/simulado-conhecimentos-pedagogicos\/"},"author":{"name":"Fabiana Firmino","@id":"https:\/\/www.estrategiaconcursos.com.br\/blog\/#\/schema\/person\/1a93bd543aac8f2fde618aae6dcbbda8"},"headline":"SIMULADO &#8211; Conhecimentos Pedag\u00f3gicos","datePublished":"2014-04-15T18:25:27+00:00","dateModified":"2022-09-20T21:05:57+00:00","mainEntityOfPage":{"@id":"https:\/\/www.estrategiaconcursos.com.br\/blog\/simulado-conhecimentos-pedagogicos\/"},"wordCount":2169,"commentCount":81,"publisher":{"@id":"https:\/\/www.estrategiaconcursos.com.br\/blog\/#organization"},"articleSection":["Concursos P\u00fablicos"],"inLanguage":"pt-BR","potentialAction":[{"@type":"CommentAction","name":"Comment","target":["https:\/\/www.estrategiaconcursos.com.br\/blog\/simulado-conhecimentos-pedagogicos\/#respond"]}],"copyrightYear":"2014","copyrightHolder":{"@id":"https:\/\/www.estrategiaconcursos.com.br\/blog\/#organization"}},{"@type":"WebPage","@id":"https:\/\/www.estrategiaconcursos.com.br\/blog\/simulado-conhecimentos-pedagogicos\/","url":"https:\/\/www.estrategiaconcursos.com.br\/blog\/simulado-conhecimentos-pedagogicos\/","name":"SIMULADO - Conhecimentos Pedag\u00f3gicos","isPartOf":{"@id":"https:\/\/www.estrategiaconcursos.com.br\/blog\/#website"},"datePublished":"2014-04-15T18:25:27+00:00","dateModified":"2022-09-20T21:05:57+00:00","breadcrumb":{"@id":"https:\/\/www.estrategiaconcursos.com.br\/blog\/simulado-conhecimentos-pedagogicos\/#breadcrumb"},"inLanguage":"pt-BR","potentialAction":[{"@type":"ReadAction","target":["https:\/\/www.estrategiaconcursos.com.br\/blog\/simulado-conhecimentos-pedagogicos\/"]}]},{"@type":"BreadcrumbList","@id":"https:\/\/www.estrategiaconcursos.com.br\/blog\/simulado-conhecimentos-pedagogicos\/#breadcrumb","itemListElement":[{"@type":"ListItem","position":1,"name":"In\u00edcio","item":"https:\/\/www.estrategiaconcursos.com.br\/blog\/"},{"@type":"ListItem","position":2,"name":"SIMULADO &#8211; Conhecimentos Pedag\u00f3gicos"}]},{"@type":"WebSite","@id":"https:\/\/www.estrategiaconcursos.com.br\/blog\/#website","url":"https:\/\/www.estrategiaconcursos.com.br\/blog\/","name":"Estrat\u00e9gia Concursos","description":"O blog da Estrat\u00e9gia Concursos traz not\u00edcias sobre concursos e artigos de professores oferecendo cursos para concursos (pdf + videaulas) no site.","publisher":{"@id":"https:\/\/www.estrategiaconcursos.com.br\/blog\/#organization"},"potentialAction":[{"@type":"SearchAction","target":{"@type":"EntryPoint","urlTemplate":"https:\/\/www.estrategiaconcursos.com.br\/blog\/?s={search_term_string}"},"query-input":{"@type":"PropertyValueSpecification","valueRequired":true,"valueName":"search_term_string"}}],"inLanguage":"pt-BR"},{"@type":"Organization","@id":"https:\/\/www.estrategiaconcursos.com.br\/blog\/#organization","name":"Estrat\u00e9gia Concursos","url":"https:\/\/www.estrategiaconcursos.com.br\/blog\/","logo":{"@type":"ImageObject","inLanguage":"pt-BR","@id":"https:\/\/www.estrategiaconcursos.com.br\/blog\/#\/schema\/logo\/image\/","url":"https:\/\/dhg1h5j42swfq.cloudfront.net\/2025\/06\/03203428\/logo_concursos-1.jpg","contentUrl":"https:\/\/dhg1h5j42swfq.cloudfront.net\/2025\/06\/03203428\/logo_concursos-1.jpg","width":230,"height":60,"caption":"Estrat\u00e9gia Concursos"},"image":{"@id":"https:\/\/www.estrategiaconcursos.com.br\/blog\/#\/schema\/logo\/image\/"},"sameAs":["https:\/\/x.com\/EstratConcursos"]},{"@type":"Person","@id":"https:\/\/www.estrategiaconcursos.com.br\/blog\/#\/schema\/person\/1a93bd543aac8f2fde618aae6dcbbda8","name":"Fabiana Firmino","image":{"@type":"ImageObject","inLanguage":"pt-BR","@id":"https:\/\/secure.gravatar.com\/avatar\/bd563e47f59f4fab0086d431c8576fc967190456ef10160dae4549b559dd3ce4?s=96&d=mm&r=g","url":"https:\/\/secure.gravatar.com\/avatar\/bd563e47f59f4fab0086d431c8576fc967190456ef10160dae4549b559dd3ce4?s=96&d=mm&r=g","contentUrl":"https:\/\/secure.gravatar.com\/avatar\/bd563e47f59f4fab0086d431c8576fc967190456ef10160dae4549b559dd3ce4?s=96&d=mm&r=g","caption":"Fabiana Firmino"},"description":"Pedagoga formada pela Universidade de Bras\u00edlia \u00e9 especialista em Gest\u00e3o\/Orienta\u00e7\u00e3o educacional e Doc\u00eancia no Ensino Superior. Atuou como coordenadora pedag\u00f3gica em uma grande empresa de cursos preparat\u00f3rios, desempenhando as fun\u00e7\u00f5es de administra\u00e7\u00e3o escolar, orienta\u00e7\u00e3o de professores e alunos; planejamento de estudo; prepara\u00e7\u00e3o emocional dos estudantes e coordena\u00e7\u00e3o de projetos. \u00c9 educadora do Sistema S, ap\u00f3s aprova\u00e7\u00e3o em Processo Seletivo Externo. Tamb\u00e9m \u00e9 docente em cursos preparat\u00f3rios, ministrando os conte\u00fados de conhecimentos Pedag\u00f3gicos, com \u00eanfase em Concursos P\u00fablicos.","url":"https:\/\/www.estrategiaconcursos.com.br\/blog\/author\/fabianafirminoestrategiaconcursos-com-br\/"}]}},"_links":{"self":[{"href":"https:\/\/www.estrategiaconcursos.com.br\/blog\/wp-json\/wp\/v2\/posts\/14806","targetHints":{"allow":["GET"]}}],"collection":[{"href":"https:\/\/www.estrategiaconcursos.com.br\/blog\/wp-json\/wp\/v2\/posts"}],"about":[{"href":"https:\/\/www.estrategiaconcursos.com.br\/blog\/wp-json\/wp\/v2\/types\/post"}],"author":[{"embeddable":true,"href":"https:\/\/www.estrategiaconcursos.com.br\/blog\/wp-json\/wp\/v2\/users\/128"}],"replies":[{"embeddable":true,"href":"https:\/\/www.estrategiaconcursos.com.br\/blog\/wp-json\/wp\/v2\/comments?post=14806"}],"version-history":[{"count":3,"href":"https:\/\/www.estrategiaconcursos.com.br\/blog\/wp-json\/wp\/v2\/posts\/14806\/revisions"}],"predecessor-version":[{"id":1097870,"href":"https:\/\/www.estrategiaconcursos.com.br\/blog\/wp-json\/wp\/v2\/posts\/14806\/revisions\/1097870"}],"wp:attachment":[{"href":"https:\/\/www.estrategiaconcursos.com.br\/blog\/wp-json\/wp\/v2\/media?parent=14806"}],"wp:term":[{"taxonomy":"category","embeddable":true,"href":"https:\/\/www.estrategiaconcursos.com.br\/blog\/wp-json\/wp\/v2\/categories?post=14806"},{"taxonomy":"post_tag","embeddable":true,"href":"https:\/\/www.estrategiaconcursos.com.br\/blog\/wp-json\/wp\/v2\/tags?post=14806"},{"taxonomy":"tax_estado","embeddable":true,"href":"https:\/\/www.estrategiaconcursos.com.br\/blog\/wp-json\/wp\/v2\/tax_estado?post=14806"}],"curies":[{"name":"wp","href":"https:\/\/api.w.org\/{rel}","templated":true}]}}