{"id":1478947,"date":"2024-11-14T14:43:00","date_gmt":"2024-11-14T17:43:00","guid":{"rendered":"https:\/\/www.estrategiaconcursos.com.br\/blog\/?p=1478947"},"modified":"2025-01-22T14:05:38","modified_gmt":"2025-01-22T17:05:38","slug":"ordem-social-correios","status":"publish","type":"post","link":"https:\/\/www.estrategiaconcursos.com.br\/blog\/ordem-social-correios\/","title":{"rendered":"Ordem Social para os Correios"},"content":{"rendered":"\n<p>Ol\u00e1, tudo bem? Hoje falaremos um pouco sobre a Ordem Social para o concurso dos Correios.<\/p>\n\n\n\n<p>Trata-se de tema de grande relev\u00e2ncia no estudo do Direito Previdenci\u00e1rio e tamb\u00e9m do Direito Constitucional.&nbsp;<\/p>\n\n\n\n<p>Vamos ao que interessa!&nbsp;<\/p>\n\n\n\n<figure class=\"wp-block-image aligncenter size-large is-resized\"><img loading=\"lazy\" decoding=\"async\" width=\"1024\" height=\"780\" src=\"https:\/\/dhg1h5j42swfq.cloudfront.net\/2024\/10\/19135939\/chess-pieces-3d-form-1024x780.jpg\" alt=\"Ordem Social para os Correios\" class=\"wp-image-1478948\" style=\"width:572px;height:auto\" srcset=\"https:\/\/dhg1h5j42swfq.cloudfront.net\/2024\/10\/19135939\/chess-pieces-3d-form-1024x780.jpg 1024w, https:\/\/dhg1h5j42swfq.cloudfront.net\/2024\/10\/19135939\/chess-pieces-3d-form-300x228.jpg 300w, https:\/\/dhg1h5j42swfq.cloudfront.net\/2024\/10\/19135939\/chess-pieces-3d-form-768x585.jpg 768w, https:\/\/dhg1h5j42swfq.cloudfront.net\/2024\/10\/19135939\/chess-pieces-3d-form-1536x1170.jpg 1536w, https:\/\/dhg1h5j42swfq.cloudfront.net\/2024\/10\/19135939\/chess-pieces-3d-form-2048x1560.jpg 2048w, https:\/\/dhg1h5j42swfq.cloudfront.net\/2024\/10\/19135939\/chess-pieces-3d-form-150x114.jpg 150w\" sizes=\"auto, (max-width: 1024px) 100vw, 1024px\" \/><figcaption class=\"wp-element-caption\">Ordem Social para os Correios<\/figcaption><\/figure>\n\n\n\n<div class=\"wp-block-yoast-seo-table-of-contents yoast-table-of-contents\"><h2><mark style=\"background-color:rgba(0, 0, 0, 0)\" class=\"has-inline-color has-vivid-cyan-blue-color\">\u00cdndice<\/mark><\/h2><ul><li><a href=\"#h-ordem-social-para-os-correios\" data-level=\"2\">Ordem Social para os Correios<\/a><ul><li><a href=\"#h-conceito-de-ordem-social-e-responsaveis-por-sua-execucao\" data-level=\"3\">Conceito de Ordem social e respons\u00e1veis por sua execu\u00e7\u00e3o<\/a><\/li><li><a href=\"#h-direitos-sociais-da-ordem-social\" data-level=\"3\">Direitos sociais da ordem social<\/a><ul><li><a href=\"#h-seguridade-social\" data-level=\"4\">Seguridade social<\/a><\/li><li><a href=\"#h-educacao-cultura-e-desporto\" data-level=\"4\">Educa\u00e7\u00e3o, cultura e desporto<\/a><\/li><li><a href=\"#h-ciencia-tecnologia-inovacao-e-comunicacao-social\" data-level=\"4\">Ci\u00eancia, tecnologia, inova\u00e7\u00e3o e comunica\u00e7\u00e3o social<\/a><\/li><li><a href=\"#h-meio-ambiente-e-indios\" data-level=\"4\">Meio ambiente e \u00edndios<\/a><\/li><li><a href=\"#h-familia-crianca-adolescente-jovem-e-idoso\" data-level=\"4\">Fam\u00edlia, crian\u00e7a, adolescente, jovem e idoso<\/a><\/li><\/ul><\/li><\/ul><\/li><li><a href=\"#h-conclusao\" data-level=\"2\">Conclus\u00e3o<\/a><\/li><li><a href=\"#h-quer-saber-tudo-sobre-concursos-previstos-confira-nossos-artigos\" data-level=\"2\">Quer saber tudo sobre concursos previstos? Confira nossos artigos!<\/a><\/li><\/ul><\/div>\n\n\n\n<h2 class=\"wp-block-heading has-vivid-cyan-blue-color has-text-color has-link-color wp-elements-4066e1638a8dd6d878994b64ed9c61d5\" id=\"h-ordem-social-para-os-correios\">Ordem Social para os Correios<\/h2>\n\n\n\n<h3 class=\"wp-block-heading has-vivid-cyan-blue-color has-text-color has-link-color wp-elements-2ac89456b9631cbe17c1333d5d2f18de\" id=\"h-conceito-de-ordem-social-e-responsaveis-por-sua-execucao\">Conceito de Ordem social e respons\u00e1veis por sua execu\u00e7\u00e3o<\/h3>\n\n\n\n<p>Quando falamos em Ordem social, tanto no \u00e2mbito do Direito Previdenci\u00e1rio quanto no \u00e2mbito do Direito Constitucional, estamos nos referindo a um <strong>complexo de direitos sociais <\/strong>previstos na Constitui\u00e7\u00e3o Federal de 1988 entre seus artigos 193 a 232.<\/p>\n\n\n\n<p>De acordo com Sylvio Motta, uma das fun\u00e7\u00f5es da Constitui\u00e7\u00e3o \u00e9 tra\u00e7ar as bases da conviv\u00eancia harmoniosa entre os cidad\u00e3os integrantes da comunidade, raz\u00e3o pela qual \u00e9 necess\u00e1rio disciplinar a ordem social.<\/p>\n\n\n\n<p>O autor explica que essa conviv\u00eancia abrange <strong>n\u00e3o s\u00f3 a seguridade social <\/strong>(sa\u00fade, previd\u00eancia e assist\u00eancia social), mas tamb\u00e9m as rela\u00e7\u00f5es <strong>educacionais<\/strong>, <strong>culturais<\/strong>, <strong>desportivas<\/strong>, <strong>cient\u00edficas<\/strong>, de <strong>comunica\u00e7\u00e3o social <\/strong>e at\u00e9 mesmo a rela\u00e7\u00e3o da sociedade com o <strong>meio ambiente<\/strong>. <\/p>\n\n\n\n<p>A CF\/88 disciplina ainda algumas s institui\u00e7\u00f5es ou situa\u00e7\u00f5es especiais tamb\u00e9m s\u00e3o objeto de aten\u00e7\u00e3o e prote\u00e7\u00e3o, como a <strong>fam\u00edlia<\/strong>, a <strong>crian\u00e7a<\/strong>, o <strong>adolescente<\/strong>, o <strong>idoso <\/strong>e os <strong>\u00edndios<\/strong>.<\/p>\n\n\n\n<p>Nesse sentido, a CF declara que <strong>a ordem social tem como base o primado do trabalho, e como objetivo o bem-estar e a justi\u00e7a sociais<\/strong>.<\/p>\n\n\n\n<figure class=\"wp-block-image aligncenter is-resized\"><img decoding=\"async\" src=\"https:\/\/lh7-rt.googleusercontent.com\/docsz\/AD_4nXdCIbC54u22HTqwsd1-jScudssPwCKBNQtKt83x9hxgI5-VLsPjjgZjPnmAgR7WewDMgT418fiLwz9TaKHNeFP5cIYRqNdkcGjDDiO-ce3CFtGnmjogBPsfMD334Utzeq6-Z0S3EwcWv0wxnMN1kQrZi3k?key=4fqkWN1nBr8CHliuUZ_yGQ\" alt=\"\" style=\"width:183px;height:auto\"\/><\/figure>\n\n\n\n<p>Veja-se, portanto, que \u00e9 pela valoriza\u00e7\u00e3o do trabalho que se sustenta a ordem social, bem assim que \u00e9 por ele que se busca atingir o bem-estar e a justi\u00e7a sociais.<\/p>\n\n\n\n<p>O par\u00e1grafo \u00fanico do artigo 193 da CF, inclu\u00eddo pela Emenda Constitucional n\u00ba 108\/2020, ainda prev\u00ea que o<strong> Estado exercer\u00e1 a fun\u00e7\u00e3o de planejamento das pol\u00edticas sociais<\/strong>, <strong>assegurada<\/strong>, na forma da lei, <strong>a participa\u00e7\u00e3o da sociedade<\/strong> nos processos de formula\u00e7\u00e3o, de monitoramento, de controle e de avalia\u00e7\u00e3o dessas pol\u00edticas.&nbsp;&nbsp;<\/p>\n\n\n\n<h3 class=\"wp-block-heading has-vivid-cyan-blue-color has-text-color has-link-color wp-elements-81954d9cc4901356a6763598d4c084b7\" id=\"h-direitos-sociais-da-ordem-social\">Direitos sociais da ordem social<\/h3>\n\n\n\n<p>Como j\u00e1 adiantamos acima, a ordem social abrange diversas reparti\u00e7\u00f5es e direitos sociais essenciais na vida dos cidad\u00e3os brasileiros.<\/p>\n\n\n\n<p>Vamos esquematizar a previs\u00e3o e topografia constitucional:<\/p>\n\n\n\n<figure class=\"wp-block-table\"><table><tbody><tr><td class=\"has-text-align-center\" data-align=\"center\"><strong>Seguridade Social (sa\u00fade, previd\u00eancia e assist\u00eancia social)<\/strong><\/td><td class=\"has-text-align-center\" data-align=\"center\">artigos 194 a 204<\/td><\/tr><tr><td class=\"has-text-align-center\" data-align=\"center\"><strong>Educa\u00e7\u00e3o<\/strong><\/td><td class=\"has-text-align-center\" data-align=\"center\">artigos 205 a 214<\/td><\/tr><tr><td class=\"has-text-align-center\" data-align=\"center\"><strong>Cultura<\/strong><\/td><td class=\"has-text-align-center\" data-align=\"center\">artigos 215 a 216-A<\/td><\/tr><tr><td class=\"has-text-align-center\" data-align=\"center\"><strong>Desporto<\/strong><\/td><td class=\"has-text-align-center\" data-align=\"center\">artigo 217<\/td><\/tr><tr><td class=\"has-text-align-center\" data-align=\"center\"><strong>Ci\u00eancia, tecnologia e inova\u00e7\u00e3o<\/strong><\/td><td class=\"has-text-align-center\" data-align=\"center\">artigos 218 a 219-B<\/td><\/tr><tr><td class=\"has-text-align-center\" data-align=\"center\"><strong>Comunica\u00e7\u00e3o social<\/strong><\/td><td class=\"has-text-align-center\" data-align=\"center\">artigos 220 a 224<\/td><\/tr><tr><td class=\"has-text-align-center\" data-align=\"center\"><strong>Meio ambiente<\/strong><\/td><td class=\"has-text-align-center\" data-align=\"center\">artigo 225<\/td><\/tr><tr><td class=\"has-text-align-center\" data-align=\"center\"><strong>Fam\u00edlia, crian\u00e7a, adolescente, jovem e idoso<\/strong><\/td><td class=\"has-text-align-center\" data-align=\"center\">artigos 226 a 230<\/td><\/tr><tr><td class=\"has-text-align-center\" data-align=\"center\"><strong>\u00cdndios<\/strong><\/td><td class=\"has-text-align-center\" data-align=\"center\">artigos 231 e 232<\/td><\/tr><\/tbody><\/table><\/figure>\n\n\n\n<p>Para conhecermos um pouco dessas \u00e1reas, vejamos algumas diretrizes estabelecidas pela Constitui\u00e7\u00e3o Federal de 1988.<\/p>\n\n\n\n<h4 class=\"wp-block-heading has-vivid-cyan-blue-color has-text-color has-link-color wp-elements-6e72f671a5a6e3b1e269c1f80951fa2d\" id=\"h-seguridade-social\">Seguridade social<\/h4>\n\n\n\n<p>A Seguridade Social compreende um conjunto integrado de a\u00e7\u00f5es de iniciativa dos Poderes P\u00fablicos e da sociedade, destinadas a assegurar os direitos relativos \u00e0 <strong>sa\u00fade<\/strong>, \u00e0 <strong>previd\u00eancia <\/strong>e \u00e0 <strong>assist\u00eancia social<\/strong>.<\/p>\n\n\n\n<p>Notem que os 3 pilares da seguridade social destinam-se, em resumo, a assegurar o bem-estar populacional.<\/p>\n\n\n\n<p>A <strong>sa\u00fade <\/strong>\u00e9 direito de todos e dever do Estado, <strong>n\u00e3o sendo necess\u00e1rio<\/strong>, para dela usufruir, <strong>qualquer contribui\u00e7\u00e3o<\/strong>.<\/p>\n\n\n\n<p>Al\u00e9m disso, a sa\u00fade \u00e9 livre \u00e0 iniciativa privada, podendo as institui\u00e7\u00f5es privadas participar de forma complementar do sistema \u00fanico de sa\u00fade, segundo diretrizes deste, mediante contrato de direito p\u00fablico ou conv\u00eanio, tendo prefer\u00eancia as entidades filantr\u00f3picas e as sem fins lucrativos.<\/p>\n\n\n\n<p>J\u00e1 a <strong>assist\u00eancia<\/strong> <strong>social <\/strong>\u00e9 <strong>prestada a quem dela necessitar<\/strong>, tamb\u00e9m independentemente de contribui\u00e7\u00e3o \u00e0 seguridade social.&nbsp;<\/p>\n\n\n\n<p>Embora n\u00e3o seja necess\u00e1rio contribuir para ter direito \u00e0 assist\u00eancia, notem que a CF afirma que apenas os necessitados ter\u00e3o direito a ela, n\u00e3o sendo, por \u00f3bvio, destinada a pessoas abastadas e plenamente capazes.<\/p>\n\n\n\n<p>Por sua vez, a <strong>previd\u00eancia social<\/strong> \u00e9 organizada sob a forma do Regime Geral de Previd\u00eancia Social (RGPS) e <strong>possui car\u00e1ter contributivo<\/strong> e de <strong>filia\u00e7\u00e3o obrigat\u00f3ria<\/strong>, observados crit\u00e9rios que preservem o equil\u00edbrio financeiro e atuarial.<\/p>\n\n\n\n<p>Portanto, todo aquele que preste atividade remunerada, de alguma forma, \u00e9 filiado \u00e0 previd\u00eancia social, ainda que n\u00e3o esteja nela inscrito formalmente.<\/p>\n\n\n\n<h4 class=\"wp-block-heading has-vivid-cyan-blue-color has-text-color has-link-color wp-elements-c32af8448d3a6e01b326db4f9309802b\" id=\"h-educacao-cultura-e-desporto\">Educa\u00e7\u00e3o, cultura e desporto<\/h4>\n\n\n\n<p>A <strong>educa\u00e7\u00e3o <\/strong>\u00e9 direito de todos e dever do Estado e da fam\u00edlia. Assim como a sa\u00fade, o ensino tamb\u00e9m \u00e9 livre \u00e0 iniciativa privada, desde que cumpram as normas gerais da educa\u00e7\u00e3o nacional e haja autoriza\u00e7\u00e3o e avalia\u00e7\u00e3o de qualidade pelo Poder P\u00fablico.<\/p>\n\n\n\n<p>Deve ser promovida e incentivada com a colabora\u00e7\u00e3o da sociedade, visando ao pleno desenvolvimento da pessoa, seu preparo para o exerc\u00edcio da cidadania e sua qualifica\u00e7\u00e3o para o trabalho.<\/p>\n\n\n\n<p>Sobre a educa\u00e7\u00e3o \u00e9 important\u00edssimo que saibamos os princ\u00edpios com base nos quais o ensino ser\u00e1 ministrado, constantes do <a href=\"https:\/\/www.planalto.gov.br\/ccivil_03\/constituicao\/constituicaocompilado.htm#:~:text=Art.%20206.%20O%20ensino%20ser%C3%A1%20ministrado%20com%20base%20nos%20seguintes%20princ%C3%ADpios%3A\" target=\"_blank\" rel=\"noreferrer noopener\">artigo 206 da CF<\/a>.&nbsp;<\/p>\n\n\n\n<p>Al\u00e9m disso, \u00e9 importante destacar a autonomia did\u00e1tico-cient\u00edfica, administrativa e de gest\u00e3o financeira e patrimonial das universidades (<a href=\"https:\/\/www.planalto.gov.br\/ccivil_03\/constituicao\/constituicaocompilado.htm#:~:text=Art.%20207.%20As%20universidades%20gozam%20de%20autonomia%20did%C3%A1tico%2Dcient%C3%ADfica%2C%20administrativa%20e%20de%20gest%C3%A3o%20financeira%20e%20patrimonial%2C%20e%20obedecer%C3%A3o%20ao%20princ%C3%ADpio%20de%20indissociabilidade%20entre%20ensino%2C%20pesquisa%20e%20extens%C3%A3o.\" target=\"_blank\" rel=\"noreferrer noopener\">artigo 207 da CF<\/a>).<\/p>\n\n\n\n<p>Por sua vez, a <strong>cultura <\/strong>deve ser garantida pelo Estado, ao qual incumbe assegurar a todos o pleno exerc\u00edcio dos direitos culturais e acesso \u00e0s fontes da cultura nacional, bem como apoiar e incentivar a valoriza\u00e7\u00e3o e a difus\u00e3o das manifesta\u00e7\u00f5es culturais.<\/p>\n\n\n\n<p>Destaque para o <a href=\"https:\/\/www.planalto.gov.br\/ccivil_03\/constituicao\/constituicaocompilado.htm#:~:text=%C2%A7%201%C2%BA%20O%20Estado%20proteger%C3%A1%20as%20manifesta%C3%A7%C3%B5es%20das%20culturas%20populares%2C%20ind%C3%ADgenas%20e%20afro%2Dbrasileiras%2C%20e%20das%20de%20outros%20grupos%20participantes%20do%20processo%20civilizat%C3%B3rio%20nacional.\" target=\"_blank\" rel=\"noreferrer noopener\">\u00a7 1\u00ba do artigo 215<\/a>, que protege as manifesta\u00e7\u00f5es culturais t\u00edpicas. No entanto, o STF, no julgamento da <a href=\"http:\/\/redir.stf.jus.br\/paginadorpub\/paginador.jsp?docTP=TP&amp;docID=12798874\" target=\"_blank\" rel=\"noreferrer noopener\">ADI 4.983<\/a>, considerou ilegal a pr\u00e1tica da \u201cvaquejada\u201d.<\/p>\n\n\n\n<p>No que se refere ao <strong>desporto<\/strong>, \u00e9 dever do Estado fomentar pr\u00e1ticas desportivas formais e n\u00e3o-formais, como direito de cada um.&nbsp;<\/p>\n\n\n\n<p>Chamamos aten\u00e7\u00e3o para o <a href=\"https:\/\/www.planalto.gov.br\/ccivil_03\/constituicao\/constituicaocompilado.htm#:~:text=%C2%A7%201%C2%BA%20O%20Poder%20Judici%C3%A1rio%20s%C3%B3%20admitir%C3%A1%20a%C3%A7%C3%B5es%20relativas%20%C3%A0%20disciplina%20e%20%C3%A0s%20competi%C3%A7%C3%B5es%20desportivas%20ap%C3%B3s%20esgotarem%2Dse%20as%20inst%C3%A2ncias%20da%20justi%C3%A7a%20desportiva%2C%20regulada%20em%20lei.\" target=\"_blank\" rel=\"noreferrer noopener\">\u00a7 1\u00ba do artigo 217<\/a>, que prev\u00ea uma exce\u00e7\u00e3o \u00e0 regra da inafastabilidade de jurisdi\u00e7\u00e3o, exigindo o pr\u00e9vio esgotamento da via administrativa antes do ajuizamento de a\u00e7\u00e3o.<\/p>\n\n\n\n<h4 class=\"wp-block-heading has-vivid-cyan-blue-color has-text-color has-link-color wp-elements-620bda3d2060788471db9934596e1a95\" id=\"h-ciencia-tecnologia-inovacao-e-comunicacao-social\">Ci\u00eancia, tecnologia, inova\u00e7\u00e3o e comunica\u00e7\u00e3o social<\/h4>\n\n\n\n<p>\u00c9 dever do Estado promover e incentivar o desenvolvimento cient\u00edfico, a pesquisa, a capacita\u00e7\u00e3o cient\u00edfica e tecnol\u00f3gica e a inova\u00e7\u00e3o.&nbsp;<\/p>\n\n\n\n<p>A pesquisa cient\u00edfica b\u00e1sica e tecnol\u00f3gica receber\u00e1 tratamento priorit\u00e1rio do Estado, tendo em vista o bem p\u00fablico e o progresso da ci\u00eancia, tecnologia e inova\u00e7\u00e3o; enquanto a pesquisa tecnol\u00f3gica voltar-se-\u00e1 preponderantemente para a solu\u00e7\u00e3o dos problemas brasileiros e para o desenvolvimento do sistema produtivo nacional e regional.<\/p>\n\n\n\n<p>J\u00e1 no que se refere \u00e0 <strong>comunica\u00e7\u00e3o social<\/strong> destaca-se que as previs\u00f5es dos artigos 220 a 224 em muito refor\u00e7am outros direitos e garantias fundamentais j\u00e1 especificados pela CF tais como a liberdade de express\u00e3o, o pluralismo pol\u00edtico, a veda\u00e7\u00e3o \u00e0 censura de natureza pol\u00edtica, ideol\u00f3gica e art\u00edstica, etc.<\/p>\n\n\n\n<h4 class=\"wp-block-heading has-vivid-cyan-blue-color has-text-color has-link-color wp-elements-66d8bde9b87fd00a2a10c205da17138b\" id=\"h-meio-ambiente-e-indios\">Meio ambiente e \u00edndios<\/h4>\n\n\n\n<p>A CF disp\u00f5e que todos t\u00eam direito ao <strong>meio ambiente ecologicamente equilibrado<\/strong>, bem de uso comum do povo e essencial \u00e0 sadia qualidade de vida, <strong>impondo-se ao Poder P\u00fablico e \u00e0 coletividade o dever de defend\u00ea-lo e preserv\u00e1- lo<\/strong> para as presentes e futuras gera\u00e7\u00f5es.<\/p>\n\n\n\n<p>J\u00e1 o artigo 231 reconhece aos <strong>\u00edndios <\/strong>sua organiza\u00e7\u00e3o social, costumes, l\u00ednguas, cren\u00e7as e tradi\u00e7\u00f5es, e os direitos origin\u00e1rios sobre as terras que tradicionalmente ocupam, competindo \u00e0 Uni\u00e3o demarc\u00e1-las, proteger e fazer respeitar todos os seus bens.<\/p>\n\n\n\n<h4 class=\"wp-block-heading has-vivid-cyan-blue-color has-text-color has-link-color wp-elements-8f2a46831c2c54a13a5abcb4fc31abe2\" id=\"h-familia-crianca-adolescente-jovem-e-idoso\">Fam\u00edlia, crian\u00e7a, adolescente, jovem e idoso<\/h4>\n\n\n\n<p>A <strong>fam\u00edlia<\/strong>, base da sociedade, tem especial prote\u00e7\u00e3o do Estado, sendo gratuita a celebra\u00e7\u00e3o do casamento civil. Na forma da lei, o casamento religioso tem efeito civil.<\/p>\n\n\n\n<p>Destaque para o \u00a7 3\u00ba que prev\u00ea o reconhecimento da uni\u00e3o est\u00e1vel como entidade familiar, bem como para o entendimento do STF no sentido de possibilitar a uni\u00e3o est\u00e1vel entre pessoas do mesmo sexo.<\/p>\n\n\n\n<p>Por fim, \u00e9 dever da <strong>fam\u00edlia<\/strong>, da sociedade e do Estado assegurar \u00e0 <strong>crian\u00e7a<\/strong>, ao <strong>adolescente <\/strong>e ao <strong>jovem<\/strong>, com absoluta prioridade, o direito \u00e0 vida, \u00e0 sa\u00fade, \u00e0 alimenta\u00e7\u00e3o, \u00e0 educa\u00e7\u00e3o, ao lazer, \u00e0 profissionaliza\u00e7\u00e3o, \u00e0 cultura, \u00e0 dignidade, ao respeito, \u00e0 liberdade e \u00e0 conviv\u00eancia familiar e comunit\u00e1ria, al\u00e9m de coloc\u00e1-los a salvo de toda forma de neglig\u00eancia, discrimina\u00e7\u00e3o, explora\u00e7\u00e3o, viol\u00eancia, crueldade e opress\u00e3o.&nbsp;<\/p>\n\n\n\n<p>J\u00e1 em rela\u00e7\u00e3o aos <strong>idosos<\/strong>,&nbsp; a fam\u00edlia, a sociedade e o Estado t\u00eam o dever de os amparar, assegurando sua participa\u00e7\u00e3o na comunidade, defendendo sua dignidade e bem-estar e garantindo-lhes o direito \u00e0 vida.<\/p>\n\n\n\n<h2 class=\"wp-block-heading has-vivid-cyan-blue-color has-text-color has-link-color wp-elements-e7b20fe698c6c29a007e244ab912bd2c\" id=\"h-conclusao\">Conclus\u00e3o<\/h2>\n\n\n\n<p>Portanto, pessoal, esse foi nosso resumo sobre a Ordem Social para o concurso dos Correios.<\/p>\n\n\n\n<p>Considerando que n\u00e3o esgotamos aqui a tem\u00e1tica, n\u00e3o deixe de revisar em seu material de estudo e praticar com diversas quest\u00f5es.<\/p>\n\n\n\n<p>At\u00e9 a pr\u00f3xima!<\/p>\n\n\n\n<p class=\"has-text-align-center has-very-light-gray-to-cyan-bluish-gray-gradient-background has-background has-medium-font-size\"><strong>Saiba mais: <a href=\"https:\/\/www.estrategiaconcursos.com.br\/blog\/concurso-correios\/\" target=\"_blank\" rel=\"noreferrer noopener\">Concurso Correios<\/a><\/strong><\/p>\n\n\n\n<figure class=\"wp-block-image aligncenter size-large is-resized\"><img decoding=\"async\" src=\"https:\/\/dhg1h5j42swfq.cloudfront.net\/2020\/09\/18141901\/Coruja_Concursos%404x-506x1024.png\" alt=\"Concursos 2024 Estrat\u00e9gia Concursos\" class=\"wp-image-574355\" style=\"aspect-ratio:0.5;width:30px;height:auto\"\/><\/figure>\n\n\n\n<h2 class=\"wp-block-heading has-text-align-center\" id=\"h-quer-saber-tudo-sobre-concursos-previstos-confira-nossos-artigos\">Quer saber tudo sobre concursos previstos?<br \/>Confira nossos artigos!<\/h2>\n\n\n\n<ul class=\"wp-block-list\">\n<li><a href=\"https:\/\/www.estrategiaconcursos.com.br\/blog\/concursos-abertos\/\" target=\"_blank\" rel=\"noreferrer noopener\">Concursos Abertos<\/a><\/li>\n\n\n\n<li><a href=\"https:\/\/www.estrategiaconcursos.com.br\/blog\/concursos-2025\/\">Concursos 2025<\/a><\/li>\n<\/ul>\n\n\n\n<div class=\"container\" id=\"boxes\">\n  <div class=\"row\">\n\n    <div class=\"col-sm\">\n      <div class=\"banner-estrat-corj\" id=\"box-assinatura\">\n        <h3 class=\"titulo-assinatura\" style=\"text-align: left;\">Concursos 2025<\/h3>\n        <p class=\"subtitulo-assinatura\" style=\"text-align: left;\">Explore os cursos preparat\u00f3rios completos! \u2728<\/p>\n        <div class=\"box-botao\" style=\"text-align: left;\">\n          <a class=\"btn-assinatura\" target=\"_blank\" href=\"https:\/\/www.estrategiaconcursos.com.br\/cursos\/concurso\/\" role=\"button\" rel=\"noopener noreferrer\">CLIQUE AQUI<\/a>\n        <\/div>\n      <\/div><\/div><\/div><\/div>\n\n\n\n<div class=\"container\" id=\"boxes\">\n  <div class=\"row\">\n\n    <div class=\"col-sm\">\n      <div class=\"estrategia\" id=\"box-assinatura\">\n        <h3 class=\"titulo-assinatura\">Assinatura Concursos<\/h3>\n        <p class=\"subtitulo-assinatura\">Assinatura de 1 ano ou 2 anos<\/p>\n        <div class=\"box-botao\">\n          <a class=\"btn-assinatura\" target=\"_blank\" href=\"https:\/\/www.estrategiaconcursos.com.br\/assinaturas\/\" role=\"button\" rel=\"noopener noreferrer\">ASSINE AGORA<\/a>\n        <\/div>\n      <\/div><\/div><\/div><\/div>\n","protected":false},"excerpt":{"rendered":"<p>Ol\u00e1, tudo bem? Hoje falaremos um pouco sobre a Ordem Social para o concurso dos Correios. Trata-se de tema de grande relev\u00e2ncia no estudo do Direito Previdenci\u00e1rio e tamb\u00e9m do Direito Constitucional.&nbsp; Vamos ao que interessa!&nbsp; Ordem Social para os Correios Conceito de Ordem social e respons\u00e1veis por sua execu\u00e7\u00e3o Quando falamos em Ordem social, [&hellip;]<\/p>\n","protected":false},"author":2567,"featured_media":1478948,"comment_status":"open","ping_status":"closed","sticky":false,"template":"","format":"standard","meta":{"post_tipo":"article","footnotes":""},"categories":[1],"tags":[],"tax_estado":[219964,219965,219966,219967,219968,219969,219963,219970,219971,219972,219973,219974,219975,219976,219977,219978,219979,219980,219981,219982,219983,219984,219985,219986,219987,219988,219989,219990],"class_list":["post-1478947","post","type-post","status-publish","format-standard","has-post-thumbnail","hentry","category-cursos-e-concursos","tax_estado-ac","tax_estado-al","tax_estado-am","tax_estado-ap","tax_estado-ba","tax_estado-ce","tax_estado-concursos-federais","tax_estado-df","tax_estado-es","tax_estado-go","tax_estado-ma","tax_estado-mg","tax_estado-ms","tax_estado-mt","tax_estado-pa","tax_estado-pb","tax_estado-pe","tax_estado-pi","tax_estado-pr","tax_estado-rj","tax_estado-rn","tax_estado-ro","tax_estado-rr","tax_estado-rs","tax_estado-sc","tax_estado-se","tax_estado-sp","tax_estado-to"],"acf":[],"yoast_head":"<!-- This site is optimized with the Yoast SEO Premium plugin v27.2 (Yoast SEO v27.2) - https:\/\/yoast.com\/product\/yoast-seo-premium-wordpress\/ -->\n<title>Ordem Social para os Correios<\/title>\n<meta name=\"description\" content=\"Confira nosso resumo sobre a Ordem Social para o concurso dos Correios, no qual comentamos as disposi\u00e7\u00f5es constitucionais relativas ao tema!\" \/>\n<meta name=\"robots\" content=\"index, follow, max-snippet:-1, max-image-preview:large, max-video-preview:-1\" \/>\n<link rel=\"canonical\" href=\"https:\/\/www.estrategiaconcursos.com.br\/blog\/ordem-social-correios\/\" \/>\n<meta property=\"og:locale\" content=\"pt_BR\" \/>\n<meta property=\"og:type\" content=\"article\" \/>\n<meta property=\"og:title\" content=\"Ordem Social para os Correios\" \/>\n<meta property=\"og:description\" content=\"Confira nosso resumo sobre a Ordem Social para o concurso dos Correios, no qual comentamos as disposi\u00e7\u00f5es constitucionais relativas ao tema!\" \/>\n<meta property=\"og:url\" content=\"https:\/\/www.estrategiaconcursos.com.br\/blog\/ordem-social-correios\/\" \/>\n<meta property=\"og:site_name\" content=\"Estrat\u00e9gia Concursos\" \/>\n<meta property=\"article:published_time\" content=\"2024-11-14T17:43:00+00:00\" \/>\n<meta property=\"article:modified_time\" content=\"2025-01-22T17:05:38+00:00\" \/>\n<meta property=\"og:image\" content=\"https:\/\/dhg1h5j42swfq.cloudfront.net\/2024\/10\/19135939\/chess-pieces-3d-form-scaled.jpg\" \/>\n\t<meta property=\"og:image:width\" content=\"2560\" \/>\n\t<meta property=\"og:image:height\" content=\"1950\" \/>\n\t<meta property=\"og:image:type\" content=\"image\/jpeg\" \/>\n<meta name=\"author\" content=\"Frederico Tadeu Borlot Peixoto\" \/>\n<meta name=\"twitter:card\" content=\"summary_large_image\" \/>\n<meta name=\"twitter:creator\" content=\"@EstratConcursos\" \/>\n<meta name=\"twitter:site\" content=\"@EstratConcursos\" \/>\n<meta name=\"twitter:label1\" content=\"Escrito por\" \/>\n\t<meta name=\"twitter:data1\" content=\"Frederico Tadeu Borlot Peixoto\" \/>\n\t<meta name=\"twitter:label2\" content=\"Est. tempo de leitura\" \/>\n\t<meta name=\"twitter:data2\" content=\"7 minutos\" \/>\n<script type=\"application\/ld+json\" class=\"yoast-schema-graph\">{\"@context\":\"https:\/\/schema.org\",\"@graph\":[{\"@type\":\"NewsArticle\",\"@id\":\"https:\/\/www.estrategiaconcursos.com.br\/blog\/ordem-social-correios\/#article\",\"isPartOf\":{\"@id\":\"https:\/\/www.estrategiaconcursos.com.br\/blog\/ordem-social-correios\/\"},\"author\":{\"name\":\"Frederico Tadeu Borlot Peixoto\",\"@id\":\"https:\/\/www.estrategiaconcursos.com.br\/blog\/#\/schema\/person\/48a7e085e45aee7c3d4596399af50ebb\"},\"headline\":\"Ordem Social para os Correios\",\"datePublished\":\"2024-11-14T17:43:00+00:00\",\"dateModified\":\"2025-01-22T17:05:38+00:00\",\"mainEntityOfPage\":{\"@id\":\"https:\/\/www.estrategiaconcursos.com.br\/blog\/ordem-social-correios\/\"},\"wordCount\":1506,\"commentCount\":0,\"publisher\":{\"@id\":\"https:\/\/www.estrategiaconcursos.com.br\/blog\/#organization\"},\"image\":{\"@id\":\"https:\/\/www.estrategiaconcursos.com.br\/blog\/ordem-social-correios\/#primaryimage\"},\"thumbnailUrl\":\"https:\/\/dhg1h5j42swfq.cloudfront.net\/2024\/10\/19135939\/chess-pieces-3d-form-scaled.jpg\",\"articleSection\":[\"Concursos P\u00fablicos\"],\"inLanguage\":\"pt-BR\",\"potentialAction\":[{\"@type\":\"CommentAction\",\"name\":\"Comment\",\"target\":[\"https:\/\/www.estrategiaconcursos.com.br\/blog\/ordem-social-correios\/#respond\"]}],\"copyrightYear\":\"2024\",\"copyrightHolder\":{\"@id\":\"https:\/\/www.estrategiaconcursos.com.br\/blog\/#organization\"},\"accessibilityFeature\":[\"tableOfContents\"]},{\"@type\":\"WebPage\",\"@id\":\"https:\/\/www.estrategiaconcursos.com.br\/blog\/ordem-social-correios\/\",\"url\":\"https:\/\/www.estrategiaconcursos.com.br\/blog\/ordem-social-correios\/\",\"name\":\"Ordem Social para os Correios\",\"isPartOf\":{\"@id\":\"https:\/\/www.estrategiaconcursos.com.br\/blog\/#website\"},\"primaryImageOfPage\":{\"@id\":\"https:\/\/www.estrategiaconcursos.com.br\/blog\/ordem-social-correios\/#primaryimage\"},\"image\":{\"@id\":\"https:\/\/www.estrategiaconcursos.com.br\/blog\/ordem-social-correios\/#primaryimage\"},\"thumbnailUrl\":\"https:\/\/dhg1h5j42swfq.cloudfront.net\/2024\/10\/19135939\/chess-pieces-3d-form-scaled.jpg\",\"datePublished\":\"2024-11-14T17:43:00+00:00\",\"dateModified\":\"2025-01-22T17:05:38+00:00\",\"description\":\"Confira nosso resumo sobre a Ordem Social para o concurso dos Correios, no qual comentamos as disposi\u00e7\u00f5es constitucionais relativas ao tema!\",\"breadcrumb\":{\"@id\":\"https:\/\/www.estrategiaconcursos.com.br\/blog\/ordem-social-correios\/#breadcrumb\"},\"inLanguage\":\"pt-BR\",\"potentialAction\":[{\"@type\":\"ReadAction\",\"target\":[\"https:\/\/www.estrategiaconcursos.com.br\/blog\/ordem-social-correios\/\"]}]},{\"@type\":\"ImageObject\",\"inLanguage\":\"pt-BR\",\"@id\":\"https:\/\/www.estrategiaconcursos.com.br\/blog\/ordem-social-correios\/#primaryimage\",\"url\":\"https:\/\/dhg1h5j42swfq.cloudfront.net\/2024\/10\/19135939\/chess-pieces-3d-form-scaled.jpg\",\"contentUrl\":\"https:\/\/dhg1h5j42swfq.cloudfront.net\/2024\/10\/19135939\/chess-pieces-3d-form-scaled.jpg\",\"width\":2560,\"height\":1950,\"caption\":\"Ordem Social para os Correios\"},{\"@type\":\"BreadcrumbList\",\"@id\":\"https:\/\/www.estrategiaconcursos.com.br\/blog\/ordem-social-correios\/#breadcrumb\",\"itemListElement\":[{\"@type\":\"ListItem\",\"position\":1,\"name\":\"In\u00edcio\",\"item\":\"https:\/\/www.estrategiaconcursos.com.br\/blog\/\"},{\"@type\":\"ListItem\",\"position\":2,\"name\":\"Ordem Social para os Correios\"}]},{\"@type\":\"WebSite\",\"@id\":\"https:\/\/www.estrategiaconcursos.com.br\/blog\/#website\",\"url\":\"https:\/\/www.estrategiaconcursos.com.br\/blog\/\",\"name\":\"Estrat\u00e9gia Concursos\",\"description\":\"O blog da Estrat\u00e9gia Concursos traz not\u00edcias sobre concursos e artigos de professores oferecendo cursos para concursos (pdf + videaulas) no site.\",\"publisher\":{\"@id\":\"https:\/\/www.estrategiaconcursos.com.br\/blog\/#organization\"},\"potentialAction\":[{\"@type\":\"SearchAction\",\"target\":{\"@type\":\"EntryPoint\",\"urlTemplate\":\"https:\/\/www.estrategiaconcursos.com.br\/blog\/?s={search_term_string}\"},\"query-input\":{\"@type\":\"PropertyValueSpecification\",\"valueRequired\":true,\"valueName\":\"search_term_string\"}}],\"inLanguage\":\"pt-BR\"},{\"@type\":\"Organization\",\"@id\":\"https:\/\/www.estrategiaconcursos.com.br\/blog\/#organization\",\"name\":\"Estrat\u00e9gia Concursos\",\"url\":\"https:\/\/www.estrategiaconcursos.com.br\/blog\/\",\"logo\":{\"@type\":\"ImageObject\",\"inLanguage\":\"pt-BR\",\"@id\":\"https:\/\/www.estrategiaconcursos.com.br\/blog\/#\/schema\/logo\/image\/\",\"url\":\"https:\/\/dhg1h5j42swfq.cloudfront.net\/2025\/06\/03203428\/logo_concursos-1.jpg\",\"contentUrl\":\"https:\/\/dhg1h5j42swfq.cloudfront.net\/2025\/06\/03203428\/logo_concursos-1.jpg\",\"width\":230,\"height\":60,\"caption\":\"Estrat\u00e9gia Concursos\"},\"image\":{\"@id\":\"https:\/\/www.estrategiaconcursos.com.br\/blog\/#\/schema\/logo\/image\/\"},\"sameAs\":[\"https:\/\/x.com\/EstratConcursos\"]},{\"@type\":\"Person\",\"@id\":\"https:\/\/www.estrategiaconcursos.com.br\/blog\/#\/schema\/person\/48a7e085e45aee7c3d4596399af50ebb\",\"name\":\"Frederico Tadeu Borlot Peixoto\",\"image\":{\"@type\":\"ImageObject\",\"inLanguage\":\"pt-BR\",\"@id\":\"https:\/\/secure.gravatar.com\/avatar\/df8a49e2321c1e32f85e9e7c2a9c92c688f1f53a947220f40017ff5858b09fdb?s=96&d=mm&r=g\",\"url\":\"https:\/\/secure.gravatar.com\/avatar\/df8a49e2321c1e32f85e9e7c2a9c92c688f1f53a947220f40017ff5858b09fdb?s=96&d=mm&r=g\",\"contentUrl\":\"https:\/\/secure.gravatar.com\/avatar\/df8a49e2321c1e32f85e9e7c2a9c92c688f1f53a947220f40017ff5858b09fdb?s=96&d=mm&r=g\",\"caption\":\"Frederico Tadeu Borlot Peixoto\"},\"description\":\"Analista Judici\u00e1rio - \u00c1rea Judici\u00e1ria do TRF da 4\u00aa regi\u00e3o. Bacharel em Direito. P\u00f3s-graduado em Direito Administrativo, Legisla\u00e7\u00e3o Penal Especial, Direito Penal e Direito Processual Penal. Tamb\u00e9m nomeado no TRF da 3\u00aa regi\u00e3o (8\u00ba lugar); SPPREV (3\u00ba lugar); IFES (2\u00ba lugar); e PMES. https:\/\/www.instagram.com\/proffrederico\/\",\"sameAs\":[\"https:\/\/www.instagram.com\/proffrederico\/\"],\"url\":\"https:\/\/www.estrategiaconcursos.com.br\/blog\/author\/xfredericohotmail-com\/\"}]}<\/script>\n<!-- \/ Yoast SEO Premium plugin. -->","yoast_head_json":{"title":"Ordem Social para os Correios","description":"Confira nosso resumo sobre a Ordem Social para o concurso dos Correios, no qual comentamos as disposi\u00e7\u00f5es constitucionais relativas ao tema!","robots":{"index":"index","follow":"follow","max-snippet":"max-snippet:-1","max-image-preview":"max-image-preview:large","max-video-preview":"max-video-preview:-1"},"canonical":"https:\/\/www.estrategiaconcursos.com.br\/blog\/ordem-social-correios\/","og_locale":"pt_BR","og_type":"article","og_title":"Ordem Social para os Correios","og_description":"Confira nosso resumo sobre a Ordem Social para o concurso dos Correios, no qual comentamos as disposi\u00e7\u00f5es constitucionais relativas ao tema!","og_url":"https:\/\/www.estrategiaconcursos.com.br\/blog\/ordem-social-correios\/","og_site_name":"Estrat\u00e9gia Concursos","article_published_time":"2024-11-14T17:43:00+00:00","article_modified_time":"2025-01-22T17:05:38+00:00","og_image":[{"width":2560,"height":1950,"url":"https:\/\/dhg1h5j42swfq.cloudfront.net\/2024\/10\/19135939\/chess-pieces-3d-form-scaled.jpg","type":"image\/jpeg"}],"author":"Frederico Tadeu Borlot Peixoto","twitter_card":"summary_large_image","twitter_creator":"@EstratConcursos","twitter_site":"@EstratConcursos","twitter_misc":{"Escrito por":"Frederico Tadeu Borlot Peixoto","Est. tempo de leitura":"7 minutos"},"schema":{"@context":"https:\/\/schema.org","@graph":[{"@type":"NewsArticle","@id":"https:\/\/www.estrategiaconcursos.com.br\/blog\/ordem-social-correios\/#article","isPartOf":{"@id":"https:\/\/www.estrategiaconcursos.com.br\/blog\/ordem-social-correios\/"},"author":{"name":"Frederico Tadeu Borlot Peixoto","@id":"https:\/\/www.estrategiaconcursos.com.br\/blog\/#\/schema\/person\/48a7e085e45aee7c3d4596399af50ebb"},"headline":"Ordem Social para os Correios","datePublished":"2024-11-14T17:43:00+00:00","dateModified":"2025-01-22T17:05:38+00:00","mainEntityOfPage":{"@id":"https:\/\/www.estrategiaconcursos.com.br\/blog\/ordem-social-correios\/"},"wordCount":1506,"commentCount":0,"publisher":{"@id":"https:\/\/www.estrategiaconcursos.com.br\/blog\/#organization"},"image":{"@id":"https:\/\/www.estrategiaconcursos.com.br\/blog\/ordem-social-correios\/#primaryimage"},"thumbnailUrl":"https:\/\/dhg1h5j42swfq.cloudfront.net\/2024\/10\/19135939\/chess-pieces-3d-form-scaled.jpg","articleSection":["Concursos P\u00fablicos"],"inLanguage":"pt-BR","potentialAction":[{"@type":"CommentAction","name":"Comment","target":["https:\/\/www.estrategiaconcursos.com.br\/blog\/ordem-social-correios\/#respond"]}],"copyrightYear":"2024","copyrightHolder":{"@id":"https:\/\/www.estrategiaconcursos.com.br\/blog\/#organization"},"accessibilityFeature":["tableOfContents"]},{"@type":"WebPage","@id":"https:\/\/www.estrategiaconcursos.com.br\/blog\/ordem-social-correios\/","url":"https:\/\/www.estrategiaconcursos.com.br\/blog\/ordem-social-correios\/","name":"Ordem Social para os Correios","isPartOf":{"@id":"https:\/\/www.estrategiaconcursos.com.br\/blog\/#website"},"primaryImageOfPage":{"@id":"https:\/\/www.estrategiaconcursos.com.br\/blog\/ordem-social-correios\/#primaryimage"},"image":{"@id":"https:\/\/www.estrategiaconcursos.com.br\/blog\/ordem-social-correios\/#primaryimage"},"thumbnailUrl":"https:\/\/dhg1h5j42swfq.cloudfront.net\/2024\/10\/19135939\/chess-pieces-3d-form-scaled.jpg","datePublished":"2024-11-14T17:43:00+00:00","dateModified":"2025-01-22T17:05:38+00:00","description":"Confira nosso resumo sobre a Ordem Social para o concurso dos Correios, no qual comentamos as disposi\u00e7\u00f5es constitucionais relativas ao tema!","breadcrumb":{"@id":"https:\/\/www.estrategiaconcursos.com.br\/blog\/ordem-social-correios\/#breadcrumb"},"inLanguage":"pt-BR","potentialAction":[{"@type":"ReadAction","target":["https:\/\/www.estrategiaconcursos.com.br\/blog\/ordem-social-correios\/"]}]},{"@type":"ImageObject","inLanguage":"pt-BR","@id":"https:\/\/www.estrategiaconcursos.com.br\/blog\/ordem-social-correios\/#primaryimage","url":"https:\/\/dhg1h5j42swfq.cloudfront.net\/2024\/10\/19135939\/chess-pieces-3d-form-scaled.jpg","contentUrl":"https:\/\/dhg1h5j42swfq.cloudfront.net\/2024\/10\/19135939\/chess-pieces-3d-form-scaled.jpg","width":2560,"height":1950,"caption":"Ordem Social para os Correios"},{"@type":"BreadcrumbList","@id":"https:\/\/www.estrategiaconcursos.com.br\/blog\/ordem-social-correios\/#breadcrumb","itemListElement":[{"@type":"ListItem","position":1,"name":"In\u00edcio","item":"https:\/\/www.estrategiaconcursos.com.br\/blog\/"},{"@type":"ListItem","position":2,"name":"Ordem Social para os Correios"}]},{"@type":"WebSite","@id":"https:\/\/www.estrategiaconcursos.com.br\/blog\/#website","url":"https:\/\/www.estrategiaconcursos.com.br\/blog\/","name":"Estrat\u00e9gia Concursos","description":"O blog da Estrat\u00e9gia Concursos traz not\u00edcias sobre concursos e artigos de professores oferecendo cursos para concursos (pdf + videaulas) no site.","publisher":{"@id":"https:\/\/www.estrategiaconcursos.com.br\/blog\/#organization"},"potentialAction":[{"@type":"SearchAction","target":{"@type":"EntryPoint","urlTemplate":"https:\/\/www.estrategiaconcursos.com.br\/blog\/?s={search_term_string}"},"query-input":{"@type":"PropertyValueSpecification","valueRequired":true,"valueName":"search_term_string"}}],"inLanguage":"pt-BR"},{"@type":"Organization","@id":"https:\/\/www.estrategiaconcursos.com.br\/blog\/#organization","name":"Estrat\u00e9gia Concursos","url":"https:\/\/www.estrategiaconcursos.com.br\/blog\/","logo":{"@type":"ImageObject","inLanguage":"pt-BR","@id":"https:\/\/www.estrategiaconcursos.com.br\/blog\/#\/schema\/logo\/image\/","url":"https:\/\/dhg1h5j42swfq.cloudfront.net\/2025\/06\/03203428\/logo_concursos-1.jpg","contentUrl":"https:\/\/dhg1h5j42swfq.cloudfront.net\/2025\/06\/03203428\/logo_concursos-1.jpg","width":230,"height":60,"caption":"Estrat\u00e9gia Concursos"},"image":{"@id":"https:\/\/www.estrategiaconcursos.com.br\/blog\/#\/schema\/logo\/image\/"},"sameAs":["https:\/\/x.com\/EstratConcursos"]},{"@type":"Person","@id":"https:\/\/www.estrategiaconcursos.com.br\/blog\/#\/schema\/person\/48a7e085e45aee7c3d4596399af50ebb","name":"Frederico Tadeu Borlot Peixoto","image":{"@type":"ImageObject","inLanguage":"pt-BR","@id":"https:\/\/secure.gravatar.com\/avatar\/df8a49e2321c1e32f85e9e7c2a9c92c688f1f53a947220f40017ff5858b09fdb?s=96&d=mm&r=g","url":"https:\/\/secure.gravatar.com\/avatar\/df8a49e2321c1e32f85e9e7c2a9c92c688f1f53a947220f40017ff5858b09fdb?s=96&d=mm&r=g","contentUrl":"https:\/\/secure.gravatar.com\/avatar\/df8a49e2321c1e32f85e9e7c2a9c92c688f1f53a947220f40017ff5858b09fdb?s=96&d=mm&r=g","caption":"Frederico Tadeu Borlot Peixoto"},"description":"Analista Judici\u00e1rio - \u00c1rea Judici\u00e1ria do TRF da 4\u00aa regi\u00e3o. Bacharel em Direito. P\u00f3s-graduado em Direito Administrativo, Legisla\u00e7\u00e3o Penal Especial, Direito Penal e Direito Processual Penal. Tamb\u00e9m nomeado no TRF da 3\u00aa regi\u00e3o (8\u00ba lugar); SPPREV (3\u00ba lugar); IFES (2\u00ba lugar); e PMES. https:\/\/www.instagram.com\/proffrederico\/","sameAs":["https:\/\/www.instagram.com\/proffrederico\/"],"url":"https:\/\/www.estrategiaconcursos.com.br\/blog\/author\/xfredericohotmail-com\/"}]}},"_links":{"self":[{"href":"https:\/\/www.estrategiaconcursos.com.br\/blog\/wp-json\/wp\/v2\/posts\/1478947","targetHints":{"allow":["GET"]}}],"collection":[{"href":"https:\/\/www.estrategiaconcursos.com.br\/blog\/wp-json\/wp\/v2\/posts"}],"about":[{"href":"https:\/\/www.estrategiaconcursos.com.br\/blog\/wp-json\/wp\/v2\/types\/post"}],"author":[{"embeddable":true,"href":"https:\/\/www.estrategiaconcursos.com.br\/blog\/wp-json\/wp\/v2\/users\/2567"}],"replies":[{"embeddable":true,"href":"https:\/\/www.estrategiaconcursos.com.br\/blog\/wp-json\/wp\/v2\/comments?post=1478947"}],"version-history":[{"count":5,"href":"https:\/\/www.estrategiaconcursos.com.br\/blog\/wp-json\/wp\/v2\/posts\/1478947\/revisions"}],"predecessor-version":[{"id":1520852,"href":"https:\/\/www.estrategiaconcursos.com.br\/blog\/wp-json\/wp\/v2\/posts\/1478947\/revisions\/1520852"}],"wp:featuredmedia":[{"embeddable":true,"href":"https:\/\/www.estrategiaconcursos.com.br\/blog\/wp-json\/wp\/v2\/media\/1478948"}],"wp:attachment":[{"href":"https:\/\/www.estrategiaconcursos.com.br\/blog\/wp-json\/wp\/v2\/media?parent=1478947"}],"wp:term":[{"taxonomy":"category","embeddable":true,"href":"https:\/\/www.estrategiaconcursos.com.br\/blog\/wp-json\/wp\/v2\/categories?post=1478947"},{"taxonomy":"post_tag","embeddable":true,"href":"https:\/\/www.estrategiaconcursos.com.br\/blog\/wp-json\/wp\/v2\/tags?post=1478947"},{"taxonomy":"tax_estado","embeddable":true,"href":"https:\/\/www.estrategiaconcursos.com.br\/blog\/wp-json\/wp\/v2\/tax_estado?post=1478947"}],"curies":[{"name":"wp","href":"https:\/\/api.w.org\/{rel}","templated":true}]}}