{"id":147868,"date":"2018-10-21T17:48:13","date_gmt":"2018-10-21T20:48:13","guid":{"rendered":"https:\/\/www.estrategiaconcursos.com.br\/blog\/?p=147868"},"modified":"2018-10-21T21:59:10","modified_gmt":"2018-10-22T00:59:10","slug":"mpu-gabarito-extraoficial-de-legislacao-do-mpu","status":"publish","type":"post","link":"https:\/\/www.estrategiaconcursos.com.br\/blog\/mpu-gabarito-extraoficial-de-legislacao-do-mpu\/","title":{"rendered":"MPU: Gabarito extraoficial de Legisla\u00e7\u00e3o do MPU (t\u00e9cnico e analista)"},"content":{"rendered":"<p style=\"text-align: justify\"><span style=\"font-size: 14pt;font-family: verdana, geneva, sans-serif\">Oi, pessoal!<\/span><\/p>\n<p><span style=\"font-family: verdana, geneva, sans-serif;font-size: 14pt\"><strong>PARTICIPEM DO NOSSO RANKING MPU e tenham uma ideia de como voc\u00eas est\u00e3o em rela\u00e7\u00e3o aos concorrentes! Basta preencher no link abaixo:<\/strong><\/span><\/p>\n<p style=\"text-align: center\"><span style=\"font-size: 14pt;font-family: verdana, geneva, sans-serif\"><strong><a href=\"https:\/\/www.estrategiaconcursos.com.br\/blog\/ranking-mpu-gabarito-mpu\/\" target=\"_blank\" rel=\"noopener\">RANKING MPU<\/a><\/strong><\/span><\/p>\n<p>&nbsp;<\/p>\n<p style=\"text-align: justify\"><span style=\"font-size: 14pt;font-family: arial, helvetica, sans-serif\">Abaixo voc\u00ea encontra a resolu\u00e7\u00e3o das quest\u00f5es de LEGISLA\u00c7\u00c3O DO MPU para a prova de ANALISTA e T\u00c9CNICO (em v\u00eddeo e em texto):<\/span><\/p>\n<p style=\"text-align: center\"><strong><span style=\"color: #ff0000;font-family: arial, helvetica, sans-serif;font-size: large\">OBS: qualquer d\u00favida nos procure no INSTAGRAM: <a href=\"https:\/\/www.instagram.com\/proftiag\u2026\">proftiagozanolla<\/a><\/span><\/strong><\/p>\n<div class=\"lyte-wrapper\" style=\"width:853px;max-width:100%;margin:5px;\"><div class=\"lyMe\" id=\"WYL_quPKx3GTDzc\"><div id=\"lyte_quPKx3GTDzc\" data-src=\"\/\/i.ytimg.com\/vi\/quPKx3GTDzc\/hqdefault.jpg\" class=\"pL\"><div class=\"tC\"><div class=\"tT\"><\/div><\/div><div class=\"play\"><\/div><div class=\"ctrl\"><div class=\"Lctrl\"><\/div><div class=\"Rctrl\"><\/div><\/div><\/div><noscript><a href=\"https:\/\/youtu.be\/quPKx3GTDzc\" rel=\"nofollow\"><img loading=\"lazy\" decoding=\"async\" src=\"https:\/\/i.ytimg.com\/vi\/quPKx3GTDzc\/0.jpg\" alt=\"YouTube video thumbnail\" width=\"853\" height=\"460\" \/><br \/>Assista a este v\u00eddeo no YouTube<\/a><\/noscript><\/div><\/div><div class=\"lL\" style=\"max-width:100%;width:853px;margin:5px;\"><\/div><\/p>\n<p>&nbsp;<\/p>\n<div class=\"lyte-wrapper\" style=\"width:853px;max-width:100%;margin:5px;\"><div class=\"lyMe\" id=\"WYL_3SAJL4JjrTA\"><div id=\"lyte_3SAJL4JjrTA\" data-src=\"\/\/i.ytimg.com\/vi\/3SAJL4JjrTA\/hqdefault.jpg\" class=\"pL\"><div class=\"tC\"><div class=\"tT\"><\/div><\/div><div class=\"play\"><\/div><div class=\"ctrl\"><div class=\"Lctrl\"><\/div><div class=\"Rctrl\"><\/div><\/div><\/div><noscript><a href=\"https:\/\/youtu.be\/3SAJL4JjrTA\" rel=\"nofollow\"><img loading=\"lazy\" decoding=\"async\" src=\"https:\/\/i.ytimg.com\/vi\/3SAJL4JjrTA\/0.jpg\" alt=\"YouTube video thumbnail\" width=\"853\" height=\"460\" \/><br \/>Assista a este v\u00eddeo no YouTube<\/a><\/noscript><\/div><\/div><div class=\"lL\" style=\"max-width:100%;width:853px;margin:5px;\"><\/div><\/p>\n<h2><span style=\"font-family: 'arial black', sans-serif;color: #ff0000\">PROVA ANALISTA<\/span><\/h2>\n<p><span style=\"font-family: arial, helvetica, sans-serif;font-size: 14pt\"><strong>No que se refere \u00e0 Lei Complementar n.\u00ba 75\/1993, julgue os itens a seguir.<\/strong><\/span><\/p>\n<p style=\"text-align: justify\"><span style=\"font-family: arial, helvetica, sans-serif;color: #0000ff;font-size: 14pt\"><strong>Quest\u00e3o 32 <\/strong>Membro do Minist\u00e9rio P\u00fablico da Uni\u00e3o poder\u00e1 renunciar \u00e0 promo\u00e7\u00e3o, em qualquer tempo, se houver vaga na categoria imediatamente anterior.<\/span><\/p>\n<p style=\"text-align: justify\"><span style=\"font-family: arial, helvetica, sans-serif;font-size: 14pt\"><strong><u>Coment\u00e1rios<\/u><\/strong><\/span><\/p>\n<p><span style=\"font-family: arial, helvetica, sans-serif;font-size: 14pt\">Falamos isso ontem no aul\u00e3o de v\u00e9spera.<\/span><\/p>\n<blockquote>\n<p style=\"text-align: justify\"><span style=\"font-family: arial, helvetica, sans-serif;font-size: 14pt\"><em>Art. 199. As promo\u00e7\u00f5es far-se-\u00e3o, alternadamente, por antiguidade e merecimento.<\/em><\/span><\/p>\n<p style=\"text-align: justify\"><span style=\"font-family: arial, helvetica, sans-serif;font-size: 14pt\"><em>\u00a7 4\u00ba \u00c9 facultada a ren\u00fancia \u00e0 promo\u00e7\u00e3o, em qualquer tempo, desde que haja vaga na categoria imediatamente anterior.<\/em><\/span><\/p>\n<\/blockquote>\n<p style=\"text-align: justify\"><span style=\"font-family: arial, helvetica, sans-serif;font-size: 14pt\"><strong><u>GABARITO<\/u><\/strong>: <strong>Correta<\/strong><\/span><\/p>\n<p style=\"text-align: justify\"><span style=\"font-family: arial, helvetica, sans-serif;font-size: 14pt\"><strong>\u00a0<\/strong><\/span><\/p>\n<p style=\"text-align: justify\"><span style=\"font-family: arial, helvetica, sans-serif;color: #0000ff;font-size: 14pt\"><strong>Quest\u00e3o 33 <\/strong>Conflito de atribui\u00e7\u00e3o de determinado caso envolvendo um membro do Minist\u00e9rio P\u00fablico Federal e um membro do Minist\u00e9rio P\u00fablico Militar dever\u00e1 ser submetido \u00e0 C\u00e2mara de Coordena\u00e7\u00e3o e Revis\u00e3o do Minist\u00e9rio P\u00fablico Federal e por ele decidido.<\/span><\/p>\n<p style=\"text-align: justify\"><span style=\"font-family: arial, helvetica, sans-serif;font-size: 14pt\"><strong><u>Coment\u00e1rios<\/u><\/strong><\/span><\/p>\n<p><span style=\"font-family: arial, helvetica, sans-serif;font-size: 14pt\">O conflito entre ramos \u00e9 decidido pelo PGR (falamos disso nos \u00faltimos aul\u00f5es)<\/span><\/p>\n<blockquote>\n<p style=\"text-align: justify\"><span style=\"font-family: arial, helvetica, sans-serif;font-size: 14pt\"><em>Art. 26. S\u00e3o atribui\u00e7\u00f5es do Procurador-Geral da Rep\u00fablica, como Chefe do Minist\u00e9rio P\u00fablico da Uni\u00e3o:<\/em><\/span><\/p>\n<p style=\"text-align: justify\"><span style=\"font-family: arial, helvetica, sans-serif;font-size: 14pt\"><em>VII &#8211; dirimir conflitos de atribui\u00e7\u00e3o entre integrantes de ramos diferentes do Minist\u00e9rio P\u00fablico da Uni\u00e3o;<\/em><\/span><\/p>\n<\/blockquote>\n<p style=\"text-align: justify\"><span style=\"font-family: arial, helvetica, sans-serif;font-size: 14pt\"><img loading=\"lazy\" decoding=\"async\" class=\"aligncenter wp-image-147880\" src=\"https:\/\/dhg1h5j42swfq.cloudfront.net\/2018\/10\/21172804\/Captura-de-Tela-2018-10-21-%C3%A0s-17.27.40.png\" alt=\"\" width=\"494\" height=\"206\" srcset=\"https:\/\/dhg1h5j42swfq.cloudfront.net\/2018\/10\/21172804\/Captura-de-Tela-2018-10-21-%C3%A0s-17.27.40.png 1454w, https:\/\/dhg1h5j42swfq.cloudfront.net\/2018\/10\/21172804\/Captura-de-Tela-2018-10-21-%C3%A0s-17.27.40.png 300w, https:\/\/dhg1h5j42swfq.cloudfront.net\/2018\/10\/21172804\/Captura-de-Tela-2018-10-21-%C3%A0s-17.27.40.png 768w, https:\/\/dhg1h5j42swfq.cloudfront.net\/2018\/10\/21172804\/Captura-de-Tela-2018-10-21-%C3%A0s-17.27.40.png 1024w, https:\/\/dhg1h5j42swfq.cloudfront.net\/2018\/10\/21172804\/Captura-de-Tela-2018-10-21-%C3%A0s-17.27.40.png 610w\" sizes=\"auto, (max-width: 494px) 100vw, 494px\" \/><\/span><\/p>\n<p>&nbsp;<\/p>\n<p style=\"text-align: justify\"><span style=\"font-family: arial, helvetica, sans-serif;font-size: 14pt\"><strong><u>GABARITO<\/u><\/strong><strong>: Errada<\/strong><\/span><\/p>\n<p style=\"text-align: justify\"><span style=\"font-family: arial, helvetica, sans-serif;font-size: 14pt\"><strong>\u00a0<\/strong><\/span><\/p>\n<p style=\"text-align: justify\"><span style=\"font-family: arial, helvetica, sans-serif;color: #0000ff;font-size: 14pt\"><strong>Quest\u00e3o 34 <\/strong>No exerc\u00edcio do controle externo da atividade policial, o Minist\u00e9rio P\u00fablico pode ter acesso a qualquer documento produzido pelo \u00f3rg\u00e3o da pol\u00edcia, bem como ter livre ingresso em estabelecimentos policiais ou prisionais.<\/span><\/p>\n<p style=\"text-align: justify\"><span style=\"font-family: arial, helvetica, sans-serif;font-size: 14pt\"><strong><u>Coment\u00e1rios<\/u><\/strong><strong>:<\/strong><\/span><\/p>\n<p><span style=\"font-family: arial, helvetica, sans-serif;font-size: 14pt\">O MP tem acesso aos documentos relativos \u00e0 atividade-fim policial.<\/span><\/p>\n<blockquote>\n<p style=\"text-align: justify\"><span style=\"font-size: 14pt;font-family: arial, helvetica, sans-serif\"><em>Art. 9\u00ba O Minist\u00e9rio P\u00fablico da Uni\u00e3o exercer\u00e1 o controle externo da atividade policial por meio de medidas judiciais e extrajudiciais podendo:<\/em><\/span><\/p>\n<p style=\"text-align: justify\"><span style=\"font-size: 14pt;font-family: arial, helvetica, sans-serif\"><em>I &#8211; ter livre ingresso em estabelecimentos policiais ou prisionais;<\/em><\/span><\/p>\n<p style=\"text-align: justify\"><span style=\"font-size: 14pt;font-family: arial, helvetica, sans-serif\"><em>II &#8211; ter acesso a quaisquer documentos relativos \u00e0 atividade-fim policial;<\/em><\/span><\/p>\n<\/blockquote>\n<p style=\"text-align: justify\"><span style=\"font-family: arial, helvetica, sans-serif;font-size: 14pt\"><strong><u>GABARITO<\/u><\/strong><strong>: Errada<\/strong><\/span><\/p>\n<p style=\"text-align: justify\"><span style=\"font-family: arial, helvetica, sans-serif;font-size: 14pt\"><strong>\u00a0<\/strong><\/span><\/p>\n<p style=\"text-align: justify\"><span style=\"font-family: arial, helvetica, sans-serif;color: #0000ff;font-size: 14pt\"><strong>Quest\u00e3o 35 <\/strong>Quando um membro do Minist\u00e9rio P\u00fablico da Uni\u00e3o comete alguma falta disciplinar, a consequente instaura\u00e7\u00e3o de processo administrativo deve interromper o prazo prescrional para aplica\u00e7\u00e3o da san\u00e7\u00e3o.<\/span><\/p>\n<p style=\"text-align: justify\"><span style=\"font-family: arial, helvetica, sans-serif;font-size: 14pt\"><strong><u>Coment\u00e1rios<\/u><\/strong><\/span><\/p>\n<p><span style=\"font-family: arial, helvetica, sans-serif;font-size: 14pt\">Letra de lei:<\/span><\/p>\n<blockquote>\n<p style=\"text-align: justify\"><span style=\"font-family: arial, helvetica, sans-serif;font-size: 14pt\"><em>Art. 245. A prescri\u00e7\u00e3o come\u00e7a a correr:<\/em><\/span><\/p>\n<p style=\"text-align: justify\"><span style=\"font-family: arial, helvetica, sans-serif;font-size: 14pt\"><em>Par\u00e1grafo \u00fanico. Interrompem a prescri\u00e7\u00e3o a instaura\u00e7\u00e3o de processo administrativo e a cita\u00e7\u00e3o para a a\u00e7\u00e3o de perda do cargo.<\/em><\/span><\/p>\n<\/blockquote>\n<p style=\"text-align: justify\"><span style=\"font-family: arial, helvetica, sans-serif;font-size: 14pt\"><strong><u>GABARITO<\/u><\/strong><strong>: Correta<\/strong><\/span><\/p>\n<p style=\"text-align: justify\"><span style=\"font-family: arial, helvetica, sans-serif;font-size: 14pt\"><strong>\u00a0<\/strong><\/span><\/p>\n<p style=\"text-align: justify\"><span style=\"font-family: arial, helvetica, sans-serif;font-size: 14pt\"><strong>\u00a0<\/strong><\/span><\/p>\n<p style=\"text-align: justify\"><span style=\"font-family: arial, helvetica, sans-serif;font-size: 14pt\"><strong>Com rela\u00e7\u00e3o ao conceito do Minist\u00e9rio P\u00fablico, aos princ\u00edpios institucionais, \u00e0 autonomia funcional e administrativa, \u00e0 elabora\u00e7\u00e3o da proposta or\u00e7ament\u00e1ria e aos v\u00e1rios minist\u00e9rios p\u00fablicos, julgue os itens subsecutivos<\/strong><\/span><\/p>\n<p style=\"text-align: justify\"><span style=\"font-family: arial, helvetica, sans-serif;color: #0000ff;font-size: 14pt\"><strong>Quest\u00e3o 36\u00a0<\/strong>A autonomia funcional abrange todos os \u00f3rg\u00e3os que comp\u00f5em o Minist\u00e9rio P\u00fablico e garante que seus membros n\u00e3o se submetam aos Poderes Legislativo, Executivo e Judici\u00e1rio nem a outro \u00f3rg\u00e3o ou autoridade p\u00fablica.<\/span><\/p>\n<p style=\"text-align: justify\"><span style=\"font-family: arial, helvetica, sans-serif;font-size: 14pt\"><strong><u>Coment\u00e1rios<\/u><\/strong><\/span><\/p>\n<p style=\"text-align: justify\"><span style=\"font-family: arial, helvetica, sans-serif;font-size: 14pt\">A quest\u00e3o &#8220;pode ser controversa&#8221;.\u00a0A via \u201cmais adequada\u201d \u00e9 que ela mistura autonomia com independ\u00eancia.<\/span><\/p>\n<ul style=\"text-align: justify\">\n<li><span style=\"font-family: arial, helvetica, sans-serif;font-size: 14pt\">A autonomia funcional quer dizer que o MP este livre de influ\u00eancia externa.<\/span><\/li>\n<li><span style=\"font-family: arial, helvetica, sans-serif;font-size: 14pt\">A independ\u00eancia funcional garante que os membros est\u00e3o livres para atua\u00e7\u00e3o externa.<\/span><\/li>\n<\/ul>\n<p style=\"text-align: justify\"><span style=\"font-family: arial, helvetica, sans-serif;font-size: 14pt\"><strong><u>GABARITO<\/u><\/strong><strong>: Errada<\/strong><\/span><\/p>\n<p style=\"text-align: justify\"><span style=\"font-family: arial, helvetica, sans-serif;font-size: 14pt\"><strong>\u00a0<\/strong><\/span><\/p>\n<p style=\"text-align: justify\"><span style=\"font-family: arial, helvetica, sans-serif;color: #0000ff;font-size: 14pt\"><strong>Quest\u00e3o 37 <\/strong>Se o Minist\u00e9rio P\u00fablico apresentar ao Poder Executivo proposta or\u00e7ament\u00e1ria em desacordo com a lei de diretrizes or\u00e7ament\u00e1rias, o Poder Executivo estar\u00e1 vedado de realizar os ajustes necess\u00e1rios, devendo a proposta ser restitu\u00edda ao Minist\u00e9rio P\u00fablico para que este proceda, no prazo de 30 dias, a tais ajustes.<\/span><\/p>\n<p style=\"text-align: justify\"><span style=\"font-family: arial, helvetica, sans-serif;font-size: 14pt\"><strong><u>Coment\u00e1rios<\/u><\/strong><\/span><\/p>\n<p><span style=\"font-family: arial, helvetica, sans-serif;font-size: 14pt\">Falamos na aula de v\u00e9spera tamb\u00e9m.<\/span><\/p>\n<blockquote>\n<p style=\"text-align: justify\"><span style=\"font-family: arial, helvetica, sans-serif;font-size: 14pt\"><em>Art. 127.<\/em><\/span><\/p>\n<p style=\"text-align: justify\"><span style=\"font-family: arial, helvetica, sans-serif;font-size: 14pt\"><em>\u00a7 5\u00ba Se a proposta or\u00e7ament\u00e1ria de que trata este artigo for encaminhada em desacordo com os limites estipulados na forma do \u00a7 3\u00ba, o Poder Executivo proceder\u00e1 aos ajustes necess\u00e1rios para fins de consolida\u00e7\u00e3o da proposta or\u00e7ament\u00e1ria anual<\/em><\/span><\/p>\n<p style=\"text-align: justify\">\n<\/blockquote>\n<p style=\"text-align: justify\"><span style=\"font-family: arial, helvetica, sans-serif;font-size: 14pt\"><img loading=\"lazy\" decoding=\"async\" class=\"aligncenter wp-image-147882\" src=\"https:\/\/dhg1h5j42swfq.cloudfront.net\/2018\/10\/21173041\/Captura-de-Tela-2018-10-21-%C3%A0s-17.29.46.png\" alt=\"\" width=\"549\" height=\"402\" srcset=\"https:\/\/dhg1h5j42swfq.cloudfront.net\/2018\/10\/21173041\/Captura-de-Tela-2018-10-21-%C3%A0s-17.29.46.png 1444w, https:\/\/dhg1h5j42swfq.cloudfront.net\/2018\/10\/21173041\/Captura-de-Tela-2018-10-21-%C3%A0s-17.29.46.png 300w, https:\/\/dhg1h5j42swfq.cloudfront.net\/2018\/10\/21173041\/Captura-de-Tela-2018-10-21-%C3%A0s-17.29.46.png 768w, https:\/\/dhg1h5j42swfq.cloudfront.net\/2018\/10\/21173041\/Captura-de-Tela-2018-10-21-%C3%A0s-17.29.46.png 610w\" sizes=\"auto, (max-width: 549px) 100vw, 549px\" \/><\/span><\/p>\n<p style=\"text-align: justify\"><span style=\"font-family: arial, helvetica, sans-serif;font-size: 14pt\"><strong><u>GABARITO<\/u><\/strong><strong>: Errada<\/strong><\/span><\/p>\n<p style=\"text-align: justify\"><span style=\"font-family: arial, helvetica, sans-serif;font-size: 14pt\"><strong>\u00a0<\/strong><\/span><\/p>\n<p style=\"text-align: justify\"><span style=\"font-family: arial, helvetica, sans-serif;color: #0000ff;font-size: 14pt\"><strong>Quest\u00e3o 38 <\/strong>Tanto o Minist\u00e9rio P\u00fablico do Trabalho quanto o Minist\u00e9rio P\u00fablico do Distrito Federal e Territ\u00f3rios integram o Minist\u00e9rio P\u00fablico da Uni\u00e3o<\/span><\/p>\n<p style=\"text-align: justify\"><span style=\"font-family: arial, helvetica, sans-serif;font-size: 14pt\"><strong><u>Coment\u00e1rios<\/u><\/strong><\/span><\/p>\n<p><span style=\"font-family: arial, helvetica, sans-serif;font-size: 14pt\">Mais uma dita no aul\u00e3o de v\u00e9spera.<\/span><\/p>\n<p><span style=\"font-family: arial, helvetica, sans-serif;font-size: 14pt\"><img loading=\"lazy\" decoding=\"async\" class=\"aligncenter wp-image-147885\" src=\"https:\/\/dhg1h5j42swfq.cloudfront.net\/2018\/10\/21173126\/Captura-de-Tela-2018-10-21-%C3%A0s-17.31.10.png\" alt=\"\" width=\"504\" height=\"188\" srcset=\"https:\/\/dhg1h5j42swfq.cloudfront.net\/2018\/10\/21173126\/Captura-de-Tela-2018-10-21-%C3%A0s-17.31.10.png 1188w, https:\/\/dhg1h5j42swfq.cloudfront.net\/2018\/10\/21173126\/Captura-de-Tela-2018-10-21-%C3%A0s-17.31.10.png 300w, https:\/\/dhg1h5j42swfq.cloudfront.net\/2018\/10\/21173126\/Captura-de-Tela-2018-10-21-%C3%A0s-17.31.10.png 768w, https:\/\/dhg1h5j42swfq.cloudfront.net\/2018\/10\/21173126\/Captura-de-Tela-2018-10-21-%C3%A0s-17.31.10.png 1024w, https:\/\/dhg1h5j42swfq.cloudfront.net\/2018\/10\/21173126\/Captura-de-Tela-2018-10-21-%C3%A0s-17.31.10.png 610w\" sizes=\"auto, (max-width: 504px) 100vw, 504px\" \/><\/span><\/p>\n<p style=\"text-align: justify\"><span style=\"font-family: arial, helvetica, sans-serif;font-size: 14pt\"><strong><u>GABARITO<\/u><\/strong><strong>: Correta<\/strong><\/span><\/p>\n<p style=\"text-align: justify\"><span style=\"font-family: arial, helvetica, sans-serif;font-size: 14pt\"><strong>\u00a0<\/strong><\/span><\/p>\n<p style=\"text-align: justify\"><span style=\"font-family: arial, helvetica, sans-serif;color: #0000ff;font-size: 14pt\"><strong>Quest\u00e3o 39 <\/strong>Ao Minist\u00e9rio P\u00fablico, \u00f3rg\u00e3o essencial \u00e0 fun\u00e7\u00e3o jurisdicional do Estado, incumbe a defesa dos direitos sociais e individuais dispon\u00edveis e indispon\u00edveis.<\/span><\/p>\n<p style=\"text-align: justify\"><span style=\"font-family: arial, helvetica, sans-serif;font-size: 14pt\"><strong><u>Coment\u00e1rios<\/u><\/strong><\/span><\/p>\n<p style=\"text-align: justify\"><span style=\"font-family: arial, helvetica, sans-serif;font-size: 14pt\">Nesse caso, deve ser interpretada conforme CF: O MP defende\u00a0<em>interesses sociais e individuais indispon\u00edveis.<\/em><\/span><\/p>\n<blockquote>\n<p style=\"text-align: justify\"><span style=\"font-family: arial, helvetica, sans-serif;font-size: 14pt\"><em>Art. 127. O Minist\u00e9rio P\u00fablico \u00e9 institui\u00e7\u00e3o permanente, essencial \u00e0 fun\u00e7\u00e3o jurisdicional do Estado, incumbindo-lhe a defesa da ordem jur\u00eddica, do regime democr\u00e1tico e dos interesses sociais e individuais indispon\u00edveis.<\/em><\/span><\/p>\n<\/blockquote>\n<p style=\"text-align: justify\"><span style=\"font-family: arial, helvetica, sans-serif;font-size: 14pt\"><strong><u>GABARITO<\/u><\/strong><strong>: Errada<\/strong><\/span><\/p>\n<p style=\"text-align: justify\"><span style=\"font-family: arial, helvetica, sans-serif;font-size: 14pt\"><strong>\u00a0<\/strong><\/span><\/p>\n<p style=\"text-align: justify\"><span style=\"font-family: arial, helvetica, sans-serif;font-size: 14pt\"><strong>\u00a0<\/strong><\/span><\/p>\n<p style=\"text-align: justify\"><span style=\"font-family: arial, helvetica, sans-serif;color: #0000ff;font-size: 14pt\"><strong>Quest\u00e3o 40 <\/strong>Dado o princ\u00edpio da indivisibilidade, um membro do Minist\u00e9rio P\u00fablico da Uni\u00e3o n\u00e3o pode substituir outro que exer\u00e7a a mesma fun\u00e7\u00e3o, pois haver\u00e1 implica\u00e7\u00f5es pr\u00e1ticas nas atividades desenvolvidas.<\/span><\/p>\n<p style=\"text-align: justify\"><span style=\"font-family: arial, helvetica, sans-serif;font-size: 14pt\"><strong><u>Coment\u00e1rios<\/u><\/strong><\/span><\/p>\n<p><span style=\"font-family: arial, helvetica, sans-serif;font-size: 14pt\">Falou em indivisibilidade, falou em substitui\u00e7\u00e3o (Falamos disso na semana de apostas)<\/span><\/p>\n<p><span style=\"font-family: arial, helvetica, sans-serif;font-size: 14pt\"><img loading=\"lazy\" decoding=\"async\" class=\"aligncenter wp-image-147887\" src=\"https:\/\/dhg1h5j42swfq.cloudfront.net\/2018\/10\/21173336\/Captura-de-Tela-2018-10-21-%C3%A0s-17.32.57.png\" alt=\"\" width=\"590\" height=\"285\" srcset=\"https:\/\/dhg1h5j42swfq.cloudfront.net\/2018\/10\/21173336\/Captura-de-Tela-2018-10-21-%C3%A0s-17.32.57.png 1310w, https:\/\/dhg1h5j42swfq.cloudfront.net\/2018\/10\/21173336\/Captura-de-Tela-2018-10-21-%C3%A0s-17.32.57.png 300w, https:\/\/dhg1h5j42swfq.cloudfront.net\/2018\/10\/21173336\/Captura-de-Tela-2018-10-21-%C3%A0s-17.32.57.png 768w, https:\/\/dhg1h5j42swfq.cloudfront.net\/2018\/10\/21173336\/Captura-de-Tela-2018-10-21-%C3%A0s-17.32.57.png 1024w, https:\/\/dhg1h5j42swfq.cloudfront.net\/2018\/10\/21173336\/Captura-de-Tela-2018-10-21-%C3%A0s-17.32.57.png 610w\" sizes=\"auto, (max-width: 590px) 100vw, 590px\" \/><\/span><\/p>\n<p style=\"text-align: justify\"><span style=\"font-family: arial, helvetica, sans-serif;font-size: 14pt\"><strong><u>GABARITO<\/u><\/strong><strong>: Errada<\/strong><\/span><\/p>\n<p style=\"text-align: justify\"><span style=\"font-family: arial, helvetica, sans-serif;font-size: 14pt\"><strong>\u00a0<\/strong><\/span><\/p>\n<p style=\"text-align: justify\"><span style=\"font-family: arial, helvetica, sans-serif;font-size: 14pt\"><strong>No que se refere ao procurador-geral da Rep\u00fablicas, aos demais procuradores-gerais e \u00e0s garantias dos membros do Minist\u00e9rio P\u00fablico da Uni\u00e3o, julgue os itens seguntes.<\/strong><\/span><\/p>\n<p style=\"text-align: justify\"><span style=\"font-family: arial, helvetica, sans-serif;font-size: 14pt\"><strong>\u00a0<\/strong><\/span><\/p>\n<p style=\"text-align: justify\"><span style=\"font-family: arial, helvetica, sans-serif;color: #0000ff;font-size: 14pt\"><strong>Quest\u00e3o 41 <\/strong>Um membro do Minist\u00e9rio P\u00fablico adquire estabilidade ap\u00f3s tr\u00eas anos de efetivo exerc\u00edcio, podendo, contudo, perder o cargo por senten\u00e7a judicial transitada em julgado ou por processo administrativo espec\u00edfico.<\/span><\/p>\n<p style=\"text-align: justify\"><span style=\"font-family: arial, helvetica, sans-serif;font-size: 14pt\"><strong><u>Coment\u00e1rios<\/u><\/strong><\/span><\/p>\n<p><span style=\"font-family: arial, helvetica, sans-serif;font-size: 14pt\">Falamos disso tamb\u00e9m ontem. Membro adquire vitaliciedade.<\/span><\/p>\n<p><span style=\"font-family: arial, helvetica, sans-serif;font-size: 14pt\"><img loading=\"lazy\" decoding=\"async\" class=\"aligncenter wp-image-147890\" src=\"https:\/\/dhg1h5j42swfq.cloudfront.net\/2018\/10\/21173551\/Captura-de-Tela-2018-10-21-%C3%A0s-17.35.34.png\" alt=\"\" width=\"580\" height=\"303\" srcset=\"https:\/\/dhg1h5j42swfq.cloudfront.net\/2018\/10\/21173551\/Captura-de-Tela-2018-10-21-%C3%A0s-17.35.34.png 1342w, https:\/\/dhg1h5j42swfq.cloudfront.net\/2018\/10\/21173551\/Captura-de-Tela-2018-10-21-%C3%A0s-17.35.34.png 300w, https:\/\/dhg1h5j42swfq.cloudfront.net\/2018\/10\/21173551\/Captura-de-Tela-2018-10-21-%C3%A0s-17.35.34.png 768w, https:\/\/dhg1h5j42swfq.cloudfront.net\/2018\/10\/21173551\/Captura-de-Tela-2018-10-21-%C3%A0s-17.35.34.png 1024w, https:\/\/dhg1h5j42swfq.cloudfront.net\/2018\/10\/21173551\/Captura-de-Tela-2018-10-21-%C3%A0s-17.35.34.png 610w\" sizes=\"auto, (max-width: 580px) 100vw, 580px\" \/><\/span><\/p>\n<p style=\"text-align: justify\"><span style=\"font-family: arial, helvetica, sans-serif;font-size: 14pt\"><strong><u>GABARITO<\/u><\/strong><strong>: Errada<\/strong><\/span><\/p>\n<p style=\"text-align: justify\"><span style=\"font-family: arial, helvetica, sans-serif;font-size: 14pt\"><strong>\u00a0<\/strong><\/span><\/p>\n<p style=\"text-align: justify\"><span style=\"font-family: arial, helvetica, sans-serif;font-size: 14pt\"><strong>\u00a0<\/strong><\/span><\/p>\n<p style=\"text-align: justify\"><span style=\"font-family: arial, helvetica, sans-serif;color: #0000ff;font-size: 14pt\"><strong>Quest\u00e3o 42 <\/strong>Somente depois de aprovada pelo Senado Federal, o procurador geral da Rep\u00fablica dever\u00e1 ser nomeado pelo presidente da Rep\u00fablica.<\/span><\/p>\n<p style=\"text-align: justify\"><span style=\"font-family: arial, helvetica, sans-serif;font-size: 14pt\"><strong><u>Coment\u00e1rios<\/u><\/strong><\/span><\/p>\n<p style=\"text-align: justify\"><span style=\"font-family: arial, helvetica, sans-serif;font-size: 14pt\">Isso mesmo! (falamos ontem)<\/span><\/p>\n<blockquote>\n<p style=\"text-align: justify\"><span style=\"font-family: arial, helvetica, sans-serif;font-size: 14pt\"><em>Art. 128. O Minist\u00e9rio P\u00fablico abrange:<\/em><\/span><\/p>\n<p style=\"text-align: justify\"><span style=\"font-family: arial, helvetica, sans-serif;font-size: 14pt\"><em>\u00a7 1\u00ba O Minist\u00e9rio P\u00fablico da Uni\u00e3o tem por chefe o Procurador-Geral da Rep\u00fablica, nomeado pelo Presidente da Rep\u00fablica dentre integrantes da carreira, maiores de trinta e cinco anos, <span style=\"text-decoration: underline\"><strong>a<\/strong><strong>p\u00f3s a aprova\u00e7\u00e3o de seu nome pela maioria absoluta dos membros do Senado Federal,<\/strong><\/span> para mandato de dois anos, permitida a recondu\u00e7\u00e3o.<\/em><\/span><\/p>\n<\/blockquote>\n<p style=\"text-align: justify\"><span style=\"font-family: arial, helvetica, sans-serif;font-size: 14pt\"><strong><u>GABARITO<\/u><\/strong><strong>: \u00a0Correta<\/strong><\/span><\/p>\n<p style=\"text-align: justify\"><span style=\"font-family: arial, helvetica, sans-serif;font-size: 14pt\"><strong>\u00a0<\/strong><\/span><\/p>\n<p style=\"text-align: justify\"><span style=\"font-family: arial, helvetica, sans-serif;color: #0000ff;font-size: 14pt\"><strong>Quest\u00e3o 43 <\/strong>O procurador-geral do Distrito Federal e Territ\u00f3rios dever\u00e1 ser nomeado pelo chefe do Poder Executivo, e seu mandato ser\u00e1 de dois anos, sendo permitida somente uma recondu\u00e7\u00e3o.<\/span><\/p>\n<p style=\"text-align: justify\"><span style=\"font-family: arial, helvetica, sans-serif;font-size: 14pt\"><strong><u>Coment\u00e1rios<\/u><\/strong><\/span><\/p>\n<p style=\"text-align: justify\"><span style=\"font-family: arial, helvetica, sans-serif;font-size: 14pt\">Tamb\u00e9m falamos ontem<\/span><\/p>\n<p style=\"text-align: justify\"><span style=\"font-family: arial, helvetica, sans-serif;font-size: 14pt\"><img loading=\"lazy\" decoding=\"async\" class=\"aligncenter wp-image-147892\" src=\"https:\/\/dhg1h5j42swfq.cloudfront.net\/2018\/10\/21173656\/Captura-de-Tela-2018-10-21-%C3%A0s-17.36.37.png\" alt=\"\" width=\"473\" height=\"205\" srcset=\"https:\/\/dhg1h5j42swfq.cloudfront.net\/2018\/10\/21173656\/Captura-de-Tela-2018-10-21-%C3%A0s-17.36.37.png 1470w, https:\/\/dhg1h5j42swfq.cloudfront.net\/2018\/10\/21173656\/Captura-de-Tela-2018-10-21-%C3%A0s-17.36.37.png 300w, https:\/\/dhg1h5j42swfq.cloudfront.net\/2018\/10\/21173656\/Captura-de-Tela-2018-10-21-%C3%A0s-17.36.37.png 768w, https:\/\/dhg1h5j42swfq.cloudfront.net\/2018\/10\/21173656\/Captura-de-Tela-2018-10-21-%C3%A0s-17.36.37.png 1024w, https:\/\/dhg1h5j42swfq.cloudfront.net\/2018\/10\/21173656\/Captura-de-Tela-2018-10-21-%C3%A0s-17.36.37.png 610w\" sizes=\"auto, (max-width: 473px) 100vw, 473px\" \/><\/span><\/p>\n<p><span style=\"font-family: arial, helvetica, sans-serif;font-size: 14pt\"><img loading=\"lazy\" decoding=\"async\" class=\"aligncenter wp-image-147901\" src=\"https:\/\/dhg1h5j42swfq.cloudfront.net\/2018\/10\/21173903\/Captura-de-Tela-2018-10-21-%C3%A0s-17.38.18.png\" alt=\"\" width=\"483\" height=\"280\" srcset=\"https:\/\/dhg1h5j42swfq.cloudfront.net\/2018\/10\/21173903\/Captura-de-Tela-2018-10-21-%C3%A0s-17.38.18.png 1426w, https:\/\/dhg1h5j42swfq.cloudfront.net\/2018\/10\/21173903\/Captura-de-Tela-2018-10-21-%C3%A0s-17.38.18.png 300w, https:\/\/dhg1h5j42swfq.cloudfront.net\/2018\/10\/21173903\/Captura-de-Tela-2018-10-21-%C3%A0s-17.38.18.png 768w, https:\/\/dhg1h5j42swfq.cloudfront.net\/2018\/10\/21173903\/Captura-de-Tela-2018-10-21-%C3%A0s-17.38.18.png 1024w, https:\/\/dhg1h5j42swfq.cloudfront.net\/2018\/10\/21173903\/Captura-de-Tela-2018-10-21-%C3%A0s-17.38.18.png 610w\" sizes=\"auto, (max-width: 483px) 100vw, 483px\" \/><\/span><\/p>\n<p style=\"text-align: justify\"><span style=\"font-family: arial, helvetica, sans-serif;font-size: 14pt\"><strong><u>GABARITO<\/u><\/strong><strong>: Correta<\/strong><\/span><\/p>\n<p style=\"text-align: justify\"><span style=\"font-family: arial, helvetica, sans-serif;font-size: 14pt\"><strong>\u00a0<\/strong><\/span><\/p>\n<p style=\"text-align: justify\"><span style=\"font-family: arial, helvetica, sans-serif;font-size: 14pt\"><strong>\u00a0<\/strong><\/span><\/p>\n<p style=\"text-align: justify\"><span style=\"font-family: arial, helvetica, sans-serif;font-size: 14pt\"><strong>\u00a0<\/strong><\/span><\/p>\n<p style=\"text-align: justify\"><span style=\"font-family: arial, helvetica, sans-serif;font-size: 14pt\"><strong>No que se refere \u00e0 composi\u00e7\u00e3o e \u00e0s atribui\u00e7\u00f5es constitucionais do Conselho Nacional do Minist\u00e9rio P\u00fablico (CNMP), julgue os itens que se seguem.<\/strong><\/span><\/p>\n<p style=\"text-align: justify\"><span style=\"font-family: arial, helvetica, sans-serif;font-size: 14pt\"><strong>\u00a0<\/strong><\/span><\/p>\n<p style=\"text-align: justify\"><span style=\"font-family: arial, helvetica, sans-serif;color: #0000ff;font-size: 14pt\"><strong>Quest\u00e3o 44 <\/strong>Dos membros que comp\u00f5em o CNMP, o procurador-geral da Rep\u00fablica \u00e9 o \u00fanico que prescinde de nomea\u00e7\u00e3o espec\u00edfica para exercer atividades nesse \u00f3rg\u00e3o.<\/span><\/p>\n<p style=\"text-align: justify\"><span style=\"font-family: arial, helvetica, sans-serif;font-size: 14pt\"><strong><u>Coment\u00e1rios<\/u><\/strong><\/span><\/p>\n<p style=\"text-align: justify\"><span style=\"font-family: arial, helvetica, sans-serif;font-size: 14pt\">O PGR \u00e9 membro nato.<\/span><\/p>\n<p><span style=\"font-family: arial, helvetica, sans-serif;font-size: 14pt\"><img loading=\"lazy\" decoding=\"async\" class=\"aligncenter  wp-image-148099\" src=\"https:\/\/dhg1h5j42swfq.cloudfront.net\/2018\/10\/21215859\/Captura-de-Tela-2018-10-21-%C3%A0s-21.58.23.png\" alt=\"\" width=\"420\" height=\"227\" srcset=\"https:\/\/dhg1h5j42swfq.cloudfront.net\/2018\/10\/21215859\/Captura-de-Tela-2018-10-21-%C3%A0s-21.58.23.png 934w, https:\/\/dhg1h5j42swfq.cloudfront.net\/2018\/10\/21215859\/Captura-de-Tela-2018-10-21-%C3%A0s-21.58.23.png 300w, https:\/\/dhg1h5j42swfq.cloudfront.net\/2018\/10\/21215859\/Captura-de-Tela-2018-10-21-%C3%A0s-21.58.23.png 768w, https:\/\/dhg1h5j42swfq.cloudfront.net\/2018\/10\/21215859\/Captura-de-Tela-2018-10-21-%C3%A0s-21.58.23.png 610w\" sizes=\"auto, (max-width: 420px) 100vw, 420px\" \/><\/span><\/p>\n<p style=\"text-align: justify\"><span style=\"font-family: arial, helvetica, sans-serif;font-size: 14pt\"><strong><u>GABARITO<\/u><\/strong><strong>: \u00a0Correta<\/strong><\/span><\/p>\n<p style=\"text-align: justify\"><span style=\"font-family: arial, helvetica, sans-serif;font-size: 14pt\"><strong>\u00a0<\/strong><\/span><\/p>\n<p style=\"text-align: justify\"><span style=\"font-family: arial, helvetica, sans-serif;font-size: 14pt\"><strong>\u00a0<\/strong><\/span><\/p>\n<p style=\"text-align: justify\"><span style=\"font-family: arial, helvetica, sans-serif;color: #0000ff;font-size: 14pt\"><strong>Quest\u00e3o 45 <\/strong>O CNMP pode atuar de of\u00edcio para apreciar a legalidade dos atos administrativos e jurisdicionais praticados por membros do Minist\u00e9rio P\u00fablico da Uni\u00e3o e dos Estados.<\/span><\/p>\n<p style=\"text-align: justify\"><span style=\"font-family: arial, helvetica, sans-serif;font-size: 14pt\"><strong><u>Coment\u00e1rios<\/u><\/strong><\/span><\/p>\n<p style=\"text-align: justify\"><span style=\"font-family: arial, helvetica, sans-serif;font-size: 14pt\">CNMP n\u00e3o aprecia a legalidade dos atos funcionais (atos jurisdicionais) mas t\u00e3o somente dos atos administrativos e financeiros.<\/span><\/p>\n<blockquote>\n<p style=\"text-align: justify\"><span style=\"font-family: arial, helvetica, sans-serif;font-size: 14pt\"><em>Art. 130-A.<\/em><\/span><\/p>\n<p style=\"text-align: justify\"><span style=\"font-family: arial, helvetica, sans-serif;font-size: 14pt\"><em>\u00a7 2\u00ba Compete ao Conselho Nacional do Minist\u00e9rio P\u00fablico o controle da atua\u00e7\u00e3o administrativa e financeira do Minist\u00e9rio P\u00fablico e do cumprimento dos deveres funcionais de seus membros, cabendo lhe:<\/em><\/span><\/p>\n<p style=\"text-align: justify\"><span style=\"font-family: arial, helvetica, sans-serif;font-size: 14pt\"><em>II zelar pela observ\u00e2ncia do art. 37 e apreciar, de of\u00edcio ou mediante provoca\u00e7\u00e3o, a legalidade dos atos administrativos praticados por membros ou \u00f3rg\u00e3os do Minist\u00e9rio P\u00fablico da Uni\u00e3o e dos Estados, podendo desconstitu\u00ed-los, rev\u00ea-los ou fixar prazo para que se adotem as provid\u00eancias necess\u00e1rias ao exato cumprimento da lei, sem preju\u00edzo da compet\u00eancia dos Tribunais de Contas;<\/em><\/span><\/p>\n<\/blockquote>\n<p style=\"text-align: justify\"><span style=\"font-family: arial, helvetica, sans-serif;font-size: 14pt\"><strong><u>GABARITO<\/u><\/strong><strong>: Errada<\/strong><\/span><\/p>\n<p><img loading=\"lazy\" decoding=\"async\" class=\"aligncenter wp-image-148048\" src=\"https:\/\/dhg1h5j42swfq.cloudfront.net\/2018\/10\/21203721\/Captura-de-Tela-2018-10-21-%C3%A0s-19.16.52.png\" alt=\"\" width=\"377\" height=\"103\" srcset=\"https:\/\/dhg1h5j42swfq.cloudfront.net\/2018\/10\/21203721\/Captura-de-Tela-2018-10-21-%C3%A0s-19.16.52.png 1258w, https:\/\/dhg1h5j42swfq.cloudfront.net\/2018\/10\/21203721\/Captura-de-Tela-2018-10-21-%C3%A0s-19.16.52.png 300w, https:\/\/dhg1h5j42swfq.cloudfront.net\/2018\/10\/21203721\/Captura-de-Tela-2018-10-21-%C3%A0s-19.16.52.png 768w, https:\/\/dhg1h5j42swfq.cloudfront.net\/2018\/10\/21203721\/Captura-de-Tela-2018-10-21-%C3%A0s-19.16.52.png 1024w, https:\/\/dhg1h5j42swfq.cloudfront.net\/2018\/10\/21203721\/Captura-de-Tela-2018-10-21-%C3%A0s-19.16.52.png 610w\" sizes=\"auto, (max-width: 377px) 100vw, 377px\" \/><\/p>\n<hr \/>\n<h2><span style=\"color: #ff0000;font-family: 'arial black', sans-serif\">PROVA T\u00c9CNICO<\/span><\/h2>\n<p style=\"text-align: justify\"><span style=\"font-family: arial, helvetica, sans-serif\"><strong>Julgue os itens subsecutivos \u00e0 luz da Lei Complementar n.\u00ba 75\/1993, que disp\u00f5e sobre a organiza\u00e7\u00e3o, as atribui\u00e7\u00f5es e o estatuto do Minist\u00e9rio P\u00fablico da Uni\u00e3o (MPU).<\/strong><\/span><\/p>\n<p style=\"text-align: justify\"><span style=\"font-family: arial, helvetica, sans-serif\"><strong>\u00a0<\/strong><\/span><\/p>\n<p style=\"text-align: justify\"><span style=\"font-family: arial, helvetica, sans-serif;color: #0000ff\"><strong>QUEST\u00c3O 32 &#8211; <\/strong>O controle da atividade policial exercido pelo MPU visa tanto prevenir quanto corrigir ilegalidades e abuso de poder.<\/span><\/p>\n<p>Literalidade da LC 75\/93:<\/p>\n<blockquote>\n<p style=\"text-align: justify\"><span style=\"font-family: arial, helvetica, sans-serif\"><em>Art. 3\u00ba O Minist\u00e9rio P\u00fablico da Uni\u00e3o exercer\u00e1 o controle externo da atividade policial tendo em vista:<\/em><\/span><\/p>\n<p style=\"text-align: justify\"><em style=\"font-family: arial, helvetica, sans-serif\">c) a preven\u00e7\u00e3o e a corre\u00e7\u00e3o de ilegalidade ou de abuso de poder;<\/em><\/p>\n<\/blockquote>\n<p style=\"text-align: justify\"><span style=\"font-family: arial, helvetica, sans-serif\"><strong><u>GABARITO<\/u>: Correto<\/strong><\/span><\/p>\n<p style=\"text-align: justify\"><span style=\"font-family: arial, helvetica, sans-serif\"><strong>\u00a0<\/strong><\/span><\/p>\n<p style=\"text-align: justify\"><span style=\"font-family: arial, helvetica, sans-serif;color: #0000ff\"><strong>QUEST\u00c3O 33 &#8211; <\/strong>O diretor-geral da Secretaria do MPU \u00e9 nomeado pelo procurador-geral da Rep\u00fablica para um mandato de dois anos, sendo permitida uma \u00fanica recondu\u00e7\u00e3o.<\/span><\/p>\n<p style=\"text-align: justify\"><span style=\"font-family: arial, helvetica, sans-serif\"><strong>N\u00f3s falamos dos \u201cpersonagens que tem mandato\u201d. O Diretor-Geral \u00e9 de livre nomea\u00e7\u00e3o e exonera\u00e7\u00e3o.<\/strong><\/span><\/p>\n<blockquote>\n<p style=\"text-align: justify\"><span style=\"font-family: arial, helvetica, sans-serif\"><em>Art. 35. A Secretaria do Minist\u00e9rio P\u00fablico da Uni\u00e3o \u00e9 dirigida pelo seu Diretor-Geral de livre escolha do Procurador-Geral da Rep\u00fablica e demiss\u00edvel ad nutum, incumbindo-lhe os servi\u00e7os auxiliares de apoio t\u00e9cnico e administrativo \u00e0 Institui\u00e7\u00e3o.<\/em><\/span><\/p>\n<\/blockquote>\n<p style=\"text-align: justify\"><span style=\"font-family: arial, helvetica, sans-serif\"><strong><u>GABARITO<\/u>: Errada<\/strong><\/span><\/p>\n<p style=\"text-align: justify\"><span style=\"font-family: arial, helvetica, sans-serif\"><strong>\u00a0<\/strong><\/span><\/p>\n<p style=\"text-align: justify\"><span style=\"font-family: arial, helvetica, sans-serif;color: #0000ff\"><strong>QUEST\u00c3O 34 &#8211; <\/strong>A san\u00e7\u00e3o disciplinar de advert\u00eancia para membro do MPU que tenha cometido ato \u00edmprobo no exerc\u00edcio de suas fun\u00e7\u00f5es dever\u00e1 ser aplicada oralmente, em ambiente reservado.<\/span><\/p>\n<p style=\"text-align: justify\"><span style=\"font-family: arial, helvetica, sans-serif\">Todas as san\u00e7\u00f5es s\u00e3o por escrito.<\/span><\/p>\n<blockquote>\n<p style=\"text-align: justify\"><em><span style=\"font-family: arial, helvetica, sans-serif\">Art. 240. As san\u00e7\u00f5es previstas no artigo anterior ser\u00e3o aplicadas:<\/span><\/em><\/p>\n<p style=\"text-align: justify\"><em><span style=\"font-family: arial, helvetica, sans-serif\">I &#8211; a de advert\u00eancia, reservadamente e por escrito, em caso de neglig\u00eancia no exerc\u00edcio das fun\u00e7\u00f5es;<\/span><\/em><\/p>\n<\/blockquote>\n<p style=\"text-align: justify\"><span style=\"font-family: arial, helvetica, sans-serif\"><strong><u>GABARITO<\/u>: Errada<\/strong><\/span><\/p>\n<p style=\"text-align: justify\"><span style=\"font-family: arial, helvetica, sans-serif\"><strong>\u00a0<\/strong><\/span><\/p>\n<p style=\"text-align: justify\"><span style=\"font-family: arial, helvetica, sans-serif\"><strong>\u00a0<\/strong><\/span><\/p>\n<p style=\"text-align: justify\"><span style=\"font-family: arial, helvetica, sans-serif;color: #0000ff\"><strong>QUEST\u00c3O 35 &#8211; <\/strong>Autoriza\u00e7\u00e3o para que membro do MPU se afaste das suas fun\u00e7\u00f5es para comparecer a congresso no exterior \u00e9 emitida pelo procurador-geral da Rep\u00fablica, sendo dispensada, nesse caso, manifesta\u00e7\u00e3o do Conselho Superior do \u00f3rg\u00e3o.<\/span><\/p>\n<p style=\"text-align: justify\"><span style=\"font-family: arial, helvetica, sans-serif\">O conselho superior dever\u00e1 se manifestar.<\/span><\/p>\n<blockquote>\n<p style=\"text-align: justify\"><span style=\"font-size: 10pt\"><em><span style=\"font-family: arial, helvetica, sans-serif\">Art. 204. O membro do Minist\u00e9rio P\u00fablico da Uni\u00e3o poder\u00e1 afastar-se do exerc\u00edcio de suas fun\u00e7\u00f5es para:<\/span><\/em><\/span><\/p>\n<p style=\"text-align: justify\"><span style=\"font-size: 10pt\"><em><span style=\"font-family: arial, helvetica, sans-serif\">II &#8211; comparecer a semin\u00e1rios ou congressos, no Pa\u00eds ou no exterior;<\/span><\/em><\/span><\/p>\n<p style=\"text-align: justify\"><span style=\"font-size: 10pt\"><em><span style=\"font-family: arial, helvetica, sans-serif\">\u00a7 1\u00ba O afastamento, salvo na hip\u00f3tese do inciso IV, s\u00f3 se dar\u00e1 mediante autoriza\u00e7\u00e3o do Procurador-Geral, depois de ouvido o Conselho Superior e atendida a necessidade de servi\u00e7o.<\/span><\/em><\/span><\/p>\n<p style=\"text-align: justify\"><span style=\"font-family: arial, helvetica, sans-serif\"><strong><u>GABARITO<\/u>: Errada<\/strong><\/span><\/p>\n<\/blockquote>\n<p style=\"text-align: justify\"><span style=\"font-family: arial, helvetica, sans-serif\"><strong>Acerca do Minist\u00e9rio P\u00fablico, de seus princ\u00edpios institucionais e de sua autonomia, julgue os itens seguintes.<\/strong><\/span><\/p>\n<p style=\"text-align: justify\"><span style=\"font-family: arial, helvetica, sans-serif\"><strong>\u00a0<\/strong><\/span><\/p>\n<p style=\"text-align: justify\"><span style=\"font-family: arial, helvetica, sans-serif;color: #0000ff\"><strong>QUEST\u00c3O 36<\/strong>&#8211; O princ\u00edpio da independ\u00eancia funcional refere-se \u00e0 autonomia de convic\u00e7\u00e3o: os membros do Minist\u00e9rio P\u00fablico n\u00e3o se submetem a nenhum poder hier\u00e1rquico no exerc\u00edcio de suas fun\u00e7\u00f5es institucionais.<\/span><\/p>\n<p style=\"text-align: justify\"><span style=\"font-family: arial, helvetica, sans-serif\">Os membros (ou \u00f3rg\u00e3os) do Minist\u00e9rio P\u00fabico s\u00e3o <strong><u>INDEPENDENTES<\/u><\/strong>no exerc\u00edcio de suas fun\u00e7\u00f5es;<\/span><\/p>\n<ul>\n<li style=\"text-align: justify\"><span style=\"font-family: arial, helvetica, sans-serif\">Os membros<strong><u>N\u00c3O<\/u><\/strong><strong>se submetem a nenhuma hierarquia de ordem ideol\u00f3gico-jur\u00eddica.<\/strong><\/span><\/li>\n<li style=\"text-align: justify\"><span style=\"font-family: arial, helvetica, sans-serif\">O membro do MP tem <strong>liberdade total para atuar <\/strong>conforme suas ideias jur\u00eddicas.<\/span><\/li>\n<li style=\"text-align: justify\"><span style=\"font-family: arial, helvetica, sans-serif\">O PGR n\u00e3o tem poder sobre os demais membros (funcional);<\/span><\/li>\n<li style=\"text-align: justify\"><span style=\"font-family: arial, helvetica, sans-serif\">Assegura ao membro liberdade de bem escolher a tese a ser sustentada no feito sob a sua responsabilidade.<\/span><\/li>\n<li style=\"text-align: justify\"><span style=\"font-family: arial, helvetica, sans-serif\">A independ\u00eancia <strong>funcional diz respeito apenas \u00e0 atividade jur\u00eddica;<\/strong><\/span><\/li>\n<\/ul>\n<p><img loading=\"lazy\" decoding=\"async\" class=\"aligncenter wp-image-148050\" src=\"https:\/\/dhg1h5j42swfq.cloudfront.net\/2018\/10\/21204443\/Captura-de-Tela-2018-10-21-%C3%A0s-20.44.13.png\" alt=\"\" width=\"381\" height=\"108\" srcset=\"https:\/\/dhg1h5j42swfq.cloudfront.net\/2018\/10\/21204443\/Captura-de-Tela-2018-10-21-%C3%A0s-20.44.13.png 870w, https:\/\/dhg1h5j42swfq.cloudfront.net\/2018\/10\/21204443\/Captura-de-Tela-2018-10-21-%C3%A0s-20.44.13.png 300w, https:\/\/dhg1h5j42swfq.cloudfront.net\/2018\/10\/21204443\/Captura-de-Tela-2018-10-21-%C3%A0s-20.44.13.png 768w, https:\/\/dhg1h5j42swfq.cloudfront.net\/2018\/10\/21204443\/Captura-de-Tela-2018-10-21-%C3%A0s-20.44.13.png 610w\" sizes=\"auto, (max-width: 381px) 100vw, 381px\" \/><\/p>\n<p style=\"text-align: justify\"><span style=\"font-family: arial, helvetica, sans-serif\"><strong><u>GABARITO<\/u>: Correta<\/strong><\/span><\/p>\n<p style=\"text-align: justify\"><span style=\"font-family: arial, helvetica, sans-serif;color: #0000ff\"><strong>QUEST\u00c3O 37<\/strong>&#8211; Ao propor ao Poder Legislativo a cria\u00e7\u00e3o ou extin\u00e7\u00e3o de cargos e servi\u00e7os auxiliares, o Minist\u00e9rio P\u00fablico exerce a sua autonomia financeira.<\/span><\/p>\n<p style=\"text-align: justify\"><span style=\"font-family: arial, helvetica, sans-serif\">A proposta de cria\u00e7\u00e3o e extin\u00e7\u00e3o de cargos \u00e9 manifesta\u00e7\u00e3o da autonomia ADMINISTRATIVA<\/span><\/p>\n<blockquote>\n<p style=\"text-align: justify\"><em><span style=\"font-family: arial, helvetica, sans-serif;font-size: 10pt\">Art. 127. \u00a7 2\u00ba Ao Minist\u00e9rio P\u00fablico \u00e9 assegurada autonomia funcional e administrativa, podendo, observado o disposto no art. 169, propor ao Poder Legislativo a cria\u00e7\u00e3o e extin\u00e7\u00e3o de seus cargos e servi\u00e7os auxiliares, provendo-os por concurso p\u00fablico de provas ou de provas e t\u00edtulos, a pol\u00edtica remunerat\u00f3ria e os planos de carreira; a lei dispor\u00e1 sobre sua organiza\u00e7\u00e3o e funcionamento.<\/span><\/em><\/p>\n<\/blockquote>\n<p style=\"text-align: justify\"><span style=\"font-family: arial, helvetica, sans-serif\"><strong><u>GABARITO<\/u>: Errada<\/strong><\/span><\/p>\n<p style=\"text-align: justify\"><span style=\"font-family: arial, helvetica, sans-serif;color: #0000ff\"><strong>QUEST\u00c3O 38<\/strong>&#8211; A autonomia financeira do Minist\u00e9rio P\u00fablico garante que o \u00f3rg\u00e3o elabora a sua proposta or\u00e7ament\u00e1ria, dentro dos limites da lei de diretrizes or\u00e7ament\u00e1rias, e a encaminhe ao Poder Legislativo para fins de consolida\u00e7\u00e3o.<\/span><\/p>\n<p style=\"text-align: justify\"><span style=\"font-family: arial, helvetica, sans-serif\">A proposta \u00e9 encaminhada ao Executivo e n\u00e3o a o legislativo.<\/span><\/p>\n<p><img loading=\"lazy\" decoding=\"async\" class=\"aligncenter wp-image-147882\" src=\"https:\/\/dhg1h5j42swfq.cloudfront.net\/2018\/10\/21173041\/Captura-de-Tela-2018-10-21-%C3%A0s-17.29.46.png\" alt=\"\" width=\"464\" height=\"339\" srcset=\"https:\/\/dhg1h5j42swfq.cloudfront.net\/2018\/10\/21173041\/Captura-de-Tela-2018-10-21-%C3%A0s-17.29.46.png 1444w, https:\/\/dhg1h5j42swfq.cloudfront.net\/2018\/10\/21173041\/Captura-de-Tela-2018-10-21-%C3%A0s-17.29.46.png 300w, https:\/\/dhg1h5j42swfq.cloudfront.net\/2018\/10\/21173041\/Captura-de-Tela-2018-10-21-%C3%A0s-17.29.46.png 768w, https:\/\/dhg1h5j42swfq.cloudfront.net\/2018\/10\/21173041\/Captura-de-Tela-2018-10-21-%C3%A0s-17.29.46.png 1024w, https:\/\/dhg1h5j42swfq.cloudfront.net\/2018\/10\/21173041\/Captura-de-Tela-2018-10-21-%C3%A0s-17.29.46.png 610w\" sizes=\"auto, (max-width: 464px) 100vw, 464px\" \/><\/p>\n<p style=\"text-align: justify\"><span style=\"font-family: arial, helvetica, sans-serif\"><strong><u>GABARITO<\/u>: Errada<\/strong><\/span><\/p>\n<p style=\"text-align: justify\"><span style=\"font-family: arial, helvetica, sans-serif;color: #0000ff\"><strong>QUEST\u00c3O 39<\/strong>&#8211; O Minist\u00e9rio P\u00fablico que atua no Tribunal de Contas da Uni\u00e3o integra o MPU, e seu chefe \u00e9 o procurador-geral da Rep\u00fablica.<\/span><\/p>\n<p>O MP junto aos Tribunais de Contas n\u00e3o pertence ao Minist\u00e9rio P\u00fablico.<\/p>\n<p>O MP junto aos Tribunais de Contas n\u00e3o pertence ao Minist\u00e9rio P\u00fablico.<\/p>\n<p>O MP junto aos Tribunais de Contas n\u00e3o pertence ao Minist\u00e9rio P\u00fablico (rsrs)<\/p>\n<p><img loading=\"lazy\" decoding=\"async\" class=\"aligncenter wp-image-147885\" src=\"https:\/\/dhg1h5j42swfq.cloudfront.net\/2018\/10\/21173126\/Captura-de-Tela-2018-10-21-%C3%A0s-17.31.10.png\" alt=\"\" width=\"418\" height=\"156\" srcset=\"https:\/\/dhg1h5j42swfq.cloudfront.net\/2018\/10\/21173126\/Captura-de-Tela-2018-10-21-%C3%A0s-17.31.10.png 1188w, https:\/\/dhg1h5j42swfq.cloudfront.net\/2018\/10\/21173126\/Captura-de-Tela-2018-10-21-%C3%A0s-17.31.10.png 300w, https:\/\/dhg1h5j42swfq.cloudfront.net\/2018\/10\/21173126\/Captura-de-Tela-2018-10-21-%C3%A0s-17.31.10.png 768w, https:\/\/dhg1h5j42swfq.cloudfront.net\/2018\/10\/21173126\/Captura-de-Tela-2018-10-21-%C3%A0s-17.31.10.png 1024w, https:\/\/dhg1h5j42swfq.cloudfront.net\/2018\/10\/21173126\/Captura-de-Tela-2018-10-21-%C3%A0s-17.31.10.png 610w\" sizes=\"auto, (max-width: 418px) 100vw, 418px\" \/><\/p>\n<p style=\"text-align: justify\"><span style=\"font-family: arial, helvetica, sans-serif\"><strong><u>GABARITO<\/u>: Errada<\/strong><\/span><\/p>\n<p style=\"text-align: justify\"><span style=\"font-family: arial, helvetica, sans-serif;color: #0000ff\"><strong>QUEST\u00c3O 40<\/strong>&#8211; Institui\u00e7\u00e3o permanente e essencial \u00e0 justi\u00e7a, o Minist\u00e9rio P\u00fablico tem como incumb\u00eancia a defesa do regime democr\u00e1tico.<\/span><\/p>\n<p style=\"text-align: justify\"><span style=\"font-family: arial, helvetica, sans-serif\">Art. 127. O Minist\u00e9rio P\u00fablico \u00e9 institui\u00e7\u00e3o permanente, essencial \u00e0 fun\u00e7\u00e3o jurisdicional do Estado, incumbindo-lhe a defesa da ordem jur\u00eddica, do regime democr\u00e1tico e dos interesses sociais e individuais indispon\u00edveis.<\/span><\/p>\n<p style=\"text-align: justify\"><span style=\"font-family: arial, helvetica, sans-serif\"><strong><u>GABARITO<\/u>: Correta<\/strong><\/span><\/p>\n<p style=\"text-align: justify\"><span style=\"font-family: arial, helvetica, sans-serif\"><strong>No que se refere aos cargos de procurador-geral e procurador-geral da rep\u00fablica e aos membros do Minist\u00e9rio P\u00fablico, julgue os itens que se seguem.<\/strong><\/span><\/p>\n<p style=\"text-align: justify\"><span style=\"font-family: arial, helvetica, sans-serif;color: #0000ff\"><strong>Quest\u00e3o 41<\/strong>&#8211; Somente integrantes de carreira do MPU podem ser nomeados para o cargo de procurador-geral da Rep\u00fablica e, assim como a nomea\u00e7\u00e3o, a destitui\u00e7\u00e3o do cargo de procurador-geral da Rep\u00fablica depende de autoriza\u00e7\u00e3o do Senado Federal.<\/span><\/p>\n<p style=\"text-align: justify\"><span style=\"font-family: arial, helvetica, sans-serif\">Isso! Paralelismo das formas. O PGR \u00e9 nomeado e destitu\u00eddo mediante aprova\u00e7\u00e3o do Senado.<\/span><\/p>\n<p style=\"text-align: justify\"><img loading=\"lazy\" decoding=\"async\" class=\"aligncenter wp-image-148051\" src=\"https:\/\/dhg1h5j42swfq.cloudfront.net\/2018\/10\/21204621\/Captura-de-Tela-2018-10-21-%C3%A0s-20.46.05.png\" alt=\"\" width=\"409\" height=\"236\" srcset=\"https:\/\/dhg1h5j42swfq.cloudfront.net\/2018\/10\/21204621\/Captura-de-Tela-2018-10-21-%C3%A0s-20.46.05.png 784w, https:\/\/dhg1h5j42swfq.cloudfront.net\/2018\/10\/21204621\/Captura-de-Tela-2018-10-21-%C3%A0s-20.46.05.png 300w, https:\/\/dhg1h5j42swfq.cloudfront.net\/2018\/10\/21204621\/Captura-de-Tela-2018-10-21-%C3%A0s-20.46.05.png 768w, https:\/\/dhg1h5j42swfq.cloudfront.net\/2018\/10\/21204621\/Captura-de-Tela-2018-10-21-%C3%A0s-20.46.05.png 610w\" sizes=\"auto, (max-width: 409px) 100vw, 409px\" \/><\/p>\n<p style=\"text-align: justify\"><span style=\"font-family: arial, helvetica, sans-serif\"><strong><u>GABARITO<\/u>: Correta<\/strong><\/span><\/p>\n<p style=\"text-align: justify\"><span style=\"font-family: arial, helvetica, sans-serif;color: #0000ff\"><strong>Quest\u00e3o 42<\/strong>&#8211; O governador de estado nomeia o procurador-geral do Minist\u00e9rio P\u00fablico do estado com base em lista tr\u00edplice composta por integrantes de carreira, sem necessidade de ato de autoriza\u00e7\u00e3o da respectiva assembleia legislativa.<\/span><\/p>\n<p>A cf n\u00e3o faz previs\u00e3o de necessidade de aprova\u00e7\u00e3o pela assembleia estadual.<\/p>\n<blockquote>\n<p style=\"text-align: justify\"><span style=\"font-size: 10pt\"><em><span style=\"font-family: arial, helvetica, sans-serif\">Art. 128 CF.<\/span><\/em><\/span><\/p>\n<p style=\"text-align: justify\"><span style=\"font-size: 10pt\"><em><span style=\"font-family: arial, helvetica, sans-serif\">3\u00ba Os Minist\u00e9rios P\u00fablicos dos Estados e o do Distrito Federal e Territ\u00f3rios formar\u00e3o lista tr\u00edplice dentre integrantes da carreira, na forma da lei respectiva, para escolha de seu Procurador-Geral, que ser\u00e1 nomeado pelo Chefe do Poder Executivo, para mandato de dois anos, permitida uma recondu\u00e7\u00e3o.<\/span><\/em><\/span><\/p>\n<p style=\"text-align: justify\"><span style=\"font-size: 10pt\"><em><span style=\"font-family: arial, helvetica, sans-serif\">\u00a7 4\u00ba Os Procuradores-Gerais nos Estados e no Distrito Federal e Territ\u00f3rios poder\u00e3o ser destitu\u00eddos por delibera\u00e7\u00e3o da maioria absoluta do Poder Legislativo, na forma da lei complementar respectiva.<\/span><\/em><\/span><\/p>\n<\/blockquote>\n<p style=\"text-align: justify\"><span style=\"font-family: arial, helvetica, sans-serif\"><strong><u>GABARITO<\/u>: Correta<\/strong><\/span><\/p>\n<p>&nbsp;<\/p>\n<p style=\"text-align: justify\"><span style=\"font-family: arial, helvetica, sans-serif;color: #0000ff\"><strong>Quest\u00e3o 43<\/strong>&#8211; \u00c9 vedada aos membros do Minist\u00e9rio P\u00fablico o exerc\u00edcio da advocacia, ainda que em causa pr\u00f3pria.<\/span><\/p>\n<p>Aos membros \u00e9 vedado o exerc\u00edcio da advocacia.<\/p>\n<blockquote>\n<p style=\"text-align: justify\"><span style=\"font-size: 10pt\"><em><span style=\"font-family: arial, helvetica, sans-serif\">Art. 128 \u00a7 5\u00ba Leis complementares da Uni\u00e3o e dos Estados, cuja iniciativa \u00e9 facultada aos respectivos Procuradores-Gerais, estabelecer\u00e3o a organiza\u00e7\u00e3o, as atribui\u00e7\u00f5es e o estatuto de cada Minist\u00e9rio P\u00fablico, observadas, relativamente a seus membros:<\/span><\/em><\/span><\/p>\n<p style=\"text-align: justify\"><span style=\"font-size: 10pt\"><em><span style=\"font-family: arial, helvetica, sans-serif\">II &#8211; as seguintes veda\u00e7\u00f5es:<\/span><\/em><\/span><\/p>\n<p style=\"text-align: justify\"><span style=\"font-size: 10pt\"><em><span style=\"font-family: arial, helvetica, sans-serif\">b) exercer a advocacia;<\/span><\/em><\/span><\/p>\n<\/blockquote>\n<p style=\"text-align: justify\"><span style=\"font-family: arial, helvetica, sans-serif\"><strong><u>GABARITO<\/u>: Correta<\/strong><\/span><\/p>\n<p style=\"text-align: justify\"><span style=\"font-family: arial, helvetica, sans-serif\">A respeito da composi\u00e7\u00e3o e das atribui\u00e7\u00f5es constitucionais do Conselho Nacional do Minist\u00e9rio P\u00fablico (CNMP), julgue os itens a seguir:<\/span><\/p>\n<p style=\"text-align: justify\"><span style=\"font-family: arial, helvetica, sans-serif;color: #0000ff\"><strong>Quest\u00e3o 44 &#8211;<\/strong>O CNMP pode avocar processos disciplinares em curso contra membros do MPU e aplicar-lhes san\u00e7\u00f5es administrativas, desde que a ampla defesa seja assegurada no procedimentos.<\/span><\/p>\n<p>Previs\u00e3o literal da CF<\/p>\n<blockquote>\n<p style=\"text-align: justify\"><span style=\"font-size: 10pt\"><em><span style=\"font-family: arial, helvetica, sans-serif\">Art. 130-A\u00a7 2\u00ba Compete ao Conselho Nacional do Minist\u00e9rio P\u00fablico o controle da atua\u00e7\u00e3o administrativa e financeira do Minist\u00e9rio P\u00fablico e do cumprimento dos deveres funcionais de seus membros, cabendo lhe:<\/span><\/em><\/span><\/p>\n<p style=\"text-align: justify\"><span style=\"font-size: 10pt\"><em><span style=\"font-family: arial, helvetica, sans-serif\">III receber e conhecer das reclama\u00e7\u00f5es contra membros ou \u00f3rg\u00e3os do Minist\u00e9rio P\u00fablico da Uni\u00e3o ou dos Estados, inclusive contra seus servi\u00e7os auxiliares, sem preju\u00edzo da compet\u00eancia disciplinar e correicional da institui\u00e7\u00e3o, podendo avocar processos disciplinares em curso, determinar a remo\u00e7\u00e3o, a disponibilidade ou a aposentadoria com subs\u00eddios ou proventos proporcionais ao tempo de servi\u00e7o e aplicar outras san\u00e7\u00f5es administrativas, assegurada ampla defesa;<\/span><\/em><\/span><\/p>\n<\/blockquote>\n<p style=\"text-align: justify\"><span style=\"font-family: arial, helvetica, sans-serif\"><strong><u>GABARITO<\/u>: Correta<\/strong><\/span><\/p>\n<p style=\"text-align: justify\"><span style=\"font-family: arial, helvetica, sans-serif;color: #0000ff\"><strong>Quest\u00e3o 45 &#8211;<\/strong>O CNMP \u00e9 composto de membros dos minist\u00e9rios p\u00fablicos dos estados e do MPU indicados pelo procurador-geral a Rep\u00fablica.<\/span><\/p>\n<p style=\"text-align: justify\"><span style=\"font-family: arial, helvetica, sans-serif\">Os membros oriundos dos MP dos estados s\u00e3o indicados pelos respectivos PGJ.<\/span><\/p>\n<blockquote>\n<p style=\"text-align: justify\"><span style=\"font-size: 10pt\"><em><span style=\"font-family: arial, helvetica, sans-serif\">Art. 130-A. O Conselho Nacional do Minist\u00e9rio P\u00fablico comp\u00f5e-se de quatorze membros nomeados pelo Presidente da Rep\u00fablica, depois de aprovada a escolha pela maioria absoluta do Senado Federal, para um mandato de dois anos, admitida uma recondu\u00e7\u00e3o, sendo:\u00a0\u00a0\u00a0\u00a0<\/span><\/em><\/span><\/p>\n<p style=\"text-align: justify\"><span style=\"font-size: 10pt\"><em><span style=\"font-family: arial, helvetica, sans-serif\">\u00a7 1\u00ba Os membros do Conselho oriundos do Minist\u00e9rio P\u00fablico ser\u00e3o indicados pelos respectivos Minist\u00e9rios P\u00fablicos, na forma da lei.<\/span><\/em><\/span><\/p>\n<\/blockquote>\n<p style=\"text-align: justify\"><span style=\"font-family: arial, helvetica, sans-serif\"><strong><u>GABARITO<\/u>: Errada<\/strong><\/span><\/p>\n<p style=\"text-align: justify\"><img loading=\"lazy\" decoding=\"async\" class=\"aligncenter wp-image-148062\" src=\"https:\/\/dhg1h5j42swfq.cloudfront.net\/2018\/10\/21205330\/Captura-de-Tela-2018-10-21-%C3%A0s-20.44.05.png\" alt=\"\" width=\"398\" height=\"122\" srcset=\"https:\/\/dhg1h5j42swfq.cloudfront.net\/2018\/10\/21205330\/Captura-de-Tela-2018-10-21-%C3%A0s-20.44.05.png 1268w, https:\/\/dhg1h5j42swfq.cloudfront.net\/2018\/10\/21205330\/Captura-de-Tela-2018-10-21-%C3%A0s-20.44.05.png 300w, https:\/\/dhg1h5j42swfq.cloudfront.net\/2018\/10\/21205330\/Captura-de-Tela-2018-10-21-%C3%A0s-20.44.05.png 768w, https:\/\/dhg1h5j42swfq.cloudfront.net\/2018\/10\/21205330\/Captura-de-Tela-2018-10-21-%C3%A0s-20.44.05.png 1024w, https:\/\/dhg1h5j42swfq.cloudfront.net\/2018\/10\/21205330\/Captura-de-Tela-2018-10-21-%C3%A0s-20.44.05.png 610w\" sizes=\"auto, (max-width: 398px) 100vw, 398px\" \/><\/p>\n","protected":false},"excerpt":{"rendered":"<p>Oi, pessoal! PARTICIPEM DO NOSSO RANKING MPU e tenham uma ideia de como voc\u00eas est\u00e3o em rela\u00e7\u00e3o aos concorrentes! Basta preencher no link abaixo: RANKING MPU &nbsp; Abaixo voc\u00ea encontra a resolu\u00e7\u00e3o das quest\u00f5es de LEGISLA\u00c7\u00c3O DO MPU para a prova de ANALISTA e T\u00c9CNICO (em v\u00eddeo e em texto): OBS: qualquer d\u00favida nos procure [&hellip;]<\/p>\n","protected":false},"author":388,"featured_media":0,"comment_status":"open","ping_status":"closed","sticky":false,"template":"","format":"standard","meta":{"post_tipo":"article","footnotes":""},"categories":[1],"tags":[],"tax_estado":[],"class_list":["post-147868","post","type-post","status-publish","format-standard","hentry","category-cursos-e-concursos"],"acf":[],"yoast_head":"<!-- This site is optimized with the Yoast SEO Premium plugin v27.2 (Yoast SEO v27.2) - https:\/\/yoast.com\/product\/yoast-seo-premium-wordpress\/ -->\n<title>MPU: Gabarito extraoficial de Legisla\u00e7\u00e3o do MPU (t\u00e9cnico e analista)<\/title>\n<meta name=\"robots\" content=\"index, follow, max-snippet:-1, max-image-preview:large, max-video-preview:-1\" \/>\n<link rel=\"canonical\" href=\"https:\/\/www.estrategiaconcursos.com.br\/blog\/mpu-gabarito-extraoficial-de-legislacao-do-mpu\/\" \/>\n<meta property=\"og:locale\" content=\"pt_BR\" \/>\n<meta property=\"og:type\" content=\"article\" \/>\n<meta property=\"og:title\" content=\"MPU: Gabarito extraoficial de Legisla\u00e7\u00e3o do MPU (t\u00e9cnico e analista)\" \/>\n<meta property=\"og:description\" content=\"Oi, pessoal! PARTICIPEM DO NOSSO RANKING MPU e tenham uma ideia de como voc\u00eas est\u00e3o em rela\u00e7\u00e3o aos concorrentes! Basta preencher no link abaixo: RANKING MPU &nbsp; Abaixo voc\u00ea encontra a resolu\u00e7\u00e3o das quest\u00f5es de LEGISLA\u00c7\u00c3O DO MPU para a prova de ANALISTA e T\u00c9CNICO (em v\u00eddeo e em texto): OBS: qualquer d\u00favida nos procure [&hellip;]\" \/>\n<meta property=\"og:url\" content=\"https:\/\/www.estrategiaconcursos.com.br\/blog\/mpu-gabarito-extraoficial-de-legislacao-do-mpu\/\" \/>\n<meta property=\"og:site_name\" content=\"Estrat\u00e9gia Concursos\" \/>\n<meta property=\"article:published_time\" content=\"2018-10-21T20:48:13+00:00\" \/>\n<meta property=\"article:modified_time\" content=\"2018-10-22T00:59:10+00:00\" \/>\n<meta name=\"author\" content=\"Tiago Zanolla\" \/>\n<meta name=\"twitter:card\" content=\"summary_large_image\" \/>\n<meta name=\"twitter:creator\" content=\"@EstratConcursos\" \/>\n<meta name=\"twitter:site\" content=\"@EstratConcursos\" \/>\n<meta name=\"twitter:label1\" content=\"Escrito por\" \/>\n\t<meta name=\"twitter:data1\" content=\"Tiago Zanolla\" \/>\n\t<meta name=\"twitter:label2\" content=\"Est. tempo de leitura\" \/>\n\t<meta name=\"twitter:data2\" content=\"14 minutos\" \/>\n<script type=\"application\/ld+json\" class=\"yoast-schema-graph\">{\"@context\":\"https:\/\/schema.org\",\"@graph\":[{\"@type\":\"NewsArticle\",\"@id\":\"https:\/\/www.estrategiaconcursos.com.br\/blog\/mpu-gabarito-extraoficial-de-legislacao-do-mpu\/#article\",\"isPartOf\":{\"@id\":\"https:\/\/www.estrategiaconcursos.com.br\/blog\/mpu-gabarito-extraoficial-de-legislacao-do-mpu\/\"},\"author\":{\"name\":\"Tiago Zanolla\",\"@id\":\"https:\/\/www.estrategiaconcursos.com.br\/blog\/#\/schema\/person\/1509739fd92a40c9b52116de04a90310\"},\"headline\":\"MPU: Gabarito extraoficial de Legisla\u00e7\u00e3o do MPU (t\u00e9cnico e analista)\",\"datePublished\":\"2018-10-21T20:48:13+00:00\",\"dateModified\":\"2018-10-22T00:59:10+00:00\",\"mainEntityOfPage\":{\"@id\":\"https:\/\/www.estrategiaconcursos.com.br\/blog\/mpu-gabarito-extraoficial-de-legislacao-do-mpu\/\"},\"wordCount\":2732,\"commentCount\":19,\"publisher\":{\"@id\":\"https:\/\/www.estrategiaconcursos.com.br\/blog\/#organization\"},\"articleSection\":[\"Concursos P\u00fablicos\"],\"inLanguage\":\"pt-BR\",\"potentialAction\":[{\"@type\":\"CommentAction\",\"name\":\"Comment\",\"target\":[\"https:\/\/www.estrategiaconcursos.com.br\/blog\/mpu-gabarito-extraoficial-de-legislacao-do-mpu\/#respond\"]}],\"copyrightYear\":\"2018\",\"copyrightHolder\":{\"@id\":\"https:\/\/www.estrategiaconcursos.com.br\/blog\/#organization\"}},{\"@type\":\"WebPage\",\"@id\":\"https:\/\/www.estrategiaconcursos.com.br\/blog\/mpu-gabarito-extraoficial-de-legislacao-do-mpu\/\",\"url\":\"https:\/\/www.estrategiaconcursos.com.br\/blog\/mpu-gabarito-extraoficial-de-legislacao-do-mpu\/\",\"name\":\"MPU: Gabarito extraoficial de Legisla\u00e7\u00e3o do MPU (t\u00e9cnico e analista)\",\"isPartOf\":{\"@id\":\"https:\/\/www.estrategiaconcursos.com.br\/blog\/#website\"},\"datePublished\":\"2018-10-21T20:48:13+00:00\",\"dateModified\":\"2018-10-22T00:59:10+00:00\",\"breadcrumb\":{\"@id\":\"https:\/\/www.estrategiaconcursos.com.br\/blog\/mpu-gabarito-extraoficial-de-legislacao-do-mpu\/#breadcrumb\"},\"inLanguage\":\"pt-BR\",\"potentialAction\":[{\"@type\":\"ReadAction\",\"target\":[\"https:\/\/www.estrategiaconcursos.com.br\/blog\/mpu-gabarito-extraoficial-de-legislacao-do-mpu\/\"]}]},{\"@type\":\"BreadcrumbList\",\"@id\":\"https:\/\/www.estrategiaconcursos.com.br\/blog\/mpu-gabarito-extraoficial-de-legislacao-do-mpu\/#breadcrumb\",\"itemListElement\":[{\"@type\":\"ListItem\",\"position\":1,\"name\":\"In\u00edcio\",\"item\":\"https:\/\/www.estrategiaconcursos.com.br\/blog\/\"},{\"@type\":\"ListItem\",\"position\":2,\"name\":\"MPU: Gabarito extraoficial de Legisla\u00e7\u00e3o do MPU (t\u00e9cnico e analista)\"}]},{\"@type\":\"WebSite\",\"@id\":\"https:\/\/www.estrategiaconcursos.com.br\/blog\/#website\",\"url\":\"https:\/\/www.estrategiaconcursos.com.br\/blog\/\",\"name\":\"Estrat\u00e9gia Concursos\",\"description\":\"O blog da Estrat\u00e9gia Concursos traz not\u00edcias sobre concursos e artigos de professores oferecendo cursos para concursos (pdf + videaulas) no site.\",\"publisher\":{\"@id\":\"https:\/\/www.estrategiaconcursos.com.br\/blog\/#organization\"},\"potentialAction\":[{\"@type\":\"SearchAction\",\"target\":{\"@type\":\"EntryPoint\",\"urlTemplate\":\"https:\/\/www.estrategiaconcursos.com.br\/blog\/?s={search_term_string}\"},\"query-input\":{\"@type\":\"PropertyValueSpecification\",\"valueRequired\":true,\"valueName\":\"search_term_string\"}}],\"inLanguage\":\"pt-BR\"},{\"@type\":\"Organization\",\"@id\":\"https:\/\/www.estrategiaconcursos.com.br\/blog\/#organization\",\"name\":\"Estrat\u00e9gia Concursos\",\"url\":\"https:\/\/www.estrategiaconcursos.com.br\/blog\/\",\"logo\":{\"@type\":\"ImageObject\",\"inLanguage\":\"pt-BR\",\"@id\":\"https:\/\/www.estrategiaconcursos.com.br\/blog\/#\/schema\/logo\/image\/\",\"url\":\"https:\/\/dhg1h5j42swfq.cloudfront.net\/2025\/06\/03203428\/logo_concursos-1.jpg\",\"contentUrl\":\"https:\/\/dhg1h5j42swfq.cloudfront.net\/2025\/06\/03203428\/logo_concursos-1.jpg\",\"width\":230,\"height\":60,\"caption\":\"Estrat\u00e9gia Concursos\"},\"image\":{\"@id\":\"https:\/\/www.estrategiaconcursos.com.br\/blog\/#\/schema\/logo\/image\/\"},\"sameAs\":[\"https:\/\/x.com\/EstratConcursos\"]},{\"@type\":\"Person\",\"@id\":\"https:\/\/www.estrategiaconcursos.com.br\/blog\/#\/schema\/person\/1509739fd92a40c9b52116de04a90310\",\"name\":\"Tiago Zanolla\",\"image\":{\"@type\":\"ImageObject\",\"inLanguage\":\"pt-BR\",\"@id\":\"https:\/\/secure.gravatar.com\/avatar\/e647cb200c21008603a1760df42f3f713d32dd977761568b5689c47f0b1747ee?s=96&d=mm&r=g\",\"url\":\"https:\/\/secure.gravatar.com\/avatar\/e647cb200c21008603a1760df42f3f713d32dd977761568b5689c47f0b1747ee?s=96&d=mm&r=g\",\"contentUrl\":\"https:\/\/secure.gravatar.com\/avatar\/e647cb200c21008603a1760df42f3f713d32dd977761568b5689c47f0b1747ee?s=96&d=mm&r=g\",\"caption\":\"Tiago Zanolla\"},\"url\":\"https:\/\/www.estrategiaconcursos.com.br\/blog\/author\/zanolla-estrategiagmail-com\/\"}]}<\/script>\n<!-- \/ Yoast SEO Premium plugin. -->","yoast_head_json":{"title":"MPU: Gabarito extraoficial de Legisla\u00e7\u00e3o do MPU (t\u00e9cnico e analista)","robots":{"index":"index","follow":"follow","max-snippet":"max-snippet:-1","max-image-preview":"max-image-preview:large","max-video-preview":"max-video-preview:-1"},"canonical":"https:\/\/www.estrategiaconcursos.com.br\/blog\/mpu-gabarito-extraoficial-de-legislacao-do-mpu\/","og_locale":"pt_BR","og_type":"article","og_title":"MPU: Gabarito extraoficial de Legisla\u00e7\u00e3o do MPU (t\u00e9cnico e analista)","og_description":"Oi, pessoal! PARTICIPEM DO NOSSO RANKING MPU e tenham uma ideia de como voc\u00eas est\u00e3o em rela\u00e7\u00e3o aos concorrentes! Basta preencher no link abaixo: RANKING MPU &nbsp; Abaixo voc\u00ea encontra a resolu\u00e7\u00e3o das quest\u00f5es de LEGISLA\u00c7\u00c3O DO MPU para a prova de ANALISTA e T\u00c9CNICO (em v\u00eddeo e em texto): OBS: qualquer d\u00favida nos procure [&hellip;]","og_url":"https:\/\/www.estrategiaconcursos.com.br\/blog\/mpu-gabarito-extraoficial-de-legislacao-do-mpu\/","og_site_name":"Estrat\u00e9gia Concursos","article_published_time":"2018-10-21T20:48:13+00:00","article_modified_time":"2018-10-22T00:59:10+00:00","author":"Tiago Zanolla","twitter_card":"summary_large_image","twitter_creator":"@EstratConcursos","twitter_site":"@EstratConcursos","twitter_misc":{"Escrito por":"Tiago Zanolla","Est. tempo de leitura":"14 minutos"},"schema":{"@context":"https:\/\/schema.org","@graph":[{"@type":"NewsArticle","@id":"https:\/\/www.estrategiaconcursos.com.br\/blog\/mpu-gabarito-extraoficial-de-legislacao-do-mpu\/#article","isPartOf":{"@id":"https:\/\/www.estrategiaconcursos.com.br\/blog\/mpu-gabarito-extraoficial-de-legislacao-do-mpu\/"},"author":{"name":"Tiago Zanolla","@id":"https:\/\/www.estrategiaconcursos.com.br\/blog\/#\/schema\/person\/1509739fd92a40c9b52116de04a90310"},"headline":"MPU: Gabarito extraoficial de Legisla\u00e7\u00e3o do MPU (t\u00e9cnico e analista)","datePublished":"2018-10-21T20:48:13+00:00","dateModified":"2018-10-22T00:59:10+00:00","mainEntityOfPage":{"@id":"https:\/\/www.estrategiaconcursos.com.br\/blog\/mpu-gabarito-extraoficial-de-legislacao-do-mpu\/"},"wordCount":2732,"commentCount":19,"publisher":{"@id":"https:\/\/www.estrategiaconcursos.com.br\/blog\/#organization"},"articleSection":["Concursos P\u00fablicos"],"inLanguage":"pt-BR","potentialAction":[{"@type":"CommentAction","name":"Comment","target":["https:\/\/www.estrategiaconcursos.com.br\/blog\/mpu-gabarito-extraoficial-de-legislacao-do-mpu\/#respond"]}],"copyrightYear":"2018","copyrightHolder":{"@id":"https:\/\/www.estrategiaconcursos.com.br\/blog\/#organization"}},{"@type":"WebPage","@id":"https:\/\/www.estrategiaconcursos.com.br\/blog\/mpu-gabarito-extraoficial-de-legislacao-do-mpu\/","url":"https:\/\/www.estrategiaconcursos.com.br\/blog\/mpu-gabarito-extraoficial-de-legislacao-do-mpu\/","name":"MPU: Gabarito extraoficial de Legisla\u00e7\u00e3o do MPU (t\u00e9cnico e analista)","isPartOf":{"@id":"https:\/\/www.estrategiaconcursos.com.br\/blog\/#website"},"datePublished":"2018-10-21T20:48:13+00:00","dateModified":"2018-10-22T00:59:10+00:00","breadcrumb":{"@id":"https:\/\/www.estrategiaconcursos.com.br\/blog\/mpu-gabarito-extraoficial-de-legislacao-do-mpu\/#breadcrumb"},"inLanguage":"pt-BR","potentialAction":[{"@type":"ReadAction","target":["https:\/\/www.estrategiaconcursos.com.br\/blog\/mpu-gabarito-extraoficial-de-legislacao-do-mpu\/"]}]},{"@type":"BreadcrumbList","@id":"https:\/\/www.estrategiaconcursos.com.br\/blog\/mpu-gabarito-extraoficial-de-legislacao-do-mpu\/#breadcrumb","itemListElement":[{"@type":"ListItem","position":1,"name":"In\u00edcio","item":"https:\/\/www.estrategiaconcursos.com.br\/blog\/"},{"@type":"ListItem","position":2,"name":"MPU: Gabarito extraoficial de Legisla\u00e7\u00e3o do MPU (t\u00e9cnico e analista)"}]},{"@type":"WebSite","@id":"https:\/\/www.estrategiaconcursos.com.br\/blog\/#website","url":"https:\/\/www.estrategiaconcursos.com.br\/blog\/","name":"Estrat\u00e9gia Concursos","description":"O blog da Estrat\u00e9gia Concursos traz not\u00edcias sobre concursos e artigos de professores oferecendo cursos para concursos (pdf + videaulas) no site.","publisher":{"@id":"https:\/\/www.estrategiaconcursos.com.br\/blog\/#organization"},"potentialAction":[{"@type":"SearchAction","target":{"@type":"EntryPoint","urlTemplate":"https:\/\/www.estrategiaconcursos.com.br\/blog\/?s={search_term_string}"},"query-input":{"@type":"PropertyValueSpecification","valueRequired":true,"valueName":"search_term_string"}}],"inLanguage":"pt-BR"},{"@type":"Organization","@id":"https:\/\/www.estrategiaconcursos.com.br\/blog\/#organization","name":"Estrat\u00e9gia Concursos","url":"https:\/\/www.estrategiaconcursos.com.br\/blog\/","logo":{"@type":"ImageObject","inLanguage":"pt-BR","@id":"https:\/\/www.estrategiaconcursos.com.br\/blog\/#\/schema\/logo\/image\/","url":"https:\/\/dhg1h5j42swfq.cloudfront.net\/2025\/06\/03203428\/logo_concursos-1.jpg","contentUrl":"https:\/\/dhg1h5j42swfq.cloudfront.net\/2025\/06\/03203428\/logo_concursos-1.jpg","width":230,"height":60,"caption":"Estrat\u00e9gia Concursos"},"image":{"@id":"https:\/\/www.estrategiaconcursos.com.br\/blog\/#\/schema\/logo\/image\/"},"sameAs":["https:\/\/x.com\/EstratConcursos"]},{"@type":"Person","@id":"https:\/\/www.estrategiaconcursos.com.br\/blog\/#\/schema\/person\/1509739fd92a40c9b52116de04a90310","name":"Tiago Zanolla","image":{"@type":"ImageObject","inLanguage":"pt-BR","@id":"https:\/\/secure.gravatar.com\/avatar\/e647cb200c21008603a1760df42f3f713d32dd977761568b5689c47f0b1747ee?s=96&d=mm&r=g","url":"https:\/\/secure.gravatar.com\/avatar\/e647cb200c21008603a1760df42f3f713d32dd977761568b5689c47f0b1747ee?s=96&d=mm&r=g","contentUrl":"https:\/\/secure.gravatar.com\/avatar\/e647cb200c21008603a1760df42f3f713d32dd977761568b5689c47f0b1747ee?s=96&d=mm&r=g","caption":"Tiago Zanolla"},"url":"https:\/\/www.estrategiaconcursos.com.br\/blog\/author\/zanolla-estrategiagmail-com\/"}]}},"_links":{"self":[{"href":"https:\/\/www.estrategiaconcursos.com.br\/blog\/wp-json\/wp\/v2\/posts\/147868","targetHints":{"allow":["GET"]}}],"collection":[{"href":"https:\/\/www.estrategiaconcursos.com.br\/blog\/wp-json\/wp\/v2\/posts"}],"about":[{"href":"https:\/\/www.estrategiaconcursos.com.br\/blog\/wp-json\/wp\/v2\/types\/post"}],"author":[{"embeddable":true,"href":"https:\/\/www.estrategiaconcursos.com.br\/blog\/wp-json\/wp\/v2\/users\/388"}],"replies":[{"embeddable":true,"href":"https:\/\/www.estrategiaconcursos.com.br\/blog\/wp-json\/wp\/v2\/comments?post=147868"}],"version-history":[{"count":19,"href":"https:\/\/www.estrategiaconcursos.com.br\/blog\/wp-json\/wp\/v2\/posts\/147868\/revisions"}],"predecessor-version":[{"id":147975,"href":"https:\/\/www.estrategiaconcursos.com.br\/blog\/wp-json\/wp\/v2\/posts\/147868\/revisions\/147975"}],"wp:attachment":[{"href":"https:\/\/www.estrategiaconcursos.com.br\/blog\/wp-json\/wp\/v2\/media?parent=147868"}],"wp:term":[{"taxonomy":"category","embeddable":true,"href":"https:\/\/www.estrategiaconcursos.com.br\/blog\/wp-json\/wp\/v2\/categories?post=147868"},{"taxonomy":"post_tag","embeddable":true,"href":"https:\/\/www.estrategiaconcursos.com.br\/blog\/wp-json\/wp\/v2\/tags?post=147868"},{"taxonomy":"tax_estado","embeddable":true,"href":"https:\/\/www.estrategiaconcursos.com.br\/blog\/wp-json\/wp\/v2\/tax_estado?post=147868"}],"curies":[{"name":"wp","href":"https:\/\/api.w.org\/{rel}","templated":true}]}}